{"id":338582,"date":"2025-12-03T16:00:56","date_gmt":"2025-12-03T12:00:56","guid":{"rendered":"https:\/\/www.meydan.tv\/?p=338582"},"modified":"2025-12-03T16:00:59","modified_gmt":"2025-12-03T12:00:59","slug":"wise-xidm%c9%99ti-avropa-v%c9%99t%c9%99ndasligi-v%c9%99-ya-yasayis-icaz%c9%99si-olmayan-rusiya-v%c9%99-belarus-v%c9%99t%c9%99ndaslarinin-kartlarini-bloklayib","status":"publish","type":"post","link":"https:\/\/www.meydan.tv\/az\/article\/wise-xidm%c9%99ti-avropa-v%c9%99t%c9%99ndasligi-v%c9%99-ya-yasayis-icaz%c9%99si-olmayan-rusiya-v%c9%99-belarus-v%c9%99t%c9%99ndaslarinin-kartlarini-bloklayib\/","title":{"rendered":"&#8220;Wise&#8221; xidm\u0259ti Avropa v\u0259t\u0259nda\u015fl\u0131\u011f\u0131 v\u0259 ya ya\u015fay\u0131\u015f icaz\u0259si olmayan Rusiya v\u0259 Belarus v\u0259t\u0259nda\u015flar\u0131n\u0131n kartlar\u0131n\u0131 bloklay\u0131b"},"content":{"rendered":"\n<p>&#8220;Wise&#8221; \u0130nternet \u00f6d\u0259ni\u015f xidm\u0259ti Avropa \u0130ttifaq\u0131 \u00f6lk\u0259l\u0259rinin, h\u0259m\u00e7inin Norve\u00e7, \u0130slandiya, Lixten\u015fteyn v\u0259 ya \u0130sve\u00e7r\u0259nin v\u0259t\u0259nda\u015fl\u0131\u011f\u0131na v\u0259 ya ya\u015fay\u0131\u015f icaz\u0259sin\u0259 malik olmayan Rusiya v\u0259 Belarus v\u0259t\u0259nda\u015flar\u0131n\u0131n kartlar\u0131n\u0131 bloklay\u0131b. Bununla bel\u0259, ruslar v\u0259 belaruslar xidm\u0259tin dig\u0259r funksiyalar\u0131ndan istifad\u0259 etm\u0259y\u0259 davam ed\u0259 bil\u0259c\u0259kl\u0259r.<\/p>\n\n\n\n<p>Yeni m\u0259hdudiyy\u0259tl\u0259r Rusiyan\u0131n Ukraynaya qar\u015f\u0131 davam ed\u0259n geni\u015fmiqyasl\u0131 m\u00fcharib\u0259si il\u0259 \u0259laq\u0259dar olaraq A\u0130-nin 19-cu sanksiya paketi \u00e7\u0259r\u00e7iv\u0259sind\u0259 <a href=\"https:\/\/novayagazeta.ee\/articles\/2025\/12\/02\/servis-wise-zablokiroval-karty-grazhdan-rossii-i-belarusi-bez-grazhdanstva-ili-vnzh-evropeiskikh-stran-news\" target=\"_blank\" rel=\"noreferrer noopener nofollow\">t\u0259tbiq olunub<\/a>.<\/p>\n\n\n\n<p>Kart\u0131n blokdan \u00e7\u0131xar\u0131lmas\u0131 \u00fc\u00e7\u00fcn 30 yanvarad\u0259k m\u00fc\u015ft\u0259ril\u0259r Avropa \u0130qtisadi Zonas\u0131 \u00f6lk\u0259l\u0259rind\u0259n birinin v\u0259t\u0259nda\u015fl\u0131\u011f\u0131n\u0131 v\u0259 ya m\u00fcv\u0259qq\u0259ti v\u0259 ya daimi ya\u015fay\u0131\u015f icaz\u0259sini t\u0259sdiq etm\u0259lidirl\u0259r. Yoxlama tamamlanana q\u0259d\u0259r Rusiya v\u0259 ya Belarus v\u0259t\u0259nda\u015flar\u0131 kartlar\u0131ndan al\u0131\u015f-veri\u015f etm\u0259k, bankomatdan na\u011fd pul \u00e7\u0131xarmaq v\u0259 kart rekvizitl\u0259ri vasit\u0259sil\u0259 m\u00fcnt\u0259z\u0259m abun\u0259 \u00f6d\u0259ni\u015fl\u0259ri h\u0259yata ke\u00e7irm\u0259k \u00fc\u00e7\u00fcn istifad\u0259 ed\u0259 bilm\u0259y\u0259c\u0259kl\u0259r.<\/p>\n\n\n\n<p>T\u0259l\u0259b olunan Avropa v\u0259t\u0259nda\u015fl\u0131\u011f\u0131 v\u0259 ya ya\u015fay\u0131\u015f icaz\u0259si olmayan m\u00fc\u015ft\u0259ril\u0259r art\u0131q &#8220;Wise&#8221; xidm\u0259tinin r\u0259q\u0259msal v\u0259 fiziki kartlar\u0131ndan istifad\u0259 ed\u0259 bilm\u0259y\u0259c\u0259kl\u0259r, lakin yen\u0259 d\u0259 dig\u0259r funksiyalara \u2014 pul g\u00f6nd\u0259rm\u0259k, saxlamaq, q\u0259bul etm\u0259k v\u0259 konvertasiya etm\u0259k imkanlar\u0131na malik olacaqlar.<\/p>\n","protected":false},"excerpt":{"rendered":"<p>&#8220;Wise&#8221; \u0130nternet \u00f6d\u0259ni\u015f xidm\u0259ti Avropa \u0130ttifaq\u0131 \u00f6lk\u0259l\u0259rinin, h\u0259m\u00e7inin Norve\u00e7, \u0130slandiya, &#8230; <\/p>\n<p class=\"read-more-container\"><a title=\"&#8220;Wise&#8221; xidm\u0259ti Avropa v\u0259t\u0259nda\u015fl\u0131\u011f\u0131 v\u0259 ya ya\u015fay\u0131\u015f icaz\u0259si olmayan Rusiya v\u0259 Belarus v\u0259t\u0259nda\u015flar\u0131n\u0131n kartlar\u0131n\u0131 bloklay\u0131b\" class=\"read-more button\" href=\"https:\/\/www.meydan.tv\/az\/article\/wise-xidm%c9%99ti-avropa-v%c9%99t%c9%99ndasligi-v%c9%99-ya-yasayis-icaz%c9%99si-olmayan-rusiya-v%c9%99-belarus-v%c9%99t%c9%99ndaslarinin-kartlarini-bloklayib\/#more-338582\" aria-label=\"Read more about &#8220;Wise&#8221; xidm\u0259ti Avropa v\u0259t\u0259nda\u015fl\u0131\u011f\u0131 v\u0259 ya ya\u015fay\u0131\u015f icaz\u0259si olmayan Rusiya v\u0259 Belarus v\u0259t\u0259nda\u015flar\u0131n\u0131n kartlar\u0131n\u0131 bloklay\u0131b\">Davam\u0131<\/a><\/p>\n","protected":false},"author":16,"featured_media":338580,"comment_status":"closed","ping_status":"closed","sticky":false,"template":"","format":"standard","meta":{"_acf_changed":false,"_sitemap_exclude":false,"_sitemap_priority":"","_sitemap_frequency":"","footnotes":""},"categories":[64,56],"tags":[],"class_list":["post-338582","post","type-post","status-publish","format-standard","has-post-thumbnail","hentry","category-dunya","category-xeberler","infinite-scroll-item","generate-columns","tablet-grid-50","mobile-grid-100","grid-parent","grid-33","no-featured-image-padding"],"acf":[],"yoast_head":"<!-- This site is optimized with the Yoast SEO plugin v27.4 - https:\/\/yoast.com\/product\/yoast-seo-wordpress\/ -->\n<title>&quot;Wise&quot; xidm\u0259ti Avropa v\u0259t\u0259nda\u015fl\u0131\u011f\u0131 v\u0259 ya ya\u015fay\u0131\u015f icaz\u0259si olmayan Rusiya v\u0259 Belarus v\u0259t\u0259nda\u015flar\u0131n\u0131n kartlar\u0131n\u0131 bloklay\u0131b - MEYDAN.TV<\/title>\n<meta name=\"robots\" content=\"index, follow, max-snippet:-1, max-image-preview:large, max-video-preview:-1\" \/>\n<link rel=\"canonical\" href=\"https:\/\/www.meydan.tv\/az\/article\/wise-xidm%c9%99ti-avropa-v%c9%99t%c9%99ndasligi-v%c9%99-ya-yasayis-icaz%c9%99si-olmayan-rusiya-v%c9%99-belarus-v%c9%99t%c9%99ndaslarinin-kartlarini-bloklayib\/\" \/>\n<meta property=\"og:locale\" content=\"az_AZ\" \/>\n<meta property=\"og:type\" content=\"article\" \/>\n<meta property=\"og:title\" content=\"&quot;Wise&quot; xidm\u0259ti Avropa v\u0259t\u0259nda\u015fl\u0131\u011f\u0131 v\u0259 ya ya\u015fay\u0131\u015f icaz\u0259si olmayan Rusiya v\u0259 Belarus v\u0259t\u0259nda\u015flar\u0131n\u0131n kartlar\u0131n\u0131 bloklay\u0131b - MEYDAN.TV\" \/>\n<meta property=\"og:description\" content=\"&#8220;Wise&#8221; \u0130nternet \u00f6d\u0259ni\u015f xidm\u0259ti Avropa \u0130ttifaq\u0131 \u00f6lk\u0259l\u0259rinin, h\u0259m\u00e7inin Norve\u00e7, \u0130slandiya, ... Davam\u0131\" \/>\n<meta property=\"og:url\" content=\"https:\/\/www.meydan.tv\/az\/article\/wise-xidm%c9%99ti-avropa-v%c9%99t%c9%99ndasligi-v%c9%99-ya-yasayis-icaz%c9%99si-olmayan-rusiya-v%c9%99-belarus-v%c9%99t%c9%99ndaslarinin-kartlarini-bloklayib\/\" \/>\n<meta property=\"og:site_name\" content=\"MEYDAN.TV\" \/>\n<meta property=\"article:published_time\" content=\"2025-12-03T12:00:56+00:00\" \/>\n<meta property=\"article:modified_time\" content=\"2025-12-03T12:00:59+00:00\" \/>\n<meta property=\"og:image\" content=\"https:\/\/www.meydan.tv\/wp-content\/uploads\/shutterstock_2591132135.jpg\" \/>\n\t<meta property=\"og:image:width\" content=\"1000\" \/>\n\t<meta property=\"og:image:height\" content=\"667\" \/>\n\t<meta property=\"og:image:type\" content=\"image\/jpeg\" \/>\n<meta name=\"author\" content=\"sevda\" \/>\n<meta name=\"twitter:card\" content=\"summary_large_image\" \/>\n<script type=\"application\/ld+json\" class=\"yoast-schema-graph\">{\"@context\":\"https:\\\/\\\/schema.org\",\"@graph\":[{\"@type\":\"Article\",\"@id\":\"https:\\\/\\\/www.meydan.tv\\\/az\\\/article\\\/wise-xidm%c9%99ti-avropa-v%c9%99t%c9%99ndasligi-v%c9%99-ya-yasayis-icaz%c9%99si-olmayan-rusiya-v%c9%99-belarus-v%c9%99t%c9%99ndaslarinin-kartlarini-bloklayib\\\/#article\",\"isPartOf\":{\"@id\":\"https:\\\/\\\/www.meydan.tv\\\/az\\\/article\\\/wise-xidm%c9%99ti-avropa-v%c9%99t%c9%99ndasligi-v%c9%99-ya-yasayis-icaz%c9%99si-olmayan-rusiya-v%c9%99-belarus-v%c9%99t%c9%99ndaslarinin-kartlarini-bloklayib\\\/\"},\"author\":{\"name\":\"sevda\",\"@id\":\"https:\\\/\\\/www.meydan.tv\\\/az\\\/#\\\/schema\\\/person\\\/49b5f2bad5b126bb8ea9320eeb3e4dc9\"},\"headline\":\"&#8220;Wise&#8221; xidm\u0259ti Avropa v\u0259t\u0259nda\u015fl\u0131\u011f\u0131 v\u0259 ya ya\u015fay\u0131\u015f icaz\u0259si olmayan Rusiya v\u0259 Belarus v\u0259t\u0259nda\u015flar\u0131n\u0131n kartlar\u0131n\u0131 bloklay\u0131b\",\"datePublished\":\"2025-12-03T12:00:56+00:00\",\"dateModified\":\"2025-12-03T12:00:59+00:00\",\"mainEntityOfPage\":{\"@id\":\"https:\\\/\\\/www.meydan.tv\\\/az\\\/article\\\/wise-xidm%c9%99ti-avropa-v%c9%99t%c9%99ndasligi-v%c9%99-ya-yasayis-icaz%c9%99si-olmayan-rusiya-v%c9%99-belarus-v%c9%99t%c9%99ndaslarinin-kartlarini-bloklayib\\\/\"},\"wordCount\":287,\"publisher\":{\"@id\":\"https:\\\/\\\/www.meydan.tv\\\/az\\\/#organization\"},\"image\":{\"@id\":\"https:\\\/\\\/www.meydan.tv\\\/az\\\/article\\\/wise-xidm%c9%99ti-avropa-v%c9%99t%c9%99ndasligi-v%c9%99-ya-yasayis-icaz%c9%99si-olmayan-rusiya-v%c9%99-belarus-v%c9%99t%c9%99ndaslarinin-kartlarini-bloklayib\\\/#primaryimage\"},\"thumbnailUrl\":\"https:\\\/\\\/www.meydan.tv\\\/wp-content\\\/uploads\\\/shutterstock_2591132135.jpg\",\"articleSection\":[\"D\u00fcnya\",\"X\u0259b\u0259rl\u0259r\"],\"inLanguage\":\"az\"},{\"@type\":\"WebPage\",\"@id\":\"https:\\\/\\\/www.meydan.tv\\\/az\\\/article\\\/wise-xidm%c9%99ti-avropa-v%c9%99t%c9%99ndasligi-v%c9%99-ya-yasayis-icaz%c9%99si-olmayan-rusiya-v%c9%99-belarus-v%c9%99t%c9%99ndaslarinin-kartlarini-bloklayib\\\/\",\"url\":\"https:\\\/\\\/www.meydan.tv\\\/az\\\/article\\\/wise-xidm%c9%99ti-avropa-v%c9%99t%c9%99ndasligi-v%c9%99-ya-yasayis-icaz%c9%99si-olmayan-rusiya-v%c9%99-belarus-v%c9%99t%c9%99ndaslarinin-kartlarini-bloklayib\\\/\",\"name\":\"\\\"Wise\\\" xidm\u0259ti Avropa v\u0259t\u0259nda\u015fl\u0131\u011f\u0131 v\u0259 ya ya\u015fay\u0131\u015f icaz\u0259si olmayan Rusiya v\u0259 Belarus v\u0259t\u0259nda\u015flar\u0131n\u0131n kartlar\u0131n\u0131 bloklay\u0131b - MEYDAN.TV\",\"isPartOf\":{\"@id\":\"https:\\\/\\\/www.meydan.tv\\\/az\\\/#website\"},\"primaryImageOfPage\":{\"@id\":\"https:\\\/\\\/www.meydan.tv\\\/az\\\/article\\\/wise-xidm%c9%99ti-avropa-v%c9%99t%c9%99ndasligi-v%c9%99-ya-yasayis-icaz%c9%99si-olmayan-rusiya-v%c9%99-belarus-v%c9%99t%c9%99ndaslarinin-kartlarini-bloklayib\\\/#primaryimage\"},\"image\":{\"@id\":\"https:\\\/\\\/www.meydan.tv\\\/az\\\/article\\\/wise-xidm%c9%99ti-avropa-v%c9%99t%c9%99ndasligi-v%c9%99-ya-yasayis-icaz%c9%99si-olmayan-rusiya-v%c9%99-belarus-v%c9%99t%c9%99ndaslarinin-kartlarini-bloklayib\\\/#primaryimage\"},\"thumbnailUrl\":\"https:\\\/\\\/www.meydan.tv\\\/wp-content\\\/uploads\\\/shutterstock_2591132135.jpg\",\"datePublished\":\"2025-12-03T12:00:56+00:00\",\"dateModified\":\"2025-12-03T12:00:59+00:00\",\"breadcrumb\":{\"@id\":\"https:\\\/\\\/www.meydan.tv\\\/az\\\/article\\\/wise-xidm%c9%99ti-avropa-v%c9%99t%c9%99ndasligi-v%c9%99-ya-yasayis-icaz%c9%99si-olmayan-rusiya-v%c9%99-belarus-v%c9%99t%c9%99ndaslarinin-kartlarini-bloklayib\\\/#breadcrumb\"},\"inLanguage\":\"az\",\"potentialAction\":[{\"@type\":\"ReadAction\",\"target\":[\"https:\\\/\\\/www.meydan.tv\\\/az\\\/article\\\/wise-xidm%c9%99ti-avropa-v%c9%99t%c9%99ndasligi-v%c9%99-ya-yasayis-icaz%c9%99si-olmayan-rusiya-v%c9%99-belarus-v%c9%99t%c9%99ndaslarinin-kartlarini-bloklayib\\\/\"]}]},{\"@type\":\"ImageObject\",\"inLanguage\":\"az\",\"@id\":\"https:\\\/\\\/www.meydan.tv\\\/az\\\/article\\\/wise-xidm%c9%99ti-avropa-v%c9%99t%c9%99ndasligi-v%c9%99-ya-yasayis-icaz%c9%99si-olmayan-rusiya-v%c9%99-belarus-v%c9%99t%c9%99ndaslarinin-kartlarini-bloklayib\\\/#primaryimage\",\"url\":\"https:\\\/\\\/www.meydan.tv\\\/wp-content\\\/uploads\\\/shutterstock_2591132135.jpg\",\"contentUrl\":\"https:\\\/\\\/www.meydan.tv\\\/wp-content\\\/uploads\\\/shutterstock_2591132135.jpg\",\"width\":1000,\"height\":667,\"caption\":\"\u0424\u043e\u0442\u043e:\"},{\"@type\":\"BreadcrumbList\",\"@id\":\"https:\\\/\\\/www.meydan.tv\\\/az\\\/article\\\/wise-xidm%c9%99ti-avropa-v%c9%99t%c9%99ndasligi-v%c9%99-ya-yasayis-icaz%c9%99si-olmayan-rusiya-v%c9%99-belarus-v%c9%99t%c9%99ndaslarinin-kartlarini-bloklayib\\\/#breadcrumb\",\"itemListElement\":[{\"@type\":\"ListItem\",\"position\":1,\"name\":\"Ana s\u0259hif\u0259\",\"item\":\"https:\\\/\\\/www.meydan.tv\\\/az\\\/\"},{\"@type\":\"ListItem\",\"position\":2,\"name\":\"X\u0259b\u0259rl\u0259r\",\"item\":\"https:\\\/\\\/www.meydan.tv\\\/az\\\/section\\\/xeberler\\\/\"},{\"@type\":\"ListItem\",\"position\":3,\"name\":\"&#8220;Wise&#8221; xidm\u0259ti Avropa v\u0259t\u0259nda\u015fl\u0131\u011f\u0131 v\u0259 ya ya\u015fay\u0131\u015f icaz\u0259si olmayan Rusiya v\u0259 Belarus v\u0259t\u0259nda\u015flar\u0131n\u0131n kartlar\u0131n\u0131 bloklay\u0131b\"}]},{\"@type\":\"WebSite\",\"@id\":\"https:\\\/\\\/www.meydan.tv\\\/az\\\/#website\",\"url\":\"https:\\\/\\\/www.meydan.tv\\\/az\\\/\",\"name\":\"MEYDAN.TV\",\"description\":\"Meydan TV Az\u0259rbaycan\u0131n media m\u0259kan\u0131ndak\u0131 alternativ s\u0259sidir\",\"publisher\":{\"@id\":\"https:\\\/\\\/www.meydan.tv\\\/az\\\/#organization\"},\"potentialAction\":[{\"@type\":\"SearchAction\",\"target\":{\"@type\":\"EntryPoint\",\"urlTemplate\":\"https:\\\/\\\/www.meydan.tv\\\/az\\\/?s={search_term_string}\"},\"query-input\":{\"@type\":\"PropertyValueSpecification\",\"valueRequired\":true,\"valueName\":\"search_term_string\"}}],\"inLanguage\":\"az\"},{\"@type\":\"Organization\",\"@id\":\"https:\\\/\\\/www.meydan.tv\\\/az\\\/#organization\",\"name\":\"Meydan TV\",\"url\":\"https:\\\/\\\/www.meydan.tv\\\/az\\\/\",\"logo\":{\"@type\":\"ImageObject\",\"inLanguage\":\"az\",\"@id\":\"https:\\\/\\\/www.meydan.tv\\\/az\\\/#\\\/schema\\\/logo\\\/image\\\/\",\"url\":\"https:\\\/\\\/www.meydan.tv\\\/wp-content\\\/uploads\\\/2021\\\/07\\\/meydan-logo.svg\",\"contentUrl\":\"https:\\\/\\\/www.meydan.tv\\\/wp-content\\\/uploads\\\/2021\\\/07\\\/meydan-logo.svg\",\"width\":195,\"height\":46,\"caption\":\"Meydan TV\"},\"image\":{\"@id\":\"https:\\\/\\\/www.meydan.tv\\\/az\\\/#\\\/schema\\\/logo\\\/image\\\/\"}},{\"@type\":\"Person\",\"@id\":\"https:\\\/\\\/www.meydan.tv\\\/az\\\/#\\\/schema\\\/person\\\/49b5f2bad5b126bb8ea9320eeb3e4dc9\",\"name\":\"sevda\"}]}<\/script>\n<!-- \/ Yoast SEO plugin. -->","yoast_head_json":{"title":"\"Wise\" xidm\u0259ti Avropa v\u0259t\u0259nda\u015fl\u0131\u011f\u0131 v\u0259 ya ya\u015fay\u0131\u015f icaz\u0259si olmayan Rusiya v\u0259 Belarus v\u0259t\u0259nda\u015flar\u0131n\u0131n kartlar\u0131n\u0131 bloklay\u0131b - MEYDAN.TV","robots":{"index":"index","follow":"follow","max-snippet":"max-snippet:-1","max-image-preview":"max-image-preview:large","max-video-preview":"max-video-preview:-1"},"canonical":"https:\/\/www.meydan.tv\/az\/article\/wise-xidm%c9%99ti-avropa-v%c9%99t%c9%99ndasligi-v%c9%99-ya-yasayis-icaz%c9%99si-olmayan-rusiya-v%c9%99-belarus-v%c9%99t%c9%99ndaslarinin-kartlarini-bloklayib\/","og_locale":"az_AZ","og_type":"article","og_title":"\"Wise\" xidm\u0259ti Avropa v\u0259t\u0259nda\u015fl\u0131\u011f\u0131 v\u0259 ya ya\u015fay\u0131\u015f icaz\u0259si olmayan Rusiya v\u0259 Belarus v\u0259t\u0259nda\u015flar\u0131n\u0131n kartlar\u0131n\u0131 bloklay\u0131b - MEYDAN.TV","og_description":"&#8220;Wise&#8221; \u0130nternet \u00f6d\u0259ni\u015f xidm\u0259ti Avropa \u0130ttifaq\u0131 \u00f6lk\u0259l\u0259rinin, h\u0259m\u00e7inin Norve\u00e7, \u0130slandiya, ... Davam\u0131","og_url":"https:\/\/www.meydan.tv\/az\/article\/wise-xidm%c9%99ti-avropa-v%c9%99t%c9%99ndasligi-v%c9%99-ya-yasayis-icaz%c9%99si-olmayan-rusiya-v%c9%99-belarus-v%c9%99t%c9%99ndaslarinin-kartlarini-bloklayib\/","og_site_name":"MEYDAN.TV","article_published_time":"2025-12-03T12:00:56+00:00","article_modified_time":"2025-12-03T12:00:59+00:00","og_image":[{"width":1000,"height":667,"url":"https:\/\/www.meydan.tv\/wp-content\/uploads\/shutterstock_2591132135.jpg","type":"image\/jpeg"}],"author":"sevda","twitter_card":"summary_large_image","schema":{"@context":"https:\/\/schema.org","@graph":[{"@type":"Article","@id":"https:\/\/www.meydan.tv\/az\/article\/wise-xidm%c9%99ti-avropa-v%c9%99t%c9%99ndasligi-v%c9%99-ya-yasayis-icaz%c9%99si-olmayan-rusiya-v%c9%99-belarus-v%c9%99t%c9%99ndaslarinin-kartlarini-bloklayib\/#article","isPartOf":{"@id":"https:\/\/www.meydan.tv\/az\/article\/wise-xidm%c9%99ti-avropa-v%c9%99t%c9%99ndasligi-v%c9%99-ya-yasayis-icaz%c9%99si-olmayan-rusiya-v%c9%99-belarus-v%c9%99t%c9%99ndaslarinin-kartlarini-bloklayib\/"},"author":{"name":"sevda","@id":"https:\/\/www.meydan.tv\/az\/#\/schema\/person\/49b5f2bad5b126bb8ea9320eeb3e4dc9"},"headline":"&#8220;Wise&#8221; xidm\u0259ti Avropa v\u0259t\u0259nda\u015fl\u0131\u011f\u0131 v\u0259 ya ya\u015fay\u0131\u015f icaz\u0259si olmayan Rusiya v\u0259 Belarus v\u0259t\u0259nda\u015flar\u0131n\u0131n kartlar\u0131n\u0131 bloklay\u0131b","datePublished":"2025-12-03T12:00:56+00:00","dateModified":"2025-12-03T12:00:59+00:00","mainEntityOfPage":{"@id":"https:\/\/www.meydan.tv\/az\/article\/wise-xidm%c9%99ti-avropa-v%c9%99t%c9%99ndasligi-v%c9%99-ya-yasayis-icaz%c9%99si-olmayan-rusiya-v%c9%99-belarus-v%c9%99t%c9%99ndaslarinin-kartlarini-bloklayib\/"},"wordCount":287,"publisher":{"@id":"https:\/\/www.meydan.tv\/az\/#organization"},"image":{"@id":"https:\/\/www.meydan.tv\/az\/article\/wise-xidm%c9%99ti-avropa-v%c9%99t%c9%99ndasligi-v%c9%99-ya-yasayis-icaz%c9%99si-olmayan-rusiya-v%c9%99-belarus-v%c9%99t%c9%99ndaslarinin-kartlarini-bloklayib\/#primaryimage"},"thumbnailUrl":"https:\/\/www.meydan.tv\/wp-content\/uploads\/shutterstock_2591132135.jpg","articleSection":["D\u00fcnya","X\u0259b\u0259rl\u0259r"],"inLanguage":"az"},{"@type":"WebPage","@id":"https:\/\/www.meydan.tv\/az\/article\/wise-xidm%c9%99ti-avropa-v%c9%99t%c9%99ndasligi-v%c9%99-ya-yasayis-icaz%c9%99si-olmayan-rusiya-v%c9%99-belarus-v%c9%99t%c9%99ndaslarinin-kartlarini-bloklayib\/","url":"https:\/\/www.meydan.tv\/az\/article\/wise-xidm%c9%99ti-avropa-v%c9%99t%c9%99ndasligi-v%c9%99-ya-yasayis-icaz%c9%99si-olmayan-rusiya-v%c9%99-belarus-v%c9%99t%c9%99ndaslarinin-kartlarini-bloklayib\/","name":"\"Wise\" xidm\u0259ti Avropa v\u0259t\u0259nda\u015fl\u0131\u011f\u0131 v\u0259 ya ya\u015fay\u0131\u015f icaz\u0259si olmayan Rusiya v\u0259 Belarus v\u0259t\u0259nda\u015flar\u0131n\u0131n kartlar\u0131n\u0131 bloklay\u0131b - MEYDAN.TV","isPartOf":{"@id":"https:\/\/www.meydan.tv\/az\/#website"},"primaryImageOfPage":{"@id":"https:\/\/www.meydan.tv\/az\/article\/wise-xidm%c9%99ti-avropa-v%c9%99t%c9%99ndasligi-v%c9%99-ya-yasayis-icaz%c9%99si-olmayan-rusiya-v%c9%99-belarus-v%c9%99t%c9%99ndaslarinin-kartlarini-bloklayib\/#primaryimage"},"image":{"@id":"https:\/\/www.meydan.tv\/az\/article\/wise-xidm%c9%99ti-avropa-v%c9%99t%c9%99ndasligi-v%c9%99-ya-yasayis-icaz%c9%99si-olmayan-rusiya-v%c9%99-belarus-v%c9%99t%c9%99ndaslarinin-kartlarini-bloklayib\/#primaryimage"},"thumbnailUrl":"https:\/\/www.meydan.tv\/wp-content\/uploads\/shutterstock_2591132135.jpg","datePublished":"2025-12-03T12:00:56+00:00","dateModified":"2025-12-03T12:00:59+00:00","breadcrumb":{"@id":"https:\/\/www.meydan.tv\/az\/article\/wise-xidm%c9%99ti-avropa-v%c9%99t%c9%99ndasligi-v%c9%99-ya-yasayis-icaz%c9%99si-olmayan-rusiya-v%c9%99-belarus-v%c9%99t%c9%99ndaslarinin-kartlarini-bloklayib\/#breadcrumb"},"inLanguage":"az","potentialAction":[{"@type":"ReadAction","target":["https:\/\/www.meydan.tv\/az\/article\/wise-xidm%c9%99ti-avropa-v%c9%99t%c9%99ndasligi-v%c9%99-ya-yasayis-icaz%c9%99si-olmayan-rusiya-v%c9%99-belarus-v%c9%99t%c9%99ndaslarinin-kartlarini-bloklayib\/"]}]},{"@type":"ImageObject","inLanguage":"az","@id":"https:\/\/www.meydan.tv\/az\/article\/wise-xidm%c9%99ti-avropa-v%c9%99t%c9%99ndasligi-v%c9%99-ya-yasayis-icaz%c9%99si-olmayan-rusiya-v%c9%99-belarus-v%c9%99t%c9%99ndaslarinin-kartlarini-bloklayib\/#primaryimage","url":"https:\/\/www.meydan.tv\/wp-content\/uploads\/shutterstock_2591132135.jpg","contentUrl":"https:\/\/www.meydan.tv\/wp-content\/uploads\/shutterstock_2591132135.jpg","width":1000,"height":667,"caption":"\u0424\u043e\u0442\u043e:"},{"@type":"BreadcrumbList","@id":"https:\/\/www.meydan.tv\/az\/article\/wise-xidm%c9%99ti-avropa-v%c9%99t%c9%99ndasligi-v%c9%99-ya-yasayis-icaz%c9%99si-olmayan-rusiya-v%c9%99-belarus-v%c9%99t%c9%99ndaslarinin-kartlarini-bloklayib\/#breadcrumb","itemListElement":[{"@type":"ListItem","position":1,"name":"Ana s\u0259hif\u0259","item":"https:\/\/www.meydan.tv\/az\/"},{"@type":"ListItem","position":2,"name":"X\u0259b\u0259rl\u0259r","item":"https:\/\/www.meydan.tv\/az\/section\/xeberler\/"},{"@type":"ListItem","position":3,"name":"&#8220;Wise&#8221; xidm\u0259ti Avropa v\u0259t\u0259nda\u015fl\u0131\u011f\u0131 v\u0259 ya ya\u015fay\u0131\u015f icaz\u0259si olmayan Rusiya v\u0259 Belarus v\u0259t\u0259nda\u015flar\u0131n\u0131n kartlar\u0131n\u0131 bloklay\u0131b"}]},{"@type":"WebSite","@id":"https:\/\/www.meydan.tv\/az\/#website","url":"https:\/\/www.meydan.tv\/az\/","name":"MEYDAN.TV","description":"Meydan TV Az\u0259rbaycan\u0131n media m\u0259kan\u0131ndak\u0131 alternativ s\u0259sidir","publisher":{"@id":"https:\/\/www.meydan.tv\/az\/#organization"},"potentialAction":[{"@type":"SearchAction","target":{"@type":"EntryPoint","urlTemplate":"https:\/\/www.meydan.tv\/az\/?s={search_term_string}"},"query-input":{"@type":"PropertyValueSpecification","valueRequired":true,"valueName":"search_term_string"}}],"inLanguage":"az"},{"@type":"Organization","@id":"https:\/\/www.meydan.tv\/az\/#organization","name":"Meydan TV","url":"https:\/\/www.meydan.tv\/az\/","logo":{"@type":"ImageObject","inLanguage":"az","@id":"https:\/\/www.meydan.tv\/az\/#\/schema\/logo\/image\/","url":"https:\/\/www.meydan.tv\/wp-content\/uploads\/2021\/07\/meydan-logo.svg","contentUrl":"https:\/\/www.meydan.tv\/wp-content\/uploads\/2021\/07\/meydan-logo.svg","width":195,"height":46,"caption":"Meydan TV"},"image":{"@id":"https:\/\/www.meydan.tv\/az\/#\/schema\/logo\/image\/"}},{"@type":"Person","@id":"https:\/\/www.meydan.tv\/az\/#\/schema\/person\/49b5f2bad5b126bb8ea9320eeb3e4dc9","name":"sevda"}]}},"_links":{"self":[{"href":"https:\/\/www.meydan.tv\/az\/wp-json\/wp\/v2\/posts\/338582","targetHints":{"allow":["GET"]}}],"collection":[{"href":"https:\/\/www.meydan.tv\/az\/wp-json\/wp\/v2\/posts"}],"about":[{"href":"https:\/\/www.meydan.tv\/az\/wp-json\/wp\/v2\/types\/post"}],"author":[{"embeddable":true,"href":"https:\/\/www.meydan.tv\/az\/wp-json\/wp\/v2\/users\/16"}],"replies":[{"embeddable":true,"href":"https:\/\/www.meydan.tv\/az\/wp-json\/wp\/v2\/comments?post=338582"}],"version-history":[{"count":2,"href":"https:\/\/www.meydan.tv\/az\/wp-json\/wp\/v2\/posts\/338582\/revisions"}],"predecessor-version":[{"id":338586,"href":"https:\/\/www.meydan.tv\/az\/wp-json\/wp\/v2\/posts\/338582\/revisions\/338586"}],"wp:featuredmedia":[{"embeddable":true,"href":"https:\/\/www.meydan.tv\/az\/wp-json\/wp\/v2\/media\/338580"}],"wp:attachment":[{"href":"https:\/\/www.meydan.tv\/az\/wp-json\/wp\/v2\/media?parent=338582"}],"wp:term":[{"taxonomy":"category","embeddable":true,"href":"https:\/\/www.meydan.tv\/az\/wp-json\/wp\/v2\/categories?post=338582"},{"taxonomy":"post_tag","embeddable":true,"href":"https:\/\/www.meydan.tv\/az\/wp-json\/wp\/v2\/tags?post=338582"}],"curies":[{"name":"wp","href":"https:\/\/api.w.org\/{rel}","templated":true}]}}