{"id":338473,"date":"2025-12-02T13:42:54","date_gmt":"2025-12-02T09:42:54","guid":{"rendered":"https:\/\/www.meydan.tv\/?p=338473"},"modified":"2025-12-02T17:05:38","modified_gmt":"2025-12-02T13:05:38","slug":"eli-k%c9%99rimlinin-h%c9%99bsi-il%c9%99-bagli-beyn%c9%99lxalq-reaksiyalar-avtoritarizm-mohk%c9%99ml%c9%99nir","status":"publish","type":"post","link":"https:\/\/www.meydan.tv\/az\/article\/eli-k%c9%99rimlinin-h%c9%99bsi-il%c9%99-bagli-beyn%c9%99lxalq-reaksiyalar-avtoritarizm-mohk%c9%99ml%c9%99nir\/","title":{"rendered":"\u018fli K\u0259rimlinin h\u0259bsi il\u0259 ba\u011fl\u0131 beyn\u0259lxalq reaksiyalar: \u201cAvtoritarizm m\u00f6hk\u0259ml\u0259nir\u201d"},"content":{"rendered":"\n<p>Az\u0259rbaycan Xalq C\u0259bh\u0259si Partiyas\u0131n\u0131n (AXCP) &nbsp;s\u0259dri \u018fli K\u0259rimlinin h\u0259bsin\u0259 beyn\u0259lxalq t\u0259\u015fkilatlar v\u0259 qurumlardan t\u0259nqidi reaksiyalar g\u0259lir. &nbsp;H\u0259bsl\u0259 ba\u011fl\u0131 beyn\u0259lxalq t\u0259\u015fkilatlardan g\u0259l\u0259n reaksiyalar Bak\u0131n\u0131n add\u0131mlar\u0131n\u0131n ciddi narahatl\u0131q yaratd\u0131\u011f\u0131n\u0131 g\u00f6st\u0259rir.<\/p>\n\n\n\n<h4 class=\"wp-block-heading\"><strong>\u201cBu add\u0131mla \u018fliyev Avropa \u015euras\u0131n\u0131n qap\u0131s\u0131n\u0131 \u00fcz\u00fcn\u0259 ba\u011flay\u0131r\u201d<\/strong><\/h4>\n\n\n\n<p>Avropa \u015euras\u0131 Parlament Assambleyas\u0131n\u0131n (A\u015ePA) Almaniyadan olan \u00fczv\u00fc Frank \u015evabe AXCP s\u0259dri \u018fli K\u0259rimlinin h\u0259bsi il\u0259 ba\u011fl\u0131 a\u00e7\u0131qlama verib. O, Azadl\u0131qRadiosuna <a href=\"https:\/\/www.azadliq.org\/a\/eli-kerimlinin-hebsine-beynelxalq-reaksiyalar\/33610148.html\" target=\"_blank\" rel=\"noreferrer noopener nofollow\">bildirib<\/a> ki, K\u0259rimlinin h\u0259bs edilm\u0259si Az\u0259rbaycan\u0131n Avropa d\u0259y\u0259rl\u0259rind\u0259n daha da uzaqla\u015fd\u0131\u011f\u0131n\u0131 g\u00f6st\u0259rir:<\/p>\n\n\n<div class=\"wp-block-image\">\n<figure class=\"alignleft size-large is-resized\"><img decoding=\"async\" width=\"1200\" height=\"521\" data-src=\"https:\/\/www.meydan.tv\/wp-content\/uploads\/screenshot-2024-01-29-at-13.21.02-1200x521.png\" alt=\"Frank \u015evabe, foto: Bundestaq\" class=\"wp-image-296495 lazyload\" style=\"--smush-placeholder-width: 1200px; --smush-placeholder-aspect-ratio: 1200\/521;width:343px;height:auto\" src=\"data:image\/svg+xml;base64,PHN2ZyB3aWR0aD0iMSIgaGVpZ2h0PSIxIiB4bWxucz0iaHR0cDovL3d3dy53My5vcmcvMjAwMC9zdmciPjwvc3ZnPg==\" \/><figcaption class=\"wp-element-caption\">Frank \u015evabe. Foto: Bundestaq<\/figcaption><\/figure>\n<\/div>\n\n\n<p><\/p>\n\n\n\n<p><em>&#8220;\u018fli K\u0259rimlinin h\u0259bsi Az\u0259rbaycan rejiminin Avropa d\u0259y\u0259rl\u0259rind\u0259n daha da uzaqla\u015fd\u0131\u011f\u0131n\u0131 g\u00f6st\u0259rir. Bununla eyni zamanda Avropa \u015euras\u0131nda b\u0259rab\u0259r \u00fczvl\u00fcy\u00fcn\u00fcn b\u0259rpas\u0131 s\u0259yl\u0259rin\u0259 \u00f6z\u00fc z\u0259rb\u0259 vurur. \u018fliyev \u00f6z \u00fcz\u00fcn\u0259 Avropa \u015euras\u0131n\u0131n qap\u0131s\u0131n\u0131 ba\u011flay\u0131r&#8221;.<\/em><\/p>\n\n\n\n<p><\/p>\n\n\n\n<pre class=\"wp-block-preformatted\">Az\u0259rbaycan\u0131n A\u015ePA-dak\u0131 s\u0259sverm\u0259 h\u00fcququ 2024-c\u00fc ild\u0259n dondurulub. Buna r\u0259smi Bak\u0131n\u0131n insan h\u00fcquqlar\u0131 il\u0259 ba\u011fl\u0131 \u00f6hd\u0259likl\u0259ri yerin\u0259 yetirm\u0259m\u0259si s\u0259b\u0259b olaraq g\u00f6st\u0259rilib. Cavab olaraq Az\u0259rbaycan qurumla \u0259m\u0259kda\u015fl\u0131\u011f\u0131 dayand\u0131rd\u0131\u011f\u0131n\u0131 a\u00e7\u0131qlam\u0131\u015f, daha sonra h\u0259min q\u0259rara s\u0259s ver\u0259n deputatlar\u0131 \u201cqara siyah\u0131\u201dya salm\u0131\u015fd\u0131. R\u0259smi \u015f\u0259xsl\u0259r deyirl\u0259r ki, n\u00fcmay\u0259nd\u0259 hey\u0259tinin mandat\u0131 b\u0259rpa olunarsa, \u0259m\u0259kda\u015fl\u0131\u011fa qay\u0131tmaq m\u00fcmk\u00fcnd\u00fcr.<\/pre>\n\n\n\n<h4 class=\"wp-block-heading\"><strong>\u201cAz\u0259rbaycan beyn\u0259lxalq \u00f6hd\u0259likl\u0259rin\u0259 \u0259m\u0259l etm\u0259lidir\u201d<\/strong><\/h4>\n\n\n\n<p>Avropa \u0130ttifaq\u0131 da \u018fli K\u0259rimlinin h\u0259bsi il\u0259 ba\u011fl\u0131 a\u00e7\u0131qlama yay\u0131b. A\u0130-nin Xarici \u0130\u015fl\u0259r v\u0259 T\u0259hl\u00fck\u0259sizlik Siyas\u0259ti \u00fczr\u0259 s\u00f6z\u00e7\u00fcs\u00fc Anitta Hipper bildirib ki, qurum bu m\u0259s\u0259l\u0259 il\u0259 ba\u011fl\u0131 Az\u0259rbaycan t\u0259r\u0259fi il\u0259 t\u0259mas quracaq:<\/p>\n\n\n\n<p><em>&#8220;Biz Az\u0259rbaycan\u0131n Avropa \u0130nsan H\u00fcquqlar\u0131 Konvensiyas\u0131 da daxil olmaqla, m\u00fcvafiq beyn\u0259lxalq \u00f6hd\u0259likl\u0259rin\u0259 \u0259m\u0259l etm\u0259sini g\u00f6zl\u0259yirik. T\u0259qsirl\u0259ndiril\u0259n \u015f\u0259xsl\u0259r\u0259 m\u00fcst\u0259qil h\u00fcquqi yard\u0131m v\u0259 adekvat s\u0259hiyy\u0259 xidm\u0259ti g\u00f6st\u0259rilm\u0259lidir&#8221;.<\/em><\/p>\n\n\n\n<p>A\u0130 ba\u015f ver\u0259nl\u0259ri diqq\u0259tl\u0259 izl\u0259y\u0259c\u0259yini vur\u011fulay\u0131b.<\/p>\n\n\n\n<h4 class=\"wp-block-heading\"><strong>\u201cS\u00fckut Bak\u0131ya daha \u00e7ox repressiya \u00fc\u00e7\u00fcn siqnal verir\u201d<\/strong><\/h4>\n\n\n\n<p>Avropadak\u0131 \u201cT\u0259r\u0259qqi v\u0259 D\u0259yi\u015fiklik T\u0259r\u0259fda\u015fl\u0131\u011f\u0131\u201d t\u0259\u015fkilat\u0131n\u0131n r\u0259hb\u0259ri, \u201cAz\u0259rbaycanda Repressiyalara Son\u201d kampaniyas\u0131n\u0131n koordinatoru Florian \u0130rminqer bildirir ki, beyn\u0259lxalq ictimaiyy\u0259tin passivliyi repressiyalar\u0131n geni\u015fl\u0259nm\u0259sin\u0259 \u015f\u0259rait yarad\u0131r:<\/p>\n\n\n\n<p><em>\u201c10 ildir davam ed\u0259n repressiyan\u0131n bir ayd\u0131n m\u0259qs\u0259di var: v\u0259t\u0259nda\u015f c\u0259miyy\u0259ti m\u0259kan\u0131n\u0131 ba\u011flamaq, median\u0131 tamamil\u0259 n\u0259zar\u0259td\u0259 saxlamaq, siyasi v\u0259 ya elmi dair\u0259l\u0259rd\u0259ki t\u0259nqid\u00e7il\u0259ri susdurmaq. Avropa \u0130ttifaq\u0131 v\u0259 Avropa \u015euras\u0131 bu eskalasiya il\u0259 ba\u011fl\u0131 t\u0259dbir g\u00f6rm\u0259lidir, lakin h\u0259l\u0259 ki ba\u015f ver\u0259nl\u0259ri s\u00fckut v\u0259 h\u0259r\u0259k\u0259tsizlikl\u0259 qar\u015f\u0131lay\u0131r. Beyn\u0259lxalq ictimaiyy\u0259td\u0259 y\u00fcks\u0259k s\u0259viyy\u0259d\u0259 siyasi s\u00fckut Bak\u0131da repressiyalar\u0131 d\u0259rinl\u0259\u015fdirm\u0259k \u00fc\u00e7\u00fcn ya\u015f\u0131l i\u015f\u0131q kimi q\u0259bul edilir \u2014 bu, son 10 ild\u0259 \u00f6yr\u0259ndiyimiz \u0259sas d\u0259rsdir&#8221;.<\/em><\/p>\n\n\n\n<p>Onun s\u00f6zl\u0259rin\u0259 g\u00f6r\u0259, yax\u0131n g\u00fcnl\u0259rd\u0259 t\u0259\u015fkilat A\u0130-nin Az\u0259rbaycanla m\u00fcnasib\u0259tl\u0259rind\u0259 \u201cenerji v\u0259 geosiyasi maraqlar\u0131n \u00f6n\u0259 \u00e7\u0259kildiyini\u201d g\u00f6st\u0259r\u0259n yeni hesabat yayacaq.<\/p>\n\n\n\n<h4 class=\"wp-block-heading\"><strong>\u201cH\u0259bsl\u0259r naraz\u0131l\u0131\u011f\u0131 bo\u011fmaq \u00fc\u00e7\u00fcn istifad\u0259 olunur\u201d<\/strong><\/h4>\n\n\n\n<p>\u201cHuman Rights Watch\u201dun Avropa v\u0259 Orta Asiya \u00fczr\u0259 direktor m\u00fcavini Giorgi Qogiya is\u0259 bildirib ki, son h\u0259bsl\u0259r Az\u0259rbaycanda uzun ill\u0259rdir davam ed\u0259n siyasi t\u0259qibl\u0259rin davam\u0131 kimi g\u00f6r\u00fcn\u00fcr:<\/p>\n\n\n\n<p><em>&#8220;Bu add\u0131mlar h\u00f6kum\u0259tin \u0259sas m\u00fclki v\u0259 siyasi h\u00fcquqlara h\u00f6rm\u0259tin\u0259 ciddi \u015f\u00fcbh\u0259l\u0259r yarad\u0131r. Daha geni\u015f motivl\u0259r\u0259 n\u0259z\u0259r salsaq, h\u0259bsl\u0259r dal\u011fas\u0131 naraz\u0131l\u0131\u011f\u0131 aradan qald\u0131rmaq, hakimiyy\u0259td\u0259kil\u0259ri n\u0259zar\u0259td\u0259n qoruma\u011fa hesablan\u0131b&#8221;.<\/em><\/p>\n\n\n\n<p>Qogiya x\u00fcsusi olaraq \u018fli K\u0259rimlinin d\u0259rhal h\u0259bs-q\u0259timkan t\u0259dbiri il\u0259 tutulmas\u0131n\u0131 hakimiyy\u0259tin \u201ct\u0259\u015fkilatlanm\u0131\u015f siyasi m\u00fcxalif\u0259ti bo\u011fmaqda q\u0259tiyy\u0259tli\u201d oldu\u011funun g\u00f6st\u0259ricisi kimi qiym\u0259tl\u0259ndirir:<\/p>\n\n\n\n<p><em>&#8220;Xalq C\u0259bh\u0259si Partiyas\u0131 v\u0259 \u00fczvl\u0259ri uzun ill\u0259rdir siyasi motivli t\u0259qibl\u0259rin h\u0259d\u0259find\u0259dir, 20-d\u0259k \u00fczv\u00fc art\u0131q h\u0259bsd\u0259dir. K\u0259rimlinin h\u0259bsi bir daha Az\u0259rbaycanda t\u0259\u015fkilatlanm\u0131\u015f siyasi m\u00fcxalif\u0259t\u0259 t\u0259zyiql\u0259rin sistemli xarakterini \u00fcz\u0259 \u00e7\u0131xar\u0131r<\/em>&#8220;. <\/p>\n\n\n\n<h4 class=\"wp-block-heading\">&#8220;Bu h\u0259bs Az\u0259rbaycanda avtoritar idar\u0259\u00e7iliyin daha da g\u00fccl\u0259ndiyinin s\u00fcbutudur&#8221;<\/h4>\n\n\n\n<p>\u201cAmnesty International\u201d Beyn\u0259lxalq Insan Haqlar\u0131 T\u0259\u015fkilat\u0131 da AXCP s\u0259dri \u018fli K\u0259rimlinin h\u0259bsini pisl\u0259y\u0259n <a href=\"https:\/\/www.meydan.tv\/az\/article\/amnesty-international-eli-k%c9%99rimlinin-h%c9%99bsi-il%c9%99-bagli-b%c9%99yanat-yayib\/\" target=\"_blank\" rel=\"noreferrer noopener nofollow\">b\u0259yanat<\/a> yay\u0131b. Qurumun \u015e\u0259rqi Avropa v\u0259 M\u0259rk\u0259zi Asiya \u00fczr\u0259 direktor m\u00fcavini Denis Krivo\u015feyev bildirib ki, bu h\u0259bs Az\u0259rbaycanda avtoritar idar\u0259\u00e7iliyin daha da g\u00fccl\u0259ndiyinin s\u00fcbutudur. <\/p>\n\n\n\n<p><em>\u201cHakimiyy\u0259t siyasi m\u00fcxalif\u0259ti tamamil\u0259 \u0259zm\u0259kd\u0259 v\u0259 \u00f6lk\u0259d\u0259ki h\u0259r c\u00fcr naraz\u0131l\u0131\u011f\u0131 bo\u011fmaqda s\u0259rh\u0259d tan\u0131m\u0131r. M\u00fcxalif\u0259t liderini \u201chakimiyy\u0259ti \u0259l\u0259 ke\u00e7irm\u0259y\u0259 c\u0259hd\u201d ittiham\u0131 il\u0259 h\u0259bs etm\u0259k, Az\u0259rbaycan h\u00f6kum\u0259tinin n\u0259 q\u0259d\u0259r ir\u0259li getm\u0259y\u0259 haz\u0131r oldu\u011funa \u015f\u00fcbh\u0259 ed\u0259n h\u0259r k\u0259s\u0259 bir x\u0259b\u0259rdarl\u0131qd\u0131r\u201d.<\/em><\/p>\n\n\n\n<p>Dekabr\u0131n 1-d\u0259 Az\u0259rbaycan Xalq C\u0259bh\u0259si Partiyas\u0131n\u0131n (AXCP) s\u0259dri \u018fli K\u0259rimli v\u0259 R\u0259yas\u0259t Hey\u0259tinin \u00fczv\u00fc M\u0259mm\u0259d \u0130brahim bar\u0259sind\u0259 h\u0259bs q\u0259timkan t\u0259dbiri se\u00e7ilib.<\/p>\n\n\n\n<p>M\u00fcxalif\u0259t siyas\u0259t\u00e7il\u0259r noyabr\u0131n 29-da D\u00f6vl\u0259t T\u0259hl\u00fck\u0259sizliyi Xidm\u0259ti t\u0259r\u0259find\u0259n (DTX) t\u0259r\u0259find\u0259n saxlan\u0131l\u0131blar.<\/p>\n\n\n\n<p>\u018fli K\u0259rimli v\u0259 M\u0259mm\u0259d \u0130brahim\u0259 qar\u015f\u0131 hakimiyy\u0259ti zorla \u0259l\u0259 ke\u00e7irm\u0259y\u0259, d\u00f6vl\u0259tin konstitusiya qurulu\u015funu zorla d\u0259yi\u015fdirm\u0259y\u0259 y\u00f6n\u0259l\u0259n h\u0259r\u0259k\u0259tl\u0259r madd\u0259si il\u0259 ittiham ir\u0259li s\u00fcr\u00fcl\u00fcb.<\/p>\n\n\n\n<p>Bir \u00e7ox media orqanlar\u0131 son ba\u015f ver\u0259n hadis\u0259l\u0259rin Prezident Administrasiyas\u0131n\u0131n sabiq r\u0259hb\u0259ri Ramiz Mehdiyevin DTX-da istintaq olunan cinay\u0259t i\u015fi il\u0259 \u0259laq\u0259dar oldu\u011funu bildirirl\u0259r.&nbsp;<\/p>\n","protected":false},"excerpt":{"rendered":"<p>Az\u0259rbaycan Xalq C\u0259bh\u0259si Partiyas\u0131n\u0131n (AXCP) &nbsp;s\u0259dri \u018fli K\u0259rimlinin h\u0259bsin\u0259 beyn\u0259lxalq &#8230; <\/p>\n<p class=\"read-more-container\"><a title=\"\u018fli K\u0259rimlinin h\u0259bsi il\u0259 ba\u011fl\u0131 beyn\u0259lxalq reaksiyalar: \u201cAvtoritarizm m\u00f6hk\u0259ml\u0259nir\u201d\" class=\"read-more button\" href=\"https:\/\/www.meydan.tv\/az\/article\/eli-k%c9%99rimlinin-h%c9%99bsi-il%c9%99-bagli-beyn%c9%99lxalq-reaksiyalar-avtoritarizm-mohk%c9%99ml%c9%99nir\/#more-338473\" aria-label=\"Read more about \u018fli K\u0259rimlinin h\u0259bsi il\u0259 ba\u011fl\u0131 beyn\u0259lxalq reaksiyalar: \u201cAvtoritarizm m\u00f6hk\u0259ml\u0259nir\u201d\">Davam\u0131<\/a><\/p>\n","protected":false},"author":21,"featured_media":338488,"comment_status":"closed","ping_status":"closed","sticky":false,"template":"","format":"standard","meta":{"_acf_changed":false,"_sitemap_exclude":false,"_sitemap_priority":"","_sitemap_frequency":"","footnotes":""},"categories":[59,79,56],"tags":[],"class_list":["post-338473","post","type-post","status-publish","format-standard","has-post-thumbnail","hentry","category-siyaset","category-featured","category-xeberler","infinite-scroll-item","generate-columns","tablet-grid-50","mobile-grid-100","grid-parent","grid-33","no-featured-image-padding"],"acf":[],"yoast_head":"<!-- This site is optimized with the Yoast SEO plugin v27.4 - https:\/\/yoast.com\/product\/yoast-seo-wordpress\/ -->\n<title>\u018fli K\u0259rimlinin h\u0259bsi il\u0259 ba\u011fl\u0131 beyn\u0259lxalq reaksiyalar: \u201cAvtoritarizm m\u00f6hk\u0259ml\u0259nir\u201d - MEYDAN.TV<\/title>\n<meta name=\"robots\" content=\"index, follow, max-snippet:-1, max-image-preview:large, max-video-preview:-1\" \/>\n<link rel=\"canonical\" href=\"https:\/\/www.meydan.tv\/az\/article\/eli-k%c9%99rimlinin-h%c9%99bsi-il%c9%99-bagli-beyn%c9%99lxalq-reaksiyalar-avtoritarizm-mohk%c9%99ml%c9%99nir\/\" \/>\n<meta property=\"og:locale\" content=\"az_AZ\" \/>\n<meta property=\"og:type\" content=\"article\" \/>\n<meta property=\"og:title\" content=\"\u018fli K\u0259rimlinin h\u0259bsi il\u0259 ba\u011fl\u0131 beyn\u0259lxalq reaksiyalar: \u201cAvtoritarizm m\u00f6hk\u0259ml\u0259nir\u201d - MEYDAN.TV\" \/>\n<meta property=\"og:description\" content=\"Az\u0259rbaycan Xalq C\u0259bh\u0259si Partiyas\u0131n\u0131n (AXCP) &nbsp;s\u0259dri \u018fli K\u0259rimlinin h\u0259bsin\u0259 beyn\u0259lxalq ... Davam\u0131\" \/>\n<meta property=\"og:url\" content=\"https:\/\/www.meydan.tv\/az\/article\/eli-k%c9%99rimlinin-h%c9%99bsi-il%c9%99-bagli-beyn%c9%99lxalq-reaksiyalar-avtoritarizm-mohk%c9%99ml%c9%99nir\/\" \/>\n<meta property=\"og:site_name\" content=\"MEYDAN.TV\" \/>\n<meta property=\"article:published_time\" content=\"2025-12-02T09:42:54+00:00\" \/>\n<meta property=\"article:modified_time\" content=\"2025-12-02T13:05:38+00:00\" \/>\n<meta property=\"og:image\" content=\"https:\/\/www.meydan.tv\/wp-content\/uploads\/0980-6-1200x586.png\" \/>\n\t<meta property=\"og:image:width\" content=\"1200\" \/>\n\t<meta property=\"og:image:height\" content=\"586\" \/>\n\t<meta property=\"og:image:type\" content=\"image\/png\" \/>\n<meta name=\"author\" content=\"mahmud\" \/>\n<meta name=\"twitter:card\" content=\"summary_large_image\" \/>\n<script type=\"application\/ld+json\" class=\"yoast-schema-graph\">{\"@context\":\"https:\\\/\\\/schema.org\",\"@graph\":[{\"@type\":\"Article\",\"@id\":\"https:\\\/\\\/www.meydan.tv\\\/az\\\/article\\\/eli-k%c9%99rimlinin-h%c9%99bsi-il%c9%99-bagli-beyn%c9%99lxalq-reaksiyalar-avtoritarizm-mohk%c9%99ml%c9%99nir\\\/#article\",\"isPartOf\":{\"@id\":\"https:\\\/\\\/www.meydan.tv\\\/az\\\/article\\\/eli-k%c9%99rimlinin-h%c9%99bsi-il%c9%99-bagli-beyn%c9%99lxalq-reaksiyalar-avtoritarizm-mohk%c9%99ml%c9%99nir\\\/\"},\"author\":{\"name\":\"mahmud\",\"@id\":\"https:\\\/\\\/www.meydan.tv\\\/az\\\/#\\\/schema\\\/person\\\/09863e516102a829e72bedcf3f84c6b0\"},\"headline\":\"\u018fli K\u0259rimlinin h\u0259bsi il\u0259 ba\u011fl\u0131 beyn\u0259lxalq reaksiyalar: \u201cAvtoritarizm m\u00f6hk\u0259ml\u0259nir\u201d\",\"datePublished\":\"2025-12-02T09:42:54+00:00\",\"dateModified\":\"2025-12-02T13:05:38+00:00\",\"mainEntityOfPage\":{\"@id\":\"https:\\\/\\\/www.meydan.tv\\\/az\\\/article\\\/eli-k%c9%99rimlinin-h%c9%99bsi-il%c9%99-bagli-beyn%c9%99lxalq-reaksiyalar-avtoritarizm-mohk%c9%99ml%c9%99nir\\\/\"},\"wordCount\":1023,\"publisher\":{\"@id\":\"https:\\\/\\\/www.meydan.tv\\\/az\\\/#organization\"},\"image\":{\"@id\":\"https:\\\/\\\/www.meydan.tv\\\/az\\\/article\\\/eli-k%c9%99rimlinin-h%c9%99bsi-il%c9%99-bagli-beyn%c9%99lxalq-reaksiyalar-avtoritarizm-mohk%c9%99ml%c9%99nir\\\/#primaryimage\"},\"thumbnailUrl\":\"https:\\\/\\\/www.meydan.tv\\\/wp-content\\\/uploads\\\/0980-6.png\",\"articleSection\":[\"Siyas\u0259t\",\"T\u00f6vsiy\u0259\",\"X\u0259b\u0259rl\u0259r\"],\"inLanguage\":\"az\"},{\"@type\":\"WebPage\",\"@id\":\"https:\\\/\\\/www.meydan.tv\\\/az\\\/article\\\/eli-k%c9%99rimlinin-h%c9%99bsi-il%c9%99-bagli-beyn%c9%99lxalq-reaksiyalar-avtoritarizm-mohk%c9%99ml%c9%99nir\\\/\",\"url\":\"https:\\\/\\\/www.meydan.tv\\\/az\\\/article\\\/eli-k%c9%99rimlinin-h%c9%99bsi-il%c9%99-bagli-beyn%c9%99lxalq-reaksiyalar-avtoritarizm-mohk%c9%99ml%c9%99nir\\\/\",\"name\":\"\u018fli K\u0259rimlinin h\u0259bsi il\u0259 ba\u011fl\u0131 beyn\u0259lxalq reaksiyalar: \u201cAvtoritarizm m\u00f6hk\u0259ml\u0259nir\u201d - MEYDAN.TV\",\"isPartOf\":{\"@id\":\"https:\\\/\\\/www.meydan.tv\\\/az\\\/#website\"},\"primaryImageOfPage\":{\"@id\":\"https:\\\/\\\/www.meydan.tv\\\/az\\\/article\\\/eli-k%c9%99rimlinin-h%c9%99bsi-il%c9%99-bagli-beyn%c9%99lxalq-reaksiyalar-avtoritarizm-mohk%c9%99ml%c9%99nir\\\/#primaryimage\"},\"image\":{\"@id\":\"https:\\\/\\\/www.meydan.tv\\\/az\\\/article\\\/eli-k%c9%99rimlinin-h%c9%99bsi-il%c9%99-bagli-beyn%c9%99lxalq-reaksiyalar-avtoritarizm-mohk%c9%99ml%c9%99nir\\\/#primaryimage\"},\"thumbnailUrl\":\"https:\\\/\\\/www.meydan.tv\\\/wp-content\\\/uploads\\\/0980-6.png\",\"datePublished\":\"2025-12-02T09:42:54+00:00\",\"dateModified\":\"2025-12-02T13:05:38+00:00\",\"breadcrumb\":{\"@id\":\"https:\\\/\\\/www.meydan.tv\\\/az\\\/article\\\/eli-k%c9%99rimlinin-h%c9%99bsi-il%c9%99-bagli-beyn%c9%99lxalq-reaksiyalar-avtoritarizm-mohk%c9%99ml%c9%99nir\\\/#breadcrumb\"},\"inLanguage\":\"az\",\"potentialAction\":[{\"@type\":\"ReadAction\",\"target\":[\"https:\\\/\\\/www.meydan.tv\\\/az\\\/article\\\/eli-k%c9%99rimlinin-h%c9%99bsi-il%c9%99-bagli-beyn%c9%99lxalq-reaksiyalar-avtoritarizm-mohk%c9%99ml%c9%99nir\\\/\"]}]},{\"@type\":\"ImageObject\",\"inLanguage\":\"az\",\"@id\":\"https:\\\/\\\/www.meydan.tv\\\/az\\\/article\\\/eli-k%c9%99rimlinin-h%c9%99bsi-il%c9%99-bagli-beyn%c9%99lxalq-reaksiyalar-avtoritarizm-mohk%c9%99ml%c9%99nir\\\/#primaryimage\",\"url\":\"https:\\\/\\\/www.meydan.tv\\\/wp-content\\\/uploads\\\/0980-6.png\",\"contentUrl\":\"https:\\\/\\\/www.meydan.tv\\\/wp-content\\\/uploads\\\/0980-6.png\",\"width\":1920,\"height\":938,\"caption\":\"\u018fli K\u0259rimli - ShutterstockFoto and video creator\"},{\"@type\":\"BreadcrumbList\",\"@id\":\"https:\\\/\\\/www.meydan.tv\\\/az\\\/article\\\/eli-k%c9%99rimlinin-h%c9%99bsi-il%c9%99-bagli-beyn%c9%99lxalq-reaksiyalar-avtoritarizm-mohk%c9%99ml%c9%99nir\\\/#breadcrumb\",\"itemListElement\":[{\"@type\":\"ListItem\",\"position\":1,\"name\":\"Ana s\u0259hif\u0259\",\"item\":\"https:\\\/\\\/www.meydan.tv\\\/az\\\/\"},{\"@type\":\"ListItem\",\"position\":2,\"name\":\"Siyas\u0259t\",\"item\":\"https:\\\/\\\/www.meydan.tv\\\/az\\\/section\\\/siyaset\\\/\"},{\"@type\":\"ListItem\",\"position\":3,\"name\":\"\u018fli K\u0259rimlinin h\u0259bsi il\u0259 ba\u011fl\u0131 beyn\u0259lxalq reaksiyalar: \u201cAvtoritarizm m\u00f6hk\u0259ml\u0259nir\u201d\"}]},{\"@type\":\"WebSite\",\"@id\":\"https:\\\/\\\/www.meydan.tv\\\/az\\\/#website\",\"url\":\"https:\\\/\\\/www.meydan.tv\\\/az\\\/\",\"name\":\"MEYDAN.TV\",\"description\":\"Meydan TV Az\u0259rbaycan\u0131n media m\u0259kan\u0131ndak\u0131 alternativ s\u0259sidir\",\"publisher\":{\"@id\":\"https:\\\/\\\/www.meydan.tv\\\/az\\\/#organization\"},\"potentialAction\":[{\"@type\":\"SearchAction\",\"target\":{\"@type\":\"EntryPoint\",\"urlTemplate\":\"https:\\\/\\\/www.meydan.tv\\\/az\\\/?s={search_term_string}\"},\"query-input\":{\"@type\":\"PropertyValueSpecification\",\"valueRequired\":true,\"valueName\":\"search_term_string\"}}],\"inLanguage\":\"az\"},{\"@type\":\"Organization\",\"@id\":\"https:\\\/\\\/www.meydan.tv\\\/az\\\/#organization\",\"name\":\"Meydan TV\",\"url\":\"https:\\\/\\\/www.meydan.tv\\\/az\\\/\",\"logo\":{\"@type\":\"ImageObject\",\"inLanguage\":\"az\",\"@id\":\"https:\\\/\\\/www.meydan.tv\\\/az\\\/#\\\/schema\\\/logo\\\/image\\\/\",\"url\":\"https:\\\/\\\/www.meydan.tv\\\/wp-content\\\/uploads\\\/2021\\\/07\\\/meydan-logo.svg\",\"contentUrl\":\"https:\\\/\\\/www.meydan.tv\\\/wp-content\\\/uploads\\\/2021\\\/07\\\/meydan-logo.svg\",\"width\":195,\"height\":46,\"caption\":\"Meydan TV\"},\"image\":{\"@id\":\"https:\\\/\\\/www.meydan.tv\\\/az\\\/#\\\/schema\\\/logo\\\/image\\\/\"}},{\"@type\":\"Person\",\"@id\":\"https:\\\/\\\/www.meydan.tv\\\/az\\\/#\\\/schema\\\/person\\\/09863e516102a829e72bedcf3f84c6b0\",\"name\":\"mahmud\"}]}<\/script>\n<!-- \/ Yoast SEO plugin. -->","yoast_head_json":{"title":"\u018fli K\u0259rimlinin h\u0259bsi il\u0259 ba\u011fl\u0131 beyn\u0259lxalq reaksiyalar: \u201cAvtoritarizm m\u00f6hk\u0259ml\u0259nir\u201d - MEYDAN.TV","robots":{"index":"index","follow":"follow","max-snippet":"max-snippet:-1","max-image-preview":"max-image-preview:large","max-video-preview":"max-video-preview:-1"},"canonical":"https:\/\/www.meydan.tv\/az\/article\/eli-k%c9%99rimlinin-h%c9%99bsi-il%c9%99-bagli-beyn%c9%99lxalq-reaksiyalar-avtoritarizm-mohk%c9%99ml%c9%99nir\/","og_locale":"az_AZ","og_type":"article","og_title":"\u018fli K\u0259rimlinin h\u0259bsi il\u0259 ba\u011fl\u0131 beyn\u0259lxalq reaksiyalar: \u201cAvtoritarizm m\u00f6hk\u0259ml\u0259nir\u201d - MEYDAN.TV","og_description":"Az\u0259rbaycan Xalq C\u0259bh\u0259si Partiyas\u0131n\u0131n (AXCP) &nbsp;s\u0259dri \u018fli K\u0259rimlinin h\u0259bsin\u0259 beyn\u0259lxalq ... Davam\u0131","og_url":"https:\/\/www.meydan.tv\/az\/article\/eli-k%c9%99rimlinin-h%c9%99bsi-il%c9%99-bagli-beyn%c9%99lxalq-reaksiyalar-avtoritarizm-mohk%c9%99ml%c9%99nir\/","og_site_name":"MEYDAN.TV","article_published_time":"2025-12-02T09:42:54+00:00","article_modified_time":"2025-12-02T13:05:38+00:00","og_image":[{"width":1200,"height":586,"url":"https:\/\/www.meydan.tv\/wp-content\/uploads\/0980-6-1200x586.png","type":"image\/png"}],"author":"mahmud","twitter_card":"summary_large_image","schema":{"@context":"https:\/\/schema.org","@graph":[{"@type":"Article","@id":"https:\/\/www.meydan.tv\/az\/article\/eli-k%c9%99rimlinin-h%c9%99bsi-il%c9%99-bagli-beyn%c9%99lxalq-reaksiyalar-avtoritarizm-mohk%c9%99ml%c9%99nir\/#article","isPartOf":{"@id":"https:\/\/www.meydan.tv\/az\/article\/eli-k%c9%99rimlinin-h%c9%99bsi-il%c9%99-bagli-beyn%c9%99lxalq-reaksiyalar-avtoritarizm-mohk%c9%99ml%c9%99nir\/"},"author":{"name":"mahmud","@id":"https:\/\/www.meydan.tv\/az\/#\/schema\/person\/09863e516102a829e72bedcf3f84c6b0"},"headline":"\u018fli K\u0259rimlinin h\u0259bsi il\u0259 ba\u011fl\u0131 beyn\u0259lxalq reaksiyalar: \u201cAvtoritarizm m\u00f6hk\u0259ml\u0259nir\u201d","datePublished":"2025-12-02T09:42:54+00:00","dateModified":"2025-12-02T13:05:38+00:00","mainEntityOfPage":{"@id":"https:\/\/www.meydan.tv\/az\/article\/eli-k%c9%99rimlinin-h%c9%99bsi-il%c9%99-bagli-beyn%c9%99lxalq-reaksiyalar-avtoritarizm-mohk%c9%99ml%c9%99nir\/"},"wordCount":1023,"publisher":{"@id":"https:\/\/www.meydan.tv\/az\/#organization"},"image":{"@id":"https:\/\/www.meydan.tv\/az\/article\/eli-k%c9%99rimlinin-h%c9%99bsi-il%c9%99-bagli-beyn%c9%99lxalq-reaksiyalar-avtoritarizm-mohk%c9%99ml%c9%99nir\/#primaryimage"},"thumbnailUrl":"https:\/\/www.meydan.tv\/wp-content\/uploads\/0980-6.png","articleSection":["Siyas\u0259t","T\u00f6vsiy\u0259","X\u0259b\u0259rl\u0259r"],"inLanguage":"az"},{"@type":"WebPage","@id":"https:\/\/www.meydan.tv\/az\/article\/eli-k%c9%99rimlinin-h%c9%99bsi-il%c9%99-bagli-beyn%c9%99lxalq-reaksiyalar-avtoritarizm-mohk%c9%99ml%c9%99nir\/","url":"https:\/\/www.meydan.tv\/az\/article\/eli-k%c9%99rimlinin-h%c9%99bsi-il%c9%99-bagli-beyn%c9%99lxalq-reaksiyalar-avtoritarizm-mohk%c9%99ml%c9%99nir\/","name":"\u018fli K\u0259rimlinin h\u0259bsi il\u0259 ba\u011fl\u0131 beyn\u0259lxalq reaksiyalar: \u201cAvtoritarizm m\u00f6hk\u0259ml\u0259nir\u201d - MEYDAN.TV","isPartOf":{"@id":"https:\/\/www.meydan.tv\/az\/#website"},"primaryImageOfPage":{"@id":"https:\/\/www.meydan.tv\/az\/article\/eli-k%c9%99rimlinin-h%c9%99bsi-il%c9%99-bagli-beyn%c9%99lxalq-reaksiyalar-avtoritarizm-mohk%c9%99ml%c9%99nir\/#primaryimage"},"image":{"@id":"https:\/\/www.meydan.tv\/az\/article\/eli-k%c9%99rimlinin-h%c9%99bsi-il%c9%99-bagli-beyn%c9%99lxalq-reaksiyalar-avtoritarizm-mohk%c9%99ml%c9%99nir\/#primaryimage"},"thumbnailUrl":"https:\/\/www.meydan.tv\/wp-content\/uploads\/0980-6.png","datePublished":"2025-12-02T09:42:54+00:00","dateModified":"2025-12-02T13:05:38+00:00","breadcrumb":{"@id":"https:\/\/www.meydan.tv\/az\/article\/eli-k%c9%99rimlinin-h%c9%99bsi-il%c9%99-bagli-beyn%c9%99lxalq-reaksiyalar-avtoritarizm-mohk%c9%99ml%c9%99nir\/#breadcrumb"},"inLanguage":"az","potentialAction":[{"@type":"ReadAction","target":["https:\/\/www.meydan.tv\/az\/article\/eli-k%c9%99rimlinin-h%c9%99bsi-il%c9%99-bagli-beyn%c9%99lxalq-reaksiyalar-avtoritarizm-mohk%c9%99ml%c9%99nir\/"]}]},{"@type":"ImageObject","inLanguage":"az","@id":"https:\/\/www.meydan.tv\/az\/article\/eli-k%c9%99rimlinin-h%c9%99bsi-il%c9%99-bagli-beyn%c9%99lxalq-reaksiyalar-avtoritarizm-mohk%c9%99ml%c9%99nir\/#primaryimage","url":"https:\/\/www.meydan.tv\/wp-content\/uploads\/0980-6.png","contentUrl":"https:\/\/www.meydan.tv\/wp-content\/uploads\/0980-6.png","width":1920,"height":938,"caption":"\u018fli K\u0259rimli - ShutterstockFoto and video creator"},{"@type":"BreadcrumbList","@id":"https:\/\/www.meydan.tv\/az\/article\/eli-k%c9%99rimlinin-h%c9%99bsi-il%c9%99-bagli-beyn%c9%99lxalq-reaksiyalar-avtoritarizm-mohk%c9%99ml%c9%99nir\/#breadcrumb","itemListElement":[{"@type":"ListItem","position":1,"name":"Ana s\u0259hif\u0259","item":"https:\/\/www.meydan.tv\/az\/"},{"@type":"ListItem","position":2,"name":"Siyas\u0259t","item":"https:\/\/www.meydan.tv\/az\/section\/siyaset\/"},{"@type":"ListItem","position":3,"name":"\u018fli K\u0259rimlinin h\u0259bsi il\u0259 ba\u011fl\u0131 beyn\u0259lxalq reaksiyalar: \u201cAvtoritarizm m\u00f6hk\u0259ml\u0259nir\u201d"}]},{"@type":"WebSite","@id":"https:\/\/www.meydan.tv\/az\/#website","url":"https:\/\/www.meydan.tv\/az\/","name":"MEYDAN.TV","description":"Meydan TV Az\u0259rbaycan\u0131n media m\u0259kan\u0131ndak\u0131 alternativ s\u0259sidir","publisher":{"@id":"https:\/\/www.meydan.tv\/az\/#organization"},"potentialAction":[{"@type":"SearchAction","target":{"@type":"EntryPoint","urlTemplate":"https:\/\/www.meydan.tv\/az\/?s={search_term_string}"},"query-input":{"@type":"PropertyValueSpecification","valueRequired":true,"valueName":"search_term_string"}}],"inLanguage":"az"},{"@type":"Organization","@id":"https:\/\/www.meydan.tv\/az\/#organization","name":"Meydan TV","url":"https:\/\/www.meydan.tv\/az\/","logo":{"@type":"ImageObject","inLanguage":"az","@id":"https:\/\/www.meydan.tv\/az\/#\/schema\/logo\/image\/","url":"https:\/\/www.meydan.tv\/wp-content\/uploads\/2021\/07\/meydan-logo.svg","contentUrl":"https:\/\/www.meydan.tv\/wp-content\/uploads\/2021\/07\/meydan-logo.svg","width":195,"height":46,"caption":"Meydan TV"},"image":{"@id":"https:\/\/www.meydan.tv\/az\/#\/schema\/logo\/image\/"}},{"@type":"Person","@id":"https:\/\/www.meydan.tv\/az\/#\/schema\/person\/09863e516102a829e72bedcf3f84c6b0","name":"mahmud"}]}},"_links":{"self":[{"href":"https:\/\/www.meydan.tv\/az\/wp-json\/wp\/v2\/posts\/338473","targetHints":{"allow":["GET"]}}],"collection":[{"href":"https:\/\/www.meydan.tv\/az\/wp-json\/wp\/v2\/posts"}],"about":[{"href":"https:\/\/www.meydan.tv\/az\/wp-json\/wp\/v2\/types\/post"}],"author":[{"embeddable":true,"href":"https:\/\/www.meydan.tv\/az\/wp-json\/wp\/v2\/users\/21"}],"replies":[{"embeddable":true,"href":"https:\/\/www.meydan.tv\/az\/wp-json\/wp\/v2\/comments?post=338473"}],"version-history":[{"count":6,"href":"https:\/\/www.meydan.tv\/az\/wp-json\/wp\/v2\/posts\/338473\/revisions"}],"predecessor-version":[{"id":338486,"href":"https:\/\/www.meydan.tv\/az\/wp-json\/wp\/v2\/posts\/338473\/revisions\/338486"}],"wp:featuredmedia":[{"embeddable":true,"href":"https:\/\/www.meydan.tv\/az\/wp-json\/wp\/v2\/media\/338488"}],"wp:attachment":[{"href":"https:\/\/www.meydan.tv\/az\/wp-json\/wp\/v2\/media?parent=338473"}],"wp:term":[{"taxonomy":"category","embeddable":true,"href":"https:\/\/www.meydan.tv\/az\/wp-json\/wp\/v2\/categories?post=338473"},{"taxonomy":"post_tag","embeddable":true,"href":"https:\/\/www.meydan.tv\/az\/wp-json\/wp\/v2\/tags?post=338473"}],"curies":[{"name":"wp","href":"https:\/\/api.w.org\/{rel}","templated":true}]}}