{"id":338465,"date":"2025-12-02T13:00:31","date_gmt":"2025-12-02T09:00:31","guid":{"rendered":"https:\/\/www.meydan.tv\/?p=338465"},"modified":"2025-12-02T15:11:30","modified_gmt":"2025-12-02T11:11:30","slug":"rusiyada-az%c9%99rbaycan-diasporunun-r%c9%99hb%c9%99ri-saxlanilib","status":"publish","type":"post","link":"https:\/\/www.meydan.tv\/az\/article\/rusiyada-az%c9%99rbaycan-diasporunun-r%c9%99hb%c9%99ri-saxlanilib\/","title":{"rendered":"Rusiyada Az\u0259rbaycan diasporunun r\u0259hb\u0259ri saxlan\u0131l\u0131b"},"content":{"rendered":"\n<p>Yekaterinburqda \u201cAz\u0259rbaycan-Ural\u201d ictimai t\u0259\u015fkilat\u0131n\u0131n v\u0259 Az\u0259rbaycan diasporunun yeni r\u0259hb\u0259ri Vidadi Mustafayev saxlan\u0131l\u0131b.<\/p>\n\n\n\n<p>O, torpaq sat\u0131\u015f\u0131 il\u0259 ba\u011fl\u0131 d\u0259l\u0259duzluqda <a href=\"https:\/\/ekb.rbc.ru\/ekb\/freenews\/692db8ec9a79477b0c92e581\" target=\"_blank\" rel=\"noreferrer noopener nofollow\">ittiham olunur.<\/a><\/p>\n\n\n\n<p>\u018fvv\u0259ll\u0259r Ural b\u00f6lg\u0259sind\u0259 Az\u0259rbaycan diasporuna \u015eahin \u015e\u0131xl\u0131nski r\u0259hb\u0259rlik edib. O, bu ilin avqustunda q\u0259tld\u0259 v\u0259 hakimiyy\u0259t n\u00fcmay\u0259nd\u0259sin\u0259 zor t\u0259tbiq etm\u0259kd\u0259 \u015f\u00fcbh\u0259li bilin\u0259r\u0259k <a href=\"https:\/\/storage.googleapis.com\/qurium\/www.meydan.tv\/az-article-rusiyada-az%c9%99rbaycanli-is-adamlari-saxlanilir.html\" target=\"_blank\" rel=\"noreferrer noopener nofollow\">h\u0259bs olunub.<\/a><\/p>\n\n\n\n<p>Bu prosesl\u0259r 2025-ci il iyunun 28-d\u0259 Rusiya \u0130stintaq Komit\u0259sinin \u0259m\u0259kda\u015flar\u0131 t\u0259r\u0259find\u0259n Yekaterinburqda ya\u015fayan az\u0259rbaycanl\u0131lara qar\u015f\u0131 ke\u00e7irdiyi <a href=\"https:\/\/storage.googleapis.com\/qurium\/www.meydan.tv\/az-article-yekaterinburqda-az%c9%99rbaycanlilara-qarsi-%c9%99m%c9%99liyyat-2-n%c9%99f%c9%99r-olub-9-n%c9%99f%c9%99r-saxlanilib.html\" target=\"_blank\" rel=\"noreferrer noopener nofollow\">\u0259m\u0259liyyatdan <\/a>sonra ba\u015flay\u0131b.<\/p>\n\n\n\n<p>Reydl\u0259rin 10-20 il \u00f6nc\u0259 t\u00f6r\u0259dilmi\u015f sifari\u015fli q\u0259tll\u0259rin \u00fcst\u00fcn\u00fcn a\u00e7\u0131lmas\u0131 i\u015fi \u00e7\u0259r\u00e7iv\u0259sind\u0259 ke\u00e7irildiyi bildirilib.<\/p>\n\n\n\n<p>\u018fm\u0259liyyat zaman\u0131 50-d\u0259n \u00e7ox az\u0259rbaycanl\u0131 saxlan\u0131l\u0131b. Saxlan\u0131lanlar aras\u0131nda Az\u0259rbaycan diasporunun n\u00fcmay\u0259nd\u0259l\u0259ri d\u0259 olub. Ziy\u0259ddin v\u0259 H\u00fcseyn S\u0259f\u0259rov qarda\u015flar\u0131 is\u0259 \u00f6l\u00fcb. Rusiya \u0130stintaq Komit\u0259si onlar\u0131n \u00fcr\u0259k \u00e7at\u0131\u015fmazl\u0131\u011f\u0131ndan \u00f6ld\u00fcy\u00fcn\u00fc bildirib. Amma Az\u0259rbaycan\u0131n m\u0259hk\u0259m\u0259-tibbi ekspertl\u0259ri \u00f6l\u00fcml\u0259r\u0259 \u00e7oxsayl\u0131 x\u0259sar\u0259tl\u0259rin s\u0259b\u0259b oldu\u011funu m\u00fc\u0259yy\u0259nl\u0259\u015fdirib.<\/p>\n\n\n\n<p>Bu hadis\u0259l\u0259r Bak\u0131 il\u0259 Moskvan\u0131n m\u00fcnasib\u0259tl\u0259rind\u0259 diplomatik g\u0259rginlik fonunda ba\u015f verib. 2024-c\u00fc il dekabr\u0131n 25-d\u0259 AZAL-\u0131n s\u0259rni\u015fin t\u0259yyar\u0259sinin Qrozn\u0131 \u00fcz\u0259rind\u0259 <a href=\"https:\/\/storage.googleapis.com\/qurium\/www.meydan.tv\/az-article-azal-a-m%c9%99xsus-t%c9%99yyar%c9%99-aktauda-q%c9%99zaya-ugrayib-ol%c9%99nl%c9%99r-var.html\">vurulmas\u0131ndan<\/a> sonra \u0259laq\u0259l\u0259rd\u0259 g\u0259rginlik yaran\u0131b. R\u0259smi Bak\u0131 Moskvadan \u00fczrxahl\u0131q, kompensasiya, g\u00fcnahkarlar\u0131n c\u0259zaland\u0131r\u0131lmas\u0131n\u0131 t\u0259l\u0259b edib. N\u0259hay\u0259t, bu il oktyabr\u0131n 9-da Az\u0259rbaycan v\u0259 Rusiya prezidentl\u0259rinin <a href=\"https:\/\/storage.googleapis.com\/qurium\/www.meydan.tv\/az-article-putinl%c9%99-eliyevin-dus%c9%99nb%c9%99-gorusu-az%c9%99rbaycanin-q%c9%99rbl%c9%99-munasib%c9%99tl%c9%99ri-fonunda-yeni-donus.html\" target=\"_blank\" rel=\"noreferrer noopener nofollow\">D\u00fc\u015f\u0259nb\u0259d\u0259 g\u00f6r\u00fc\u015f\u00fc <\/a>t\u0259r\u0259fl\u0259r aras\u0131nda bar\u0131\u015f\u0131q kimi d\u0259y\u0259rl\u0259ndirilib. Vladimir Putin \u0130lham \u018fliyev\u0259 dekabrdak\u0131 q\u0259zadan sonra telefon z\u0259ngind\u0259 \u00fczr ist\u0259diyini xat\u0131rlad\u0131b, kompensasiya \u00f6d\u0259nil\u0259c\u0259yini bildirib.<\/p>\n","protected":false},"excerpt":{"rendered":"<p>Yekaterinburqda \u201cAz\u0259rbaycan-Ural\u201d ictimai t\u0259\u015fkilat\u0131n\u0131n v\u0259 Az\u0259rbaycan diasporunun yeni r\u0259hb\u0259ri Vidadi &#8230; <\/p>\n<p class=\"read-more-container\"><a title=\"Rusiyada Az\u0259rbaycan diasporunun r\u0259hb\u0259ri saxlan\u0131l\u0131b\" class=\"read-more button\" href=\"https:\/\/www.meydan.tv\/az\/article\/rusiyada-az%c9%99rbaycan-diasporunun-r%c9%99hb%c9%99ri-saxlanilib\/#more-338465\" aria-label=\"Read more about Rusiyada Az\u0259rbaycan diasporunun r\u0259hb\u0259ri saxlan\u0131l\u0131b\">Davam\u0131<\/a><\/p>\n","protected":false},"author":21,"featured_media":338480,"comment_status":"closed","ping_status":"closed","sticky":false,"template":"","format":"standard","meta":{"_acf_changed":false,"_sitemap_exclude":false,"_sitemap_priority":"","_sitemap_frequency":"","footnotes":""},"categories":[59,56],"tags":[],"class_list":["post-338465","post","type-post","status-publish","format-standard","has-post-thumbnail","hentry","category-siyaset","category-xeberler","infinite-scroll-item","generate-columns","tablet-grid-50","mobile-grid-100","grid-parent","grid-33","no-featured-image-padding"],"acf":[],"yoast_head":"<!-- This site is optimized with the Yoast SEO plugin v27.4 - https:\/\/yoast.com\/product\/yoast-seo-wordpress\/ -->\n<title>Rusiyada Az\u0259rbaycan diasporunun r\u0259hb\u0259ri saxlan\u0131l\u0131b - MEYDAN.TV<\/title>\n<meta name=\"robots\" content=\"index, follow, max-snippet:-1, max-image-preview:large, max-video-preview:-1\" \/>\n<link rel=\"canonical\" href=\"https:\/\/www.meydan.tv\/az\/article\/rusiyada-az%c9%99rbaycan-diasporunun-r%c9%99hb%c9%99ri-saxlanilib\/\" \/>\n<meta property=\"og:locale\" content=\"az_AZ\" \/>\n<meta property=\"og:type\" content=\"article\" \/>\n<meta property=\"og:title\" content=\"Rusiyada Az\u0259rbaycan diasporunun r\u0259hb\u0259ri saxlan\u0131l\u0131b - MEYDAN.TV\" \/>\n<meta property=\"og:description\" content=\"Yekaterinburqda \u201cAz\u0259rbaycan-Ural\u201d ictimai t\u0259\u015fkilat\u0131n\u0131n v\u0259 Az\u0259rbaycan diasporunun yeni r\u0259hb\u0259ri Vidadi ... Davam\u0131\" \/>\n<meta property=\"og:url\" content=\"https:\/\/www.meydan.tv\/az\/article\/rusiyada-az%c9%99rbaycan-diasporunun-r%c9%99hb%c9%99ri-saxlanilib\/\" \/>\n<meta property=\"og:site_name\" content=\"MEYDAN.TV\" \/>\n<meta property=\"article:published_time\" content=\"2025-12-02T09:00:31+00:00\" \/>\n<meta property=\"article:modified_time\" content=\"2025-12-02T11:11:30+00:00\" \/>\n<meta property=\"og:image\" content=\"https:\/\/www.meydan.tv\/wp-content\/uploads\/98-54.png\" \/>\n\t<meta property=\"og:image:width\" content=\"1920\" \/>\n\t<meta property=\"og:image:height\" content=\"938\" \/>\n\t<meta property=\"og:image:type\" content=\"image\/png\" \/>\n<meta name=\"author\" content=\"mahmud\" \/>\n<meta name=\"twitter:card\" content=\"summary_large_image\" \/>\n<script type=\"application\/ld+json\" class=\"yoast-schema-graph\">{\"@context\":\"https:\\\/\\\/schema.org\",\"@graph\":[{\"@type\":\"Article\",\"@id\":\"https:\\\/\\\/www.meydan.tv\\\/az\\\/article\\\/rusiyada-az%c9%99rbaycan-diasporunun-r%c9%99hb%c9%99ri-saxlanilib\\\/#article\",\"isPartOf\":{\"@id\":\"https:\\\/\\\/www.meydan.tv\\\/az\\\/article\\\/rusiyada-az%c9%99rbaycan-diasporunun-r%c9%99hb%c9%99ri-saxlanilib\\\/\"},\"author\":{\"name\":\"mahmud\",\"@id\":\"https:\\\/\\\/www.meydan.tv\\\/az\\\/#\\\/schema\\\/person\\\/09863e516102a829e72bedcf3f84c6b0\"},\"headline\":\"Rusiyada Az\u0259rbaycan diasporunun r\u0259hb\u0259ri saxlan\u0131l\u0131b\",\"datePublished\":\"2025-12-02T09:00:31+00:00\",\"dateModified\":\"2025-12-02T11:11:30+00:00\",\"mainEntityOfPage\":{\"@id\":\"https:\\\/\\\/www.meydan.tv\\\/az\\\/article\\\/rusiyada-az%c9%99rbaycan-diasporunun-r%c9%99hb%c9%99ri-saxlanilib\\\/\"},\"wordCount\":342,\"publisher\":{\"@id\":\"https:\\\/\\\/www.meydan.tv\\\/az\\\/#organization\"},\"image\":{\"@id\":\"https:\\\/\\\/www.meydan.tv\\\/az\\\/article\\\/rusiyada-az%c9%99rbaycan-diasporunun-r%c9%99hb%c9%99ri-saxlanilib\\\/#primaryimage\"},\"thumbnailUrl\":\"https:\\\/\\\/www.meydan.tv\\\/wp-content\\\/uploads\\\/98-54.png\",\"articleSection\":[\"Siyas\u0259t\",\"X\u0259b\u0259rl\u0259r\"],\"inLanguage\":\"az\"},{\"@type\":\"WebPage\",\"@id\":\"https:\\\/\\\/www.meydan.tv\\\/az\\\/article\\\/rusiyada-az%c9%99rbaycan-diasporunun-r%c9%99hb%c9%99ri-saxlanilib\\\/\",\"url\":\"https:\\\/\\\/www.meydan.tv\\\/az\\\/article\\\/rusiyada-az%c9%99rbaycan-diasporunun-r%c9%99hb%c9%99ri-saxlanilib\\\/\",\"name\":\"Rusiyada Az\u0259rbaycan diasporunun r\u0259hb\u0259ri saxlan\u0131l\u0131b - MEYDAN.TV\",\"isPartOf\":{\"@id\":\"https:\\\/\\\/www.meydan.tv\\\/az\\\/#website\"},\"primaryImageOfPage\":{\"@id\":\"https:\\\/\\\/www.meydan.tv\\\/az\\\/article\\\/rusiyada-az%c9%99rbaycan-diasporunun-r%c9%99hb%c9%99ri-saxlanilib\\\/#primaryimage\"},\"image\":{\"@id\":\"https:\\\/\\\/www.meydan.tv\\\/az\\\/article\\\/rusiyada-az%c9%99rbaycan-diasporunun-r%c9%99hb%c9%99ri-saxlanilib\\\/#primaryimage\"},\"thumbnailUrl\":\"https:\\\/\\\/www.meydan.tv\\\/wp-content\\\/uploads\\\/98-54.png\",\"datePublished\":\"2025-12-02T09:00:31+00:00\",\"dateModified\":\"2025-12-02T11:11:30+00:00\",\"breadcrumb\":{\"@id\":\"https:\\\/\\\/www.meydan.tv\\\/az\\\/article\\\/rusiyada-az%c9%99rbaycan-diasporunun-r%c9%99hb%c9%99ri-saxlanilib\\\/#breadcrumb\"},\"inLanguage\":\"az\",\"potentialAction\":[{\"@type\":\"ReadAction\",\"target\":[\"https:\\\/\\\/www.meydan.tv\\\/az\\\/article\\\/rusiyada-az%c9%99rbaycan-diasporunun-r%c9%99hb%c9%99ri-saxlanilib\\\/\"]}]},{\"@type\":\"ImageObject\",\"inLanguage\":\"az\",\"@id\":\"https:\\\/\\\/www.meydan.tv\\\/az\\\/article\\\/rusiyada-az%c9%99rbaycan-diasporunun-r%c9%99hb%c9%99ri-saxlanilib\\\/#primaryimage\",\"url\":\"https:\\\/\\\/www.meydan.tv\\\/wp-content\\\/uploads\\\/98-54.png\",\"contentUrl\":\"https:\\\/\\\/www.meydan.tv\\\/wp-content\\\/uploads\\\/98-54.png\",\"width\":1920,\"height\":938,\"caption\":\"Vidadi Mustafayev - Foto: Video Screenshot\"},{\"@type\":\"BreadcrumbList\",\"@id\":\"https:\\\/\\\/www.meydan.tv\\\/az\\\/article\\\/rusiyada-az%c9%99rbaycan-diasporunun-r%c9%99hb%c9%99ri-saxlanilib\\\/#breadcrumb\",\"itemListElement\":[{\"@type\":\"ListItem\",\"position\":1,\"name\":\"Ana s\u0259hif\u0259\",\"item\":\"https:\\\/\\\/www.meydan.tv\\\/az\\\/\"},{\"@type\":\"ListItem\",\"position\":2,\"name\":\"X\u0259b\u0259rl\u0259r\",\"item\":\"https:\\\/\\\/www.meydan.tv\\\/az\\\/section\\\/xeberler\\\/\"},{\"@type\":\"ListItem\",\"position\":3,\"name\":\"Rusiyada Az\u0259rbaycan diasporunun r\u0259hb\u0259ri saxlan\u0131l\u0131b\"}]},{\"@type\":\"WebSite\",\"@id\":\"https:\\\/\\\/www.meydan.tv\\\/az\\\/#website\",\"url\":\"https:\\\/\\\/www.meydan.tv\\\/az\\\/\",\"name\":\"MEYDAN.TV\",\"description\":\"Meydan TV Az\u0259rbaycan\u0131n media m\u0259kan\u0131ndak\u0131 alternativ s\u0259sidir\",\"publisher\":{\"@id\":\"https:\\\/\\\/www.meydan.tv\\\/az\\\/#organization\"},\"potentialAction\":[{\"@type\":\"SearchAction\",\"target\":{\"@type\":\"EntryPoint\",\"urlTemplate\":\"https:\\\/\\\/www.meydan.tv\\\/az\\\/?s={search_term_string}\"},\"query-input\":{\"@type\":\"PropertyValueSpecification\",\"valueRequired\":true,\"valueName\":\"search_term_string\"}}],\"inLanguage\":\"az\"},{\"@type\":\"Organization\",\"@id\":\"https:\\\/\\\/www.meydan.tv\\\/az\\\/#organization\",\"name\":\"Meydan TV\",\"url\":\"https:\\\/\\\/www.meydan.tv\\\/az\\\/\",\"logo\":{\"@type\":\"ImageObject\",\"inLanguage\":\"az\",\"@id\":\"https:\\\/\\\/www.meydan.tv\\\/az\\\/#\\\/schema\\\/logo\\\/image\\\/\",\"url\":\"https:\\\/\\\/www.meydan.tv\\\/wp-content\\\/uploads\\\/2021\\\/07\\\/meydan-logo.svg\",\"contentUrl\":\"https:\\\/\\\/www.meydan.tv\\\/wp-content\\\/uploads\\\/2021\\\/07\\\/meydan-logo.svg\",\"width\":195,\"height\":46,\"caption\":\"Meydan TV\"},\"image\":{\"@id\":\"https:\\\/\\\/www.meydan.tv\\\/az\\\/#\\\/schema\\\/logo\\\/image\\\/\"}},{\"@type\":\"Person\",\"@id\":\"https:\\\/\\\/www.meydan.tv\\\/az\\\/#\\\/schema\\\/person\\\/09863e516102a829e72bedcf3f84c6b0\",\"name\":\"mahmud\"}]}<\/script>\n<!-- \/ Yoast SEO plugin. -->","yoast_head_json":{"title":"Rusiyada Az\u0259rbaycan diasporunun r\u0259hb\u0259ri saxlan\u0131l\u0131b - MEYDAN.TV","robots":{"index":"index","follow":"follow","max-snippet":"max-snippet:-1","max-image-preview":"max-image-preview:large","max-video-preview":"max-video-preview:-1"},"canonical":"https:\/\/www.meydan.tv\/az\/article\/rusiyada-az%c9%99rbaycan-diasporunun-r%c9%99hb%c9%99ri-saxlanilib\/","og_locale":"az_AZ","og_type":"article","og_title":"Rusiyada Az\u0259rbaycan diasporunun r\u0259hb\u0259ri saxlan\u0131l\u0131b - MEYDAN.TV","og_description":"Yekaterinburqda \u201cAz\u0259rbaycan-Ural\u201d ictimai t\u0259\u015fkilat\u0131n\u0131n v\u0259 Az\u0259rbaycan diasporunun yeni r\u0259hb\u0259ri Vidadi ... Davam\u0131","og_url":"https:\/\/www.meydan.tv\/az\/article\/rusiyada-az%c9%99rbaycan-diasporunun-r%c9%99hb%c9%99ri-saxlanilib\/","og_site_name":"MEYDAN.TV","article_published_time":"2025-12-02T09:00:31+00:00","article_modified_time":"2025-12-02T11:11:30+00:00","og_image":[{"width":1920,"height":938,"url":"https:\/\/www.meydan.tv\/wp-content\/uploads\/98-54.png","type":"image\/png"}],"author":"mahmud","twitter_card":"summary_large_image","schema":{"@context":"https:\/\/schema.org","@graph":[{"@type":"Article","@id":"https:\/\/www.meydan.tv\/az\/article\/rusiyada-az%c9%99rbaycan-diasporunun-r%c9%99hb%c9%99ri-saxlanilib\/#article","isPartOf":{"@id":"https:\/\/www.meydan.tv\/az\/article\/rusiyada-az%c9%99rbaycan-diasporunun-r%c9%99hb%c9%99ri-saxlanilib\/"},"author":{"name":"mahmud","@id":"https:\/\/www.meydan.tv\/az\/#\/schema\/person\/09863e516102a829e72bedcf3f84c6b0"},"headline":"Rusiyada Az\u0259rbaycan diasporunun r\u0259hb\u0259ri saxlan\u0131l\u0131b","datePublished":"2025-12-02T09:00:31+00:00","dateModified":"2025-12-02T11:11:30+00:00","mainEntityOfPage":{"@id":"https:\/\/www.meydan.tv\/az\/article\/rusiyada-az%c9%99rbaycan-diasporunun-r%c9%99hb%c9%99ri-saxlanilib\/"},"wordCount":342,"publisher":{"@id":"https:\/\/www.meydan.tv\/az\/#organization"},"image":{"@id":"https:\/\/www.meydan.tv\/az\/article\/rusiyada-az%c9%99rbaycan-diasporunun-r%c9%99hb%c9%99ri-saxlanilib\/#primaryimage"},"thumbnailUrl":"https:\/\/www.meydan.tv\/wp-content\/uploads\/98-54.png","articleSection":["Siyas\u0259t","X\u0259b\u0259rl\u0259r"],"inLanguage":"az"},{"@type":"WebPage","@id":"https:\/\/www.meydan.tv\/az\/article\/rusiyada-az%c9%99rbaycan-diasporunun-r%c9%99hb%c9%99ri-saxlanilib\/","url":"https:\/\/www.meydan.tv\/az\/article\/rusiyada-az%c9%99rbaycan-diasporunun-r%c9%99hb%c9%99ri-saxlanilib\/","name":"Rusiyada Az\u0259rbaycan diasporunun r\u0259hb\u0259ri saxlan\u0131l\u0131b - MEYDAN.TV","isPartOf":{"@id":"https:\/\/www.meydan.tv\/az\/#website"},"primaryImageOfPage":{"@id":"https:\/\/www.meydan.tv\/az\/article\/rusiyada-az%c9%99rbaycan-diasporunun-r%c9%99hb%c9%99ri-saxlanilib\/#primaryimage"},"image":{"@id":"https:\/\/www.meydan.tv\/az\/article\/rusiyada-az%c9%99rbaycan-diasporunun-r%c9%99hb%c9%99ri-saxlanilib\/#primaryimage"},"thumbnailUrl":"https:\/\/www.meydan.tv\/wp-content\/uploads\/98-54.png","datePublished":"2025-12-02T09:00:31+00:00","dateModified":"2025-12-02T11:11:30+00:00","breadcrumb":{"@id":"https:\/\/www.meydan.tv\/az\/article\/rusiyada-az%c9%99rbaycan-diasporunun-r%c9%99hb%c9%99ri-saxlanilib\/#breadcrumb"},"inLanguage":"az","potentialAction":[{"@type":"ReadAction","target":["https:\/\/www.meydan.tv\/az\/article\/rusiyada-az%c9%99rbaycan-diasporunun-r%c9%99hb%c9%99ri-saxlanilib\/"]}]},{"@type":"ImageObject","inLanguage":"az","@id":"https:\/\/www.meydan.tv\/az\/article\/rusiyada-az%c9%99rbaycan-diasporunun-r%c9%99hb%c9%99ri-saxlanilib\/#primaryimage","url":"https:\/\/www.meydan.tv\/wp-content\/uploads\/98-54.png","contentUrl":"https:\/\/www.meydan.tv\/wp-content\/uploads\/98-54.png","width":1920,"height":938,"caption":"Vidadi Mustafayev - Foto: Video Screenshot"},{"@type":"BreadcrumbList","@id":"https:\/\/www.meydan.tv\/az\/article\/rusiyada-az%c9%99rbaycan-diasporunun-r%c9%99hb%c9%99ri-saxlanilib\/#breadcrumb","itemListElement":[{"@type":"ListItem","position":1,"name":"Ana s\u0259hif\u0259","item":"https:\/\/www.meydan.tv\/az\/"},{"@type":"ListItem","position":2,"name":"X\u0259b\u0259rl\u0259r","item":"https:\/\/www.meydan.tv\/az\/section\/xeberler\/"},{"@type":"ListItem","position":3,"name":"Rusiyada Az\u0259rbaycan diasporunun r\u0259hb\u0259ri saxlan\u0131l\u0131b"}]},{"@type":"WebSite","@id":"https:\/\/www.meydan.tv\/az\/#website","url":"https:\/\/www.meydan.tv\/az\/","name":"MEYDAN.TV","description":"Meydan TV Az\u0259rbaycan\u0131n media m\u0259kan\u0131ndak\u0131 alternativ s\u0259sidir","publisher":{"@id":"https:\/\/www.meydan.tv\/az\/#organization"},"potentialAction":[{"@type":"SearchAction","target":{"@type":"EntryPoint","urlTemplate":"https:\/\/www.meydan.tv\/az\/?s={search_term_string}"},"query-input":{"@type":"PropertyValueSpecification","valueRequired":true,"valueName":"search_term_string"}}],"inLanguage":"az"},{"@type":"Organization","@id":"https:\/\/www.meydan.tv\/az\/#organization","name":"Meydan TV","url":"https:\/\/www.meydan.tv\/az\/","logo":{"@type":"ImageObject","inLanguage":"az","@id":"https:\/\/www.meydan.tv\/az\/#\/schema\/logo\/image\/","url":"https:\/\/www.meydan.tv\/wp-content\/uploads\/2021\/07\/meydan-logo.svg","contentUrl":"https:\/\/www.meydan.tv\/wp-content\/uploads\/2021\/07\/meydan-logo.svg","width":195,"height":46,"caption":"Meydan TV"},"image":{"@id":"https:\/\/www.meydan.tv\/az\/#\/schema\/logo\/image\/"}},{"@type":"Person","@id":"https:\/\/www.meydan.tv\/az\/#\/schema\/person\/09863e516102a829e72bedcf3f84c6b0","name":"mahmud"}]}},"_links":{"self":[{"href":"https:\/\/www.meydan.tv\/az\/wp-json\/wp\/v2\/posts\/338465","targetHints":{"allow":["GET"]}}],"collection":[{"href":"https:\/\/www.meydan.tv\/az\/wp-json\/wp\/v2\/posts"}],"about":[{"href":"https:\/\/www.meydan.tv\/az\/wp-json\/wp\/v2\/types\/post"}],"author":[{"embeddable":true,"href":"https:\/\/www.meydan.tv\/az\/wp-json\/wp\/v2\/users\/21"}],"replies":[{"embeddable":true,"href":"https:\/\/www.meydan.tv\/az\/wp-json\/wp\/v2\/comments?post=338465"}],"version-history":[{"count":2,"href":"https:\/\/www.meydan.tv\/az\/wp-json\/wp\/v2\/posts\/338465\/revisions"}],"predecessor-version":[{"id":338479,"href":"https:\/\/www.meydan.tv\/az\/wp-json\/wp\/v2\/posts\/338465\/revisions\/338479"}],"wp:featuredmedia":[{"embeddable":true,"href":"https:\/\/www.meydan.tv\/az\/wp-json\/wp\/v2\/media\/338480"}],"wp:attachment":[{"href":"https:\/\/www.meydan.tv\/az\/wp-json\/wp\/v2\/media?parent=338465"}],"wp:term":[{"taxonomy":"category","embeddable":true,"href":"https:\/\/www.meydan.tv\/az\/wp-json\/wp\/v2\/categories?post=338465"},{"taxonomy":"post_tag","embeddable":true,"href":"https:\/\/www.meydan.tv\/az\/wp-json\/wp\/v2\/tags?post=338465"}],"curies":[{"name":"wp","href":"https:\/\/api.w.org\/{rel}","templated":true}]}}