{"id":338463,"date":"2025-12-01T21:23:56","date_gmt":"2025-12-01T17:23:56","guid":{"rendered":"https:\/\/www.meydan.tv\/?p=338463"},"modified":"2025-12-01T21:23:58","modified_gmt":"2025-12-01T17:23:58","slug":"amnesty-international-eli-k%c9%99rimlinin-h%c9%99bsi-il%c9%99-bagli-b%c9%99yanat-yayib","status":"publish","type":"post","link":"https:\/\/www.meydan.tv\/az\/article\/amnesty-international-eli-k%c9%99rimlinin-h%c9%99bsi-il%c9%99-bagli-b%c9%99yanat-yayib\/","title":{"rendered":"\u201cAmnesty International\u201d \u018fli K\u0259rimlinin h\u0259bsi il\u0259 ba\u011fl\u0131 b\u0259yanat yay\u0131b"},"content":{"rendered":"\n<p>\u201cAmnesty International\u201d Beyn\u0259lxalq Insan Haqlar\u0131 T\u0259\u015fkilat\u0131 Az\u0259rbaycan Xalq C\u0259bh\u0259si Partiyas\u0131n\u0131n (AXCP) s\u0259dri \u018fli K\u0259rimlinin h\u0259bsini pisl\u0259y\u0259n b\u0259yanat yay\u0131b.<\/p>\n\n\n\n<p>T\u0259\u015fkilat\u0131n \u015e\u0259rqi Avropa v\u0259 M\u0259rk\u0259zi Asiya \u00fczr\u0259 direktor m\u00fcavini Denis Krivo\u015feyev bildirib ki, Az\u0259rbaycan hakimiyy\u0259ti bununla&nbsp; \u00f6lk\u0259ni daha da avtoritarla\u015fd\u0131rd\u0131\u011f\u0131n\u0131 s\u00fcbut edib.<\/p>\n\n\n\n<p><em>\u201cHakimiyy\u0259t siyasi m\u00fcxalif\u0259ti tamamil\u0259 \u0259zm\u0259kd\u0259 v\u0259 \u00f6lk\u0259d\u0259ki h\u0259r c\u00fcr naraz\u0131l\u0131\u011f\u0131 bo\u011fmaqda s\u0259rh\u0259d tan\u0131m\u0131r. M\u00fcxalif\u0259t liderini \u201chakimiyy\u0259ti \u0259l\u0259 ke\u00e7irm\u0259y\u0259 c\u0259hd\u201d ittiham\u0131 il\u0259 h\u0259bs etm\u0259k, Az\u0259rbaycan h\u00f6kum\u0259tinin n\u0259 q\u0259d\u0259r ir\u0259li getm\u0259y\u0259 haz\u0131r oldu\u011funa \u015f\u00fcbh\u0259 ed\u0259n h\u0259r k\u0259s\u0259 bir x\u0259b\u0259rdarl\u0131qd\u0131r\u201d.<\/em><\/p>\n\n\n\n<p>Krivo\u015feyev \u0259lav\u0259 edib ki, hakimiyy\u0259t orqanlar\u0131, iddia edil\u0259n cinay\u0259t \u0259m\u0259lin\u0259 dair a\u011flabatan d\u0259lill\u0259r n\u00fcmayi\u015f etdir\u0259 bilm\u0259dikl\u0259ri t\u0259qdird\u0259, \u018fli K\u0259rimlini azadl\u0131\u011fa buraxmal\u0131d\u0131rlar:<\/p>\n\n\n\n<p><em>\u201cOnu saxlamaqla v\u0259 xarici al\u0259ml\u0259 \u0259laq\u0259sini tamamil\u0259 k\u0259sm\u0259kl\u0259, h\u0259m\u00e7inin \u0259dal\u0259tli m\u0259hk\u0259m\u0259 ara\u015fd\u0131rmas\u0131 h\u00fcququndan m\u0259hrum etm\u0259kl\u0259, m\u00fcxalif\u0259t n\u00fcmay\u0259nd\u0259l\u0259rin\u0259, aliml\u0259r\u0259, jurnalistl\u0259r\u0259 v\u0259 f\u0259allara qar\u015f\u0131 y\u00f6n\u0259lmi\u015f siyasi motivli h\u0259bsl\u0259r dal\u011fas\u0131n\u0131 davam etdirm\u0259kd\u0259 n\u0259 q\u0259d\u0259r q\u0259rarl\u0131 olduqlar\u0131n\u0131 g\u00f6st\u0259rdil\u0259r\u201d, &#8211; <\/em>Krivo\u015feyev b\u0259yanatda bel\u0259 deyib.&nbsp;<\/p>\n\n\n\n<p>Dekabr\u0131n 1-d\u0259 Az\u0259rbaycan Xalq C\u0259bh\u0259si Partiyas\u0131n\u0131n (AXCP) s\u0259dri \u018fli K\u0259rimli v\u0259 R\u0259yas\u0259t Hey\u0259tinin \u00fczv\u00fc M\u0259mm\u0259d \u0130brahim bar\u0259sind\u0259 h\u0259bs q\u0259timkan t\u0259dbiri se\u00e7ilib.<\/p>\n\n\n\n<p>M\u00fcxalif\u0259td\u0259 olan siyas\u0259t\u00e7il\u0259r noyabr\u0131n 29-da D\u00f6vl\u0259t T\u0259hl\u00fck\u0259sizliyi Xidm\u0259ti t\u0259r\u0259find\u0259n (DTX) t\u0259r\u0259find\u0259n saxlan\u0131l\u0131blar.<\/p>\n\n\n\n<p>\u018fli K\u0259rimli v\u0259 M\u0259mm\u0259d \u0130brahim\u0259 qar\u015f\u0131 hakimiyy\u0259ti zorla \u0259l\u0259 ke\u00e7irm\u0259y\u0259, d\u00f6vl\u0259tin konstitusiya qurulu\u015funu zorla d\u0259yi\u015fdirm\u0259y\u0259 y\u00f6n\u0259l\u0259n h\u0259r\u0259k\u0259tl\u0259r madd\u0259si il\u0259 ittiham ir\u0259li s\u00fcr\u00fcl\u00fcb.<\/p>\n\n\n\n<p>Bir \u00e7ox media orqanlar\u0131 son ba\u015f ver\u0259n hadis\u0259l\u0259rin Prezident Administrasiyas\u0131n\u0131n sabiq r\u0259hb\u0259ri Ramiz Mehdiyevin DTX-da istintaq olunan cinay\u0259t i\u015fi il\u0259 \u0259laq\u0259dar oldu\u011funu bildirirl\u0259r.\u00a0<\/p>\n\n\n\n<p>Bu h\u0259bsl\u0259r Az\u0259rbaycanda etirazlara qar\u015f\u0131 daha da g\u00fccl\u0259ndirilmi\u015f t\u0259zyiql\u0259r fonunda ba\u015f verir; jurnalistl\u0259r, akademikl\u0259r v\u0259 m\u00fcxalif\u0259t n\u00fcmay\u0259nd\u0259l\u0259ri getdikc\u0259 daha \u00e7ox t\u0259qib, \u0259sass\u0131z h\u0259bsl\u0259r v\u0259 siyasi motivli ittihamlarla \u00fczl\u0259\u015firl\u0259r.<\/p>\n\n\n\n<p><\/p>\n","protected":false},"excerpt":{"rendered":"<p>\u201cAmnesty International\u201d Beyn\u0259lxalq Insan Haqlar\u0131 T\u0259\u015fkilat\u0131 Az\u0259rbaycan Xalq C\u0259bh\u0259si Partiyas\u0131n\u0131n &#8230; <\/p>\n<p class=\"read-more-container\"><a title=\"\u201cAmnesty International\u201d \u018fli K\u0259rimlinin h\u0259bsi il\u0259 ba\u011fl\u0131 b\u0259yanat yay\u0131b\" class=\"read-more button\" href=\"https:\/\/www.meydan.tv\/az\/article\/amnesty-international-eli-k%c9%99rimlinin-h%c9%99bsi-il%c9%99-bagli-b%c9%99yanat-yayib\/#more-338463\" aria-label=\"Read more about \u201cAmnesty International\u201d \u018fli K\u0259rimlinin h\u0259bsi il\u0259 ba\u011fl\u0131 b\u0259yanat yay\u0131b\">Davam\u0131<\/a><\/p>\n","protected":false},"author":21,"featured_media":229428,"comment_status":"closed","ping_status":"closed","sticky":false,"template":"","format":"standard","meta":{"_acf_changed":false,"_sitemap_exclude":false,"_sitemap_priority":"","_sitemap_frequency":"","footnotes":""},"categories":[59,79,56],"tags":[],"class_list":["post-338463","post","type-post","status-publish","format-standard","has-post-thumbnail","hentry","category-siyaset","category-featured","category-xeberler","infinite-scroll-item","generate-columns","tablet-grid-50","mobile-grid-100","grid-parent","grid-33","no-featured-image-padding"],"acf":[],"yoast_head":"<!-- This site is optimized with the Yoast SEO plugin v27.4 - https:\/\/yoast.com\/product\/yoast-seo-wordpress\/ -->\n<title>\u201cAmnesty International\u201d \u018fli K\u0259rimlinin h\u0259bsi il\u0259 ba\u011fl\u0131 b\u0259yanat yay\u0131b - MEYDAN.TV<\/title>\n<meta name=\"robots\" content=\"index, follow, max-snippet:-1, max-image-preview:large, max-video-preview:-1\" \/>\n<link rel=\"canonical\" href=\"https:\/\/www.meydan.tv\/az\/article\/amnesty-international-eli-k%c9%99rimlinin-h%c9%99bsi-il%c9%99-bagli-b%c9%99yanat-yayib\/\" \/>\n<meta property=\"og:locale\" content=\"az_AZ\" \/>\n<meta property=\"og:type\" content=\"article\" \/>\n<meta property=\"og:title\" content=\"\u201cAmnesty International\u201d \u018fli K\u0259rimlinin h\u0259bsi il\u0259 ba\u011fl\u0131 b\u0259yanat yay\u0131b - MEYDAN.TV\" \/>\n<meta property=\"og:description\" content=\"\u201cAmnesty International\u201d Beyn\u0259lxalq Insan Haqlar\u0131 T\u0259\u015fkilat\u0131 Az\u0259rbaycan Xalq C\u0259bh\u0259si Partiyas\u0131n\u0131n ... Davam\u0131\" \/>\n<meta property=\"og:url\" content=\"https:\/\/www.meydan.tv\/az\/article\/amnesty-international-eli-k%c9%99rimlinin-h%c9%99bsi-il%c9%99-bagli-b%c9%99yanat-yayib\/\" \/>\n<meta property=\"og:site_name\" content=\"MEYDAN.TV\" \/>\n<meta property=\"article:published_time\" content=\"2025-12-01T17:23:56+00:00\" \/>\n<meta property=\"article:modified_time\" content=\"2025-12-01T17:23:58+00:00\" \/>\n<meta property=\"og:image\" content=\"https:\/\/www.meydan.tv\/wp-content\/uploads\/shutterstock_1170052747.jpg\" \/>\n\t<meta property=\"og:image:width\" content=\"1200\" \/>\n\t<meta property=\"og:image:height\" content=\"960\" \/>\n\t<meta property=\"og:image:type\" content=\"image\/jpeg\" \/>\n<meta name=\"author\" content=\"mahmud\" \/>\n<meta name=\"twitter:card\" content=\"summary_large_image\" \/>\n<script type=\"application\/ld+json\" class=\"yoast-schema-graph\">{\"@context\":\"https:\\\/\\\/schema.org\",\"@graph\":[{\"@type\":\"Article\",\"@id\":\"https:\\\/\\\/www.meydan.tv\\\/az\\\/article\\\/amnesty-international-eli-k%c9%99rimlinin-h%c9%99bsi-il%c9%99-bagli-b%c9%99yanat-yayib\\\/#article\",\"isPartOf\":{\"@id\":\"https:\\\/\\\/www.meydan.tv\\\/az\\\/article\\\/amnesty-international-eli-k%c9%99rimlinin-h%c9%99bsi-il%c9%99-bagli-b%c9%99yanat-yayib\\\/\"},\"author\":{\"name\":\"mahmud\",\"@id\":\"https:\\\/\\\/www.meydan.tv\\\/az\\\/#\\\/schema\\\/person\\\/09863e516102a829e72bedcf3f84c6b0\"},\"headline\":\"\u201cAmnesty International\u201d \u018fli K\u0259rimlinin h\u0259bsi il\u0259 ba\u011fl\u0131 b\u0259yanat yay\u0131b\",\"datePublished\":\"2025-12-01T17:23:56+00:00\",\"dateModified\":\"2025-12-01T17:23:58+00:00\",\"mainEntityOfPage\":{\"@id\":\"https:\\\/\\\/www.meydan.tv\\\/az\\\/article\\\/amnesty-international-eli-k%c9%99rimlinin-h%c9%99bsi-il%c9%99-bagli-b%c9%99yanat-yayib\\\/\"},\"wordCount\":474,\"publisher\":{\"@id\":\"https:\\\/\\\/www.meydan.tv\\\/az\\\/#organization\"},\"image\":{\"@id\":\"https:\\\/\\\/www.meydan.tv\\\/az\\\/article\\\/amnesty-international-eli-k%c9%99rimlinin-h%c9%99bsi-il%c9%99-bagli-b%c9%99yanat-yayib\\\/#primaryimage\"},\"thumbnailUrl\":\"https:\\\/\\\/www.meydan.tv\\\/wp-content\\\/uploads\\\/shutterstock_1170052747.jpg\",\"articleSection\":[\"Siyas\u0259t\",\"T\u00f6vsiy\u0259\",\"X\u0259b\u0259rl\u0259r\"],\"inLanguage\":\"az\"},{\"@type\":\"WebPage\",\"@id\":\"https:\\\/\\\/www.meydan.tv\\\/az\\\/article\\\/amnesty-international-eli-k%c9%99rimlinin-h%c9%99bsi-il%c9%99-bagli-b%c9%99yanat-yayib\\\/\",\"url\":\"https:\\\/\\\/www.meydan.tv\\\/az\\\/article\\\/amnesty-international-eli-k%c9%99rimlinin-h%c9%99bsi-il%c9%99-bagli-b%c9%99yanat-yayib\\\/\",\"name\":\"\u201cAmnesty International\u201d \u018fli K\u0259rimlinin h\u0259bsi il\u0259 ba\u011fl\u0131 b\u0259yanat yay\u0131b - MEYDAN.TV\",\"isPartOf\":{\"@id\":\"https:\\\/\\\/www.meydan.tv\\\/az\\\/#website\"},\"primaryImageOfPage\":{\"@id\":\"https:\\\/\\\/www.meydan.tv\\\/az\\\/article\\\/amnesty-international-eli-k%c9%99rimlinin-h%c9%99bsi-il%c9%99-bagli-b%c9%99yanat-yayib\\\/#primaryimage\"},\"image\":{\"@id\":\"https:\\\/\\\/www.meydan.tv\\\/az\\\/article\\\/amnesty-international-eli-k%c9%99rimlinin-h%c9%99bsi-il%c9%99-bagli-b%c9%99yanat-yayib\\\/#primaryimage\"},\"thumbnailUrl\":\"https:\\\/\\\/www.meydan.tv\\\/wp-content\\\/uploads\\\/shutterstock_1170052747.jpg\",\"datePublished\":\"2025-12-01T17:23:56+00:00\",\"dateModified\":\"2025-12-01T17:23:58+00:00\",\"breadcrumb\":{\"@id\":\"https:\\\/\\\/www.meydan.tv\\\/az\\\/article\\\/amnesty-international-eli-k%c9%99rimlinin-h%c9%99bsi-il%c9%99-bagli-b%c9%99yanat-yayib\\\/#breadcrumb\"},\"inLanguage\":\"az\",\"potentialAction\":[{\"@type\":\"ReadAction\",\"target\":[\"https:\\\/\\\/www.meydan.tv\\\/az\\\/article\\\/amnesty-international-eli-k%c9%99rimlinin-h%c9%99bsi-il%c9%99-bagli-b%c9%99yanat-yayib\\\/\"]}]},{\"@type\":\"ImageObject\",\"inLanguage\":\"az\",\"@id\":\"https:\\\/\\\/www.meydan.tv\\\/az\\\/article\\\/amnesty-international-eli-k%c9%99rimlinin-h%c9%99bsi-il%c9%99-bagli-b%c9%99yanat-yayib\\\/#primaryimage\",\"url\":\"https:\\\/\\\/www.meydan.tv\\\/wp-content\\\/uploads\\\/shutterstock_1170052747.jpg\",\"contentUrl\":\"https:\\\/\\\/www.meydan.tv\\\/wp-content\\\/uploads\\\/shutterstock_1170052747.jpg\",\"width\":1200,\"height\":960,\"caption\":\"Foto: By Casimiro PT\\\/Shutterstock\"},{\"@type\":\"BreadcrumbList\",\"@id\":\"https:\\\/\\\/www.meydan.tv\\\/az\\\/article\\\/amnesty-international-eli-k%c9%99rimlinin-h%c9%99bsi-il%c9%99-bagli-b%c9%99yanat-yayib\\\/#breadcrumb\",\"itemListElement\":[{\"@type\":\"ListItem\",\"position\":1,\"name\":\"Ana s\u0259hif\u0259\",\"item\":\"https:\\\/\\\/www.meydan.tv\\\/az\\\/\"},{\"@type\":\"ListItem\",\"position\":2,\"name\":\"Siyas\u0259t\",\"item\":\"https:\\\/\\\/www.meydan.tv\\\/az\\\/section\\\/siyaset\\\/\"},{\"@type\":\"ListItem\",\"position\":3,\"name\":\"\u201cAmnesty International\u201d \u018fli K\u0259rimlinin h\u0259bsi il\u0259 ba\u011fl\u0131 b\u0259yanat yay\u0131b\"}]},{\"@type\":\"WebSite\",\"@id\":\"https:\\\/\\\/www.meydan.tv\\\/az\\\/#website\",\"url\":\"https:\\\/\\\/www.meydan.tv\\\/az\\\/\",\"name\":\"MEYDAN.TV\",\"description\":\"Meydan TV Az\u0259rbaycan\u0131n media m\u0259kan\u0131ndak\u0131 alternativ s\u0259sidir\",\"publisher\":{\"@id\":\"https:\\\/\\\/www.meydan.tv\\\/az\\\/#organization\"},\"potentialAction\":[{\"@type\":\"SearchAction\",\"target\":{\"@type\":\"EntryPoint\",\"urlTemplate\":\"https:\\\/\\\/www.meydan.tv\\\/az\\\/?s={search_term_string}\"},\"query-input\":{\"@type\":\"PropertyValueSpecification\",\"valueRequired\":true,\"valueName\":\"search_term_string\"}}],\"inLanguage\":\"az\"},{\"@type\":\"Organization\",\"@id\":\"https:\\\/\\\/www.meydan.tv\\\/az\\\/#organization\",\"name\":\"Meydan TV\",\"url\":\"https:\\\/\\\/www.meydan.tv\\\/az\\\/\",\"logo\":{\"@type\":\"ImageObject\",\"inLanguage\":\"az\",\"@id\":\"https:\\\/\\\/www.meydan.tv\\\/az\\\/#\\\/schema\\\/logo\\\/image\\\/\",\"url\":\"https:\\\/\\\/www.meydan.tv\\\/wp-content\\\/uploads\\\/2021\\\/07\\\/meydan-logo.svg\",\"contentUrl\":\"https:\\\/\\\/www.meydan.tv\\\/wp-content\\\/uploads\\\/2021\\\/07\\\/meydan-logo.svg\",\"width\":195,\"height\":46,\"caption\":\"Meydan TV\"},\"image\":{\"@id\":\"https:\\\/\\\/www.meydan.tv\\\/az\\\/#\\\/schema\\\/logo\\\/image\\\/\"}},{\"@type\":\"Person\",\"@id\":\"https:\\\/\\\/www.meydan.tv\\\/az\\\/#\\\/schema\\\/person\\\/09863e516102a829e72bedcf3f84c6b0\",\"name\":\"mahmud\"}]}<\/script>\n<!-- \/ Yoast SEO plugin. -->","yoast_head_json":{"title":"\u201cAmnesty International\u201d \u018fli K\u0259rimlinin h\u0259bsi il\u0259 ba\u011fl\u0131 b\u0259yanat yay\u0131b - MEYDAN.TV","robots":{"index":"index","follow":"follow","max-snippet":"max-snippet:-1","max-image-preview":"max-image-preview:large","max-video-preview":"max-video-preview:-1"},"canonical":"https:\/\/www.meydan.tv\/az\/article\/amnesty-international-eli-k%c9%99rimlinin-h%c9%99bsi-il%c9%99-bagli-b%c9%99yanat-yayib\/","og_locale":"az_AZ","og_type":"article","og_title":"\u201cAmnesty International\u201d \u018fli K\u0259rimlinin h\u0259bsi il\u0259 ba\u011fl\u0131 b\u0259yanat yay\u0131b - MEYDAN.TV","og_description":"\u201cAmnesty International\u201d Beyn\u0259lxalq Insan Haqlar\u0131 T\u0259\u015fkilat\u0131 Az\u0259rbaycan Xalq C\u0259bh\u0259si Partiyas\u0131n\u0131n ... Davam\u0131","og_url":"https:\/\/www.meydan.tv\/az\/article\/amnesty-international-eli-k%c9%99rimlinin-h%c9%99bsi-il%c9%99-bagli-b%c9%99yanat-yayib\/","og_site_name":"MEYDAN.TV","article_published_time":"2025-12-01T17:23:56+00:00","article_modified_time":"2025-12-01T17:23:58+00:00","og_image":[{"width":1200,"height":960,"url":"https:\/\/www.meydan.tv\/wp-content\/uploads\/shutterstock_1170052747.jpg","type":"image\/jpeg"}],"author":"mahmud","twitter_card":"summary_large_image","schema":{"@context":"https:\/\/schema.org","@graph":[{"@type":"Article","@id":"https:\/\/www.meydan.tv\/az\/article\/amnesty-international-eli-k%c9%99rimlinin-h%c9%99bsi-il%c9%99-bagli-b%c9%99yanat-yayib\/#article","isPartOf":{"@id":"https:\/\/www.meydan.tv\/az\/article\/amnesty-international-eli-k%c9%99rimlinin-h%c9%99bsi-il%c9%99-bagli-b%c9%99yanat-yayib\/"},"author":{"name":"mahmud","@id":"https:\/\/www.meydan.tv\/az\/#\/schema\/person\/09863e516102a829e72bedcf3f84c6b0"},"headline":"\u201cAmnesty International\u201d \u018fli K\u0259rimlinin h\u0259bsi il\u0259 ba\u011fl\u0131 b\u0259yanat yay\u0131b","datePublished":"2025-12-01T17:23:56+00:00","dateModified":"2025-12-01T17:23:58+00:00","mainEntityOfPage":{"@id":"https:\/\/www.meydan.tv\/az\/article\/amnesty-international-eli-k%c9%99rimlinin-h%c9%99bsi-il%c9%99-bagli-b%c9%99yanat-yayib\/"},"wordCount":474,"publisher":{"@id":"https:\/\/www.meydan.tv\/az\/#organization"},"image":{"@id":"https:\/\/www.meydan.tv\/az\/article\/amnesty-international-eli-k%c9%99rimlinin-h%c9%99bsi-il%c9%99-bagli-b%c9%99yanat-yayib\/#primaryimage"},"thumbnailUrl":"https:\/\/www.meydan.tv\/wp-content\/uploads\/shutterstock_1170052747.jpg","articleSection":["Siyas\u0259t","T\u00f6vsiy\u0259","X\u0259b\u0259rl\u0259r"],"inLanguage":"az"},{"@type":"WebPage","@id":"https:\/\/www.meydan.tv\/az\/article\/amnesty-international-eli-k%c9%99rimlinin-h%c9%99bsi-il%c9%99-bagli-b%c9%99yanat-yayib\/","url":"https:\/\/www.meydan.tv\/az\/article\/amnesty-international-eli-k%c9%99rimlinin-h%c9%99bsi-il%c9%99-bagli-b%c9%99yanat-yayib\/","name":"\u201cAmnesty International\u201d \u018fli K\u0259rimlinin h\u0259bsi il\u0259 ba\u011fl\u0131 b\u0259yanat yay\u0131b - MEYDAN.TV","isPartOf":{"@id":"https:\/\/www.meydan.tv\/az\/#website"},"primaryImageOfPage":{"@id":"https:\/\/www.meydan.tv\/az\/article\/amnesty-international-eli-k%c9%99rimlinin-h%c9%99bsi-il%c9%99-bagli-b%c9%99yanat-yayib\/#primaryimage"},"image":{"@id":"https:\/\/www.meydan.tv\/az\/article\/amnesty-international-eli-k%c9%99rimlinin-h%c9%99bsi-il%c9%99-bagli-b%c9%99yanat-yayib\/#primaryimage"},"thumbnailUrl":"https:\/\/www.meydan.tv\/wp-content\/uploads\/shutterstock_1170052747.jpg","datePublished":"2025-12-01T17:23:56+00:00","dateModified":"2025-12-01T17:23:58+00:00","breadcrumb":{"@id":"https:\/\/www.meydan.tv\/az\/article\/amnesty-international-eli-k%c9%99rimlinin-h%c9%99bsi-il%c9%99-bagli-b%c9%99yanat-yayib\/#breadcrumb"},"inLanguage":"az","potentialAction":[{"@type":"ReadAction","target":["https:\/\/www.meydan.tv\/az\/article\/amnesty-international-eli-k%c9%99rimlinin-h%c9%99bsi-il%c9%99-bagli-b%c9%99yanat-yayib\/"]}]},{"@type":"ImageObject","inLanguage":"az","@id":"https:\/\/www.meydan.tv\/az\/article\/amnesty-international-eli-k%c9%99rimlinin-h%c9%99bsi-il%c9%99-bagli-b%c9%99yanat-yayib\/#primaryimage","url":"https:\/\/www.meydan.tv\/wp-content\/uploads\/shutterstock_1170052747.jpg","contentUrl":"https:\/\/www.meydan.tv\/wp-content\/uploads\/shutterstock_1170052747.jpg","width":1200,"height":960,"caption":"Foto: By Casimiro PT\/Shutterstock"},{"@type":"BreadcrumbList","@id":"https:\/\/www.meydan.tv\/az\/article\/amnesty-international-eli-k%c9%99rimlinin-h%c9%99bsi-il%c9%99-bagli-b%c9%99yanat-yayib\/#breadcrumb","itemListElement":[{"@type":"ListItem","position":1,"name":"Ana s\u0259hif\u0259","item":"https:\/\/www.meydan.tv\/az\/"},{"@type":"ListItem","position":2,"name":"Siyas\u0259t","item":"https:\/\/www.meydan.tv\/az\/section\/siyaset\/"},{"@type":"ListItem","position":3,"name":"\u201cAmnesty International\u201d \u018fli K\u0259rimlinin h\u0259bsi il\u0259 ba\u011fl\u0131 b\u0259yanat yay\u0131b"}]},{"@type":"WebSite","@id":"https:\/\/www.meydan.tv\/az\/#website","url":"https:\/\/www.meydan.tv\/az\/","name":"MEYDAN.TV","description":"Meydan TV Az\u0259rbaycan\u0131n media m\u0259kan\u0131ndak\u0131 alternativ s\u0259sidir","publisher":{"@id":"https:\/\/www.meydan.tv\/az\/#organization"},"potentialAction":[{"@type":"SearchAction","target":{"@type":"EntryPoint","urlTemplate":"https:\/\/www.meydan.tv\/az\/?s={search_term_string}"},"query-input":{"@type":"PropertyValueSpecification","valueRequired":true,"valueName":"search_term_string"}}],"inLanguage":"az"},{"@type":"Organization","@id":"https:\/\/www.meydan.tv\/az\/#organization","name":"Meydan TV","url":"https:\/\/www.meydan.tv\/az\/","logo":{"@type":"ImageObject","inLanguage":"az","@id":"https:\/\/www.meydan.tv\/az\/#\/schema\/logo\/image\/","url":"https:\/\/www.meydan.tv\/wp-content\/uploads\/2021\/07\/meydan-logo.svg","contentUrl":"https:\/\/www.meydan.tv\/wp-content\/uploads\/2021\/07\/meydan-logo.svg","width":195,"height":46,"caption":"Meydan TV"},"image":{"@id":"https:\/\/www.meydan.tv\/az\/#\/schema\/logo\/image\/"}},{"@type":"Person","@id":"https:\/\/www.meydan.tv\/az\/#\/schema\/person\/09863e516102a829e72bedcf3f84c6b0","name":"mahmud"}]}},"_links":{"self":[{"href":"https:\/\/www.meydan.tv\/az\/wp-json\/wp\/v2\/posts\/338463","targetHints":{"allow":["GET"]}}],"collection":[{"href":"https:\/\/www.meydan.tv\/az\/wp-json\/wp\/v2\/posts"}],"about":[{"href":"https:\/\/www.meydan.tv\/az\/wp-json\/wp\/v2\/types\/post"}],"author":[{"embeddable":true,"href":"https:\/\/www.meydan.tv\/az\/wp-json\/wp\/v2\/users\/21"}],"replies":[{"embeddable":true,"href":"https:\/\/www.meydan.tv\/az\/wp-json\/wp\/v2\/comments?post=338463"}],"version-history":[{"count":1,"href":"https:\/\/www.meydan.tv\/az\/wp-json\/wp\/v2\/posts\/338463\/revisions"}],"predecessor-version":[{"id":338464,"href":"https:\/\/www.meydan.tv\/az\/wp-json\/wp\/v2\/posts\/338463\/revisions\/338464"}],"wp:featuredmedia":[{"embeddable":true,"href":"https:\/\/www.meydan.tv\/az\/wp-json\/wp\/v2\/media\/229428"}],"wp:attachment":[{"href":"https:\/\/www.meydan.tv\/az\/wp-json\/wp\/v2\/media?parent=338463"}],"wp:term":[{"taxonomy":"category","embeddable":true,"href":"https:\/\/www.meydan.tv\/az\/wp-json\/wp\/v2\/categories?post=338463"},{"taxonomy":"post_tag","embeddable":true,"href":"https:\/\/www.meydan.tv\/az\/wp-json\/wp\/v2\/tags?post=338463"}],"curies":[{"name":"wp","href":"https:\/\/api.w.org\/{rel}","templated":true}]}}