{"id":338440,"date":"2025-12-01T18:47:47","date_gmt":"2025-12-01T14:47:47","guid":{"rendered":"https:\/\/www.meydan.tv\/?p=338440"},"modified":"2025-12-01T18:54:00","modified_gmt":"2025-12-01T14:54:00","slug":"muxalif%c9%99t%c9%99-qarsi-son-basqilar-axcp-v%c9%99-milli-sura-f%c9%99aliyy%c9%99tini-davam-etdir%c9%99-bil%c9%99c%c9%99kmi","status":"publish","type":"post","link":"https:\/\/www.meydan.tv\/az\/article\/muxalif%c9%99t%c9%99-qarsi-son-basqilar-axcp-v%c9%99-milli-sura-f%c9%99aliyy%c9%99tini-davam-etdir%c9%99-bil%c9%99c%c9%99kmi\/","title":{"rendered":"M\u00fcxalif\u0259t\u0259 qar\u015f\u0131 son basq\u0131lar: AXCP v\u0259 Milli \u015eura f\u0259aliyy\u0259tini davam etdir\u0259 bil\u0259c\u0259kmi?"},"content":{"rendered":"\n<p><strong>Az\u0259rbaycan Xalq C\u0259bh\u0259si Partiyas\u0131n\u0131n (AXCP) s\u0259dri \u018fli K\u0259rimli v\u0259 R\u0259yas\u0259t Hey\u0259tinin \u00fczv\u00fc M\u0259mm\u0259d \u0130brahim bar\u0259sind\u0259 bu g\u00fcn h\u0259bs q\u0259timkan t\u0259dbiri <a href=\"https:\/\/www.meydan.tv\/az\/article\/eli-k%c9%99rimli-h%c9%99bs-olundu\/\">se\u00e7ildi<\/a>. \u00a0<\/strong><\/p>\n\n\n\n<p>Siyas\u0259t\u00e7il\u0259r noyabr\u0131n 29-da D\u00f6vl\u0259t T\u0259hl\u00fck\u0259sizliyi Xidm\u0259ti t\u0259r\u0259find\u0259n (DTX) t\u0259r\u0259find\u0259n saxlan\u0131lm\u0131\u015fd\u0131lar.\u00a0<\/p>\n\n\n\n<p>\u018fli K\u0259rimli v\u0259 M\u0259mm\u0259d \u0130brahim\u0259 qar\u015f\u0131 hakimiyy\u0259ti zorla \u0259l\u0259 ke\u00e7irm\u0259y\u0259, d\u00f6vl\u0259tin konstitusiya qurulu\u015funu zorla d\u0259yi\u015fdirm\u0259y\u0259 y\u00f6n\u0259l\u0259n h\u0259r\u0259k\u0259tl\u0259r madd\u0259si il\u0259 ittiham ir\u0259li s\u00fcr\u00fcl\u00fcb.<\/p>\n\n\n\n<p>Bir \u00e7ox media orqanlar\u0131 son ba\u015f ver\u0259n hadis\u0259l\u0259rin Prezident Administrasiyas\u0131n\u0131n sabiq r\u0259hb\u0259ri Ramiz Mehdiyevin DTX-da istintaq olunan cinay\u0259t i\u015fi il\u0259 \u0259laq\u0259dar oldu\u011funu bildirirl\u0259r.&nbsp;<\/p>\n\n\n\n<pre class=\"wp-block-preformatted\">Ramiz Mehdiyev Cinay\u0259t M\u0259c\u0259ll\u0259sinin d\u00f6vl\u0259t hakimiyy\u0259tini \u0259l\u0259 ke\u00e7irm\u0259y\u0259 y\u00f6n\u0259l\u0259n \u0259m\u0259ll\u0259r, d\u00f6vl\u0259t\u0259 x\u0259yan\u0259t v\u0259 cinay\u0259t yolu il\u0259 \u0259ld\u0259 edilmi\u015f \u0259mlak\u0131 leqalla\u015fd\u0131rma madd\u0259l\u0259ri il\u0259 ittiham olunur. Onun bar\u0259sind\u0259 oktyabr\u0131n 14-d\u0259 4 ayl\u0131q ev dustaql\u0131\u011f\u0131 q\u0259timkan t\u0259dbiri se\u00e7ilib.<\/pre>\n\n\n\n<p>Noyabr\u0131n 29-da h\u0259m\u00e7inin AXCP-nin bir ne\u00e7\u0259 funksioneri, h\u0259m\u00e7inin 2019-cu ild\u0259 AXCP s\u0259dri \u018fli K\u0259rimliy\u0259 maddi yard\u0131m g\u00f6st\u0259rm\u0259kd\u0259 ittiham olunaraq 7 il 3 ay azadl\u0131qdan m\u0259hrum edil\u0259n, bir m\u00fcdd\u0259t sonra is\u0259 azadl\u0131\u011fa burax\u0131lan Saleh R\u00fcst\u0259mov da DTX \u0259m\u0259kda\u015flar\u0131 t\u0259r\u0259find\u0259n saxlan\u0131l\u0131b. Onlar sonradan s\u0259rb\u0259st burax\u0131l\u0131blar.<\/p>\n\n\n\n<p>DTX-ya \u00e7a\u011f\u0131r\u0131lanlar aras\u0131nda Demokratik Q\u00fcvv\u0259l\u0259rin Milli \u015euras\u0131n\u0131n s\u0259dri C\u0259mil H\u0259s\u0259nli d\u0259 var. O, noyabr\u0131n 30-da \u015fahid qismind\u0259 dindirildikd\u0259n sonra s\u0259rb\u0259st burax\u0131l\u0131b.<\/p>\n\n\n\n<p>Noyabr\u0131n 30-na ke\u00e7\u0259n gec\u0259 haz\u0131rda \u0130stanbulda olan Milli \u015euran\u0131n Koordinasiya \u015euras\u0131n\u0131n \u00fczv\u00fc\u00a0 G\u00fclt\u0259kin Hac\u0131b\u0259yli d\u0259 T\u00fcrkiy\u0259 h\u00fcquq-m\u00fchafiz\u0259 orqanlar\u0131 t\u0259r\u0259find\u0259n saxlan\u0131ld\u0131\u011f\u0131n\u0131 \u00f6z\u00fcn\u00fcn \u201cFacebook\u201d hesab\u0131nda yazaraq <a href=\"https:\/\/storage.googleapis.com\/qurium\/www.meydan.tv\/az-article-gult%c9%99kin-hacib%c9%99ylinin-turkiy%c9%99d%c9%99-saxlanildigi-deportasiya-olunacagi-bildirilir.html\" target=\"_blank\" rel=\"noreferrer noopener nofollow\">bildirib.<\/a>\u00a0<\/p>\n\n\n\n<p>H\u00fcquq m\u00fchafiz\u0259 orqanlar\u0131n\u0131n \u00f6lk\u0259nin apar\u0131c\u0131 m\u00fcxalif\u0259t partiyas\u0131na v\u0259 t\u0259\u015fkilat\u0131na qar\u015f\u0131 apard\u0131\u011f\u0131 bu \u0259m\u0259liyyatdan sonra AXCP v\u0259 Demokratik Q\u00fcvv\u0259l\u0259rin Milli \u015euras\u0131 f\u0259aliyy\u0259tini davam etdir\u0259 bil\u0259c\u0259kmi?<\/p>\n\n\n\n<h4 class=\"wp-block-heading\">&#8220;<strong>Partiya kollegial idar\u0259 olunurdu, b\u00fct\u00fcn strukturlar\u0131 yerind\u0259dir<\/strong>&#8220;<\/h4>\n\n\n\n<p>Az\u0259rbaycan Xalq C\u0259bh\u0259si Partiyas\u0131n\u0131n s\u0259dr m\u00fcavini Seymur H\u0259zi Meydan TV-y\u0259 bildirib ki, partiya f\u0259aliyy\u0259tini&nbsp; \u0259vv\u0259lki qaydada davam etdir\u0259c\u0259k:<\/p>\n\n\n<div class=\"wp-block-image\">\n<figure class=\"alignleft size-large is-resized\"><img decoding=\"async\" width=\"1200\" height=\"675\" data-src=\"https:\/\/www.meydan.tv\/wp-content\/uploads\/untitled_artwork_5iccn6j-1200x675.jpg\" alt=\"Seymur H\u0259zi\" class=\"wp-image-129937 lazyload\" style=\"--smush-placeholder-width: 1200px; --smush-placeholder-aspect-ratio: 1200\/675;width:407px;height:auto\" src=\"data:image\/svg+xml;base64,PHN2ZyB3aWR0aD0iMSIgaGVpZ2h0PSIxIiB4bWxucz0iaHR0cDovL3d3dy53My5vcmcvMjAwMC9zdmciPjwvc3ZnPg==\" \/><figcaption class=\"wp-element-caption\">Seymur H\u0259zi, Foto:: Meydan TV<\/figcaption><\/figure>\n<\/div>\n\n\n<p><em>\u201cAXCP-y\u0259 qar\u015f\u0131 h\u00f6kum\u0259tin planlar\u0131n\u0131 h\u0259r zaman g\u00f6zl\u0259mi\u015fik v\u0259 \u018fli K\u0259rimlinin h\u0259bsi bu prosesin bir hiss\u0259sidir. H\u00f6kum\u0259tin sovet ittifaq\u0131ndan \u00fcz\u00fc b\u0259ri Xalq C\u0259bh\u0259sin\u0259 qar\u015f\u0131 bu c\u00fcr sui-q\u0259sd planlar\u0131 olub v\u0259 olacaq. Ona g\u00f6r\u0259 d\u0259 bu bizi q\u0259tiyy\u0259n narahat etmir. 2020-ci ild\u0259 partiyan\u0131n R\u0259yas\u0259t Hey\u0259tinin \u00fc\u00e7d\u0259 ikisi h\u0259bs olunmu\u015fdu. Partiya yen\u0259 fa\u0259liyy\u0259tini g\u00f6st\u0259rirdi. Sad\u0259c\u0259, blokadada idi, partiya faktiki s\u0259drin i\u015ftirak\u0131 olmadan idar\u0259 olunub. Biz art\u0131q bu t\u0259cr\u00fcb\u0259y\u0259 malikik\u201d.&nbsp;<\/em><\/p>\n\n\n\n<p>Seymur H\u0259zi bildirib ki, partiya \u00fczvl\u0259ri \u018fli K\u0259rimlinin azadl\u0131\u011fa burax\u0131lmas\u0131 \u00fc\u00e7\u00fcn m\u00fcbariz\u0259ni davam etdir\u0259c\u0259kl\u0259r:<\/p>\n\n\n\n<p><em>\u201cH\u0259bsl\u0259r davam ets\u0259 d\u0259, sivil, demokratik, h\u00fcquqi m\u00fcbariz\u0259mizi davam etdir\u0259c\u0259yik. Partiyan\u0131n nizamnam\u0259si v\u0259 proqram s\u0259n\u0259dl\u0259ri partiya \u00fczvl\u0259rinin m\u00fcbariz\u0259 aparmas\u0131 \u00fc\u00e7\u00fcn bir yol x\u0259rit\u0259si rolunu oynay\u0131r v\u0259 t\u0259cr\u00fcb\u0259li siyas\u0259t\u00e7il\u0259r AXCP-d\u0259 m\u00fcbariz\u0259ni davam etdir\u0259c\u0259kl\u0259r. Partiya kollegial idar\u0259 olunurdu, b\u00fct\u00fcn strukturlar\u0131 yerind\u0259dir. Bundan sonra da f\u0259aliyy\u0259tini nizamnam\u0259sin\u0259 uy\u011fun davam etdir\u0259c\u0259k\u201d.<\/em><\/p>\n\n\n\n<h4 class=\"wp-block-heading\">&#8220;<strong>G\u00f6r\u0259k, ba\u015f\u0131m\u0131za n\u0259 g\u0259lir\u2026<\/strong>&#8220;<\/h4>\n\n\n\n<p>Demokratik Q\u00fcvv\u0259l\u0259rin Milli \u015euras\u0131n\u0131n s\u0259dri C\u0259mil H\u0259s\u0259nli t\u0259\u015fkilat\u0131n g\u0259l\u0259c\u0259k aqib\u0259ti il\u0259 ba\u011fl\u0131 qeyri-m\u00fc\u0259yy\u0259n fikird\u0259dir:<\/p>\n\n\n<div class=\"wp-block-image\">\n<figure class=\"alignright size-full is-resized\"><img decoding=\"async\" width=\"1200\" height=\"800\" data-src=\"https:\/\/www.meydan.tv\/wp-content\/uploads\/jamil-hasanli-6.jpg\" alt=\"C\u0259mil H\u0259s\u0259nli, Foto: Meydan TV\" class=\"wp-image-226590 lazyload\" style=\"--smush-placeholder-width: 1200px; --smush-placeholder-aspect-ratio: 1200\/800;width:393px;height:auto\" src=\"data:image\/svg+xml;base64,PHN2ZyB3aWR0aD0iMSIgaGVpZ2h0PSIxIiB4bWxucz0iaHR0cDovL3d3dy53My5vcmcvMjAwMC9zdmciPjwvc3ZnPg==\" \/><figcaption class=\"wp-element-caption\">C\u0259mil H\u0259s\u0259nli, Foto: Meydan TV <\/figcaption><\/figure>\n<\/div>\n\n\n<p><em>&nbsp;\u201cMilli \u015euran\u0131n bundan sonrak\u0131 f\u0259aliyy\u0259ti il\u0259 ba\u011fl\u0131 konkret bir fikrim yoxdur. G\u00f6r\u0259k, ba\u015f\u0131m\u0131za n\u0259 g\u0259lir, sonras\u0131nda bir \u015fey fikirl\u0259\u015f\u0259rik. Milli \u015eura ictimai t\u0259\u015fkilatd\u0131r v\u0259 r\u0259smi qeydiyyat\u0131 yoxdur. Qeyri-h\u00f6kum\u0259t t\u0259\u015fkilat\u0131 olmad\u0131\u011f\u0131 \u00fc\u00e7\u00fcn r\u0259smi \u00fczvl\u00fck v\u0259siq\u0259si m\u00f6vcud deyil. T\u0259\u015fkilat yaln\u0131z ictimai \u0259saslarla f\u0259aliyy\u0259t g\u00f6st\u0259rir. Ona g\u00f6r\u0259 d\u0259 \u015euran\u0131n burax\u0131b-buraxmama\u011f\u0131n hans\u0131sa bir siyasi anlam\u0131 yoxdur. M\u00fcbariz\u0259y\u0259 g\u0259linc\u0259, h\u0259r halda h\u0259bs olunmasaq, s\u00f6z\u00fcm\u00fcz\u00fc dey\u0259c\u0259yik\u201d.<\/em><\/p>\n\n\n\n<p><\/p>\n\n\n\n<h4 class=\"wp-block-heading\"><strong>Deputat: \u201cAXCP-nin qeydiyyat m\u0259s\u0259l\u0259sin\u0259 yenid\u0259n bax\u0131lmal\u0131d\u0131r\u201d&nbsp;<\/strong><\/h4>\n\n\n\n<p>Milli M\u0259clisin H\u00fcquq siyas\u0259ti v\u0259 d\u00f6vl\u0259t quruculu\u011fu komit\u0259sinin s\u0259dri \u018fli H\u00fcseynli is\u0259 deyib ki, indiki ara\u015fd\u0131rmalar\u0131n n\u0259tic\u0259si kimi qanunvericiliy\u0259 uy\u011fun olaraq AXCP-nin qeydiyyat m\u0259s\u0259l\u0259sin\u0259 yenid\u0259n <a href=\"https:\/\/modern.az\/az\/olke\/547894\/eli-kerimlinin-partiyasi-legv-oluna-biler\/\">bax\u0131lmal\u0131d\u0131r:<\/a><\/p>\n\n\n<div class=\"wp-block-image\">\n<figure class=\"alignleft size-full is-resized\"><img decoding=\"async\" width=\"987\" height=\"669\" data-src=\"https:\/\/www.meydan.tv\/wp-content\/uploads\/modern.az_eli_80.jpg\" alt=\"\u018fli H\u00fcseynli\" class=\"wp-image-141395 lazyload\" style=\"--smush-placeholder-width: 987px; --smush-placeholder-aspect-ratio: 987\/669;width:396px;height:auto\" src=\"data:image\/svg+xml;base64,PHN2ZyB3aWR0aD0iMSIgaGVpZ2h0PSIxIiB4bWxucz0iaHR0cDovL3d3dy53My5vcmcvMjAwMC9zdmciPjwvc3ZnPg==\" \/><figcaption class=\"wp-element-caption\">\u018fli H\u00fcseynli. Foto: Report.az<\/figcaption><\/figure>\n<\/div>\n\n\n<p><em>\u201cPostsovet \u00f6lk\u0259l\u0259rinin \u00e7oxunda bu tip siyasi partiyalar ya l\u0259\u011fv edilib, ya da art\u0131q f\u0259aliyy\u0259t g\u00f6st\u0259rmir. Az\u0259rbaycanda da \u201cSiyasi partiyalar haqq\u0131nda\u201d yeni qanun q\u0259bul edildikd\u0259n sonra siyasi s\u0259hn\u0259d\u0259 yeni v\u0259ziyy\u0259t v\u0259 yeni dialoq m\u00fchiti yarand\u0131. Bu \u015f\u0259raitd\u0259 AXCP kimi bir partiyan\u0131n yenid\u0259n qeydiyyatdan ke\u00e7m\u0259si m\u0259n\u0259 t\u0259\u0259cc\u00fcbl\u00fc g\u00f6r\u00fcnd\u00fc. \u00c7\u00fcnki h\u0259min partiya \u0130kinci Qaraba\u011f m\u00fcharib\u0259sind\u0259 Az\u0259rbaycan\u0131n qazand\u0131\u011f\u0131 q\u0259l\u0259b\u0259ni bel\u0259 q\u0259bul etmirdi. Ola bilsin, bu onlar\u0131n son \u015fans\u0131 idi. T\u0259\u0259ss\u00fcf ki, g\u00f6r\u00fcn\u00fcr, bu \u015fansdan da d\u00fczg\u00fcn istifad\u0259 etm\u0259dil\u0259r\u201d,-<\/em> deputat bel\u0259 deyib.&nbsp;<\/p>\n","protected":false},"excerpt":{"rendered":"<p>Az\u0259rbaycan Xalq C\u0259bh\u0259si Partiyas\u0131n\u0131n (AXCP) s\u0259dri \u018fli K\u0259rimli v\u0259 R\u0259yas\u0259t &#8230; <\/p>\n<p class=\"read-more-container\"><a title=\"M\u00fcxalif\u0259t\u0259 qar\u015f\u0131 son basq\u0131lar: AXCP v\u0259 Milli \u015eura f\u0259aliyy\u0259tini davam etdir\u0259 bil\u0259c\u0259kmi?\" class=\"read-more button\" href=\"https:\/\/www.meydan.tv\/az\/article\/muxalif%c9%99t%c9%99-qarsi-son-basqilar-axcp-v%c9%99-milli-sura-f%c9%99aliyy%c9%99tini-davam-etdir%c9%99-bil%c9%99c%c9%99kmi\/#more-338440\" aria-label=\"Read more about M\u00fcxalif\u0259t\u0259 qar\u015f\u0131 son basq\u0131lar: AXCP v\u0259 Milli \u015eura f\u0259aliyy\u0259tini davam etdir\u0259 bil\u0259c\u0259kmi?\">Davam\u0131<\/a><\/p>\n","protected":false},"author":21,"featured_media":338442,"comment_status":"closed","ping_status":"closed","sticky":false,"template":"","format":"standard","meta":{"_acf_changed":false,"_sitemap_exclude":false,"_sitemap_priority":"","_sitemap_frequency":"","footnotes":""},"categories":[88,59,79,56],"tags":[],"class_list":["post-338440","post","type-post","status-publish","format-standard","has-post-thumbnail","hentry","category-redaktor-secimi","category-siyaset","category-featured","category-xeberler","infinite-scroll-item","generate-columns","tablet-grid-50","mobile-grid-100","grid-parent","grid-33","no-featured-image-padding"],"acf":[],"yoast_head":"<!-- This site is optimized with the Yoast SEO plugin v27.5 - https:\/\/yoast.com\/product\/yoast-seo-wordpress\/ -->\n<title>M\u00fcxalif\u0259t\u0259 qar\u015f\u0131 son basq\u0131lar: AXCP v\u0259 Milli \u015eura f\u0259aliyy\u0259tini davam etdir\u0259 bil\u0259c\u0259kmi? - MEYDAN.TV<\/title>\n<meta name=\"robots\" content=\"index, follow, max-snippet:-1, max-image-preview:large, max-video-preview:-1\" \/>\n<link rel=\"canonical\" href=\"https:\/\/www.meydan.tv\/az\/article\/muxalif%c9%99t%c9%99-qarsi-son-basqilar-axcp-v%c9%99-milli-sura-f%c9%99aliyy%c9%99tini-davam-etdir%c9%99-bil%c9%99c%c9%99kmi\/\" \/>\n<meta property=\"og:locale\" content=\"az_AZ\" \/>\n<meta property=\"og:type\" content=\"article\" \/>\n<meta property=\"og:title\" content=\"M\u00fcxalif\u0259t\u0259 qar\u015f\u0131 son basq\u0131lar: AXCP v\u0259 Milli \u015eura f\u0259aliyy\u0259tini davam etdir\u0259 bil\u0259c\u0259kmi? - MEYDAN.TV\" \/>\n<meta property=\"og:description\" content=\"Az\u0259rbaycan Xalq C\u0259bh\u0259si Partiyas\u0131n\u0131n (AXCP) s\u0259dri \u018fli K\u0259rimli v\u0259 R\u0259yas\u0259t ... Davam\u0131\" \/>\n<meta property=\"og:url\" content=\"https:\/\/www.meydan.tv\/az\/article\/muxalif%c9%99t%c9%99-qarsi-son-basqilar-axcp-v%c9%99-milli-sura-f%c9%99aliyy%c9%99tini-davam-etdir%c9%99-bil%c9%99c%c9%99kmi\/\" \/>\n<meta property=\"og:site_name\" content=\"MEYDAN.TV\" \/>\n<meta property=\"article:published_time\" content=\"2025-12-01T14:47:47+00:00\" \/>\n<meta property=\"article:modified_time\" content=\"2025-12-01T14:54:00+00:00\" \/>\n<meta property=\"og:image\" content=\"https:\/\/www.meydan.tv\/wp-content\/uploads\/image-1-5-1200x800.png\" \/>\n\t<meta property=\"og:image:width\" content=\"1200\" \/>\n\t<meta property=\"og:image:height\" content=\"800\" \/>\n\t<meta property=\"og:image:type\" content=\"image\/png\" \/>\n<meta name=\"author\" content=\"mahmud\" \/>\n<meta name=\"twitter:card\" content=\"summary_large_image\" \/>\n<script type=\"application\/ld+json\" class=\"yoast-schema-graph\">{\"@context\":\"https:\\\/\\\/schema.org\",\"@graph\":[{\"@type\":\"Article\",\"@id\":\"https:\\\/\\\/www.meydan.tv\\\/az\\\/article\\\/muxalif%c9%99t%c9%99-qarsi-son-basqilar-axcp-v%c9%99-milli-sura-f%c9%99aliyy%c9%99tini-davam-etdir%c9%99-bil%c9%99c%c9%99kmi\\\/#article\",\"isPartOf\":{\"@id\":\"https:\\\/\\\/www.meydan.tv\\\/az\\\/article\\\/muxalif%c9%99t%c9%99-qarsi-son-basqilar-axcp-v%c9%99-milli-sura-f%c9%99aliyy%c9%99tini-davam-etdir%c9%99-bil%c9%99c%c9%99kmi\\\/\"},\"author\":{\"name\":\"mahmud\",\"@id\":\"https:\\\/\\\/www.meydan.tv\\\/az\\\/#\\\/schema\\\/person\\\/09863e516102a829e72bedcf3f84c6b0\"},\"headline\":\"M\u00fcxalif\u0259t\u0259 qar\u015f\u0131 son basq\u0131lar: AXCP v\u0259 Milli \u015eura f\u0259aliyy\u0259tini davam etdir\u0259 bil\u0259c\u0259kmi?\",\"datePublished\":\"2025-12-01T14:47:47+00:00\",\"dateModified\":\"2025-12-01T14:54:00+00:00\",\"mainEntityOfPage\":{\"@id\":\"https:\\\/\\\/www.meydan.tv\\\/az\\\/article\\\/muxalif%c9%99t%c9%99-qarsi-son-basqilar-axcp-v%c9%99-milli-sura-f%c9%99aliyy%c9%99tini-davam-etdir%c9%99-bil%c9%99c%c9%99kmi\\\/\"},\"wordCount\":976,\"publisher\":{\"@id\":\"https:\\\/\\\/www.meydan.tv\\\/az\\\/#organization\"},\"image\":{\"@id\":\"https:\\\/\\\/www.meydan.tv\\\/az\\\/article\\\/muxalif%c9%99t%c9%99-qarsi-son-basqilar-axcp-v%c9%99-milli-sura-f%c9%99aliyy%c9%99tini-davam-etdir%c9%99-bil%c9%99c%c9%99kmi\\\/#primaryimage\"},\"thumbnailUrl\":\"https:\\\/\\\/www.meydan.tv\\\/wp-content\\\/uploads\\\/image-1-5.png\",\"articleSection\":[\"Redaktor se\u00e7imi\",\"Siyas\u0259t\",\"T\u00f6vsiy\u0259\",\"X\u0259b\u0259rl\u0259r\"],\"inLanguage\":\"az\"},{\"@type\":\"WebPage\",\"@id\":\"https:\\\/\\\/www.meydan.tv\\\/az\\\/article\\\/muxalif%c9%99t%c9%99-qarsi-son-basqilar-axcp-v%c9%99-milli-sura-f%c9%99aliyy%c9%99tini-davam-etdir%c9%99-bil%c9%99c%c9%99kmi\\\/\",\"url\":\"https:\\\/\\\/www.meydan.tv\\\/az\\\/article\\\/muxalif%c9%99t%c9%99-qarsi-son-basqilar-axcp-v%c9%99-milli-sura-f%c9%99aliyy%c9%99tini-davam-etdir%c9%99-bil%c9%99c%c9%99kmi\\\/\",\"name\":\"M\u00fcxalif\u0259t\u0259 qar\u015f\u0131 son basq\u0131lar: AXCP v\u0259 Milli \u015eura f\u0259aliyy\u0259tini davam etdir\u0259 bil\u0259c\u0259kmi? - MEYDAN.TV\",\"isPartOf\":{\"@id\":\"https:\\\/\\\/www.meydan.tv\\\/az\\\/#website\"},\"primaryImageOfPage\":{\"@id\":\"https:\\\/\\\/www.meydan.tv\\\/az\\\/article\\\/muxalif%c9%99t%c9%99-qarsi-son-basqilar-axcp-v%c9%99-milli-sura-f%c9%99aliyy%c9%99tini-davam-etdir%c9%99-bil%c9%99c%c9%99kmi\\\/#primaryimage\"},\"image\":{\"@id\":\"https:\\\/\\\/www.meydan.tv\\\/az\\\/article\\\/muxalif%c9%99t%c9%99-qarsi-son-basqilar-axcp-v%c9%99-milli-sura-f%c9%99aliyy%c9%99tini-davam-etdir%c9%99-bil%c9%99c%c9%99kmi\\\/#primaryimage\"},\"thumbnailUrl\":\"https:\\\/\\\/www.meydan.tv\\\/wp-content\\\/uploads\\\/image-1-5.png\",\"datePublished\":\"2025-12-01T14:47:47+00:00\",\"dateModified\":\"2025-12-01T14:54:00+00:00\",\"breadcrumb\":{\"@id\":\"https:\\\/\\\/www.meydan.tv\\\/az\\\/article\\\/muxalif%c9%99t%c9%99-qarsi-son-basqilar-axcp-v%c9%99-milli-sura-f%c9%99aliyy%c9%99tini-davam-etdir%c9%99-bil%c9%99c%c9%99kmi\\\/#breadcrumb\"},\"inLanguage\":\"az\",\"potentialAction\":[{\"@type\":\"ReadAction\",\"target\":[\"https:\\\/\\\/www.meydan.tv\\\/az\\\/article\\\/muxalif%c9%99t%c9%99-qarsi-son-basqilar-axcp-v%c9%99-milli-sura-f%c9%99aliyy%c9%99tini-davam-etdir%c9%99-bil%c9%99c%c9%99kmi\\\/\"]}]},{\"@type\":\"ImageObject\",\"inLanguage\":\"az\",\"@id\":\"https:\\\/\\\/www.meydan.tv\\\/az\\\/article\\\/muxalif%c9%99t%c9%99-qarsi-son-basqilar-axcp-v%c9%99-milli-sura-f%c9%99aliyy%c9%99tini-davam-etdir%c9%99-bil%c9%99c%c9%99kmi\\\/#primaryimage\",\"url\":\"https:\\\/\\\/www.meydan.tv\\\/wp-content\\\/uploads\\\/image-1-5.png\",\"contentUrl\":\"https:\\\/\\\/www.meydan.tv\\\/wp-content\\\/uploads\\\/image-1-5.png\",\"width\":1800,\"height\":1200,\"caption\":\"C\u0259mil H\u0259s\u0259nli v\u0259 \u018fli K\u0259rimli \\\"M\u0259hsul\\\" stadionundak\u0131 mitinqd\u0259. Foto: \u018fziz K\u0259rimov\"},{\"@type\":\"BreadcrumbList\",\"@id\":\"https:\\\/\\\/www.meydan.tv\\\/az\\\/article\\\/muxalif%c9%99t%c9%99-qarsi-son-basqilar-axcp-v%c9%99-milli-sura-f%c9%99aliyy%c9%99tini-davam-etdir%c9%99-bil%c9%99c%c9%99kmi\\\/#breadcrumb\",\"itemListElement\":[{\"@type\":\"ListItem\",\"position\":1,\"name\":\"Ana s\u0259hif\u0259\",\"item\":\"https:\\\/\\\/www.meydan.tv\\\/az\\\/\"},{\"@type\":\"ListItem\",\"position\":2,\"name\":\"Siyas\u0259t\",\"item\":\"https:\\\/\\\/www.meydan.tv\\\/az\\\/section\\\/siyaset\\\/\"},{\"@type\":\"ListItem\",\"position\":3,\"name\":\"M\u00fcxalif\u0259t\u0259 qar\u015f\u0131 son basq\u0131lar: AXCP v\u0259 Milli \u015eura f\u0259aliyy\u0259tini davam etdir\u0259 bil\u0259c\u0259kmi?\"}]},{\"@type\":\"WebSite\",\"@id\":\"https:\\\/\\\/www.meydan.tv\\\/az\\\/#website\",\"url\":\"https:\\\/\\\/www.meydan.tv\\\/az\\\/\",\"name\":\"MEYDAN.TV\",\"description\":\"Meydan TV Az\u0259rbaycan\u0131n media m\u0259kan\u0131ndak\u0131 alternativ s\u0259sidir\",\"publisher\":{\"@id\":\"https:\\\/\\\/www.meydan.tv\\\/az\\\/#organization\"},\"potentialAction\":[{\"@type\":\"SearchAction\",\"target\":{\"@type\":\"EntryPoint\",\"urlTemplate\":\"https:\\\/\\\/www.meydan.tv\\\/az\\\/?s={search_term_string}\"},\"query-input\":{\"@type\":\"PropertyValueSpecification\",\"valueRequired\":true,\"valueName\":\"search_term_string\"}}],\"inLanguage\":\"az\"},{\"@type\":\"Organization\",\"@id\":\"https:\\\/\\\/www.meydan.tv\\\/az\\\/#organization\",\"name\":\"Meydan TV\",\"url\":\"https:\\\/\\\/www.meydan.tv\\\/az\\\/\",\"logo\":{\"@type\":\"ImageObject\",\"inLanguage\":\"az\",\"@id\":\"https:\\\/\\\/www.meydan.tv\\\/az\\\/#\\\/schema\\\/logo\\\/image\\\/\",\"url\":\"https:\\\/\\\/www.meydan.tv\\\/wp-content\\\/uploads\\\/2021\\\/07\\\/meydan-logo.svg\",\"contentUrl\":\"https:\\\/\\\/www.meydan.tv\\\/wp-content\\\/uploads\\\/2021\\\/07\\\/meydan-logo.svg\",\"width\":195,\"height\":46,\"caption\":\"Meydan TV\"},\"image\":{\"@id\":\"https:\\\/\\\/www.meydan.tv\\\/az\\\/#\\\/schema\\\/logo\\\/image\\\/\"}},{\"@type\":\"Person\",\"@id\":\"https:\\\/\\\/www.meydan.tv\\\/az\\\/#\\\/schema\\\/person\\\/09863e516102a829e72bedcf3f84c6b0\",\"name\":\"mahmud\"}]}<\/script>\n<!-- \/ Yoast SEO plugin. -->","yoast_head_json":{"title":"M\u00fcxalif\u0259t\u0259 qar\u015f\u0131 son basq\u0131lar: AXCP v\u0259 Milli \u015eura f\u0259aliyy\u0259tini davam etdir\u0259 bil\u0259c\u0259kmi? - MEYDAN.TV","robots":{"index":"index","follow":"follow","max-snippet":"max-snippet:-1","max-image-preview":"max-image-preview:large","max-video-preview":"max-video-preview:-1"},"canonical":"https:\/\/www.meydan.tv\/az\/article\/muxalif%c9%99t%c9%99-qarsi-son-basqilar-axcp-v%c9%99-milli-sura-f%c9%99aliyy%c9%99tini-davam-etdir%c9%99-bil%c9%99c%c9%99kmi\/","og_locale":"az_AZ","og_type":"article","og_title":"M\u00fcxalif\u0259t\u0259 qar\u015f\u0131 son basq\u0131lar: AXCP v\u0259 Milli \u015eura f\u0259aliyy\u0259tini davam etdir\u0259 bil\u0259c\u0259kmi? - MEYDAN.TV","og_description":"Az\u0259rbaycan Xalq C\u0259bh\u0259si Partiyas\u0131n\u0131n (AXCP) s\u0259dri \u018fli K\u0259rimli v\u0259 R\u0259yas\u0259t ... Davam\u0131","og_url":"https:\/\/www.meydan.tv\/az\/article\/muxalif%c9%99t%c9%99-qarsi-son-basqilar-axcp-v%c9%99-milli-sura-f%c9%99aliyy%c9%99tini-davam-etdir%c9%99-bil%c9%99c%c9%99kmi\/","og_site_name":"MEYDAN.TV","article_published_time":"2025-12-01T14:47:47+00:00","article_modified_time":"2025-12-01T14:54:00+00:00","og_image":[{"width":1200,"height":800,"url":"https:\/\/www.meydan.tv\/wp-content\/uploads\/image-1-5-1200x800.png","type":"image\/png"}],"author":"mahmud","twitter_card":"summary_large_image","schema":{"@context":"https:\/\/schema.org","@graph":[{"@type":"Article","@id":"https:\/\/www.meydan.tv\/az\/article\/muxalif%c9%99t%c9%99-qarsi-son-basqilar-axcp-v%c9%99-milli-sura-f%c9%99aliyy%c9%99tini-davam-etdir%c9%99-bil%c9%99c%c9%99kmi\/#article","isPartOf":{"@id":"https:\/\/www.meydan.tv\/az\/article\/muxalif%c9%99t%c9%99-qarsi-son-basqilar-axcp-v%c9%99-milli-sura-f%c9%99aliyy%c9%99tini-davam-etdir%c9%99-bil%c9%99c%c9%99kmi\/"},"author":{"name":"mahmud","@id":"https:\/\/www.meydan.tv\/az\/#\/schema\/person\/09863e516102a829e72bedcf3f84c6b0"},"headline":"M\u00fcxalif\u0259t\u0259 qar\u015f\u0131 son basq\u0131lar: AXCP v\u0259 Milli \u015eura f\u0259aliyy\u0259tini davam etdir\u0259 bil\u0259c\u0259kmi?","datePublished":"2025-12-01T14:47:47+00:00","dateModified":"2025-12-01T14:54:00+00:00","mainEntityOfPage":{"@id":"https:\/\/www.meydan.tv\/az\/article\/muxalif%c9%99t%c9%99-qarsi-son-basqilar-axcp-v%c9%99-milli-sura-f%c9%99aliyy%c9%99tini-davam-etdir%c9%99-bil%c9%99c%c9%99kmi\/"},"wordCount":976,"publisher":{"@id":"https:\/\/www.meydan.tv\/az\/#organization"},"image":{"@id":"https:\/\/www.meydan.tv\/az\/article\/muxalif%c9%99t%c9%99-qarsi-son-basqilar-axcp-v%c9%99-milli-sura-f%c9%99aliyy%c9%99tini-davam-etdir%c9%99-bil%c9%99c%c9%99kmi\/#primaryimage"},"thumbnailUrl":"https:\/\/www.meydan.tv\/wp-content\/uploads\/image-1-5.png","articleSection":["Redaktor se\u00e7imi","Siyas\u0259t","T\u00f6vsiy\u0259","X\u0259b\u0259rl\u0259r"],"inLanguage":"az"},{"@type":"WebPage","@id":"https:\/\/www.meydan.tv\/az\/article\/muxalif%c9%99t%c9%99-qarsi-son-basqilar-axcp-v%c9%99-milli-sura-f%c9%99aliyy%c9%99tini-davam-etdir%c9%99-bil%c9%99c%c9%99kmi\/","url":"https:\/\/www.meydan.tv\/az\/article\/muxalif%c9%99t%c9%99-qarsi-son-basqilar-axcp-v%c9%99-milli-sura-f%c9%99aliyy%c9%99tini-davam-etdir%c9%99-bil%c9%99c%c9%99kmi\/","name":"M\u00fcxalif\u0259t\u0259 qar\u015f\u0131 son basq\u0131lar: AXCP v\u0259 Milli \u015eura f\u0259aliyy\u0259tini davam etdir\u0259 bil\u0259c\u0259kmi? - MEYDAN.TV","isPartOf":{"@id":"https:\/\/www.meydan.tv\/az\/#website"},"primaryImageOfPage":{"@id":"https:\/\/www.meydan.tv\/az\/article\/muxalif%c9%99t%c9%99-qarsi-son-basqilar-axcp-v%c9%99-milli-sura-f%c9%99aliyy%c9%99tini-davam-etdir%c9%99-bil%c9%99c%c9%99kmi\/#primaryimage"},"image":{"@id":"https:\/\/www.meydan.tv\/az\/article\/muxalif%c9%99t%c9%99-qarsi-son-basqilar-axcp-v%c9%99-milli-sura-f%c9%99aliyy%c9%99tini-davam-etdir%c9%99-bil%c9%99c%c9%99kmi\/#primaryimage"},"thumbnailUrl":"https:\/\/www.meydan.tv\/wp-content\/uploads\/image-1-5.png","datePublished":"2025-12-01T14:47:47+00:00","dateModified":"2025-12-01T14:54:00+00:00","breadcrumb":{"@id":"https:\/\/www.meydan.tv\/az\/article\/muxalif%c9%99t%c9%99-qarsi-son-basqilar-axcp-v%c9%99-milli-sura-f%c9%99aliyy%c9%99tini-davam-etdir%c9%99-bil%c9%99c%c9%99kmi\/#breadcrumb"},"inLanguage":"az","potentialAction":[{"@type":"ReadAction","target":["https:\/\/www.meydan.tv\/az\/article\/muxalif%c9%99t%c9%99-qarsi-son-basqilar-axcp-v%c9%99-milli-sura-f%c9%99aliyy%c9%99tini-davam-etdir%c9%99-bil%c9%99c%c9%99kmi\/"]}]},{"@type":"ImageObject","inLanguage":"az","@id":"https:\/\/www.meydan.tv\/az\/article\/muxalif%c9%99t%c9%99-qarsi-son-basqilar-axcp-v%c9%99-milli-sura-f%c9%99aliyy%c9%99tini-davam-etdir%c9%99-bil%c9%99c%c9%99kmi\/#primaryimage","url":"https:\/\/www.meydan.tv\/wp-content\/uploads\/image-1-5.png","contentUrl":"https:\/\/www.meydan.tv\/wp-content\/uploads\/image-1-5.png","width":1800,"height":1200,"caption":"C\u0259mil H\u0259s\u0259nli v\u0259 \u018fli K\u0259rimli \"M\u0259hsul\" stadionundak\u0131 mitinqd\u0259. Foto: \u018fziz K\u0259rimov"},{"@type":"BreadcrumbList","@id":"https:\/\/www.meydan.tv\/az\/article\/muxalif%c9%99t%c9%99-qarsi-son-basqilar-axcp-v%c9%99-milli-sura-f%c9%99aliyy%c9%99tini-davam-etdir%c9%99-bil%c9%99c%c9%99kmi\/#breadcrumb","itemListElement":[{"@type":"ListItem","position":1,"name":"Ana s\u0259hif\u0259","item":"https:\/\/www.meydan.tv\/az\/"},{"@type":"ListItem","position":2,"name":"Siyas\u0259t","item":"https:\/\/www.meydan.tv\/az\/section\/siyaset\/"},{"@type":"ListItem","position":3,"name":"M\u00fcxalif\u0259t\u0259 qar\u015f\u0131 son basq\u0131lar: AXCP v\u0259 Milli \u015eura f\u0259aliyy\u0259tini davam etdir\u0259 bil\u0259c\u0259kmi?"}]},{"@type":"WebSite","@id":"https:\/\/www.meydan.tv\/az\/#website","url":"https:\/\/www.meydan.tv\/az\/","name":"MEYDAN.TV","description":"Meydan TV Az\u0259rbaycan\u0131n media m\u0259kan\u0131ndak\u0131 alternativ s\u0259sidir","publisher":{"@id":"https:\/\/www.meydan.tv\/az\/#organization"},"potentialAction":[{"@type":"SearchAction","target":{"@type":"EntryPoint","urlTemplate":"https:\/\/www.meydan.tv\/az\/?s={search_term_string}"},"query-input":{"@type":"PropertyValueSpecification","valueRequired":true,"valueName":"search_term_string"}}],"inLanguage":"az"},{"@type":"Organization","@id":"https:\/\/www.meydan.tv\/az\/#organization","name":"Meydan TV","url":"https:\/\/www.meydan.tv\/az\/","logo":{"@type":"ImageObject","inLanguage":"az","@id":"https:\/\/www.meydan.tv\/az\/#\/schema\/logo\/image\/","url":"https:\/\/www.meydan.tv\/wp-content\/uploads\/2021\/07\/meydan-logo.svg","contentUrl":"https:\/\/www.meydan.tv\/wp-content\/uploads\/2021\/07\/meydan-logo.svg","width":195,"height":46,"caption":"Meydan TV"},"image":{"@id":"https:\/\/www.meydan.tv\/az\/#\/schema\/logo\/image\/"}},{"@type":"Person","@id":"https:\/\/www.meydan.tv\/az\/#\/schema\/person\/09863e516102a829e72bedcf3f84c6b0","name":"mahmud"}]}},"_links":{"self":[{"href":"https:\/\/www.meydan.tv\/az\/wp-json\/wp\/v2\/posts\/338440","targetHints":{"allow":["GET"]}}],"collection":[{"href":"https:\/\/www.meydan.tv\/az\/wp-json\/wp\/v2\/posts"}],"about":[{"href":"https:\/\/www.meydan.tv\/az\/wp-json\/wp\/v2\/types\/post"}],"author":[{"embeddable":true,"href":"https:\/\/www.meydan.tv\/az\/wp-json\/wp\/v2\/users\/21"}],"replies":[{"embeddable":true,"href":"https:\/\/www.meydan.tv\/az\/wp-json\/wp\/v2\/comments?post=338440"}],"version-history":[{"count":2,"href":"https:\/\/www.meydan.tv\/az\/wp-json\/wp\/v2\/posts\/338440\/revisions"}],"predecessor-version":[{"id":338445,"href":"https:\/\/www.meydan.tv\/az\/wp-json\/wp\/v2\/posts\/338440\/revisions\/338445"}],"wp:featuredmedia":[{"embeddable":true,"href":"https:\/\/www.meydan.tv\/az\/wp-json\/wp\/v2\/media\/338442"}],"wp:attachment":[{"href":"https:\/\/www.meydan.tv\/az\/wp-json\/wp\/v2\/media?parent=338440"}],"wp:term":[{"taxonomy":"category","embeddable":true,"href":"https:\/\/www.meydan.tv\/az\/wp-json\/wp\/v2\/categories?post=338440"},{"taxonomy":"post_tag","embeddable":true,"href":"https:\/\/www.meydan.tv\/az\/wp-json\/wp\/v2\/tags?post=338440"}],"curies":[{"name":"wp","href":"https:\/\/api.w.org\/{rel}","templated":true}]}}