{"id":338390,"date":"2025-12-01T14:50:42","date_gmt":"2025-12-01T10:50:42","guid":{"rendered":"https:\/\/www.meydan.tv\/?p=338390"},"modified":"2025-12-01T16:17:23","modified_gmt":"2025-12-01T12:17:23","slug":"eli-k%c9%99rimli-h%c9%99bs-olundu","status":"publish","type":"post","link":"https:\/\/www.meydan.tv\/az\/article\/eli-k%c9%99rimli-h%c9%99bs-olundu\/","title":{"rendered":"\u018fli K\u0259rimli v\u0259 M\u0259mm\u0259d \u0130brahim h\u0259bs olundu (Yenil\u0259nib)"},"content":{"rendered":"\n<p>Az\u0259rbaycan Xalq C\u0259bh\u0259si Partiyas\u0131n\u0131n (AXCP) s\u0259dri\u00a0\u018fli K\u0259rimli\u00a0v\u0259 R\u0259yas\u0259t Hey\u0259tinin \u00fczv\u00fc M\u0259mm\u0259d \u0130brahim bar\u0259sind\u0259 S\u0259bail rayon M\u0259hk\u0259m\u0259si t\u0259r\u0259find\u0259n 2 ay 15 g\u00fcn m\u00fcdd\u0259tin\u0259 h\u0259bs q\u0259timkan t\u0259dbiri se\u00e7ilib.<\/p>\n\n\n\n<p>Siyas\u0259t\u00e7il\u0259rin m\u0259hk\u0259m\u0259 prosesinin ke\u00e7irildiyi binan\u0131n qar\u015f\u0131s\u0131 v\u0259 \u0259traf\u0131n\u0131n polis n\u0259zar\u0259tin\u0259 g\u00f6t\u00fcr\u00fcld\u00fcy\u00fc bildirilir.<\/p>\n\n\n\n<p>H\u00f6kum\u0259ty\u00f6nl\u00fc&nbsp;<a href=\"https:\/\/apa.az\/hadise\/eli-kerimliye-ittiham-ireli-surulub-928519\" target=\"_blank\" rel=\"noreferrer noopener nofollow\">media yaz\u0131r ki,&nbsp;<\/a>\u018fli K\u0259rimliy\u0259 v\u0259 M\u0259mm\u0259d \u0130brahim\u0259 qar\u015f\u0131 hakimiyy\u0259ti zorla \u0259l\u0259 ke\u00e7irm\u0259y\u0259, d\u00f6vl\u0259tin konstitusiya qurulu\u015funu zorla d\u0259yi\u015fdirm\u0259y\u0259 y\u00f6n\u0259l\u0259n h\u0259r\u0259k\u0259tl\u0259r madd\u0259si il\u0259 ittiham ir\u0259li s\u00fcr\u00fcl\u00fcb.<\/p>\n\n\n\n<p>Onlar noyabr\u0131n 29-da\u00a0<a href=\"https:\/\/storage.googleapis.com\/qurium\/www.meydan.tv\/az-article-eli-k%c9%99rimli-v%c9%99-m%c9%99mm%c9%99d-ibrahim-subh%c9%99li-s%c9%99xs-qismind%c9%99-istintaqa-c%c9%99lb-c%c9%99lb-edilibl%c9%99r.html\" target=\"_blank\" rel=\"noreferrer noopener nofollow\">saxlan\u0131l\u0131b<\/a>, evl\u0259rind\u0259 axtar\u0131\u015f apar\u0131l\u0131b. H\u0259m\u00e7inin partiyan\u0131n bir ne\u00e7\u0259 funksioneri d\u0259 saxlan\u0131l\u0131b, lakin sonra s\u0259rb\u0259st burax\u0131l\u0131blar. Eyni g\u00fcnd\u0259 G\u0259d\u0259b\u0259y rayon \u0130cra Hakimiyy\u0259tinin ke\u00e7mi\u015f ba\u015f\u00e7\u0131s\u0131 Saleh R\u00fcst\u0259mov da DTX-ya apar\u0131l\u0131b, bir g\u00fcn sonra, noyabr\u0131n 30-da s\u0259rb\u0259st\u00a0<a href=\"https:\/\/storage.googleapis.com\/qurium\/www.meydan.tv\/az-article-dtx-t%c9%99r%c9%99find%c9%99n-aparilan-saleh-rust%c9%99movun-ail%c9%99si-24-saatdir-ondan-x%c9%99b%c9%99r-yoxdur.html\" target=\"_blank\" rel=\"noreferrer noopener nofollow\">burax\u0131l\u0131b.<\/a><\/p>\n\n\n\n<p>M\u0259lumata g\u00f6r\u0259, \u018fli K\u0259rimlinin v\u0259 M\u0259mm\u0259d \u0130brahimin evind\u0259ki axtar\u0131\u015f v\u0259 dindirilm\u0259 Ramiz Mehdiyevin DTX-da istintaq olunan cinay\u0259t i\u015fi il\u0259 \u0259laq\u0259dard\u0131r.<\/p>\n\n\n\n<p>Noyabr\u0131n 30-na ke\u00e7\u0259n gec\u0259 haz\u0131rda \u0130stanbulda olan Milli \u015euran\u0131n \u00fczv\u00fc&nbsp; G\u00fclt\u0259kin Hac\u0131b\u0259yli d\u0259 T\u00fcrkiy\u0259 h\u00fcquq-m\u00fchafiz\u0259 orqanlar\u0131 t\u0259r\u0259find\u0259n saxlan\u0131ld\u0131\u011f\u0131n\u0131 \u00f6z\u00fcn\u00fcn \u201cFacebook\u201d hesab\u0131nda yazaraq&nbsp;<a href=\"https:\/\/storage.googleapis.com\/qurium\/www.meydan.tv\/az-article-gult%c9%99kin-hacib%c9%99ylinin-turkiy%c9%99d%c9%99-saxlanildigi-deportasiya-olunacagi-bildirilir.html\" target=\"_blank\" rel=\"noreferrer noopener nofollow\">bildirib.<\/a>&nbsp;Onun Az\u0259rbaycana deportasiya olunaca\u011f\u0131 ehtimal edilir.<\/p>\n\n\n\n<p>H\u0259min g\u00fcn Milli \u015euran\u0131n s\u0259dri C\u0259mil H\u0259s\u0259nli d\u0259 DTX-ya \u015fahid qismind\u0259 \u00e7a\u011f\u0131r\u0131l\u0131b. T\u0259xmin\u0259n 3 saat davam ed\u0259n dindirilm\u0259d\u0259n sonra&nbsp;<a href=\"https:\/\/storage.googleapis.com\/qurium\/www.meydan.tv\/az-article-c%c9%99mil-h%c9%99s%c9%99nli-dtx-m%c9%99ni-sahid-qismind%c9%99-d%c9%99v%c9%99t-edib-evimizd%c9%99-axtaris-aparilacagi-istisna-edilmir.html\" target=\"_blank\" rel=\"noreferrer noopener nofollow\">s\u0259rb\u0259st burax\u0131l\u0131b.<\/a><\/p>\n\n\n\n<p><\/p>\n","protected":false},"excerpt":{"rendered":"<p>Az\u0259rbaycan Xalq C\u0259bh\u0259si Partiyas\u0131n\u0131n (AXCP) s\u0259dri\u00a0\u018fli K\u0259rimli\u00a0v\u0259 R\u0259yas\u0259t Hey\u0259tinin \u00fczv\u00fc &#8230; <\/p>\n<p class=\"read-more-container\"><a title=\"\u018fli K\u0259rimli v\u0259 M\u0259mm\u0259d \u0130brahim h\u0259bs olundu (Yenil\u0259nib)\" class=\"read-more button\" href=\"https:\/\/www.meydan.tv\/az\/article\/eli-k%c9%99rimli-h%c9%99bs-olundu\/#more-338390\" aria-label=\"Read more about \u018fli K\u0259rimli v\u0259 M\u0259mm\u0259d \u0130brahim h\u0259bs olundu (Yenil\u0259nib)\">Davam\u0131<\/a><\/p>\n","protected":false},"author":21,"featured_media":325974,"comment_status":"closed","ping_status":"closed","sticky":false,"template":"","format":"standard","meta":{"_acf_changed":false,"_sitemap_exclude":false,"_sitemap_priority":"","_sitemap_frequency":"","footnotes":""},"categories":[59,79,56],"tags":[],"class_list":["post-338390","post","type-post","status-publish","format-standard","has-post-thumbnail","hentry","category-siyaset","category-featured","category-xeberler","infinite-scroll-item","generate-columns","tablet-grid-50","mobile-grid-100","grid-parent","grid-33","no-featured-image-padding"],"acf":[],"yoast_head":"<!-- This site is optimized with the Yoast SEO plugin v27.4 - https:\/\/yoast.com\/product\/yoast-seo-wordpress\/ -->\n<title>\u018fli K\u0259rimli v\u0259 M\u0259mm\u0259d \u0130brahim h\u0259bs olundu (Yenil\u0259nib) - MEYDAN.TV<\/title>\n<meta name=\"robots\" content=\"index, follow, max-snippet:-1, max-image-preview:large, max-video-preview:-1\" \/>\n<link rel=\"canonical\" href=\"https:\/\/www.meydan.tv\/az\/article\/eli-k%c9%99rimli-h%c9%99bs-olundu\/\" \/>\n<meta property=\"og:locale\" content=\"az_AZ\" \/>\n<meta property=\"og:type\" content=\"article\" \/>\n<meta property=\"og:title\" content=\"\u018fli K\u0259rimli v\u0259 M\u0259mm\u0259d \u0130brahim h\u0259bs olundu (Yenil\u0259nib) - MEYDAN.TV\" \/>\n<meta property=\"og:description\" content=\"Az\u0259rbaycan Xalq C\u0259bh\u0259si Partiyas\u0131n\u0131n (AXCP) s\u0259dri\u00a0\u018fli K\u0259rimli\u00a0v\u0259 R\u0259yas\u0259t Hey\u0259tinin \u00fczv\u00fc ... Davam\u0131\" \/>\n<meta property=\"og:url\" content=\"https:\/\/www.meydan.tv\/az\/article\/eli-k%c9%99rimli-h%c9%99bs-olundu\/\" \/>\n<meta property=\"og:site_name\" content=\"MEYDAN.TV\" \/>\n<meta property=\"article:published_time\" content=\"2025-12-01T10:50:42+00:00\" \/>\n<meta property=\"article:modified_time\" content=\"2025-12-01T12:17:23+00:00\" \/>\n<meta property=\"og:image\" content=\"https:\/\/www.meydan.tv\/wp-content\/uploads\/ali-karimli.png\" \/>\n\t<meta property=\"og:image:width\" content=\"1179\" \/>\n\t<meta property=\"og:image:height\" content=\"576\" \/>\n\t<meta property=\"og:image:type\" content=\"image\/png\" \/>\n<meta name=\"author\" content=\"mahmud\" \/>\n<meta name=\"twitter:card\" content=\"summary_large_image\" \/>\n<script type=\"application\/ld+json\" class=\"yoast-schema-graph\">{\"@context\":\"https:\\\/\\\/schema.org\",\"@graph\":[{\"@type\":\"Article\",\"@id\":\"https:\\\/\\\/www.meydan.tv\\\/az\\\/article\\\/eli-k%c9%99rimli-h%c9%99bs-olundu\\\/#article\",\"isPartOf\":{\"@id\":\"https:\\\/\\\/www.meydan.tv\\\/az\\\/article\\\/eli-k%c9%99rimli-h%c9%99bs-olundu\\\/\"},\"author\":{\"name\":\"mahmud\",\"@id\":\"https:\\\/\\\/www.meydan.tv\\\/az\\\/#\\\/schema\\\/person\\\/09863e516102a829e72bedcf3f84c6b0\"},\"headline\":\"\u018fli K\u0259rimli v\u0259 M\u0259mm\u0259d \u0130brahim h\u0259bs olundu (Yenil\u0259nib)\",\"datePublished\":\"2025-12-01T10:50:42+00:00\",\"dateModified\":\"2025-12-01T12:17:23+00:00\",\"mainEntityOfPage\":{\"@id\":\"https:\\\/\\\/www.meydan.tv\\\/az\\\/article\\\/eli-k%c9%99rimli-h%c9%99bs-olundu\\\/\"},\"wordCount\":342,\"publisher\":{\"@id\":\"https:\\\/\\\/www.meydan.tv\\\/az\\\/#organization\"},\"image\":{\"@id\":\"https:\\\/\\\/www.meydan.tv\\\/az\\\/article\\\/eli-k%c9%99rimli-h%c9%99bs-olundu\\\/#primaryimage\"},\"thumbnailUrl\":\"https:\\\/\\\/www.meydan.tv\\\/wp-content\\\/uploads\\\/ali-karimli.png\",\"articleSection\":[\"Siyas\u0259t\",\"T\u00f6vsiy\u0259\",\"X\u0259b\u0259rl\u0259r\"],\"inLanguage\":\"az\"},{\"@type\":\"WebPage\",\"@id\":\"https:\\\/\\\/www.meydan.tv\\\/az\\\/article\\\/eli-k%c9%99rimli-h%c9%99bs-olundu\\\/\",\"url\":\"https:\\\/\\\/www.meydan.tv\\\/az\\\/article\\\/eli-k%c9%99rimli-h%c9%99bs-olundu\\\/\",\"name\":\"\u018fli K\u0259rimli v\u0259 M\u0259mm\u0259d \u0130brahim h\u0259bs olundu (Yenil\u0259nib) - MEYDAN.TV\",\"isPartOf\":{\"@id\":\"https:\\\/\\\/www.meydan.tv\\\/az\\\/#website\"},\"primaryImageOfPage\":{\"@id\":\"https:\\\/\\\/www.meydan.tv\\\/az\\\/article\\\/eli-k%c9%99rimli-h%c9%99bs-olundu\\\/#primaryimage\"},\"image\":{\"@id\":\"https:\\\/\\\/www.meydan.tv\\\/az\\\/article\\\/eli-k%c9%99rimli-h%c9%99bs-olundu\\\/#primaryimage\"},\"thumbnailUrl\":\"https:\\\/\\\/www.meydan.tv\\\/wp-content\\\/uploads\\\/ali-karimli.png\",\"datePublished\":\"2025-12-01T10:50:42+00:00\",\"dateModified\":\"2025-12-01T12:17:23+00:00\",\"breadcrumb\":{\"@id\":\"https:\\\/\\\/www.meydan.tv\\\/az\\\/article\\\/eli-k%c9%99rimli-h%c9%99bs-olundu\\\/#breadcrumb\"},\"inLanguage\":\"az\",\"potentialAction\":[{\"@type\":\"ReadAction\",\"target\":[\"https:\\\/\\\/www.meydan.tv\\\/az\\\/article\\\/eli-k%c9%99rimli-h%c9%99bs-olundu\\\/\"]}]},{\"@type\":\"ImageObject\",\"inLanguage\":\"az\",\"@id\":\"https:\\\/\\\/www.meydan.tv\\\/az\\\/article\\\/eli-k%c9%99rimli-h%c9%99bs-olundu\\\/#primaryimage\",\"url\":\"https:\\\/\\\/www.meydan.tv\\\/wp-content\\\/uploads\\\/ali-karimli.png\",\"contentUrl\":\"https:\\\/\\\/www.meydan.tv\\\/wp-content\\\/uploads\\\/ali-karimli.png\",\"width\":1179,\"height\":576,\"caption\":\"\u018fli K\u0259rimli, Foto: Meydan TV\"},{\"@type\":\"BreadcrumbList\",\"@id\":\"https:\\\/\\\/www.meydan.tv\\\/az\\\/article\\\/eli-k%c9%99rimli-h%c9%99bs-olundu\\\/#breadcrumb\",\"itemListElement\":[{\"@type\":\"ListItem\",\"position\":1,\"name\":\"Ana s\u0259hif\u0259\",\"item\":\"https:\\\/\\\/www.meydan.tv\\\/az\\\/\"},{\"@type\":\"ListItem\",\"position\":2,\"name\":\"Siyas\u0259t\",\"item\":\"https:\\\/\\\/www.meydan.tv\\\/az\\\/section\\\/siyaset\\\/\"},{\"@type\":\"ListItem\",\"position\":3,\"name\":\"\u018fli K\u0259rimli v\u0259 M\u0259mm\u0259d \u0130brahim h\u0259bs olundu (Yenil\u0259nib)\"}]},{\"@type\":\"WebSite\",\"@id\":\"https:\\\/\\\/www.meydan.tv\\\/az\\\/#website\",\"url\":\"https:\\\/\\\/www.meydan.tv\\\/az\\\/\",\"name\":\"MEYDAN.TV\",\"description\":\"Meydan TV Az\u0259rbaycan\u0131n media m\u0259kan\u0131ndak\u0131 alternativ s\u0259sidir\",\"publisher\":{\"@id\":\"https:\\\/\\\/www.meydan.tv\\\/az\\\/#organization\"},\"potentialAction\":[{\"@type\":\"SearchAction\",\"target\":{\"@type\":\"EntryPoint\",\"urlTemplate\":\"https:\\\/\\\/www.meydan.tv\\\/az\\\/?s={search_term_string}\"},\"query-input\":{\"@type\":\"PropertyValueSpecification\",\"valueRequired\":true,\"valueName\":\"search_term_string\"}}],\"inLanguage\":\"az\"},{\"@type\":\"Organization\",\"@id\":\"https:\\\/\\\/www.meydan.tv\\\/az\\\/#organization\",\"name\":\"Meydan TV\",\"url\":\"https:\\\/\\\/www.meydan.tv\\\/az\\\/\",\"logo\":{\"@type\":\"ImageObject\",\"inLanguage\":\"az\",\"@id\":\"https:\\\/\\\/www.meydan.tv\\\/az\\\/#\\\/schema\\\/logo\\\/image\\\/\",\"url\":\"https:\\\/\\\/www.meydan.tv\\\/wp-content\\\/uploads\\\/2021\\\/07\\\/meydan-logo.svg\",\"contentUrl\":\"https:\\\/\\\/www.meydan.tv\\\/wp-content\\\/uploads\\\/2021\\\/07\\\/meydan-logo.svg\",\"width\":195,\"height\":46,\"caption\":\"Meydan TV\"},\"image\":{\"@id\":\"https:\\\/\\\/www.meydan.tv\\\/az\\\/#\\\/schema\\\/logo\\\/image\\\/\"}},{\"@type\":\"Person\",\"@id\":\"https:\\\/\\\/www.meydan.tv\\\/az\\\/#\\\/schema\\\/person\\\/09863e516102a829e72bedcf3f84c6b0\",\"name\":\"mahmud\"}]}<\/script>\n<!-- \/ Yoast SEO plugin. -->","yoast_head_json":{"title":"\u018fli K\u0259rimli v\u0259 M\u0259mm\u0259d \u0130brahim h\u0259bs olundu (Yenil\u0259nib) - MEYDAN.TV","robots":{"index":"index","follow":"follow","max-snippet":"max-snippet:-1","max-image-preview":"max-image-preview:large","max-video-preview":"max-video-preview:-1"},"canonical":"https:\/\/www.meydan.tv\/az\/article\/eli-k%c9%99rimli-h%c9%99bs-olundu\/","og_locale":"az_AZ","og_type":"article","og_title":"\u018fli K\u0259rimli v\u0259 M\u0259mm\u0259d \u0130brahim h\u0259bs olundu (Yenil\u0259nib) - MEYDAN.TV","og_description":"Az\u0259rbaycan Xalq C\u0259bh\u0259si Partiyas\u0131n\u0131n (AXCP) s\u0259dri\u00a0\u018fli K\u0259rimli\u00a0v\u0259 R\u0259yas\u0259t Hey\u0259tinin \u00fczv\u00fc ... Davam\u0131","og_url":"https:\/\/www.meydan.tv\/az\/article\/eli-k%c9%99rimli-h%c9%99bs-olundu\/","og_site_name":"MEYDAN.TV","article_published_time":"2025-12-01T10:50:42+00:00","article_modified_time":"2025-12-01T12:17:23+00:00","og_image":[{"width":1179,"height":576,"url":"https:\/\/www.meydan.tv\/wp-content\/uploads\/ali-karimli.png","type":"image\/png"}],"author":"mahmud","twitter_card":"summary_large_image","schema":{"@context":"https:\/\/schema.org","@graph":[{"@type":"Article","@id":"https:\/\/www.meydan.tv\/az\/article\/eli-k%c9%99rimli-h%c9%99bs-olundu\/#article","isPartOf":{"@id":"https:\/\/www.meydan.tv\/az\/article\/eli-k%c9%99rimli-h%c9%99bs-olundu\/"},"author":{"name":"mahmud","@id":"https:\/\/www.meydan.tv\/az\/#\/schema\/person\/09863e516102a829e72bedcf3f84c6b0"},"headline":"\u018fli K\u0259rimli v\u0259 M\u0259mm\u0259d \u0130brahim h\u0259bs olundu (Yenil\u0259nib)","datePublished":"2025-12-01T10:50:42+00:00","dateModified":"2025-12-01T12:17:23+00:00","mainEntityOfPage":{"@id":"https:\/\/www.meydan.tv\/az\/article\/eli-k%c9%99rimli-h%c9%99bs-olundu\/"},"wordCount":342,"publisher":{"@id":"https:\/\/www.meydan.tv\/az\/#organization"},"image":{"@id":"https:\/\/www.meydan.tv\/az\/article\/eli-k%c9%99rimli-h%c9%99bs-olundu\/#primaryimage"},"thumbnailUrl":"https:\/\/www.meydan.tv\/wp-content\/uploads\/ali-karimli.png","articleSection":["Siyas\u0259t","T\u00f6vsiy\u0259","X\u0259b\u0259rl\u0259r"],"inLanguage":"az"},{"@type":"WebPage","@id":"https:\/\/www.meydan.tv\/az\/article\/eli-k%c9%99rimli-h%c9%99bs-olundu\/","url":"https:\/\/www.meydan.tv\/az\/article\/eli-k%c9%99rimli-h%c9%99bs-olundu\/","name":"\u018fli K\u0259rimli v\u0259 M\u0259mm\u0259d \u0130brahim h\u0259bs olundu (Yenil\u0259nib) - MEYDAN.TV","isPartOf":{"@id":"https:\/\/www.meydan.tv\/az\/#website"},"primaryImageOfPage":{"@id":"https:\/\/www.meydan.tv\/az\/article\/eli-k%c9%99rimli-h%c9%99bs-olundu\/#primaryimage"},"image":{"@id":"https:\/\/www.meydan.tv\/az\/article\/eli-k%c9%99rimli-h%c9%99bs-olundu\/#primaryimage"},"thumbnailUrl":"https:\/\/www.meydan.tv\/wp-content\/uploads\/ali-karimli.png","datePublished":"2025-12-01T10:50:42+00:00","dateModified":"2025-12-01T12:17:23+00:00","breadcrumb":{"@id":"https:\/\/www.meydan.tv\/az\/article\/eli-k%c9%99rimli-h%c9%99bs-olundu\/#breadcrumb"},"inLanguage":"az","potentialAction":[{"@type":"ReadAction","target":["https:\/\/www.meydan.tv\/az\/article\/eli-k%c9%99rimli-h%c9%99bs-olundu\/"]}]},{"@type":"ImageObject","inLanguage":"az","@id":"https:\/\/www.meydan.tv\/az\/article\/eli-k%c9%99rimli-h%c9%99bs-olundu\/#primaryimage","url":"https:\/\/www.meydan.tv\/wp-content\/uploads\/ali-karimli.png","contentUrl":"https:\/\/www.meydan.tv\/wp-content\/uploads\/ali-karimli.png","width":1179,"height":576,"caption":"\u018fli K\u0259rimli, Foto: Meydan TV"},{"@type":"BreadcrumbList","@id":"https:\/\/www.meydan.tv\/az\/article\/eli-k%c9%99rimli-h%c9%99bs-olundu\/#breadcrumb","itemListElement":[{"@type":"ListItem","position":1,"name":"Ana s\u0259hif\u0259","item":"https:\/\/www.meydan.tv\/az\/"},{"@type":"ListItem","position":2,"name":"Siyas\u0259t","item":"https:\/\/www.meydan.tv\/az\/section\/siyaset\/"},{"@type":"ListItem","position":3,"name":"\u018fli K\u0259rimli v\u0259 M\u0259mm\u0259d \u0130brahim h\u0259bs olundu (Yenil\u0259nib)"}]},{"@type":"WebSite","@id":"https:\/\/www.meydan.tv\/az\/#website","url":"https:\/\/www.meydan.tv\/az\/","name":"MEYDAN.TV","description":"Meydan TV Az\u0259rbaycan\u0131n media m\u0259kan\u0131ndak\u0131 alternativ s\u0259sidir","publisher":{"@id":"https:\/\/www.meydan.tv\/az\/#organization"},"potentialAction":[{"@type":"SearchAction","target":{"@type":"EntryPoint","urlTemplate":"https:\/\/www.meydan.tv\/az\/?s={search_term_string}"},"query-input":{"@type":"PropertyValueSpecification","valueRequired":true,"valueName":"search_term_string"}}],"inLanguage":"az"},{"@type":"Organization","@id":"https:\/\/www.meydan.tv\/az\/#organization","name":"Meydan TV","url":"https:\/\/www.meydan.tv\/az\/","logo":{"@type":"ImageObject","inLanguage":"az","@id":"https:\/\/www.meydan.tv\/az\/#\/schema\/logo\/image\/","url":"https:\/\/www.meydan.tv\/wp-content\/uploads\/2021\/07\/meydan-logo.svg","contentUrl":"https:\/\/www.meydan.tv\/wp-content\/uploads\/2021\/07\/meydan-logo.svg","width":195,"height":46,"caption":"Meydan TV"},"image":{"@id":"https:\/\/www.meydan.tv\/az\/#\/schema\/logo\/image\/"}},{"@type":"Person","@id":"https:\/\/www.meydan.tv\/az\/#\/schema\/person\/09863e516102a829e72bedcf3f84c6b0","name":"mahmud"}]}},"_links":{"self":[{"href":"https:\/\/www.meydan.tv\/az\/wp-json\/wp\/v2\/posts\/338390","targetHints":{"allow":["GET"]}}],"collection":[{"href":"https:\/\/www.meydan.tv\/az\/wp-json\/wp\/v2\/posts"}],"about":[{"href":"https:\/\/www.meydan.tv\/az\/wp-json\/wp\/v2\/types\/post"}],"author":[{"embeddable":true,"href":"https:\/\/www.meydan.tv\/az\/wp-json\/wp\/v2\/users\/21"}],"replies":[{"embeddable":true,"href":"https:\/\/www.meydan.tv\/az\/wp-json\/wp\/v2\/comments?post=338390"}],"version-history":[{"count":12,"href":"https:\/\/www.meydan.tv\/az\/wp-json\/wp\/v2\/posts\/338390\/revisions"}],"predecessor-version":[{"id":339152,"href":"https:\/\/www.meydan.tv\/az\/wp-json\/wp\/v2\/posts\/338390\/revisions\/339152"}],"wp:featuredmedia":[{"embeddable":true,"href":"https:\/\/www.meydan.tv\/az\/wp-json\/wp\/v2\/media\/325974"}],"wp:attachment":[{"href":"https:\/\/www.meydan.tv\/az\/wp-json\/wp\/v2\/media?parent=338390"}],"wp:term":[{"taxonomy":"category","embeddable":true,"href":"https:\/\/www.meydan.tv\/az\/wp-json\/wp\/v2\/categories?post=338390"},{"taxonomy":"post_tag","embeddable":true,"href":"https:\/\/www.meydan.tv\/az\/wp-json\/wp\/v2\/tags?post=338390"}],"curies":[{"name":"wp","href":"https:\/\/api.w.org\/{rel}","templated":true}]}}