{"id":338283,"date":"2025-11-29T21:40:50","date_gmt":"2025-11-29T17:40:50","guid":{"rendered":"https:\/\/www.meydan.tv\/?p=338283"},"modified":"2025-11-29T21:54:32","modified_gmt":"2025-11-29T17:54:32","slug":"axcp-eli-k%c9%99rimlinin-evin%c9%99-ramiz-mehdiyevin-m%c9%99ktubunu-dtx-ozu-yerl%c9%99sdirib","status":"publish","type":"post","link":"https:\/\/www.meydan.tv\/az\/article\/axcp-eli-k%c9%99rimlinin-evin%c9%99-ramiz-mehdiyevin-m%c9%99ktubunu-dtx-ozu-yerl%c9%99sdirib\/","title":{"rendered":"AXCP: \u018fli K\u0259rimlinin evin\u0259 Ramiz Mehdiyevin m\u0259ktubunu DTX \u00f6z\u00fc yerl\u0259\u015fdirib"},"content":{"rendered":"\n<p>\u018fli K\u0259rimli haz\u0131rda D\u00f6vl\u0259t T\u0259hl\u00fck\u0259sizliyi Xidm\u0259tin\u0259 apar\u0131l\u0131r.<\/p>\n\n\n\n<p>Bu bar\u0259d\u0259 Meydan TV-y\u0259 Az\u0259rbaycan Xalq C\u0259bh\u0259si Partiyas\u0131n\u0131n s\u0259dr m\u00fcavini Seymur H\u0259zi m\u0259lumat verib.<\/p>\n\n\n\n<p>O, bildirib ki, partiya s\u0259drini v\u0259kill\u0259ri Aqil Lay\u0131c v\u0259 F\u0259xr\u0259ddin Mehdiyev m\u00fc\u015fayi\u0259t edirl\u0259r.<\/p>\n\n\n\n<p>Hadis\u0259nin t\u0259f\u0259rr\u00fcatlar\u0131n\u0131 dan\u0131\u015fan Seymur H\u0259zi bildirib ki, DTX \u0259m\u0259kda\u015flar\u0131 \u018fli K\u0259rimlinin evin\u0259 qon\u015fu qad\u0131n\u0131n ad\u0131 il\u0259 qap\u0131n\u0131 d\u00f6y\u0259r\u0259k, daxil ola bilibl\u0259r:<\/p>\n\n\n\n<p>\u201cQap\u0131 a\u00e7\u0131landa, onlar ev\u0259 giribl\u0259r. \u0130\u00e7\u0259ri gir\u0259nl\u0259rd\u0259n biri otaqdak\u0131 \u015fkaflardan birinin b\u00f6lm\u0259sin\u0259 Ramiz Mehdiyevin ictimaiyy\u0259t\u0259 m\u0259lum olan <a href=\"https:\/\/storage.googleapis.com\/qurium\/www.meydan.tv\/az-article-ramiz-mehdiyevin-m%c9%99ktubu-mu%c9%99mmasi-istintaq-materiallari-yayilir-r%c9%99smi-t%c9%99sdiq-is%c9%99-yoxdur.html\">m\u0259ktubunu<\/a> at\u0131b. Sonra da guya axtar\u0131\u015f n\u0259tic\u0259sind\u0259 oradan \u00e7\u0131xar\u0131blar. \u018flb\u0259tt\u0259 ki, bu, \u015f\u0259r ssenarisidir. AXCP bunu q\u0259tiyy\u0259tl\u0259 q\u0259bul etmir\u201d.<\/p>\n\n\n\n<details class=\"wp-block-details is-layout-flow wp-block-details-is-layout-flow\"><summary><strong>Bu g\u00fcn ba\u015f ver\u0259nl\u0259r<\/strong><\/summary>\n<p>Bu g\u00fcn \u018fli K\u0259rimli v\u0259 bir ne\u00e7\u0259 AXCP \u00fczv\u00fcn\u00fcn m\u0259nzill\u0259rind\u0259 D\u00f6vl\u0259t T\u0259hl\u00fck\u0259sizlik Xidm\u0259tinin \u0259m\u0259kda\u015flar\u0131 t\u0259r\u0259find\u0259n \u0259m\u0259liyyat ke\u00e7irilib. \u018fm\u0259liyyat n\u0259tic\u0259sind\u0259 partiya lideri v\u0259 funksionerl\u0259ri saxlan\u0131l\u0131blar.<\/p>\n\n\n\n<p>H\u00f6kum\u0259t medias\u0131nda \u018fli K\u0259rimlinin evind\u0259 axtar\u0131\u015f\u0131n Prezident Adminstrasiyas\u0131n\u0131n sabiq r\u0259hb\u0259ri Ramiz Mehdiyevin cinay\u0259t i\u015fi \u00e7\u0259r\u00e7iv\u0259sind\u0259 apar\u0131ld\u0131\u011f\u0131 bildirilib.<\/p>\n\n\n\n<p>AXCP r\u0259smi olaraq b\u0259yanat yayaraq ittihamlar\u0131 t\u0259kzib edib, \u018fli K\u0259rimlinin saxlan\u0131lmas\u0131 siyasi motivli adland\u0131r\u0131l\u0131b. B\u0259yanatda qeyd olunur ki, h\u0259bsl\u0259r \u00f6lk\u0259d\u0259 siyasi f\u0259aliyy\u0259t v\u0259 v\u0259t\u0259nda\u015f azadl\u0131qlar\u0131n\u0131 m\u0259hdudla\u015fd\u0131rmaq m\u0259qs\u0259dil\u0259 apar\u0131l\u0131r.<\/p>\n\n\n\n<p>D\u00f6vl\u0259t T\u0259hl\u00fck\u0259sizlik Xidm\u0259ti v\u0259 Daxili \u0130\u015fl\u0259r Nazirliyind\u0259n m\u0259s\u0259l\u0259 il\u0259 ba\u011fl\u0131 h\u0259r hans\u0131 r\u0259smi m\u0259lumat yay\u0131lmay\u0131b.<\/p>\n<\/details>\n","protected":false},"excerpt":{"rendered":"<p>\u018fli K\u0259rimli haz\u0131rda D\u00f6vl\u0259t T\u0259hl\u00fck\u0259sizliyi Xidm\u0259tin\u0259 apar\u0131l\u0131r. Bu bar\u0259d\u0259 Meydan &#8230; <\/p>\n<p class=\"read-more-container\"><a title=\"AXCP: \u018fli K\u0259rimlinin evin\u0259 Ramiz Mehdiyevin m\u0259ktubunu DTX \u00f6z\u00fc yerl\u0259\u015fdirib\" class=\"read-more button\" href=\"https:\/\/www.meydan.tv\/az\/article\/axcp-eli-k%c9%99rimlinin-evin%c9%99-ramiz-mehdiyevin-m%c9%99ktubunu-dtx-ozu-yerl%c9%99sdirib\/#more-338283\" aria-label=\"Read more about AXCP: \u018fli K\u0259rimlinin evin\u0259 Ramiz Mehdiyevin m\u0259ktubunu DTX \u00f6z\u00fc yerl\u0259\u015fdirib\">Davam\u0131<\/a><\/p>\n","protected":false},"author":14,"featured_media":142763,"comment_status":"closed","ping_status":"closed","sticky":false,"template":"","format":"standard","meta":{"_acf_changed":false,"_sitemap_exclude":false,"_sitemap_priority":"","_sitemap_frequency":"","footnotes":""},"categories":[59,56],"tags":[],"class_list":["post-338283","post","type-post","status-publish","format-standard","has-post-thumbnail","hentry","category-siyaset","category-xeberler","infinite-scroll-item","generate-columns","tablet-grid-50","mobile-grid-100","grid-parent","grid-33","no-featured-image-padding"],"acf":[],"yoast_head":"<!-- This site is optimized with the Yoast SEO plugin v27.4 - https:\/\/yoast.com\/product\/yoast-seo-wordpress\/ -->\n<title>AXCP: \u018fli K\u0259rimlinin evin\u0259 Ramiz Mehdiyevin m\u0259ktubunu DTX \u00f6z\u00fc yerl\u0259\u015fdirib - MEYDAN.TV<\/title>\n<meta name=\"robots\" content=\"index, follow, max-snippet:-1, max-image-preview:large, max-video-preview:-1\" \/>\n<link rel=\"canonical\" href=\"https:\/\/www.meydan.tv\/az\/article\/axcp-eli-k%c9%99rimlinin-evin%c9%99-ramiz-mehdiyevin-m%c9%99ktubunu-dtx-ozu-yerl%c9%99sdirib\/\" \/>\n<meta property=\"og:locale\" content=\"az_AZ\" \/>\n<meta property=\"og:type\" content=\"article\" \/>\n<meta property=\"og:title\" content=\"AXCP: \u018fli K\u0259rimlinin evin\u0259 Ramiz Mehdiyevin m\u0259ktubunu DTX \u00f6z\u00fc yerl\u0259\u015fdirib - MEYDAN.TV\" \/>\n<meta property=\"og:description\" content=\"\u018fli K\u0259rimli haz\u0131rda D\u00f6vl\u0259t T\u0259hl\u00fck\u0259sizliyi Xidm\u0259tin\u0259 apar\u0131l\u0131r. Bu bar\u0259d\u0259 Meydan ... Davam\u0131\" \/>\n<meta property=\"og:url\" content=\"https:\/\/www.meydan.tv\/az\/article\/axcp-eli-k%c9%99rimlinin-evin%c9%99-ramiz-mehdiyevin-m%c9%99ktubunu-dtx-ozu-yerl%c9%99sdirib\/\" \/>\n<meta property=\"og:site_name\" content=\"MEYDAN.TV\" \/>\n<meta property=\"article:published_time\" content=\"2025-11-29T17:40:50+00:00\" \/>\n<meta property=\"article:modified_time\" content=\"2025-11-29T17:54:32+00:00\" \/>\n<meta property=\"og:image\" content=\"https:\/\/www.meydan.tv\/wp-content\/uploads\/li-krimli-facebook_1-e1714735598868.jpg\" \/>\n\t<meta property=\"og:image:width\" content=\"2048\" \/>\n\t<meta property=\"og:image:height\" content=\"952\" \/>\n\t<meta property=\"og:image:type\" content=\"image\/jpeg\" \/>\n<meta name=\"author\" content=\"roma\" \/>\n<meta name=\"twitter:card\" content=\"summary_large_image\" \/>\n<script type=\"application\/ld+json\" class=\"yoast-schema-graph\">{\"@context\":\"https:\\\/\\\/schema.org\",\"@graph\":[{\"@type\":\"Article\",\"@id\":\"https:\\\/\\\/www.meydan.tv\\\/az\\\/article\\\/axcp-eli-k%c9%99rimlinin-evin%c9%99-ramiz-mehdiyevin-m%c9%99ktubunu-dtx-ozu-yerl%c9%99sdirib\\\/#article\",\"isPartOf\":{\"@id\":\"https:\\\/\\\/www.meydan.tv\\\/az\\\/article\\\/axcp-eli-k%c9%99rimlinin-evin%c9%99-ramiz-mehdiyevin-m%c9%99ktubunu-dtx-ozu-yerl%c9%99sdirib\\\/\"},\"author\":{\"name\":\"roma\",\"@id\":\"https:\\\/\\\/www.meydan.tv\\\/az\\\/#\\\/schema\\\/person\\\/8f23e01c4de63326c13c319fb65ee65d\"},\"headline\":\"AXCP: \u018fli K\u0259rimlinin evin\u0259 Ramiz Mehdiyevin m\u0259ktubunu DTX \u00f6z\u00fc yerl\u0259\u015fdirib\",\"datePublished\":\"2025-11-29T17:40:50+00:00\",\"dateModified\":\"2025-11-29T17:54:32+00:00\",\"mainEntityOfPage\":{\"@id\":\"https:\\\/\\\/www.meydan.tv\\\/az\\\/article\\\/axcp-eli-k%c9%99rimlinin-evin%c9%99-ramiz-mehdiyevin-m%c9%99ktubunu-dtx-ozu-yerl%c9%99sdirib\\\/\"},\"wordCount\":340,\"publisher\":{\"@id\":\"https:\\\/\\\/www.meydan.tv\\\/az\\\/#organization\"},\"image\":{\"@id\":\"https:\\\/\\\/www.meydan.tv\\\/az\\\/article\\\/axcp-eli-k%c9%99rimlinin-evin%c9%99-ramiz-mehdiyevin-m%c9%99ktubunu-dtx-ozu-yerl%c9%99sdirib\\\/#primaryimage\"},\"thumbnailUrl\":\"https:\\\/\\\/www.meydan.tv\\\/wp-content\\\/uploads\\\/li-krimli-facebook_1-e1714735598868.jpg\",\"articleSection\":[\"Siyas\u0259t\",\"X\u0259b\u0259rl\u0259r\"],\"inLanguage\":\"az\"},{\"@type\":\"WebPage\",\"@id\":\"https:\\\/\\\/www.meydan.tv\\\/az\\\/article\\\/axcp-eli-k%c9%99rimlinin-evin%c9%99-ramiz-mehdiyevin-m%c9%99ktubunu-dtx-ozu-yerl%c9%99sdirib\\\/\",\"url\":\"https:\\\/\\\/www.meydan.tv\\\/az\\\/article\\\/axcp-eli-k%c9%99rimlinin-evin%c9%99-ramiz-mehdiyevin-m%c9%99ktubunu-dtx-ozu-yerl%c9%99sdirib\\\/\",\"name\":\"AXCP: \u018fli K\u0259rimlinin evin\u0259 Ramiz Mehdiyevin m\u0259ktubunu DTX \u00f6z\u00fc yerl\u0259\u015fdirib - MEYDAN.TV\",\"isPartOf\":{\"@id\":\"https:\\\/\\\/www.meydan.tv\\\/az\\\/#website\"},\"primaryImageOfPage\":{\"@id\":\"https:\\\/\\\/www.meydan.tv\\\/az\\\/article\\\/axcp-eli-k%c9%99rimlinin-evin%c9%99-ramiz-mehdiyevin-m%c9%99ktubunu-dtx-ozu-yerl%c9%99sdirib\\\/#primaryimage\"},\"image\":{\"@id\":\"https:\\\/\\\/www.meydan.tv\\\/az\\\/article\\\/axcp-eli-k%c9%99rimlinin-evin%c9%99-ramiz-mehdiyevin-m%c9%99ktubunu-dtx-ozu-yerl%c9%99sdirib\\\/#primaryimage\"},\"thumbnailUrl\":\"https:\\\/\\\/www.meydan.tv\\\/wp-content\\\/uploads\\\/li-krimli-facebook_1-e1714735598868.jpg\",\"datePublished\":\"2025-11-29T17:40:50+00:00\",\"dateModified\":\"2025-11-29T17:54:32+00:00\",\"breadcrumb\":{\"@id\":\"https:\\\/\\\/www.meydan.tv\\\/az\\\/article\\\/axcp-eli-k%c9%99rimlinin-evin%c9%99-ramiz-mehdiyevin-m%c9%99ktubunu-dtx-ozu-yerl%c9%99sdirib\\\/#breadcrumb\"},\"inLanguage\":\"az\",\"potentialAction\":[{\"@type\":\"ReadAction\",\"target\":[\"https:\\\/\\\/www.meydan.tv\\\/az\\\/article\\\/axcp-eli-k%c9%99rimlinin-evin%c9%99-ramiz-mehdiyevin-m%c9%99ktubunu-dtx-ozu-yerl%c9%99sdirib\\\/\"]}]},{\"@type\":\"ImageObject\",\"inLanguage\":\"az\",\"@id\":\"https:\\\/\\\/www.meydan.tv\\\/az\\\/article\\\/axcp-eli-k%c9%99rimlinin-evin%c9%99-ramiz-mehdiyevin-m%c9%99ktubunu-dtx-ozu-yerl%c9%99sdirib\\\/#primaryimage\",\"url\":\"https:\\\/\\\/www.meydan.tv\\\/wp-content\\\/uploads\\\/li-krimli-facebook_1-e1714735598868.jpg\",\"contentUrl\":\"https:\\\/\\\/www.meydan.tv\\\/wp-content\\\/uploads\\\/li-krimli-facebook_1-e1714735598868.jpg\",\"width\":2048,\"height\":952,\"caption\":\"Foto: Meydan TV\"},{\"@type\":\"BreadcrumbList\",\"@id\":\"https:\\\/\\\/www.meydan.tv\\\/az\\\/article\\\/axcp-eli-k%c9%99rimlinin-evin%c9%99-ramiz-mehdiyevin-m%c9%99ktubunu-dtx-ozu-yerl%c9%99sdirib\\\/#breadcrumb\",\"itemListElement\":[{\"@type\":\"ListItem\",\"position\":1,\"name\":\"Ana s\u0259hif\u0259\",\"item\":\"https:\\\/\\\/www.meydan.tv\\\/az\\\/\"},{\"@type\":\"ListItem\",\"position\":2,\"name\":\"X\u0259b\u0259rl\u0259r\",\"item\":\"https:\\\/\\\/www.meydan.tv\\\/az\\\/section\\\/xeberler\\\/\"},{\"@type\":\"ListItem\",\"position\":3,\"name\":\"AXCP: \u018fli K\u0259rimlinin evin\u0259 Ramiz Mehdiyevin m\u0259ktubunu DTX \u00f6z\u00fc yerl\u0259\u015fdirib\"}]},{\"@type\":\"WebSite\",\"@id\":\"https:\\\/\\\/www.meydan.tv\\\/az\\\/#website\",\"url\":\"https:\\\/\\\/www.meydan.tv\\\/az\\\/\",\"name\":\"MEYDAN.TV\",\"description\":\"Meydan TV Az\u0259rbaycan\u0131n media m\u0259kan\u0131ndak\u0131 alternativ s\u0259sidir\",\"publisher\":{\"@id\":\"https:\\\/\\\/www.meydan.tv\\\/az\\\/#organization\"},\"potentialAction\":[{\"@type\":\"SearchAction\",\"target\":{\"@type\":\"EntryPoint\",\"urlTemplate\":\"https:\\\/\\\/www.meydan.tv\\\/az\\\/?s={search_term_string}\"},\"query-input\":{\"@type\":\"PropertyValueSpecification\",\"valueRequired\":true,\"valueName\":\"search_term_string\"}}],\"inLanguage\":\"az\"},{\"@type\":\"Organization\",\"@id\":\"https:\\\/\\\/www.meydan.tv\\\/az\\\/#organization\",\"name\":\"Meydan TV\",\"url\":\"https:\\\/\\\/www.meydan.tv\\\/az\\\/\",\"logo\":{\"@type\":\"ImageObject\",\"inLanguage\":\"az\",\"@id\":\"https:\\\/\\\/www.meydan.tv\\\/az\\\/#\\\/schema\\\/logo\\\/image\\\/\",\"url\":\"https:\\\/\\\/www.meydan.tv\\\/wp-content\\\/uploads\\\/2021\\\/07\\\/meydan-logo.svg\",\"contentUrl\":\"https:\\\/\\\/www.meydan.tv\\\/wp-content\\\/uploads\\\/2021\\\/07\\\/meydan-logo.svg\",\"width\":195,\"height\":46,\"caption\":\"Meydan TV\"},\"image\":{\"@id\":\"https:\\\/\\\/www.meydan.tv\\\/az\\\/#\\\/schema\\\/logo\\\/image\\\/\"}},{\"@type\":\"Person\",\"@id\":\"https:\\\/\\\/www.meydan.tv\\\/az\\\/#\\\/schema\\\/person\\\/8f23e01c4de63326c13c319fb65ee65d\",\"name\":\"roma\"}]}<\/script>\n<!-- \/ Yoast SEO plugin. -->","yoast_head_json":{"title":"AXCP: \u018fli K\u0259rimlinin evin\u0259 Ramiz Mehdiyevin m\u0259ktubunu DTX \u00f6z\u00fc yerl\u0259\u015fdirib - MEYDAN.TV","robots":{"index":"index","follow":"follow","max-snippet":"max-snippet:-1","max-image-preview":"max-image-preview:large","max-video-preview":"max-video-preview:-1"},"canonical":"https:\/\/www.meydan.tv\/az\/article\/axcp-eli-k%c9%99rimlinin-evin%c9%99-ramiz-mehdiyevin-m%c9%99ktubunu-dtx-ozu-yerl%c9%99sdirib\/","og_locale":"az_AZ","og_type":"article","og_title":"AXCP: \u018fli K\u0259rimlinin evin\u0259 Ramiz Mehdiyevin m\u0259ktubunu DTX \u00f6z\u00fc yerl\u0259\u015fdirib - MEYDAN.TV","og_description":"\u018fli K\u0259rimli haz\u0131rda D\u00f6vl\u0259t T\u0259hl\u00fck\u0259sizliyi Xidm\u0259tin\u0259 apar\u0131l\u0131r. Bu bar\u0259d\u0259 Meydan ... Davam\u0131","og_url":"https:\/\/www.meydan.tv\/az\/article\/axcp-eli-k%c9%99rimlinin-evin%c9%99-ramiz-mehdiyevin-m%c9%99ktubunu-dtx-ozu-yerl%c9%99sdirib\/","og_site_name":"MEYDAN.TV","article_published_time":"2025-11-29T17:40:50+00:00","article_modified_time":"2025-11-29T17:54:32+00:00","og_image":[{"width":2048,"height":952,"url":"https:\/\/www.meydan.tv\/wp-content\/uploads\/li-krimli-facebook_1-e1714735598868.jpg","type":"image\/jpeg"}],"author":"roma","twitter_card":"summary_large_image","schema":{"@context":"https:\/\/schema.org","@graph":[{"@type":"Article","@id":"https:\/\/www.meydan.tv\/az\/article\/axcp-eli-k%c9%99rimlinin-evin%c9%99-ramiz-mehdiyevin-m%c9%99ktubunu-dtx-ozu-yerl%c9%99sdirib\/#article","isPartOf":{"@id":"https:\/\/www.meydan.tv\/az\/article\/axcp-eli-k%c9%99rimlinin-evin%c9%99-ramiz-mehdiyevin-m%c9%99ktubunu-dtx-ozu-yerl%c9%99sdirib\/"},"author":{"name":"roma","@id":"https:\/\/www.meydan.tv\/az\/#\/schema\/person\/8f23e01c4de63326c13c319fb65ee65d"},"headline":"AXCP: \u018fli K\u0259rimlinin evin\u0259 Ramiz Mehdiyevin m\u0259ktubunu DTX \u00f6z\u00fc yerl\u0259\u015fdirib","datePublished":"2025-11-29T17:40:50+00:00","dateModified":"2025-11-29T17:54:32+00:00","mainEntityOfPage":{"@id":"https:\/\/www.meydan.tv\/az\/article\/axcp-eli-k%c9%99rimlinin-evin%c9%99-ramiz-mehdiyevin-m%c9%99ktubunu-dtx-ozu-yerl%c9%99sdirib\/"},"wordCount":340,"publisher":{"@id":"https:\/\/www.meydan.tv\/az\/#organization"},"image":{"@id":"https:\/\/www.meydan.tv\/az\/article\/axcp-eli-k%c9%99rimlinin-evin%c9%99-ramiz-mehdiyevin-m%c9%99ktubunu-dtx-ozu-yerl%c9%99sdirib\/#primaryimage"},"thumbnailUrl":"https:\/\/www.meydan.tv\/wp-content\/uploads\/li-krimli-facebook_1-e1714735598868.jpg","articleSection":["Siyas\u0259t","X\u0259b\u0259rl\u0259r"],"inLanguage":"az"},{"@type":"WebPage","@id":"https:\/\/www.meydan.tv\/az\/article\/axcp-eli-k%c9%99rimlinin-evin%c9%99-ramiz-mehdiyevin-m%c9%99ktubunu-dtx-ozu-yerl%c9%99sdirib\/","url":"https:\/\/www.meydan.tv\/az\/article\/axcp-eli-k%c9%99rimlinin-evin%c9%99-ramiz-mehdiyevin-m%c9%99ktubunu-dtx-ozu-yerl%c9%99sdirib\/","name":"AXCP: \u018fli K\u0259rimlinin evin\u0259 Ramiz Mehdiyevin m\u0259ktubunu DTX \u00f6z\u00fc yerl\u0259\u015fdirib - MEYDAN.TV","isPartOf":{"@id":"https:\/\/www.meydan.tv\/az\/#website"},"primaryImageOfPage":{"@id":"https:\/\/www.meydan.tv\/az\/article\/axcp-eli-k%c9%99rimlinin-evin%c9%99-ramiz-mehdiyevin-m%c9%99ktubunu-dtx-ozu-yerl%c9%99sdirib\/#primaryimage"},"image":{"@id":"https:\/\/www.meydan.tv\/az\/article\/axcp-eli-k%c9%99rimlinin-evin%c9%99-ramiz-mehdiyevin-m%c9%99ktubunu-dtx-ozu-yerl%c9%99sdirib\/#primaryimage"},"thumbnailUrl":"https:\/\/www.meydan.tv\/wp-content\/uploads\/li-krimli-facebook_1-e1714735598868.jpg","datePublished":"2025-11-29T17:40:50+00:00","dateModified":"2025-11-29T17:54:32+00:00","breadcrumb":{"@id":"https:\/\/www.meydan.tv\/az\/article\/axcp-eli-k%c9%99rimlinin-evin%c9%99-ramiz-mehdiyevin-m%c9%99ktubunu-dtx-ozu-yerl%c9%99sdirib\/#breadcrumb"},"inLanguage":"az","potentialAction":[{"@type":"ReadAction","target":["https:\/\/www.meydan.tv\/az\/article\/axcp-eli-k%c9%99rimlinin-evin%c9%99-ramiz-mehdiyevin-m%c9%99ktubunu-dtx-ozu-yerl%c9%99sdirib\/"]}]},{"@type":"ImageObject","inLanguage":"az","@id":"https:\/\/www.meydan.tv\/az\/article\/axcp-eli-k%c9%99rimlinin-evin%c9%99-ramiz-mehdiyevin-m%c9%99ktubunu-dtx-ozu-yerl%c9%99sdirib\/#primaryimage","url":"https:\/\/www.meydan.tv\/wp-content\/uploads\/li-krimli-facebook_1-e1714735598868.jpg","contentUrl":"https:\/\/www.meydan.tv\/wp-content\/uploads\/li-krimli-facebook_1-e1714735598868.jpg","width":2048,"height":952,"caption":"Foto: Meydan TV"},{"@type":"BreadcrumbList","@id":"https:\/\/www.meydan.tv\/az\/article\/axcp-eli-k%c9%99rimlinin-evin%c9%99-ramiz-mehdiyevin-m%c9%99ktubunu-dtx-ozu-yerl%c9%99sdirib\/#breadcrumb","itemListElement":[{"@type":"ListItem","position":1,"name":"Ana s\u0259hif\u0259","item":"https:\/\/www.meydan.tv\/az\/"},{"@type":"ListItem","position":2,"name":"X\u0259b\u0259rl\u0259r","item":"https:\/\/www.meydan.tv\/az\/section\/xeberler\/"},{"@type":"ListItem","position":3,"name":"AXCP: \u018fli K\u0259rimlinin evin\u0259 Ramiz Mehdiyevin m\u0259ktubunu DTX \u00f6z\u00fc yerl\u0259\u015fdirib"}]},{"@type":"WebSite","@id":"https:\/\/www.meydan.tv\/az\/#website","url":"https:\/\/www.meydan.tv\/az\/","name":"MEYDAN.TV","description":"Meydan TV Az\u0259rbaycan\u0131n media m\u0259kan\u0131ndak\u0131 alternativ s\u0259sidir","publisher":{"@id":"https:\/\/www.meydan.tv\/az\/#organization"},"potentialAction":[{"@type":"SearchAction","target":{"@type":"EntryPoint","urlTemplate":"https:\/\/www.meydan.tv\/az\/?s={search_term_string}"},"query-input":{"@type":"PropertyValueSpecification","valueRequired":true,"valueName":"search_term_string"}}],"inLanguage":"az"},{"@type":"Organization","@id":"https:\/\/www.meydan.tv\/az\/#organization","name":"Meydan TV","url":"https:\/\/www.meydan.tv\/az\/","logo":{"@type":"ImageObject","inLanguage":"az","@id":"https:\/\/www.meydan.tv\/az\/#\/schema\/logo\/image\/","url":"https:\/\/www.meydan.tv\/wp-content\/uploads\/2021\/07\/meydan-logo.svg","contentUrl":"https:\/\/www.meydan.tv\/wp-content\/uploads\/2021\/07\/meydan-logo.svg","width":195,"height":46,"caption":"Meydan TV"},"image":{"@id":"https:\/\/www.meydan.tv\/az\/#\/schema\/logo\/image\/"}},{"@type":"Person","@id":"https:\/\/www.meydan.tv\/az\/#\/schema\/person\/8f23e01c4de63326c13c319fb65ee65d","name":"roma"}]}},"_links":{"self":[{"href":"https:\/\/www.meydan.tv\/az\/wp-json\/wp\/v2\/posts\/338283","targetHints":{"allow":["GET"]}}],"collection":[{"href":"https:\/\/www.meydan.tv\/az\/wp-json\/wp\/v2\/posts"}],"about":[{"href":"https:\/\/www.meydan.tv\/az\/wp-json\/wp\/v2\/types\/post"}],"author":[{"embeddable":true,"href":"https:\/\/www.meydan.tv\/az\/wp-json\/wp\/v2\/users\/14"}],"replies":[{"embeddable":true,"href":"https:\/\/www.meydan.tv\/az\/wp-json\/wp\/v2\/comments?post=338283"}],"version-history":[{"count":4,"href":"https:\/\/www.meydan.tv\/az\/wp-json\/wp\/v2\/posts\/338283\/revisions"}],"predecessor-version":[{"id":338287,"href":"https:\/\/www.meydan.tv\/az\/wp-json\/wp\/v2\/posts\/338283\/revisions\/338287"}],"wp:featuredmedia":[{"embeddable":true,"href":"https:\/\/www.meydan.tv\/az\/wp-json\/wp\/v2\/media\/142763"}],"wp:attachment":[{"href":"https:\/\/www.meydan.tv\/az\/wp-json\/wp\/v2\/media?parent=338283"}],"wp:term":[{"taxonomy":"category","embeddable":true,"href":"https:\/\/www.meydan.tv\/az\/wp-json\/wp\/v2\/categories?post=338283"},{"taxonomy":"post_tag","embeddable":true,"href":"https:\/\/www.meydan.tv\/az\/wp-json\/wp\/v2\/tags?post=338283"}],"curies":[{"name":"wp","href":"https:\/\/api.w.org\/{rel}","templated":true}]}}