{"id":338201,"date":"2025-11-29T15:13:50","date_gmt":"2025-11-29T11:13:50","guid":{"rendered":"https:\/\/www.meydan.tv\/?p=338201"},"modified":"2025-11-30T14:39:31","modified_gmt":"2025-11-30T10:39:31","slug":"eli-k%c9%99rimlinin-saxlanildigi-evind%c9%99-axtaris-aparildigi-deyilir","status":"publish","type":"post","link":"https:\/\/www.meydan.tv\/az\/article\/eli-k%c9%99rimlinin-saxlanildigi-evind%c9%99-axtaris-aparildigi-deyilir\/","title":{"rendered":"\u018fli K\u0259rimli saxlan\u0131l\u0131b, evind\u0259 axtar\u0131\u015f apar\u0131l\u0131b (Yenil\u0259nib)"},"content":{"rendered":"\n<p>2019-cu ild\u0259 AXCP s\u0259dri \u018fli K\u0259rimliy\u0259 maddi yard\u0131m g\u00f6st\u0259rm\u0259kd\u0259 ittiham olunaraq 7 il 3 ay azadl\u0131qdan m\u0259hrum edil\u0259n, bir m\u00fcdd\u0259t sonra is\u0259 azadl\u0131\u011fa burax\u0131lan Saleh R\u00fcst\u0259mov da DTX \u0259m\u0259kda\u015flar\u0131 t\u0259r\u0259find\u0259n saxlan\u0131l\u0131b.<\/p>\n\n\n\n<p>Bu bar\u0259d\u0259 onun o\u011flu Sezgin R\u00fcst\u0259mov \u201cFacebook\u201d sosial \u015f\u0259b\u0259k\u0259sind\u0259<a href=\"https:\/\/www.facebook.com\/sezginrustamovv\/posts\/819720177606457?ref=embed_post\"> m\u0259lumat verib.<\/a><\/p>\n\n\n<div class=\"wp-block-image\">\n<figure class=\"alignright size-full is-resized\"><img decoding=\"async\" width=\"1200\" height=\"800\" data-src=\"https:\/\/www.meydan.tv\/wp-content\/uploads\/untitled-design-14.png\" alt=\"\" class=\"wp-image-226139 lazyload\" style=\"--smush-placeholder-width: 1200px; --smush-placeholder-aspect-ratio: 1200\/800;width:308px;height:auto\" src=\"data:image\/svg+xml;base64,PHN2ZyB3aWR0aD0iMSIgaGVpZ2h0PSIxIiB4bWxucz0iaHR0cDovL3d3dy53My5vcmcvMjAwMC9zdmciPjwvc3ZnPg==\" \/><figcaption class=\"wp-element-caption\">Foto: Saleh R\u00fcst\u0259mlinin ail\u0259sinin arxivi<\/figcaption><\/figure>\n<\/div>\n\n\n<p>G\u0259d\u0259b\u0259y Rayon \u0130cra Hakimiyy\u0259tinin ba\u015f\u00e7\u0131s\u0131 olmu\u015f Saleh R\u00fcst\u0259mov 2019-cu ild\u0259 Rusiyada qanunsuz sahibkarl\u0131q v\u0259 AXCP-ni maliyy\u0259l\u0259\u015fdirm\u0259 yolu il\u0259 \u00e7irkli pullar\u0131 yumaqda ittiham edil\u0259r\u0259k 7 il 3 ay h\u0259bs olunub.<\/p>\n\n\n\n<p>2022-ci ilin may\u0131nda&nbsp; Prezidentin \u0259fv s\u0259r\u0259ncam\u0131 il\u0259 azadl\u0131\u011fa burax\u0131l\u0131b.<\/p>\n\n\n\n<p>O, Rusiya v\u0259t\u0259nda\u015f\u0131d\u0131r v\u0259 ail\u0259si il\u0259 birg\u0259 orada ya\u015fay\u0131r.<\/p>\n\n\n\n<p>Saleh Rest\u0259mov 2025-ci il noyabr\u0131n 19-da bac\u0131s\u0131 q\u0131z\u0131n\u0131n yas m\u0259rasimin\u0259 g\u00f6r\u0259 Az\u0259rbaycana g\u0259lib, geri qay\u0131dark\u0259n \u00f6lk\u0259d\u0259n \u00e7\u0131x\u0131\u015f\u0131na qada\u011fa qoyuldu\u011funu <a href=\"https:\/\/storage.googleapis.com\/qurium\/www.meydan.tv\/az-article-saleh-rust%c9%99movun-olk%c9%99d%c9%99n-cixisina-stop-qoyulub.html\">\u00f6yr\u0259nib.<\/a><\/p>\n\n\n\n<hr class=\"wp-block-separator has-alpha-channel-opacity\" \/>\n\n\n\n<p>AXCP \u018fli K\u0259rimlinin DTX&nbsp; \u0259m\u0259kda\u015flar\u0131 t\u0259r\u0259find\u0259n saxlan\u0131lmas\u0131 bar\u0259d\u0259 <a href=\"https:\/\/www.facebook.com\/photo\/?fbid=1390202295803323&amp;set=a.473092537514308\">b\u0259yanat yay\u0131b.<\/a><\/p>\n\n\n\n<p>Partiyan\u0131n m\u0259lumat\u0131nda bildirilir ki, K\u0259rimlinin saxlan\u0131lmas\u0131 \u00fc\u00e7\u00fcn he\u00e7 bir r\u0259smi \u0259sas a\u00e7\u0131qlanmay\u0131b. H\u0259m\u00e7inin, onun evind\u0259 axtar\u0131\u015f apar\u0131l\u0131b.<\/p>\n\n\n\n<p>\u201cEyni zamanda, AXCP R\u0259yas\u0259t Hey\u0259tinin \u00fczv\u00fc M\u0259mm\u0259d \u0130brahimin evind\u0259 axtar\u0131\u015f apar\u0131l\u0131b, \u00f6z\u00fc is\u0259 saxlan\u0131l\u0131b. Partiyan\u0131n ba\u015fqa bir ne\u00e7\u0259 n\u0259f\u0259r f\u0259al\u0131n\u0131n da saxlan\u0131ld\u0131\u011f\u0131 haqda m\u0259lumatlar var. B\u0259yan edirik ki, \u018fli K\u0259rimlinin saxlan\u0131lmas\u0131 s\u0131rf siyasi motivlidir. Son ill\u0259rd\u0259 hakimiyy\u0259t ona faktiki blokada t\u0259tbiq edib. Buna baxmayaraq, \u018fli K\u0259rimli Az\u0259rbaycanda \u0259sas demokratik fiqurlardan biri olaraq qal\u0131r: onun apar\u0131c\u0131 beyn\u0259lxalq mediaya verdiyi m\u00fcsahib\u0259l\u0259r v\u0259 qlobal siyasi forumlara d\u0259v\u0259t almas\u0131 \u0130lham \u018fliyev rejimini narahat edib\u201d, &#8211; b\u0259yanatda deyilir.<\/p>\n\n\n\n<p>B\u0259yanatda qeyd olunur ki, h\u0259bsl\u0259r \u00f6lk\u0259d\u0259 siyasi f\u0259aliyy\u0259t v\u0259 v\u0259t\u0259nda\u015f azadl\u0131qlar\u0131n\u0131 m\u0259hdudla\u015fd\u0131rmaq m\u0259qs\u0259dil\u0259 apar\u0131l\u0131r:<\/p>\n\n\n\n<p>\u201cBug\u00fcnk\u00fc saxlan\u0131lma hakimiyy\u0259tin Az\u0259rbaycanda son m\u00fcst\u0259qil siyasi q\u00fcvv\u0259ni aradan qald\u0131rmaq v\u0259 xalq\u0131n demokratiya v\u0259 azadl\u0131q u\u011frunda m\u00fcbariz\u0259sini tamamil\u0259 bo\u011fmaq c\u0259hdi olaraq qiym\u0259tl\u0259ndirilm\u0259lidir. AXCP \u018fli K\u0259rimlinin, M\u0259mm\u0259d \u0130brahimin v\u0259 partiyan\u0131n ba\u015fa saxlan\u0131lan \u00fczvl\u0259rinin d\u0259rhal azad olunmas\u0131n\u0131, m\u00fcxalif\u0259t \u00fczvl\u0259rin\u0259 v\u0259 t\u0259r\u0259fdarlar\u0131na qar\u015f\u0131 t\u0259qibl\u0259r\u0259 son qoyulmas\u0131n\u0131, saxlan\u0131lanlara h\u00fcquqi m\u00fcdafi\u0259y\u0259 \u00e7\u0131x\u0131\u015f\u0131n t\u0259min edilm\u0259sini v\u0259 onlar\u0131n t\u0259hl\u00fck\u0259sizliyin\u0259 z\u0259man\u0259t verilm\u0259sini t\u0259l\u0259b edir\u201d.<\/p>\n\n\n\n<p>Partiya beyn\u0259lxalq ictimaiyy\u0259ti, insan haqlar\u0131 t\u0259\u015fkilatlar\u0131n\u0131 v\u0259 demokratik h\u00f6kum\u0259tl\u0259ri Az\u0259rbaycan hakimiyy\u0259tind\u0259n insan h\u00fcquqlar\u0131na \u0259m\u0259l etm\u0259sini t\u0259l\u0259b etm\u0259y\u0259 \u00e7a\u011f\u0131r\u0131r.<\/p>\n\n\n\n<p>Haz\u0131rda AXCP-nin 20-d\u0259n \u00e7ox \u00fczv\u00fc m\u00fcxt\u0259lif ittihamlarla h\u0259bsd\u0259dir.<\/p>\n\n\n\n<hr class=\"wp-block-separator has-alpha-channel-opacity\" \/>\n\n\n\n<p>Az\u0259rbaycan Xalq C\u0259bh\u0259si Partiyas\u0131n\u0131n s\u0259dr m\u00fcavini Seymur H\u0259zi Meydan TV-y\u0259 bildirib ki, haz\u0131rda \u018fli K\u0259rimlinin evinin yax\u0131nl\u0131\u011f\u0131ndad\u0131r, lakin onlar\u0131 \u0259raziy\u0259 buraxm\u0131rlar:<br>\u201c\u018fli K\u0259rimlinin evin\u0259 yax\u0131nla\u015fmaq m\u00fcmk\u00fcn deyil. \u018frazid\u0259 \u00e7ox sayda m\u00fclki geyimli \u015f\u0259xsl\u0259r var v\u0259 yax\u0131nla\u015fanlar\u0131 i\u00e7\u0259ri buraxm\u0131rlar. \u018fli b\u0259yl\u0259 v\u0259 ail\u0259 \u00fczvl\u0259ri il\u0259 \u0259laq\u0259 saxlamaq, el\u0259c\u0259 d\u0259 h\u0259r hans\u0131 m\u0259lumat \u0259ld\u0259 etm\u0259k m\u00fcmk\u00fcn deyil.\u201d<\/p>\n\n\n\n<hr class=\"wp-block-separator has-alpha-channel-opacity\" \/>\n\n\n\n<p>H\u00f6kum\u0259t medias\u0131nda \u018fli K\u0259rimlinin evind\u0259 axtar\u0131\u015f\u0131n Prezident Adminstrasiyas\u0131n\u0131n sabiq r\u0259hb\u0259ri Ramiz Mehdiyevin cinay\u0259t i\u015fi \u00e7\u0259r\u00e7iv\u0259sind\u0259 apar\u0131ld\u0131\u011f\u0131 <a href=\"https:\/\/report.az\/hadise\/ramiz-mehdiyevle-bagli-cinayet-isi-cercivesinde-eli-kerimlinin-evinde-axtaris-aparilib\" target=\"_blank\" rel=\"noreferrer noopener\">bildirilir<\/a>.<\/p>\n\n\n<div class=\"wp-block-image\">\n<figure class=\"alignleft size-full is-resized\"><img decoding=\"async\" width=\"676\" height=\"400\" data-src=\"https:\/\/www.meydan.tv\/wp-content\/uploads\/24573.jpg\" alt=\"Seymur H\u0259zi\" class=\"wp-image-64432 lazyload\" style=\"--smush-placeholder-width: 676px; --smush-placeholder-aspect-ratio: 676\/400;width:373px;height:auto\" src=\"data:image\/svg+xml;base64,PHN2ZyB3aWR0aD0iMSIgaGVpZ2h0PSIxIiB4bWxucz0iaHR0cDovL3d3dy53My5vcmcvMjAwMC9zdmciPjwvc3ZnPg==\" \/><figcaption class=\"wp-element-caption\">AXCP s\u0259dr m\u00fcavini Seymur H\u0259zi<\/figcaption><\/figure>\n<\/div>\n\n\n<p>Ramiz Mehdiyev bar\u0259sind\u0259 oktyabr\u0131n 14-d\u0259 \u201cd\u00f6vl\u0259t\u0259 x\u0259yan\u0259t\u201d v\u0259 \u201chakimiyy\u0259ti zorla \u0259l\u0259 ke\u00e7irm\u0259\u201d ittihamlar\u0131 il\u0259 4 ayl\u0131q ev dustaql\u0131\u011f\u0131 q\u0259timkan t\u0259dbiri se\u00e7ilib.<\/p>\n\n\n\n<p>Az\u0259rbaycan Xalq C\u0259bh\u0259si Partiyas\u0131n\u0131n s\u0259dr m\u00fcavini Seymur H\u0259zi Meydan TV-y\u0259 bildirib ki, \u018fli K\u0259rimlinin k\u00f6n\u00fcll\u00fc s\u00fcr\u00fcc\u00fcs\u00fc Ruslan \u018fmirli, h\u0259m\u00e7inin d\u0259 partiyan\u0131n Sabun\u00e7u rayon t\u0259\u015fkilat\u0131n\u0131n s\u0259dri Fariz \u018flizad\u0259 d\u0259 saxlan\u0131l\u0131b.<\/p>\n\n\n\n<p>\u018fli K\u0259rimlinin k\u00f6m\u0259k\u00e7isi Faiq \u018fmirlinin d\u0259 saxlan\u0131ld\u0131\u011f\u0131 bildirilir. Bu bar\u0259d\u0259 onun h\u0259yat yolda\u015f\u0131 <a href=\"https:\/\/www.facebook.com\/share\/p\/1SgK9cpdjp\/?mibextid=wwXIfr\" target=\"_blank\" rel=\"noreferrer noopener\">m\u0259lumat<\/a> yay\u0131b.<\/p>\n\n\n\n\n\n\n\n<hr class=\"wp-block-separator has-alpha-channel-opacity\" \/>\n\n\n\n<p>Az\u0259rbaycan Xalq C\u0259bh\u0259si Partiyas\u0131n\u0131n (AXCP) s\u0259dri \u018fli K\u0259rimlinin saxlan\u0131ld\u0131\u011f\u0131 v\u0259 evind\u0259 D\u00f6vl\u0259t T\u0259hl\u00fck\u0259sizlik Xidm\u0259tinin \u0259m\u0259kda\u015flar\u0131 t\u0259r\u0259find\u0259n axtar\u0131\u015f apar\u0131ld\u0131\u011f\u0131 bildirilir.<br><\/p>\n\n\n\n<p>Bu bar\u0259d\u0259 partiyan\u0131n \u00fczvl\u0259ri t\u0259r\u0259find\u0259n sosial \u015f\u0259b\u0259k\u0259l\u0259rd\u0259 m\u0259lumatlar yay\u0131l\u0131b.<br><br>\u018fli K\u0259rimlinin saxlan\u0131lma s\u0259b\u0259bi bar\u0259d\u0259 m\u0259lumat verilm\u0259yib.<br><\/p>\n\n\n\n\n\n\n<div class=\"wp-block-image\">\n<figure class=\"alignright size-full is-resized\"><img decoding=\"async\" width=\"960\" height=\"641\" data-src=\"https:\/\/www.meydan.tv\/wp-content\/uploads\/474749341_1384684836037831_3505990578693555886_n.jpg\" alt=\"\" class=\"wp-image-338205 lazyload\" style=\"--smush-placeholder-width: 960px; --smush-placeholder-aspect-ratio: 960\/641;width:329px;height:auto\" src=\"data:image\/svg+xml;base64,PHN2ZyB3aWR0aD0iMSIgaGVpZ2h0PSIxIiB4bWxucz0iaHR0cDovL3d3dy53My5vcmcvMjAwMC9zdmciPjwvc3ZnPg==\" \/><figcaption class=\"wp-element-caption\"><br>AXCP R\u0259yas\u0259t Hey\u0259tinin \u00fczv\u00fc M\u0259mm\u0259d \u0130brahim &#8211; Foto: \u015e\u0259xsi arxivi<\/figcaption><\/figure>\n<\/div>\n\n\n<p>AXCP-d\u0259n is\u0259 Meydan TV-y\u0259 m\u0259s\u0259l\u0259nin ara\u015fd\u0131r\u0131ld\u0131\u011f\u0131 bildirilib.<br><\/p>\n\n\n\n<p>Dig\u0259r m\u0259lumata g\u00f6r\u0259, AXCP R\u0259yas\u0259t Hey\u0259tinin \u00fczv\u00fc M\u0259mm\u0259d \u0130brahim d\u0259 polisl\u0259r t\u0259r\u0259find\u0259n saxlan\u0131l\u0131b v\u0259 onun da evind\u0259 axtar\u0131\u015f apar\u0131l\u0131r.<br><\/p>\n\n\n\n<p>Bu bar\u0259d\u0259 onun o\u011flu Turan \u0130brahim m\u0259lumat verib.<br><\/p>\n\n\n\n<p>D\u00f6vl\u0259t T\u0259hl\u00fck\u0259sizlik Xidm\u0259ti v\u0259 Daxili \u0130\u015fl\u0259r Nazirliyind\u0259n m\u0259s\u0259l\u0259 il\u0259 ba\u011fl\u0131 h\u0259r hans\u0131 r\u0259smi m\u0259lumat yay\u0131lmay\u0131b.<\/p>\n","protected":false},"excerpt":{"rendered":"<p>2019-cu ild\u0259 AXCP s\u0259dri \u018fli K\u0259rimliy\u0259 maddi yard\u0131m g\u00f6st\u0259rm\u0259kd\u0259 ittiham &#8230; <\/p>\n<p class=\"read-more-container\"><a title=\"\u018fli K\u0259rimli saxlan\u0131l\u0131b, evind\u0259 axtar\u0131\u015f apar\u0131l\u0131b (Yenil\u0259nib)\" class=\"read-more button\" href=\"https:\/\/www.meydan.tv\/az\/article\/eli-k%c9%99rimlinin-saxlanildigi-evind%c9%99-axtaris-aparildigi-deyilir\/#more-338201\" aria-label=\"Read more about \u018fli K\u0259rimli saxlan\u0131l\u0131b, evind\u0259 axtar\u0131\u015f apar\u0131l\u0131b (Yenil\u0259nib)\">Davam\u0131<\/a><\/p>\n","protected":false},"author":14,"featured_media":338202,"comment_status":"closed","ping_status":"closed","sticky":false,"template":"","format":"standard","meta":{"_acf_changed":false,"_sitemap_exclude":false,"_sitemap_priority":"","_sitemap_frequency":"","footnotes":""},"categories":[59,79,56],"tags":[],"class_list":["post-338201","post","type-post","status-publish","format-standard","has-post-thumbnail","hentry","category-siyaset","category-featured","category-xeberler","infinite-scroll-item","generate-columns","tablet-grid-50","mobile-grid-100","grid-parent","grid-33","no-featured-image-padding"],"acf":[],"yoast_head":"<!-- This site is optimized with the Yoast SEO plugin v27.4 - https:\/\/yoast.com\/product\/yoast-seo-wordpress\/ -->\n<title>\u018fli K\u0259rimli saxlan\u0131l\u0131b, evind\u0259 axtar\u0131\u015f apar\u0131l\u0131b (Yenil\u0259nib) - MEYDAN.TV<\/title>\n<meta name=\"robots\" content=\"index, follow, max-snippet:-1, max-image-preview:large, max-video-preview:-1\" \/>\n<link rel=\"canonical\" href=\"https:\/\/www.meydan.tv\/az\/article\/eli-k%c9%99rimlinin-saxlanildigi-evind%c9%99-axtaris-aparildigi-deyilir\/\" \/>\n<meta property=\"og:locale\" content=\"az_AZ\" \/>\n<meta property=\"og:type\" content=\"article\" \/>\n<meta property=\"og:title\" content=\"\u018fli K\u0259rimli saxlan\u0131l\u0131b, evind\u0259 axtar\u0131\u015f apar\u0131l\u0131b (Yenil\u0259nib) - MEYDAN.TV\" \/>\n<meta property=\"og:description\" content=\"2019-cu ild\u0259 AXCP s\u0259dri \u018fli K\u0259rimliy\u0259 maddi yard\u0131m g\u00f6st\u0259rm\u0259kd\u0259 ittiham ... Davam\u0131\" \/>\n<meta property=\"og:url\" content=\"https:\/\/www.meydan.tv\/az\/article\/eli-k%c9%99rimlinin-saxlanildigi-evind%c9%99-axtaris-aparildigi-deyilir\/\" \/>\n<meta property=\"og:site_name\" content=\"MEYDAN.TV\" \/>\n<meta property=\"article:published_time\" content=\"2025-11-29T11:13:50+00:00\" \/>\n<meta property=\"article:modified_time\" content=\"2025-11-30T10:39:31+00:00\" \/>\n<meta property=\"og:image\" content=\"https:\/\/www.meydan.tv\/wp-content\/uploads\/45678-1200x586.png\" \/>\n\t<meta property=\"og:image:width\" content=\"1200\" \/>\n\t<meta property=\"og:image:height\" content=\"586\" \/>\n\t<meta property=\"og:image:type\" content=\"image\/png\" \/>\n<meta name=\"author\" content=\"roma\" \/>\n<meta name=\"twitter:card\" content=\"summary_large_image\" \/>\n<script type=\"application\/ld+json\" class=\"yoast-schema-graph\">{\"@context\":\"https:\\\/\\\/schema.org\",\"@graph\":[{\"@type\":\"Article\",\"@id\":\"https:\\\/\\\/www.meydan.tv\\\/az\\\/article\\\/eli-k%c9%99rimlinin-saxlanildigi-evind%c9%99-axtaris-aparildigi-deyilir\\\/#article\",\"isPartOf\":{\"@id\":\"https:\\\/\\\/www.meydan.tv\\\/az\\\/article\\\/eli-k%c9%99rimlinin-saxlanildigi-evind%c9%99-axtaris-aparildigi-deyilir\\\/\"},\"author\":{\"name\":\"roma\",\"@id\":\"https:\\\/\\\/www.meydan.tv\\\/az\\\/#\\\/schema\\\/person\\\/8f23e01c4de63326c13c319fb65ee65d\"},\"headline\":\"\u018fli K\u0259rimli saxlan\u0131l\u0131b, evind\u0259 axtar\u0131\u015f apar\u0131l\u0131b (Yenil\u0259nib)\",\"datePublished\":\"2025-11-29T11:13:50+00:00\",\"dateModified\":\"2025-11-30T10:39:31+00:00\",\"mainEntityOfPage\":{\"@id\":\"https:\\\/\\\/www.meydan.tv\\\/az\\\/article\\\/eli-k%c9%99rimlinin-saxlanildigi-evind%c9%99-axtaris-aparildigi-deyilir\\\/\"},\"wordCount\":966,\"publisher\":{\"@id\":\"https:\\\/\\\/www.meydan.tv\\\/az\\\/#organization\"},\"image\":{\"@id\":\"https:\\\/\\\/www.meydan.tv\\\/az\\\/article\\\/eli-k%c9%99rimlinin-saxlanildigi-evind%c9%99-axtaris-aparildigi-deyilir\\\/#primaryimage\"},\"thumbnailUrl\":\"https:\\\/\\\/www.meydan.tv\\\/wp-content\\\/uploads\\\/45678.png\",\"articleSection\":[\"Siyas\u0259t\",\"T\u00f6vsiy\u0259\",\"X\u0259b\u0259rl\u0259r\"],\"inLanguage\":\"az\"},{\"@type\":\"WebPage\",\"@id\":\"https:\\\/\\\/www.meydan.tv\\\/az\\\/article\\\/eli-k%c9%99rimlinin-saxlanildigi-evind%c9%99-axtaris-aparildigi-deyilir\\\/\",\"url\":\"https:\\\/\\\/www.meydan.tv\\\/az\\\/article\\\/eli-k%c9%99rimlinin-saxlanildigi-evind%c9%99-axtaris-aparildigi-deyilir\\\/\",\"name\":\"\u018fli K\u0259rimli saxlan\u0131l\u0131b, evind\u0259 axtar\u0131\u015f apar\u0131l\u0131b (Yenil\u0259nib) - MEYDAN.TV\",\"isPartOf\":{\"@id\":\"https:\\\/\\\/www.meydan.tv\\\/az\\\/#website\"},\"primaryImageOfPage\":{\"@id\":\"https:\\\/\\\/www.meydan.tv\\\/az\\\/article\\\/eli-k%c9%99rimlinin-saxlanildigi-evind%c9%99-axtaris-aparildigi-deyilir\\\/#primaryimage\"},\"image\":{\"@id\":\"https:\\\/\\\/www.meydan.tv\\\/az\\\/article\\\/eli-k%c9%99rimlinin-saxlanildigi-evind%c9%99-axtaris-aparildigi-deyilir\\\/#primaryimage\"},\"thumbnailUrl\":\"https:\\\/\\\/www.meydan.tv\\\/wp-content\\\/uploads\\\/45678.png\",\"datePublished\":\"2025-11-29T11:13:50+00:00\",\"dateModified\":\"2025-11-30T10:39:31+00:00\",\"breadcrumb\":{\"@id\":\"https:\\\/\\\/www.meydan.tv\\\/az\\\/article\\\/eli-k%c9%99rimlinin-saxlanildigi-evind%c9%99-axtaris-aparildigi-deyilir\\\/#breadcrumb\"},\"inLanguage\":\"az\",\"potentialAction\":[{\"@type\":\"ReadAction\",\"target\":[\"https:\\\/\\\/www.meydan.tv\\\/az\\\/article\\\/eli-k%c9%99rimlinin-saxlanildigi-evind%c9%99-axtaris-aparildigi-deyilir\\\/\"]}]},{\"@type\":\"ImageObject\",\"inLanguage\":\"az\",\"@id\":\"https:\\\/\\\/www.meydan.tv\\\/az\\\/article\\\/eli-k%c9%99rimlinin-saxlanildigi-evind%c9%99-axtaris-aparildigi-deyilir\\\/#primaryimage\",\"url\":\"https:\\\/\\\/www.meydan.tv\\\/wp-content\\\/uploads\\\/45678.png\",\"contentUrl\":\"https:\\\/\\\/www.meydan.tv\\\/wp-content\\\/uploads\\\/45678.png\",\"width\":1920,\"height\":938,\"caption\":\"AXCP s\u0259dri \u018fli K\u0259rimli\"},{\"@type\":\"BreadcrumbList\",\"@id\":\"https:\\\/\\\/www.meydan.tv\\\/az\\\/article\\\/eli-k%c9%99rimlinin-saxlanildigi-evind%c9%99-axtaris-aparildigi-deyilir\\\/#breadcrumb\",\"itemListElement\":[{\"@type\":\"ListItem\",\"position\":1,\"name\":\"Ana s\u0259hif\u0259\",\"item\":\"https:\\\/\\\/www.meydan.tv\\\/az\\\/\"},{\"@type\":\"ListItem\",\"position\":2,\"name\":\"Siyas\u0259t\",\"item\":\"https:\\\/\\\/www.meydan.tv\\\/az\\\/section\\\/siyaset\\\/\"},{\"@type\":\"ListItem\",\"position\":3,\"name\":\"\u018fli K\u0259rimli saxlan\u0131l\u0131b, evind\u0259 axtar\u0131\u015f apar\u0131l\u0131b (Yenil\u0259nib)\"}]},{\"@type\":\"WebSite\",\"@id\":\"https:\\\/\\\/www.meydan.tv\\\/az\\\/#website\",\"url\":\"https:\\\/\\\/www.meydan.tv\\\/az\\\/\",\"name\":\"MEYDAN.TV\",\"description\":\"Meydan TV Az\u0259rbaycan\u0131n media m\u0259kan\u0131ndak\u0131 alternativ s\u0259sidir\",\"publisher\":{\"@id\":\"https:\\\/\\\/www.meydan.tv\\\/az\\\/#organization\"},\"potentialAction\":[{\"@type\":\"SearchAction\",\"target\":{\"@type\":\"EntryPoint\",\"urlTemplate\":\"https:\\\/\\\/www.meydan.tv\\\/az\\\/?s={search_term_string}\"},\"query-input\":{\"@type\":\"PropertyValueSpecification\",\"valueRequired\":true,\"valueName\":\"search_term_string\"}}],\"inLanguage\":\"az\"},{\"@type\":\"Organization\",\"@id\":\"https:\\\/\\\/www.meydan.tv\\\/az\\\/#organization\",\"name\":\"Meydan TV\",\"url\":\"https:\\\/\\\/www.meydan.tv\\\/az\\\/\",\"logo\":{\"@type\":\"ImageObject\",\"inLanguage\":\"az\",\"@id\":\"https:\\\/\\\/www.meydan.tv\\\/az\\\/#\\\/schema\\\/logo\\\/image\\\/\",\"url\":\"https:\\\/\\\/www.meydan.tv\\\/wp-content\\\/uploads\\\/2021\\\/07\\\/meydan-logo.svg\",\"contentUrl\":\"https:\\\/\\\/www.meydan.tv\\\/wp-content\\\/uploads\\\/2021\\\/07\\\/meydan-logo.svg\",\"width\":195,\"height\":46,\"caption\":\"Meydan TV\"},\"image\":{\"@id\":\"https:\\\/\\\/www.meydan.tv\\\/az\\\/#\\\/schema\\\/logo\\\/image\\\/\"}},{\"@type\":\"Person\",\"@id\":\"https:\\\/\\\/www.meydan.tv\\\/az\\\/#\\\/schema\\\/person\\\/8f23e01c4de63326c13c319fb65ee65d\",\"name\":\"roma\"}]}<\/script>\n<!-- \/ Yoast SEO plugin. -->","yoast_head_json":{"title":"\u018fli K\u0259rimli saxlan\u0131l\u0131b, evind\u0259 axtar\u0131\u015f apar\u0131l\u0131b (Yenil\u0259nib) - MEYDAN.TV","robots":{"index":"index","follow":"follow","max-snippet":"max-snippet:-1","max-image-preview":"max-image-preview:large","max-video-preview":"max-video-preview:-1"},"canonical":"https:\/\/www.meydan.tv\/az\/article\/eli-k%c9%99rimlinin-saxlanildigi-evind%c9%99-axtaris-aparildigi-deyilir\/","og_locale":"az_AZ","og_type":"article","og_title":"\u018fli K\u0259rimli saxlan\u0131l\u0131b, evind\u0259 axtar\u0131\u015f apar\u0131l\u0131b (Yenil\u0259nib) - MEYDAN.TV","og_description":"2019-cu ild\u0259 AXCP s\u0259dri \u018fli K\u0259rimliy\u0259 maddi yard\u0131m g\u00f6st\u0259rm\u0259kd\u0259 ittiham ... Davam\u0131","og_url":"https:\/\/www.meydan.tv\/az\/article\/eli-k%c9%99rimlinin-saxlanildigi-evind%c9%99-axtaris-aparildigi-deyilir\/","og_site_name":"MEYDAN.TV","article_published_time":"2025-11-29T11:13:50+00:00","article_modified_time":"2025-11-30T10:39:31+00:00","og_image":[{"width":1200,"height":586,"url":"https:\/\/www.meydan.tv\/wp-content\/uploads\/45678-1200x586.png","type":"image\/png"}],"author":"roma","twitter_card":"summary_large_image","schema":{"@context":"https:\/\/schema.org","@graph":[{"@type":"Article","@id":"https:\/\/www.meydan.tv\/az\/article\/eli-k%c9%99rimlinin-saxlanildigi-evind%c9%99-axtaris-aparildigi-deyilir\/#article","isPartOf":{"@id":"https:\/\/www.meydan.tv\/az\/article\/eli-k%c9%99rimlinin-saxlanildigi-evind%c9%99-axtaris-aparildigi-deyilir\/"},"author":{"name":"roma","@id":"https:\/\/www.meydan.tv\/az\/#\/schema\/person\/8f23e01c4de63326c13c319fb65ee65d"},"headline":"\u018fli K\u0259rimli saxlan\u0131l\u0131b, evind\u0259 axtar\u0131\u015f apar\u0131l\u0131b (Yenil\u0259nib)","datePublished":"2025-11-29T11:13:50+00:00","dateModified":"2025-11-30T10:39:31+00:00","mainEntityOfPage":{"@id":"https:\/\/www.meydan.tv\/az\/article\/eli-k%c9%99rimlinin-saxlanildigi-evind%c9%99-axtaris-aparildigi-deyilir\/"},"wordCount":966,"publisher":{"@id":"https:\/\/www.meydan.tv\/az\/#organization"},"image":{"@id":"https:\/\/www.meydan.tv\/az\/article\/eli-k%c9%99rimlinin-saxlanildigi-evind%c9%99-axtaris-aparildigi-deyilir\/#primaryimage"},"thumbnailUrl":"https:\/\/www.meydan.tv\/wp-content\/uploads\/45678.png","articleSection":["Siyas\u0259t","T\u00f6vsiy\u0259","X\u0259b\u0259rl\u0259r"],"inLanguage":"az"},{"@type":"WebPage","@id":"https:\/\/www.meydan.tv\/az\/article\/eli-k%c9%99rimlinin-saxlanildigi-evind%c9%99-axtaris-aparildigi-deyilir\/","url":"https:\/\/www.meydan.tv\/az\/article\/eli-k%c9%99rimlinin-saxlanildigi-evind%c9%99-axtaris-aparildigi-deyilir\/","name":"\u018fli K\u0259rimli saxlan\u0131l\u0131b, evind\u0259 axtar\u0131\u015f apar\u0131l\u0131b (Yenil\u0259nib) - MEYDAN.TV","isPartOf":{"@id":"https:\/\/www.meydan.tv\/az\/#website"},"primaryImageOfPage":{"@id":"https:\/\/www.meydan.tv\/az\/article\/eli-k%c9%99rimlinin-saxlanildigi-evind%c9%99-axtaris-aparildigi-deyilir\/#primaryimage"},"image":{"@id":"https:\/\/www.meydan.tv\/az\/article\/eli-k%c9%99rimlinin-saxlanildigi-evind%c9%99-axtaris-aparildigi-deyilir\/#primaryimage"},"thumbnailUrl":"https:\/\/www.meydan.tv\/wp-content\/uploads\/45678.png","datePublished":"2025-11-29T11:13:50+00:00","dateModified":"2025-11-30T10:39:31+00:00","breadcrumb":{"@id":"https:\/\/www.meydan.tv\/az\/article\/eli-k%c9%99rimlinin-saxlanildigi-evind%c9%99-axtaris-aparildigi-deyilir\/#breadcrumb"},"inLanguage":"az","potentialAction":[{"@type":"ReadAction","target":["https:\/\/www.meydan.tv\/az\/article\/eli-k%c9%99rimlinin-saxlanildigi-evind%c9%99-axtaris-aparildigi-deyilir\/"]}]},{"@type":"ImageObject","inLanguage":"az","@id":"https:\/\/www.meydan.tv\/az\/article\/eli-k%c9%99rimlinin-saxlanildigi-evind%c9%99-axtaris-aparildigi-deyilir\/#primaryimage","url":"https:\/\/www.meydan.tv\/wp-content\/uploads\/45678.png","contentUrl":"https:\/\/www.meydan.tv\/wp-content\/uploads\/45678.png","width":1920,"height":938,"caption":"AXCP s\u0259dri \u018fli K\u0259rimli"},{"@type":"BreadcrumbList","@id":"https:\/\/www.meydan.tv\/az\/article\/eli-k%c9%99rimlinin-saxlanildigi-evind%c9%99-axtaris-aparildigi-deyilir\/#breadcrumb","itemListElement":[{"@type":"ListItem","position":1,"name":"Ana s\u0259hif\u0259","item":"https:\/\/www.meydan.tv\/az\/"},{"@type":"ListItem","position":2,"name":"Siyas\u0259t","item":"https:\/\/www.meydan.tv\/az\/section\/siyaset\/"},{"@type":"ListItem","position":3,"name":"\u018fli K\u0259rimli saxlan\u0131l\u0131b, evind\u0259 axtar\u0131\u015f apar\u0131l\u0131b (Yenil\u0259nib)"}]},{"@type":"WebSite","@id":"https:\/\/www.meydan.tv\/az\/#website","url":"https:\/\/www.meydan.tv\/az\/","name":"MEYDAN.TV","description":"Meydan TV Az\u0259rbaycan\u0131n media m\u0259kan\u0131ndak\u0131 alternativ s\u0259sidir","publisher":{"@id":"https:\/\/www.meydan.tv\/az\/#organization"},"potentialAction":[{"@type":"SearchAction","target":{"@type":"EntryPoint","urlTemplate":"https:\/\/www.meydan.tv\/az\/?s={search_term_string}"},"query-input":{"@type":"PropertyValueSpecification","valueRequired":true,"valueName":"search_term_string"}}],"inLanguage":"az"},{"@type":"Organization","@id":"https:\/\/www.meydan.tv\/az\/#organization","name":"Meydan TV","url":"https:\/\/www.meydan.tv\/az\/","logo":{"@type":"ImageObject","inLanguage":"az","@id":"https:\/\/www.meydan.tv\/az\/#\/schema\/logo\/image\/","url":"https:\/\/www.meydan.tv\/wp-content\/uploads\/2021\/07\/meydan-logo.svg","contentUrl":"https:\/\/www.meydan.tv\/wp-content\/uploads\/2021\/07\/meydan-logo.svg","width":195,"height":46,"caption":"Meydan TV"},"image":{"@id":"https:\/\/www.meydan.tv\/az\/#\/schema\/logo\/image\/"}},{"@type":"Person","@id":"https:\/\/www.meydan.tv\/az\/#\/schema\/person\/8f23e01c4de63326c13c319fb65ee65d","name":"roma"}]}},"_links":{"self":[{"href":"https:\/\/www.meydan.tv\/az\/wp-json\/wp\/v2\/posts\/338201","targetHints":{"allow":["GET"]}}],"collection":[{"href":"https:\/\/www.meydan.tv\/az\/wp-json\/wp\/v2\/posts"}],"about":[{"href":"https:\/\/www.meydan.tv\/az\/wp-json\/wp\/v2\/types\/post"}],"author":[{"embeddable":true,"href":"https:\/\/www.meydan.tv\/az\/wp-json\/wp\/v2\/users\/14"}],"replies":[{"embeddable":true,"href":"https:\/\/www.meydan.tv\/az\/wp-json\/wp\/v2\/comments?post=338201"}],"version-history":[{"count":41,"href":"https:\/\/www.meydan.tv\/az\/wp-json\/wp\/v2\/posts\/338201\/revisions"}],"predecessor-version":[{"id":338309,"href":"https:\/\/www.meydan.tv\/az\/wp-json\/wp\/v2\/posts\/338201\/revisions\/338309"}],"wp:featuredmedia":[{"embeddable":true,"href":"https:\/\/www.meydan.tv\/az\/wp-json\/wp\/v2\/media\/338202"}],"wp:attachment":[{"href":"https:\/\/www.meydan.tv\/az\/wp-json\/wp\/v2\/media?parent=338201"}],"wp:term":[{"taxonomy":"category","embeddable":true,"href":"https:\/\/www.meydan.tv\/az\/wp-json\/wp\/v2\/categories?post=338201"},{"taxonomy":"post_tag","embeddable":true,"href":"https:\/\/www.meydan.tv\/az\/wp-json\/wp\/v2\/tags?post=338201"}],"curies":[{"name":"wp","href":"https:\/\/api.w.org\/{rel}","templated":true}]}}