{"id":338091,"date":"2025-11-27T18:36:00","date_gmt":"2025-11-27T14:36:00","guid":{"rendered":"https:\/\/www.meydan.tv\/?p=338091"},"modified":"2025-11-27T21:06:36","modified_gmt":"2025-11-27T17:06:36","slug":"az%c9%99rbaycan-ukraynaya-su-22-t%c9%99yyar%c9%99l%c9%99ri-satir-daily-expressin-iddialari-n%c9%99-q%c9%99d%c9%99r-realdir","status":"publish","type":"post","link":"https:\/\/www.meydan.tv\/az\/article\/az%c9%99rbaycan-ukraynaya-su-22-t%c9%99yyar%c9%99l%c9%99ri-satir-daily-expressin-iddialari-n%c9%99-q%c9%99d%c9%99r-realdir\/","title":{"rendered":"Az\u0259rbaycan Ukraynaya SU-22 t\u0259yyar\u0259l\u0259ri sat\u0131r? &#8220;Daily Express&#8221;in iddialar\u0131 n\u0259 q\u0259d\u0259r reald\u0131r?"},"content":{"rendered":"\n<p><a href=\"https:\/\/jam-news.net\/az\/az%C9%99rbaycan-ukraynaya-su-22-t%C9%99yyar%C9%99l%C9%99ri-satir\/\" target=\"_blank\" rel=\"noreferrer noopener nofollow\">JAMnews<\/a>-un material\u0131<\/p>\n\n\n\n<p>Britaniyan\u0131n \u201cDaily Express\u201d n\u0259\u015fri\u00a0<a href=\"https:\/\/www.the-express.com\/news\/world-news\/191434\/former-close-ally-putin-takes-revenge-russia#:~:text=By%C2%A0John%20Varga%20%2C%20%2026\" target=\"_blank\" rel=\"noreferrer noopener nofollow\">Az\u0259rbaycan haqq\u0131nda yazd\u0131\u011f\u0131 m\u0259qal\u0259d\u0259<\/a>\u00a0iddia olunub ki, \u201cRusiyan\u0131n\u00a0ke\u00e7mi\u015f yax\u0131n m\u00fctt\u0259fiqi say\u0131lan\u00a0Az\u0259rbaycan\u00a0gizlic\u0259\u00a0Ukraynaya\u00a0SU-22 tipli h\u0259rbi t\u0259yyar\u0259l\u0259r sat\u0131r v\u0259 eyni zamanda Ukraynaya qaz t\u0259dar\u00fck edir\u201d.<\/p>\n\n\n\n<p>Media bu x\u0259b\u0259ri sensasiya kimi t\u0259qdim ed\u0259r\u0259k yaz\u0131b ki, Az\u0259rbaycan Prezidenti\u00a0\u0130lham \u018fliyev\u00a0Rusiya Prezidenti\u00a0Vladimir Putind\u0259n\u00a0\u201cqisas almaq\u201d \u00fc\u00e7\u00fcn bel\u0259 add\u0131mlar at\u0131r. X\u0259b\u0259rd\u0259 vur\u011fulan\u0131b ki, Bak\u0131 il\u0259 Moskva uzun ill\u0259r m\u00fctt\u0259fiq olsalar da, son d\u00f6vrl\u0259rd\u0259 m\u00fcnasib\u0259tl\u0259r korlan\u0131b. Bildirilir ki, Az\u0259rbaycan C\u0259nubi Qafqazda Rusiyan\u0131n t\u0259sirini azaltma\u011fa \u00e7al\u0131\u015f\u0131r v\u0259\u00a0T\u00fcrkiy\u0259\u00a0il\u0259 s\u0131x \u0259laq\u0259l\u0259r qurur.<\/p>\n\n\n\n<p>N\u0259\u015fr yaz\u0131r ki, Az\u0259rbaycan SU-22 q\u0131r\u0131c\u0131-bombardman\u00e7\u0131 t\u0259yyar\u0259l\u0259rini gizli yollarla \u2013&nbsp;<strong>T\u00fcrkiy\u0259, Sudan v\u0259 Almaniyadan ke\u00e7\u0259n logistika z\u0259nciri<\/strong>&nbsp;vasit\u0259sil\u0259 Ukraynaya g\u00f6nd\u0259rir. T\u0259yyar\u0259l\u0259r&nbsp;<strong>humanitar yard\u0131m<\/strong>&nbsp;ad\u0131 alt\u0131nda y\u00fckl\u0259nir v\u0259 \u0259vv\u0259ll\u0259r Rusiya silahlar\u0131n\u0131n da\u015f\u0131nd\u0131\u011f\u0131 mar\u015frutlarla g\u00f6nd\u0259rilir.<\/p>\n\n\n\n<p>Bundan \u0259lav\u0259, eyni yaz\u0131da iddia edilib ki, Az\u0259rbaycan Ukraynaya qaz satma\u011fa da ba\u015flay\u0131b. Bildirilib ki, Bak\u0131 Ukraynaya Trans-Balkan boru k\u0259m\u0259ri vasit\u0259sil\u0259 (\u0259vv\u0259ll\u0259r Rusiyan\u0131n n\u0259zar\u0259tind\u0259 olmu\u015f bir mar\u015frutla) az miqdarda da olsa qaz g\u00f6nd\u0259rir. Bu, Ukraynan\u0131n Rusiya qaz\u0131ndan imtina etdikd\u0259n sonra ilk alternativ qaz m\u0259nb\u0259yi kimi t\u0259qdim olunur.<\/p>\n\n\n\n<p>M\u0259qal\u0259d\u0259 Az\u0259rbaycan arsenal\u0131n\u0131n Sovet v\u0259 Rusiya istehsal\u0131 silahlarla dolu oldu\u011fu da qeyd edilir. N\u0259\u015fr bildirir ki, Az\u0259rbaycan \u00f6z ehtiyat\u0131ndak\u0131 artilleriya sisteml\u0259ri, yayl\u0131m at\u0259\u015fli reaktiv sisteml\u0259r (YARS), zirehli texnikalar, tanklar v\u0259 h\u0259tta To\u00e7ka-U q\u0131sa m\u0259nzilli ballistik raket kompleksl\u0259rini bel\u0259 Ukraynaya sata bil\u0259r. B\u0259s iddialar n\u0259 q\u0259d\u0259r reald\u0131r?<\/p>\n\n\n\n<h4 class=\"wp-block-heading\"><strong>Az\u0259rbaycan\u0131n m\u00f6vqeyi v\u0259 iddialar\u0131n t\u0259kzibi<\/strong><\/h4>\n\n\n\n<p>Az\u0259rbaycan\u0131n h\u00f6k\u00fcm\u0259ty\u00f6nl\u00fc m\u0259nb\u0259l\u0259ri, o c\u00fcml\u0259d\u0259n&nbsp;<strong>\u201cMinval\u201d<\/strong>&nbsp;x\u0259b\u0259r portal\u0131&nbsp;<a href=\"https:\/\/minval.az\/news\/124501484\" target=\"_blank\" rel=\"noreferrer noopener\">h\u00f6kum\u0259td\u0259ki m\u0259nb\u0259l\u0259r\u0259 istinad\u0259n yaz\u0131b ki<\/a>, Bak\u0131 bu m\u00fcnaqi\u015f\u0259d\u0259&nbsp;<strong>neytrall\u0131q siyas\u0259tin\u0259 sadiqdir<\/strong>&nbsp;v\u0259 Ukraynaya yaln\u0131z humanitar yard\u0131m edir.<\/p>\n\n\n\n<blockquote class=\"wp-block-quote is-layout-flow wp-block-quote-is-layout-flow\">\n<p><em>\u201cQalan b\u00fct\u00fcn deyil\u0259nl\u0259r ucuz trafik \u00fc\u00e7\u00fcn fantaziyalard\u0131r\u201d.<\/em><\/p>\n<\/blockquote>\n\n\n\n<p>\u201c<em>Az\u0259rbaycan 2022-ci ild\u0259 Rusiya-Ukrayna m\u00fcharib\u0259si ba\u015flad\u0131\u011f\u0131 vaxtdan b\u0259ri \u00f6z neytral m\u00f6vqeyini b\u0259yan edib. \u00d6lk\u0259 h\u0259r iki t\u0259r\u0259f\u0259 silah g\u00f6nd\u0259rm\u0259y\u0259c\u0259yini bildirib\u201d.<\/em><\/p>\n\n\n\n<p>R\u0259smi m\u0259lumata g\u00f6r\u0259, indiy\u0259d\u0259k Bak\u0131 Ukraynaya yaln\u0131z d\u0259rman, \u0259rzaq, enerji t\u0259chizat\u0131 kimi&nbsp;<a href=\"https:\/\/president.az\/az\/articles\/view\/69586#:~:text=\" target=\"_blank\" rel=\"noreferrer noopener\"><strong>humanitar yard\u0131mlar<\/strong>&nbsp;<strong>g\u00f6nd\u0259rib<\/strong><\/a>&nbsp;v\u0259 bunu a\u00e7\u0131q \u015f\u0259kild\u0259 h\u0259yata ke\u00e7irib.<\/p>\n\n\n\n<p>H\u00f6k\u00fcm\u0259ty\u00f6nl\u00fc \u201cCaliber\u201d n\u0259\u015fri yaz\u0131r ki,&nbsp;<a href=\"https:\/\/caliber.az\/en\/post\/baku-s-neutrality-stands-firm-humanitarian-aid-is-transparent\" target=\"_blank\" rel=\"noreferrer noopener\">Az\u0259rbaycan Ukraynaya c\u00fczi h\u0259cmd\u0259 t\u0259bii qaz ixrac\u0131n\u0131 da r\u0259smi olaraq t\u0259sdiql\u0259yib<\/a>&nbsp;v\u0259 bu, Trans-Balkan boru k\u0259m\u0259ri vasit\u0259sil\u0259 realla\u015fd\u0131r\u0131l\u0131r. Y\u0259ni \u201cgizli qaz alveri\u201d yoxdur; \u0259ksin\u0259, b\u00fct\u00fcn bu enerji \u0259m\u0259kda\u015fl\u0131\u011f\u0131 r\u0259smi s\u0259n\u0259dl\u0259rl\u0259 apar\u0131l\u0131r.<\/p>\n\n\n\n<p>Bel\u0259likl\u0259, Az\u0259rbaycan birba\u015fa olmasa da, dolay\u0131 m\u0259nb\u0259l\u0259rl\u0259 \u201cDaily Express\u201din yayd\u0131\u011f\u0131 x\u0259b\u0259ri q\u0259ti \u015f\u0259kild\u0259 yalanlayaraq,&nbsp;<em>\u201cbu tip informasiyalar\u0131n \u00f6lk\u0259ni m\u00fcnaqi\u015f\u0259y\u0259 c\u0259lb etm\u0259k c\u0259hdl\u0259rind\u0259n ba\u015fqa bir \u015fey olmad\u0131\u011f\u0131n\u0131\u201d<\/em>&nbsp;bildiribl\u0259r.<\/p>\n\n\n\n<h4 class=\"wp-block-heading\"><strong>\u201cCaliber\u201d: \u201cHe\u00e7 bir d\u0259lil ortaya qoyulmay\u0131b\u201d<\/strong><\/h4>\n\n\n\n<p>A\u00e7\u0131q m\u0259nb\u0259l\u0259rd\u0259ki m\u0259lumatlara \u0259sas\u0259n, Az\u0259rbaycan 2000-ci ill\u0259rin \u0259vv\u0259ll\u0259rind\u0259 is\u0259 bu k\u00f6hn\u0259lmi\u015f \u201cFitter\u201d (SU-17\/22) t\u0259yyar\u0259l\u0259rinin tamamil\u0259 silahlanmadan \u00e7\u0131xar\u0131l\u0131b. Haz\u0131rda Az\u0259rbaycan H\u0259rbi Hava Q\u00fcvv\u0259l\u0259rinin d\u00f6y\u00fc\u015f aviapark\u0131 \u0259sas\u0259n MiQ-29 q\u0131r\u0131c\u0131lar\u0131, Su-25 h\u00fccum t\u0259yyar\u0259l\u0259ri v\u0259 yeni al\u0131nmas\u0131 planla\u015fd\u0131r\u0131lan JF-17 q\u0131r\u0131c\u0131lar\u0131 kimi t\u0259yyar\u0259l\u0259rd\u0259n ibar\u0259tdir. Y\u0259ni k\u00f6hn\u0259 Sovet d\u00f6vr\u00fcn\u0259 aid SU-22-l\u0259rin gizlic\u0259 Ukraynaya g\u00f6nd\u0259rilm\u0259si iddias\u0131 h\u0259rbi-texniki bax\u0131mdan \u015f\u00fcbh\u0259lidir.<\/p>\n\n\n\n<p>H\u00f6k\u00fcm\u0259ty\u00f6nl\u00fc&nbsp;<strong>\u201cCaliber\u201d<\/strong>&nbsp;\u201cDaily Express\u201din m\u0259qal\u0259sini t\u0259hlil ed\u0259r\u0259k qeyd edir ki, yaz\u0131da he\u00e7 bir konkret s\u00fcbut \u2013 n\u0259 foto, n\u0259 s\u0259n\u0259d, n\u0259 d\u0259 u\u00e7u\u015f qeydl\u0259ri t\u0259qdim olunmay\u0131b.<\/p>\n\n\n\n<blockquote class=\"wp-block-quote is-layout-flow wp-block-quote-is-layout-flow\">\n<p><em>\u201cM\u0259qal\u0259d\u0259 yaln\u0131z \u201cm\u0259nb\u0259mizin bildirdiyin\u0259 g\u00f6r\u0259\u201d format\u0131nda ittiham ir\u0259li s\u00fcr\u00fcl\u00fcb\u201d.<\/em><\/p>\n<\/blockquote>\n\n\n\n<p>N\u0259\u015fr yaz\u0131r ki, bel\u0259 b\u00f6y\u00fck h\u0259cmli silah transferini (x\u00fcsus\u0259n d\u0259 d\u00f6y\u00fc\u015f t\u0259yyar\u0259l\u0259rini) gizli saxlamaq qeyri-m\u00fcmk\u00fcnd\u00fcr.<\/p>\n\n\n\n<p><em>\u201cRegionun t\u0259hl\u00fck\u0259sizlik arxitekturas\u0131n\u0131 az-\u00e7ox bil\u0259n h\u0259r k\u0259s anlay\u0131r ki, \u0259g\u0259r Az\u0259rbaycan do\u011frudan da Ukraynaya h\u0259rbi texnika g\u00f6nd\u0259rs\u0259ydi,&nbsp;<strong>Moskvan\u0131n reaksiyas\u0131 d\u0259rhal v\u0259 s\u0259rt olard\u0131<\/strong>.<\/em><\/p>\n\n\n\n<p><em>Rusiya k\u0259\u015ffiyyat\u0131 m\u00fcnaqi\u015f\u0259 zonas\u0131na y\u00f6n\u0259l\u0259n silah h\u0259r\u0259k\u0259tini daimi izl\u0259yir. Bu \u015f\u0259raitd\u0259 t\u0259kc\u0259 ki\u00e7ik bir silah partiyas\u0131n\u0131 yox, h\u0259tta bir ne\u00e7\u0259 d\u00f6y\u00fc\u015f t\u0259yyar\u0259sini bel\u0259 gizli g\u00f6nd\u0259rm\u0259k m\u00fcmk\u00fcns\u00fczd\u00fcr\u201d.<\/em><\/p>\n\n\n\n<h4 class=\"wp-block-heading\"><strong>\u201cNews.az\u201d: \u201c\u018fvv\u0259ll\u0259r d\u0259 b\u0259nz\u0259r m\u0259lumatlar yayma\u011fa \u00e7al\u0131\u015f\u0131blar\u201d<\/strong><\/h4>\n\n\n\n<p>Dig\u0259r bir h\u00f6k\u00fcm\u0259ty\u00f6nl\u00fc n\u0259\u015fr, \u201cNews.az\u201d&nbsp;<a href=\"https:\/\/news.az\/news\/-azerbaijans-defense-industry-and-the-debate-over-arms-transfers-to-ukraine#:~:text=Rumors%20about%20Azerbaijan%20supplying%20weapons,and%20from%20there%20into%20Ukraine\" target=\"_blank\" rel=\"noreferrer noopener\">\u201cbu c\u00fcr sensasiyal\u0131 iddialar\u0131n ad\u0259t\u0259n informasiya m\u00fcharib\u0259sinin t\u0259rkib hiss\u0259si oldu\u011funu\u201d<\/a>&nbsp;bildirir.<\/p>\n\n\n\n<p><em><strong>\u201cAz\u0259rbaycan\u0131n Ukraynaya silah verm\u0259si bar\u0259d\u0259 s\u00f6z-s\u00f6hb\u0259tl\u0259r b\u00f6lg\u0259d\u0259 g\u0259rginlik artan h\u0259r d\u00f6vrd\u0259 \u00fcz\u0259 \u00e7\u0131xar\u0131l\u0131r<\/strong>. Rus v\u0259 erm\u0259ni medias\u0131 \u0259vv\u0259ll\u0259r d\u0259 buna b\u0259nz\u0259r m\u0259lumatlar yayma\u011fa \u00e7al\u0131\u015f\u0131b. 2022-ci ilin iyununda \u2013 Rusiya-Ukrayna m\u00fcharib\u0259si fonunda Rusiya v\u0259 Erm\u0259nistan sosial \u015f\u0259b\u0259k\u0259l\u0259rind\u0259 Az\u0259rbaycan\u0131n Ukraynaya aviasiya bombalar\u0131 g\u00f6nd\u0259rdiyin\u0259 dair iddialar ortaya at\u0131lm\u0131\u015fd\u0131.<\/em><\/p>\n\n\n\n<p><em>H\u0259min vaxt \u201cWings of War\u201d adl\u0131 rus telegram-kanal\u0131 v\u0259 \u0130raq\u0131n \u201cSabereen News\u201d kanal\u0131 \u201cMeridian\u201d adl\u0131 Ukrayna avia\u015firk\u0259tinin Sudan\u0131n\u0131n Xartum \u015f\u0259h\u0259rind\u0259n Pol\u015faya u\u00e7u\u015flarla Az\u0259rbaycan m\u0259n\u015f\u0259li bombalar da\u015f\u0131d\u0131\u011f\u0131n\u0131 iddia edirdi. Bu x\u0259b\u0259rl\u0259r d\u0259 sonradan r\u0259smi t\u0259sdiqini tapmad\u0131 v\u0259 Az\u0259rbaycan\u0131n \u00f6z\u00fc t\u0259r\u0259find\u0259n t\u0259kzib olundu.<\/em><\/p>\n\n\n\n<p><em>M\u00fct\u0259x\u0259ssisl\u0259r qeyd edir ki, h\u0259min iddialar m\u00fc\u0259yy\u0259n qism h\u0259qiq\u0259t\u0259 yax\u0131n olsa da (m\u0259s\u0259l\u0259n, Az\u0259rbaycanda istehsal olunmu\u015f&nbsp;<strong>QFAB-250 LG<\/strong>&nbsp;tipli aviasiya bombalar\u0131n\u0131n Ukraynaya gedib-getm\u0259diyi m\u00fczakir\u0259 edilir), b\u00fct\u00f6vl\u00fckd\u0259 m\u0259s\u0259l\u0259 \u00e7ox \u015fi\u015firdilib v\u0259 kontekstd\u0259n \u00e7\u0131xar\u0131l\u0131b.<\/em><\/p>\n\n\n\n<p><em>H\u0259tta h\u0259min vaxt Ukrayna ordusunun istifad\u0259 etdiyi Az\u0259rbaycan istehsal\u0131&nbsp;<strong>20N5<\/strong>&nbsp;markal\u0131 82 mm-lik minaatanlar\u0131n fotolar\u0131 yay\u0131ld\u0131qda bel\u0259, obyektiv \u015f\u0259rh ver\u0259nl\u0259r bildiriribl\u0259r ki, bu silahlar birba\u015fa Bak\u0131dan yox, \u00fc\u00e7\u00fcnc\u00fc bir \u00f6lk\u0259d\u0259n Ukraynaya ged\u0259 bil\u0259rdi\u201d.<\/em><\/p>\n\n\n\n<h4 class=\"wp-block-heading\"><strong>T\u0259yyar\u0259l\u0259rin Sudan, T\u00fcrkiy\u0259 v\u0259 Almaniya vasit\u0259sil\u0259 da\u015f\u0131nmas\u0131 n\u0259 d\u0259r\u0259c\u0259d\u0259 reald\u0131r?<\/strong><\/h4>\n\n\n\n<p>\u201cDaily Express\u201din versiyas\u0131na g\u00f6r\u0259, SU-22 t\u0259yyar\u0259l\u0259ri birba\u015fa Az\u0259rbaycandan Ukraynaya g\u00f6nd\u0259rilm\u0259yib, \u0259ksin\u0259&nbsp;<strong>dolay\u0131 mar\u015frut<\/strong>&nbsp;se\u00e7ilib. Bildirilir ki, t\u0259yyar\u0259l\u0259r s\u00f6k\u00fcl\u0259r\u0259k \u0259vv\u0259lc\u0259 Az\u0259rbaycandan T\u00fcrkiy\u0259y\u0259, oradan Sudana, \u0259n sonda is\u0259 Almaniyaya \u00e7atd\u0131r\u0131l\u0131b v\u0259 Almaniyadan Ukraynaya \u00f6t\u00fcr\u00fcl\u00fcb.<\/p>\n\n\n\n<blockquote class=\"wp-block-quote is-layout-flow wp-block-quote-is-layout-flow\">\n<p>Logistika v\u0259 g\u00f6mr\u00fck prosedurlar\u0131 bax\u0131m\u0131ndan bu senari nec\u0259 m\u00fcmk\u00fcn ola bil\u0259r?<\/p>\n<\/blockquote>\n\n\n\n<p>\u0130st\u0259nil\u0259n h\u0259rbi t\u0259yinatl\u0131 y\u00fck\u00fcn \u00fc\u00e7 m\u00fcxt\u0259lif regiondan ke\u00e7\u0259r\u0259k da\u015f\u0131nmas\u0131 son d\u0259r\u0259c\u0259 \u00e7\u0259tin planla\u015fd\u0131r\u0131lan \u0259m\u0259liyyatd\u0131r.<\/p>\n\n\n\n<p>H\u0259r \u00f6lk\u0259d\u0259 hava m\u0259kan\u0131 v\u0259 y\u00fck g\u00f6mr\u00fcy\u00fc n\u0259zar\u0259ti var. X\u00fcsus\u0259n d\u0259&nbsp;<strong>Avropa \u0130ttifaq\u0131<\/strong>&nbsp;\u00f6lk\u0259si olan Almaniyada bu c\u00fcr \u015f\u00fcbh\u0259li y\u00fckl\u0259rin a\u015fkar olunmadan tranzit ke\u00e7m\u0259si real deyil.<\/p>\n\n\n\n<p>Humanitar yard\u0131m ad\u0131 alt\u0131nda da\u015f\u0131ma versiyas\u0131na g\u0259linc\u0259, bu da praktik olaraq m\u00fcmk\u00fcn g\u00f6r\u00fcnm\u00fcr. H\u0259r bir humanitar y\u00fck s\u0259n\u0259dl\u0259rl\u0259 r\u0259smil\u0259\u015fdirilir, t\u0259rkibi b\u0259yan edilir.<\/p>\n\n\n\n<p>D\u00f6y\u00fc\u015f t\u0259yyar\u0259l\u0259ri is\u0259 n\u0259 q\u0259d\u0259r s\u00f6k\u00fcls\u0259 d\u0259, h\u0259cmli v\u0259 a\u011f\u0131r y\u00fckl\u0259rdir, onlar\u0131 y\u00fck t\u0259yyar\u0259l\u0259ri v\u0259 ya konteyner g\u0259mil\u0259ri il\u0259 da\u015f\u0131maq laz\u0131md\u0131r. Bel\u0259 b\u00f6y\u00fck komponentl\u0259r x\u00fcsusi icaz\u0259l\u0259r v\u0259 s\u0259n\u0259dl\u0259r olmadan s\u0259rh\u0259dl\u0259rd\u0259n ke\u00e7\u0259 bilm\u0259z.<\/p>\n\n\n\n<p>T\u0259yyar\u0259l\u0259rin humanitar y\u00fck ad\u0131yla g\u00f6nd\u0259rilm\u0259si texniki c\u0259h\u0259td\u0259n d\u0259 m\u00fcmk\u00fcns\u00fczd\u00fcr. Y\u00fck\u00fcn spesifikasiyas\u0131, m\u00fcvafiq s\u0259n\u0259dl\u0259r v\u0259 beyn\u0259lxalq logistika qaydalar\u0131 bunu gizlinc\u0259 h\u0259yata ke\u00e7irm\u0259y\u0259 imkan vermir. Y\u0259ni, bir \u00f6lk\u0259d\u0259n dig\u0259rin\u0259 bu c\u00fcr iri h\u0259cmli h\u0259rbi y\u00fck da\u015f\u0131n\u0131rsa, m\u00fctl\u0259q iz qoyur.<\/p>\n\n\n\n<h4 class=\"wp-block-heading\"><strong>\u201cDaily Express\u201d niy\u0259 m\u0259hz Sudandan b\u0259hs edir?<\/strong><\/h4>\n\n\n\n<p>Bunun iddian\u0131n fonunda 2022-ci ild\u0259 ortaya \u00e7\u0131xan ba\u015fqa bir hadis\u0259 dayan\u0131r. H\u0259min il bir s\u0131ra m\u0259nb\u0259l\u0259r Az\u0259rbaycan\u0131n Ukraynaya aviasiya bombalar\u0131 g\u00f6nd\u0259rdiyini iddia edib. H\u0259min versiyada da&nbsp;<strong>Sudan\u0131n<\/strong>&nbsp;ad\u0131 tranzit \u00f6lk\u0259 kimi ke\u00e7ib.<\/p>\n\n\n\n<p>\u0130ddiaya g\u00f6r\u0259, Az\u0259rbaycan\u0131n m\u00fcdafi\u0259 s\u0259nayesi \u015firk\u0259ti \u201cCIHAZ\u201d il\u0259 Ukraynan\u0131n d\u00f6vl\u0259t ixracat\u00e7\u0131s\u0131 \u201cUkrspecexport\u201d aras\u0131nda anla\u015fma olub, y\u00fck\u00fc is\u0259 Ukraynan\u0131n&nbsp;<strong>\u201cMeridian\u201d<\/strong>&nbsp;adl\u0131 y\u00fck avia\u015firk\u0259ti Xartum (Sudan) \u2013 Je\u015fuv (Pol\u015fa) mar\u015frutu il\u0259 da\u015f\u0131y\u0131b.<\/p>\n\n\n\n<p>Bu m\u0259lumat m\u00fc\u0259yy\u0259n q\u0259d\u0259r s\u0259n\u0259dl\u0259rl\u0259 \u0259sasland\u0131r\u0131l\u0131b \u2013&nbsp;<a href=\"https:\/\/drive.google.com\/file\/d\/1J9g9KUoN8127zRB7vA9TFe0JBTXXmDav\/view\" target=\"_blank\" rel=\"noreferrer noopener\">s\u0131zd\u0131r\u0131lan qaim\u0259l\u0259r yay\u0131mlan\u0131b<\/a>. H\u0259min bombalar\u0131n n\u00f6v\u00fc d\u0259 konkret g\u00f6st\u0259rilib: Az\u0259rbaycan-T\u00fcrkiy\u0259 birg\u0259 istehsal\u0131&nbsp;<strong>QFAB-250 LG<\/strong>&nbsp;lazerl\u0259 idar\u0259 olunan bombalar.<\/p>\n\n\n\n<p>Bildirilib ki, bu 270 kq-l\u0131q bombalardan 32 \u0259d\u0259d g\u00f6nd\u0259rilib v\u0259 Ukraynan\u0131n Su-25 t\u0259yyar\u0259l\u0259rind\u0259 istifad\u0259 olunub. \u018flav\u0259 olaraq, 2022-ci ilin yaz\u0131nda Xartum-Je\u015fuv aras\u0131nda Ukrayna Beyn\u0259lxalq Hava Yollar\u0131na m\u0259xsus t\u0259yyar\u0259l\u0259rin onlarla reys etdiyini&nbsp;<a href=\"https:\/\/www.africaintelligence.com\/eastern-africa-and-the-horn\/2022\/07\/29\/zelensky-s-sudan-connection---how-ukraine-armed-itself-in-khartoum,109802953-ge0\" target=\"_blank\" rel=\"noreferrer noopener\">\u201cAfrica Intelligence\u201d<\/a>&nbsp;v\u0259 dig\u0259r m\u0259nb\u0259l\u0259r yaz\u0131b.<\/p>\n\n\n\n<p>Y\u0259ni, m\u00fc\u0259yy\u0259n gizli silah t\u0259dar\u00fck\u00fc \u0259m\u0259liyyatlar\u0131 h\u0259qiq\u0259t\u0259n ba\u015f vermi\u015f ola bil\u0259r. Lakin burada vacib n\u00fcans var: s\u00f6hb\u0259t c\u0259mi bir ne\u00e7\u0259 on bomba v\u0259 minaatan m\u0259rmil\u0259rind\u0259n gedirdi \u2013 \u00f6l\u00e7\u00fcc\u0259 nisb\u0259t\u0259n ki\u00e7ik, konteynerl\u0259rd\u0259 da\u015f\u0131nabil\u0259n silahlardan.<\/p>\n\n\n\n<p><strong>D\u00f6y\u00fc\u015f t\u0259yyar\u0259si<\/strong>&nbsp;is\u0259 tamamil\u0259 f\u0259rqli miqyasd\u0131r. T\u0259yyar\u0259nin g\u00f6vd\u0259si, qanadlar\u0131, m\u00fch\u0259rrikl\u0259ri \u2013 bunlar\u0131n h\u0259r biri ayr\u0131ca b\u00f6y\u00fck y\u00fckl\u0259rdir. Onlar\u0131 da\u015f\u0131maq \u00fc\u00e7\u00fcn ya b\u00f6y\u00fck y\u00fck t\u0259yyar\u0259si laz\u0131md\u0131r (m\u0259s\u0259l\u0259n, An-124 \u201cRuslan\u201d kimi), ya da d\u0259niz yolu il\u0259 konteyner da\u015f\u0131nmas\u0131 t\u0259l\u0259b olunur. H\u0259r iki halda tranzit \u00f6lk\u0259l\u0259rin ham\u0131s\u0131nda bu qeydl\u0259r m\u00f6vcud olmal\u0131 idi.<\/p>\n\n\n\n<p>2023-c\u00fc ild\u0259n etibar\u0259n Sudan \u00f6z\u00fc daxili h\u0259rbi m\u00fcnaqi\u015f\u0259 v\u0259ziyy\u0259tind\u0259dir (apreld\u0259 ordu il\u0259 RSF qrupla\u015fmas\u0131 aras\u0131nda vuru\u015fmalar ba\u015flay\u0131b). Bel\u0259 bir \u015f\u0259raitd\u0259 Sudan\u0131n gizli silah tranziti platformas\u0131 olmas\u0131 daha da m\u00fcr\u0259kk\u0259bl\u0259\u015fib.<\/p>\n\n\n\n<p>T\u00fcrkiy\u0259nin bu prosesd\u0259 i\u015ftirak\u0131 iddias\u0131na g\u0259ldikd\u0259 is\u0259, n\u0259z\u0259r\u0259 almaq laz\u0131md\u0131r ki, T\u00fcrkiy\u0259 h\u0259m Az\u0259rbaycan\u0131n yax\u0131n m\u00fctt\u0259fiqidir, h\u0259m d\u0259 NATO \u00f6lk\u0259sidir. Ankara r\u0259smi \u015f\u0259kild\u0259 Ukraynaya b\u0259zi silah-sursat yard\u0131m edir (dronlar, zirehli texnika v\u0259 s.), lakin Rusiya il\u0259 m\u00fcnasib\u0259tl\u0259ri n\u0259z\u0259r\u0259 alaraq \u00e7ox ehtiyatl\u0131 davran\u0131r.<\/p>\n\n\n\n<p>Bel\u0259 oldu\u011fu halda, T\u00fcrkiy\u0259nin Az\u0259rbaycan t\u0259yyar\u0259l\u0259rini gizli \u015f\u0259kild\u0259 Ukraynaya \u00f6t\u00fcrm\u0259k \u00fc\u00e7\u00fcn kanal olmas\u0131 ehtimal\u0131 \u00e7ox a\u015fa\u011f\u0131d\u0131r. Bu, Ankara-Moskva \u0259laq\u0259l\u0259rini k\u0259skin poza bil\u0259r.<\/p>\n\n\n\n<h4 class=\"wp-block-heading\"><strong>Almaniyadan da\u015f\u0131nmas\u0131 bar\u0259d\u0259<\/strong><\/h4>\n\n\n\n<p>\u018fvv\u0259lki iddialarda yer ald\u0131\u011f\u0131 kimi, Pol\u015fa Ukraynaya silah \u00f6t\u00fcr\u00fclm\u0259sind\u0259 \u0259sas logistika d\u00fcy\u00fcn\u00fcd\u00fcr v\u0259 2022-ci ild\u0259 m\u00fcmk\u00fcn tranzit \u00f6lk\u0259si olub. B\u0259s Almaniya?<\/p>\n\n\n\n<p>Almaniya Ukraynaya silah yard\u0131m\u0131 ed\u0259n Q\u0259rb \u00f6lk\u0259sidir, lakin bu yard\u0131m son d\u0259r\u0259c\u0259 ciddi qaydalarla h\u0259yata ke\u00e7irilir. Almaniyadan Ukraynaya hans\u0131sa y\u00fck gedirs\u0259, bu, a\u00e7\u0131q elan edilir (m\u0259s\u0259l\u0259n, Almaniya Ukraynaya Leopard tanklar\u0131, IRIS-T hava h\u00fccumundan m\u00fcdafi\u0259 sisteml\u0259ri verdikd\u0259 bunu r\u0259smi olaraq a\u00e7\u0131qlay\u0131r).<\/p>\n\n\n\n<p>Gizli yollarla, \u00f6z\u00fc d\u0259 \u201chumanitar yard\u0131m\u201d ad\u0131 alt\u0131nda hans\u0131sa h\u0259rbi t\u0259chizat\u0131n Almaniya vasit\u0259sil\u0259 \u00f6t\u00fcr\u00fclm\u0259si m\u00fcmk\u00fcn g\u00f6r\u00fcnm\u00fcr.<\/p>\n\n\n\n<p>\u018fg\u0259r qurum iddia edirs\u0259 ki, Almaniya \u0259razisind\u0259 t\u0259yyar\u0259l\u0259r y\u0131\u011f\u0131l\u0131b v\u0259 oradan Ukraynaya u\u00e7urulub, bu da m\u00fcmk\u00fcn g\u00f6r\u00fcnm\u00fcr. \u00c7\u00fcnki Almaniya \u00f6z\u00fc Ukraynaya d\u00f6y\u00fc\u015f t\u0259yyar\u0259si verm\u0259yib, ba\u015fqa \u00f6lk\u0259l\u0259rin d\u0259 bel\u0259 t\u0259\u015f\u0259bb\u00fcsl\u0259rin\u0259 ehtiyatla yana\u015f\u0131r (m\u0259s\u0259l\u0259n, Pol\u015fan\u0131n MiQ-29-lar\u0131n\u0131n \u00f6t\u00fcr\u00fclm\u0259si m\u0259s\u0259l\u0259sind\u0259 koordinasiya var idi).<\/p>\n\n\n\n<p><em>\u201cM\u0259qal\u0259d\u0259 n\u0259 mar\u015frut \u00fczr\u0259 u\u00e7u\u015f qeydl\u0259ri, n\u0259 y\u00fckl\u0259rin karqo s\u0259n\u0259dl\u0259ri, n\u0259 d\u0259 peyk g\u00f6r\u00fcnt\u00fcl\u0259ri kimi d\u0259lill\u0259r var. Sad\u0259c\u0259 olaraq t\u0259x\u0259yy\u00fcld\u0259 canland\u0131r\u0131l\u0131b ki, filan yolla t\u0259yyar\u0259l\u0259r da\u015f\u0131n\u0131r \u2013 ancaq&nbsp;<strong>he\u00e7 bir ciddi fakta \u0259saslanm\u0131r\u201d<\/strong><\/em>&nbsp;\u2013 dey\u0259 \u201cCaliber\u201d yaz\u0131r.<\/p>\n\n\n\n<h4 class=\"wp-block-heading\"><strong>Az\u0259rbaycan-Rusiya m\u00fcnasib\u0259tl\u0259rinin son d\u00f6vrd\u0259ki gedi\u015fat\u0131 v\u0259 \u201cDaily Express\u201din iddialar\u0131<\/strong><\/h4>\n\n\n\n<p>\u201cDaily Express\u201d Az\u0259rbaycan\u0131n Rusiya \u0259leyhin\u0259 gizli f\u0259aliyy\u0259tind\u0259n b\u0259hs ed\u0259rk\u0259n, iki \u00f6lk\u0259 aras\u0131ndak\u0131 son hadis\u0259l\u0259ri d\u0259 \u00f6z yozumunda istifad\u0259 edib. X\u00fcsusil\u0259 qeyd edilir ki, Bak\u0131 il\u0259 Moskvan\u0131n aras\u0131 k\u0259skin \u015f\u0259kild\u0259 d\u0259yib v\u0259 Az\u0259rbaycan Prezidenti \u018fliyev Putini q\u0131c\u0131qland\u0131rmaq \u00fc\u00e7\u00fcn h\u0259r \u015feyi edir.<\/p>\n\n\n\n<blockquote class=\"wp-block-quote is-layout-flow wp-block-quote-is-layout-flow\">\n<p>Bu narrativd\u0259 \u0259sas yer tutan hadis\u0259 Rusiyan\u0131n Az\u0259rbaycan s\u0259rni\u015fin t\u0259yyar\u0259sini vurmas\u0131 epizodudur.<\/p>\n<\/blockquote>\n\n\n\n<p>Bu hadis\u0259nin&nbsp;Az\u0259rbaycan-Rusiya m\u00fcnasib\u0259tl\u0259rind\u0259 ciddi g\u0259rginlik yaratmas\u0131 do\u011frudur. Az\u0259rbaycan Prezidenti \u0130lham \u018fliyev hadis\u0259d\u0259n sonra s\u0259rt reaksiya ver\u0259r\u0259k, Rusiya t\u0259r\u0259finin m\u0259suliyy\u0259ti boynundan atma\u011fa \u00e7al\u0131\u015fmas\u0131n\u0131 t\u0259nqid edib. O bildirib ki, \u0259g\u0259r g\u00fcnah t\u0259sdiql\u0259ns\u0259, Az\u0259rbaycan bu m\u0259s\u0259l\u0259ni beyn\u0259lxalq m\u0259hk\u0259m\u0259y\u0259 \u00e7\u0131xarmaq h\u00fcququnu \u00f6z\u00fcnd\u0259 saxlay\u0131r. 2024-c\u00fc ilin sonu v\u0259 2025-ci ilin \u0259vv\u0259lind\u0259 Bak\u0131 v\u0259 Moskva aras\u0131nda diplomatik g\u0259rginlik art\u0131b, ictimai r\u0259yd\u0259 d\u0259 Rusiyaya qar\u015f\u0131 naraz\u0131l\u0131q g\u00fccl\u00fc idi.<\/p>\n\n\n\n<p>Bununla bel\u0259, bu ilin oktyabr\u0131nda Tacikistan\u0131n paytaxt\u0131 D\u00fc\u015f\u0259nb\u0259d\u0259 ke\u00e7iril\u0259n sammit \u00e7\u0259r\u00e7iv\u0259sind\u0259&nbsp;Prezident \u0130lham \u018fliyevl\u0259 Prezident Vladimir Putin g\u00f6r\u00fc\u015f\u0259r\u0259k bu m\u0259s\u0259l\u0259ni m\u00fczakir\u0259 edibl\u0259r. Putin&nbsp;<strong>r\u0259smi \u00fczr ist\u0259yib<\/strong>&nbsp;v\u0259 Rusiya Hava H\u00fccumundan M\u00fcdafi\u0259 sisteml\u0259rinin \u201cs\u0259hv\u0259n\u201d Az\u0259rbaycan t\u0259yyar\u0259sini vurdu\u011funu etiraf edib.<\/p>\n\n\n\n<p>N\u0259tic\u0259 olaraq, h\u0259r iki t\u0259r\u0259f bu insidenti r\u0259smi \u015f\u0259kild\u0259 yoluna qoyma\u011fa \u00e7al\u0131\u015f\u0131b. Kremlin s\u00f6z\u00e7\u00fcs\u00fc Dmitri Peskov da a\u00e7\u0131qlama ver\u0259r\u0259k bildirib ki, oktyabr g\u00f6r\u00fc\u015f\u00fc \u201c\u00e7ox y\u00fcks\u0259k qiym\u0259tl\u0259ndirilib\u201d v\u0259 Moskva-Bak\u0131 m\u00fcnasib\u0259tl\u0259rini normalla\u015fd\u0131rmaq \u00fc\u00e7\u00fcn diqq\u0259tli i\u015f apar\u0131l\u0131r. Y\u0259ni r\u0259smi s\u0259viyy\u0259d\u0259 h\u0259r iki \u00f6lk\u0259 insidentin s\u0259hvlikl\u0259 oldu\u011funu q\u0259bul edib qar\u015f\u0131l\u0131ql\u0131 \u0259laq\u0259l\u0259ri b\u0259rpa etm\u0259y\u0259 \u00e7al\u0131\u015f\u0131r.<\/p>\n\n\n\n<p>\u201cDaily Express\u201d m\u0259hz bu hadis\u0259nin \u00fcz\u0259rind\u0259 x\u00fcsusi dayanaraq Az\u0259rbaycan\u0131n Rusiya il\u0259 m\u00fcnasib\u0259tl\u0259rin soyuq olmas\u0131na vur\u011fu edir. Halbuki, qeyd edildiyi kimi, oktyabr ay\u0131nda iki lider g\u00f6r\u00fc\u015f\u00fcb, Putin faktiki olaraq m\u0259suliyy\u0259ti etiraf edib v\u0259 bel\u0259likl\u0259 diplomatik g\u0259rginlik azal\u0131b.<\/p>\n\n\n\n<p><a href=\"https:\/\/jam-news.net\/az\/kremlin-azerbaycan-ucun-yumsaq-guc-plani\/\" target=\"_blank\" rel=\"noreferrer noopener\"><\/a><\/p>\n","protected":false},"excerpt":{"rendered":"<p>JAMnews-un material\u0131 Britaniyan\u0131n \u201cDaily Express\u201d n\u0259\u015fri\u00a0Az\u0259rbaycan haqq\u0131nda yazd\u0131\u011f\u0131 m\u0259qal\u0259d\u0259\u00a0iddia olunub &#8230; <\/p>\n<p class=\"read-more-container\"><a title=\"Az\u0259rbaycan Ukraynaya SU-22 t\u0259yyar\u0259l\u0259ri sat\u0131r? &#8220;Daily Express&#8221;in iddialar\u0131 n\u0259 q\u0259d\u0259r reald\u0131r?\" class=\"read-more button\" href=\"https:\/\/www.meydan.tv\/az\/article\/az%c9%99rbaycan-ukraynaya-su-22-t%c9%99yyar%c9%99l%c9%99ri-satir-daily-expressin-iddialari-n%c9%99-q%c9%99d%c9%99r-realdir\/#more-338091\" aria-label=\"Read more about Az\u0259rbaycan Ukraynaya SU-22 t\u0259yyar\u0259l\u0259ri sat\u0131r? &#8220;Daily Express&#8221;in iddialar\u0131 n\u0259 q\u0259d\u0259r reald\u0131r?\">Davam\u0131<\/a><\/p>\n","protected":false},"author":28,"featured_media":338121,"comment_status":"closed","ping_status":"closed","sticky":false,"template":"","format":"standard","meta":{"_acf_changed":false,"_sitemap_exclude":false,"_sitemap_priority":"","_sitemap_frequency":"","footnotes":""},"categories":[59,56],"tags":[],"class_list":["post-338091","post","type-post","status-publish","format-standard","has-post-thumbnail","hentry","category-siyaset","category-xeberler","infinite-scroll-item","generate-columns","tablet-grid-50","mobile-grid-100","grid-parent","grid-33","no-featured-image-padding"],"acf":[],"yoast_head":"<!-- This site is optimized with the Yoast SEO plugin v27.4 - https:\/\/yoast.com\/product\/yoast-seo-wordpress\/ -->\n<title>Az\u0259rbaycan Ukraynaya SU-22 t\u0259yyar\u0259l\u0259ri sat\u0131r? &quot;Daily Express&quot;in iddialar\u0131 n\u0259 q\u0259d\u0259r reald\u0131r? - MEYDAN.TV<\/title>\n<meta name=\"robots\" content=\"index, follow, max-snippet:-1, max-image-preview:large, max-video-preview:-1\" \/>\n<link rel=\"canonical\" href=\"https:\/\/www.meydan.tv\/az\/article\/az%c9%99rbaycan-ukraynaya-su-22-t%c9%99yyar%c9%99l%c9%99ri-satir-daily-expressin-iddialari-n%c9%99-q%c9%99d%c9%99r-realdir\/\" \/>\n<meta property=\"og:locale\" content=\"az_AZ\" \/>\n<meta property=\"og:type\" content=\"article\" \/>\n<meta property=\"og:title\" content=\"Az\u0259rbaycan Ukraynaya SU-22 t\u0259yyar\u0259l\u0259ri sat\u0131r? &quot;Daily Express&quot;in iddialar\u0131 n\u0259 q\u0259d\u0259r reald\u0131r? - MEYDAN.TV\" \/>\n<meta property=\"og:description\" content=\"JAMnews-un material\u0131 Britaniyan\u0131n \u201cDaily Express\u201d n\u0259\u015fri\u00a0Az\u0259rbaycan haqq\u0131nda yazd\u0131\u011f\u0131 m\u0259qal\u0259d\u0259\u00a0iddia olunub ... Davam\u0131\" \/>\n<meta property=\"og:url\" content=\"https:\/\/www.meydan.tv\/az\/article\/az%c9%99rbaycan-ukraynaya-su-22-t%c9%99yyar%c9%99l%c9%99ri-satir-daily-expressin-iddialari-n%c9%99-q%c9%99d%c9%99r-realdir\/\" \/>\n<meta property=\"og:site_name\" content=\"MEYDAN.TV\" \/>\n<meta property=\"article:published_time\" content=\"2025-11-27T14:36:00+00:00\" \/>\n<meta property=\"article:modified_time\" content=\"2025-11-27T17:06:36+00:00\" \/>\n<meta property=\"og:image\" content=\"https:\/\/www.meydan.tv\/wp-content\/uploads\/su22-1.jpg\" \/>\n\t<meta property=\"og:image:width\" content=\"1200\" \/>\n\t<meta property=\"og:image:height\" content=\"377\" \/>\n\t<meta property=\"og:image:type\" content=\"image\/jpeg\" \/>\n<meta name=\"author\" content=\"marc\" \/>\n<meta name=\"twitter:card\" content=\"summary_large_image\" \/>\n<script type=\"application\/ld+json\" class=\"yoast-schema-graph\">{\"@context\":\"https:\\\/\\\/schema.org\",\"@graph\":[{\"@type\":\"Article\",\"@id\":\"https:\\\/\\\/www.meydan.tv\\\/az\\\/article\\\/az%c9%99rbaycan-ukraynaya-su-22-t%c9%99yyar%c9%99l%c9%99ri-satir-daily-expressin-iddialari-n%c9%99-q%c9%99d%c9%99r-realdir\\\/#article\",\"isPartOf\":{\"@id\":\"https:\\\/\\\/www.meydan.tv\\\/az\\\/article\\\/az%c9%99rbaycan-ukraynaya-su-22-t%c9%99yyar%c9%99l%c9%99ri-satir-daily-expressin-iddialari-n%c9%99-q%c9%99d%c9%99r-realdir\\\/\"},\"author\":{\"name\":\"marc\",\"@id\":\"https:\\\/\\\/www.meydan.tv\\\/az\\\/#\\\/schema\\\/person\\\/9a3bd9697ebcc7f5274ed604d8b6b290\"},\"headline\":\"Az\u0259rbaycan Ukraynaya SU-22 t\u0259yyar\u0259l\u0259ri sat\u0131r? &#8220;Daily Express&#8221;in iddialar\u0131 n\u0259 q\u0259d\u0259r reald\u0131r?\",\"datePublished\":\"2025-11-27T14:36:00+00:00\",\"dateModified\":\"2025-11-27T17:06:36+00:00\",\"mainEntityOfPage\":{\"@id\":\"https:\\\/\\\/www.meydan.tv\\\/az\\\/article\\\/az%c9%99rbaycan-ukraynaya-su-22-t%c9%99yyar%c9%99l%c9%99ri-satir-daily-expressin-iddialari-n%c9%99-q%c9%99d%c9%99r-realdir\\\/\"},\"wordCount\":2817,\"publisher\":{\"@id\":\"https:\\\/\\\/www.meydan.tv\\\/az\\\/#organization\"},\"image\":{\"@id\":\"https:\\\/\\\/www.meydan.tv\\\/az\\\/article\\\/az%c9%99rbaycan-ukraynaya-su-22-t%c9%99yyar%c9%99l%c9%99ri-satir-daily-expressin-iddialari-n%c9%99-q%c9%99d%c9%99r-realdir\\\/#primaryimage\"},\"thumbnailUrl\":\"https:\\\/\\\/www.meydan.tv\\\/wp-content\\\/uploads\\\/su22-1.jpg\",\"articleSection\":[\"Siyas\u0259t\",\"X\u0259b\u0259rl\u0259r\"],\"inLanguage\":\"az\"},{\"@type\":\"WebPage\",\"@id\":\"https:\\\/\\\/www.meydan.tv\\\/az\\\/article\\\/az%c9%99rbaycan-ukraynaya-su-22-t%c9%99yyar%c9%99l%c9%99ri-satir-daily-expressin-iddialari-n%c9%99-q%c9%99d%c9%99r-realdir\\\/\",\"url\":\"https:\\\/\\\/www.meydan.tv\\\/az\\\/article\\\/az%c9%99rbaycan-ukraynaya-su-22-t%c9%99yyar%c9%99l%c9%99ri-satir-daily-expressin-iddialari-n%c9%99-q%c9%99d%c9%99r-realdir\\\/\",\"name\":\"Az\u0259rbaycan Ukraynaya SU-22 t\u0259yyar\u0259l\u0259ri sat\u0131r? \\\"Daily Express\\\"in iddialar\u0131 n\u0259 q\u0259d\u0259r reald\u0131r? - MEYDAN.TV\",\"isPartOf\":{\"@id\":\"https:\\\/\\\/www.meydan.tv\\\/az\\\/#website\"},\"primaryImageOfPage\":{\"@id\":\"https:\\\/\\\/www.meydan.tv\\\/az\\\/article\\\/az%c9%99rbaycan-ukraynaya-su-22-t%c9%99yyar%c9%99l%c9%99ri-satir-daily-expressin-iddialari-n%c9%99-q%c9%99d%c9%99r-realdir\\\/#primaryimage\"},\"image\":{\"@id\":\"https:\\\/\\\/www.meydan.tv\\\/az\\\/article\\\/az%c9%99rbaycan-ukraynaya-su-22-t%c9%99yyar%c9%99l%c9%99ri-satir-daily-expressin-iddialari-n%c9%99-q%c9%99d%c9%99r-realdir\\\/#primaryimage\"},\"thumbnailUrl\":\"https:\\\/\\\/www.meydan.tv\\\/wp-content\\\/uploads\\\/su22-1.jpg\",\"datePublished\":\"2025-11-27T14:36:00+00:00\",\"dateModified\":\"2025-11-27T17:06:36+00:00\",\"breadcrumb\":{\"@id\":\"https:\\\/\\\/www.meydan.tv\\\/az\\\/article\\\/az%c9%99rbaycan-ukraynaya-su-22-t%c9%99yyar%c9%99l%c9%99ri-satir-daily-expressin-iddialari-n%c9%99-q%c9%99d%c9%99r-realdir\\\/#breadcrumb\"},\"inLanguage\":\"az\",\"potentialAction\":[{\"@type\":\"ReadAction\",\"target\":[\"https:\\\/\\\/www.meydan.tv\\\/az\\\/article\\\/az%c9%99rbaycan-ukraynaya-su-22-t%c9%99yyar%c9%99l%c9%99ri-satir-daily-expressin-iddialari-n%c9%99-q%c9%99d%c9%99r-realdir\\\/\"]}]},{\"@type\":\"ImageObject\",\"inLanguage\":\"az\",\"@id\":\"https:\\\/\\\/www.meydan.tv\\\/az\\\/article\\\/az%c9%99rbaycan-ukraynaya-su-22-t%c9%99yyar%c9%99l%c9%99ri-satir-daily-expressin-iddialari-n%c9%99-q%c9%99d%c9%99r-realdir\\\/#primaryimage\",\"url\":\"https:\\\/\\\/www.meydan.tv\\\/wp-content\\\/uploads\\\/su22-1.jpg\",\"contentUrl\":\"https:\\\/\\\/www.meydan.tv\\\/wp-content\\\/uploads\\\/su22-1.jpg\",\"width\":1200,\"height\":377,\"caption\":\"Flight Video and Photo\\\/shutterstock.com\"},{\"@type\":\"BreadcrumbList\",\"@id\":\"https:\\\/\\\/www.meydan.tv\\\/az\\\/article\\\/az%c9%99rbaycan-ukraynaya-su-22-t%c9%99yyar%c9%99l%c9%99ri-satir-daily-expressin-iddialari-n%c9%99-q%c9%99d%c9%99r-realdir\\\/#breadcrumb\",\"itemListElement\":[{\"@type\":\"ListItem\",\"position\":1,\"name\":\"Ana s\u0259hif\u0259\",\"item\":\"https:\\\/\\\/www.meydan.tv\\\/az\\\/\"},{\"@type\":\"ListItem\",\"position\":2,\"name\":\"X\u0259b\u0259rl\u0259r\",\"item\":\"https:\\\/\\\/www.meydan.tv\\\/az\\\/section\\\/xeberler\\\/\"},{\"@type\":\"ListItem\",\"position\":3,\"name\":\"Az\u0259rbaycan Ukraynaya SU-22 t\u0259yyar\u0259l\u0259ri sat\u0131r? &#8220;Daily Express&#8221;in iddialar\u0131 n\u0259 q\u0259d\u0259r reald\u0131r?\"}]},{\"@type\":\"WebSite\",\"@id\":\"https:\\\/\\\/www.meydan.tv\\\/az\\\/#website\",\"url\":\"https:\\\/\\\/www.meydan.tv\\\/az\\\/\",\"name\":\"MEYDAN.TV\",\"description\":\"Meydan TV Az\u0259rbaycan\u0131n media m\u0259kan\u0131ndak\u0131 alternativ s\u0259sidir\",\"publisher\":{\"@id\":\"https:\\\/\\\/www.meydan.tv\\\/az\\\/#organization\"},\"potentialAction\":[{\"@type\":\"SearchAction\",\"target\":{\"@type\":\"EntryPoint\",\"urlTemplate\":\"https:\\\/\\\/www.meydan.tv\\\/az\\\/?s={search_term_string}\"},\"query-input\":{\"@type\":\"PropertyValueSpecification\",\"valueRequired\":true,\"valueName\":\"search_term_string\"}}],\"inLanguage\":\"az\"},{\"@type\":\"Organization\",\"@id\":\"https:\\\/\\\/www.meydan.tv\\\/az\\\/#organization\",\"name\":\"Meydan TV\",\"url\":\"https:\\\/\\\/www.meydan.tv\\\/az\\\/\",\"logo\":{\"@type\":\"ImageObject\",\"inLanguage\":\"az\",\"@id\":\"https:\\\/\\\/www.meydan.tv\\\/az\\\/#\\\/schema\\\/logo\\\/image\\\/\",\"url\":\"https:\\\/\\\/www.meydan.tv\\\/wp-content\\\/uploads\\\/2021\\\/07\\\/meydan-logo.svg\",\"contentUrl\":\"https:\\\/\\\/www.meydan.tv\\\/wp-content\\\/uploads\\\/2021\\\/07\\\/meydan-logo.svg\",\"width\":195,\"height\":46,\"caption\":\"Meydan TV\"},\"image\":{\"@id\":\"https:\\\/\\\/www.meydan.tv\\\/az\\\/#\\\/schema\\\/logo\\\/image\\\/\"}},{\"@type\":\"Person\",\"@id\":\"https:\\\/\\\/www.meydan.tv\\\/az\\\/#\\\/schema\\\/person\\\/9a3bd9697ebcc7f5274ed604d8b6b290\",\"name\":\"marc\"}]}<\/script>\n<!-- \/ Yoast SEO plugin. -->","yoast_head_json":{"title":"Az\u0259rbaycan Ukraynaya SU-22 t\u0259yyar\u0259l\u0259ri sat\u0131r? \"Daily Express\"in iddialar\u0131 n\u0259 q\u0259d\u0259r reald\u0131r? - MEYDAN.TV","robots":{"index":"index","follow":"follow","max-snippet":"max-snippet:-1","max-image-preview":"max-image-preview:large","max-video-preview":"max-video-preview:-1"},"canonical":"https:\/\/www.meydan.tv\/az\/article\/az%c9%99rbaycan-ukraynaya-su-22-t%c9%99yyar%c9%99l%c9%99ri-satir-daily-expressin-iddialari-n%c9%99-q%c9%99d%c9%99r-realdir\/","og_locale":"az_AZ","og_type":"article","og_title":"Az\u0259rbaycan Ukraynaya SU-22 t\u0259yyar\u0259l\u0259ri sat\u0131r? \"Daily Express\"in iddialar\u0131 n\u0259 q\u0259d\u0259r reald\u0131r? - MEYDAN.TV","og_description":"JAMnews-un material\u0131 Britaniyan\u0131n \u201cDaily Express\u201d n\u0259\u015fri\u00a0Az\u0259rbaycan haqq\u0131nda yazd\u0131\u011f\u0131 m\u0259qal\u0259d\u0259\u00a0iddia olunub ... Davam\u0131","og_url":"https:\/\/www.meydan.tv\/az\/article\/az%c9%99rbaycan-ukraynaya-su-22-t%c9%99yyar%c9%99l%c9%99ri-satir-daily-expressin-iddialari-n%c9%99-q%c9%99d%c9%99r-realdir\/","og_site_name":"MEYDAN.TV","article_published_time":"2025-11-27T14:36:00+00:00","article_modified_time":"2025-11-27T17:06:36+00:00","og_image":[{"width":1200,"height":377,"url":"https:\/\/www.meydan.tv\/wp-content\/uploads\/su22-1.jpg","type":"image\/jpeg"}],"author":"marc","twitter_card":"summary_large_image","schema":{"@context":"https:\/\/schema.org","@graph":[{"@type":"Article","@id":"https:\/\/www.meydan.tv\/az\/article\/az%c9%99rbaycan-ukraynaya-su-22-t%c9%99yyar%c9%99l%c9%99ri-satir-daily-expressin-iddialari-n%c9%99-q%c9%99d%c9%99r-realdir\/#article","isPartOf":{"@id":"https:\/\/www.meydan.tv\/az\/article\/az%c9%99rbaycan-ukraynaya-su-22-t%c9%99yyar%c9%99l%c9%99ri-satir-daily-expressin-iddialari-n%c9%99-q%c9%99d%c9%99r-realdir\/"},"author":{"name":"marc","@id":"https:\/\/www.meydan.tv\/az\/#\/schema\/person\/9a3bd9697ebcc7f5274ed604d8b6b290"},"headline":"Az\u0259rbaycan Ukraynaya SU-22 t\u0259yyar\u0259l\u0259ri sat\u0131r? &#8220;Daily Express&#8221;in iddialar\u0131 n\u0259 q\u0259d\u0259r reald\u0131r?","datePublished":"2025-11-27T14:36:00+00:00","dateModified":"2025-11-27T17:06:36+00:00","mainEntityOfPage":{"@id":"https:\/\/www.meydan.tv\/az\/article\/az%c9%99rbaycan-ukraynaya-su-22-t%c9%99yyar%c9%99l%c9%99ri-satir-daily-expressin-iddialari-n%c9%99-q%c9%99d%c9%99r-realdir\/"},"wordCount":2817,"publisher":{"@id":"https:\/\/www.meydan.tv\/az\/#organization"},"image":{"@id":"https:\/\/www.meydan.tv\/az\/article\/az%c9%99rbaycan-ukraynaya-su-22-t%c9%99yyar%c9%99l%c9%99ri-satir-daily-expressin-iddialari-n%c9%99-q%c9%99d%c9%99r-realdir\/#primaryimage"},"thumbnailUrl":"https:\/\/www.meydan.tv\/wp-content\/uploads\/su22-1.jpg","articleSection":["Siyas\u0259t","X\u0259b\u0259rl\u0259r"],"inLanguage":"az"},{"@type":"WebPage","@id":"https:\/\/www.meydan.tv\/az\/article\/az%c9%99rbaycan-ukraynaya-su-22-t%c9%99yyar%c9%99l%c9%99ri-satir-daily-expressin-iddialari-n%c9%99-q%c9%99d%c9%99r-realdir\/","url":"https:\/\/www.meydan.tv\/az\/article\/az%c9%99rbaycan-ukraynaya-su-22-t%c9%99yyar%c9%99l%c9%99ri-satir-daily-expressin-iddialari-n%c9%99-q%c9%99d%c9%99r-realdir\/","name":"Az\u0259rbaycan Ukraynaya SU-22 t\u0259yyar\u0259l\u0259ri sat\u0131r? \"Daily Express\"in iddialar\u0131 n\u0259 q\u0259d\u0259r reald\u0131r? - MEYDAN.TV","isPartOf":{"@id":"https:\/\/www.meydan.tv\/az\/#website"},"primaryImageOfPage":{"@id":"https:\/\/www.meydan.tv\/az\/article\/az%c9%99rbaycan-ukraynaya-su-22-t%c9%99yyar%c9%99l%c9%99ri-satir-daily-expressin-iddialari-n%c9%99-q%c9%99d%c9%99r-realdir\/#primaryimage"},"image":{"@id":"https:\/\/www.meydan.tv\/az\/article\/az%c9%99rbaycan-ukraynaya-su-22-t%c9%99yyar%c9%99l%c9%99ri-satir-daily-expressin-iddialari-n%c9%99-q%c9%99d%c9%99r-realdir\/#primaryimage"},"thumbnailUrl":"https:\/\/www.meydan.tv\/wp-content\/uploads\/su22-1.jpg","datePublished":"2025-11-27T14:36:00+00:00","dateModified":"2025-11-27T17:06:36+00:00","breadcrumb":{"@id":"https:\/\/www.meydan.tv\/az\/article\/az%c9%99rbaycan-ukraynaya-su-22-t%c9%99yyar%c9%99l%c9%99ri-satir-daily-expressin-iddialari-n%c9%99-q%c9%99d%c9%99r-realdir\/#breadcrumb"},"inLanguage":"az","potentialAction":[{"@type":"ReadAction","target":["https:\/\/www.meydan.tv\/az\/article\/az%c9%99rbaycan-ukraynaya-su-22-t%c9%99yyar%c9%99l%c9%99ri-satir-daily-expressin-iddialari-n%c9%99-q%c9%99d%c9%99r-realdir\/"]}]},{"@type":"ImageObject","inLanguage":"az","@id":"https:\/\/www.meydan.tv\/az\/article\/az%c9%99rbaycan-ukraynaya-su-22-t%c9%99yyar%c9%99l%c9%99ri-satir-daily-expressin-iddialari-n%c9%99-q%c9%99d%c9%99r-realdir\/#primaryimage","url":"https:\/\/www.meydan.tv\/wp-content\/uploads\/su22-1.jpg","contentUrl":"https:\/\/www.meydan.tv\/wp-content\/uploads\/su22-1.jpg","width":1200,"height":377,"caption":"Flight Video and Photo\/shutterstock.com"},{"@type":"BreadcrumbList","@id":"https:\/\/www.meydan.tv\/az\/article\/az%c9%99rbaycan-ukraynaya-su-22-t%c9%99yyar%c9%99l%c9%99ri-satir-daily-expressin-iddialari-n%c9%99-q%c9%99d%c9%99r-realdir\/#breadcrumb","itemListElement":[{"@type":"ListItem","position":1,"name":"Ana s\u0259hif\u0259","item":"https:\/\/www.meydan.tv\/az\/"},{"@type":"ListItem","position":2,"name":"X\u0259b\u0259rl\u0259r","item":"https:\/\/www.meydan.tv\/az\/section\/xeberler\/"},{"@type":"ListItem","position":3,"name":"Az\u0259rbaycan Ukraynaya SU-22 t\u0259yyar\u0259l\u0259ri sat\u0131r? &#8220;Daily Express&#8221;in iddialar\u0131 n\u0259 q\u0259d\u0259r reald\u0131r?"}]},{"@type":"WebSite","@id":"https:\/\/www.meydan.tv\/az\/#website","url":"https:\/\/www.meydan.tv\/az\/","name":"MEYDAN.TV","description":"Meydan TV Az\u0259rbaycan\u0131n media m\u0259kan\u0131ndak\u0131 alternativ s\u0259sidir","publisher":{"@id":"https:\/\/www.meydan.tv\/az\/#organization"},"potentialAction":[{"@type":"SearchAction","target":{"@type":"EntryPoint","urlTemplate":"https:\/\/www.meydan.tv\/az\/?s={search_term_string}"},"query-input":{"@type":"PropertyValueSpecification","valueRequired":true,"valueName":"search_term_string"}}],"inLanguage":"az"},{"@type":"Organization","@id":"https:\/\/www.meydan.tv\/az\/#organization","name":"Meydan TV","url":"https:\/\/www.meydan.tv\/az\/","logo":{"@type":"ImageObject","inLanguage":"az","@id":"https:\/\/www.meydan.tv\/az\/#\/schema\/logo\/image\/","url":"https:\/\/www.meydan.tv\/wp-content\/uploads\/2021\/07\/meydan-logo.svg","contentUrl":"https:\/\/www.meydan.tv\/wp-content\/uploads\/2021\/07\/meydan-logo.svg","width":195,"height":46,"caption":"Meydan TV"},"image":{"@id":"https:\/\/www.meydan.tv\/az\/#\/schema\/logo\/image\/"}},{"@type":"Person","@id":"https:\/\/www.meydan.tv\/az\/#\/schema\/person\/9a3bd9697ebcc7f5274ed604d8b6b290","name":"marc"}]}},"_links":{"self":[{"href":"https:\/\/www.meydan.tv\/az\/wp-json\/wp\/v2\/posts\/338091","targetHints":{"allow":["GET"]}}],"collection":[{"href":"https:\/\/www.meydan.tv\/az\/wp-json\/wp\/v2\/posts"}],"about":[{"href":"https:\/\/www.meydan.tv\/az\/wp-json\/wp\/v2\/types\/post"}],"author":[{"embeddable":true,"href":"https:\/\/www.meydan.tv\/az\/wp-json\/wp\/v2\/users\/28"}],"replies":[{"embeddable":true,"href":"https:\/\/www.meydan.tv\/az\/wp-json\/wp\/v2\/comments?post=338091"}],"version-history":[{"count":4,"href":"https:\/\/www.meydan.tv\/az\/wp-json\/wp\/v2\/posts\/338091\/revisions"}],"predecessor-version":[{"id":338124,"href":"https:\/\/www.meydan.tv\/az\/wp-json\/wp\/v2\/posts\/338091\/revisions\/338124"}],"wp:featuredmedia":[{"embeddable":true,"href":"https:\/\/www.meydan.tv\/az\/wp-json\/wp\/v2\/media\/338121"}],"wp:attachment":[{"href":"https:\/\/www.meydan.tv\/az\/wp-json\/wp\/v2\/media?parent=338091"}],"wp:term":[{"taxonomy":"category","embeddable":true,"href":"https:\/\/www.meydan.tv\/az\/wp-json\/wp\/v2\/categories?post=338091"},{"taxonomy":"post_tag","embeddable":true,"href":"https:\/\/www.meydan.tv\/az\/wp-json\/wp\/v2\/tags?post=338091"}],"curies":[{"name":"wp","href":"https:\/\/api.w.org\/{rel}","templated":true}]}}