{"id":337999,"date":"2025-11-26T18:11:44","date_gmt":"2025-11-26T14:11:44","guid":{"rendered":"https:\/\/www.meydan.tv\/?p=337999"},"modified":"2025-11-26T18:11:47","modified_gmt":"2025-11-26T14:11:47","slug":"c%c9%99bh%c9%99-v%c9%99-diplomatiya-donbas-v%c9%99-trampin-plani-muharib%c9%99nin-gedisatini-nec%c9%99-d%c9%99yisir","status":"publish","type":"post","link":"https:\/\/www.meydan.tv\/az\/article\/c%c9%99bh%c9%99-v%c9%99-diplomatiya-donbas-v%c9%99-trampin-plani-muharib%c9%99nin-gedisatini-nec%c9%99-d%c9%99yisir\/","title":{"rendered":"C\u0259bh\u0259 v\u0259 diplomatiya: Donbas v\u0259 Tramp\u0131n plan\u0131 m\u00fcharib\u0259nin gedi\u015fat\u0131n\u0131 nec\u0259 d\u0259yi\u015fir"},"content":{"rendered":"\n<p><strong>Son g\u00fcnl\u0259r Ukraynada m\u00fcharib\u0259 iki paralel m\u00fcst\u0259vid\u0259 gedir \u2014 c\u0259bh\u0259 x\u0259ttind\u0259 Rusiya Donetsk vilay\u0259tind\u0259 t\u0259zyiqi art\u0131r\u0131r, siyas\u0259tin p\u0259rd\u0259arxas\u0131nda is\u0259 Donald Tramp administrasiyas\u0131 Kiyev v\u0259 Moskvaya gizli dan\u0131\u015f\u0131qlarda t\u0259qdim olunan yenil\u0259nmi\u015f s\u00fclh plan\u0131n\u0131 ir\u0259li s\u00fcr\u00fcr.<\/strong><\/p>\n\n\n\n<p>Bu prosesl\u0259r paralel ba\u015f vers\u0259 d\u0259, bir-biri il\u0259 s\u0131x \u0259laq\u0259lidir: d\u00f6y\u00fc\u015f meydan\u0131ndak\u0131 g\u0259rginliyin artmas\u0131 Ukrayna \u00fcz\u0259rind\u0259 t\u0259zyiqi g\u00fccl\u0259ndirir, AB\u015e-\u0131n s\u00fclh t\u0259\u015f\u0259bb\u00fcsl\u0259ri is\u0259 Kiyevin m\u00fctt\u0259fiql\u0259ri aras\u0131nda ged\u0259r\u0259k artan m\u00fcbahis\u0259l\u0259r\u0259 v\u0259 narahatl\u0131\u011fa s\u0259b\u0259b olur.<\/p>\n\n\n\n<h4 class=\"wp-block-heading\"><strong>C\u0259bh\u0259: Mirnoqrad istiqam\u0259tind\u0259 v\u0259 Seversk yax\u0131nl\u0131\u011f\u0131nda n\u0259 ba\u015f verir<\/strong><\/h4>\n\n\n\n<h5 class=\"wp-block-heading\"><strong>Mirnoqrad \u0259traf\u0131ndak\u0131 d\u00f6y\u00fc\u015fl\u0259r<\/strong><\/h5>\n\n\n\n<p>Donetsk vilay\u0259tind\u0259 Rusiya ordusu Mirnoqrad istiqam\u0259tind\u0259 f\u0259alla\u015f\u0131b \u2014 bu \u015f\u0259h\u0259r Pokrovsk istiqam\u0259tind\u0259 m\u00fcdafi\u0259nin \u0259sas dayaqlar\u0131ndan biri say\u0131l\u0131r. Ukrayna Desant-H\u00fccum Qo\u015funlar\u0131n\u0131n <a href=\"https:\/\/novosti.dn.ua\/ru\/news\/410398-rossijskaya-armiya-hochet-pererezat-suhoputnoe-soobshhenie-mezhdu-pokrovskom-i-mirnogradom-vsu\" target=\"_blank\" rel=\"noreferrer noopener nofollow\">m\u0259lumat\u0131na g\u00f6r\u0259<\/a>, Rusiya qo\u015funlar\u0131n\u0131n h\u0259r\u0259k\u0259tl\u0259ri Mirnoqradla Pokrovsk aras\u0131ndak\u0131 quru \u0259laq\u0259ni k\u0259sm\u0259k c\u0259hdi kimi qiym\u0259tl\u0259ndirilir ki, bu da \u015f\u0259h\u0259rin qism\u0259n m\u00fchasir\u0259sinin ba\u015flan\u011f\u0131c\u0131 ola bil\u0259r.<\/p>\n\n\n\n<p>Rusiya ki\u00e7ik h\u00fccum qruplar\u0131ndan istifad\u0259 edir, h\u0259r\u0259k\u0259ti dronlarla t\u0259nziml\u0259yir. Ukrayna is\u0259 x\u00fcsusil\u0259 \u015f\u0259h\u0259rin c\u0259nub istiqam\u0259tind\u0259 q\u00fcvv\u0259l\u0259ri art\u0131r\u0131r \u2014 Rusiya bu zonada canl\u0131 q\u00fcvv\u0259 toplamaga \u00e7al\u0131\u015f\u0131r.<\/p>\n\n\n\n<h5 class=\"wp-block-heading\"><strong>Seversk: uzun fasil\u0259d\u0259n sonra ilk d\u0259yi\u015fiklikl\u0259r<\/strong><\/h5>\n\n\n\n<p>DeepState analitikl\u0259ri <a href=\"https:\/\/novosti.dn.ua\/ru\/news\/410400-vojska-rossii-imeyut-uspehi-v-rajone-severska-okkupantov-vse-chashhe-fiksiruyut-v-gorode-deepstate\" target=\"_blank\" rel=\"noreferrer noopener nofollow\">bildirirl\u0259r<\/a> ki, Seversk istiqam\u0259tind\u0259 Rusiya qo\u015funlar\u0131n\u0131n m\u00fc\u0259yy\u0259n ir\u0259lil\u0259yi\u015fi m\u00fc\u015fahid\u0259 olunur. Onlar\u0131n m\u0259lumat\u0131na g\u00f6r\u0259, uzun m\u00fcdd\u0259tdir d\u0259yi\u015fm\u0259y\u0259n bu c\u0259bh\u0259 x\u0259ttind\u0259 ilk d\u0259f\u0259 struktur d\u0259yi\u015fiklikl\u0259ri qeyd\u0259 al\u0131n\u0131r: Rusiya q\u00fcvv\u0259l\u0259ri \u015f\u0259h\u0259rin c\u0259nub hiss\u0259sin\u0259 daxil olub v\u0259 mexanikl\u0259\u015fdirilmi\u015f kolonlar, moto-h\u00fccum qruplar\u0131 il\u0259 t\u0259zyiqi art\u0131r\u0131r.<\/p>\n\n\n\n<p>Ekspertl\u0259r qeyd edirl\u0259r ki, qon\u015fu b\u00f6lm\u0259l\u0259rd\u0259n m\u0259lumatlar\u0131n qeyri-d\u0259qiqliyi v\u0259ziyy\u0259tin qiym\u0259tl\u0259ndirilm\u0259sini \u00e7\u0259tinl\u0259\u015fdirir v\u0259 \u0259lav\u0259 riskl\u0259r yarad\u0131r.<\/p>\n\n\n\n<h5 class=\"wp-block-heading\"><strong>Rusiyan\u0131n z\u0259rb\u0259l\u0259ri<\/strong><\/h5>\n\n\n\n<p>Donbasdak\u0131 ir\u0259lil\u0259yi\u015f fonunda Rusiya noyabr\u0131n 25-n\u0259 ke\u00e7\u0259n gec\u0259 Kiyev\u0259 v\u0259 vilay\u0259t\u0259 k\u00fctl\u0259vi raket v\u0259 dron h\u00fccumu t\u0259\u015fkil edib. N\u0259tic\u0259d\u0259 alt\u0131 n\u0259f\u0259r h\u0259lak olub, onlarla insan yaralan\u0131b. Z\u0259rb\u0259l\u0259r \u00e7oxm\u0259rt\u0259b\u0259li binalara, logistika m\u0259rk\u0259zl\u0259rin\u0259 v\u0259 d\u0259mir yolu infrastrukturuna d\u0259yib.<\/p>\n\n\n\n<p>Eyni zamanda Ukrayna dronlar\u0131n\u0131n Rusiya \u0259razisin\u0259 h\u00fccumlar\u0131 n\u0259tic\u0259sind\u0259 Taganroqda v\u0259 Krasnodar vilay\u0259tind\u0259 itkil\u0259r qeyd\u0259 al\u0131n\u0131b.<\/p>\n\n\n\n<h4 class=\"wp-block-heading\"><strong>Diplomatiya: Tramp\u0131n plan\u0131 g\u00fcnd\u0259m\u0259 \u00e7\u0131x\u0131r<\/strong><\/h4>\n\n\n\n<h5 class=\"wp-block-heading\"><strong>\u018fbu-Dabid\u0259 gizli dan\u0131\u015f\u0131qlar<\/strong><\/h5>\n\n\n\n<p>Donbasdak\u0131 a\u011f\u0131r d\u00f6y\u00fc\u015fl\u0259rl\u0259 paralel olaraq \u018fbu-Dabid\u0259 AB\u015e, Rusiya v\u0259 Ukrayna n\u00fcmay\u0259nd\u0259l\u0259ri aras\u0131nda gizli g\u00f6r\u00fc\u015fl\u0259r <a href=\"https:\/\/newsmaker.md\/ru\/tramp-otpravil-poslannikov-v-rossiyu-i-ukrainu-dlya-soglasovaniya-mirnogo-plana\" target=\"_blank\" rel=\"noreferrer noopener nofollow\">ke\u00e7irilir<\/a>. Bu prosesd\u0259 g\u00f6zl\u0259nilm\u0259d\u0259n AB\u015e-\u0131n quru qo\u015funlar\u0131 naziri, vitse-prezident C.D. Vensin yax\u0131n m\u00fctt\u0259fiqi Deniel Driskoll \u0259sas fiqura <a href=\"https:\/\/novayagazeta.eu\/articles\/2025\/11\/25\/u-trampa-novyi-kliuchevoi-peregovorshchik-po-ukraine\" target=\"_blank\" rel=\"noreferrer noopener nofollow\">\u00e7evrilib<\/a> \u2014 Tramp ona bu plan\u0131 ir\u0259li s\u00fcrm\u0259y\u0259 tap\u015f\u0131r\u0131b.<\/p>\n\n\n\n<p>Amerika v\u0259 Avropa medias\u0131n\u0131n m\u0259lumat\u0131na g\u00f6r\u0259:<\/p>\n\n\n\n<ul class=\"wp-block-list\">\n<li>AB\u015e-\u0131n ilkin plan\u0131 28 b\u0259ndd\u0259n ibar\u0259t idi v\u0259 ordunun m\u0259hdudla\u015fd\u0131r\u0131lmas\u0131, \u0259razi g\u00fcz\u0259\u015ftl\u0259ri kimi Rusiyaya s\u0259rf\u0259li m\u00fcdd\u0259alar ehtiva edirdi;<\/li>\n\n\n\n<li>Cenevr\u0259d\u0259ki dan\u0131\u015f\u0131qlardan sonra s\u0259n\u0259d 19 b\u0259nd\u0259 endirilib;<\/li>\n\n\n\n<li>\u0259n m\u00fcbahis\u0259li t\u0259l\u0259b\u0259l\u0259r \u2014 Ukraynan\u0131n NATO-ya daxil olmas\u0131n\u0131n qada\u011fan olunmas\u0131 v\u0259 \u0259razi g\u00fcz\u0259\u015ftl\u0259ri \u2014 ayr\u0131ca m\u00fczakir\u0259y\u0259 burax\u0131l\u0131b v\u0259 bunu birba\u015fa Tramp v\u0259 Zelenski m\u00fczakir\u0259 etm\u0259lidir;<\/li>\n\n\n\n<li>Avropa \u00f6lk\u0259l\u0259rinin \u0259ks-t\u0259klifi Ukrayna ordusunun say\u0131n\u0131n 800 minl\u0259 m\u0259hdudla\u015fd\u0131r\u0131lmas\u0131n\u0131 n\u0259z\u0259rd\u0259 tutur.<\/li>\n<\/ul>\n\n\n\n<p><a href=\"https:\/\/www.ft.com\/content\/b0d9a52c-60f8-47a3-9ea9-2afcb118c702\" target=\"_blank\" rel=\"noreferrer noopener nofollow\">&#8220;Financial Times&#8221;<\/a> yaz\u0131r ki, Ukrayna plan\u0131n \u0259ks\u0259r hiss\u0259sin\u0259 raz\u0131l\u0131q verib, lakin \u0259razi m\u0259s\u0259l\u0259l\u0259ri kimi \u201cq\u0131rm\u0131z\u0131 x\u0259tl\u0259r\u201din yaln\u0131z Trampla Zelenskinin \u015f\u0259xsi g\u00f6r\u00fc\u015f\u00fcnd\u0259 m\u00fczakir\u0259 edilm\u0259sini ist\u0259yir.<\/p>\n\n\n\n<h4 class=\"wp-block-heading\"><strong>AB\u015e v\u0259 m\u00fctt\u0259fiql\u0259r aras\u0131nda dissonans<\/strong><\/h4>\n\n\n\n<p>Tramp\u0131n ilkin plan\u0131 h\u0259m Avropada, h\u0259m d\u0259 Kiyevd\u0259 ciddi naraz\u0131l\u0131q yarad\u0131b:<\/p>\n\n\n\n<ul class=\"wp-block-list\">\n<li>s\u0259n\u0259din m\u0259tbuata s\u0131zmas\u0131 diplomatik qalmaqala s\u0259b\u0259b olub;<\/li>\n\n\n\n<li>plan Kiyevd\u0259 \u201cmaksimalist\u201d v\u0259 \u201cq\u0259buledilm\u0259z\u201d kimi qiym\u0259tl\u0259ndirilib;<\/li>\n\n\n\n<li>Avropa diplomatlar\u0131 Driskollun \u00fcslubunu \u201ckobud\u201d v\u0259 \u201cnarahatl\u0131q do\u011furan\u201d adland\u0131r\u0131blar.<\/li>\n<\/ul>\n\n\n\n<p>Rusiya is\u0259 Dmitri Peskovun s\u00f6zl\u0259rin\u0259 g\u00f6r\u0259 \u201cyaln\u0131z ilkin, onlar \u00fc\u00e7\u00fcn \u0259n s\u0259rf\u0259li olan plan\u0131\u201d q\u0259na\u0259tb\u0259x\u015f hesab edir.<\/p>\n\n\n\n<h4 class=\"wp-block-heading\"><strong>Tramp<strong> niy\u0259 <\/strong>t\u0259l\u0259sir?<\/strong><\/h4>\n\n\n\n<p>The &#8220;New York Times&#8221;-\u0131n m\u0259lumat\u0131na g\u00f6r\u0259, prosesin s\u00fcr\u0259tl\u0259nm\u0259si bir ne\u00e7\u0259 amill\u0259 ba\u011fl\u0131d\u0131r:<\/p>\n\n\n\n<ul class=\"wp-block-list\">\n<li>Tramp ikinci m\u00fcdd\u0259tinin ilk aylar\u0131nda m\u00fcharib\u0259ni dayand\u0131ra bilm\u0259diyi \u00fc\u00e7\u00fcn naraz\u0131d\u0131r;<\/li>\n\n\n\n<li>s\u00fcr\u0259tli n\u0259tic\u0259nin olmamas\u0131 onu q\u0131c\u0131qland\u0131r\u0131r;<\/li>\n\n\n\n<li>o, sazi\u015fin m\u00fcmk\u00fcn q\u0259d\u0259r tez \u2014 ideal halda \u015e\u00fckranl\u0131q G\u00fcn\u00fcn\u0259 q\u0259d\u0259r \u2014 imzalanmas\u0131n\u0131 ist\u0259yir.<\/li>\n<\/ul>\n\n\n\n<p>Buna g\u00f6r\u0259 Driskoll v\u0259 x\u00fcsusi n\u00fcmay\u0259nd\u0259 Uitkoff h\u0259m Kiyevd\u0259, h\u0259m d\u0259 \u018fbu-Dabid\u0259 paralel dan\u0131\u015f\u0131qlara c\u0259lb edilib.<\/p>\n\n\n\n<h4 class=\"wp-block-heading\"><strong>N\u00f6vb\u0259ti m\u0259rh\u0259l\u0259 nec\u0259 g\u00f6r\u00fcn\u00fcr?<\/strong><\/h4>\n\n\n\n<h5 class=\"wp-block-heading\"><strong>H\u0259rbi dinamika<\/strong><\/h5>\n\n\n\n<p>Mirnoqrad v\u0259 Seversk istiqam\u0259tind\u0259 m\u00fc\u015fahid\u0259 olunan ir\u0259lil\u0259yi\u015fl\u0259r h\u0259l\u0259lik lokal xarakterli olsa da, Pokrovsk m\u00fcdafi\u0259sin\u0259 \u0259lav\u0259 t\u0259zyiq yarad\u0131r v\u0259 bu, g\u0259l\u0259c\u0259k siyasi dan\u0131\u015f\u0131qlarda Rusiyan\u0131n m\u00f6vqel\u0259rini g\u00fccl\u0259ndir\u0259 bil\u0259r.<\/p>\n\n\n\n<p>\u015e\u0259h\u0259rl\u0259r\u0259 ard\u0131c\u0131l gec\u0259 h\u00fccumlar\u0131 is\u0259 Moskvan\u0131n Ukraynan\u0131n m\u00fcqavim\u0259t imkanlar\u0131n\u0131 z\u0259ifl\u0259tm\u0259y\u0259 v\u0259 m\u00fcharib\u0259nin qiym\u0259tini art\u0131rma\u011fa \u00e7al\u0131\u015fd\u0131\u011f\u0131n\u0131 g\u00f6st\u0259rir.<\/p>\n\n\n\n<h5 class=\"wp-block-heading\"><strong>Diplomatik dinamika<\/strong><\/h5>\n\n\n\n<p>AB\u015e-la Ukrayna s\u00fclh plan\u0131n\u0131n \u0259sas hiss\u0259si \u00fczr\u0259 raz\u0131l\u0131\u011fa yax\u0131n g\u00f6r\u00fcn\u00fcr, lakin \u0259razi m\u0259s\u0259l\u0259l\u0259ri h\u0259l\u0259 d\u0259 a\u00e7\u0131q qal\u0131r. Kreml yaln\u0131z ilkin, \u00f6z\u00fcn\u0259 daha s\u0259rf\u0259li variant\u0131 dan\u0131\u015f\u0131qlar \u00fc\u00e7\u00fcn \u0259sas say\u0131r, Va\u015finqton is\u0259 s\u0259n\u0259di xeyli yum\u015fald\u0131b.<\/p>\n\n\n\n<p>AB\u015e-\u0131n eyni zamanda h\u0259m Kiyev, h\u0259m d\u0259 Moskva il\u0259 birba\u015fa dan\u0131\u015fmas\u0131 m\u00fcharib\u0259 \u0259traf\u0131nda yeni diplomatik reall\u0131q formala\u015fd\u0131r\u0131r v\u0259 proses\u0259 f\u0259rqli dinamika g\u0259tirir.<\/p>\n","protected":false},"excerpt":{"rendered":"<p>Son g\u00fcnl\u0259r Ukraynada m\u00fcharib\u0259 iki paralel m\u00fcst\u0259vid\u0259 gedir \u2014 c\u0259bh\u0259 &#8230; <\/p>\n<p class=\"read-more-container\"><a title=\"C\u0259bh\u0259 v\u0259 diplomatiya: Donbas v\u0259 Tramp\u0131n plan\u0131 m\u00fcharib\u0259nin gedi\u015fat\u0131n\u0131 nec\u0259 d\u0259yi\u015fir\" class=\"read-more button\" href=\"https:\/\/www.meydan.tv\/az\/article\/c%c9%99bh%c9%99-v%c9%99-diplomatiya-donbas-v%c9%99-trampin-plani-muharib%c9%99nin-gedisatini-nec%c9%99-d%c9%99yisir\/#more-337999\" aria-label=\"Read more about C\u0259bh\u0259 v\u0259 diplomatiya: Donbas v\u0259 Tramp\u0131n plan\u0131 m\u00fcharib\u0259nin gedi\u015fat\u0131n\u0131 nec\u0259 d\u0259yi\u015fir\">Davam\u0131<\/a><\/p>\n","protected":false},"author":16,"featured_media":319790,"comment_status":"closed","ping_status":"closed","sticky":false,"template":"","format":"standard","meta":{"_acf_changed":false,"_sitemap_exclude":false,"_sitemap_priority":"","_sitemap_frequency":"","footnotes":""},"categories":[64,59],"tags":[],"class_list":["post-337999","post","type-post","status-publish","format-standard","has-post-thumbnail","hentry","category-dunya","category-siyaset","infinite-scroll-item","generate-columns","tablet-grid-50","mobile-grid-100","grid-parent","grid-33","no-featured-image-padding"],"acf":[],"yoast_head":"<!-- This site is optimized with the Yoast SEO plugin v27.5 - https:\/\/yoast.com\/product\/yoast-seo-wordpress\/ -->\n<title>C\u0259bh\u0259 v\u0259 diplomatiya: Donbas v\u0259 Tramp\u0131n plan\u0131 m\u00fcharib\u0259nin gedi\u015fat\u0131n\u0131 nec\u0259 d\u0259yi\u015fir - MEYDAN.TV<\/title>\n<meta name=\"robots\" content=\"index, follow, max-snippet:-1, max-image-preview:large, max-video-preview:-1\" \/>\n<link rel=\"canonical\" href=\"https:\/\/www.meydan.tv\/az\/article\/c%c9%99bh%c9%99-v%c9%99-diplomatiya-donbas-v%c9%99-trampin-plani-muharib%c9%99nin-gedisatini-nec%c9%99-d%c9%99yisir\/\" \/>\n<meta property=\"og:locale\" content=\"az_AZ\" \/>\n<meta property=\"og:type\" content=\"article\" \/>\n<meta property=\"og:title\" content=\"C\u0259bh\u0259 v\u0259 diplomatiya: Donbas v\u0259 Tramp\u0131n plan\u0131 m\u00fcharib\u0259nin gedi\u015fat\u0131n\u0131 nec\u0259 d\u0259yi\u015fir - MEYDAN.TV\" \/>\n<meta property=\"og:description\" content=\"Son g\u00fcnl\u0259r Ukraynada m\u00fcharib\u0259 iki paralel m\u00fcst\u0259vid\u0259 gedir \u2014 c\u0259bh\u0259 ... Davam\u0131\" \/>\n<meta property=\"og:url\" content=\"https:\/\/www.meydan.tv\/az\/article\/c%c9%99bh%c9%99-v%c9%99-diplomatiya-donbas-v%c9%99-trampin-plani-muharib%c9%99nin-gedisatini-nec%c9%99-d%c9%99yisir\/\" \/>\n<meta property=\"og:site_name\" content=\"MEYDAN.TV\" \/>\n<meta property=\"article:published_time\" content=\"2025-11-26T14:11:44+00:00\" \/>\n<meta property=\"article:modified_time\" content=\"2025-11-26T14:11:47+00:00\" \/>\n<meta property=\"og:image\" content=\"https:\/\/www.meydan.tv\/wp-content\/uploads\/gxeranq6nrnubfdqbtmieggqam-scaled-e1730879687793.jpg\" \/>\n\t<meta property=\"og:image:width\" content=\"2560\" \/>\n\t<meta property=\"og:image:height\" content=\"1403\" \/>\n\t<meta property=\"og:image:type\" content=\"image\/jpeg\" \/>\n<meta name=\"author\" content=\"sevda\" \/>\n<meta name=\"twitter:card\" content=\"summary_large_image\" \/>\n<script type=\"application\/ld+json\" class=\"yoast-schema-graph\">{\"@context\":\"https:\\\/\\\/schema.org\",\"@graph\":[{\"@type\":\"Article\",\"@id\":\"https:\\\/\\\/www.meydan.tv\\\/az\\\/article\\\/c%c9%99bh%c9%99-v%c9%99-diplomatiya-donbas-v%c9%99-trampin-plani-muharib%c9%99nin-gedisatini-nec%c9%99-d%c9%99yisir\\\/#article\",\"isPartOf\":{\"@id\":\"https:\\\/\\\/www.meydan.tv\\\/az\\\/article\\\/c%c9%99bh%c9%99-v%c9%99-diplomatiya-donbas-v%c9%99-trampin-plani-muharib%c9%99nin-gedisatini-nec%c9%99-d%c9%99yisir\\\/\"},\"author\":{\"name\":\"sevda\",\"@id\":\"https:\\\/\\\/www.meydan.tv\\\/az\\\/#\\\/schema\\\/person\\\/49b5f2bad5b126bb8ea9320eeb3e4dc9\"},\"headline\":\"C\u0259bh\u0259 v\u0259 diplomatiya: Donbas v\u0259 Tramp\u0131n plan\u0131 m\u00fcharib\u0259nin gedi\u015fat\u0131n\u0131 nec\u0259 d\u0259yi\u015fir\",\"datePublished\":\"2025-11-26T14:11:44+00:00\",\"dateModified\":\"2025-11-26T14:11:47+00:00\",\"mainEntityOfPage\":{\"@id\":\"https:\\\/\\\/www.meydan.tv\\\/az\\\/article\\\/c%c9%99bh%c9%99-v%c9%99-diplomatiya-donbas-v%c9%99-trampin-plani-muharib%c9%99nin-gedisatini-nec%c9%99-d%c9%99yisir\\\/\"},\"wordCount\":1144,\"publisher\":{\"@id\":\"https:\\\/\\\/www.meydan.tv\\\/az\\\/#organization\"},\"image\":{\"@id\":\"https:\\\/\\\/www.meydan.tv\\\/az\\\/article\\\/c%c9%99bh%c9%99-v%c9%99-diplomatiya-donbas-v%c9%99-trampin-plani-muharib%c9%99nin-gedisatini-nec%c9%99-d%c9%99yisir\\\/#primaryimage\"},\"thumbnailUrl\":\"https:\\\/\\\/www.meydan.tv\\\/wp-content\\\/uploads\\\/gxeranq6nrnubfdqbtmieggqam-scaled-e1730879687793.jpg\",\"articleSection\":[\"D\u00fcnya\",\"Siyas\u0259t\"],\"inLanguage\":\"az\"},{\"@type\":\"WebPage\",\"@id\":\"https:\\\/\\\/www.meydan.tv\\\/az\\\/article\\\/c%c9%99bh%c9%99-v%c9%99-diplomatiya-donbas-v%c9%99-trampin-plani-muharib%c9%99nin-gedisatini-nec%c9%99-d%c9%99yisir\\\/\",\"url\":\"https:\\\/\\\/www.meydan.tv\\\/az\\\/article\\\/c%c9%99bh%c9%99-v%c9%99-diplomatiya-donbas-v%c9%99-trampin-plani-muharib%c9%99nin-gedisatini-nec%c9%99-d%c9%99yisir\\\/\",\"name\":\"C\u0259bh\u0259 v\u0259 diplomatiya: Donbas v\u0259 Tramp\u0131n plan\u0131 m\u00fcharib\u0259nin gedi\u015fat\u0131n\u0131 nec\u0259 d\u0259yi\u015fir - MEYDAN.TV\",\"isPartOf\":{\"@id\":\"https:\\\/\\\/www.meydan.tv\\\/az\\\/#website\"},\"primaryImageOfPage\":{\"@id\":\"https:\\\/\\\/www.meydan.tv\\\/az\\\/article\\\/c%c9%99bh%c9%99-v%c9%99-diplomatiya-donbas-v%c9%99-trampin-plani-muharib%c9%99nin-gedisatini-nec%c9%99-d%c9%99yisir\\\/#primaryimage\"},\"image\":{\"@id\":\"https:\\\/\\\/www.meydan.tv\\\/az\\\/article\\\/c%c9%99bh%c9%99-v%c9%99-diplomatiya-donbas-v%c9%99-trampin-plani-muharib%c9%99nin-gedisatini-nec%c9%99-d%c9%99yisir\\\/#primaryimage\"},\"thumbnailUrl\":\"https:\\\/\\\/www.meydan.tv\\\/wp-content\\\/uploads\\\/gxeranq6nrnubfdqbtmieggqam-scaled-e1730879687793.jpg\",\"datePublished\":\"2025-11-26T14:11:44+00:00\",\"dateModified\":\"2025-11-26T14:11:47+00:00\",\"breadcrumb\":{\"@id\":\"https:\\\/\\\/www.meydan.tv\\\/az\\\/article\\\/c%c9%99bh%c9%99-v%c9%99-diplomatiya-donbas-v%c9%99-trampin-plani-muharib%c9%99nin-gedisatini-nec%c9%99-d%c9%99yisir\\\/#breadcrumb\"},\"inLanguage\":\"az\",\"potentialAction\":[{\"@type\":\"ReadAction\",\"target\":[\"https:\\\/\\\/www.meydan.tv\\\/az\\\/article\\\/c%c9%99bh%c9%99-v%c9%99-diplomatiya-donbas-v%c9%99-trampin-plani-muharib%c9%99nin-gedisatini-nec%c9%99-d%c9%99yisir\\\/\"]}]},{\"@type\":\"ImageObject\",\"inLanguage\":\"az\",\"@id\":\"https:\\\/\\\/www.meydan.tv\\\/az\\\/article\\\/c%c9%99bh%c9%99-v%c9%99-diplomatiya-donbas-v%c9%99-trampin-plani-muharib%c9%99nin-gedisatini-nec%c9%99-d%c9%99yisir\\\/#primaryimage\",\"url\":\"https:\\\/\\\/www.meydan.tv\\\/wp-content\\\/uploads\\\/gxeranq6nrnubfdqbtmieggqam-scaled-e1730879687793.jpg\",\"contentUrl\":\"https:\\\/\\\/www.meydan.tv\\\/wp-content\\\/uploads\\\/gxeranq6nrnubfdqbtmieggqam-scaled-e1730879687793.jpg\",\"width\":2560,\"height\":1403,\"caption\":\"Donald Tramp. Foto: Reuters\"},{\"@type\":\"BreadcrumbList\",\"@id\":\"https:\\\/\\\/www.meydan.tv\\\/az\\\/article\\\/c%c9%99bh%c9%99-v%c9%99-diplomatiya-donbas-v%c9%99-trampin-plani-muharib%c9%99nin-gedisatini-nec%c9%99-d%c9%99yisir\\\/#breadcrumb\",\"itemListElement\":[{\"@type\":\"ListItem\",\"position\":1,\"name\":\"Ana s\u0259hif\u0259\",\"item\":\"https:\\\/\\\/www.meydan.tv\\\/az\\\/\"},{\"@type\":\"ListItem\",\"position\":2,\"name\":\"Siyas\u0259t\",\"item\":\"https:\\\/\\\/www.meydan.tv\\\/az\\\/section\\\/siyaset\\\/\"},{\"@type\":\"ListItem\",\"position\":3,\"name\":\"C\u0259bh\u0259 v\u0259 diplomatiya: Donbas v\u0259 Tramp\u0131n plan\u0131 m\u00fcharib\u0259nin gedi\u015fat\u0131n\u0131 nec\u0259 d\u0259yi\u015fir\"}]},{\"@type\":\"WebSite\",\"@id\":\"https:\\\/\\\/www.meydan.tv\\\/az\\\/#website\",\"url\":\"https:\\\/\\\/www.meydan.tv\\\/az\\\/\",\"name\":\"MEYDAN.TV\",\"description\":\"Meydan TV Az\u0259rbaycan\u0131n media m\u0259kan\u0131ndak\u0131 alternativ s\u0259sidir\",\"publisher\":{\"@id\":\"https:\\\/\\\/www.meydan.tv\\\/az\\\/#organization\"},\"potentialAction\":[{\"@type\":\"SearchAction\",\"target\":{\"@type\":\"EntryPoint\",\"urlTemplate\":\"https:\\\/\\\/www.meydan.tv\\\/az\\\/?s={search_term_string}\"},\"query-input\":{\"@type\":\"PropertyValueSpecification\",\"valueRequired\":true,\"valueName\":\"search_term_string\"}}],\"inLanguage\":\"az\"},{\"@type\":\"Organization\",\"@id\":\"https:\\\/\\\/www.meydan.tv\\\/az\\\/#organization\",\"name\":\"Meydan TV\",\"url\":\"https:\\\/\\\/www.meydan.tv\\\/az\\\/\",\"logo\":{\"@type\":\"ImageObject\",\"inLanguage\":\"az\",\"@id\":\"https:\\\/\\\/www.meydan.tv\\\/az\\\/#\\\/schema\\\/logo\\\/image\\\/\",\"url\":\"https:\\\/\\\/www.meydan.tv\\\/wp-content\\\/uploads\\\/2021\\\/07\\\/meydan-logo.svg\",\"contentUrl\":\"https:\\\/\\\/www.meydan.tv\\\/wp-content\\\/uploads\\\/2021\\\/07\\\/meydan-logo.svg\",\"width\":195,\"height\":46,\"caption\":\"Meydan TV\"},\"image\":{\"@id\":\"https:\\\/\\\/www.meydan.tv\\\/az\\\/#\\\/schema\\\/logo\\\/image\\\/\"}},{\"@type\":\"Person\",\"@id\":\"https:\\\/\\\/www.meydan.tv\\\/az\\\/#\\\/schema\\\/person\\\/49b5f2bad5b126bb8ea9320eeb3e4dc9\",\"name\":\"sevda\"}]}<\/script>\n<!-- \/ Yoast SEO plugin. -->","yoast_head_json":{"title":"C\u0259bh\u0259 v\u0259 diplomatiya: Donbas v\u0259 Tramp\u0131n plan\u0131 m\u00fcharib\u0259nin gedi\u015fat\u0131n\u0131 nec\u0259 d\u0259yi\u015fir - MEYDAN.TV","robots":{"index":"index","follow":"follow","max-snippet":"max-snippet:-1","max-image-preview":"max-image-preview:large","max-video-preview":"max-video-preview:-1"},"canonical":"https:\/\/www.meydan.tv\/az\/article\/c%c9%99bh%c9%99-v%c9%99-diplomatiya-donbas-v%c9%99-trampin-plani-muharib%c9%99nin-gedisatini-nec%c9%99-d%c9%99yisir\/","og_locale":"az_AZ","og_type":"article","og_title":"C\u0259bh\u0259 v\u0259 diplomatiya: Donbas v\u0259 Tramp\u0131n plan\u0131 m\u00fcharib\u0259nin gedi\u015fat\u0131n\u0131 nec\u0259 d\u0259yi\u015fir - MEYDAN.TV","og_description":"Son g\u00fcnl\u0259r Ukraynada m\u00fcharib\u0259 iki paralel m\u00fcst\u0259vid\u0259 gedir \u2014 c\u0259bh\u0259 ... Davam\u0131","og_url":"https:\/\/www.meydan.tv\/az\/article\/c%c9%99bh%c9%99-v%c9%99-diplomatiya-donbas-v%c9%99-trampin-plani-muharib%c9%99nin-gedisatini-nec%c9%99-d%c9%99yisir\/","og_site_name":"MEYDAN.TV","article_published_time":"2025-11-26T14:11:44+00:00","article_modified_time":"2025-11-26T14:11:47+00:00","og_image":[{"width":2560,"height":1403,"url":"https:\/\/www.meydan.tv\/wp-content\/uploads\/gxeranq6nrnubfdqbtmieggqam-scaled-e1730879687793.jpg","type":"image\/jpeg"}],"author":"sevda","twitter_card":"summary_large_image","schema":{"@context":"https:\/\/schema.org","@graph":[{"@type":"Article","@id":"https:\/\/www.meydan.tv\/az\/article\/c%c9%99bh%c9%99-v%c9%99-diplomatiya-donbas-v%c9%99-trampin-plani-muharib%c9%99nin-gedisatini-nec%c9%99-d%c9%99yisir\/#article","isPartOf":{"@id":"https:\/\/www.meydan.tv\/az\/article\/c%c9%99bh%c9%99-v%c9%99-diplomatiya-donbas-v%c9%99-trampin-plani-muharib%c9%99nin-gedisatini-nec%c9%99-d%c9%99yisir\/"},"author":{"name":"sevda","@id":"https:\/\/www.meydan.tv\/az\/#\/schema\/person\/49b5f2bad5b126bb8ea9320eeb3e4dc9"},"headline":"C\u0259bh\u0259 v\u0259 diplomatiya: Donbas v\u0259 Tramp\u0131n plan\u0131 m\u00fcharib\u0259nin gedi\u015fat\u0131n\u0131 nec\u0259 d\u0259yi\u015fir","datePublished":"2025-11-26T14:11:44+00:00","dateModified":"2025-11-26T14:11:47+00:00","mainEntityOfPage":{"@id":"https:\/\/www.meydan.tv\/az\/article\/c%c9%99bh%c9%99-v%c9%99-diplomatiya-donbas-v%c9%99-trampin-plani-muharib%c9%99nin-gedisatini-nec%c9%99-d%c9%99yisir\/"},"wordCount":1144,"publisher":{"@id":"https:\/\/www.meydan.tv\/az\/#organization"},"image":{"@id":"https:\/\/www.meydan.tv\/az\/article\/c%c9%99bh%c9%99-v%c9%99-diplomatiya-donbas-v%c9%99-trampin-plani-muharib%c9%99nin-gedisatini-nec%c9%99-d%c9%99yisir\/#primaryimage"},"thumbnailUrl":"https:\/\/www.meydan.tv\/wp-content\/uploads\/gxeranq6nrnubfdqbtmieggqam-scaled-e1730879687793.jpg","articleSection":["D\u00fcnya","Siyas\u0259t"],"inLanguage":"az"},{"@type":"WebPage","@id":"https:\/\/www.meydan.tv\/az\/article\/c%c9%99bh%c9%99-v%c9%99-diplomatiya-donbas-v%c9%99-trampin-plani-muharib%c9%99nin-gedisatini-nec%c9%99-d%c9%99yisir\/","url":"https:\/\/www.meydan.tv\/az\/article\/c%c9%99bh%c9%99-v%c9%99-diplomatiya-donbas-v%c9%99-trampin-plani-muharib%c9%99nin-gedisatini-nec%c9%99-d%c9%99yisir\/","name":"C\u0259bh\u0259 v\u0259 diplomatiya: Donbas v\u0259 Tramp\u0131n plan\u0131 m\u00fcharib\u0259nin gedi\u015fat\u0131n\u0131 nec\u0259 d\u0259yi\u015fir - MEYDAN.TV","isPartOf":{"@id":"https:\/\/www.meydan.tv\/az\/#website"},"primaryImageOfPage":{"@id":"https:\/\/www.meydan.tv\/az\/article\/c%c9%99bh%c9%99-v%c9%99-diplomatiya-donbas-v%c9%99-trampin-plani-muharib%c9%99nin-gedisatini-nec%c9%99-d%c9%99yisir\/#primaryimage"},"image":{"@id":"https:\/\/www.meydan.tv\/az\/article\/c%c9%99bh%c9%99-v%c9%99-diplomatiya-donbas-v%c9%99-trampin-plani-muharib%c9%99nin-gedisatini-nec%c9%99-d%c9%99yisir\/#primaryimage"},"thumbnailUrl":"https:\/\/www.meydan.tv\/wp-content\/uploads\/gxeranq6nrnubfdqbtmieggqam-scaled-e1730879687793.jpg","datePublished":"2025-11-26T14:11:44+00:00","dateModified":"2025-11-26T14:11:47+00:00","breadcrumb":{"@id":"https:\/\/www.meydan.tv\/az\/article\/c%c9%99bh%c9%99-v%c9%99-diplomatiya-donbas-v%c9%99-trampin-plani-muharib%c9%99nin-gedisatini-nec%c9%99-d%c9%99yisir\/#breadcrumb"},"inLanguage":"az","potentialAction":[{"@type":"ReadAction","target":["https:\/\/www.meydan.tv\/az\/article\/c%c9%99bh%c9%99-v%c9%99-diplomatiya-donbas-v%c9%99-trampin-plani-muharib%c9%99nin-gedisatini-nec%c9%99-d%c9%99yisir\/"]}]},{"@type":"ImageObject","inLanguage":"az","@id":"https:\/\/www.meydan.tv\/az\/article\/c%c9%99bh%c9%99-v%c9%99-diplomatiya-donbas-v%c9%99-trampin-plani-muharib%c9%99nin-gedisatini-nec%c9%99-d%c9%99yisir\/#primaryimage","url":"https:\/\/www.meydan.tv\/wp-content\/uploads\/gxeranq6nrnubfdqbtmieggqam-scaled-e1730879687793.jpg","contentUrl":"https:\/\/www.meydan.tv\/wp-content\/uploads\/gxeranq6nrnubfdqbtmieggqam-scaled-e1730879687793.jpg","width":2560,"height":1403,"caption":"Donald Tramp. Foto: Reuters"},{"@type":"BreadcrumbList","@id":"https:\/\/www.meydan.tv\/az\/article\/c%c9%99bh%c9%99-v%c9%99-diplomatiya-donbas-v%c9%99-trampin-plani-muharib%c9%99nin-gedisatini-nec%c9%99-d%c9%99yisir\/#breadcrumb","itemListElement":[{"@type":"ListItem","position":1,"name":"Ana s\u0259hif\u0259","item":"https:\/\/www.meydan.tv\/az\/"},{"@type":"ListItem","position":2,"name":"Siyas\u0259t","item":"https:\/\/www.meydan.tv\/az\/section\/siyaset\/"},{"@type":"ListItem","position":3,"name":"C\u0259bh\u0259 v\u0259 diplomatiya: Donbas v\u0259 Tramp\u0131n plan\u0131 m\u00fcharib\u0259nin gedi\u015fat\u0131n\u0131 nec\u0259 d\u0259yi\u015fir"}]},{"@type":"WebSite","@id":"https:\/\/www.meydan.tv\/az\/#website","url":"https:\/\/www.meydan.tv\/az\/","name":"MEYDAN.TV","description":"Meydan TV Az\u0259rbaycan\u0131n media m\u0259kan\u0131ndak\u0131 alternativ s\u0259sidir","publisher":{"@id":"https:\/\/www.meydan.tv\/az\/#organization"},"potentialAction":[{"@type":"SearchAction","target":{"@type":"EntryPoint","urlTemplate":"https:\/\/www.meydan.tv\/az\/?s={search_term_string}"},"query-input":{"@type":"PropertyValueSpecification","valueRequired":true,"valueName":"search_term_string"}}],"inLanguage":"az"},{"@type":"Organization","@id":"https:\/\/www.meydan.tv\/az\/#organization","name":"Meydan TV","url":"https:\/\/www.meydan.tv\/az\/","logo":{"@type":"ImageObject","inLanguage":"az","@id":"https:\/\/www.meydan.tv\/az\/#\/schema\/logo\/image\/","url":"https:\/\/www.meydan.tv\/wp-content\/uploads\/2021\/07\/meydan-logo.svg","contentUrl":"https:\/\/www.meydan.tv\/wp-content\/uploads\/2021\/07\/meydan-logo.svg","width":195,"height":46,"caption":"Meydan TV"},"image":{"@id":"https:\/\/www.meydan.tv\/az\/#\/schema\/logo\/image\/"}},{"@type":"Person","@id":"https:\/\/www.meydan.tv\/az\/#\/schema\/person\/49b5f2bad5b126bb8ea9320eeb3e4dc9","name":"sevda"}]}},"_links":{"self":[{"href":"https:\/\/www.meydan.tv\/az\/wp-json\/wp\/v2\/posts\/337999","targetHints":{"allow":["GET"]}}],"collection":[{"href":"https:\/\/www.meydan.tv\/az\/wp-json\/wp\/v2\/posts"}],"about":[{"href":"https:\/\/www.meydan.tv\/az\/wp-json\/wp\/v2\/types\/post"}],"author":[{"embeddable":true,"href":"https:\/\/www.meydan.tv\/az\/wp-json\/wp\/v2\/users\/16"}],"replies":[{"embeddable":true,"href":"https:\/\/www.meydan.tv\/az\/wp-json\/wp\/v2\/comments?post=337999"}],"version-history":[{"count":5,"href":"https:\/\/www.meydan.tv\/az\/wp-json\/wp\/v2\/posts\/337999\/revisions"}],"predecessor-version":[{"id":338004,"href":"https:\/\/www.meydan.tv\/az\/wp-json\/wp\/v2\/posts\/337999\/revisions\/338004"}],"wp:featuredmedia":[{"embeddable":true,"href":"https:\/\/www.meydan.tv\/az\/wp-json\/wp\/v2\/media\/319790"}],"wp:attachment":[{"href":"https:\/\/www.meydan.tv\/az\/wp-json\/wp\/v2\/media?parent=337999"}],"wp:term":[{"taxonomy":"category","embeddable":true,"href":"https:\/\/www.meydan.tv\/az\/wp-json\/wp\/v2\/categories?post=337999"},{"taxonomy":"post_tag","embeddable":true,"href":"https:\/\/www.meydan.tv\/az\/wp-json\/wp\/v2\/tags?post=337999"}],"curies":[{"name":"wp","href":"https:\/\/api.w.org\/{rel}","templated":true}]}}