{"id":337890,"date":"2025-11-24T18:14:56","date_gmt":"2025-11-24T14:14:56","guid":{"rendered":"https:\/\/www.meydan.tv\/?p=337890"},"modified":"2025-11-24T18:36:34","modified_gmt":"2025-11-24T14:36:34","slug":"yerevandan-g%c9%99l%c9%99n-numay%c9%99nd%c9%99l%c9%99r-bakida-erm%c9%99ni-m%c9%99hbuslarla-gorus%c9%99-icaz%c9%99-verilm%c9%99diyini-bildiribl%c9%99r","status":"publish","type":"post","link":"https:\/\/www.meydan.tv\/az\/article\/yerevandan-g%c9%99l%c9%99n-numay%c9%99nd%c9%99l%c9%99r-bakida-erm%c9%99ni-m%c9%99hbuslarla-gorus%c9%99-icaz%c9%99-verilm%c9%99diyini-bildiribl%c9%99r\/","title":{"rendered":"Yerevandan g\u0259l\u0259n n\u00fcmay\u0259nd\u0259l\u0259r Bak\u0131da erm\u0259ni m\u0259hbuslarla g\u00f6r\u00fc\u015f\u0259 icaz\u0259 verilm\u0259diyini bildiribl\u0259r"},"content":{"rendered":"\n<p><\/p>\n\n\n\n<p>Yerevandan Az\u0259rbaycana s\u0259f\u0259r ed\u0259n v\u0259t\u0259nda\u015f c\u0259miyy\u0259ti t\u0259msil\u00e7il\u0259ri Bak\u0131da saxlan\u0131lan erm\u0259ni m\u0259hbuslarla g\u00f6r\u00fc\u015fm\u0259k ist\u0259kl\u0259rinin t\u0259min olunmad\u0131\u011f\u0131n\u0131 bildiribl\u0259r.<\/p>\n\n\n\n<p>Bu bar\u0259d\u0259 n\u00fcmay\u0259nd\u0259 hey\u0259tinin \u00fczv\u00fc, ictimai f\u0259al Naira Sultanyan s\u0259f\u0259rin yekunlar\u0131na h\u0259sr olunmu\u015f m\u0259tbuat konfrans\u0131nda <a href=\"https:\/\/am.sputniknews.ru\/20251124\/voyna-dlya-azerbaydzhana-zakonchilas-chto-skazal-pomoschnik-alieva-armyanskim-ekspertam-96155161.html\">m\u0259lumat verib.<\/a><\/p>\n\n\n\n<p>Onun s\u00f6zl\u0259rin\u0259 g\u00f6r\u0259, saxlan\u0131lan \u015f\u0259xsl\u0259rl\u0259 ba\u011fl\u0131 m\u0259s\u0259l\u0259 h\u0259m Az\u0259rbaycan r\u0259smil\u0259ri il\u0259 ke\u00e7iril\u0259n g\u00f6r\u00fc\u015fl\u0259r zaman\u0131, h\u0259m d\u0259 Prezidentin k\u00f6m\u0259k\u00e7isi Hikm\u0259t Hac\u0131yevin i\u015ftirak\u0131 il\u0259 t\u0259\u015fkil olunan dialoq platformas\u0131nda qald\u0131r\u0131l\u0131b.<\/p>\n\n\n\n<p><em>\u201cBu m\u00f6vzunu m\u00fczakir\u0259 etm\u0259m\u0259yimizl\u0259 ba\u011fl\u0131 biz\u0259 he\u00e7 bir m\u0259hdudiyy\u0259t qoyulmam\u0131\u015fd\u0131. X\u00fcsusil\u0259 c\u0259nab Hac\u0131yevin i\u015ftirak\u0131 il\u0259 ke\u00e7iril\u0259n birba\u015fa dialoq bizim \u00fc\u00e7\u00fcn yeni t\u0259cr\u00fcb\u0259 idi. M\u0259s\u0259l\u0259ni diplomatik t\u0259rzd\u0259 t\u0259qdim etm\u0259y\u0259 \u00e7al\u0131\u015fd\u0131q ki, t\u0259r\u0259fl\u0259r aras\u0131nda etimad m\u00fchiti formala\u015fs\u0131n. Lakin saxlan\u0131lan \u015f\u0259xsl\u0259rin d\u0259qiq say\u0131 v\u0259 adlar\u0131 il\u0259 ba\u011fl\u0131 konkret cavab ala bilm\u0259dik\u201d,<\/em> \u2013 dey\u0259 Sultanyan bildirib.<\/p>\n\n\n\n<p>S\u0259f\u0259r i\u015ftirak\u00e7\u0131lar\u0131ndan biri, Yerevan M\u0259tbuat Klubunun prezidenti Boris Navasardyan is\u0259 bildirib ki, m\u0259hbuslarla g\u00f6r\u00fc\u015f m\u0259s\u0259l\u0259sinin s\u0259f\u0259r proqram\u0131na daxil edilm\u0259m\u0259si faktiki olaraq bu ist\u0259yin r\u0259sm\u0259n deyil, lakin n\u0259zak\u0259tli \u015f\u0259kild\u0259 r\u0259dd edilm\u0259si kimi qiym\u0259tl\u0259ndirilm\u0259lidir:<\/p>\n\n\n\n<p><em>\u201cBiz s\u0259f\u0259rin g\u00fcnd\u0259liyi t\u0259qdim olunanda bu bar\u0259d\u0259 iradlar\u0131m\u0131z\u0131 bildirmi\u015fdik. Lakin h\u0259min g\u00f6r\u00fc\u015f proqramda yer almad\u0131. Bu is\u0259 mahiyy\u0259t etibaril\u0259 imtina dem\u0259kdir\u201d.<\/em><\/p>\n\n\n\n<p>Az\u0259rbaycan t\u0259r\u0259fi h\u0259l\u0259lik bu a\u00e7\u0131qlamalara r\u0259smi m\u00fcnasib\u0259t bildirm\u0259yib.<\/p>\n\n\n\n<pre class=\"wp-block-preformatted is-style-default\">Haz\u0131rda Bak\u0131 h\u0259bsxanalar\u0131nda 23 erm\u0259ni m\u0259hbus saxlan\u0131l\u0131r. Onlardan b\u0259zil\u0259ri m\u00fcxt\u0259lif cinay\u0259t madd\u0259l\u0259ri \u00fczr\u0259 azadl\u0131qdan m\u0259hrum edilib. Qaraba\u011fda f\u0131aliyy\u0259t g\u00f6st\u0259rmi\u015f qurumun ke\u00e7mi\u015f \u201cr\u0259hb\u0259rl\u0259ri\u201dn\u0259 qar\u015f\u0131 a\u00e7\u0131lm\u0131\u015f cinay\u0259t i\u015fl\u0259ri \u00fczr\u0259 m\u0259hk\u0259m\u0259 prosesi is\u0259 art\u0131q t\u0259xmin\u0259n s\u0259kkiz ayd\u0131r davam edir.<\/pre>\n\n\n\n<p>S\u0259f\u0259rd\u0259 i\u015ftirak ed\u0259n T\u0259hl\u00fck\u0259sizlik Siyas\u0259ti Ara\u015fd\u0131rmalar\u0131 M\u0259rk\u0259zinin r\u0259hb\u0259ri Areq Ko\u00e7inyan vur\u011fulay\u0131b ki, bu formatda qar\u015f\u0131l\u0131ql\u0131 s\u0259f\u0259rl\u0259rin davam etdirilm\u0259si planla\u015fd\u0131r\u0131l\u0131r. Onun s\u00f6zl\u0259rin\u0259 g\u00f6r\u0259, Az\u0259rbaycan t\u0259r\u0259fi m\u00fcnaqi\u015f\u0259 m\u0259rh\u0259l\u0259sinin ba\u015fa \u00e7atd\u0131\u011f\u0131n\u0131 v\u0259 bundan sonra m\u00fcnasib\u0259tl\u0259rin uzunm\u00fcdd\u0259tli s\u00fclh modelind\u0259 qurulmas\u0131n\u0131n vacibliyini vur\u011fulay\u0131b.<\/p>\n\n\n\n<p>Yerevandan olan n\u00fcmay\u0259nd\u0259 hey\u0259tinin Bak\u0131ya s\u0259f\u0259ri 21\u201322 noyabr tarixl\u0259rind\u0259 <a href=\"https:\/\/storage.googleapis.com\/qurium\/www.meydan.tv\/az-article-erm%c9%99nistanin-v%c9%99t%c9%99ndas-c%c9%99miyy%c9%99ti-numay%c9%99nd%c9%99l%c9%99ri-bakidadir.html\" target=\"_blank\" rel=\"noreferrer noopener nofollow\">ba\u015f tutub.<\/a> Bu s\u0259f\u0259r \u00f6t\u0259n ay Az\u0259rbaycan v\u0259t\u0259nda\u015f c\u0259miyy\u0259ti t\u0259msil\u00e7il\u0259rinin Yerevana etdiyi s\u0259f\u0259rin davam\u0131 kimi qiym\u0259tl\u0259ndirilir.<\/p>\n\n\n\n<p>Erm\u0259nistanla Az\u0259rbaycan aras\u0131nda m\u00fcnaqi\u015f\u0259 1988-ci ild\u0259 ba\u015flay\u0131b.<\/p>\n\n\n\n<p>2020-ci ilin sentyabr\u0131nda is\u0259 uzunm\u00fcdd\u0259tli at\u0259\u015fk\u0259sd\u0259n sonra Az\u0259rbaycan v\u0259 Erm\u0259nistan aras\u0131nda 44 g\u00fcnl\u00fck \u0130kinci Qaraba\u011f m\u00fcharib\u0259si olub. Az\u0259rbaycan Qaraba\u011f\u0131n bir hiss\u0259sin\u0259 v\u0259 \u0259traf 7 rayona n\u0259zar\u0259ti b\u0259rpa edib.&nbsp;<\/p>\n\n\n\n<p>2023-c\u00fc ilin sentyabr\u0131n 19-da Az\u0259rbaycan Qaraba\u011fda lokal h\u0259rbi \u0259m\u0259liyyat ke\u00e7irib.Oktyabr\u0131n 15-d\u0259 is\u0259 Prezident \u0130lham \u018fliyev Xank\u0259ndid\u0259 Az\u0259rbaycan bayra\u011f\u0131n\u0131 qald\u0131r\u0131b v\u0259 \u00e7\u0131x\u0131\u015f\u0131nda Az\u0259rbaycan\u0131n \u00f6z suverenliyini tam b\u0259rpa etdiyini, Qaraba\u011f probleminin bitdiyini, m\u00fcnaqi\u015f\u0259nin sona \u00e7atd\u0131\u011f\u0131n\u0131 deyib.<\/p>\n\n\n\n<p>Avqustun 8-d\u0259 AB\u015e-da Az\u0259rbaycan v\u0259 Erm\u0259nistan aras\u0131nda s\u00fclh m\u00fcqavil\u0259sinin m\u0259tni paraflan\u0131b. S\u0259n\u0259d\u0259 \u0259sas\u0259n, t\u0259r\u0259fl\u0259r bir-birinin \u0259razi b\u00fct\u00f6vl\u00fcy\u00fcn\u00fc tan\u0131y\u0131r, m\u00fcbahis\u0259li m\u0259s\u0259l\u0259l\u0259rin yaln\u0131z dan\u0131\u015f\u0131qlar yolu il\u0259 h\u0259lli \u00f6hd\u0259liyini g\u00f6t\u00fcr\u00fcr, qar\u015f\u0131l\u0131ql\u0131 iddialardan imtina edilir.<\/p>\n","protected":false},"excerpt":{"rendered":"<p>Yerevandan Az\u0259rbaycana s\u0259f\u0259r ed\u0259n v\u0259t\u0259nda\u015f c\u0259miyy\u0259ti t\u0259msil\u00e7il\u0259ri Bak\u0131da saxlan\u0131lan erm\u0259ni &#8230; <\/p>\n<p class=\"read-more-container\"><a title=\"Yerevandan g\u0259l\u0259n n\u00fcmay\u0259nd\u0259l\u0259r Bak\u0131da erm\u0259ni m\u0259hbuslarla g\u00f6r\u00fc\u015f\u0259 icaz\u0259 verilm\u0259diyini bildiribl\u0259r\" class=\"read-more button\" href=\"https:\/\/www.meydan.tv\/az\/article\/yerevandan-g%c9%99l%c9%99n-numay%c9%99nd%c9%99l%c9%99r-bakida-erm%c9%99ni-m%c9%99hbuslarla-gorus%c9%99-icaz%c9%99-verilm%c9%99diyini-bildiribl%c9%99r\/#more-337890\" aria-label=\"Read more about Yerevandan g\u0259l\u0259n n\u00fcmay\u0259nd\u0259l\u0259r Bak\u0131da erm\u0259ni m\u0259hbuslarla g\u00f6r\u00fc\u015f\u0259 icaz\u0259 verilm\u0259diyini bildiribl\u0259r\">Davam\u0131<\/a><\/p>\n","protected":false},"author":21,"featured_media":337911,"comment_status":"closed","ping_status":"closed","sticky":false,"template":"","format":"standard","meta":{"_acf_changed":false,"_sitemap_exclude":false,"_sitemap_priority":"","_sitemap_frequency":"","footnotes":""},"categories":[59,79,56],"tags":[],"class_list":["post-337890","post","type-post","status-publish","format-standard","has-post-thumbnail","hentry","category-siyaset","category-featured","category-xeberler","infinite-scroll-item","generate-columns","tablet-grid-50","mobile-grid-100","grid-parent","grid-33","no-featured-image-padding"],"acf":[],"yoast_head":"<!-- This site is optimized with the Yoast SEO plugin v27.4 - https:\/\/yoast.com\/product\/yoast-seo-wordpress\/ -->\n<title>Yerevandan g\u0259l\u0259n n\u00fcmay\u0259nd\u0259l\u0259r Bak\u0131da erm\u0259ni m\u0259hbuslarla g\u00f6r\u00fc\u015f\u0259 icaz\u0259 verilm\u0259diyini bildiribl\u0259r - MEYDAN.TV<\/title>\n<meta name=\"robots\" content=\"index, follow, max-snippet:-1, max-image-preview:large, max-video-preview:-1\" \/>\n<link rel=\"canonical\" href=\"https:\/\/www.meydan.tv\/az\/article\/yerevandan-g%c9%99l%c9%99n-numay%c9%99nd%c9%99l%c9%99r-bakida-erm%c9%99ni-m%c9%99hbuslarla-gorus%c9%99-icaz%c9%99-verilm%c9%99diyini-bildiribl%c9%99r\/\" \/>\n<meta property=\"og:locale\" content=\"az_AZ\" \/>\n<meta property=\"og:type\" content=\"article\" \/>\n<meta property=\"og:title\" content=\"Yerevandan g\u0259l\u0259n n\u00fcmay\u0259nd\u0259l\u0259r Bak\u0131da erm\u0259ni m\u0259hbuslarla g\u00f6r\u00fc\u015f\u0259 icaz\u0259 verilm\u0259diyini bildiribl\u0259r - MEYDAN.TV\" \/>\n<meta property=\"og:description\" content=\"Yerevandan Az\u0259rbaycana s\u0259f\u0259r ed\u0259n v\u0259t\u0259nda\u015f c\u0259miyy\u0259ti t\u0259msil\u00e7il\u0259ri Bak\u0131da saxlan\u0131lan erm\u0259ni ... Davam\u0131\" \/>\n<meta property=\"og:url\" content=\"https:\/\/www.meydan.tv\/az\/article\/yerevandan-g%c9%99l%c9%99n-numay%c9%99nd%c9%99l%c9%99r-bakida-erm%c9%99ni-m%c9%99hbuslarla-gorus%c9%99-icaz%c9%99-verilm%c9%99diyini-bildiribl%c9%99r\/\" \/>\n<meta property=\"og:site_name\" content=\"MEYDAN.TV\" \/>\n<meta property=\"article:published_time\" content=\"2025-11-24T14:14:56+00:00\" \/>\n<meta property=\"article:modified_time\" content=\"2025-11-24T14:36:34+00:00\" \/>\n<meta property=\"og:image\" content=\"https:\/\/www.meydan.tv\/wp-content\/uploads\/768678-1200x586.png\" \/>\n\t<meta property=\"og:image:width\" content=\"1200\" \/>\n\t<meta property=\"og:image:height\" content=\"586\" \/>\n\t<meta property=\"og:image:type\" content=\"image\/png\" \/>\n<meta name=\"author\" content=\"mahmud\" \/>\n<meta name=\"twitter:card\" content=\"summary_large_image\" \/>\n<script type=\"application\/ld+json\" class=\"yoast-schema-graph\">{\"@context\":\"https:\\\/\\\/schema.org\",\"@graph\":[{\"@type\":\"Article\",\"@id\":\"https:\\\/\\\/www.meydan.tv\\\/az\\\/article\\\/yerevandan-g%c9%99l%c9%99n-numay%c9%99nd%c9%99l%c9%99r-bakida-erm%c9%99ni-m%c9%99hbuslarla-gorus%c9%99-icaz%c9%99-verilm%c9%99diyini-bildiribl%c9%99r\\\/#article\",\"isPartOf\":{\"@id\":\"https:\\\/\\\/www.meydan.tv\\\/az\\\/article\\\/yerevandan-g%c9%99l%c9%99n-numay%c9%99nd%c9%99l%c9%99r-bakida-erm%c9%99ni-m%c9%99hbuslarla-gorus%c9%99-icaz%c9%99-verilm%c9%99diyini-bildiribl%c9%99r\\\/\"},\"author\":{\"name\":\"mahmud\",\"@id\":\"https:\\\/\\\/www.meydan.tv\\\/az\\\/#\\\/schema\\\/person\\\/09863e516102a829e72bedcf3f84c6b0\"},\"headline\":\"Yerevandan g\u0259l\u0259n n\u00fcmay\u0259nd\u0259l\u0259r Bak\u0131da erm\u0259ni m\u0259hbuslarla g\u00f6r\u00fc\u015f\u0259 icaz\u0259 verilm\u0259diyini bildiribl\u0259r\",\"datePublished\":\"2025-11-24T14:14:56+00:00\",\"dateModified\":\"2025-11-24T14:36:34+00:00\",\"mainEntityOfPage\":{\"@id\":\"https:\\\/\\\/www.meydan.tv\\\/az\\\/article\\\/yerevandan-g%c9%99l%c9%99n-numay%c9%99nd%c9%99l%c9%99r-bakida-erm%c9%99ni-m%c9%99hbuslarla-gorus%c9%99-icaz%c9%99-verilm%c9%99diyini-bildiribl%c9%99r\\\/\"},\"wordCount\":657,\"publisher\":{\"@id\":\"https:\\\/\\\/www.meydan.tv\\\/az\\\/#organization\"},\"image\":{\"@id\":\"https:\\\/\\\/www.meydan.tv\\\/az\\\/article\\\/yerevandan-g%c9%99l%c9%99n-numay%c9%99nd%c9%99l%c9%99r-bakida-erm%c9%99ni-m%c9%99hbuslarla-gorus%c9%99-icaz%c9%99-verilm%c9%99diyini-bildiribl%c9%99r\\\/#primaryimage\"},\"thumbnailUrl\":\"https:\\\/\\\/www.meydan.tv\\\/wp-content\\\/uploads\\\/768678.png\",\"articleSection\":[\"Siyas\u0259t\",\"T\u00f6vsiy\u0259\",\"X\u0259b\u0259rl\u0259r\"],\"inLanguage\":\"az\"},{\"@type\":\"WebPage\",\"@id\":\"https:\\\/\\\/www.meydan.tv\\\/az\\\/article\\\/yerevandan-g%c9%99l%c9%99n-numay%c9%99nd%c9%99l%c9%99r-bakida-erm%c9%99ni-m%c9%99hbuslarla-gorus%c9%99-icaz%c9%99-verilm%c9%99diyini-bildiribl%c9%99r\\\/\",\"url\":\"https:\\\/\\\/www.meydan.tv\\\/az\\\/article\\\/yerevandan-g%c9%99l%c9%99n-numay%c9%99nd%c9%99l%c9%99r-bakida-erm%c9%99ni-m%c9%99hbuslarla-gorus%c9%99-icaz%c9%99-verilm%c9%99diyini-bildiribl%c9%99r\\\/\",\"name\":\"Yerevandan g\u0259l\u0259n n\u00fcmay\u0259nd\u0259l\u0259r Bak\u0131da erm\u0259ni m\u0259hbuslarla g\u00f6r\u00fc\u015f\u0259 icaz\u0259 verilm\u0259diyini bildiribl\u0259r - MEYDAN.TV\",\"isPartOf\":{\"@id\":\"https:\\\/\\\/www.meydan.tv\\\/az\\\/#website\"},\"primaryImageOfPage\":{\"@id\":\"https:\\\/\\\/www.meydan.tv\\\/az\\\/article\\\/yerevandan-g%c9%99l%c9%99n-numay%c9%99nd%c9%99l%c9%99r-bakida-erm%c9%99ni-m%c9%99hbuslarla-gorus%c9%99-icaz%c9%99-verilm%c9%99diyini-bildiribl%c9%99r\\\/#primaryimage\"},\"image\":{\"@id\":\"https:\\\/\\\/www.meydan.tv\\\/az\\\/article\\\/yerevandan-g%c9%99l%c9%99n-numay%c9%99nd%c9%99l%c9%99r-bakida-erm%c9%99ni-m%c9%99hbuslarla-gorus%c9%99-icaz%c9%99-verilm%c9%99diyini-bildiribl%c9%99r\\\/#primaryimage\"},\"thumbnailUrl\":\"https:\\\/\\\/www.meydan.tv\\\/wp-content\\\/uploads\\\/768678.png\",\"datePublished\":\"2025-11-24T14:14:56+00:00\",\"dateModified\":\"2025-11-24T14:36:34+00:00\",\"breadcrumb\":{\"@id\":\"https:\\\/\\\/www.meydan.tv\\\/az\\\/article\\\/yerevandan-g%c9%99l%c9%99n-numay%c9%99nd%c9%99l%c9%99r-bakida-erm%c9%99ni-m%c9%99hbuslarla-gorus%c9%99-icaz%c9%99-verilm%c9%99diyini-bildiribl%c9%99r\\\/#breadcrumb\"},\"inLanguage\":\"az\",\"potentialAction\":[{\"@type\":\"ReadAction\",\"target\":[\"https:\\\/\\\/www.meydan.tv\\\/az\\\/article\\\/yerevandan-g%c9%99l%c9%99n-numay%c9%99nd%c9%99l%c9%99r-bakida-erm%c9%99ni-m%c9%99hbuslarla-gorus%c9%99-icaz%c9%99-verilm%c9%99diyini-bildiribl%c9%99r\\\/\"]}]},{\"@type\":\"ImageObject\",\"inLanguage\":\"az\",\"@id\":\"https:\\\/\\\/www.meydan.tv\\\/az\\\/article\\\/yerevandan-g%c9%99l%c9%99n-numay%c9%99nd%c9%99l%c9%99r-bakida-erm%c9%99ni-m%c9%99hbuslarla-gorus%c9%99-icaz%c9%99-verilm%c9%99diyini-bildiribl%c9%99r\\\/#primaryimage\",\"url\":\"https:\\\/\\\/www.meydan.tv\\\/wp-content\\\/uploads\\\/768678.png\",\"contentUrl\":\"https:\\\/\\\/www.meydan.tv\\\/wp-content\\\/uploads\\\/768678.png\",\"width\":1920,\"height\":938,\"caption\":\"Foto: Az\u0259rtac\"},{\"@type\":\"BreadcrumbList\",\"@id\":\"https:\\\/\\\/www.meydan.tv\\\/az\\\/article\\\/yerevandan-g%c9%99l%c9%99n-numay%c9%99nd%c9%99l%c9%99r-bakida-erm%c9%99ni-m%c9%99hbuslarla-gorus%c9%99-icaz%c9%99-verilm%c9%99diyini-bildiribl%c9%99r\\\/#breadcrumb\",\"itemListElement\":[{\"@type\":\"ListItem\",\"position\":1,\"name\":\"Ana s\u0259hif\u0259\",\"item\":\"https:\\\/\\\/www.meydan.tv\\\/az\\\/\"},{\"@type\":\"ListItem\",\"position\":2,\"name\":\"Siyas\u0259t\",\"item\":\"https:\\\/\\\/www.meydan.tv\\\/az\\\/section\\\/siyaset\\\/\"},{\"@type\":\"ListItem\",\"position\":3,\"name\":\"Yerevandan g\u0259l\u0259n n\u00fcmay\u0259nd\u0259l\u0259r Bak\u0131da erm\u0259ni m\u0259hbuslarla g\u00f6r\u00fc\u015f\u0259 icaz\u0259 verilm\u0259diyini bildiribl\u0259r\"}]},{\"@type\":\"WebSite\",\"@id\":\"https:\\\/\\\/www.meydan.tv\\\/az\\\/#website\",\"url\":\"https:\\\/\\\/www.meydan.tv\\\/az\\\/\",\"name\":\"MEYDAN.TV\",\"description\":\"Meydan TV Az\u0259rbaycan\u0131n media m\u0259kan\u0131ndak\u0131 alternativ s\u0259sidir\",\"publisher\":{\"@id\":\"https:\\\/\\\/www.meydan.tv\\\/az\\\/#organization\"},\"potentialAction\":[{\"@type\":\"SearchAction\",\"target\":{\"@type\":\"EntryPoint\",\"urlTemplate\":\"https:\\\/\\\/www.meydan.tv\\\/az\\\/?s={search_term_string}\"},\"query-input\":{\"@type\":\"PropertyValueSpecification\",\"valueRequired\":true,\"valueName\":\"search_term_string\"}}],\"inLanguage\":\"az\"},{\"@type\":\"Organization\",\"@id\":\"https:\\\/\\\/www.meydan.tv\\\/az\\\/#organization\",\"name\":\"Meydan TV\",\"url\":\"https:\\\/\\\/www.meydan.tv\\\/az\\\/\",\"logo\":{\"@type\":\"ImageObject\",\"inLanguage\":\"az\",\"@id\":\"https:\\\/\\\/www.meydan.tv\\\/az\\\/#\\\/schema\\\/logo\\\/image\\\/\",\"url\":\"https:\\\/\\\/www.meydan.tv\\\/wp-content\\\/uploads\\\/2021\\\/07\\\/meydan-logo.svg\",\"contentUrl\":\"https:\\\/\\\/www.meydan.tv\\\/wp-content\\\/uploads\\\/2021\\\/07\\\/meydan-logo.svg\",\"width\":195,\"height\":46,\"caption\":\"Meydan TV\"},\"image\":{\"@id\":\"https:\\\/\\\/www.meydan.tv\\\/az\\\/#\\\/schema\\\/logo\\\/image\\\/\"}},{\"@type\":\"Person\",\"@id\":\"https:\\\/\\\/www.meydan.tv\\\/az\\\/#\\\/schema\\\/person\\\/09863e516102a829e72bedcf3f84c6b0\",\"name\":\"mahmud\"}]}<\/script>\n<!-- \/ Yoast SEO plugin. -->","yoast_head_json":{"title":"Yerevandan g\u0259l\u0259n n\u00fcmay\u0259nd\u0259l\u0259r Bak\u0131da erm\u0259ni m\u0259hbuslarla g\u00f6r\u00fc\u015f\u0259 icaz\u0259 verilm\u0259diyini bildiribl\u0259r - MEYDAN.TV","robots":{"index":"index","follow":"follow","max-snippet":"max-snippet:-1","max-image-preview":"max-image-preview:large","max-video-preview":"max-video-preview:-1"},"canonical":"https:\/\/www.meydan.tv\/az\/article\/yerevandan-g%c9%99l%c9%99n-numay%c9%99nd%c9%99l%c9%99r-bakida-erm%c9%99ni-m%c9%99hbuslarla-gorus%c9%99-icaz%c9%99-verilm%c9%99diyini-bildiribl%c9%99r\/","og_locale":"az_AZ","og_type":"article","og_title":"Yerevandan g\u0259l\u0259n n\u00fcmay\u0259nd\u0259l\u0259r Bak\u0131da erm\u0259ni m\u0259hbuslarla g\u00f6r\u00fc\u015f\u0259 icaz\u0259 verilm\u0259diyini bildiribl\u0259r - MEYDAN.TV","og_description":"Yerevandan Az\u0259rbaycana s\u0259f\u0259r ed\u0259n v\u0259t\u0259nda\u015f c\u0259miyy\u0259ti t\u0259msil\u00e7il\u0259ri Bak\u0131da saxlan\u0131lan erm\u0259ni ... Davam\u0131","og_url":"https:\/\/www.meydan.tv\/az\/article\/yerevandan-g%c9%99l%c9%99n-numay%c9%99nd%c9%99l%c9%99r-bakida-erm%c9%99ni-m%c9%99hbuslarla-gorus%c9%99-icaz%c9%99-verilm%c9%99diyini-bildiribl%c9%99r\/","og_site_name":"MEYDAN.TV","article_published_time":"2025-11-24T14:14:56+00:00","article_modified_time":"2025-11-24T14:36:34+00:00","og_image":[{"width":1200,"height":586,"url":"https:\/\/www.meydan.tv\/wp-content\/uploads\/768678-1200x586.png","type":"image\/png"}],"author":"mahmud","twitter_card":"summary_large_image","schema":{"@context":"https:\/\/schema.org","@graph":[{"@type":"Article","@id":"https:\/\/www.meydan.tv\/az\/article\/yerevandan-g%c9%99l%c9%99n-numay%c9%99nd%c9%99l%c9%99r-bakida-erm%c9%99ni-m%c9%99hbuslarla-gorus%c9%99-icaz%c9%99-verilm%c9%99diyini-bildiribl%c9%99r\/#article","isPartOf":{"@id":"https:\/\/www.meydan.tv\/az\/article\/yerevandan-g%c9%99l%c9%99n-numay%c9%99nd%c9%99l%c9%99r-bakida-erm%c9%99ni-m%c9%99hbuslarla-gorus%c9%99-icaz%c9%99-verilm%c9%99diyini-bildiribl%c9%99r\/"},"author":{"name":"mahmud","@id":"https:\/\/www.meydan.tv\/az\/#\/schema\/person\/09863e516102a829e72bedcf3f84c6b0"},"headline":"Yerevandan g\u0259l\u0259n n\u00fcmay\u0259nd\u0259l\u0259r Bak\u0131da erm\u0259ni m\u0259hbuslarla g\u00f6r\u00fc\u015f\u0259 icaz\u0259 verilm\u0259diyini bildiribl\u0259r","datePublished":"2025-11-24T14:14:56+00:00","dateModified":"2025-11-24T14:36:34+00:00","mainEntityOfPage":{"@id":"https:\/\/www.meydan.tv\/az\/article\/yerevandan-g%c9%99l%c9%99n-numay%c9%99nd%c9%99l%c9%99r-bakida-erm%c9%99ni-m%c9%99hbuslarla-gorus%c9%99-icaz%c9%99-verilm%c9%99diyini-bildiribl%c9%99r\/"},"wordCount":657,"publisher":{"@id":"https:\/\/www.meydan.tv\/az\/#organization"},"image":{"@id":"https:\/\/www.meydan.tv\/az\/article\/yerevandan-g%c9%99l%c9%99n-numay%c9%99nd%c9%99l%c9%99r-bakida-erm%c9%99ni-m%c9%99hbuslarla-gorus%c9%99-icaz%c9%99-verilm%c9%99diyini-bildiribl%c9%99r\/#primaryimage"},"thumbnailUrl":"https:\/\/www.meydan.tv\/wp-content\/uploads\/768678.png","articleSection":["Siyas\u0259t","T\u00f6vsiy\u0259","X\u0259b\u0259rl\u0259r"],"inLanguage":"az"},{"@type":"WebPage","@id":"https:\/\/www.meydan.tv\/az\/article\/yerevandan-g%c9%99l%c9%99n-numay%c9%99nd%c9%99l%c9%99r-bakida-erm%c9%99ni-m%c9%99hbuslarla-gorus%c9%99-icaz%c9%99-verilm%c9%99diyini-bildiribl%c9%99r\/","url":"https:\/\/www.meydan.tv\/az\/article\/yerevandan-g%c9%99l%c9%99n-numay%c9%99nd%c9%99l%c9%99r-bakida-erm%c9%99ni-m%c9%99hbuslarla-gorus%c9%99-icaz%c9%99-verilm%c9%99diyini-bildiribl%c9%99r\/","name":"Yerevandan g\u0259l\u0259n n\u00fcmay\u0259nd\u0259l\u0259r Bak\u0131da erm\u0259ni m\u0259hbuslarla g\u00f6r\u00fc\u015f\u0259 icaz\u0259 verilm\u0259diyini bildiribl\u0259r - MEYDAN.TV","isPartOf":{"@id":"https:\/\/www.meydan.tv\/az\/#website"},"primaryImageOfPage":{"@id":"https:\/\/www.meydan.tv\/az\/article\/yerevandan-g%c9%99l%c9%99n-numay%c9%99nd%c9%99l%c9%99r-bakida-erm%c9%99ni-m%c9%99hbuslarla-gorus%c9%99-icaz%c9%99-verilm%c9%99diyini-bildiribl%c9%99r\/#primaryimage"},"image":{"@id":"https:\/\/www.meydan.tv\/az\/article\/yerevandan-g%c9%99l%c9%99n-numay%c9%99nd%c9%99l%c9%99r-bakida-erm%c9%99ni-m%c9%99hbuslarla-gorus%c9%99-icaz%c9%99-verilm%c9%99diyini-bildiribl%c9%99r\/#primaryimage"},"thumbnailUrl":"https:\/\/www.meydan.tv\/wp-content\/uploads\/768678.png","datePublished":"2025-11-24T14:14:56+00:00","dateModified":"2025-11-24T14:36:34+00:00","breadcrumb":{"@id":"https:\/\/www.meydan.tv\/az\/article\/yerevandan-g%c9%99l%c9%99n-numay%c9%99nd%c9%99l%c9%99r-bakida-erm%c9%99ni-m%c9%99hbuslarla-gorus%c9%99-icaz%c9%99-verilm%c9%99diyini-bildiribl%c9%99r\/#breadcrumb"},"inLanguage":"az","potentialAction":[{"@type":"ReadAction","target":["https:\/\/www.meydan.tv\/az\/article\/yerevandan-g%c9%99l%c9%99n-numay%c9%99nd%c9%99l%c9%99r-bakida-erm%c9%99ni-m%c9%99hbuslarla-gorus%c9%99-icaz%c9%99-verilm%c9%99diyini-bildiribl%c9%99r\/"]}]},{"@type":"ImageObject","inLanguage":"az","@id":"https:\/\/www.meydan.tv\/az\/article\/yerevandan-g%c9%99l%c9%99n-numay%c9%99nd%c9%99l%c9%99r-bakida-erm%c9%99ni-m%c9%99hbuslarla-gorus%c9%99-icaz%c9%99-verilm%c9%99diyini-bildiribl%c9%99r\/#primaryimage","url":"https:\/\/www.meydan.tv\/wp-content\/uploads\/768678.png","contentUrl":"https:\/\/www.meydan.tv\/wp-content\/uploads\/768678.png","width":1920,"height":938,"caption":"Foto: Az\u0259rtac"},{"@type":"BreadcrumbList","@id":"https:\/\/www.meydan.tv\/az\/article\/yerevandan-g%c9%99l%c9%99n-numay%c9%99nd%c9%99l%c9%99r-bakida-erm%c9%99ni-m%c9%99hbuslarla-gorus%c9%99-icaz%c9%99-verilm%c9%99diyini-bildiribl%c9%99r\/#breadcrumb","itemListElement":[{"@type":"ListItem","position":1,"name":"Ana s\u0259hif\u0259","item":"https:\/\/www.meydan.tv\/az\/"},{"@type":"ListItem","position":2,"name":"Siyas\u0259t","item":"https:\/\/www.meydan.tv\/az\/section\/siyaset\/"},{"@type":"ListItem","position":3,"name":"Yerevandan g\u0259l\u0259n n\u00fcmay\u0259nd\u0259l\u0259r Bak\u0131da erm\u0259ni m\u0259hbuslarla g\u00f6r\u00fc\u015f\u0259 icaz\u0259 verilm\u0259diyini bildiribl\u0259r"}]},{"@type":"WebSite","@id":"https:\/\/www.meydan.tv\/az\/#website","url":"https:\/\/www.meydan.tv\/az\/","name":"MEYDAN.TV","description":"Meydan TV Az\u0259rbaycan\u0131n media m\u0259kan\u0131ndak\u0131 alternativ s\u0259sidir","publisher":{"@id":"https:\/\/www.meydan.tv\/az\/#organization"},"potentialAction":[{"@type":"SearchAction","target":{"@type":"EntryPoint","urlTemplate":"https:\/\/www.meydan.tv\/az\/?s={search_term_string}"},"query-input":{"@type":"PropertyValueSpecification","valueRequired":true,"valueName":"search_term_string"}}],"inLanguage":"az"},{"@type":"Organization","@id":"https:\/\/www.meydan.tv\/az\/#organization","name":"Meydan TV","url":"https:\/\/www.meydan.tv\/az\/","logo":{"@type":"ImageObject","inLanguage":"az","@id":"https:\/\/www.meydan.tv\/az\/#\/schema\/logo\/image\/","url":"https:\/\/www.meydan.tv\/wp-content\/uploads\/2021\/07\/meydan-logo.svg","contentUrl":"https:\/\/www.meydan.tv\/wp-content\/uploads\/2021\/07\/meydan-logo.svg","width":195,"height":46,"caption":"Meydan TV"},"image":{"@id":"https:\/\/www.meydan.tv\/az\/#\/schema\/logo\/image\/"}},{"@type":"Person","@id":"https:\/\/www.meydan.tv\/az\/#\/schema\/person\/09863e516102a829e72bedcf3f84c6b0","name":"mahmud"}]}},"_links":{"self":[{"href":"https:\/\/www.meydan.tv\/az\/wp-json\/wp\/v2\/posts\/337890","targetHints":{"allow":["GET"]}}],"collection":[{"href":"https:\/\/www.meydan.tv\/az\/wp-json\/wp\/v2\/posts"}],"about":[{"href":"https:\/\/www.meydan.tv\/az\/wp-json\/wp\/v2\/types\/post"}],"author":[{"embeddable":true,"href":"https:\/\/www.meydan.tv\/az\/wp-json\/wp\/v2\/users\/21"}],"replies":[{"embeddable":true,"href":"https:\/\/www.meydan.tv\/az\/wp-json\/wp\/v2\/comments?post=337890"}],"version-history":[{"count":4,"href":"https:\/\/www.meydan.tv\/az\/wp-json\/wp\/v2\/posts\/337890\/revisions"}],"predecessor-version":[{"id":337914,"href":"https:\/\/www.meydan.tv\/az\/wp-json\/wp\/v2\/posts\/337890\/revisions\/337914"}],"wp:featuredmedia":[{"embeddable":true,"href":"https:\/\/www.meydan.tv\/az\/wp-json\/wp\/v2\/media\/337911"}],"wp:attachment":[{"href":"https:\/\/www.meydan.tv\/az\/wp-json\/wp\/v2\/media?parent=337890"}],"wp:term":[{"taxonomy":"category","embeddable":true,"href":"https:\/\/www.meydan.tv\/az\/wp-json\/wp\/v2\/categories?post=337890"},{"taxonomy":"post_tag","embeddable":true,"href":"https:\/\/www.meydan.tv\/az\/wp-json\/wp\/v2\/tags?post=337890"}],"curies":[{"name":"wp","href":"https:\/\/api.w.org\/{rel}","templated":true}]}}