{"id":337804,"date":"2025-11-23T17:25:53","date_gmt":"2025-11-23T13:25:53","guid":{"rendered":"https:\/\/www.meydan.tv\/?p=337804"},"modified":"2025-11-23T17:25:56","modified_gmt":"2025-11-23T13:25:56","slug":"cecenistanda-qadin-geyiml%c9%99rind%c9%99-yeni-qadagalar-t%c9%99tbiq-edilib","status":"publish","type":"post","link":"https:\/\/www.meydan.tv\/az\/article\/cecenistanda-qadin-geyiml%c9%99rind%c9%99-yeni-qadagalar-t%c9%99tbiq-edilib\/","title":{"rendered":"\u00c7e\u00e7enistanda qad\u0131n geyiml\u0259rind\u0259 yeni qada\u011falar t\u0259tbiq edilib"},"content":{"rendered":"\n<p>\u00c7e\u00e7enistan qad\u0131n geyiml\u0259rin\u0259 yeni qada\u011fa t\u0259tbiq edib. Qada\u011fa \u201cki\u015fil\u0259r\u0259 m\u0259xsus elementl\u0259r\u201d olan \u0259n\u0259n\u0259vi qad\u0131n geyiml\u0259rini h\u0259d\u0259f al\u0131r. Bu, respublika r\u0259hb\u0259rliyinin qad\u0131nlar\u0131n g\u00f6r\u00fcn\u00fc\u015f\u00fcn\u0259 son vaxtlarda qoydu\u011fu ilk m\u0259hdudiyy\u0259t deyil. M\u00fc\u015fahid\u0259\u00e7il\u0259r hesab edir ki, hakimiyy\u0259tin \u0259sas m\u0259qs\u0259di \u0259n\u0259n\u0259l\u0259ri qorumaq yox, c\u0259miyy\u0259ti n\u0259zar\u0259td\u0259 saxlamaqd\u0131r.<\/p>\n\n\n\n<p>M\u0259d\u0259niyy\u0259t Nazirliyinin <a href=\"https:\/\/www.rferl.org\/a\/chechyna-russia-ban-clothing-tradition-women-\/33597237.html\" target=\"_blank\" rel=\"noreferrer noopener nofollow\">a\u00e7\u0131qlamas\u0131na<\/a> g\u00f6r\u0259, dizaynerl\u0259r art\u0131q \u201c\u0259n\u0259n\u0259vi ad\u0259tl\u0259r\u0259 v\u0259 m\u0259d\u0259ni d\u0259y\u0259rl\u0259r\u0259 zidd\u201d hesab edil\u0259n b\u0259zi \u00fcslublardan istifad\u0259 ed\u0259 bilm\u0259y\u0259c\u0259k. Konkret olaraq, h\u00f6kum\u0259t \u0259n\u0259n\u0259vi \u00e7erkeska \u2013 y\u00fcks\u0259k yaxal\u0131 yun \u00e7uxan\u0131n sin\u0259 hiss\u0259sind\u0259 d\u00fcz\u00fcl\u0259n qaz\u0131rlar\u0131 (s\u00fcrsat cibl\u0259ri) h\u0259d\u0259f\u0259 al\u0131b.<br><br>Nazirlik qaz\u0131rlar\u0131n niy\u0259 ayr\u0131ca vur\u011fuland\u0131\u011f\u0131n\u0131 bel\u0259 izah edib: <\/p>\n\n\n\n<p><em>\u201cD\u00f6y\u00fc\u015f\u00e7\u00fcl\u0259r onlar\u0131 bar\u0131t gilizl\u0259rini da\u015f\u0131maq \u00fc\u00e7\u00fcn istifad\u0259 edirdi. Zamanla qaz\u0131rlar c\u0259sar\u0259tin, \u015f\u0259r\u0259fin v\u0259 qoruyucu ruhun r\u0259mzin\u0259 \u00e7evrildi\u201d.<\/em><\/p>\n\n\n<div class=\"wp-block-image\">\n<figure class=\"aligncenter size-full\"><img decoding=\"async\" width=\"468\" height=\"693\" data-src=\"https:\/\/www.meydan.tv\/wp-content\/uploads\/djigit.jpg\" alt=\"\" class=\"wp-image-337808 lazyload\" src=\"data:image\/svg+xml;base64,PHN2ZyB3aWR0aD0iMSIgaGVpZ2h0PSIxIiB4bWxucz0iaHR0cDovL3d3dy53My5vcmcvMjAwMC9zdmciPjwvc3ZnPg==\" style=\"--smush-placeholder-width: 468px; --smush-placeholder-aspect-ratio: 468\/693;\" \/><figcaption class=\"wp-element-caption\">M\u0259nb\u0259: Wikipedia<\/figcaption><\/figure>\n<\/div>\n\n\n<p>A\u00e7\u0131qlamada \u0259lav\u0259 olunur ki, bu elementl\u0259rin qad\u0131n geyimind\u0259 istifad\u0259si <em>\u201cki\u015fil\u0259r\u0259 xas simvolikan\u0131n m\u0259nims\u0259nilm\u0259si v\u0259 \u0259srl\u0259r boyu formala\u015fm\u0131\u015f \u0259n\u0259n\u0259l\u0259rin pozulmas\u0131\u201d<\/em> kimi qiym\u0259tl\u0259ndirilir.<\/p>\n\n\n\n<p>Bu, \u00c7e\u00e7enistan r\u0259hb\u0259rliyinin son bir ayda qad\u0131nlar\u0131n g\u00f6r\u00fcn\u00fc\u015f\u00fcn\u0259 qoydu\u011fu ikinci m\u0259hdudiyy\u0259tdir. Oktyabr\u0131n sonunda qad\u0131nlar\u0131n ba\u015f \u00f6rt\u00fcy\u00fc olmadan k\u00fc\u00e7\u0259y\u0259 \u00e7\u0131xmas\u0131 qada\u011fan edilmi\u015fdi.<\/p>\n\n\n\n<p>Respublika r\u0259hb\u0259ri Ramzan Kad\u0131rova yax\u0131n olan m\u00fc\u015favir Amir Suqayipovun s\u00f6zl\u0259rin\u0259 g\u00f6r\u0259, ba\u015f \u00f6rt\u00fcy\u00fc taxmadan k\u00fc\u00e7\u0259y\u0259 \u00e7\u0131xan qad\u0131nlar \u201cizahedici s\u00f6hb\u0259tl\u0259r\u0259\u201d c\u0259lb olunacaqlar. Bununla yana\u015f\u0131, yaln\u0131z g\u00f6zl\u0259r \u00fc\u00e7\u00fcn yar\u0131q buraxan m\u00fcs\u0259lman \u00f6rt\u00fcy\u00fc \u2013 niqab da qada\u011fan edilib.<br><\/p>\n\n\n\n<h4 class=\"wp-block-heading\"><strong><strong>Geyim qaydalar\u0131 v\u0259 &#8220;qohumbazl\u0131q&#8221;<\/strong><\/strong><\/h4>\n\n\n\n<p>Kad\u0131rov uzun ill\u0259rdir ail\u0259 \u00fczvl\u0259rini y\u00fcks\u0259k v\u0259zif\u0259l\u0259r\u0259 g\u0259tirm\u0259si il\u0259 tan\u0131n\u0131r. O, h\u0259m\u00e7inin g\u0259l\u0259c\u0259k varislik m\u0259s\u0259l\u0259sind\u0259 d\u0259 m\u00f6vqeyini m\u00f6hk\u0259ml\u0259ndirm\u0259y\u0259 \u00e7al\u0131\u015f\u0131r.<\/p>\n\n\n\n<p>M\u0259d\u0259niyy\u0259t Nazirliyin\u0259 r\u0259hb\u0259rlik ed\u0259n \u0130sa \u0130brahimov \u2013 Kad\u0131rovun qohumudur. Son qada\u011fan\u0131 elan ed\u0259n quruma bir m\u00fcdd\u0259t Ramzan Kad\u0131rovun q\u0131z\u0131 Ay\u015f\u0259t Kad\u0131rova r\u0259hb\u0259rlik edib. O, 2021\u20132023-c\u00fc ill\u0259rd\u0259 nazir olub, daha sonra sosial m\u0259s\u0259l\u0259l\u0259r \u00fczr\u0259 ba\u015f nazirin m\u00fcavini v\u0259zif\u0259sin\u0259 g\u0259tirilib. 26 ya\u015fl\u0131 Kad\u0131rova is\u0259 fevral ay\u0131nda istefa ver\u0259r\u0259k v\u0259zif\u0259nin \u201cg\u00fccl\u00fc bir ki\u015fiy\u0259 daha uy\u011fun oldu\u011funu\u201d deyib v\u0259 biznes f\u0259aliyy\u0259ti il\u0259 m\u0259\u015f\u011ful olaca\u011f\u0131n\u0131 a\u00e7\u0131qlay\u0131b.<\/p>\n\n\n\n<p>Onun biznes sah\u0259sind\u0259ki \u0259n tan\u0131nm\u0131\u015f layih\u0259si \u201cFirdaws\u201d moda evidir. Brendin r\u0259smi t\u0259svirind\u0259 qeyd olunur ki, \u201cFirdaws\u201d dizaynerl\u0259ri \u201corijinal t\u0259vaz\u00f6kar d\u0259b\u201d istiqam\u0259tind\u0259 i\u015fl\u0259yir v\u0259 \u201c\u0259n\u0259n\u0259vi \u00c7e\u00e7en \u00fcslubuna, Vaynax nax\u0131\u015flar\u0131na v\u0259 t\u0259bi\u0259t\u0259 sadiq\u201d geyiml\u0259r haz\u0131rlay\u0131r. \u015eirk\u0259t \u00f6z m\u0259hsullar\u0131n\u0131 \u201cz\u0259rif \u00fcsluba \u00fcst\u00fcnl\u00fck ver\u0259n v\u0259 m\u0259d\u0259niyy\u0259tin\u0259 sadiq qalan\u201d qad\u0131n v\u0259 ki\u015fil\u0259r\u0259 t\u0259qdim etdiyini bildirir.<\/p>\n\n\n\n<p><br><\/p>\n","protected":false},"excerpt":{"rendered":"<p>\u00c7e\u00e7enistan qad\u0131n geyiml\u0259rin\u0259 yeni qada\u011fa t\u0259tbiq edib. Qada\u011fa \u201cki\u015fil\u0259r\u0259 m\u0259xsus &#8230; <\/p>\n<p class=\"read-more-container\"><a title=\"\u00c7e\u00e7enistanda qad\u0131n geyiml\u0259rind\u0259 yeni qada\u011falar t\u0259tbiq edilib\" class=\"read-more button\" href=\"https:\/\/www.meydan.tv\/az\/article\/cecenistanda-qadin-geyiml%c9%99rind%c9%99-yeni-qadagalar-t%c9%99tbiq-edilib\/#more-337804\" aria-label=\"Read more about \u00c7e\u00e7enistanda qad\u0131n geyiml\u0259rind\u0259 yeni qada\u011falar t\u0259tbiq edilib\">Davam\u0131<\/a><\/p>\n","protected":false},"author":28,"featured_media":337805,"comment_status":"closed","ping_status":"closed","sticky":false,"template":"","format":"standard","meta":{"_acf_changed":false,"_sitemap_exclude":false,"_sitemap_priority":"","_sitemap_frequency":"","footnotes":""},"categories":[64,56,8],"tags":[],"class_list":["post-337804","post","type-post","status-publish","format-standard","has-post-thumbnail","hentry","category-dunya","category-xeberler","category-bez-kategorii","infinite-scroll-item","generate-columns","tablet-grid-50","mobile-grid-100","grid-parent","grid-33","no-featured-image-padding"],"acf":[],"yoast_head":"<!-- This site is optimized with the Yoast SEO plugin v27.4 - https:\/\/yoast.com\/product\/yoast-seo-wordpress\/ -->\n<title>\u00c7e\u00e7enistanda qad\u0131n geyiml\u0259rind\u0259 yeni qada\u011falar t\u0259tbiq edilib - MEYDAN.TV<\/title>\n<meta name=\"robots\" content=\"index, follow, max-snippet:-1, max-image-preview:large, max-video-preview:-1\" \/>\n<link rel=\"canonical\" href=\"https:\/\/www.meydan.tv\/az\/article\/cecenistanda-qadin-geyiml%c9%99rind%c9%99-yeni-qadagalar-t%c9%99tbiq-edilib\/\" \/>\n<meta property=\"og:locale\" content=\"az_AZ\" \/>\n<meta property=\"og:type\" content=\"article\" \/>\n<meta property=\"og:title\" content=\"\u00c7e\u00e7enistanda qad\u0131n geyiml\u0259rind\u0259 yeni qada\u011falar t\u0259tbiq edilib - MEYDAN.TV\" \/>\n<meta property=\"og:description\" content=\"\u00c7e\u00e7enistan qad\u0131n geyiml\u0259rin\u0259 yeni qada\u011fa t\u0259tbiq edib. Qada\u011fa \u201cki\u015fil\u0259r\u0259 m\u0259xsus ... Davam\u0131\" \/>\n<meta property=\"og:url\" content=\"https:\/\/www.meydan.tv\/az\/article\/cecenistanda-qadin-geyiml%c9%99rind%c9%99-yeni-qadagalar-t%c9%99tbiq-edilib\/\" \/>\n<meta property=\"og:site_name\" content=\"MEYDAN.TV\" \/>\n<meta property=\"article:published_time\" content=\"2025-11-23T13:25:53+00:00\" \/>\n<meta property=\"article:modified_time\" content=\"2025-11-23T13:25:56+00:00\" \/>\n<meta property=\"og:image\" content=\"https:\/\/www.meydan.tv\/wp-content\/uploads\/hijab.jpg\" \/>\n\t<meta property=\"og:image:width\" content=\"1182\" \/>\n\t<meta property=\"og:image:height\" content=\"377\" \/>\n\t<meta property=\"og:image:type\" content=\"image\/jpeg\" \/>\n<meta name=\"author\" content=\"marc\" \/>\n<meta name=\"twitter:card\" content=\"summary_large_image\" \/>\n<script type=\"application\/ld+json\" class=\"yoast-schema-graph\">{\"@context\":\"https:\\\/\\\/schema.org\",\"@graph\":[{\"@type\":\"Article\",\"@id\":\"https:\\\/\\\/www.meydan.tv\\\/az\\\/article\\\/cecenistanda-qadin-geyiml%c9%99rind%c9%99-yeni-qadagalar-t%c9%99tbiq-edilib\\\/#article\",\"isPartOf\":{\"@id\":\"https:\\\/\\\/www.meydan.tv\\\/az\\\/article\\\/cecenistanda-qadin-geyiml%c9%99rind%c9%99-yeni-qadagalar-t%c9%99tbiq-edilib\\\/\"},\"author\":{\"name\":\"marc\",\"@id\":\"https:\\\/\\\/www.meydan.tv\\\/az\\\/#\\\/schema\\\/person\\\/9a3bd9697ebcc7f5274ed604d8b6b290\"},\"headline\":\"\u00c7e\u00e7enistanda qad\u0131n geyiml\u0259rind\u0259 yeni qada\u011falar t\u0259tbiq edilib\",\"datePublished\":\"2025-11-23T13:25:53+00:00\",\"dateModified\":\"2025-11-23T13:25:56+00:00\",\"mainEntityOfPage\":{\"@id\":\"https:\\\/\\\/www.meydan.tv\\\/az\\\/article\\\/cecenistanda-qadin-geyiml%c9%99rind%c9%99-yeni-qadagalar-t%c9%99tbiq-edilib\\\/\"},\"wordCount\":586,\"publisher\":{\"@id\":\"https:\\\/\\\/www.meydan.tv\\\/az\\\/#organization\"},\"image\":{\"@id\":\"https:\\\/\\\/www.meydan.tv\\\/az\\\/article\\\/cecenistanda-qadin-geyiml%c9%99rind%c9%99-yeni-qadagalar-t%c9%99tbiq-edilib\\\/#primaryimage\"},\"thumbnailUrl\":\"https:\\\/\\\/www.meydan.tv\\\/wp-content\\\/uploads\\\/hijab.jpg\",\"articleSection\":[\"D\u00fcnya\",\"X\u0259b\u0259rl\u0259r\",\"\u0411\u0435\u0437 \u043a\u0430\u0442\u0435\u0433\u043e\u0440\u0438\u0438\"],\"inLanguage\":\"az\"},{\"@type\":\"WebPage\",\"@id\":\"https:\\\/\\\/www.meydan.tv\\\/az\\\/article\\\/cecenistanda-qadin-geyiml%c9%99rind%c9%99-yeni-qadagalar-t%c9%99tbiq-edilib\\\/\",\"url\":\"https:\\\/\\\/www.meydan.tv\\\/az\\\/article\\\/cecenistanda-qadin-geyiml%c9%99rind%c9%99-yeni-qadagalar-t%c9%99tbiq-edilib\\\/\",\"name\":\"\u00c7e\u00e7enistanda qad\u0131n geyiml\u0259rind\u0259 yeni qada\u011falar t\u0259tbiq edilib - MEYDAN.TV\",\"isPartOf\":{\"@id\":\"https:\\\/\\\/www.meydan.tv\\\/az\\\/#website\"},\"primaryImageOfPage\":{\"@id\":\"https:\\\/\\\/www.meydan.tv\\\/az\\\/article\\\/cecenistanda-qadin-geyiml%c9%99rind%c9%99-yeni-qadagalar-t%c9%99tbiq-edilib\\\/#primaryimage\"},\"image\":{\"@id\":\"https:\\\/\\\/www.meydan.tv\\\/az\\\/article\\\/cecenistanda-qadin-geyiml%c9%99rind%c9%99-yeni-qadagalar-t%c9%99tbiq-edilib\\\/#primaryimage\"},\"thumbnailUrl\":\"https:\\\/\\\/www.meydan.tv\\\/wp-content\\\/uploads\\\/hijab.jpg\",\"datePublished\":\"2025-11-23T13:25:53+00:00\",\"dateModified\":\"2025-11-23T13:25:56+00:00\",\"breadcrumb\":{\"@id\":\"https:\\\/\\\/www.meydan.tv\\\/az\\\/article\\\/cecenistanda-qadin-geyiml%c9%99rind%c9%99-yeni-qadagalar-t%c9%99tbiq-edilib\\\/#breadcrumb\"},\"inLanguage\":\"az\",\"potentialAction\":[{\"@type\":\"ReadAction\",\"target\":[\"https:\\\/\\\/www.meydan.tv\\\/az\\\/article\\\/cecenistanda-qadin-geyiml%c9%99rind%c9%99-yeni-qadagalar-t%c9%99tbiq-edilib\\\/\"]}]},{\"@type\":\"ImageObject\",\"inLanguage\":\"az\",\"@id\":\"https:\\\/\\\/www.meydan.tv\\\/az\\\/article\\\/cecenistanda-qadin-geyiml%c9%99rind%c9%99-yeni-qadagalar-t%c9%99tbiq-edilib\\\/#primaryimage\",\"url\":\"https:\\\/\\\/www.meydan.tv\\\/wp-content\\\/uploads\\\/hijab.jpg\",\"contentUrl\":\"https:\\\/\\\/www.meydan.tv\\\/wp-content\\\/uploads\\\/hijab.jpg\",\"width\":1182,\"height\":377,\"caption\":\"A\u00e7\u0131q m\u0259nb\u0259l\u0259rd\u0259n foto\"},{\"@type\":\"BreadcrumbList\",\"@id\":\"https:\\\/\\\/www.meydan.tv\\\/az\\\/article\\\/cecenistanda-qadin-geyiml%c9%99rind%c9%99-yeni-qadagalar-t%c9%99tbiq-edilib\\\/#breadcrumb\",\"itemListElement\":[{\"@type\":\"ListItem\",\"position\":1,\"name\":\"Ana s\u0259hif\u0259\",\"item\":\"https:\\\/\\\/www.meydan.tv\\\/az\\\/\"},{\"@type\":\"ListItem\",\"position\":2,\"name\":\"X\u0259b\u0259rl\u0259r\",\"item\":\"https:\\\/\\\/www.meydan.tv\\\/az\\\/section\\\/xeberler\\\/\"},{\"@type\":\"ListItem\",\"position\":3,\"name\":\"\u00c7e\u00e7enistanda qad\u0131n geyiml\u0259rind\u0259 yeni qada\u011falar t\u0259tbiq edilib\"}]},{\"@type\":\"WebSite\",\"@id\":\"https:\\\/\\\/www.meydan.tv\\\/az\\\/#website\",\"url\":\"https:\\\/\\\/www.meydan.tv\\\/az\\\/\",\"name\":\"MEYDAN.TV\",\"description\":\"Meydan TV Az\u0259rbaycan\u0131n media m\u0259kan\u0131ndak\u0131 alternativ s\u0259sidir\",\"publisher\":{\"@id\":\"https:\\\/\\\/www.meydan.tv\\\/az\\\/#organization\"},\"potentialAction\":[{\"@type\":\"SearchAction\",\"target\":{\"@type\":\"EntryPoint\",\"urlTemplate\":\"https:\\\/\\\/www.meydan.tv\\\/az\\\/?s={search_term_string}\"},\"query-input\":{\"@type\":\"PropertyValueSpecification\",\"valueRequired\":true,\"valueName\":\"search_term_string\"}}],\"inLanguage\":\"az\"},{\"@type\":\"Organization\",\"@id\":\"https:\\\/\\\/www.meydan.tv\\\/az\\\/#organization\",\"name\":\"Meydan TV\",\"url\":\"https:\\\/\\\/www.meydan.tv\\\/az\\\/\",\"logo\":{\"@type\":\"ImageObject\",\"inLanguage\":\"az\",\"@id\":\"https:\\\/\\\/www.meydan.tv\\\/az\\\/#\\\/schema\\\/logo\\\/image\\\/\",\"url\":\"https:\\\/\\\/www.meydan.tv\\\/wp-content\\\/uploads\\\/2021\\\/07\\\/meydan-logo.svg\",\"contentUrl\":\"https:\\\/\\\/www.meydan.tv\\\/wp-content\\\/uploads\\\/2021\\\/07\\\/meydan-logo.svg\",\"width\":195,\"height\":46,\"caption\":\"Meydan TV\"},\"image\":{\"@id\":\"https:\\\/\\\/www.meydan.tv\\\/az\\\/#\\\/schema\\\/logo\\\/image\\\/\"}},{\"@type\":\"Person\",\"@id\":\"https:\\\/\\\/www.meydan.tv\\\/az\\\/#\\\/schema\\\/person\\\/9a3bd9697ebcc7f5274ed604d8b6b290\",\"name\":\"marc\"}]}<\/script>\n<!-- \/ Yoast SEO plugin. -->","yoast_head_json":{"title":"\u00c7e\u00e7enistanda qad\u0131n geyiml\u0259rind\u0259 yeni qada\u011falar t\u0259tbiq edilib - MEYDAN.TV","robots":{"index":"index","follow":"follow","max-snippet":"max-snippet:-1","max-image-preview":"max-image-preview:large","max-video-preview":"max-video-preview:-1"},"canonical":"https:\/\/www.meydan.tv\/az\/article\/cecenistanda-qadin-geyiml%c9%99rind%c9%99-yeni-qadagalar-t%c9%99tbiq-edilib\/","og_locale":"az_AZ","og_type":"article","og_title":"\u00c7e\u00e7enistanda qad\u0131n geyiml\u0259rind\u0259 yeni qada\u011falar t\u0259tbiq edilib - MEYDAN.TV","og_description":"\u00c7e\u00e7enistan qad\u0131n geyiml\u0259rin\u0259 yeni qada\u011fa t\u0259tbiq edib. Qada\u011fa \u201cki\u015fil\u0259r\u0259 m\u0259xsus ... Davam\u0131","og_url":"https:\/\/www.meydan.tv\/az\/article\/cecenistanda-qadin-geyiml%c9%99rind%c9%99-yeni-qadagalar-t%c9%99tbiq-edilib\/","og_site_name":"MEYDAN.TV","article_published_time":"2025-11-23T13:25:53+00:00","article_modified_time":"2025-11-23T13:25:56+00:00","og_image":[{"width":1182,"height":377,"url":"https:\/\/www.meydan.tv\/wp-content\/uploads\/hijab.jpg","type":"image\/jpeg"}],"author":"marc","twitter_card":"summary_large_image","schema":{"@context":"https:\/\/schema.org","@graph":[{"@type":"Article","@id":"https:\/\/www.meydan.tv\/az\/article\/cecenistanda-qadin-geyiml%c9%99rind%c9%99-yeni-qadagalar-t%c9%99tbiq-edilib\/#article","isPartOf":{"@id":"https:\/\/www.meydan.tv\/az\/article\/cecenistanda-qadin-geyiml%c9%99rind%c9%99-yeni-qadagalar-t%c9%99tbiq-edilib\/"},"author":{"name":"marc","@id":"https:\/\/www.meydan.tv\/az\/#\/schema\/person\/9a3bd9697ebcc7f5274ed604d8b6b290"},"headline":"\u00c7e\u00e7enistanda qad\u0131n geyiml\u0259rind\u0259 yeni qada\u011falar t\u0259tbiq edilib","datePublished":"2025-11-23T13:25:53+00:00","dateModified":"2025-11-23T13:25:56+00:00","mainEntityOfPage":{"@id":"https:\/\/www.meydan.tv\/az\/article\/cecenistanda-qadin-geyiml%c9%99rind%c9%99-yeni-qadagalar-t%c9%99tbiq-edilib\/"},"wordCount":586,"publisher":{"@id":"https:\/\/www.meydan.tv\/az\/#organization"},"image":{"@id":"https:\/\/www.meydan.tv\/az\/article\/cecenistanda-qadin-geyiml%c9%99rind%c9%99-yeni-qadagalar-t%c9%99tbiq-edilib\/#primaryimage"},"thumbnailUrl":"https:\/\/www.meydan.tv\/wp-content\/uploads\/hijab.jpg","articleSection":["D\u00fcnya","X\u0259b\u0259rl\u0259r","\u0411\u0435\u0437 \u043a\u0430\u0442\u0435\u0433\u043e\u0440\u0438\u0438"],"inLanguage":"az"},{"@type":"WebPage","@id":"https:\/\/www.meydan.tv\/az\/article\/cecenistanda-qadin-geyiml%c9%99rind%c9%99-yeni-qadagalar-t%c9%99tbiq-edilib\/","url":"https:\/\/www.meydan.tv\/az\/article\/cecenistanda-qadin-geyiml%c9%99rind%c9%99-yeni-qadagalar-t%c9%99tbiq-edilib\/","name":"\u00c7e\u00e7enistanda qad\u0131n geyiml\u0259rind\u0259 yeni qada\u011falar t\u0259tbiq edilib - MEYDAN.TV","isPartOf":{"@id":"https:\/\/www.meydan.tv\/az\/#website"},"primaryImageOfPage":{"@id":"https:\/\/www.meydan.tv\/az\/article\/cecenistanda-qadin-geyiml%c9%99rind%c9%99-yeni-qadagalar-t%c9%99tbiq-edilib\/#primaryimage"},"image":{"@id":"https:\/\/www.meydan.tv\/az\/article\/cecenistanda-qadin-geyiml%c9%99rind%c9%99-yeni-qadagalar-t%c9%99tbiq-edilib\/#primaryimage"},"thumbnailUrl":"https:\/\/www.meydan.tv\/wp-content\/uploads\/hijab.jpg","datePublished":"2025-11-23T13:25:53+00:00","dateModified":"2025-11-23T13:25:56+00:00","breadcrumb":{"@id":"https:\/\/www.meydan.tv\/az\/article\/cecenistanda-qadin-geyiml%c9%99rind%c9%99-yeni-qadagalar-t%c9%99tbiq-edilib\/#breadcrumb"},"inLanguage":"az","potentialAction":[{"@type":"ReadAction","target":["https:\/\/www.meydan.tv\/az\/article\/cecenistanda-qadin-geyiml%c9%99rind%c9%99-yeni-qadagalar-t%c9%99tbiq-edilib\/"]}]},{"@type":"ImageObject","inLanguage":"az","@id":"https:\/\/www.meydan.tv\/az\/article\/cecenistanda-qadin-geyiml%c9%99rind%c9%99-yeni-qadagalar-t%c9%99tbiq-edilib\/#primaryimage","url":"https:\/\/www.meydan.tv\/wp-content\/uploads\/hijab.jpg","contentUrl":"https:\/\/www.meydan.tv\/wp-content\/uploads\/hijab.jpg","width":1182,"height":377,"caption":"A\u00e7\u0131q m\u0259nb\u0259l\u0259rd\u0259n foto"},{"@type":"BreadcrumbList","@id":"https:\/\/www.meydan.tv\/az\/article\/cecenistanda-qadin-geyiml%c9%99rind%c9%99-yeni-qadagalar-t%c9%99tbiq-edilib\/#breadcrumb","itemListElement":[{"@type":"ListItem","position":1,"name":"Ana s\u0259hif\u0259","item":"https:\/\/www.meydan.tv\/az\/"},{"@type":"ListItem","position":2,"name":"X\u0259b\u0259rl\u0259r","item":"https:\/\/www.meydan.tv\/az\/section\/xeberler\/"},{"@type":"ListItem","position":3,"name":"\u00c7e\u00e7enistanda qad\u0131n geyiml\u0259rind\u0259 yeni qada\u011falar t\u0259tbiq edilib"}]},{"@type":"WebSite","@id":"https:\/\/www.meydan.tv\/az\/#website","url":"https:\/\/www.meydan.tv\/az\/","name":"MEYDAN.TV","description":"Meydan TV Az\u0259rbaycan\u0131n media m\u0259kan\u0131ndak\u0131 alternativ s\u0259sidir","publisher":{"@id":"https:\/\/www.meydan.tv\/az\/#organization"},"potentialAction":[{"@type":"SearchAction","target":{"@type":"EntryPoint","urlTemplate":"https:\/\/www.meydan.tv\/az\/?s={search_term_string}"},"query-input":{"@type":"PropertyValueSpecification","valueRequired":true,"valueName":"search_term_string"}}],"inLanguage":"az"},{"@type":"Organization","@id":"https:\/\/www.meydan.tv\/az\/#organization","name":"Meydan TV","url":"https:\/\/www.meydan.tv\/az\/","logo":{"@type":"ImageObject","inLanguage":"az","@id":"https:\/\/www.meydan.tv\/az\/#\/schema\/logo\/image\/","url":"https:\/\/www.meydan.tv\/wp-content\/uploads\/2021\/07\/meydan-logo.svg","contentUrl":"https:\/\/www.meydan.tv\/wp-content\/uploads\/2021\/07\/meydan-logo.svg","width":195,"height":46,"caption":"Meydan TV"},"image":{"@id":"https:\/\/www.meydan.tv\/az\/#\/schema\/logo\/image\/"}},{"@type":"Person","@id":"https:\/\/www.meydan.tv\/az\/#\/schema\/person\/9a3bd9697ebcc7f5274ed604d8b6b290","name":"marc"}]}},"_links":{"self":[{"href":"https:\/\/www.meydan.tv\/az\/wp-json\/wp\/v2\/posts\/337804","targetHints":{"allow":["GET"]}}],"collection":[{"href":"https:\/\/www.meydan.tv\/az\/wp-json\/wp\/v2\/posts"}],"about":[{"href":"https:\/\/www.meydan.tv\/az\/wp-json\/wp\/v2\/types\/post"}],"author":[{"embeddable":true,"href":"https:\/\/www.meydan.tv\/az\/wp-json\/wp\/v2\/users\/28"}],"replies":[{"embeddable":true,"href":"https:\/\/www.meydan.tv\/az\/wp-json\/wp\/v2\/comments?post=337804"}],"version-history":[{"count":5,"href":"https:\/\/www.meydan.tv\/az\/wp-json\/wp\/v2\/posts\/337804\/revisions"}],"predecessor-version":[{"id":337818,"href":"https:\/\/www.meydan.tv\/az\/wp-json\/wp\/v2\/posts\/337804\/revisions\/337818"}],"wp:featuredmedia":[{"embeddable":true,"href":"https:\/\/www.meydan.tv\/az\/wp-json\/wp\/v2\/media\/337805"}],"wp:attachment":[{"href":"https:\/\/www.meydan.tv\/az\/wp-json\/wp\/v2\/media?parent=337804"}],"wp:term":[{"taxonomy":"category","embeddable":true,"href":"https:\/\/www.meydan.tv\/az\/wp-json\/wp\/v2\/categories?post=337804"},{"taxonomy":"post_tag","embeddable":true,"href":"https:\/\/www.meydan.tv\/az\/wp-json\/wp\/v2\/tags?post=337804"}],"curies":[{"name":"wp","href":"https:\/\/api.w.org\/{rel}","templated":true}]}}