{"id":337784,"date":"2025-11-22T17:08:46","date_gmt":"2025-11-22T13:08:46","guid":{"rendered":"https:\/\/www.meydan.tv\/?p=337784"},"modified":"2025-11-24T18:47:37","modified_gmt":"2025-11-24T14:47:37","slug":"az%c9%99rbaycan-neftinin-avropaya-axini-cox-satilir-amma-daha-ucuz","status":"publish","type":"post","link":"https:\/\/www.meydan.tv\/az\/article\/az%c9%99rbaycan-neftinin-avropaya-axini-cox-satilir-amma-daha-ucuz\/","title":{"rendered":"Az\u0259rbaycan neftinin Avropaya ax\u0131n\u0131: \u00e7ox sat\u0131l\u0131r, amma daha ucuz"},"content":{"rendered":"\n<p>Az\u0259rbaycan Q\u0259rb \u00f6lk\u0259l\u0259ri il\u0259 siyasi m\u00fcnasib\u0259tl\u0259rin g\u0259rgin olmas\u0131 fonunda bu regionla neft v\u0259 qaz sat\u0131\u015f\u0131n\u0131 geni\u015fl\u0259ndirib. 2025-ci ilin yanvar-oktyabr aylar\u0131nda Az\u0259rbaycan\u0131n xam nefti v\u0259 xam neft m\u0259hsullar\u0131n\u0131n \u0259sas al\u0131c\u0131lar\u0131 yen\u0259 d\u0259 Avropa \u00f6lk\u0259l\u0259ri olub, h\u0259tta bir \u00e7ox \u00f6lk\u0259l\u0259r idxal h\u0259cml\u0259rini bel\u0259 art\u0131r\u0131blar. Baxmayaraq ki, son ill\u0259rd\u0259 siyasi m\u00fcst\u0259vid\u0259 r\u0259smi Bak\u0131n\u0131n Asiya istiqam\u0259tin\u0259 meyill\u0259ri artsa da, enerji sektorunda bunun \u0259ksi m\u00fc\u015fahid\u0259 edilir.<\/p>\n\n\n\n<h4 class=\"wp-block-heading\"><strong>Avropa \u00f6lk\u0259l\u0259rin\u0259 xam neft sat\u0131\u015f\u0131 2-3 d\u0259f\u0259 art\u0131b<\/strong><\/h4>\n\n\n\n<p>D\u00f6vl\u0259t G\u00f6mr\u00fck Komit\u0259sinin cari ilin 10 ay\u0131na dair xarici ticar\u0259t hesabat\u0131nda g\u00f6st\u0259rilir ki, Az\u0259rbaycan\u0131n neft ixrac\u0131nda lider m\u00f6vqe yen\u0259 d\u0259 \u0130taliyaya m\u0259xsusdur. Hesabat d\u00f6vr\u00fcnd\u0259 Az\u0259rbaycan neftinin 58 faizi bu \u00f6lk\u0259 t\u0259r\u0259find\u0259n al\u0131n\u0131b. \u0130taliyaya ixrac olunan neftin h\u0259cmi 12 milyon tonu ke\u00e7ib v\u0259 bu g\u00f6st\u0259rici 2024-c\u00fc ill\u0259 m\u00fcqayis\u0259d\u0259 t\u0259xmin\u0259n 30 faiz\u0259 q\u0259d\u0259r art\u0131b. Halbuki iyul-avqust aylar\u0131nda \u201cAz\u0259rilayt\u201d markal\u0131 neftin t\u0259rkibind\u0259 xlorid \u00e7irkl\u0259nm\u0259si a\u015fkar edildiyi \u00fc\u00e7\u00fcn ilk naraz\u0131l\u0131q bildir\u0259n m\u0259hz \u0130taliya neft emal\u0131 zavodlar\u0131 olmu\u015fdu v\u0259 h\u0259min d\u00f6vrd\u0259 t\u0259dar\u00fck m\u00fcv\u0259qq\u0259ti dayand\u0131r\u0131lm\u0131\u015fd\u0131. Buna baxmayaraq, sonrak\u0131 aylarda \u0130taliya Az\u0259rbaycandan daha b\u00f6y\u00fck h\u0259cmd\u0259 xam neft t\u0259dar\u00fck\u00fc h\u0259yata ke\u00e7ir\u0259r\u0259k, \u0259vv\u0259lki dinamikan\u0131 \u00fcst\u0259l\u0259yib. Az\u0259rbaycan\u0131n bu \u00f6lk\u0259d\u0259 yeni ald\u0131\u011f\u0131 neft emal\u0131 zavodunun xam neft h\u0259cminin artmas\u0131na dair t\u0259sirl\u0259rini is\u0259 yaln\u0131z g\u0259l\u0259n ilin hesabatlar\u0131nda d\u0259qiq g\u00f6r\u0259 bil\u0259c\u0259yik.<\/p>\n\n\n\n<p>Eyni v\u0259ziyy\u0259t Rum\u0131niya il\u0259 ba\u011fl\u0131 da m\u00fc\u015fahid\u0259 olunur. Bu \u00f6lk\u0259nin d\u0259 iyul-avqust aylar\u0131nda Az\u0259rbaycan neftinin \u00e7irkl\u0259nm\u0259si s\u0259b\u0259bi il\u0259 al\u0131\u015f\u0131 m\u0259hdudla\u015fd\u0131rmas\u0131na r\u0259\u011fm\u0259n, ilin \u00fcmumi m\u0259nz\u0259r\u0259sind\u0259 idxal\u0131n\u0131n \u0259h\u0259miyy\u0259tli d\u0259r\u0259c\u0259d\u0259 artd\u0131\u011f\u0131n\u0131 g\u00f6rm\u0259k olur. Rum\u0131niya 2025-ci ilin 10 ay\u0131nda Az\u0259rbaycandan neft al\u0131\u015f\u0131n\u0131 48,4 faiz y\u00fcks\u0259ld\u0259r\u0259k 870 min tona \u00e7atd\u0131r\u0131b.<\/p>\n\n\n\n<p>Bununla yana\u015f\u0131, \u0130rlandiya v\u0259 Niderland da Az\u0259rbaycan neftin\u0259 t\u0259l\u0259bat\u0131 k\u0259skin art\u0131ran Avropa \u00f6lk\u0259l\u0259ri s\u0131ras\u0131nda yer al\u0131r. \u0130rlandiyaya 410,8 min ton, Niderlanda is\u0259 360,2 min ton neft sat\u0131l\u0131b v\u0259 h\u0259r iki \u00f6lk\u0259 \u00fczr\u0259 art\u0131m 2-3 d\u0259f\u0259y\u0259d\u0259k t\u0259\u015fkil edir.<\/p>\n\n\n\n<p>R\u0259smi Parisl\u0259 m\u00f6vcud siyasi g\u0259rginliy\u0259 baxmayaraq, Fransa da \u00f6lk\u0259mizd\u0259n neft al\u0131\u015f\u0131n\u0131 art\u0131r\u0131b. Az\u0259rbaycan bu \u00f6lk\u0259y\u0259 neft ixrac\u0131n\u0131 3 d\u0259f\u0259 art\u0131raraq, \u00fcmumi h\u0259cmi 281 min tona, Yunan\u0131stan is\u0259 idxal\u0131 iki d\u0259f\u0259 artaraq 500,7 min tona \u00e7atd\u0131r\u0131b. Almaniya Az\u0259rbaycandan neft idxal\u0131n\u0131 956,7 min tona y\u00fcks\u0259ld\u0259r\u0259k 9,3 faiz art\u0131m n\u00fcmayi\u015f etdirib, Avstriya is\u0259 177,5 min tonla t\u0259dar\u00fck\u00fcn\u00fc iki d\u0259f\u0259 art\u0131r\u0131b.<\/p>\n\n\n\n<p>Avropada \u00fcmumi art\u0131m fonunda iki \u00f6lk\u0259 \u00fczr\u0259 azalma m\u00fc\u015fahid\u0259 edilib. B\u00f6y\u00fck Britaniya v\u0259 Portuqaliyan\u0131n Az\u0259rbaycandan neft idxal\u0131 t\u0259xmin\u0259n 20-21 faiz azal\u0131b. B\u00f6y\u00fck Britaniya 515 min ton, Portuqaliya is\u0259 803 min ton neft t\u0259dar\u00fck edib.<\/p>\n\n\n\n<p>Bu il Az\u0259rbaycan\u0131n Avropadak\u0131 neft bazar\u0131na \u0130sve\u00e7r\u0259 v\u0259 Danimarka da d\u0259 daxil olub v\u0259 bu \u00f6lk\u0259l\u0259r\u0259 172,8 min ton v\u0259 88,1 min ton xam neft v\u0259 neft m\u0259hsullar\u0131 sat\u0131b.<\/p>\n\n\n\n<figure class=\"wp-block-image size-full\"><img decoding=\"async\" width=\"1020\" height=\"691\" data-src=\"https:\/\/www.meydan.tv\/wp-content\/uploads\/image-90.png\" alt=\"\" class=\"wp-image-337788 lazyload\" src=\"data:image\/svg+xml;base64,PHN2ZyB3aWR0aD0iMSIgaGVpZ2h0PSIxIiB4bWxucz0iaHR0cDovL3d3dy53My5vcmcvMjAwMC9zdmciPjwvc3ZnPg==\" style=\"--smush-placeholder-width: 1020px; --smush-placeholder-aspect-ratio: 1020\/691;\" \/><\/figure>\n\n\n\n<h4 class=\"wp-block-heading\"><strong>Asiya regionu Az\u0259rbaycandan neft al\u0131\u015f\u0131n\u0131 azald\u0131b<\/strong><\/h4>\n\n\n\n<p>Asiya \u00f6lk\u0259l\u0259rind\u0259 is\u0259 tam \u0259ks tendensiya m\u00fc\u015fahid\u0259 edilir v\u0259 bu region \u00fczr\u0259 neft ixrac\u0131 k\u0259skin \u015f\u0259kild\u0259 azal\u0131b. \u018fn ciddi azalma Hindistan bazar\u0131nda ba\u015f verib. 2024-c\u00fc ild\u0259 Hindistana t\u0259xmin\u0259n 1,16 milyon ton neft satsaq da, 2025-ci ild\u0259 78,6 faiz azalaraq 250,1 min tona q\u0259d\u0259r d\u00fc\u015f\u00fcb. \u00c7ox b\u00f6y\u00fck ehtimalla bunun s\u0259b\u0259bi Hindistan\u0131n Rusiyadan daha ucuz neft t\u0259dar\u00fck\u00fcn\u00fc art\u0131rmas\u0131d\u0131r. Tunis\u0259 neft ixrac\u0131 30 faiz, Tailanda 63,4 faiz, \u0130ndoneziyaya is\u0259 52,7 faiz azal\u0131b.<\/p>\n\n\n\n<p>Diqq\u0259t \u00e7\u0259k\u0259n m\u0259qamlardan biri odur ki, T\u00fcrkiy\u0259y\u0259 ixrac edil\u0259n xam neftin h\u0259cmi d\u0259 62,4 faiz azal\u0131b. Bu azalma tranzit v\u0259 logistika bax\u0131m\u0131ndan da \u00f6n\u0259mli siqnal say\u0131l\u0131r, \u00e7\u00fcnki T\u00fcrkiy\u0259 Az\u0259rbaycan neftinin \u0259sas tranzit mar\u015frutlar\u0131ndan biridir.<\/p>\n\n\n\n<p>\u00d6t\u0259n ill\u0259rd\u0259 Az\u0259rbaycan nefti \u00fc\u00e7\u00fcn m\u00fch\u00fcm bazarlardan say\u0131lan \u0130srail, \u0130spaniya, Ukrayna v\u0259 Uruqvay kimi \u00f6lk\u0259l\u0259r bu il siyah\u0131da yer almay\u0131b.<\/p>\n\n\n\n<h4 class=\"wp-block-heading\"><strong>Hans\u0131 \u00f6lk\u0259 nefti ne\u00e7\u0259y\u0259 al\u0131b?<\/strong><\/h4>\n\n\n\n<p>2025-ci ild\u0259 Az\u0259rbaycan\u0131n m\u00fcxt\u0259lif \u00f6lk\u0259l\u0259r\u0259 satd\u0131\u011f\u0131 neftin bir barelinin orta qiym\u0259ti 70,6 dollar t\u0259\u015fkil edib. Bu, d\u00f6vl\u0259t b\u00fcdc\u0259sinin g\u0259lirl\u0259rinin formala\u015fd\u0131r\u0131lmas\u0131 \u00fc\u00e7\u00fcn n\u0259z\u0259rd\u0259 tutulan 70 dollar\/barel proqnozu civar\u0131ndad\u0131r.<\/p>\n\n\n\n<p>\u0130taliya, B\u00f6y\u00fck Britaniya, \u0130rlandiya v\u0259 Almaniya kimi \u0259sas Avropa al\u0131c\u0131lar\u0131nda bir barelin qiym\u0259ti 69-72 dollar aras\u0131nda d\u0259yi\u015fib. Niderland, Fransa v\u0259 Hindistana sat\u0131lan neftin barel qiym\u0259ti t\u0259xmin\u0259n 68 dollar olub.<\/p>\n\n\n\n<p>\u018fn y\u00fcks\u0259k qiym\u0259tl\u0259r is\u0259 \u0130sve\u00e7r\u0259, Tailand, \u0130ndoneziya, Danimarka v\u0259 Bolqar\u0131stan bazarlar\u0131nda m\u00fc\u015fahid\u0259 edilib. Danimarkaya bir barel nefti 76,2 dollara, \u0130sve\u00e7r\u0259y\u0259 75,54 dollara, Bolqar\u0131stana is\u0259 82,23 dollara sat\u0131l\u0131b. Neft \u0259n ucuz qiym\u0259t\u0259 is\u0259 G\u00fcrc\u00fcstana (55,8 dollar) v\u0259 T\u00fcrkiy\u0259y\u0259 (66,03 dollar) sat\u0131l\u0131b.<\/p>\n\n\n\n<figure class=\"wp-block-image size-full\"><img decoding=\"async\" width=\"470\" height=\"512\" data-src=\"https:\/\/www.meydan.tv\/wp-content\/uploads\/image-91.png\" alt=\"\" class=\"wp-image-337797 lazyload\" src=\"data:image\/svg+xml;base64,PHN2ZyB3aWR0aD0iMSIgaGVpZ2h0PSIxIiB4bWxucz0iaHR0cDovL3d3dy53My5vcmcvMjAwMC9zdmciPjwvc3ZnPg==\" style=\"--smush-placeholder-width: 470px; --smush-placeholder-aspect-ratio: 470\/512;\" \/><\/figure>\n\n\n\n<p>Qeyd ed\u0259k ki, 2025-ci ilin yanvar-oktyabr aylar\u0131nda ixrac olunan xam neftin \u00fcmumi miqdar\u0131 1 faiz artaraq 20,7 milyon ton t\u0259\u015fkil edib. Bununla bel\u0259, \u00fcmumi ixrac d\u0259y\u0259ri 15 faiz azalaraq xam neftd\u0259n 10,85 milyard dollar g\u0259lir daxil olub.&nbsp; G\u0259lirl\u0259rin azalmas\u0131 \u0259sas\u0259n 2025-ci ild\u0259 d\u00fcnya bazar\u0131nda neftin orta qiym\u0259tinin \u0259vv\u0259lki ill\u0259 m\u00fcqayis\u0259d\u0259 a\u015fa\u011f\u0131 d\u00fc\u015fm\u0259si il\u0259 \u0259laq\u0259dard\u0131r.<\/p>\n","protected":false},"excerpt":{"rendered":"<p>Az\u0259rbaycan Q\u0259rb \u00f6lk\u0259l\u0259ri il\u0259 siyasi m\u00fcnasib\u0259tl\u0259rin g\u0259rgin olmas\u0131 fonunda bu &#8230; <\/p>\n<p class=\"read-more-container\"><a title=\"Az\u0259rbaycan neftinin Avropaya ax\u0131n\u0131: \u00e7ox sat\u0131l\u0131r, amma daha ucuz\" class=\"read-more button\" href=\"https:\/\/www.meydan.tv\/az\/article\/az%c9%99rbaycan-neftinin-avropaya-axini-cox-satilir-amma-daha-ucuz\/#more-337784\" aria-label=\"Read more about Az\u0259rbaycan neftinin Avropaya ax\u0131n\u0131: \u00e7ox sat\u0131l\u0131r, amma daha ucuz\">Davam\u0131<\/a><\/p>\n","protected":false},"author":16,"featured_media":321314,"comment_status":"closed","ping_status":"closed","sticky":false,"template":"","format":"standard","meta":{"_acf_changed":false,"_sitemap_exclude":false,"_sitemap_priority":"","_sitemap_frequency":"","footnotes":""},"categories":[53,88,79,56],"tags":[],"class_list":["post-337784","post","type-post","status-publish","format-standard","has-post-thumbnail","hentry","category-iqtisadiyyat","category-redaktor-secimi","category-featured","category-xeberler","infinite-scroll-item","generate-columns","tablet-grid-50","mobile-grid-100","grid-parent","grid-33","no-featured-image-padding"],"acf":[],"yoast_head":"<!-- This site is optimized with the Yoast SEO plugin v27.5 - https:\/\/yoast.com\/product\/yoast-seo-wordpress\/ -->\n<title>Az\u0259rbaycan neftinin Avropaya ax\u0131n\u0131: \u00e7ox sat\u0131l\u0131r, amma daha ucuz - MEYDAN.TV<\/title>\n<meta name=\"robots\" content=\"index, follow, max-snippet:-1, max-image-preview:large, max-video-preview:-1\" \/>\n<link rel=\"canonical\" href=\"https:\/\/www.meydan.tv\/az\/article\/az%c9%99rbaycan-neftinin-avropaya-axini-cox-satilir-amma-daha-ucuz\/\" \/>\n<meta property=\"og:locale\" content=\"az_AZ\" \/>\n<meta property=\"og:type\" content=\"article\" \/>\n<meta property=\"og:title\" content=\"Az\u0259rbaycan neftinin Avropaya ax\u0131n\u0131: \u00e7ox sat\u0131l\u0131r, amma daha ucuz - MEYDAN.TV\" \/>\n<meta property=\"og:description\" content=\"Az\u0259rbaycan Q\u0259rb \u00f6lk\u0259l\u0259ri il\u0259 siyasi m\u00fcnasib\u0259tl\u0259rin g\u0259rgin olmas\u0131 fonunda bu ... Davam\u0131\" \/>\n<meta property=\"og:url\" content=\"https:\/\/www.meydan.tv\/az\/article\/az%c9%99rbaycan-neftinin-avropaya-axini-cox-satilir-amma-daha-ucuz\/\" \/>\n<meta property=\"og:site_name\" content=\"MEYDAN.TV\" \/>\n<meta property=\"article:published_time\" content=\"2025-11-22T13:08:46+00:00\" \/>\n<meta property=\"article:modified_time\" content=\"2025-11-24T14:47:37+00:00\" \/>\n<meta property=\"og:image\" content=\"https:\/\/www.meydan.tv\/wp-content\/uploads\/nu72xgsbbnihnhmsqeltjrqtg4-scaled.jpg\" \/>\n\t<meta property=\"og:image:width\" content=\"2560\" \/>\n\t<meta property=\"og:image:height\" content=\"1703\" \/>\n\t<meta property=\"og:image:type\" content=\"image\/jpeg\" \/>\n<meta name=\"author\" content=\"sevda\" \/>\n<meta name=\"twitter:card\" content=\"summary_large_image\" \/>\n<script type=\"application\/ld+json\" class=\"yoast-schema-graph\">{\"@context\":\"https:\\\/\\\/schema.org\",\"@graph\":[{\"@type\":\"Article\",\"@id\":\"https:\\\/\\\/www.meydan.tv\\\/az\\\/article\\\/az%c9%99rbaycan-neftinin-avropaya-axini-cox-satilir-amma-daha-ucuz\\\/#article\",\"isPartOf\":{\"@id\":\"https:\\\/\\\/www.meydan.tv\\\/az\\\/article\\\/az%c9%99rbaycan-neftinin-avropaya-axini-cox-satilir-amma-daha-ucuz\\\/\"},\"author\":{\"name\":\"sevda\",\"@id\":\"https:\\\/\\\/www.meydan.tv\\\/az\\\/#\\\/schema\\\/person\\\/49b5f2bad5b126bb8ea9320eeb3e4dc9\"},\"headline\":\"Az\u0259rbaycan neftinin Avropaya ax\u0131n\u0131: \u00e7ox sat\u0131l\u0131r, amma daha ucuz\",\"datePublished\":\"2025-11-22T13:08:46+00:00\",\"dateModified\":\"2025-11-24T14:47:37+00:00\",\"mainEntityOfPage\":{\"@id\":\"https:\\\/\\\/www.meydan.tv\\\/az\\\/article\\\/az%c9%99rbaycan-neftinin-avropaya-axini-cox-satilir-amma-daha-ucuz\\\/\"},\"wordCount\":1017,\"publisher\":{\"@id\":\"https:\\\/\\\/www.meydan.tv\\\/az\\\/#organization\"},\"image\":{\"@id\":\"https:\\\/\\\/www.meydan.tv\\\/az\\\/article\\\/az%c9%99rbaycan-neftinin-avropaya-axini-cox-satilir-amma-daha-ucuz\\\/#primaryimage\"},\"thumbnailUrl\":\"https:\\\/\\\/www.meydan.tv\\\/wp-content\\\/uploads\\\/nu72xgsbbnihnhmsqeltjrqtg4-scaled.jpg\",\"articleSection\":[\"\u0130qtisadiyyat\",\"Redaktor se\u00e7imi\",\"T\u00f6vsiy\u0259\",\"X\u0259b\u0259rl\u0259r\"],\"inLanguage\":\"az\"},{\"@type\":\"WebPage\",\"@id\":\"https:\\\/\\\/www.meydan.tv\\\/az\\\/article\\\/az%c9%99rbaycan-neftinin-avropaya-axini-cox-satilir-amma-daha-ucuz\\\/\",\"url\":\"https:\\\/\\\/www.meydan.tv\\\/az\\\/article\\\/az%c9%99rbaycan-neftinin-avropaya-axini-cox-satilir-amma-daha-ucuz\\\/\",\"name\":\"Az\u0259rbaycan neftinin Avropaya ax\u0131n\u0131: \u00e7ox sat\u0131l\u0131r, amma daha ucuz - MEYDAN.TV\",\"isPartOf\":{\"@id\":\"https:\\\/\\\/www.meydan.tv\\\/az\\\/#website\"},\"primaryImageOfPage\":{\"@id\":\"https:\\\/\\\/www.meydan.tv\\\/az\\\/article\\\/az%c9%99rbaycan-neftinin-avropaya-axini-cox-satilir-amma-daha-ucuz\\\/#primaryimage\"},\"image\":{\"@id\":\"https:\\\/\\\/www.meydan.tv\\\/az\\\/article\\\/az%c9%99rbaycan-neftinin-avropaya-axini-cox-satilir-amma-daha-ucuz\\\/#primaryimage\"},\"thumbnailUrl\":\"https:\\\/\\\/www.meydan.tv\\\/wp-content\\\/uploads\\\/nu72xgsbbnihnhmsqeltjrqtg4-scaled.jpg\",\"datePublished\":\"2025-11-22T13:08:46+00:00\",\"dateModified\":\"2025-11-24T14:47:37+00:00\",\"breadcrumb\":{\"@id\":\"https:\\\/\\\/www.meydan.tv\\\/az\\\/article\\\/az%c9%99rbaycan-neftinin-avropaya-axini-cox-satilir-amma-daha-ucuz\\\/#breadcrumb\"},\"inLanguage\":\"az\",\"potentialAction\":[{\"@type\":\"ReadAction\",\"target\":[\"https:\\\/\\\/www.meydan.tv\\\/az\\\/article\\\/az%c9%99rbaycan-neftinin-avropaya-axini-cox-satilir-amma-daha-ucuz\\\/\"]}]},{\"@type\":\"ImageObject\",\"inLanguage\":\"az\",\"@id\":\"https:\\\/\\\/www.meydan.tv\\\/az\\\/article\\\/az%c9%99rbaycan-neftinin-avropaya-axini-cox-satilir-amma-daha-ucuz\\\/#primaryimage\",\"url\":\"https:\\\/\\\/www.meydan.tv\\\/wp-content\\\/uploads\\\/nu72xgsbbnihnhmsqeltjrqtg4-scaled.jpg\",\"contentUrl\":\"https:\\\/\\\/www.meydan.tv\\\/wp-content\\\/uploads\\\/nu72xgsbbnihnhmsqeltjrqtg4-scaled.jpg\",\"width\":2560,\"height\":1703,\"caption\":\"Foto: Reuters\"},{\"@type\":\"BreadcrumbList\",\"@id\":\"https:\\\/\\\/www.meydan.tv\\\/az\\\/article\\\/az%c9%99rbaycan-neftinin-avropaya-axini-cox-satilir-amma-daha-ucuz\\\/#breadcrumb\",\"itemListElement\":[{\"@type\":\"ListItem\",\"position\":1,\"name\":\"Ana s\u0259hif\u0259\",\"item\":\"https:\\\/\\\/www.meydan.tv\\\/az\\\/\"},{\"@type\":\"ListItem\",\"position\":2,\"name\":\"\u0130qtisadiyyat\",\"item\":\"https:\\\/\\\/www.meydan.tv\\\/az\\\/section\\\/iqtisadiyyat\\\/\"},{\"@type\":\"ListItem\",\"position\":3,\"name\":\"Az\u0259rbaycan neftinin Avropaya ax\u0131n\u0131: \u00e7ox sat\u0131l\u0131r, amma daha ucuz\"}]},{\"@type\":\"WebSite\",\"@id\":\"https:\\\/\\\/www.meydan.tv\\\/az\\\/#website\",\"url\":\"https:\\\/\\\/www.meydan.tv\\\/az\\\/\",\"name\":\"MEYDAN.TV\",\"description\":\"Meydan TV Az\u0259rbaycan\u0131n media m\u0259kan\u0131ndak\u0131 alternativ s\u0259sidir\",\"publisher\":{\"@id\":\"https:\\\/\\\/www.meydan.tv\\\/az\\\/#organization\"},\"potentialAction\":[{\"@type\":\"SearchAction\",\"target\":{\"@type\":\"EntryPoint\",\"urlTemplate\":\"https:\\\/\\\/www.meydan.tv\\\/az\\\/?s={search_term_string}\"},\"query-input\":{\"@type\":\"PropertyValueSpecification\",\"valueRequired\":true,\"valueName\":\"search_term_string\"}}],\"inLanguage\":\"az\"},{\"@type\":\"Organization\",\"@id\":\"https:\\\/\\\/www.meydan.tv\\\/az\\\/#organization\",\"name\":\"Meydan TV\",\"url\":\"https:\\\/\\\/www.meydan.tv\\\/az\\\/\",\"logo\":{\"@type\":\"ImageObject\",\"inLanguage\":\"az\",\"@id\":\"https:\\\/\\\/www.meydan.tv\\\/az\\\/#\\\/schema\\\/logo\\\/image\\\/\",\"url\":\"https:\\\/\\\/www.meydan.tv\\\/wp-content\\\/uploads\\\/2021\\\/07\\\/meydan-logo.svg\",\"contentUrl\":\"https:\\\/\\\/www.meydan.tv\\\/wp-content\\\/uploads\\\/2021\\\/07\\\/meydan-logo.svg\",\"width\":195,\"height\":46,\"caption\":\"Meydan TV\"},\"image\":{\"@id\":\"https:\\\/\\\/www.meydan.tv\\\/az\\\/#\\\/schema\\\/logo\\\/image\\\/\"}},{\"@type\":\"Person\",\"@id\":\"https:\\\/\\\/www.meydan.tv\\\/az\\\/#\\\/schema\\\/person\\\/49b5f2bad5b126bb8ea9320eeb3e4dc9\",\"name\":\"sevda\"}]}<\/script>\n<!-- \/ Yoast SEO plugin. -->","yoast_head_json":{"title":"Az\u0259rbaycan neftinin Avropaya ax\u0131n\u0131: \u00e7ox sat\u0131l\u0131r, amma daha ucuz - MEYDAN.TV","robots":{"index":"index","follow":"follow","max-snippet":"max-snippet:-1","max-image-preview":"max-image-preview:large","max-video-preview":"max-video-preview:-1"},"canonical":"https:\/\/www.meydan.tv\/az\/article\/az%c9%99rbaycan-neftinin-avropaya-axini-cox-satilir-amma-daha-ucuz\/","og_locale":"az_AZ","og_type":"article","og_title":"Az\u0259rbaycan neftinin Avropaya ax\u0131n\u0131: \u00e7ox sat\u0131l\u0131r, amma daha ucuz - MEYDAN.TV","og_description":"Az\u0259rbaycan Q\u0259rb \u00f6lk\u0259l\u0259ri il\u0259 siyasi m\u00fcnasib\u0259tl\u0259rin g\u0259rgin olmas\u0131 fonunda bu ... Davam\u0131","og_url":"https:\/\/www.meydan.tv\/az\/article\/az%c9%99rbaycan-neftinin-avropaya-axini-cox-satilir-amma-daha-ucuz\/","og_site_name":"MEYDAN.TV","article_published_time":"2025-11-22T13:08:46+00:00","article_modified_time":"2025-11-24T14:47:37+00:00","og_image":[{"width":2560,"height":1703,"url":"https:\/\/www.meydan.tv\/wp-content\/uploads\/nu72xgsbbnihnhmsqeltjrqtg4-scaled.jpg","type":"image\/jpeg"}],"author":"sevda","twitter_card":"summary_large_image","schema":{"@context":"https:\/\/schema.org","@graph":[{"@type":"Article","@id":"https:\/\/www.meydan.tv\/az\/article\/az%c9%99rbaycan-neftinin-avropaya-axini-cox-satilir-amma-daha-ucuz\/#article","isPartOf":{"@id":"https:\/\/www.meydan.tv\/az\/article\/az%c9%99rbaycan-neftinin-avropaya-axini-cox-satilir-amma-daha-ucuz\/"},"author":{"name":"sevda","@id":"https:\/\/www.meydan.tv\/az\/#\/schema\/person\/49b5f2bad5b126bb8ea9320eeb3e4dc9"},"headline":"Az\u0259rbaycan neftinin Avropaya ax\u0131n\u0131: \u00e7ox sat\u0131l\u0131r, amma daha ucuz","datePublished":"2025-11-22T13:08:46+00:00","dateModified":"2025-11-24T14:47:37+00:00","mainEntityOfPage":{"@id":"https:\/\/www.meydan.tv\/az\/article\/az%c9%99rbaycan-neftinin-avropaya-axini-cox-satilir-amma-daha-ucuz\/"},"wordCount":1017,"publisher":{"@id":"https:\/\/www.meydan.tv\/az\/#organization"},"image":{"@id":"https:\/\/www.meydan.tv\/az\/article\/az%c9%99rbaycan-neftinin-avropaya-axini-cox-satilir-amma-daha-ucuz\/#primaryimage"},"thumbnailUrl":"https:\/\/www.meydan.tv\/wp-content\/uploads\/nu72xgsbbnihnhmsqeltjrqtg4-scaled.jpg","articleSection":["\u0130qtisadiyyat","Redaktor se\u00e7imi","T\u00f6vsiy\u0259","X\u0259b\u0259rl\u0259r"],"inLanguage":"az"},{"@type":"WebPage","@id":"https:\/\/www.meydan.tv\/az\/article\/az%c9%99rbaycan-neftinin-avropaya-axini-cox-satilir-amma-daha-ucuz\/","url":"https:\/\/www.meydan.tv\/az\/article\/az%c9%99rbaycan-neftinin-avropaya-axini-cox-satilir-amma-daha-ucuz\/","name":"Az\u0259rbaycan neftinin Avropaya ax\u0131n\u0131: \u00e7ox sat\u0131l\u0131r, amma daha ucuz - MEYDAN.TV","isPartOf":{"@id":"https:\/\/www.meydan.tv\/az\/#website"},"primaryImageOfPage":{"@id":"https:\/\/www.meydan.tv\/az\/article\/az%c9%99rbaycan-neftinin-avropaya-axini-cox-satilir-amma-daha-ucuz\/#primaryimage"},"image":{"@id":"https:\/\/www.meydan.tv\/az\/article\/az%c9%99rbaycan-neftinin-avropaya-axini-cox-satilir-amma-daha-ucuz\/#primaryimage"},"thumbnailUrl":"https:\/\/www.meydan.tv\/wp-content\/uploads\/nu72xgsbbnihnhmsqeltjrqtg4-scaled.jpg","datePublished":"2025-11-22T13:08:46+00:00","dateModified":"2025-11-24T14:47:37+00:00","breadcrumb":{"@id":"https:\/\/www.meydan.tv\/az\/article\/az%c9%99rbaycan-neftinin-avropaya-axini-cox-satilir-amma-daha-ucuz\/#breadcrumb"},"inLanguage":"az","potentialAction":[{"@type":"ReadAction","target":["https:\/\/www.meydan.tv\/az\/article\/az%c9%99rbaycan-neftinin-avropaya-axini-cox-satilir-amma-daha-ucuz\/"]}]},{"@type":"ImageObject","inLanguage":"az","@id":"https:\/\/www.meydan.tv\/az\/article\/az%c9%99rbaycan-neftinin-avropaya-axini-cox-satilir-amma-daha-ucuz\/#primaryimage","url":"https:\/\/www.meydan.tv\/wp-content\/uploads\/nu72xgsbbnihnhmsqeltjrqtg4-scaled.jpg","contentUrl":"https:\/\/www.meydan.tv\/wp-content\/uploads\/nu72xgsbbnihnhmsqeltjrqtg4-scaled.jpg","width":2560,"height":1703,"caption":"Foto: Reuters"},{"@type":"BreadcrumbList","@id":"https:\/\/www.meydan.tv\/az\/article\/az%c9%99rbaycan-neftinin-avropaya-axini-cox-satilir-amma-daha-ucuz\/#breadcrumb","itemListElement":[{"@type":"ListItem","position":1,"name":"Ana s\u0259hif\u0259","item":"https:\/\/www.meydan.tv\/az\/"},{"@type":"ListItem","position":2,"name":"\u0130qtisadiyyat","item":"https:\/\/www.meydan.tv\/az\/section\/iqtisadiyyat\/"},{"@type":"ListItem","position":3,"name":"Az\u0259rbaycan neftinin Avropaya ax\u0131n\u0131: \u00e7ox sat\u0131l\u0131r, amma daha ucuz"}]},{"@type":"WebSite","@id":"https:\/\/www.meydan.tv\/az\/#website","url":"https:\/\/www.meydan.tv\/az\/","name":"MEYDAN.TV","description":"Meydan TV Az\u0259rbaycan\u0131n media m\u0259kan\u0131ndak\u0131 alternativ s\u0259sidir","publisher":{"@id":"https:\/\/www.meydan.tv\/az\/#organization"},"potentialAction":[{"@type":"SearchAction","target":{"@type":"EntryPoint","urlTemplate":"https:\/\/www.meydan.tv\/az\/?s={search_term_string}"},"query-input":{"@type":"PropertyValueSpecification","valueRequired":true,"valueName":"search_term_string"}}],"inLanguage":"az"},{"@type":"Organization","@id":"https:\/\/www.meydan.tv\/az\/#organization","name":"Meydan TV","url":"https:\/\/www.meydan.tv\/az\/","logo":{"@type":"ImageObject","inLanguage":"az","@id":"https:\/\/www.meydan.tv\/az\/#\/schema\/logo\/image\/","url":"https:\/\/www.meydan.tv\/wp-content\/uploads\/2021\/07\/meydan-logo.svg","contentUrl":"https:\/\/www.meydan.tv\/wp-content\/uploads\/2021\/07\/meydan-logo.svg","width":195,"height":46,"caption":"Meydan TV"},"image":{"@id":"https:\/\/www.meydan.tv\/az\/#\/schema\/logo\/image\/"}},{"@type":"Person","@id":"https:\/\/www.meydan.tv\/az\/#\/schema\/person\/49b5f2bad5b126bb8ea9320eeb3e4dc9","name":"sevda"}]}},"_links":{"self":[{"href":"https:\/\/www.meydan.tv\/az\/wp-json\/wp\/v2\/posts\/337784","targetHints":{"allow":["GET"]}}],"collection":[{"href":"https:\/\/www.meydan.tv\/az\/wp-json\/wp\/v2\/posts"}],"about":[{"href":"https:\/\/www.meydan.tv\/az\/wp-json\/wp\/v2\/types\/post"}],"author":[{"embeddable":true,"href":"https:\/\/www.meydan.tv\/az\/wp-json\/wp\/v2\/users\/16"}],"replies":[{"embeddable":true,"href":"https:\/\/www.meydan.tv\/az\/wp-json\/wp\/v2\/comments?post=337784"}],"version-history":[{"count":4,"href":"https:\/\/www.meydan.tv\/az\/wp-json\/wp\/v2\/posts\/337784\/revisions"}],"predecessor-version":[{"id":337800,"href":"https:\/\/www.meydan.tv\/az\/wp-json\/wp\/v2\/posts\/337784\/revisions\/337800"}],"wp:featuredmedia":[{"embeddable":true,"href":"https:\/\/www.meydan.tv\/az\/wp-json\/wp\/v2\/media\/321314"}],"wp:attachment":[{"href":"https:\/\/www.meydan.tv\/az\/wp-json\/wp\/v2\/media?parent=337784"}],"wp:term":[{"taxonomy":"category","embeddable":true,"href":"https:\/\/www.meydan.tv\/az\/wp-json\/wp\/v2\/categories?post=337784"},{"taxonomy":"post_tag","embeddable":true,"href":"https:\/\/www.meydan.tv\/az\/wp-json\/wp\/v2\/tags?post=337784"}],"curies":[{"name":"wp","href":"https:\/\/api.w.org\/{rel}","templated":true}]}}