{"id":337696,"date":"2025-11-20T15:29:54","date_gmt":"2025-11-20T11:29:54","guid":{"rendered":"https:\/\/www.meydan.tv\/?p=337696"},"modified":"2025-11-20T15:29:57","modified_gmt":"2025-11-20T11:29:57","slug":"kiv-tramp-rusiya-il%c9%99-ukrayna-arasinda-28-b%c9%99ndlik-sulh-planini-t%c9%99sdiql%c9%99yib","status":"publish","type":"post","link":"https:\/\/www.meydan.tv\/az\/article\/kiv-tramp-rusiya-il%c9%99-ukrayna-arasinda-28-b%c9%99ndlik-sulh-planini-t%c9%99sdiql%c9%99yib\/","title":{"rendered":"K\u0130V: Tramp Rusiya il\u0259 Ukrayna aras\u0131nda 28 b\u0259ndlik \u201cs\u00fclh plan\u0131n\u0131\u201d t\u0259sdiql\u0259yib"},"content":{"rendered":"\n<p>Bir s\u0131ra Q\u0259rb medias\u0131 AB\u015e prezidenti Donald Tramp administrasiyas\u0131n\u0131n Rusiya v\u0259 Ukrayna aras\u0131ndak\u0131 m\u00fcnaqi\u015f\u0259nin dayand\u0131r\u0131lmas\u0131 m\u0259qs\u0259dil\u0259 yeni s\u00fclh plan\u0131n\u0131 n\u0259z\u0259rd\u0259n ke\u00e7irdiyi bar\u0259d\u0259 m\u0259lumat yay\u0131b. Haz\u0131rda s\u0259n\u0259din m\u00f6vcudlu\u011fu v\u0259 ya t\u0259sdiql\u0259nm\u0259si il\u0259 ba\u011fl\u0131 r\u0259smi a\u00e7\u0131qlama yoxdur.<\/p>\n\n\n\n<p><a href=\"https:\/\/www.theguardian.com\/world\/2025\/nov\/19\/us-and-russian-officials-draft-new-peace-plan-based-on-capitulation-from-ukraine?utm_source=chatgpt.com\" target=\"_blank\" rel=\"noreferrer noopener nofollow\">&#8220;The Guardian&#8221;<\/a>\u0131n m\u0259lumat\u0131na g\u00f6r\u0259, layih\u0259 28 b\u0259ndd\u0259n ibar\u0259tdir v\u0259 Ukraynan\u0131n m\u00fc\u0259yy\u0259n \u0259razil\u0259ri t\u0259hvil verm\u0259si, Silahl\u0131 Q\u00fcvv\u0259l\u0259rin m\u0259hdudla\u015fd\u0131r\u0131lmas\u0131 v\u0259 Q\u0259rb silah t\u0259dar\u00fck\u00fcn\u0259 n\u0259zar\u0259t kimi t\u0259klifl\u0259ri ehtiva edir. Bildirilir ki, s\u0259n\u0259d AB\u015e v\u0259 Rusiya n\u00fcmay\u0259nd\u0259l\u0259rinin i\u015ftirak\u0131 il\u0259 haz\u0131rlan\u0131b.<\/p>\n\n\n\n<p>Almaniyan\u0131n <a href=\"https:\/\/www.welt.de\/newsticker\/dpa_nt\/infoline_nt\/politik_ausland_nt\/article691e12ae74ad4b5ab154d387\/medien-usa-und-russland-handeln-plan-fuer-kriegsende-aus.html?utm_source=chatgpt.com\" target=\"_blank\" rel=\"noreferrer noopener nofollow\">&#8220;Welt&#8221;<\/a> n\u0259\u015fri yaz\u0131r ki, layih\u0259 AB\u015e-\u0131n x\u00fcsusi n\u00fcmay\u0259nd\u0259si Stiv Uitkoff v\u0259 Rusiyan\u0131n h\u00f6kum\u0259t m\u00fc\u015faviri Kirill Dmitriyev aras\u0131nda ke\u00e7iril\u0259n qapal\u0131 m\u00fczakir\u0259l\u0259r zaman\u0131 formala\u015fd\u0131r\u0131l\u0131b.<\/p>\n\n\n\n<p>A\u0130 \u00f6lk\u0259l\u0259rinin xarici i\u015fl\u0259r nazirl\u0259ri bildiribl\u0259r ki, layih\u0259nin m\u0259tnini g\u00f6rm\u0259yibl\u0259r v\u0259 h\u0259r hans\u0131 s\u00fclh t\u0259\u015f\u0259bb\u00fcs\u00fcn\u00fcn Ukrayna v\u0259 Avropa t\u0259r\u0259fda\u015flar\u0131 il\u0259 raz\u0131la\u015fd\u0131r\u0131lmas\u0131n\u0131n vacibliyini vur\u011fulay\u0131blar.<\/p>\n\n\n\n<p>Dig\u0259r n\u0259\u015frl\u0259r Avropan\u0131n v\u0259ziyy\u0259ti yax\u0131ndan izl\u0259diyini v\u0259 AB\u015e-dan r\u0259smi a\u00e7\u0131qlamalar g\u00f6zl\u0259diyini qeyd edir.<\/p>\n\n\n\n<p>Haz\u0131rda n\u0259 A\u011f Ev, n\u0259 d\u0259 AB\u015e D\u00f6vl\u0259t Departamenti layih\u0259 il\u0259 ba\u011fl\u0131 m\u0259lumatlar\u0131 \u015f\u0259rh edir. Ukrayna r\u0259smil\u0259ri d\u0259 s\u0259n\u0259dd\u0259ki ehtimal olunan m\u00fcdd\u0259alara dair r\u0259y bildirm\u0259yibl\u0259r.<\/p>\n","protected":false},"excerpt":{"rendered":"<p>Bir s\u0131ra Q\u0259rb medias\u0131 AB\u015e prezidenti Donald Tramp administrasiyas\u0131n\u0131n Rusiya &#8230; <\/p>\n<p class=\"read-more-container\"><a title=\"K\u0130V: Tramp Rusiya il\u0259 Ukrayna aras\u0131nda 28 b\u0259ndlik \u201cs\u00fclh plan\u0131n\u0131\u201d t\u0259sdiql\u0259yib\" class=\"read-more button\" href=\"https:\/\/www.meydan.tv\/az\/article\/kiv-tramp-rusiya-il%c9%99-ukrayna-arasinda-28-b%c9%99ndlik-sulh-planini-t%c9%99sdiql%c9%99yib\/#more-337696\" aria-label=\"Read more about K\u0130V: Tramp Rusiya il\u0259 Ukrayna aras\u0131nda 28 b\u0259ndlik \u201cs\u00fclh plan\u0131n\u0131\u201d t\u0259sdiql\u0259yib\">Davam\u0131<\/a><\/p>\n","protected":false},"author":16,"featured_media":320070,"comment_status":"closed","ping_status":"closed","sticky":false,"template":"","format":"standard","meta":{"_acf_changed":false,"_sitemap_exclude":false,"_sitemap_priority":"","_sitemap_frequency":"","footnotes":""},"categories":[64,79,56],"tags":[],"class_list":["post-337696","post","type-post","status-publish","format-standard","has-post-thumbnail","hentry","category-dunya","category-featured","category-xeberler","infinite-scroll-item","generate-columns","tablet-grid-50","mobile-grid-100","grid-parent","grid-33","no-featured-image-padding"],"acf":[],"yoast_head":"<!-- This site is optimized with the Yoast SEO plugin v27.4 - https:\/\/yoast.com\/product\/yoast-seo-wordpress\/ -->\n<title>K\u0130V: Tramp Rusiya il\u0259 Ukrayna aras\u0131nda 28 b\u0259ndlik \u201cs\u00fclh plan\u0131n\u0131\u201d t\u0259sdiql\u0259yib - MEYDAN.TV<\/title>\n<meta name=\"robots\" content=\"index, follow, max-snippet:-1, max-image-preview:large, max-video-preview:-1\" \/>\n<link rel=\"canonical\" href=\"https:\/\/www.meydan.tv\/az\/article\/kiv-tramp-rusiya-il%c9%99-ukrayna-arasinda-28-b%c9%99ndlik-sulh-planini-t%c9%99sdiql%c9%99yib\/\" \/>\n<meta property=\"og:locale\" content=\"az_AZ\" \/>\n<meta property=\"og:type\" content=\"article\" \/>\n<meta property=\"og:title\" content=\"K\u0130V: Tramp Rusiya il\u0259 Ukrayna aras\u0131nda 28 b\u0259ndlik \u201cs\u00fclh plan\u0131n\u0131\u201d t\u0259sdiql\u0259yib - MEYDAN.TV\" \/>\n<meta property=\"og:description\" content=\"Bir s\u0131ra Q\u0259rb medias\u0131 AB\u015e prezidenti Donald Tramp administrasiyas\u0131n\u0131n Rusiya ... Davam\u0131\" \/>\n<meta property=\"og:url\" content=\"https:\/\/www.meydan.tv\/az\/article\/kiv-tramp-rusiya-il%c9%99-ukrayna-arasinda-28-b%c9%99ndlik-sulh-planini-t%c9%99sdiql%c9%99yib\/\" \/>\n<meta property=\"og:site_name\" content=\"MEYDAN.TV\" \/>\n<meta property=\"article:published_time\" content=\"2025-11-20T11:29:54+00:00\" \/>\n<meta property=\"article:modified_time\" content=\"2025-11-20T11:29:57+00:00\" \/>\n<meta property=\"og:image\" content=\"https:\/\/www.meydan.tv\/wp-content\/uploads\/img_1578-e1731309358650.jpg\" \/>\n\t<meta property=\"og:image:width\" content=\"1900\" \/>\n\t<meta property=\"og:image:height\" content=\"1054\" \/>\n\t<meta property=\"og:image:type\" content=\"image\/jpeg\" \/>\n<meta name=\"author\" content=\"sevda\" \/>\n<meta name=\"twitter:card\" content=\"summary_large_image\" \/>\n<script type=\"application\/ld+json\" class=\"yoast-schema-graph\">{\"@context\":\"https:\\\/\\\/schema.org\",\"@graph\":[{\"@type\":\"Article\",\"@id\":\"https:\\\/\\\/www.meydan.tv\\\/az\\\/article\\\/kiv-tramp-rusiya-il%c9%99-ukrayna-arasinda-28-b%c9%99ndlik-sulh-planini-t%c9%99sdiql%c9%99yib\\\/#article\",\"isPartOf\":{\"@id\":\"https:\\\/\\\/www.meydan.tv\\\/az\\\/article\\\/kiv-tramp-rusiya-il%c9%99-ukrayna-arasinda-28-b%c9%99ndlik-sulh-planini-t%c9%99sdiql%c9%99yib\\\/\"},\"author\":{\"name\":\"sevda\",\"@id\":\"https:\\\/\\\/www.meydan.tv\\\/az\\\/#\\\/schema\\\/person\\\/49b5f2bad5b126bb8ea9320eeb3e4dc9\"},\"headline\":\"K\u0130V: Tramp Rusiya il\u0259 Ukrayna aras\u0131nda 28 b\u0259ndlik \u201cs\u00fclh plan\u0131n\u0131\u201d t\u0259sdiql\u0259yib\",\"datePublished\":\"2025-11-20T11:29:54+00:00\",\"dateModified\":\"2025-11-20T11:29:57+00:00\",\"mainEntityOfPage\":{\"@id\":\"https:\\\/\\\/www.meydan.tv\\\/az\\\/article\\\/kiv-tramp-rusiya-il%c9%99-ukrayna-arasinda-28-b%c9%99ndlik-sulh-planini-t%c9%99sdiql%c9%99yib\\\/\"},\"wordCount\":318,\"publisher\":{\"@id\":\"https:\\\/\\\/www.meydan.tv\\\/az\\\/#organization\"},\"image\":{\"@id\":\"https:\\\/\\\/www.meydan.tv\\\/az\\\/article\\\/kiv-tramp-rusiya-il%c9%99-ukrayna-arasinda-28-b%c9%99ndlik-sulh-planini-t%c9%99sdiql%c9%99yib\\\/#primaryimage\"},\"thumbnailUrl\":\"https:\\\/\\\/www.meydan.tv\\\/wp-content\\\/uploads\\\/img_1578-e1731309358650.jpg\",\"articleSection\":[\"D\u00fcnya\",\"T\u00f6vsiy\u0259\",\"X\u0259b\u0259rl\u0259r\"],\"inLanguage\":\"az\"},{\"@type\":\"WebPage\",\"@id\":\"https:\\\/\\\/www.meydan.tv\\\/az\\\/article\\\/kiv-tramp-rusiya-il%c9%99-ukrayna-arasinda-28-b%c9%99ndlik-sulh-planini-t%c9%99sdiql%c9%99yib\\\/\",\"url\":\"https:\\\/\\\/www.meydan.tv\\\/az\\\/article\\\/kiv-tramp-rusiya-il%c9%99-ukrayna-arasinda-28-b%c9%99ndlik-sulh-planini-t%c9%99sdiql%c9%99yib\\\/\",\"name\":\"K\u0130V: Tramp Rusiya il\u0259 Ukrayna aras\u0131nda 28 b\u0259ndlik \u201cs\u00fclh plan\u0131n\u0131\u201d t\u0259sdiql\u0259yib - MEYDAN.TV\",\"isPartOf\":{\"@id\":\"https:\\\/\\\/www.meydan.tv\\\/az\\\/#website\"},\"primaryImageOfPage\":{\"@id\":\"https:\\\/\\\/www.meydan.tv\\\/az\\\/article\\\/kiv-tramp-rusiya-il%c9%99-ukrayna-arasinda-28-b%c9%99ndlik-sulh-planini-t%c9%99sdiql%c9%99yib\\\/#primaryimage\"},\"image\":{\"@id\":\"https:\\\/\\\/www.meydan.tv\\\/az\\\/article\\\/kiv-tramp-rusiya-il%c9%99-ukrayna-arasinda-28-b%c9%99ndlik-sulh-planini-t%c9%99sdiql%c9%99yib\\\/#primaryimage\"},\"thumbnailUrl\":\"https:\\\/\\\/www.meydan.tv\\\/wp-content\\\/uploads\\\/img_1578-e1731309358650.jpg\",\"datePublished\":\"2025-11-20T11:29:54+00:00\",\"dateModified\":\"2025-11-20T11:29:57+00:00\",\"breadcrumb\":{\"@id\":\"https:\\\/\\\/www.meydan.tv\\\/az\\\/article\\\/kiv-tramp-rusiya-il%c9%99-ukrayna-arasinda-28-b%c9%99ndlik-sulh-planini-t%c9%99sdiql%c9%99yib\\\/#breadcrumb\"},\"inLanguage\":\"az\",\"potentialAction\":[{\"@type\":\"ReadAction\",\"target\":[\"https:\\\/\\\/www.meydan.tv\\\/az\\\/article\\\/kiv-tramp-rusiya-il%c9%99-ukrayna-arasinda-28-b%c9%99ndlik-sulh-planini-t%c9%99sdiql%c9%99yib\\\/\"]}]},{\"@type\":\"ImageObject\",\"inLanguage\":\"az\",\"@id\":\"https:\\\/\\\/www.meydan.tv\\\/az\\\/article\\\/kiv-tramp-rusiya-il%c9%99-ukrayna-arasinda-28-b%c9%99ndlik-sulh-planini-t%c9%99sdiql%c9%99yib\\\/#primaryimage\",\"url\":\"https:\\\/\\\/www.meydan.tv\\\/wp-content\\\/uploads\\\/img_1578-e1731309358650.jpg\",\"contentUrl\":\"https:\\\/\\\/www.meydan.tv\\\/wp-content\\\/uploads\\\/img_1578-e1731309358650.jpg\",\"width\":1900,\"height\":1054,\"caption\":\"Donald Tramp. \u0130ll\u00fcsrasiya: Meydan TV\"},{\"@type\":\"BreadcrumbList\",\"@id\":\"https:\\\/\\\/www.meydan.tv\\\/az\\\/article\\\/kiv-tramp-rusiya-il%c9%99-ukrayna-arasinda-28-b%c9%99ndlik-sulh-planini-t%c9%99sdiql%c9%99yib\\\/#breadcrumb\",\"itemListElement\":[{\"@type\":\"ListItem\",\"position\":1,\"name\":\"Ana s\u0259hif\u0259\",\"item\":\"https:\\\/\\\/www.meydan.tv\\\/az\\\/\"},{\"@type\":\"ListItem\",\"position\":2,\"name\":\"X\u0259b\u0259rl\u0259r\",\"item\":\"https:\\\/\\\/www.meydan.tv\\\/az\\\/section\\\/xeberler\\\/\"},{\"@type\":\"ListItem\",\"position\":3,\"name\":\"K\u0130V: Tramp Rusiya il\u0259 Ukrayna aras\u0131nda 28 b\u0259ndlik \u201cs\u00fclh plan\u0131n\u0131\u201d t\u0259sdiql\u0259yib\"}]},{\"@type\":\"WebSite\",\"@id\":\"https:\\\/\\\/www.meydan.tv\\\/az\\\/#website\",\"url\":\"https:\\\/\\\/www.meydan.tv\\\/az\\\/\",\"name\":\"MEYDAN.TV\",\"description\":\"Meydan TV Az\u0259rbaycan\u0131n media m\u0259kan\u0131ndak\u0131 alternativ s\u0259sidir\",\"publisher\":{\"@id\":\"https:\\\/\\\/www.meydan.tv\\\/az\\\/#organization\"},\"potentialAction\":[{\"@type\":\"SearchAction\",\"target\":{\"@type\":\"EntryPoint\",\"urlTemplate\":\"https:\\\/\\\/www.meydan.tv\\\/az\\\/?s={search_term_string}\"},\"query-input\":{\"@type\":\"PropertyValueSpecification\",\"valueRequired\":true,\"valueName\":\"search_term_string\"}}],\"inLanguage\":\"az\"},{\"@type\":\"Organization\",\"@id\":\"https:\\\/\\\/www.meydan.tv\\\/az\\\/#organization\",\"name\":\"Meydan TV\",\"url\":\"https:\\\/\\\/www.meydan.tv\\\/az\\\/\",\"logo\":{\"@type\":\"ImageObject\",\"inLanguage\":\"az\",\"@id\":\"https:\\\/\\\/www.meydan.tv\\\/az\\\/#\\\/schema\\\/logo\\\/image\\\/\",\"url\":\"https:\\\/\\\/www.meydan.tv\\\/wp-content\\\/uploads\\\/2021\\\/07\\\/meydan-logo.svg\",\"contentUrl\":\"https:\\\/\\\/www.meydan.tv\\\/wp-content\\\/uploads\\\/2021\\\/07\\\/meydan-logo.svg\",\"width\":195,\"height\":46,\"caption\":\"Meydan TV\"},\"image\":{\"@id\":\"https:\\\/\\\/www.meydan.tv\\\/az\\\/#\\\/schema\\\/logo\\\/image\\\/\"}},{\"@type\":\"Person\",\"@id\":\"https:\\\/\\\/www.meydan.tv\\\/az\\\/#\\\/schema\\\/person\\\/49b5f2bad5b126bb8ea9320eeb3e4dc9\",\"name\":\"sevda\"}]}<\/script>\n<!-- \/ Yoast SEO plugin. -->","yoast_head_json":{"title":"K\u0130V: Tramp Rusiya il\u0259 Ukrayna aras\u0131nda 28 b\u0259ndlik \u201cs\u00fclh plan\u0131n\u0131\u201d t\u0259sdiql\u0259yib - MEYDAN.TV","robots":{"index":"index","follow":"follow","max-snippet":"max-snippet:-1","max-image-preview":"max-image-preview:large","max-video-preview":"max-video-preview:-1"},"canonical":"https:\/\/www.meydan.tv\/az\/article\/kiv-tramp-rusiya-il%c9%99-ukrayna-arasinda-28-b%c9%99ndlik-sulh-planini-t%c9%99sdiql%c9%99yib\/","og_locale":"az_AZ","og_type":"article","og_title":"K\u0130V: Tramp Rusiya il\u0259 Ukrayna aras\u0131nda 28 b\u0259ndlik \u201cs\u00fclh plan\u0131n\u0131\u201d t\u0259sdiql\u0259yib - MEYDAN.TV","og_description":"Bir s\u0131ra Q\u0259rb medias\u0131 AB\u015e prezidenti Donald Tramp administrasiyas\u0131n\u0131n Rusiya ... Davam\u0131","og_url":"https:\/\/www.meydan.tv\/az\/article\/kiv-tramp-rusiya-il%c9%99-ukrayna-arasinda-28-b%c9%99ndlik-sulh-planini-t%c9%99sdiql%c9%99yib\/","og_site_name":"MEYDAN.TV","article_published_time":"2025-11-20T11:29:54+00:00","article_modified_time":"2025-11-20T11:29:57+00:00","og_image":[{"width":1900,"height":1054,"url":"https:\/\/www.meydan.tv\/wp-content\/uploads\/img_1578-e1731309358650.jpg","type":"image\/jpeg"}],"author":"sevda","twitter_card":"summary_large_image","schema":{"@context":"https:\/\/schema.org","@graph":[{"@type":"Article","@id":"https:\/\/www.meydan.tv\/az\/article\/kiv-tramp-rusiya-il%c9%99-ukrayna-arasinda-28-b%c9%99ndlik-sulh-planini-t%c9%99sdiql%c9%99yib\/#article","isPartOf":{"@id":"https:\/\/www.meydan.tv\/az\/article\/kiv-tramp-rusiya-il%c9%99-ukrayna-arasinda-28-b%c9%99ndlik-sulh-planini-t%c9%99sdiql%c9%99yib\/"},"author":{"name":"sevda","@id":"https:\/\/www.meydan.tv\/az\/#\/schema\/person\/49b5f2bad5b126bb8ea9320eeb3e4dc9"},"headline":"K\u0130V: Tramp Rusiya il\u0259 Ukrayna aras\u0131nda 28 b\u0259ndlik \u201cs\u00fclh plan\u0131n\u0131\u201d t\u0259sdiql\u0259yib","datePublished":"2025-11-20T11:29:54+00:00","dateModified":"2025-11-20T11:29:57+00:00","mainEntityOfPage":{"@id":"https:\/\/www.meydan.tv\/az\/article\/kiv-tramp-rusiya-il%c9%99-ukrayna-arasinda-28-b%c9%99ndlik-sulh-planini-t%c9%99sdiql%c9%99yib\/"},"wordCount":318,"publisher":{"@id":"https:\/\/www.meydan.tv\/az\/#organization"},"image":{"@id":"https:\/\/www.meydan.tv\/az\/article\/kiv-tramp-rusiya-il%c9%99-ukrayna-arasinda-28-b%c9%99ndlik-sulh-planini-t%c9%99sdiql%c9%99yib\/#primaryimage"},"thumbnailUrl":"https:\/\/www.meydan.tv\/wp-content\/uploads\/img_1578-e1731309358650.jpg","articleSection":["D\u00fcnya","T\u00f6vsiy\u0259","X\u0259b\u0259rl\u0259r"],"inLanguage":"az"},{"@type":"WebPage","@id":"https:\/\/www.meydan.tv\/az\/article\/kiv-tramp-rusiya-il%c9%99-ukrayna-arasinda-28-b%c9%99ndlik-sulh-planini-t%c9%99sdiql%c9%99yib\/","url":"https:\/\/www.meydan.tv\/az\/article\/kiv-tramp-rusiya-il%c9%99-ukrayna-arasinda-28-b%c9%99ndlik-sulh-planini-t%c9%99sdiql%c9%99yib\/","name":"K\u0130V: Tramp Rusiya il\u0259 Ukrayna aras\u0131nda 28 b\u0259ndlik \u201cs\u00fclh plan\u0131n\u0131\u201d t\u0259sdiql\u0259yib - MEYDAN.TV","isPartOf":{"@id":"https:\/\/www.meydan.tv\/az\/#website"},"primaryImageOfPage":{"@id":"https:\/\/www.meydan.tv\/az\/article\/kiv-tramp-rusiya-il%c9%99-ukrayna-arasinda-28-b%c9%99ndlik-sulh-planini-t%c9%99sdiql%c9%99yib\/#primaryimage"},"image":{"@id":"https:\/\/www.meydan.tv\/az\/article\/kiv-tramp-rusiya-il%c9%99-ukrayna-arasinda-28-b%c9%99ndlik-sulh-planini-t%c9%99sdiql%c9%99yib\/#primaryimage"},"thumbnailUrl":"https:\/\/www.meydan.tv\/wp-content\/uploads\/img_1578-e1731309358650.jpg","datePublished":"2025-11-20T11:29:54+00:00","dateModified":"2025-11-20T11:29:57+00:00","breadcrumb":{"@id":"https:\/\/www.meydan.tv\/az\/article\/kiv-tramp-rusiya-il%c9%99-ukrayna-arasinda-28-b%c9%99ndlik-sulh-planini-t%c9%99sdiql%c9%99yib\/#breadcrumb"},"inLanguage":"az","potentialAction":[{"@type":"ReadAction","target":["https:\/\/www.meydan.tv\/az\/article\/kiv-tramp-rusiya-il%c9%99-ukrayna-arasinda-28-b%c9%99ndlik-sulh-planini-t%c9%99sdiql%c9%99yib\/"]}]},{"@type":"ImageObject","inLanguage":"az","@id":"https:\/\/www.meydan.tv\/az\/article\/kiv-tramp-rusiya-il%c9%99-ukrayna-arasinda-28-b%c9%99ndlik-sulh-planini-t%c9%99sdiql%c9%99yib\/#primaryimage","url":"https:\/\/www.meydan.tv\/wp-content\/uploads\/img_1578-e1731309358650.jpg","contentUrl":"https:\/\/www.meydan.tv\/wp-content\/uploads\/img_1578-e1731309358650.jpg","width":1900,"height":1054,"caption":"Donald Tramp. \u0130ll\u00fcsrasiya: Meydan TV"},{"@type":"BreadcrumbList","@id":"https:\/\/www.meydan.tv\/az\/article\/kiv-tramp-rusiya-il%c9%99-ukrayna-arasinda-28-b%c9%99ndlik-sulh-planini-t%c9%99sdiql%c9%99yib\/#breadcrumb","itemListElement":[{"@type":"ListItem","position":1,"name":"Ana s\u0259hif\u0259","item":"https:\/\/www.meydan.tv\/az\/"},{"@type":"ListItem","position":2,"name":"X\u0259b\u0259rl\u0259r","item":"https:\/\/www.meydan.tv\/az\/section\/xeberler\/"},{"@type":"ListItem","position":3,"name":"K\u0130V: Tramp Rusiya il\u0259 Ukrayna aras\u0131nda 28 b\u0259ndlik \u201cs\u00fclh plan\u0131n\u0131\u201d t\u0259sdiql\u0259yib"}]},{"@type":"WebSite","@id":"https:\/\/www.meydan.tv\/az\/#website","url":"https:\/\/www.meydan.tv\/az\/","name":"MEYDAN.TV","description":"Meydan TV Az\u0259rbaycan\u0131n media m\u0259kan\u0131ndak\u0131 alternativ s\u0259sidir","publisher":{"@id":"https:\/\/www.meydan.tv\/az\/#organization"},"potentialAction":[{"@type":"SearchAction","target":{"@type":"EntryPoint","urlTemplate":"https:\/\/www.meydan.tv\/az\/?s={search_term_string}"},"query-input":{"@type":"PropertyValueSpecification","valueRequired":true,"valueName":"search_term_string"}}],"inLanguage":"az"},{"@type":"Organization","@id":"https:\/\/www.meydan.tv\/az\/#organization","name":"Meydan TV","url":"https:\/\/www.meydan.tv\/az\/","logo":{"@type":"ImageObject","inLanguage":"az","@id":"https:\/\/www.meydan.tv\/az\/#\/schema\/logo\/image\/","url":"https:\/\/www.meydan.tv\/wp-content\/uploads\/2021\/07\/meydan-logo.svg","contentUrl":"https:\/\/www.meydan.tv\/wp-content\/uploads\/2021\/07\/meydan-logo.svg","width":195,"height":46,"caption":"Meydan TV"},"image":{"@id":"https:\/\/www.meydan.tv\/az\/#\/schema\/logo\/image\/"}},{"@type":"Person","@id":"https:\/\/www.meydan.tv\/az\/#\/schema\/person\/49b5f2bad5b126bb8ea9320eeb3e4dc9","name":"sevda"}]}},"_links":{"self":[{"href":"https:\/\/www.meydan.tv\/az\/wp-json\/wp\/v2\/posts\/337696","targetHints":{"allow":["GET"]}}],"collection":[{"href":"https:\/\/www.meydan.tv\/az\/wp-json\/wp\/v2\/posts"}],"about":[{"href":"https:\/\/www.meydan.tv\/az\/wp-json\/wp\/v2\/types\/post"}],"author":[{"embeddable":true,"href":"https:\/\/www.meydan.tv\/az\/wp-json\/wp\/v2\/users\/16"}],"replies":[{"embeddable":true,"href":"https:\/\/www.meydan.tv\/az\/wp-json\/wp\/v2\/comments?post=337696"}],"version-history":[{"count":3,"href":"https:\/\/www.meydan.tv\/az\/wp-json\/wp\/v2\/posts\/337696\/revisions"}],"predecessor-version":[{"id":337699,"href":"https:\/\/www.meydan.tv\/az\/wp-json\/wp\/v2\/posts\/337696\/revisions\/337699"}],"wp:featuredmedia":[{"embeddable":true,"href":"https:\/\/www.meydan.tv\/az\/wp-json\/wp\/v2\/media\/320070"}],"wp:attachment":[{"href":"https:\/\/www.meydan.tv\/az\/wp-json\/wp\/v2\/media?parent=337696"}],"wp:term":[{"taxonomy":"category","embeddable":true,"href":"https:\/\/www.meydan.tv\/az\/wp-json\/wp\/v2\/categories?post=337696"},{"taxonomy":"post_tag","embeddable":true,"href":"https:\/\/www.meydan.tv\/az\/wp-json\/wp\/v2\/tags?post=337696"}],"curies":[{"name":"wp","href":"https:\/\/api.w.org\/{rel}","templated":true}]}}