{"id":337670,"date":"2025-11-19T19:15:35","date_gmt":"2025-11-19T15:15:35","guid":{"rendered":"https:\/\/www.meydan.tv\/?p=337670"},"modified":"2025-11-19T19:15:37","modified_gmt":"2025-11-19T15:15:37","slug":"abs-dovl%c9%99t-katibinin-muavini-az%c9%99rbaycan-v%c9%99-erm%c9%99nistanla-sulh-prosesi-v%c9%99-tramp-marsrutunu-muzakir%c9%99-edib","status":"publish","type":"post","link":"https:\/\/www.meydan.tv\/az\/article\/abs-dovl%c9%99t-katibinin-muavini-az%c9%99rbaycan-v%c9%99-erm%c9%99nistanla-sulh-prosesi-v%c9%99-tramp-marsrutunu-muzakir%c9%99-edib\/","title":{"rendered":"AB\u015e d\u00f6vl\u0259t katibinin m\u00fcavini Az\u0259rbaycan v\u0259 Erm\u0259nistanla s\u00fclh prosesi v\u0259 \u201cTramp Mar\u015frutu\u201dnu m\u00fczakir\u0259 edib"},"content":{"rendered":"\n<p><\/p>\n\n\n\n<p>AB\u015e d\u00f6vl\u0259t katibinin siyasi m\u0259s\u0259l\u0259l\u0259r \u00fczr\u0259 m\u00fcavini Alison Huker Az\u0259rbaycan xarici i\u015fl\u0259r naziri Ceyhun Bayramovla g\u00f6r\u00fc\u015f\u00fcb.<\/p>\n\n\n\n<p>Az\u0259rbaycan Xarici \u0130\u015fl\u0259r Nazirliyinin noyabr\u0131n 19-da yayd\u0131\u011f\u0131 <a href=\"https:\/\/mfa.gov.az\/az\/news\/no43225\" target=\"_blank\" rel=\"noreferrer noopener nofollow\">m\u0259lumata g\u00f6r\u0259,<\/a> g\u00f6r\u00fc\u015f zaman\u0131 \u00f6lk\u0259l\u0259r aras\u0131nda ikit\u0259r\u0259fli \u0259m\u0259kda\u015fl\u0131\u011f\u0131n haz\u0131rk\u0131 v\u0259ziyy\u0259ti m\u00fczakir\u0259 olunub. H\u0259m\u00e7inin inki\u015faf perspektivl\u0259ri, Az\u0259rbaycan-Erm\u0259nistan s\u00fclh prosesi, el\u0259c\u0259 d\u0259 regional v\u0259 qlobal t\u0259hl\u00fck\u0259sizlik m\u0259s\u0259l\u0259l\u0259ri \u0259traf\u0131nda fikir m\u00fcbadil\u0259si apar\u0131l\u0131b.<\/p>\n\n\n\n<p>&nbsp;<em>\u201cAvqustun 8-d\u0259 tarixi Va\u015finqton g\u00f6r\u00fc\u015f\u00fc zaman\u0131 \u0259ld\u0259 edilmi\u015f raz\u0131l\u0131qlar m\u0259mnunluqla xat\u0131rlanaraq iki \u00f6lk\u0259 aras\u0131nda strateji t\u0259r\u0259fda\u015fl\u0131\u011f\u0131n inki\u015faf\u0131 istiqam\u0259tind\u0259 birg\u0259 s\u0259yl\u0259rin vacibliyi qeyd olunub. Az\u0259rbaycan\u0131n \u0259sas hiss\u0259si v\u0259 onun Nax\u00e7\u0131van Muxtar Respublikas\u0131 aras\u0131nda mane\u0259siz ba\u011flant\u0131n\u0131n t\u0259min edilm\u0259si m\u0259qs\u0259dil\u0259 AB\u015e t\u0259r\u0259find\u0259n h\u0259yata ke\u00e7iril\u0259c\u0259k \u201cBeyn\u0259lxalq S\u00fclh v\u0259 Rifah namin\u0259 Tramp Mar\u015frutu\u201d \u00fczr\u0259 i\u015fl\u0259rin s\u00fcr\u0259tl\u0259ndirilm\u0259sind\u0259 maraql\u0131 oldu\u011fumuz diqq\u0259t\u0259 \u00e7atd\u0131r\u0131l\u0131b&#8221;<\/em>, &#8211; X\u0130N-nin m\u0259lumat\u0131nda deyilir.<\/p>\n\n\n\n<p>AB\u015e-nin Az\u0259rbaycandak\u0131 s\u0259firliyinin m\u0259lumat\u0131nda qeyd edilib ki, g\u00f6r\u00fc\u015fd\u0259 AB\u015e d\u00f6vl\u0259t katibinin m\u00fcavini Va\u015finqtonun C\u0259nubi Qafqazda s\u00fclh prosesini d\u0259st\u0259kl\u0259diyini bildirib.\u00a0<\/p>\n\n\n\n<blockquote class=\"wp-block-quote is-layout-flow wp-block-quote-is-layout-flow\">\n<p>Az\u0259rbaycanla AB\u015e aras\u0131nda m\u00fcnasib\u0259tl\u0259r Donald Tramp n\u00f6vb\u0259ti d\u0259f\u0259 prezident se\u00e7ildikd\u0259n sonra normalla\u015f\u0131b. Bayden Administrasiyas\u0131 d\u00f6vr\u00fcnd\u0259 is\u0259 iki \u00f6lk\u0259 aras\u0131ndak\u0131 \u0259laq\u0259l\u0259r \u201cisti\u201d deyildi. R\u0259smi Bak\u0131 h\u0259min ill\u0259rd\u0259 Va\u015finqtonun regional prosesl\u0259rd\u0259 tutdu\u011fu m\u00f6vqed\u0259n naraz\u0131l\u0131\u011f\u0131n\u0131 a\u00e7\u0131q \u015f\u0259kild\u0259 ifad\u0259 edir, \u00fcst\u0259lik, Bayden Administrasiyas\u0131n\u0131n insan haqlar\u0131 il\u0259 ba\u011fl\u0131 t\u0259nqidl\u0259rinin artmas\u0131n\u0131 m\u00fcnasib\u0259tl\u0259rin g\u0259rginl\u0259\u015fm\u0259sin\u0259 s\u0259b\u0259b kimi g\u00f6st\u0259rirdi. Va\u015finqtonun siyasi m\u0259hbuslar v\u0259 v\u0259t\u0259nda\u015f c\u0259miyy\u0259ti il\u0259 ba\u011fl\u0131 a\u00e7\u0131qlamalar\u0131 Bak\u0131da naraz\u0131l\u0131q do\u011furur, Az\u0259rbaycan bu m\u0259s\u0259l\u0259l\u0259rin ikit\u0259r\u0259fli dialoqa l\u00fczumsuz \u015f\u0259kild\u0259 siyasil\u0259\u015fdirildiyini bildirirdi.<\/p>\n<\/blockquote>\n\n\n\n<p>AB\u015e D\u00f6vl\u0259t katibinin siyasi m\u0259s\u0259l\u0259l\u0259r \u00fczr\u0259 m\u00fcavini Alison Huker Prezidentin k\u00f6m\u0259k\u00e7isi, Prezident Administrasiyas\u0131n\u0131n Xarici siyas\u0259t m\u0259s\u0259l\u0259l\u0259ri \u015f\u00f6b\u0259sinin m\u00fcdiri Hikm\u0259t Hac\u0131yevl\u0259 d\u0259 g\u00f6r\u00fc\u015f\u00fcb.&nbsp;<\/p>\n\n\n\n<p><em>\u201cBizim m\u00fczakir\u0259l\u0259rimiz Erm\u0259nistan-Az\u0259rbaycan s\u00fclh g\u00fcnd\u0259liyinin ir\u0259lil\u0259yi\u015fi v\u0259 regional \u0259laq\u0259 t\u0259\u015f\u0259bb\u00fcsl\u0259rinin h\u0259yata ke\u00e7irilm\u0259si d\u0259 daxil olmaqla, bir \u00e7ox m\u0259s\u0259l\u0259l\u0259ri \u0259hat\u0259 edib. Biz h\u0259m\u00e7inin \u0259sas regional v\u0259 qlobal hadis\u0259l\u0259r bar\u0259d\u0259 fikir m\u00fcbadil\u0259si apard\u0131q, Az\u0259rbaycan il\u0259 AB\u015e aras\u0131nda strateji t\u0259r\u0259fda\u015fl\u0131q ruhunu t\u0259sdiq etdik\u201d<\/em>, &#8211; Prezidentin k\u00f6m\u0259k\u00e7isi\u00a0 \u201cX\u201d s\u0259hif\u0259sind\u0259 qeyd edib.<\/p>\n\n\n\n<p>D\u00f6vl\u0259t katibinin m\u00fcavininin regiona s\u0259f\u0259ri noyabr\u0131n 15-d\u0259 ba\u015flay\u0131b. O, bundan \u00f6nc\u0259 Erm\u0259nistanda s\u0259f\u0259rd\u0259 olub.&nbsp;<\/p>\n\n\n\n<p>Erm\u0259nistana s\u0259f\u0259ri \u00e7\u0259r\u00e7iv\u0259sind\u0259 \u201cTramp mar\u015frutu\u201dnun h\u0259yata ke\u00e7irilm\u0259si m\u0259qs\u0259dil\u0259 birg\u0259 i\u015f\u00e7i qrupunun f\u0259aliyy\u0259t\u0259 ba\u015flad\u0131\u011f\u0131 a\u00e7\u0131qlan\u0131b. \u0130\u015f\u00e7i qrupuna AB\u015e d\u00f6vl\u0259t katibinin k\u00f6m\u0259k\u00e7isinin m\u00fcavini Sonata Koulter r\u0259hb\u0259rlik ed\u0259c\u0259k.<\/p>\n\n\n\n<p>AB\u015e r\u0259smisi Yerevanda Erm\u0259nistan\u0131n Ba\u015f naziri Nikol Pa\u015finyanla g\u00f6r\u00fc\u015f\u00fcnd\u0259 i\u015f\u00e7i qrupun detallar\u0131n\u0131 t\u0259qdim edib.<\/p>\n\n\n\n<p>Onun s\u00f6zl\u0259rin\u0259 g\u00f6r\u0259, AB\u015e-Erm\u0259nistan \u0259m\u0259kda\u015fl\u0131\u011f\u0131, h\u0259m\u00e7inin Erm\u0259nistan\u2013Az\u0259rbaycan v\u0259 Erm\u0259nistan\u2013T\u00fcrkiy\u0259 m\u00fcnasib\u0259tl\u0259rinin normalla\u015fmas\u0131 \u00fczr\u0259 ir\u0259lil\u0259yi\u015f \u201cC\u0259nubi Qafqaz\u0131n m\u00fch\u00fcm ticar\u0259t mar\u015frutu kimi a\u00e7\u0131lmas\u0131 \u00fc\u00e7\u00fcn yeni perspektivl\u0259r yarad\u0131r\u201d.<\/p>\n","protected":false},"excerpt":{"rendered":"<p>AB\u015e d\u00f6vl\u0259t katibinin siyasi m\u0259s\u0259l\u0259l\u0259r \u00fczr\u0259 m\u00fcavini Alison Huker Az\u0259rbaycan &#8230; <\/p>\n<p class=\"read-more-container\"><a title=\"AB\u015e d\u00f6vl\u0259t katibinin m\u00fcavini Az\u0259rbaycan v\u0259 Erm\u0259nistanla s\u00fclh prosesi v\u0259 \u201cTramp Mar\u015frutu\u201dnu m\u00fczakir\u0259 edib\" class=\"read-more button\" href=\"https:\/\/www.meydan.tv\/az\/article\/abs-dovl%c9%99t-katibinin-muavini-az%c9%99rbaycan-v%c9%99-erm%c9%99nistanla-sulh-prosesi-v%c9%99-tramp-marsrutunu-muzakir%c9%99-edib\/#more-337670\" aria-label=\"Read more about AB\u015e d\u00f6vl\u0259t katibinin m\u00fcavini Az\u0259rbaycan v\u0259 Erm\u0259nistanla s\u00fclh prosesi v\u0259 \u201cTramp Mar\u015frutu\u201dnu m\u00fczakir\u0259 edib\">Davam\u0131<\/a><\/p>\n","protected":false},"author":21,"featured_media":337671,"comment_status":"closed","ping_status":"closed","sticky":false,"template":"","format":"standard","meta":{"_acf_changed":false,"_sitemap_exclude":false,"_sitemap_priority":"","_sitemap_frequency":"","footnotes":""},"categories":[59,79,56],"tags":[],"class_list":["post-337670","post","type-post","status-publish","format-standard","has-post-thumbnail","hentry","category-siyaset","category-featured","category-xeberler","infinite-scroll-item","generate-columns","tablet-grid-50","mobile-grid-100","grid-parent","grid-33","no-featured-image-padding"],"acf":[],"yoast_head":"<!-- This site is optimized with the Yoast SEO plugin v27.4 - https:\/\/yoast.com\/product\/yoast-seo-wordpress\/ -->\n<title>AB\u015e d\u00f6vl\u0259t katibinin m\u00fcavini Az\u0259rbaycan v\u0259 Erm\u0259nistanla s\u00fclh prosesi v\u0259 \u201cTramp Mar\u015frutu\u201dnu m\u00fczakir\u0259 edib - MEYDAN.TV<\/title>\n<meta name=\"robots\" content=\"index, follow, max-snippet:-1, max-image-preview:large, max-video-preview:-1\" \/>\n<link rel=\"canonical\" href=\"https:\/\/www.meydan.tv\/az\/article\/abs-dovl%c9%99t-katibinin-muavini-az%c9%99rbaycan-v%c9%99-erm%c9%99nistanla-sulh-prosesi-v%c9%99-tramp-marsrutunu-muzakir%c9%99-edib\/\" \/>\n<meta property=\"og:locale\" content=\"az_AZ\" \/>\n<meta property=\"og:type\" content=\"article\" \/>\n<meta property=\"og:title\" content=\"AB\u015e d\u00f6vl\u0259t katibinin m\u00fcavini Az\u0259rbaycan v\u0259 Erm\u0259nistanla s\u00fclh prosesi v\u0259 \u201cTramp Mar\u015frutu\u201dnu m\u00fczakir\u0259 edib - MEYDAN.TV\" \/>\n<meta property=\"og:description\" content=\"AB\u015e d\u00f6vl\u0259t katibinin siyasi m\u0259s\u0259l\u0259l\u0259r \u00fczr\u0259 m\u00fcavini Alison Huker Az\u0259rbaycan ... Davam\u0131\" \/>\n<meta property=\"og:url\" content=\"https:\/\/www.meydan.tv\/az\/article\/abs-dovl%c9%99t-katibinin-muavini-az%c9%99rbaycan-v%c9%99-erm%c9%99nistanla-sulh-prosesi-v%c9%99-tramp-marsrutunu-muzakir%c9%99-edib\/\" \/>\n<meta property=\"og:site_name\" content=\"MEYDAN.TV\" \/>\n<meta property=\"article:published_time\" content=\"2025-11-19T15:15:35+00:00\" \/>\n<meta property=\"article:modified_time\" content=\"2025-11-19T15:15:37+00:00\" \/>\n<meta property=\"og:image\" content=\"https:\/\/www.meydan.tv\/wp-content\/uploads\/tag_4919-copy-1-scaled-e1763565283174.jpg\" \/>\n\t<meta property=\"og:image:width\" content=\"1000\" \/>\n\t<meta property=\"og:image:height\" content=\"468\" \/>\n\t<meta property=\"og:image:type\" content=\"image\/jpeg\" \/>\n<meta name=\"author\" content=\"mahmud\" \/>\n<meta name=\"twitter:card\" content=\"summary_large_image\" \/>\n<script type=\"application\/ld+json\" class=\"yoast-schema-graph\">{\"@context\":\"https:\\\/\\\/schema.org\",\"@graph\":[{\"@type\":\"Article\",\"@id\":\"https:\\\/\\\/www.meydan.tv\\\/az\\\/article\\\/abs-dovl%c9%99t-katibinin-muavini-az%c9%99rbaycan-v%c9%99-erm%c9%99nistanla-sulh-prosesi-v%c9%99-tramp-marsrutunu-muzakir%c9%99-edib\\\/#article\",\"isPartOf\":{\"@id\":\"https:\\\/\\\/www.meydan.tv\\\/az\\\/article\\\/abs-dovl%c9%99t-katibinin-muavini-az%c9%99rbaycan-v%c9%99-erm%c9%99nistanla-sulh-prosesi-v%c9%99-tramp-marsrutunu-muzakir%c9%99-edib\\\/\"},\"author\":{\"name\":\"mahmud\",\"@id\":\"https:\\\/\\\/www.meydan.tv\\\/az\\\/#\\\/schema\\\/person\\\/09863e516102a829e72bedcf3f84c6b0\"},\"headline\":\"AB\u015e d\u00f6vl\u0259t katibinin m\u00fcavini Az\u0259rbaycan v\u0259 Erm\u0259nistanla s\u00fclh prosesi v\u0259 \u201cTramp Mar\u015frutu\u201dnu m\u00fczakir\u0259 edib\",\"datePublished\":\"2025-11-19T15:15:35+00:00\",\"dateModified\":\"2025-11-19T15:15:37+00:00\",\"mainEntityOfPage\":{\"@id\":\"https:\\\/\\\/www.meydan.tv\\\/az\\\/article\\\/abs-dovl%c9%99t-katibinin-muavini-az%c9%99rbaycan-v%c9%99-erm%c9%99nistanla-sulh-prosesi-v%c9%99-tramp-marsrutunu-muzakir%c9%99-edib\\\/\"},\"wordCount\":698,\"publisher\":{\"@id\":\"https:\\\/\\\/www.meydan.tv\\\/az\\\/#organization\"},\"image\":{\"@id\":\"https:\\\/\\\/www.meydan.tv\\\/az\\\/article\\\/abs-dovl%c9%99t-katibinin-muavini-az%c9%99rbaycan-v%c9%99-erm%c9%99nistanla-sulh-prosesi-v%c9%99-tramp-marsrutunu-muzakir%c9%99-edib\\\/#primaryimage\"},\"thumbnailUrl\":\"https:\\\/\\\/www.meydan.tv\\\/wp-content\\\/uploads\\\/tag_4919-copy-1-scaled-e1763565283174.jpg\",\"articleSection\":[\"Siyas\u0259t\",\"T\u00f6vsiy\u0259\",\"X\u0259b\u0259rl\u0259r\"],\"inLanguage\":\"az\"},{\"@type\":\"WebPage\",\"@id\":\"https:\\\/\\\/www.meydan.tv\\\/az\\\/article\\\/abs-dovl%c9%99t-katibinin-muavini-az%c9%99rbaycan-v%c9%99-erm%c9%99nistanla-sulh-prosesi-v%c9%99-tramp-marsrutunu-muzakir%c9%99-edib\\\/\",\"url\":\"https:\\\/\\\/www.meydan.tv\\\/az\\\/article\\\/abs-dovl%c9%99t-katibinin-muavini-az%c9%99rbaycan-v%c9%99-erm%c9%99nistanla-sulh-prosesi-v%c9%99-tramp-marsrutunu-muzakir%c9%99-edib\\\/\",\"name\":\"AB\u015e d\u00f6vl\u0259t katibinin m\u00fcavini Az\u0259rbaycan v\u0259 Erm\u0259nistanla s\u00fclh prosesi v\u0259 \u201cTramp Mar\u015frutu\u201dnu m\u00fczakir\u0259 edib - MEYDAN.TV\",\"isPartOf\":{\"@id\":\"https:\\\/\\\/www.meydan.tv\\\/az\\\/#website\"},\"primaryImageOfPage\":{\"@id\":\"https:\\\/\\\/www.meydan.tv\\\/az\\\/article\\\/abs-dovl%c9%99t-katibinin-muavini-az%c9%99rbaycan-v%c9%99-erm%c9%99nistanla-sulh-prosesi-v%c9%99-tramp-marsrutunu-muzakir%c9%99-edib\\\/#primaryimage\"},\"image\":{\"@id\":\"https:\\\/\\\/www.meydan.tv\\\/az\\\/article\\\/abs-dovl%c9%99t-katibinin-muavini-az%c9%99rbaycan-v%c9%99-erm%c9%99nistanla-sulh-prosesi-v%c9%99-tramp-marsrutunu-muzakir%c9%99-edib\\\/#primaryimage\"},\"thumbnailUrl\":\"https:\\\/\\\/www.meydan.tv\\\/wp-content\\\/uploads\\\/tag_4919-copy-1-scaled-e1763565283174.jpg\",\"datePublished\":\"2025-11-19T15:15:35+00:00\",\"dateModified\":\"2025-11-19T15:15:37+00:00\",\"breadcrumb\":{\"@id\":\"https:\\\/\\\/www.meydan.tv\\\/az\\\/article\\\/abs-dovl%c9%99t-katibinin-muavini-az%c9%99rbaycan-v%c9%99-erm%c9%99nistanla-sulh-prosesi-v%c9%99-tramp-marsrutunu-muzakir%c9%99-edib\\\/#breadcrumb\"},\"inLanguage\":\"az\",\"potentialAction\":[{\"@type\":\"ReadAction\",\"target\":[\"https:\\\/\\\/www.meydan.tv\\\/az\\\/article\\\/abs-dovl%c9%99t-katibinin-muavini-az%c9%99rbaycan-v%c9%99-erm%c9%99nistanla-sulh-prosesi-v%c9%99-tramp-marsrutunu-muzakir%c9%99-edib\\\/\"]}]},{\"@type\":\"ImageObject\",\"inLanguage\":\"az\",\"@id\":\"https:\\\/\\\/www.meydan.tv\\\/az\\\/article\\\/abs-dovl%c9%99t-katibinin-muavini-az%c9%99rbaycan-v%c9%99-erm%c9%99nistanla-sulh-prosesi-v%c9%99-tramp-marsrutunu-muzakir%c9%99-edib\\\/#primaryimage\",\"url\":\"https:\\\/\\\/www.meydan.tv\\\/wp-content\\\/uploads\\\/tag_4919-copy-1-scaled-e1763565283174.jpg\",\"contentUrl\":\"https:\\\/\\\/www.meydan.tv\\\/wp-content\\\/uploads\\\/tag_4919-copy-1-scaled-e1763565283174.jpg\",\"width\":1000,\"height\":468,\"caption\":\"Foto: X\u0130N\"},{\"@type\":\"BreadcrumbList\",\"@id\":\"https:\\\/\\\/www.meydan.tv\\\/az\\\/article\\\/abs-dovl%c9%99t-katibinin-muavini-az%c9%99rbaycan-v%c9%99-erm%c9%99nistanla-sulh-prosesi-v%c9%99-tramp-marsrutunu-muzakir%c9%99-edib\\\/#breadcrumb\",\"itemListElement\":[{\"@type\":\"ListItem\",\"position\":1,\"name\":\"Ana s\u0259hif\u0259\",\"item\":\"https:\\\/\\\/www.meydan.tv\\\/az\\\/\"},{\"@type\":\"ListItem\",\"position\":2,\"name\":\"Siyas\u0259t\",\"item\":\"https:\\\/\\\/www.meydan.tv\\\/az\\\/section\\\/siyaset\\\/\"},{\"@type\":\"ListItem\",\"position\":3,\"name\":\"AB\u015e d\u00f6vl\u0259t katibinin m\u00fcavini Az\u0259rbaycan v\u0259 Erm\u0259nistanla s\u00fclh prosesi v\u0259 \u201cTramp Mar\u015frutu\u201dnu m\u00fczakir\u0259 edib\"}]},{\"@type\":\"WebSite\",\"@id\":\"https:\\\/\\\/www.meydan.tv\\\/az\\\/#website\",\"url\":\"https:\\\/\\\/www.meydan.tv\\\/az\\\/\",\"name\":\"MEYDAN.TV\",\"description\":\"Meydan TV Az\u0259rbaycan\u0131n media m\u0259kan\u0131ndak\u0131 alternativ s\u0259sidir\",\"publisher\":{\"@id\":\"https:\\\/\\\/www.meydan.tv\\\/az\\\/#organization\"},\"potentialAction\":[{\"@type\":\"SearchAction\",\"target\":{\"@type\":\"EntryPoint\",\"urlTemplate\":\"https:\\\/\\\/www.meydan.tv\\\/az\\\/?s={search_term_string}\"},\"query-input\":{\"@type\":\"PropertyValueSpecification\",\"valueRequired\":true,\"valueName\":\"search_term_string\"}}],\"inLanguage\":\"az\"},{\"@type\":\"Organization\",\"@id\":\"https:\\\/\\\/www.meydan.tv\\\/az\\\/#organization\",\"name\":\"Meydan TV\",\"url\":\"https:\\\/\\\/www.meydan.tv\\\/az\\\/\",\"logo\":{\"@type\":\"ImageObject\",\"inLanguage\":\"az\",\"@id\":\"https:\\\/\\\/www.meydan.tv\\\/az\\\/#\\\/schema\\\/logo\\\/image\\\/\",\"url\":\"https:\\\/\\\/www.meydan.tv\\\/wp-content\\\/uploads\\\/2021\\\/07\\\/meydan-logo.svg\",\"contentUrl\":\"https:\\\/\\\/www.meydan.tv\\\/wp-content\\\/uploads\\\/2021\\\/07\\\/meydan-logo.svg\",\"width\":195,\"height\":46,\"caption\":\"Meydan TV\"},\"image\":{\"@id\":\"https:\\\/\\\/www.meydan.tv\\\/az\\\/#\\\/schema\\\/logo\\\/image\\\/\"}},{\"@type\":\"Person\",\"@id\":\"https:\\\/\\\/www.meydan.tv\\\/az\\\/#\\\/schema\\\/person\\\/09863e516102a829e72bedcf3f84c6b0\",\"name\":\"mahmud\"}]}<\/script>\n<!-- \/ Yoast SEO plugin. -->","yoast_head_json":{"title":"AB\u015e d\u00f6vl\u0259t katibinin m\u00fcavini Az\u0259rbaycan v\u0259 Erm\u0259nistanla s\u00fclh prosesi v\u0259 \u201cTramp Mar\u015frutu\u201dnu m\u00fczakir\u0259 edib - MEYDAN.TV","robots":{"index":"index","follow":"follow","max-snippet":"max-snippet:-1","max-image-preview":"max-image-preview:large","max-video-preview":"max-video-preview:-1"},"canonical":"https:\/\/www.meydan.tv\/az\/article\/abs-dovl%c9%99t-katibinin-muavini-az%c9%99rbaycan-v%c9%99-erm%c9%99nistanla-sulh-prosesi-v%c9%99-tramp-marsrutunu-muzakir%c9%99-edib\/","og_locale":"az_AZ","og_type":"article","og_title":"AB\u015e d\u00f6vl\u0259t katibinin m\u00fcavini Az\u0259rbaycan v\u0259 Erm\u0259nistanla s\u00fclh prosesi v\u0259 \u201cTramp Mar\u015frutu\u201dnu m\u00fczakir\u0259 edib - MEYDAN.TV","og_description":"AB\u015e d\u00f6vl\u0259t katibinin siyasi m\u0259s\u0259l\u0259l\u0259r \u00fczr\u0259 m\u00fcavini Alison Huker Az\u0259rbaycan ... Davam\u0131","og_url":"https:\/\/www.meydan.tv\/az\/article\/abs-dovl%c9%99t-katibinin-muavini-az%c9%99rbaycan-v%c9%99-erm%c9%99nistanla-sulh-prosesi-v%c9%99-tramp-marsrutunu-muzakir%c9%99-edib\/","og_site_name":"MEYDAN.TV","article_published_time":"2025-11-19T15:15:35+00:00","article_modified_time":"2025-11-19T15:15:37+00:00","og_image":[{"width":1000,"height":468,"url":"https:\/\/www.meydan.tv\/wp-content\/uploads\/tag_4919-copy-1-scaled-e1763565283174.jpg","type":"image\/jpeg"}],"author":"mahmud","twitter_card":"summary_large_image","schema":{"@context":"https:\/\/schema.org","@graph":[{"@type":"Article","@id":"https:\/\/www.meydan.tv\/az\/article\/abs-dovl%c9%99t-katibinin-muavini-az%c9%99rbaycan-v%c9%99-erm%c9%99nistanla-sulh-prosesi-v%c9%99-tramp-marsrutunu-muzakir%c9%99-edib\/#article","isPartOf":{"@id":"https:\/\/www.meydan.tv\/az\/article\/abs-dovl%c9%99t-katibinin-muavini-az%c9%99rbaycan-v%c9%99-erm%c9%99nistanla-sulh-prosesi-v%c9%99-tramp-marsrutunu-muzakir%c9%99-edib\/"},"author":{"name":"mahmud","@id":"https:\/\/www.meydan.tv\/az\/#\/schema\/person\/09863e516102a829e72bedcf3f84c6b0"},"headline":"AB\u015e d\u00f6vl\u0259t katibinin m\u00fcavini Az\u0259rbaycan v\u0259 Erm\u0259nistanla s\u00fclh prosesi v\u0259 \u201cTramp Mar\u015frutu\u201dnu m\u00fczakir\u0259 edib","datePublished":"2025-11-19T15:15:35+00:00","dateModified":"2025-11-19T15:15:37+00:00","mainEntityOfPage":{"@id":"https:\/\/www.meydan.tv\/az\/article\/abs-dovl%c9%99t-katibinin-muavini-az%c9%99rbaycan-v%c9%99-erm%c9%99nistanla-sulh-prosesi-v%c9%99-tramp-marsrutunu-muzakir%c9%99-edib\/"},"wordCount":698,"publisher":{"@id":"https:\/\/www.meydan.tv\/az\/#organization"},"image":{"@id":"https:\/\/www.meydan.tv\/az\/article\/abs-dovl%c9%99t-katibinin-muavini-az%c9%99rbaycan-v%c9%99-erm%c9%99nistanla-sulh-prosesi-v%c9%99-tramp-marsrutunu-muzakir%c9%99-edib\/#primaryimage"},"thumbnailUrl":"https:\/\/www.meydan.tv\/wp-content\/uploads\/tag_4919-copy-1-scaled-e1763565283174.jpg","articleSection":["Siyas\u0259t","T\u00f6vsiy\u0259","X\u0259b\u0259rl\u0259r"],"inLanguage":"az"},{"@type":"WebPage","@id":"https:\/\/www.meydan.tv\/az\/article\/abs-dovl%c9%99t-katibinin-muavini-az%c9%99rbaycan-v%c9%99-erm%c9%99nistanla-sulh-prosesi-v%c9%99-tramp-marsrutunu-muzakir%c9%99-edib\/","url":"https:\/\/www.meydan.tv\/az\/article\/abs-dovl%c9%99t-katibinin-muavini-az%c9%99rbaycan-v%c9%99-erm%c9%99nistanla-sulh-prosesi-v%c9%99-tramp-marsrutunu-muzakir%c9%99-edib\/","name":"AB\u015e d\u00f6vl\u0259t katibinin m\u00fcavini Az\u0259rbaycan v\u0259 Erm\u0259nistanla s\u00fclh prosesi v\u0259 \u201cTramp Mar\u015frutu\u201dnu m\u00fczakir\u0259 edib - MEYDAN.TV","isPartOf":{"@id":"https:\/\/www.meydan.tv\/az\/#website"},"primaryImageOfPage":{"@id":"https:\/\/www.meydan.tv\/az\/article\/abs-dovl%c9%99t-katibinin-muavini-az%c9%99rbaycan-v%c9%99-erm%c9%99nistanla-sulh-prosesi-v%c9%99-tramp-marsrutunu-muzakir%c9%99-edib\/#primaryimage"},"image":{"@id":"https:\/\/www.meydan.tv\/az\/article\/abs-dovl%c9%99t-katibinin-muavini-az%c9%99rbaycan-v%c9%99-erm%c9%99nistanla-sulh-prosesi-v%c9%99-tramp-marsrutunu-muzakir%c9%99-edib\/#primaryimage"},"thumbnailUrl":"https:\/\/www.meydan.tv\/wp-content\/uploads\/tag_4919-copy-1-scaled-e1763565283174.jpg","datePublished":"2025-11-19T15:15:35+00:00","dateModified":"2025-11-19T15:15:37+00:00","breadcrumb":{"@id":"https:\/\/www.meydan.tv\/az\/article\/abs-dovl%c9%99t-katibinin-muavini-az%c9%99rbaycan-v%c9%99-erm%c9%99nistanla-sulh-prosesi-v%c9%99-tramp-marsrutunu-muzakir%c9%99-edib\/#breadcrumb"},"inLanguage":"az","potentialAction":[{"@type":"ReadAction","target":["https:\/\/www.meydan.tv\/az\/article\/abs-dovl%c9%99t-katibinin-muavini-az%c9%99rbaycan-v%c9%99-erm%c9%99nistanla-sulh-prosesi-v%c9%99-tramp-marsrutunu-muzakir%c9%99-edib\/"]}]},{"@type":"ImageObject","inLanguage":"az","@id":"https:\/\/www.meydan.tv\/az\/article\/abs-dovl%c9%99t-katibinin-muavini-az%c9%99rbaycan-v%c9%99-erm%c9%99nistanla-sulh-prosesi-v%c9%99-tramp-marsrutunu-muzakir%c9%99-edib\/#primaryimage","url":"https:\/\/www.meydan.tv\/wp-content\/uploads\/tag_4919-copy-1-scaled-e1763565283174.jpg","contentUrl":"https:\/\/www.meydan.tv\/wp-content\/uploads\/tag_4919-copy-1-scaled-e1763565283174.jpg","width":1000,"height":468,"caption":"Foto: X\u0130N"},{"@type":"BreadcrumbList","@id":"https:\/\/www.meydan.tv\/az\/article\/abs-dovl%c9%99t-katibinin-muavini-az%c9%99rbaycan-v%c9%99-erm%c9%99nistanla-sulh-prosesi-v%c9%99-tramp-marsrutunu-muzakir%c9%99-edib\/#breadcrumb","itemListElement":[{"@type":"ListItem","position":1,"name":"Ana s\u0259hif\u0259","item":"https:\/\/www.meydan.tv\/az\/"},{"@type":"ListItem","position":2,"name":"Siyas\u0259t","item":"https:\/\/www.meydan.tv\/az\/section\/siyaset\/"},{"@type":"ListItem","position":3,"name":"AB\u015e d\u00f6vl\u0259t katibinin m\u00fcavini Az\u0259rbaycan v\u0259 Erm\u0259nistanla s\u00fclh prosesi v\u0259 \u201cTramp Mar\u015frutu\u201dnu m\u00fczakir\u0259 edib"}]},{"@type":"WebSite","@id":"https:\/\/www.meydan.tv\/az\/#website","url":"https:\/\/www.meydan.tv\/az\/","name":"MEYDAN.TV","description":"Meydan TV Az\u0259rbaycan\u0131n media m\u0259kan\u0131ndak\u0131 alternativ s\u0259sidir","publisher":{"@id":"https:\/\/www.meydan.tv\/az\/#organization"},"potentialAction":[{"@type":"SearchAction","target":{"@type":"EntryPoint","urlTemplate":"https:\/\/www.meydan.tv\/az\/?s={search_term_string}"},"query-input":{"@type":"PropertyValueSpecification","valueRequired":true,"valueName":"search_term_string"}}],"inLanguage":"az"},{"@type":"Organization","@id":"https:\/\/www.meydan.tv\/az\/#organization","name":"Meydan TV","url":"https:\/\/www.meydan.tv\/az\/","logo":{"@type":"ImageObject","inLanguage":"az","@id":"https:\/\/www.meydan.tv\/az\/#\/schema\/logo\/image\/","url":"https:\/\/www.meydan.tv\/wp-content\/uploads\/2021\/07\/meydan-logo.svg","contentUrl":"https:\/\/www.meydan.tv\/wp-content\/uploads\/2021\/07\/meydan-logo.svg","width":195,"height":46,"caption":"Meydan TV"},"image":{"@id":"https:\/\/www.meydan.tv\/az\/#\/schema\/logo\/image\/"}},{"@type":"Person","@id":"https:\/\/www.meydan.tv\/az\/#\/schema\/person\/09863e516102a829e72bedcf3f84c6b0","name":"mahmud"}]}},"_links":{"self":[{"href":"https:\/\/www.meydan.tv\/az\/wp-json\/wp\/v2\/posts\/337670","targetHints":{"allow":["GET"]}}],"collection":[{"href":"https:\/\/www.meydan.tv\/az\/wp-json\/wp\/v2\/posts"}],"about":[{"href":"https:\/\/www.meydan.tv\/az\/wp-json\/wp\/v2\/types\/post"}],"author":[{"embeddable":true,"href":"https:\/\/www.meydan.tv\/az\/wp-json\/wp\/v2\/users\/21"}],"replies":[{"embeddable":true,"href":"https:\/\/www.meydan.tv\/az\/wp-json\/wp\/v2\/comments?post=337670"}],"version-history":[{"count":1,"href":"https:\/\/www.meydan.tv\/az\/wp-json\/wp\/v2\/posts\/337670\/revisions"}],"predecessor-version":[{"id":337674,"href":"https:\/\/www.meydan.tv\/az\/wp-json\/wp\/v2\/posts\/337670\/revisions\/337674"}],"wp:featuredmedia":[{"embeddable":true,"href":"https:\/\/www.meydan.tv\/az\/wp-json\/wp\/v2\/media\/337671"}],"wp:attachment":[{"href":"https:\/\/www.meydan.tv\/az\/wp-json\/wp\/v2\/media?parent=337670"}],"wp:term":[{"taxonomy":"category","embeddable":true,"href":"https:\/\/www.meydan.tv\/az\/wp-json\/wp\/v2\/categories?post=337670"},{"taxonomy":"post_tag","embeddable":true,"href":"https:\/\/www.meydan.tv\/az\/wp-json\/wp\/v2\/tags?post=337670"}],"curies":[{"name":"wp","href":"https:\/\/api.w.org\/{rel}","templated":true}]}}