{"id":337526,"date":"2025-11-17T14:40:21","date_gmt":"2025-11-17T10:40:21","guid":{"rendered":"https:\/\/www.meydan.tv\/?p=337526"},"modified":"2025-11-17T15:38:06","modified_gmt":"2025-11-17T11:38:06","slug":"m%c9%99hk%c9%99m%c9%99-b%c9%99hruz-s%c9%99m%c9%99dovun-sikay%c9%99tini-baxilmamis-sayib","status":"publish","type":"post","link":"https:\/\/www.meydan.tv\/az\/article\/m%c9%99hk%c9%99m%c9%99-b%c9%99hruz-s%c9%99m%c9%99dovun-sikay%c9%99tini-baxilmamis-sayib\/","title":{"rendered":"M\u0259hk\u0259m\u0259 B\u0259hruz S\u0259m\u0259dovun \u015fikay\u0259tini bax\u0131lmam\u0131\u015f say\u0131b"},"content":{"rendered":"\n<p>Bu g\u00fcn, noyabr\u0131n 17-d\u0259 11 sayl\u0131 C\u0259za\u00e7\u0259km\u0259 M\u00fc\u0259ssis\u0259sind\u0259 \u00c7exiyan\u0131n Karlova Universitetinin doktorant\u0131, elmi t\u0259dqiqat\u00e7\u0131 B\u0259hruz S\u0259m\u0259dovun qanunsuz olaraq karsda saxlan\u0131lmas\u0131ndan verdiyi \u015fikay\u0259t \u00fczr\u0259 m\u0259hk\u0259m\u0259 prosesi ke\u00e7irilib.\u00a0<\/p>\n\n\n\n<p>Prosesd\u0259 B\u0259hruz S\u0259m\u0259dovun \u00f6z\u00fc v\u0259 v\u0259kili Zibeyd\u0259 Sad\u0131qova \u00e7\u0131x\u0131\u015f edib.<\/p>\n\n\n\n<p>M\u0259hk\u0259m\u0259 i\u015fi bax\u0131lmam\u0131\u015f say\u0131b. Hakim bildirilib ki, i\u015f\u0259 Bak\u0131 \u0130nzibati M\u0259hk\u0259m\u0259sind\u0259 bax\u0131lmal\u0131d\u0131r.&nbsp;<\/p>\n\n\n\n<p>Bu bar\u0259d\u0259 m\u0259lumat\u0131 B\u0259hruz S\u0259m\u0259dovun yax\u0131nlar\u0131 Meydan TV-y\u0259 bildirib.<\/p>\n\n\n\n<p>Onlar\u0131n dediyin\u0259 g\u00f6r\u0259, 11 sayl\u0131 c\u0259za\u00e7\u0259km\u0259 m\u00fc\u0259ssis\u0259sinin r\u0259hb\u0259ri B\u0259hruz S\u0259m\u0259dovun Umbak\u0131 penitensiar kompleksinin qapal\u0131 hiss\u0259sin\u0259 k\u00f6\u00e7\u00fcr\u00fclm\u0259si haqda m\u0259hk\u0259m\u0259y\u0259 \u015fikay\u0259t verib. <\/p>\n\n\n\n<pre class=\"wp-block-preformatted\">B\u0259hruz S\u0259m\u0259dov Az\u0259rbaycan-Erm\u0259nistan m\u00fcnaqi\u015f\u0259si haqq\u0131nda apard\u0131\u011f\u0131 ara\u015fd\u0131rmalar, el\u0259c\u0259 d\u0259 Az\u0259rbaycan h\u00f6kum\u0259tini t\u0259nqid ed\u0259n yaz\u0131lar\u0131n m\u00fc\u0259llifi kimi tan\u0131n\u0131r.<br><br>O, 2024-c\u00fc il avqustun 21-d\u0259 D\u00f6vl\u0259t T\u0259hl\u00fck\u0259sizlik Xidm\u0259tinin \u0259m\u0259kda\u015flar\u0131 t\u0259r\u0259find\u0259n saxlan\u0131l\u0131b.<br><br>O, Cinay\u0259t M\u0259c\u0259ll\u0259sinin 274-c\u00fc (d\u00f6vl\u0259t\u0259 x\u0259yan\u0259t) madd\u0259si il\u0259 ittiham olunub.<br><br>B\u0259hruz S\u0259m\u0259dov ittiham\u0131 q\u0259bul etmir, \u00f6z\u00fcn\u00fc t\u0259qsirli bilmir.&nbsp;<br><br>O, iyunun 23-d\u0259 15 il azadl\u0131qdan<a href=\"https:\/\/storage.googleapis.com\/qurium\/www.meydan.tv\/az-article-b%c9%99hruz-s%c9%99m%c9%99dov-15-il-mudd%c9%99tin%c9%99-azadliqdan-m%c9%99hrum-edilib.html\" target=\"_blank\" rel=\"noreferrer noopener nofollow\"> m\u0259hrum edilib.<\/a><\/pre>\n","protected":false},"excerpt":{"rendered":"<p>Bu g\u00fcn, noyabr\u0131n 17-d\u0259 11 sayl\u0131 C\u0259za\u00e7\u0259km\u0259 M\u00fc\u0259ssis\u0259sind\u0259 \u00c7exiyan\u0131n Karlova &#8230; <\/p>\n<p class=\"read-more-container\"><a title=\"M\u0259hk\u0259m\u0259 B\u0259hruz S\u0259m\u0259dovun \u015fikay\u0259tini bax\u0131lmam\u0131\u015f say\u0131b\" class=\"read-more button\" href=\"https:\/\/www.meydan.tv\/az\/article\/m%c9%99hk%c9%99m%c9%99-b%c9%99hruz-s%c9%99m%c9%99dovun-sikay%c9%99tini-baxilmamis-sayib\/#more-337526\" aria-label=\"Read more about M\u0259hk\u0259m\u0259 B\u0259hruz S\u0259m\u0259dovun \u015fikay\u0259tini bax\u0131lmam\u0131\u015f say\u0131b\">Davam\u0131<\/a><\/p>\n","protected":false},"author":21,"featured_media":320155,"comment_status":"closed","ping_status":"closed","sticky":false,"template":"","format":"standard","meta":{"_acf_changed":false,"_sitemap_exclude":false,"_sitemap_priority":"","_sitemap_frequency":"","footnotes":""},"categories":[59,79,56],"tags":[],"class_list":["post-337526","post","type-post","status-publish","format-standard","has-post-thumbnail","hentry","category-siyaset","category-featured","category-xeberler","infinite-scroll-item","generate-columns","tablet-grid-50","mobile-grid-100","grid-parent","grid-33","no-featured-image-padding"],"acf":[],"yoast_head":"<!-- This site is optimized with the Yoast SEO plugin v27.4 - https:\/\/yoast.com\/product\/yoast-seo-wordpress\/ -->\n<title>M\u0259hk\u0259m\u0259 B\u0259hruz S\u0259m\u0259dovun \u015fikay\u0259tini bax\u0131lmam\u0131\u015f say\u0131b - MEYDAN.TV<\/title>\n<meta name=\"robots\" content=\"index, follow, max-snippet:-1, max-image-preview:large, max-video-preview:-1\" \/>\n<link rel=\"canonical\" href=\"https:\/\/www.meydan.tv\/az\/article\/m%c9%99hk%c9%99m%c9%99-b%c9%99hruz-s%c9%99m%c9%99dovun-sikay%c9%99tini-baxilmamis-sayib\/\" \/>\n<meta property=\"og:locale\" content=\"az_AZ\" \/>\n<meta property=\"og:type\" content=\"article\" \/>\n<meta property=\"og:title\" content=\"M\u0259hk\u0259m\u0259 B\u0259hruz S\u0259m\u0259dovun \u015fikay\u0259tini bax\u0131lmam\u0131\u015f say\u0131b - MEYDAN.TV\" \/>\n<meta property=\"og:description\" content=\"Bu g\u00fcn, noyabr\u0131n 17-d\u0259 11 sayl\u0131 C\u0259za\u00e7\u0259km\u0259 M\u00fc\u0259ssis\u0259sind\u0259 \u00c7exiyan\u0131n Karlova ... Davam\u0131\" \/>\n<meta property=\"og:url\" content=\"https:\/\/www.meydan.tv\/az\/article\/m%c9%99hk%c9%99m%c9%99-b%c9%99hruz-s%c9%99m%c9%99dovun-sikay%c9%99tini-baxilmamis-sayib\/\" \/>\n<meta property=\"og:site_name\" content=\"MEYDAN.TV\" \/>\n<meta property=\"article:published_time\" content=\"2025-11-17T10:40:21+00:00\" \/>\n<meta property=\"article:modified_time\" content=\"2025-11-17T11:38:06+00:00\" \/>\n<meta property=\"og:image\" content=\"https:\/\/www.meydan.tv\/wp-content\/uploads\/img_1581-scaled-e1734627095926.jpg\" \/>\n\t<meta property=\"og:image:width\" content=\"2560\" \/>\n\t<meta property=\"og:image:height\" content=\"1190\" \/>\n\t<meta property=\"og:image:type\" content=\"image\/jpeg\" \/>\n<meta name=\"author\" content=\"mahmud\" \/>\n<meta name=\"twitter:card\" content=\"summary_large_image\" \/>\n<script type=\"application\/ld+json\" class=\"yoast-schema-graph\">{\"@context\":\"https:\\\/\\\/schema.org\",\"@graph\":[{\"@type\":\"Article\",\"@id\":\"https:\\\/\\\/www.meydan.tv\\\/az\\\/article\\\/m%c9%99hk%c9%99m%c9%99-b%c9%99hruz-s%c9%99m%c9%99dovun-sikay%c9%99tini-baxilmamis-sayib\\\/#article\",\"isPartOf\":{\"@id\":\"https:\\\/\\\/www.meydan.tv\\\/az\\\/article\\\/m%c9%99hk%c9%99m%c9%99-b%c9%99hruz-s%c9%99m%c9%99dovun-sikay%c9%99tini-baxilmamis-sayib\\\/\"},\"author\":{\"name\":\"mahmud\",\"@id\":\"https:\\\/\\\/www.meydan.tv\\\/az\\\/#\\\/schema\\\/person\\\/09863e516102a829e72bedcf3f84c6b0\"},\"headline\":\"M\u0259hk\u0259m\u0259 B\u0259hruz S\u0259m\u0259dovun \u015fikay\u0259tini bax\u0131lmam\u0131\u015f say\u0131b\",\"datePublished\":\"2025-11-17T10:40:21+00:00\",\"dateModified\":\"2025-11-17T11:38:06+00:00\",\"mainEntityOfPage\":{\"@id\":\"https:\\\/\\\/www.meydan.tv\\\/az\\\/article\\\/m%c9%99hk%c9%99m%c9%99-b%c9%99hruz-s%c9%99m%c9%99dovun-sikay%c9%99tini-baxilmamis-sayib\\\/\"},\"wordCount\":148,\"publisher\":{\"@id\":\"https:\\\/\\\/www.meydan.tv\\\/az\\\/#organization\"},\"image\":{\"@id\":\"https:\\\/\\\/www.meydan.tv\\\/az\\\/article\\\/m%c9%99hk%c9%99m%c9%99-b%c9%99hruz-s%c9%99m%c9%99dovun-sikay%c9%99tini-baxilmamis-sayib\\\/#primaryimage\"},\"thumbnailUrl\":\"https:\\\/\\\/www.meydan.tv\\\/wp-content\\\/uploads\\\/img_1581-scaled-e1734627095926.jpg\",\"articleSection\":[\"Siyas\u0259t\",\"T\u00f6vsiy\u0259\",\"X\u0259b\u0259rl\u0259r\"],\"inLanguage\":\"az\"},{\"@type\":\"WebPage\",\"@id\":\"https:\\\/\\\/www.meydan.tv\\\/az\\\/article\\\/m%c9%99hk%c9%99m%c9%99-b%c9%99hruz-s%c9%99m%c9%99dovun-sikay%c9%99tini-baxilmamis-sayib\\\/\",\"url\":\"https:\\\/\\\/www.meydan.tv\\\/az\\\/article\\\/m%c9%99hk%c9%99m%c9%99-b%c9%99hruz-s%c9%99m%c9%99dovun-sikay%c9%99tini-baxilmamis-sayib\\\/\",\"name\":\"M\u0259hk\u0259m\u0259 B\u0259hruz S\u0259m\u0259dovun \u015fikay\u0259tini bax\u0131lmam\u0131\u015f say\u0131b - MEYDAN.TV\",\"isPartOf\":{\"@id\":\"https:\\\/\\\/www.meydan.tv\\\/az\\\/#website\"},\"primaryImageOfPage\":{\"@id\":\"https:\\\/\\\/www.meydan.tv\\\/az\\\/article\\\/m%c9%99hk%c9%99m%c9%99-b%c9%99hruz-s%c9%99m%c9%99dovun-sikay%c9%99tini-baxilmamis-sayib\\\/#primaryimage\"},\"image\":{\"@id\":\"https:\\\/\\\/www.meydan.tv\\\/az\\\/article\\\/m%c9%99hk%c9%99m%c9%99-b%c9%99hruz-s%c9%99m%c9%99dovun-sikay%c9%99tini-baxilmamis-sayib\\\/#primaryimage\"},\"thumbnailUrl\":\"https:\\\/\\\/www.meydan.tv\\\/wp-content\\\/uploads\\\/img_1581-scaled-e1734627095926.jpg\",\"datePublished\":\"2025-11-17T10:40:21+00:00\",\"dateModified\":\"2025-11-17T11:38:06+00:00\",\"breadcrumb\":{\"@id\":\"https:\\\/\\\/www.meydan.tv\\\/az\\\/article\\\/m%c9%99hk%c9%99m%c9%99-b%c9%99hruz-s%c9%99m%c9%99dovun-sikay%c9%99tini-baxilmamis-sayib\\\/#breadcrumb\"},\"inLanguage\":\"az\",\"potentialAction\":[{\"@type\":\"ReadAction\",\"target\":[\"https:\\\/\\\/www.meydan.tv\\\/az\\\/article\\\/m%c9%99hk%c9%99m%c9%99-b%c9%99hruz-s%c9%99m%c9%99dovun-sikay%c9%99tini-baxilmamis-sayib\\\/\"]}]},{\"@type\":\"ImageObject\",\"inLanguage\":\"az\",\"@id\":\"https:\\\/\\\/www.meydan.tv\\\/az\\\/article\\\/m%c9%99hk%c9%99m%c9%99-b%c9%99hruz-s%c9%99m%c9%99dovun-sikay%c9%99tini-baxilmamis-sayib\\\/#primaryimage\",\"url\":\"https:\\\/\\\/www.meydan.tv\\\/wp-content\\\/uploads\\\/img_1581-scaled-e1734627095926.jpg\",\"contentUrl\":\"https:\\\/\\\/www.meydan.tv\\\/wp-content\\\/uploads\\\/img_1581-scaled-e1734627095926.jpg\",\"width\":2560,\"height\":1190,\"caption\":\"B\u0259hruz S\u0259m\u0259dov. \u0130ll\u00fcstrasiya: Meydan TV\"},{\"@type\":\"BreadcrumbList\",\"@id\":\"https:\\\/\\\/www.meydan.tv\\\/az\\\/article\\\/m%c9%99hk%c9%99m%c9%99-b%c9%99hruz-s%c9%99m%c9%99dovun-sikay%c9%99tini-baxilmamis-sayib\\\/#breadcrumb\",\"itemListElement\":[{\"@type\":\"ListItem\",\"position\":1,\"name\":\"Ana s\u0259hif\u0259\",\"item\":\"https:\\\/\\\/www.meydan.tv\\\/az\\\/\"},{\"@type\":\"ListItem\",\"position\":2,\"name\":\"Siyas\u0259t\",\"item\":\"https:\\\/\\\/www.meydan.tv\\\/az\\\/section\\\/siyaset\\\/\"},{\"@type\":\"ListItem\",\"position\":3,\"name\":\"M\u0259hk\u0259m\u0259 B\u0259hruz S\u0259m\u0259dovun \u015fikay\u0259tini bax\u0131lmam\u0131\u015f say\u0131b\"}]},{\"@type\":\"WebSite\",\"@id\":\"https:\\\/\\\/www.meydan.tv\\\/az\\\/#website\",\"url\":\"https:\\\/\\\/www.meydan.tv\\\/az\\\/\",\"name\":\"MEYDAN.TV\",\"description\":\"Meydan TV Az\u0259rbaycan\u0131n media m\u0259kan\u0131ndak\u0131 alternativ s\u0259sidir\",\"publisher\":{\"@id\":\"https:\\\/\\\/www.meydan.tv\\\/az\\\/#organization\"},\"potentialAction\":[{\"@type\":\"SearchAction\",\"target\":{\"@type\":\"EntryPoint\",\"urlTemplate\":\"https:\\\/\\\/www.meydan.tv\\\/az\\\/?s={search_term_string}\"},\"query-input\":{\"@type\":\"PropertyValueSpecification\",\"valueRequired\":true,\"valueName\":\"search_term_string\"}}],\"inLanguage\":\"az\"},{\"@type\":\"Organization\",\"@id\":\"https:\\\/\\\/www.meydan.tv\\\/az\\\/#organization\",\"name\":\"Meydan TV\",\"url\":\"https:\\\/\\\/www.meydan.tv\\\/az\\\/\",\"logo\":{\"@type\":\"ImageObject\",\"inLanguage\":\"az\",\"@id\":\"https:\\\/\\\/www.meydan.tv\\\/az\\\/#\\\/schema\\\/logo\\\/image\\\/\",\"url\":\"https:\\\/\\\/www.meydan.tv\\\/wp-content\\\/uploads\\\/2021\\\/07\\\/meydan-logo.svg\",\"contentUrl\":\"https:\\\/\\\/www.meydan.tv\\\/wp-content\\\/uploads\\\/2021\\\/07\\\/meydan-logo.svg\",\"width\":195,\"height\":46,\"caption\":\"Meydan TV\"},\"image\":{\"@id\":\"https:\\\/\\\/www.meydan.tv\\\/az\\\/#\\\/schema\\\/logo\\\/image\\\/\"}},{\"@type\":\"Person\",\"@id\":\"https:\\\/\\\/www.meydan.tv\\\/az\\\/#\\\/schema\\\/person\\\/09863e516102a829e72bedcf3f84c6b0\",\"name\":\"mahmud\"}]}<\/script>\n<!-- \/ Yoast SEO plugin. -->","yoast_head_json":{"title":"M\u0259hk\u0259m\u0259 B\u0259hruz S\u0259m\u0259dovun \u015fikay\u0259tini bax\u0131lmam\u0131\u015f say\u0131b - MEYDAN.TV","robots":{"index":"index","follow":"follow","max-snippet":"max-snippet:-1","max-image-preview":"max-image-preview:large","max-video-preview":"max-video-preview:-1"},"canonical":"https:\/\/www.meydan.tv\/az\/article\/m%c9%99hk%c9%99m%c9%99-b%c9%99hruz-s%c9%99m%c9%99dovun-sikay%c9%99tini-baxilmamis-sayib\/","og_locale":"az_AZ","og_type":"article","og_title":"M\u0259hk\u0259m\u0259 B\u0259hruz S\u0259m\u0259dovun \u015fikay\u0259tini bax\u0131lmam\u0131\u015f say\u0131b - MEYDAN.TV","og_description":"Bu g\u00fcn, noyabr\u0131n 17-d\u0259 11 sayl\u0131 C\u0259za\u00e7\u0259km\u0259 M\u00fc\u0259ssis\u0259sind\u0259 \u00c7exiyan\u0131n Karlova ... Davam\u0131","og_url":"https:\/\/www.meydan.tv\/az\/article\/m%c9%99hk%c9%99m%c9%99-b%c9%99hruz-s%c9%99m%c9%99dovun-sikay%c9%99tini-baxilmamis-sayib\/","og_site_name":"MEYDAN.TV","article_published_time":"2025-11-17T10:40:21+00:00","article_modified_time":"2025-11-17T11:38:06+00:00","og_image":[{"width":2560,"height":1190,"url":"https:\/\/www.meydan.tv\/wp-content\/uploads\/img_1581-scaled-e1734627095926.jpg","type":"image\/jpeg"}],"author":"mahmud","twitter_card":"summary_large_image","schema":{"@context":"https:\/\/schema.org","@graph":[{"@type":"Article","@id":"https:\/\/www.meydan.tv\/az\/article\/m%c9%99hk%c9%99m%c9%99-b%c9%99hruz-s%c9%99m%c9%99dovun-sikay%c9%99tini-baxilmamis-sayib\/#article","isPartOf":{"@id":"https:\/\/www.meydan.tv\/az\/article\/m%c9%99hk%c9%99m%c9%99-b%c9%99hruz-s%c9%99m%c9%99dovun-sikay%c9%99tini-baxilmamis-sayib\/"},"author":{"name":"mahmud","@id":"https:\/\/www.meydan.tv\/az\/#\/schema\/person\/09863e516102a829e72bedcf3f84c6b0"},"headline":"M\u0259hk\u0259m\u0259 B\u0259hruz S\u0259m\u0259dovun \u015fikay\u0259tini bax\u0131lmam\u0131\u015f say\u0131b","datePublished":"2025-11-17T10:40:21+00:00","dateModified":"2025-11-17T11:38:06+00:00","mainEntityOfPage":{"@id":"https:\/\/www.meydan.tv\/az\/article\/m%c9%99hk%c9%99m%c9%99-b%c9%99hruz-s%c9%99m%c9%99dovun-sikay%c9%99tini-baxilmamis-sayib\/"},"wordCount":148,"publisher":{"@id":"https:\/\/www.meydan.tv\/az\/#organization"},"image":{"@id":"https:\/\/www.meydan.tv\/az\/article\/m%c9%99hk%c9%99m%c9%99-b%c9%99hruz-s%c9%99m%c9%99dovun-sikay%c9%99tini-baxilmamis-sayib\/#primaryimage"},"thumbnailUrl":"https:\/\/www.meydan.tv\/wp-content\/uploads\/img_1581-scaled-e1734627095926.jpg","articleSection":["Siyas\u0259t","T\u00f6vsiy\u0259","X\u0259b\u0259rl\u0259r"],"inLanguage":"az"},{"@type":"WebPage","@id":"https:\/\/www.meydan.tv\/az\/article\/m%c9%99hk%c9%99m%c9%99-b%c9%99hruz-s%c9%99m%c9%99dovun-sikay%c9%99tini-baxilmamis-sayib\/","url":"https:\/\/www.meydan.tv\/az\/article\/m%c9%99hk%c9%99m%c9%99-b%c9%99hruz-s%c9%99m%c9%99dovun-sikay%c9%99tini-baxilmamis-sayib\/","name":"M\u0259hk\u0259m\u0259 B\u0259hruz S\u0259m\u0259dovun \u015fikay\u0259tini bax\u0131lmam\u0131\u015f say\u0131b - MEYDAN.TV","isPartOf":{"@id":"https:\/\/www.meydan.tv\/az\/#website"},"primaryImageOfPage":{"@id":"https:\/\/www.meydan.tv\/az\/article\/m%c9%99hk%c9%99m%c9%99-b%c9%99hruz-s%c9%99m%c9%99dovun-sikay%c9%99tini-baxilmamis-sayib\/#primaryimage"},"image":{"@id":"https:\/\/www.meydan.tv\/az\/article\/m%c9%99hk%c9%99m%c9%99-b%c9%99hruz-s%c9%99m%c9%99dovun-sikay%c9%99tini-baxilmamis-sayib\/#primaryimage"},"thumbnailUrl":"https:\/\/www.meydan.tv\/wp-content\/uploads\/img_1581-scaled-e1734627095926.jpg","datePublished":"2025-11-17T10:40:21+00:00","dateModified":"2025-11-17T11:38:06+00:00","breadcrumb":{"@id":"https:\/\/www.meydan.tv\/az\/article\/m%c9%99hk%c9%99m%c9%99-b%c9%99hruz-s%c9%99m%c9%99dovun-sikay%c9%99tini-baxilmamis-sayib\/#breadcrumb"},"inLanguage":"az","potentialAction":[{"@type":"ReadAction","target":["https:\/\/www.meydan.tv\/az\/article\/m%c9%99hk%c9%99m%c9%99-b%c9%99hruz-s%c9%99m%c9%99dovun-sikay%c9%99tini-baxilmamis-sayib\/"]}]},{"@type":"ImageObject","inLanguage":"az","@id":"https:\/\/www.meydan.tv\/az\/article\/m%c9%99hk%c9%99m%c9%99-b%c9%99hruz-s%c9%99m%c9%99dovun-sikay%c9%99tini-baxilmamis-sayib\/#primaryimage","url":"https:\/\/www.meydan.tv\/wp-content\/uploads\/img_1581-scaled-e1734627095926.jpg","contentUrl":"https:\/\/www.meydan.tv\/wp-content\/uploads\/img_1581-scaled-e1734627095926.jpg","width":2560,"height":1190,"caption":"B\u0259hruz S\u0259m\u0259dov. \u0130ll\u00fcstrasiya: Meydan TV"},{"@type":"BreadcrumbList","@id":"https:\/\/www.meydan.tv\/az\/article\/m%c9%99hk%c9%99m%c9%99-b%c9%99hruz-s%c9%99m%c9%99dovun-sikay%c9%99tini-baxilmamis-sayib\/#breadcrumb","itemListElement":[{"@type":"ListItem","position":1,"name":"Ana s\u0259hif\u0259","item":"https:\/\/www.meydan.tv\/az\/"},{"@type":"ListItem","position":2,"name":"Siyas\u0259t","item":"https:\/\/www.meydan.tv\/az\/section\/siyaset\/"},{"@type":"ListItem","position":3,"name":"M\u0259hk\u0259m\u0259 B\u0259hruz S\u0259m\u0259dovun \u015fikay\u0259tini bax\u0131lmam\u0131\u015f say\u0131b"}]},{"@type":"WebSite","@id":"https:\/\/www.meydan.tv\/az\/#website","url":"https:\/\/www.meydan.tv\/az\/","name":"MEYDAN.TV","description":"Meydan TV Az\u0259rbaycan\u0131n media m\u0259kan\u0131ndak\u0131 alternativ s\u0259sidir","publisher":{"@id":"https:\/\/www.meydan.tv\/az\/#organization"},"potentialAction":[{"@type":"SearchAction","target":{"@type":"EntryPoint","urlTemplate":"https:\/\/www.meydan.tv\/az\/?s={search_term_string}"},"query-input":{"@type":"PropertyValueSpecification","valueRequired":true,"valueName":"search_term_string"}}],"inLanguage":"az"},{"@type":"Organization","@id":"https:\/\/www.meydan.tv\/az\/#organization","name":"Meydan TV","url":"https:\/\/www.meydan.tv\/az\/","logo":{"@type":"ImageObject","inLanguage":"az","@id":"https:\/\/www.meydan.tv\/az\/#\/schema\/logo\/image\/","url":"https:\/\/www.meydan.tv\/wp-content\/uploads\/2021\/07\/meydan-logo.svg","contentUrl":"https:\/\/www.meydan.tv\/wp-content\/uploads\/2021\/07\/meydan-logo.svg","width":195,"height":46,"caption":"Meydan TV"},"image":{"@id":"https:\/\/www.meydan.tv\/az\/#\/schema\/logo\/image\/"}},{"@type":"Person","@id":"https:\/\/www.meydan.tv\/az\/#\/schema\/person\/09863e516102a829e72bedcf3f84c6b0","name":"mahmud"}]}},"_links":{"self":[{"href":"https:\/\/www.meydan.tv\/az\/wp-json\/wp\/v2\/posts\/337526","targetHints":{"allow":["GET"]}}],"collection":[{"href":"https:\/\/www.meydan.tv\/az\/wp-json\/wp\/v2\/posts"}],"about":[{"href":"https:\/\/www.meydan.tv\/az\/wp-json\/wp\/v2\/types\/post"}],"author":[{"embeddable":true,"href":"https:\/\/www.meydan.tv\/az\/wp-json\/wp\/v2\/users\/21"}],"replies":[{"embeddable":true,"href":"https:\/\/www.meydan.tv\/az\/wp-json\/wp\/v2\/comments?post=337526"}],"version-history":[{"count":5,"href":"https:\/\/www.meydan.tv\/az\/wp-json\/wp\/v2\/posts\/337526\/revisions"}],"predecessor-version":[{"id":337534,"href":"https:\/\/www.meydan.tv\/az\/wp-json\/wp\/v2\/posts\/337526\/revisions\/337534"}],"wp:featuredmedia":[{"embeddable":true,"href":"https:\/\/www.meydan.tv\/az\/wp-json\/wp\/v2\/media\/320155"}],"wp:attachment":[{"href":"https:\/\/www.meydan.tv\/az\/wp-json\/wp\/v2\/media?parent=337526"}],"wp:term":[{"taxonomy":"category","embeddable":true,"href":"https:\/\/www.meydan.tv\/az\/wp-json\/wp\/v2\/categories?post=337526"},{"taxonomy":"post_tag","embeddable":true,"href":"https:\/\/www.meydan.tv\/az\/wp-json\/wp\/v2\/tags?post=337526"}],"curies":[{"name":"wp","href":"https:\/\/api.w.org\/{rel}","templated":true}]}}