{"id":337437,"date":"2025-11-14T13:47:10","date_gmt":"2025-11-14T09:47:10","guid":{"rendered":"https:\/\/www.meydan.tv\/?p=337437"},"modified":"2025-11-14T17:29:34","modified_gmt":"2025-11-14T13:29:34","slug":"xaricd%c9%99-yasayan-daha-3-ictimai-s%c9%99xs-bar%c9%99sind%c9%99-qiyabi-h%c9%99bs-q%c9%99rari-verilib","status":"publish","type":"post","link":"https:\/\/www.meydan.tv\/az\/article\/xaricd%c9%99-yasayan-daha-3-ictimai-s%c9%99xs-bar%c9%99sind%c9%99-qiyabi-h%c9%99bs-q%c9%99rari-verilib\/","title":{"rendered":"Xaricd\u0259 ya\u015fayan daha 2 ictimai \u015f\u0259xs bar\u0259sind\u0259 qiyabi h\u0259bs q\u0259rar\u0131 verilib"},"content":{"rendered":"\n<p><\/p>\n\n\n\n<p>Xaricd\u0259 ya\u015fayan jurnalist Sevinc Osmanq\u0131z\u0131 v\u0259 bloger Abid Qafarov Ba\u015f Prokurorlu\u011fa \u00e7a\u011f\u0131r\u0131l\u0131b.<\/p>\n\n\n\n<p>Jurnalist Sevinc Osmanq\u0131z\u0131 Cinay\u0259t M\u0259c\u0259ll\u0259sinin 220.2 (hakimiyy\u0259t n\u00fcmay\u0259nd\u0259sinin qanuni t\u0259l\u0259bl\u0259rin\u0259 f\u0259al \u015f\u0259kild\u0259 tabe olmama\u011fa v\u0259 k\u00fctl\u0259vi i\u011fti\u015fa\u015flara, habel\u0259 v\u0259t\u0259nda\u015flara qar\u015f\u0131 zorak\u0131l\u0131q etm\u0259y\u0259 \u00e7a\u011f\u0131r\u0131\u015flar etm\u0259) v\u0259 281.2-ci (d\u00f6vl\u0259t \u0259leyhin\u0259 y\u00f6n\u0259l\u0259n a\u00e7\u0131q \u00e7a\u011f\u0131r\u0131\u015flar etm\u0259y\u0259 t\u0259hrik etm\u0259-eyni \u0259m\u0259ll\u0259r t\u0259krar v\u0259 ya bir qrup \u015f\u0259xs t\u0259r\u0259find\u0259n t\u00f6r\u0259dildikd\u0259) madd\u0259l\u0259ri il\u0259 ittiham olunur.<\/p>\n\n\n\n<p>Onun bar\u0259sind\u0259 axtar\u0131\u015f elan edilib. H\u0259min tarixd\u0259 Bin\u0259q\u0259di Rayon M\u0259hk\u0259m\u0259sinin q\u0259rar\u0131 il\u0259 Sevinc Osmanq\u0131z\u0131 haqq\u0131nda qiyabi h\u0259bs q\u0259timkan t\u0259dbiri se\u00e7ilib.<\/p>\n\n\n\n<p>Ba\u015f Prokurorlu\u011fun \u0130stintaq \u0130dar\u0259si t\u0259r\u0259find\u0259n t\u0259qsirl\u0259ndiril\u0259n bloger Abid Qafarova Cinay\u0259t M\u0259c\u0259ll\u0259sinin 467-13.4-c\u00fc madd\u0259sinin t\u0259l\u0259bin\u0259 \u0259sas\u0259n r\u0259smi bildiri\u015f g\u00f6nd\u0259rilib.\u00a0<\/p>\n\n\n\n<p>Bildirilir ki, Abid Qafarov 2025-ci il 20 noyabr tarixinda Ba\u015f Prokurorlu\u011fun \u0130stintaq \u0130dar\u0259sin\u0259 g\u0259lm\u0259lidir.&nbsp;<\/p>\n\n\n\n<p>Qafarov Cinay\u0259t M\u0259c\u0259ll\u0259sinin 220.2 (hakimiyy\u0259t n\u00fcmay\u0259nd\u0259sinin qanuni t\u0259l\u0259bl\u0259rin\u0259 f\u0259al \u015f\u0259kild\u0259 tabe olmama\u011fa v\u0259 k\u00fctl\u0259vi i\u011fti\u015fa\u015flara, habel\u0259 v\u0259t\u0259nda\u015flara qar\u015f\u0131 zorak\u0131l\u0131q etm\u0259y\u0259 \u00e7a\u011f\u0131r\u0131\u015flar etm\u0259)&nbsp; v\u0259 281.2-ci (d\u00f6vl\u0259t \u0259leyhin\u0259 y\u00f6n\u0259l\u0259n a\u00e7\u0131q \u00e7a\u011f\u0131r\u0131\u015flar etm\u0259y\u0259 t\u0259hrik etm\u0259-eyni \u0259m\u0259ll\u0259r t\u0259krar v\u0259 ya bir qrup \u015f\u0259xs t\u0259r\u0259find\u0259n t\u00f6r\u0259dildikd\u0259)&nbsp; madd\u0259l\u0259ri il\u0259 ittiham olunur.&nbsp;<\/p>\n\n\n\n<p>Abid Qafarov \u00f6lk\u0259d\u0259 olmad\u0131\u011f\u0131 \u00fc\u00e7\u00fcn bar\u0259sind\u0259 axtar\u0131\u015f elan edilib v\u0259 onun haqq\u0131nda Bin\u0259q\u0259di Rayon M\u0259hk\u0259m\u0259sinin q\u0259rar\u0131 il\u0259 qiyabi h\u0259bs q\u0259timkan t\u0259dbiri se\u00e7ilib.<\/p>\n\n\n\n<p>Sevinc Osmanq\u0131z\u0131\u00a0Azadl\u0131q Radiosuna <a href=\"https:\/\/www.azadliq.org\/a\/sevinc-osmanqizi-bas-prokurorluq\/33591196.html\" target=\"_blank\" rel=\"noreferrer noopener nofollow\">deyib<\/a> ki, bu, ondan \u00f6tr\u00fc g\u00f6zl\u0259nilm\u0259z olmay\u0131b: &#8220;\u018fg\u0259r s\u0259n bir &#8220;Youtube&#8221; kanal\u0131n\u0131n apar\u0131c\u0131s\u0131sansa, h\u0259r g\u00fcn efird\u0259s\u0259ns\u0259 v\u0259 rejimin maraqlar\u0131na toxunursansa, potensial h\u0259d\u0259fs\u0259n&#8221;.<\/p>\n\n\n\n<p>\u0130ttihamlar\u0131 q\u0259bul etm\u0259y\u0259n S.Osmanq\u0131z\u0131 vur\u011fulay\u0131b ki, &#8220;bu, s\u00f6zd\u0259n qorxudur&#8221;.<\/p>\n\n\n\n<p>Abid Qafarov is\u0259 m\u0259s\u0259l\u0259y\u0259 \u00f6z\u00fcn\u00fcn &#8220;Facebook&#8221; s\u0259hif\u0259sind\u0259 <a href=\"https:\/\/www.facebook.com\/abid.qafarov.7\" target=\"_blank\" rel=\"noreferrer noopener nofollow\">m\u00fcnasib\u0259t<\/a> bildirib. <\/p>\n\n\n\n<p><em>&#8220;H\u0259l\u0259lik he\u00e7 kimi i\u011fti\u015fa\u015fa v\u0259 ya qar\u015f\u0131durmaya s\u0259sl\u0259m\u0259mi\u015f\u0259m. Amma hakimiyy\u0259tin b\u00fct\u00fcn siyasi v\u0259 sosial institutlar\u0131 m\u0259hv etm\u0259si bizi el\u0259 v\u0259t\u0259nda\u015f qar\u015f\u0131durmas\u0131na apar\u0131r&#8221;,<\/em> &#8211; dey\u0259 o yaz\u0131b. <\/p>\n\n\n\n<p>Ba\u015f Prokurorluq bundan \u0259vv\u0259l d\u0259 xaricd\u0259 f\u0259aliyy\u0259t g\u00f6st\u0259r\u0259n bir \u00e7ox bloger v\u0259 internet televiziyalar\u0131n\u0131n t\u0259msil\u00e7il\u0259rini ox\u015far ittihamlarla istintaqa \u00e7a\u011f\u0131r\u0131b, onlar\u0131n haqq\u0131nda qiyabi h\u0259bs q\u0259rarlar\u0131 verib.<\/p>\n","protected":false},"excerpt":{"rendered":"<p>Xaricd\u0259 ya\u015fayan jurnalist Sevinc Osmanq\u0131z\u0131 v\u0259 bloger Abid Qafarov Ba\u015f &#8230; <\/p>\n<p class=\"read-more-container\"><a title=\"Xaricd\u0259 ya\u015fayan daha 2 ictimai \u015f\u0259xs bar\u0259sind\u0259 qiyabi h\u0259bs q\u0259rar\u0131 verilib\" class=\"read-more button\" href=\"https:\/\/www.meydan.tv\/az\/article\/xaricd%c9%99-yasayan-daha-3-ictimai-s%c9%99xs-bar%c9%99sind%c9%99-qiyabi-h%c9%99bs-q%c9%99rari-verilib\/#more-337437\" aria-label=\"Read more about Xaricd\u0259 ya\u015fayan daha 2 ictimai \u015f\u0259xs bar\u0259sind\u0259 qiyabi h\u0259bs q\u0259rar\u0131 verilib\">Davam\u0131<\/a><\/p>\n","protected":false},"author":21,"featured_media":337457,"comment_status":"closed","ping_status":"closed","sticky":false,"template":"","format":"standard","meta":{"_acf_changed":false,"_sitemap_exclude":false,"_sitemap_priority":"","_sitemap_frequency":"","footnotes":""},"categories":[59,79,56],"tags":[],"class_list":["post-337437","post","type-post","status-publish","format-standard","has-post-thumbnail","hentry","category-siyaset","category-featured","category-xeberler","infinite-scroll-item","generate-columns","tablet-grid-50","mobile-grid-100","grid-parent","grid-33","no-featured-image-padding"],"acf":[],"yoast_head":"<!-- This site is optimized with the Yoast SEO plugin v27.4 - https:\/\/yoast.com\/product\/yoast-seo-wordpress\/ -->\n<title>Xaricd\u0259 ya\u015fayan daha 2 ictimai \u015f\u0259xs bar\u0259sind\u0259 qiyabi h\u0259bs q\u0259rar\u0131 verilib - MEYDAN.TV<\/title>\n<meta name=\"robots\" content=\"index, follow, max-snippet:-1, max-image-preview:large, max-video-preview:-1\" \/>\n<link rel=\"canonical\" href=\"https:\/\/www.meydan.tv\/az\/article\/xaricd%c9%99-yasayan-daha-3-ictimai-s%c9%99xs-bar%c9%99sind%c9%99-qiyabi-h%c9%99bs-q%c9%99rari-verilib\/\" \/>\n<meta property=\"og:locale\" content=\"az_AZ\" \/>\n<meta property=\"og:type\" content=\"article\" \/>\n<meta property=\"og:title\" content=\"Xaricd\u0259 ya\u015fayan daha 2 ictimai \u015f\u0259xs bar\u0259sind\u0259 qiyabi h\u0259bs q\u0259rar\u0131 verilib - MEYDAN.TV\" \/>\n<meta property=\"og:description\" content=\"Xaricd\u0259 ya\u015fayan jurnalist Sevinc Osmanq\u0131z\u0131 v\u0259 bloger Abid Qafarov Ba\u015f ... Davam\u0131\" \/>\n<meta property=\"og:url\" content=\"https:\/\/www.meydan.tv\/az\/article\/xaricd%c9%99-yasayan-daha-3-ictimai-s%c9%99xs-bar%c9%99sind%c9%99-qiyabi-h%c9%99bs-q%c9%99rari-verilib\/\" \/>\n<meta property=\"og:site_name\" content=\"MEYDAN.TV\" \/>\n<meta property=\"article:published_time\" content=\"2025-11-14T09:47:10+00:00\" \/>\n<meta property=\"article:modified_time\" content=\"2025-11-14T13:29:34+00:00\" \/>\n<meta property=\"og:image\" content=\"https:\/\/www.meydan.tv\/wp-content\/uploads\/65578.png\" \/>\n\t<meta property=\"og:image:width\" content=\"2000\" \/>\n\t<meta property=\"og:image:height\" content=\"977\" \/>\n\t<meta property=\"og:image:type\" content=\"image\/png\" \/>\n<meta name=\"author\" content=\"mahmud\" \/>\n<meta name=\"twitter:card\" content=\"summary_large_image\" \/>\n<script type=\"application\/ld+json\" class=\"yoast-schema-graph\">{\"@context\":\"https:\\\/\\\/schema.org\",\"@graph\":[{\"@type\":\"Article\",\"@id\":\"https:\\\/\\\/www.meydan.tv\\\/az\\\/article\\\/xaricd%c9%99-yasayan-daha-3-ictimai-s%c9%99xs-bar%c9%99sind%c9%99-qiyabi-h%c9%99bs-q%c9%99rari-verilib\\\/#article\",\"isPartOf\":{\"@id\":\"https:\\\/\\\/www.meydan.tv\\\/az\\\/article\\\/xaricd%c9%99-yasayan-daha-3-ictimai-s%c9%99xs-bar%c9%99sind%c9%99-qiyabi-h%c9%99bs-q%c9%99rari-verilib\\\/\"},\"author\":{\"name\":\"mahmud\",\"@id\":\"https:\\\/\\\/www.meydan.tv\\\/az\\\/#\\\/schema\\\/person\\\/09863e516102a829e72bedcf3f84c6b0\"},\"headline\":\"Xaricd\u0259 ya\u015fayan daha 2 ictimai \u015f\u0259xs bar\u0259sind\u0259 qiyabi h\u0259bs q\u0259rar\u0131 verilib\",\"datePublished\":\"2025-11-14T09:47:10+00:00\",\"dateModified\":\"2025-11-14T13:29:34+00:00\",\"mainEntityOfPage\":{\"@id\":\"https:\\\/\\\/www.meydan.tv\\\/az\\\/article\\\/xaricd%c9%99-yasayan-daha-3-ictimai-s%c9%99xs-bar%c9%99sind%c9%99-qiyabi-h%c9%99bs-q%c9%99rari-verilib\\\/\"},\"wordCount\":518,\"publisher\":{\"@id\":\"https:\\\/\\\/www.meydan.tv\\\/az\\\/#organization\"},\"image\":{\"@id\":\"https:\\\/\\\/www.meydan.tv\\\/az\\\/article\\\/xaricd%c9%99-yasayan-daha-3-ictimai-s%c9%99xs-bar%c9%99sind%c9%99-qiyabi-h%c9%99bs-q%c9%99rari-verilib\\\/#primaryimage\"},\"thumbnailUrl\":\"https:\\\/\\\/www.meydan.tv\\\/wp-content\\\/uploads\\\/65578.png\",\"articleSection\":[\"Siyas\u0259t\",\"T\u00f6vsiy\u0259\",\"X\u0259b\u0259rl\u0259r\"],\"inLanguage\":\"az\"},{\"@type\":\"WebPage\",\"@id\":\"https:\\\/\\\/www.meydan.tv\\\/az\\\/article\\\/xaricd%c9%99-yasayan-daha-3-ictimai-s%c9%99xs-bar%c9%99sind%c9%99-qiyabi-h%c9%99bs-q%c9%99rari-verilib\\\/\",\"url\":\"https:\\\/\\\/www.meydan.tv\\\/az\\\/article\\\/xaricd%c9%99-yasayan-daha-3-ictimai-s%c9%99xs-bar%c9%99sind%c9%99-qiyabi-h%c9%99bs-q%c9%99rari-verilib\\\/\",\"name\":\"Xaricd\u0259 ya\u015fayan daha 2 ictimai \u015f\u0259xs bar\u0259sind\u0259 qiyabi h\u0259bs q\u0259rar\u0131 verilib - MEYDAN.TV\",\"isPartOf\":{\"@id\":\"https:\\\/\\\/www.meydan.tv\\\/az\\\/#website\"},\"primaryImageOfPage\":{\"@id\":\"https:\\\/\\\/www.meydan.tv\\\/az\\\/article\\\/xaricd%c9%99-yasayan-daha-3-ictimai-s%c9%99xs-bar%c9%99sind%c9%99-qiyabi-h%c9%99bs-q%c9%99rari-verilib\\\/#primaryimage\"},\"image\":{\"@id\":\"https:\\\/\\\/www.meydan.tv\\\/az\\\/article\\\/xaricd%c9%99-yasayan-daha-3-ictimai-s%c9%99xs-bar%c9%99sind%c9%99-qiyabi-h%c9%99bs-q%c9%99rari-verilib\\\/#primaryimage\"},\"thumbnailUrl\":\"https:\\\/\\\/www.meydan.tv\\\/wp-content\\\/uploads\\\/65578.png\",\"datePublished\":\"2025-11-14T09:47:10+00:00\",\"dateModified\":\"2025-11-14T13:29:34+00:00\",\"breadcrumb\":{\"@id\":\"https:\\\/\\\/www.meydan.tv\\\/az\\\/article\\\/xaricd%c9%99-yasayan-daha-3-ictimai-s%c9%99xs-bar%c9%99sind%c9%99-qiyabi-h%c9%99bs-q%c9%99rari-verilib\\\/#breadcrumb\"},\"inLanguage\":\"az\",\"potentialAction\":[{\"@type\":\"ReadAction\",\"target\":[\"https:\\\/\\\/www.meydan.tv\\\/az\\\/article\\\/xaricd%c9%99-yasayan-daha-3-ictimai-s%c9%99xs-bar%c9%99sind%c9%99-qiyabi-h%c9%99bs-q%c9%99rari-verilib\\\/\"]}]},{\"@type\":\"ImageObject\",\"inLanguage\":\"az\",\"@id\":\"https:\\\/\\\/www.meydan.tv\\\/az\\\/article\\\/xaricd%c9%99-yasayan-daha-3-ictimai-s%c9%99xs-bar%c9%99sind%c9%99-qiyabi-h%c9%99bs-q%c9%99rari-verilib\\\/#primaryimage\",\"url\":\"https:\\\/\\\/www.meydan.tv\\\/wp-content\\\/uploads\\\/65578.png\",\"contentUrl\":\"https:\\\/\\\/www.meydan.tv\\\/wp-content\\\/uploads\\\/65578.png\",\"width\":2000,\"height\":977,\"caption\":\"Abid Qafarov v\u0259 Sevinc Osmanq\u0131z\u0131 - Kollaj: Meydan TV\"},{\"@type\":\"BreadcrumbList\",\"@id\":\"https:\\\/\\\/www.meydan.tv\\\/az\\\/article\\\/xaricd%c9%99-yasayan-daha-3-ictimai-s%c9%99xs-bar%c9%99sind%c9%99-qiyabi-h%c9%99bs-q%c9%99rari-verilib\\\/#breadcrumb\",\"itemListElement\":[{\"@type\":\"ListItem\",\"position\":1,\"name\":\"Ana s\u0259hif\u0259\",\"item\":\"https:\\\/\\\/www.meydan.tv\\\/az\\\/\"},{\"@type\":\"ListItem\",\"position\":2,\"name\":\"Siyas\u0259t\",\"item\":\"https:\\\/\\\/www.meydan.tv\\\/az\\\/section\\\/siyaset\\\/\"},{\"@type\":\"ListItem\",\"position\":3,\"name\":\"Xaricd\u0259 ya\u015fayan daha 2 ictimai \u015f\u0259xs bar\u0259sind\u0259 qiyabi h\u0259bs q\u0259rar\u0131 verilib\"}]},{\"@type\":\"WebSite\",\"@id\":\"https:\\\/\\\/www.meydan.tv\\\/az\\\/#website\",\"url\":\"https:\\\/\\\/www.meydan.tv\\\/az\\\/\",\"name\":\"MEYDAN.TV\",\"description\":\"Meydan TV Az\u0259rbaycan\u0131n media m\u0259kan\u0131ndak\u0131 alternativ s\u0259sidir\",\"publisher\":{\"@id\":\"https:\\\/\\\/www.meydan.tv\\\/az\\\/#organization\"},\"potentialAction\":[{\"@type\":\"SearchAction\",\"target\":{\"@type\":\"EntryPoint\",\"urlTemplate\":\"https:\\\/\\\/www.meydan.tv\\\/az\\\/?s={search_term_string}\"},\"query-input\":{\"@type\":\"PropertyValueSpecification\",\"valueRequired\":true,\"valueName\":\"search_term_string\"}}],\"inLanguage\":\"az\"},{\"@type\":\"Organization\",\"@id\":\"https:\\\/\\\/www.meydan.tv\\\/az\\\/#organization\",\"name\":\"Meydan TV\",\"url\":\"https:\\\/\\\/www.meydan.tv\\\/az\\\/\",\"logo\":{\"@type\":\"ImageObject\",\"inLanguage\":\"az\",\"@id\":\"https:\\\/\\\/www.meydan.tv\\\/az\\\/#\\\/schema\\\/logo\\\/image\\\/\",\"url\":\"https:\\\/\\\/www.meydan.tv\\\/wp-content\\\/uploads\\\/2021\\\/07\\\/meydan-logo.svg\",\"contentUrl\":\"https:\\\/\\\/www.meydan.tv\\\/wp-content\\\/uploads\\\/2021\\\/07\\\/meydan-logo.svg\",\"width\":195,\"height\":46,\"caption\":\"Meydan TV\"},\"image\":{\"@id\":\"https:\\\/\\\/www.meydan.tv\\\/az\\\/#\\\/schema\\\/logo\\\/image\\\/\"}},{\"@type\":\"Person\",\"@id\":\"https:\\\/\\\/www.meydan.tv\\\/az\\\/#\\\/schema\\\/person\\\/09863e516102a829e72bedcf3f84c6b0\",\"name\":\"mahmud\"}]}<\/script>\n<!-- \/ Yoast SEO plugin. -->","yoast_head_json":{"title":"Xaricd\u0259 ya\u015fayan daha 2 ictimai \u015f\u0259xs bar\u0259sind\u0259 qiyabi h\u0259bs q\u0259rar\u0131 verilib - MEYDAN.TV","robots":{"index":"index","follow":"follow","max-snippet":"max-snippet:-1","max-image-preview":"max-image-preview:large","max-video-preview":"max-video-preview:-1"},"canonical":"https:\/\/www.meydan.tv\/az\/article\/xaricd%c9%99-yasayan-daha-3-ictimai-s%c9%99xs-bar%c9%99sind%c9%99-qiyabi-h%c9%99bs-q%c9%99rari-verilib\/","og_locale":"az_AZ","og_type":"article","og_title":"Xaricd\u0259 ya\u015fayan daha 2 ictimai \u015f\u0259xs bar\u0259sind\u0259 qiyabi h\u0259bs q\u0259rar\u0131 verilib - MEYDAN.TV","og_description":"Xaricd\u0259 ya\u015fayan jurnalist Sevinc Osmanq\u0131z\u0131 v\u0259 bloger Abid Qafarov Ba\u015f ... Davam\u0131","og_url":"https:\/\/www.meydan.tv\/az\/article\/xaricd%c9%99-yasayan-daha-3-ictimai-s%c9%99xs-bar%c9%99sind%c9%99-qiyabi-h%c9%99bs-q%c9%99rari-verilib\/","og_site_name":"MEYDAN.TV","article_published_time":"2025-11-14T09:47:10+00:00","article_modified_time":"2025-11-14T13:29:34+00:00","og_image":[{"width":2000,"height":977,"url":"https:\/\/www.meydan.tv\/wp-content\/uploads\/65578.png","type":"image\/png"}],"author":"mahmud","twitter_card":"summary_large_image","schema":{"@context":"https:\/\/schema.org","@graph":[{"@type":"Article","@id":"https:\/\/www.meydan.tv\/az\/article\/xaricd%c9%99-yasayan-daha-3-ictimai-s%c9%99xs-bar%c9%99sind%c9%99-qiyabi-h%c9%99bs-q%c9%99rari-verilib\/#article","isPartOf":{"@id":"https:\/\/www.meydan.tv\/az\/article\/xaricd%c9%99-yasayan-daha-3-ictimai-s%c9%99xs-bar%c9%99sind%c9%99-qiyabi-h%c9%99bs-q%c9%99rari-verilib\/"},"author":{"name":"mahmud","@id":"https:\/\/www.meydan.tv\/az\/#\/schema\/person\/09863e516102a829e72bedcf3f84c6b0"},"headline":"Xaricd\u0259 ya\u015fayan daha 2 ictimai \u015f\u0259xs bar\u0259sind\u0259 qiyabi h\u0259bs q\u0259rar\u0131 verilib","datePublished":"2025-11-14T09:47:10+00:00","dateModified":"2025-11-14T13:29:34+00:00","mainEntityOfPage":{"@id":"https:\/\/www.meydan.tv\/az\/article\/xaricd%c9%99-yasayan-daha-3-ictimai-s%c9%99xs-bar%c9%99sind%c9%99-qiyabi-h%c9%99bs-q%c9%99rari-verilib\/"},"wordCount":518,"publisher":{"@id":"https:\/\/www.meydan.tv\/az\/#organization"},"image":{"@id":"https:\/\/www.meydan.tv\/az\/article\/xaricd%c9%99-yasayan-daha-3-ictimai-s%c9%99xs-bar%c9%99sind%c9%99-qiyabi-h%c9%99bs-q%c9%99rari-verilib\/#primaryimage"},"thumbnailUrl":"https:\/\/www.meydan.tv\/wp-content\/uploads\/65578.png","articleSection":["Siyas\u0259t","T\u00f6vsiy\u0259","X\u0259b\u0259rl\u0259r"],"inLanguage":"az"},{"@type":"WebPage","@id":"https:\/\/www.meydan.tv\/az\/article\/xaricd%c9%99-yasayan-daha-3-ictimai-s%c9%99xs-bar%c9%99sind%c9%99-qiyabi-h%c9%99bs-q%c9%99rari-verilib\/","url":"https:\/\/www.meydan.tv\/az\/article\/xaricd%c9%99-yasayan-daha-3-ictimai-s%c9%99xs-bar%c9%99sind%c9%99-qiyabi-h%c9%99bs-q%c9%99rari-verilib\/","name":"Xaricd\u0259 ya\u015fayan daha 2 ictimai \u015f\u0259xs bar\u0259sind\u0259 qiyabi h\u0259bs q\u0259rar\u0131 verilib - MEYDAN.TV","isPartOf":{"@id":"https:\/\/www.meydan.tv\/az\/#website"},"primaryImageOfPage":{"@id":"https:\/\/www.meydan.tv\/az\/article\/xaricd%c9%99-yasayan-daha-3-ictimai-s%c9%99xs-bar%c9%99sind%c9%99-qiyabi-h%c9%99bs-q%c9%99rari-verilib\/#primaryimage"},"image":{"@id":"https:\/\/www.meydan.tv\/az\/article\/xaricd%c9%99-yasayan-daha-3-ictimai-s%c9%99xs-bar%c9%99sind%c9%99-qiyabi-h%c9%99bs-q%c9%99rari-verilib\/#primaryimage"},"thumbnailUrl":"https:\/\/www.meydan.tv\/wp-content\/uploads\/65578.png","datePublished":"2025-11-14T09:47:10+00:00","dateModified":"2025-11-14T13:29:34+00:00","breadcrumb":{"@id":"https:\/\/www.meydan.tv\/az\/article\/xaricd%c9%99-yasayan-daha-3-ictimai-s%c9%99xs-bar%c9%99sind%c9%99-qiyabi-h%c9%99bs-q%c9%99rari-verilib\/#breadcrumb"},"inLanguage":"az","potentialAction":[{"@type":"ReadAction","target":["https:\/\/www.meydan.tv\/az\/article\/xaricd%c9%99-yasayan-daha-3-ictimai-s%c9%99xs-bar%c9%99sind%c9%99-qiyabi-h%c9%99bs-q%c9%99rari-verilib\/"]}]},{"@type":"ImageObject","inLanguage":"az","@id":"https:\/\/www.meydan.tv\/az\/article\/xaricd%c9%99-yasayan-daha-3-ictimai-s%c9%99xs-bar%c9%99sind%c9%99-qiyabi-h%c9%99bs-q%c9%99rari-verilib\/#primaryimage","url":"https:\/\/www.meydan.tv\/wp-content\/uploads\/65578.png","contentUrl":"https:\/\/www.meydan.tv\/wp-content\/uploads\/65578.png","width":2000,"height":977,"caption":"Abid Qafarov v\u0259 Sevinc Osmanq\u0131z\u0131 - Kollaj: Meydan TV"},{"@type":"BreadcrumbList","@id":"https:\/\/www.meydan.tv\/az\/article\/xaricd%c9%99-yasayan-daha-3-ictimai-s%c9%99xs-bar%c9%99sind%c9%99-qiyabi-h%c9%99bs-q%c9%99rari-verilib\/#breadcrumb","itemListElement":[{"@type":"ListItem","position":1,"name":"Ana s\u0259hif\u0259","item":"https:\/\/www.meydan.tv\/az\/"},{"@type":"ListItem","position":2,"name":"Siyas\u0259t","item":"https:\/\/www.meydan.tv\/az\/section\/siyaset\/"},{"@type":"ListItem","position":3,"name":"Xaricd\u0259 ya\u015fayan daha 2 ictimai \u015f\u0259xs bar\u0259sind\u0259 qiyabi h\u0259bs q\u0259rar\u0131 verilib"}]},{"@type":"WebSite","@id":"https:\/\/www.meydan.tv\/az\/#website","url":"https:\/\/www.meydan.tv\/az\/","name":"MEYDAN.TV","description":"Meydan TV Az\u0259rbaycan\u0131n media m\u0259kan\u0131ndak\u0131 alternativ s\u0259sidir","publisher":{"@id":"https:\/\/www.meydan.tv\/az\/#organization"},"potentialAction":[{"@type":"SearchAction","target":{"@type":"EntryPoint","urlTemplate":"https:\/\/www.meydan.tv\/az\/?s={search_term_string}"},"query-input":{"@type":"PropertyValueSpecification","valueRequired":true,"valueName":"search_term_string"}}],"inLanguage":"az"},{"@type":"Organization","@id":"https:\/\/www.meydan.tv\/az\/#organization","name":"Meydan TV","url":"https:\/\/www.meydan.tv\/az\/","logo":{"@type":"ImageObject","inLanguage":"az","@id":"https:\/\/www.meydan.tv\/az\/#\/schema\/logo\/image\/","url":"https:\/\/www.meydan.tv\/wp-content\/uploads\/2021\/07\/meydan-logo.svg","contentUrl":"https:\/\/www.meydan.tv\/wp-content\/uploads\/2021\/07\/meydan-logo.svg","width":195,"height":46,"caption":"Meydan TV"},"image":{"@id":"https:\/\/www.meydan.tv\/az\/#\/schema\/logo\/image\/"}},{"@type":"Person","@id":"https:\/\/www.meydan.tv\/az\/#\/schema\/person\/09863e516102a829e72bedcf3f84c6b0","name":"mahmud"}]}},"_links":{"self":[{"href":"https:\/\/www.meydan.tv\/az\/wp-json\/wp\/v2\/posts\/337437","targetHints":{"allow":["GET"]}}],"collection":[{"href":"https:\/\/www.meydan.tv\/az\/wp-json\/wp\/v2\/posts"}],"about":[{"href":"https:\/\/www.meydan.tv\/az\/wp-json\/wp\/v2\/types\/post"}],"author":[{"embeddable":true,"href":"https:\/\/www.meydan.tv\/az\/wp-json\/wp\/v2\/users\/21"}],"replies":[{"embeddable":true,"href":"https:\/\/www.meydan.tv\/az\/wp-json\/wp\/v2\/comments?post=337437"}],"version-history":[{"count":2,"href":"https:\/\/www.meydan.tv\/az\/wp-json\/wp\/v2\/posts\/337437\/revisions"}],"predecessor-version":[{"id":337442,"href":"https:\/\/www.meydan.tv\/az\/wp-json\/wp\/v2\/posts\/337437\/revisions\/337442"}],"wp:featuredmedia":[{"embeddable":true,"href":"https:\/\/www.meydan.tv\/az\/wp-json\/wp\/v2\/media\/337457"}],"wp:attachment":[{"href":"https:\/\/www.meydan.tv\/az\/wp-json\/wp\/v2\/media?parent=337437"}],"wp:term":[{"taxonomy":"category","embeddable":true,"href":"https:\/\/www.meydan.tv\/az\/wp-json\/wp\/v2\/categories?post=337437"},{"taxonomy":"post_tag","embeddable":true,"href":"https:\/\/www.meydan.tv\/az\/wp-json\/wp\/v2\/tags?post=337437"}],"curies":[{"name":"wp","href":"https:\/\/api.w.org\/{rel}","templated":true}]}}