{"id":337327,"date":"2025-11-11T17:04:51","date_gmt":"2025-11-11T13:04:51","guid":{"rendered":"https:\/\/www.meydan.tv\/?p=337327"},"modified":"2025-11-11T20:57:09","modified_gmt":"2025-11-11T16:57:09","slug":"turkiy%c9%99nin-h%c9%99rbi-t%c9%99yyarisi-az%c9%99rbaycan-gurcustan-s%c9%99rh%c9%99dind%c9%99-qizaya-ugrayib","status":"publish","type":"post","link":"https:\/\/www.meydan.tv\/az\/article\/turkiy%c9%99nin-h%c9%99rbi-t%c9%99yyarisi-az%c9%99rbaycan-gurcustan-s%c9%99rh%c9%99dind%c9%99-qizaya-ugrayib\/","title":{"rendered":"T\u00fcrkiy\u0259nin Az\u0259rbaycandan u\u00e7an h\u0259rbi t\u0259yyar\u0259si G\u00fcrc\u00fcstanda q\u0259zaya u\u011fray\u0131b (Yenil\u0259nir)"},"content":{"rendered":"\n<p><em><strong>T\u00fcrkiy\u0259 Milli M\u00fcdafi\u0259 Nazirliyi bu g\u00fcn q\u0259zaya u\u011frayan C130 h\u0259rbi y\u00fck t\u0259yyar\u0259sind\u0259 20 h\u0259rbi personal\u0131n oldu\u011funu bildirib<\/strong><\/em><\/p>\n\n\n\n<p>Bu g\u00fcn, noyabr\u0131n 11-d\u0259 Az\u0259rbaycandan T\u00fcrkiy\u0259y\u0259 yola d\u00fc\u015f\u0259n C130 h\u0259rbi y\u00fck t\u0259yyar\u0259si  G\u00fcrc\u00fcstan-Az\u0259rbaycan s\u0259rh\u0259di yax\u0131nl\u0131\u011f\u0131nda q\u0259zaya u\u011fray\u0131b.<\/p>\n\n\n\n<p>Bu bar\u0259d\u0259 m\u0259lumat\u0131 T\u00fcrkiy\u0259 M\u00fcdafi\u0259 Nazirliyi <a href=\"https:\/\/apa.az\/avropa\/turkiyenin-azerbaycandan-ucan-herbi-yuk-teyyaresi-gurcustan-erazisinde-qezaya-ugrayib-video-yenilenib-925645\" target=\"_blank\" rel=\"noreferrer noopener nofollow\">yay\u0131b<\/a>.<\/p>\n\n\n\n<p><em>&#8220;Axtar\u0131\u015f-xilasetm\u0259 i\u015fl\u0259rin\u0259 G\u00fcrc\u00fcstan hakimiyy\u0259ti il\u0259 koordinasiyal\u0131 \u015f\u0259kild\u0259 ba\u015flan\u0131l\u0131b&#8221;, <\/em>&#8211; m\u0259lumatda deyilir.<br><br>G\u00fcrc\u00fcstan Daxili \u0130\u015fl\u0259r Nazirliyi t\u0259yyar\u0259 q\u0259zas\u0131n\u0131 t\u0259sdiql\u0259yib. <\/p>\n\n\n\n<p>M\u0259lumata \u0259sas\u0259n, T\u00fcrkiy\u0259nin y\u00fck t\u0259yyar\u0259si noyabr\u0131n 11-d\u0259 Siqnaxi b\u0259l\u0259diyy\u0259sind\u0259, G\u00fcrc\u00fcstan\u0131n d\u00f6vl\u0259t s\u0259rh\u0259dinin t\u0259qrib\u0259n 5 kilometrliyind\u0259 q\u0259zaya u\u011fray\u0131b.<\/p>\n\n\n\n<p>Qurumdan ara\u015fd\u0131rma apar\u0131ld\u0131\u011f\u0131n\u0131 bildirirl\u0259r. H\u0259l\u0259lik itkil\u0259r bar\u0259d\u0259 m\u0259lumat yoxdur.<br><br>Faktla ba\u011fl\u0131 u\u00e7u\u015flar\u0131n t\u0259hl\u00fck\u0259sizliyi qaydalar\u0131n\u0131n v\u0259 ya insan t\u0259l\u0259fat\u0131 il\u0259 n\u0259tic\u0259l\u0259n\u0259n hava n\u0259qliyyat\u0131 vasit\u0259sinin istismar\u0131 qaydalar\u0131n\u0131n pozulmas\u0131 madd\u0259si \u00fczr\u0259 istintaq apar\u0131l\u0131r.<\/p>\n\n\n\n<p>\u0130lham \u018fliyev art\u0131q T\u00fcrkiy\u0259y\u0259 m\u0259xsus h\u0259rbi y\u00fck t\u0259yyar\u0259sinin G\u00fcrc\u00fcstan \u0259razisind\u0259 q\u0259zaya u\u011framas\u0131 il\u0259 \u0259laq\u0259dar T\u00fcrkiy\u0259 Prezidenti R\u0259c\u0259b Tayyib \u018frdo\u011fana ba\u015fsa\u011fl\u0131\u011f\u0131 <a href=\"https:\/\/report.az\/xarici-siyaset\/ilham-eliyev-turkiye-prezidentine-bassagligi-verib\" target=\"_blank\" rel=\"noreferrer noopener nofollow\">verib<\/a>.<\/p>\n\n\n\n<figure class=\"wp-block-embed is-type-video is-provider-youtube wp-block-embed-youtube wp-embed-aspect-9-16 wp-has-aspect-ratio\"><div class=\"wp-block-embed__wrapper\">\n<iframe title=\"\u018frdo\u011fan: T\u0259yyar\u0259mizin q\u0259zaya u\u011frad\u0131\u011f\u0131n\u0131 \u00f6yr\u0259ndik.\" width=\"563\" height=\"1000\" data-src=\"https:\/\/www.youtube.com\/embed\/2GB-xvm6B9k?feature=oembed\" frameborder=\"0\" allow=\"accelerometer; autoplay; clipboard-write; encrypted-media; gyroscope; picture-in-picture; web-share\" referrerpolicy=\"strict-origin-when-cross-origin\" allowfullscreen src=\"data:image\/svg+xml;base64,PHN2ZyB3aWR0aD0iMSIgaGVpZ2h0PSIxIiB4bWxucz0iaHR0cDovL3d3dy53My5vcmcvMjAwMC9zdmciPjwvc3ZnPg==\" class=\"lazyload\" data-load-mode=\"1\"><\/iframe>\n<\/div><\/figure>\n","protected":false},"excerpt":{"rendered":"<p>T\u00fcrkiy\u0259 Milli M\u00fcdafi\u0259 Nazirliyi bu g\u00fcn q\u0259zaya u\u011frayan C130 h\u0259rbi &#8230; <\/p>\n<p class=\"read-more-container\"><a title=\"T\u00fcrkiy\u0259nin Az\u0259rbaycandan u\u00e7an h\u0259rbi t\u0259yyar\u0259si G\u00fcrc\u00fcstanda q\u0259zaya u\u011fray\u0131b (Yenil\u0259nir)\" class=\"read-more button\" href=\"https:\/\/www.meydan.tv\/az\/article\/turkiy%c9%99nin-h%c9%99rbi-t%c9%99yyarisi-az%c9%99rbaycan-gurcustan-s%c9%99rh%c9%99dind%c9%99-qizaya-ugrayib\/#more-337327\" aria-label=\"Read more about T\u00fcrkiy\u0259nin Az\u0259rbaycandan u\u00e7an h\u0259rbi t\u0259yyar\u0259si G\u00fcrc\u00fcstanda q\u0259zaya u\u011fray\u0131b (Yenil\u0259nir)\">Davam\u0131<\/a><\/p>\n","protected":false},"author":16,"featured_media":337339,"comment_status":"closed","ping_status":"closed","sticky":false,"template":"","format":"standard","meta":{"_acf_changed":false,"_sitemap_exclude":false,"_sitemap_priority":"","_sitemap_frequency":"","footnotes":""},"categories":[79,56],"tags":[],"class_list":["post-337327","post","type-post","status-publish","format-standard","has-post-thumbnail","hentry","category-featured","category-xeberler","infinite-scroll-item","generate-columns","tablet-grid-50","mobile-grid-100","grid-parent","grid-33","no-featured-image-padding"],"acf":[],"yoast_head":"<!-- This site is optimized with the Yoast SEO plugin v27.4 - https:\/\/yoast.com\/product\/yoast-seo-wordpress\/ -->\n<title>T\u00fcrkiy\u0259nin Az\u0259rbaycandan u\u00e7an h\u0259rbi t\u0259yyar\u0259si G\u00fcrc\u00fcstanda q\u0259zaya u\u011fray\u0131b (Yenil\u0259nir) - MEYDAN.TV<\/title>\n<meta name=\"robots\" content=\"index, follow, max-snippet:-1, max-image-preview:large, max-video-preview:-1\" \/>\n<link rel=\"canonical\" href=\"https:\/\/www.meydan.tv\/az\/article\/turkiy%c9%99nin-h%c9%99rbi-t%c9%99yyarisi-az%c9%99rbaycan-gurcustan-s%c9%99rh%c9%99dind%c9%99-qizaya-ugrayib\/\" \/>\n<meta property=\"og:locale\" content=\"az_AZ\" \/>\n<meta property=\"og:type\" content=\"article\" \/>\n<meta property=\"og:title\" content=\"T\u00fcrkiy\u0259nin Az\u0259rbaycandan u\u00e7an h\u0259rbi t\u0259yyar\u0259si G\u00fcrc\u00fcstanda q\u0259zaya u\u011fray\u0131b (Yenil\u0259nir) - MEYDAN.TV\" \/>\n<meta property=\"og:description\" content=\"T\u00fcrkiy\u0259 Milli M\u00fcdafi\u0259 Nazirliyi bu g\u00fcn q\u0259zaya u\u011frayan C130 h\u0259rbi ... Davam\u0131\" \/>\n<meta property=\"og:url\" content=\"https:\/\/www.meydan.tv\/az\/article\/turkiy%c9%99nin-h%c9%99rbi-t%c9%99yyarisi-az%c9%99rbaycan-gurcustan-s%c9%99rh%c9%99dind%c9%99-qizaya-ugrayib\/\" \/>\n<meta property=\"og:site_name\" content=\"MEYDAN.TV\" \/>\n<meta property=\"article:published_time\" content=\"2025-11-11T13:04:51+00:00\" \/>\n<meta property=\"article:modified_time\" content=\"2025-11-11T16:57:09+00:00\" \/>\n<meta property=\"og:image\" content=\"https:\/\/www.meydan.tv\/wp-content\/uploads\/img_20251111_140745_964-1.jpg\" \/>\n\t<meta property=\"og:image:width\" content=\"840\" \/>\n\t<meta property=\"og:image:height\" content=\"560\" \/>\n\t<meta property=\"og:image:type\" content=\"image\/jpeg\" \/>\n<meta name=\"author\" content=\"sevda\" \/>\n<meta name=\"twitter:card\" content=\"summary_large_image\" \/>\n<script type=\"application\/ld+json\" class=\"yoast-schema-graph\">{\"@context\":\"https:\\\/\\\/schema.org\",\"@graph\":[{\"@type\":\"Article\",\"@id\":\"https:\\\/\\\/www.meydan.tv\\\/az\\\/article\\\/turkiy%c9%99nin-h%c9%99rbi-t%c9%99yyarisi-az%c9%99rbaycan-gurcustan-s%c9%99rh%c9%99dind%c9%99-qizaya-ugrayib\\\/#article\",\"isPartOf\":{\"@id\":\"https:\\\/\\\/www.meydan.tv\\\/az\\\/article\\\/turkiy%c9%99nin-h%c9%99rbi-t%c9%99yyarisi-az%c9%99rbaycan-gurcustan-s%c9%99rh%c9%99dind%c9%99-qizaya-ugrayib\\\/\"},\"author\":{\"name\":\"sevda\",\"@id\":\"https:\\\/\\\/www.meydan.tv\\\/az\\\/#\\\/schema\\\/person\\\/49b5f2bad5b126bb8ea9320eeb3e4dc9\"},\"headline\":\"T\u00fcrkiy\u0259nin Az\u0259rbaycandan u\u00e7an h\u0259rbi t\u0259yyar\u0259si G\u00fcrc\u00fcstanda q\u0259zaya u\u011fray\u0131b (Yenil\u0259nir)\",\"datePublished\":\"2025-11-11T13:04:51+00:00\",\"dateModified\":\"2025-11-11T16:57:09+00:00\",\"mainEntityOfPage\":{\"@id\":\"https:\\\/\\\/www.meydan.tv\\\/az\\\/article\\\/turkiy%c9%99nin-h%c9%99rbi-t%c9%99yyarisi-az%c9%99rbaycan-gurcustan-s%c9%99rh%c9%99dind%c9%99-qizaya-ugrayib\\\/\"},\"wordCount\":283,\"publisher\":{\"@id\":\"https:\\\/\\\/www.meydan.tv\\\/az\\\/#organization\"},\"image\":{\"@id\":\"https:\\\/\\\/www.meydan.tv\\\/az\\\/article\\\/turkiy%c9%99nin-h%c9%99rbi-t%c9%99yyarisi-az%c9%99rbaycan-gurcustan-s%c9%99rh%c9%99dind%c9%99-qizaya-ugrayib\\\/#primaryimage\"},\"thumbnailUrl\":\"https:\\\/\\\/www.meydan.tv\\\/wp-content\\\/uploads\\\/img_20251111_140745_964-1.jpg\",\"articleSection\":[\"T\u00f6vsiy\u0259\",\"X\u0259b\u0259rl\u0259r\"],\"inLanguage\":\"az\"},{\"@type\":\"WebPage\",\"@id\":\"https:\\\/\\\/www.meydan.tv\\\/az\\\/article\\\/turkiy%c9%99nin-h%c9%99rbi-t%c9%99yyarisi-az%c9%99rbaycan-gurcustan-s%c9%99rh%c9%99dind%c9%99-qizaya-ugrayib\\\/\",\"url\":\"https:\\\/\\\/www.meydan.tv\\\/az\\\/article\\\/turkiy%c9%99nin-h%c9%99rbi-t%c9%99yyarisi-az%c9%99rbaycan-gurcustan-s%c9%99rh%c9%99dind%c9%99-qizaya-ugrayib\\\/\",\"name\":\"T\u00fcrkiy\u0259nin Az\u0259rbaycandan u\u00e7an h\u0259rbi t\u0259yyar\u0259si G\u00fcrc\u00fcstanda q\u0259zaya u\u011fray\u0131b (Yenil\u0259nir) - MEYDAN.TV\",\"isPartOf\":{\"@id\":\"https:\\\/\\\/www.meydan.tv\\\/az\\\/#website\"},\"primaryImageOfPage\":{\"@id\":\"https:\\\/\\\/www.meydan.tv\\\/az\\\/article\\\/turkiy%c9%99nin-h%c9%99rbi-t%c9%99yyarisi-az%c9%99rbaycan-gurcustan-s%c9%99rh%c9%99dind%c9%99-qizaya-ugrayib\\\/#primaryimage\"},\"image\":{\"@id\":\"https:\\\/\\\/www.meydan.tv\\\/az\\\/article\\\/turkiy%c9%99nin-h%c9%99rbi-t%c9%99yyarisi-az%c9%99rbaycan-gurcustan-s%c9%99rh%c9%99dind%c9%99-qizaya-ugrayib\\\/#primaryimage\"},\"thumbnailUrl\":\"https:\\\/\\\/www.meydan.tv\\\/wp-content\\\/uploads\\\/img_20251111_140745_964-1.jpg\",\"datePublished\":\"2025-11-11T13:04:51+00:00\",\"dateModified\":\"2025-11-11T16:57:09+00:00\",\"breadcrumb\":{\"@id\":\"https:\\\/\\\/www.meydan.tv\\\/az\\\/article\\\/turkiy%c9%99nin-h%c9%99rbi-t%c9%99yyarisi-az%c9%99rbaycan-gurcustan-s%c9%99rh%c9%99dind%c9%99-qizaya-ugrayib\\\/#breadcrumb\"},\"inLanguage\":\"az\",\"potentialAction\":[{\"@type\":\"ReadAction\",\"target\":[\"https:\\\/\\\/www.meydan.tv\\\/az\\\/article\\\/turkiy%c9%99nin-h%c9%99rbi-t%c9%99yyarisi-az%c9%99rbaycan-gurcustan-s%c9%99rh%c9%99dind%c9%99-qizaya-ugrayib\\\/\"]}]},{\"@type\":\"ImageObject\",\"inLanguage\":\"az\",\"@id\":\"https:\\\/\\\/www.meydan.tv\\\/az\\\/article\\\/turkiy%c9%99nin-h%c9%99rbi-t%c9%99yyarisi-az%c9%99rbaycan-gurcustan-s%c9%99rh%c9%99dind%c9%99-qizaya-ugrayib\\\/#primaryimage\",\"url\":\"https:\\\/\\\/www.meydan.tv\\\/wp-content\\\/uploads\\\/img_20251111_140745_964-1.jpg\",\"contentUrl\":\"https:\\\/\\\/www.meydan.tv\\\/wp-content\\\/uploads\\\/img_20251111_140745_964-1.jpg\",\"width\":840,\"height\":560},{\"@type\":\"BreadcrumbList\",\"@id\":\"https:\\\/\\\/www.meydan.tv\\\/az\\\/article\\\/turkiy%c9%99nin-h%c9%99rbi-t%c9%99yyarisi-az%c9%99rbaycan-gurcustan-s%c9%99rh%c9%99dind%c9%99-qizaya-ugrayib\\\/#breadcrumb\",\"itemListElement\":[{\"@type\":\"ListItem\",\"position\":1,\"name\":\"Ana s\u0259hif\u0259\",\"item\":\"https:\\\/\\\/www.meydan.tv\\\/az\\\/\"},{\"@type\":\"ListItem\",\"position\":2,\"name\":\"X\u0259b\u0259rl\u0259r\",\"item\":\"https:\\\/\\\/www.meydan.tv\\\/az\\\/section\\\/xeberler\\\/\"},{\"@type\":\"ListItem\",\"position\":3,\"name\":\"T\u00fcrkiy\u0259nin Az\u0259rbaycandan u\u00e7an h\u0259rbi t\u0259yyar\u0259si G\u00fcrc\u00fcstanda q\u0259zaya u\u011fray\u0131b (Yenil\u0259nir)\"}]},{\"@type\":\"WebSite\",\"@id\":\"https:\\\/\\\/www.meydan.tv\\\/az\\\/#website\",\"url\":\"https:\\\/\\\/www.meydan.tv\\\/az\\\/\",\"name\":\"MEYDAN.TV\",\"description\":\"Meydan TV Az\u0259rbaycan\u0131n media m\u0259kan\u0131ndak\u0131 alternativ s\u0259sidir\",\"publisher\":{\"@id\":\"https:\\\/\\\/www.meydan.tv\\\/az\\\/#organization\"},\"potentialAction\":[{\"@type\":\"SearchAction\",\"target\":{\"@type\":\"EntryPoint\",\"urlTemplate\":\"https:\\\/\\\/www.meydan.tv\\\/az\\\/?s={search_term_string}\"},\"query-input\":{\"@type\":\"PropertyValueSpecification\",\"valueRequired\":true,\"valueName\":\"search_term_string\"}}],\"inLanguage\":\"az\"},{\"@type\":\"Organization\",\"@id\":\"https:\\\/\\\/www.meydan.tv\\\/az\\\/#organization\",\"name\":\"Meydan TV\",\"url\":\"https:\\\/\\\/www.meydan.tv\\\/az\\\/\",\"logo\":{\"@type\":\"ImageObject\",\"inLanguage\":\"az\",\"@id\":\"https:\\\/\\\/www.meydan.tv\\\/az\\\/#\\\/schema\\\/logo\\\/image\\\/\",\"url\":\"https:\\\/\\\/www.meydan.tv\\\/wp-content\\\/uploads\\\/2021\\\/07\\\/meydan-logo.svg\",\"contentUrl\":\"https:\\\/\\\/www.meydan.tv\\\/wp-content\\\/uploads\\\/2021\\\/07\\\/meydan-logo.svg\",\"width\":195,\"height\":46,\"caption\":\"Meydan TV\"},\"image\":{\"@id\":\"https:\\\/\\\/www.meydan.tv\\\/az\\\/#\\\/schema\\\/logo\\\/image\\\/\"}},{\"@type\":\"Person\",\"@id\":\"https:\\\/\\\/www.meydan.tv\\\/az\\\/#\\\/schema\\\/person\\\/49b5f2bad5b126bb8ea9320eeb3e4dc9\",\"name\":\"sevda\"}]}<\/script>\n<!-- \/ Yoast SEO plugin. -->","yoast_head_json":{"title":"T\u00fcrkiy\u0259nin Az\u0259rbaycandan u\u00e7an h\u0259rbi t\u0259yyar\u0259si G\u00fcrc\u00fcstanda q\u0259zaya u\u011fray\u0131b (Yenil\u0259nir) - MEYDAN.TV","robots":{"index":"index","follow":"follow","max-snippet":"max-snippet:-1","max-image-preview":"max-image-preview:large","max-video-preview":"max-video-preview:-1"},"canonical":"https:\/\/www.meydan.tv\/az\/article\/turkiy%c9%99nin-h%c9%99rbi-t%c9%99yyarisi-az%c9%99rbaycan-gurcustan-s%c9%99rh%c9%99dind%c9%99-qizaya-ugrayib\/","og_locale":"az_AZ","og_type":"article","og_title":"T\u00fcrkiy\u0259nin Az\u0259rbaycandan u\u00e7an h\u0259rbi t\u0259yyar\u0259si G\u00fcrc\u00fcstanda q\u0259zaya u\u011fray\u0131b (Yenil\u0259nir) - MEYDAN.TV","og_description":"T\u00fcrkiy\u0259 Milli M\u00fcdafi\u0259 Nazirliyi bu g\u00fcn q\u0259zaya u\u011frayan C130 h\u0259rbi ... Davam\u0131","og_url":"https:\/\/www.meydan.tv\/az\/article\/turkiy%c9%99nin-h%c9%99rbi-t%c9%99yyarisi-az%c9%99rbaycan-gurcustan-s%c9%99rh%c9%99dind%c9%99-qizaya-ugrayib\/","og_site_name":"MEYDAN.TV","article_published_time":"2025-11-11T13:04:51+00:00","article_modified_time":"2025-11-11T16:57:09+00:00","og_image":[{"width":840,"height":560,"url":"https:\/\/www.meydan.tv\/wp-content\/uploads\/img_20251111_140745_964-1.jpg","type":"image\/jpeg"}],"author":"sevda","twitter_card":"summary_large_image","schema":{"@context":"https:\/\/schema.org","@graph":[{"@type":"Article","@id":"https:\/\/www.meydan.tv\/az\/article\/turkiy%c9%99nin-h%c9%99rbi-t%c9%99yyarisi-az%c9%99rbaycan-gurcustan-s%c9%99rh%c9%99dind%c9%99-qizaya-ugrayib\/#article","isPartOf":{"@id":"https:\/\/www.meydan.tv\/az\/article\/turkiy%c9%99nin-h%c9%99rbi-t%c9%99yyarisi-az%c9%99rbaycan-gurcustan-s%c9%99rh%c9%99dind%c9%99-qizaya-ugrayib\/"},"author":{"name":"sevda","@id":"https:\/\/www.meydan.tv\/az\/#\/schema\/person\/49b5f2bad5b126bb8ea9320eeb3e4dc9"},"headline":"T\u00fcrkiy\u0259nin Az\u0259rbaycandan u\u00e7an h\u0259rbi t\u0259yyar\u0259si G\u00fcrc\u00fcstanda q\u0259zaya u\u011fray\u0131b (Yenil\u0259nir)","datePublished":"2025-11-11T13:04:51+00:00","dateModified":"2025-11-11T16:57:09+00:00","mainEntityOfPage":{"@id":"https:\/\/www.meydan.tv\/az\/article\/turkiy%c9%99nin-h%c9%99rbi-t%c9%99yyarisi-az%c9%99rbaycan-gurcustan-s%c9%99rh%c9%99dind%c9%99-qizaya-ugrayib\/"},"wordCount":283,"publisher":{"@id":"https:\/\/www.meydan.tv\/az\/#organization"},"image":{"@id":"https:\/\/www.meydan.tv\/az\/article\/turkiy%c9%99nin-h%c9%99rbi-t%c9%99yyarisi-az%c9%99rbaycan-gurcustan-s%c9%99rh%c9%99dind%c9%99-qizaya-ugrayib\/#primaryimage"},"thumbnailUrl":"https:\/\/www.meydan.tv\/wp-content\/uploads\/img_20251111_140745_964-1.jpg","articleSection":["T\u00f6vsiy\u0259","X\u0259b\u0259rl\u0259r"],"inLanguage":"az"},{"@type":"WebPage","@id":"https:\/\/www.meydan.tv\/az\/article\/turkiy%c9%99nin-h%c9%99rbi-t%c9%99yyarisi-az%c9%99rbaycan-gurcustan-s%c9%99rh%c9%99dind%c9%99-qizaya-ugrayib\/","url":"https:\/\/www.meydan.tv\/az\/article\/turkiy%c9%99nin-h%c9%99rbi-t%c9%99yyarisi-az%c9%99rbaycan-gurcustan-s%c9%99rh%c9%99dind%c9%99-qizaya-ugrayib\/","name":"T\u00fcrkiy\u0259nin Az\u0259rbaycandan u\u00e7an h\u0259rbi t\u0259yyar\u0259si G\u00fcrc\u00fcstanda q\u0259zaya u\u011fray\u0131b (Yenil\u0259nir) - MEYDAN.TV","isPartOf":{"@id":"https:\/\/www.meydan.tv\/az\/#website"},"primaryImageOfPage":{"@id":"https:\/\/www.meydan.tv\/az\/article\/turkiy%c9%99nin-h%c9%99rbi-t%c9%99yyarisi-az%c9%99rbaycan-gurcustan-s%c9%99rh%c9%99dind%c9%99-qizaya-ugrayib\/#primaryimage"},"image":{"@id":"https:\/\/www.meydan.tv\/az\/article\/turkiy%c9%99nin-h%c9%99rbi-t%c9%99yyarisi-az%c9%99rbaycan-gurcustan-s%c9%99rh%c9%99dind%c9%99-qizaya-ugrayib\/#primaryimage"},"thumbnailUrl":"https:\/\/www.meydan.tv\/wp-content\/uploads\/img_20251111_140745_964-1.jpg","datePublished":"2025-11-11T13:04:51+00:00","dateModified":"2025-11-11T16:57:09+00:00","breadcrumb":{"@id":"https:\/\/www.meydan.tv\/az\/article\/turkiy%c9%99nin-h%c9%99rbi-t%c9%99yyarisi-az%c9%99rbaycan-gurcustan-s%c9%99rh%c9%99dind%c9%99-qizaya-ugrayib\/#breadcrumb"},"inLanguage":"az","potentialAction":[{"@type":"ReadAction","target":["https:\/\/www.meydan.tv\/az\/article\/turkiy%c9%99nin-h%c9%99rbi-t%c9%99yyarisi-az%c9%99rbaycan-gurcustan-s%c9%99rh%c9%99dind%c9%99-qizaya-ugrayib\/"]}]},{"@type":"ImageObject","inLanguage":"az","@id":"https:\/\/www.meydan.tv\/az\/article\/turkiy%c9%99nin-h%c9%99rbi-t%c9%99yyarisi-az%c9%99rbaycan-gurcustan-s%c9%99rh%c9%99dind%c9%99-qizaya-ugrayib\/#primaryimage","url":"https:\/\/www.meydan.tv\/wp-content\/uploads\/img_20251111_140745_964-1.jpg","contentUrl":"https:\/\/www.meydan.tv\/wp-content\/uploads\/img_20251111_140745_964-1.jpg","width":840,"height":560},{"@type":"BreadcrumbList","@id":"https:\/\/www.meydan.tv\/az\/article\/turkiy%c9%99nin-h%c9%99rbi-t%c9%99yyarisi-az%c9%99rbaycan-gurcustan-s%c9%99rh%c9%99dind%c9%99-qizaya-ugrayib\/#breadcrumb","itemListElement":[{"@type":"ListItem","position":1,"name":"Ana s\u0259hif\u0259","item":"https:\/\/www.meydan.tv\/az\/"},{"@type":"ListItem","position":2,"name":"X\u0259b\u0259rl\u0259r","item":"https:\/\/www.meydan.tv\/az\/section\/xeberler\/"},{"@type":"ListItem","position":3,"name":"T\u00fcrkiy\u0259nin Az\u0259rbaycandan u\u00e7an h\u0259rbi t\u0259yyar\u0259si G\u00fcrc\u00fcstanda q\u0259zaya u\u011fray\u0131b (Yenil\u0259nir)"}]},{"@type":"WebSite","@id":"https:\/\/www.meydan.tv\/az\/#website","url":"https:\/\/www.meydan.tv\/az\/","name":"MEYDAN.TV","description":"Meydan TV Az\u0259rbaycan\u0131n media m\u0259kan\u0131ndak\u0131 alternativ s\u0259sidir","publisher":{"@id":"https:\/\/www.meydan.tv\/az\/#organization"},"potentialAction":[{"@type":"SearchAction","target":{"@type":"EntryPoint","urlTemplate":"https:\/\/www.meydan.tv\/az\/?s={search_term_string}"},"query-input":{"@type":"PropertyValueSpecification","valueRequired":true,"valueName":"search_term_string"}}],"inLanguage":"az"},{"@type":"Organization","@id":"https:\/\/www.meydan.tv\/az\/#organization","name":"Meydan TV","url":"https:\/\/www.meydan.tv\/az\/","logo":{"@type":"ImageObject","inLanguage":"az","@id":"https:\/\/www.meydan.tv\/az\/#\/schema\/logo\/image\/","url":"https:\/\/www.meydan.tv\/wp-content\/uploads\/2021\/07\/meydan-logo.svg","contentUrl":"https:\/\/www.meydan.tv\/wp-content\/uploads\/2021\/07\/meydan-logo.svg","width":195,"height":46,"caption":"Meydan TV"},"image":{"@id":"https:\/\/www.meydan.tv\/az\/#\/schema\/logo\/image\/"}},{"@type":"Person","@id":"https:\/\/www.meydan.tv\/az\/#\/schema\/person\/49b5f2bad5b126bb8ea9320eeb3e4dc9","name":"sevda"}]}},"_links":{"self":[{"href":"https:\/\/www.meydan.tv\/az\/wp-json\/wp\/v2\/posts\/337327","targetHints":{"allow":["GET"]}}],"collection":[{"href":"https:\/\/www.meydan.tv\/az\/wp-json\/wp\/v2\/posts"}],"about":[{"href":"https:\/\/www.meydan.tv\/az\/wp-json\/wp\/v2\/types\/post"}],"author":[{"embeddable":true,"href":"https:\/\/www.meydan.tv\/az\/wp-json\/wp\/v2\/users\/16"}],"replies":[{"embeddable":true,"href":"https:\/\/www.meydan.tv\/az\/wp-json\/wp\/v2\/comments?post=337327"}],"version-history":[{"count":10,"href":"https:\/\/www.meydan.tv\/az\/wp-json\/wp\/v2\/posts\/337327\/revisions"}],"predecessor-version":[{"id":337353,"href":"https:\/\/www.meydan.tv\/az\/wp-json\/wp\/v2\/posts\/337327\/revisions\/337353"}],"wp:featuredmedia":[{"embeddable":true,"href":"https:\/\/www.meydan.tv\/az\/wp-json\/wp\/v2\/media\/337339"}],"wp:attachment":[{"href":"https:\/\/www.meydan.tv\/az\/wp-json\/wp\/v2\/media?parent=337327"}],"wp:term":[{"taxonomy":"category","embeddable":true,"href":"https:\/\/www.meydan.tv\/az\/wp-json\/wp\/v2\/categories?post=337327"},{"taxonomy":"post_tag","embeddable":true,"href":"https:\/\/www.meydan.tv\/az\/wp-json\/wp\/v2\/tags?post=337327"}],"curies":[{"name":"wp","href":"https:\/\/api.w.org\/{rel}","templated":true}]}}