{"id":337288,"date":"2025-11-10T14:31:23","date_gmt":"2025-11-10T10:31:23","guid":{"rendered":"https:\/\/www.meydan.tv\/?p=337288"},"modified":"2025-11-10T14:49:16","modified_gmt":"2025-11-10T10:49:16","slug":"tofiq-yaqublu-dunya-azadliq-konqresinin-c%c9%99sar%c9%99t-mukafatina-layiq-gorulub","status":"publish","type":"post","link":"https:\/\/www.meydan.tv\/az\/article\/tofiq-yaqublu-dunya-azadliq-konqresinin-c%c9%99sar%c9%99t-mukafatina-layiq-gorulub\/","title":{"rendered":"Tofiq Yaqublu D\u00fcnya Azadl\u0131q Konqresinin \u201cC\u0259sar\u0259t\u201d m\u00fckafat\u0131na layiq g\u00f6r\u00fcl\u00fcb"},"content":{"rendered":"\n<p><\/p>\n\n\n\n<p>H\u0259bsd\u0259 olan m\u00fcxalif siyas\u0259t\u00e7i Tofiq Yaqublu beyn\u0259lxalq s\u0259viyy\u0259d\u0259 m\u00fckafatla t\u0259ltif olunub. O, D\u00fcnya Azadl\u0131q Konqresi t\u0259r\u0259find\u0259n t\u0259qdim edil\u0259n \u201cC\u0259sar\u0259t\u201d (Courage Award) m\u00fckafat\u0131na layiq g\u00f6r\u00fcl\u00fcb.<\/p>\n\n\n\n<p>M\u0259lumat\u0131 h\u00fcquq m\u00fcdafi\u0259\u00e7isi Arif Yunus <a href=\"https:\/\/www.facebook.com\/arif.yunusov\/posts\/pfbid032ak1AhaHdD53WuX3mnmjdHAWdF5SB7QzbAkEtZSV7X2MYA3f4y2ZFoWPPcP91h2bl\" target=\"_blank\" rel=\"noreferrer noopener nofollow\">payla\u015f\u0131b. <\/a><\/p>\n\n\n\n<figure class=\"wp-block-image size-large\"><img decoding=\"async\" width=\"1095\" height=\"821\" data-src=\"https:\/\/www.meydan.tv\/wp-content\/uploads\/fe1c9491-17db-4e17-85cb-d1db2332e9ef-1-1095x821.png\" alt=\"\" class=\"wp-image-337291 lazyload\" src=\"data:image\/svg+xml;base64,PHN2ZyB3aWR0aD0iMSIgaGVpZ2h0PSIxIiB4bWxucz0iaHR0cDovL3d3dy53My5vcmcvMjAwMC9zdmciPjwvc3ZnPg==\" style=\"--smush-placeholder-width: 1095px; --smush-placeholder-aspect-ratio: 1095\/821;\" \/><figcaption class=\"wp-element-caption\">Foto: Meydan TV<\/figcaption><\/figure>\n\n\n\n<p>Onun s\u00f6zl\u0259rin\u0259 g\u00f6r\u0259, m\u00fckafat \u00fc\u00e7\u00fcn namiz\u0259d se\u00e7imi bir ne\u00e7\u0259 ay davam edib v\u0259 S\u00fclh v\u0259 Demokratiya \u0130nstitutunun direktoru Leyla Yunus Tofiq Yaqublunun namiz\u0259dliyini ir\u0259li s\u00fcr\u00fcb. \u00dcmumilikd\u0259 bu il m\u00fckafata 60 \u00f6lk\u0259d\u0259n insan h\u00fcquqlar\u0131 m\u00fcdafi\u0259\u00e7il\u0259ri v\u0259 siyasi m\u0259hbuslar namiz\u0259d g\u00f6st\u0259rilib.<\/p>\n\n\n\n<pre class=\"wp-block-preformatted\">Milli \u015euran\u0131n v\u0259 M\u00fcsavat Partiyas\u0131n\u0131n \u00fczv\u00fc Tofiq Yaqublu 2023-c\u00fc ilin dekabr\u0131nda h\u0259bs olunub.<br><br>O, 2025-ci il mart\u0131n 10-da Bak\u0131 A\u011f\u0131r Cinay\u0259tl\u0259r M\u0259hk\u0259m\u0259sinin h\u00f6km\u00fc il\u0259 9 il azadl\u0131qdan m\u0259hrum edilib.<br><br>Yaqublu Cinay\u0259t M\u0259c\u0259ll\u0259sinin k\u00fclli miqdarda ziyan vurmaqla d\u0259l\u0259duzluq v\u0259 saxta s\u0259n\u0259d haz\u0131rlama v\u0259 ya istifad\u0259 etm\u0259 madd\u0259l\u0259ri il\u0259 t\u0259qsirli bilinib.<br><br>Yaqublu bu ittihamlara etiraz olaraq 2025-ci il aprelin 1-d\u0259n may\u0131n 10-d\u0259k \u2013 40 g\u00fcn acl\u0131q aksiyas\u0131 ke\u00e7irib.<\/pre>\n\n\n\n<p>M\u00fckafat t\u0259qdimetm\u0259 m\u0259rasimi noyabr\u0131n 9-da Berlind\u0259 ba\u015f tutub. T\u0259dbird\u0259 Yaqublunun \u00f6z\u00fc i\u015ftirak ed\u0259 bilm\u0259diyi \u00fc\u00e7\u00fcn onun ad\u0131ndan m\u00fckafat\u0131 Leyla v\u0259 Arif Yunus q\u0259bul edibl\u0259r. Siyas\u0259t\u00e7inin q\u0131z\u0131 Nigar H\u0259zi is\u0259 m\u0259rasim\u0259 videoba\u011flant\u0131 vasit\u0259sil\u0259 qo\u015fulub.<\/p>\n","protected":false},"excerpt":{"rendered":"<p>H\u0259bsd\u0259 olan m\u00fcxalif siyas\u0259t\u00e7i Tofiq Yaqublu beyn\u0259lxalq s\u0259viyy\u0259d\u0259 m\u00fckafatla t\u0259ltif &#8230; <\/p>\n<p class=\"read-more-container\"><a title=\"Tofiq Yaqublu D\u00fcnya Azadl\u0131q Konqresinin \u201cC\u0259sar\u0259t\u201d m\u00fckafat\u0131na layiq g\u00f6r\u00fcl\u00fcb\" class=\"read-more button\" href=\"https:\/\/www.meydan.tv\/az\/article\/tofiq-yaqublu-dunya-azadliq-konqresinin-c%c9%99sar%c9%99t-mukafatina-layiq-gorulub\/#more-337288\" aria-label=\"Read more about Tofiq Yaqublu D\u00fcnya Azadl\u0131q Konqresinin \u201cC\u0259sar\u0259t\u201d m\u00fckafat\u0131na layiq g\u00f6r\u00fcl\u00fcb\">Davam\u0131<\/a><\/p>\n","protected":false},"author":21,"featured_media":328769,"comment_status":"closed","ping_status":"closed","sticky":false,"template":"","format":"standard","meta":{"_acf_changed":false,"_sitemap_exclude":false,"_sitemap_priority":"","_sitemap_frequency":"","footnotes":""},"categories":[59,79,56],"tags":[],"class_list":["post-337288","post","type-post","status-publish","format-standard","has-post-thumbnail","hentry","category-siyaset","category-featured","category-xeberler","infinite-scroll-item","generate-columns","tablet-grid-50","mobile-grid-100","grid-parent","grid-33","no-featured-image-padding"],"acf":[],"yoast_head":"<!-- This site is optimized with the Yoast SEO plugin v27.4 - https:\/\/yoast.com\/product\/yoast-seo-wordpress\/ -->\n<title>Tofiq Yaqublu D\u00fcnya Azadl\u0131q Konqresinin \u201cC\u0259sar\u0259t\u201d m\u00fckafat\u0131na layiq g\u00f6r\u00fcl\u00fcb - MEYDAN.TV<\/title>\n<meta name=\"robots\" content=\"index, follow, max-snippet:-1, max-image-preview:large, max-video-preview:-1\" \/>\n<link rel=\"canonical\" href=\"https:\/\/www.meydan.tv\/az\/article\/tofiq-yaqublu-dunya-azadliq-konqresinin-c%c9%99sar%c9%99t-mukafatina-layiq-gorulub\/\" \/>\n<meta property=\"og:locale\" content=\"az_AZ\" \/>\n<meta property=\"og:type\" content=\"article\" \/>\n<meta property=\"og:title\" content=\"Tofiq Yaqublu D\u00fcnya Azadl\u0131q Konqresinin \u201cC\u0259sar\u0259t\u201d m\u00fckafat\u0131na layiq g\u00f6r\u00fcl\u00fcb - MEYDAN.TV\" \/>\n<meta property=\"og:description\" content=\"H\u0259bsd\u0259 olan m\u00fcxalif siyas\u0259t\u00e7i Tofiq Yaqublu beyn\u0259lxalq s\u0259viyy\u0259d\u0259 m\u00fckafatla t\u0259ltif ... Davam\u0131\" \/>\n<meta property=\"og:url\" content=\"https:\/\/www.meydan.tv\/az\/article\/tofiq-yaqublu-dunya-azadliq-konqresinin-c%c9%99sar%c9%99t-mukafatina-layiq-gorulub\/\" \/>\n<meta property=\"og:site_name\" content=\"MEYDAN.TV\" \/>\n<meta property=\"article:published_time\" content=\"2025-11-10T10:31:23+00:00\" \/>\n<meta property=\"article:modified_time\" content=\"2025-11-10T10:49:16+00:00\" \/>\n<meta property=\"og:image\" content=\"https:\/\/www.meydan.tv\/wp-content\/uploads\/img_9510-e1674401110384-1-1.jpg\" \/>\n\t<meta property=\"og:image:width\" content=\"1200\" \/>\n\t<meta property=\"og:image:height\" content=\"564\" \/>\n\t<meta property=\"og:image:type\" content=\"image\/jpeg\" \/>\n<meta name=\"author\" content=\"mahmud\" \/>\n<meta name=\"twitter:card\" content=\"summary_large_image\" \/>\n<script type=\"application\/ld+json\" class=\"yoast-schema-graph\">{\"@context\":\"https:\\\/\\\/schema.org\",\"@graph\":[{\"@type\":\"Article\",\"@id\":\"https:\\\/\\\/www.meydan.tv\\\/az\\\/article\\\/tofiq-yaqublu-dunya-azadliq-konqresinin-c%c9%99sar%c9%99t-mukafatina-layiq-gorulub\\\/#article\",\"isPartOf\":{\"@id\":\"https:\\\/\\\/www.meydan.tv\\\/az\\\/article\\\/tofiq-yaqublu-dunya-azadliq-konqresinin-c%c9%99sar%c9%99t-mukafatina-layiq-gorulub\\\/\"},\"author\":{\"name\":\"mahmud\",\"@id\":\"https:\\\/\\\/www.meydan.tv\\\/az\\\/#\\\/schema\\\/person\\\/09863e516102a829e72bedcf3f84c6b0\"},\"headline\":\"Tofiq Yaqublu D\u00fcnya Azadl\u0131q Konqresinin \u201cC\u0259sar\u0259t\u201d m\u00fckafat\u0131na layiq g\u00f6r\u00fcl\u00fcb\",\"datePublished\":\"2025-11-10T10:31:23+00:00\",\"dateModified\":\"2025-11-10T10:49:16+00:00\",\"mainEntityOfPage\":{\"@id\":\"https:\\\/\\\/www.meydan.tv\\\/az\\\/article\\\/tofiq-yaqublu-dunya-azadliq-konqresinin-c%c9%99sar%c9%99t-mukafatina-layiq-gorulub\\\/\"},\"wordCount\":191,\"publisher\":{\"@id\":\"https:\\\/\\\/www.meydan.tv\\\/az\\\/#organization\"},\"image\":{\"@id\":\"https:\\\/\\\/www.meydan.tv\\\/az\\\/article\\\/tofiq-yaqublu-dunya-azadliq-konqresinin-c%c9%99sar%c9%99t-mukafatina-layiq-gorulub\\\/#primaryimage\"},\"thumbnailUrl\":\"https:\\\/\\\/www.meydan.tv\\\/wp-content\\\/uploads\\\/img_9510-e1674401110384-1-1.jpg\",\"articleSection\":[\"Siyas\u0259t\",\"T\u00f6vsiy\u0259\",\"X\u0259b\u0259rl\u0259r\"],\"inLanguage\":\"az\"},{\"@type\":\"WebPage\",\"@id\":\"https:\\\/\\\/www.meydan.tv\\\/az\\\/article\\\/tofiq-yaqublu-dunya-azadliq-konqresinin-c%c9%99sar%c9%99t-mukafatina-layiq-gorulub\\\/\",\"url\":\"https:\\\/\\\/www.meydan.tv\\\/az\\\/article\\\/tofiq-yaqublu-dunya-azadliq-konqresinin-c%c9%99sar%c9%99t-mukafatina-layiq-gorulub\\\/\",\"name\":\"Tofiq Yaqublu D\u00fcnya Azadl\u0131q Konqresinin \u201cC\u0259sar\u0259t\u201d m\u00fckafat\u0131na layiq g\u00f6r\u00fcl\u00fcb - MEYDAN.TV\",\"isPartOf\":{\"@id\":\"https:\\\/\\\/www.meydan.tv\\\/az\\\/#website\"},\"primaryImageOfPage\":{\"@id\":\"https:\\\/\\\/www.meydan.tv\\\/az\\\/article\\\/tofiq-yaqublu-dunya-azadliq-konqresinin-c%c9%99sar%c9%99t-mukafatina-layiq-gorulub\\\/#primaryimage\"},\"image\":{\"@id\":\"https:\\\/\\\/www.meydan.tv\\\/az\\\/article\\\/tofiq-yaqublu-dunya-azadliq-konqresinin-c%c9%99sar%c9%99t-mukafatina-layiq-gorulub\\\/#primaryimage\"},\"thumbnailUrl\":\"https:\\\/\\\/www.meydan.tv\\\/wp-content\\\/uploads\\\/img_9510-e1674401110384-1-1.jpg\",\"datePublished\":\"2025-11-10T10:31:23+00:00\",\"dateModified\":\"2025-11-10T10:49:16+00:00\",\"breadcrumb\":{\"@id\":\"https:\\\/\\\/www.meydan.tv\\\/az\\\/article\\\/tofiq-yaqublu-dunya-azadliq-konqresinin-c%c9%99sar%c9%99t-mukafatina-layiq-gorulub\\\/#breadcrumb\"},\"inLanguage\":\"az\",\"potentialAction\":[{\"@type\":\"ReadAction\",\"target\":[\"https:\\\/\\\/www.meydan.tv\\\/az\\\/article\\\/tofiq-yaqublu-dunya-azadliq-konqresinin-c%c9%99sar%c9%99t-mukafatina-layiq-gorulub\\\/\"]}]},{\"@type\":\"ImageObject\",\"inLanguage\":\"az\",\"@id\":\"https:\\\/\\\/www.meydan.tv\\\/az\\\/article\\\/tofiq-yaqublu-dunya-azadliq-konqresinin-c%c9%99sar%c9%99t-mukafatina-layiq-gorulub\\\/#primaryimage\",\"url\":\"https:\\\/\\\/www.meydan.tv\\\/wp-content\\\/uploads\\\/img_9510-e1674401110384-1-1.jpg\",\"contentUrl\":\"https:\\\/\\\/www.meydan.tv\\\/wp-content\\\/uploads\\\/img_9510-e1674401110384-1-1.jpg\",\"width\":1200,\"height\":564,\"caption\":\"\u0418\u043b\u043b\u044e\u0441\u0442\u0440\u0430\u0446\u0438\u044f \u041c\u0435\u0439\u0434\u0430\u043d \u0422\u0412\"},{\"@type\":\"BreadcrumbList\",\"@id\":\"https:\\\/\\\/www.meydan.tv\\\/az\\\/article\\\/tofiq-yaqublu-dunya-azadliq-konqresinin-c%c9%99sar%c9%99t-mukafatina-layiq-gorulub\\\/#breadcrumb\",\"itemListElement\":[{\"@type\":\"ListItem\",\"position\":1,\"name\":\"Ana s\u0259hif\u0259\",\"item\":\"https:\\\/\\\/www.meydan.tv\\\/az\\\/\"},{\"@type\":\"ListItem\",\"position\":2,\"name\":\"Siyas\u0259t\",\"item\":\"https:\\\/\\\/www.meydan.tv\\\/az\\\/section\\\/siyaset\\\/\"},{\"@type\":\"ListItem\",\"position\":3,\"name\":\"Tofiq Yaqublu D\u00fcnya Azadl\u0131q Konqresinin \u201cC\u0259sar\u0259t\u201d m\u00fckafat\u0131na layiq g\u00f6r\u00fcl\u00fcb\"}]},{\"@type\":\"WebSite\",\"@id\":\"https:\\\/\\\/www.meydan.tv\\\/az\\\/#website\",\"url\":\"https:\\\/\\\/www.meydan.tv\\\/az\\\/\",\"name\":\"MEYDAN.TV\",\"description\":\"Meydan TV Az\u0259rbaycan\u0131n media m\u0259kan\u0131ndak\u0131 alternativ s\u0259sidir\",\"publisher\":{\"@id\":\"https:\\\/\\\/www.meydan.tv\\\/az\\\/#organization\"},\"potentialAction\":[{\"@type\":\"SearchAction\",\"target\":{\"@type\":\"EntryPoint\",\"urlTemplate\":\"https:\\\/\\\/www.meydan.tv\\\/az\\\/?s={search_term_string}\"},\"query-input\":{\"@type\":\"PropertyValueSpecification\",\"valueRequired\":true,\"valueName\":\"search_term_string\"}}],\"inLanguage\":\"az\"},{\"@type\":\"Organization\",\"@id\":\"https:\\\/\\\/www.meydan.tv\\\/az\\\/#organization\",\"name\":\"Meydan TV\",\"url\":\"https:\\\/\\\/www.meydan.tv\\\/az\\\/\",\"logo\":{\"@type\":\"ImageObject\",\"inLanguage\":\"az\",\"@id\":\"https:\\\/\\\/www.meydan.tv\\\/az\\\/#\\\/schema\\\/logo\\\/image\\\/\",\"url\":\"https:\\\/\\\/www.meydan.tv\\\/wp-content\\\/uploads\\\/2021\\\/07\\\/meydan-logo.svg\",\"contentUrl\":\"https:\\\/\\\/www.meydan.tv\\\/wp-content\\\/uploads\\\/2021\\\/07\\\/meydan-logo.svg\",\"width\":195,\"height\":46,\"caption\":\"Meydan TV\"},\"image\":{\"@id\":\"https:\\\/\\\/www.meydan.tv\\\/az\\\/#\\\/schema\\\/logo\\\/image\\\/\"}},{\"@type\":\"Person\",\"@id\":\"https:\\\/\\\/www.meydan.tv\\\/az\\\/#\\\/schema\\\/person\\\/09863e516102a829e72bedcf3f84c6b0\",\"name\":\"mahmud\"}]}<\/script>\n<!-- \/ Yoast SEO plugin. -->","yoast_head_json":{"title":"Tofiq Yaqublu D\u00fcnya Azadl\u0131q Konqresinin \u201cC\u0259sar\u0259t\u201d m\u00fckafat\u0131na layiq g\u00f6r\u00fcl\u00fcb - MEYDAN.TV","robots":{"index":"index","follow":"follow","max-snippet":"max-snippet:-1","max-image-preview":"max-image-preview:large","max-video-preview":"max-video-preview:-1"},"canonical":"https:\/\/www.meydan.tv\/az\/article\/tofiq-yaqublu-dunya-azadliq-konqresinin-c%c9%99sar%c9%99t-mukafatina-layiq-gorulub\/","og_locale":"az_AZ","og_type":"article","og_title":"Tofiq Yaqublu D\u00fcnya Azadl\u0131q Konqresinin \u201cC\u0259sar\u0259t\u201d m\u00fckafat\u0131na layiq g\u00f6r\u00fcl\u00fcb - MEYDAN.TV","og_description":"H\u0259bsd\u0259 olan m\u00fcxalif siyas\u0259t\u00e7i Tofiq Yaqublu beyn\u0259lxalq s\u0259viyy\u0259d\u0259 m\u00fckafatla t\u0259ltif ... Davam\u0131","og_url":"https:\/\/www.meydan.tv\/az\/article\/tofiq-yaqublu-dunya-azadliq-konqresinin-c%c9%99sar%c9%99t-mukafatina-layiq-gorulub\/","og_site_name":"MEYDAN.TV","article_published_time":"2025-11-10T10:31:23+00:00","article_modified_time":"2025-11-10T10:49:16+00:00","og_image":[{"width":1200,"height":564,"url":"https:\/\/www.meydan.tv\/wp-content\/uploads\/img_9510-e1674401110384-1-1.jpg","type":"image\/jpeg"}],"author":"mahmud","twitter_card":"summary_large_image","schema":{"@context":"https:\/\/schema.org","@graph":[{"@type":"Article","@id":"https:\/\/www.meydan.tv\/az\/article\/tofiq-yaqublu-dunya-azadliq-konqresinin-c%c9%99sar%c9%99t-mukafatina-layiq-gorulub\/#article","isPartOf":{"@id":"https:\/\/www.meydan.tv\/az\/article\/tofiq-yaqublu-dunya-azadliq-konqresinin-c%c9%99sar%c9%99t-mukafatina-layiq-gorulub\/"},"author":{"name":"mahmud","@id":"https:\/\/www.meydan.tv\/az\/#\/schema\/person\/09863e516102a829e72bedcf3f84c6b0"},"headline":"Tofiq Yaqublu D\u00fcnya Azadl\u0131q Konqresinin \u201cC\u0259sar\u0259t\u201d m\u00fckafat\u0131na layiq g\u00f6r\u00fcl\u00fcb","datePublished":"2025-11-10T10:31:23+00:00","dateModified":"2025-11-10T10:49:16+00:00","mainEntityOfPage":{"@id":"https:\/\/www.meydan.tv\/az\/article\/tofiq-yaqublu-dunya-azadliq-konqresinin-c%c9%99sar%c9%99t-mukafatina-layiq-gorulub\/"},"wordCount":191,"publisher":{"@id":"https:\/\/www.meydan.tv\/az\/#organization"},"image":{"@id":"https:\/\/www.meydan.tv\/az\/article\/tofiq-yaqublu-dunya-azadliq-konqresinin-c%c9%99sar%c9%99t-mukafatina-layiq-gorulub\/#primaryimage"},"thumbnailUrl":"https:\/\/www.meydan.tv\/wp-content\/uploads\/img_9510-e1674401110384-1-1.jpg","articleSection":["Siyas\u0259t","T\u00f6vsiy\u0259","X\u0259b\u0259rl\u0259r"],"inLanguage":"az"},{"@type":"WebPage","@id":"https:\/\/www.meydan.tv\/az\/article\/tofiq-yaqublu-dunya-azadliq-konqresinin-c%c9%99sar%c9%99t-mukafatina-layiq-gorulub\/","url":"https:\/\/www.meydan.tv\/az\/article\/tofiq-yaqublu-dunya-azadliq-konqresinin-c%c9%99sar%c9%99t-mukafatina-layiq-gorulub\/","name":"Tofiq Yaqublu D\u00fcnya Azadl\u0131q Konqresinin \u201cC\u0259sar\u0259t\u201d m\u00fckafat\u0131na layiq g\u00f6r\u00fcl\u00fcb - MEYDAN.TV","isPartOf":{"@id":"https:\/\/www.meydan.tv\/az\/#website"},"primaryImageOfPage":{"@id":"https:\/\/www.meydan.tv\/az\/article\/tofiq-yaqublu-dunya-azadliq-konqresinin-c%c9%99sar%c9%99t-mukafatina-layiq-gorulub\/#primaryimage"},"image":{"@id":"https:\/\/www.meydan.tv\/az\/article\/tofiq-yaqublu-dunya-azadliq-konqresinin-c%c9%99sar%c9%99t-mukafatina-layiq-gorulub\/#primaryimage"},"thumbnailUrl":"https:\/\/www.meydan.tv\/wp-content\/uploads\/img_9510-e1674401110384-1-1.jpg","datePublished":"2025-11-10T10:31:23+00:00","dateModified":"2025-11-10T10:49:16+00:00","breadcrumb":{"@id":"https:\/\/www.meydan.tv\/az\/article\/tofiq-yaqublu-dunya-azadliq-konqresinin-c%c9%99sar%c9%99t-mukafatina-layiq-gorulub\/#breadcrumb"},"inLanguage":"az","potentialAction":[{"@type":"ReadAction","target":["https:\/\/www.meydan.tv\/az\/article\/tofiq-yaqublu-dunya-azadliq-konqresinin-c%c9%99sar%c9%99t-mukafatina-layiq-gorulub\/"]}]},{"@type":"ImageObject","inLanguage":"az","@id":"https:\/\/www.meydan.tv\/az\/article\/tofiq-yaqublu-dunya-azadliq-konqresinin-c%c9%99sar%c9%99t-mukafatina-layiq-gorulub\/#primaryimage","url":"https:\/\/www.meydan.tv\/wp-content\/uploads\/img_9510-e1674401110384-1-1.jpg","contentUrl":"https:\/\/www.meydan.tv\/wp-content\/uploads\/img_9510-e1674401110384-1-1.jpg","width":1200,"height":564,"caption":"\u0418\u043b\u043b\u044e\u0441\u0442\u0440\u0430\u0446\u0438\u044f \u041c\u0435\u0439\u0434\u0430\u043d \u0422\u0412"},{"@type":"BreadcrumbList","@id":"https:\/\/www.meydan.tv\/az\/article\/tofiq-yaqublu-dunya-azadliq-konqresinin-c%c9%99sar%c9%99t-mukafatina-layiq-gorulub\/#breadcrumb","itemListElement":[{"@type":"ListItem","position":1,"name":"Ana s\u0259hif\u0259","item":"https:\/\/www.meydan.tv\/az\/"},{"@type":"ListItem","position":2,"name":"Siyas\u0259t","item":"https:\/\/www.meydan.tv\/az\/section\/siyaset\/"},{"@type":"ListItem","position":3,"name":"Tofiq Yaqublu D\u00fcnya Azadl\u0131q Konqresinin \u201cC\u0259sar\u0259t\u201d m\u00fckafat\u0131na layiq g\u00f6r\u00fcl\u00fcb"}]},{"@type":"WebSite","@id":"https:\/\/www.meydan.tv\/az\/#website","url":"https:\/\/www.meydan.tv\/az\/","name":"MEYDAN.TV","description":"Meydan TV Az\u0259rbaycan\u0131n media m\u0259kan\u0131ndak\u0131 alternativ s\u0259sidir","publisher":{"@id":"https:\/\/www.meydan.tv\/az\/#organization"},"potentialAction":[{"@type":"SearchAction","target":{"@type":"EntryPoint","urlTemplate":"https:\/\/www.meydan.tv\/az\/?s={search_term_string}"},"query-input":{"@type":"PropertyValueSpecification","valueRequired":true,"valueName":"search_term_string"}}],"inLanguage":"az"},{"@type":"Organization","@id":"https:\/\/www.meydan.tv\/az\/#organization","name":"Meydan TV","url":"https:\/\/www.meydan.tv\/az\/","logo":{"@type":"ImageObject","inLanguage":"az","@id":"https:\/\/www.meydan.tv\/az\/#\/schema\/logo\/image\/","url":"https:\/\/www.meydan.tv\/wp-content\/uploads\/2021\/07\/meydan-logo.svg","contentUrl":"https:\/\/www.meydan.tv\/wp-content\/uploads\/2021\/07\/meydan-logo.svg","width":195,"height":46,"caption":"Meydan TV"},"image":{"@id":"https:\/\/www.meydan.tv\/az\/#\/schema\/logo\/image\/"}},{"@type":"Person","@id":"https:\/\/www.meydan.tv\/az\/#\/schema\/person\/09863e516102a829e72bedcf3f84c6b0","name":"mahmud"}]}},"_links":{"self":[{"href":"https:\/\/www.meydan.tv\/az\/wp-json\/wp\/v2\/posts\/337288","targetHints":{"allow":["GET"]}}],"collection":[{"href":"https:\/\/www.meydan.tv\/az\/wp-json\/wp\/v2\/posts"}],"about":[{"href":"https:\/\/www.meydan.tv\/az\/wp-json\/wp\/v2\/types\/post"}],"author":[{"embeddable":true,"href":"https:\/\/www.meydan.tv\/az\/wp-json\/wp\/v2\/users\/21"}],"replies":[{"embeddable":true,"href":"https:\/\/www.meydan.tv\/az\/wp-json\/wp\/v2\/comments?post=337288"}],"version-history":[{"count":3,"href":"https:\/\/www.meydan.tv\/az\/wp-json\/wp\/v2\/posts\/337288\/revisions"}],"predecessor-version":[{"id":337294,"href":"https:\/\/www.meydan.tv\/az\/wp-json\/wp\/v2\/posts\/337288\/revisions\/337294"}],"wp:featuredmedia":[{"embeddable":true,"href":"https:\/\/www.meydan.tv\/az\/wp-json\/wp\/v2\/media\/328769"}],"wp:attachment":[{"href":"https:\/\/www.meydan.tv\/az\/wp-json\/wp\/v2\/media?parent=337288"}],"wp:term":[{"taxonomy":"category","embeddable":true,"href":"https:\/\/www.meydan.tv\/az\/wp-json\/wp\/v2\/categories?post=337288"},{"taxonomy":"post_tag","embeddable":true,"href":"https:\/\/www.meydan.tv\/az\/wp-json\/wp\/v2\/tags?post=337288"}],"curies":[{"name":"wp","href":"https:\/\/api.w.org\/{rel}","templated":true}]}}