{"id":336904,"date":"2025-10-31T12:32:04","date_gmt":"2025-10-31T08:32:04","guid":{"rendered":"https:\/\/www.meydan.tv\/?p=336904"},"modified":"2025-10-31T12:42:17","modified_gmt":"2025-10-31T08:42:17","slug":"b%c9%99xyiyar-haciyev-bu-gun-ramiz-mehdiyev-m%c9%99n%c9%99-yapisdirmaga-calisdigi-ittihamla-muhakim%c9%99-edilir","status":"publish","type":"post","link":"https:\/\/www.meydan.tv\/az\/article\/b%c9%99xyiyar-haciyev-bu-gun-ramiz-mehdiyev-m%c9%99n%c9%99-yapisdirmaga-calisdigi-ittihamla-muhakim%c9%99-edilir\/","title":{"rendered":"B\u0259xtiyar Hac\u0131yev: &#8220;Bu g\u00fcn Ramiz Mehdiyev m\u0259n\u0259 yap\u0131\u015fd\u0131rma\u011fa \u00e7al\u0131\u015fd\u0131\u011f\u0131 ittihamla m\u00fchakim\u0259 edilir&#8221;"},"content":{"rendered":"\n<p><\/p>\n\n\n\n<p>Sosial mediada haz\u0131rda h\u0259bsd\u0259 olan ictimai f\u0259al B\u0259xtiyar Hac\u0131yevin m\u00fcraci\u0259ti <a href=\"https:\/\/www.facebook.com\/story.php?story_fbid=1135267025387938&amp;id=100067139520964&amp;mibextid=wwXIfr&amp;rdid=dhEJRqoPColYMVZn#\" target=\"_blank\" rel=\"noreferrer noopener nofollow\">yay\u0131l\u0131b.<\/a><\/p>\n\n\n\n<p>M\u00fcraci\u0259ti oldu\u011fu kimi t\u0259qdim edirik: <\/p>\n\n\n\n<p>&#8220;2004-c\u00fc ild\u0259 T\u0259hsil sistemind\u0259 korrupsiyaya etiraz etdim; t\u0259hsil ald\u0131\u011f\u0131m universitetd\u0259 xaric edilm\u0259yim g\u00fcnd\u0259m\u0259 g\u0259ldi. 2007-ci ild\u0259 kommunal qiym\u0259tl\u0259rin artmas\u0131na etiraz m\u0259qs\u0259di il\u0259 sayt qurdum. 12 sutka inzibati qaydada h\u0259bs edildim. H\u0259min il d\u00fcnyan\u0131n \u0259n n\u00fcfuzlu universitetin\u0259 q\u0259bul edildim. D\u00f6vl\u0259t r\u0259smil\u0259ri universitetin m\u0259n\u0259 t\u0259klif etdiyi t\u0259qa\u00fcdd\u0259n imtina etm\u0259yimi, d\u00f6vl\u0259t proqram\u0131 \u00e7\u0259r\u00e7iv\u0259sind\u0259 t\u0259qa\u00fcd alma\u011f\u0131m\u0131 t\u0259l\u0259b etdil\u0259r; d\u00f6vl\u0259t t\u0259qa\u00fcd m\u00fcraci\u0259tim\u0259 is\u0259 r\u0259dd cavab\u0131 verildi. Harvard universitetind\u0259 t\u0259hsil alma\u011f\u0131m\u0131n qar\u015f\u0131s\u0131n\u0131 alma\u011fa ciddi c\u0259hdl\u0259r oldu.<\/p>\n\n\n\n<p>2007-ci ild\u0259 \u00f6lk\u0259 ba\u015f\u00e7\u0131s\u0131 il\u0259 g\u0259ncl\u0259rin g\u00f6r\u00fc\u015f\u00fc zaman\u0131 2009-cu ild\u0259 Beyn\u0259lxalq elm olimpiadas\u0131n\u0131n Az\u0259rbaycanda ke\u00e7irilm\u0259sini t\u0259klif etdim. Bu olimpiadan\u0131n beyn\u0259lxalq idar\u0259 hey\u0259tinin \u00fczv\u00fc v\u0259 t\u0259\u015f\u0259bb\u00fcskar\u0131 olsam da, olimpiada \u00f6lk\u0259d\u0259 ke\u00e7iril\u0259rk\u0259n Az\u0259rbaycana g\u0259lm\u0259m\u0259yim t\u0259l\u0259b olundu. G\u0259l\u0259c\u0259yim t\u0259qdird\u0259 h\u0259bs olunaca\u011f\u0131mla ba\u011fl\u0131 t\u0259hdid edildim.<\/p>\n\n\n\n<p>2010-cu ild\u0259 deputatl\u0131\u011fa namiz\u0259d oldum; faktiki qalib g\u0259ldiyim se\u00e7kid\u0259n d\u0259rhal sonra h\u0259bs edildim. B\u00fct\u00fcn bunlar v\u0259 2019-cu il\u0259 q\u0259d\u0259r qar\u015f\u0131la\u015fd\u0131\u011f\u0131m polis t\u0259zyiql\u0259ri, h\u0259bsl\u0259r v\u0259 m\u0259rhumiyy\u0259tl\u0259r birba\u015fa Ramiz Mehdiyevin \u0259mri il\u0259 h\u0259yata ke\u00e7irilirdi. H\u0259r zaman o v\u0259 \u0259traf\u0131ndaki ya\u015fl\u0131 v\u0259 g\u0259nc \u0259lalt\u0131lar\u0131 m\u0259ni inqilab\u00e7\u0131, d\u00f6vl\u0259t \u00e7evirili\u015fin\u0259 haz\u0131rla\u015fan \u015f\u0259xs kimi t\u0259dqim edirdil\u0259r. Son h\u0259bsim zaman\u0131 da cinay\u0259t i\u015find\u0259 m\u00fcxt\u0259lif formalarda guya m\u0259nim d\u00f6vl\u0259t \u00e7evirili\u015fin\u0259 haz\u0131rla\u015fma\u011f\u0131m bar\u0259d\u0259 qeydl\u0259r var.<\/p>\n\n\n\n<p>Bu g\u00fcn is\u0259 m\u0259n\u0259 bu ittihamlar\u0131 ill\u0259rdir yap\u0131\u015fd\u0131rma\u011fa \u00e7al\u0131\u015fan Ramiz Mehdiyevin \u00f6z\u00fc d\u00f6vl\u0259t \u00e7evrili\u015fin\u0259 haz\u0131rl\u0131qda ittiham edilir, m\u00fchakim\u0259 olunur. M\u0259n\u0259 qar\u015f\u0131 bu saxta ittihamlar\u0131 s\u0259sl\u0259ndir\u0259nl\u0259r Mehdiyevin sadiq n\u00f6k\u0259rl\u0259ri v\u0259 onlar\u0131n odlu \u0259lalt\u0131lar\u0131d\u0131larsa, ona qar\u015f\u0131 bu ittiham d\u00f6vl\u0259t ba\u015f\u00e7\u0131lar\u0131 s\u0259viyy\u0259sind\u0259 m\u00fczakir\u0259 edilib, daha real v\u0259 \u0259sasl\u0131 q\u0259bul edilir.<\/p>\n\n\n\n<p>G\u00f6r\u00fcn\u00fcr, d\u00f6vl\u0259t i\u00e7ind\u0259ki x\u0259yan\u0259tkar d\u0259st\u0259 saxta \u00e7evrili\u015f ittihamlar\u0131 il\u0259 v\u0259t\u0259nda\u015f c\u0259miyy\u0259ti t\u0259msil\u00e7il\u0259rini h\u0259bs etdirm\u0259kl\u0259 h\u0259m Az\u0259rbaycan\u0131n q\u0259rb \u00f6lk\u0259l\u0259riyl\u0259 m\u00fcnasib\u0259tl\u0259rini z\u0259d\u0259l\u0259m\u0259y\u0259, h\u0259m d\u0259 \u0259sl \u00e7evrili\u015f haz\u0131rl\u0131qlar\u0131na diqq\u0259t yay\u0131nd\u0131rma\u011fa \u00e7al\u0131\u015f\u0131blar. \u015eadam ki, ittiham olundu\u011fum \u0259m\u0259ll\u0259r aras\u0131nda Mehdiyevd\u0259n f\u0259rqli olaraq d\u00f6vl\u0259t\u0259 x\u0259yan\u0259t cinay\u0259ti yoxdur. He\u00e7 vaxt n\u0259 \u00f6lk\u0259 daxilind\u0259, n\u0259 d\u0259 \u00f6lk\u0259 h\u00fcdudlar\u0131ndan k\u0259nar he\u00e7 bir \u015f\u0259xs, qrup, q\u00fcvv\u0259 v\u0259 d\u00f6vl\u0259tl\u0259 d\u00f6vl\u0259t maraqlar\u0131m\u0131za z\u0259rb\u0259 say\u0131lacaq he\u00e7 bir add\u0131m atmam\u0131\u015fam.<\/p>\n\n\n\n<p>\u018fksin\u0259, ictimai f\u0259aliyy\u0259timd\u0259, h\u0259tta hakimiyy\u0259ti t\u0259nqidimd\u0259 bel\u0259, demokratik c\u0259miyy\u0259tl\u0259rd\u0259 d\u00f6vl\u0259tin inki\u015faf\u0131 \u00fc\u00e7\u00fcn z\u0259ruri olan v\u0259t\u0259nda\u015f c\u0259miyy\u0259ti f\u0259aliyy\u0259ti say\u0131l\u0131r; cinay\u0259t yox. B\u00fct\u00fcn bunlara baxmayaraq, Mehdiyevin h\u00fcquq m\u00fchafiz\u0259 orqanlar\u0131nda, m\u0259hk\u0259m\u0259 h\u00fcquq sistemind\u0259ki media v\u0259 dig\u0259r sah\u0259l\u0259rd\u0259ki sadiq n\u00f6k\u0259rl\u0259ri h\u0259r v\u0259dl\u0259 m\u0259nim v\u0259 dig\u0259r v\u0259t\u0259nda\u015f c\u0259miyy\u0259ti t\u0259msil\u00e7il\u0259rinin, jurnalistl\u0259rin, h\u00fcquq m\u00fcdafi\u0259\u00e7il\u0259rinin h\u0259bsd\u0259 saxlanmas\u0131na \u00e7al\u0131\u015f\u0131rlar. Bununla da \u00f6lk\u0259mizin inki\u015faf etmi\u015f q\u0259rb d\u00f6vl\u0259tl\u0259ri il\u0259 strateji t\u0259r\u0259fda\u015fl\u0131\u011f\u0131na ciddi z\u0259rb\u0259 vururlar, c\u0259miyy\u0259t daxilind\u0259 aqressiya yarad\u0131rlar v\u0259 naraz\u0131l\u0131q yarad\u0131rlar, \u00f6z x\u0259yan\u0259t planlar\u0131n\u0131 icra etm\u0259k \u00fc\u00e7\u00fcn min bir z\u0259min haz\u0131rlay\u0131rlar.<\/p>\n\n\n\n<p>G\u0259l\u0259n h\u0259ft\u0259 Az\u0259rbaycan\u0131n 44 g\u00fcnl\u00fck V\u0259t\u0259n m\u00fcharib\u0259sind\u0259 qazand\u0131\u011f\u0131 z\u0259f\u0259rin 5-ci ild\u00f6n\u00fcm\u00fcd\u00fcr. H\u0259min h\u0259ft\u0259 birinci Qaraba\u011f m\u00fcharib\u0259si qazisi Tofiq Yaqublunun, \u00f6lk\u0259mizd\u0259 v\u0259 xaricd\u0259 tan\u0131nm\u0131\u015f h\u00fcquq m\u00fcdafi\u0259\u00e7isi v\u0259 44 g\u00fcnl\u00fck m\u00fcharib\u0259d\u0259 arxa c\u0259hb\u0259d\u0259 m\u00fcst\u0259sna xidm\u0259tl\u0259ri olmu\u015f R\u00fcf\u0259t S\u0259f\u0259rovun, m\u0259nim v\u0259 dig\u0259r siyasi m\u0259hbuslar\u0131n m\u0259hk\u0259m\u0259l\u0259ri ke\u00e7iril\u0259c\u0259k. \u00dcmid edir\u0259m ki, h\u0259l\u0259 d\u0259 d\u00f6vl\u0259t idar\u0259\u00e7iliyind\u0259 sa\u011flam d\u00fc\u015f\u00fcn\u0259n, rasional q\u0259rarlar ver\u0259 bil\u0259n h\u0259qiqi d\u00f6vl\u0259t adamlar\u0131 qal\u0131blar v\u0259 onlar z\u0259f\u0259r bayram\u0131 \u0259r\u0259f\u0259sind\u0259 \u00f6lk\u0259d\u0259 ictimai bar\u0131\u015f\u0131\u011f\u0131 t\u0259\u015fviq ed\u0259c\u0259k t\u0259\u015f\u0259bb\u00fcsl\u0259r ir\u0259li s\u00fcr\u0259c\u0259kl\u0259r. Bu t\u0259\u015f\u0259bb\u00fcsl\u0259r \u0259sas\u0131nda q\u0259bul edil\u0259c\u0259k q\u0259rarlar siyasi sifari\u015fl\u0259 h\u0259bs olunmu\u015f v\u0259t\u0259nda\u015f c\u0259miyy\u0259ti t\u0259msil\u00e7il\u0259rin\u0259, m\u0259tbuat n\u00fcmay\u0259nd\u0259l\u0259rin\u0259, ruhanil\u0259r\u0259 v\u0259 geni\u015f m\u0259hkum k\u00fctl\u0259sin\u0259 \u015famil edil\u0259c\u0259k&#8221;.<\/p>\n","protected":false},"excerpt":{"rendered":"<p>Sosial mediada haz\u0131rda h\u0259bsd\u0259 olan ictimai f\u0259al B\u0259xtiyar Hac\u0131yevin m\u00fcraci\u0259ti &#8230; <\/p>\n<p class=\"read-more-container\"><a title=\"B\u0259xtiyar Hac\u0131yev: &#8220;Bu g\u00fcn Ramiz Mehdiyev m\u0259n\u0259 yap\u0131\u015fd\u0131rma\u011fa \u00e7al\u0131\u015fd\u0131\u011f\u0131 ittihamla m\u00fchakim\u0259 edilir&#8221;\" class=\"read-more button\" href=\"https:\/\/www.meydan.tv\/az\/article\/b%c9%99xyiyar-haciyev-bu-gun-ramiz-mehdiyev-m%c9%99n%c9%99-yapisdirmaga-calisdigi-ittihamla-muhakim%c9%99-edilir\/#more-336904\" aria-label=\"Read more about B\u0259xtiyar Hac\u0131yev: &#8220;Bu g\u00fcn Ramiz Mehdiyev m\u0259n\u0259 yap\u0131\u015fd\u0131rma\u011fa \u00e7al\u0131\u015fd\u0131\u011f\u0131 ittihamla m\u00fchakim\u0259 edilir&#8221;\">Davam\u0131<\/a><\/p>\n","protected":false},"author":21,"featured_media":266105,"comment_status":"closed","ping_status":"closed","sticky":false,"template":"","format":"standard","meta":{"_acf_changed":false,"_sitemap_exclude":false,"_sitemap_priority":"","_sitemap_frequency":"","footnotes":""},"categories":[172,79,56],"tags":[],"class_list":["post-336904","post","type-post","status-publish","format-standard","has-post-thumbnail","hentry","category-hebsxanadan-mektublar","category-featured","category-xeberler","infinite-scroll-item","generate-columns","tablet-grid-50","mobile-grid-100","grid-parent","grid-33","no-featured-image-padding"],"acf":[],"yoast_head":"<!-- This site is optimized with the Yoast SEO plugin v27.4 - https:\/\/yoast.com\/product\/yoast-seo-wordpress\/ -->\n<title>B\u0259xtiyar Hac\u0131yev: &quot;Bu g\u00fcn Ramiz Mehdiyev m\u0259n\u0259 yap\u0131\u015fd\u0131rma\u011fa \u00e7al\u0131\u015fd\u0131\u011f\u0131 ittihamla m\u00fchakim\u0259 edilir&quot; - MEYDAN.TV<\/title>\n<meta name=\"robots\" content=\"index, follow, max-snippet:-1, max-image-preview:large, max-video-preview:-1\" \/>\n<link rel=\"canonical\" href=\"https:\/\/www.meydan.tv\/az\/article\/b%c9%99xyiyar-haciyev-bu-gun-ramiz-mehdiyev-m%c9%99n%c9%99-yapisdirmaga-calisdigi-ittihamla-muhakim%c9%99-edilir\/\" \/>\n<meta property=\"og:locale\" content=\"az_AZ\" \/>\n<meta property=\"og:type\" content=\"article\" \/>\n<meta property=\"og:title\" content=\"B\u0259xtiyar Hac\u0131yev: &quot;Bu g\u00fcn Ramiz Mehdiyev m\u0259n\u0259 yap\u0131\u015fd\u0131rma\u011fa \u00e7al\u0131\u015fd\u0131\u011f\u0131 ittihamla m\u00fchakim\u0259 edilir&quot; - MEYDAN.TV\" \/>\n<meta property=\"og:description\" content=\"Sosial mediada haz\u0131rda h\u0259bsd\u0259 olan ictimai f\u0259al B\u0259xtiyar Hac\u0131yevin m\u00fcraci\u0259ti ... Davam\u0131\" \/>\n<meta property=\"og:url\" content=\"https:\/\/www.meydan.tv\/az\/article\/b%c9%99xyiyar-haciyev-bu-gun-ramiz-mehdiyev-m%c9%99n%c9%99-yapisdirmaga-calisdigi-ittihamla-muhakim%c9%99-edilir\/\" \/>\n<meta property=\"og:site_name\" content=\"MEYDAN.TV\" \/>\n<meta property=\"article:published_time\" content=\"2025-10-31T08:32:04+00:00\" \/>\n<meta property=\"article:modified_time\" content=\"2025-10-31T08:42:17+00:00\" \/>\n<meta property=\"og:image\" content=\"https:\/\/www.meydan.tv\/wp-content\/uploads\/img_9508.jpg\" \/>\n\t<meta property=\"og:image:width\" content=\"1200\" \/>\n\t<meta property=\"og:image:height\" content=\"675\" \/>\n\t<meta property=\"og:image:type\" content=\"image\/jpeg\" \/>\n<meta name=\"author\" content=\"mahmud\" \/>\n<meta name=\"twitter:card\" content=\"summary_large_image\" \/>\n<script type=\"application\/ld+json\" class=\"yoast-schema-graph\">{\"@context\":\"https:\\\/\\\/schema.org\",\"@graph\":[{\"@type\":\"Article\",\"@id\":\"https:\\\/\\\/www.meydan.tv\\\/az\\\/article\\\/b%c9%99xyiyar-haciyev-bu-gun-ramiz-mehdiyev-m%c9%99n%c9%99-yapisdirmaga-calisdigi-ittihamla-muhakim%c9%99-edilir\\\/#article\",\"isPartOf\":{\"@id\":\"https:\\\/\\\/www.meydan.tv\\\/az\\\/article\\\/b%c9%99xyiyar-haciyev-bu-gun-ramiz-mehdiyev-m%c9%99n%c9%99-yapisdirmaga-calisdigi-ittihamla-muhakim%c9%99-edilir\\\/\"},\"author\":{\"name\":\"mahmud\",\"@id\":\"https:\\\/\\\/www.meydan.tv\\\/az\\\/#\\\/schema\\\/person\\\/09863e516102a829e72bedcf3f84c6b0\"},\"headline\":\"B\u0259xtiyar Hac\u0131yev: &#8220;Bu g\u00fcn Ramiz Mehdiyev m\u0259n\u0259 yap\u0131\u015fd\u0131rma\u011fa \u00e7al\u0131\u015fd\u0131\u011f\u0131 ittihamla m\u00fchakim\u0259 edilir&#8221;\",\"datePublished\":\"2025-10-31T08:32:04+00:00\",\"dateModified\":\"2025-10-31T08:42:17+00:00\",\"mainEntityOfPage\":{\"@id\":\"https:\\\/\\\/www.meydan.tv\\\/az\\\/article\\\/b%c9%99xyiyar-haciyev-bu-gun-ramiz-mehdiyev-m%c9%99n%c9%99-yapisdirmaga-calisdigi-ittihamla-muhakim%c9%99-edilir\\\/\"},\"wordCount\":937,\"publisher\":{\"@id\":\"https:\\\/\\\/www.meydan.tv\\\/az\\\/#organization\"},\"image\":{\"@id\":\"https:\\\/\\\/www.meydan.tv\\\/az\\\/article\\\/b%c9%99xyiyar-haciyev-bu-gun-ramiz-mehdiyev-m%c9%99n%c9%99-yapisdirmaga-calisdigi-ittihamla-muhakim%c9%99-edilir\\\/#primaryimage\"},\"thumbnailUrl\":\"https:\\\/\\\/www.meydan.tv\\\/wp-content\\\/uploads\\\/img_9508.jpg\",\"articleSection\":[\"H\u0259bsxanadan m\u0259ktublar\",\"T\u00f6vsiy\u0259\",\"X\u0259b\u0259rl\u0259r\"],\"inLanguage\":\"az\"},{\"@type\":\"WebPage\",\"@id\":\"https:\\\/\\\/www.meydan.tv\\\/az\\\/article\\\/b%c9%99xyiyar-haciyev-bu-gun-ramiz-mehdiyev-m%c9%99n%c9%99-yapisdirmaga-calisdigi-ittihamla-muhakim%c9%99-edilir\\\/\",\"url\":\"https:\\\/\\\/www.meydan.tv\\\/az\\\/article\\\/b%c9%99xyiyar-haciyev-bu-gun-ramiz-mehdiyev-m%c9%99n%c9%99-yapisdirmaga-calisdigi-ittihamla-muhakim%c9%99-edilir\\\/\",\"name\":\"B\u0259xtiyar Hac\u0131yev: \\\"Bu g\u00fcn Ramiz Mehdiyev m\u0259n\u0259 yap\u0131\u015fd\u0131rma\u011fa \u00e7al\u0131\u015fd\u0131\u011f\u0131 ittihamla m\u00fchakim\u0259 edilir\\\" - MEYDAN.TV\",\"isPartOf\":{\"@id\":\"https:\\\/\\\/www.meydan.tv\\\/az\\\/#website\"},\"primaryImageOfPage\":{\"@id\":\"https:\\\/\\\/www.meydan.tv\\\/az\\\/article\\\/b%c9%99xyiyar-haciyev-bu-gun-ramiz-mehdiyev-m%c9%99n%c9%99-yapisdirmaga-calisdigi-ittihamla-muhakim%c9%99-edilir\\\/#primaryimage\"},\"image\":{\"@id\":\"https:\\\/\\\/www.meydan.tv\\\/az\\\/article\\\/b%c9%99xyiyar-haciyev-bu-gun-ramiz-mehdiyev-m%c9%99n%c9%99-yapisdirmaga-calisdigi-ittihamla-muhakim%c9%99-edilir\\\/#primaryimage\"},\"thumbnailUrl\":\"https:\\\/\\\/www.meydan.tv\\\/wp-content\\\/uploads\\\/img_9508.jpg\",\"datePublished\":\"2025-10-31T08:32:04+00:00\",\"dateModified\":\"2025-10-31T08:42:17+00:00\",\"breadcrumb\":{\"@id\":\"https:\\\/\\\/www.meydan.tv\\\/az\\\/article\\\/b%c9%99xyiyar-haciyev-bu-gun-ramiz-mehdiyev-m%c9%99n%c9%99-yapisdirmaga-calisdigi-ittihamla-muhakim%c9%99-edilir\\\/#breadcrumb\"},\"inLanguage\":\"az\",\"potentialAction\":[{\"@type\":\"ReadAction\",\"target\":[\"https:\\\/\\\/www.meydan.tv\\\/az\\\/article\\\/b%c9%99xyiyar-haciyev-bu-gun-ramiz-mehdiyev-m%c9%99n%c9%99-yapisdirmaga-calisdigi-ittihamla-muhakim%c9%99-edilir\\\/\"]}]},{\"@type\":\"ImageObject\",\"inLanguage\":\"az\",\"@id\":\"https:\\\/\\\/www.meydan.tv\\\/az\\\/article\\\/b%c9%99xyiyar-haciyev-bu-gun-ramiz-mehdiyev-m%c9%99n%c9%99-yapisdirmaga-calisdigi-ittihamla-muhakim%c9%99-edilir\\\/#primaryimage\",\"url\":\"https:\\\/\\\/www.meydan.tv\\\/wp-content\\\/uploads\\\/img_9508.jpg\",\"contentUrl\":\"https:\\\/\\\/www.meydan.tv\\\/wp-content\\\/uploads\\\/img_9508.jpg\",\"width\":1200,\"height\":675,\"caption\":\"B\u0259xtiyar Hac\u0131yev. Foto: Meydan TV\"},{\"@type\":\"BreadcrumbList\",\"@id\":\"https:\\\/\\\/www.meydan.tv\\\/az\\\/article\\\/b%c9%99xyiyar-haciyev-bu-gun-ramiz-mehdiyev-m%c9%99n%c9%99-yapisdirmaga-calisdigi-ittihamla-muhakim%c9%99-edilir\\\/#breadcrumb\",\"itemListElement\":[{\"@type\":\"ListItem\",\"position\":1,\"name\":\"Ana s\u0259hif\u0259\",\"item\":\"https:\\\/\\\/www.meydan.tv\\\/az\\\/\"},{\"@type\":\"ListItem\",\"position\":2,\"name\":\"H\u0259bsxanadan m\u0259ktublar\",\"item\":\"https:\\\/\\\/www.meydan.tv\\\/az\\\/section\\\/hebsxanadan-mektublar\\\/\"},{\"@type\":\"ListItem\",\"position\":3,\"name\":\"B\u0259xtiyar Hac\u0131yev: &#8220;Bu g\u00fcn Ramiz Mehdiyev m\u0259n\u0259 yap\u0131\u015fd\u0131rma\u011fa \u00e7al\u0131\u015fd\u0131\u011f\u0131 ittihamla m\u00fchakim\u0259 edilir&#8221;\"}]},{\"@type\":\"WebSite\",\"@id\":\"https:\\\/\\\/www.meydan.tv\\\/az\\\/#website\",\"url\":\"https:\\\/\\\/www.meydan.tv\\\/az\\\/\",\"name\":\"MEYDAN.TV\",\"description\":\"Meydan TV Az\u0259rbaycan\u0131n media m\u0259kan\u0131ndak\u0131 alternativ s\u0259sidir\",\"publisher\":{\"@id\":\"https:\\\/\\\/www.meydan.tv\\\/az\\\/#organization\"},\"potentialAction\":[{\"@type\":\"SearchAction\",\"target\":{\"@type\":\"EntryPoint\",\"urlTemplate\":\"https:\\\/\\\/www.meydan.tv\\\/az\\\/?s={search_term_string}\"},\"query-input\":{\"@type\":\"PropertyValueSpecification\",\"valueRequired\":true,\"valueName\":\"search_term_string\"}}],\"inLanguage\":\"az\"},{\"@type\":\"Organization\",\"@id\":\"https:\\\/\\\/www.meydan.tv\\\/az\\\/#organization\",\"name\":\"Meydan TV\",\"url\":\"https:\\\/\\\/www.meydan.tv\\\/az\\\/\",\"logo\":{\"@type\":\"ImageObject\",\"inLanguage\":\"az\",\"@id\":\"https:\\\/\\\/www.meydan.tv\\\/az\\\/#\\\/schema\\\/logo\\\/image\\\/\",\"url\":\"https:\\\/\\\/www.meydan.tv\\\/wp-content\\\/uploads\\\/2021\\\/07\\\/meydan-logo.svg\",\"contentUrl\":\"https:\\\/\\\/www.meydan.tv\\\/wp-content\\\/uploads\\\/2021\\\/07\\\/meydan-logo.svg\",\"width\":195,\"height\":46,\"caption\":\"Meydan TV\"},\"image\":{\"@id\":\"https:\\\/\\\/www.meydan.tv\\\/az\\\/#\\\/schema\\\/logo\\\/image\\\/\"}},{\"@type\":\"Person\",\"@id\":\"https:\\\/\\\/www.meydan.tv\\\/az\\\/#\\\/schema\\\/person\\\/09863e516102a829e72bedcf3f84c6b0\",\"name\":\"mahmud\"}]}<\/script>\n<!-- \/ Yoast SEO plugin. -->","yoast_head_json":{"title":"B\u0259xtiyar Hac\u0131yev: \"Bu g\u00fcn Ramiz Mehdiyev m\u0259n\u0259 yap\u0131\u015fd\u0131rma\u011fa \u00e7al\u0131\u015fd\u0131\u011f\u0131 ittihamla m\u00fchakim\u0259 edilir\" - MEYDAN.TV","robots":{"index":"index","follow":"follow","max-snippet":"max-snippet:-1","max-image-preview":"max-image-preview:large","max-video-preview":"max-video-preview:-1"},"canonical":"https:\/\/www.meydan.tv\/az\/article\/b%c9%99xyiyar-haciyev-bu-gun-ramiz-mehdiyev-m%c9%99n%c9%99-yapisdirmaga-calisdigi-ittihamla-muhakim%c9%99-edilir\/","og_locale":"az_AZ","og_type":"article","og_title":"B\u0259xtiyar Hac\u0131yev: \"Bu g\u00fcn Ramiz Mehdiyev m\u0259n\u0259 yap\u0131\u015fd\u0131rma\u011fa \u00e7al\u0131\u015fd\u0131\u011f\u0131 ittihamla m\u00fchakim\u0259 edilir\" - MEYDAN.TV","og_description":"Sosial mediada haz\u0131rda h\u0259bsd\u0259 olan ictimai f\u0259al B\u0259xtiyar Hac\u0131yevin m\u00fcraci\u0259ti ... Davam\u0131","og_url":"https:\/\/www.meydan.tv\/az\/article\/b%c9%99xyiyar-haciyev-bu-gun-ramiz-mehdiyev-m%c9%99n%c9%99-yapisdirmaga-calisdigi-ittihamla-muhakim%c9%99-edilir\/","og_site_name":"MEYDAN.TV","article_published_time":"2025-10-31T08:32:04+00:00","article_modified_time":"2025-10-31T08:42:17+00:00","og_image":[{"width":1200,"height":675,"url":"https:\/\/www.meydan.tv\/wp-content\/uploads\/img_9508.jpg","type":"image\/jpeg"}],"author":"mahmud","twitter_card":"summary_large_image","schema":{"@context":"https:\/\/schema.org","@graph":[{"@type":"Article","@id":"https:\/\/www.meydan.tv\/az\/article\/b%c9%99xyiyar-haciyev-bu-gun-ramiz-mehdiyev-m%c9%99n%c9%99-yapisdirmaga-calisdigi-ittihamla-muhakim%c9%99-edilir\/#article","isPartOf":{"@id":"https:\/\/www.meydan.tv\/az\/article\/b%c9%99xyiyar-haciyev-bu-gun-ramiz-mehdiyev-m%c9%99n%c9%99-yapisdirmaga-calisdigi-ittihamla-muhakim%c9%99-edilir\/"},"author":{"name":"mahmud","@id":"https:\/\/www.meydan.tv\/az\/#\/schema\/person\/09863e516102a829e72bedcf3f84c6b0"},"headline":"B\u0259xtiyar Hac\u0131yev: &#8220;Bu g\u00fcn Ramiz Mehdiyev m\u0259n\u0259 yap\u0131\u015fd\u0131rma\u011fa \u00e7al\u0131\u015fd\u0131\u011f\u0131 ittihamla m\u00fchakim\u0259 edilir&#8221;","datePublished":"2025-10-31T08:32:04+00:00","dateModified":"2025-10-31T08:42:17+00:00","mainEntityOfPage":{"@id":"https:\/\/www.meydan.tv\/az\/article\/b%c9%99xyiyar-haciyev-bu-gun-ramiz-mehdiyev-m%c9%99n%c9%99-yapisdirmaga-calisdigi-ittihamla-muhakim%c9%99-edilir\/"},"wordCount":937,"publisher":{"@id":"https:\/\/www.meydan.tv\/az\/#organization"},"image":{"@id":"https:\/\/www.meydan.tv\/az\/article\/b%c9%99xyiyar-haciyev-bu-gun-ramiz-mehdiyev-m%c9%99n%c9%99-yapisdirmaga-calisdigi-ittihamla-muhakim%c9%99-edilir\/#primaryimage"},"thumbnailUrl":"https:\/\/www.meydan.tv\/wp-content\/uploads\/img_9508.jpg","articleSection":["H\u0259bsxanadan m\u0259ktublar","T\u00f6vsiy\u0259","X\u0259b\u0259rl\u0259r"],"inLanguage":"az"},{"@type":"WebPage","@id":"https:\/\/www.meydan.tv\/az\/article\/b%c9%99xyiyar-haciyev-bu-gun-ramiz-mehdiyev-m%c9%99n%c9%99-yapisdirmaga-calisdigi-ittihamla-muhakim%c9%99-edilir\/","url":"https:\/\/www.meydan.tv\/az\/article\/b%c9%99xyiyar-haciyev-bu-gun-ramiz-mehdiyev-m%c9%99n%c9%99-yapisdirmaga-calisdigi-ittihamla-muhakim%c9%99-edilir\/","name":"B\u0259xtiyar Hac\u0131yev: \"Bu g\u00fcn Ramiz Mehdiyev m\u0259n\u0259 yap\u0131\u015fd\u0131rma\u011fa \u00e7al\u0131\u015fd\u0131\u011f\u0131 ittihamla m\u00fchakim\u0259 edilir\" - MEYDAN.TV","isPartOf":{"@id":"https:\/\/www.meydan.tv\/az\/#website"},"primaryImageOfPage":{"@id":"https:\/\/www.meydan.tv\/az\/article\/b%c9%99xyiyar-haciyev-bu-gun-ramiz-mehdiyev-m%c9%99n%c9%99-yapisdirmaga-calisdigi-ittihamla-muhakim%c9%99-edilir\/#primaryimage"},"image":{"@id":"https:\/\/www.meydan.tv\/az\/article\/b%c9%99xyiyar-haciyev-bu-gun-ramiz-mehdiyev-m%c9%99n%c9%99-yapisdirmaga-calisdigi-ittihamla-muhakim%c9%99-edilir\/#primaryimage"},"thumbnailUrl":"https:\/\/www.meydan.tv\/wp-content\/uploads\/img_9508.jpg","datePublished":"2025-10-31T08:32:04+00:00","dateModified":"2025-10-31T08:42:17+00:00","breadcrumb":{"@id":"https:\/\/www.meydan.tv\/az\/article\/b%c9%99xyiyar-haciyev-bu-gun-ramiz-mehdiyev-m%c9%99n%c9%99-yapisdirmaga-calisdigi-ittihamla-muhakim%c9%99-edilir\/#breadcrumb"},"inLanguage":"az","potentialAction":[{"@type":"ReadAction","target":["https:\/\/www.meydan.tv\/az\/article\/b%c9%99xyiyar-haciyev-bu-gun-ramiz-mehdiyev-m%c9%99n%c9%99-yapisdirmaga-calisdigi-ittihamla-muhakim%c9%99-edilir\/"]}]},{"@type":"ImageObject","inLanguage":"az","@id":"https:\/\/www.meydan.tv\/az\/article\/b%c9%99xyiyar-haciyev-bu-gun-ramiz-mehdiyev-m%c9%99n%c9%99-yapisdirmaga-calisdigi-ittihamla-muhakim%c9%99-edilir\/#primaryimage","url":"https:\/\/www.meydan.tv\/wp-content\/uploads\/img_9508.jpg","contentUrl":"https:\/\/www.meydan.tv\/wp-content\/uploads\/img_9508.jpg","width":1200,"height":675,"caption":"B\u0259xtiyar Hac\u0131yev. Foto: Meydan TV"},{"@type":"BreadcrumbList","@id":"https:\/\/www.meydan.tv\/az\/article\/b%c9%99xyiyar-haciyev-bu-gun-ramiz-mehdiyev-m%c9%99n%c9%99-yapisdirmaga-calisdigi-ittihamla-muhakim%c9%99-edilir\/#breadcrumb","itemListElement":[{"@type":"ListItem","position":1,"name":"Ana s\u0259hif\u0259","item":"https:\/\/www.meydan.tv\/az\/"},{"@type":"ListItem","position":2,"name":"H\u0259bsxanadan m\u0259ktublar","item":"https:\/\/www.meydan.tv\/az\/section\/hebsxanadan-mektublar\/"},{"@type":"ListItem","position":3,"name":"B\u0259xtiyar Hac\u0131yev: &#8220;Bu g\u00fcn Ramiz Mehdiyev m\u0259n\u0259 yap\u0131\u015fd\u0131rma\u011fa \u00e7al\u0131\u015fd\u0131\u011f\u0131 ittihamla m\u00fchakim\u0259 edilir&#8221;"}]},{"@type":"WebSite","@id":"https:\/\/www.meydan.tv\/az\/#website","url":"https:\/\/www.meydan.tv\/az\/","name":"MEYDAN.TV","description":"Meydan TV Az\u0259rbaycan\u0131n media m\u0259kan\u0131ndak\u0131 alternativ s\u0259sidir","publisher":{"@id":"https:\/\/www.meydan.tv\/az\/#organization"},"potentialAction":[{"@type":"SearchAction","target":{"@type":"EntryPoint","urlTemplate":"https:\/\/www.meydan.tv\/az\/?s={search_term_string}"},"query-input":{"@type":"PropertyValueSpecification","valueRequired":true,"valueName":"search_term_string"}}],"inLanguage":"az"},{"@type":"Organization","@id":"https:\/\/www.meydan.tv\/az\/#organization","name":"Meydan TV","url":"https:\/\/www.meydan.tv\/az\/","logo":{"@type":"ImageObject","inLanguage":"az","@id":"https:\/\/www.meydan.tv\/az\/#\/schema\/logo\/image\/","url":"https:\/\/www.meydan.tv\/wp-content\/uploads\/2021\/07\/meydan-logo.svg","contentUrl":"https:\/\/www.meydan.tv\/wp-content\/uploads\/2021\/07\/meydan-logo.svg","width":195,"height":46,"caption":"Meydan TV"},"image":{"@id":"https:\/\/www.meydan.tv\/az\/#\/schema\/logo\/image\/"}},{"@type":"Person","@id":"https:\/\/www.meydan.tv\/az\/#\/schema\/person\/09863e516102a829e72bedcf3f84c6b0","name":"mahmud"}]}},"_links":{"self":[{"href":"https:\/\/www.meydan.tv\/az\/wp-json\/wp\/v2\/posts\/336904","targetHints":{"allow":["GET"]}}],"collection":[{"href":"https:\/\/www.meydan.tv\/az\/wp-json\/wp\/v2\/posts"}],"about":[{"href":"https:\/\/www.meydan.tv\/az\/wp-json\/wp\/v2\/types\/post"}],"author":[{"embeddable":true,"href":"https:\/\/www.meydan.tv\/az\/wp-json\/wp\/v2\/users\/21"}],"replies":[{"embeddable":true,"href":"https:\/\/www.meydan.tv\/az\/wp-json\/wp\/v2\/comments?post=336904"}],"version-history":[{"count":3,"href":"https:\/\/www.meydan.tv\/az\/wp-json\/wp\/v2\/posts\/336904\/revisions"}],"predecessor-version":[{"id":336907,"href":"https:\/\/www.meydan.tv\/az\/wp-json\/wp\/v2\/posts\/336904\/revisions\/336907"}],"wp:featuredmedia":[{"embeddable":true,"href":"https:\/\/www.meydan.tv\/az\/wp-json\/wp\/v2\/media\/266105"}],"wp:attachment":[{"href":"https:\/\/www.meydan.tv\/az\/wp-json\/wp\/v2\/media?parent=336904"}],"wp:term":[{"taxonomy":"category","embeddable":true,"href":"https:\/\/www.meydan.tv\/az\/wp-json\/wp\/v2\/categories?post=336904"},{"taxonomy":"post_tag","embeddable":true,"href":"https:\/\/www.meydan.tv\/az\/wp-json\/wp\/v2\/tags?post=336904"}],"curies":[{"name":"wp","href":"https:\/\/api.w.org\/{rel}","templated":true}]}}