{"id":336848,"date":"2025-10-30T14:18:56","date_gmt":"2025-10-30T10:18:56","guid":{"rendered":"https:\/\/www.meydan.tv\/?p=336848"},"modified":"2025-10-30T15:41:32","modified_gmt":"2025-10-30T11:41:32","slug":"dtx-hurriyy%c9%99tin-redaksiyasinda-%c9%99m%c9%99liyyat-kecirib-bas-redaktor-saxlanilib","status":"publish","type":"post","link":"https:\/\/www.meydan.tv\/az\/article\/dtx-hurriyy%c9%99tin-redaksiyasinda-%c9%99m%c9%99liyyat-kecirib-bas-redaktor-saxlanilib\/","title":{"rendered":"DTX \u201cH\u00fcrriyy\u0259t\u201din redaksiyas\u0131nda \u0259m\u0259liyyat ke\u00e7irib, ba\u015f redaktor saxlan\u0131l\u0131b"},"content":{"rendered":"\n<p>Bu g\u00fcn, oktyabr\u0131n 30-da D\u00f6vl\u0259t T\u0259hl\u00fck\u0259sizliyi Xidm\u0259ti (DTX) \u201cH\u00fcrriyy\u0259t\u201d q\u0259zeti, eyniadl\u0131 \u201cHurriyyet.az\u201d sayt\u0131 v\u0259 \u201cHurriyyet TV\u201dnin redaksiyalar\u0131nda \u0259m\u0259liyyat ke\u00e7irib, ba\u015f redaktor V\u00fcqar M\u0259mm\u0259dovu saxlay\u0131b.<\/p>\n\n\n\n<p>V\u00fcqar M\u0259mm\u0259dov Az\u0259rbaycan Demokrat Partiyas\u0131n\u0131n s\u0259dri S\u0259rdar C\u0259lalo\u011flunun bac\u0131s\u0131 o\u011fludur.<\/p>\n\n\n\n<p>H\u00f6kum\u0259ty\u00f6nl\u00fc saytlar\u0131n yazd\u0131\u011f\u0131na g\u00f6r\u0259, redaksiyalarda ke\u00e7iril\u0259n axtar\u0131\u015f zaman\u0131 komp\u00fcter v\u0259 b\u0259zi s\u0259n\u0259dl\u0259r g\u00f6t\u00fcr\u00fcl\u00fcb.<\/p>\n\n\n\n<p><a href=\"https:\/\/qafqazinfo.az\/news\/detail\/vuqar-memmedovu-dtx-saxlayib-yenilenib-487235\" target=\"_blank\" rel=\"noreferrer noopener nofollow\">Ehtimal olunur ki, <\/a>\u0259m\u0259liyyat haz\u0131rda ev dustaql\u0131\u011f\u0131nda olan Prezident Adminstrasiyas\u0131n\u0131n ke\u00e7mi\u015f r\u0259hb\u0259ri Ramiz Mehdiyevl\u0259 ba\u011fl\u0131d\u0131r.<\/p>\n\n\n\n<p>Ramiz Mehdiyev bar\u0259sind\u0259 S\u0259bail Rayon M\u0259hk\u0259m\u0259si t\u0259r\u0259find\u0259n oktyabr\u0131n 14-d\u0259n 4 ayl\u0131q ev dustaql\u0131\u011f\u0131 q\u0259timkan t\u0259dbiri se\u00e7ilib.<\/p>\n\n\n\n<p>Mehdiyev Cinay\u0259t M\u0259c\u0259ll\u0259sinin 278.1 (Az\u0259rbaycan Respublikas\u0131n\u0131n Konstitusiyas\u0131na zidd olaraq hakimiyy\u0259tin zorla \u0259l\u0259 ke\u00e7irilm\u0259sin\u0259, yaxud hakimiyy\u0259tin zorla saxlan\u0131lmas\u0131na, habel\u0259 d\u00f6vl\u0259tin konstitusiya qurulu\u015funun zorla d\u0259yi\u015fdirilm\u0259sin\u0259 y\u00f6n\u0259l\u0259n h\u0259r\u0259k\u0259tl\u0259r), 274 (d\u00f6vl\u0259t\u0259 x\u0259yan\u0259t) v\u0259 193-1.3.2-ci (cinay\u0259t yolu il\u0259 \u0259ld\u0259 edilmi\u015f \u0259mlak\u0131 leqalla\u015fd\u0131rma, xeyli miqdarda) madd\u0259l\u0259ri il\u0259 ittiham edilir.<\/p>\n","protected":false},"excerpt":{"rendered":"<p>Bu g\u00fcn, oktyabr\u0131n 30-da D\u00f6vl\u0259t T\u0259hl\u00fck\u0259sizliyi Xidm\u0259ti (DTX) \u201cH\u00fcrriyy\u0259t\u201d q\u0259zeti, &#8230; <\/p>\n<p class=\"read-more-container\"><a title=\"DTX \u201cH\u00fcrriyy\u0259t\u201din redaksiyas\u0131nda \u0259m\u0259liyyat ke\u00e7irib, ba\u015f redaktor saxlan\u0131l\u0131b\" class=\"read-more button\" href=\"https:\/\/www.meydan.tv\/az\/article\/dtx-hurriyy%c9%99tin-redaksiyasinda-%c9%99m%c9%99liyyat-kecirib-bas-redaktor-saxlanilib\/#more-336848\" aria-label=\"Read more about DTX \u201cH\u00fcrriyy\u0259t\u201din redaksiyas\u0131nda \u0259m\u0259liyyat ke\u00e7irib, ba\u015f redaktor saxlan\u0131l\u0131b\">Davam\u0131<\/a><\/p>\n","protected":false},"author":16,"featured_media":336853,"comment_status":"closed","ping_status":"closed","sticky":false,"template":"","format":"standard","meta":{"_acf_changed":false,"_sitemap_exclude":false,"_sitemap_priority":"","_sitemap_frequency":"","footnotes":""},"categories":[59,79,56],"tags":[],"class_list":["post-336848","post","type-post","status-publish","format-standard","has-post-thumbnail","hentry","category-siyaset","category-featured","category-xeberler","infinite-scroll-item","generate-columns","tablet-grid-50","mobile-grid-100","grid-parent","grid-33","no-featured-image-padding"],"acf":[],"yoast_head":"<!-- This site is optimized with the Yoast SEO plugin v27.4 - https:\/\/yoast.com\/product\/yoast-seo-wordpress\/ -->\n<title>DTX \u201cH\u00fcrriyy\u0259t\u201din redaksiyas\u0131nda \u0259m\u0259liyyat ke\u00e7irib, ba\u015f redaktor saxlan\u0131l\u0131b - MEYDAN.TV<\/title>\n<meta name=\"robots\" content=\"index, follow, max-snippet:-1, max-image-preview:large, max-video-preview:-1\" \/>\n<link rel=\"canonical\" href=\"https:\/\/www.meydan.tv\/az\/article\/dtx-hurriyy%c9%99tin-redaksiyasinda-%c9%99m%c9%99liyyat-kecirib-bas-redaktor-saxlanilib\/\" \/>\n<meta property=\"og:locale\" content=\"az_AZ\" \/>\n<meta property=\"og:type\" content=\"article\" \/>\n<meta property=\"og:title\" content=\"DTX \u201cH\u00fcrriyy\u0259t\u201din redaksiyas\u0131nda \u0259m\u0259liyyat ke\u00e7irib, ba\u015f redaktor saxlan\u0131l\u0131b - MEYDAN.TV\" \/>\n<meta property=\"og:description\" content=\"Bu g\u00fcn, oktyabr\u0131n 30-da D\u00f6vl\u0259t T\u0259hl\u00fck\u0259sizliyi Xidm\u0259ti (DTX) \u201cH\u00fcrriyy\u0259t\u201d q\u0259zeti, ... Davam\u0131\" \/>\n<meta property=\"og:url\" content=\"https:\/\/www.meydan.tv\/az\/article\/dtx-hurriyy%c9%99tin-redaksiyasinda-%c9%99m%c9%99liyyat-kecirib-bas-redaktor-saxlanilib\/\" \/>\n<meta property=\"og:site_name\" content=\"MEYDAN.TV\" \/>\n<meta property=\"article:published_time\" content=\"2025-10-30T10:18:56+00:00\" \/>\n<meta property=\"article:modified_time\" content=\"2025-10-30T11:41:32+00:00\" \/>\n<meta property=\"og:image\" content=\"https:\/\/www.meydan.tv\/wp-content\/uploads\/m-cover-1.png\" \/>\n\t<meta property=\"og:image:width\" content=\"2000\" \/>\n\t<meta property=\"og:image:height\" content=\"980\" \/>\n\t<meta property=\"og:image:type\" content=\"image\/png\" \/>\n<meta name=\"author\" content=\"sevda\" \/>\n<meta name=\"twitter:card\" content=\"summary_large_image\" \/>\n<script type=\"application\/ld+json\" class=\"yoast-schema-graph\">{\"@context\":\"https:\\\/\\\/schema.org\",\"@graph\":[{\"@type\":\"Article\",\"@id\":\"https:\\\/\\\/www.meydan.tv\\\/az\\\/article\\\/dtx-hurriyy%c9%99tin-redaksiyasinda-%c9%99m%c9%99liyyat-kecirib-bas-redaktor-saxlanilib\\\/#article\",\"isPartOf\":{\"@id\":\"https:\\\/\\\/www.meydan.tv\\\/az\\\/article\\\/dtx-hurriyy%c9%99tin-redaksiyasinda-%c9%99m%c9%99liyyat-kecirib-bas-redaktor-saxlanilib\\\/\"},\"author\":{\"name\":\"sevda\",\"@id\":\"https:\\\/\\\/www.meydan.tv\\\/az\\\/#\\\/schema\\\/person\\\/49b5f2bad5b126bb8ea9320eeb3e4dc9\"},\"headline\":\"DTX \u201cH\u00fcrriyy\u0259t\u201din redaksiyas\u0131nda \u0259m\u0259liyyat ke\u00e7irib, ba\u015f redaktor saxlan\u0131l\u0131b\",\"datePublished\":\"2025-10-30T10:18:56+00:00\",\"dateModified\":\"2025-10-30T11:41:32+00:00\",\"mainEntityOfPage\":{\"@id\":\"https:\\\/\\\/www.meydan.tv\\\/az\\\/article\\\/dtx-hurriyy%c9%99tin-redaksiyasinda-%c9%99m%c9%99liyyat-kecirib-bas-redaktor-saxlanilib\\\/\"},\"wordCount\":245,\"publisher\":{\"@id\":\"https:\\\/\\\/www.meydan.tv\\\/az\\\/#organization\"},\"image\":{\"@id\":\"https:\\\/\\\/www.meydan.tv\\\/az\\\/article\\\/dtx-hurriyy%c9%99tin-redaksiyasinda-%c9%99m%c9%99liyyat-kecirib-bas-redaktor-saxlanilib\\\/#primaryimage\"},\"thumbnailUrl\":\"https:\\\/\\\/www.meydan.tv\\\/wp-content\\\/uploads\\\/m-cover-1.png\",\"articleSection\":[\"Siyas\u0259t\",\"T\u00f6vsiy\u0259\",\"X\u0259b\u0259rl\u0259r\"],\"inLanguage\":\"az\"},{\"@type\":\"WebPage\",\"@id\":\"https:\\\/\\\/www.meydan.tv\\\/az\\\/article\\\/dtx-hurriyy%c9%99tin-redaksiyasinda-%c9%99m%c9%99liyyat-kecirib-bas-redaktor-saxlanilib\\\/\",\"url\":\"https:\\\/\\\/www.meydan.tv\\\/az\\\/article\\\/dtx-hurriyy%c9%99tin-redaksiyasinda-%c9%99m%c9%99liyyat-kecirib-bas-redaktor-saxlanilib\\\/\",\"name\":\"DTX \u201cH\u00fcrriyy\u0259t\u201din redaksiyas\u0131nda \u0259m\u0259liyyat ke\u00e7irib, ba\u015f redaktor saxlan\u0131l\u0131b - MEYDAN.TV\",\"isPartOf\":{\"@id\":\"https:\\\/\\\/www.meydan.tv\\\/az\\\/#website\"},\"primaryImageOfPage\":{\"@id\":\"https:\\\/\\\/www.meydan.tv\\\/az\\\/article\\\/dtx-hurriyy%c9%99tin-redaksiyasinda-%c9%99m%c9%99liyyat-kecirib-bas-redaktor-saxlanilib\\\/#primaryimage\"},\"image\":{\"@id\":\"https:\\\/\\\/www.meydan.tv\\\/az\\\/article\\\/dtx-hurriyy%c9%99tin-redaksiyasinda-%c9%99m%c9%99liyyat-kecirib-bas-redaktor-saxlanilib\\\/#primaryimage\"},\"thumbnailUrl\":\"https:\\\/\\\/www.meydan.tv\\\/wp-content\\\/uploads\\\/m-cover-1.png\",\"datePublished\":\"2025-10-30T10:18:56+00:00\",\"dateModified\":\"2025-10-30T11:41:32+00:00\",\"breadcrumb\":{\"@id\":\"https:\\\/\\\/www.meydan.tv\\\/az\\\/article\\\/dtx-hurriyy%c9%99tin-redaksiyasinda-%c9%99m%c9%99liyyat-kecirib-bas-redaktor-saxlanilib\\\/#breadcrumb\"},\"inLanguage\":\"az\",\"potentialAction\":[{\"@type\":\"ReadAction\",\"target\":[\"https:\\\/\\\/www.meydan.tv\\\/az\\\/article\\\/dtx-hurriyy%c9%99tin-redaksiyasinda-%c9%99m%c9%99liyyat-kecirib-bas-redaktor-saxlanilib\\\/\"]}]},{\"@type\":\"ImageObject\",\"inLanguage\":\"az\",\"@id\":\"https:\\\/\\\/www.meydan.tv\\\/az\\\/article\\\/dtx-hurriyy%c9%99tin-redaksiyasinda-%c9%99m%c9%99liyyat-kecirib-bas-redaktor-saxlanilib\\\/#primaryimage\",\"url\":\"https:\\\/\\\/www.meydan.tv\\\/wp-content\\\/uploads\\\/m-cover-1.png\",\"contentUrl\":\"https:\\\/\\\/www.meydan.tv\\\/wp-content\\\/uploads\\\/m-cover-1.png\",\"width\":2000,\"height\":980,\"caption\":\"\u201cH\u00fcrriyy\u0259t\u201d q\u0259zeti v\u0259 TV-nin ba\u015f redaktoru V\u00fcqar M\u0259mm\u0259dov - Foto: Video Screen\"},{\"@type\":\"BreadcrumbList\",\"@id\":\"https:\\\/\\\/www.meydan.tv\\\/az\\\/article\\\/dtx-hurriyy%c9%99tin-redaksiyasinda-%c9%99m%c9%99liyyat-kecirib-bas-redaktor-saxlanilib\\\/#breadcrumb\",\"itemListElement\":[{\"@type\":\"ListItem\",\"position\":1,\"name\":\"Ana s\u0259hif\u0259\",\"item\":\"https:\\\/\\\/www.meydan.tv\\\/az\\\/\"},{\"@type\":\"ListItem\",\"position\":2,\"name\":\"X\u0259b\u0259rl\u0259r\",\"item\":\"https:\\\/\\\/www.meydan.tv\\\/az\\\/section\\\/xeberler\\\/\"},{\"@type\":\"ListItem\",\"position\":3,\"name\":\"DTX \u201cH\u00fcrriyy\u0259t\u201din redaksiyas\u0131nda \u0259m\u0259liyyat ke\u00e7irib, ba\u015f redaktor saxlan\u0131l\u0131b\"}]},{\"@type\":\"WebSite\",\"@id\":\"https:\\\/\\\/www.meydan.tv\\\/az\\\/#website\",\"url\":\"https:\\\/\\\/www.meydan.tv\\\/az\\\/\",\"name\":\"MEYDAN.TV\",\"description\":\"Meydan TV Az\u0259rbaycan\u0131n media m\u0259kan\u0131ndak\u0131 alternativ s\u0259sidir\",\"publisher\":{\"@id\":\"https:\\\/\\\/www.meydan.tv\\\/az\\\/#organization\"},\"potentialAction\":[{\"@type\":\"SearchAction\",\"target\":{\"@type\":\"EntryPoint\",\"urlTemplate\":\"https:\\\/\\\/www.meydan.tv\\\/az\\\/?s={search_term_string}\"},\"query-input\":{\"@type\":\"PropertyValueSpecification\",\"valueRequired\":true,\"valueName\":\"search_term_string\"}}],\"inLanguage\":\"az\"},{\"@type\":\"Organization\",\"@id\":\"https:\\\/\\\/www.meydan.tv\\\/az\\\/#organization\",\"name\":\"Meydan TV\",\"url\":\"https:\\\/\\\/www.meydan.tv\\\/az\\\/\",\"logo\":{\"@type\":\"ImageObject\",\"inLanguage\":\"az\",\"@id\":\"https:\\\/\\\/www.meydan.tv\\\/az\\\/#\\\/schema\\\/logo\\\/image\\\/\",\"url\":\"https:\\\/\\\/www.meydan.tv\\\/wp-content\\\/uploads\\\/2021\\\/07\\\/meydan-logo.svg\",\"contentUrl\":\"https:\\\/\\\/www.meydan.tv\\\/wp-content\\\/uploads\\\/2021\\\/07\\\/meydan-logo.svg\",\"width\":195,\"height\":46,\"caption\":\"Meydan TV\"},\"image\":{\"@id\":\"https:\\\/\\\/www.meydan.tv\\\/az\\\/#\\\/schema\\\/logo\\\/image\\\/\"}},{\"@type\":\"Person\",\"@id\":\"https:\\\/\\\/www.meydan.tv\\\/az\\\/#\\\/schema\\\/person\\\/49b5f2bad5b126bb8ea9320eeb3e4dc9\",\"name\":\"sevda\"}]}<\/script>\n<!-- \/ Yoast SEO plugin. -->","yoast_head_json":{"title":"DTX \u201cH\u00fcrriyy\u0259t\u201din redaksiyas\u0131nda \u0259m\u0259liyyat ke\u00e7irib, ba\u015f redaktor saxlan\u0131l\u0131b - MEYDAN.TV","robots":{"index":"index","follow":"follow","max-snippet":"max-snippet:-1","max-image-preview":"max-image-preview:large","max-video-preview":"max-video-preview:-1"},"canonical":"https:\/\/www.meydan.tv\/az\/article\/dtx-hurriyy%c9%99tin-redaksiyasinda-%c9%99m%c9%99liyyat-kecirib-bas-redaktor-saxlanilib\/","og_locale":"az_AZ","og_type":"article","og_title":"DTX \u201cH\u00fcrriyy\u0259t\u201din redaksiyas\u0131nda \u0259m\u0259liyyat ke\u00e7irib, ba\u015f redaktor saxlan\u0131l\u0131b - MEYDAN.TV","og_description":"Bu g\u00fcn, oktyabr\u0131n 30-da D\u00f6vl\u0259t T\u0259hl\u00fck\u0259sizliyi Xidm\u0259ti (DTX) \u201cH\u00fcrriyy\u0259t\u201d q\u0259zeti, ... Davam\u0131","og_url":"https:\/\/www.meydan.tv\/az\/article\/dtx-hurriyy%c9%99tin-redaksiyasinda-%c9%99m%c9%99liyyat-kecirib-bas-redaktor-saxlanilib\/","og_site_name":"MEYDAN.TV","article_published_time":"2025-10-30T10:18:56+00:00","article_modified_time":"2025-10-30T11:41:32+00:00","og_image":[{"width":2000,"height":980,"url":"https:\/\/www.meydan.tv\/wp-content\/uploads\/m-cover-1.png","type":"image\/png"}],"author":"sevda","twitter_card":"summary_large_image","schema":{"@context":"https:\/\/schema.org","@graph":[{"@type":"Article","@id":"https:\/\/www.meydan.tv\/az\/article\/dtx-hurriyy%c9%99tin-redaksiyasinda-%c9%99m%c9%99liyyat-kecirib-bas-redaktor-saxlanilib\/#article","isPartOf":{"@id":"https:\/\/www.meydan.tv\/az\/article\/dtx-hurriyy%c9%99tin-redaksiyasinda-%c9%99m%c9%99liyyat-kecirib-bas-redaktor-saxlanilib\/"},"author":{"name":"sevda","@id":"https:\/\/www.meydan.tv\/az\/#\/schema\/person\/49b5f2bad5b126bb8ea9320eeb3e4dc9"},"headline":"DTX \u201cH\u00fcrriyy\u0259t\u201din redaksiyas\u0131nda \u0259m\u0259liyyat ke\u00e7irib, ba\u015f redaktor saxlan\u0131l\u0131b","datePublished":"2025-10-30T10:18:56+00:00","dateModified":"2025-10-30T11:41:32+00:00","mainEntityOfPage":{"@id":"https:\/\/www.meydan.tv\/az\/article\/dtx-hurriyy%c9%99tin-redaksiyasinda-%c9%99m%c9%99liyyat-kecirib-bas-redaktor-saxlanilib\/"},"wordCount":245,"publisher":{"@id":"https:\/\/www.meydan.tv\/az\/#organization"},"image":{"@id":"https:\/\/www.meydan.tv\/az\/article\/dtx-hurriyy%c9%99tin-redaksiyasinda-%c9%99m%c9%99liyyat-kecirib-bas-redaktor-saxlanilib\/#primaryimage"},"thumbnailUrl":"https:\/\/www.meydan.tv\/wp-content\/uploads\/m-cover-1.png","articleSection":["Siyas\u0259t","T\u00f6vsiy\u0259","X\u0259b\u0259rl\u0259r"],"inLanguage":"az"},{"@type":"WebPage","@id":"https:\/\/www.meydan.tv\/az\/article\/dtx-hurriyy%c9%99tin-redaksiyasinda-%c9%99m%c9%99liyyat-kecirib-bas-redaktor-saxlanilib\/","url":"https:\/\/www.meydan.tv\/az\/article\/dtx-hurriyy%c9%99tin-redaksiyasinda-%c9%99m%c9%99liyyat-kecirib-bas-redaktor-saxlanilib\/","name":"DTX \u201cH\u00fcrriyy\u0259t\u201din redaksiyas\u0131nda \u0259m\u0259liyyat ke\u00e7irib, ba\u015f redaktor saxlan\u0131l\u0131b - MEYDAN.TV","isPartOf":{"@id":"https:\/\/www.meydan.tv\/az\/#website"},"primaryImageOfPage":{"@id":"https:\/\/www.meydan.tv\/az\/article\/dtx-hurriyy%c9%99tin-redaksiyasinda-%c9%99m%c9%99liyyat-kecirib-bas-redaktor-saxlanilib\/#primaryimage"},"image":{"@id":"https:\/\/www.meydan.tv\/az\/article\/dtx-hurriyy%c9%99tin-redaksiyasinda-%c9%99m%c9%99liyyat-kecirib-bas-redaktor-saxlanilib\/#primaryimage"},"thumbnailUrl":"https:\/\/www.meydan.tv\/wp-content\/uploads\/m-cover-1.png","datePublished":"2025-10-30T10:18:56+00:00","dateModified":"2025-10-30T11:41:32+00:00","breadcrumb":{"@id":"https:\/\/www.meydan.tv\/az\/article\/dtx-hurriyy%c9%99tin-redaksiyasinda-%c9%99m%c9%99liyyat-kecirib-bas-redaktor-saxlanilib\/#breadcrumb"},"inLanguage":"az","potentialAction":[{"@type":"ReadAction","target":["https:\/\/www.meydan.tv\/az\/article\/dtx-hurriyy%c9%99tin-redaksiyasinda-%c9%99m%c9%99liyyat-kecirib-bas-redaktor-saxlanilib\/"]}]},{"@type":"ImageObject","inLanguage":"az","@id":"https:\/\/www.meydan.tv\/az\/article\/dtx-hurriyy%c9%99tin-redaksiyasinda-%c9%99m%c9%99liyyat-kecirib-bas-redaktor-saxlanilib\/#primaryimage","url":"https:\/\/www.meydan.tv\/wp-content\/uploads\/m-cover-1.png","contentUrl":"https:\/\/www.meydan.tv\/wp-content\/uploads\/m-cover-1.png","width":2000,"height":980,"caption":"\u201cH\u00fcrriyy\u0259t\u201d q\u0259zeti v\u0259 TV-nin ba\u015f redaktoru V\u00fcqar M\u0259mm\u0259dov - Foto: Video Screen"},{"@type":"BreadcrumbList","@id":"https:\/\/www.meydan.tv\/az\/article\/dtx-hurriyy%c9%99tin-redaksiyasinda-%c9%99m%c9%99liyyat-kecirib-bas-redaktor-saxlanilib\/#breadcrumb","itemListElement":[{"@type":"ListItem","position":1,"name":"Ana s\u0259hif\u0259","item":"https:\/\/www.meydan.tv\/az\/"},{"@type":"ListItem","position":2,"name":"X\u0259b\u0259rl\u0259r","item":"https:\/\/www.meydan.tv\/az\/section\/xeberler\/"},{"@type":"ListItem","position":3,"name":"DTX \u201cH\u00fcrriyy\u0259t\u201din redaksiyas\u0131nda \u0259m\u0259liyyat ke\u00e7irib, ba\u015f redaktor saxlan\u0131l\u0131b"}]},{"@type":"WebSite","@id":"https:\/\/www.meydan.tv\/az\/#website","url":"https:\/\/www.meydan.tv\/az\/","name":"MEYDAN.TV","description":"Meydan TV Az\u0259rbaycan\u0131n media m\u0259kan\u0131ndak\u0131 alternativ s\u0259sidir","publisher":{"@id":"https:\/\/www.meydan.tv\/az\/#organization"},"potentialAction":[{"@type":"SearchAction","target":{"@type":"EntryPoint","urlTemplate":"https:\/\/www.meydan.tv\/az\/?s={search_term_string}"},"query-input":{"@type":"PropertyValueSpecification","valueRequired":true,"valueName":"search_term_string"}}],"inLanguage":"az"},{"@type":"Organization","@id":"https:\/\/www.meydan.tv\/az\/#organization","name":"Meydan TV","url":"https:\/\/www.meydan.tv\/az\/","logo":{"@type":"ImageObject","inLanguage":"az","@id":"https:\/\/www.meydan.tv\/az\/#\/schema\/logo\/image\/","url":"https:\/\/www.meydan.tv\/wp-content\/uploads\/2021\/07\/meydan-logo.svg","contentUrl":"https:\/\/www.meydan.tv\/wp-content\/uploads\/2021\/07\/meydan-logo.svg","width":195,"height":46,"caption":"Meydan TV"},"image":{"@id":"https:\/\/www.meydan.tv\/az\/#\/schema\/logo\/image\/"}},{"@type":"Person","@id":"https:\/\/www.meydan.tv\/az\/#\/schema\/person\/49b5f2bad5b126bb8ea9320eeb3e4dc9","name":"sevda"}]}},"_links":{"self":[{"href":"https:\/\/www.meydan.tv\/az\/wp-json\/wp\/v2\/posts\/336848","targetHints":{"allow":["GET"]}}],"collection":[{"href":"https:\/\/www.meydan.tv\/az\/wp-json\/wp\/v2\/posts"}],"about":[{"href":"https:\/\/www.meydan.tv\/az\/wp-json\/wp\/v2\/types\/post"}],"author":[{"embeddable":true,"href":"https:\/\/www.meydan.tv\/az\/wp-json\/wp\/v2\/users\/16"}],"replies":[{"embeddable":true,"href":"https:\/\/www.meydan.tv\/az\/wp-json\/wp\/v2\/comments?post=336848"}],"version-history":[{"count":7,"href":"https:\/\/www.meydan.tv\/az\/wp-json\/wp\/v2\/posts\/336848\/revisions"}],"predecessor-version":[{"id":336885,"href":"https:\/\/www.meydan.tv\/az\/wp-json\/wp\/v2\/posts\/336848\/revisions\/336885"}],"wp:featuredmedia":[{"embeddable":true,"href":"https:\/\/www.meydan.tv\/az\/wp-json\/wp\/v2\/media\/336853"}],"wp:attachment":[{"href":"https:\/\/www.meydan.tv\/az\/wp-json\/wp\/v2\/media?parent=336848"}],"wp:term":[{"taxonomy":"category","embeddable":true,"href":"https:\/\/www.meydan.tv\/az\/wp-json\/wp\/v2\/categories?post=336848"},{"taxonomy":"post_tag","embeddable":true,"href":"https:\/\/www.meydan.tv\/az\/wp-json\/wp\/v2\/tags?post=336848"}],"curies":[{"name":"wp","href":"https:\/\/api.w.org\/{rel}","templated":true}]}}