{"id":336808,"date":"2025-10-28T13:47:41","date_gmt":"2025-10-28T09:47:41","guid":{"rendered":"https:\/\/www.meydan.tv\/?p=336808"},"modified":"2025-10-28T13:47:44","modified_gmt":"2025-10-28T09:47:44","slug":"konqresmen-makqovern-ilham-eliyev%c9%99-n%c9%99rgiz-muxtarova-il%c9%99-bagli-cinay%c9%99t-isi-l%c9%99gv-olunmalidir","status":"publish","type":"post","link":"https:\/\/www.meydan.tv\/az\/article\/konqresmen-makqovern-ilham-eliyev%c9%99-n%c9%99rgiz-muxtarova-il%c9%99-bagli-cinay%c9%99t-isi-l%c9%99gv-olunmalidir\/","title":{"rendered":"Konqresmen Makqovern \u0130lham \u018fliyev\u0259: N\u0259rgiz Muxtarova il\u0259 ba\u011fl\u0131 cinay\u0259t i\u015fi l\u0259\u011fv olunmal\u0131d\u0131r\u00a0"},"content":{"rendered":"\n<p><\/p>\n\n\n\n<p>AB\u015e Konqresinin \u0130nsan Haqlar\u0131 Komissiyas\u0131n\u0131n h\u0259ms\u0259dri, demokrat konqresmen Ceyms Makqovern (James P. McGovern ) Az\u0259rbaycan Prezidenti \u0130lham \u018fliyev\u0259 m\u0259ktub \u00fcnvanlay\u0131b. <\/p>\n\n\n\n<p>M\u0259ktubda o, v\u0259t\u0259nda\u015f c\u0259miyy\u0259ti f\u0259al\u0131 N\u0259rgiz Muxtarovaya qar\u015f\u0131 apar\u0131lan cinay\u0259t t\u0259qibind\u0259n v\u0259 onun h\u0259yat yolda\u015f\u0131, Azadl\u0131qRadiosunun jurnalisti F\u0259rid Mehral\u0131zad\u0259nin h\u0259bsd\u0259 saxlan\u0131lmas\u0131ndan ciddi narahatl\u0131\u011f\u0131n\u0131 ifad\u0259 edib.<\/p>\n\n\n\n<pre class=\"wp-block-preformatted\">\"QHT i\u015fi\" \u00fczr\u0259 h\u0259bsl\u0259r 2025-ci ilin mart\u0131ndan ba\u015flay\u0131b. H\u0259min vaxt N\u0259rgiz Muxtarova bar\u0259sind\u0259 polisin n\u0259zar\u0259ti alt\u0131na verm\u0259 t\u0259dbiri se\u00e7ilib. Haz\u0131rda onun m\u0259hk\u0259m\u0259 istintaq\u0131 davam edir. Muxtarovaya qar\u015f\u0131 Cinay\u0259t M\u0259c\u0259ll\u0259sinin 193-1.3.2 (cinay\u0259t yolu il\u0259 \u0259ld\u0259 edilmi\u015f xeyli miqdarda \u0259mlak\u0131 leqalla\u015fd\u0131rma), 308.1 (v\u0259zif\u0259 s\u0259lahiyy\u0259tl\u0259rind\u0259n sui-istifad\u0259) v\u0259 313-c\u00fc (v\u0259zif\u0259 saxtakarl\u0131\u011f\u0131) madd\u0259l\u0259ri il\u0259 ittiham ir\u0259li s\u00fcr\u00fcl\u00fcb.<\/pre>\n\n\n\n<p>Azadl\u0131qRadiosunun m\u0259lumat\u0131na g\u00f6r\u0259, Makqovern m\u0259ktubunda bildirib ki, N\u0259rgiz Muxtarovaya qar\u015f\u0131 ir\u0259li s\u00fcr\u00fcl\u0259n ittihamlar \u0259sass\u0131zd\u0131r v\u0259 bunlar Konqres t\u0259r\u0259find\u0259n maliyy\u0259l\u0259\u015fdiril\u0259n m\u00fcst\u0259qil jurnalist f\u0259aliyy\u0259tin\u0259 g\u00f6r\u0259 F\u0259rid Mehral\u0131zad\u0259y\u0259 g\u00f6st\u0259ril\u0259n t\u0259zyiql\u0259rin davam\u0131 t\u0259siri ba\u011f\u0131\u015flay\u0131r.<\/p>\n\n\n\n<p><em>&#8220;N\u0259rgiz\u0259 qar\u015f\u0131 ittihamlar \u0259sass\u0131zd\u0131r v\u0259 Konqresin maliyy\u0259l\u0259\u015fdirdiyi m\u00fcst\u0259qil jurnalistika f\u0259aliyy\u0259tin\u0259 g\u00f6r\u0259 \u0259rin\u0259 t\u0259zyiqin davam\u0131 kimi g\u00f6r\u00fcn\u00fcr. H\u00f6kum\u0259tinizi N\u0259rgizin \u00fcz\u0259rind\u0259n ittihamlar\u0131 g\u00f6t\u00fcrm\u0259yi v\u0259 F\u0259ridi azad etm\u0259y\u0259 \u00e7a\u011f\u0131r\u0131ram ki, o, ail\u0259sin\u0259 qovu\u015fa bilsin. Bu v\u0259ziyy\u0259tin F\u0259rid v\u0259 N\u0259rgizin azya\u015fl\u0131 q\u0131z\u0131na t\u0259siri m\u0259ni x\u00fcsusil\u0259 narahat edir. O, atas\u0131 \u0259dal\u0259tsiz h\u0259bsd\u0259 olark\u0259n do\u011fulub v\u0259 indi anas\u0131 da h\u0259bs t\u0259hl\u00fck\u0259si il\u0259 \u00fczl\u0259\u015fir. Birya\u015fl\u0131 u\u015fa\u011f\u0131n valideynsiz qalmas\u0131 ehtimal\u0131 q\u0259buledilm\u0259zdir&#8221;<\/em>&#8211; dey\u0259 konqresmen bildirib.<\/p>\n","protected":false},"excerpt":{"rendered":"<p>AB\u015e Konqresinin \u0130nsan Haqlar\u0131 Komissiyas\u0131n\u0131n h\u0259ms\u0259dri, demokrat konqresmen Ceyms Makqovern &#8230; <\/p>\n<p class=\"read-more-container\"><a title=\"Konqresmen Makqovern \u0130lham \u018fliyev\u0259: N\u0259rgiz Muxtarova il\u0259 ba\u011fl\u0131 cinay\u0259t i\u015fi l\u0259\u011fv olunmal\u0131d\u0131r\u00a0\" class=\"read-more button\" href=\"https:\/\/www.meydan.tv\/az\/article\/konqresmen-makqovern-ilham-eliyev%c9%99-n%c9%99rgiz-muxtarova-il%c9%99-bagli-cinay%c9%99t-isi-l%c9%99gv-olunmalidir\/#more-336808\" aria-label=\"Read more about Konqresmen Makqovern \u0130lham \u018fliyev\u0259: N\u0259rgiz Muxtarova il\u0259 ba\u011fl\u0131 cinay\u0259t i\u015fi l\u0259\u011fv olunmal\u0131d\u0131r\u00a0\">Davam\u0131<\/a><\/p>\n","protected":false},"author":21,"featured_media":336272,"comment_status":"closed","ping_status":"closed","sticky":false,"template":"","format":"standard","meta":{"_acf_changed":false,"_sitemap_exclude":false,"_sitemap_priority":"","_sitemap_frequency":"","footnotes":""},"categories":[59,79,56],"tags":[],"class_list":["post-336808","post","type-post","status-publish","format-standard","has-post-thumbnail","hentry","category-siyaset","category-featured","category-xeberler","infinite-scroll-item","generate-columns","tablet-grid-50","mobile-grid-100","grid-parent","grid-33","no-featured-image-padding"],"acf":[],"yoast_head":"<!-- This site is optimized with the Yoast SEO plugin v27.4 - https:\/\/yoast.com\/product\/yoast-seo-wordpress\/ -->\n<title>Konqresmen Makqovern \u0130lham \u018fliyev\u0259: N\u0259rgiz Muxtarova il\u0259 ba\u011fl\u0131 cinay\u0259t i\u015fi l\u0259\u011fv olunmal\u0131d\u0131r\u00a0 - MEYDAN.TV<\/title>\n<meta name=\"robots\" content=\"index, follow, max-snippet:-1, max-image-preview:large, max-video-preview:-1\" \/>\n<link rel=\"canonical\" href=\"https:\/\/www.meydan.tv\/az\/article\/konqresmen-makqovern-ilham-eliyev%c9%99-n%c9%99rgiz-muxtarova-il%c9%99-bagli-cinay%c9%99t-isi-l%c9%99gv-olunmalidir\/\" \/>\n<meta property=\"og:locale\" content=\"az_AZ\" \/>\n<meta property=\"og:type\" content=\"article\" \/>\n<meta property=\"og:title\" content=\"Konqresmen Makqovern \u0130lham \u018fliyev\u0259: N\u0259rgiz Muxtarova il\u0259 ba\u011fl\u0131 cinay\u0259t i\u015fi l\u0259\u011fv olunmal\u0131d\u0131r\u00a0 - MEYDAN.TV\" \/>\n<meta property=\"og:description\" content=\"AB\u015e Konqresinin \u0130nsan Haqlar\u0131 Komissiyas\u0131n\u0131n h\u0259ms\u0259dri, demokrat konqresmen Ceyms Makqovern ... Davam\u0131\" \/>\n<meta property=\"og:url\" content=\"https:\/\/www.meydan.tv\/az\/article\/konqresmen-makqovern-ilham-eliyev%c9%99-n%c9%99rgiz-muxtarova-il%c9%99-bagli-cinay%c9%99t-isi-l%c9%99gv-olunmalidir\/\" \/>\n<meta property=\"og:site_name\" content=\"MEYDAN.TV\" \/>\n<meta property=\"article:published_time\" content=\"2025-10-28T09:47:41+00:00\" \/>\n<meta property=\"article:modified_time\" content=\"2025-10-28T09:47:44+00:00\" \/>\n<meta property=\"og:image\" content=\"https:\/\/www.meydan.tv\/wp-content\/uploads\/1760360725971.jpg\" \/>\n\t<meta property=\"og:image:width\" content=\"824\" \/>\n\t<meta property=\"og:image:height\" content=\"464\" \/>\n\t<meta property=\"og:image:type\" content=\"image\/jpeg\" \/>\n<meta name=\"author\" content=\"mahmud\" \/>\n<meta name=\"twitter:card\" content=\"summary_large_image\" \/>\n<script type=\"application\/ld+json\" class=\"yoast-schema-graph\">{\"@context\":\"https:\\\/\\\/schema.org\",\"@graph\":[{\"@type\":\"Article\",\"@id\":\"https:\\\/\\\/www.meydan.tv\\\/az\\\/article\\\/konqresmen-makqovern-ilham-eliyev%c9%99-n%c9%99rgiz-muxtarova-il%c9%99-bagli-cinay%c9%99t-isi-l%c9%99gv-olunmalidir\\\/#article\",\"isPartOf\":{\"@id\":\"https:\\\/\\\/www.meydan.tv\\\/az\\\/article\\\/konqresmen-makqovern-ilham-eliyev%c9%99-n%c9%99rgiz-muxtarova-il%c9%99-bagli-cinay%c9%99t-isi-l%c9%99gv-olunmalidir\\\/\"},\"author\":{\"name\":\"mahmud\",\"@id\":\"https:\\\/\\\/www.meydan.tv\\\/az\\\/#\\\/schema\\\/person\\\/09863e516102a829e72bedcf3f84c6b0\"},\"headline\":\"Konqresmen Makqovern \u0130lham \u018fliyev\u0259: N\u0259rgiz Muxtarova il\u0259 ba\u011fl\u0131 cinay\u0259t i\u015fi l\u0259\u011fv olunmal\u0131d\u0131r\u00a0\",\"datePublished\":\"2025-10-28T09:47:41+00:00\",\"dateModified\":\"2025-10-28T09:47:44+00:00\",\"mainEntityOfPage\":{\"@id\":\"https:\\\/\\\/www.meydan.tv\\\/az\\\/article\\\/konqresmen-makqovern-ilham-eliyev%c9%99-n%c9%99rgiz-muxtarova-il%c9%99-bagli-cinay%c9%99t-isi-l%c9%99gv-olunmalidir\\\/\"},\"wordCount\":273,\"publisher\":{\"@id\":\"https:\\\/\\\/www.meydan.tv\\\/az\\\/#organization\"},\"image\":{\"@id\":\"https:\\\/\\\/www.meydan.tv\\\/az\\\/article\\\/konqresmen-makqovern-ilham-eliyev%c9%99-n%c9%99rgiz-muxtarova-il%c9%99-bagli-cinay%c9%99t-isi-l%c9%99gv-olunmalidir\\\/#primaryimage\"},\"thumbnailUrl\":\"https:\\\/\\\/www.meydan.tv\\\/wp-content\\\/uploads\\\/1760360725971.jpg\",\"articleSection\":[\"Siyas\u0259t\",\"T\u00f6vsiy\u0259\",\"X\u0259b\u0259rl\u0259r\"],\"inLanguage\":\"az\"},{\"@type\":\"WebPage\",\"@id\":\"https:\\\/\\\/www.meydan.tv\\\/az\\\/article\\\/konqresmen-makqovern-ilham-eliyev%c9%99-n%c9%99rgiz-muxtarova-il%c9%99-bagli-cinay%c9%99t-isi-l%c9%99gv-olunmalidir\\\/\",\"url\":\"https:\\\/\\\/www.meydan.tv\\\/az\\\/article\\\/konqresmen-makqovern-ilham-eliyev%c9%99-n%c9%99rgiz-muxtarova-il%c9%99-bagli-cinay%c9%99t-isi-l%c9%99gv-olunmalidir\\\/\",\"name\":\"Konqresmen Makqovern \u0130lham \u018fliyev\u0259: N\u0259rgiz Muxtarova il\u0259 ba\u011fl\u0131 cinay\u0259t i\u015fi l\u0259\u011fv olunmal\u0131d\u0131r\u00a0 - MEYDAN.TV\",\"isPartOf\":{\"@id\":\"https:\\\/\\\/www.meydan.tv\\\/az\\\/#website\"},\"primaryImageOfPage\":{\"@id\":\"https:\\\/\\\/www.meydan.tv\\\/az\\\/article\\\/konqresmen-makqovern-ilham-eliyev%c9%99-n%c9%99rgiz-muxtarova-il%c9%99-bagli-cinay%c9%99t-isi-l%c9%99gv-olunmalidir\\\/#primaryimage\"},\"image\":{\"@id\":\"https:\\\/\\\/www.meydan.tv\\\/az\\\/article\\\/konqresmen-makqovern-ilham-eliyev%c9%99-n%c9%99rgiz-muxtarova-il%c9%99-bagli-cinay%c9%99t-isi-l%c9%99gv-olunmalidir\\\/#primaryimage\"},\"thumbnailUrl\":\"https:\\\/\\\/www.meydan.tv\\\/wp-content\\\/uploads\\\/1760360725971.jpg\",\"datePublished\":\"2025-10-28T09:47:41+00:00\",\"dateModified\":\"2025-10-28T09:47:44+00:00\",\"breadcrumb\":{\"@id\":\"https:\\\/\\\/www.meydan.tv\\\/az\\\/article\\\/konqresmen-makqovern-ilham-eliyev%c9%99-n%c9%99rgiz-muxtarova-il%c9%99-bagli-cinay%c9%99t-isi-l%c9%99gv-olunmalidir\\\/#breadcrumb\"},\"inLanguage\":\"az\",\"potentialAction\":[{\"@type\":\"ReadAction\",\"target\":[\"https:\\\/\\\/www.meydan.tv\\\/az\\\/article\\\/konqresmen-makqovern-ilham-eliyev%c9%99-n%c9%99rgiz-muxtarova-il%c9%99-bagli-cinay%c9%99t-isi-l%c9%99gv-olunmalidir\\\/\"]}]},{\"@type\":\"ImageObject\",\"inLanguage\":\"az\",\"@id\":\"https:\\\/\\\/www.meydan.tv\\\/az\\\/article\\\/konqresmen-makqovern-ilham-eliyev%c9%99-n%c9%99rgiz-muxtarova-il%c9%99-bagli-cinay%c9%99t-isi-l%c9%99gv-olunmalidir\\\/#primaryimage\",\"url\":\"https:\\\/\\\/www.meydan.tv\\\/wp-content\\\/uploads\\\/1760360725971.jpg\",\"contentUrl\":\"https:\\\/\\\/www.meydan.tv\\\/wp-content\\\/uploads\\\/1760360725971.jpg\",\"width\":824,\"height\":464,\"caption\":\"N\u0259rgiz Muxtarova. Foto: \u018fkin\u00e7i\"},{\"@type\":\"BreadcrumbList\",\"@id\":\"https:\\\/\\\/www.meydan.tv\\\/az\\\/article\\\/konqresmen-makqovern-ilham-eliyev%c9%99-n%c9%99rgiz-muxtarova-il%c9%99-bagli-cinay%c9%99t-isi-l%c9%99gv-olunmalidir\\\/#breadcrumb\",\"itemListElement\":[{\"@type\":\"ListItem\",\"position\":1,\"name\":\"Ana s\u0259hif\u0259\",\"item\":\"https:\\\/\\\/www.meydan.tv\\\/az\\\/\"},{\"@type\":\"ListItem\",\"position\":2,\"name\":\"Siyas\u0259t\",\"item\":\"https:\\\/\\\/www.meydan.tv\\\/az\\\/section\\\/siyaset\\\/\"},{\"@type\":\"ListItem\",\"position\":3,\"name\":\"Konqresmen Makqovern \u0130lham \u018fliyev\u0259: N\u0259rgiz Muxtarova il\u0259 ba\u011fl\u0131 cinay\u0259t i\u015fi l\u0259\u011fv olunmal\u0131d\u0131r\u00a0\"}]},{\"@type\":\"WebSite\",\"@id\":\"https:\\\/\\\/www.meydan.tv\\\/az\\\/#website\",\"url\":\"https:\\\/\\\/www.meydan.tv\\\/az\\\/\",\"name\":\"MEYDAN.TV\",\"description\":\"Meydan TV Az\u0259rbaycan\u0131n media m\u0259kan\u0131ndak\u0131 alternativ s\u0259sidir\",\"publisher\":{\"@id\":\"https:\\\/\\\/www.meydan.tv\\\/az\\\/#organization\"},\"potentialAction\":[{\"@type\":\"SearchAction\",\"target\":{\"@type\":\"EntryPoint\",\"urlTemplate\":\"https:\\\/\\\/www.meydan.tv\\\/az\\\/?s={search_term_string}\"},\"query-input\":{\"@type\":\"PropertyValueSpecification\",\"valueRequired\":true,\"valueName\":\"search_term_string\"}}],\"inLanguage\":\"az\"},{\"@type\":\"Organization\",\"@id\":\"https:\\\/\\\/www.meydan.tv\\\/az\\\/#organization\",\"name\":\"Meydan TV\",\"url\":\"https:\\\/\\\/www.meydan.tv\\\/az\\\/\",\"logo\":{\"@type\":\"ImageObject\",\"inLanguage\":\"az\",\"@id\":\"https:\\\/\\\/www.meydan.tv\\\/az\\\/#\\\/schema\\\/logo\\\/image\\\/\",\"url\":\"https:\\\/\\\/www.meydan.tv\\\/wp-content\\\/uploads\\\/2021\\\/07\\\/meydan-logo.svg\",\"contentUrl\":\"https:\\\/\\\/www.meydan.tv\\\/wp-content\\\/uploads\\\/2021\\\/07\\\/meydan-logo.svg\",\"width\":195,\"height\":46,\"caption\":\"Meydan TV\"},\"image\":{\"@id\":\"https:\\\/\\\/www.meydan.tv\\\/az\\\/#\\\/schema\\\/logo\\\/image\\\/\"}},{\"@type\":\"Person\",\"@id\":\"https:\\\/\\\/www.meydan.tv\\\/az\\\/#\\\/schema\\\/person\\\/09863e516102a829e72bedcf3f84c6b0\",\"name\":\"mahmud\"}]}<\/script>\n<!-- \/ Yoast SEO plugin. -->","yoast_head_json":{"title":"Konqresmen Makqovern \u0130lham \u018fliyev\u0259: N\u0259rgiz Muxtarova il\u0259 ba\u011fl\u0131 cinay\u0259t i\u015fi l\u0259\u011fv olunmal\u0131d\u0131r\u00a0 - MEYDAN.TV","robots":{"index":"index","follow":"follow","max-snippet":"max-snippet:-1","max-image-preview":"max-image-preview:large","max-video-preview":"max-video-preview:-1"},"canonical":"https:\/\/www.meydan.tv\/az\/article\/konqresmen-makqovern-ilham-eliyev%c9%99-n%c9%99rgiz-muxtarova-il%c9%99-bagli-cinay%c9%99t-isi-l%c9%99gv-olunmalidir\/","og_locale":"az_AZ","og_type":"article","og_title":"Konqresmen Makqovern \u0130lham \u018fliyev\u0259: N\u0259rgiz Muxtarova il\u0259 ba\u011fl\u0131 cinay\u0259t i\u015fi l\u0259\u011fv olunmal\u0131d\u0131r\u00a0 - MEYDAN.TV","og_description":"AB\u015e Konqresinin \u0130nsan Haqlar\u0131 Komissiyas\u0131n\u0131n h\u0259ms\u0259dri, demokrat konqresmen Ceyms Makqovern ... Davam\u0131","og_url":"https:\/\/www.meydan.tv\/az\/article\/konqresmen-makqovern-ilham-eliyev%c9%99-n%c9%99rgiz-muxtarova-il%c9%99-bagli-cinay%c9%99t-isi-l%c9%99gv-olunmalidir\/","og_site_name":"MEYDAN.TV","article_published_time":"2025-10-28T09:47:41+00:00","article_modified_time":"2025-10-28T09:47:44+00:00","og_image":[{"width":824,"height":464,"url":"https:\/\/www.meydan.tv\/wp-content\/uploads\/1760360725971.jpg","type":"image\/jpeg"}],"author":"mahmud","twitter_card":"summary_large_image","schema":{"@context":"https:\/\/schema.org","@graph":[{"@type":"Article","@id":"https:\/\/www.meydan.tv\/az\/article\/konqresmen-makqovern-ilham-eliyev%c9%99-n%c9%99rgiz-muxtarova-il%c9%99-bagli-cinay%c9%99t-isi-l%c9%99gv-olunmalidir\/#article","isPartOf":{"@id":"https:\/\/www.meydan.tv\/az\/article\/konqresmen-makqovern-ilham-eliyev%c9%99-n%c9%99rgiz-muxtarova-il%c9%99-bagli-cinay%c9%99t-isi-l%c9%99gv-olunmalidir\/"},"author":{"name":"mahmud","@id":"https:\/\/www.meydan.tv\/az\/#\/schema\/person\/09863e516102a829e72bedcf3f84c6b0"},"headline":"Konqresmen Makqovern \u0130lham \u018fliyev\u0259: N\u0259rgiz Muxtarova il\u0259 ba\u011fl\u0131 cinay\u0259t i\u015fi l\u0259\u011fv olunmal\u0131d\u0131r\u00a0","datePublished":"2025-10-28T09:47:41+00:00","dateModified":"2025-10-28T09:47:44+00:00","mainEntityOfPage":{"@id":"https:\/\/www.meydan.tv\/az\/article\/konqresmen-makqovern-ilham-eliyev%c9%99-n%c9%99rgiz-muxtarova-il%c9%99-bagli-cinay%c9%99t-isi-l%c9%99gv-olunmalidir\/"},"wordCount":273,"publisher":{"@id":"https:\/\/www.meydan.tv\/az\/#organization"},"image":{"@id":"https:\/\/www.meydan.tv\/az\/article\/konqresmen-makqovern-ilham-eliyev%c9%99-n%c9%99rgiz-muxtarova-il%c9%99-bagli-cinay%c9%99t-isi-l%c9%99gv-olunmalidir\/#primaryimage"},"thumbnailUrl":"https:\/\/www.meydan.tv\/wp-content\/uploads\/1760360725971.jpg","articleSection":["Siyas\u0259t","T\u00f6vsiy\u0259","X\u0259b\u0259rl\u0259r"],"inLanguage":"az"},{"@type":"WebPage","@id":"https:\/\/www.meydan.tv\/az\/article\/konqresmen-makqovern-ilham-eliyev%c9%99-n%c9%99rgiz-muxtarova-il%c9%99-bagli-cinay%c9%99t-isi-l%c9%99gv-olunmalidir\/","url":"https:\/\/www.meydan.tv\/az\/article\/konqresmen-makqovern-ilham-eliyev%c9%99-n%c9%99rgiz-muxtarova-il%c9%99-bagli-cinay%c9%99t-isi-l%c9%99gv-olunmalidir\/","name":"Konqresmen Makqovern \u0130lham \u018fliyev\u0259: N\u0259rgiz Muxtarova il\u0259 ba\u011fl\u0131 cinay\u0259t i\u015fi l\u0259\u011fv olunmal\u0131d\u0131r\u00a0 - MEYDAN.TV","isPartOf":{"@id":"https:\/\/www.meydan.tv\/az\/#website"},"primaryImageOfPage":{"@id":"https:\/\/www.meydan.tv\/az\/article\/konqresmen-makqovern-ilham-eliyev%c9%99-n%c9%99rgiz-muxtarova-il%c9%99-bagli-cinay%c9%99t-isi-l%c9%99gv-olunmalidir\/#primaryimage"},"image":{"@id":"https:\/\/www.meydan.tv\/az\/article\/konqresmen-makqovern-ilham-eliyev%c9%99-n%c9%99rgiz-muxtarova-il%c9%99-bagli-cinay%c9%99t-isi-l%c9%99gv-olunmalidir\/#primaryimage"},"thumbnailUrl":"https:\/\/www.meydan.tv\/wp-content\/uploads\/1760360725971.jpg","datePublished":"2025-10-28T09:47:41+00:00","dateModified":"2025-10-28T09:47:44+00:00","breadcrumb":{"@id":"https:\/\/www.meydan.tv\/az\/article\/konqresmen-makqovern-ilham-eliyev%c9%99-n%c9%99rgiz-muxtarova-il%c9%99-bagli-cinay%c9%99t-isi-l%c9%99gv-olunmalidir\/#breadcrumb"},"inLanguage":"az","potentialAction":[{"@type":"ReadAction","target":["https:\/\/www.meydan.tv\/az\/article\/konqresmen-makqovern-ilham-eliyev%c9%99-n%c9%99rgiz-muxtarova-il%c9%99-bagli-cinay%c9%99t-isi-l%c9%99gv-olunmalidir\/"]}]},{"@type":"ImageObject","inLanguage":"az","@id":"https:\/\/www.meydan.tv\/az\/article\/konqresmen-makqovern-ilham-eliyev%c9%99-n%c9%99rgiz-muxtarova-il%c9%99-bagli-cinay%c9%99t-isi-l%c9%99gv-olunmalidir\/#primaryimage","url":"https:\/\/www.meydan.tv\/wp-content\/uploads\/1760360725971.jpg","contentUrl":"https:\/\/www.meydan.tv\/wp-content\/uploads\/1760360725971.jpg","width":824,"height":464,"caption":"N\u0259rgiz Muxtarova. Foto: \u018fkin\u00e7i"},{"@type":"BreadcrumbList","@id":"https:\/\/www.meydan.tv\/az\/article\/konqresmen-makqovern-ilham-eliyev%c9%99-n%c9%99rgiz-muxtarova-il%c9%99-bagli-cinay%c9%99t-isi-l%c9%99gv-olunmalidir\/#breadcrumb","itemListElement":[{"@type":"ListItem","position":1,"name":"Ana s\u0259hif\u0259","item":"https:\/\/www.meydan.tv\/az\/"},{"@type":"ListItem","position":2,"name":"Siyas\u0259t","item":"https:\/\/www.meydan.tv\/az\/section\/siyaset\/"},{"@type":"ListItem","position":3,"name":"Konqresmen Makqovern \u0130lham \u018fliyev\u0259: N\u0259rgiz Muxtarova il\u0259 ba\u011fl\u0131 cinay\u0259t i\u015fi l\u0259\u011fv olunmal\u0131d\u0131r\u00a0"}]},{"@type":"WebSite","@id":"https:\/\/www.meydan.tv\/az\/#website","url":"https:\/\/www.meydan.tv\/az\/","name":"MEYDAN.TV","description":"Meydan TV Az\u0259rbaycan\u0131n media m\u0259kan\u0131ndak\u0131 alternativ s\u0259sidir","publisher":{"@id":"https:\/\/www.meydan.tv\/az\/#organization"},"potentialAction":[{"@type":"SearchAction","target":{"@type":"EntryPoint","urlTemplate":"https:\/\/www.meydan.tv\/az\/?s={search_term_string}"},"query-input":{"@type":"PropertyValueSpecification","valueRequired":true,"valueName":"search_term_string"}}],"inLanguage":"az"},{"@type":"Organization","@id":"https:\/\/www.meydan.tv\/az\/#organization","name":"Meydan TV","url":"https:\/\/www.meydan.tv\/az\/","logo":{"@type":"ImageObject","inLanguage":"az","@id":"https:\/\/www.meydan.tv\/az\/#\/schema\/logo\/image\/","url":"https:\/\/www.meydan.tv\/wp-content\/uploads\/2021\/07\/meydan-logo.svg","contentUrl":"https:\/\/www.meydan.tv\/wp-content\/uploads\/2021\/07\/meydan-logo.svg","width":195,"height":46,"caption":"Meydan TV"},"image":{"@id":"https:\/\/www.meydan.tv\/az\/#\/schema\/logo\/image\/"}},{"@type":"Person","@id":"https:\/\/www.meydan.tv\/az\/#\/schema\/person\/09863e516102a829e72bedcf3f84c6b0","name":"mahmud"}]}},"_links":{"self":[{"href":"https:\/\/www.meydan.tv\/az\/wp-json\/wp\/v2\/posts\/336808","targetHints":{"allow":["GET"]}}],"collection":[{"href":"https:\/\/www.meydan.tv\/az\/wp-json\/wp\/v2\/posts"}],"about":[{"href":"https:\/\/www.meydan.tv\/az\/wp-json\/wp\/v2\/types\/post"}],"author":[{"embeddable":true,"href":"https:\/\/www.meydan.tv\/az\/wp-json\/wp\/v2\/users\/21"}],"replies":[{"embeddable":true,"href":"https:\/\/www.meydan.tv\/az\/wp-json\/wp\/v2\/comments?post=336808"}],"version-history":[{"count":1,"href":"https:\/\/www.meydan.tv\/az\/wp-json\/wp\/v2\/posts\/336808\/revisions"}],"predecessor-version":[{"id":336809,"href":"https:\/\/www.meydan.tv\/az\/wp-json\/wp\/v2\/posts\/336808\/revisions\/336809"}],"wp:featuredmedia":[{"embeddable":true,"href":"https:\/\/www.meydan.tv\/az\/wp-json\/wp\/v2\/media\/336272"}],"wp:attachment":[{"href":"https:\/\/www.meydan.tv\/az\/wp-json\/wp\/v2\/media?parent=336808"}],"wp:term":[{"taxonomy":"category","embeddable":true,"href":"https:\/\/www.meydan.tv\/az\/wp-json\/wp\/v2\/categories?post=336808"},{"taxonomy":"post_tag","embeddable":true,"href":"https:\/\/www.meydan.tv\/az\/wp-json\/wp\/v2\/tags?post=336808"}],"curies":[{"name":"wp","href":"https:\/\/api.w.org\/{rel}","templated":true}]}}