{"id":336799,"date":"2025-10-27T20:17:32","date_gmt":"2025-10-27T16:17:32","guid":{"rendered":"https:\/\/www.meydan.tv\/?p=336799"},"modified":"2025-10-27T20:17:35","modified_gmt":"2025-10-27T16:17:35","slug":"qht-isi-n%c9%99rgiz-muxtarovaya-ittiham-akti-elan-olunub-o-ozunu-t%c9%99qsirli-bilm%c9%99yib","status":"publish","type":"post","link":"https:\/\/www.meydan.tv\/az\/article\/qht-isi-n%c9%99rgiz-muxtarovaya-ittiham-akti-elan-olunub-o-ozunu-t%c9%99qsirli-bilm%c9%99yib\/","title":{"rendered":"\u201cQHT i\u015fi\u201d: N\u0259rgiz Muxtarovaya ittiham akt\u0131 elan olunub, o \u00f6z\u00fcn\u00fc t\u0259qsirli bilm\u0259yib"},"content":{"rendered":"\n<p><\/p>\n\n\n\n<p>Bu g\u00fcn, oktyabr\u0131n 27-d\u0259 Bak\u0131 A\u011f\u0131r Cinay\u0259tl\u0259r M\u0259hk\u0259m\u0259sind\u0259 \u201cQHT i\u015fi\u201d \u00fczr\u0259 t\u0259qsirl\u0259ndiril\u0259n N\u0259rgiz Muxtarovan\u0131n n\u00f6vb\u0259ti m\u0259hk\u0259m\u0259si ke\u00e7irilib.<\/p>\n\n\n\n<p>Proses\u0259 hakim Leyla \u018fsg\u0259rova-M\u0259mm\u0259dova s\u0259drlik edib.&nbsp;<\/p>\n\n\n\n<p>M\u0259hk\u0259m\u0259d\u0259 d\u00f6vl\u0259t ittiham\u00e7\u0131s\u0131 ittiham akt\u0131n\u0131 elan edib.<\/p>\n\n\n\n<pre class=\"wp-block-preformatted\">\"QHT i\u015fi\" \u00fczr\u0259 h\u0259bsl\u0259r 2025-ci ilin mart\u0131ndan ba\u015flay\u0131b. H\u0259min vaxt V\u0259t\u0259nda\u015f H\u00fcquqlar\u0131 \u0130nstitutunun r\u0259hb\u0259ri B.S\u00fcleymanl\u0131, Se\u00e7ki M\u00fc\u015fahid\u0259 Alyans\u0131n\u0131n icra\u00e7\u0131 direktoru M\u0259mm\u0259d Alpay (M\u0259mm\u0259dzad\u0259)<a href=\"https:\/\/www.meydan.tv\/az\/article\/b%c9%99sir-suleymanli-v%c9%99-m%c9%99mm%c9%99d-m%c9%99mm%c9%99dzad%c9%99-h%c9%99bs-edilib\/\" target=\"_blank\" rel=\"noreferrer noopener nofollow\"> h\u0259bs olunub<\/a>.\u00a0 Apreld\u0259 daha \u00fc\u00e7 n\u0259f\u0259r - ictimai f\u0259al As\u0259f \u018fhm\u0259dov, sosial i\u015f\u00e7i Zamin Z\u0259ki v\u0259 \u018fhm\u0259d M\u0259mm\u0259dzad\u0259 haqq\u0131nda da eyni<a href=\"https:\/\/www.meydan.tv\/az\/article\/qht-isi-il%c9%99-bagli-iki-n%c9%99f%c9%99rin-h%c9%99bs-olundugu-bildirilir\/\" target=\"_blank\" rel=\"noreferrer noopener nofollow\"> q\u0259rar verilib<\/a>.Qalib Bayramov v\u0259 N\u0259rgiz Muxtarova bar\u0259sind\u0259 polisin n\u0259zar\u0259ti alt\u0131na verm\u0259 t\u0259dbiri se\u00e7ilib.<br><br>QHT-l\u0259rl\u0259 ba\u011fl\u0131 cinay\u0259t i\u015fi \u00fczr\u0259 istintaqa 100-d\u0259n art\u0131q \u015f\u0259xs c\u0259lb olunub. Onlar\u0131n aras\u0131nda qrant vermi\u015f beyn\u0259lxalq donor t\u0259\u015fkilatlar\u0131n Az\u0259rbaycandak\u0131 n\u00fcmay\u0259nd\u0259likl\u0259rinin \u0259m\u0259kda\u015flar\u0131 da var. Bundan \u0259lav\u0259, h\u00f6kum\u0259ty\u00f6nl\u00fc QHT r\u0259hb\u0259rl\u0259rind\u0259n bir ne\u00e7\u0259sinin d\u0259 istintaqa c\u0259lb edil\u0259nl\u0259r s\u0131ras\u0131nda oldu\u011fu bildirilir.\u0130stintaq d\u00f6vr\u00fc \u00fc\u00e7\u00fcn v\u0259t\u0259nda\u015f c\u0259miyy\u0259tinin xeyli sayda f\u0259al\u0131 haqq\u0131nda h\u0259bs\u0259 alternativ q\u0259timkan t\u0259dbiri se\u00e7ilib. Bunlar\u0131n s\u0131ras\u0131nda \"H\u00fcquq v\u0259 \u0130nki\u015faf\" \u0130ctimai Birliyinin r\u0259hb\u0259ri Hafiz H\u0259s\u0259nov, AB\u015e-nin Alman Mar\u015fall Fondunun (GMF) Az\u0259rbaycan \u00fczr\u0259 m\u0259sl\u0259h\u0259t\u00e7isi olmu\u015f Mehriban R\u0259himli v\u0259<a href=\"https:\/\/www.meydan.tv\/az\/article\/qht-isi-c%c9%99rciv%c9%99sind%c9%99-dindiril%c9%99nl%c9%99r-polis-n%c9%99zar%c9%99tin%c9%99-veril%c9%99nl%c9%99r-ev-dustaqligina-m%c9%99hkum-edil%c9%99nl%c9%99r-var\/\" target=\"_blank\" rel=\"noreferrer noopener nofollow\"> ba\u015fqalar\u0131 var.<\/a><br><br>Adlar\u0131 \u00e7\u0259kil\u0259n \u015f\u0259xsl\u0259rl\u0259 yana\u015f\u0131, Sosial H\u00fcquqlar M\u0259rk\u0259zinin haz\u0131rda \u00f6lk\u0259d\u0259n k\u0259narda olan r\u0259hb\u0259ri S\u00fcbhan H\u0259s\u0259nli v\u0259 ictimai f\u0259al Aytac A\u011fazad\u0259 haqq\u0131nda bu cinay\u0259t i\u015fi \u00fczr\u0259 h\u0259bsli<a href=\"https:\/\/www.meydan.tv\/az\/article\/qht-isi-uzr%c9%99-m%c9%99suliyy%c9%99t%c9%99-c%c9%99lb-edil%c9%99nl%c9%99rin-kimliyi-aciqlanib\/\"> axtar\u0131\u015f q\u0259rar\u0131 verilib.<\/a><\/pre>\n\n\n\n<p>\u0130ttihama g\u00f6r\u0259, N\u0259rgiz Muxtarova v\u0259zif\u0259 s\u0259lahiyy\u0259tl\u0259rind\u0259n sui-istifad\u0259 ed\u0259r\u0259k m\u00fcxt\u0259lif layih\u0259l\u0259rl\u0259 ba\u011fl\u0131 s\u0259n\u0259dl\u0259ri saxtala\u015fd\u0131r\u0131b. O, \u201cRasional \u0130nki\u015faf U\u011frunda\u201d Qad\u0131nlar C\u0259miyy\u0259tinin s\u0259dri \u015e\u0259hla \u0130smay\u0131l v\u0259 dig\u0259r \u015f\u0259xsl\u0259rl\u0259 birlikd\u0259 AB\u015e-d\u0259 yerl\u0259\u015f\u0259n m\u00fcxt\u0259lif fondlardan \u00fcmumilikd\u0259 150 min manatdan \u00e7ox m\u0259bl\u0259\u011fd\u0259 v\u0259sait \u0259ld\u0259 edib v\u0259 h\u0259min pulu leqalla\u015fd\u0131rmaqda ittiham olunur.<\/p>\n\n\n\n<p>M\u0259hk\u0259m\u0259d\u0259 ifad\u0259 ver\u0259n N\u0259rgiz Muxtarova elan olunan ittiham \u00fczr\u0259 \u00f6z\u00fcn\u00fc t\u0259qsirli bilm\u0259diyini bildirib. O, bar\u0259sind\u0259 ir\u0259li s\u00fcr\u00fcl\u0259n iddialarla raz\u0131la\u015fmad\u0131\u011f\u0131n\u0131 v\u0259 bu ittihamlar\u0131n \u0259sass\u0131z oldu\u011funu deyib.<\/p>\n\n\n\n<p>N\u00f6vb\u0259ti m\u0259hk\u0259m\u0259 prosesi dekabr\u0131n 15-n\u0259 t\u0259yin olunub.<\/p>\n","protected":false},"excerpt":{"rendered":"<p>Bu g\u00fcn, oktyabr\u0131n 27-d\u0259 Bak\u0131 A\u011f\u0131r Cinay\u0259tl\u0259r M\u0259hk\u0259m\u0259sind\u0259 \u201cQHT i\u015fi\u201d &#8230; <\/p>\n<p class=\"read-more-container\"><a title=\"\u201cQHT i\u015fi\u201d: N\u0259rgiz Muxtarovaya ittiham akt\u0131 elan olunub, o \u00f6z\u00fcn\u00fc t\u0259qsirli bilm\u0259yib\" class=\"read-more button\" href=\"https:\/\/www.meydan.tv\/az\/article\/qht-isi-n%c9%99rgiz-muxtarovaya-ittiham-akti-elan-olunub-o-ozunu-t%c9%99qsirli-bilm%c9%99yib\/#more-336799\" aria-label=\"Read more about \u201cQHT i\u015fi\u201d: N\u0259rgiz Muxtarovaya ittiham akt\u0131 elan olunub, o \u00f6z\u00fcn\u00fc t\u0259qsirli bilm\u0259yib\">Davam\u0131<\/a><\/p>\n","protected":false},"author":21,"featured_media":336272,"comment_status":"closed","ping_status":"closed","sticky":false,"template":"","format":"standard","meta":{"_acf_changed":false,"_sitemap_exclude":false,"_sitemap_priority":"","_sitemap_frequency":"","footnotes":""},"categories":[59,79,56],"tags":[],"class_list":["post-336799","post","type-post","status-publish","format-standard","has-post-thumbnail","hentry","category-siyaset","category-featured","category-xeberler","infinite-scroll-item","generate-columns","tablet-grid-50","mobile-grid-100","grid-parent","grid-33","no-featured-image-padding"],"acf":[],"yoast_head":"<!-- This site is optimized with the Yoast SEO plugin v27.4 - https:\/\/yoast.com\/product\/yoast-seo-wordpress\/ -->\n<title>\u201cQHT i\u015fi\u201d: N\u0259rgiz Muxtarovaya ittiham akt\u0131 elan olunub, o \u00f6z\u00fcn\u00fc t\u0259qsirli bilm\u0259yib - MEYDAN.TV<\/title>\n<meta name=\"robots\" content=\"index, follow, max-snippet:-1, max-image-preview:large, max-video-preview:-1\" \/>\n<link rel=\"canonical\" href=\"https:\/\/www.meydan.tv\/az\/article\/qht-isi-n%c9%99rgiz-muxtarovaya-ittiham-akti-elan-olunub-o-ozunu-t%c9%99qsirli-bilm%c9%99yib\/\" \/>\n<meta property=\"og:locale\" content=\"az_AZ\" \/>\n<meta property=\"og:type\" content=\"article\" \/>\n<meta property=\"og:title\" content=\"\u201cQHT i\u015fi\u201d: N\u0259rgiz Muxtarovaya ittiham akt\u0131 elan olunub, o \u00f6z\u00fcn\u00fc t\u0259qsirli bilm\u0259yib - MEYDAN.TV\" \/>\n<meta property=\"og:description\" content=\"Bu g\u00fcn, oktyabr\u0131n 27-d\u0259 Bak\u0131 A\u011f\u0131r Cinay\u0259tl\u0259r M\u0259hk\u0259m\u0259sind\u0259 \u201cQHT i\u015fi\u201d ... Davam\u0131\" \/>\n<meta property=\"og:url\" content=\"https:\/\/www.meydan.tv\/az\/article\/qht-isi-n%c9%99rgiz-muxtarovaya-ittiham-akti-elan-olunub-o-ozunu-t%c9%99qsirli-bilm%c9%99yib\/\" \/>\n<meta property=\"og:site_name\" content=\"MEYDAN.TV\" \/>\n<meta property=\"article:published_time\" content=\"2025-10-27T16:17:32+00:00\" \/>\n<meta property=\"article:modified_time\" content=\"2025-10-27T16:17:35+00:00\" \/>\n<meta property=\"og:image\" content=\"https:\/\/www.meydan.tv\/wp-content\/uploads\/1760360725971.jpg\" \/>\n\t<meta property=\"og:image:width\" content=\"824\" \/>\n\t<meta property=\"og:image:height\" content=\"464\" \/>\n\t<meta property=\"og:image:type\" content=\"image\/jpeg\" \/>\n<meta name=\"author\" content=\"mahmud\" \/>\n<meta name=\"twitter:card\" content=\"summary_large_image\" \/>\n<script type=\"application\/ld+json\" class=\"yoast-schema-graph\">{\"@context\":\"https:\\\/\\\/schema.org\",\"@graph\":[{\"@type\":\"Article\",\"@id\":\"https:\\\/\\\/www.meydan.tv\\\/az\\\/article\\\/qht-isi-n%c9%99rgiz-muxtarovaya-ittiham-akti-elan-olunub-o-ozunu-t%c9%99qsirli-bilm%c9%99yib\\\/#article\",\"isPartOf\":{\"@id\":\"https:\\\/\\\/www.meydan.tv\\\/az\\\/article\\\/qht-isi-n%c9%99rgiz-muxtarovaya-ittiham-akti-elan-olunub-o-ozunu-t%c9%99qsirli-bilm%c9%99yib\\\/\"},\"author\":{\"name\":\"mahmud\",\"@id\":\"https:\\\/\\\/www.meydan.tv\\\/az\\\/#\\\/schema\\\/person\\\/09863e516102a829e72bedcf3f84c6b0\"},\"headline\":\"\u201cQHT i\u015fi\u201d: N\u0259rgiz Muxtarovaya ittiham akt\u0131 elan olunub, o \u00f6z\u00fcn\u00fc t\u0259qsirli bilm\u0259yib\",\"datePublished\":\"2025-10-27T16:17:32+00:00\",\"dateModified\":\"2025-10-27T16:17:35+00:00\",\"mainEntityOfPage\":{\"@id\":\"https:\\\/\\\/www.meydan.tv\\\/az\\\/article\\\/qht-isi-n%c9%99rgiz-muxtarovaya-ittiham-akti-elan-olunub-o-ozunu-t%c9%99qsirli-bilm%c9%99yib\\\/\"},\"wordCount\":219,\"publisher\":{\"@id\":\"https:\\\/\\\/www.meydan.tv\\\/az\\\/#organization\"},\"image\":{\"@id\":\"https:\\\/\\\/www.meydan.tv\\\/az\\\/article\\\/qht-isi-n%c9%99rgiz-muxtarovaya-ittiham-akti-elan-olunub-o-ozunu-t%c9%99qsirli-bilm%c9%99yib\\\/#primaryimage\"},\"thumbnailUrl\":\"https:\\\/\\\/www.meydan.tv\\\/wp-content\\\/uploads\\\/1760360725971.jpg\",\"articleSection\":[\"Siyas\u0259t\",\"T\u00f6vsiy\u0259\",\"X\u0259b\u0259rl\u0259r\"],\"inLanguage\":\"az\"},{\"@type\":\"WebPage\",\"@id\":\"https:\\\/\\\/www.meydan.tv\\\/az\\\/article\\\/qht-isi-n%c9%99rgiz-muxtarovaya-ittiham-akti-elan-olunub-o-ozunu-t%c9%99qsirli-bilm%c9%99yib\\\/\",\"url\":\"https:\\\/\\\/www.meydan.tv\\\/az\\\/article\\\/qht-isi-n%c9%99rgiz-muxtarovaya-ittiham-akti-elan-olunub-o-ozunu-t%c9%99qsirli-bilm%c9%99yib\\\/\",\"name\":\"\u201cQHT i\u015fi\u201d: N\u0259rgiz Muxtarovaya ittiham akt\u0131 elan olunub, o \u00f6z\u00fcn\u00fc t\u0259qsirli bilm\u0259yib - MEYDAN.TV\",\"isPartOf\":{\"@id\":\"https:\\\/\\\/www.meydan.tv\\\/az\\\/#website\"},\"primaryImageOfPage\":{\"@id\":\"https:\\\/\\\/www.meydan.tv\\\/az\\\/article\\\/qht-isi-n%c9%99rgiz-muxtarovaya-ittiham-akti-elan-olunub-o-ozunu-t%c9%99qsirli-bilm%c9%99yib\\\/#primaryimage\"},\"image\":{\"@id\":\"https:\\\/\\\/www.meydan.tv\\\/az\\\/article\\\/qht-isi-n%c9%99rgiz-muxtarovaya-ittiham-akti-elan-olunub-o-ozunu-t%c9%99qsirli-bilm%c9%99yib\\\/#primaryimage\"},\"thumbnailUrl\":\"https:\\\/\\\/www.meydan.tv\\\/wp-content\\\/uploads\\\/1760360725971.jpg\",\"datePublished\":\"2025-10-27T16:17:32+00:00\",\"dateModified\":\"2025-10-27T16:17:35+00:00\",\"breadcrumb\":{\"@id\":\"https:\\\/\\\/www.meydan.tv\\\/az\\\/article\\\/qht-isi-n%c9%99rgiz-muxtarovaya-ittiham-akti-elan-olunub-o-ozunu-t%c9%99qsirli-bilm%c9%99yib\\\/#breadcrumb\"},\"inLanguage\":\"az\",\"potentialAction\":[{\"@type\":\"ReadAction\",\"target\":[\"https:\\\/\\\/www.meydan.tv\\\/az\\\/article\\\/qht-isi-n%c9%99rgiz-muxtarovaya-ittiham-akti-elan-olunub-o-ozunu-t%c9%99qsirli-bilm%c9%99yib\\\/\"]}]},{\"@type\":\"ImageObject\",\"inLanguage\":\"az\",\"@id\":\"https:\\\/\\\/www.meydan.tv\\\/az\\\/article\\\/qht-isi-n%c9%99rgiz-muxtarovaya-ittiham-akti-elan-olunub-o-ozunu-t%c9%99qsirli-bilm%c9%99yib\\\/#primaryimage\",\"url\":\"https:\\\/\\\/www.meydan.tv\\\/wp-content\\\/uploads\\\/1760360725971.jpg\",\"contentUrl\":\"https:\\\/\\\/www.meydan.tv\\\/wp-content\\\/uploads\\\/1760360725971.jpg\",\"width\":824,\"height\":464,\"caption\":\"N\u0259rgiz Muxtarova. Foto: \u018fkin\u00e7i\"},{\"@type\":\"BreadcrumbList\",\"@id\":\"https:\\\/\\\/www.meydan.tv\\\/az\\\/article\\\/qht-isi-n%c9%99rgiz-muxtarovaya-ittiham-akti-elan-olunub-o-ozunu-t%c9%99qsirli-bilm%c9%99yib\\\/#breadcrumb\",\"itemListElement\":[{\"@type\":\"ListItem\",\"position\":1,\"name\":\"Ana s\u0259hif\u0259\",\"item\":\"https:\\\/\\\/www.meydan.tv\\\/az\\\/\"},{\"@type\":\"ListItem\",\"position\":2,\"name\":\"Siyas\u0259t\",\"item\":\"https:\\\/\\\/www.meydan.tv\\\/az\\\/section\\\/siyaset\\\/\"},{\"@type\":\"ListItem\",\"position\":3,\"name\":\"\u201cQHT i\u015fi\u201d: N\u0259rgiz Muxtarovaya ittiham akt\u0131 elan olunub, o \u00f6z\u00fcn\u00fc t\u0259qsirli bilm\u0259yib\"}]},{\"@type\":\"WebSite\",\"@id\":\"https:\\\/\\\/www.meydan.tv\\\/az\\\/#website\",\"url\":\"https:\\\/\\\/www.meydan.tv\\\/az\\\/\",\"name\":\"MEYDAN.TV\",\"description\":\"Meydan TV Az\u0259rbaycan\u0131n media m\u0259kan\u0131ndak\u0131 alternativ s\u0259sidir\",\"publisher\":{\"@id\":\"https:\\\/\\\/www.meydan.tv\\\/az\\\/#organization\"},\"potentialAction\":[{\"@type\":\"SearchAction\",\"target\":{\"@type\":\"EntryPoint\",\"urlTemplate\":\"https:\\\/\\\/www.meydan.tv\\\/az\\\/?s={search_term_string}\"},\"query-input\":{\"@type\":\"PropertyValueSpecification\",\"valueRequired\":true,\"valueName\":\"search_term_string\"}}],\"inLanguage\":\"az\"},{\"@type\":\"Organization\",\"@id\":\"https:\\\/\\\/www.meydan.tv\\\/az\\\/#organization\",\"name\":\"Meydan TV\",\"url\":\"https:\\\/\\\/www.meydan.tv\\\/az\\\/\",\"logo\":{\"@type\":\"ImageObject\",\"inLanguage\":\"az\",\"@id\":\"https:\\\/\\\/www.meydan.tv\\\/az\\\/#\\\/schema\\\/logo\\\/image\\\/\",\"url\":\"https:\\\/\\\/www.meydan.tv\\\/wp-content\\\/uploads\\\/2021\\\/07\\\/meydan-logo.svg\",\"contentUrl\":\"https:\\\/\\\/www.meydan.tv\\\/wp-content\\\/uploads\\\/2021\\\/07\\\/meydan-logo.svg\",\"width\":195,\"height\":46,\"caption\":\"Meydan TV\"},\"image\":{\"@id\":\"https:\\\/\\\/www.meydan.tv\\\/az\\\/#\\\/schema\\\/logo\\\/image\\\/\"}},{\"@type\":\"Person\",\"@id\":\"https:\\\/\\\/www.meydan.tv\\\/az\\\/#\\\/schema\\\/person\\\/09863e516102a829e72bedcf3f84c6b0\",\"name\":\"mahmud\"}]}<\/script>\n<!-- \/ Yoast SEO plugin. -->","yoast_head_json":{"title":"\u201cQHT i\u015fi\u201d: N\u0259rgiz Muxtarovaya ittiham akt\u0131 elan olunub, o \u00f6z\u00fcn\u00fc t\u0259qsirli bilm\u0259yib - MEYDAN.TV","robots":{"index":"index","follow":"follow","max-snippet":"max-snippet:-1","max-image-preview":"max-image-preview:large","max-video-preview":"max-video-preview:-1"},"canonical":"https:\/\/www.meydan.tv\/az\/article\/qht-isi-n%c9%99rgiz-muxtarovaya-ittiham-akti-elan-olunub-o-ozunu-t%c9%99qsirli-bilm%c9%99yib\/","og_locale":"az_AZ","og_type":"article","og_title":"\u201cQHT i\u015fi\u201d: N\u0259rgiz Muxtarovaya ittiham akt\u0131 elan olunub, o \u00f6z\u00fcn\u00fc t\u0259qsirli bilm\u0259yib - MEYDAN.TV","og_description":"Bu g\u00fcn, oktyabr\u0131n 27-d\u0259 Bak\u0131 A\u011f\u0131r Cinay\u0259tl\u0259r M\u0259hk\u0259m\u0259sind\u0259 \u201cQHT i\u015fi\u201d ... Davam\u0131","og_url":"https:\/\/www.meydan.tv\/az\/article\/qht-isi-n%c9%99rgiz-muxtarovaya-ittiham-akti-elan-olunub-o-ozunu-t%c9%99qsirli-bilm%c9%99yib\/","og_site_name":"MEYDAN.TV","article_published_time":"2025-10-27T16:17:32+00:00","article_modified_time":"2025-10-27T16:17:35+00:00","og_image":[{"width":824,"height":464,"url":"https:\/\/www.meydan.tv\/wp-content\/uploads\/1760360725971.jpg","type":"image\/jpeg"}],"author":"mahmud","twitter_card":"summary_large_image","schema":{"@context":"https:\/\/schema.org","@graph":[{"@type":"Article","@id":"https:\/\/www.meydan.tv\/az\/article\/qht-isi-n%c9%99rgiz-muxtarovaya-ittiham-akti-elan-olunub-o-ozunu-t%c9%99qsirli-bilm%c9%99yib\/#article","isPartOf":{"@id":"https:\/\/www.meydan.tv\/az\/article\/qht-isi-n%c9%99rgiz-muxtarovaya-ittiham-akti-elan-olunub-o-ozunu-t%c9%99qsirli-bilm%c9%99yib\/"},"author":{"name":"mahmud","@id":"https:\/\/www.meydan.tv\/az\/#\/schema\/person\/09863e516102a829e72bedcf3f84c6b0"},"headline":"\u201cQHT i\u015fi\u201d: N\u0259rgiz Muxtarovaya ittiham akt\u0131 elan olunub, o \u00f6z\u00fcn\u00fc t\u0259qsirli bilm\u0259yib","datePublished":"2025-10-27T16:17:32+00:00","dateModified":"2025-10-27T16:17:35+00:00","mainEntityOfPage":{"@id":"https:\/\/www.meydan.tv\/az\/article\/qht-isi-n%c9%99rgiz-muxtarovaya-ittiham-akti-elan-olunub-o-ozunu-t%c9%99qsirli-bilm%c9%99yib\/"},"wordCount":219,"publisher":{"@id":"https:\/\/www.meydan.tv\/az\/#organization"},"image":{"@id":"https:\/\/www.meydan.tv\/az\/article\/qht-isi-n%c9%99rgiz-muxtarovaya-ittiham-akti-elan-olunub-o-ozunu-t%c9%99qsirli-bilm%c9%99yib\/#primaryimage"},"thumbnailUrl":"https:\/\/www.meydan.tv\/wp-content\/uploads\/1760360725971.jpg","articleSection":["Siyas\u0259t","T\u00f6vsiy\u0259","X\u0259b\u0259rl\u0259r"],"inLanguage":"az"},{"@type":"WebPage","@id":"https:\/\/www.meydan.tv\/az\/article\/qht-isi-n%c9%99rgiz-muxtarovaya-ittiham-akti-elan-olunub-o-ozunu-t%c9%99qsirli-bilm%c9%99yib\/","url":"https:\/\/www.meydan.tv\/az\/article\/qht-isi-n%c9%99rgiz-muxtarovaya-ittiham-akti-elan-olunub-o-ozunu-t%c9%99qsirli-bilm%c9%99yib\/","name":"\u201cQHT i\u015fi\u201d: N\u0259rgiz Muxtarovaya ittiham akt\u0131 elan olunub, o \u00f6z\u00fcn\u00fc t\u0259qsirli bilm\u0259yib - MEYDAN.TV","isPartOf":{"@id":"https:\/\/www.meydan.tv\/az\/#website"},"primaryImageOfPage":{"@id":"https:\/\/www.meydan.tv\/az\/article\/qht-isi-n%c9%99rgiz-muxtarovaya-ittiham-akti-elan-olunub-o-ozunu-t%c9%99qsirli-bilm%c9%99yib\/#primaryimage"},"image":{"@id":"https:\/\/www.meydan.tv\/az\/article\/qht-isi-n%c9%99rgiz-muxtarovaya-ittiham-akti-elan-olunub-o-ozunu-t%c9%99qsirli-bilm%c9%99yib\/#primaryimage"},"thumbnailUrl":"https:\/\/www.meydan.tv\/wp-content\/uploads\/1760360725971.jpg","datePublished":"2025-10-27T16:17:32+00:00","dateModified":"2025-10-27T16:17:35+00:00","breadcrumb":{"@id":"https:\/\/www.meydan.tv\/az\/article\/qht-isi-n%c9%99rgiz-muxtarovaya-ittiham-akti-elan-olunub-o-ozunu-t%c9%99qsirli-bilm%c9%99yib\/#breadcrumb"},"inLanguage":"az","potentialAction":[{"@type":"ReadAction","target":["https:\/\/www.meydan.tv\/az\/article\/qht-isi-n%c9%99rgiz-muxtarovaya-ittiham-akti-elan-olunub-o-ozunu-t%c9%99qsirli-bilm%c9%99yib\/"]}]},{"@type":"ImageObject","inLanguage":"az","@id":"https:\/\/www.meydan.tv\/az\/article\/qht-isi-n%c9%99rgiz-muxtarovaya-ittiham-akti-elan-olunub-o-ozunu-t%c9%99qsirli-bilm%c9%99yib\/#primaryimage","url":"https:\/\/www.meydan.tv\/wp-content\/uploads\/1760360725971.jpg","contentUrl":"https:\/\/www.meydan.tv\/wp-content\/uploads\/1760360725971.jpg","width":824,"height":464,"caption":"N\u0259rgiz Muxtarova. Foto: \u018fkin\u00e7i"},{"@type":"BreadcrumbList","@id":"https:\/\/www.meydan.tv\/az\/article\/qht-isi-n%c9%99rgiz-muxtarovaya-ittiham-akti-elan-olunub-o-ozunu-t%c9%99qsirli-bilm%c9%99yib\/#breadcrumb","itemListElement":[{"@type":"ListItem","position":1,"name":"Ana s\u0259hif\u0259","item":"https:\/\/www.meydan.tv\/az\/"},{"@type":"ListItem","position":2,"name":"Siyas\u0259t","item":"https:\/\/www.meydan.tv\/az\/section\/siyaset\/"},{"@type":"ListItem","position":3,"name":"\u201cQHT i\u015fi\u201d: N\u0259rgiz Muxtarovaya ittiham akt\u0131 elan olunub, o \u00f6z\u00fcn\u00fc t\u0259qsirli bilm\u0259yib"}]},{"@type":"WebSite","@id":"https:\/\/www.meydan.tv\/az\/#website","url":"https:\/\/www.meydan.tv\/az\/","name":"MEYDAN.TV","description":"Meydan TV Az\u0259rbaycan\u0131n media m\u0259kan\u0131ndak\u0131 alternativ s\u0259sidir","publisher":{"@id":"https:\/\/www.meydan.tv\/az\/#organization"},"potentialAction":[{"@type":"SearchAction","target":{"@type":"EntryPoint","urlTemplate":"https:\/\/www.meydan.tv\/az\/?s={search_term_string}"},"query-input":{"@type":"PropertyValueSpecification","valueRequired":true,"valueName":"search_term_string"}}],"inLanguage":"az"},{"@type":"Organization","@id":"https:\/\/www.meydan.tv\/az\/#organization","name":"Meydan TV","url":"https:\/\/www.meydan.tv\/az\/","logo":{"@type":"ImageObject","inLanguage":"az","@id":"https:\/\/www.meydan.tv\/az\/#\/schema\/logo\/image\/","url":"https:\/\/www.meydan.tv\/wp-content\/uploads\/2021\/07\/meydan-logo.svg","contentUrl":"https:\/\/www.meydan.tv\/wp-content\/uploads\/2021\/07\/meydan-logo.svg","width":195,"height":46,"caption":"Meydan TV"},"image":{"@id":"https:\/\/www.meydan.tv\/az\/#\/schema\/logo\/image\/"}},{"@type":"Person","@id":"https:\/\/www.meydan.tv\/az\/#\/schema\/person\/09863e516102a829e72bedcf3f84c6b0","name":"mahmud"}]}},"_links":{"self":[{"href":"https:\/\/www.meydan.tv\/az\/wp-json\/wp\/v2\/posts\/336799","targetHints":{"allow":["GET"]}}],"collection":[{"href":"https:\/\/www.meydan.tv\/az\/wp-json\/wp\/v2\/posts"}],"about":[{"href":"https:\/\/www.meydan.tv\/az\/wp-json\/wp\/v2\/types\/post"}],"author":[{"embeddable":true,"href":"https:\/\/www.meydan.tv\/az\/wp-json\/wp\/v2\/users\/21"}],"replies":[{"embeddable":true,"href":"https:\/\/www.meydan.tv\/az\/wp-json\/wp\/v2\/comments?post=336799"}],"version-history":[{"count":1,"href":"https:\/\/www.meydan.tv\/az\/wp-json\/wp\/v2\/posts\/336799\/revisions"}],"predecessor-version":[{"id":336800,"href":"https:\/\/www.meydan.tv\/az\/wp-json\/wp\/v2\/posts\/336799\/revisions\/336800"}],"wp:featuredmedia":[{"embeddable":true,"href":"https:\/\/www.meydan.tv\/az\/wp-json\/wp\/v2\/media\/336272"}],"wp:attachment":[{"href":"https:\/\/www.meydan.tv\/az\/wp-json\/wp\/v2\/media?parent=336799"}],"wp:term":[{"taxonomy":"category","embeddable":true,"href":"https:\/\/www.meydan.tv\/az\/wp-json\/wp\/v2\/categories?post=336799"},{"taxonomy":"post_tag","embeddable":true,"href":"https:\/\/www.meydan.tv\/az\/wp-json\/wp\/v2\/tags?post=336799"}],"curies":[{"name":"wp","href":"https:\/\/api.w.org\/{rel}","templated":true}]}}