{"id":336463,"date":"2025-10-17T14:04:54","date_gmt":"2025-10-17T10:04:54","guid":{"rendered":"https:\/\/www.meydan.tv\/?p=336463"},"modified":"2025-10-17T14:04:56","modified_gmt":"2025-10-17T10:04:56","slug":"gurcustanda-partiyalarin-qadagan-olunmasi-haqqinda-qanun-q%c9%99bul-edildi","status":"publish","type":"post","link":"https:\/\/www.meydan.tv\/az\/article\/gurcustanda-partiyalarin-qadagan-olunmasi-haqqinda-qanun-q%c9%99bul-edildi\/","title":{"rendered":"G\u00fcrc\u00fcstanda partiyalar\u0131n qada\u011fan olunmas\u0131 haqq\u0131nda qanun q\u0259bul edildi"},"content":{"rendered":"\n<p><a href=\"https:\/\/jam-news.net\/ru\/%d0%b2-%d0%b3%d1%80%d1%83%d0%b7%d0%b8%d0%b8-%d0%bf%d1%80%d0%b8%d0%bd%d1%8f%d0%bb%d0%b8-%d0%b7%d0%b0%d0%ba%d0%be%d0%bd-%d0%be-%d0%b7%d0%b0%d0%bf%d1%80%d0%b5%d1%82%d0%b5-%d0%bf%d0%b0%d1%80%d1%82%d0%b8\/\" target=\"_blank\" rel=\"noreferrer noopener nofollow\">Jamnews<\/a>-un material\u0131<\/p>\n\n\n\n<p>Hakim \u201cG\u00fcrc\u00fc Arzusu\u201d partiyas\u0131 \u00fc\u00e7\u00fcnc\u00fc oxunu\u015fda partiyalar\u0131n qada\u011fan olunmas\u0131 haqq\u0131nda qanun q\u0259bul edib.<\/p>\n\n\n\n<p>Qanun layih\u0259si s\u00fcr\u0259tl\u0259ndirilmi\u015f qaydada m\u00fczakir\u0259 olunub v\u0259 \u201cG\u00fcrc\u00fc Arzusu\u201dndan olan prezident Mixeil Kavelashvili t\u0259r\u0259find\u0259n imzaland\u0131qdan sonra q\u00fcvv\u0259y\u0259 min\u0259c\u0259k.<\/p>\n\n\n\n<p>Qanuna \u0259sas\u0259n, Konstitusiya M\u0259hk\u0259m\u0259si qada\u011fan olunmu\u015f partiya il\u0259 \u0259laq\u0259si olan \u015f\u0259xs\u0259 a\u015fa\u011f\u0131dak\u0131lar\u0131 qada\u011fan ed\u0259 bil\u0259r:<\/p>\n\n\n\n<ul class=\"wp-block-list\">\n<li>siyasi partiyan\u0131n \u00fczv\u00fc olmaq;<\/li>\n\n\n\n<li>partiya yaratmaq;<\/li>\n\n\n\n<li>partiya orqan\u0131n\u0131n \u00fczv\u00fc olmaq;<\/li>\n\n\n\n<li>partiyada v\u0259zif\u0259 tutmaq;<\/li>\n\n\n\n<li>se\u00e7kil\u0259rd\u0259 namiz\u0259d kimi i\u015ftirak etm\u0259k;<\/li>\n\n\n\n<li>se\u00e7ki orqan\u0131n\u0131n \u00fczv\u00fc olmaq v\u0259 ya bu orqanda v\u0259zif\u0259 tutmaq;<\/li>\n\n\n\n<li>siyasi v\u0259zif\u0259 tutmaq;<\/li>\n\n\n\n<li>konstitusiya orqan\u0131na r\u0259hb\u0259rlik etm\u0259k.<\/li>\n<\/ul>\n\n\n\n<p>S\u0131ralar\u0131nda siyasi f\u0259aliyy\u0259tl\u0259 m\u0259\u015f\u011ful olmas\u0131 v\u0259 siyasi v\u0259zif\u0259 tutmas\u0131 qada\u011fan edilmi\u015f \u015f\u0259xs olan partiya qeydiyyatdan ke\u00e7\u0259 bilm\u0259y\u0259c\u0259k. Bel\u0259 \u015f\u0259xsi siyah\u0131s\u0131na daxil ed\u0259n partiya is\u0259 c\u0259rim\u0259l\u0259n\u0259c\u0259k.<\/p>\n\n\n\n<p>Qanun layih\u0259si 31 mart 2025-ci il tarixind\u0259 qeydiyyata al\u0131n\u0131b. Buna q\u0259d\u0259r parlamentin ke\u00e7mi\u015f \u00fczv\u00fc, haz\u0131rda D\u00f6vl\u0259t T\u0259hl\u00fck\u0259sizlik Xidm\u0259tinin r\u0259hb\u0259ri olan Mamuka Mdinaradze \u201cVahid Milli H\u0259r\u0259kat\u0131n\u201d varisi olan partiyalar\u0131n konstitusiyaya zidd elan edilm\u0259si haqq\u0131nda qanun layih\u0259sinin t\u0259qdim olunaca\u011f\u0131n\u0131 b\u0259yan etmi\u015fdi.<\/p>\n\n\n\n<p>\u201cG\u00fcrc\u00fc Arzusu\u201dnun t\u0259\u015f\u0259bb\u00fcs\u00fc il\u0259 t\u0259qdim olunan qanun layih\u0259sin\u0259 g\u00f6r\u0259, \u201cV\u0259t\u0259nda\u015flar\u0131n siyasi birl\u0259\u015fm\u0259l\u0259ri haqq\u0131nda\u201d qanunun 36-c\u0131 madd\u0259sin\u0259 yeni 2-ci b\u0259nd \u0259lav\u0259 edil\u0259c\u0259k. Bu b\u0259nd\u0259 \u0259sas\u0259n, Konstitusiya M\u0259hk\u0259m\u0259si m\u0259qs\u0259dl\u0259ri, f\u0259aliyy\u0259ti v\u0259 t\u0259rkibi \u201cmahiyy\u0259t etibaril\u0259\u201d m\u0259hk\u0259m\u0259 t\u0259r\u0259find\u0259n qada\u011fan olunmu\u015f partiyan\u0131n m\u0259qs\u0259dl\u0259ri, f\u0259aliyy\u0259ti v\u0259 t\u0259rkibini t\u0259krarlayan partiyan\u0131 qada\u011fan ed\u0259 bil\u0259c\u0259k.<\/p>\n\n\n\n<p>G\u00fcrc\u00fcstan G\u0259nc H\u00fcquq\u015f\u00fcnaslar Assosiasiyas\u0131n\u0131n fikrinc\u0259, \u201cG\u00fcrc\u00fc Arzusu\u201dnun ayr\u0131-ayr\u0131 \u015f\u0259xsl\u0259rin siyasi f\u0259aliyy\u0259tini qada\u011fan ed\u0259n t\u0259\u015f\u0259bb\u00fcs\u00fc G\u00fcrc\u00fcstan Konstitusiyas\u0131na uy\u011fun deyil. T\u0259\u015fkilat\u0131n qiym\u0259tl\u0259ndirm\u0259sin\u0259 g\u00f6r\u0259, partiya il\u0259 \u0259laq\u0259li \u015f\u0259xsl\u0259rin siyasi f\u0259aliyy\u0259t\u0259 qat\u0131lmas\u0131n\u0131n qada\u011fan edilm\u0259si tamamil\u0259 qeyri-m\u00fc\u0259yy\u0259n v\u0259 \u0259sasland\u0131r\u0131lmam\u0131\u015f kollektiv m\u0259suliyy\u0259t formas\u0131d\u0131r v\u0259 bu, \u0130nsan H\u00fcquqlar\u0131 v\u0259 \u018fsas Azadl\u0131qlar\u0131n M\u00fcdafi\u0259si haqq\u0131nda Avropa Konvensiyas\u0131n\u0131n 11-ci madd\u0259sin\u0259 ziddir.<\/p>\n","protected":false},"excerpt":{"rendered":"<p>Jamnews-un material\u0131 Hakim \u201cG\u00fcrc\u00fc Arzusu\u201d partiyas\u0131 \u00fc\u00e7\u00fcnc\u00fc oxunu\u015fda partiyalar\u0131n qada\u011fan &#8230; <\/p>\n<p class=\"read-more-container\"><a title=\"G\u00fcrc\u00fcstanda partiyalar\u0131n qada\u011fan olunmas\u0131 haqq\u0131nda qanun q\u0259bul edildi\" class=\"read-more button\" href=\"https:\/\/www.meydan.tv\/az\/article\/gurcustanda-partiyalarin-qadagan-olunmasi-haqqinda-qanun-q%c9%99bul-edildi\/#more-336463\" aria-label=\"Read more about G\u00fcrc\u00fcstanda partiyalar\u0131n qada\u011fan olunmas\u0131 haqq\u0131nda qanun q\u0259bul edildi\">Davam\u0131<\/a><\/p>\n","protected":false},"author":16,"featured_media":288341,"comment_status":"closed","ping_status":"closed","sticky":false,"template":"","format":"standard","meta":{"_acf_changed":false,"_sitemap_exclude":false,"_sitemap_priority":"","_sitemap_frequency":"","footnotes":""},"categories":[64,59,56],"tags":[],"class_list":["post-336463","post","type-post","status-publish","format-standard","has-post-thumbnail","hentry","category-dunya","category-siyaset","category-xeberler","infinite-scroll-item","generate-columns","tablet-grid-50","mobile-grid-100","grid-parent","grid-33","no-featured-image-padding"],"acf":[],"yoast_head":"<!-- This site is optimized with the Yoast SEO plugin v27.4 - https:\/\/yoast.com\/product\/yoast-seo-wordpress\/ -->\n<title>G\u00fcrc\u00fcstanda partiyalar\u0131n qada\u011fan olunmas\u0131 haqq\u0131nda qanun q\u0259bul edildi - MEYDAN.TV<\/title>\n<meta name=\"robots\" content=\"index, follow, max-snippet:-1, max-image-preview:large, max-video-preview:-1\" \/>\n<link rel=\"canonical\" href=\"https:\/\/www.meydan.tv\/az\/article\/gurcustanda-partiyalarin-qadagan-olunmasi-haqqinda-qanun-q%c9%99bul-edildi\/\" \/>\n<meta property=\"og:locale\" content=\"az_AZ\" \/>\n<meta property=\"og:type\" content=\"article\" \/>\n<meta property=\"og:title\" content=\"G\u00fcrc\u00fcstanda partiyalar\u0131n qada\u011fan olunmas\u0131 haqq\u0131nda qanun q\u0259bul edildi - MEYDAN.TV\" \/>\n<meta property=\"og:description\" content=\"Jamnews-un material\u0131 Hakim \u201cG\u00fcrc\u00fc Arzusu\u201d partiyas\u0131 \u00fc\u00e7\u00fcnc\u00fc oxunu\u015fda partiyalar\u0131n qada\u011fan ... Davam\u0131\" \/>\n<meta property=\"og:url\" content=\"https:\/\/www.meydan.tv\/az\/article\/gurcustanda-partiyalarin-qadagan-olunmasi-haqqinda-qanun-q%c9%99bul-edildi\/\" \/>\n<meta property=\"og:site_name\" content=\"MEYDAN.TV\" \/>\n<meta property=\"article:published_time\" content=\"2025-10-17T10:04:54+00:00\" \/>\n<meta property=\"article:modified_time\" content=\"2025-10-17T10:04:56+00:00\" \/>\n<meta property=\"og:image\" content=\"https:\/\/www.meydan.tv\/wp-content\/uploads\/shutterstock_2257726179-scaled-e1697740188203.jpg\" \/>\n\t<meta property=\"og:image:width\" content=\"2560\" \/>\n\t<meta property=\"og:image:height\" content=\"1309\" \/>\n\t<meta property=\"og:image:type\" content=\"image\/jpeg\" \/>\n<meta name=\"author\" content=\"sevda\" \/>\n<meta name=\"twitter:card\" content=\"summary_large_image\" \/>\n<script type=\"application\/ld+json\" class=\"yoast-schema-graph\">{\"@context\":\"https:\\\/\\\/schema.org\",\"@graph\":[{\"@type\":\"Article\",\"@id\":\"https:\\\/\\\/www.meydan.tv\\\/az\\\/article\\\/gurcustanda-partiyalarin-qadagan-olunmasi-haqqinda-qanun-q%c9%99bul-edildi\\\/#article\",\"isPartOf\":{\"@id\":\"https:\\\/\\\/www.meydan.tv\\\/az\\\/article\\\/gurcustanda-partiyalarin-qadagan-olunmasi-haqqinda-qanun-q%c9%99bul-edildi\\\/\"},\"author\":{\"name\":\"sevda\",\"@id\":\"https:\\\/\\\/www.meydan.tv\\\/az\\\/#\\\/schema\\\/person\\\/49b5f2bad5b126bb8ea9320eeb3e4dc9\"},\"headline\":\"G\u00fcrc\u00fcstanda partiyalar\u0131n qada\u011fan olunmas\u0131 haqq\u0131nda qanun q\u0259bul edildi\",\"datePublished\":\"2025-10-17T10:04:54+00:00\",\"dateModified\":\"2025-10-17T10:04:56+00:00\",\"mainEntityOfPage\":{\"@id\":\"https:\\\/\\\/www.meydan.tv\\\/az\\\/article\\\/gurcustanda-partiyalarin-qadagan-olunmasi-haqqinda-qanun-q%c9%99bul-edildi\\\/\"},\"wordCount\":452,\"publisher\":{\"@id\":\"https:\\\/\\\/www.meydan.tv\\\/az\\\/#organization\"},\"image\":{\"@id\":\"https:\\\/\\\/www.meydan.tv\\\/az\\\/article\\\/gurcustanda-partiyalarin-qadagan-olunmasi-haqqinda-qanun-q%c9%99bul-edildi\\\/#primaryimage\"},\"thumbnailUrl\":\"https:\\\/\\\/www.meydan.tv\\\/wp-content\\\/uploads\\\/shutterstock_2257726179-scaled-e1697740188203.jpg\",\"articleSection\":[\"D\u00fcnya\",\"Siyas\u0259t\",\"X\u0259b\u0259rl\u0259r\"],\"inLanguage\":\"az\"},{\"@type\":\"WebPage\",\"@id\":\"https:\\\/\\\/www.meydan.tv\\\/az\\\/article\\\/gurcustanda-partiyalarin-qadagan-olunmasi-haqqinda-qanun-q%c9%99bul-edildi\\\/\",\"url\":\"https:\\\/\\\/www.meydan.tv\\\/az\\\/article\\\/gurcustanda-partiyalarin-qadagan-olunmasi-haqqinda-qanun-q%c9%99bul-edildi\\\/\",\"name\":\"G\u00fcrc\u00fcstanda partiyalar\u0131n qada\u011fan olunmas\u0131 haqq\u0131nda qanun q\u0259bul edildi - MEYDAN.TV\",\"isPartOf\":{\"@id\":\"https:\\\/\\\/www.meydan.tv\\\/az\\\/#website\"},\"primaryImageOfPage\":{\"@id\":\"https:\\\/\\\/www.meydan.tv\\\/az\\\/article\\\/gurcustanda-partiyalarin-qadagan-olunmasi-haqqinda-qanun-q%c9%99bul-edildi\\\/#primaryimage\"},\"image\":{\"@id\":\"https:\\\/\\\/www.meydan.tv\\\/az\\\/article\\\/gurcustanda-partiyalarin-qadagan-olunmasi-haqqinda-qanun-q%c9%99bul-edildi\\\/#primaryimage\"},\"thumbnailUrl\":\"https:\\\/\\\/www.meydan.tv\\\/wp-content\\\/uploads\\\/shutterstock_2257726179-scaled-e1697740188203.jpg\",\"datePublished\":\"2025-10-17T10:04:54+00:00\",\"dateModified\":\"2025-10-17T10:04:56+00:00\",\"breadcrumb\":{\"@id\":\"https:\\\/\\\/www.meydan.tv\\\/az\\\/article\\\/gurcustanda-partiyalarin-qadagan-olunmasi-haqqinda-qanun-q%c9%99bul-edildi\\\/#breadcrumb\"},\"inLanguage\":\"az\",\"potentialAction\":[{\"@type\":\"ReadAction\",\"target\":[\"https:\\\/\\\/www.meydan.tv\\\/az\\\/article\\\/gurcustanda-partiyalarin-qadagan-olunmasi-haqqinda-qanun-q%c9%99bul-edildi\\\/\"]}]},{\"@type\":\"ImageObject\",\"inLanguage\":\"az\",\"@id\":\"https:\\\/\\\/www.meydan.tv\\\/az\\\/article\\\/gurcustanda-partiyalarin-qadagan-olunmasi-haqqinda-qanun-q%c9%99bul-edildi\\\/#primaryimage\",\"url\":\"https:\\\/\\\/www.meydan.tv\\\/wp-content\\\/uploads\\\/shutterstock_2257726179-scaled-e1697740188203.jpg\",\"contentUrl\":\"https:\\\/\\\/www.meydan.tv\\\/wp-content\\\/uploads\\\/shutterstock_2257726179-scaled-e1697740188203.jpg\",\"width\":2560,\"height\":1309,\"caption\":\"G\u00fcrc\u00fcstan, Tbilisi. Foto: Efired\\\/shutterstock\"},{\"@type\":\"BreadcrumbList\",\"@id\":\"https:\\\/\\\/www.meydan.tv\\\/az\\\/article\\\/gurcustanda-partiyalarin-qadagan-olunmasi-haqqinda-qanun-q%c9%99bul-edildi\\\/#breadcrumb\",\"itemListElement\":[{\"@type\":\"ListItem\",\"position\":1,\"name\":\"Ana s\u0259hif\u0259\",\"item\":\"https:\\\/\\\/www.meydan.tv\\\/az\\\/\"},{\"@type\":\"ListItem\",\"position\":2,\"name\":\"X\u0259b\u0259rl\u0259r\",\"item\":\"https:\\\/\\\/www.meydan.tv\\\/az\\\/section\\\/xeberler\\\/\"},{\"@type\":\"ListItem\",\"position\":3,\"name\":\"G\u00fcrc\u00fcstanda partiyalar\u0131n qada\u011fan olunmas\u0131 haqq\u0131nda qanun q\u0259bul edildi\"}]},{\"@type\":\"WebSite\",\"@id\":\"https:\\\/\\\/www.meydan.tv\\\/az\\\/#website\",\"url\":\"https:\\\/\\\/www.meydan.tv\\\/az\\\/\",\"name\":\"MEYDAN.TV\",\"description\":\"Meydan TV Az\u0259rbaycan\u0131n media m\u0259kan\u0131ndak\u0131 alternativ s\u0259sidir\",\"publisher\":{\"@id\":\"https:\\\/\\\/www.meydan.tv\\\/az\\\/#organization\"},\"potentialAction\":[{\"@type\":\"SearchAction\",\"target\":{\"@type\":\"EntryPoint\",\"urlTemplate\":\"https:\\\/\\\/www.meydan.tv\\\/az\\\/?s={search_term_string}\"},\"query-input\":{\"@type\":\"PropertyValueSpecification\",\"valueRequired\":true,\"valueName\":\"search_term_string\"}}],\"inLanguage\":\"az\"},{\"@type\":\"Organization\",\"@id\":\"https:\\\/\\\/www.meydan.tv\\\/az\\\/#organization\",\"name\":\"Meydan TV\",\"url\":\"https:\\\/\\\/www.meydan.tv\\\/az\\\/\",\"logo\":{\"@type\":\"ImageObject\",\"inLanguage\":\"az\",\"@id\":\"https:\\\/\\\/www.meydan.tv\\\/az\\\/#\\\/schema\\\/logo\\\/image\\\/\",\"url\":\"https:\\\/\\\/www.meydan.tv\\\/wp-content\\\/uploads\\\/2021\\\/07\\\/meydan-logo.svg\",\"contentUrl\":\"https:\\\/\\\/www.meydan.tv\\\/wp-content\\\/uploads\\\/2021\\\/07\\\/meydan-logo.svg\",\"width\":195,\"height\":46,\"caption\":\"Meydan TV\"},\"image\":{\"@id\":\"https:\\\/\\\/www.meydan.tv\\\/az\\\/#\\\/schema\\\/logo\\\/image\\\/\"}},{\"@type\":\"Person\",\"@id\":\"https:\\\/\\\/www.meydan.tv\\\/az\\\/#\\\/schema\\\/person\\\/49b5f2bad5b126bb8ea9320eeb3e4dc9\",\"name\":\"sevda\"}]}<\/script>\n<!-- \/ Yoast SEO plugin. -->","yoast_head_json":{"title":"G\u00fcrc\u00fcstanda partiyalar\u0131n qada\u011fan olunmas\u0131 haqq\u0131nda qanun q\u0259bul edildi - MEYDAN.TV","robots":{"index":"index","follow":"follow","max-snippet":"max-snippet:-1","max-image-preview":"max-image-preview:large","max-video-preview":"max-video-preview:-1"},"canonical":"https:\/\/www.meydan.tv\/az\/article\/gurcustanda-partiyalarin-qadagan-olunmasi-haqqinda-qanun-q%c9%99bul-edildi\/","og_locale":"az_AZ","og_type":"article","og_title":"G\u00fcrc\u00fcstanda partiyalar\u0131n qada\u011fan olunmas\u0131 haqq\u0131nda qanun q\u0259bul edildi - MEYDAN.TV","og_description":"Jamnews-un material\u0131 Hakim \u201cG\u00fcrc\u00fc Arzusu\u201d partiyas\u0131 \u00fc\u00e7\u00fcnc\u00fc oxunu\u015fda partiyalar\u0131n qada\u011fan ... Davam\u0131","og_url":"https:\/\/www.meydan.tv\/az\/article\/gurcustanda-partiyalarin-qadagan-olunmasi-haqqinda-qanun-q%c9%99bul-edildi\/","og_site_name":"MEYDAN.TV","article_published_time":"2025-10-17T10:04:54+00:00","article_modified_time":"2025-10-17T10:04:56+00:00","og_image":[{"width":2560,"height":1309,"url":"https:\/\/www.meydan.tv\/wp-content\/uploads\/shutterstock_2257726179-scaled-e1697740188203.jpg","type":"image\/jpeg"}],"author":"sevda","twitter_card":"summary_large_image","schema":{"@context":"https:\/\/schema.org","@graph":[{"@type":"Article","@id":"https:\/\/www.meydan.tv\/az\/article\/gurcustanda-partiyalarin-qadagan-olunmasi-haqqinda-qanun-q%c9%99bul-edildi\/#article","isPartOf":{"@id":"https:\/\/www.meydan.tv\/az\/article\/gurcustanda-partiyalarin-qadagan-olunmasi-haqqinda-qanun-q%c9%99bul-edildi\/"},"author":{"name":"sevda","@id":"https:\/\/www.meydan.tv\/az\/#\/schema\/person\/49b5f2bad5b126bb8ea9320eeb3e4dc9"},"headline":"G\u00fcrc\u00fcstanda partiyalar\u0131n qada\u011fan olunmas\u0131 haqq\u0131nda qanun q\u0259bul edildi","datePublished":"2025-10-17T10:04:54+00:00","dateModified":"2025-10-17T10:04:56+00:00","mainEntityOfPage":{"@id":"https:\/\/www.meydan.tv\/az\/article\/gurcustanda-partiyalarin-qadagan-olunmasi-haqqinda-qanun-q%c9%99bul-edildi\/"},"wordCount":452,"publisher":{"@id":"https:\/\/www.meydan.tv\/az\/#organization"},"image":{"@id":"https:\/\/www.meydan.tv\/az\/article\/gurcustanda-partiyalarin-qadagan-olunmasi-haqqinda-qanun-q%c9%99bul-edildi\/#primaryimage"},"thumbnailUrl":"https:\/\/www.meydan.tv\/wp-content\/uploads\/shutterstock_2257726179-scaled-e1697740188203.jpg","articleSection":["D\u00fcnya","Siyas\u0259t","X\u0259b\u0259rl\u0259r"],"inLanguage":"az"},{"@type":"WebPage","@id":"https:\/\/www.meydan.tv\/az\/article\/gurcustanda-partiyalarin-qadagan-olunmasi-haqqinda-qanun-q%c9%99bul-edildi\/","url":"https:\/\/www.meydan.tv\/az\/article\/gurcustanda-partiyalarin-qadagan-olunmasi-haqqinda-qanun-q%c9%99bul-edildi\/","name":"G\u00fcrc\u00fcstanda partiyalar\u0131n qada\u011fan olunmas\u0131 haqq\u0131nda qanun q\u0259bul edildi - MEYDAN.TV","isPartOf":{"@id":"https:\/\/www.meydan.tv\/az\/#website"},"primaryImageOfPage":{"@id":"https:\/\/www.meydan.tv\/az\/article\/gurcustanda-partiyalarin-qadagan-olunmasi-haqqinda-qanun-q%c9%99bul-edildi\/#primaryimage"},"image":{"@id":"https:\/\/www.meydan.tv\/az\/article\/gurcustanda-partiyalarin-qadagan-olunmasi-haqqinda-qanun-q%c9%99bul-edildi\/#primaryimage"},"thumbnailUrl":"https:\/\/www.meydan.tv\/wp-content\/uploads\/shutterstock_2257726179-scaled-e1697740188203.jpg","datePublished":"2025-10-17T10:04:54+00:00","dateModified":"2025-10-17T10:04:56+00:00","breadcrumb":{"@id":"https:\/\/www.meydan.tv\/az\/article\/gurcustanda-partiyalarin-qadagan-olunmasi-haqqinda-qanun-q%c9%99bul-edildi\/#breadcrumb"},"inLanguage":"az","potentialAction":[{"@type":"ReadAction","target":["https:\/\/www.meydan.tv\/az\/article\/gurcustanda-partiyalarin-qadagan-olunmasi-haqqinda-qanun-q%c9%99bul-edildi\/"]}]},{"@type":"ImageObject","inLanguage":"az","@id":"https:\/\/www.meydan.tv\/az\/article\/gurcustanda-partiyalarin-qadagan-olunmasi-haqqinda-qanun-q%c9%99bul-edildi\/#primaryimage","url":"https:\/\/www.meydan.tv\/wp-content\/uploads\/shutterstock_2257726179-scaled-e1697740188203.jpg","contentUrl":"https:\/\/www.meydan.tv\/wp-content\/uploads\/shutterstock_2257726179-scaled-e1697740188203.jpg","width":2560,"height":1309,"caption":"G\u00fcrc\u00fcstan, Tbilisi. Foto: Efired\/shutterstock"},{"@type":"BreadcrumbList","@id":"https:\/\/www.meydan.tv\/az\/article\/gurcustanda-partiyalarin-qadagan-olunmasi-haqqinda-qanun-q%c9%99bul-edildi\/#breadcrumb","itemListElement":[{"@type":"ListItem","position":1,"name":"Ana s\u0259hif\u0259","item":"https:\/\/www.meydan.tv\/az\/"},{"@type":"ListItem","position":2,"name":"X\u0259b\u0259rl\u0259r","item":"https:\/\/www.meydan.tv\/az\/section\/xeberler\/"},{"@type":"ListItem","position":3,"name":"G\u00fcrc\u00fcstanda partiyalar\u0131n qada\u011fan olunmas\u0131 haqq\u0131nda qanun q\u0259bul edildi"}]},{"@type":"WebSite","@id":"https:\/\/www.meydan.tv\/az\/#website","url":"https:\/\/www.meydan.tv\/az\/","name":"MEYDAN.TV","description":"Meydan TV Az\u0259rbaycan\u0131n media m\u0259kan\u0131ndak\u0131 alternativ s\u0259sidir","publisher":{"@id":"https:\/\/www.meydan.tv\/az\/#organization"},"potentialAction":[{"@type":"SearchAction","target":{"@type":"EntryPoint","urlTemplate":"https:\/\/www.meydan.tv\/az\/?s={search_term_string}"},"query-input":{"@type":"PropertyValueSpecification","valueRequired":true,"valueName":"search_term_string"}}],"inLanguage":"az"},{"@type":"Organization","@id":"https:\/\/www.meydan.tv\/az\/#organization","name":"Meydan TV","url":"https:\/\/www.meydan.tv\/az\/","logo":{"@type":"ImageObject","inLanguage":"az","@id":"https:\/\/www.meydan.tv\/az\/#\/schema\/logo\/image\/","url":"https:\/\/www.meydan.tv\/wp-content\/uploads\/2021\/07\/meydan-logo.svg","contentUrl":"https:\/\/www.meydan.tv\/wp-content\/uploads\/2021\/07\/meydan-logo.svg","width":195,"height":46,"caption":"Meydan TV"},"image":{"@id":"https:\/\/www.meydan.tv\/az\/#\/schema\/logo\/image\/"}},{"@type":"Person","@id":"https:\/\/www.meydan.tv\/az\/#\/schema\/person\/49b5f2bad5b126bb8ea9320eeb3e4dc9","name":"sevda"}]}},"_links":{"self":[{"href":"https:\/\/www.meydan.tv\/az\/wp-json\/wp\/v2\/posts\/336463","targetHints":{"allow":["GET"]}}],"collection":[{"href":"https:\/\/www.meydan.tv\/az\/wp-json\/wp\/v2\/posts"}],"about":[{"href":"https:\/\/www.meydan.tv\/az\/wp-json\/wp\/v2\/types\/post"}],"author":[{"embeddable":true,"href":"https:\/\/www.meydan.tv\/az\/wp-json\/wp\/v2\/users\/16"}],"replies":[{"embeddable":true,"href":"https:\/\/www.meydan.tv\/az\/wp-json\/wp\/v2\/comments?post=336463"}],"version-history":[{"count":2,"href":"https:\/\/www.meydan.tv\/az\/wp-json\/wp\/v2\/posts\/336463\/revisions"}],"predecessor-version":[{"id":336465,"href":"https:\/\/www.meydan.tv\/az\/wp-json\/wp\/v2\/posts\/336463\/revisions\/336465"}],"wp:featuredmedia":[{"embeddable":true,"href":"https:\/\/www.meydan.tv\/az\/wp-json\/wp\/v2\/media\/288341"}],"wp:attachment":[{"href":"https:\/\/www.meydan.tv\/az\/wp-json\/wp\/v2\/media?parent=336463"}],"wp:term":[{"taxonomy":"category","embeddable":true,"href":"https:\/\/www.meydan.tv\/az\/wp-json\/wp\/v2\/categories?post=336463"},{"taxonomy":"post_tag","embeddable":true,"href":"https:\/\/www.meydan.tv\/az\/wp-json\/wp\/v2\/tags?post=336463"}],"curies":[{"name":"wp","href":"https:\/\/api.w.org\/{rel}","templated":true}]}}