{"id":336433,"date":"2025-10-16T18:59:31","date_gmt":"2025-10-16T14:59:31","guid":{"rendered":"https:\/\/www.meydan.tv\/?p=336433"},"modified":"2025-10-16T18:59:33","modified_gmt":"2025-10-16T14:59:33","slug":"az%c9%99rbaycan-diasporunun-r%c9%99hb%c9%99ri-rusiya-v%c9%99t%c9%99ndasligindan-m%c9%99hrum-edilib","status":"publish","type":"post","link":"https:\/\/www.meydan.tv\/az\/article\/az%c9%99rbaycan-diasporunun-r%c9%99hb%c9%99ri-rusiya-v%c9%99t%c9%99ndasligindan-m%c9%99hrum-edilib\/","title":{"rendered":"Az\u0259rbaycan diasporunun r\u0259hb\u0259ri Rusiya v\u0259t\u0259nda\u015fl\u0131\u011f\u0131ndan m\u0259hrum edilib"},"content":{"rendered":"\n<p><\/p>\n\n\n\n<p>Az\u0259rbaycan diasporuna r\u0259hb\u0259rlik ed\u0259n v\u0259 Ulyanovsk vilay\u0259ti qubernatorunun m\u00fc\u015faviri olan \u0130slam H\u00fcseynov Rusiya v\u0259t\u0259nda\u015fl\u0131\u011f\u0131ndan \u00e7\u0131xar\u0131l\u0131b.<\/p>\n\n\n\n<p>R\u0259smi s\u0259b\u0259b h\u0259l\u0259 a\u00e7\u0131qlanmay\u0131b, \u0130slam H\u00fcseynov \u00f6z\u00fc is\u0259 \u015f\u0259rh verm\u0259kd\u0259n <a href=\"https:\/\/www.rbc.ru\/politics\/16\/10\/2025\/68effd719a79471e0624de8d\" target=\"_blank\" rel=\"noreferrer noopener nofollow\">imtina edib.<\/a><\/p>\n\n\n\n<p>RBC m\u0259nb\u0259l\u0259rin\u0259 istinad\u0259n m\u0259lumat verir ki, bu bar\u0259d\u0259 q\u0259rar\u0131 oktyabr\u0131n 14-d\u0259 Daxili \u0130\u015fl\u0259r Nazirliyinin Ulyanovsk Regional \u0130dar\u0259si, Federal T\u0259hl\u00fck\u0259sizlik Xidm\u0259tinin sor\u011fusuna \u0259sas\u0259n q\u0259bul edib.&nbsp;<\/p>\n\n\n\n<p>56 ya\u015fl\u0131 \u0130slam H\u00fcseynov 20 ildir Ulyanovskda ya\u015fay\u0131r v\u0259 2005-ci ild\u0259n Az\u0259rbaycan diasporuna r\u0259hb\u0259rlik edir.<\/p>\n\n\n\n<p>Az\u0259rbaycan prezidenti \u0130lham \u018fliyev H\u00fcseynovu \u201cT\u0259r\u0259qqi\u201d medal\u0131 il\u0259 t\u0259ltif edib. H\u0259m\u00e7inin, ona Ulyanovsk vilay\u0259ti h\u00f6kum\u0259ti t\u0259r\u0259find\u0259n \u201cXalqlar Dostlu\u011fu\u201d medal\u0131 verilib.<\/p>\n\n\n\n<pre class=\"wp-block-preformatted\">Son 10 ayda Rusiya-Az\u0259rbaycan m\u00fcnasib\u0259tl\u0259ri g\u0259rgin olaraq qal\u0131r. G\u0259rginliy\u0259 2024-c\u00fc il dekabr\u0131n 25-d\u0259 AZAL t\u0259yyar\u0259sinin Qazax\u0131standa q\u0259zaya u\u011framas\u0131 s\u0259b\u0259b g\u00f6st\u0259rilir \u2013 67 s\u0259rni\u015find\u0259n 38-i h\u0259lak olub. Bak\u0131 bu hadis\u0259y\u0259 g\u00f6r\u0259 Moskvan\u0131 g\u00fcnahland\u0131r\u0131b, \u00fczrxahl\u0131q v\u0259 t\u0259zminat t\u0259l\u0259b edib. Rusiya is\u0259 istintaq\u0131n n\u0259tic\u0259l\u0259rini g\u00f6zl\u0259m\u0259yi t\u0259klif edib.<br><br>2025-ci ilin iyununda Yekaterinburqda az\u0259rbaycanl\u0131lar\u0131n i\u015fg\u0259nc\u0259 n\u0259tic\u0259sind\u0259 \u00f6l\u00fcm\u00fc v\u0259 dig\u0259rl\u0259rinin x\u0259sar\u0259t almas\u0131 Bak\u0131 t\u0259r\u0259find\u0259n \"etnik t\u0259zyiq\" kimi qiym\u0259tl\u0259ndirilib. Rusiyada az\u0259rbaycanl\u0131 i\u015f adamlar\u0131na qar\u015f\u0131 t\u0259zyiql\u0259r d\u0259 m\u00fcnasib\u0259tl\u0259ri daha da g\u0259rginl\u0259\u015fdirib.<br><br>Cavab olaraq, Az\u0259rbaycan \u201cSputnik Az\u0259rbaycan\u201d\u0131n ba\u011flanmas\u0131, \u201cRus Evi\u201dnin f\u0259aliyy\u0259tinin dayand\u0131r\u0131lmas\u0131 v\u0259 b\u0259zi Rusiya v\u0259t\u0259nda\u015flar\u0131n\u0131n h\u0259bsi il\u0259 reaksiya verib.<br><br>Oktyabr\u0131n 9-da D\u00fc\u015f\u0259nb\u0259d\u0259 ba\u015f tutan \u018fliyev\u2013Putin g\u00f6r\u00fc\u015f\u00fcnd\u0259 Rusiya prezidenti q\u0259za il\u0259 ba\u011fl\u0131 \u00fczr ist\u0259yib, t\u0259zminat \u00f6hd\u0259liyini b\u0259yan edib. Ert\u0259si g\u00fcn \u201cSputnik Az\u0259rbaycan\u201d\u0131n r\u0259hb\u0259ri azadl\u0131\u011fa burax\u0131l\u0131b.<\/pre>\n\n\n\n<p>\u0130slam H\u00fcseynov 2015-ci ild\u0259 b\u0259l\u0259diyy\u0259y\u0259 m\u0259xsus torpaq sah\u0259sinin r\u0259smil\u0259\u015fdirilm\u0259si zaman\u0131 x\u00fcsusil\u0259 b\u00f6y\u00fck miqdarda d\u0259l\u0259duzluqda v\u0259 g\u0259lirl\u0259rin leqalla\u015fd\u0131r\u0131lmas\u0131nda ittiham olunub. \u0130stintaq\u0131n m\u0259lumat\u0131na g\u00f6r\u0259, o, b\u0259l\u0259diyy\u0259y\u0259 m\u0259xsus torpaq sah\u0259sini 776 min rubla al\u0131b, halbuki h\u0259min sah\u0259nin bazar d\u0259y\u0259ri 6 milyon rubl olub. O, orada v\u0259d etdiyi otel \u0259v\u0259zin\u0259 \u00e7oxm\u0259nzilli ya\u015fay\u0131\u015f binas\u0131 tikm\u0259y\u0259 ba\u015flay\u0131b. M\u0259hk\u0259m\u0259 onu d\u0259l\u0259duzluq madd\u0259si \u00fczr\u0259 t\u0259qsirli bilib, lakin v\u0259saitl\u0259rin leqalla\u015fd\u0131r\u0131lmas\u0131 madd\u0259si \u00fczr\u0259 b\u0259ra\u0259t verib. Ona 1 milyon rubl c\u0259rim\u0259 il\u0259 d\u00f6rd il \u015f\u0259rti c\u0259za verilib. H\u00fcseynov \u00f6z\u00fcn\u00fc t\u0259qsirli bilm\u0259yib.<\/p>\n\n\n\n<p>H\u00fcseynova qar\u015f\u0131 iki d\u0259f\u0259 sui-q\u0259sd c\u0259hdi olub: birinci 2009-cu ild\u0259 \u2014 o zaman h\u00fccum ed\u0259n \u015f\u0259xs s\u0259hv\u0259n Ulyanovsk g\u00f6mr\u00fcy\u00fcn\u00fcn \u0259m\u0259kda\u015f\u0131n\u0131 v\u0259 onun h\u0259yat yolda\u015f\u0131n\u0131 yaralay\u0131b, ikinci is\u0259 2012-ci ild\u0259 ba\u015f verib. \u0130kinci hadis\u0259d\u0259 onun m\u00fchafiz\u0259\u00e7isi h\u0259lak olub.<\/p>\n\n\n\n<p> 2022-ci ild\u0259 H\u00fcseynov ictimai \u0259saslarla qubernator Aleksey Russkixin m\u00fc\u015faviri t\u0259yin edilib.<\/p>\n\n\n\n<p><\/p>\n\n\n\n<p><\/p>\n","protected":false},"excerpt":{"rendered":"<p>Az\u0259rbaycan diasporuna r\u0259hb\u0259rlik ed\u0259n v\u0259 Ulyanovsk vilay\u0259ti qubernatorunun m\u00fc\u015faviri olan &#8230; <\/p>\n<p class=\"read-more-container\"><a title=\"Az\u0259rbaycan diasporunun r\u0259hb\u0259ri Rusiya v\u0259t\u0259nda\u015fl\u0131\u011f\u0131ndan m\u0259hrum edilib\" class=\"read-more button\" href=\"https:\/\/www.meydan.tv\/az\/article\/az%c9%99rbaycan-diasporunun-r%c9%99hb%c9%99ri-rusiya-v%c9%99t%c9%99ndasligindan-m%c9%99hrum-edilib\/#more-336433\" aria-label=\"Read more about Az\u0259rbaycan diasporunun r\u0259hb\u0259ri Rusiya v\u0259t\u0259nda\u015fl\u0131\u011f\u0131ndan m\u0259hrum edilib\">Davam\u0131<\/a><\/p>\n","protected":false},"author":21,"featured_media":336434,"comment_status":"closed","ping_status":"closed","sticky":false,"template":"","format":"standard","meta":{"_acf_changed":false,"_sitemap_exclude":false,"_sitemap_priority":"","_sitemap_frequency":"","footnotes":""},"categories":[59,79,56],"tags":[],"class_list":["post-336433","post","type-post","status-publish","format-standard","has-post-thumbnail","hentry","category-siyaset","category-featured","category-xeberler","infinite-scroll-item","generate-columns","tablet-grid-50","mobile-grid-100","grid-parent","grid-33","no-featured-image-padding"],"acf":[],"yoast_head":"<!-- This site is optimized with the Yoast SEO plugin v27.4 - https:\/\/yoast.com\/product\/yoast-seo-wordpress\/ -->\n<title>Az\u0259rbaycan diasporunun r\u0259hb\u0259ri Rusiya v\u0259t\u0259nda\u015fl\u0131\u011f\u0131ndan m\u0259hrum edilib - MEYDAN.TV<\/title>\n<meta name=\"robots\" content=\"index, follow, max-snippet:-1, max-image-preview:large, max-video-preview:-1\" \/>\n<link rel=\"canonical\" href=\"https:\/\/www.meydan.tv\/az\/article\/az%c9%99rbaycan-diasporunun-r%c9%99hb%c9%99ri-rusiya-v%c9%99t%c9%99ndasligindan-m%c9%99hrum-edilib\/\" \/>\n<meta property=\"og:locale\" content=\"az_AZ\" \/>\n<meta property=\"og:type\" content=\"article\" \/>\n<meta property=\"og:title\" content=\"Az\u0259rbaycan diasporunun r\u0259hb\u0259ri Rusiya v\u0259t\u0259nda\u015fl\u0131\u011f\u0131ndan m\u0259hrum edilib - MEYDAN.TV\" \/>\n<meta property=\"og:description\" content=\"Az\u0259rbaycan diasporuna r\u0259hb\u0259rlik ed\u0259n v\u0259 Ulyanovsk vilay\u0259ti qubernatorunun m\u00fc\u015faviri olan ... Davam\u0131\" \/>\n<meta property=\"og:url\" content=\"https:\/\/www.meydan.tv\/az\/article\/az%c9%99rbaycan-diasporunun-r%c9%99hb%c9%99ri-rusiya-v%c9%99t%c9%99ndasligindan-m%c9%99hrum-edilib\/\" \/>\n<meta property=\"og:site_name\" content=\"MEYDAN.TV\" \/>\n<meta property=\"article:published_time\" content=\"2025-10-16T14:59:31+00:00\" \/>\n<meta property=\"article:modified_time\" content=\"2025-10-16T14:59:33+00:00\" \/>\n<meta property=\"og:image\" content=\"https:\/\/www.meydan.tv\/wp-content\/uploads\/347605922866366-e1760626734498.webp\" \/>\n\t<meta property=\"og:image:width\" content=\"768\" \/>\n\t<meta property=\"og:image:height\" content=\"392\" \/>\n\t<meta property=\"og:image:type\" content=\"image\/webp\" \/>\n<meta name=\"author\" content=\"mahmud\" \/>\n<meta name=\"twitter:card\" content=\"summary_large_image\" \/>\n<script type=\"application\/ld+json\" class=\"yoast-schema-graph\">{\"@context\":\"https:\\\/\\\/schema.org\",\"@graph\":[{\"@type\":\"Article\",\"@id\":\"https:\\\/\\\/www.meydan.tv\\\/az\\\/article\\\/az%c9%99rbaycan-diasporunun-r%c9%99hb%c9%99ri-rusiya-v%c9%99t%c9%99ndasligindan-m%c9%99hrum-edilib\\\/#article\",\"isPartOf\":{\"@id\":\"https:\\\/\\\/www.meydan.tv\\\/az\\\/article\\\/az%c9%99rbaycan-diasporunun-r%c9%99hb%c9%99ri-rusiya-v%c9%99t%c9%99ndasligindan-m%c9%99hrum-edilib\\\/\"},\"author\":{\"name\":\"mahmud\",\"@id\":\"https:\\\/\\\/www.meydan.tv\\\/az\\\/#\\\/schema\\\/person\\\/09863e516102a829e72bedcf3f84c6b0\"},\"headline\":\"Az\u0259rbaycan diasporunun r\u0259hb\u0259ri Rusiya v\u0259t\u0259nda\u015fl\u0131\u011f\u0131ndan m\u0259hrum edilib\",\"datePublished\":\"2025-10-16T14:59:31+00:00\",\"dateModified\":\"2025-10-16T14:59:33+00:00\",\"mainEntityOfPage\":{\"@id\":\"https:\\\/\\\/www.meydan.tv\\\/az\\\/article\\\/az%c9%99rbaycan-diasporunun-r%c9%99hb%c9%99ri-rusiya-v%c9%99t%c9%99ndasligindan-m%c9%99hrum-edilib\\\/\"},\"wordCount\":371,\"publisher\":{\"@id\":\"https:\\\/\\\/www.meydan.tv\\\/az\\\/#organization\"},\"image\":{\"@id\":\"https:\\\/\\\/www.meydan.tv\\\/az\\\/article\\\/az%c9%99rbaycan-diasporunun-r%c9%99hb%c9%99ri-rusiya-v%c9%99t%c9%99ndasligindan-m%c9%99hrum-edilib\\\/#primaryimage\"},\"thumbnailUrl\":\"https:\\\/\\\/www.meydan.tv\\\/wp-content\\\/uploads\\\/347605922866366-e1760626734498.webp\",\"articleSection\":[\"Siyas\u0259t\",\"T\u00f6vsiy\u0259\",\"X\u0259b\u0259rl\u0259r\"],\"inLanguage\":\"az\"},{\"@type\":\"WebPage\",\"@id\":\"https:\\\/\\\/www.meydan.tv\\\/az\\\/article\\\/az%c9%99rbaycan-diasporunun-r%c9%99hb%c9%99ri-rusiya-v%c9%99t%c9%99ndasligindan-m%c9%99hrum-edilib\\\/\",\"url\":\"https:\\\/\\\/www.meydan.tv\\\/az\\\/article\\\/az%c9%99rbaycan-diasporunun-r%c9%99hb%c9%99ri-rusiya-v%c9%99t%c9%99ndasligindan-m%c9%99hrum-edilib\\\/\",\"name\":\"Az\u0259rbaycan diasporunun r\u0259hb\u0259ri Rusiya v\u0259t\u0259nda\u015fl\u0131\u011f\u0131ndan m\u0259hrum edilib - MEYDAN.TV\",\"isPartOf\":{\"@id\":\"https:\\\/\\\/www.meydan.tv\\\/az\\\/#website\"},\"primaryImageOfPage\":{\"@id\":\"https:\\\/\\\/www.meydan.tv\\\/az\\\/article\\\/az%c9%99rbaycan-diasporunun-r%c9%99hb%c9%99ri-rusiya-v%c9%99t%c9%99ndasligindan-m%c9%99hrum-edilib\\\/#primaryimage\"},\"image\":{\"@id\":\"https:\\\/\\\/www.meydan.tv\\\/az\\\/article\\\/az%c9%99rbaycan-diasporunun-r%c9%99hb%c9%99ri-rusiya-v%c9%99t%c9%99ndasligindan-m%c9%99hrum-edilib\\\/#primaryimage\"},\"thumbnailUrl\":\"https:\\\/\\\/www.meydan.tv\\\/wp-content\\\/uploads\\\/347605922866366-e1760626734498.webp\",\"datePublished\":\"2025-10-16T14:59:31+00:00\",\"dateModified\":\"2025-10-16T14:59:33+00:00\",\"breadcrumb\":{\"@id\":\"https:\\\/\\\/www.meydan.tv\\\/az\\\/article\\\/az%c9%99rbaycan-diasporunun-r%c9%99hb%c9%99ri-rusiya-v%c9%99t%c9%99ndasligindan-m%c9%99hrum-edilib\\\/#breadcrumb\"},\"inLanguage\":\"az\",\"potentialAction\":[{\"@type\":\"ReadAction\",\"target\":[\"https:\\\/\\\/www.meydan.tv\\\/az\\\/article\\\/az%c9%99rbaycan-diasporunun-r%c9%99hb%c9%99ri-rusiya-v%c9%99t%c9%99ndasligindan-m%c9%99hrum-edilib\\\/\"]}]},{\"@type\":\"ImageObject\",\"inLanguage\":\"az\",\"@id\":\"https:\\\/\\\/www.meydan.tv\\\/az\\\/article\\\/az%c9%99rbaycan-diasporunun-r%c9%99hb%c9%99ri-rusiya-v%c9%99t%c9%99ndasligindan-m%c9%99hrum-edilib\\\/#primaryimage\",\"url\":\"https:\\\/\\\/www.meydan.tv\\\/wp-content\\\/uploads\\\/347605922866366-e1760626734498.webp\",\"contentUrl\":\"https:\\\/\\\/www.meydan.tv\\\/wp-content\\\/uploads\\\/347605922866366-e1760626734498.webp\",\"width\":768,\"height\":392,\"caption\":\"\u0130slam H\u00fcseynov. Foto: Ulyanovsk vilay\u0259ti Az\u0259rbaycan milli-m\u0259d\u0259ni muxtariyy\u0259ti\"},{\"@type\":\"BreadcrumbList\",\"@id\":\"https:\\\/\\\/www.meydan.tv\\\/az\\\/article\\\/az%c9%99rbaycan-diasporunun-r%c9%99hb%c9%99ri-rusiya-v%c9%99t%c9%99ndasligindan-m%c9%99hrum-edilib\\\/#breadcrumb\",\"itemListElement\":[{\"@type\":\"ListItem\",\"position\":1,\"name\":\"Ana s\u0259hif\u0259\",\"item\":\"https:\\\/\\\/www.meydan.tv\\\/az\\\/\"},{\"@type\":\"ListItem\",\"position\":2,\"name\":\"Siyas\u0259t\",\"item\":\"https:\\\/\\\/www.meydan.tv\\\/az\\\/section\\\/siyaset\\\/\"},{\"@type\":\"ListItem\",\"position\":3,\"name\":\"Az\u0259rbaycan diasporunun r\u0259hb\u0259ri Rusiya v\u0259t\u0259nda\u015fl\u0131\u011f\u0131ndan m\u0259hrum edilib\"}]},{\"@type\":\"WebSite\",\"@id\":\"https:\\\/\\\/www.meydan.tv\\\/az\\\/#website\",\"url\":\"https:\\\/\\\/www.meydan.tv\\\/az\\\/\",\"name\":\"MEYDAN.TV\",\"description\":\"Meydan TV Az\u0259rbaycan\u0131n media m\u0259kan\u0131ndak\u0131 alternativ s\u0259sidir\",\"publisher\":{\"@id\":\"https:\\\/\\\/www.meydan.tv\\\/az\\\/#organization\"},\"potentialAction\":[{\"@type\":\"SearchAction\",\"target\":{\"@type\":\"EntryPoint\",\"urlTemplate\":\"https:\\\/\\\/www.meydan.tv\\\/az\\\/?s={search_term_string}\"},\"query-input\":{\"@type\":\"PropertyValueSpecification\",\"valueRequired\":true,\"valueName\":\"search_term_string\"}}],\"inLanguage\":\"az\"},{\"@type\":\"Organization\",\"@id\":\"https:\\\/\\\/www.meydan.tv\\\/az\\\/#organization\",\"name\":\"Meydan TV\",\"url\":\"https:\\\/\\\/www.meydan.tv\\\/az\\\/\",\"logo\":{\"@type\":\"ImageObject\",\"inLanguage\":\"az\",\"@id\":\"https:\\\/\\\/www.meydan.tv\\\/az\\\/#\\\/schema\\\/logo\\\/image\\\/\",\"url\":\"https:\\\/\\\/www.meydan.tv\\\/wp-content\\\/uploads\\\/2021\\\/07\\\/meydan-logo.svg\",\"contentUrl\":\"https:\\\/\\\/www.meydan.tv\\\/wp-content\\\/uploads\\\/2021\\\/07\\\/meydan-logo.svg\",\"width\":195,\"height\":46,\"caption\":\"Meydan TV\"},\"image\":{\"@id\":\"https:\\\/\\\/www.meydan.tv\\\/az\\\/#\\\/schema\\\/logo\\\/image\\\/\"}},{\"@type\":\"Person\",\"@id\":\"https:\\\/\\\/www.meydan.tv\\\/az\\\/#\\\/schema\\\/person\\\/09863e516102a829e72bedcf3f84c6b0\",\"name\":\"mahmud\"}]}<\/script>\n<!-- \/ Yoast SEO plugin. -->","yoast_head_json":{"title":"Az\u0259rbaycan diasporunun r\u0259hb\u0259ri Rusiya v\u0259t\u0259nda\u015fl\u0131\u011f\u0131ndan m\u0259hrum edilib - MEYDAN.TV","robots":{"index":"index","follow":"follow","max-snippet":"max-snippet:-1","max-image-preview":"max-image-preview:large","max-video-preview":"max-video-preview:-1"},"canonical":"https:\/\/www.meydan.tv\/az\/article\/az%c9%99rbaycan-diasporunun-r%c9%99hb%c9%99ri-rusiya-v%c9%99t%c9%99ndasligindan-m%c9%99hrum-edilib\/","og_locale":"az_AZ","og_type":"article","og_title":"Az\u0259rbaycan diasporunun r\u0259hb\u0259ri Rusiya v\u0259t\u0259nda\u015fl\u0131\u011f\u0131ndan m\u0259hrum edilib - MEYDAN.TV","og_description":"Az\u0259rbaycan diasporuna r\u0259hb\u0259rlik ed\u0259n v\u0259 Ulyanovsk vilay\u0259ti qubernatorunun m\u00fc\u015faviri olan ... Davam\u0131","og_url":"https:\/\/www.meydan.tv\/az\/article\/az%c9%99rbaycan-diasporunun-r%c9%99hb%c9%99ri-rusiya-v%c9%99t%c9%99ndasligindan-m%c9%99hrum-edilib\/","og_site_name":"MEYDAN.TV","article_published_time":"2025-10-16T14:59:31+00:00","article_modified_time":"2025-10-16T14:59:33+00:00","og_image":[{"width":768,"height":392,"url":"https:\/\/www.meydan.tv\/wp-content\/uploads\/347605922866366-e1760626734498.webp","type":"image\/webp"}],"author":"mahmud","twitter_card":"summary_large_image","schema":{"@context":"https:\/\/schema.org","@graph":[{"@type":"Article","@id":"https:\/\/www.meydan.tv\/az\/article\/az%c9%99rbaycan-diasporunun-r%c9%99hb%c9%99ri-rusiya-v%c9%99t%c9%99ndasligindan-m%c9%99hrum-edilib\/#article","isPartOf":{"@id":"https:\/\/www.meydan.tv\/az\/article\/az%c9%99rbaycan-diasporunun-r%c9%99hb%c9%99ri-rusiya-v%c9%99t%c9%99ndasligindan-m%c9%99hrum-edilib\/"},"author":{"name":"mahmud","@id":"https:\/\/www.meydan.tv\/az\/#\/schema\/person\/09863e516102a829e72bedcf3f84c6b0"},"headline":"Az\u0259rbaycan diasporunun r\u0259hb\u0259ri Rusiya v\u0259t\u0259nda\u015fl\u0131\u011f\u0131ndan m\u0259hrum edilib","datePublished":"2025-10-16T14:59:31+00:00","dateModified":"2025-10-16T14:59:33+00:00","mainEntityOfPage":{"@id":"https:\/\/www.meydan.tv\/az\/article\/az%c9%99rbaycan-diasporunun-r%c9%99hb%c9%99ri-rusiya-v%c9%99t%c9%99ndasligindan-m%c9%99hrum-edilib\/"},"wordCount":371,"publisher":{"@id":"https:\/\/www.meydan.tv\/az\/#organization"},"image":{"@id":"https:\/\/www.meydan.tv\/az\/article\/az%c9%99rbaycan-diasporunun-r%c9%99hb%c9%99ri-rusiya-v%c9%99t%c9%99ndasligindan-m%c9%99hrum-edilib\/#primaryimage"},"thumbnailUrl":"https:\/\/www.meydan.tv\/wp-content\/uploads\/347605922866366-e1760626734498.webp","articleSection":["Siyas\u0259t","T\u00f6vsiy\u0259","X\u0259b\u0259rl\u0259r"],"inLanguage":"az"},{"@type":"WebPage","@id":"https:\/\/www.meydan.tv\/az\/article\/az%c9%99rbaycan-diasporunun-r%c9%99hb%c9%99ri-rusiya-v%c9%99t%c9%99ndasligindan-m%c9%99hrum-edilib\/","url":"https:\/\/www.meydan.tv\/az\/article\/az%c9%99rbaycan-diasporunun-r%c9%99hb%c9%99ri-rusiya-v%c9%99t%c9%99ndasligindan-m%c9%99hrum-edilib\/","name":"Az\u0259rbaycan diasporunun r\u0259hb\u0259ri Rusiya v\u0259t\u0259nda\u015fl\u0131\u011f\u0131ndan m\u0259hrum edilib - MEYDAN.TV","isPartOf":{"@id":"https:\/\/www.meydan.tv\/az\/#website"},"primaryImageOfPage":{"@id":"https:\/\/www.meydan.tv\/az\/article\/az%c9%99rbaycan-diasporunun-r%c9%99hb%c9%99ri-rusiya-v%c9%99t%c9%99ndasligindan-m%c9%99hrum-edilib\/#primaryimage"},"image":{"@id":"https:\/\/www.meydan.tv\/az\/article\/az%c9%99rbaycan-diasporunun-r%c9%99hb%c9%99ri-rusiya-v%c9%99t%c9%99ndasligindan-m%c9%99hrum-edilib\/#primaryimage"},"thumbnailUrl":"https:\/\/www.meydan.tv\/wp-content\/uploads\/347605922866366-e1760626734498.webp","datePublished":"2025-10-16T14:59:31+00:00","dateModified":"2025-10-16T14:59:33+00:00","breadcrumb":{"@id":"https:\/\/www.meydan.tv\/az\/article\/az%c9%99rbaycan-diasporunun-r%c9%99hb%c9%99ri-rusiya-v%c9%99t%c9%99ndasligindan-m%c9%99hrum-edilib\/#breadcrumb"},"inLanguage":"az","potentialAction":[{"@type":"ReadAction","target":["https:\/\/www.meydan.tv\/az\/article\/az%c9%99rbaycan-diasporunun-r%c9%99hb%c9%99ri-rusiya-v%c9%99t%c9%99ndasligindan-m%c9%99hrum-edilib\/"]}]},{"@type":"ImageObject","inLanguage":"az","@id":"https:\/\/www.meydan.tv\/az\/article\/az%c9%99rbaycan-diasporunun-r%c9%99hb%c9%99ri-rusiya-v%c9%99t%c9%99ndasligindan-m%c9%99hrum-edilib\/#primaryimage","url":"https:\/\/www.meydan.tv\/wp-content\/uploads\/347605922866366-e1760626734498.webp","contentUrl":"https:\/\/www.meydan.tv\/wp-content\/uploads\/347605922866366-e1760626734498.webp","width":768,"height":392,"caption":"\u0130slam H\u00fcseynov. Foto: Ulyanovsk vilay\u0259ti Az\u0259rbaycan milli-m\u0259d\u0259ni muxtariyy\u0259ti"},{"@type":"BreadcrumbList","@id":"https:\/\/www.meydan.tv\/az\/article\/az%c9%99rbaycan-diasporunun-r%c9%99hb%c9%99ri-rusiya-v%c9%99t%c9%99ndasligindan-m%c9%99hrum-edilib\/#breadcrumb","itemListElement":[{"@type":"ListItem","position":1,"name":"Ana s\u0259hif\u0259","item":"https:\/\/www.meydan.tv\/az\/"},{"@type":"ListItem","position":2,"name":"Siyas\u0259t","item":"https:\/\/www.meydan.tv\/az\/section\/siyaset\/"},{"@type":"ListItem","position":3,"name":"Az\u0259rbaycan diasporunun r\u0259hb\u0259ri Rusiya v\u0259t\u0259nda\u015fl\u0131\u011f\u0131ndan m\u0259hrum edilib"}]},{"@type":"WebSite","@id":"https:\/\/www.meydan.tv\/az\/#website","url":"https:\/\/www.meydan.tv\/az\/","name":"MEYDAN.TV","description":"Meydan TV Az\u0259rbaycan\u0131n media m\u0259kan\u0131ndak\u0131 alternativ s\u0259sidir","publisher":{"@id":"https:\/\/www.meydan.tv\/az\/#organization"},"potentialAction":[{"@type":"SearchAction","target":{"@type":"EntryPoint","urlTemplate":"https:\/\/www.meydan.tv\/az\/?s={search_term_string}"},"query-input":{"@type":"PropertyValueSpecification","valueRequired":true,"valueName":"search_term_string"}}],"inLanguage":"az"},{"@type":"Organization","@id":"https:\/\/www.meydan.tv\/az\/#organization","name":"Meydan TV","url":"https:\/\/www.meydan.tv\/az\/","logo":{"@type":"ImageObject","inLanguage":"az","@id":"https:\/\/www.meydan.tv\/az\/#\/schema\/logo\/image\/","url":"https:\/\/www.meydan.tv\/wp-content\/uploads\/2021\/07\/meydan-logo.svg","contentUrl":"https:\/\/www.meydan.tv\/wp-content\/uploads\/2021\/07\/meydan-logo.svg","width":195,"height":46,"caption":"Meydan TV"},"image":{"@id":"https:\/\/www.meydan.tv\/az\/#\/schema\/logo\/image\/"}},{"@type":"Person","@id":"https:\/\/www.meydan.tv\/az\/#\/schema\/person\/09863e516102a829e72bedcf3f84c6b0","name":"mahmud"}]}},"_links":{"self":[{"href":"https:\/\/www.meydan.tv\/az\/wp-json\/wp\/v2\/posts\/336433","targetHints":{"allow":["GET"]}}],"collection":[{"href":"https:\/\/www.meydan.tv\/az\/wp-json\/wp\/v2\/posts"}],"about":[{"href":"https:\/\/www.meydan.tv\/az\/wp-json\/wp\/v2\/types\/post"}],"author":[{"embeddable":true,"href":"https:\/\/www.meydan.tv\/az\/wp-json\/wp\/v2\/users\/21"}],"replies":[{"embeddable":true,"href":"https:\/\/www.meydan.tv\/az\/wp-json\/wp\/v2\/comments?post=336433"}],"version-history":[{"count":1,"href":"https:\/\/www.meydan.tv\/az\/wp-json\/wp\/v2\/posts\/336433\/revisions"}],"predecessor-version":[{"id":336437,"href":"https:\/\/www.meydan.tv\/az\/wp-json\/wp\/v2\/posts\/336433\/revisions\/336437"}],"wp:featuredmedia":[{"embeddable":true,"href":"https:\/\/www.meydan.tv\/az\/wp-json\/wp\/v2\/media\/336434"}],"wp:attachment":[{"href":"https:\/\/www.meydan.tv\/az\/wp-json\/wp\/v2\/media?parent=336433"}],"wp:term":[{"taxonomy":"category","embeddable":true,"href":"https:\/\/www.meydan.tv\/az\/wp-json\/wp\/v2\/categories?post=336433"},{"taxonomy":"post_tag","embeddable":true,"href":"https:\/\/www.meydan.tv\/az\/wp-json\/wp\/v2\/tags?post=336433"}],"curies":[{"name":"wp","href":"https:\/\/api.w.org\/{rel}","templated":true}]}}