{"id":336424,"date":"2025-10-16T16:08:43","date_gmt":"2025-10-16T12:08:43","guid":{"rendered":"https:\/\/www.meydan.tv\/?p=336424"},"modified":"2025-10-16T16:41:07","modified_gmt":"2025-10-16T12:41:07","slug":"ramiz-mehdiyevin-ogluna-m%c9%99xsus-sirk%c9%99t-son-6-ild%c9%99-nazirlikd%c9%99n-30-milyonluq-tender-qazanib","status":"publish","type":"post","link":"https:\/\/www.meydan.tv\/az\/article\/ramiz-mehdiyevin-ogluna-m%c9%99xsus-sirk%c9%99t-son-6-ild%c9%99-nazirlikd%c9%99n-30-milyonluq-tender-qazanib\/","title":{"rendered":"Ramiz Mehdiyevin o\u011fluna m\u0259xsus \u015firk\u0259t son 6 ild\u0259 nazirlikd\u0259n 30 milyonluq tender qazan\u0131b"},"content":{"rendered":"\n<p>D\u00f6vl\u0259t sat\u0131nalmalar\u0131n\u0131n vahid internet portal\u0131na \u0259sas\u0259n, Elm v\u0259 T\u0259hsil Nazirliyi 2019-cu ild\u0259n b\u0259ri Ramiz Mehdiyevin o\u011flu Teymur Mehdiyev\u0259 aid olan \u201c\u015e\u0259rq-Q\u0259rb\u201d n\u0259\u015friyyat \u015firk\u0259ti il\u0259 30 milyon manatdan \u00e7ox n\u0259h\u0259ng tender m\u00fcqavil\u0259l\u0259ri ba\u011flay\u0131b.<\/p>\n\n\n\n<p>M\u00fcqavil\u0259l\u0259rin sat\u0131nalma predmeti 2019-2025-ci t\u0259dris ilin\u0259 aid d\u0259rslikl\u0259rin, metodik v\u0259saitl\u0259rin, i\u015f d\u0259ft\u0259rl\u0259rinin, m\u0259kt\u0259b s\u0259n\u0259dl\u0259rinin v\u0259 d\u00f6vl\u0259t n\u00fcmun\u0259li t\u0259hsil s\u0259n\u0259dl\u0259ri blanklar\u0131n\u0131n \u00e7ap edilm\u0259sin\u0259 aiddir.<\/p>\n\n\n\n<p>N\u0259\u015friyyat\u0131n t\u0259r\u0259fda\u015flar\u0131 aras\u0131nda &#8220;Heyd\u0259r \u018fliyev Fondu&#8221;, M\u0259d\u0259niyy\u0259t Nazirliyi, Elm v\u0259 T\u0259hsil Nazirliyi, Az\u0259rsun Holdinq, D\u00f6vl\u0259t \u0130mtahan M\u0259rk\u0259zi d\u0259 <a href=\"https:\/\/www.eastwest.az\/\" target=\"_blank\" rel=\"noreferrer noopener\">m\u00f6vcuddur<\/a>.<\/p>\n\n\n\n<p>Bu, Ramiz Mehdiyev Az\u0259rbaycan Respublikas\u0131 Prezidentinin Administrasiyas\u0131n\u0131n r\u0259hb\u0259ri v\u0259zif\u0259sind\u0259n k\u0259narla\u015fd\u0131r\u0131ld\u0131qdan sonrak\u0131 d\u00f6vr\u0259 t\u0259sad\u00fcf edir.<\/p>\n\n\n\n<details class=\"wp-block-details is-layout-flow wp-block-details-is-layout-flow\"><summary><strong>Ramiz Mehdiyevin cinay\u0259t m\u0259suliyy\u0259tin\u0259 c\u0259lb edilm\u0259si<\/strong><\/summary>\n<p>Oktyabr\u0131n 14-d\u0259 ax\u015fam saatlar\u0131nda Prezident Administrasiyas\u0131n\u0131n sabiq r\u0259hb\u0259ri Ramiz Mehdiyevin 4 ay m\u00fcdd\u0259tin\u0259 ev dustaql\u0131\u011f\u0131na m\u0259hkum edilm\u0259si il\u0259 ba\u011fl\u0131 x\u0259b\u0259rl\u0259r yay\u0131ld\u0131. X\u0259b\u0259rd\u0259 deyilirdi ki, Bak\u0131 \u015f\u0259h\u0259ri S\u0259bail rayon m\u0259hk\u0259m\u0259si Mehdiyev Ramiz \u018fnv\u0259r o\u011flu bar\u0259d\u0259 cinay\u0259t i\u015fi \u00fczr\u0259 q\u0259rar q\u0259bul edib. Q\u0259rara \u0259sas\u0259n m\u0259hk\u0259m\u0259 x\u00fcsusil\u0259 a\u011f\u0131r cinay\u0259t \u0259m\u0259ll\u0259rin\u0259 g\u00f6r\u0259 cinay\u0259t m\u0259suliyy\u0259tin\u0259 c\u0259lb edilmi\u015f Ramiz Mehdiyev bar\u0259d\u0259 verilmi\u015f v\u0259sat\u0259ti t\u0259min ed\u0259r\u0259k 4 ay m\u00fcdd\u0259tin\u0259 ev dustaql\u0131\u011f\u0131 q\u0259timkan t\u0259dbiri se\u00e7ib.<\/p>\n\n\n\n<p>Ramiz Mehdiyevin Cinay\u0259t M\u0259c\u0259ll\u0259sinin 278.1 (d\u00f6vl\u0259t hakimiyy\u0259tini \u0259l\u0259 ke\u00e7irm\u0259y\u0259 y\u00f6n\u0259l\u0259n \u0259m\u0259ll\u0259r), 274 (d\u00f6vl\u0259t\u0259 x\u0259yan\u0259t) v\u0259 193-1.3.2-ci (cinay\u0259t yolu il\u0259 \u0259ld\u0259 edilmi\u015f \u0259mlak\u0131 leqalla\u015fd\u0131rma) madd\u0259l\u0259ri il\u0259 ittiham olundu\u011fu bildirilirdi.<\/p>\n<\/details>\n\n\n\n<p>Az\u0259rbaycanda n\u0259\u015friyyat v\u0259 m\u0259tb\u0259\u0259 xidm\u0259tl\u0259ri g\u00f6st\u0259r\u0259n apar\u0131c\u0131 \u015firk\u0259tl\u0259rd\u0259n biri olan \u201c\u015e\u0259rq-Q\u0259rb\u201d ASC-nin haz\u0131rda \u0130qtisadiyyat Nazirliyi yan\u0131nda D\u00f6vl\u0259t Vergi Xidm\u0259tinin Milli G\u0259lirl\u0259r Ba\u015f \u0130dar\u0259sin\u0259 52 144 manat y\u0131\u011f\u0131lm\u0131\u015f vergi borcu var.<\/p>\n\n\n\n<p>Kommersiya qurumlar\u0131n\u0131n d\u00f6vl\u0259t reyestri m\u0259lumatlar\u0131na g\u00f6r\u0259, \u201c\u015e\u0259rq-Q\u0259rb\u201d ASC 14.09.2001-ci ild\u0259 d\u00f6vl\u0259t qeydiyyat\u0131na al\u0131n\u0131b. Nizamnam\u0259 kapital\u0131 589 min 880 manat olan ASC \u018fhm\u0259dli q\u0259s\u0259b\u0259si, A\u015f\u0131q \u018fl\u0259sg\u0259r k\u00fc\u00e7\u0259si, ev 17 \u00fcnvan\u0131nda yerl\u0259\u015fir.<\/p>\n\n\n\n<pre class=\"wp-block-verse\">Ramiz Mehdiyev 1995-2019-cu ill\u0259rd\u0259\u00a0 Az\u0259rbaycan Respublikas\u0131 Prezidentinin Administrasiyas\u0131n\u0131n r\u0259hb\u0259ri, 2019-2022-ci ill\u0259rd\u0259 Az\u0259rbaycan Milli Elml\u0259r Akademiyas\u0131n\u0131n prezidenti kimi f\u0259aliyy\u0259t g\u00f6st\u0259rib. B\u0259z\u0259n onu mediada Rusiyan\u0131n Az\u0259rbaycandak\u0131 adam\u0131, \u201c5-ci kolon\u201dun r\u0259hb\u0259ri,\u00a0 \u201cBoz kardinal\u201d adland\u0131r\u0131rd\u0131lar.<\/pre>\n\n\n\n<p>X\u0259tai rayonunda yerl\u0259\u015f\u0259n ASC il\u0259 eyni \u00fcnvanda \u201c\u015e\u0259rq-Q\u0259rb M\u00fclk\u201d MMC, \u201c\u015e\u0259rq-Q\u0259rb N\u0259\u015friyyat Evi\u201d MMC v\u0259 \u201cQlobal East West\u201d MMC \u015firk\u0259tl\u0259ri d\u0259 yerl\u0259\u015fir. Bu \u00fcnvanda vaxt\u0131 il\u0259 4 n\u00f6mr\u0259li Bak\u0131 Kitab M\u0259tb\u0259\u0259si f\u0259aliyy\u0259t g\u00f6st\u0259rib. 2001-ci ild\u0259 \u00f6z\u0259ll\u0259\u015fdiril\u0259r\u0259k \u201c\u015e\u0259rq-Q\u0259rb\u201d ASC-y\u0259 \u00e7evrilib.<\/p>\n\n\n\n<p>Bu bar\u0259d\u0259 daha \u0259trafl\u0131 Meydan TV-nin 2020-ci ild\u0259 d\u0259rc etdiyi \u201cRamiz Mehdiyevin Biznes Akademiyas\u0131\u201d adl\u0131 geni\u015f ara\u015fd\u0131rmada qeyd olunub.<\/p>\n\n\n\n<figure class=\"wp-block-embed aligncenter is-type-wp-embed is-provider-meydan-tv wp-block-embed-meydan-tv\"><div class=\"wp-block-embed__wrapper\">\n<blockquote class=\"wp-embedded-content\" data-secret=\"dv4Q35MXKg\"><a href=\"https:\/\/www.meydan.tv\/az\/article\/ramiz-mehdiyevin-biznes-akademiyasi\/\">Ramiz Mehdiyevin Biznes Akademiyas\u0131<\/a><\/blockquote><iframe class=\"wp-embedded-content lazyload\" sandbox=\"allow-scripts\" security=\"restricted\" style=\"position: absolute; visibility: hidden;\" title=\"&#8220;Ramiz Mehdiyevin Biznes Akademiyas\u0131&#8221; &#8212; MEYDAN.TV\" data-src=\"https:\/\/www.meydan.tv\/az\/article\/ramiz-mehdiyevin-biznes-akademiyasi\/embed\/#?secret=0LtVTEqVwx#?secret=dv4Q35MXKg\" data-secret=\"dv4Q35MXKg\" width=\"600\" height=\"338\" frameborder=\"0\" marginwidth=\"0\" marginheight=\"0\" scrolling=\"no\" src=\"data:image\/svg+xml;base64,PHN2ZyB3aWR0aD0iMSIgaGVpZ2h0PSIxIiB4bWxucz0iaHR0cDovL3d3dy53My5vcmcvMjAwMC9zdmciPjwvc3ZnPg==\" data-load-mode=\"1\"><\/iframe>\n<\/div><\/figure>\n\n\n\n<p>Qiym\u0259tli Ka\u011f\u0131z M\u00fclkiyy\u0259t\u00e7il\u0259rinin Reyestr m\u0259lumatlar\u0131na g\u00f6r\u0259, \u201c\u015e\u0259rq-Q\u0259rb\u201d ASC-nin s\u0259hml\u0259rinin 96,5%-i Mehdiyev Teymur Ramiz o\u011fluna aiddir.<\/p>\n\n\n\n<p>Reyestr m\u0259lumatlar\u0131nda Mehdiyev Teymur Ramiz o\u011flunun qeydiyyat\u0131 Bak\u0131 \u015f\u0259h\u0259ri \u0130stiqlaliyy\u0259t k\u00fc\u00e7., ev 9, m. 31 \u00fcnvan\u0131 g\u00f6st\u0259rilir ki, h\u0259min \u00fcnvanda h\u0259m d\u0259 Prezident Administrasiyas\u0131n\u0131n sabiq r\u0259hb\u0259ri, AMEA-n\u0131n ke\u00e7mi\u015f prezidenti Ramiz Mehdiyev qeydiyyatdad\u0131r.<\/p>\n\n\n\n<p>Ramiz Mehdiyevin yegan\u0259 o\u011flu general-mayor Teymur Mehdiyev <a href=\"https:\/\/fhn.gov.az\/az\/nazirlik\/rehberlik-haqqinda-melumat\" target=\"_blank\" rel=\"noreferrer noopener\">hal-haz\u0131rda<\/a> F\u00f6vq\u0259lad\u0259 hallar nazirinin m\u00fcavinidir.<\/p>\n\n\n\n<p><\/p>\n","protected":false},"excerpt":{"rendered":"<p>D\u00f6vl\u0259t sat\u0131nalmalar\u0131n\u0131n vahid internet portal\u0131na \u0259sas\u0259n, Elm v\u0259 T\u0259hsil Nazirliyi &#8230; <\/p>\n<p class=\"read-more-container\"><a title=\"Ramiz Mehdiyevin o\u011fluna m\u0259xsus \u015firk\u0259t son 6 ild\u0259 nazirlikd\u0259n 30 milyonluq tender qazan\u0131b\" class=\"read-more button\" href=\"https:\/\/www.meydan.tv\/az\/article\/ramiz-mehdiyevin-ogluna-m%c9%99xsus-sirk%c9%99t-son-6-ild%c9%99-nazirlikd%c9%99n-30-milyonluq-tender-qazanib\/#more-336424\" aria-label=\"Read more about Ramiz Mehdiyevin o\u011fluna m\u0259xsus \u015firk\u0259t son 6 ild\u0259 nazirlikd\u0259n 30 milyonluq tender qazan\u0131b\">Davam\u0131<\/a><\/p>\n","protected":false},"author":14,"featured_media":336427,"comment_status":"closed","ping_status":"closed","sticky":false,"template":"","format":"standard","meta":{"_acf_changed":false,"_sitemap_exclude":false,"_sitemap_priority":"","_sitemap_frequency":"","footnotes":""},"categories":[55,88],"tags":[],"class_list":["post-336424","post","type-post","status-publish","format-standard","has-post-thumbnail","hentry","category-arasdirma","category-redaktor-secimi","infinite-scroll-item","generate-columns","tablet-grid-50","mobile-grid-100","grid-parent","grid-33","no-featured-image-padding"],"acf":[],"yoast_head":"<!-- This site is optimized with the Yoast SEO plugin v27.5 - https:\/\/yoast.com\/product\/yoast-seo-wordpress\/ -->\n<title>Ramiz Mehdiyevin o\u011fluna m\u0259xsus \u015firk\u0259t son 6 ild\u0259 nazirlikd\u0259n 30 milyonluq tender qazan\u0131b - MEYDAN.TV<\/title>\n<meta name=\"robots\" content=\"index, follow, max-snippet:-1, max-image-preview:large, max-video-preview:-1\" \/>\n<link rel=\"canonical\" href=\"https:\/\/www.meydan.tv\/az\/article\/ramiz-mehdiyevin-ogluna-m%c9%99xsus-sirk%c9%99t-son-6-ild%c9%99-nazirlikd%c9%99n-30-milyonluq-tender-qazanib\/\" \/>\n<meta property=\"og:locale\" content=\"az_AZ\" \/>\n<meta property=\"og:type\" content=\"article\" \/>\n<meta property=\"og:title\" content=\"Ramiz Mehdiyevin o\u011fluna m\u0259xsus \u015firk\u0259t son 6 ild\u0259 nazirlikd\u0259n 30 milyonluq tender qazan\u0131b - MEYDAN.TV\" \/>\n<meta property=\"og:description\" content=\"D\u00f6vl\u0259t sat\u0131nalmalar\u0131n\u0131n vahid internet portal\u0131na \u0259sas\u0259n, Elm v\u0259 T\u0259hsil Nazirliyi ... Davam\u0131\" \/>\n<meta property=\"og:url\" content=\"https:\/\/www.meydan.tv\/az\/article\/ramiz-mehdiyevin-ogluna-m%c9%99xsus-sirk%c9%99t-son-6-ild%c9%99-nazirlikd%c9%99n-30-milyonluq-tender-qazanib\/\" \/>\n<meta property=\"og:site_name\" content=\"MEYDAN.TV\" \/>\n<meta property=\"article:published_time\" content=\"2025-10-16T12:08:43+00:00\" \/>\n<meta property=\"article:modified_time\" content=\"2025-10-16T12:41:07+00:00\" \/>\n<meta property=\"og:image\" content=\"https:\/\/www.meydan.tv\/wp-content\/uploads\/4564564.png\" \/>\n\t<meta property=\"og:image:width\" content=\"1920\" \/>\n\t<meta property=\"og:image:height\" content=\"938\" \/>\n\t<meta property=\"og:image:type\" content=\"image\/png\" \/>\n<meta name=\"author\" content=\"roma\" \/>\n<meta name=\"twitter:card\" content=\"summary_large_image\" \/>\n<script type=\"application\/ld+json\" class=\"yoast-schema-graph\">{\"@context\":\"https:\\\/\\\/schema.org\",\"@graph\":[{\"@type\":\"Article\",\"@id\":\"https:\\\/\\\/www.meydan.tv\\\/az\\\/article\\\/ramiz-mehdiyevin-ogluna-m%c9%99xsus-sirk%c9%99t-son-6-ild%c9%99-nazirlikd%c9%99n-30-milyonluq-tender-qazanib\\\/#article\",\"isPartOf\":{\"@id\":\"https:\\\/\\\/www.meydan.tv\\\/az\\\/article\\\/ramiz-mehdiyevin-ogluna-m%c9%99xsus-sirk%c9%99t-son-6-ild%c9%99-nazirlikd%c9%99n-30-milyonluq-tender-qazanib\\\/\"},\"author\":{\"name\":\"roma\",\"@id\":\"https:\\\/\\\/www.meydan.tv\\\/az\\\/#\\\/schema\\\/person\\\/8f23e01c4de63326c13c319fb65ee65d\"},\"headline\":\"Ramiz Mehdiyevin o\u011fluna m\u0259xsus \u015firk\u0259t son 6 ild\u0259 nazirlikd\u0259n 30 milyonluq tender qazan\u0131b\",\"datePublished\":\"2025-10-16T12:08:43+00:00\",\"dateModified\":\"2025-10-16T12:41:07+00:00\",\"mainEntityOfPage\":{\"@id\":\"https:\\\/\\\/www.meydan.tv\\\/az\\\/article\\\/ramiz-mehdiyevin-ogluna-m%c9%99xsus-sirk%c9%99t-son-6-ild%c9%99-nazirlikd%c9%99n-30-milyonluq-tender-qazanib\\\/\"},\"wordCount\":650,\"publisher\":{\"@id\":\"https:\\\/\\\/www.meydan.tv\\\/az\\\/#organization\"},\"image\":{\"@id\":\"https:\\\/\\\/www.meydan.tv\\\/az\\\/article\\\/ramiz-mehdiyevin-ogluna-m%c9%99xsus-sirk%c9%99t-son-6-ild%c9%99-nazirlikd%c9%99n-30-milyonluq-tender-qazanib\\\/#primaryimage\"},\"thumbnailUrl\":\"https:\\\/\\\/www.meydan.tv\\\/wp-content\\\/uploads\\\/4564564.png\",\"articleSection\":[\"Ara\u015fd\u0131rma\",\"Redaktor se\u00e7imi\"],\"inLanguage\":\"az\"},{\"@type\":\"WebPage\",\"@id\":\"https:\\\/\\\/www.meydan.tv\\\/az\\\/article\\\/ramiz-mehdiyevin-ogluna-m%c9%99xsus-sirk%c9%99t-son-6-ild%c9%99-nazirlikd%c9%99n-30-milyonluq-tender-qazanib\\\/\",\"url\":\"https:\\\/\\\/www.meydan.tv\\\/az\\\/article\\\/ramiz-mehdiyevin-ogluna-m%c9%99xsus-sirk%c9%99t-son-6-ild%c9%99-nazirlikd%c9%99n-30-milyonluq-tender-qazanib\\\/\",\"name\":\"Ramiz Mehdiyevin o\u011fluna m\u0259xsus \u015firk\u0259t son 6 ild\u0259 nazirlikd\u0259n 30 milyonluq tender qazan\u0131b - MEYDAN.TV\",\"isPartOf\":{\"@id\":\"https:\\\/\\\/www.meydan.tv\\\/az\\\/#website\"},\"primaryImageOfPage\":{\"@id\":\"https:\\\/\\\/www.meydan.tv\\\/az\\\/article\\\/ramiz-mehdiyevin-ogluna-m%c9%99xsus-sirk%c9%99t-son-6-ild%c9%99-nazirlikd%c9%99n-30-milyonluq-tender-qazanib\\\/#primaryimage\"},\"image\":{\"@id\":\"https:\\\/\\\/www.meydan.tv\\\/az\\\/article\\\/ramiz-mehdiyevin-ogluna-m%c9%99xsus-sirk%c9%99t-son-6-ild%c9%99-nazirlikd%c9%99n-30-milyonluq-tender-qazanib\\\/#primaryimage\"},\"thumbnailUrl\":\"https:\\\/\\\/www.meydan.tv\\\/wp-content\\\/uploads\\\/4564564.png\",\"datePublished\":\"2025-10-16T12:08:43+00:00\",\"dateModified\":\"2025-10-16T12:41:07+00:00\",\"breadcrumb\":{\"@id\":\"https:\\\/\\\/www.meydan.tv\\\/az\\\/article\\\/ramiz-mehdiyevin-ogluna-m%c9%99xsus-sirk%c9%99t-son-6-ild%c9%99-nazirlikd%c9%99n-30-milyonluq-tender-qazanib\\\/#breadcrumb\"},\"inLanguage\":\"az\",\"potentialAction\":[{\"@type\":\"ReadAction\",\"target\":[\"https:\\\/\\\/www.meydan.tv\\\/az\\\/article\\\/ramiz-mehdiyevin-ogluna-m%c9%99xsus-sirk%c9%99t-son-6-ild%c9%99-nazirlikd%c9%99n-30-milyonluq-tender-qazanib\\\/\"]}]},{\"@type\":\"ImageObject\",\"inLanguage\":\"az\",\"@id\":\"https:\\\/\\\/www.meydan.tv\\\/az\\\/article\\\/ramiz-mehdiyevin-ogluna-m%c9%99xsus-sirk%c9%99t-son-6-ild%c9%99-nazirlikd%c9%99n-30-milyonluq-tender-qazanib\\\/#primaryimage\",\"url\":\"https:\\\/\\\/www.meydan.tv\\\/wp-content\\\/uploads\\\/4564564.png\",\"contentUrl\":\"https:\\\/\\\/www.meydan.tv\\\/wp-content\\\/uploads\\\/4564564.png\",\"width\":1920,\"height\":938,\"caption\":\"Ramiz Mehdiyev v\u0259 o\u011flu teymur Mehdiyev - Kollaj: Meydan TV\"},{\"@type\":\"BreadcrumbList\",\"@id\":\"https:\\\/\\\/www.meydan.tv\\\/az\\\/article\\\/ramiz-mehdiyevin-ogluna-m%c9%99xsus-sirk%c9%99t-son-6-ild%c9%99-nazirlikd%c9%99n-30-milyonluq-tender-qazanib\\\/#breadcrumb\",\"itemListElement\":[{\"@type\":\"ListItem\",\"position\":1,\"name\":\"Ana s\u0259hif\u0259\",\"item\":\"https:\\\/\\\/www.meydan.tv\\\/az\\\/\"},{\"@type\":\"ListItem\",\"position\":2,\"name\":\"Ara\u015fd\u0131rma\",\"item\":\"https:\\\/\\\/www.meydan.tv\\\/az\\\/section\\\/arasdirma\\\/\"},{\"@type\":\"ListItem\",\"position\":3,\"name\":\"Ramiz Mehdiyevin o\u011fluna m\u0259xsus \u015firk\u0259t son 6 ild\u0259 nazirlikd\u0259n 30 milyonluq tender qazan\u0131b\"}]},{\"@type\":\"WebSite\",\"@id\":\"https:\\\/\\\/www.meydan.tv\\\/az\\\/#website\",\"url\":\"https:\\\/\\\/www.meydan.tv\\\/az\\\/\",\"name\":\"MEYDAN.TV\",\"description\":\"Meydan TV Az\u0259rbaycan\u0131n media m\u0259kan\u0131ndak\u0131 alternativ s\u0259sidir\",\"publisher\":{\"@id\":\"https:\\\/\\\/www.meydan.tv\\\/az\\\/#organization\"},\"potentialAction\":[{\"@type\":\"SearchAction\",\"target\":{\"@type\":\"EntryPoint\",\"urlTemplate\":\"https:\\\/\\\/www.meydan.tv\\\/az\\\/?s={search_term_string}\"},\"query-input\":{\"@type\":\"PropertyValueSpecification\",\"valueRequired\":true,\"valueName\":\"search_term_string\"}}],\"inLanguage\":\"az\"},{\"@type\":\"Organization\",\"@id\":\"https:\\\/\\\/www.meydan.tv\\\/az\\\/#organization\",\"name\":\"Meydan TV\",\"url\":\"https:\\\/\\\/www.meydan.tv\\\/az\\\/\",\"logo\":{\"@type\":\"ImageObject\",\"inLanguage\":\"az\",\"@id\":\"https:\\\/\\\/www.meydan.tv\\\/az\\\/#\\\/schema\\\/logo\\\/image\\\/\",\"url\":\"https:\\\/\\\/www.meydan.tv\\\/wp-content\\\/uploads\\\/2021\\\/07\\\/meydan-logo.svg\",\"contentUrl\":\"https:\\\/\\\/www.meydan.tv\\\/wp-content\\\/uploads\\\/2021\\\/07\\\/meydan-logo.svg\",\"width\":195,\"height\":46,\"caption\":\"Meydan TV\"},\"image\":{\"@id\":\"https:\\\/\\\/www.meydan.tv\\\/az\\\/#\\\/schema\\\/logo\\\/image\\\/\"}},{\"@type\":\"Person\",\"@id\":\"https:\\\/\\\/www.meydan.tv\\\/az\\\/#\\\/schema\\\/person\\\/8f23e01c4de63326c13c319fb65ee65d\",\"name\":\"roma\"}]}<\/script>\n<!-- \/ Yoast SEO plugin. -->","yoast_head_json":{"title":"Ramiz Mehdiyevin o\u011fluna m\u0259xsus \u015firk\u0259t son 6 ild\u0259 nazirlikd\u0259n 30 milyonluq tender qazan\u0131b - MEYDAN.TV","robots":{"index":"index","follow":"follow","max-snippet":"max-snippet:-1","max-image-preview":"max-image-preview:large","max-video-preview":"max-video-preview:-1"},"canonical":"https:\/\/www.meydan.tv\/az\/article\/ramiz-mehdiyevin-ogluna-m%c9%99xsus-sirk%c9%99t-son-6-ild%c9%99-nazirlikd%c9%99n-30-milyonluq-tender-qazanib\/","og_locale":"az_AZ","og_type":"article","og_title":"Ramiz Mehdiyevin o\u011fluna m\u0259xsus \u015firk\u0259t son 6 ild\u0259 nazirlikd\u0259n 30 milyonluq tender qazan\u0131b - MEYDAN.TV","og_description":"D\u00f6vl\u0259t sat\u0131nalmalar\u0131n\u0131n vahid internet portal\u0131na \u0259sas\u0259n, Elm v\u0259 T\u0259hsil Nazirliyi ... Davam\u0131","og_url":"https:\/\/www.meydan.tv\/az\/article\/ramiz-mehdiyevin-ogluna-m%c9%99xsus-sirk%c9%99t-son-6-ild%c9%99-nazirlikd%c9%99n-30-milyonluq-tender-qazanib\/","og_site_name":"MEYDAN.TV","article_published_time":"2025-10-16T12:08:43+00:00","article_modified_time":"2025-10-16T12:41:07+00:00","og_image":[{"width":1920,"height":938,"url":"https:\/\/www.meydan.tv\/wp-content\/uploads\/4564564.png","type":"image\/png"}],"author":"roma","twitter_card":"summary_large_image","schema":{"@context":"https:\/\/schema.org","@graph":[{"@type":"Article","@id":"https:\/\/www.meydan.tv\/az\/article\/ramiz-mehdiyevin-ogluna-m%c9%99xsus-sirk%c9%99t-son-6-ild%c9%99-nazirlikd%c9%99n-30-milyonluq-tender-qazanib\/#article","isPartOf":{"@id":"https:\/\/www.meydan.tv\/az\/article\/ramiz-mehdiyevin-ogluna-m%c9%99xsus-sirk%c9%99t-son-6-ild%c9%99-nazirlikd%c9%99n-30-milyonluq-tender-qazanib\/"},"author":{"name":"roma","@id":"https:\/\/www.meydan.tv\/az\/#\/schema\/person\/8f23e01c4de63326c13c319fb65ee65d"},"headline":"Ramiz Mehdiyevin o\u011fluna m\u0259xsus \u015firk\u0259t son 6 ild\u0259 nazirlikd\u0259n 30 milyonluq tender qazan\u0131b","datePublished":"2025-10-16T12:08:43+00:00","dateModified":"2025-10-16T12:41:07+00:00","mainEntityOfPage":{"@id":"https:\/\/www.meydan.tv\/az\/article\/ramiz-mehdiyevin-ogluna-m%c9%99xsus-sirk%c9%99t-son-6-ild%c9%99-nazirlikd%c9%99n-30-milyonluq-tender-qazanib\/"},"wordCount":650,"publisher":{"@id":"https:\/\/www.meydan.tv\/az\/#organization"},"image":{"@id":"https:\/\/www.meydan.tv\/az\/article\/ramiz-mehdiyevin-ogluna-m%c9%99xsus-sirk%c9%99t-son-6-ild%c9%99-nazirlikd%c9%99n-30-milyonluq-tender-qazanib\/#primaryimage"},"thumbnailUrl":"https:\/\/www.meydan.tv\/wp-content\/uploads\/4564564.png","articleSection":["Ara\u015fd\u0131rma","Redaktor se\u00e7imi"],"inLanguage":"az"},{"@type":"WebPage","@id":"https:\/\/www.meydan.tv\/az\/article\/ramiz-mehdiyevin-ogluna-m%c9%99xsus-sirk%c9%99t-son-6-ild%c9%99-nazirlikd%c9%99n-30-milyonluq-tender-qazanib\/","url":"https:\/\/www.meydan.tv\/az\/article\/ramiz-mehdiyevin-ogluna-m%c9%99xsus-sirk%c9%99t-son-6-ild%c9%99-nazirlikd%c9%99n-30-milyonluq-tender-qazanib\/","name":"Ramiz Mehdiyevin o\u011fluna m\u0259xsus \u015firk\u0259t son 6 ild\u0259 nazirlikd\u0259n 30 milyonluq tender qazan\u0131b - MEYDAN.TV","isPartOf":{"@id":"https:\/\/www.meydan.tv\/az\/#website"},"primaryImageOfPage":{"@id":"https:\/\/www.meydan.tv\/az\/article\/ramiz-mehdiyevin-ogluna-m%c9%99xsus-sirk%c9%99t-son-6-ild%c9%99-nazirlikd%c9%99n-30-milyonluq-tender-qazanib\/#primaryimage"},"image":{"@id":"https:\/\/www.meydan.tv\/az\/article\/ramiz-mehdiyevin-ogluna-m%c9%99xsus-sirk%c9%99t-son-6-ild%c9%99-nazirlikd%c9%99n-30-milyonluq-tender-qazanib\/#primaryimage"},"thumbnailUrl":"https:\/\/www.meydan.tv\/wp-content\/uploads\/4564564.png","datePublished":"2025-10-16T12:08:43+00:00","dateModified":"2025-10-16T12:41:07+00:00","breadcrumb":{"@id":"https:\/\/www.meydan.tv\/az\/article\/ramiz-mehdiyevin-ogluna-m%c9%99xsus-sirk%c9%99t-son-6-ild%c9%99-nazirlikd%c9%99n-30-milyonluq-tender-qazanib\/#breadcrumb"},"inLanguage":"az","potentialAction":[{"@type":"ReadAction","target":["https:\/\/www.meydan.tv\/az\/article\/ramiz-mehdiyevin-ogluna-m%c9%99xsus-sirk%c9%99t-son-6-ild%c9%99-nazirlikd%c9%99n-30-milyonluq-tender-qazanib\/"]}]},{"@type":"ImageObject","inLanguage":"az","@id":"https:\/\/www.meydan.tv\/az\/article\/ramiz-mehdiyevin-ogluna-m%c9%99xsus-sirk%c9%99t-son-6-ild%c9%99-nazirlikd%c9%99n-30-milyonluq-tender-qazanib\/#primaryimage","url":"https:\/\/www.meydan.tv\/wp-content\/uploads\/4564564.png","contentUrl":"https:\/\/www.meydan.tv\/wp-content\/uploads\/4564564.png","width":1920,"height":938,"caption":"Ramiz Mehdiyev v\u0259 o\u011flu teymur Mehdiyev - Kollaj: Meydan TV"},{"@type":"BreadcrumbList","@id":"https:\/\/www.meydan.tv\/az\/article\/ramiz-mehdiyevin-ogluna-m%c9%99xsus-sirk%c9%99t-son-6-ild%c9%99-nazirlikd%c9%99n-30-milyonluq-tender-qazanib\/#breadcrumb","itemListElement":[{"@type":"ListItem","position":1,"name":"Ana s\u0259hif\u0259","item":"https:\/\/www.meydan.tv\/az\/"},{"@type":"ListItem","position":2,"name":"Ara\u015fd\u0131rma","item":"https:\/\/www.meydan.tv\/az\/section\/arasdirma\/"},{"@type":"ListItem","position":3,"name":"Ramiz Mehdiyevin o\u011fluna m\u0259xsus \u015firk\u0259t son 6 ild\u0259 nazirlikd\u0259n 30 milyonluq tender qazan\u0131b"}]},{"@type":"WebSite","@id":"https:\/\/www.meydan.tv\/az\/#website","url":"https:\/\/www.meydan.tv\/az\/","name":"MEYDAN.TV","description":"Meydan TV Az\u0259rbaycan\u0131n media m\u0259kan\u0131ndak\u0131 alternativ s\u0259sidir","publisher":{"@id":"https:\/\/www.meydan.tv\/az\/#organization"},"potentialAction":[{"@type":"SearchAction","target":{"@type":"EntryPoint","urlTemplate":"https:\/\/www.meydan.tv\/az\/?s={search_term_string}"},"query-input":{"@type":"PropertyValueSpecification","valueRequired":true,"valueName":"search_term_string"}}],"inLanguage":"az"},{"@type":"Organization","@id":"https:\/\/www.meydan.tv\/az\/#organization","name":"Meydan TV","url":"https:\/\/www.meydan.tv\/az\/","logo":{"@type":"ImageObject","inLanguage":"az","@id":"https:\/\/www.meydan.tv\/az\/#\/schema\/logo\/image\/","url":"https:\/\/www.meydan.tv\/wp-content\/uploads\/2021\/07\/meydan-logo.svg","contentUrl":"https:\/\/www.meydan.tv\/wp-content\/uploads\/2021\/07\/meydan-logo.svg","width":195,"height":46,"caption":"Meydan TV"},"image":{"@id":"https:\/\/www.meydan.tv\/az\/#\/schema\/logo\/image\/"}},{"@type":"Person","@id":"https:\/\/www.meydan.tv\/az\/#\/schema\/person\/8f23e01c4de63326c13c319fb65ee65d","name":"roma"}]}},"_links":{"self":[{"href":"https:\/\/www.meydan.tv\/az\/wp-json\/wp\/v2\/posts\/336424","targetHints":{"allow":["GET"]}}],"collection":[{"href":"https:\/\/www.meydan.tv\/az\/wp-json\/wp\/v2\/posts"}],"about":[{"href":"https:\/\/www.meydan.tv\/az\/wp-json\/wp\/v2\/types\/post"}],"author":[{"embeddable":true,"href":"https:\/\/www.meydan.tv\/az\/wp-json\/wp\/v2\/users\/14"}],"replies":[{"embeddable":true,"href":"https:\/\/www.meydan.tv\/az\/wp-json\/wp\/v2\/comments?post=336424"}],"version-history":[{"count":5,"href":"https:\/\/www.meydan.tv\/az\/wp-json\/wp\/v2\/posts\/336424\/revisions"}],"predecessor-version":[{"id":336432,"href":"https:\/\/www.meydan.tv\/az\/wp-json\/wp\/v2\/posts\/336424\/revisions\/336432"}],"wp:featuredmedia":[{"embeddable":true,"href":"https:\/\/www.meydan.tv\/az\/wp-json\/wp\/v2\/media\/336427"}],"wp:attachment":[{"href":"https:\/\/www.meydan.tv\/az\/wp-json\/wp\/v2\/media?parent=336424"}],"wp:term":[{"taxonomy":"category","embeddable":true,"href":"https:\/\/www.meydan.tv\/az\/wp-json\/wp\/v2\/categories?post=336424"},{"taxonomy":"post_tag","embeddable":true,"href":"https:\/\/www.meydan.tv\/az\/wp-json\/wp\/v2\/tags?post=336424"}],"curies":[{"name":"wp","href":"https:\/\/api.w.org\/{rel}","templated":true}]}}