{"id":336352,"date":"2025-10-15T14:35:57","date_gmt":"2025-10-15T10:35:57","guid":{"rendered":"https:\/\/www.meydan.tv\/?p=336352"},"modified":"2025-10-15T14:36:01","modified_gmt":"2025-10-15T10:36:01","slug":"tebib-deputat-cavansir-feyziyevin-oglu-il%c9%99-392-min-manatliq-muqavil%c9%99-imzalayib","status":"publish","type":"post","link":"https:\/\/www.meydan.tv\/az\/article\/tebib-deputat-cavansir-feyziyevin-oglu-il%c9%99-392-min-manatliq-muqavil%c9%99-imzalayib\/","title":{"rendered":"T\u018fB\u0130B deputat Cavan\u015fir Feyziyevin o\u011flu il\u0259 392 min manatl\u0131q m\u00fcqavil\u0259 imzalay\u0131b"},"content":{"rendered":"\n<p>T\u018fB\u0130B-in tabeliyind\u0259 olan \u201c\u0130nnovasiya v\u0259 T\u0259chizat M\u0259rk\u0259zi\u201d tender m\u00fcsabiq\u0259si ke\u00e7irib. M\u0259rk\u0259z Buzovna q\u0259s\u0259b\u0259sind\u0259 \u00fcmumi sah\u0259si 12 552,30 kvadratmetr olan ofis v\u0259 anbar kompleksini icar\u0259y\u0259 g\u00f6t\u00fcr\u00fcb.<\/p>\n\n\n\n<p>M\u00fcqavil\u0259nin d\u0259y\u0259ri 392 min manatd\u0131r. M\u0259lumat\u0131 D\u00f6vl\u0259t sat\u0131nalmalar\u0131n\u0131n vahid internet portal\u0131 yay\u0131b. M\u00fcqavil\u0259 tender m\u00fcsabiq\u0259si ke\u00e7irilm\u0259d\u0259n, bir m\u0259nb\u0259d\u0259n sat\u0131nalma metodu \u0259sas\u0131nda ba\u011flan\u0131l\u0131b.<\/p>\n\n\n\n<figure class=\"wp-block-image size-large\"><img decoding=\"async\" width=\"1200\" height=\"651\" data-src=\"https:\/\/www.meydan.tv\/wp-content\/uploads\/screenshot-2025-10-15-at-12.32.14-1200x651.png\" alt=\"\" class=\"wp-image-336353 lazyload\" src=\"data:image\/svg+xml;base64,PHN2ZyB3aWR0aD0iMSIgaGVpZ2h0PSIxIiB4bWxucz0iaHR0cDovL3d3dy53My5vcmcvMjAwMC9zdmciPjwvc3ZnPg==\" style=\"--smush-placeholder-width: 1200px; --smush-placeholder-aspect-ratio: 1200\/651;\" \/><\/figure>\n\n\n\n<p>Qeyd olunub ki, tender m\u00fcsabiq\u0259sinin qalibi f\u0259rdi sahibkar <strong>Cavan\u015fir Orxan Cavan\u015fir<\/strong>dir. Sahibkar \u201c\u0130nnovasiya v\u0259 T\u0259chizat M\u0259rk\u0259zi\u201dn\u0259 4 ay m\u00fcdd\u0259tin\u0259 ofis v\u0259 anbar kompleksi icar\u0259y\u0259 ver\u0259c\u0259k.<\/p>\n\n\n\n<p>Cavan\u015fir Orxan 2021-ci ild\u0259n etibar\u0259n h\u0259r il eyni m\u0259bl\u0259\u011f\u0259 (bir il \u00fc\u00e7\u00fcn 1 milyon 176 min manata) \u201c\u0130cbari Tibbi S\u0131\u011forta \u00fczr\u0259 D\u00f6vl\u0259t Agentliyi\u201dn\u0259 ofis v\u0259 anbar kompleksini <a href=\"https:\/\/www.meydan.tv\/az\/article\/iqtisadci-deputatin-oglu-milyonluq-anbari-dovlet-agentliyine-icareye-verib\/?tztc=1\" target=\"_blank\" rel=\"noreferrer noopener\">icar\u0259y\u0259 verib.<\/a><\/p>\n\n\n\n<p>1994-c\u00fc il t\u0259v\u0259ll\u00fcdl\u00fc Cavan\u015fir Orxan mill\u0259t v\u0259kili <strong>Cavan\u015fir Feyziyevin o\u011fludur<\/strong>.<\/p>\n\n\n\n<p>2015-ci ild\u0259n parlamentd\u0259 t\u0259msil olunan Cavan\u015fir Feyziyev oliqarx deputat kimi tan\u0131n\u0131r.<\/p>\n\n\n\n<p>Az\u0259rbaycan qanunvericiliyi deputatlar\u0131n biznes f\u0259aliyy\u0259ti il\u0259 m\u0259\u015f\u011ful olmas\u0131n\u0131 qada\u011fan ets\u0259 d\u0259, media zaman-zaman Cavan\u015fir Feyziyevin biznes imperiyas\u0131 haqq\u0131nda yaz\u0131lar d\u0259rc edib.<\/p>\n\n\n\n<p>\u00d6lk\u0259nin tibb sektorunda apar\u0131c\u0131 \u015firk\u0259tl\u0259rd\u0259n biri hesab edil\u0259n &#8220;Avromed Company&#8221; QSC-nin Cavan\u015fir Feyziyev\u0259 m\u0259xsus olmas\u0131 bar\u0259d\u0259 media d\u0259f\u0259l\u0259rl\u0259 yaz\u0131b.<\/p>\n\n\n\n<p>Bu iddialara cavab olaraq \u015firk\u0259tin yayd\u0131\u011f\u0131 a\u00e7\u0131qlamada Cavan\u015fir Feyziyevin 2010-cu il\u0259 q\u0259d\u0259r &#8220;Avromed Company&#8221; QSC-nin direktoru v\u0259zif\u0259sind\u0259 \u00e7al\u0131\u015fd\u0131\u011f\u0131 bildirilir.&nbsp;<\/p>\n\n\n\n<p>\u0130ngilt\u0259r\u0259d\u0259 Cavan\u015fir Feyziyevin ail\u0259sin\u0259 m\u0259xsus 5.6 milyon funt-sterlinqin m\u00fcsadir\u0259 olunmas\u0131 il\u0259 ba\u011fl\u0131 materiallarda is\u0259 onun 2013-c\u00fc ild\u0259 viza m\u00fcraci\u0259ti zaman\u0131 \u00f6z\u00fcn\u00fc &#8220;Avromed Company&#8221; QSC-nin icra\u00e7\u0131 direktoru kimi t\u0259qdim etdiyi bildirilir.<\/p>\n\n\n\n<p>Bundan sonra \u015firk\u0259tin yayd\u0131\u011f\u0131 a\u00e7\u0131qlamada bildirilib ki, deputat 2016-c\u0131 ild\u0259 s\u0259hml\u0259rini sat\u0131b.<\/p>\n\n\n\n<p>Deputat\u0131n o\u011flu Orxan Cavan\u015fir\u0259 g\u0259linc\u0259, onun ad\u0131 &#8220;\u00e7irkli pullar&#8221;\u0131n yuyulmas\u0131nda hallan\u0131b. 2021-ci ild\u0259 B\u00f6y\u00fck Britaniyan\u0131n Cinay\u0259tkarl\u0131qla M\u00fcbariz\u0259 Agentliyi Feyziyevl\u0259rin bank hesablar\u0131na yat\u0131r\u0131lan 15 milyon funt sterlinqin &#8220;\u00e7irkli pul&#8221; oldu\u011funu <a href=\"https:\/\/www.meydan.tv\/az\/article\/boyuk-britaniya-azerbaycanli-deputat-cavansir-feyziyevin-39-milyon-funt-sterlinqlik-emlakini-dondurmaga-qerar-verib\/\" target=\"_blank\" rel=\"noreferrer noopener\">a\u00e7\u0131qlay\u0131b<\/a>.<\/p>\n\n\n\n<p>&#8220;D\u00f6vl\u0259t sat\u0131nalmalar\u0131 haqq\u0131nda&#8221; Qanunun 44-c\u00fc madd\u0259sind\u0259 qeyd olunur ki, ehtimal olunan qiym\u0259t 100 min manat v\u0259 ondan \u00e7ox olduqda, sat\u0131nalmalar a\u00e7\u0131q tender v\u0259 ya ikim\u0259rh\u0259l\u0259li tender metodlar\u0131 t\u0259tbiq edilm\u0259kl\u0259 ke\u00e7irilir. Ehtimal olunan qiym\u0259t 100 min manatdan az olduqda, sat\u0131nalmalar kotirovka sor\u011fusu metodu t\u0259tbiq edilm\u0259kl\u0259 ke\u00e7iril\u0259 bil\u0259r. Bizim ara\u015fd\u0131rmada b\u0259hsi ke\u00e7\u0259n qalib \u015firk\u0259tl\u0259 is\u0259 bird\u0259f\u0259y\u0259, detallar\u0131 m\u0259lum olmayan sat\u0131nalma metodu il\u0259 392 min manat m\u0259bl\u0259\u011find\u0259 m\u00fcqavil\u0259 imzalan\u0131b.<\/p>\n","protected":false},"excerpt":{"rendered":"<p>T\u018fB\u0130B-in tabeliyind\u0259 olan \u201c\u0130nnovasiya v\u0259 T\u0259chizat M\u0259rk\u0259zi\u201d tender m\u00fcsabiq\u0259si ke\u00e7irib. &#8230; <\/p>\n<p class=\"read-more-container\"><a title=\"T\u018fB\u0130B deputat Cavan\u015fir Feyziyevin o\u011flu il\u0259 392 min manatl\u0131q m\u00fcqavil\u0259 imzalay\u0131b\" class=\"read-more button\" href=\"https:\/\/www.meydan.tv\/az\/article\/tebib-deputat-cavansir-feyziyevin-oglu-il%c9%99-392-min-manatliq-muqavil%c9%99-imzalayib\/#more-336352\" aria-label=\"Read more about T\u018fB\u0130B deputat Cavan\u015fir Feyziyevin o\u011flu il\u0259 392 min manatl\u0131q m\u00fcqavil\u0259 imzalay\u0131b\">Davam\u0131<\/a><\/p>\n","protected":false},"author":14,"featured_media":336356,"comment_status":"closed","ping_status":"closed","sticky":false,"template":"","format":"standard","meta":{"_acf_changed":false,"_sitemap_exclude":false,"_sitemap_priority":"","_sitemap_frequency":"","footnotes":""},"categories":[55,88,56],"tags":[],"class_list":["post-336352","post","type-post","status-publish","format-standard","has-post-thumbnail","hentry","category-arasdirma","category-redaktor-secimi","category-xeberler","infinite-scroll-item","generate-columns","tablet-grid-50","mobile-grid-100","grid-parent","grid-33","no-featured-image-padding"],"acf":[],"yoast_head":"<!-- This site is optimized with the Yoast SEO plugin v27.5 - https:\/\/yoast.com\/product\/yoast-seo-wordpress\/ -->\n<title>T\u018fB\u0130B deputat Cavan\u015fir Feyziyevin o\u011flu il\u0259 392 min manatl\u0131q m\u00fcqavil\u0259 imzalay\u0131b - MEYDAN.TV<\/title>\n<meta name=\"robots\" content=\"index, follow, max-snippet:-1, max-image-preview:large, max-video-preview:-1\" \/>\n<link rel=\"canonical\" href=\"https:\/\/www.meydan.tv\/az\/article\/tebib-deputat-cavansir-feyziyevin-oglu-il%c9%99-392-min-manatliq-muqavil%c9%99-imzalayib\/\" \/>\n<meta property=\"og:locale\" content=\"az_AZ\" \/>\n<meta property=\"og:type\" content=\"article\" \/>\n<meta property=\"og:title\" content=\"T\u018fB\u0130B deputat Cavan\u015fir Feyziyevin o\u011flu il\u0259 392 min manatl\u0131q m\u00fcqavil\u0259 imzalay\u0131b - MEYDAN.TV\" \/>\n<meta property=\"og:description\" content=\"T\u018fB\u0130B-in tabeliyind\u0259 olan \u201c\u0130nnovasiya v\u0259 T\u0259chizat M\u0259rk\u0259zi\u201d tender m\u00fcsabiq\u0259si ke\u00e7irib. ... Davam\u0131\" \/>\n<meta property=\"og:url\" content=\"https:\/\/www.meydan.tv\/az\/article\/tebib-deputat-cavansir-feyziyevin-oglu-il%c9%99-392-min-manatliq-muqavil%c9%99-imzalayib\/\" \/>\n<meta property=\"og:site_name\" content=\"MEYDAN.TV\" \/>\n<meta property=\"article:published_time\" content=\"2025-10-15T10:35:57+00:00\" \/>\n<meta property=\"article:modified_time\" content=\"2025-10-15T10:36:01+00:00\" \/>\n<meta property=\"og:image\" content=\"https:\/\/www.meydan.tv\/wp-content\/uploads\/photo_2025-10-15-12.34.16.jpeg\" \/>\n\t<meta property=\"og:image:width\" content=\"1280\" \/>\n\t<meta property=\"og:image:height\" content=\"667\" \/>\n\t<meta property=\"og:image:type\" content=\"image\/jpeg\" \/>\n<meta name=\"author\" content=\"roma\" \/>\n<meta name=\"twitter:card\" content=\"summary_large_image\" \/>\n<script type=\"application\/ld+json\" class=\"yoast-schema-graph\">{\"@context\":\"https:\\\/\\\/schema.org\",\"@graph\":[{\"@type\":\"Article\",\"@id\":\"https:\\\/\\\/www.meydan.tv\\\/az\\\/article\\\/tebib-deputat-cavansir-feyziyevin-oglu-il%c9%99-392-min-manatliq-muqavil%c9%99-imzalayib\\\/#article\",\"isPartOf\":{\"@id\":\"https:\\\/\\\/www.meydan.tv\\\/az\\\/article\\\/tebib-deputat-cavansir-feyziyevin-oglu-il%c9%99-392-min-manatliq-muqavil%c9%99-imzalayib\\\/\"},\"author\":{\"name\":\"roma\",\"@id\":\"https:\\\/\\\/www.meydan.tv\\\/az\\\/#\\\/schema\\\/person\\\/8f23e01c4de63326c13c319fb65ee65d\"},\"headline\":\"T\u018fB\u0130B deputat Cavan\u015fir Feyziyevin o\u011flu il\u0259 392 min manatl\u0131q m\u00fcqavil\u0259 imzalay\u0131b\",\"datePublished\":\"2025-10-15T10:35:57+00:00\",\"dateModified\":\"2025-10-15T10:36:01+00:00\",\"mainEntityOfPage\":{\"@id\":\"https:\\\/\\\/www.meydan.tv\\\/az\\\/article\\\/tebib-deputat-cavansir-feyziyevin-oglu-il%c9%99-392-min-manatliq-muqavil%c9%99-imzalayib\\\/\"},\"wordCount\":509,\"publisher\":{\"@id\":\"https:\\\/\\\/www.meydan.tv\\\/az\\\/#organization\"},\"image\":{\"@id\":\"https:\\\/\\\/www.meydan.tv\\\/az\\\/article\\\/tebib-deputat-cavansir-feyziyevin-oglu-il%c9%99-392-min-manatliq-muqavil%c9%99-imzalayib\\\/#primaryimage\"},\"thumbnailUrl\":\"https:\\\/\\\/www.meydan.tv\\\/wp-content\\\/uploads\\\/photo_2025-10-15-12.34.16.jpeg\",\"articleSection\":[\"Ara\u015fd\u0131rma\",\"Redaktor se\u00e7imi\",\"X\u0259b\u0259rl\u0259r\"],\"inLanguage\":\"az\"},{\"@type\":\"WebPage\",\"@id\":\"https:\\\/\\\/www.meydan.tv\\\/az\\\/article\\\/tebib-deputat-cavansir-feyziyevin-oglu-il%c9%99-392-min-manatliq-muqavil%c9%99-imzalayib\\\/\",\"url\":\"https:\\\/\\\/www.meydan.tv\\\/az\\\/article\\\/tebib-deputat-cavansir-feyziyevin-oglu-il%c9%99-392-min-manatliq-muqavil%c9%99-imzalayib\\\/\",\"name\":\"T\u018fB\u0130B deputat Cavan\u015fir Feyziyevin o\u011flu il\u0259 392 min manatl\u0131q m\u00fcqavil\u0259 imzalay\u0131b - MEYDAN.TV\",\"isPartOf\":{\"@id\":\"https:\\\/\\\/www.meydan.tv\\\/az\\\/#website\"},\"primaryImageOfPage\":{\"@id\":\"https:\\\/\\\/www.meydan.tv\\\/az\\\/article\\\/tebib-deputat-cavansir-feyziyevin-oglu-il%c9%99-392-min-manatliq-muqavil%c9%99-imzalayib\\\/#primaryimage\"},\"image\":{\"@id\":\"https:\\\/\\\/www.meydan.tv\\\/az\\\/article\\\/tebib-deputat-cavansir-feyziyevin-oglu-il%c9%99-392-min-manatliq-muqavil%c9%99-imzalayib\\\/#primaryimage\"},\"thumbnailUrl\":\"https:\\\/\\\/www.meydan.tv\\\/wp-content\\\/uploads\\\/photo_2025-10-15-12.34.16.jpeg\",\"datePublished\":\"2025-10-15T10:35:57+00:00\",\"dateModified\":\"2025-10-15T10:36:01+00:00\",\"breadcrumb\":{\"@id\":\"https:\\\/\\\/www.meydan.tv\\\/az\\\/article\\\/tebib-deputat-cavansir-feyziyevin-oglu-il%c9%99-392-min-manatliq-muqavil%c9%99-imzalayib\\\/#breadcrumb\"},\"inLanguage\":\"az\",\"potentialAction\":[{\"@type\":\"ReadAction\",\"target\":[\"https:\\\/\\\/www.meydan.tv\\\/az\\\/article\\\/tebib-deputat-cavansir-feyziyevin-oglu-il%c9%99-392-min-manatliq-muqavil%c9%99-imzalayib\\\/\"]}]},{\"@type\":\"ImageObject\",\"inLanguage\":\"az\",\"@id\":\"https:\\\/\\\/www.meydan.tv\\\/az\\\/article\\\/tebib-deputat-cavansir-feyziyevin-oglu-il%c9%99-392-min-manatliq-muqavil%c9%99-imzalayib\\\/#primaryimage\",\"url\":\"https:\\\/\\\/www.meydan.tv\\\/wp-content\\\/uploads\\\/photo_2025-10-15-12.34.16.jpeg\",\"contentUrl\":\"https:\\\/\\\/www.meydan.tv\\\/wp-content\\\/uploads\\\/photo_2025-10-15-12.34.16.jpeg\",\"width\":1280,\"height\":667,\"caption\":\"Cavan\u015fir Feyziyev v\u0259 o\u011flu Orxan Cavan\u015fir - Kollaj: Meydan TV\"},{\"@type\":\"BreadcrumbList\",\"@id\":\"https:\\\/\\\/www.meydan.tv\\\/az\\\/article\\\/tebib-deputat-cavansir-feyziyevin-oglu-il%c9%99-392-min-manatliq-muqavil%c9%99-imzalayib\\\/#breadcrumb\",\"itemListElement\":[{\"@type\":\"ListItem\",\"position\":1,\"name\":\"Ana s\u0259hif\u0259\",\"item\":\"https:\\\/\\\/www.meydan.tv\\\/az\\\/\"},{\"@type\":\"ListItem\",\"position\":2,\"name\":\"Ara\u015fd\u0131rma\",\"item\":\"https:\\\/\\\/www.meydan.tv\\\/az\\\/section\\\/arasdirma\\\/\"},{\"@type\":\"ListItem\",\"position\":3,\"name\":\"T\u018fB\u0130B deputat Cavan\u015fir Feyziyevin o\u011flu il\u0259 392 min manatl\u0131q m\u00fcqavil\u0259 imzalay\u0131b\"}]},{\"@type\":\"WebSite\",\"@id\":\"https:\\\/\\\/www.meydan.tv\\\/az\\\/#website\",\"url\":\"https:\\\/\\\/www.meydan.tv\\\/az\\\/\",\"name\":\"MEYDAN.TV\",\"description\":\"Meydan TV Az\u0259rbaycan\u0131n media m\u0259kan\u0131ndak\u0131 alternativ s\u0259sidir\",\"publisher\":{\"@id\":\"https:\\\/\\\/www.meydan.tv\\\/az\\\/#organization\"},\"potentialAction\":[{\"@type\":\"SearchAction\",\"target\":{\"@type\":\"EntryPoint\",\"urlTemplate\":\"https:\\\/\\\/www.meydan.tv\\\/az\\\/?s={search_term_string}\"},\"query-input\":{\"@type\":\"PropertyValueSpecification\",\"valueRequired\":true,\"valueName\":\"search_term_string\"}}],\"inLanguage\":\"az\"},{\"@type\":\"Organization\",\"@id\":\"https:\\\/\\\/www.meydan.tv\\\/az\\\/#organization\",\"name\":\"Meydan TV\",\"url\":\"https:\\\/\\\/www.meydan.tv\\\/az\\\/\",\"logo\":{\"@type\":\"ImageObject\",\"inLanguage\":\"az\",\"@id\":\"https:\\\/\\\/www.meydan.tv\\\/az\\\/#\\\/schema\\\/logo\\\/image\\\/\",\"url\":\"https:\\\/\\\/www.meydan.tv\\\/wp-content\\\/uploads\\\/2021\\\/07\\\/meydan-logo.svg\",\"contentUrl\":\"https:\\\/\\\/www.meydan.tv\\\/wp-content\\\/uploads\\\/2021\\\/07\\\/meydan-logo.svg\",\"width\":195,\"height\":46,\"caption\":\"Meydan TV\"},\"image\":{\"@id\":\"https:\\\/\\\/www.meydan.tv\\\/az\\\/#\\\/schema\\\/logo\\\/image\\\/\"}},{\"@type\":\"Person\",\"@id\":\"https:\\\/\\\/www.meydan.tv\\\/az\\\/#\\\/schema\\\/person\\\/8f23e01c4de63326c13c319fb65ee65d\",\"name\":\"roma\"}]}<\/script>\n<!-- \/ Yoast SEO plugin. -->","yoast_head_json":{"title":"T\u018fB\u0130B deputat Cavan\u015fir Feyziyevin o\u011flu il\u0259 392 min manatl\u0131q m\u00fcqavil\u0259 imzalay\u0131b - MEYDAN.TV","robots":{"index":"index","follow":"follow","max-snippet":"max-snippet:-1","max-image-preview":"max-image-preview:large","max-video-preview":"max-video-preview:-1"},"canonical":"https:\/\/www.meydan.tv\/az\/article\/tebib-deputat-cavansir-feyziyevin-oglu-il%c9%99-392-min-manatliq-muqavil%c9%99-imzalayib\/","og_locale":"az_AZ","og_type":"article","og_title":"T\u018fB\u0130B deputat Cavan\u015fir Feyziyevin o\u011flu il\u0259 392 min manatl\u0131q m\u00fcqavil\u0259 imzalay\u0131b - MEYDAN.TV","og_description":"T\u018fB\u0130B-in tabeliyind\u0259 olan \u201c\u0130nnovasiya v\u0259 T\u0259chizat M\u0259rk\u0259zi\u201d tender m\u00fcsabiq\u0259si ke\u00e7irib. ... Davam\u0131","og_url":"https:\/\/www.meydan.tv\/az\/article\/tebib-deputat-cavansir-feyziyevin-oglu-il%c9%99-392-min-manatliq-muqavil%c9%99-imzalayib\/","og_site_name":"MEYDAN.TV","article_published_time":"2025-10-15T10:35:57+00:00","article_modified_time":"2025-10-15T10:36:01+00:00","og_image":[{"width":1280,"height":667,"url":"https:\/\/www.meydan.tv\/wp-content\/uploads\/photo_2025-10-15-12.34.16.jpeg","type":"image\/jpeg"}],"author":"roma","twitter_card":"summary_large_image","schema":{"@context":"https:\/\/schema.org","@graph":[{"@type":"Article","@id":"https:\/\/www.meydan.tv\/az\/article\/tebib-deputat-cavansir-feyziyevin-oglu-il%c9%99-392-min-manatliq-muqavil%c9%99-imzalayib\/#article","isPartOf":{"@id":"https:\/\/www.meydan.tv\/az\/article\/tebib-deputat-cavansir-feyziyevin-oglu-il%c9%99-392-min-manatliq-muqavil%c9%99-imzalayib\/"},"author":{"name":"roma","@id":"https:\/\/www.meydan.tv\/az\/#\/schema\/person\/8f23e01c4de63326c13c319fb65ee65d"},"headline":"T\u018fB\u0130B deputat Cavan\u015fir Feyziyevin o\u011flu il\u0259 392 min manatl\u0131q m\u00fcqavil\u0259 imzalay\u0131b","datePublished":"2025-10-15T10:35:57+00:00","dateModified":"2025-10-15T10:36:01+00:00","mainEntityOfPage":{"@id":"https:\/\/www.meydan.tv\/az\/article\/tebib-deputat-cavansir-feyziyevin-oglu-il%c9%99-392-min-manatliq-muqavil%c9%99-imzalayib\/"},"wordCount":509,"publisher":{"@id":"https:\/\/www.meydan.tv\/az\/#organization"},"image":{"@id":"https:\/\/www.meydan.tv\/az\/article\/tebib-deputat-cavansir-feyziyevin-oglu-il%c9%99-392-min-manatliq-muqavil%c9%99-imzalayib\/#primaryimage"},"thumbnailUrl":"https:\/\/www.meydan.tv\/wp-content\/uploads\/photo_2025-10-15-12.34.16.jpeg","articleSection":["Ara\u015fd\u0131rma","Redaktor se\u00e7imi","X\u0259b\u0259rl\u0259r"],"inLanguage":"az"},{"@type":"WebPage","@id":"https:\/\/www.meydan.tv\/az\/article\/tebib-deputat-cavansir-feyziyevin-oglu-il%c9%99-392-min-manatliq-muqavil%c9%99-imzalayib\/","url":"https:\/\/www.meydan.tv\/az\/article\/tebib-deputat-cavansir-feyziyevin-oglu-il%c9%99-392-min-manatliq-muqavil%c9%99-imzalayib\/","name":"T\u018fB\u0130B deputat Cavan\u015fir Feyziyevin o\u011flu il\u0259 392 min manatl\u0131q m\u00fcqavil\u0259 imzalay\u0131b - MEYDAN.TV","isPartOf":{"@id":"https:\/\/www.meydan.tv\/az\/#website"},"primaryImageOfPage":{"@id":"https:\/\/www.meydan.tv\/az\/article\/tebib-deputat-cavansir-feyziyevin-oglu-il%c9%99-392-min-manatliq-muqavil%c9%99-imzalayib\/#primaryimage"},"image":{"@id":"https:\/\/www.meydan.tv\/az\/article\/tebib-deputat-cavansir-feyziyevin-oglu-il%c9%99-392-min-manatliq-muqavil%c9%99-imzalayib\/#primaryimage"},"thumbnailUrl":"https:\/\/www.meydan.tv\/wp-content\/uploads\/photo_2025-10-15-12.34.16.jpeg","datePublished":"2025-10-15T10:35:57+00:00","dateModified":"2025-10-15T10:36:01+00:00","breadcrumb":{"@id":"https:\/\/www.meydan.tv\/az\/article\/tebib-deputat-cavansir-feyziyevin-oglu-il%c9%99-392-min-manatliq-muqavil%c9%99-imzalayib\/#breadcrumb"},"inLanguage":"az","potentialAction":[{"@type":"ReadAction","target":["https:\/\/www.meydan.tv\/az\/article\/tebib-deputat-cavansir-feyziyevin-oglu-il%c9%99-392-min-manatliq-muqavil%c9%99-imzalayib\/"]}]},{"@type":"ImageObject","inLanguage":"az","@id":"https:\/\/www.meydan.tv\/az\/article\/tebib-deputat-cavansir-feyziyevin-oglu-il%c9%99-392-min-manatliq-muqavil%c9%99-imzalayib\/#primaryimage","url":"https:\/\/www.meydan.tv\/wp-content\/uploads\/photo_2025-10-15-12.34.16.jpeg","contentUrl":"https:\/\/www.meydan.tv\/wp-content\/uploads\/photo_2025-10-15-12.34.16.jpeg","width":1280,"height":667,"caption":"Cavan\u015fir Feyziyev v\u0259 o\u011flu Orxan Cavan\u015fir - Kollaj: Meydan TV"},{"@type":"BreadcrumbList","@id":"https:\/\/www.meydan.tv\/az\/article\/tebib-deputat-cavansir-feyziyevin-oglu-il%c9%99-392-min-manatliq-muqavil%c9%99-imzalayib\/#breadcrumb","itemListElement":[{"@type":"ListItem","position":1,"name":"Ana s\u0259hif\u0259","item":"https:\/\/www.meydan.tv\/az\/"},{"@type":"ListItem","position":2,"name":"Ara\u015fd\u0131rma","item":"https:\/\/www.meydan.tv\/az\/section\/arasdirma\/"},{"@type":"ListItem","position":3,"name":"T\u018fB\u0130B deputat Cavan\u015fir Feyziyevin o\u011flu il\u0259 392 min manatl\u0131q m\u00fcqavil\u0259 imzalay\u0131b"}]},{"@type":"WebSite","@id":"https:\/\/www.meydan.tv\/az\/#website","url":"https:\/\/www.meydan.tv\/az\/","name":"MEYDAN.TV","description":"Meydan TV Az\u0259rbaycan\u0131n media m\u0259kan\u0131ndak\u0131 alternativ s\u0259sidir","publisher":{"@id":"https:\/\/www.meydan.tv\/az\/#organization"},"potentialAction":[{"@type":"SearchAction","target":{"@type":"EntryPoint","urlTemplate":"https:\/\/www.meydan.tv\/az\/?s={search_term_string}"},"query-input":{"@type":"PropertyValueSpecification","valueRequired":true,"valueName":"search_term_string"}}],"inLanguage":"az"},{"@type":"Organization","@id":"https:\/\/www.meydan.tv\/az\/#organization","name":"Meydan TV","url":"https:\/\/www.meydan.tv\/az\/","logo":{"@type":"ImageObject","inLanguage":"az","@id":"https:\/\/www.meydan.tv\/az\/#\/schema\/logo\/image\/","url":"https:\/\/www.meydan.tv\/wp-content\/uploads\/2021\/07\/meydan-logo.svg","contentUrl":"https:\/\/www.meydan.tv\/wp-content\/uploads\/2021\/07\/meydan-logo.svg","width":195,"height":46,"caption":"Meydan TV"},"image":{"@id":"https:\/\/www.meydan.tv\/az\/#\/schema\/logo\/image\/"}},{"@type":"Person","@id":"https:\/\/www.meydan.tv\/az\/#\/schema\/person\/8f23e01c4de63326c13c319fb65ee65d","name":"roma"}]}},"_links":{"self":[{"href":"https:\/\/www.meydan.tv\/az\/wp-json\/wp\/v2\/posts\/336352","targetHints":{"allow":["GET"]}}],"collection":[{"href":"https:\/\/www.meydan.tv\/az\/wp-json\/wp\/v2\/posts"}],"about":[{"href":"https:\/\/www.meydan.tv\/az\/wp-json\/wp\/v2\/types\/post"}],"author":[{"embeddable":true,"href":"https:\/\/www.meydan.tv\/az\/wp-json\/wp\/v2\/users\/14"}],"replies":[{"embeddable":true,"href":"https:\/\/www.meydan.tv\/az\/wp-json\/wp\/v2\/comments?post=336352"}],"version-history":[{"count":1,"href":"https:\/\/www.meydan.tv\/az\/wp-json\/wp\/v2\/posts\/336352\/revisions"}],"predecessor-version":[{"id":336359,"href":"https:\/\/www.meydan.tv\/az\/wp-json\/wp\/v2\/posts\/336352\/revisions\/336359"}],"wp:featuredmedia":[{"embeddable":true,"href":"https:\/\/www.meydan.tv\/az\/wp-json\/wp\/v2\/media\/336356"}],"wp:attachment":[{"href":"https:\/\/www.meydan.tv\/az\/wp-json\/wp\/v2\/media?parent=336352"}],"wp:term":[{"taxonomy":"category","embeddable":true,"href":"https:\/\/www.meydan.tv\/az\/wp-json\/wp\/v2\/categories?post=336352"},{"taxonomy":"post_tag","embeddable":true,"href":"https:\/\/www.meydan.tv\/az\/wp-json\/wp\/v2\/tags?post=336352"}],"curies":[{"name":"wp","href":"https:\/\/api.w.org\/{rel}","templated":true}]}}