{"id":336280,"date":"2025-10-14T14:47:32","date_gmt":"2025-10-14T10:47:32","guid":{"rendered":"https:\/\/www.meydan.tv\/?p=336280"},"modified":"2025-10-14T14:47:35","modified_gmt":"2025-10-14T10:47:35","slug":"gurcustanda-yeni-repressiv-d%c9%99yisiklikl%c9%99r-aksiyada-maska-taxana-15-sutka-h%c9%99bs","status":"publish","type":"post","link":"https:\/\/www.meydan.tv\/az\/article\/gurcustanda-yeni-repressiv-d%c9%99yisiklikl%c9%99r-aksiyada-maska-taxana-15-sutka-h%c9%99bs\/","title":{"rendered":"G\u00fcrc\u00fcstanda yeni repressiv d\u0259yi\u015fiklikl\u0259r \u2014 aksiyada maska taxana 15 sutka h\u0259bs"},"content":{"rendered":"\n<p><a href=\"https:\/\/jam-news.net\/ru\/%D0%BD%D0%BE%D0%B2%D1%8B%D0%B5-%D1%80%D0%B5%D0%BF%D1%80%D0%B5%D1%81%D1%81%D0%B8%D0%B2%D0%BD%D1%8B%D0%B5-%D0%BF%D0%BE%D0%BF%D1%80%D0%B0%D0%B2%D0%BA%D0%B8-%D0%B2-%D0%B3%D1%80%D1%83%D0%B7%D0%B8%D0%B8\/\" target=\"_blank\" rel=\"noreferrer noopener nofollow\">Jamnews<\/a>-un material\u0131<\/p>\n\n\n\n<p>G\u00fcrc\u00fcstan\u0131n \u0130nzibati X\u0259talar M\u0259c\u0259ll\u0259sin\u0259 v\u0259 Cinay\u0259t M\u0259c\u0259ll\u0259sin\u0259 yeni d\u0259yi\u015fiklikl\u0259r edil\u0259c\u0259k. \u0130ndi etiraz aksiyalar\u0131nda ilk d\u0259f\u0259 a\u015fa\u011f\u0131dak\u0131 hallara g\u00f6r\u0259 v\u0259t\u0259nda\u015flar 15 sutkayad\u0259k inzibati h\u0259bsl\u0259 c\u0259zaland\u0131r\u0131la bil\u0259c\u0259kl\u0259r:<\/p>\n\n\n\n<p>\u2014 \u00fcz\u00fcn ba\u011flanmas\u0131 v\u0259 ya maska tax\u0131lmas\u0131;<br>\u2014 g\u00f6zya\u015fard\u0131c\u0131 qaz\u0131n v\u0259\/v\u0259 ya z\u0259h\u0259rli madd\u0259l\u0259rin saxlanmas\u0131;<br>\u2014 yolun ba\u011flanmas\u0131 v\u0259 ya m\u00fcv\u0259qq\u0259ti qur\u011fular\u0131n (baryerl\u0259rin, \u00e7ad\u0131rlar\u0131n v\u0259 s.) qura\u015fd\u0131r\u0131lmas\u0131.<\/p>\n\n\n\n<p>Yuxar\u0131da sadalanan h\u0259r\u0259k\u0259tl\u0259rin t\u0259\u015fkilat\u00e7\u0131s\u0131 v\u0259 ya t\u0259\u015f\u0259bb\u00fcskar\u0131 olan \u015f\u0259xsl\u0259ri 20 sutkayad\u0259k inzibati h\u0259bs g\u00f6zl\u0259yir.<\/p>\n\n\n\n<p>Bunda \u0259lav\u0259, parlament \u00e7oxlu\u011funda t\u0259msil olunan \u201cG\u00fcrc\u00fc Arzusu\u201d fraksiyas\u0131n\u0131n lideri \u0130rakli Kirtsxaliyan\u0131n s\u00f6zl\u0259rin\u0259 g\u00f6r\u0259, etiraz zaman\u0131 silah, pirotexnika v\u0259 ya ox\u015far \u0259\u015fyalar\u0131n saxlanmas\u0131na, h\u0259m\u00e7inin Daxili \u0130\u015fl\u0259r Nazirliyinin aksiyan\u0131n dayand\u0131r\u0131lmas\u0131 bar\u0259d\u0259 t\u0259l\u0259bin\u0259 tabe olmama\u011fa g\u00f6r\u0259 60 sutkayad\u0259k h\u0259bs n\u0259z\u0259rd\u0259 tutulacaq.<\/p>\n\n\n\n<p>Qanunla qada\u011fan edilmi\u015f h\u0259r\u0259k\u0259tl\u0259rin t\u0259krar t\u00f6r\u0259dilm\u0259si bir il\u0259d\u0259k cinay\u0259t m\u0259suliyy\u0259ti da\u015f\u0131yacaq.<br><br>\u018fg\u0259r bu hallar t\u0259krar olunarsa, iki il\u0259d\u0259k azadl\u0131qdan m\u0259hrumetm\u0259 c\u0259zas\u0131 t\u0259tbiq olunacaq.<\/p>\n\n\n\n<p>H\u0259m\u00e7inin Cinay\u0259t M\u0259c\u0259ll\u0259sin\u0259 yeni bir madd\u0259 \u0259lav\u0259 edil\u0259c\u0259k. Bu madd\u0259 polis \u0259m\u0259kda\u015f\u0131n\u0131 t\u0259hqir etm\u0259y\u0259 v\u0259 ya onun qanuni t\u0259l\u0259bin\u0259 tabe olmama\u011fa g\u00f6r\u0259 cinay\u0259t m\u0259suliyy\u0259ti m\u00fc\u0259yy\u0259n ed\u0259c\u0259k.<br><br>Bu halda c\u0259za bir il\u0259d\u0259k azadl\u0131qdan m\u0259hrumetm\u0259, t\u0259krar hal zaman\u0131 is\u0259 iki il\u0259d\u0259k h\u0259bs olacaq.<\/p>\n\n\n\n<p>Haz\u0131rda q\u00fcvv\u0259d\u0259 olan norma a\u015fa\u011f\u0131dak\u0131 kimidir:<\/p>\n\n\n\n<p>\u2014 polis t\u0259l\u0259bin\u0259 tabe olmamaq 2000\u20135000 lari m\u0259bl\u0259\u011find\u0259 c\u0259rim\u0259 v\u0259 ya 60 sutkayad\u0259k inzibati h\u0259bsl\u0259 c\u0259zaland\u0131r\u0131l\u0131r;<br>\u2014 polis \u0259m\u0259kda\u015f\u0131na t\u0259hqiramiz ifad\u0259l\u0259r i\u015fl\u0259tm\u0259k, s\u00f6ym\u0259k v\u0259 ya nalayiq davran\u0131\u015f g\u00f6st\u0259rm\u0259k 2000\u20135000 lari c\u0259rim\u0259 v\u0259 ya 60 sutkayad\u0259k h\u0259bsl\u0259 n\u0259tic\u0259l\u0259nir;<br>\u2014 bu iki x\u0259tan\u0131n t\u0259krar t\u00f6r\u0259dilm\u0259si hal\u0131nda is\u0259 3500\u20136000 lari c\u0259rim\u0259 v\u0259 ya 7\u201360 sutka aras\u0131 inzibati h\u0259bs t\u0259tbiq olunur.<\/p>\n\n\n\n<p>Yeni d\u0259yi\u015fiklikl\u0259r q\u00fcvv\u0259y\u0259 mindikd\u0259n sonra bu \u0259m\u0259ll\u0259r t\u0259krar t\u00f6r\u0259dildiyi halda art\u0131q cinay\u0259t hesab edil\u0259c\u0259k v\u0259 bir il\u0259d\u0259k azadl\u0131qdan m\u0259hrumetm\u0259, bir daha t\u0259krar olundu\u011fu halda is\u0259 iki il\u0259d\u0259k h\u0259bs c\u0259zas\u0131 il\u0259 n\u0259tic\u0259l\u0259n\u0259c\u0259k.<\/p>\n","protected":false},"excerpt":{"rendered":"<p>Jamnews-un material\u0131 G\u00fcrc\u00fcstan\u0131n \u0130nzibati X\u0259talar M\u0259c\u0259ll\u0259sin\u0259 v\u0259 Cinay\u0259t M\u0259c\u0259ll\u0259sin\u0259 yeni &#8230; <\/p>\n<p class=\"read-more-container\"><a title=\"G\u00fcrc\u00fcstanda yeni repressiv d\u0259yi\u015fiklikl\u0259r \u2014 aksiyada maska taxana 15 sutka h\u0259bs\" class=\"read-more button\" href=\"https:\/\/www.meydan.tv\/az\/article\/gurcustanda-yeni-repressiv-d%c9%99yisiklikl%c9%99r-aksiyada-maska-taxana-15-sutka-h%c9%99bs\/#more-336280\" aria-label=\"Read more about G\u00fcrc\u00fcstanda yeni repressiv d\u0259yi\u015fiklikl\u0259r \u2014 aksiyada maska taxana 15 sutka h\u0259bs\">Davam\u0131<\/a><\/p>\n","protected":false},"author":16,"featured_media":321813,"comment_status":"closed","ping_status":"closed","sticky":false,"template":"","format":"standard","meta":{"_acf_changed":false,"_sitemap_exclude":false,"_sitemap_priority":"","_sitemap_frequency":"","footnotes":""},"categories":[64,59,56],"tags":[],"class_list":["post-336280","post","type-post","status-publish","format-standard","has-post-thumbnail","hentry","category-dunya","category-siyaset","category-xeberler","infinite-scroll-item","generate-columns","tablet-grid-50","mobile-grid-100","grid-parent","grid-33","no-featured-image-padding"],"acf":[],"yoast_head":"<!-- This site is optimized with the Yoast SEO plugin v27.4 - https:\/\/yoast.com\/product\/yoast-seo-wordpress\/ -->\n<title>G\u00fcrc\u00fcstanda yeni repressiv d\u0259yi\u015fiklikl\u0259r \u2014 aksiyada maska taxana 15 sutka h\u0259bs - MEYDAN.TV<\/title>\n<meta name=\"robots\" content=\"index, follow, max-snippet:-1, max-image-preview:large, max-video-preview:-1\" \/>\n<link rel=\"canonical\" href=\"https:\/\/www.meydan.tv\/az\/article\/gurcustanda-yeni-repressiv-d%c9%99yisiklikl%c9%99r-aksiyada-maska-taxana-15-sutka-h%c9%99bs\/\" \/>\n<meta property=\"og:locale\" content=\"az_AZ\" \/>\n<meta property=\"og:type\" content=\"article\" \/>\n<meta property=\"og:title\" content=\"G\u00fcrc\u00fcstanda yeni repressiv d\u0259yi\u015fiklikl\u0259r \u2014 aksiyada maska taxana 15 sutka h\u0259bs - MEYDAN.TV\" \/>\n<meta property=\"og:description\" content=\"Jamnews-un material\u0131 G\u00fcrc\u00fcstan\u0131n \u0130nzibati X\u0259talar M\u0259c\u0259ll\u0259sin\u0259 v\u0259 Cinay\u0259t M\u0259c\u0259ll\u0259sin\u0259 yeni ... Davam\u0131\" \/>\n<meta property=\"og:url\" content=\"https:\/\/www.meydan.tv\/az\/article\/gurcustanda-yeni-repressiv-d%c9%99yisiklikl%c9%99r-aksiyada-maska-taxana-15-sutka-h%c9%99bs\/\" \/>\n<meta property=\"og:site_name\" content=\"MEYDAN.TV\" \/>\n<meta property=\"article:published_time\" content=\"2025-10-14T10:47:32+00:00\" \/>\n<meta property=\"article:modified_time\" content=\"2025-10-14T10:47:35+00:00\" \/>\n<meta property=\"og:image\" content=\"https:\/\/www.meydan.tv\/wp-content\/uploads\/tbilisi3.jpeg\" \/>\n\t<meta property=\"og:image:width\" content=\"1280\" \/>\n\t<meta property=\"og:image:height\" content=\"853\" \/>\n\t<meta property=\"og:image:type\" content=\"image\/jpeg\" \/>\n<meta name=\"author\" content=\"sevda\" \/>\n<meta name=\"twitter:card\" content=\"summary_large_image\" \/>\n<script type=\"application\/ld+json\" class=\"yoast-schema-graph\">{\"@context\":\"https:\\\/\\\/schema.org\",\"@graph\":[{\"@type\":\"Article\",\"@id\":\"https:\\\/\\\/www.meydan.tv\\\/az\\\/article\\\/gurcustanda-yeni-repressiv-d%c9%99yisiklikl%c9%99r-aksiyada-maska-taxana-15-sutka-h%c9%99bs\\\/#article\",\"isPartOf\":{\"@id\":\"https:\\\/\\\/www.meydan.tv\\\/az\\\/article\\\/gurcustanda-yeni-repressiv-d%c9%99yisiklikl%c9%99r-aksiyada-maska-taxana-15-sutka-h%c9%99bs\\\/\"},\"author\":{\"name\":\"sevda\",\"@id\":\"https:\\\/\\\/www.meydan.tv\\\/az\\\/#\\\/schema\\\/person\\\/49b5f2bad5b126bb8ea9320eeb3e4dc9\"},\"headline\":\"G\u00fcrc\u00fcstanda yeni repressiv d\u0259yi\u015fiklikl\u0259r \u2014 aksiyada maska taxana 15 sutka h\u0259bs\",\"datePublished\":\"2025-10-14T10:47:32+00:00\",\"dateModified\":\"2025-10-14T10:47:35+00:00\",\"mainEntityOfPage\":{\"@id\":\"https:\\\/\\\/www.meydan.tv\\\/az\\\/article\\\/gurcustanda-yeni-repressiv-d%c9%99yisiklikl%c9%99r-aksiyada-maska-taxana-15-sutka-h%c9%99bs\\\/\"},\"wordCount\":492,\"publisher\":{\"@id\":\"https:\\\/\\\/www.meydan.tv\\\/az\\\/#organization\"},\"image\":{\"@id\":\"https:\\\/\\\/www.meydan.tv\\\/az\\\/article\\\/gurcustanda-yeni-repressiv-d%c9%99yisiklikl%c9%99r-aksiyada-maska-taxana-15-sutka-h%c9%99bs\\\/#primaryimage\"},\"thumbnailUrl\":\"https:\\\/\\\/www.meydan.tv\\\/wp-content\\\/uploads\\\/tbilisi3.jpeg\",\"articleSection\":[\"D\u00fcnya\",\"Siyas\u0259t\",\"X\u0259b\u0259rl\u0259r\"],\"inLanguage\":\"az\"},{\"@type\":\"WebPage\",\"@id\":\"https:\\\/\\\/www.meydan.tv\\\/az\\\/article\\\/gurcustanda-yeni-repressiv-d%c9%99yisiklikl%c9%99r-aksiyada-maska-taxana-15-sutka-h%c9%99bs\\\/\",\"url\":\"https:\\\/\\\/www.meydan.tv\\\/az\\\/article\\\/gurcustanda-yeni-repressiv-d%c9%99yisiklikl%c9%99r-aksiyada-maska-taxana-15-sutka-h%c9%99bs\\\/\",\"name\":\"G\u00fcrc\u00fcstanda yeni repressiv d\u0259yi\u015fiklikl\u0259r \u2014 aksiyada maska taxana 15 sutka h\u0259bs - MEYDAN.TV\",\"isPartOf\":{\"@id\":\"https:\\\/\\\/www.meydan.tv\\\/az\\\/#website\"},\"primaryImageOfPage\":{\"@id\":\"https:\\\/\\\/www.meydan.tv\\\/az\\\/article\\\/gurcustanda-yeni-repressiv-d%c9%99yisiklikl%c9%99r-aksiyada-maska-taxana-15-sutka-h%c9%99bs\\\/#primaryimage\"},\"image\":{\"@id\":\"https:\\\/\\\/www.meydan.tv\\\/az\\\/article\\\/gurcustanda-yeni-repressiv-d%c9%99yisiklikl%c9%99r-aksiyada-maska-taxana-15-sutka-h%c9%99bs\\\/#primaryimage\"},\"thumbnailUrl\":\"https:\\\/\\\/www.meydan.tv\\\/wp-content\\\/uploads\\\/tbilisi3.jpeg\",\"datePublished\":\"2025-10-14T10:47:32+00:00\",\"dateModified\":\"2025-10-14T10:47:35+00:00\",\"breadcrumb\":{\"@id\":\"https:\\\/\\\/www.meydan.tv\\\/az\\\/article\\\/gurcustanda-yeni-repressiv-d%c9%99yisiklikl%c9%99r-aksiyada-maska-taxana-15-sutka-h%c9%99bs\\\/#breadcrumb\"},\"inLanguage\":\"az\",\"potentialAction\":[{\"@type\":\"ReadAction\",\"target\":[\"https:\\\/\\\/www.meydan.tv\\\/az\\\/article\\\/gurcustanda-yeni-repressiv-d%c9%99yisiklikl%c9%99r-aksiyada-maska-taxana-15-sutka-h%c9%99bs\\\/\"]}]},{\"@type\":\"ImageObject\",\"inLanguage\":\"az\",\"@id\":\"https:\\\/\\\/www.meydan.tv\\\/az\\\/article\\\/gurcustanda-yeni-repressiv-d%c9%99yisiklikl%c9%99r-aksiyada-maska-taxana-15-sutka-h%c9%99bs\\\/#primaryimage\",\"url\":\"https:\\\/\\\/www.meydan.tv\\\/wp-content\\\/uploads\\\/tbilisi3.jpeg\",\"contentUrl\":\"https:\\\/\\\/www.meydan.tv\\\/wp-content\\\/uploads\\\/tbilisi3.jpeg\",\"width\":1280,\"height\":853,\"caption\":\"G\u00fcrc\u00fcstanda etiraz aksiyalar\u0131. Foto: Meydan TV\"},{\"@type\":\"BreadcrumbList\",\"@id\":\"https:\\\/\\\/www.meydan.tv\\\/az\\\/article\\\/gurcustanda-yeni-repressiv-d%c9%99yisiklikl%c9%99r-aksiyada-maska-taxana-15-sutka-h%c9%99bs\\\/#breadcrumb\",\"itemListElement\":[{\"@type\":\"ListItem\",\"position\":1,\"name\":\"Ana s\u0259hif\u0259\",\"item\":\"https:\\\/\\\/www.meydan.tv\\\/az\\\/\"},{\"@type\":\"ListItem\",\"position\":2,\"name\":\"X\u0259b\u0259rl\u0259r\",\"item\":\"https:\\\/\\\/www.meydan.tv\\\/az\\\/section\\\/xeberler\\\/\"},{\"@type\":\"ListItem\",\"position\":3,\"name\":\"G\u00fcrc\u00fcstanda yeni repressiv d\u0259yi\u015fiklikl\u0259r \u2014 aksiyada maska taxana 15 sutka h\u0259bs\"}]},{\"@type\":\"WebSite\",\"@id\":\"https:\\\/\\\/www.meydan.tv\\\/az\\\/#website\",\"url\":\"https:\\\/\\\/www.meydan.tv\\\/az\\\/\",\"name\":\"MEYDAN.TV\",\"description\":\"Meydan TV Az\u0259rbaycan\u0131n media m\u0259kan\u0131ndak\u0131 alternativ s\u0259sidir\",\"publisher\":{\"@id\":\"https:\\\/\\\/www.meydan.tv\\\/az\\\/#organization\"},\"potentialAction\":[{\"@type\":\"SearchAction\",\"target\":{\"@type\":\"EntryPoint\",\"urlTemplate\":\"https:\\\/\\\/www.meydan.tv\\\/az\\\/?s={search_term_string}\"},\"query-input\":{\"@type\":\"PropertyValueSpecification\",\"valueRequired\":true,\"valueName\":\"search_term_string\"}}],\"inLanguage\":\"az\"},{\"@type\":\"Organization\",\"@id\":\"https:\\\/\\\/www.meydan.tv\\\/az\\\/#organization\",\"name\":\"Meydan TV\",\"url\":\"https:\\\/\\\/www.meydan.tv\\\/az\\\/\",\"logo\":{\"@type\":\"ImageObject\",\"inLanguage\":\"az\",\"@id\":\"https:\\\/\\\/www.meydan.tv\\\/az\\\/#\\\/schema\\\/logo\\\/image\\\/\",\"url\":\"https:\\\/\\\/www.meydan.tv\\\/wp-content\\\/uploads\\\/2021\\\/07\\\/meydan-logo.svg\",\"contentUrl\":\"https:\\\/\\\/www.meydan.tv\\\/wp-content\\\/uploads\\\/2021\\\/07\\\/meydan-logo.svg\",\"width\":195,\"height\":46,\"caption\":\"Meydan TV\"},\"image\":{\"@id\":\"https:\\\/\\\/www.meydan.tv\\\/az\\\/#\\\/schema\\\/logo\\\/image\\\/\"}},{\"@type\":\"Person\",\"@id\":\"https:\\\/\\\/www.meydan.tv\\\/az\\\/#\\\/schema\\\/person\\\/49b5f2bad5b126bb8ea9320eeb3e4dc9\",\"name\":\"sevda\"}]}<\/script>\n<!-- \/ Yoast SEO plugin. -->","yoast_head_json":{"title":"G\u00fcrc\u00fcstanda yeni repressiv d\u0259yi\u015fiklikl\u0259r \u2014 aksiyada maska taxana 15 sutka h\u0259bs - MEYDAN.TV","robots":{"index":"index","follow":"follow","max-snippet":"max-snippet:-1","max-image-preview":"max-image-preview:large","max-video-preview":"max-video-preview:-1"},"canonical":"https:\/\/www.meydan.tv\/az\/article\/gurcustanda-yeni-repressiv-d%c9%99yisiklikl%c9%99r-aksiyada-maska-taxana-15-sutka-h%c9%99bs\/","og_locale":"az_AZ","og_type":"article","og_title":"G\u00fcrc\u00fcstanda yeni repressiv d\u0259yi\u015fiklikl\u0259r \u2014 aksiyada maska taxana 15 sutka h\u0259bs - MEYDAN.TV","og_description":"Jamnews-un material\u0131 G\u00fcrc\u00fcstan\u0131n \u0130nzibati X\u0259talar M\u0259c\u0259ll\u0259sin\u0259 v\u0259 Cinay\u0259t M\u0259c\u0259ll\u0259sin\u0259 yeni ... Davam\u0131","og_url":"https:\/\/www.meydan.tv\/az\/article\/gurcustanda-yeni-repressiv-d%c9%99yisiklikl%c9%99r-aksiyada-maska-taxana-15-sutka-h%c9%99bs\/","og_site_name":"MEYDAN.TV","article_published_time":"2025-10-14T10:47:32+00:00","article_modified_time":"2025-10-14T10:47:35+00:00","og_image":[{"width":1280,"height":853,"url":"https:\/\/www.meydan.tv\/wp-content\/uploads\/tbilisi3.jpeg","type":"image\/jpeg"}],"author":"sevda","twitter_card":"summary_large_image","schema":{"@context":"https:\/\/schema.org","@graph":[{"@type":"Article","@id":"https:\/\/www.meydan.tv\/az\/article\/gurcustanda-yeni-repressiv-d%c9%99yisiklikl%c9%99r-aksiyada-maska-taxana-15-sutka-h%c9%99bs\/#article","isPartOf":{"@id":"https:\/\/www.meydan.tv\/az\/article\/gurcustanda-yeni-repressiv-d%c9%99yisiklikl%c9%99r-aksiyada-maska-taxana-15-sutka-h%c9%99bs\/"},"author":{"name":"sevda","@id":"https:\/\/www.meydan.tv\/az\/#\/schema\/person\/49b5f2bad5b126bb8ea9320eeb3e4dc9"},"headline":"G\u00fcrc\u00fcstanda yeni repressiv d\u0259yi\u015fiklikl\u0259r \u2014 aksiyada maska taxana 15 sutka h\u0259bs","datePublished":"2025-10-14T10:47:32+00:00","dateModified":"2025-10-14T10:47:35+00:00","mainEntityOfPage":{"@id":"https:\/\/www.meydan.tv\/az\/article\/gurcustanda-yeni-repressiv-d%c9%99yisiklikl%c9%99r-aksiyada-maska-taxana-15-sutka-h%c9%99bs\/"},"wordCount":492,"publisher":{"@id":"https:\/\/www.meydan.tv\/az\/#organization"},"image":{"@id":"https:\/\/www.meydan.tv\/az\/article\/gurcustanda-yeni-repressiv-d%c9%99yisiklikl%c9%99r-aksiyada-maska-taxana-15-sutka-h%c9%99bs\/#primaryimage"},"thumbnailUrl":"https:\/\/www.meydan.tv\/wp-content\/uploads\/tbilisi3.jpeg","articleSection":["D\u00fcnya","Siyas\u0259t","X\u0259b\u0259rl\u0259r"],"inLanguage":"az"},{"@type":"WebPage","@id":"https:\/\/www.meydan.tv\/az\/article\/gurcustanda-yeni-repressiv-d%c9%99yisiklikl%c9%99r-aksiyada-maska-taxana-15-sutka-h%c9%99bs\/","url":"https:\/\/www.meydan.tv\/az\/article\/gurcustanda-yeni-repressiv-d%c9%99yisiklikl%c9%99r-aksiyada-maska-taxana-15-sutka-h%c9%99bs\/","name":"G\u00fcrc\u00fcstanda yeni repressiv d\u0259yi\u015fiklikl\u0259r \u2014 aksiyada maska taxana 15 sutka h\u0259bs - MEYDAN.TV","isPartOf":{"@id":"https:\/\/www.meydan.tv\/az\/#website"},"primaryImageOfPage":{"@id":"https:\/\/www.meydan.tv\/az\/article\/gurcustanda-yeni-repressiv-d%c9%99yisiklikl%c9%99r-aksiyada-maska-taxana-15-sutka-h%c9%99bs\/#primaryimage"},"image":{"@id":"https:\/\/www.meydan.tv\/az\/article\/gurcustanda-yeni-repressiv-d%c9%99yisiklikl%c9%99r-aksiyada-maska-taxana-15-sutka-h%c9%99bs\/#primaryimage"},"thumbnailUrl":"https:\/\/www.meydan.tv\/wp-content\/uploads\/tbilisi3.jpeg","datePublished":"2025-10-14T10:47:32+00:00","dateModified":"2025-10-14T10:47:35+00:00","breadcrumb":{"@id":"https:\/\/www.meydan.tv\/az\/article\/gurcustanda-yeni-repressiv-d%c9%99yisiklikl%c9%99r-aksiyada-maska-taxana-15-sutka-h%c9%99bs\/#breadcrumb"},"inLanguage":"az","potentialAction":[{"@type":"ReadAction","target":["https:\/\/www.meydan.tv\/az\/article\/gurcustanda-yeni-repressiv-d%c9%99yisiklikl%c9%99r-aksiyada-maska-taxana-15-sutka-h%c9%99bs\/"]}]},{"@type":"ImageObject","inLanguage":"az","@id":"https:\/\/www.meydan.tv\/az\/article\/gurcustanda-yeni-repressiv-d%c9%99yisiklikl%c9%99r-aksiyada-maska-taxana-15-sutka-h%c9%99bs\/#primaryimage","url":"https:\/\/www.meydan.tv\/wp-content\/uploads\/tbilisi3.jpeg","contentUrl":"https:\/\/www.meydan.tv\/wp-content\/uploads\/tbilisi3.jpeg","width":1280,"height":853,"caption":"G\u00fcrc\u00fcstanda etiraz aksiyalar\u0131. Foto: Meydan TV"},{"@type":"BreadcrumbList","@id":"https:\/\/www.meydan.tv\/az\/article\/gurcustanda-yeni-repressiv-d%c9%99yisiklikl%c9%99r-aksiyada-maska-taxana-15-sutka-h%c9%99bs\/#breadcrumb","itemListElement":[{"@type":"ListItem","position":1,"name":"Ana s\u0259hif\u0259","item":"https:\/\/www.meydan.tv\/az\/"},{"@type":"ListItem","position":2,"name":"X\u0259b\u0259rl\u0259r","item":"https:\/\/www.meydan.tv\/az\/section\/xeberler\/"},{"@type":"ListItem","position":3,"name":"G\u00fcrc\u00fcstanda yeni repressiv d\u0259yi\u015fiklikl\u0259r \u2014 aksiyada maska taxana 15 sutka h\u0259bs"}]},{"@type":"WebSite","@id":"https:\/\/www.meydan.tv\/az\/#website","url":"https:\/\/www.meydan.tv\/az\/","name":"MEYDAN.TV","description":"Meydan TV Az\u0259rbaycan\u0131n media m\u0259kan\u0131ndak\u0131 alternativ s\u0259sidir","publisher":{"@id":"https:\/\/www.meydan.tv\/az\/#organization"},"potentialAction":[{"@type":"SearchAction","target":{"@type":"EntryPoint","urlTemplate":"https:\/\/www.meydan.tv\/az\/?s={search_term_string}"},"query-input":{"@type":"PropertyValueSpecification","valueRequired":true,"valueName":"search_term_string"}}],"inLanguage":"az"},{"@type":"Organization","@id":"https:\/\/www.meydan.tv\/az\/#organization","name":"Meydan TV","url":"https:\/\/www.meydan.tv\/az\/","logo":{"@type":"ImageObject","inLanguage":"az","@id":"https:\/\/www.meydan.tv\/az\/#\/schema\/logo\/image\/","url":"https:\/\/www.meydan.tv\/wp-content\/uploads\/2021\/07\/meydan-logo.svg","contentUrl":"https:\/\/www.meydan.tv\/wp-content\/uploads\/2021\/07\/meydan-logo.svg","width":195,"height":46,"caption":"Meydan TV"},"image":{"@id":"https:\/\/www.meydan.tv\/az\/#\/schema\/logo\/image\/"}},{"@type":"Person","@id":"https:\/\/www.meydan.tv\/az\/#\/schema\/person\/49b5f2bad5b126bb8ea9320eeb3e4dc9","name":"sevda"}]}},"_links":{"self":[{"href":"https:\/\/www.meydan.tv\/az\/wp-json\/wp\/v2\/posts\/336280","targetHints":{"allow":["GET"]}}],"collection":[{"href":"https:\/\/www.meydan.tv\/az\/wp-json\/wp\/v2\/posts"}],"about":[{"href":"https:\/\/www.meydan.tv\/az\/wp-json\/wp\/v2\/types\/post"}],"author":[{"embeddable":true,"href":"https:\/\/www.meydan.tv\/az\/wp-json\/wp\/v2\/users\/16"}],"replies":[{"embeddable":true,"href":"https:\/\/www.meydan.tv\/az\/wp-json\/wp\/v2\/comments?post=336280"}],"version-history":[{"count":3,"href":"https:\/\/www.meydan.tv\/az\/wp-json\/wp\/v2\/posts\/336280\/revisions"}],"predecessor-version":[{"id":336294,"href":"https:\/\/www.meydan.tv\/az\/wp-json\/wp\/v2\/posts\/336280\/revisions\/336294"}],"wp:featuredmedia":[{"embeddable":true,"href":"https:\/\/www.meydan.tv\/az\/wp-json\/wp\/v2\/media\/321813"}],"wp:attachment":[{"href":"https:\/\/www.meydan.tv\/az\/wp-json\/wp\/v2\/media?parent=336280"}],"wp:term":[{"taxonomy":"category","embeddable":true,"href":"https:\/\/www.meydan.tv\/az\/wp-json\/wp\/v2\/categories?post=336280"},{"taxonomy":"post_tag","embeddable":true,"href":"https:\/\/www.meydan.tv\/az\/wp-json\/wp\/v2\/tags?post=336280"}],"curies":[{"name":"wp","href":"https:\/\/api.w.org\/{rel}","templated":true}]}}