{"id":335922,"date":"2025-10-07T14:28:19","date_gmt":"2025-10-07T10:28:19","guid":{"rendered":"https:\/\/www.meydan.tv\/?p=335922"},"modified":"2025-10-07T14:28:21","modified_gmt":"2025-10-07T10:28:21","slug":"heyvan-haqlari-f%c9%99alina-2-ay-h%c9%99bs-verilib","status":"publish","type":"post","link":"https:\/\/www.meydan.tv\/az\/article\/heyvan-haqlari-f%c9%99alina-2-ay-h%c9%99bs-verilib\/","title":{"rendered":"Heyvan haqlar\u0131 f\u0259al\u0131na 2 ay h\u0259bs verilib"},"content":{"rendered":"\n<p><\/p>\n\n\n\n<p>Heyvan haqlar\u0131 f\u0259al\u0131 Elxan Mirz\u0259yev 2 ay m\u00fcdd\u0259tin\u0259 inzibati qaydada h\u0259bs olunub.<\/p>\n\n\n\n<p>Bu bar\u0259d\u0259 Mirz\u0259yevin yax\u0131nlar\u0131 Azadl\u0131qRadiosu-na <a href=\"https:\/\/www.azadliq.org\/a\/elxan-mirzeyev-iki-ay-inzibati-hebs\/33551613.html\" target=\"_blank\" rel=\"noreferrer noopener nofollow\">m\u0259lumat <\/a>veribl\u0259r.<\/p>\n\n\n\n<p>Elxan Mirz\u0259yev \u0130nzibati X\u0259talar M\u0259c\u0259ll\u0259sinin 206-c\u0131 (qanunsuz olaraq narkotik madd\u0259l\u0259rin istehlak\u0131, sat\u0131\u015f m\u0259qs\u0259di olmadan az miqdarda haz\u0131rlanmas\u0131, \u0259ld\u0259 edilm\u0259si v\u0259 s.) madd\u0259siyl\u0259 t\u0259qsirli bilinir.<\/p>\n\n\n\n<pre class=\"wp-block-preformatted\">Elxan Mirz\u0259yev oktyabr\u0131n 1-d\u0259, ax\u015fam saatlar\u0131nda 7-8 m\u00fclki geyimli \u015f\u0259xs t\u0259r\u0259find\u0259n ya\u015fad\u0131\u011f\u0131 Lerik rayonu, G\u00fcn\u0259\u015fli k\u0259ndind\u0259ki evind\u0259n<a href=\"https:\/\/www.meydan.tv\/az\/article\/heyvan-haqlari-f%c9%99alinin-saxlanildigi-bildirilir\/\" target=\"_blank\" rel=\"noreferrer noopener nofollow\"> apar\u0131l\u0131b.<\/a><br><br>Elxan Mirz\u0259yev 10 ild\u0259n \u00e7oxdur heyvan haqlar\u0131<a href=\"https:\/\/www.meydan.tv\/az\/article\/leyla-eliyevanin-qurdugu-qurumda-heyvanlar-oldurulur\/\" target=\"_blank\" rel=\"noreferrer noopener nofollow\"> f\u0259al\u0131d\u0131r.<\/a> O, v\u0259 daha bir ne\u00e7\u0259 heyvan haqlar\u0131 f\u0259al\u0131 sahibsiz itl\u0259rin k\u00fc\u00e7\u0259l\u0259rd\u0259 g\u00fcll\u0259l\u0259nm\u0259si \u015fikay\u0259ti il\u0259 Bak\u0131 \u015f\u0259h\u0259r \u0130cra Hakimiyy\u0259tin\u0259 qar\u015f\u0131 qald\u0131rd\u0131qlar\u0131 m\u0259hk\u0259m\u0259 iddias\u0131 il\u0259 g\u00fcnd\u0259m\u0259 g\u0259lmi\u015fdil\u0259r.<br><br>Bundan ba\u015fqa heyvansev\u0259rl\u0259r bir ne\u00e7\u0259 d\u0259f\u0259 \"Toplan\" Sahibsiz \u0130tl\u0259r\u0259 Qay\u011f\u0131 M\u0259rk\u0259zinin \u00f6n\u00fcnd\u0259 etiraz aksiyas\u0131 ke\u00e7iribl\u0259r. Onlar iddia edib ki, m\u0259rk\u0259zd\u0259 k\u00fc\u00e7\u0259d\u0259n toplanan itl\u0259r m\u0259hv edilir. <br><br>2021-ci ild\u0259 Elxan Mir\u0259yev h\u0259min aksiyalara g\u00f6r\u0259 15 sutka<a href=\"https:\/\/www.meydan.tv\/az\/article\/heyvanseverler-hebsimiz-toplanin-sifarisidir\/\" target=\"_blank\" rel=\"noreferrer noopener nofollow\"> h\u0259bs olunub.<\/a>Bundan sonra \"Toplan\" Sahibsiz \u0130tl\u0259r\u0259 Qay\u011f\u0131 M\u0259rk\u0259zinin iki \u0259m\u0259kda\u015f\u0131 Elxan Mirz\u0259yev d\u0259 daxil olmaqla bir ne\u00e7\u0259 heyvansev\u0259r f\u0259al bar\u0259sind\u0259 cinay\u0259t i\u015fi a\u00e7\u0131lmas\u0131 \u00fc\u00e7\u00fcn m\u0259hk\u0259m\u0259y\u0259 m\u00fcraci\u0259t edib. M\u0259hk\u0259m\u0259 h\u0259min f\u0259allar\u0131<a href=\"https:\/\/www.meydan.tv\/az\/article\/bakida-heyvanseverler-cezalandirildilar\/\" target=\"_blank\" rel=\"noreferrer noopener nofollow\"> c\u0259rim\u0259l\u0259yib.<\/a><\/pre>\n\n\n\n<p>Elxan Mirz\u0259yev oktyabr\u0131n 6-da ail\u0259si v\u0259 v\u0259kili il\u0259 \u0259laq\u0259 saxlaya bilib.<\/p>\n\n\n\n<p>Ail\u0259sinin verdiyi m\u0259lumatda qeyd edilir ki, Mirz\u0259yev \u00f6z\u00fcn\u00fc t\u0259qsirli bilmir v\u0259 o \u00e7\u0131xar\u0131lm\u0131\u015f m\u0259hk\u0259m\u0259 q\u0259rar\u0131ndan apellyasiya \u015fikay\u0259ti ver\u0259c\u0259k.<\/p>\n\n\n\n<p>Elxan Mirz\u0259yev xaricd\u0259 ya\u015fayan bloger Tural Sad\u0131ql\u0131n\u0131n xalas\u0131o\u011fludur.&nbsp;<\/p>\n\n\n\n<p><\/p>\n","protected":false},"excerpt":{"rendered":"<p>Heyvan haqlar\u0131 f\u0259al\u0131 Elxan Mirz\u0259yev 2 ay m\u00fcdd\u0259tin\u0259 inzibati qaydada &#8230; <\/p>\n<p class=\"read-more-container\"><a title=\"Heyvan haqlar\u0131 f\u0259al\u0131na 2 ay h\u0259bs verilib\" class=\"read-more button\" href=\"https:\/\/www.meydan.tv\/az\/article\/heyvan-haqlari-f%c9%99alina-2-ay-h%c9%99bs-verilib\/#more-335922\" aria-label=\"Read more about Heyvan haqlar\u0131 f\u0259al\u0131na 2 ay h\u0259bs verilib\">Davam\u0131<\/a><\/p>\n","protected":false},"author":21,"featured_media":162036,"comment_status":"closed","ping_status":"closed","sticky":false,"template":"","format":"standard","meta":{"_acf_changed":false,"_sitemap_exclude":false,"_sitemap_priority":"","_sitemap_frequency":"","footnotes":""},"categories":[59,79,56],"tags":[],"class_list":["post-335922","post","type-post","status-publish","format-standard","has-post-thumbnail","hentry","category-siyaset","category-featured","category-xeberler","infinite-scroll-item","generate-columns","tablet-grid-50","mobile-grid-100","grid-parent","grid-33","no-featured-image-padding"],"acf":[],"yoast_head":"<!-- This site is optimized with the Yoast SEO plugin v27.5 - https:\/\/yoast.com\/product\/yoast-seo-wordpress\/ -->\n<title>Heyvan haqlar\u0131 f\u0259al\u0131na 2 ay h\u0259bs verilib - MEYDAN.TV<\/title>\n<meta name=\"robots\" content=\"index, follow, max-snippet:-1, max-image-preview:large, max-video-preview:-1\" \/>\n<link rel=\"canonical\" href=\"https:\/\/www.meydan.tv\/az\/article\/heyvan-haqlari-f%c9%99alina-2-ay-h%c9%99bs-verilib\/\" \/>\n<meta property=\"og:locale\" content=\"az_AZ\" \/>\n<meta property=\"og:type\" content=\"article\" \/>\n<meta property=\"og:title\" content=\"Heyvan haqlar\u0131 f\u0259al\u0131na 2 ay h\u0259bs verilib - MEYDAN.TV\" \/>\n<meta property=\"og:description\" content=\"Heyvan haqlar\u0131 f\u0259al\u0131 Elxan Mirz\u0259yev 2 ay m\u00fcdd\u0259tin\u0259 inzibati qaydada ... Davam\u0131\" \/>\n<meta property=\"og:url\" content=\"https:\/\/www.meydan.tv\/az\/article\/heyvan-haqlari-f%c9%99alina-2-ay-h%c9%99bs-verilib\/\" \/>\n<meta property=\"og:site_name\" content=\"MEYDAN.TV\" \/>\n<meta property=\"article:published_time\" content=\"2025-10-07T10:28:19+00:00\" \/>\n<meta property=\"article:modified_time\" content=\"2025-10-07T10:28:21+00:00\" \/>\n<meta property=\"og:image\" content=\"https:\/\/www.meydan.tv\/wp-content\/uploads\/untitled_design_-_2021-06-10t154916.297.png\" \/>\n\t<meta property=\"og:image:width\" content=\"1280\" \/>\n\t<meta property=\"og:image:height\" content=\"720\" \/>\n\t<meta property=\"og:image:type\" content=\"image\/png\" \/>\n<meta name=\"author\" content=\"mahmud\" \/>\n<meta name=\"twitter:card\" content=\"summary_large_image\" \/>\n<script type=\"application\/ld+json\" class=\"yoast-schema-graph\">{\"@context\":\"https:\\\/\\\/schema.org\",\"@graph\":[{\"@type\":\"Article\",\"@id\":\"https:\\\/\\\/www.meydan.tv\\\/az\\\/article\\\/heyvan-haqlari-f%c9%99alina-2-ay-h%c9%99bs-verilib\\\/#article\",\"isPartOf\":{\"@id\":\"https:\\\/\\\/www.meydan.tv\\\/az\\\/article\\\/heyvan-haqlari-f%c9%99alina-2-ay-h%c9%99bs-verilib\\\/\"},\"author\":{\"name\":\"mahmud\",\"@id\":\"https:\\\/\\\/www.meydan.tv\\\/az\\\/#\\\/schema\\\/person\\\/09863e516102a829e72bedcf3f84c6b0\"},\"headline\":\"Heyvan haqlar\u0131 f\u0259al\u0131na 2 ay h\u0259bs verilib\",\"datePublished\":\"2025-10-07T10:28:19+00:00\",\"dateModified\":\"2025-10-07T10:28:21+00:00\",\"mainEntityOfPage\":{\"@id\":\"https:\\\/\\\/www.meydan.tv\\\/az\\\/article\\\/heyvan-haqlari-f%c9%99alina-2-ay-h%c9%99bs-verilib\\\/\"},\"wordCount\":137,\"publisher\":{\"@id\":\"https:\\\/\\\/www.meydan.tv\\\/az\\\/#organization\"},\"image\":{\"@id\":\"https:\\\/\\\/www.meydan.tv\\\/az\\\/article\\\/heyvan-haqlari-f%c9%99alina-2-ay-h%c9%99bs-verilib\\\/#primaryimage\"},\"thumbnailUrl\":\"https:\\\/\\\/www.meydan.tv\\\/wp-content\\\/uploads\\\/untitled_design_-_2021-06-10t154916.297.png\",\"articleSection\":[\"Siyas\u0259t\",\"T\u00f6vsiy\u0259\",\"X\u0259b\u0259rl\u0259r\"],\"inLanguage\":\"az\"},{\"@type\":\"WebPage\",\"@id\":\"https:\\\/\\\/www.meydan.tv\\\/az\\\/article\\\/heyvan-haqlari-f%c9%99alina-2-ay-h%c9%99bs-verilib\\\/\",\"url\":\"https:\\\/\\\/www.meydan.tv\\\/az\\\/article\\\/heyvan-haqlari-f%c9%99alina-2-ay-h%c9%99bs-verilib\\\/\",\"name\":\"Heyvan haqlar\u0131 f\u0259al\u0131na 2 ay h\u0259bs verilib - MEYDAN.TV\",\"isPartOf\":{\"@id\":\"https:\\\/\\\/www.meydan.tv\\\/az\\\/#website\"},\"primaryImageOfPage\":{\"@id\":\"https:\\\/\\\/www.meydan.tv\\\/az\\\/article\\\/heyvan-haqlari-f%c9%99alina-2-ay-h%c9%99bs-verilib\\\/#primaryimage\"},\"image\":{\"@id\":\"https:\\\/\\\/www.meydan.tv\\\/az\\\/article\\\/heyvan-haqlari-f%c9%99alina-2-ay-h%c9%99bs-verilib\\\/#primaryimage\"},\"thumbnailUrl\":\"https:\\\/\\\/www.meydan.tv\\\/wp-content\\\/uploads\\\/untitled_design_-_2021-06-10t154916.297.png\",\"datePublished\":\"2025-10-07T10:28:19+00:00\",\"dateModified\":\"2025-10-07T10:28:21+00:00\",\"breadcrumb\":{\"@id\":\"https:\\\/\\\/www.meydan.tv\\\/az\\\/article\\\/heyvan-haqlari-f%c9%99alina-2-ay-h%c9%99bs-verilib\\\/#breadcrumb\"},\"inLanguage\":\"az\",\"potentialAction\":[{\"@type\":\"ReadAction\",\"target\":[\"https:\\\/\\\/www.meydan.tv\\\/az\\\/article\\\/heyvan-haqlari-f%c9%99alina-2-ay-h%c9%99bs-verilib\\\/\"]}]},{\"@type\":\"ImageObject\",\"inLanguage\":\"az\",\"@id\":\"https:\\\/\\\/www.meydan.tv\\\/az\\\/article\\\/heyvan-haqlari-f%c9%99alina-2-ay-h%c9%99bs-verilib\\\/#primaryimage\",\"url\":\"https:\\\/\\\/www.meydan.tv\\\/wp-content\\\/uploads\\\/untitled_design_-_2021-06-10t154916.297.png\",\"contentUrl\":\"https:\\\/\\\/www.meydan.tv\\\/wp-content\\\/uploads\\\/untitled_design_-_2021-06-10t154916.297.png\",\"width\":1280,\"height\":720,\"caption\":\"Source: Meydan Tv\"},{\"@type\":\"BreadcrumbList\",\"@id\":\"https:\\\/\\\/www.meydan.tv\\\/az\\\/article\\\/heyvan-haqlari-f%c9%99alina-2-ay-h%c9%99bs-verilib\\\/#breadcrumb\",\"itemListElement\":[{\"@type\":\"ListItem\",\"position\":1,\"name\":\"Ana s\u0259hif\u0259\",\"item\":\"https:\\\/\\\/www.meydan.tv\\\/az\\\/\"},{\"@type\":\"ListItem\",\"position\":2,\"name\":\"Siyas\u0259t\",\"item\":\"https:\\\/\\\/www.meydan.tv\\\/az\\\/section\\\/siyaset\\\/\"},{\"@type\":\"ListItem\",\"position\":3,\"name\":\"Heyvan haqlar\u0131 f\u0259al\u0131na 2 ay h\u0259bs verilib\"}]},{\"@type\":\"WebSite\",\"@id\":\"https:\\\/\\\/www.meydan.tv\\\/az\\\/#website\",\"url\":\"https:\\\/\\\/www.meydan.tv\\\/az\\\/\",\"name\":\"MEYDAN.TV\",\"description\":\"Meydan TV Az\u0259rbaycan\u0131n media m\u0259kan\u0131ndak\u0131 alternativ s\u0259sidir\",\"publisher\":{\"@id\":\"https:\\\/\\\/www.meydan.tv\\\/az\\\/#organization\"},\"potentialAction\":[{\"@type\":\"SearchAction\",\"target\":{\"@type\":\"EntryPoint\",\"urlTemplate\":\"https:\\\/\\\/www.meydan.tv\\\/az\\\/?s={search_term_string}\"},\"query-input\":{\"@type\":\"PropertyValueSpecification\",\"valueRequired\":true,\"valueName\":\"search_term_string\"}}],\"inLanguage\":\"az\"},{\"@type\":\"Organization\",\"@id\":\"https:\\\/\\\/www.meydan.tv\\\/az\\\/#organization\",\"name\":\"Meydan TV\",\"url\":\"https:\\\/\\\/www.meydan.tv\\\/az\\\/\",\"logo\":{\"@type\":\"ImageObject\",\"inLanguage\":\"az\",\"@id\":\"https:\\\/\\\/www.meydan.tv\\\/az\\\/#\\\/schema\\\/logo\\\/image\\\/\",\"url\":\"https:\\\/\\\/www.meydan.tv\\\/wp-content\\\/uploads\\\/2021\\\/07\\\/meydan-logo.svg\",\"contentUrl\":\"https:\\\/\\\/www.meydan.tv\\\/wp-content\\\/uploads\\\/2021\\\/07\\\/meydan-logo.svg\",\"width\":195,\"height\":46,\"caption\":\"Meydan TV\"},\"image\":{\"@id\":\"https:\\\/\\\/www.meydan.tv\\\/az\\\/#\\\/schema\\\/logo\\\/image\\\/\"}},{\"@type\":\"Person\",\"@id\":\"https:\\\/\\\/www.meydan.tv\\\/az\\\/#\\\/schema\\\/person\\\/09863e516102a829e72bedcf3f84c6b0\",\"name\":\"mahmud\"}]}<\/script>\n<!-- \/ Yoast SEO plugin. -->","yoast_head_json":{"title":"Heyvan haqlar\u0131 f\u0259al\u0131na 2 ay h\u0259bs verilib - MEYDAN.TV","robots":{"index":"index","follow":"follow","max-snippet":"max-snippet:-1","max-image-preview":"max-image-preview:large","max-video-preview":"max-video-preview:-1"},"canonical":"https:\/\/www.meydan.tv\/az\/article\/heyvan-haqlari-f%c9%99alina-2-ay-h%c9%99bs-verilib\/","og_locale":"az_AZ","og_type":"article","og_title":"Heyvan haqlar\u0131 f\u0259al\u0131na 2 ay h\u0259bs verilib - MEYDAN.TV","og_description":"Heyvan haqlar\u0131 f\u0259al\u0131 Elxan Mirz\u0259yev 2 ay m\u00fcdd\u0259tin\u0259 inzibati qaydada ... Davam\u0131","og_url":"https:\/\/www.meydan.tv\/az\/article\/heyvan-haqlari-f%c9%99alina-2-ay-h%c9%99bs-verilib\/","og_site_name":"MEYDAN.TV","article_published_time":"2025-10-07T10:28:19+00:00","article_modified_time":"2025-10-07T10:28:21+00:00","og_image":[{"width":1280,"height":720,"url":"https:\/\/www.meydan.tv\/wp-content\/uploads\/untitled_design_-_2021-06-10t154916.297.png","type":"image\/png"}],"author":"mahmud","twitter_card":"summary_large_image","schema":{"@context":"https:\/\/schema.org","@graph":[{"@type":"Article","@id":"https:\/\/www.meydan.tv\/az\/article\/heyvan-haqlari-f%c9%99alina-2-ay-h%c9%99bs-verilib\/#article","isPartOf":{"@id":"https:\/\/www.meydan.tv\/az\/article\/heyvan-haqlari-f%c9%99alina-2-ay-h%c9%99bs-verilib\/"},"author":{"name":"mahmud","@id":"https:\/\/www.meydan.tv\/az\/#\/schema\/person\/09863e516102a829e72bedcf3f84c6b0"},"headline":"Heyvan haqlar\u0131 f\u0259al\u0131na 2 ay h\u0259bs verilib","datePublished":"2025-10-07T10:28:19+00:00","dateModified":"2025-10-07T10:28:21+00:00","mainEntityOfPage":{"@id":"https:\/\/www.meydan.tv\/az\/article\/heyvan-haqlari-f%c9%99alina-2-ay-h%c9%99bs-verilib\/"},"wordCount":137,"publisher":{"@id":"https:\/\/www.meydan.tv\/az\/#organization"},"image":{"@id":"https:\/\/www.meydan.tv\/az\/article\/heyvan-haqlari-f%c9%99alina-2-ay-h%c9%99bs-verilib\/#primaryimage"},"thumbnailUrl":"https:\/\/www.meydan.tv\/wp-content\/uploads\/untitled_design_-_2021-06-10t154916.297.png","articleSection":["Siyas\u0259t","T\u00f6vsiy\u0259","X\u0259b\u0259rl\u0259r"],"inLanguage":"az"},{"@type":"WebPage","@id":"https:\/\/www.meydan.tv\/az\/article\/heyvan-haqlari-f%c9%99alina-2-ay-h%c9%99bs-verilib\/","url":"https:\/\/www.meydan.tv\/az\/article\/heyvan-haqlari-f%c9%99alina-2-ay-h%c9%99bs-verilib\/","name":"Heyvan haqlar\u0131 f\u0259al\u0131na 2 ay h\u0259bs verilib - MEYDAN.TV","isPartOf":{"@id":"https:\/\/www.meydan.tv\/az\/#website"},"primaryImageOfPage":{"@id":"https:\/\/www.meydan.tv\/az\/article\/heyvan-haqlari-f%c9%99alina-2-ay-h%c9%99bs-verilib\/#primaryimage"},"image":{"@id":"https:\/\/www.meydan.tv\/az\/article\/heyvan-haqlari-f%c9%99alina-2-ay-h%c9%99bs-verilib\/#primaryimage"},"thumbnailUrl":"https:\/\/www.meydan.tv\/wp-content\/uploads\/untitled_design_-_2021-06-10t154916.297.png","datePublished":"2025-10-07T10:28:19+00:00","dateModified":"2025-10-07T10:28:21+00:00","breadcrumb":{"@id":"https:\/\/www.meydan.tv\/az\/article\/heyvan-haqlari-f%c9%99alina-2-ay-h%c9%99bs-verilib\/#breadcrumb"},"inLanguage":"az","potentialAction":[{"@type":"ReadAction","target":["https:\/\/www.meydan.tv\/az\/article\/heyvan-haqlari-f%c9%99alina-2-ay-h%c9%99bs-verilib\/"]}]},{"@type":"ImageObject","inLanguage":"az","@id":"https:\/\/www.meydan.tv\/az\/article\/heyvan-haqlari-f%c9%99alina-2-ay-h%c9%99bs-verilib\/#primaryimage","url":"https:\/\/www.meydan.tv\/wp-content\/uploads\/untitled_design_-_2021-06-10t154916.297.png","contentUrl":"https:\/\/www.meydan.tv\/wp-content\/uploads\/untitled_design_-_2021-06-10t154916.297.png","width":1280,"height":720,"caption":"Source: Meydan Tv"},{"@type":"BreadcrumbList","@id":"https:\/\/www.meydan.tv\/az\/article\/heyvan-haqlari-f%c9%99alina-2-ay-h%c9%99bs-verilib\/#breadcrumb","itemListElement":[{"@type":"ListItem","position":1,"name":"Ana s\u0259hif\u0259","item":"https:\/\/www.meydan.tv\/az\/"},{"@type":"ListItem","position":2,"name":"Siyas\u0259t","item":"https:\/\/www.meydan.tv\/az\/section\/siyaset\/"},{"@type":"ListItem","position":3,"name":"Heyvan haqlar\u0131 f\u0259al\u0131na 2 ay h\u0259bs verilib"}]},{"@type":"WebSite","@id":"https:\/\/www.meydan.tv\/az\/#website","url":"https:\/\/www.meydan.tv\/az\/","name":"MEYDAN.TV","description":"Meydan TV Az\u0259rbaycan\u0131n media m\u0259kan\u0131ndak\u0131 alternativ s\u0259sidir","publisher":{"@id":"https:\/\/www.meydan.tv\/az\/#organization"},"potentialAction":[{"@type":"SearchAction","target":{"@type":"EntryPoint","urlTemplate":"https:\/\/www.meydan.tv\/az\/?s={search_term_string}"},"query-input":{"@type":"PropertyValueSpecification","valueRequired":true,"valueName":"search_term_string"}}],"inLanguage":"az"},{"@type":"Organization","@id":"https:\/\/www.meydan.tv\/az\/#organization","name":"Meydan TV","url":"https:\/\/www.meydan.tv\/az\/","logo":{"@type":"ImageObject","inLanguage":"az","@id":"https:\/\/www.meydan.tv\/az\/#\/schema\/logo\/image\/","url":"https:\/\/www.meydan.tv\/wp-content\/uploads\/2021\/07\/meydan-logo.svg","contentUrl":"https:\/\/www.meydan.tv\/wp-content\/uploads\/2021\/07\/meydan-logo.svg","width":195,"height":46,"caption":"Meydan TV"},"image":{"@id":"https:\/\/www.meydan.tv\/az\/#\/schema\/logo\/image\/"}},{"@type":"Person","@id":"https:\/\/www.meydan.tv\/az\/#\/schema\/person\/09863e516102a829e72bedcf3f84c6b0","name":"mahmud"}]}},"_links":{"self":[{"href":"https:\/\/www.meydan.tv\/az\/wp-json\/wp\/v2\/posts\/335922","targetHints":{"allow":["GET"]}}],"collection":[{"href":"https:\/\/www.meydan.tv\/az\/wp-json\/wp\/v2\/posts"}],"about":[{"href":"https:\/\/www.meydan.tv\/az\/wp-json\/wp\/v2\/types\/post"}],"author":[{"embeddable":true,"href":"https:\/\/www.meydan.tv\/az\/wp-json\/wp\/v2\/users\/21"}],"replies":[{"embeddable":true,"href":"https:\/\/www.meydan.tv\/az\/wp-json\/wp\/v2\/comments?post=335922"}],"version-history":[{"count":1,"href":"https:\/\/www.meydan.tv\/az\/wp-json\/wp\/v2\/posts\/335922\/revisions"}],"predecessor-version":[{"id":335923,"href":"https:\/\/www.meydan.tv\/az\/wp-json\/wp\/v2\/posts\/335922\/revisions\/335923"}],"wp:featuredmedia":[{"embeddable":true,"href":"https:\/\/www.meydan.tv\/az\/wp-json\/wp\/v2\/media\/162036"}],"wp:attachment":[{"href":"https:\/\/www.meydan.tv\/az\/wp-json\/wp\/v2\/media?parent=335922"}],"wp:term":[{"taxonomy":"category","embeddable":true,"href":"https:\/\/www.meydan.tv\/az\/wp-json\/wp\/v2\/categories?post=335922"},{"taxonomy":"post_tag","embeddable":true,"href":"https:\/\/www.meydan.tv\/az\/wp-json\/wp\/v2\/tags?post=335922"}],"curies":[{"name":"wp","href":"https:\/\/api.w.org\/{rel}","templated":true}]}}