{"id":335875,"date":"2025-10-06T13:29:43","date_gmt":"2025-10-06T09:29:43","guid":{"rendered":"https:\/\/www.meydan.tv\/?p=335875"},"modified":"2025-10-06T13:44:52","modified_gmt":"2025-10-06T09:44:52","slug":"isci-masasinin-f%c9%99allari-bar%c9%99d%c9%99-q%c9%99rarlar-verilib","status":"publish","type":"post","link":"https:\/\/www.meydan.tv\/az\/article\/isci-masasinin-f%c9%99allari-bar%c9%99d%c9%99-q%c9%99rarlar-verilib\/","title":{"rendered":"\u201c\u0130\u015f\u00e7i Masas\u0131\u201dn\u0131n f\u0259allar\u0131 bar\u0259d\u0259 q\u0259rarlar verilib"},"content":{"rendered":"\n<p><\/p>\n\n\n\n<p>Avropa \u0130nsan H\u00fcquqlar\u0131 M\u0259hk\u0259m\u0259si (A\u0130HM) \u201c\u0130\u015f\u00e7i Masas\u0131\u201d H\u0259mkarlar \u0130ttifaqlar\u0131 Konfederasiyas\u0131n\u0131n h\u0259bsd\u0259 olan \u00fczv\u00fc M\u00f6hy\u0259ddin Orucovla ba\u011fl\u0131 q\u0259rar\u0131n\u0131 elan edib. Q\u0259rara \u0259sas\u0259n, Az\u0259rbaycan h\u00f6kum\u0259ti f\u0259al\u0131n h\u00fcquqlar\u0131n\u0131n pozuldu\u011funu etiraf edib v\u0259 ona \u00fcmumilikd\u0259 1125 avro m\u0259bl\u0259\u011find\u0259 kompensasiya \u00f6d\u0259y\u0259c\u0259k.<\/p>\n\n\n\n<p>\u201c\u0130\u015f\u00e7i Masas\u0131\u201dndan Meydan TV-y\u0259 veril\u0259n m\u0259lumatda deyilir ki, \u015fikay\u0259t Orucovun 2023-c\u00fc il oktyabr\u0131n 18-d\u0259 30 sutka inzibati qaydada h\u0259bs edilm\u0259si v\u0259 200 manat c\u0259rim\u0259 olunmas\u0131 il\u0259 ba\u011fl\u0131 olub.<\/p>\n\n\n<div class=\"wp-block-image\">\n<figure class=\"alignright size-large is-resized\"><img decoding=\"async\" width=\"1200\" height=\"618\" data-src=\"https:\/\/www.meydan.tv\/wp-content\/uploads\/screenshot-2023-12-13-at-16.52.30-1200x618.png\" alt=\"M\u00f6hy\u0259ddin Orucov, Foto: \u015f\u0259xsi facebook s\u0259hif\u0259si\" class=\"wp-image-292820 lazyload\" style=\"--smush-placeholder-width: 1200px; --smush-placeholder-aspect-ratio: 1200\/618;width:438px;height:auto\" src=\"data:image\/svg+xml;base64,PHN2ZyB3aWR0aD0iMSIgaGVpZ2h0PSIxIiB4bWxucz0iaHR0cDovL3d3dy53My5vcmcvMjAwMC9zdmciPjwvc3ZnPg==\" \/><figcaption class=\"wp-element-caption\">M\u00f6hy\u0259ddin Orucov, Foto: \u015f\u0259xsi facebook s\u0259hif\u0259si<\/figcaption><\/figure>\n<\/div>\n\n\n<p>F\u0259al m\u0259hk\u0259m\u0259 ara\u015fd\u0131rmas\u0131n\u0131n \u0259dal\u0259tli apar\u0131lmad\u0131\u011f\u0131n\u0131 \u0259sas g\u0259tir\u0259r\u0259k, Avropa Konvensiyas\u0131n\u0131n 6-c\u0131 madd\u0259si &#8211; \u201c\u0259dal\u0259tli m\u0259hk\u0259m\u0259 ara\u015fd\u0131rmas\u0131 h\u00fcququ\u201d \u00fczr\u0259 A\u0130HM-\u0259 m\u00fcraci\u0259t edib.<\/p>\n\n\n\n<p>M\u0259lumatda qeyd olunur ki, Az\u0259rbaycan h\u00f6kum\u0259ti \u0259vv\u0259lc\u0259 dostcas\u0131na h\u0259ll variantlar\u0131n\u0131 m\u00fczakir\u0259 ets\u0259 d\u0259, daha sonra A\u0130HM-\u0259 birt\u0259r\u0259fli b\u0259yanat t\u0259qdim edib. Bu b\u0259yanatlarda h\u00f6kum\u0259t pozuntular\u0131 q\u0259bul etdiyini v\u0259 \u0259riz\u0259\u00e7iy\u0259 kompensasiya \u00f6d\u0259m\u0259y\u0259 haz\u0131r oldu\u011funu bildirib.<\/p>\n\n\n\n<pre class=\"wp-block-preformatted\">\u201c\u0130\u015f\u00e7i Masas\u0131\u201dn\u0131n f\u0259al\u0131 M\u00f6hy\u0259ddin Orucov Cinay\u0259t M\u0259c\u0259ll\u0259sinin 234.4.3-c\u00fc madd\u0259si il\u0259 (narkotik vasit\u0259l\u0259ri, psixotrop madd\u0259l\u0259ri v\u0259 ya onlar\u0131n prekursorlar\u0131n\u0131 haz\u0131rlama, istehsal etm\u0259, \u0259ld\u0259 etm\u0259, saxlama, da\u015f\u0131ma, g\u00f6nd\u0259rm\u0259 v\u0259 ya satma k\u00fclli miqdarda t\u00f6r\u0259dildikd\u0259) ittiham olunaraq, 3 il m\u00fcdd\u0259tin\u0259 h\u0259bs olunub. <br><br>O, itithamlar\u0131 q\u0259bul etm\u0259yib, h\u0259bsinin siyasi f\u0259aliyy\u0259til\u0259 ba\u011fl\u0131 oldu\u011funu bildirib.<\/pre>\n\n\n\n<p><\/p>\n\n\n\n<p>A\u0130HM-in q\u0259rar\u0131na \u0259sas\u0259n, M\u00f6hy\u0259ddin Orucova m\u0259n\u0259vi z\u0259r\u0259r\u0259 g\u00f6r\u0259 900 avro, \u0259lav\u0259 x\u0259rcl\u0259r\u0259 g\u00f6r\u0259 is\u0259 225 avro \u00f6d\u0259nil\u0259c\u0259k.<\/p>\n\n\n\n<p>\u201c\u0130\u015f\u00e7i Masas\u0131\u201dn\u0131n \u0130dar\u0259 Hey\u0259tinin \u00fczv\u00fc Ayxan \u0130srafilovun is\u0259 saxland\u0131\u011f\u0131 10 sayl\u0131 c\u0259za\u00e7\u0259km\u0259 m\u00fc\u0259ssis\u0259sind\u0259 m\u00fc\u0259ssis\u0259daxili m\u0259hk\u0259m\u0259si ke\u00e7irilib.<\/p>\n\n\n\n<pre class=\"wp-block-preformatted\">Ayxan \u0130srafilov 2023-c\u00fc il avqustun 11-d\u0259 h\u0259bs olunub. <br><br>Ona qar\u015f\u0131 Cinay\u0259t M\u0259c\u0259ll\u0259sinin 234.1-1-ci (sat\u0131\u015f m\u0259qs\u0259di olmadan k\u00fclli miqdarda narkotik \u0259ld\u0259 etm\u0259, da\u015f\u0131ma, saxlama) madd\u0259sil\u0259 ittiham ir\u0259li s\u00fcr\u00fcl\u00fcb. Bak\u0131 A\u011f\u0131r Cinay\u0259tl\u0259r M\u0259hk\u0259m\u0259sind\u0259 bu ittihamla da ona 3 il azadl\u0131qdan m\u0259hrumetm\u0259 c\u0259zas\u0131 verilib.<br><br>Lakin o, \u00f6z\u00fcn\u00fc t\u0259qsirli bilmir, narkotikl\u0259 \u015f\u0259rl\u0259n\u0259r\u0259k h\u0259bs olundu\u011funu deyir.  O, bildirib ki, i\u015f\u00e7il\u0259rin h\u00fcquqlar\u0131n\u0131 m\u00fcdafi\u0259 etdiyin\u0259, t\u0259nqidi fikirl\u0259rin\u0259 v\u0259 siyasi bax\u0131\u015flar\u0131na g\u00f6r\u0259 sifari\u015fl\u0259 c\u0259zaland\u0131r\u0131l\u0131b.<\/pre>\n\n\n<div class=\"wp-block-image\">\n<figure class=\"alignleft size-full is-resized\"><img decoding=\"async\" width=\"1200\" height=\"558\" data-src=\"https:\/\/www.meydan.tv\/wp-content\/uploads\/untitled-design-5-72-e1691775920300.jpg\" alt=\"\" class=\"wp-image-282097 lazyload\" style=\"--smush-placeholder-width: 1200px; --smush-placeholder-aspect-ratio: 1200\/558;width:450px;height:auto\" src=\"data:image\/svg+xml;base64,PHN2ZyB3aWR0aD0iMSIgaGVpZ2h0PSIxIiB4bWxucz0iaHR0cDovL3d3dy53My5vcmcvMjAwMC9zdmciPjwvc3ZnPg==\" \/><figcaption class=\"wp-element-caption\">Ayxan \u0130srafilov. Foto: Ayxan \u0130srafilovun \u015f\u0259xsi arxivind\u0259n<\/figcaption><\/figure>\n<\/div>\n\n\n<p>Meydan TV-y\u0259 veril\u0259n m\u0259lumatda bildirilir ki, bu c\u00fcr m\u0259hk\u0259m\u0259l\u0259r ad\u0259t\u0259n n\u00fcmun\u0259vi davran\u0131\u015f g\u00f6st\u0259r\u0259n v\u0259 c\u0259zas\u0131n\u0131n sonuna yax\u0131nla\u015fan m\u0259hbuslar\u0131n azadl\u0131\u011fa burax\u0131lmas\u0131 il\u0259 n\u0259tic\u0259l\u0259nir.<\/p>\n\n\n\n<p><em>\u201cLakin Ayxan \u0130srafilovun i\u015find\u0259 f\u0259rqli q\u0259rar verilib. M\u0259hk\u0259m\u0259 onun 2023-c\u00fc ild\u0259 \u015e\u00fcv\u0259lan t\u0259cridxanas\u0131ndan ail\u0259sin\u0259 m\u0259ktub g\u00f6nd\u0259rm\u0259sini irad kimi qiym\u0259tl\u0259ndirib. \u0130srafilov is\u0259 h\u0259min vaxt \u015e\u00fcv\u0259lan t\u0259cridxanas\u0131nda olanlar\u0131n 10 sayl\u0131 m\u00fc\u0259ssis\u0259y\u0259 aid edilm\u0259m\u0259li oldu\u011funu bildirib. M\u0259hk\u0259m\u0259 bu arqumenti q\u0259bul ets\u0259 d\u0259, onun 2024-c\u00fc ild\u0259 10 g\u00fcn karserd\u0259 saxlan\u0131lmas\u0131 fakt\u0131n\u0131 \u0259sas g\u0259tir\u0259r\u0259k azadl\u0131\u011fa burax\u0131lmas\u0131na r\u0259dd cavab\u0131 verib\u201d,<\/em> \u2013 \u201c\u0130\u015f\u00e7i Masas\u0131\u201dn\u0131n yayd\u0131\u011f\u0131 m\u0259lumatda qeyd olunur.<\/p>\n\n\n\n<p>Ayxan \u0130srafilov bu q\u0259rarla raz\u0131la\u015fmay\u0131b v\u0259 karser\u0259 sal\u0131nma bar\u0259d\u0259 s\u0259n\u0259dl\u0259rin saxta oldu\u011funu bildirib.<\/p>\n\n\n\n<p><\/p>\n","protected":false},"excerpt":{"rendered":"<p>Avropa \u0130nsan H\u00fcquqlar\u0131 M\u0259hk\u0259m\u0259si (A\u0130HM) \u201c\u0130\u015f\u00e7i Masas\u0131\u201d H\u0259mkarlar \u0130ttifaqlar\u0131 Konfederasiyas\u0131n\u0131n &#8230; <\/p>\n<p class=\"read-more-container\"><a title=\"\u201c\u0130\u015f\u00e7i Masas\u0131\u201dn\u0131n f\u0259allar\u0131 bar\u0259d\u0259 q\u0259rarlar verilib\" class=\"read-more button\" href=\"https:\/\/www.meydan.tv\/az\/article\/isci-masasinin-f%c9%99allari-bar%c9%99d%c9%99-q%c9%99rarlar-verilib\/#more-335875\" aria-label=\"Read more about \u201c\u0130\u015f\u00e7i Masas\u0131\u201dn\u0131n f\u0259allar\u0131 bar\u0259d\u0259 q\u0259rarlar verilib\">Davam\u0131<\/a><\/p>\n","protected":false},"author":21,"featured_media":257670,"comment_status":"closed","ping_status":"closed","sticky":false,"template":"","format":"standard","meta":{"_acf_changed":false,"_sitemap_exclude":false,"_sitemap_priority":"","_sitemap_frequency":"","footnotes":""},"categories":[59,79,56],"tags":[],"class_list":["post-335875","post","type-post","status-publish","format-standard","has-post-thumbnail","hentry","category-siyaset","category-featured","category-xeberler","infinite-scroll-item","generate-columns","tablet-grid-50","mobile-grid-100","grid-parent","grid-33","no-featured-image-padding"],"acf":[],"yoast_head":"<!-- This site is optimized with the Yoast SEO plugin v27.5 - https:\/\/yoast.com\/product\/yoast-seo-wordpress\/ -->\n<title>\u201c\u0130\u015f\u00e7i Masas\u0131\u201dn\u0131n f\u0259allar\u0131 bar\u0259d\u0259 q\u0259rarlar verilib - MEYDAN.TV<\/title>\n<meta name=\"robots\" content=\"index, follow, max-snippet:-1, max-image-preview:large, max-video-preview:-1\" \/>\n<link rel=\"canonical\" href=\"https:\/\/www.meydan.tv\/az\/article\/isci-masasinin-f%c9%99allari-bar%c9%99d%c9%99-q%c9%99rarlar-verilib\/\" \/>\n<meta property=\"og:locale\" content=\"az_AZ\" \/>\n<meta property=\"og:type\" content=\"article\" \/>\n<meta property=\"og:title\" content=\"\u201c\u0130\u015f\u00e7i Masas\u0131\u201dn\u0131n f\u0259allar\u0131 bar\u0259d\u0259 q\u0259rarlar verilib - MEYDAN.TV\" \/>\n<meta property=\"og:description\" content=\"Avropa \u0130nsan H\u00fcquqlar\u0131 M\u0259hk\u0259m\u0259si (A\u0130HM) \u201c\u0130\u015f\u00e7i Masas\u0131\u201d H\u0259mkarlar \u0130ttifaqlar\u0131 Konfederasiyas\u0131n\u0131n ... Davam\u0131\" \/>\n<meta property=\"og:url\" content=\"https:\/\/www.meydan.tv\/az\/article\/isci-masasinin-f%c9%99allari-bar%c9%99d%c9%99-q%c9%99rarlar-verilib\/\" \/>\n<meta property=\"og:site_name\" content=\"MEYDAN.TV\" \/>\n<meta property=\"article:published_time\" content=\"2025-10-06T09:29:43+00:00\" \/>\n<meta property=\"article:modified_time\" content=\"2025-10-06T09:44:52+00:00\" \/>\n<meta property=\"og:image\" content=\"https:\/\/www.meydan.tv\/wp-content\/uploads\/shutterstock_1746948941-e1759742956590.jpg\" \/>\n\t<meta property=\"og:image:width\" content=\"1200\" \/>\n\t<meta property=\"og:image:height\" content=\"622\" \/>\n\t<meta property=\"og:image:type\" content=\"image\/jpeg\" \/>\n<meta name=\"author\" content=\"mahmud\" \/>\n<meta name=\"twitter:card\" content=\"summary_large_image\" \/>\n<script type=\"application\/ld+json\" class=\"yoast-schema-graph\">{\"@context\":\"https:\\\/\\\/schema.org\",\"@graph\":[{\"@type\":\"Article\",\"@id\":\"https:\\\/\\\/www.meydan.tv\\\/az\\\/article\\\/isci-masasinin-f%c9%99allari-bar%c9%99d%c9%99-q%c9%99rarlar-verilib\\\/#article\",\"isPartOf\":{\"@id\":\"https:\\\/\\\/www.meydan.tv\\\/az\\\/article\\\/isci-masasinin-f%c9%99allari-bar%c9%99d%c9%99-q%c9%99rarlar-verilib\\\/\"},\"author\":{\"name\":\"mahmud\",\"@id\":\"https:\\\/\\\/www.meydan.tv\\\/az\\\/#\\\/schema\\\/person\\\/09863e516102a829e72bedcf3f84c6b0\"},\"headline\":\"\u201c\u0130\u015f\u00e7i Masas\u0131\u201dn\u0131n f\u0259allar\u0131 bar\u0259d\u0259 q\u0259rarlar verilib\",\"datePublished\":\"2025-10-06T09:29:43+00:00\",\"dateModified\":\"2025-10-06T09:44:52+00:00\",\"mainEntityOfPage\":{\"@id\":\"https:\\\/\\\/www.meydan.tv\\\/az\\\/article\\\/isci-masasinin-f%c9%99allari-bar%c9%99d%c9%99-q%c9%99rarlar-verilib\\\/\"},\"wordCount\":460,\"publisher\":{\"@id\":\"https:\\\/\\\/www.meydan.tv\\\/az\\\/#organization\"},\"image\":{\"@id\":\"https:\\\/\\\/www.meydan.tv\\\/az\\\/article\\\/isci-masasinin-f%c9%99allari-bar%c9%99d%c9%99-q%c9%99rarlar-verilib\\\/#primaryimage\"},\"thumbnailUrl\":\"https:\\\/\\\/www.meydan.tv\\\/wp-content\\\/uploads\\\/shutterstock_1746948941-e1759742956590.jpg\",\"articleSection\":[\"Siyas\u0259t\",\"T\u00f6vsiy\u0259\",\"X\u0259b\u0259rl\u0259r\"],\"inLanguage\":\"az\"},{\"@type\":\"WebPage\",\"@id\":\"https:\\\/\\\/www.meydan.tv\\\/az\\\/article\\\/isci-masasinin-f%c9%99allari-bar%c9%99d%c9%99-q%c9%99rarlar-verilib\\\/\",\"url\":\"https:\\\/\\\/www.meydan.tv\\\/az\\\/article\\\/isci-masasinin-f%c9%99allari-bar%c9%99d%c9%99-q%c9%99rarlar-verilib\\\/\",\"name\":\"\u201c\u0130\u015f\u00e7i Masas\u0131\u201dn\u0131n f\u0259allar\u0131 bar\u0259d\u0259 q\u0259rarlar verilib - MEYDAN.TV\",\"isPartOf\":{\"@id\":\"https:\\\/\\\/www.meydan.tv\\\/az\\\/#website\"},\"primaryImageOfPage\":{\"@id\":\"https:\\\/\\\/www.meydan.tv\\\/az\\\/article\\\/isci-masasinin-f%c9%99allari-bar%c9%99d%c9%99-q%c9%99rarlar-verilib\\\/#primaryimage\"},\"image\":{\"@id\":\"https:\\\/\\\/www.meydan.tv\\\/az\\\/article\\\/isci-masasinin-f%c9%99allari-bar%c9%99d%c9%99-q%c9%99rarlar-verilib\\\/#primaryimage\"},\"thumbnailUrl\":\"https:\\\/\\\/www.meydan.tv\\\/wp-content\\\/uploads\\\/shutterstock_1746948941-e1759742956590.jpg\",\"datePublished\":\"2025-10-06T09:29:43+00:00\",\"dateModified\":\"2025-10-06T09:44:52+00:00\",\"breadcrumb\":{\"@id\":\"https:\\\/\\\/www.meydan.tv\\\/az\\\/article\\\/isci-masasinin-f%c9%99allari-bar%c9%99d%c9%99-q%c9%99rarlar-verilib\\\/#breadcrumb\"},\"inLanguage\":\"az\",\"potentialAction\":[{\"@type\":\"ReadAction\",\"target\":[\"https:\\\/\\\/www.meydan.tv\\\/az\\\/article\\\/isci-masasinin-f%c9%99allari-bar%c9%99d%c9%99-q%c9%99rarlar-verilib\\\/\"]}]},{\"@type\":\"ImageObject\",\"inLanguage\":\"az\",\"@id\":\"https:\\\/\\\/www.meydan.tv\\\/az\\\/article\\\/isci-masasinin-f%c9%99allari-bar%c9%99d%c9%99-q%c9%99rarlar-verilib\\\/#primaryimage\",\"url\":\"https:\\\/\\\/www.meydan.tv\\\/wp-content\\\/uploads\\\/shutterstock_1746948941-e1759742956590.jpg\",\"contentUrl\":\"https:\\\/\\\/www.meydan.tv\\\/wp-content\\\/uploads\\\/shutterstock_1746948941-e1759742956590.jpg\",\"width\":1200,\"height\":622,\"caption\":\"Foto: BERMIX STUDIO\\\/shutterstock\"},{\"@type\":\"BreadcrumbList\",\"@id\":\"https:\\\/\\\/www.meydan.tv\\\/az\\\/article\\\/isci-masasinin-f%c9%99allari-bar%c9%99d%c9%99-q%c9%99rarlar-verilib\\\/#breadcrumb\",\"itemListElement\":[{\"@type\":\"ListItem\",\"position\":1,\"name\":\"Ana s\u0259hif\u0259\",\"item\":\"https:\\\/\\\/www.meydan.tv\\\/az\\\/\"},{\"@type\":\"ListItem\",\"position\":2,\"name\":\"Siyas\u0259t\",\"item\":\"https:\\\/\\\/www.meydan.tv\\\/az\\\/section\\\/siyaset\\\/\"},{\"@type\":\"ListItem\",\"position\":3,\"name\":\"\u201c\u0130\u015f\u00e7i Masas\u0131\u201dn\u0131n f\u0259allar\u0131 bar\u0259d\u0259 q\u0259rarlar verilib\"}]},{\"@type\":\"WebSite\",\"@id\":\"https:\\\/\\\/www.meydan.tv\\\/az\\\/#website\",\"url\":\"https:\\\/\\\/www.meydan.tv\\\/az\\\/\",\"name\":\"MEYDAN.TV\",\"description\":\"Meydan TV Az\u0259rbaycan\u0131n media m\u0259kan\u0131ndak\u0131 alternativ s\u0259sidir\",\"publisher\":{\"@id\":\"https:\\\/\\\/www.meydan.tv\\\/az\\\/#organization\"},\"potentialAction\":[{\"@type\":\"SearchAction\",\"target\":{\"@type\":\"EntryPoint\",\"urlTemplate\":\"https:\\\/\\\/www.meydan.tv\\\/az\\\/?s={search_term_string}\"},\"query-input\":{\"@type\":\"PropertyValueSpecification\",\"valueRequired\":true,\"valueName\":\"search_term_string\"}}],\"inLanguage\":\"az\"},{\"@type\":\"Organization\",\"@id\":\"https:\\\/\\\/www.meydan.tv\\\/az\\\/#organization\",\"name\":\"Meydan TV\",\"url\":\"https:\\\/\\\/www.meydan.tv\\\/az\\\/\",\"logo\":{\"@type\":\"ImageObject\",\"inLanguage\":\"az\",\"@id\":\"https:\\\/\\\/www.meydan.tv\\\/az\\\/#\\\/schema\\\/logo\\\/image\\\/\",\"url\":\"https:\\\/\\\/www.meydan.tv\\\/wp-content\\\/uploads\\\/2021\\\/07\\\/meydan-logo.svg\",\"contentUrl\":\"https:\\\/\\\/www.meydan.tv\\\/wp-content\\\/uploads\\\/2021\\\/07\\\/meydan-logo.svg\",\"width\":195,\"height\":46,\"caption\":\"Meydan TV\"},\"image\":{\"@id\":\"https:\\\/\\\/www.meydan.tv\\\/az\\\/#\\\/schema\\\/logo\\\/image\\\/\"}},{\"@type\":\"Person\",\"@id\":\"https:\\\/\\\/www.meydan.tv\\\/az\\\/#\\\/schema\\\/person\\\/09863e516102a829e72bedcf3f84c6b0\",\"name\":\"mahmud\"}]}<\/script>\n<!-- \/ Yoast SEO plugin. -->","yoast_head_json":{"title":"\u201c\u0130\u015f\u00e7i Masas\u0131\u201dn\u0131n f\u0259allar\u0131 bar\u0259d\u0259 q\u0259rarlar verilib - MEYDAN.TV","robots":{"index":"index","follow":"follow","max-snippet":"max-snippet:-1","max-image-preview":"max-image-preview:large","max-video-preview":"max-video-preview:-1"},"canonical":"https:\/\/www.meydan.tv\/az\/article\/isci-masasinin-f%c9%99allari-bar%c9%99d%c9%99-q%c9%99rarlar-verilib\/","og_locale":"az_AZ","og_type":"article","og_title":"\u201c\u0130\u015f\u00e7i Masas\u0131\u201dn\u0131n f\u0259allar\u0131 bar\u0259d\u0259 q\u0259rarlar verilib - MEYDAN.TV","og_description":"Avropa \u0130nsan H\u00fcquqlar\u0131 M\u0259hk\u0259m\u0259si (A\u0130HM) \u201c\u0130\u015f\u00e7i Masas\u0131\u201d H\u0259mkarlar \u0130ttifaqlar\u0131 Konfederasiyas\u0131n\u0131n ... Davam\u0131","og_url":"https:\/\/www.meydan.tv\/az\/article\/isci-masasinin-f%c9%99allari-bar%c9%99d%c9%99-q%c9%99rarlar-verilib\/","og_site_name":"MEYDAN.TV","article_published_time":"2025-10-06T09:29:43+00:00","article_modified_time":"2025-10-06T09:44:52+00:00","og_image":[{"width":1200,"height":622,"url":"https:\/\/www.meydan.tv\/wp-content\/uploads\/shutterstock_1746948941-e1759742956590.jpg","type":"image\/jpeg"}],"author":"mahmud","twitter_card":"summary_large_image","schema":{"@context":"https:\/\/schema.org","@graph":[{"@type":"Article","@id":"https:\/\/www.meydan.tv\/az\/article\/isci-masasinin-f%c9%99allari-bar%c9%99d%c9%99-q%c9%99rarlar-verilib\/#article","isPartOf":{"@id":"https:\/\/www.meydan.tv\/az\/article\/isci-masasinin-f%c9%99allari-bar%c9%99d%c9%99-q%c9%99rarlar-verilib\/"},"author":{"name":"mahmud","@id":"https:\/\/www.meydan.tv\/az\/#\/schema\/person\/09863e516102a829e72bedcf3f84c6b0"},"headline":"\u201c\u0130\u015f\u00e7i Masas\u0131\u201dn\u0131n f\u0259allar\u0131 bar\u0259d\u0259 q\u0259rarlar verilib","datePublished":"2025-10-06T09:29:43+00:00","dateModified":"2025-10-06T09:44:52+00:00","mainEntityOfPage":{"@id":"https:\/\/www.meydan.tv\/az\/article\/isci-masasinin-f%c9%99allari-bar%c9%99d%c9%99-q%c9%99rarlar-verilib\/"},"wordCount":460,"publisher":{"@id":"https:\/\/www.meydan.tv\/az\/#organization"},"image":{"@id":"https:\/\/www.meydan.tv\/az\/article\/isci-masasinin-f%c9%99allari-bar%c9%99d%c9%99-q%c9%99rarlar-verilib\/#primaryimage"},"thumbnailUrl":"https:\/\/www.meydan.tv\/wp-content\/uploads\/shutterstock_1746948941-e1759742956590.jpg","articleSection":["Siyas\u0259t","T\u00f6vsiy\u0259","X\u0259b\u0259rl\u0259r"],"inLanguage":"az"},{"@type":"WebPage","@id":"https:\/\/www.meydan.tv\/az\/article\/isci-masasinin-f%c9%99allari-bar%c9%99d%c9%99-q%c9%99rarlar-verilib\/","url":"https:\/\/www.meydan.tv\/az\/article\/isci-masasinin-f%c9%99allari-bar%c9%99d%c9%99-q%c9%99rarlar-verilib\/","name":"\u201c\u0130\u015f\u00e7i Masas\u0131\u201dn\u0131n f\u0259allar\u0131 bar\u0259d\u0259 q\u0259rarlar verilib - MEYDAN.TV","isPartOf":{"@id":"https:\/\/www.meydan.tv\/az\/#website"},"primaryImageOfPage":{"@id":"https:\/\/www.meydan.tv\/az\/article\/isci-masasinin-f%c9%99allari-bar%c9%99d%c9%99-q%c9%99rarlar-verilib\/#primaryimage"},"image":{"@id":"https:\/\/www.meydan.tv\/az\/article\/isci-masasinin-f%c9%99allari-bar%c9%99d%c9%99-q%c9%99rarlar-verilib\/#primaryimage"},"thumbnailUrl":"https:\/\/www.meydan.tv\/wp-content\/uploads\/shutterstock_1746948941-e1759742956590.jpg","datePublished":"2025-10-06T09:29:43+00:00","dateModified":"2025-10-06T09:44:52+00:00","breadcrumb":{"@id":"https:\/\/www.meydan.tv\/az\/article\/isci-masasinin-f%c9%99allari-bar%c9%99d%c9%99-q%c9%99rarlar-verilib\/#breadcrumb"},"inLanguage":"az","potentialAction":[{"@type":"ReadAction","target":["https:\/\/www.meydan.tv\/az\/article\/isci-masasinin-f%c9%99allari-bar%c9%99d%c9%99-q%c9%99rarlar-verilib\/"]}]},{"@type":"ImageObject","inLanguage":"az","@id":"https:\/\/www.meydan.tv\/az\/article\/isci-masasinin-f%c9%99allari-bar%c9%99d%c9%99-q%c9%99rarlar-verilib\/#primaryimage","url":"https:\/\/www.meydan.tv\/wp-content\/uploads\/shutterstock_1746948941-e1759742956590.jpg","contentUrl":"https:\/\/www.meydan.tv\/wp-content\/uploads\/shutterstock_1746948941-e1759742956590.jpg","width":1200,"height":622,"caption":"Foto: BERMIX STUDIO\/shutterstock"},{"@type":"BreadcrumbList","@id":"https:\/\/www.meydan.tv\/az\/article\/isci-masasinin-f%c9%99allari-bar%c9%99d%c9%99-q%c9%99rarlar-verilib\/#breadcrumb","itemListElement":[{"@type":"ListItem","position":1,"name":"Ana s\u0259hif\u0259","item":"https:\/\/www.meydan.tv\/az\/"},{"@type":"ListItem","position":2,"name":"Siyas\u0259t","item":"https:\/\/www.meydan.tv\/az\/section\/siyaset\/"},{"@type":"ListItem","position":3,"name":"\u201c\u0130\u015f\u00e7i Masas\u0131\u201dn\u0131n f\u0259allar\u0131 bar\u0259d\u0259 q\u0259rarlar verilib"}]},{"@type":"WebSite","@id":"https:\/\/www.meydan.tv\/az\/#website","url":"https:\/\/www.meydan.tv\/az\/","name":"MEYDAN.TV","description":"Meydan TV Az\u0259rbaycan\u0131n media m\u0259kan\u0131ndak\u0131 alternativ s\u0259sidir","publisher":{"@id":"https:\/\/www.meydan.tv\/az\/#organization"},"potentialAction":[{"@type":"SearchAction","target":{"@type":"EntryPoint","urlTemplate":"https:\/\/www.meydan.tv\/az\/?s={search_term_string}"},"query-input":{"@type":"PropertyValueSpecification","valueRequired":true,"valueName":"search_term_string"}}],"inLanguage":"az"},{"@type":"Organization","@id":"https:\/\/www.meydan.tv\/az\/#organization","name":"Meydan TV","url":"https:\/\/www.meydan.tv\/az\/","logo":{"@type":"ImageObject","inLanguage":"az","@id":"https:\/\/www.meydan.tv\/az\/#\/schema\/logo\/image\/","url":"https:\/\/www.meydan.tv\/wp-content\/uploads\/2021\/07\/meydan-logo.svg","contentUrl":"https:\/\/www.meydan.tv\/wp-content\/uploads\/2021\/07\/meydan-logo.svg","width":195,"height":46,"caption":"Meydan TV"},"image":{"@id":"https:\/\/www.meydan.tv\/az\/#\/schema\/logo\/image\/"}},{"@type":"Person","@id":"https:\/\/www.meydan.tv\/az\/#\/schema\/person\/09863e516102a829e72bedcf3f84c6b0","name":"mahmud"}]}},"_links":{"self":[{"href":"https:\/\/www.meydan.tv\/az\/wp-json\/wp\/v2\/posts\/335875","targetHints":{"allow":["GET"]}}],"collection":[{"href":"https:\/\/www.meydan.tv\/az\/wp-json\/wp\/v2\/posts"}],"about":[{"href":"https:\/\/www.meydan.tv\/az\/wp-json\/wp\/v2\/types\/post"}],"author":[{"embeddable":true,"href":"https:\/\/www.meydan.tv\/az\/wp-json\/wp\/v2\/users\/21"}],"replies":[{"embeddable":true,"href":"https:\/\/www.meydan.tv\/az\/wp-json\/wp\/v2\/comments?post=335875"}],"version-history":[{"count":4,"href":"https:\/\/www.meydan.tv\/az\/wp-json\/wp\/v2\/posts\/335875\/revisions"}],"predecessor-version":[{"id":335880,"href":"https:\/\/www.meydan.tv\/az\/wp-json\/wp\/v2\/posts\/335875\/revisions\/335880"}],"wp:featuredmedia":[{"embeddable":true,"href":"https:\/\/www.meydan.tv\/az\/wp-json\/wp\/v2\/media\/257670"}],"wp:attachment":[{"href":"https:\/\/www.meydan.tv\/az\/wp-json\/wp\/v2\/media?parent=335875"}],"wp:term":[{"taxonomy":"category","embeddable":true,"href":"https:\/\/www.meydan.tv\/az\/wp-json\/wp\/v2\/categories?post=335875"},{"taxonomy":"post_tag","embeddable":true,"href":"https:\/\/www.meydan.tv\/az\/wp-json\/wp\/v2\/tags?post=335875"}],"curies":[{"name":"wp","href":"https:\/\/api.w.org\/{rel}","templated":true}]}}