{"id":335836,"date":"2025-10-03T18:47:36","date_gmt":"2025-10-03T14:47:36","guid":{"rendered":"https:\/\/www.meydan.tv\/?p=335836"},"modified":"2025-10-03T21:20:01","modified_gmt":"2025-10-03T17:20:01","slug":"nazirin-oglu-m%c9%99kt%c9%99bli-avtobusu-biznesin%c9%99-baslayib","status":"publish","type":"post","link":"https:\/\/www.meydan.tv\/az\/article\/nazirin-oglu-m%c9%99kt%c9%99bli-avtobusu-biznesin%c9%99-baslayib\/","title":{"rendered":"Nazirin o\u011flu &#8220;m\u0259kt\u0259bli avtobusu&#8221; biznesin\u0259 ba\u015flay\u0131b"},"content":{"rendered":"\n<p>Oktyabr\u0131n 1-d\u0259n Bak\u0131da &#8220;m\u0259kt\u0259bli avtobuslar\u0131&#8221; (<strong>&#8220;2School&#8221;<\/strong>) layih\u0259sinin icras\u0131na ba\u015flan\u0131l\u0131b. Layih\u0259 \u00e7\u0259r\u00e7iv\u0259sind\u0259 xidm\u0259t g\u00f6st\u0259ril\u0259c\u0259k m\u0259kt\u0259bl\u0259r aras\u0131nda Elitar gimnaziya, 6, 8, 20, 23, 27, 132-134 v\u0259 189-190 sayl\u0131 m\u0259kt\u0259bl\u0259r yer al\u0131r.<\/p>\n\n\n\n<p>Bu xidm\u0259td\u0259n 1200 \u015fagirdin yararlanaca\u011f\u0131 v\u0259 \u015fagirdl\u0259rin birba\u015fa evd\u0259n g\u00f6t\u00fcr\u00fclm\u0259kl\u0259 m\u0259kt\u0259b\u0259 g\u0259tir\u0259c\u0259yi bildirilir.<\/p>\n\n\n\n<p>Sosial \u015f\u0259b\u0259k\u0259l\u0259rd\u0259 v\u0259 m\u0259tbuatda yay\u0131lan m\u0259lumatlarda ayl\u0131q abun\u0259 haqq\u0131n\u0131n baha olmas\u0131 valideynl\u0259r, v\u0259t\u0259nda\u015flar t\u0259r\u0259find\u0259n t\u0259nqid olunub.<\/p>\n\n\n\n<p>Ayl\u0131q abun\u0259 haqq\u0131n\u0131n 100 manatdan ba\u015flad\u0131\u011f\u0131 <a href=\"https:\/\/www.gununsesi.info\/m%c9%99kt%c9%99bli-avtobuslari-11-m%c9%99kt%c9%99bd%c9%99-t%c9%99tbiq-olunacaq\/\">deyils\u0259 d\u0259<\/a>, real r\u0259q\u0259ml\u0259r daha y\u00fcks\u0259kdir.<\/p>\n\n\n\n<p>Apar\u0131lan ki\u00e7ik ara\u015fd\u0131rma n\u0259tic\u0259sind\u0259 m\u0259lum olub ki, bir u\u015faq \u00fc\u00e7\u00fcn qiym\u0259tl\u0259r a\u015fa\u011f\u0131dak\u0131 kimidir:<\/p>\n\n\n\n<p>X\u0131rdalan \u015f\u0259h\u0259rind\u0259n &#8211; 132-134 n\u00f6mr\u0259li m\u0259kt\u0259b\u0259 gedi\u015f-g\u0259li\u015f olmaqla ayl\u0131q qiym\u0259t 240 manat t\u0259\u015fkil edir. Bu, t\u0259xmin\u0259n 15 km-lik m\u0259saf\u0259, 20-25 d\u0259qiq\u0259lik yol dem\u0259kdir. Bu m\u0259kt\u0259bl\u0259r paytaxt\u0131n m\u0259rk\u0259zi hiss\u0259sind\u0259 yerl\u0259\u015fir.<\/p>\n\n\n\n<p>Yasamal rayonu, \u018fs\u0259d \u018fhm\u0259dov k\u00fc\u00e7\u0259sind\u0259n &#8211; 132-134 n\u00f6mr\u0259li m\u0259kt\u0259b\u0259 gedi\u015f-g\u0259li\u015f olmaqla ayl\u0131q qiym\u0259t is\u0259 168 manat t\u0259\u015fkil edir.<\/p>\n\n\n\n<p>Ay \u0259rzind\u0259 \u015fagirdl\u0259rin ortalama d\u0259rs\u0259 20 d\u0259f\u0259 gedib g\u0259ldikl\u0259rini n\u0259z\u0259r\u0259 alsaq,&nbsp;bu, X\u0131rdalan \u015f\u0259h\u0259rind\u0259 ya\u015fayan \u015fagird \u00fc\u00e7\u00fcn g\u00fcnl\u00fck 12 manat yol x\u0259rci dem\u0259kdir. Yasamalda qalan \u00fc\u00e7\u00fcn is\u0259 g\u00fcnl\u00fck 8,4 manat x\u0259rc yaranm\u0131\u015f olacaq.<\/p>\n\n\n\n<p>Layih\u0259 r\u0259hb\u0259rliyind\u0259n veril\u0259n <a href=\"https:\/\/news.milli.az\/country\/1296090.html\">m\u0259lumata<\/a> g\u00f6r\u0259, qazi v\u0259 \u015f\u0259hid ail\u0259l\u0259rin\u0259, el\u0259c\u0259 d\u0259 ikinci \u00f6vlad\u0131 m\u0259kt\u0259bd\u0259 oxuyan ail\u0259l\u0259r\u0259 endiriml\u0259r n\u0259z\u0259rd\u0259 tutulub. Eyni zamanda, ail\u0259d\u0259 bir ne\u00e7\u0259 u\u015faq layih\u0259d\u0259 i\u015ftirak edirs\u0259, ikinci u\u015fa\u011fa g\u00fcz\u0259\u015ft t\u0259tbiq edil\u0259c\u0259yi bildirilir.<\/p>\n\n\n\n<p><strong>\u201c2school\u201d<\/strong> SABAH.HUB \u0130nnovasiya M\u0259rk\u0259zinin \u201cSABAH studio\u201d&nbsp; layih\u0259sin\u0259 ba\u011fl\u0131 startapd\u0131r. SABAH.HUB \u0130nnovasiya M\u0259rk\u0259zinin r\u0259hb\u0259ri <strong>xarici i\u015fl\u0259r naziri Ceyhun Bayramovun o\u011flu R\u0259him Bayraml\u0131d\u0131r.<\/strong><\/p>\n\n\n\n<p>R\u0259him Bayraml\u0131 m\u00fcxt\u0259lif sah\u0259l\u0259rd\u0259 yeni \u015firk\u0259tl\u0259rin qurulmas\u0131na fokuslanan, Elm v\u0259 T\u0259hsil Nazirliyinin T\u0259hsil \u0130nstitutunun n\u0259zdind\u0259 2021-ci ild\u0259 yarad\u0131lm\u0131\u015f \u201cSabah.lab\u201d MMC-nin icra\u00e7\u0131 direktorudur.<\/p>\n\n\n\n<p>R\u0259him Bayraml\u0131 haqq\u0131nda daha geni\u015f m\u0259lumat\u0131 AbzasMedia-n\u0131n h\u0259bsxanada olan jurnalistl\u0259ri nazir Ceyhun Bayramovun ail\u0259 s\u0259rv\u0259tini<a href=\"https:\/\/abzas.org\/az\/2023\/7\/xarici-islr-naziri-ceyhun-bayadcbdaba-3\/\"> ara\u015fd\u0131rark\u0259n<\/a> yazm\u0131\u015fd\u0131lar.<\/p>\n\n\n\n<p>\u201c<a href=\"https:\/\/www.gununsesi.info\/m%c9%99kt%c9%99bli-avtobuslari-ucun-t%c9%99yin-olunan-qiym%c9%99tl%c9%99r-valideynl%c9%99rin-cibin%c9%99-uygun-deyil\/\">Gununsesi<\/a>\u201d sayt\u0131na a\u00e7\u0131qlamas\u0131nda t\u0259hsil eksperti El\u015f\u0259n Qafarov vur\u011fulay\u0131b ki, avtobuslar \u00fc\u00e7\u00fcn t\u0259yin olunan qiym\u0259tl\u0259r valideynl\u0259rin cibin\u0259 uy\u011fun deyil.<\/p>\n\n\n\n<p>\u201c\u00d6d\u0259ni\u015fl\u0259r ayl\u0131q 100 manatdan ba\u015flay\u0131b 250 manata q\u0259d\u0259rdir.&nbsp; B\u0259s avtobuslara n\u0259 q\u0259d\u0259r pul ayr\u0131lacaq? Bu xidm\u0259ti hans\u0131 \u015firk\u0259tl\u0259r t\u0259\u015fkil ed\u0259c\u0259k? Emin \u018fmrullayevin dostlar\u0131, yaxud ona yax\u0131n \u015f\u0259xsl\u0259rin \u015firk\u0259tl\u0259ri olacaqm\u0131?<\/p>\n\n\n\n<p>Nec\u0259 ki, m\u0259kt\u0259b bufetl\u0259ri ayr\u0131-ayr\u0131 \u015firk\u0259tl\u0259r\u0259 verildi v\u0259 m\u0259kt\u0259bl\u0259r\u0259 bunun he\u00e7 bir aidiyy\u0259ti yoxdur. Guya ia\u015f\u0259 xidm\u0259tini t\u0259\u015fkil edirl\u0259r, amma \u0259slind\u0259 b\u00f6y\u00fck biznes layih\u0259sidir.<\/p>\n\n\n\n<p>Orta hesabla h\u0259r bir \u015fagird \u00fc\u00e7\u00fcn h\u0259min \u015firk\u0259tl\u0259r\u0259 T\u0259hsil Nazirliyinin hesab\u0131na 52 q\u0259pik \u00f6d\u0259nilir. G\u00f6zl\u0259y\u0259k g\u00f6r\u0259k avtobuslar m\u0259s\u0259l\u0259si nec\u0259 olacaq\u201d, &#8211; dey\u0259 o \u0259lav\u0259 edib.<\/p>\n\n\n\n<p>\u201c2School\u201d layih\u0259sinin SABAH.HUB \u0130nnovasiya M\u0259rk\u0259zi il\u0259 \u0259laq\u0259si yoxdur\u201d. Bu bar\u0259d\u0259 &#8220;<a href=\"https:\/\/www.yeniavaz.com\/az\/news\/254587\/mektebli-avtobuslarindaki-qiymetler-naraziliq-yaradib-yenilenib\">Yeniavaz<\/a>&#8221; sayt\u0131na SABAH.HUB \u0130nnovasiya M\u0259rk\u0259zinin ictimaiyy\u0259tl\u0259 \u0259laq\u0259l\u0259r \u015f\u00f6b\u0259sind\u0259n m\u0259lumat verilib.<\/p>\n\n\n\n<p>Bildirilib ki, M\u0259rk\u0259zin r\u0259smi veb-s\u0259hif\u0259sind\u0259 bu bar\u0259d\u0259 yerl\u0259\u015fdirilmi\u015f m\u0259lumat g\u00f6t\u00fcr\u00fcl\u0259c\u0259k. Qeyd olunub ki, \u201c2School\u201d layih\u0259sinin t\u0259sis\u00e7isi Mustafa H\u00fcseynovdur.&nbsp;<\/p>\n\n\n\n<p>Lakin Mustafa H\u00fcseynov yerli m\u0259tbuata <a href=\"https:\/\/anews.az\/az\/cemiyyet\/491646\/quotmektebli-avtobuslarquot-layihesinin-rehberinden-qiymetle-bagli-aciqlama-msahb\/\">m\u00fcsahib\u0259sind\u0259<\/a> bildirib ki, \u201c2school\u201d layih\u0259si SABAH studio-nun startap\u0131d\u0131r v\u0259 haz\u0131rda pilot layih\u0259 kimi s\u0131naqdan ke\u00e7irilir. &#8220;2school&#8221; h\u0259m d\u00f6vl\u0259t, h\u0259m d\u0259 \u00f6z\u0259l m\u0259kt\u0259bl\u0259rl\u0259 \u0259m\u0259kda\u015fl\u0131q edir.<\/p>\n\n\n\n<p>H\u0259m\u00e7ini \u0259lav\u0259 edib ki, da\u015f\u0131y\u0131c\u0131 \u015firk\u0259tin qiym\u0259tl\u0259ri he\u00e7 d\u0259 baha deyil: \u201cBu sad\u0259c\u0259 m\u0259kt\u0259bli avtobusu deyil, qiym\u0259t\u0259 day\u0259 xidm\u0259ti, m\u0259kt\u0259bl\u0259rin daxilind\u0259 f\u0259aliyy\u0259t g\u00f6st\u0259r\u0259n kuratorlara veril\u0259n v\u0259sait d\u0259 daxildir&nbsp; v\u0259 bunlar da qiym\u0259t\u0259 t\u0259sir ed\u0259n amill\u0259rd\u0259ndir\u201d.<\/p>\n","protected":false},"excerpt":{"rendered":"<p>Oktyabr\u0131n 1-d\u0259n Bak\u0131da &#8220;m\u0259kt\u0259bli avtobuslar\u0131&#8221; (&#8220;2School&#8221;) layih\u0259sinin icras\u0131na ba\u015flan\u0131l\u0131b. Layih\u0259 &#8230; <\/p>\n<p class=\"read-more-container\"><a title=\"Nazirin o\u011flu &#8220;m\u0259kt\u0259bli avtobusu&#8221; biznesin\u0259 ba\u015flay\u0131b\" class=\"read-more button\" href=\"https:\/\/www.meydan.tv\/az\/article\/nazirin-oglu-m%c9%99kt%c9%99bli-avtobusu-biznesin%c9%99-baslayib\/#more-335836\" aria-label=\"Read more about Nazirin o\u011flu &#8220;m\u0259kt\u0259bli avtobusu&#8221; biznesin\u0259 ba\u015flay\u0131b\">Davam\u0131<\/a><\/p>\n","protected":false},"author":14,"featured_media":335837,"comment_status":"closed","ping_status":"closed","sticky":false,"template":"","format":"standard","meta":{"_acf_changed":false,"_sitemap_exclude":false,"_sitemap_priority":"","_sitemap_frequency":"","footnotes":""},"categories":[55,88,56],"tags":[],"class_list":["post-335836","post","type-post","status-publish","format-standard","has-post-thumbnail","hentry","category-arasdirma","category-redaktor-secimi","category-xeberler","infinite-scroll-item","generate-columns","tablet-grid-50","mobile-grid-100","grid-parent","grid-33","no-featured-image-padding"],"acf":[],"yoast_head":"<!-- This site is optimized with the Yoast SEO plugin v27.5 - https:\/\/yoast.com\/product\/yoast-seo-wordpress\/ -->\n<title>Nazirin o\u011flu &quot;m\u0259kt\u0259bli avtobusu&quot; biznesin\u0259 ba\u015flay\u0131b - MEYDAN.TV<\/title>\n<meta name=\"robots\" content=\"index, follow, max-snippet:-1, max-image-preview:large, max-video-preview:-1\" \/>\n<link rel=\"canonical\" href=\"https:\/\/www.meydan.tv\/az\/article\/nazirin-oglu-m%c9%99kt%c9%99bli-avtobusu-biznesin%c9%99-baslayib\/\" \/>\n<meta property=\"og:locale\" content=\"az_AZ\" \/>\n<meta property=\"og:type\" content=\"article\" \/>\n<meta property=\"og:title\" content=\"Nazirin o\u011flu &quot;m\u0259kt\u0259bli avtobusu&quot; biznesin\u0259 ba\u015flay\u0131b - MEYDAN.TV\" \/>\n<meta property=\"og:description\" content=\"Oktyabr\u0131n 1-d\u0259n Bak\u0131da &#8220;m\u0259kt\u0259bli avtobuslar\u0131&#8221; (&#8220;2School&#8221;) layih\u0259sinin icras\u0131na ba\u015flan\u0131l\u0131b. Layih\u0259 ... Davam\u0131\" \/>\n<meta property=\"og:url\" content=\"https:\/\/www.meydan.tv\/az\/article\/nazirin-oglu-m%c9%99kt%c9%99bli-avtobusu-biznesin%c9%99-baslayib\/\" \/>\n<meta property=\"og:site_name\" content=\"MEYDAN.TV\" \/>\n<meta property=\"article:published_time\" content=\"2025-10-03T14:47:36+00:00\" \/>\n<meta property=\"article:modified_time\" content=\"2025-10-03T17:20:01+00:00\" \/>\n<meta property=\"og:image\" content=\"https:\/\/www.meydan.tv\/wp-content\/uploads\/0675-1.png\" \/>\n\t<meta property=\"og:image:width\" content=\"1179\" \/>\n\t<meta property=\"og:image:height\" content=\"576\" \/>\n\t<meta property=\"og:image:type\" content=\"image\/png\" \/>\n<meta name=\"author\" content=\"roma\" \/>\n<meta name=\"twitter:card\" content=\"summary_large_image\" \/>\n<script type=\"application\/ld+json\" class=\"yoast-schema-graph\">{\"@context\":\"https:\\\/\\\/schema.org\",\"@graph\":[{\"@type\":\"Article\",\"@id\":\"https:\\\/\\\/www.meydan.tv\\\/az\\\/article\\\/nazirin-oglu-m%c9%99kt%c9%99bli-avtobusu-biznesin%c9%99-baslayib\\\/#article\",\"isPartOf\":{\"@id\":\"https:\\\/\\\/www.meydan.tv\\\/az\\\/article\\\/nazirin-oglu-m%c9%99kt%c9%99bli-avtobusu-biznesin%c9%99-baslayib\\\/\"},\"author\":{\"name\":\"roma\",\"@id\":\"https:\\\/\\\/www.meydan.tv\\\/az\\\/#\\\/schema\\\/person\\\/8f23e01c4de63326c13c319fb65ee65d\"},\"headline\":\"Nazirin o\u011flu &#8220;m\u0259kt\u0259bli avtobusu&#8221; biznesin\u0259 ba\u015flay\u0131b\",\"datePublished\":\"2025-10-03T14:47:36+00:00\",\"dateModified\":\"2025-10-03T17:20:01+00:00\",\"mainEntityOfPage\":{\"@id\":\"https:\\\/\\\/www.meydan.tv\\\/az\\\/article\\\/nazirin-oglu-m%c9%99kt%c9%99bli-avtobusu-biznesin%c9%99-baslayib\\\/\"},\"wordCount\":805,\"publisher\":{\"@id\":\"https:\\\/\\\/www.meydan.tv\\\/az\\\/#organization\"},\"image\":{\"@id\":\"https:\\\/\\\/www.meydan.tv\\\/az\\\/article\\\/nazirin-oglu-m%c9%99kt%c9%99bli-avtobusu-biznesin%c9%99-baslayib\\\/#primaryimage\"},\"thumbnailUrl\":\"https:\\\/\\\/www.meydan.tv\\\/wp-content\\\/uploads\\\/0675-1.png\",\"articleSection\":[\"Ara\u015fd\u0131rma\",\"Redaktor se\u00e7imi\",\"X\u0259b\u0259rl\u0259r\"],\"inLanguage\":\"az\"},{\"@type\":\"WebPage\",\"@id\":\"https:\\\/\\\/www.meydan.tv\\\/az\\\/article\\\/nazirin-oglu-m%c9%99kt%c9%99bli-avtobusu-biznesin%c9%99-baslayib\\\/\",\"url\":\"https:\\\/\\\/www.meydan.tv\\\/az\\\/article\\\/nazirin-oglu-m%c9%99kt%c9%99bli-avtobusu-biznesin%c9%99-baslayib\\\/\",\"name\":\"Nazirin o\u011flu \\\"m\u0259kt\u0259bli avtobusu\\\" biznesin\u0259 ba\u015flay\u0131b - MEYDAN.TV\",\"isPartOf\":{\"@id\":\"https:\\\/\\\/www.meydan.tv\\\/az\\\/#website\"},\"primaryImageOfPage\":{\"@id\":\"https:\\\/\\\/www.meydan.tv\\\/az\\\/article\\\/nazirin-oglu-m%c9%99kt%c9%99bli-avtobusu-biznesin%c9%99-baslayib\\\/#primaryimage\"},\"image\":{\"@id\":\"https:\\\/\\\/www.meydan.tv\\\/az\\\/article\\\/nazirin-oglu-m%c9%99kt%c9%99bli-avtobusu-biznesin%c9%99-baslayib\\\/#primaryimage\"},\"thumbnailUrl\":\"https:\\\/\\\/www.meydan.tv\\\/wp-content\\\/uploads\\\/0675-1.png\",\"datePublished\":\"2025-10-03T14:47:36+00:00\",\"dateModified\":\"2025-10-03T17:20:01+00:00\",\"breadcrumb\":{\"@id\":\"https:\\\/\\\/www.meydan.tv\\\/az\\\/article\\\/nazirin-oglu-m%c9%99kt%c9%99bli-avtobusu-biznesin%c9%99-baslayib\\\/#breadcrumb\"},\"inLanguage\":\"az\",\"potentialAction\":[{\"@type\":\"ReadAction\",\"target\":[\"https:\\\/\\\/www.meydan.tv\\\/az\\\/article\\\/nazirin-oglu-m%c9%99kt%c9%99bli-avtobusu-biznesin%c9%99-baslayib\\\/\"]}]},{\"@type\":\"ImageObject\",\"inLanguage\":\"az\",\"@id\":\"https:\\\/\\\/www.meydan.tv\\\/az\\\/article\\\/nazirin-oglu-m%c9%99kt%c9%99bli-avtobusu-biznesin%c9%99-baslayib\\\/#primaryimage\",\"url\":\"https:\\\/\\\/www.meydan.tv\\\/wp-content\\\/uploads\\\/0675-1.png\",\"contentUrl\":\"https:\\\/\\\/www.meydan.tv\\\/wp-content\\\/uploads\\\/0675-1.png\",\"width\":1179,\"height\":576,\"caption\":\"Kollaj: Meydan TV\"},{\"@type\":\"BreadcrumbList\",\"@id\":\"https:\\\/\\\/www.meydan.tv\\\/az\\\/article\\\/nazirin-oglu-m%c9%99kt%c9%99bli-avtobusu-biznesin%c9%99-baslayib\\\/#breadcrumb\",\"itemListElement\":[{\"@type\":\"ListItem\",\"position\":1,\"name\":\"Ana s\u0259hif\u0259\",\"item\":\"https:\\\/\\\/www.meydan.tv\\\/az\\\/\"},{\"@type\":\"ListItem\",\"position\":2,\"name\":\"Ara\u015fd\u0131rma\",\"item\":\"https:\\\/\\\/www.meydan.tv\\\/az\\\/section\\\/arasdirma\\\/\"},{\"@type\":\"ListItem\",\"position\":3,\"name\":\"Nazirin o\u011flu &#8220;m\u0259kt\u0259bli avtobusu&#8221; biznesin\u0259 ba\u015flay\u0131b\"}]},{\"@type\":\"WebSite\",\"@id\":\"https:\\\/\\\/www.meydan.tv\\\/az\\\/#website\",\"url\":\"https:\\\/\\\/www.meydan.tv\\\/az\\\/\",\"name\":\"MEYDAN.TV\",\"description\":\"Meydan TV Az\u0259rbaycan\u0131n media m\u0259kan\u0131ndak\u0131 alternativ s\u0259sidir\",\"publisher\":{\"@id\":\"https:\\\/\\\/www.meydan.tv\\\/az\\\/#organization\"},\"potentialAction\":[{\"@type\":\"SearchAction\",\"target\":{\"@type\":\"EntryPoint\",\"urlTemplate\":\"https:\\\/\\\/www.meydan.tv\\\/az\\\/?s={search_term_string}\"},\"query-input\":{\"@type\":\"PropertyValueSpecification\",\"valueRequired\":true,\"valueName\":\"search_term_string\"}}],\"inLanguage\":\"az\"},{\"@type\":\"Organization\",\"@id\":\"https:\\\/\\\/www.meydan.tv\\\/az\\\/#organization\",\"name\":\"Meydan TV\",\"url\":\"https:\\\/\\\/www.meydan.tv\\\/az\\\/\",\"logo\":{\"@type\":\"ImageObject\",\"inLanguage\":\"az\",\"@id\":\"https:\\\/\\\/www.meydan.tv\\\/az\\\/#\\\/schema\\\/logo\\\/image\\\/\",\"url\":\"https:\\\/\\\/www.meydan.tv\\\/wp-content\\\/uploads\\\/2021\\\/07\\\/meydan-logo.svg\",\"contentUrl\":\"https:\\\/\\\/www.meydan.tv\\\/wp-content\\\/uploads\\\/2021\\\/07\\\/meydan-logo.svg\",\"width\":195,\"height\":46,\"caption\":\"Meydan TV\"},\"image\":{\"@id\":\"https:\\\/\\\/www.meydan.tv\\\/az\\\/#\\\/schema\\\/logo\\\/image\\\/\"}},{\"@type\":\"Person\",\"@id\":\"https:\\\/\\\/www.meydan.tv\\\/az\\\/#\\\/schema\\\/person\\\/8f23e01c4de63326c13c319fb65ee65d\",\"name\":\"roma\"}]}<\/script>\n<!-- \/ Yoast SEO plugin. -->","yoast_head_json":{"title":"Nazirin o\u011flu \"m\u0259kt\u0259bli avtobusu\" biznesin\u0259 ba\u015flay\u0131b - MEYDAN.TV","robots":{"index":"index","follow":"follow","max-snippet":"max-snippet:-1","max-image-preview":"max-image-preview:large","max-video-preview":"max-video-preview:-1"},"canonical":"https:\/\/www.meydan.tv\/az\/article\/nazirin-oglu-m%c9%99kt%c9%99bli-avtobusu-biznesin%c9%99-baslayib\/","og_locale":"az_AZ","og_type":"article","og_title":"Nazirin o\u011flu \"m\u0259kt\u0259bli avtobusu\" biznesin\u0259 ba\u015flay\u0131b - MEYDAN.TV","og_description":"Oktyabr\u0131n 1-d\u0259n Bak\u0131da &#8220;m\u0259kt\u0259bli avtobuslar\u0131&#8221; (&#8220;2School&#8221;) layih\u0259sinin icras\u0131na ba\u015flan\u0131l\u0131b. Layih\u0259 ... Davam\u0131","og_url":"https:\/\/www.meydan.tv\/az\/article\/nazirin-oglu-m%c9%99kt%c9%99bli-avtobusu-biznesin%c9%99-baslayib\/","og_site_name":"MEYDAN.TV","article_published_time":"2025-10-03T14:47:36+00:00","article_modified_time":"2025-10-03T17:20:01+00:00","og_image":[{"width":1179,"height":576,"url":"https:\/\/www.meydan.tv\/wp-content\/uploads\/0675-1.png","type":"image\/png"}],"author":"roma","twitter_card":"summary_large_image","schema":{"@context":"https:\/\/schema.org","@graph":[{"@type":"Article","@id":"https:\/\/www.meydan.tv\/az\/article\/nazirin-oglu-m%c9%99kt%c9%99bli-avtobusu-biznesin%c9%99-baslayib\/#article","isPartOf":{"@id":"https:\/\/www.meydan.tv\/az\/article\/nazirin-oglu-m%c9%99kt%c9%99bli-avtobusu-biznesin%c9%99-baslayib\/"},"author":{"name":"roma","@id":"https:\/\/www.meydan.tv\/az\/#\/schema\/person\/8f23e01c4de63326c13c319fb65ee65d"},"headline":"Nazirin o\u011flu &#8220;m\u0259kt\u0259bli avtobusu&#8221; biznesin\u0259 ba\u015flay\u0131b","datePublished":"2025-10-03T14:47:36+00:00","dateModified":"2025-10-03T17:20:01+00:00","mainEntityOfPage":{"@id":"https:\/\/www.meydan.tv\/az\/article\/nazirin-oglu-m%c9%99kt%c9%99bli-avtobusu-biznesin%c9%99-baslayib\/"},"wordCount":805,"publisher":{"@id":"https:\/\/www.meydan.tv\/az\/#organization"},"image":{"@id":"https:\/\/www.meydan.tv\/az\/article\/nazirin-oglu-m%c9%99kt%c9%99bli-avtobusu-biznesin%c9%99-baslayib\/#primaryimage"},"thumbnailUrl":"https:\/\/www.meydan.tv\/wp-content\/uploads\/0675-1.png","articleSection":["Ara\u015fd\u0131rma","Redaktor se\u00e7imi","X\u0259b\u0259rl\u0259r"],"inLanguage":"az"},{"@type":"WebPage","@id":"https:\/\/www.meydan.tv\/az\/article\/nazirin-oglu-m%c9%99kt%c9%99bli-avtobusu-biznesin%c9%99-baslayib\/","url":"https:\/\/www.meydan.tv\/az\/article\/nazirin-oglu-m%c9%99kt%c9%99bli-avtobusu-biznesin%c9%99-baslayib\/","name":"Nazirin o\u011flu \"m\u0259kt\u0259bli avtobusu\" biznesin\u0259 ba\u015flay\u0131b - MEYDAN.TV","isPartOf":{"@id":"https:\/\/www.meydan.tv\/az\/#website"},"primaryImageOfPage":{"@id":"https:\/\/www.meydan.tv\/az\/article\/nazirin-oglu-m%c9%99kt%c9%99bli-avtobusu-biznesin%c9%99-baslayib\/#primaryimage"},"image":{"@id":"https:\/\/www.meydan.tv\/az\/article\/nazirin-oglu-m%c9%99kt%c9%99bli-avtobusu-biznesin%c9%99-baslayib\/#primaryimage"},"thumbnailUrl":"https:\/\/www.meydan.tv\/wp-content\/uploads\/0675-1.png","datePublished":"2025-10-03T14:47:36+00:00","dateModified":"2025-10-03T17:20:01+00:00","breadcrumb":{"@id":"https:\/\/www.meydan.tv\/az\/article\/nazirin-oglu-m%c9%99kt%c9%99bli-avtobusu-biznesin%c9%99-baslayib\/#breadcrumb"},"inLanguage":"az","potentialAction":[{"@type":"ReadAction","target":["https:\/\/www.meydan.tv\/az\/article\/nazirin-oglu-m%c9%99kt%c9%99bli-avtobusu-biznesin%c9%99-baslayib\/"]}]},{"@type":"ImageObject","inLanguage":"az","@id":"https:\/\/www.meydan.tv\/az\/article\/nazirin-oglu-m%c9%99kt%c9%99bli-avtobusu-biznesin%c9%99-baslayib\/#primaryimage","url":"https:\/\/www.meydan.tv\/wp-content\/uploads\/0675-1.png","contentUrl":"https:\/\/www.meydan.tv\/wp-content\/uploads\/0675-1.png","width":1179,"height":576,"caption":"Kollaj: Meydan TV"},{"@type":"BreadcrumbList","@id":"https:\/\/www.meydan.tv\/az\/article\/nazirin-oglu-m%c9%99kt%c9%99bli-avtobusu-biznesin%c9%99-baslayib\/#breadcrumb","itemListElement":[{"@type":"ListItem","position":1,"name":"Ana s\u0259hif\u0259","item":"https:\/\/www.meydan.tv\/az\/"},{"@type":"ListItem","position":2,"name":"Ara\u015fd\u0131rma","item":"https:\/\/www.meydan.tv\/az\/section\/arasdirma\/"},{"@type":"ListItem","position":3,"name":"Nazirin o\u011flu &#8220;m\u0259kt\u0259bli avtobusu&#8221; biznesin\u0259 ba\u015flay\u0131b"}]},{"@type":"WebSite","@id":"https:\/\/www.meydan.tv\/az\/#website","url":"https:\/\/www.meydan.tv\/az\/","name":"MEYDAN.TV","description":"Meydan TV Az\u0259rbaycan\u0131n media m\u0259kan\u0131ndak\u0131 alternativ s\u0259sidir","publisher":{"@id":"https:\/\/www.meydan.tv\/az\/#organization"},"potentialAction":[{"@type":"SearchAction","target":{"@type":"EntryPoint","urlTemplate":"https:\/\/www.meydan.tv\/az\/?s={search_term_string}"},"query-input":{"@type":"PropertyValueSpecification","valueRequired":true,"valueName":"search_term_string"}}],"inLanguage":"az"},{"@type":"Organization","@id":"https:\/\/www.meydan.tv\/az\/#organization","name":"Meydan TV","url":"https:\/\/www.meydan.tv\/az\/","logo":{"@type":"ImageObject","inLanguage":"az","@id":"https:\/\/www.meydan.tv\/az\/#\/schema\/logo\/image\/","url":"https:\/\/www.meydan.tv\/wp-content\/uploads\/2021\/07\/meydan-logo.svg","contentUrl":"https:\/\/www.meydan.tv\/wp-content\/uploads\/2021\/07\/meydan-logo.svg","width":195,"height":46,"caption":"Meydan TV"},"image":{"@id":"https:\/\/www.meydan.tv\/az\/#\/schema\/logo\/image\/"}},{"@type":"Person","@id":"https:\/\/www.meydan.tv\/az\/#\/schema\/person\/8f23e01c4de63326c13c319fb65ee65d","name":"roma"}]}},"_links":{"self":[{"href":"https:\/\/www.meydan.tv\/az\/wp-json\/wp\/v2\/posts\/335836","targetHints":{"allow":["GET"]}}],"collection":[{"href":"https:\/\/www.meydan.tv\/az\/wp-json\/wp\/v2\/posts"}],"about":[{"href":"https:\/\/www.meydan.tv\/az\/wp-json\/wp\/v2\/types\/post"}],"author":[{"embeddable":true,"href":"https:\/\/www.meydan.tv\/az\/wp-json\/wp\/v2\/users\/14"}],"replies":[{"embeddable":true,"href":"https:\/\/www.meydan.tv\/az\/wp-json\/wp\/v2\/comments?post=335836"}],"version-history":[{"count":4,"href":"https:\/\/www.meydan.tv\/az\/wp-json\/wp\/v2\/posts\/335836\/revisions"}],"predecessor-version":[{"id":335855,"href":"https:\/\/www.meydan.tv\/az\/wp-json\/wp\/v2\/posts\/335836\/revisions\/335855"}],"wp:featuredmedia":[{"embeddable":true,"href":"https:\/\/www.meydan.tv\/az\/wp-json\/wp\/v2\/media\/335837"}],"wp:attachment":[{"href":"https:\/\/www.meydan.tv\/az\/wp-json\/wp\/v2\/media?parent=335836"}],"wp:term":[{"taxonomy":"category","embeddable":true,"href":"https:\/\/www.meydan.tv\/az\/wp-json\/wp\/v2\/categories?post=335836"},{"taxonomy":"post_tag","embeddable":true,"href":"https:\/\/www.meydan.tv\/az\/wp-json\/wp\/v2\/tags?post=335836"}],"curies":[{"name":"wp","href":"https:\/\/api.w.org\/{rel}","templated":true}]}}