{"id":335804,"date":"2025-10-02T16:20:48","date_gmt":"2025-10-02T12:20:48","guid":{"rendered":"https:\/\/www.meydan.tv\/?p=335804"},"modified":"2025-10-02T16:20:50","modified_gmt":"2025-10-02T12:20:50","slug":"eliyev-pasinyanla-kopenhagend%c9%99-gorusub","status":"publish","type":"post","link":"https:\/\/www.meydan.tv\/az\/article\/eliyev-pasinyanla-kopenhagend%c9%99-gorusub\/","title":{"rendered":"\u018fliyev Pa\u015finyanla Kopenhagend\u0259 g\u00f6r\u00fc\u015f\u00fcb"},"content":{"rendered":"\n<p><\/p>\n\n\n\n<p>Bu g\u00fcn Danimarkan\u0131n paytaxt\u0131 Kopenhagend\u0259 Az\u0259rbaycan Prezidenti \u0130lham \u018fliyevl\u0259 Erm\u0259nistan\u0131n Ba\u015f naziri Nikol Pa\u015finyan aras\u0131nda g\u00f6r\u00fc\u015f olub.<\/p>\n\n\n\n<p>G\u00f6r\u00fc\u015fd\u0259 t\u0259r\u0259fl\u0259r AB\u015e Prezidenti Donald Tramp\u0131n t\u0259\u015f\u0259bb\u00fcs\u00fc il\u0259 ke\u00e7irilmi\u015f Va\u015finqton S\u00fclh Sammitind\u0259 \u0259ld\u0259 olunan raz\u0131la\u015fmalar\u0131n \u0259h\u0259miyy\u0259tini qeyd edibl\u0259r v\u0259 iki \u00f6lk\u0259 aras\u0131nda s\u00fclh\u00fcn daha da m\u00f6hk\u0259ml\u0259ndirilm\u0259si istiqam\u0259tind\u0259 s\u0259y g\u00f6st\u0259rm\u0259y\u0259 haz\u0131r olduqlar\u0131n\u0131 vur\u011fulay\u0131blar.<\/p>\n\n\n\n<p>\u018fliyev v\u0259 Pa\u015finyan regionda n\u0259qliyyat kommunikasiyalar\u0131n\u0131n faydalar\u0131n\u0131 vur\u011fulay\u0131b, Az\u0259rbaycan \u0259razisind\u0259 infrastrukturun inki\u015faf\u0131 il\u0259 ba\u011fl\u0131 cari i\u015fl\u0259rin gedi\u015fat\u0131n\u0131 v\u0259 Erm\u0259nistan \u0259razisind\u0259 TRIPP (Tramp yolu) &nbsp;layih\u0259sini m\u00fczakir\u0259 edib, Va\u015finqton B\u0259yannam\u0259sinin icras\u0131 il\u0259 ba\u011fl\u0131 fikir m\u00fcbadil\u0259si apar\u0131blar.<\/p>\n\n\n\n<pre class=\"wp-block-preformatted\">Erm\u0259nistanla Az\u0259rbaycan aras\u0131nda m\u00fcnaqi\u015f\u0259 h\u0259l\u0259 1988-ci ild\u0259 ba\u015flay\u0131b.<br><br>2020-ci ilin sentyabr\u0131nda is\u0259 uzunm\u00fcdd\u0259tli at\u0259\u015fk\u0259sd\u0259n sonra Az\u0259rbaycan v\u0259 Erm\u0259nistan aras\u0131nda 44 g\u00fcnl\u00fck \u0130kinci Qaraba\u011f m\u00fcharib\u0259si olub. Az\u0259rbaycan Qaraba\u011f\u0131n bir hiss\u0259sin\u0259 v\u0259 \u0259traf 7 rayona n\u0259zar\u0259ti b\u0259rpa edib.<br><br>2023-c\u00fc ilin sentyabr\u0131n 19-da Az\u0259rbaycan Qaraba\u011fda lokal h\u0259rbi \u0259m\u0259liyyat ke\u00e7irib.<br><br>Oktyabr\u0131n 15-d\u0259 is\u0259 Prezident \u0130lham \u018fliyev Xank\u0259ndid\u0259 Az\u0259rbaycan bayra\u011f\u0131n\u0131 qald\u0131r\u0131b v\u0259 \u00e7\u0131x\u0131\u015f\u0131nda Az\u0259rbaycan\u0131n \u00f6z suverenliyini tam b\u0259rpa etdiyini, Qaraba\u011f probleminin bitdiyini, m\u00fcnaqi\u015f\u0259nin sona \u00e7atd\u0131\u011f\u0131n\u0131 deyib.<br><br>Bu il avqustun 8-d\u0259 Az\u0259rbaycan v\u0259 Erm\u0259nistan\u0131n xarici i\u015fl\u0259r nazirl\u0259ri Va\u015finqtonda s\u00fclh sazi\u015fini paraflay\u0131blar.<\/pre>\n\n\n\n<p>T\u0259r\u0259fl\u0259r eyni zamanda &nbsp;AT\u018fT-in Minsk prosesinin v\u0259 onunla \u0259laq\u0259li strukturlar\u0131n l\u0259\u011fv olunmas\u0131 il\u0259 ba\u011fl\u0131 q\u0259bul edilmi\u015f q\u0259rar\u0131 alq\u0131\u015flay\u0131blar.<\/p>\n\n\n\n<p>Sonda h\u0259r iki \u00f6lk\u0259 lideri t\u0259maslar\u0131 davam etdirm\u0259k bar\u0259d\u0259 raz\u0131l\u0131\u011fa g\u0259libl\u0259r.<\/p>\n\n\n\n<p>Bu g\u00fcn Kopenhagend\u0259 Avropa \u0130ttifaq\u0131 (A\u0130) liderl\u0259rinin bloka \u00fczv olmayan \u00f6lk\u0259 ba\u015f\u00e7\u0131lar\u0131 il\u0259 bir araya g\u0259ldiyi Avropa Siyasi Birliyinin (EPC) sammiti ke\u00e7irilir.<\/p>\n","protected":false},"excerpt":{"rendered":"<p>Bu g\u00fcn Danimarkan\u0131n paytaxt\u0131 Kopenhagend\u0259 Az\u0259rbaycan Prezidenti \u0130lham \u018fliyevl\u0259 Erm\u0259nistan\u0131n &#8230; <\/p>\n<p class=\"read-more-container\"><a title=\"\u018fliyev Pa\u015finyanla Kopenhagend\u0259 g\u00f6r\u00fc\u015f\u00fcb\" class=\"read-more button\" href=\"https:\/\/www.meydan.tv\/az\/article\/eliyev-pasinyanla-kopenhagend%c9%99-gorusub\/#more-335804\" aria-label=\"Read more about \u018fliyev Pa\u015finyanla Kopenhagend\u0259 g\u00f6r\u00fc\u015f\u00fcb\">Davam\u0131<\/a><\/p>\n","protected":false},"author":21,"featured_media":335805,"comment_status":"closed","ping_status":"closed","sticky":false,"template":"","format":"standard","meta":{"_acf_changed":false,"_sitemap_exclude":false,"_sitemap_priority":"","_sitemap_frequency":"","footnotes":""},"categories":[59,79,56],"tags":[],"class_list":["post-335804","post","type-post","status-publish","format-standard","has-post-thumbnail","hentry","category-siyaset","category-featured","category-xeberler","infinite-scroll-item","generate-columns","tablet-grid-50","mobile-grid-100","grid-parent","grid-33","no-featured-image-padding"],"acf":[],"yoast_head":"<!-- This site is optimized with the Yoast SEO plugin v27.4 - https:\/\/yoast.com\/product\/yoast-seo-wordpress\/ -->\n<title>\u018fliyev Pa\u015finyanla Kopenhagend\u0259 g\u00f6r\u00fc\u015f\u00fcb - MEYDAN.TV<\/title>\n<meta name=\"robots\" content=\"index, follow, max-snippet:-1, max-image-preview:large, max-video-preview:-1\" \/>\n<link rel=\"canonical\" href=\"https:\/\/www.meydan.tv\/az\/article\/eliyev-pasinyanla-kopenhagend%c9%99-gorusub\/\" \/>\n<meta property=\"og:locale\" content=\"az_AZ\" \/>\n<meta property=\"og:type\" content=\"article\" \/>\n<meta property=\"og:title\" content=\"\u018fliyev Pa\u015finyanla Kopenhagend\u0259 g\u00f6r\u00fc\u015f\u00fcb - MEYDAN.TV\" \/>\n<meta property=\"og:description\" content=\"Bu g\u00fcn Danimarkan\u0131n paytaxt\u0131 Kopenhagend\u0259 Az\u0259rbaycan Prezidenti \u0130lham \u018fliyevl\u0259 Erm\u0259nistan\u0131n ... Davam\u0131\" \/>\n<meta property=\"og:url\" content=\"https:\/\/www.meydan.tv\/az\/article\/eliyev-pasinyanla-kopenhagend%c9%99-gorusub\/\" \/>\n<meta property=\"og:site_name\" content=\"MEYDAN.TV\" \/>\n<meta property=\"article:published_time\" content=\"2025-10-02T12:20:48+00:00\" \/>\n<meta property=\"article:modified_time\" content=\"2025-10-02T12:20:50+00:00\" \/>\n<meta property=\"og:image\" content=\"https:\/\/www.meydan.tv\/wp-content\/uploads\/963c95f631020fa4e48d403b340af92a_7166403.jpg\" \/>\n\t<meta property=\"og:image:width\" content=\"2360\" \/>\n\t<meta property=\"og:image:height\" content=\"1196\" \/>\n\t<meta property=\"og:image:type\" content=\"image\/jpeg\" \/>\n<meta name=\"author\" content=\"mahmud\" \/>\n<meta name=\"twitter:card\" content=\"summary_large_image\" \/>\n<script type=\"application\/ld+json\" class=\"yoast-schema-graph\">{\"@context\":\"https:\\\/\\\/schema.org\",\"@graph\":[{\"@type\":\"Article\",\"@id\":\"https:\\\/\\\/www.meydan.tv\\\/az\\\/article\\\/eliyev-pasinyanla-kopenhagend%c9%99-gorusub\\\/#article\",\"isPartOf\":{\"@id\":\"https:\\\/\\\/www.meydan.tv\\\/az\\\/article\\\/eliyev-pasinyanla-kopenhagend%c9%99-gorusub\\\/\"},\"author\":{\"name\":\"mahmud\",\"@id\":\"https:\\\/\\\/www.meydan.tv\\\/az\\\/#\\\/schema\\\/person\\\/09863e516102a829e72bedcf3f84c6b0\"},\"headline\":\"\u018fliyev Pa\u015finyanla Kopenhagend\u0259 g\u00f6r\u00fc\u015f\u00fcb\",\"datePublished\":\"2025-10-02T12:20:48+00:00\",\"dateModified\":\"2025-10-02T12:20:50+00:00\",\"mainEntityOfPage\":{\"@id\":\"https:\\\/\\\/www.meydan.tv\\\/az\\\/article\\\/eliyev-pasinyanla-kopenhagend%c9%99-gorusub\\\/\"},\"wordCount\":233,\"publisher\":{\"@id\":\"https:\\\/\\\/www.meydan.tv\\\/az\\\/#organization\"},\"image\":{\"@id\":\"https:\\\/\\\/www.meydan.tv\\\/az\\\/article\\\/eliyev-pasinyanla-kopenhagend%c9%99-gorusub\\\/#primaryimage\"},\"thumbnailUrl\":\"https:\\\/\\\/www.meydan.tv\\\/wp-content\\\/uploads\\\/963c95f631020fa4e48d403b340af92a_7166403.jpg\",\"articleSection\":[\"Siyas\u0259t\",\"T\u00f6vsiy\u0259\",\"X\u0259b\u0259rl\u0259r\"],\"inLanguage\":\"az\"},{\"@type\":\"WebPage\",\"@id\":\"https:\\\/\\\/www.meydan.tv\\\/az\\\/article\\\/eliyev-pasinyanla-kopenhagend%c9%99-gorusub\\\/\",\"url\":\"https:\\\/\\\/www.meydan.tv\\\/az\\\/article\\\/eliyev-pasinyanla-kopenhagend%c9%99-gorusub\\\/\",\"name\":\"\u018fliyev Pa\u015finyanla Kopenhagend\u0259 g\u00f6r\u00fc\u015f\u00fcb - MEYDAN.TV\",\"isPartOf\":{\"@id\":\"https:\\\/\\\/www.meydan.tv\\\/az\\\/#website\"},\"primaryImageOfPage\":{\"@id\":\"https:\\\/\\\/www.meydan.tv\\\/az\\\/article\\\/eliyev-pasinyanla-kopenhagend%c9%99-gorusub\\\/#primaryimage\"},\"image\":{\"@id\":\"https:\\\/\\\/www.meydan.tv\\\/az\\\/article\\\/eliyev-pasinyanla-kopenhagend%c9%99-gorusub\\\/#primaryimage\"},\"thumbnailUrl\":\"https:\\\/\\\/www.meydan.tv\\\/wp-content\\\/uploads\\\/963c95f631020fa4e48d403b340af92a_7166403.jpg\",\"datePublished\":\"2025-10-02T12:20:48+00:00\",\"dateModified\":\"2025-10-02T12:20:50+00:00\",\"breadcrumb\":{\"@id\":\"https:\\\/\\\/www.meydan.tv\\\/az\\\/article\\\/eliyev-pasinyanla-kopenhagend%c9%99-gorusub\\\/#breadcrumb\"},\"inLanguage\":\"az\",\"potentialAction\":[{\"@type\":\"ReadAction\",\"target\":[\"https:\\\/\\\/www.meydan.tv\\\/az\\\/article\\\/eliyev-pasinyanla-kopenhagend%c9%99-gorusub\\\/\"]}]},{\"@type\":\"ImageObject\",\"inLanguage\":\"az\",\"@id\":\"https:\\\/\\\/www.meydan.tv\\\/az\\\/article\\\/eliyev-pasinyanla-kopenhagend%c9%99-gorusub\\\/#primaryimage\",\"url\":\"https:\\\/\\\/www.meydan.tv\\\/wp-content\\\/uploads\\\/963c95f631020fa4e48d403b340af92a_7166403.jpg\",\"contentUrl\":\"https:\\\/\\\/www.meydan.tv\\\/wp-content\\\/uploads\\\/963c95f631020fa4e48d403b340af92a_7166403.jpg\",\"width\":2360,\"height\":1196,\"caption\":\"Foto: president.az\"},{\"@type\":\"BreadcrumbList\",\"@id\":\"https:\\\/\\\/www.meydan.tv\\\/az\\\/article\\\/eliyev-pasinyanla-kopenhagend%c9%99-gorusub\\\/#breadcrumb\",\"itemListElement\":[{\"@type\":\"ListItem\",\"position\":1,\"name\":\"Ana s\u0259hif\u0259\",\"item\":\"https:\\\/\\\/www.meydan.tv\\\/az\\\/\"},{\"@type\":\"ListItem\",\"position\":2,\"name\":\"Siyas\u0259t\",\"item\":\"https:\\\/\\\/www.meydan.tv\\\/az\\\/section\\\/siyaset\\\/\"},{\"@type\":\"ListItem\",\"position\":3,\"name\":\"\u018fliyev Pa\u015finyanla Kopenhagend\u0259 g\u00f6r\u00fc\u015f\u00fcb\"}]},{\"@type\":\"WebSite\",\"@id\":\"https:\\\/\\\/www.meydan.tv\\\/az\\\/#website\",\"url\":\"https:\\\/\\\/www.meydan.tv\\\/az\\\/\",\"name\":\"MEYDAN.TV\",\"description\":\"Meydan TV Az\u0259rbaycan\u0131n media m\u0259kan\u0131ndak\u0131 alternativ s\u0259sidir\",\"publisher\":{\"@id\":\"https:\\\/\\\/www.meydan.tv\\\/az\\\/#organization\"},\"potentialAction\":[{\"@type\":\"SearchAction\",\"target\":{\"@type\":\"EntryPoint\",\"urlTemplate\":\"https:\\\/\\\/www.meydan.tv\\\/az\\\/?s={search_term_string}\"},\"query-input\":{\"@type\":\"PropertyValueSpecification\",\"valueRequired\":true,\"valueName\":\"search_term_string\"}}],\"inLanguage\":\"az\"},{\"@type\":\"Organization\",\"@id\":\"https:\\\/\\\/www.meydan.tv\\\/az\\\/#organization\",\"name\":\"Meydan TV\",\"url\":\"https:\\\/\\\/www.meydan.tv\\\/az\\\/\",\"logo\":{\"@type\":\"ImageObject\",\"inLanguage\":\"az\",\"@id\":\"https:\\\/\\\/www.meydan.tv\\\/az\\\/#\\\/schema\\\/logo\\\/image\\\/\",\"url\":\"https:\\\/\\\/www.meydan.tv\\\/wp-content\\\/uploads\\\/2021\\\/07\\\/meydan-logo.svg\",\"contentUrl\":\"https:\\\/\\\/www.meydan.tv\\\/wp-content\\\/uploads\\\/2021\\\/07\\\/meydan-logo.svg\",\"width\":195,\"height\":46,\"caption\":\"Meydan TV\"},\"image\":{\"@id\":\"https:\\\/\\\/www.meydan.tv\\\/az\\\/#\\\/schema\\\/logo\\\/image\\\/\"}},{\"@type\":\"Person\",\"@id\":\"https:\\\/\\\/www.meydan.tv\\\/az\\\/#\\\/schema\\\/person\\\/09863e516102a829e72bedcf3f84c6b0\",\"name\":\"mahmud\"}]}<\/script>\n<!-- \/ Yoast SEO plugin. -->","yoast_head_json":{"title":"\u018fliyev Pa\u015finyanla Kopenhagend\u0259 g\u00f6r\u00fc\u015f\u00fcb - MEYDAN.TV","robots":{"index":"index","follow":"follow","max-snippet":"max-snippet:-1","max-image-preview":"max-image-preview:large","max-video-preview":"max-video-preview:-1"},"canonical":"https:\/\/www.meydan.tv\/az\/article\/eliyev-pasinyanla-kopenhagend%c9%99-gorusub\/","og_locale":"az_AZ","og_type":"article","og_title":"\u018fliyev Pa\u015finyanla Kopenhagend\u0259 g\u00f6r\u00fc\u015f\u00fcb - MEYDAN.TV","og_description":"Bu g\u00fcn Danimarkan\u0131n paytaxt\u0131 Kopenhagend\u0259 Az\u0259rbaycan Prezidenti \u0130lham \u018fliyevl\u0259 Erm\u0259nistan\u0131n ... Davam\u0131","og_url":"https:\/\/www.meydan.tv\/az\/article\/eliyev-pasinyanla-kopenhagend%c9%99-gorusub\/","og_site_name":"MEYDAN.TV","article_published_time":"2025-10-02T12:20:48+00:00","article_modified_time":"2025-10-02T12:20:50+00:00","og_image":[{"width":2360,"height":1196,"url":"https:\/\/www.meydan.tv\/wp-content\/uploads\/963c95f631020fa4e48d403b340af92a_7166403.jpg","type":"image\/jpeg"}],"author":"mahmud","twitter_card":"summary_large_image","schema":{"@context":"https:\/\/schema.org","@graph":[{"@type":"Article","@id":"https:\/\/www.meydan.tv\/az\/article\/eliyev-pasinyanla-kopenhagend%c9%99-gorusub\/#article","isPartOf":{"@id":"https:\/\/www.meydan.tv\/az\/article\/eliyev-pasinyanla-kopenhagend%c9%99-gorusub\/"},"author":{"name":"mahmud","@id":"https:\/\/www.meydan.tv\/az\/#\/schema\/person\/09863e516102a829e72bedcf3f84c6b0"},"headline":"\u018fliyev Pa\u015finyanla Kopenhagend\u0259 g\u00f6r\u00fc\u015f\u00fcb","datePublished":"2025-10-02T12:20:48+00:00","dateModified":"2025-10-02T12:20:50+00:00","mainEntityOfPage":{"@id":"https:\/\/www.meydan.tv\/az\/article\/eliyev-pasinyanla-kopenhagend%c9%99-gorusub\/"},"wordCount":233,"publisher":{"@id":"https:\/\/www.meydan.tv\/az\/#organization"},"image":{"@id":"https:\/\/www.meydan.tv\/az\/article\/eliyev-pasinyanla-kopenhagend%c9%99-gorusub\/#primaryimage"},"thumbnailUrl":"https:\/\/www.meydan.tv\/wp-content\/uploads\/963c95f631020fa4e48d403b340af92a_7166403.jpg","articleSection":["Siyas\u0259t","T\u00f6vsiy\u0259","X\u0259b\u0259rl\u0259r"],"inLanguage":"az"},{"@type":"WebPage","@id":"https:\/\/www.meydan.tv\/az\/article\/eliyev-pasinyanla-kopenhagend%c9%99-gorusub\/","url":"https:\/\/www.meydan.tv\/az\/article\/eliyev-pasinyanla-kopenhagend%c9%99-gorusub\/","name":"\u018fliyev Pa\u015finyanla Kopenhagend\u0259 g\u00f6r\u00fc\u015f\u00fcb - MEYDAN.TV","isPartOf":{"@id":"https:\/\/www.meydan.tv\/az\/#website"},"primaryImageOfPage":{"@id":"https:\/\/www.meydan.tv\/az\/article\/eliyev-pasinyanla-kopenhagend%c9%99-gorusub\/#primaryimage"},"image":{"@id":"https:\/\/www.meydan.tv\/az\/article\/eliyev-pasinyanla-kopenhagend%c9%99-gorusub\/#primaryimage"},"thumbnailUrl":"https:\/\/www.meydan.tv\/wp-content\/uploads\/963c95f631020fa4e48d403b340af92a_7166403.jpg","datePublished":"2025-10-02T12:20:48+00:00","dateModified":"2025-10-02T12:20:50+00:00","breadcrumb":{"@id":"https:\/\/www.meydan.tv\/az\/article\/eliyev-pasinyanla-kopenhagend%c9%99-gorusub\/#breadcrumb"},"inLanguage":"az","potentialAction":[{"@type":"ReadAction","target":["https:\/\/www.meydan.tv\/az\/article\/eliyev-pasinyanla-kopenhagend%c9%99-gorusub\/"]}]},{"@type":"ImageObject","inLanguage":"az","@id":"https:\/\/www.meydan.tv\/az\/article\/eliyev-pasinyanla-kopenhagend%c9%99-gorusub\/#primaryimage","url":"https:\/\/www.meydan.tv\/wp-content\/uploads\/963c95f631020fa4e48d403b340af92a_7166403.jpg","contentUrl":"https:\/\/www.meydan.tv\/wp-content\/uploads\/963c95f631020fa4e48d403b340af92a_7166403.jpg","width":2360,"height":1196,"caption":"Foto: president.az"},{"@type":"BreadcrumbList","@id":"https:\/\/www.meydan.tv\/az\/article\/eliyev-pasinyanla-kopenhagend%c9%99-gorusub\/#breadcrumb","itemListElement":[{"@type":"ListItem","position":1,"name":"Ana s\u0259hif\u0259","item":"https:\/\/www.meydan.tv\/az\/"},{"@type":"ListItem","position":2,"name":"Siyas\u0259t","item":"https:\/\/www.meydan.tv\/az\/section\/siyaset\/"},{"@type":"ListItem","position":3,"name":"\u018fliyev Pa\u015finyanla Kopenhagend\u0259 g\u00f6r\u00fc\u015f\u00fcb"}]},{"@type":"WebSite","@id":"https:\/\/www.meydan.tv\/az\/#website","url":"https:\/\/www.meydan.tv\/az\/","name":"MEYDAN.TV","description":"Meydan TV Az\u0259rbaycan\u0131n media m\u0259kan\u0131ndak\u0131 alternativ s\u0259sidir","publisher":{"@id":"https:\/\/www.meydan.tv\/az\/#organization"},"potentialAction":[{"@type":"SearchAction","target":{"@type":"EntryPoint","urlTemplate":"https:\/\/www.meydan.tv\/az\/?s={search_term_string}"},"query-input":{"@type":"PropertyValueSpecification","valueRequired":true,"valueName":"search_term_string"}}],"inLanguage":"az"},{"@type":"Organization","@id":"https:\/\/www.meydan.tv\/az\/#organization","name":"Meydan TV","url":"https:\/\/www.meydan.tv\/az\/","logo":{"@type":"ImageObject","inLanguage":"az","@id":"https:\/\/www.meydan.tv\/az\/#\/schema\/logo\/image\/","url":"https:\/\/www.meydan.tv\/wp-content\/uploads\/2021\/07\/meydan-logo.svg","contentUrl":"https:\/\/www.meydan.tv\/wp-content\/uploads\/2021\/07\/meydan-logo.svg","width":195,"height":46,"caption":"Meydan TV"},"image":{"@id":"https:\/\/www.meydan.tv\/az\/#\/schema\/logo\/image\/"}},{"@type":"Person","@id":"https:\/\/www.meydan.tv\/az\/#\/schema\/person\/09863e516102a829e72bedcf3f84c6b0","name":"mahmud"}]}},"_links":{"self":[{"href":"https:\/\/www.meydan.tv\/az\/wp-json\/wp\/v2\/posts\/335804","targetHints":{"allow":["GET"]}}],"collection":[{"href":"https:\/\/www.meydan.tv\/az\/wp-json\/wp\/v2\/posts"}],"about":[{"href":"https:\/\/www.meydan.tv\/az\/wp-json\/wp\/v2\/types\/post"}],"author":[{"embeddable":true,"href":"https:\/\/www.meydan.tv\/az\/wp-json\/wp\/v2\/users\/21"}],"replies":[{"embeddable":true,"href":"https:\/\/www.meydan.tv\/az\/wp-json\/wp\/v2\/comments?post=335804"}],"version-history":[{"count":1,"href":"https:\/\/www.meydan.tv\/az\/wp-json\/wp\/v2\/posts\/335804\/revisions"}],"predecessor-version":[{"id":335808,"href":"https:\/\/www.meydan.tv\/az\/wp-json\/wp\/v2\/posts\/335804\/revisions\/335808"}],"wp:featuredmedia":[{"embeddable":true,"href":"https:\/\/www.meydan.tv\/az\/wp-json\/wp\/v2\/media\/335805"}],"wp:attachment":[{"href":"https:\/\/www.meydan.tv\/az\/wp-json\/wp\/v2\/media?parent=335804"}],"wp:term":[{"taxonomy":"category","embeddable":true,"href":"https:\/\/www.meydan.tv\/az\/wp-json\/wp\/v2\/categories?post=335804"},{"taxonomy":"post_tag","embeddable":true,"href":"https:\/\/www.meydan.tv\/az\/wp-json\/wp\/v2\/tags?post=335804"}],"curies":[{"name":"wp","href":"https:\/\/api.w.org\/{rel}","templated":true}]}}