{"id":335617,"date":"2025-09-26T14:37:54","date_gmt":"2025-09-26T10:37:54","guid":{"rendered":"https:\/\/www.meydan.tv\/?p=335617"},"modified":"2025-09-28T16:49:15","modified_gmt":"2025-09-28T12:49:15","slug":"sevinc-vaqifqizi-elnar%c9%99-qasimova-n%c9%99rgiz-absalamova-l%c9%99nk%c9%99randaki-h%c9%99bsxanaya-kocurulub","status":"publish","type":"post","link":"https:\/\/www.meydan.tv\/az\/article\/sevinc-vaqifqizi-elnar%c9%99-qasimova-n%c9%99rgiz-absalamova-l%c9%99nk%c9%99randaki-h%c9%99bsxanaya-kocurulub\/","title":{"rendered":"Sevinc Vaqifq\u0131z\u0131, Elnar\u0259 Qas\u0131mova, N\u0259rgiz Absalamova L\u0259nk\u0259randak\u0131 h\u0259bsxanaya k\u00f6\u00e7\u00fcr\u00fcl\u00fcb"},"content":{"rendered":"\n<p><\/p>\n\n\n\n<p>\u201cAbzasMedia i\u015fi\u201d \u00fczr\u0259 h\u0259bsd\u0259 olan jurnalistl\u0259r &#8211; Sevinc Vaqifq\u0131z\u0131, Elnar\u0259 Qas\u0131mova, N\u0259rgiz Absalamova L\u0259nk\u0259ran\u0131n Qurumba k\u0259ndind\u0259 yerl\u0259\u015f\u0259n Penitensiar Kompleks\u0259 k\u00f6\u00e7\u00fcr\u00fcl\u00fcb.<\/p>\n\n\n\n<pre class=\"wp-block-preformatted\">\u201cAbzasMedia i\u015fi\u201d \u00fczr\u0259 haz\u0131rda 7 n\u0259f\u0259r h\u0259bsd\u0259dir. 2025-ci ilin iyununda Bak\u0131 A\u011f\u0131r Cinay\u0259tl\u0259r M\u0259hk\u0259m\u0259sinin q\u0259rar\u0131 il\u0259 qurumun direktoru \u00dclvi H\u0259s\u0259nli, ba\u015f redaktoru Sevinc Vaqifq\u0131z\u0131, ara\u015fd\u0131rma\u00e7\u0131-jurnalist Hafiz Babal\u0131, iqtisad\u00e7\u0131 F\u0259rid Mehral\u0131zad\u0259 9 il, reportyorlar N\u0259rgiz Absalamova v\u0259 Elnar\u0259 Qas\u0131mova 8 il, direktor m\u00fcavini M\u0259h\u0259mm\u0259d Kekalov is\u0259 7 il 6 ay m\u00fcdd\u0259tin\u0259 azadl\u0131qdan m\u0259hrum edilib.<br><br>Onlar qa\u00e7aqmal\u00e7\u0131l\u0131q v\u0259 dig\u0259r cinay\u0259tl\u0259rd\u0259 t\u0259qsirli bilinibl\u0259r. <br><br>Jurnalistl\u0259r ir\u0259li s\u00fcr\u00fcl\u0259n ittihamlar\u0131 r\u0259dd edir, h\u0259bsl\u0259rinin apard\u0131qlar\u0131 korrupsiya ara\u015fd\u0131rmalar\u0131na g\u00f6r\u0259 siyasi sifari\u015f oldu\u011funu bildirirl\u0259r.<br><\/pre>\n\n\n\n<p>Sevinc Vaqifq\u0131z\u0131n\u0131n Bak\u0131da ya\u015fayan anas\u0131 Ofeliya M\u0259h\u0259rr\u0259mova Meydan TV-y\u0259 bildirib ki, \u00f6vlad\u0131n\u0131n yan\u0131na &#8211; rayona bir ne\u00e7\u0259 saatl\u0131q yol getm\u0259k indi daha \u00e7\u0259tin olacaq. O \u0259lav\u0259 edib ki, Sevincin qeydiyyatda oldu\u011fu \u00fcnvan Bak\u0131 \u015f\u0259h\u0259ri oldu\u011fu halda L\u0259nk\u0259ran rayonuna k\u00f6\u00e7\u00fcr\u00fclm\u0259si qanunsuzdur v\u0259 bununla ba\u011fl\u0131 m\u0259hk\u0259m\u0259y\u0259 \u015fikay\u0259t ed\u0259c\u0259kl\u0259r.\u00a0<\/p>\n\n\n\n<p><em>\u201c3-4 saatl\u0131q yol getm\u0259k \u0259ziyy\u0259tdir. O\u011flum, yolda\u015f\u0131m da yoxdur ki, h\u0259r d\u0259f\u0259 m\u0259ni apar\u0131b g\u0259tir\u0259 bilsin. \u00d6z\u00fcm d\u0259 x\u0259st\u0259 adamam, u\u015fa\u011f\u0131m\u0131 g\u00f6r\u0259 bilm\u0259k \u00fc\u00e7\u00fcn saatlarla yol getm\u0259liy\u0259m\u201d.&nbsp;<\/em><\/p>\n\n\n\n<p><em>\u201cSevinc dedi ki, Elnar\u0259 d\u0259, N\u0259rgiz d\u0259, m\u0259n d\u0259 v\u0259kill\u0259 dan\u0131\u015fm\u0131\u015f\u0131q m\u0259hk\u0259m\u0259y\u0259 m\u00fcraci\u0259t ed\u0259c\u0259yik\u201d<\/em>, &#8211; Ofeliya \u015eabanova \u0259lav\u0259 edib.&nbsp;<\/p>\n\n\n\n<p>Ofeliya \u015eabanova h\u0259m\u00e7inin deyir ki, Bak\u0131 \u0130stintaq T\u0259cridxanas\u0131ndan k\u00f6\u00e7\u00fcr\u00fcl\u0259n zaman r\u0259is m\u00fcavini Cavid G\u00fclal\u0131yev jurnalistl\u0259r\u0259 qar\u015f\u0131 kobud r\u0259ftar edib:&nbsp;<\/p>\n\n\n\n<p><em>\u201cS\u0259h\u0259r saat 9-da onlara 1 saat \u0259rzind\u0259 haz\u0131rla\u015fmalar\u0131n\u0131 deyibl\u0259r. N\u0259rgiz etiraz ed\u0259nd\u0259 Cavid G\u00fclal\u0131yev onu it\u0259l\u0259yib v\u0259 q\u0131zlarla kobud davran\u0131b. Sevinc Cavid G\u00fclal\u0131yev\u0259 deyib ki, g\u00f6r\u00fcn\u00fcr, yaz\u0131lar\u0131m\u0131za d\u00f6zm\u0259yib, bel\u0259 reaksiya verirsiniz. Onlara \u0259vv\u0259lc\u0259 haraya ged\u0259c\u0259kl\u0259rini dem\u0259yibl\u0259r. L\u0259nk\u0259ran h\u0259bsxanas\u0131na \u00e7atanda yerl\u0259rini bilibl\u0259r\u201d.<\/em><\/p>\n\n\n\n<pre class=\"wp-block-preformatted\">\u0130yunun 26-da \"AbzasMedia i\u015fi\" il\u0259 ba\u011fl\u0131 h\u0259bs edil\u0259n dig\u0259r jurnalistl\u0259r h\u00f6km q\u00fcvv\u0259y\u0259 minm\u0259mi\u015f Umbak\u0131 q\u0259s\u0259b\u0259sind\u0259 yerl\u0259\u015f\u0259n t\u0259cridxanaya k\u00f6\u00e7\u00fcr\u00fclm\u00fc\u015fd\u00fcl\u0259r. <br><br>H\u0259min m\u00fc\u0259ssis\u0259y\u0259 k\u00f6\u00e7\u00fcr\u00fcl\u0259n jurnalistl\u0259r bunu qanunsuz say\u0131rd\u0131lar. <\/pre>\n\n\n\n<p>V\u0259kil Fariz Namazl\u0131 &#8220;Facebook&#8221; s\u0259hif\u0259sind\u0259 yaz\u0131b ki, Avropa \u0130nsan H\u00fcquqlar\u0131 M\u0259hk\u0259m\u0259si (A\u0130HM) vaxtil\u0259 m\u0259hbuslar\u0131n ya\u015fay\u0131\u015f yerl\u0259rind\u0259n uzaq m\u0259saf\u0259d\u0259ki m\u00fc\u0259ssis\u0259l\u0259r\u0259 k\u00f6\u00e7\u00fcr\u00fclm\u0259sini qanunsuz sayan q\u0259rarlar verib.&nbsp;<\/p>\n\n\n\n<figure class=\"wp-block-image size-full\"><img decoding=\"async\" width=\"1182\" height=\"754\" data-src=\"https:\/\/www.meydan.tv\/wp-content\/uploads\/snimok-ekrana-2025-09-26-v-13.11.58.png\" alt=\"\" class=\"wp-image-335636 lazyload\" src=\"data:image\/svg+xml;base64,PHN2ZyB3aWR0aD0iMSIgaGVpZ2h0PSIxIiB4bWxucz0iaHR0cDovL3d3dy53My5vcmcvMjAwMC9zdmciPjwvc3ZnPg==\" style=\"--smush-placeholder-width: 1182px; --smush-placeholder-aspect-ratio: 1182\/754;\" \/><\/figure>\n\n\n\n<p><\/p>\n\n\n\n<p><\/p>\n\n\n\n<p><\/p>\n","protected":false},"excerpt":{"rendered":"<p>\u201cAbzasMedia i\u015fi\u201d \u00fczr\u0259 h\u0259bsd\u0259 olan jurnalistl\u0259r &#8211; Sevinc Vaqifq\u0131z\u0131, Elnar\u0259 &#8230; <\/p>\n<p class=\"read-more-container\"><a title=\"Sevinc Vaqifq\u0131z\u0131, Elnar\u0259 Qas\u0131mova, N\u0259rgiz Absalamova L\u0259nk\u0259randak\u0131 h\u0259bsxanaya k\u00f6\u00e7\u00fcr\u00fcl\u00fcb\" class=\"read-more button\" href=\"https:\/\/www.meydan.tv\/az\/article\/sevinc-vaqifqizi-elnar%c9%99-qasimova-n%c9%99rgiz-absalamova-l%c9%99nk%c9%99randaki-h%c9%99bsxanaya-kocurulub\/#more-335617\" aria-label=\"Read more about Sevinc Vaqifq\u0131z\u0131, Elnar\u0259 Qas\u0131mova, N\u0259rgiz Absalamova L\u0259nk\u0259randak\u0131 h\u0259bsxanaya k\u00f6\u00e7\u00fcr\u00fcl\u00fcb\">Davam\u0131<\/a><\/p>\n","protected":false},"author":21,"featured_media":333981,"comment_status":"closed","ping_status":"closed","sticky":false,"template":"","format":"standard","meta":{"_acf_changed":false,"_sitemap_exclude":false,"_sitemap_priority":"","_sitemap_frequency":"","footnotes":""},"categories":[59,79,56],"tags":[],"class_list":["post-335617","post","type-post","status-publish","format-standard","has-post-thumbnail","hentry","category-siyaset","category-featured","category-xeberler","infinite-scroll-item","generate-columns","tablet-grid-50","mobile-grid-100","grid-parent","grid-33","no-featured-image-padding"],"acf":[],"yoast_head":"<!-- This site is optimized with the Yoast SEO plugin v27.5 - https:\/\/yoast.com\/product\/yoast-seo-wordpress\/ -->\n<title>Sevinc Vaqifq\u0131z\u0131, Elnar\u0259 Qas\u0131mova, N\u0259rgiz Absalamova L\u0259nk\u0259randak\u0131 h\u0259bsxanaya k\u00f6\u00e7\u00fcr\u00fcl\u00fcb - MEYDAN.TV<\/title>\n<meta name=\"robots\" content=\"index, follow, max-snippet:-1, max-image-preview:large, max-video-preview:-1\" \/>\n<link rel=\"canonical\" href=\"https:\/\/www.meydan.tv\/az\/article\/sevinc-vaqifqizi-elnar%c9%99-qasimova-n%c9%99rgiz-absalamova-l%c9%99nk%c9%99randaki-h%c9%99bsxanaya-kocurulub\/\" \/>\n<meta property=\"og:locale\" content=\"az_AZ\" \/>\n<meta property=\"og:type\" content=\"article\" \/>\n<meta property=\"og:title\" content=\"Sevinc Vaqifq\u0131z\u0131, Elnar\u0259 Qas\u0131mova, N\u0259rgiz Absalamova L\u0259nk\u0259randak\u0131 h\u0259bsxanaya k\u00f6\u00e7\u00fcr\u00fcl\u00fcb - MEYDAN.TV\" \/>\n<meta property=\"og:description\" content=\"\u201cAbzasMedia i\u015fi\u201d \u00fczr\u0259 h\u0259bsd\u0259 olan jurnalistl\u0259r &#8211; Sevinc Vaqifq\u0131z\u0131, Elnar\u0259 ... Davam\u0131\" \/>\n<meta property=\"og:url\" content=\"https:\/\/www.meydan.tv\/az\/article\/sevinc-vaqifqizi-elnar%c9%99-qasimova-n%c9%99rgiz-absalamova-l%c9%99nk%c9%99randaki-h%c9%99bsxanaya-kocurulub\/\" \/>\n<meta property=\"og:site_name\" content=\"MEYDAN.TV\" \/>\n<meta property=\"article:published_time\" content=\"2025-09-26T10:37:54+00:00\" \/>\n<meta property=\"article:modified_time\" content=\"2025-09-28T12:49:15+00:00\" \/>\n<meta property=\"og:image\" content=\"https:\/\/www.meydan.tv\/wp-content\/uploads\/ff0aac4f-ccf6-4460-ae0e-c07ea6506cca.jpg\" \/>\n\t<meta property=\"og:image:width\" content=\"1280\" \/>\n\t<meta property=\"og:image:height\" content=\"720\" \/>\n\t<meta property=\"og:image:type\" content=\"image\/jpeg\" \/>\n<meta name=\"author\" content=\"mahmud\" \/>\n<meta name=\"twitter:card\" content=\"summary_large_image\" \/>\n<script type=\"application\/ld+json\" class=\"yoast-schema-graph\">{\"@context\":\"https:\\\/\\\/schema.org\",\"@graph\":[{\"@type\":\"Article\",\"@id\":\"https:\\\/\\\/www.meydan.tv\\\/az\\\/article\\\/sevinc-vaqifqizi-elnar%c9%99-qasimova-n%c9%99rgiz-absalamova-l%c9%99nk%c9%99randaki-h%c9%99bsxanaya-kocurulub\\\/#article\",\"isPartOf\":{\"@id\":\"https:\\\/\\\/www.meydan.tv\\\/az\\\/article\\\/sevinc-vaqifqizi-elnar%c9%99-qasimova-n%c9%99rgiz-absalamova-l%c9%99nk%c9%99randaki-h%c9%99bsxanaya-kocurulub\\\/\"},\"author\":{\"name\":\"mahmud\",\"@id\":\"https:\\\/\\\/www.meydan.tv\\\/az\\\/#\\\/schema\\\/person\\\/09863e516102a829e72bedcf3f84c6b0\"},\"headline\":\"Sevinc Vaqifq\u0131z\u0131, Elnar\u0259 Qas\u0131mova, N\u0259rgiz Absalamova L\u0259nk\u0259randak\u0131 h\u0259bsxanaya k\u00f6\u00e7\u00fcr\u00fcl\u00fcb\",\"datePublished\":\"2025-09-26T10:37:54+00:00\",\"dateModified\":\"2025-09-28T12:49:15+00:00\",\"mainEntityOfPage\":{\"@id\":\"https:\\\/\\\/www.meydan.tv\\\/az\\\/article\\\/sevinc-vaqifqizi-elnar%c9%99-qasimova-n%c9%99rgiz-absalamova-l%c9%99nk%c9%99randaki-h%c9%99bsxanaya-kocurulub\\\/\"},\"wordCount\":363,\"publisher\":{\"@id\":\"https:\\\/\\\/www.meydan.tv\\\/az\\\/#organization\"},\"image\":{\"@id\":\"https:\\\/\\\/www.meydan.tv\\\/az\\\/article\\\/sevinc-vaqifqizi-elnar%c9%99-qasimova-n%c9%99rgiz-absalamova-l%c9%99nk%c9%99randaki-h%c9%99bsxanaya-kocurulub\\\/#primaryimage\"},\"thumbnailUrl\":\"https:\\\/\\\/www.meydan.tv\\\/wp-content\\\/uploads\\\/ff0aac4f-ccf6-4460-ae0e-c07ea6506cca.jpg\",\"articleSection\":[\"Siyas\u0259t\",\"T\u00f6vsiy\u0259\",\"X\u0259b\u0259rl\u0259r\"],\"inLanguage\":\"az\"},{\"@type\":\"WebPage\",\"@id\":\"https:\\\/\\\/www.meydan.tv\\\/az\\\/article\\\/sevinc-vaqifqizi-elnar%c9%99-qasimova-n%c9%99rgiz-absalamova-l%c9%99nk%c9%99randaki-h%c9%99bsxanaya-kocurulub\\\/\",\"url\":\"https:\\\/\\\/www.meydan.tv\\\/az\\\/article\\\/sevinc-vaqifqizi-elnar%c9%99-qasimova-n%c9%99rgiz-absalamova-l%c9%99nk%c9%99randaki-h%c9%99bsxanaya-kocurulub\\\/\",\"name\":\"Sevinc Vaqifq\u0131z\u0131, Elnar\u0259 Qas\u0131mova, N\u0259rgiz Absalamova L\u0259nk\u0259randak\u0131 h\u0259bsxanaya k\u00f6\u00e7\u00fcr\u00fcl\u00fcb - MEYDAN.TV\",\"isPartOf\":{\"@id\":\"https:\\\/\\\/www.meydan.tv\\\/az\\\/#website\"},\"primaryImageOfPage\":{\"@id\":\"https:\\\/\\\/www.meydan.tv\\\/az\\\/article\\\/sevinc-vaqifqizi-elnar%c9%99-qasimova-n%c9%99rgiz-absalamova-l%c9%99nk%c9%99randaki-h%c9%99bsxanaya-kocurulub\\\/#primaryimage\"},\"image\":{\"@id\":\"https:\\\/\\\/www.meydan.tv\\\/az\\\/article\\\/sevinc-vaqifqizi-elnar%c9%99-qasimova-n%c9%99rgiz-absalamova-l%c9%99nk%c9%99randaki-h%c9%99bsxanaya-kocurulub\\\/#primaryimage\"},\"thumbnailUrl\":\"https:\\\/\\\/www.meydan.tv\\\/wp-content\\\/uploads\\\/ff0aac4f-ccf6-4460-ae0e-c07ea6506cca.jpg\",\"datePublished\":\"2025-09-26T10:37:54+00:00\",\"dateModified\":\"2025-09-28T12:49:15+00:00\",\"breadcrumb\":{\"@id\":\"https:\\\/\\\/www.meydan.tv\\\/az\\\/article\\\/sevinc-vaqifqizi-elnar%c9%99-qasimova-n%c9%99rgiz-absalamova-l%c9%99nk%c9%99randaki-h%c9%99bsxanaya-kocurulub\\\/#breadcrumb\"},\"inLanguage\":\"az\",\"potentialAction\":[{\"@type\":\"ReadAction\",\"target\":[\"https:\\\/\\\/www.meydan.tv\\\/az\\\/article\\\/sevinc-vaqifqizi-elnar%c9%99-qasimova-n%c9%99rgiz-absalamova-l%c9%99nk%c9%99randaki-h%c9%99bsxanaya-kocurulub\\\/\"]}]},{\"@type\":\"ImageObject\",\"inLanguage\":\"az\",\"@id\":\"https:\\\/\\\/www.meydan.tv\\\/az\\\/article\\\/sevinc-vaqifqizi-elnar%c9%99-qasimova-n%c9%99rgiz-absalamova-l%c9%99nk%c9%99randaki-h%c9%99bsxanaya-kocurulub\\\/#primaryimage\",\"url\":\"https:\\\/\\\/www.meydan.tv\\\/wp-content\\\/uploads\\\/ff0aac4f-ccf6-4460-ae0e-c07ea6506cca.jpg\",\"contentUrl\":\"https:\\\/\\\/www.meydan.tv\\\/wp-content\\\/uploads\\\/ff0aac4f-ccf6-4460-ae0e-c07ea6506cca.jpg\",\"width\":1280,\"height\":720,\"caption\":\"Sevinc Vaqifq\u0131z\u0131, N\u0259rgiz Absalamova, Elnar\u0259 Qas\u0131mova. Foto: Meydan TV\"},{\"@type\":\"BreadcrumbList\",\"@id\":\"https:\\\/\\\/www.meydan.tv\\\/az\\\/article\\\/sevinc-vaqifqizi-elnar%c9%99-qasimova-n%c9%99rgiz-absalamova-l%c9%99nk%c9%99randaki-h%c9%99bsxanaya-kocurulub\\\/#breadcrumb\",\"itemListElement\":[{\"@type\":\"ListItem\",\"position\":1,\"name\":\"Ana s\u0259hif\u0259\",\"item\":\"https:\\\/\\\/www.meydan.tv\\\/az\\\/\"},{\"@type\":\"ListItem\",\"position\":2,\"name\":\"Siyas\u0259t\",\"item\":\"https:\\\/\\\/www.meydan.tv\\\/az\\\/section\\\/siyaset\\\/\"},{\"@type\":\"ListItem\",\"position\":3,\"name\":\"Sevinc Vaqifq\u0131z\u0131, Elnar\u0259 Qas\u0131mova, N\u0259rgiz Absalamova L\u0259nk\u0259randak\u0131 h\u0259bsxanaya k\u00f6\u00e7\u00fcr\u00fcl\u00fcb\"}]},{\"@type\":\"WebSite\",\"@id\":\"https:\\\/\\\/www.meydan.tv\\\/az\\\/#website\",\"url\":\"https:\\\/\\\/www.meydan.tv\\\/az\\\/\",\"name\":\"MEYDAN.TV\",\"description\":\"Meydan TV Az\u0259rbaycan\u0131n media m\u0259kan\u0131ndak\u0131 alternativ s\u0259sidir\",\"publisher\":{\"@id\":\"https:\\\/\\\/www.meydan.tv\\\/az\\\/#organization\"},\"potentialAction\":[{\"@type\":\"SearchAction\",\"target\":{\"@type\":\"EntryPoint\",\"urlTemplate\":\"https:\\\/\\\/www.meydan.tv\\\/az\\\/?s={search_term_string}\"},\"query-input\":{\"@type\":\"PropertyValueSpecification\",\"valueRequired\":true,\"valueName\":\"search_term_string\"}}],\"inLanguage\":\"az\"},{\"@type\":\"Organization\",\"@id\":\"https:\\\/\\\/www.meydan.tv\\\/az\\\/#organization\",\"name\":\"Meydan TV\",\"url\":\"https:\\\/\\\/www.meydan.tv\\\/az\\\/\",\"logo\":{\"@type\":\"ImageObject\",\"inLanguage\":\"az\",\"@id\":\"https:\\\/\\\/www.meydan.tv\\\/az\\\/#\\\/schema\\\/logo\\\/image\\\/\",\"url\":\"https:\\\/\\\/www.meydan.tv\\\/wp-content\\\/uploads\\\/2021\\\/07\\\/meydan-logo.svg\",\"contentUrl\":\"https:\\\/\\\/www.meydan.tv\\\/wp-content\\\/uploads\\\/2021\\\/07\\\/meydan-logo.svg\",\"width\":195,\"height\":46,\"caption\":\"Meydan TV\"},\"image\":{\"@id\":\"https:\\\/\\\/www.meydan.tv\\\/az\\\/#\\\/schema\\\/logo\\\/image\\\/\"}},{\"@type\":\"Person\",\"@id\":\"https:\\\/\\\/www.meydan.tv\\\/az\\\/#\\\/schema\\\/person\\\/09863e516102a829e72bedcf3f84c6b0\",\"name\":\"mahmud\"}]}<\/script>\n<!-- \/ Yoast SEO plugin. -->","yoast_head_json":{"title":"Sevinc Vaqifq\u0131z\u0131, Elnar\u0259 Qas\u0131mova, N\u0259rgiz Absalamova L\u0259nk\u0259randak\u0131 h\u0259bsxanaya k\u00f6\u00e7\u00fcr\u00fcl\u00fcb - MEYDAN.TV","robots":{"index":"index","follow":"follow","max-snippet":"max-snippet:-1","max-image-preview":"max-image-preview:large","max-video-preview":"max-video-preview:-1"},"canonical":"https:\/\/www.meydan.tv\/az\/article\/sevinc-vaqifqizi-elnar%c9%99-qasimova-n%c9%99rgiz-absalamova-l%c9%99nk%c9%99randaki-h%c9%99bsxanaya-kocurulub\/","og_locale":"az_AZ","og_type":"article","og_title":"Sevinc Vaqifq\u0131z\u0131, Elnar\u0259 Qas\u0131mova, N\u0259rgiz Absalamova L\u0259nk\u0259randak\u0131 h\u0259bsxanaya k\u00f6\u00e7\u00fcr\u00fcl\u00fcb - MEYDAN.TV","og_description":"\u201cAbzasMedia i\u015fi\u201d \u00fczr\u0259 h\u0259bsd\u0259 olan jurnalistl\u0259r &#8211; Sevinc Vaqifq\u0131z\u0131, Elnar\u0259 ... Davam\u0131","og_url":"https:\/\/www.meydan.tv\/az\/article\/sevinc-vaqifqizi-elnar%c9%99-qasimova-n%c9%99rgiz-absalamova-l%c9%99nk%c9%99randaki-h%c9%99bsxanaya-kocurulub\/","og_site_name":"MEYDAN.TV","article_published_time":"2025-09-26T10:37:54+00:00","article_modified_time":"2025-09-28T12:49:15+00:00","og_image":[{"width":1280,"height":720,"url":"https:\/\/www.meydan.tv\/wp-content\/uploads\/ff0aac4f-ccf6-4460-ae0e-c07ea6506cca.jpg","type":"image\/jpeg"}],"author":"mahmud","twitter_card":"summary_large_image","schema":{"@context":"https:\/\/schema.org","@graph":[{"@type":"Article","@id":"https:\/\/www.meydan.tv\/az\/article\/sevinc-vaqifqizi-elnar%c9%99-qasimova-n%c9%99rgiz-absalamova-l%c9%99nk%c9%99randaki-h%c9%99bsxanaya-kocurulub\/#article","isPartOf":{"@id":"https:\/\/www.meydan.tv\/az\/article\/sevinc-vaqifqizi-elnar%c9%99-qasimova-n%c9%99rgiz-absalamova-l%c9%99nk%c9%99randaki-h%c9%99bsxanaya-kocurulub\/"},"author":{"name":"mahmud","@id":"https:\/\/www.meydan.tv\/az\/#\/schema\/person\/09863e516102a829e72bedcf3f84c6b0"},"headline":"Sevinc Vaqifq\u0131z\u0131, Elnar\u0259 Qas\u0131mova, N\u0259rgiz Absalamova L\u0259nk\u0259randak\u0131 h\u0259bsxanaya k\u00f6\u00e7\u00fcr\u00fcl\u00fcb","datePublished":"2025-09-26T10:37:54+00:00","dateModified":"2025-09-28T12:49:15+00:00","mainEntityOfPage":{"@id":"https:\/\/www.meydan.tv\/az\/article\/sevinc-vaqifqizi-elnar%c9%99-qasimova-n%c9%99rgiz-absalamova-l%c9%99nk%c9%99randaki-h%c9%99bsxanaya-kocurulub\/"},"wordCount":363,"publisher":{"@id":"https:\/\/www.meydan.tv\/az\/#organization"},"image":{"@id":"https:\/\/www.meydan.tv\/az\/article\/sevinc-vaqifqizi-elnar%c9%99-qasimova-n%c9%99rgiz-absalamova-l%c9%99nk%c9%99randaki-h%c9%99bsxanaya-kocurulub\/#primaryimage"},"thumbnailUrl":"https:\/\/www.meydan.tv\/wp-content\/uploads\/ff0aac4f-ccf6-4460-ae0e-c07ea6506cca.jpg","articleSection":["Siyas\u0259t","T\u00f6vsiy\u0259","X\u0259b\u0259rl\u0259r"],"inLanguage":"az"},{"@type":"WebPage","@id":"https:\/\/www.meydan.tv\/az\/article\/sevinc-vaqifqizi-elnar%c9%99-qasimova-n%c9%99rgiz-absalamova-l%c9%99nk%c9%99randaki-h%c9%99bsxanaya-kocurulub\/","url":"https:\/\/www.meydan.tv\/az\/article\/sevinc-vaqifqizi-elnar%c9%99-qasimova-n%c9%99rgiz-absalamova-l%c9%99nk%c9%99randaki-h%c9%99bsxanaya-kocurulub\/","name":"Sevinc Vaqifq\u0131z\u0131, Elnar\u0259 Qas\u0131mova, N\u0259rgiz Absalamova L\u0259nk\u0259randak\u0131 h\u0259bsxanaya k\u00f6\u00e7\u00fcr\u00fcl\u00fcb - MEYDAN.TV","isPartOf":{"@id":"https:\/\/www.meydan.tv\/az\/#website"},"primaryImageOfPage":{"@id":"https:\/\/www.meydan.tv\/az\/article\/sevinc-vaqifqizi-elnar%c9%99-qasimova-n%c9%99rgiz-absalamova-l%c9%99nk%c9%99randaki-h%c9%99bsxanaya-kocurulub\/#primaryimage"},"image":{"@id":"https:\/\/www.meydan.tv\/az\/article\/sevinc-vaqifqizi-elnar%c9%99-qasimova-n%c9%99rgiz-absalamova-l%c9%99nk%c9%99randaki-h%c9%99bsxanaya-kocurulub\/#primaryimage"},"thumbnailUrl":"https:\/\/www.meydan.tv\/wp-content\/uploads\/ff0aac4f-ccf6-4460-ae0e-c07ea6506cca.jpg","datePublished":"2025-09-26T10:37:54+00:00","dateModified":"2025-09-28T12:49:15+00:00","breadcrumb":{"@id":"https:\/\/www.meydan.tv\/az\/article\/sevinc-vaqifqizi-elnar%c9%99-qasimova-n%c9%99rgiz-absalamova-l%c9%99nk%c9%99randaki-h%c9%99bsxanaya-kocurulub\/#breadcrumb"},"inLanguage":"az","potentialAction":[{"@type":"ReadAction","target":["https:\/\/www.meydan.tv\/az\/article\/sevinc-vaqifqizi-elnar%c9%99-qasimova-n%c9%99rgiz-absalamova-l%c9%99nk%c9%99randaki-h%c9%99bsxanaya-kocurulub\/"]}]},{"@type":"ImageObject","inLanguage":"az","@id":"https:\/\/www.meydan.tv\/az\/article\/sevinc-vaqifqizi-elnar%c9%99-qasimova-n%c9%99rgiz-absalamova-l%c9%99nk%c9%99randaki-h%c9%99bsxanaya-kocurulub\/#primaryimage","url":"https:\/\/www.meydan.tv\/wp-content\/uploads\/ff0aac4f-ccf6-4460-ae0e-c07ea6506cca.jpg","contentUrl":"https:\/\/www.meydan.tv\/wp-content\/uploads\/ff0aac4f-ccf6-4460-ae0e-c07ea6506cca.jpg","width":1280,"height":720,"caption":"Sevinc Vaqifq\u0131z\u0131, N\u0259rgiz Absalamova, Elnar\u0259 Qas\u0131mova. Foto: Meydan TV"},{"@type":"BreadcrumbList","@id":"https:\/\/www.meydan.tv\/az\/article\/sevinc-vaqifqizi-elnar%c9%99-qasimova-n%c9%99rgiz-absalamova-l%c9%99nk%c9%99randaki-h%c9%99bsxanaya-kocurulub\/#breadcrumb","itemListElement":[{"@type":"ListItem","position":1,"name":"Ana s\u0259hif\u0259","item":"https:\/\/www.meydan.tv\/az\/"},{"@type":"ListItem","position":2,"name":"Siyas\u0259t","item":"https:\/\/www.meydan.tv\/az\/section\/siyaset\/"},{"@type":"ListItem","position":3,"name":"Sevinc Vaqifq\u0131z\u0131, Elnar\u0259 Qas\u0131mova, N\u0259rgiz Absalamova L\u0259nk\u0259randak\u0131 h\u0259bsxanaya k\u00f6\u00e7\u00fcr\u00fcl\u00fcb"}]},{"@type":"WebSite","@id":"https:\/\/www.meydan.tv\/az\/#website","url":"https:\/\/www.meydan.tv\/az\/","name":"MEYDAN.TV","description":"Meydan TV Az\u0259rbaycan\u0131n media m\u0259kan\u0131ndak\u0131 alternativ s\u0259sidir","publisher":{"@id":"https:\/\/www.meydan.tv\/az\/#organization"},"potentialAction":[{"@type":"SearchAction","target":{"@type":"EntryPoint","urlTemplate":"https:\/\/www.meydan.tv\/az\/?s={search_term_string}"},"query-input":{"@type":"PropertyValueSpecification","valueRequired":true,"valueName":"search_term_string"}}],"inLanguage":"az"},{"@type":"Organization","@id":"https:\/\/www.meydan.tv\/az\/#organization","name":"Meydan TV","url":"https:\/\/www.meydan.tv\/az\/","logo":{"@type":"ImageObject","inLanguage":"az","@id":"https:\/\/www.meydan.tv\/az\/#\/schema\/logo\/image\/","url":"https:\/\/www.meydan.tv\/wp-content\/uploads\/2021\/07\/meydan-logo.svg","contentUrl":"https:\/\/www.meydan.tv\/wp-content\/uploads\/2021\/07\/meydan-logo.svg","width":195,"height":46,"caption":"Meydan TV"},"image":{"@id":"https:\/\/www.meydan.tv\/az\/#\/schema\/logo\/image\/"}},{"@type":"Person","@id":"https:\/\/www.meydan.tv\/az\/#\/schema\/person\/09863e516102a829e72bedcf3f84c6b0","name":"mahmud"}]}},"_links":{"self":[{"href":"https:\/\/www.meydan.tv\/az\/wp-json\/wp\/v2\/posts\/335617","targetHints":{"allow":["GET"]}}],"collection":[{"href":"https:\/\/www.meydan.tv\/az\/wp-json\/wp\/v2\/posts"}],"about":[{"href":"https:\/\/www.meydan.tv\/az\/wp-json\/wp\/v2\/types\/post"}],"author":[{"embeddable":true,"href":"https:\/\/www.meydan.tv\/az\/wp-json\/wp\/v2\/users\/21"}],"replies":[{"embeddable":true,"href":"https:\/\/www.meydan.tv\/az\/wp-json\/wp\/v2\/comments?post=335617"}],"version-history":[{"count":11,"href":"https:\/\/www.meydan.tv\/az\/wp-json\/wp\/v2\/posts\/335617\/revisions"}],"predecessor-version":[{"id":335691,"href":"https:\/\/www.meydan.tv\/az\/wp-json\/wp\/v2\/posts\/335617\/revisions\/335691"}],"wp:featuredmedia":[{"embeddable":true,"href":"https:\/\/www.meydan.tv\/az\/wp-json\/wp\/v2\/media\/333981"}],"wp:attachment":[{"href":"https:\/\/www.meydan.tv\/az\/wp-json\/wp\/v2\/media?parent=335617"}],"wp:term":[{"taxonomy":"category","embeddable":true,"href":"https:\/\/www.meydan.tv\/az\/wp-json\/wp\/v2\/categories?post=335617"},{"taxonomy":"post_tag","embeddable":true,"href":"https:\/\/www.meydan.tv\/az\/wp-json\/wp\/v2\/tags?post=335617"}],"curies":[{"name":"wp","href":"https:\/\/api.w.org\/{rel}","templated":true}]}}