{"id":335523,"date":"2025-09-24T15:18:52","date_gmt":"2025-09-24T11:18:52","guid":{"rendered":"https:\/\/www.meydan.tv\/?p=335523"},"modified":"2025-09-24T15:28:03","modified_gmt":"2025-09-24T11:28:03","slug":"rza-talibov-gurcustanda-d%c9%99bd%c9%99b%c9%99li-otel%c9%99-yenid%c9%99n-sahib-olub","status":"publish","type":"post","link":"https:\/\/www.meydan.tv\/az\/article\/rza-talibov-gurcustanda-d%c9%99bd%c9%99b%c9%99li-otel%c9%99-yenid%c9%99n-sahib-olub\/","title":{"rendered":"Rza Tal\u0131bov G\u00fcrc\u00fcstanda d\u0259bd\u0259b\u0259li otel\u0259 yenid\u0259n sahib olub"},"content":{"rendered":"\n<p><\/p>\n\n\n\n<p>Nax\u00e7\u0131van Ali M\u0259clisinin ke\u00e7mi\u015f r\u0259hb\u0259ri Vasif Tal\u0131bovun o\u011flu Rza Tal\u0131bov atas\u0131n\u0131n istefas\u0131ndan sonra satd\u0131\u011f\u0131 d\u0259bd\u0259b\u0259li oteli v\u0259 ba\u015fqa bir \u0259mlak\u0131 yenid\u0259n \u0259l\u0259 ke\u00e7irib. O, atas\u0131n\u0131n Nax\u00e7\u0131vanda hakimiyy\u0259td\u0259n getm\u0259sind\u0259n \u00fc\u00e7 h\u0259ft\u0259 sonra, 2023-c\u00fc ilin yanvar\u0131nda oteli satm\u0131\u015fd\u0131. Rza Tal\u0131bov Qara d\u0259niz sahilind\u0259 yerl\u0259\u015f\u0259n h\u0259min oteli bu ilin may ay\u0131nda 8,6 milyon dollara geri al\u0131b.<\/p>\n\n\n\n<p>Bu bar\u0259d\u0259 <a href=\"https:\/\/www.occrp.org\/en\/news\/exclusive-azerbaijani-ex-autocrats-son-buys-back-luxury-hotel-sold-amid-political-upheaval\" target=\"_blank\" rel=\"noreferrer noopener nofollow\">OCRRP<\/a> yaz\u0131b.<\/p>\n\n\n\n<p>M\u0259qal\u0259ni ara\u015fd\u0131ran jurnalistl\u0259r h\u0259m\u00e7inin bildiribl\u0259r ki, haz\u0131rda Bak\u0131da y\u00fcks\u0259k v\u0259zif\u0259li miqrasiya r\u0259smisi kimi \u00e7al\u0131\u015fan 43 ya\u015fl\u0131 Rza Tal\u0131bov G\u00fcrc\u00fcstan sahilind\u0259ki da\u015f\u0131nmaz \u0259mlak portfelini daha da geni\u015fl\u0259ndirib.<\/p>\n\n\n\n<p>Rza Tal\u0131bov h\u0259min otel\u0259 ilk d\u0259f\u0259 sahib olanda onun ad\u0131 \u201cDivan Suites\u201d idi.&nbsp;<\/p>\n\n\n\n<p>M\u0259lumata g\u00f6r\u0259, Rza Tal\u0131bov G\u00fcrc\u00fcstan\u0131n Batumi \u015f\u0259h\u0259rind\u0259ki oteli \u201cLondon 1889\u201d ad\u0131 il\u0259 yenid\u0259n brendl\u0259\u015fdir\u0259r\u0259k \u0259lin\u0259 ke\u00e7irib. O, otelin sahibi olan \u201cB-Pearl Turizm\u201d MMC \u015firk\u0259tinin 100 faiz s\u0259hml\u0259rini alaraq obyektin tam n\u0259zar\u0259tini \u0259l\u0259 ke\u00e7irib. Tal\u0131bov eyni zamanda Batumid\u0259 yeni da\u015f\u0131nmaz \u0259mlak layih\u0259l\u0259rin\u0259 d\u0259 s\u0259rmay\u0259 qoyub.<\/p>\n\n\n\n<h5 class=\"wp-block-heading\"><strong>Yeni layih\u0259l\u0259r\u0259 milyonlarla dollar s\u0259rmay\u0259<\/strong><\/h5>\n\n\n\n<p>\u018fmlak s\u0259n\u0259dl\u0259ri g\u00f6st\u0259rir ki, Rza Tal\u0131bov yaln\u0131z otell\u0259 kifay\u0259tl\u0259nm\u0259yib. O, bu ilin iyul ay\u0131nda Batuminin Makhinjauri q\u0259s\u0259b\u0259sind\u0259 2,082 kvadratmetrlik torpaq sah\u0259sini 730 min dollara sat\u0131n al\u0131b. \u015e\u0259h\u0259r meriyas\u0131n\u0131n m\u0259lumat\u0131na \u0259sas\u0259n, h\u0259min \u0259razid\u0259 11 m\u0259rt\u0259b\u0259li, d\u0259niz m\u0259nz\u0259r\u0259li ya\u015fay\u0131\u015f binas\u0131 tikilm\u0259si planla\u015fd\u0131r\u0131l\u0131r.<\/p>\n\n\n\n<p>Tal\u0131bov sor\u011fuya cavab olaraq bildirib ki, son da\u015f\u0131nmaz \u0259mlak al\u0131\u015flar\u0131 G\u00fcrc\u00fcstan v\u0259 Az\u0259rbaycan banklar\u0131ndan g\u00f6t\u00fcr\u00fcl\u0259n kreditl\u0259r hesab\u0131na maliyy\u0259l\u0259\u015fdirilib. O, 2023-c\u00fc ild\u0259 oteli satmas\u0131n\u0131 v\u0259 bu il yenid\u0259n almas\u0131n\u0131 \u201caktivl\u0259rin b\u00f6l\u00fc\u015fd\u00fcr\u00fclm\u0259si v\u0259 yeni investisiya strategiyas\u0131\u201d kimi qiym\u0259tl\u0259ndirib.<\/p>\n\n\n\n<p>Batumi \u015e\u0259h\u0259r B\u0259l\u0259diyy\u0259sind\u0259n \u0259ld\u0259 edil\u0259n \u201cd\u0259yi\u015fiklik \u0259mri\u201dnd\u0259 qeyd olunur ki, avqust ay\u0131nda b\u0259l\u0259diyy\u0259 \u201cB-Pearl Turizm\u201d \u015firk\u0259tini h\u0259min \u0259razid\u0259 tikinti layih\u0259l\u0259rinin sahibi kimi tan\u0131y\u0131b. S\u0259n\u0259dd\u0259 d\u0259niz m\u0259nz\u0259r\u0259li m\u0259nzill\u0259rd\u0259n ibar\u0259t 11 m\u0259rt\u0259b\u0259li ya\u015fay\u0131\u015f binas\u0131n\u0131n tikintisi plan\u0131 \u0259ks olunub.<\/p>\n\n\n\n<h5 class=\"wp-block-heading\"><strong>Nax\u00e7\u0131vandak\u0131 \u201cTal\u0131bov rejimi\u201dnin s\u00fcqutundan sonra yenid\u0259n dir\u00e7\u0259lm\u0259<\/strong><\/h5>\n\n\n\n<p>Rza Tal\u0131bovun atas\u0131 Vasif Tal\u0131bov 1995-ci ild\u0259 Heyd\u0259r \u018fliyev t\u0259r\u0259find\u0259n Ali M\u0259clisin s\u0259dri t\u0259yin edilmi\u015f, 2022-ci ilin dekabr\u0131nda is\u0259 prezident \u0130lham \u018fliyevin korrupsiyaya qar\u015f\u0131 m\u00fcbariz\u0259 kampaniyas\u0131 fonunda q\u0259fil istefa vermi\u015fdi.<\/p>\n\n\n\n<p>\u0130stefadan sonra Tal\u0131bov ail\u0259si \u00f6z s\u0259rv\u0259tl\u0259rini satma\u011fa ba\u015flad\u0131. Ail\u0259 \u00fczvl\u0259ri sahib olduqlar\u0131 Nax\u00e7\u0131van Bank\u0131ndak\u0131 paylar\u0131n\u0131 \u0259lind\u0259n \u00e7\u0131xard\u0131, Rza v\u0259 qarda\u015f\u0131 Seymur is\u0259 da\u015f\u0131nmaz \u0259mlaklar\u0131n\u0131n m\u00fclkiyy\u0259tini d\u0259yi\u015fdirdil\u0259r. 2023-c\u00fc ilin yanvar\u0131nda sat\u0131lan Batumid\u0259ki otel h\u0259min sat\u0131\u015flardan biri idi.<\/p>\n\n\n\n<p>Bu son \u0259mlak al\u0131\u015flar\u0131 Rza Tal\u0131bovun ail\u0259sinin Nax\u00e7\u0131vanda hakimiyy\u0259td\u0259n d\u00fc\u015fm\u0259sind\u0259n q\u0131sa m\u00fcdd\u0259t sonra G\u00fcrc\u00fcstanda da\u015f\u0131nmaz \u0259mlak biznesin\u0259 qay\u0131d\u0131\u015f\u0131n\u0131 g\u00f6st\u0259rir.<\/p>\n\n\n\n<h5 class=\"wp-block-heading\"><strong>\u015e\u00fcbh\u0259li pul k\u00f6\u00e7\u00fcrm\u0259l\u0259ri v\u0259 gizli s\u0259rv\u0259t<\/strong><\/h5>\n\n\n\n<p>OCCRP-nin 2022-ci il ara\u015fd\u0131rmas\u0131na g\u00f6r\u0259, Rza v\u0259 Seymur Tal\u0131bovlar of\u015for \u015firk\u0259tl\u0259r vasit\u0259sil\u0259 20 milyon dollardan \u00e7ox \u015f\u00fcbh\u0259li pul k\u00f6\u00e7\u00fcrm\u0259si al\u0131blar. Bu \u015firk\u0259tl\u0259r Az\u0259rbaycan v\u0259 Troika Laundromat adlanan iki n\u0259h\u0259ng \u00e7irkli pullar\u0131n yuyulmas\u0131 sxeminin bir hiss\u0259si idi. Qarda\u015flar Birl\u0259\u015fmi\u015f \u018fr\u0259b \u018fmirlikl\u0259ri v\u0259 G\u00fcrc\u00fcstanda \u00fcmumi d\u0259y\u0259ri 63 milyon dollar olan \u0259mlaklara da sahib olublar.<\/p>\n\n\n\n<p>Rza Tal\u0131bov son a\u00e7\u0131qlamas\u0131nda bu pul k\u00f6\u00e7\u00fcrm\u0259l\u0259ri bar\u0259d\u0259 suallara cavab verm\u0259kd\u0259n imtina edib, lakin \u0259lav\u0259 edib ki, \u201cAz\u0259rbaycan qanunlar\u0131na \u0259sas\u0259n d\u00f6vl\u0259t qulluq\u00e7ular\u0131n\u0131n h\u00fcquqi \u015f\u0259xsl\u0259rd\u0259 pay sahibi olmas\u0131 qada\u011fan edilmir.\u201d<\/p>\n","protected":false},"excerpt":{"rendered":"<p>Nax\u00e7\u0131van Ali M\u0259clisinin ke\u00e7mi\u015f r\u0259hb\u0259ri Vasif Tal\u0131bovun o\u011flu Rza Tal\u0131bov &#8230; <\/p>\n<p class=\"read-more-container\"><a title=\"Rza Tal\u0131bov G\u00fcrc\u00fcstanda d\u0259bd\u0259b\u0259li otel\u0259 yenid\u0259n sahib olub\" class=\"read-more button\" href=\"https:\/\/www.meydan.tv\/az\/article\/rza-talibov-gurcustanda-d%c9%99bd%c9%99b%c9%99li-otel%c9%99-yenid%c9%99n-sahib-olub\/#more-335523\" aria-label=\"Read more about Rza Tal\u0131bov G\u00fcrc\u00fcstanda d\u0259bd\u0259b\u0259li otel\u0259 yenid\u0259n sahib olub\">Davam\u0131<\/a><\/p>\n","protected":false},"author":14,"featured_media":335524,"comment_status":"closed","ping_status":"closed","sticky":false,"template":"","format":"standard","meta":{"_acf_changed":false,"_sitemap_exclude":false,"_sitemap_priority":"","_sitemap_frequency":"","footnotes":""},"categories":[55,88,79,56],"tags":[],"class_list":["post-335523","post","type-post","status-publish","format-standard","has-post-thumbnail","hentry","category-arasdirma","category-redaktor-secimi","category-featured","category-xeberler","infinite-scroll-item","generate-columns","tablet-grid-50","mobile-grid-100","grid-parent","grid-33","no-featured-image-padding"],"acf":[],"yoast_head":"<!-- This site is optimized with the Yoast SEO plugin v27.5 - https:\/\/yoast.com\/product\/yoast-seo-wordpress\/ -->\n<title>Rza Tal\u0131bov G\u00fcrc\u00fcstanda d\u0259bd\u0259b\u0259li otel\u0259 yenid\u0259n sahib olub - MEYDAN.TV<\/title>\n<meta name=\"robots\" content=\"index, follow, max-snippet:-1, max-image-preview:large, max-video-preview:-1\" \/>\n<link rel=\"canonical\" href=\"https:\/\/www.meydan.tv\/az\/article\/rza-talibov-gurcustanda-d%c9%99bd%c9%99b%c9%99li-otel%c9%99-yenid%c9%99n-sahib-olub\/\" \/>\n<meta property=\"og:locale\" content=\"az_AZ\" \/>\n<meta property=\"og:type\" content=\"article\" \/>\n<meta property=\"og:title\" content=\"Rza Tal\u0131bov G\u00fcrc\u00fcstanda d\u0259bd\u0259b\u0259li otel\u0259 yenid\u0259n sahib olub - MEYDAN.TV\" \/>\n<meta property=\"og:description\" content=\"Nax\u00e7\u0131van Ali M\u0259clisinin ke\u00e7mi\u015f r\u0259hb\u0259ri Vasif Tal\u0131bovun o\u011flu Rza Tal\u0131bov ... Davam\u0131\" \/>\n<meta property=\"og:url\" content=\"https:\/\/www.meydan.tv\/az\/article\/rza-talibov-gurcustanda-d%c9%99bd%c9%99b%c9%99li-otel%c9%99-yenid%c9%99n-sahib-olub\/\" \/>\n<meta property=\"og:site_name\" content=\"MEYDAN.TV\" \/>\n<meta property=\"article:published_time\" content=\"2025-09-24T11:18:52+00:00\" \/>\n<meta property=\"article:modified_time\" content=\"2025-09-24T11:28:03+00:00\" \/>\n<meta property=\"og:image\" content=\"https:\/\/www.meydan.tv\/wp-content\/uploads\/0676-1-1200x586.png\" \/>\n\t<meta property=\"og:image:width\" content=\"1200\" \/>\n\t<meta property=\"og:image:height\" content=\"586\" \/>\n\t<meta property=\"og:image:type\" content=\"image\/png\" \/>\n<meta name=\"author\" content=\"roma\" \/>\n<meta name=\"twitter:card\" content=\"summary_large_image\" \/>\n<script type=\"application\/ld+json\" class=\"yoast-schema-graph\">{\"@context\":\"https:\\\/\\\/schema.org\",\"@graph\":[{\"@type\":\"Article\",\"@id\":\"https:\\\/\\\/www.meydan.tv\\\/az\\\/article\\\/rza-talibov-gurcustanda-d%c9%99bd%c9%99b%c9%99li-otel%c9%99-yenid%c9%99n-sahib-olub\\\/#article\",\"isPartOf\":{\"@id\":\"https:\\\/\\\/www.meydan.tv\\\/az\\\/article\\\/rza-talibov-gurcustanda-d%c9%99bd%c9%99b%c9%99li-otel%c9%99-yenid%c9%99n-sahib-olub\\\/\"},\"author\":{\"name\":\"roma\",\"@id\":\"https:\\\/\\\/www.meydan.tv\\\/az\\\/#\\\/schema\\\/person\\\/8f23e01c4de63326c13c319fb65ee65d\"},\"headline\":\"Rza Tal\u0131bov G\u00fcrc\u00fcstanda d\u0259bd\u0259b\u0259li otel\u0259 yenid\u0259n sahib olub\",\"datePublished\":\"2025-09-24T11:18:52+00:00\",\"dateModified\":\"2025-09-24T11:28:03+00:00\",\"mainEntityOfPage\":{\"@id\":\"https:\\\/\\\/www.meydan.tv\\\/az\\\/article\\\/rza-talibov-gurcustanda-d%c9%99bd%c9%99b%c9%99li-otel%c9%99-yenid%c9%99n-sahib-olub\\\/\"},\"wordCount\":745,\"publisher\":{\"@id\":\"https:\\\/\\\/www.meydan.tv\\\/az\\\/#organization\"},\"image\":{\"@id\":\"https:\\\/\\\/www.meydan.tv\\\/az\\\/article\\\/rza-talibov-gurcustanda-d%c9%99bd%c9%99b%c9%99li-otel%c9%99-yenid%c9%99n-sahib-olub\\\/#primaryimage\"},\"thumbnailUrl\":\"https:\\\/\\\/www.meydan.tv\\\/wp-content\\\/uploads\\\/0676-1.png\",\"articleSection\":[\"Ara\u015fd\u0131rma\",\"Redaktor se\u00e7imi\",\"T\u00f6vsiy\u0259\",\"X\u0259b\u0259rl\u0259r\"],\"inLanguage\":\"az\"},{\"@type\":\"WebPage\",\"@id\":\"https:\\\/\\\/www.meydan.tv\\\/az\\\/article\\\/rza-talibov-gurcustanda-d%c9%99bd%c9%99b%c9%99li-otel%c9%99-yenid%c9%99n-sahib-olub\\\/\",\"url\":\"https:\\\/\\\/www.meydan.tv\\\/az\\\/article\\\/rza-talibov-gurcustanda-d%c9%99bd%c9%99b%c9%99li-otel%c9%99-yenid%c9%99n-sahib-olub\\\/\",\"name\":\"Rza Tal\u0131bov G\u00fcrc\u00fcstanda d\u0259bd\u0259b\u0259li otel\u0259 yenid\u0259n sahib olub - MEYDAN.TV\",\"isPartOf\":{\"@id\":\"https:\\\/\\\/www.meydan.tv\\\/az\\\/#website\"},\"primaryImageOfPage\":{\"@id\":\"https:\\\/\\\/www.meydan.tv\\\/az\\\/article\\\/rza-talibov-gurcustanda-d%c9%99bd%c9%99b%c9%99li-otel%c9%99-yenid%c9%99n-sahib-olub\\\/#primaryimage\"},\"image\":{\"@id\":\"https:\\\/\\\/www.meydan.tv\\\/az\\\/article\\\/rza-talibov-gurcustanda-d%c9%99bd%c9%99b%c9%99li-otel%c9%99-yenid%c9%99n-sahib-olub\\\/#primaryimage\"},\"thumbnailUrl\":\"https:\\\/\\\/www.meydan.tv\\\/wp-content\\\/uploads\\\/0676-1.png\",\"datePublished\":\"2025-09-24T11:18:52+00:00\",\"dateModified\":\"2025-09-24T11:28:03+00:00\",\"breadcrumb\":{\"@id\":\"https:\\\/\\\/www.meydan.tv\\\/az\\\/article\\\/rza-talibov-gurcustanda-d%c9%99bd%c9%99b%c9%99li-otel%c9%99-yenid%c9%99n-sahib-olub\\\/#breadcrumb\"},\"inLanguage\":\"az\",\"potentialAction\":[{\"@type\":\"ReadAction\",\"target\":[\"https:\\\/\\\/www.meydan.tv\\\/az\\\/article\\\/rza-talibov-gurcustanda-d%c9%99bd%c9%99b%c9%99li-otel%c9%99-yenid%c9%99n-sahib-olub\\\/\"]}]},{\"@type\":\"ImageObject\",\"inLanguage\":\"az\",\"@id\":\"https:\\\/\\\/www.meydan.tv\\\/az\\\/article\\\/rza-talibov-gurcustanda-d%c9%99bd%c9%99b%c9%99li-otel%c9%99-yenid%c9%99n-sahib-olub\\\/#primaryimage\",\"url\":\"https:\\\/\\\/www.meydan.tv\\\/wp-content\\\/uploads\\\/0676-1.png\",\"contentUrl\":\"https:\\\/\\\/www.meydan.tv\\\/wp-content\\\/uploads\\\/0676-1.png\",\"width\":2000,\"height\":977,\"caption\":\"Rza Tal\u0131bov. Foto-kollaj: Meydan TV\"},{\"@type\":\"BreadcrumbList\",\"@id\":\"https:\\\/\\\/www.meydan.tv\\\/az\\\/article\\\/rza-talibov-gurcustanda-d%c9%99bd%c9%99b%c9%99li-otel%c9%99-yenid%c9%99n-sahib-olub\\\/#breadcrumb\",\"itemListElement\":[{\"@type\":\"ListItem\",\"position\":1,\"name\":\"Ana s\u0259hif\u0259\",\"item\":\"https:\\\/\\\/www.meydan.tv\\\/az\\\/\"},{\"@type\":\"ListItem\",\"position\":2,\"name\":\"Ara\u015fd\u0131rma\",\"item\":\"https:\\\/\\\/www.meydan.tv\\\/az\\\/section\\\/arasdirma\\\/\"},{\"@type\":\"ListItem\",\"position\":3,\"name\":\"Rza Tal\u0131bov G\u00fcrc\u00fcstanda d\u0259bd\u0259b\u0259li otel\u0259 yenid\u0259n sahib olub\"}]},{\"@type\":\"WebSite\",\"@id\":\"https:\\\/\\\/www.meydan.tv\\\/az\\\/#website\",\"url\":\"https:\\\/\\\/www.meydan.tv\\\/az\\\/\",\"name\":\"MEYDAN.TV\",\"description\":\"Meydan TV Az\u0259rbaycan\u0131n media m\u0259kan\u0131ndak\u0131 alternativ s\u0259sidir\",\"publisher\":{\"@id\":\"https:\\\/\\\/www.meydan.tv\\\/az\\\/#organization\"},\"potentialAction\":[{\"@type\":\"SearchAction\",\"target\":{\"@type\":\"EntryPoint\",\"urlTemplate\":\"https:\\\/\\\/www.meydan.tv\\\/az\\\/?s={search_term_string}\"},\"query-input\":{\"@type\":\"PropertyValueSpecification\",\"valueRequired\":true,\"valueName\":\"search_term_string\"}}],\"inLanguage\":\"az\"},{\"@type\":\"Organization\",\"@id\":\"https:\\\/\\\/www.meydan.tv\\\/az\\\/#organization\",\"name\":\"Meydan TV\",\"url\":\"https:\\\/\\\/www.meydan.tv\\\/az\\\/\",\"logo\":{\"@type\":\"ImageObject\",\"inLanguage\":\"az\",\"@id\":\"https:\\\/\\\/www.meydan.tv\\\/az\\\/#\\\/schema\\\/logo\\\/image\\\/\",\"url\":\"https:\\\/\\\/www.meydan.tv\\\/wp-content\\\/uploads\\\/2021\\\/07\\\/meydan-logo.svg\",\"contentUrl\":\"https:\\\/\\\/www.meydan.tv\\\/wp-content\\\/uploads\\\/2021\\\/07\\\/meydan-logo.svg\",\"width\":195,\"height\":46,\"caption\":\"Meydan TV\"},\"image\":{\"@id\":\"https:\\\/\\\/www.meydan.tv\\\/az\\\/#\\\/schema\\\/logo\\\/image\\\/\"}},{\"@type\":\"Person\",\"@id\":\"https:\\\/\\\/www.meydan.tv\\\/az\\\/#\\\/schema\\\/person\\\/8f23e01c4de63326c13c319fb65ee65d\",\"name\":\"roma\"}]}<\/script>\n<!-- \/ Yoast SEO plugin. -->","yoast_head_json":{"title":"Rza Tal\u0131bov G\u00fcrc\u00fcstanda d\u0259bd\u0259b\u0259li otel\u0259 yenid\u0259n sahib olub - MEYDAN.TV","robots":{"index":"index","follow":"follow","max-snippet":"max-snippet:-1","max-image-preview":"max-image-preview:large","max-video-preview":"max-video-preview:-1"},"canonical":"https:\/\/www.meydan.tv\/az\/article\/rza-talibov-gurcustanda-d%c9%99bd%c9%99b%c9%99li-otel%c9%99-yenid%c9%99n-sahib-olub\/","og_locale":"az_AZ","og_type":"article","og_title":"Rza Tal\u0131bov G\u00fcrc\u00fcstanda d\u0259bd\u0259b\u0259li otel\u0259 yenid\u0259n sahib olub - MEYDAN.TV","og_description":"Nax\u00e7\u0131van Ali M\u0259clisinin ke\u00e7mi\u015f r\u0259hb\u0259ri Vasif Tal\u0131bovun o\u011flu Rza Tal\u0131bov ... Davam\u0131","og_url":"https:\/\/www.meydan.tv\/az\/article\/rza-talibov-gurcustanda-d%c9%99bd%c9%99b%c9%99li-otel%c9%99-yenid%c9%99n-sahib-olub\/","og_site_name":"MEYDAN.TV","article_published_time":"2025-09-24T11:18:52+00:00","article_modified_time":"2025-09-24T11:28:03+00:00","og_image":[{"width":1200,"height":586,"url":"https:\/\/www.meydan.tv\/wp-content\/uploads\/0676-1-1200x586.png","type":"image\/png"}],"author":"roma","twitter_card":"summary_large_image","schema":{"@context":"https:\/\/schema.org","@graph":[{"@type":"Article","@id":"https:\/\/www.meydan.tv\/az\/article\/rza-talibov-gurcustanda-d%c9%99bd%c9%99b%c9%99li-otel%c9%99-yenid%c9%99n-sahib-olub\/#article","isPartOf":{"@id":"https:\/\/www.meydan.tv\/az\/article\/rza-talibov-gurcustanda-d%c9%99bd%c9%99b%c9%99li-otel%c9%99-yenid%c9%99n-sahib-olub\/"},"author":{"name":"roma","@id":"https:\/\/www.meydan.tv\/az\/#\/schema\/person\/8f23e01c4de63326c13c319fb65ee65d"},"headline":"Rza Tal\u0131bov G\u00fcrc\u00fcstanda d\u0259bd\u0259b\u0259li otel\u0259 yenid\u0259n sahib olub","datePublished":"2025-09-24T11:18:52+00:00","dateModified":"2025-09-24T11:28:03+00:00","mainEntityOfPage":{"@id":"https:\/\/www.meydan.tv\/az\/article\/rza-talibov-gurcustanda-d%c9%99bd%c9%99b%c9%99li-otel%c9%99-yenid%c9%99n-sahib-olub\/"},"wordCount":745,"publisher":{"@id":"https:\/\/www.meydan.tv\/az\/#organization"},"image":{"@id":"https:\/\/www.meydan.tv\/az\/article\/rza-talibov-gurcustanda-d%c9%99bd%c9%99b%c9%99li-otel%c9%99-yenid%c9%99n-sahib-olub\/#primaryimage"},"thumbnailUrl":"https:\/\/www.meydan.tv\/wp-content\/uploads\/0676-1.png","articleSection":["Ara\u015fd\u0131rma","Redaktor se\u00e7imi","T\u00f6vsiy\u0259","X\u0259b\u0259rl\u0259r"],"inLanguage":"az"},{"@type":"WebPage","@id":"https:\/\/www.meydan.tv\/az\/article\/rza-talibov-gurcustanda-d%c9%99bd%c9%99b%c9%99li-otel%c9%99-yenid%c9%99n-sahib-olub\/","url":"https:\/\/www.meydan.tv\/az\/article\/rza-talibov-gurcustanda-d%c9%99bd%c9%99b%c9%99li-otel%c9%99-yenid%c9%99n-sahib-olub\/","name":"Rza Tal\u0131bov G\u00fcrc\u00fcstanda d\u0259bd\u0259b\u0259li otel\u0259 yenid\u0259n sahib olub - MEYDAN.TV","isPartOf":{"@id":"https:\/\/www.meydan.tv\/az\/#website"},"primaryImageOfPage":{"@id":"https:\/\/www.meydan.tv\/az\/article\/rza-talibov-gurcustanda-d%c9%99bd%c9%99b%c9%99li-otel%c9%99-yenid%c9%99n-sahib-olub\/#primaryimage"},"image":{"@id":"https:\/\/www.meydan.tv\/az\/article\/rza-talibov-gurcustanda-d%c9%99bd%c9%99b%c9%99li-otel%c9%99-yenid%c9%99n-sahib-olub\/#primaryimage"},"thumbnailUrl":"https:\/\/www.meydan.tv\/wp-content\/uploads\/0676-1.png","datePublished":"2025-09-24T11:18:52+00:00","dateModified":"2025-09-24T11:28:03+00:00","breadcrumb":{"@id":"https:\/\/www.meydan.tv\/az\/article\/rza-talibov-gurcustanda-d%c9%99bd%c9%99b%c9%99li-otel%c9%99-yenid%c9%99n-sahib-olub\/#breadcrumb"},"inLanguage":"az","potentialAction":[{"@type":"ReadAction","target":["https:\/\/www.meydan.tv\/az\/article\/rza-talibov-gurcustanda-d%c9%99bd%c9%99b%c9%99li-otel%c9%99-yenid%c9%99n-sahib-olub\/"]}]},{"@type":"ImageObject","inLanguage":"az","@id":"https:\/\/www.meydan.tv\/az\/article\/rza-talibov-gurcustanda-d%c9%99bd%c9%99b%c9%99li-otel%c9%99-yenid%c9%99n-sahib-olub\/#primaryimage","url":"https:\/\/www.meydan.tv\/wp-content\/uploads\/0676-1.png","contentUrl":"https:\/\/www.meydan.tv\/wp-content\/uploads\/0676-1.png","width":2000,"height":977,"caption":"Rza Tal\u0131bov. Foto-kollaj: Meydan TV"},{"@type":"BreadcrumbList","@id":"https:\/\/www.meydan.tv\/az\/article\/rza-talibov-gurcustanda-d%c9%99bd%c9%99b%c9%99li-otel%c9%99-yenid%c9%99n-sahib-olub\/#breadcrumb","itemListElement":[{"@type":"ListItem","position":1,"name":"Ana s\u0259hif\u0259","item":"https:\/\/www.meydan.tv\/az\/"},{"@type":"ListItem","position":2,"name":"Ara\u015fd\u0131rma","item":"https:\/\/www.meydan.tv\/az\/section\/arasdirma\/"},{"@type":"ListItem","position":3,"name":"Rza Tal\u0131bov G\u00fcrc\u00fcstanda d\u0259bd\u0259b\u0259li otel\u0259 yenid\u0259n sahib olub"}]},{"@type":"WebSite","@id":"https:\/\/www.meydan.tv\/az\/#website","url":"https:\/\/www.meydan.tv\/az\/","name":"MEYDAN.TV","description":"Meydan TV Az\u0259rbaycan\u0131n media m\u0259kan\u0131ndak\u0131 alternativ s\u0259sidir","publisher":{"@id":"https:\/\/www.meydan.tv\/az\/#organization"},"potentialAction":[{"@type":"SearchAction","target":{"@type":"EntryPoint","urlTemplate":"https:\/\/www.meydan.tv\/az\/?s={search_term_string}"},"query-input":{"@type":"PropertyValueSpecification","valueRequired":true,"valueName":"search_term_string"}}],"inLanguage":"az"},{"@type":"Organization","@id":"https:\/\/www.meydan.tv\/az\/#organization","name":"Meydan TV","url":"https:\/\/www.meydan.tv\/az\/","logo":{"@type":"ImageObject","inLanguage":"az","@id":"https:\/\/www.meydan.tv\/az\/#\/schema\/logo\/image\/","url":"https:\/\/www.meydan.tv\/wp-content\/uploads\/2021\/07\/meydan-logo.svg","contentUrl":"https:\/\/www.meydan.tv\/wp-content\/uploads\/2021\/07\/meydan-logo.svg","width":195,"height":46,"caption":"Meydan TV"},"image":{"@id":"https:\/\/www.meydan.tv\/az\/#\/schema\/logo\/image\/"}},{"@type":"Person","@id":"https:\/\/www.meydan.tv\/az\/#\/schema\/person\/8f23e01c4de63326c13c319fb65ee65d","name":"roma"}]}},"_links":{"self":[{"href":"https:\/\/www.meydan.tv\/az\/wp-json\/wp\/v2\/posts\/335523","targetHints":{"allow":["GET"]}}],"collection":[{"href":"https:\/\/www.meydan.tv\/az\/wp-json\/wp\/v2\/posts"}],"about":[{"href":"https:\/\/www.meydan.tv\/az\/wp-json\/wp\/v2\/types\/post"}],"author":[{"embeddable":true,"href":"https:\/\/www.meydan.tv\/az\/wp-json\/wp\/v2\/users\/14"}],"replies":[{"embeddable":true,"href":"https:\/\/www.meydan.tv\/az\/wp-json\/wp\/v2\/comments?post=335523"}],"version-history":[{"count":6,"href":"https:\/\/www.meydan.tv\/az\/wp-json\/wp\/v2\/posts\/335523\/revisions"}],"predecessor-version":[{"id":335528,"href":"https:\/\/www.meydan.tv\/az\/wp-json\/wp\/v2\/posts\/335523\/revisions\/335528"}],"wp:featuredmedia":[{"embeddable":true,"href":"https:\/\/www.meydan.tv\/az\/wp-json\/wp\/v2\/media\/335524"}],"wp:attachment":[{"href":"https:\/\/www.meydan.tv\/az\/wp-json\/wp\/v2\/media?parent=335523"}],"wp:term":[{"taxonomy":"category","embeddable":true,"href":"https:\/\/www.meydan.tv\/az\/wp-json\/wp\/v2\/categories?post=335523"},{"taxonomy":"post_tag","embeddable":true,"href":"https:\/\/www.meydan.tv\/az\/wp-json\/wp\/v2\/tags?post=335523"}],"curies":[{"name":"wp","href":"https:\/\/api.w.org\/{rel}","templated":true}]}}