{"id":335391,"date":"2025-09-19T19:34:38","date_gmt":"2025-09-19T15:34:38","guid":{"rendered":"https:\/\/www.meydan.tv\/?p=335391"},"modified":"2025-09-19T19:34:40","modified_gmt":"2025-09-19T15:34:40","slug":"bakida-transgender-qadina-qarsi-zorakiliq-aktivistl%c9%99r-d%c9%99rhal-t%c9%99dbir-gorulm%c9%99sini-t%c9%99l%c9%99b-edir","status":"publish","type":"post","link":"https:\/\/www.meydan.tv\/az\/article\/bakida-transgender-qadina-qarsi-zorakiliq-aktivistl%c9%99r-d%c9%99rhal-t%c9%99dbir-gorulm%c9%99sini-t%c9%99l%c9%99b-edir\/","title":{"rendered":"Bak\u0131da transgender qad\u0131na qar\u015f\u0131 zorak\u0131l\u0131q: aktivistl\u0259r d\u0259rhal t\u0259dbir g\u00f6r\u00fclm\u0259sini t\u0259l\u0259b edir"},"content":{"rendered":"\n<p><\/p>\n\n\n\n<p>Bak\u0131n\u0131n Neft\u00e7il\u0259r metrosu yax\u0131nl\u0131\u011f\u0131nda transgender qad\u0131na qar\u015f\u0131 zorak\u0131l\u0131q hadis\u0259sinin <a href=\"https:\/\/www.instagram.com\/p\/DOwA9OciDE9\/\" target=\"_blank\" rel=\"noreferrer noopener nofollow\">g\u00f6r\u00fcnt\u00fcl\u0259ri<\/a> sosial \u015f\u0259b\u0259k\u0259l\u0259rd\u0259 yay\u0131landan sonra Q\u0131y Vaar, QueeRadar, Minority Az\u0259rbaycan, Transvisionary, Q Collective v\u0259 Femkulis aktivist t\u0259\u015fkilatlar\u0131 birg\u0259 b\u0259yanat yay\u0131blar.<\/p>\n\n\n\n<blockquote class=\"wp-block-quote is-layout-flow wp-block-quote-is-layout-flow\">\n<p><strong>N\u0259 ba\u015f verib?<\/strong><\/p>\n\n\n\n<p><\/p>\n\n\n\n<p> <strong>Bak\u0131n\u0131n Neft\u00e7il\u0259r metrosu yax\u0131nl\u0131\u011f\u0131nda, k\u00fc\u00e7\u0259d\u0259 transfob h\u00fccum hadis\u0259si ba\u015f verib. Ma\u015f\u0131nda h\u0259r\u0259k\u0259t ed\u0259n 3 n\u0259f\u0259r canl\u0131 yay\u0131m a\u00e7araq, yolda trans qad\u0131na da\u015f at\u0131blar. Onlar da\u015f\u0131n qad\u0131n\u0131n aya\u011f\u0131na d\u0259ydiyini deyib g\u00fcl\u00fcr, t\u0259hqiramiz ifad\u0259l\u0259r s\u0259sl\u0259ndiribl\u0259r. Hadis\u0259nin d\u0259qiq n\u0259 vaxt ba\u015f verdiyi m\u0259lum deyil. M\u0259s\u0259l\u0259 il\u0259 ba\u011fl\u0131 aidiyy\u0259ti qurumlar \u015f\u0259rh verm\u0259yib.<\/strong><\/p>\n<\/blockquote>\n\n\n\n<p>Aktivistl\u0259rin birg\u0259 b\u0259yanat\u0131nda deyilir ki, Az\u0259rbaycanda LGBT\u0130Q+ v\u0259t\u0259nda\u015flar, x\u00fcsusil\u0259 trans qad\u0131nlar, ill\u0259rdir ictimai yerl\u0259rd\u0259 fiziki zorak\u0131l\u0131\u011fa, t\u0259hqir v\u0259 h\u0259tta q\u0259tll\u0259r\u0259 m\u0259ruz qal\u0131rlar:<\/p>\n\n\n\n<p><em>\u201cBu zorak\u0131l\u0131q hadis\u0259l\u0259ri t\u0259sad\u00fcfi deyil, c\u0259miyy\u0259t\u0259 k\u00f6k salm\u0131\u015f transfobiyan\u0131n, d\u00f6vl\u0259tin passivliyinin v\u0259 c\u0259zas\u0131zl\u0131q m\u00fchitinin n\u0259tic\u0259sidir. Transfobiya yaln\u0131z zorak\u0131l\u0131q aktlar\u0131 il\u0259 m\u0259hdudla\u015fm\u0131r; sosial m\u00fcnasib\u0259tl\u0259rd\u0259, mediada, h\u00fcquqi bo\u015fluqlarda v\u0259 d\u00f6vl\u0259t qurumlar\u0131n\u0131n h\u0259r\u0259k\u0259tsizliyind\u0259 d\u0259 \u00f6z\u00fcn\u00fc g\u00f6st\u0259rir. Bu v\u0259ziyy\u0259t nifr\u0259tin legitiml\u0259\u015fm\u0259sin\u0259 v\u0259 LGBT\u0130Q+ v\u0259t\u0259nda\u015flar\u0131n g\u00fcnd\u0259lik h\u0259yat\u0131nda t\u0259hl\u00fck\u0259 hissinin davam etm\u0259sin\u0259 s\u0259b\u0259b olur\u201d.<\/em><\/p>\n\n\n\n<p>B\u0259yanat i\u015ftirak\u00e7\u0131lar\u0131 Neft\u00e7il\u0259r metrosu yax\u0131nl\u0131\u011f\u0131nda ba\u015f ver\u0259n h\u00fccumu t\u00f6r\u0259d\u0259n \u015f\u0259xsl\u0259rin d\u0259rhal m\u00fc\u0259yy\u0259n edil\u0259r\u0259k cinay\u0259t m\u0259suliyy\u0259tin\u0259 c\u0259lb olunmas\u0131n\u0131 t\u0259l\u0259b edirl\u0259r.<\/p>\n\n\n\n<p><em>\u201cD\u00f6vl\u0259t qurumlar\u0131 LGBT\u0130Q+ v\u0259t\u0259nda\u015flara qar\u015f\u0131 nifr\u0259t z\u0259minind\u0259 zorak\u0131l\u0131\u011f\u0131 a\u00e7\u0131q \u015f\u0259kild\u0259 pisl\u0259sin v\u0259 preventiv t\u0259dbirl\u0259r h\u0259yata ke\u00e7irsin. H\u00fcquq-m\u00fchafiz\u0259 orqanlar\u0131nda cinsi oriyentasiya v\u0259 gender kimliyin\u0259 \u0259saslanan ayr\u0131-se\u00e7kiliy\u0259 qar\u015f\u0131 maarifl\u0259ndirm\u0259 apar\u0131ls\u0131n. Az\u0259rbaycan h\u00f6kum\u0259ti beyn\u0259lxalq insan h\u00fcquqlar\u0131 \u00f6hd\u0259likl\u0259rin\u0259 \u0259m\u0259l ed\u0259r\u0259k, \u201ccinsi oriyentasiya\u201d v\u0259 \u201cgender kimliyi\u201d ifad\u0259l\u0259rini milli qanunvericiliy\u0259 daxil etsin v\u0259 qanunlar\u0131 beyn\u0259lxalq standartlara uy\u011funla\u015fd\u0131rs\u0131n. BMT M\u00fcst\u0259qil M\u00fct\u0259x\u0259ssisinin Az\u0259rbaycana d\u0259v\u0259ti q\u0259bul edilsin v\u0259 bu sah\u0259d\u0259 \u0259m\u0259kda\u015fl\u0131q t\u0259min olunsun. D\u00f6vl\u0259tin susqunlu\u011fu nifr\u0259t cinay\u0259tl\u0259rini t\u0259\u015fviq edir v\u0259 zorak\u0131l\u0131\u011f\u0131n miqyas\u0131n\u0131 art\u0131r\u0131r. Biz h\u00fcquq-m\u00fchafiz\u0259 orqanlar\u0131n\u0131 d\u0259rhal h\u0259r\u0259k\u0259t\u0259 ke\u00e7m\u0259y\u0259, cinay\u0259tkarlar\u0131 c\u0259zaland\u0131rma\u011fa v\u0259 b\u00fct\u00fcn v\u0259t\u0259nda\u015flar\u0131n t\u0259hl\u00fck\u0259sizliyini t\u0259min etm\u0259y\u0259 \u00e7a\u011f\u0131r\u0131r\u0131q\u201d<\/em>, &#8211; b\u0259yanatda qeyd edilib.<\/p>\n\n\n\n<p>Az\u0259rbaycanda LGBT\u0130Q+ v\u0259 dig\u0259r sosial azl\u0131qlar uzun ill\u0259rdir g\u00fccl\u00fc diskriminasiyaya, q\u0131na\u011fa, t\u0259zyiq v\u0259 zorak\u0131l\u0131\u011fa m\u0259ruz qal\u0131rlar.\u00a0\u00a0<\/p>\n","protected":false},"excerpt":{"rendered":"<p>Bak\u0131n\u0131n Neft\u00e7il\u0259r metrosu yax\u0131nl\u0131\u011f\u0131nda transgender qad\u0131na qar\u015f\u0131 zorak\u0131l\u0131q hadis\u0259sinin g\u00f6r\u00fcnt\u00fcl\u0259ri &#8230; <\/p>\n<p class=\"read-more-container\"><a title=\"Bak\u0131da transgender qad\u0131na qar\u015f\u0131 zorak\u0131l\u0131q: aktivistl\u0259r d\u0259rhal t\u0259dbir g\u00f6r\u00fclm\u0259sini t\u0259l\u0259b edir\" class=\"read-more button\" href=\"https:\/\/www.meydan.tv\/az\/article\/bakida-transgender-qadina-qarsi-zorakiliq-aktivistl%c9%99r-d%c9%99rhal-t%c9%99dbir-gorulm%c9%99sini-t%c9%99l%c9%99b-edir\/#more-335391\" aria-label=\"Read more about Bak\u0131da transgender qad\u0131na qar\u015f\u0131 zorak\u0131l\u0131q: aktivistl\u0259r d\u0259rhal t\u0259dbir g\u00f6r\u00fclm\u0259sini t\u0259l\u0259b edir\">Davam\u0131<\/a><\/p>\n","protected":false},"author":21,"featured_media":162084,"comment_status":"closed","ping_status":"closed","sticky":false,"template":"","format":"standard","meta":{"_acf_changed":false,"_sitemap_exclude":false,"_sitemap_priority":"","_sitemap_frequency":"","footnotes":""},"categories":[62,79,56],"tags":[],"class_list":["post-335391","post","type-post","status-publish","format-standard","has-post-thumbnail","hentry","category-sosial","category-featured","category-xeberler","infinite-scroll-item","generate-columns","tablet-grid-50","mobile-grid-100","grid-parent","grid-33","no-featured-image-padding"],"acf":[],"yoast_head":"<!-- This site is optimized with the Yoast SEO plugin v27.4 - https:\/\/yoast.com\/product\/yoast-seo-wordpress\/ -->\n<title>Bak\u0131da transgender qad\u0131na qar\u015f\u0131 zorak\u0131l\u0131q: aktivistl\u0259r d\u0259rhal t\u0259dbir g\u00f6r\u00fclm\u0259sini t\u0259l\u0259b edir - MEYDAN.TV<\/title>\n<meta name=\"robots\" content=\"index, follow, max-snippet:-1, max-image-preview:large, max-video-preview:-1\" \/>\n<link rel=\"canonical\" href=\"https:\/\/www.meydan.tv\/az\/article\/bakida-transgender-qadina-qarsi-zorakiliq-aktivistl%c9%99r-d%c9%99rhal-t%c9%99dbir-gorulm%c9%99sini-t%c9%99l%c9%99b-edir\/\" \/>\n<meta property=\"og:locale\" content=\"az_AZ\" \/>\n<meta property=\"og:type\" content=\"article\" \/>\n<meta property=\"og:title\" content=\"Bak\u0131da transgender qad\u0131na qar\u015f\u0131 zorak\u0131l\u0131q: aktivistl\u0259r d\u0259rhal t\u0259dbir g\u00f6r\u00fclm\u0259sini t\u0259l\u0259b edir - MEYDAN.TV\" \/>\n<meta property=\"og:description\" content=\"Bak\u0131n\u0131n Neft\u00e7il\u0259r metrosu yax\u0131nl\u0131\u011f\u0131nda transgender qad\u0131na qar\u015f\u0131 zorak\u0131l\u0131q hadis\u0259sinin g\u00f6r\u00fcnt\u00fcl\u0259ri ... Davam\u0131\" \/>\n<meta property=\"og:url\" content=\"https:\/\/www.meydan.tv\/az\/article\/bakida-transgender-qadina-qarsi-zorakiliq-aktivistl%c9%99r-d%c9%99rhal-t%c9%99dbir-gorulm%c9%99sini-t%c9%99l%c9%99b-edir\/\" \/>\n<meta property=\"og:site_name\" content=\"MEYDAN.TV\" \/>\n<meta property=\"article:published_time\" content=\"2025-09-19T15:34:38+00:00\" \/>\n<meta property=\"article:modified_time\" content=\"2025-09-19T15:34:40+00:00\" \/>\n<meta property=\"og:image\" content=\"https:\/\/www.meydan.tv\/wp-content\/uploads\/sharon-mccutcheon-mib2s5z8vjo-unsplash-scaled.jpg\" \/>\n\t<meta property=\"og:image:width\" content=\"2560\" \/>\n\t<meta property=\"og:image:height\" content=\"1682\" \/>\n\t<meta property=\"og:image:type\" content=\"image\/jpeg\" \/>\n<meta name=\"author\" content=\"mahmud\" \/>\n<meta name=\"twitter:card\" content=\"summary_large_image\" \/>\n<script type=\"application\/ld+json\" class=\"yoast-schema-graph\">{\"@context\":\"https:\\\/\\\/schema.org\",\"@graph\":[{\"@type\":\"Article\",\"@id\":\"https:\\\/\\\/www.meydan.tv\\\/az\\\/article\\\/bakida-transgender-qadina-qarsi-zorakiliq-aktivistl%c9%99r-d%c9%99rhal-t%c9%99dbir-gorulm%c9%99sini-t%c9%99l%c9%99b-edir\\\/#article\",\"isPartOf\":{\"@id\":\"https:\\\/\\\/www.meydan.tv\\\/az\\\/article\\\/bakida-transgender-qadina-qarsi-zorakiliq-aktivistl%c9%99r-d%c9%99rhal-t%c9%99dbir-gorulm%c9%99sini-t%c9%99l%c9%99b-edir\\\/\"},\"author\":{\"name\":\"mahmud\",\"@id\":\"https:\\\/\\\/www.meydan.tv\\\/az\\\/#\\\/schema\\\/person\\\/09863e516102a829e72bedcf3f84c6b0\"},\"headline\":\"Bak\u0131da transgender qad\u0131na qar\u015f\u0131 zorak\u0131l\u0131q: aktivistl\u0259r d\u0259rhal t\u0259dbir g\u00f6r\u00fclm\u0259sini t\u0259l\u0259b edir\",\"datePublished\":\"2025-09-19T15:34:38+00:00\",\"dateModified\":\"2025-09-19T15:34:40+00:00\",\"mainEntityOfPage\":{\"@id\":\"https:\\\/\\\/www.meydan.tv\\\/az\\\/article\\\/bakida-transgender-qadina-qarsi-zorakiliq-aktivistl%c9%99r-d%c9%99rhal-t%c9%99dbir-gorulm%c9%99sini-t%c9%99l%c9%99b-edir\\\/\"},\"wordCount\":575,\"publisher\":{\"@id\":\"https:\\\/\\\/www.meydan.tv\\\/az\\\/#organization\"},\"image\":{\"@id\":\"https:\\\/\\\/www.meydan.tv\\\/az\\\/article\\\/bakida-transgender-qadina-qarsi-zorakiliq-aktivistl%c9%99r-d%c9%99rhal-t%c9%99dbir-gorulm%c9%99sini-t%c9%99l%c9%99b-edir\\\/#primaryimage\"},\"thumbnailUrl\":\"https:\\\/\\\/www.meydan.tv\\\/wp-content\\\/uploads\\\/sharon-mccutcheon-mib2s5z8vjo-unsplash-scaled.jpg\",\"articleSection\":[\"Sosial\",\"T\u00f6vsiy\u0259\",\"X\u0259b\u0259rl\u0259r\"],\"inLanguage\":\"az\"},{\"@type\":\"WebPage\",\"@id\":\"https:\\\/\\\/www.meydan.tv\\\/az\\\/article\\\/bakida-transgender-qadina-qarsi-zorakiliq-aktivistl%c9%99r-d%c9%99rhal-t%c9%99dbir-gorulm%c9%99sini-t%c9%99l%c9%99b-edir\\\/\",\"url\":\"https:\\\/\\\/www.meydan.tv\\\/az\\\/article\\\/bakida-transgender-qadina-qarsi-zorakiliq-aktivistl%c9%99r-d%c9%99rhal-t%c9%99dbir-gorulm%c9%99sini-t%c9%99l%c9%99b-edir\\\/\",\"name\":\"Bak\u0131da transgender qad\u0131na qar\u015f\u0131 zorak\u0131l\u0131q: aktivistl\u0259r d\u0259rhal t\u0259dbir g\u00f6r\u00fclm\u0259sini t\u0259l\u0259b edir - MEYDAN.TV\",\"isPartOf\":{\"@id\":\"https:\\\/\\\/www.meydan.tv\\\/az\\\/#website\"},\"primaryImageOfPage\":{\"@id\":\"https:\\\/\\\/www.meydan.tv\\\/az\\\/article\\\/bakida-transgender-qadina-qarsi-zorakiliq-aktivistl%c9%99r-d%c9%99rhal-t%c9%99dbir-gorulm%c9%99sini-t%c9%99l%c9%99b-edir\\\/#primaryimage\"},\"image\":{\"@id\":\"https:\\\/\\\/www.meydan.tv\\\/az\\\/article\\\/bakida-transgender-qadina-qarsi-zorakiliq-aktivistl%c9%99r-d%c9%99rhal-t%c9%99dbir-gorulm%c9%99sini-t%c9%99l%c9%99b-edir\\\/#primaryimage\"},\"thumbnailUrl\":\"https:\\\/\\\/www.meydan.tv\\\/wp-content\\\/uploads\\\/sharon-mccutcheon-mib2s5z8vjo-unsplash-scaled.jpg\",\"datePublished\":\"2025-09-19T15:34:38+00:00\",\"dateModified\":\"2025-09-19T15:34:40+00:00\",\"breadcrumb\":{\"@id\":\"https:\\\/\\\/www.meydan.tv\\\/az\\\/article\\\/bakida-transgender-qadina-qarsi-zorakiliq-aktivistl%c9%99r-d%c9%99rhal-t%c9%99dbir-gorulm%c9%99sini-t%c9%99l%c9%99b-edir\\\/#breadcrumb\"},\"inLanguage\":\"az\",\"potentialAction\":[{\"@type\":\"ReadAction\",\"target\":[\"https:\\\/\\\/www.meydan.tv\\\/az\\\/article\\\/bakida-transgender-qadina-qarsi-zorakiliq-aktivistl%c9%99r-d%c9%99rhal-t%c9%99dbir-gorulm%c9%99sini-t%c9%99l%c9%99b-edir\\\/\"]}]},{\"@type\":\"ImageObject\",\"inLanguage\":\"az\",\"@id\":\"https:\\\/\\\/www.meydan.tv\\\/az\\\/article\\\/bakida-transgender-qadina-qarsi-zorakiliq-aktivistl%c9%99r-d%c9%99rhal-t%c9%99dbir-gorulm%c9%99sini-t%c9%99l%c9%99b-edir\\\/#primaryimage\",\"url\":\"https:\\\/\\\/www.meydan.tv\\\/wp-content\\\/uploads\\\/sharon-mccutcheon-mib2s5z8vjo-unsplash-scaled.jpg\",\"contentUrl\":\"https:\\\/\\\/www.meydan.tv\\\/wp-content\\\/uploads\\\/sharon-mccutcheon-mib2s5z8vjo-unsplash-scaled.jpg\",\"width\":2560,\"height\":1682,\"caption\":\"Source: Photo by Sharon McCutcheon on Unsplash\"},{\"@type\":\"BreadcrumbList\",\"@id\":\"https:\\\/\\\/www.meydan.tv\\\/az\\\/article\\\/bakida-transgender-qadina-qarsi-zorakiliq-aktivistl%c9%99r-d%c9%99rhal-t%c9%99dbir-gorulm%c9%99sini-t%c9%99l%c9%99b-edir\\\/#breadcrumb\",\"itemListElement\":[{\"@type\":\"ListItem\",\"position\":1,\"name\":\"Ana s\u0259hif\u0259\",\"item\":\"https:\\\/\\\/www.meydan.tv\\\/az\\\/\"},{\"@type\":\"ListItem\",\"position\":2,\"name\":\"Sosial\",\"item\":\"https:\\\/\\\/www.meydan.tv\\\/az\\\/section\\\/sosial\\\/\"},{\"@type\":\"ListItem\",\"position\":3,\"name\":\"Bak\u0131da transgender qad\u0131na qar\u015f\u0131 zorak\u0131l\u0131q: aktivistl\u0259r d\u0259rhal t\u0259dbir g\u00f6r\u00fclm\u0259sini t\u0259l\u0259b edir\"}]},{\"@type\":\"WebSite\",\"@id\":\"https:\\\/\\\/www.meydan.tv\\\/az\\\/#website\",\"url\":\"https:\\\/\\\/www.meydan.tv\\\/az\\\/\",\"name\":\"MEYDAN.TV\",\"description\":\"Meydan TV Az\u0259rbaycan\u0131n media m\u0259kan\u0131ndak\u0131 alternativ s\u0259sidir\",\"publisher\":{\"@id\":\"https:\\\/\\\/www.meydan.tv\\\/az\\\/#organization\"},\"potentialAction\":[{\"@type\":\"SearchAction\",\"target\":{\"@type\":\"EntryPoint\",\"urlTemplate\":\"https:\\\/\\\/www.meydan.tv\\\/az\\\/?s={search_term_string}\"},\"query-input\":{\"@type\":\"PropertyValueSpecification\",\"valueRequired\":true,\"valueName\":\"search_term_string\"}}],\"inLanguage\":\"az\"},{\"@type\":\"Organization\",\"@id\":\"https:\\\/\\\/www.meydan.tv\\\/az\\\/#organization\",\"name\":\"Meydan TV\",\"url\":\"https:\\\/\\\/www.meydan.tv\\\/az\\\/\",\"logo\":{\"@type\":\"ImageObject\",\"inLanguage\":\"az\",\"@id\":\"https:\\\/\\\/www.meydan.tv\\\/az\\\/#\\\/schema\\\/logo\\\/image\\\/\",\"url\":\"https:\\\/\\\/www.meydan.tv\\\/wp-content\\\/uploads\\\/2021\\\/07\\\/meydan-logo.svg\",\"contentUrl\":\"https:\\\/\\\/www.meydan.tv\\\/wp-content\\\/uploads\\\/2021\\\/07\\\/meydan-logo.svg\",\"width\":195,\"height\":46,\"caption\":\"Meydan TV\"},\"image\":{\"@id\":\"https:\\\/\\\/www.meydan.tv\\\/az\\\/#\\\/schema\\\/logo\\\/image\\\/\"}},{\"@type\":\"Person\",\"@id\":\"https:\\\/\\\/www.meydan.tv\\\/az\\\/#\\\/schema\\\/person\\\/09863e516102a829e72bedcf3f84c6b0\",\"name\":\"mahmud\"}]}<\/script>\n<!-- \/ Yoast SEO plugin. -->","yoast_head_json":{"title":"Bak\u0131da transgender qad\u0131na qar\u015f\u0131 zorak\u0131l\u0131q: aktivistl\u0259r d\u0259rhal t\u0259dbir g\u00f6r\u00fclm\u0259sini t\u0259l\u0259b edir - MEYDAN.TV","robots":{"index":"index","follow":"follow","max-snippet":"max-snippet:-1","max-image-preview":"max-image-preview:large","max-video-preview":"max-video-preview:-1"},"canonical":"https:\/\/www.meydan.tv\/az\/article\/bakida-transgender-qadina-qarsi-zorakiliq-aktivistl%c9%99r-d%c9%99rhal-t%c9%99dbir-gorulm%c9%99sini-t%c9%99l%c9%99b-edir\/","og_locale":"az_AZ","og_type":"article","og_title":"Bak\u0131da transgender qad\u0131na qar\u015f\u0131 zorak\u0131l\u0131q: aktivistl\u0259r d\u0259rhal t\u0259dbir g\u00f6r\u00fclm\u0259sini t\u0259l\u0259b edir - MEYDAN.TV","og_description":"Bak\u0131n\u0131n Neft\u00e7il\u0259r metrosu yax\u0131nl\u0131\u011f\u0131nda transgender qad\u0131na qar\u015f\u0131 zorak\u0131l\u0131q hadis\u0259sinin g\u00f6r\u00fcnt\u00fcl\u0259ri ... Davam\u0131","og_url":"https:\/\/www.meydan.tv\/az\/article\/bakida-transgender-qadina-qarsi-zorakiliq-aktivistl%c9%99r-d%c9%99rhal-t%c9%99dbir-gorulm%c9%99sini-t%c9%99l%c9%99b-edir\/","og_site_name":"MEYDAN.TV","article_published_time":"2025-09-19T15:34:38+00:00","article_modified_time":"2025-09-19T15:34:40+00:00","og_image":[{"width":2560,"height":1682,"url":"https:\/\/www.meydan.tv\/wp-content\/uploads\/sharon-mccutcheon-mib2s5z8vjo-unsplash-scaled.jpg","type":"image\/jpeg"}],"author":"mahmud","twitter_card":"summary_large_image","schema":{"@context":"https:\/\/schema.org","@graph":[{"@type":"Article","@id":"https:\/\/www.meydan.tv\/az\/article\/bakida-transgender-qadina-qarsi-zorakiliq-aktivistl%c9%99r-d%c9%99rhal-t%c9%99dbir-gorulm%c9%99sini-t%c9%99l%c9%99b-edir\/#article","isPartOf":{"@id":"https:\/\/www.meydan.tv\/az\/article\/bakida-transgender-qadina-qarsi-zorakiliq-aktivistl%c9%99r-d%c9%99rhal-t%c9%99dbir-gorulm%c9%99sini-t%c9%99l%c9%99b-edir\/"},"author":{"name":"mahmud","@id":"https:\/\/www.meydan.tv\/az\/#\/schema\/person\/09863e516102a829e72bedcf3f84c6b0"},"headline":"Bak\u0131da transgender qad\u0131na qar\u015f\u0131 zorak\u0131l\u0131q: aktivistl\u0259r d\u0259rhal t\u0259dbir g\u00f6r\u00fclm\u0259sini t\u0259l\u0259b edir","datePublished":"2025-09-19T15:34:38+00:00","dateModified":"2025-09-19T15:34:40+00:00","mainEntityOfPage":{"@id":"https:\/\/www.meydan.tv\/az\/article\/bakida-transgender-qadina-qarsi-zorakiliq-aktivistl%c9%99r-d%c9%99rhal-t%c9%99dbir-gorulm%c9%99sini-t%c9%99l%c9%99b-edir\/"},"wordCount":575,"publisher":{"@id":"https:\/\/www.meydan.tv\/az\/#organization"},"image":{"@id":"https:\/\/www.meydan.tv\/az\/article\/bakida-transgender-qadina-qarsi-zorakiliq-aktivistl%c9%99r-d%c9%99rhal-t%c9%99dbir-gorulm%c9%99sini-t%c9%99l%c9%99b-edir\/#primaryimage"},"thumbnailUrl":"https:\/\/www.meydan.tv\/wp-content\/uploads\/sharon-mccutcheon-mib2s5z8vjo-unsplash-scaled.jpg","articleSection":["Sosial","T\u00f6vsiy\u0259","X\u0259b\u0259rl\u0259r"],"inLanguage":"az"},{"@type":"WebPage","@id":"https:\/\/www.meydan.tv\/az\/article\/bakida-transgender-qadina-qarsi-zorakiliq-aktivistl%c9%99r-d%c9%99rhal-t%c9%99dbir-gorulm%c9%99sini-t%c9%99l%c9%99b-edir\/","url":"https:\/\/www.meydan.tv\/az\/article\/bakida-transgender-qadina-qarsi-zorakiliq-aktivistl%c9%99r-d%c9%99rhal-t%c9%99dbir-gorulm%c9%99sini-t%c9%99l%c9%99b-edir\/","name":"Bak\u0131da transgender qad\u0131na qar\u015f\u0131 zorak\u0131l\u0131q: aktivistl\u0259r d\u0259rhal t\u0259dbir g\u00f6r\u00fclm\u0259sini t\u0259l\u0259b edir - MEYDAN.TV","isPartOf":{"@id":"https:\/\/www.meydan.tv\/az\/#website"},"primaryImageOfPage":{"@id":"https:\/\/www.meydan.tv\/az\/article\/bakida-transgender-qadina-qarsi-zorakiliq-aktivistl%c9%99r-d%c9%99rhal-t%c9%99dbir-gorulm%c9%99sini-t%c9%99l%c9%99b-edir\/#primaryimage"},"image":{"@id":"https:\/\/www.meydan.tv\/az\/article\/bakida-transgender-qadina-qarsi-zorakiliq-aktivistl%c9%99r-d%c9%99rhal-t%c9%99dbir-gorulm%c9%99sini-t%c9%99l%c9%99b-edir\/#primaryimage"},"thumbnailUrl":"https:\/\/www.meydan.tv\/wp-content\/uploads\/sharon-mccutcheon-mib2s5z8vjo-unsplash-scaled.jpg","datePublished":"2025-09-19T15:34:38+00:00","dateModified":"2025-09-19T15:34:40+00:00","breadcrumb":{"@id":"https:\/\/www.meydan.tv\/az\/article\/bakida-transgender-qadina-qarsi-zorakiliq-aktivistl%c9%99r-d%c9%99rhal-t%c9%99dbir-gorulm%c9%99sini-t%c9%99l%c9%99b-edir\/#breadcrumb"},"inLanguage":"az","potentialAction":[{"@type":"ReadAction","target":["https:\/\/www.meydan.tv\/az\/article\/bakida-transgender-qadina-qarsi-zorakiliq-aktivistl%c9%99r-d%c9%99rhal-t%c9%99dbir-gorulm%c9%99sini-t%c9%99l%c9%99b-edir\/"]}]},{"@type":"ImageObject","inLanguage":"az","@id":"https:\/\/www.meydan.tv\/az\/article\/bakida-transgender-qadina-qarsi-zorakiliq-aktivistl%c9%99r-d%c9%99rhal-t%c9%99dbir-gorulm%c9%99sini-t%c9%99l%c9%99b-edir\/#primaryimage","url":"https:\/\/www.meydan.tv\/wp-content\/uploads\/sharon-mccutcheon-mib2s5z8vjo-unsplash-scaled.jpg","contentUrl":"https:\/\/www.meydan.tv\/wp-content\/uploads\/sharon-mccutcheon-mib2s5z8vjo-unsplash-scaled.jpg","width":2560,"height":1682,"caption":"Source: Photo by Sharon McCutcheon on Unsplash"},{"@type":"BreadcrumbList","@id":"https:\/\/www.meydan.tv\/az\/article\/bakida-transgender-qadina-qarsi-zorakiliq-aktivistl%c9%99r-d%c9%99rhal-t%c9%99dbir-gorulm%c9%99sini-t%c9%99l%c9%99b-edir\/#breadcrumb","itemListElement":[{"@type":"ListItem","position":1,"name":"Ana s\u0259hif\u0259","item":"https:\/\/www.meydan.tv\/az\/"},{"@type":"ListItem","position":2,"name":"Sosial","item":"https:\/\/www.meydan.tv\/az\/section\/sosial\/"},{"@type":"ListItem","position":3,"name":"Bak\u0131da transgender qad\u0131na qar\u015f\u0131 zorak\u0131l\u0131q: aktivistl\u0259r d\u0259rhal t\u0259dbir g\u00f6r\u00fclm\u0259sini t\u0259l\u0259b edir"}]},{"@type":"WebSite","@id":"https:\/\/www.meydan.tv\/az\/#website","url":"https:\/\/www.meydan.tv\/az\/","name":"MEYDAN.TV","description":"Meydan TV Az\u0259rbaycan\u0131n media m\u0259kan\u0131ndak\u0131 alternativ s\u0259sidir","publisher":{"@id":"https:\/\/www.meydan.tv\/az\/#organization"},"potentialAction":[{"@type":"SearchAction","target":{"@type":"EntryPoint","urlTemplate":"https:\/\/www.meydan.tv\/az\/?s={search_term_string}"},"query-input":{"@type":"PropertyValueSpecification","valueRequired":true,"valueName":"search_term_string"}}],"inLanguage":"az"},{"@type":"Organization","@id":"https:\/\/www.meydan.tv\/az\/#organization","name":"Meydan TV","url":"https:\/\/www.meydan.tv\/az\/","logo":{"@type":"ImageObject","inLanguage":"az","@id":"https:\/\/www.meydan.tv\/az\/#\/schema\/logo\/image\/","url":"https:\/\/www.meydan.tv\/wp-content\/uploads\/2021\/07\/meydan-logo.svg","contentUrl":"https:\/\/www.meydan.tv\/wp-content\/uploads\/2021\/07\/meydan-logo.svg","width":195,"height":46,"caption":"Meydan TV"},"image":{"@id":"https:\/\/www.meydan.tv\/az\/#\/schema\/logo\/image\/"}},{"@type":"Person","@id":"https:\/\/www.meydan.tv\/az\/#\/schema\/person\/09863e516102a829e72bedcf3f84c6b0","name":"mahmud"}]}},"_links":{"self":[{"href":"https:\/\/www.meydan.tv\/az\/wp-json\/wp\/v2\/posts\/335391","targetHints":{"allow":["GET"]}}],"collection":[{"href":"https:\/\/www.meydan.tv\/az\/wp-json\/wp\/v2\/posts"}],"about":[{"href":"https:\/\/www.meydan.tv\/az\/wp-json\/wp\/v2\/types\/post"}],"author":[{"embeddable":true,"href":"https:\/\/www.meydan.tv\/az\/wp-json\/wp\/v2\/users\/21"}],"replies":[{"embeddable":true,"href":"https:\/\/www.meydan.tv\/az\/wp-json\/wp\/v2\/comments?post=335391"}],"version-history":[{"count":1,"href":"https:\/\/www.meydan.tv\/az\/wp-json\/wp\/v2\/posts\/335391\/revisions"}],"predecessor-version":[{"id":335392,"href":"https:\/\/www.meydan.tv\/az\/wp-json\/wp\/v2\/posts\/335391\/revisions\/335392"}],"wp:featuredmedia":[{"embeddable":true,"href":"https:\/\/www.meydan.tv\/az\/wp-json\/wp\/v2\/media\/162084"}],"wp:attachment":[{"href":"https:\/\/www.meydan.tv\/az\/wp-json\/wp\/v2\/media?parent=335391"}],"wp:term":[{"taxonomy":"category","embeddable":true,"href":"https:\/\/www.meydan.tv\/az\/wp-json\/wp\/v2\/categories?post=335391"},{"taxonomy":"post_tag","embeddable":true,"href":"https:\/\/www.meydan.tv\/az\/wp-json\/wp\/v2\/tags?post=335391"}],"curies":[{"name":"wp","href":"https:\/\/api.w.org\/{rel}","templated":true}]}}