{"id":335304,"date":"2025-09-17T15:26:20","date_gmt":"2025-09-17T11:26:20","guid":{"rendered":"https:\/\/www.meydan.tv\/?p=335304"},"modified":"2025-09-17T15:26:23","modified_gmt":"2025-09-17T11:26:23","slug":"amnesty-internationaldan-ilham-eliyev%c9%99-m%c9%99ktub-kampaniyasi-b%c9%99hruz-s%c9%99m%c9%99dov-v%c9%99-iqbal-ebilov-azad-edilsin","status":"publish","type":"post","link":"https:\/\/www.meydan.tv\/az\/article\/amnesty-internationaldan-ilham-eliyev%c9%99-m%c9%99ktub-kampaniyasi-b%c9%99hruz-s%c9%99m%c9%99dov-v%c9%99-iqbal-ebilov-azad-edilsin\/","title":{"rendered":"\u201cAmnesty International\u201ddan \u0130lham \u018fliyev\u0259 m\u0259ktub kampaniyas\u0131: B\u0259hruz S\u0259m\u0259dov v\u0259 \u0130qbal \u018fbilov azad edilsin"},"content":{"rendered":"\n<p><\/p>\n\n\n\n<p>Beyn\u0259lxalq insan h\u00fcquqlar\u0131 t\u0259\u015fkilat\u0131 \u201cAmnesty International\u201d Az\u0259rbaycanda h\u0259bsd\u0259 olan elmi t\u0259dqiqat\u00e7\u0131lar B\u0259hruz S\u0259m\u0259dov v\u0259 \u0130qbal \u018fbilovun azadl\u0131\u011fa burax\u0131lmas\u0131 \u00fc\u00e7\u00fcn <a href=\"https:\/\/www.amnestyusa.org\/urgent-actions\/urgent-action-academics-arrested-on-fabricated-charges-azerbaijan-86-24\/?utm_source=chatgpt.com\" target=\"_blank\" rel=\"noreferrer noopener nofollow\">kampaniyaya ba\u015flay\u0131b.<\/a><\/p>\n\n\n\n<p>T\u0259\u015fkilat\u0131n<strong> <\/strong>m\u0259qs\u0259di h\u0259m daxild\u0259, h\u0259m d\u0259 beyn\u0259lxalq s\u0259viyy\u0259d\u0259 t\u0259zyiq g\u00f6st\u0259r\u0259r\u0259k, g\u0259nc t\u0259dqiqiat\u00e7\u0131lar\u0131n h\u0259bsin\u0259 diqq\u0259t \u00e7\u0259km\u0259kdir.<\/p>\n\n\n\n<pre class=\"wp-block-preformatted\">B\u0259hruz S\u0259m\u0259dov 2025-ci ilin iyununda \u201cd\u00f6vl\u0259t\u0259 x\u0259yan\u0259t\u201d ittiham\u0131 il\u0259 15 il m\u00fcdd\u0259tin\u0259 azadl\u0131qdan m\u0259hrum edilib. S\u0259m\u0259dov Erm\u0259nistan\u0131n k\u0259\u015ffiyyat orqanlar\u0131 il\u0259 \u0259m\u0259kda\u015fl\u0131q etm\u0259kd\u0259 ittiham olunub.\u00a0<br><br>\u0130qbal \u018fbilov is\u0259 2025-ci ilin may\u0131nda \u201cd\u00f6vl\u0259t\u0259 x\u0259yan\u0259t\u201d v\u0259 \u201cetnik nifr\u0259ti q\u0131z\u0131\u015fd\u0131rmaq\u201d ittihamlar\u0131 il\u0259 18 il h\u0259bs c\u0259zas\u0131na m\u0259hkum olunub. O, Tal\u0131\u015f dilinin, tarixinin v\u0259 m\u0259d\u0259niyy\u0259tinin qorunmas\u0131 u\u011frunda f\u0259aliyy\u0259t g\u00f6st\u0259r\u0259n alim kimi tan\u0131n\u0131r. <br><br>H\u0259r iki \u015f\u0259xs bu ittihamlar\u0131 r\u0259dd edir v\u0259 h\u0259bsl\u0259rini siyasi motivli say\u0131rlar.<\/pre>\n\n\n\n<p>T\u0259\u015fkilat kampaniya \u00e7\u0259r\u00e7iv\u0259sind\u0259 Az\u0259rbaycan Prezidenti \u0130lham \u018fliyev\u0259 m\u0259ktublar yazma\u011fa \u00e7a\u011f\u0131r\u0131b.<\/p>\n\n\n\n<p>\u201cAmnesty International\u201d B\u0259hruz S\u0259m\u0259dov v\u0259 \u0130qbal \u018fbilovun t\u0259qib v\u0259 m\u0259hkum edilm\u0259sini Az\u0259rbaycanda t\u0259nqid\u00e7il\u0259r\u0259, aliml\u0259r\u0259 v\u0259 insan h\u00fcquqlar\u0131 m\u00fcdafi\u0259\u00e7il\u0259rin\u0259 qar\u015f\u0131 apar\u0131lan davaml\u0131 repressiya kampaniyas\u0131n\u0131n bir par\u00e7as\u0131 kimi qiym\u0259tl\u0259ndirir:<\/p>\n\n\n\n<p><em>\u201cBu \u015f\u0259xsl\u0259r yaln\u0131z dinc ifad\u0259 azadl\u0131qlar\u0131ndan istifad\u0259 etdikl\u0259ri \u00fc\u00e7\u00fcn h\u0259d\u0259f\u0259 al\u0131n\u0131blar. \u0130qbal \u018fbilov v\u0259 B\u0259hruz S\u0259m\u0259dovun uzunm\u00fcdd\u0259tli h\u0259bs c\u0259zalar\u0131, akademik t\u0259nqidin susdurulmas\u0131 v\u0259 siyasi bax\u0131mdan h\u0259ssas m\u00f6vzulardan uzaqla\u015fd\u0131r\u0131lmas\u0131 m\u0259qs\u0259dini g\u00fcd\u00fcr\u201d.<\/em><\/p>\n\n\n\n<p>Amnesty International Az\u0259rbaycan hakimiyy\u0259tind\u0259n t\u0259l\u0259b edir ki, h\u0259r iki alim d\u0259rhal v\u0259 qeyd-\u015f\u0259rtsiz azad edilsin.<\/p>\n\n\n\n<p><em>\u201cOnlar\u0131n azad olunana q\u0259d\u0259r m\u00fcvafiq tibbi yard\u0131m ala bilm\u0259si, h\u0259m\u00e7inin Ombudsman v\u0259 m\u00fcst\u0259qil m\u00fc\u015fahid\u0259\u00e7il\u0259rin h\u0259bs yerl\u0259rin\u0259 ziyar\u0259tin\u0259 icaz\u0259 verilm\u0259si t\u0259min olunsun.Eyni zamanda, Az\u0259rbaycanda jurnalistl\u0259r\u0259, f\u0259allara v\u0259 dinc t\u0259nqid\u00e7il\u0259r\u0259 qar\u015f\u0131 repressiyalar\u0131n d\u0259rhal dayand\u0131r\u0131lmas\u0131n\u0131 v\u0259 \u00f6lk\u0259nin beyn\u0259lxalq insan h\u00fcquqlar\u0131 \u00f6hd\u0259likl\u0259rin\u0259 tam riay\u0259t etm\u0259sini t\u0259l\u0259b edirik. Haz\u0131rda Az\u0259rbaycan hakimiyy\u0259ti, insan haqlar\u0131 v\u0259 ifad\u0259 azadl\u0131\u011f\u0131 sah\u0259sind\u0259 t\u0259nqidi fikirl\u0259ri v\u0259 elmi ara\u015fd\u0131rmalar\u0131 susdurmaq m\u0259qs\u0259dil\u0259 cinay\u0259t \u0259dal\u0259t sistemind\u0259n sui-istifad\u0259 etm\u0259y\u0259 davam edir\u201d<\/em>, &#8211; t\u0259\u015fkilat bildirib.<\/p>\n","protected":false},"excerpt":{"rendered":"<p>Beyn\u0259lxalq insan h\u00fcquqlar\u0131 t\u0259\u015fkilat\u0131 \u201cAmnesty International\u201d Az\u0259rbaycanda h\u0259bsd\u0259 olan elmi &#8230; <\/p>\n<p class=\"read-more-container\"><a title=\"\u201cAmnesty International\u201ddan \u0130lham \u018fliyev\u0259 m\u0259ktub kampaniyas\u0131: B\u0259hruz S\u0259m\u0259dov v\u0259 \u0130qbal \u018fbilov azad edilsin\" class=\"read-more button\" href=\"https:\/\/www.meydan.tv\/az\/article\/amnesty-internationaldan-ilham-eliyev%c9%99-m%c9%99ktub-kampaniyasi-b%c9%99hruz-s%c9%99m%c9%99dov-v%c9%99-iqbal-ebilov-azad-edilsin\/#more-335304\" aria-label=\"Read more about \u201cAmnesty International\u201ddan \u0130lham \u018fliyev\u0259 m\u0259ktub kampaniyas\u0131: B\u0259hruz S\u0259m\u0259dov v\u0259 \u0130qbal \u018fbilov azad edilsin\">Davam\u0131<\/a><\/p>\n","protected":false},"author":21,"featured_media":274873,"comment_status":"closed","ping_status":"closed","sticky":false,"template":"","format":"standard","meta":{"_acf_changed":false,"_sitemap_exclude":false,"_sitemap_priority":"","_sitemap_frequency":"","footnotes":""},"categories":[59,79,56],"tags":[],"class_list":["post-335304","post","type-post","status-publish","format-standard","has-post-thumbnail","hentry","category-siyaset","category-featured","category-xeberler","infinite-scroll-item","generate-columns","tablet-grid-50","mobile-grid-100","grid-parent","grid-33","no-featured-image-padding"],"acf":[],"yoast_head":"<!-- This site is optimized with the Yoast SEO plugin v27.4 - https:\/\/yoast.com\/product\/yoast-seo-wordpress\/ -->\n<title>\u201cAmnesty International\u201ddan \u0130lham \u018fliyev\u0259 m\u0259ktub kampaniyas\u0131: B\u0259hruz S\u0259m\u0259dov v\u0259 \u0130qbal \u018fbilov azad edilsin - MEYDAN.TV<\/title>\n<meta name=\"robots\" content=\"index, follow, max-snippet:-1, max-image-preview:large, max-video-preview:-1\" \/>\n<link rel=\"canonical\" href=\"https:\/\/www.meydan.tv\/az\/article\/amnesty-internationaldan-ilham-eliyev%c9%99-m%c9%99ktub-kampaniyasi-b%c9%99hruz-s%c9%99m%c9%99dov-v%c9%99-iqbal-ebilov-azad-edilsin\/\" \/>\n<meta property=\"og:locale\" content=\"az_AZ\" \/>\n<meta property=\"og:type\" content=\"article\" \/>\n<meta property=\"og:title\" content=\"\u201cAmnesty International\u201ddan \u0130lham \u018fliyev\u0259 m\u0259ktub kampaniyas\u0131: B\u0259hruz S\u0259m\u0259dov v\u0259 \u0130qbal \u018fbilov azad edilsin - MEYDAN.TV\" \/>\n<meta property=\"og:description\" content=\"Beyn\u0259lxalq insan h\u00fcquqlar\u0131 t\u0259\u015fkilat\u0131 \u201cAmnesty International\u201d Az\u0259rbaycanda h\u0259bsd\u0259 olan elmi ... Davam\u0131\" \/>\n<meta property=\"og:url\" content=\"https:\/\/www.meydan.tv\/az\/article\/amnesty-internationaldan-ilham-eliyev%c9%99-m%c9%99ktub-kampaniyasi-b%c9%99hruz-s%c9%99m%c9%99dov-v%c9%99-iqbal-ebilov-azad-edilsin\/\" \/>\n<meta property=\"og:site_name\" content=\"MEYDAN.TV\" \/>\n<meta property=\"article:published_time\" content=\"2025-09-17T11:26:20+00:00\" \/>\n<meta property=\"article:modified_time\" content=\"2025-09-17T11:26:23+00:00\" \/>\n<meta property=\"og:image\" content=\"https:\/\/www.meydan.tv\/wp-content\/uploads\/amnesty-2.jpg\" \/>\n\t<meta property=\"og:image:width\" content=\"1200\" \/>\n\t<meta property=\"og:image:height\" content=\"800\" \/>\n\t<meta property=\"og:image:type\" content=\"image\/jpeg\" \/>\n<meta name=\"author\" content=\"mahmud\" \/>\n<meta name=\"twitter:card\" content=\"summary_large_image\" \/>\n<script type=\"application\/ld+json\" class=\"yoast-schema-graph\">{\"@context\":\"https:\\\/\\\/schema.org\",\"@graph\":[{\"@type\":\"Article\",\"@id\":\"https:\\\/\\\/www.meydan.tv\\\/az\\\/article\\\/amnesty-internationaldan-ilham-eliyev%c9%99-m%c9%99ktub-kampaniyasi-b%c9%99hruz-s%c9%99m%c9%99dov-v%c9%99-iqbal-ebilov-azad-edilsin\\\/#article\",\"isPartOf\":{\"@id\":\"https:\\\/\\\/www.meydan.tv\\\/az\\\/article\\\/amnesty-internationaldan-ilham-eliyev%c9%99-m%c9%99ktub-kampaniyasi-b%c9%99hruz-s%c9%99m%c9%99dov-v%c9%99-iqbal-ebilov-azad-edilsin\\\/\"},\"author\":{\"name\":\"mahmud\",\"@id\":\"https:\\\/\\\/www.meydan.tv\\\/az\\\/#\\\/schema\\\/person\\\/09863e516102a829e72bedcf3f84c6b0\"},\"headline\":\"\u201cAmnesty International\u201ddan \u0130lham \u018fliyev\u0259 m\u0259ktub kampaniyas\u0131: B\u0259hruz S\u0259m\u0259dov v\u0259 \u0130qbal \u018fbilov azad edilsin\",\"datePublished\":\"2025-09-17T11:26:20+00:00\",\"dateModified\":\"2025-09-17T11:26:23+00:00\",\"mainEntityOfPage\":{\"@id\":\"https:\\\/\\\/www.meydan.tv\\\/az\\\/article\\\/amnesty-internationaldan-ilham-eliyev%c9%99-m%c9%99ktub-kampaniyasi-b%c9%99hruz-s%c9%99m%c9%99dov-v%c9%99-iqbal-ebilov-azad-edilsin\\\/\"},\"wordCount\":358,\"publisher\":{\"@id\":\"https:\\\/\\\/www.meydan.tv\\\/az\\\/#organization\"},\"image\":{\"@id\":\"https:\\\/\\\/www.meydan.tv\\\/az\\\/article\\\/amnesty-internationaldan-ilham-eliyev%c9%99-m%c9%99ktub-kampaniyasi-b%c9%99hruz-s%c9%99m%c9%99dov-v%c9%99-iqbal-ebilov-azad-edilsin\\\/#primaryimage\"},\"thumbnailUrl\":\"https:\\\/\\\/www.meydan.tv\\\/wp-content\\\/uploads\\\/amnesty-2.jpg\",\"articleSection\":[\"Siyas\u0259t\",\"T\u00f6vsiy\u0259\",\"X\u0259b\u0259rl\u0259r\"],\"inLanguage\":\"az\"},{\"@type\":\"WebPage\",\"@id\":\"https:\\\/\\\/www.meydan.tv\\\/az\\\/article\\\/amnesty-internationaldan-ilham-eliyev%c9%99-m%c9%99ktub-kampaniyasi-b%c9%99hruz-s%c9%99m%c9%99dov-v%c9%99-iqbal-ebilov-azad-edilsin\\\/\",\"url\":\"https:\\\/\\\/www.meydan.tv\\\/az\\\/article\\\/amnesty-internationaldan-ilham-eliyev%c9%99-m%c9%99ktub-kampaniyasi-b%c9%99hruz-s%c9%99m%c9%99dov-v%c9%99-iqbal-ebilov-azad-edilsin\\\/\",\"name\":\"\u201cAmnesty International\u201ddan \u0130lham \u018fliyev\u0259 m\u0259ktub kampaniyas\u0131: B\u0259hruz S\u0259m\u0259dov v\u0259 \u0130qbal \u018fbilov azad edilsin - MEYDAN.TV\",\"isPartOf\":{\"@id\":\"https:\\\/\\\/www.meydan.tv\\\/az\\\/#website\"},\"primaryImageOfPage\":{\"@id\":\"https:\\\/\\\/www.meydan.tv\\\/az\\\/article\\\/amnesty-internationaldan-ilham-eliyev%c9%99-m%c9%99ktub-kampaniyasi-b%c9%99hruz-s%c9%99m%c9%99dov-v%c9%99-iqbal-ebilov-azad-edilsin\\\/#primaryimage\"},\"image\":{\"@id\":\"https:\\\/\\\/www.meydan.tv\\\/az\\\/article\\\/amnesty-internationaldan-ilham-eliyev%c9%99-m%c9%99ktub-kampaniyasi-b%c9%99hruz-s%c9%99m%c9%99dov-v%c9%99-iqbal-ebilov-azad-edilsin\\\/#primaryimage\"},\"thumbnailUrl\":\"https:\\\/\\\/www.meydan.tv\\\/wp-content\\\/uploads\\\/amnesty-2.jpg\",\"datePublished\":\"2025-09-17T11:26:20+00:00\",\"dateModified\":\"2025-09-17T11:26:23+00:00\",\"breadcrumb\":{\"@id\":\"https:\\\/\\\/www.meydan.tv\\\/az\\\/article\\\/amnesty-internationaldan-ilham-eliyev%c9%99-m%c9%99ktub-kampaniyasi-b%c9%99hruz-s%c9%99m%c9%99dov-v%c9%99-iqbal-ebilov-azad-edilsin\\\/#breadcrumb\"},\"inLanguage\":\"az\",\"potentialAction\":[{\"@type\":\"ReadAction\",\"target\":[\"https:\\\/\\\/www.meydan.tv\\\/az\\\/article\\\/amnesty-internationaldan-ilham-eliyev%c9%99-m%c9%99ktub-kampaniyasi-b%c9%99hruz-s%c9%99m%c9%99dov-v%c9%99-iqbal-ebilov-azad-edilsin\\\/\"]}]},{\"@type\":\"ImageObject\",\"inLanguage\":\"az\",\"@id\":\"https:\\\/\\\/www.meydan.tv\\\/az\\\/article\\\/amnesty-internationaldan-ilham-eliyev%c9%99-m%c9%99ktub-kampaniyasi-b%c9%99hruz-s%c9%99m%c9%99dov-v%c9%99-iqbal-ebilov-azad-edilsin\\\/#primaryimage\",\"url\":\"https:\\\/\\\/www.meydan.tv\\\/wp-content\\\/uploads\\\/amnesty-2.jpg\",\"contentUrl\":\"https:\\\/\\\/www.meydan.tv\\\/wp-content\\\/uploads\\\/amnesty-2.jpg\",\"width\":1200,\"height\":800,\"caption\":\"\u0130ll\u00fcstrasiya: Meydan TV\"},{\"@type\":\"BreadcrumbList\",\"@id\":\"https:\\\/\\\/www.meydan.tv\\\/az\\\/article\\\/amnesty-internationaldan-ilham-eliyev%c9%99-m%c9%99ktub-kampaniyasi-b%c9%99hruz-s%c9%99m%c9%99dov-v%c9%99-iqbal-ebilov-azad-edilsin\\\/#breadcrumb\",\"itemListElement\":[{\"@type\":\"ListItem\",\"position\":1,\"name\":\"Ana s\u0259hif\u0259\",\"item\":\"https:\\\/\\\/www.meydan.tv\\\/az\\\/\"},{\"@type\":\"ListItem\",\"position\":2,\"name\":\"Siyas\u0259t\",\"item\":\"https:\\\/\\\/www.meydan.tv\\\/az\\\/section\\\/siyaset\\\/\"},{\"@type\":\"ListItem\",\"position\":3,\"name\":\"\u201cAmnesty International\u201ddan \u0130lham \u018fliyev\u0259 m\u0259ktub kampaniyas\u0131: B\u0259hruz S\u0259m\u0259dov v\u0259 \u0130qbal \u018fbilov azad edilsin\"}]},{\"@type\":\"WebSite\",\"@id\":\"https:\\\/\\\/www.meydan.tv\\\/az\\\/#website\",\"url\":\"https:\\\/\\\/www.meydan.tv\\\/az\\\/\",\"name\":\"MEYDAN.TV\",\"description\":\"Meydan TV Az\u0259rbaycan\u0131n media m\u0259kan\u0131ndak\u0131 alternativ s\u0259sidir\",\"publisher\":{\"@id\":\"https:\\\/\\\/www.meydan.tv\\\/az\\\/#organization\"},\"potentialAction\":[{\"@type\":\"SearchAction\",\"target\":{\"@type\":\"EntryPoint\",\"urlTemplate\":\"https:\\\/\\\/www.meydan.tv\\\/az\\\/?s={search_term_string}\"},\"query-input\":{\"@type\":\"PropertyValueSpecification\",\"valueRequired\":true,\"valueName\":\"search_term_string\"}}],\"inLanguage\":\"az\"},{\"@type\":\"Organization\",\"@id\":\"https:\\\/\\\/www.meydan.tv\\\/az\\\/#organization\",\"name\":\"Meydan TV\",\"url\":\"https:\\\/\\\/www.meydan.tv\\\/az\\\/\",\"logo\":{\"@type\":\"ImageObject\",\"inLanguage\":\"az\",\"@id\":\"https:\\\/\\\/www.meydan.tv\\\/az\\\/#\\\/schema\\\/logo\\\/image\\\/\",\"url\":\"https:\\\/\\\/www.meydan.tv\\\/wp-content\\\/uploads\\\/2021\\\/07\\\/meydan-logo.svg\",\"contentUrl\":\"https:\\\/\\\/www.meydan.tv\\\/wp-content\\\/uploads\\\/2021\\\/07\\\/meydan-logo.svg\",\"width\":195,\"height\":46,\"caption\":\"Meydan TV\"},\"image\":{\"@id\":\"https:\\\/\\\/www.meydan.tv\\\/az\\\/#\\\/schema\\\/logo\\\/image\\\/\"}},{\"@type\":\"Person\",\"@id\":\"https:\\\/\\\/www.meydan.tv\\\/az\\\/#\\\/schema\\\/person\\\/09863e516102a829e72bedcf3f84c6b0\",\"name\":\"mahmud\"}]}<\/script>\n<!-- \/ Yoast SEO plugin. -->","yoast_head_json":{"title":"\u201cAmnesty International\u201ddan \u0130lham \u018fliyev\u0259 m\u0259ktub kampaniyas\u0131: B\u0259hruz S\u0259m\u0259dov v\u0259 \u0130qbal \u018fbilov azad edilsin - MEYDAN.TV","robots":{"index":"index","follow":"follow","max-snippet":"max-snippet:-1","max-image-preview":"max-image-preview:large","max-video-preview":"max-video-preview:-1"},"canonical":"https:\/\/www.meydan.tv\/az\/article\/amnesty-internationaldan-ilham-eliyev%c9%99-m%c9%99ktub-kampaniyasi-b%c9%99hruz-s%c9%99m%c9%99dov-v%c9%99-iqbal-ebilov-azad-edilsin\/","og_locale":"az_AZ","og_type":"article","og_title":"\u201cAmnesty International\u201ddan \u0130lham \u018fliyev\u0259 m\u0259ktub kampaniyas\u0131: B\u0259hruz S\u0259m\u0259dov v\u0259 \u0130qbal \u018fbilov azad edilsin - MEYDAN.TV","og_description":"Beyn\u0259lxalq insan h\u00fcquqlar\u0131 t\u0259\u015fkilat\u0131 \u201cAmnesty International\u201d Az\u0259rbaycanda h\u0259bsd\u0259 olan elmi ... Davam\u0131","og_url":"https:\/\/www.meydan.tv\/az\/article\/amnesty-internationaldan-ilham-eliyev%c9%99-m%c9%99ktub-kampaniyasi-b%c9%99hruz-s%c9%99m%c9%99dov-v%c9%99-iqbal-ebilov-azad-edilsin\/","og_site_name":"MEYDAN.TV","article_published_time":"2025-09-17T11:26:20+00:00","article_modified_time":"2025-09-17T11:26:23+00:00","og_image":[{"width":1200,"height":800,"url":"https:\/\/www.meydan.tv\/wp-content\/uploads\/amnesty-2.jpg","type":"image\/jpeg"}],"author":"mahmud","twitter_card":"summary_large_image","schema":{"@context":"https:\/\/schema.org","@graph":[{"@type":"Article","@id":"https:\/\/www.meydan.tv\/az\/article\/amnesty-internationaldan-ilham-eliyev%c9%99-m%c9%99ktub-kampaniyasi-b%c9%99hruz-s%c9%99m%c9%99dov-v%c9%99-iqbal-ebilov-azad-edilsin\/#article","isPartOf":{"@id":"https:\/\/www.meydan.tv\/az\/article\/amnesty-internationaldan-ilham-eliyev%c9%99-m%c9%99ktub-kampaniyasi-b%c9%99hruz-s%c9%99m%c9%99dov-v%c9%99-iqbal-ebilov-azad-edilsin\/"},"author":{"name":"mahmud","@id":"https:\/\/www.meydan.tv\/az\/#\/schema\/person\/09863e516102a829e72bedcf3f84c6b0"},"headline":"\u201cAmnesty International\u201ddan \u0130lham \u018fliyev\u0259 m\u0259ktub kampaniyas\u0131: B\u0259hruz S\u0259m\u0259dov v\u0259 \u0130qbal \u018fbilov azad edilsin","datePublished":"2025-09-17T11:26:20+00:00","dateModified":"2025-09-17T11:26:23+00:00","mainEntityOfPage":{"@id":"https:\/\/www.meydan.tv\/az\/article\/amnesty-internationaldan-ilham-eliyev%c9%99-m%c9%99ktub-kampaniyasi-b%c9%99hruz-s%c9%99m%c9%99dov-v%c9%99-iqbal-ebilov-azad-edilsin\/"},"wordCount":358,"publisher":{"@id":"https:\/\/www.meydan.tv\/az\/#organization"},"image":{"@id":"https:\/\/www.meydan.tv\/az\/article\/amnesty-internationaldan-ilham-eliyev%c9%99-m%c9%99ktub-kampaniyasi-b%c9%99hruz-s%c9%99m%c9%99dov-v%c9%99-iqbal-ebilov-azad-edilsin\/#primaryimage"},"thumbnailUrl":"https:\/\/www.meydan.tv\/wp-content\/uploads\/amnesty-2.jpg","articleSection":["Siyas\u0259t","T\u00f6vsiy\u0259","X\u0259b\u0259rl\u0259r"],"inLanguage":"az"},{"@type":"WebPage","@id":"https:\/\/www.meydan.tv\/az\/article\/amnesty-internationaldan-ilham-eliyev%c9%99-m%c9%99ktub-kampaniyasi-b%c9%99hruz-s%c9%99m%c9%99dov-v%c9%99-iqbal-ebilov-azad-edilsin\/","url":"https:\/\/www.meydan.tv\/az\/article\/amnesty-internationaldan-ilham-eliyev%c9%99-m%c9%99ktub-kampaniyasi-b%c9%99hruz-s%c9%99m%c9%99dov-v%c9%99-iqbal-ebilov-azad-edilsin\/","name":"\u201cAmnesty International\u201ddan \u0130lham \u018fliyev\u0259 m\u0259ktub kampaniyas\u0131: B\u0259hruz S\u0259m\u0259dov v\u0259 \u0130qbal \u018fbilov azad edilsin - MEYDAN.TV","isPartOf":{"@id":"https:\/\/www.meydan.tv\/az\/#website"},"primaryImageOfPage":{"@id":"https:\/\/www.meydan.tv\/az\/article\/amnesty-internationaldan-ilham-eliyev%c9%99-m%c9%99ktub-kampaniyasi-b%c9%99hruz-s%c9%99m%c9%99dov-v%c9%99-iqbal-ebilov-azad-edilsin\/#primaryimage"},"image":{"@id":"https:\/\/www.meydan.tv\/az\/article\/amnesty-internationaldan-ilham-eliyev%c9%99-m%c9%99ktub-kampaniyasi-b%c9%99hruz-s%c9%99m%c9%99dov-v%c9%99-iqbal-ebilov-azad-edilsin\/#primaryimage"},"thumbnailUrl":"https:\/\/www.meydan.tv\/wp-content\/uploads\/amnesty-2.jpg","datePublished":"2025-09-17T11:26:20+00:00","dateModified":"2025-09-17T11:26:23+00:00","breadcrumb":{"@id":"https:\/\/www.meydan.tv\/az\/article\/amnesty-internationaldan-ilham-eliyev%c9%99-m%c9%99ktub-kampaniyasi-b%c9%99hruz-s%c9%99m%c9%99dov-v%c9%99-iqbal-ebilov-azad-edilsin\/#breadcrumb"},"inLanguage":"az","potentialAction":[{"@type":"ReadAction","target":["https:\/\/www.meydan.tv\/az\/article\/amnesty-internationaldan-ilham-eliyev%c9%99-m%c9%99ktub-kampaniyasi-b%c9%99hruz-s%c9%99m%c9%99dov-v%c9%99-iqbal-ebilov-azad-edilsin\/"]}]},{"@type":"ImageObject","inLanguage":"az","@id":"https:\/\/www.meydan.tv\/az\/article\/amnesty-internationaldan-ilham-eliyev%c9%99-m%c9%99ktub-kampaniyasi-b%c9%99hruz-s%c9%99m%c9%99dov-v%c9%99-iqbal-ebilov-azad-edilsin\/#primaryimage","url":"https:\/\/www.meydan.tv\/wp-content\/uploads\/amnesty-2.jpg","contentUrl":"https:\/\/www.meydan.tv\/wp-content\/uploads\/amnesty-2.jpg","width":1200,"height":800,"caption":"\u0130ll\u00fcstrasiya: Meydan TV"},{"@type":"BreadcrumbList","@id":"https:\/\/www.meydan.tv\/az\/article\/amnesty-internationaldan-ilham-eliyev%c9%99-m%c9%99ktub-kampaniyasi-b%c9%99hruz-s%c9%99m%c9%99dov-v%c9%99-iqbal-ebilov-azad-edilsin\/#breadcrumb","itemListElement":[{"@type":"ListItem","position":1,"name":"Ana s\u0259hif\u0259","item":"https:\/\/www.meydan.tv\/az\/"},{"@type":"ListItem","position":2,"name":"Siyas\u0259t","item":"https:\/\/www.meydan.tv\/az\/section\/siyaset\/"},{"@type":"ListItem","position":3,"name":"\u201cAmnesty International\u201ddan \u0130lham \u018fliyev\u0259 m\u0259ktub kampaniyas\u0131: B\u0259hruz S\u0259m\u0259dov v\u0259 \u0130qbal \u018fbilov azad edilsin"}]},{"@type":"WebSite","@id":"https:\/\/www.meydan.tv\/az\/#website","url":"https:\/\/www.meydan.tv\/az\/","name":"MEYDAN.TV","description":"Meydan TV Az\u0259rbaycan\u0131n media m\u0259kan\u0131ndak\u0131 alternativ s\u0259sidir","publisher":{"@id":"https:\/\/www.meydan.tv\/az\/#organization"},"potentialAction":[{"@type":"SearchAction","target":{"@type":"EntryPoint","urlTemplate":"https:\/\/www.meydan.tv\/az\/?s={search_term_string}"},"query-input":{"@type":"PropertyValueSpecification","valueRequired":true,"valueName":"search_term_string"}}],"inLanguage":"az"},{"@type":"Organization","@id":"https:\/\/www.meydan.tv\/az\/#organization","name":"Meydan TV","url":"https:\/\/www.meydan.tv\/az\/","logo":{"@type":"ImageObject","inLanguage":"az","@id":"https:\/\/www.meydan.tv\/az\/#\/schema\/logo\/image\/","url":"https:\/\/www.meydan.tv\/wp-content\/uploads\/2021\/07\/meydan-logo.svg","contentUrl":"https:\/\/www.meydan.tv\/wp-content\/uploads\/2021\/07\/meydan-logo.svg","width":195,"height":46,"caption":"Meydan TV"},"image":{"@id":"https:\/\/www.meydan.tv\/az\/#\/schema\/logo\/image\/"}},{"@type":"Person","@id":"https:\/\/www.meydan.tv\/az\/#\/schema\/person\/09863e516102a829e72bedcf3f84c6b0","name":"mahmud"}]}},"_links":{"self":[{"href":"https:\/\/www.meydan.tv\/az\/wp-json\/wp\/v2\/posts\/335304","targetHints":{"allow":["GET"]}}],"collection":[{"href":"https:\/\/www.meydan.tv\/az\/wp-json\/wp\/v2\/posts"}],"about":[{"href":"https:\/\/www.meydan.tv\/az\/wp-json\/wp\/v2\/types\/post"}],"author":[{"embeddable":true,"href":"https:\/\/www.meydan.tv\/az\/wp-json\/wp\/v2\/users\/21"}],"replies":[{"embeddable":true,"href":"https:\/\/www.meydan.tv\/az\/wp-json\/wp\/v2\/comments?post=335304"}],"version-history":[{"count":2,"href":"https:\/\/www.meydan.tv\/az\/wp-json\/wp\/v2\/posts\/335304\/revisions"}],"predecessor-version":[{"id":335306,"href":"https:\/\/www.meydan.tv\/az\/wp-json\/wp\/v2\/posts\/335304\/revisions\/335306"}],"wp:featuredmedia":[{"embeddable":true,"href":"https:\/\/www.meydan.tv\/az\/wp-json\/wp\/v2\/media\/274873"}],"wp:attachment":[{"href":"https:\/\/www.meydan.tv\/az\/wp-json\/wp\/v2\/media?parent=335304"}],"wp:term":[{"taxonomy":"category","embeddable":true,"href":"https:\/\/www.meydan.tv\/az\/wp-json\/wp\/v2\/categories?post=335304"},{"taxonomy":"post_tag","embeddable":true,"href":"https:\/\/www.meydan.tv\/az\/wp-json\/wp\/v2\/tags?post=335304"}],"curies":[{"name":"wp","href":"https:\/\/api.w.org\/{rel}","templated":true}]}}