{"id":335290,"date":"2025-09-17T14:23:16","date_gmt":"2025-09-17T10:23:16","guid":{"rendered":"https:\/\/www.meydan.tv\/?p=335290"},"modified":"2025-09-17T14:23:37","modified_gmt":"2025-09-17T10:23:37","slug":"az%c9%99rbaycanda-demokratiya-indeksi-tarixi-dalgalanmalar-v%c9%99-muasir-v%c9%99ziyy%c9%99t","status":"publish","type":"post","link":"https:\/\/www.meydan.tv\/az\/article\/az%c9%99rbaycanda-demokratiya-indeksi-tarixi-dalgalanmalar-v%c9%99-muasir-v%c9%99ziyy%c9%99t\/","title":{"rendered":"Az\u0259rbaycanda Demokratiya \u0130ndeksi: Tarixi dal\u011falanmalar v\u0259 m\u00fcasir v\u0259ziyy\u0259t"},"content":{"rendered":"\n<p><\/p>\n\n\n\n<p>\u201cOur World in Data\u201d <a href=\"https:\/\/ourworldindata.org\/grapher\/abs-change-energy-consumption?tab=chart&amp;country=AZE\" target=\"_blank\" rel=\"noreferrer noopener nofollow\">platformas\u0131n\u0131n d\u0259rc etdiyi<\/a> yeni g\u00f6st\u0259ricil\u0259r Az\u0259rbaycanda demokratiya indeksinin son iki \u0259srd\u0259 ke\u00e7diyi m\u00fcr\u0259kk\u0259b tarixi prosesi \u0259ks etdirir.<\/p>\n\n\n\n<figure class=\"wp-block-image size-large\"><img decoding=\"async\" width=\"1111\" height=\"821\" data-src=\"https:\/\/www.meydan.tv\/wp-content\/uploads\/image-74-1111x821.png\" alt=\"\" class=\"wp-image-335291 lazyload\" src=\"data:image\/svg+xml;base64,PHN2ZyB3aWR0aD0iMSIgaGVpZ2h0PSIxIiB4bWxucz0iaHR0cDovL3d3dy53My5vcmcvMjAwMC9zdmciPjwvc3ZnPg==\" style=\"--smush-placeholder-width: 1111px; --smush-placeholder-aspect-ratio: 1111\/821;\" \/><\/figure>\n\n\n\n<p>M\u0259lumatlara g\u00f6r\u0259, \u00f6lk\u0259nin demokratiya g\u00f6st\u0259ricil\u0259rind\u0259 n\u0259z\u0259r\u0259\u00e7arpacaq y\u00fcks\u0259li\u015fl\u0259r \u0259sas\u0259n tarixi d\u00f6n\u00fc\u015f n\u00f6qt\u0259l\u0259ri il\u0259 ba\u011fl\u0131 olub. X\u00fcsusil\u0259, 1918\u20131919-cu ill\u0259rd\u0259 Az\u0259rbaycan Xalq C\u00fcmhuriyy\u0259tinin qurulmas\u0131 d\u00f6vr\u00fcnd\u0259 demokratik g\u00f6st\u0259ricil\u0259rd\u0259 ciddi art\u0131m m\u00fc\u015fahid\u0259 edilib. Lakin bu m\u0259rh\u0259l\u0259 q\u0131sa\u00f6m\u00fcrl\u00fc olub, c\u00fcmhuriyy\u0259tin s\u00fcqutundan sonra indeks s\u00fcr\u0259tl\u0259 eni\u015f\u0259 ke\u00e7ib.<\/p>\n\n\n\n<p>Dig\u0259r m\u00fch\u00fcm y\u00fcks\u0259li\u015f is\u0259 1992-ci ild\u0259 \u2013 m\u00fcst\u0259qilliyin ilk ill\u0259rind\u0259 qeyd\u0259 al\u0131n\u0131b. Bu d\u00f6vr siyasi pl\u00fcralizmin v\u0259 se\u00e7ki institutlar\u0131n\u0131n m\u00fc\u0259yy\u0259n q\u0259d\u0259r f\u0259aliyy\u0259t g\u00f6st\u0259rm\u0259si il\u0259 xarakteriz\u0259 olunurdu. Lakin sonrak\u0131 ill\u0259rd\u0259 demokratik g\u00f6st\u0259ricil\u0259r eni\u015f tendensiyas\u0131 n\u00fcmayi\u015f etdirib, uzunm\u00fcdd\u0259tli sabit, lakin a\u015fa\u011f\u0131 s\u0259viyy\u0259d\u0259 qalmaqda davam edib.<\/p>\n\n\n\n<p>M\u00f6vcud m\u0259lumatlar V-Dem (Varieties of Democracy), Polity (Polity V), EIU (The Economist Intelligence Unit) v\u0259 BTI (Bertelsmann Transformation Index) kimi m\u00fcxt\u0259lif m\u0259nb\u0259l\u0259rin qiym\u0259tl\u0259ndirm\u0259l\u0259rin\u0259 \u0259saslan\u0131r. Bununla bel\u0259, g\u00f6st\u0259ricil\u0259rin ham\u0131s\u0131 Az\u0259rbaycan\u0131n demokratik idar\u0259etm\u0259 bax\u0131m\u0131ndan m\u0259hdudiyy\u0259tl\u0259rl\u0259 \u00fczl\u0259\u015fdiyini g\u00f6st\u0259rir. X\u00fcsusil\u0259, \u201cliberal demokratiya\u201d indeksi \u00e7ox a\u015fa\u011f\u0131 s\u0259viyy\u0259d\u0259 qalmaqdad\u0131r.<\/p>\n\n\n\n<p>M\u00fct\u0259x\u0259ssisl\u0259r hesab edirl\u0259r ki, bu dinamika Az\u0259rbaycan\u0131n siyasi tarixi, institusional inki\u015faf\u0131 v\u0259 regiondak\u0131 geosiyasi reall\u0131qlarla s\u0131x ba\u011fl\u0131d\u0131r. Demokratiyan\u0131n dayan\u0131ql\u0131 inki\u015faf\u0131 \u00fc\u00e7\u00fcn is\u0259 se\u00e7ki prosesl\u0259rinin \u015f\u0259ffafl\u0131\u011f\u0131n\u0131n art\u0131r\u0131lmas\u0131, siyasi i\u015ftirak imkanlar\u0131n\u0131n geni\u015fl\u0259ndirilm\u0259si v\u0259 qanunun aliliyinin t\u0259min olunmas\u0131 \u0259sas h\u0259d\u0259f kimi g\u00f6st\u0259rilir.<\/p>\n","protected":false},"excerpt":{"rendered":"<p>\u201cOur World in Data\u201d platformas\u0131n\u0131n d\u0259rc etdiyi yeni g\u00f6st\u0259ricil\u0259r Az\u0259rbaycanda &#8230; <\/p>\n<p class=\"read-more-container\"><a title=\"Az\u0259rbaycanda Demokratiya \u0130ndeksi: Tarixi dal\u011falanmalar v\u0259 m\u00fcasir v\u0259ziyy\u0259t\" class=\"read-more button\" href=\"https:\/\/www.meydan.tv\/az\/article\/az%c9%99rbaycanda-demokratiya-indeksi-tarixi-dalgalanmalar-v%c9%99-muasir-v%c9%99ziyy%c9%99t\/#more-335290\" aria-label=\"Read more about Az\u0259rbaycanda Demokratiya \u0130ndeksi: Tarixi dal\u011falanmalar v\u0259 m\u00fcasir v\u0259ziyy\u0259t\">Davam\u0131<\/a><\/p>\n","protected":false},"author":21,"featured_media":235194,"comment_status":"closed","ping_status":"closed","sticky":false,"template":"","format":"standard","meta":{"_acf_changed":false,"_sitemap_exclude":false,"_sitemap_priority":"","_sitemap_frequency":"","footnotes":""},"categories":[59,56],"tags":[],"class_list":["post-335290","post","type-post","status-publish","format-standard","has-post-thumbnail","hentry","category-siyaset","category-xeberler","infinite-scroll-item","generate-columns","tablet-grid-50","mobile-grid-100","grid-parent","grid-33","no-featured-image-padding"],"acf":[],"yoast_head":"<!-- This site is optimized with the Yoast SEO plugin v27.4 - https:\/\/yoast.com\/product\/yoast-seo-wordpress\/ -->\n<title>Az\u0259rbaycanda Demokratiya \u0130ndeksi: Tarixi dal\u011falanmalar v\u0259 m\u00fcasir v\u0259ziyy\u0259t - MEYDAN.TV<\/title>\n<meta name=\"robots\" content=\"index, follow, max-snippet:-1, max-image-preview:large, max-video-preview:-1\" \/>\n<link rel=\"canonical\" href=\"https:\/\/www.meydan.tv\/az\/article\/az%c9%99rbaycanda-demokratiya-indeksi-tarixi-dalgalanmalar-v%c9%99-muasir-v%c9%99ziyy%c9%99t\/\" \/>\n<meta property=\"og:locale\" content=\"az_AZ\" \/>\n<meta property=\"og:type\" content=\"article\" \/>\n<meta property=\"og:title\" content=\"Az\u0259rbaycanda Demokratiya \u0130ndeksi: Tarixi dal\u011falanmalar v\u0259 m\u00fcasir v\u0259ziyy\u0259t - MEYDAN.TV\" \/>\n<meta property=\"og:description\" content=\"\u201cOur World in Data\u201d platformas\u0131n\u0131n d\u0259rc etdiyi yeni g\u00f6st\u0259ricil\u0259r Az\u0259rbaycanda ... Davam\u0131\" \/>\n<meta property=\"og:url\" content=\"https:\/\/www.meydan.tv\/az\/article\/az%c9%99rbaycanda-demokratiya-indeksi-tarixi-dalgalanmalar-v%c9%99-muasir-v%c9%99ziyy%c9%99t\/\" \/>\n<meta property=\"og:site_name\" content=\"MEYDAN.TV\" \/>\n<meta property=\"article:published_time\" content=\"2025-09-17T10:23:16+00:00\" \/>\n<meta property=\"article:modified_time\" content=\"2025-09-17T10:23:37+00:00\" \/>\n<meta property=\"og:image\" content=\"https:\/\/www.meydan.tv\/wp-content\/uploads\/shutterstock_612828443-1-e1758104569445.jpg\" \/>\n\t<meta property=\"og:image:width\" content=\"1200\" \/>\n\t<meta property=\"og:image:height\" content=\"488\" \/>\n\t<meta property=\"og:image:type\" content=\"image\/jpeg\" \/>\n<meta name=\"author\" content=\"mahmud\" \/>\n<meta name=\"twitter:card\" content=\"summary_large_image\" \/>\n<script type=\"application\/ld+json\" class=\"yoast-schema-graph\">{\"@context\":\"https:\\\/\\\/schema.org\",\"@graph\":[{\"@type\":\"Article\",\"@id\":\"https:\\\/\\\/www.meydan.tv\\\/az\\\/article\\\/az%c9%99rbaycanda-demokratiya-indeksi-tarixi-dalgalanmalar-v%c9%99-muasir-v%c9%99ziyy%c9%99t\\\/#article\",\"isPartOf\":{\"@id\":\"https:\\\/\\\/www.meydan.tv\\\/az\\\/article\\\/az%c9%99rbaycanda-demokratiya-indeksi-tarixi-dalgalanmalar-v%c9%99-muasir-v%c9%99ziyy%c9%99t\\\/\"},\"author\":{\"name\":\"mahmud\",\"@id\":\"https:\\\/\\\/www.meydan.tv\\\/az\\\/#\\\/schema\\\/person\\\/09863e516102a829e72bedcf3f84c6b0\"},\"headline\":\"Az\u0259rbaycanda Demokratiya \u0130ndeksi: Tarixi dal\u011falanmalar v\u0259 m\u00fcasir v\u0259ziyy\u0259t\",\"datePublished\":\"2025-09-17T10:23:16+00:00\",\"dateModified\":\"2025-09-17T10:23:37+00:00\",\"mainEntityOfPage\":{\"@id\":\"https:\\\/\\\/www.meydan.tv\\\/az\\\/article\\\/az%c9%99rbaycanda-demokratiya-indeksi-tarixi-dalgalanmalar-v%c9%99-muasir-v%c9%99ziyy%c9%99t\\\/\"},\"wordCount\":350,\"publisher\":{\"@id\":\"https:\\\/\\\/www.meydan.tv\\\/az\\\/#organization\"},\"image\":{\"@id\":\"https:\\\/\\\/www.meydan.tv\\\/az\\\/article\\\/az%c9%99rbaycanda-demokratiya-indeksi-tarixi-dalgalanmalar-v%c9%99-muasir-v%c9%99ziyy%c9%99t\\\/#primaryimage\"},\"thumbnailUrl\":\"https:\\\/\\\/www.meydan.tv\\\/wp-content\\\/uploads\\\/shutterstock_612828443-1-e1758104569445.jpg\",\"articleSection\":[\"Siyas\u0259t\",\"X\u0259b\u0259rl\u0259r\"],\"inLanguage\":\"az\"},{\"@type\":\"WebPage\",\"@id\":\"https:\\\/\\\/www.meydan.tv\\\/az\\\/article\\\/az%c9%99rbaycanda-demokratiya-indeksi-tarixi-dalgalanmalar-v%c9%99-muasir-v%c9%99ziyy%c9%99t\\\/\",\"url\":\"https:\\\/\\\/www.meydan.tv\\\/az\\\/article\\\/az%c9%99rbaycanda-demokratiya-indeksi-tarixi-dalgalanmalar-v%c9%99-muasir-v%c9%99ziyy%c9%99t\\\/\",\"name\":\"Az\u0259rbaycanda Demokratiya \u0130ndeksi: Tarixi dal\u011falanmalar v\u0259 m\u00fcasir v\u0259ziyy\u0259t - MEYDAN.TV\",\"isPartOf\":{\"@id\":\"https:\\\/\\\/www.meydan.tv\\\/az\\\/#website\"},\"primaryImageOfPage\":{\"@id\":\"https:\\\/\\\/www.meydan.tv\\\/az\\\/article\\\/az%c9%99rbaycanda-demokratiya-indeksi-tarixi-dalgalanmalar-v%c9%99-muasir-v%c9%99ziyy%c9%99t\\\/#primaryimage\"},\"image\":{\"@id\":\"https:\\\/\\\/www.meydan.tv\\\/az\\\/article\\\/az%c9%99rbaycanda-demokratiya-indeksi-tarixi-dalgalanmalar-v%c9%99-muasir-v%c9%99ziyy%c9%99t\\\/#primaryimage\"},\"thumbnailUrl\":\"https:\\\/\\\/www.meydan.tv\\\/wp-content\\\/uploads\\\/shutterstock_612828443-1-e1758104569445.jpg\",\"datePublished\":\"2025-09-17T10:23:16+00:00\",\"dateModified\":\"2025-09-17T10:23:37+00:00\",\"breadcrumb\":{\"@id\":\"https:\\\/\\\/www.meydan.tv\\\/az\\\/article\\\/az%c9%99rbaycanda-demokratiya-indeksi-tarixi-dalgalanmalar-v%c9%99-muasir-v%c9%99ziyy%c9%99t\\\/#breadcrumb\"},\"inLanguage\":\"az\",\"potentialAction\":[{\"@type\":\"ReadAction\",\"target\":[\"https:\\\/\\\/www.meydan.tv\\\/az\\\/article\\\/az%c9%99rbaycanda-demokratiya-indeksi-tarixi-dalgalanmalar-v%c9%99-muasir-v%c9%99ziyy%c9%99t\\\/\"]}]},{\"@type\":\"ImageObject\",\"inLanguage\":\"az\",\"@id\":\"https:\\\/\\\/www.meydan.tv\\\/az\\\/article\\\/az%c9%99rbaycanda-demokratiya-indeksi-tarixi-dalgalanmalar-v%c9%99-muasir-v%c9%99ziyy%c9%99t\\\/#primaryimage\",\"url\":\"https:\\\/\\\/www.meydan.tv\\\/wp-content\\\/uploads\\\/shutterstock_612828443-1-e1758104569445.jpg\",\"contentUrl\":\"https:\\\/\\\/www.meydan.tv\\\/wp-content\\\/uploads\\\/shutterstock_612828443-1-e1758104569445.jpg\",\"width\":1200,\"height\":488,\"caption\":\"Avtoritarizm v\u0259 demokratiya , Wilm Ihlenfeld\\\/shutterstock\"},{\"@type\":\"BreadcrumbList\",\"@id\":\"https:\\\/\\\/www.meydan.tv\\\/az\\\/article\\\/az%c9%99rbaycanda-demokratiya-indeksi-tarixi-dalgalanmalar-v%c9%99-muasir-v%c9%99ziyy%c9%99t\\\/#breadcrumb\",\"itemListElement\":[{\"@type\":\"ListItem\",\"position\":1,\"name\":\"Ana s\u0259hif\u0259\",\"item\":\"https:\\\/\\\/www.meydan.tv\\\/az\\\/\"},{\"@type\":\"ListItem\",\"position\":2,\"name\":\"Siyas\u0259t\",\"item\":\"https:\\\/\\\/www.meydan.tv\\\/az\\\/section\\\/siyaset\\\/\"},{\"@type\":\"ListItem\",\"position\":3,\"name\":\"Az\u0259rbaycanda Demokratiya \u0130ndeksi: Tarixi dal\u011falanmalar v\u0259 m\u00fcasir v\u0259ziyy\u0259t\"}]},{\"@type\":\"WebSite\",\"@id\":\"https:\\\/\\\/www.meydan.tv\\\/az\\\/#website\",\"url\":\"https:\\\/\\\/www.meydan.tv\\\/az\\\/\",\"name\":\"MEYDAN.TV\",\"description\":\"Meydan TV Az\u0259rbaycan\u0131n media m\u0259kan\u0131ndak\u0131 alternativ s\u0259sidir\",\"publisher\":{\"@id\":\"https:\\\/\\\/www.meydan.tv\\\/az\\\/#organization\"},\"potentialAction\":[{\"@type\":\"SearchAction\",\"target\":{\"@type\":\"EntryPoint\",\"urlTemplate\":\"https:\\\/\\\/www.meydan.tv\\\/az\\\/?s={search_term_string}\"},\"query-input\":{\"@type\":\"PropertyValueSpecification\",\"valueRequired\":true,\"valueName\":\"search_term_string\"}}],\"inLanguage\":\"az\"},{\"@type\":\"Organization\",\"@id\":\"https:\\\/\\\/www.meydan.tv\\\/az\\\/#organization\",\"name\":\"Meydan TV\",\"url\":\"https:\\\/\\\/www.meydan.tv\\\/az\\\/\",\"logo\":{\"@type\":\"ImageObject\",\"inLanguage\":\"az\",\"@id\":\"https:\\\/\\\/www.meydan.tv\\\/az\\\/#\\\/schema\\\/logo\\\/image\\\/\",\"url\":\"https:\\\/\\\/www.meydan.tv\\\/wp-content\\\/uploads\\\/2021\\\/07\\\/meydan-logo.svg\",\"contentUrl\":\"https:\\\/\\\/www.meydan.tv\\\/wp-content\\\/uploads\\\/2021\\\/07\\\/meydan-logo.svg\",\"width\":195,\"height\":46,\"caption\":\"Meydan TV\"},\"image\":{\"@id\":\"https:\\\/\\\/www.meydan.tv\\\/az\\\/#\\\/schema\\\/logo\\\/image\\\/\"}},{\"@type\":\"Person\",\"@id\":\"https:\\\/\\\/www.meydan.tv\\\/az\\\/#\\\/schema\\\/person\\\/09863e516102a829e72bedcf3f84c6b0\",\"name\":\"mahmud\"}]}<\/script>\n<!-- \/ Yoast SEO plugin. -->","yoast_head_json":{"title":"Az\u0259rbaycanda Demokratiya \u0130ndeksi: Tarixi dal\u011falanmalar v\u0259 m\u00fcasir v\u0259ziyy\u0259t - MEYDAN.TV","robots":{"index":"index","follow":"follow","max-snippet":"max-snippet:-1","max-image-preview":"max-image-preview:large","max-video-preview":"max-video-preview:-1"},"canonical":"https:\/\/www.meydan.tv\/az\/article\/az%c9%99rbaycanda-demokratiya-indeksi-tarixi-dalgalanmalar-v%c9%99-muasir-v%c9%99ziyy%c9%99t\/","og_locale":"az_AZ","og_type":"article","og_title":"Az\u0259rbaycanda Demokratiya \u0130ndeksi: Tarixi dal\u011falanmalar v\u0259 m\u00fcasir v\u0259ziyy\u0259t - MEYDAN.TV","og_description":"\u201cOur World in Data\u201d platformas\u0131n\u0131n d\u0259rc etdiyi yeni g\u00f6st\u0259ricil\u0259r Az\u0259rbaycanda ... Davam\u0131","og_url":"https:\/\/www.meydan.tv\/az\/article\/az%c9%99rbaycanda-demokratiya-indeksi-tarixi-dalgalanmalar-v%c9%99-muasir-v%c9%99ziyy%c9%99t\/","og_site_name":"MEYDAN.TV","article_published_time":"2025-09-17T10:23:16+00:00","article_modified_time":"2025-09-17T10:23:37+00:00","og_image":[{"width":1200,"height":488,"url":"https:\/\/www.meydan.tv\/wp-content\/uploads\/shutterstock_612828443-1-e1758104569445.jpg","type":"image\/jpeg"}],"author":"mahmud","twitter_card":"summary_large_image","schema":{"@context":"https:\/\/schema.org","@graph":[{"@type":"Article","@id":"https:\/\/www.meydan.tv\/az\/article\/az%c9%99rbaycanda-demokratiya-indeksi-tarixi-dalgalanmalar-v%c9%99-muasir-v%c9%99ziyy%c9%99t\/#article","isPartOf":{"@id":"https:\/\/www.meydan.tv\/az\/article\/az%c9%99rbaycanda-demokratiya-indeksi-tarixi-dalgalanmalar-v%c9%99-muasir-v%c9%99ziyy%c9%99t\/"},"author":{"name":"mahmud","@id":"https:\/\/www.meydan.tv\/az\/#\/schema\/person\/09863e516102a829e72bedcf3f84c6b0"},"headline":"Az\u0259rbaycanda Demokratiya \u0130ndeksi: Tarixi dal\u011falanmalar v\u0259 m\u00fcasir v\u0259ziyy\u0259t","datePublished":"2025-09-17T10:23:16+00:00","dateModified":"2025-09-17T10:23:37+00:00","mainEntityOfPage":{"@id":"https:\/\/www.meydan.tv\/az\/article\/az%c9%99rbaycanda-demokratiya-indeksi-tarixi-dalgalanmalar-v%c9%99-muasir-v%c9%99ziyy%c9%99t\/"},"wordCount":350,"publisher":{"@id":"https:\/\/www.meydan.tv\/az\/#organization"},"image":{"@id":"https:\/\/www.meydan.tv\/az\/article\/az%c9%99rbaycanda-demokratiya-indeksi-tarixi-dalgalanmalar-v%c9%99-muasir-v%c9%99ziyy%c9%99t\/#primaryimage"},"thumbnailUrl":"https:\/\/www.meydan.tv\/wp-content\/uploads\/shutterstock_612828443-1-e1758104569445.jpg","articleSection":["Siyas\u0259t","X\u0259b\u0259rl\u0259r"],"inLanguage":"az"},{"@type":"WebPage","@id":"https:\/\/www.meydan.tv\/az\/article\/az%c9%99rbaycanda-demokratiya-indeksi-tarixi-dalgalanmalar-v%c9%99-muasir-v%c9%99ziyy%c9%99t\/","url":"https:\/\/www.meydan.tv\/az\/article\/az%c9%99rbaycanda-demokratiya-indeksi-tarixi-dalgalanmalar-v%c9%99-muasir-v%c9%99ziyy%c9%99t\/","name":"Az\u0259rbaycanda Demokratiya \u0130ndeksi: Tarixi dal\u011falanmalar v\u0259 m\u00fcasir v\u0259ziyy\u0259t - MEYDAN.TV","isPartOf":{"@id":"https:\/\/www.meydan.tv\/az\/#website"},"primaryImageOfPage":{"@id":"https:\/\/www.meydan.tv\/az\/article\/az%c9%99rbaycanda-demokratiya-indeksi-tarixi-dalgalanmalar-v%c9%99-muasir-v%c9%99ziyy%c9%99t\/#primaryimage"},"image":{"@id":"https:\/\/www.meydan.tv\/az\/article\/az%c9%99rbaycanda-demokratiya-indeksi-tarixi-dalgalanmalar-v%c9%99-muasir-v%c9%99ziyy%c9%99t\/#primaryimage"},"thumbnailUrl":"https:\/\/www.meydan.tv\/wp-content\/uploads\/shutterstock_612828443-1-e1758104569445.jpg","datePublished":"2025-09-17T10:23:16+00:00","dateModified":"2025-09-17T10:23:37+00:00","breadcrumb":{"@id":"https:\/\/www.meydan.tv\/az\/article\/az%c9%99rbaycanda-demokratiya-indeksi-tarixi-dalgalanmalar-v%c9%99-muasir-v%c9%99ziyy%c9%99t\/#breadcrumb"},"inLanguage":"az","potentialAction":[{"@type":"ReadAction","target":["https:\/\/www.meydan.tv\/az\/article\/az%c9%99rbaycanda-demokratiya-indeksi-tarixi-dalgalanmalar-v%c9%99-muasir-v%c9%99ziyy%c9%99t\/"]}]},{"@type":"ImageObject","inLanguage":"az","@id":"https:\/\/www.meydan.tv\/az\/article\/az%c9%99rbaycanda-demokratiya-indeksi-tarixi-dalgalanmalar-v%c9%99-muasir-v%c9%99ziyy%c9%99t\/#primaryimage","url":"https:\/\/www.meydan.tv\/wp-content\/uploads\/shutterstock_612828443-1-e1758104569445.jpg","contentUrl":"https:\/\/www.meydan.tv\/wp-content\/uploads\/shutterstock_612828443-1-e1758104569445.jpg","width":1200,"height":488,"caption":"Avtoritarizm v\u0259 demokratiya , Wilm Ihlenfeld\/shutterstock"},{"@type":"BreadcrumbList","@id":"https:\/\/www.meydan.tv\/az\/article\/az%c9%99rbaycanda-demokratiya-indeksi-tarixi-dalgalanmalar-v%c9%99-muasir-v%c9%99ziyy%c9%99t\/#breadcrumb","itemListElement":[{"@type":"ListItem","position":1,"name":"Ana s\u0259hif\u0259","item":"https:\/\/www.meydan.tv\/az\/"},{"@type":"ListItem","position":2,"name":"Siyas\u0259t","item":"https:\/\/www.meydan.tv\/az\/section\/siyaset\/"},{"@type":"ListItem","position":3,"name":"Az\u0259rbaycanda Demokratiya \u0130ndeksi: Tarixi dal\u011falanmalar v\u0259 m\u00fcasir v\u0259ziyy\u0259t"}]},{"@type":"WebSite","@id":"https:\/\/www.meydan.tv\/az\/#website","url":"https:\/\/www.meydan.tv\/az\/","name":"MEYDAN.TV","description":"Meydan TV Az\u0259rbaycan\u0131n media m\u0259kan\u0131ndak\u0131 alternativ s\u0259sidir","publisher":{"@id":"https:\/\/www.meydan.tv\/az\/#organization"},"potentialAction":[{"@type":"SearchAction","target":{"@type":"EntryPoint","urlTemplate":"https:\/\/www.meydan.tv\/az\/?s={search_term_string}"},"query-input":{"@type":"PropertyValueSpecification","valueRequired":true,"valueName":"search_term_string"}}],"inLanguage":"az"},{"@type":"Organization","@id":"https:\/\/www.meydan.tv\/az\/#organization","name":"Meydan TV","url":"https:\/\/www.meydan.tv\/az\/","logo":{"@type":"ImageObject","inLanguage":"az","@id":"https:\/\/www.meydan.tv\/az\/#\/schema\/logo\/image\/","url":"https:\/\/www.meydan.tv\/wp-content\/uploads\/2021\/07\/meydan-logo.svg","contentUrl":"https:\/\/www.meydan.tv\/wp-content\/uploads\/2021\/07\/meydan-logo.svg","width":195,"height":46,"caption":"Meydan TV"},"image":{"@id":"https:\/\/www.meydan.tv\/az\/#\/schema\/logo\/image\/"}},{"@type":"Person","@id":"https:\/\/www.meydan.tv\/az\/#\/schema\/person\/09863e516102a829e72bedcf3f84c6b0","name":"mahmud"}]}},"_links":{"self":[{"href":"https:\/\/www.meydan.tv\/az\/wp-json\/wp\/v2\/posts\/335290","targetHints":{"allow":["GET"]}}],"collection":[{"href":"https:\/\/www.meydan.tv\/az\/wp-json\/wp\/v2\/posts"}],"about":[{"href":"https:\/\/www.meydan.tv\/az\/wp-json\/wp\/v2\/types\/post"}],"author":[{"embeddable":true,"href":"https:\/\/www.meydan.tv\/az\/wp-json\/wp\/v2\/users\/21"}],"replies":[{"embeddable":true,"href":"https:\/\/www.meydan.tv\/az\/wp-json\/wp\/v2\/comments?post=335290"}],"version-history":[{"count":2,"href":"https:\/\/www.meydan.tv\/az\/wp-json\/wp\/v2\/posts\/335290\/revisions"}],"predecessor-version":[{"id":335295,"href":"https:\/\/www.meydan.tv\/az\/wp-json\/wp\/v2\/posts\/335290\/revisions\/335295"}],"wp:featuredmedia":[{"embeddable":true,"href":"https:\/\/www.meydan.tv\/az\/wp-json\/wp\/v2\/media\/235194"}],"wp:attachment":[{"href":"https:\/\/www.meydan.tv\/az\/wp-json\/wp\/v2\/media?parent=335290"}],"wp:term":[{"taxonomy":"category","embeddable":true,"href":"https:\/\/www.meydan.tv\/az\/wp-json\/wp\/v2\/categories?post=335290"},{"taxonomy":"post_tag","embeddable":true,"href":"https:\/\/www.meydan.tv\/az\/wp-json\/wp\/v2\/tags?post=335290"}],"curies":[{"name":"wp","href":"https:\/\/api.w.org\/{rel}","templated":true}]}}