{"id":335275,"date":"2025-09-17T13:21:41","date_gmt":"2025-09-17T09:21:41","guid":{"rendered":"https:\/\/www.meydan.tv\/?p=335275"},"modified":"2025-09-17T13:39:37","modified_gmt":"2025-09-17T09:39:37","slug":"naxcivanin-mobil-operatoru-niy%c9%99-l%c9%99gv-olunur","status":"publish","type":"post","link":"https:\/\/www.meydan.tv\/az\/article\/naxcivanin-mobil-operatoru-niy%c9%99-l%c9%99gv-olunur\/","title":{"rendered":"Nax\u00e7\u0131van\u0131n mobil operatoru niy\u0259 l\u0259\u011fv olunur?"},"content":{"rendered":"\n<p><em><strong>&#8220;Mill\u0259tin xeyrin\u0259 hardan bir i\u015f\u0131q d\u00fc\u015f\u00fcrs\u0259, o i\u015f\u0131\u011f\u0131 d\u0259rhal s\u00f6nd\u00fcr\u00fcrl\u0259r\u201d<\/strong><\/em><\/p>\n\n\n\n<p>Nax\u00e7\u0131van\u0131n milli mobil operatoru \u201cNaxtel\u201d r\u0259smi m\u0259lumat payla\u015faraq elan edib ki, dekabr\u0131n 1-d\u0259n f\u0259aliyy\u0259tini <a href=\"https:\/\/naxtel.az\/\" target=\"_blank\" rel=\"noreferrer noopener nofollow\">dayand\u0131r\u0131r<\/a>. &nbsp;<\/p>\n\n\n\n<p>M\u0259lumata g\u00f6r\u0259, \u201cNaxtel\u201d abun\u0259\u00e7il\u0259rinin haz\u0131rda istifad\u0259l\u0259rind\u0259 olan n\u00f6mr\u0259l\u0259rin onlar\u0131n adlar\u0131nda saxlan\u0131lmas\u0131 v\u0259 mobil rabit\u0259 xidm\u0259tl\u0259rind\u0259n yararlanma\u011fa davam ed\u0259 bilm\u0259l\u0259ri \u00fc\u00e7\u00fcn \u00f6lk\u0259d\u0259 f\u0259aliyy\u0259t g\u00f6st\u0259r\u0259n dig\u0259r mobil rabit\u0259 operatorlar\u0131na (Azercell, Bakcell, Nar) m\u00fcraci\u0259t etm\u0259l\u0259ri t\u00f6vsiy\u0259 edib.<\/p>\n\n\n\n<p>Bu mobil operatorun Nax\u00e7\u0131van Ali M\u0259clisinin sabiq s\u0259dri Vasif Tal\u0131bova m\u0259xsus oldu\u011fu ehtimal olunurdu. 2017-ci ild\u0259 Vasif Tal\u0131bov v\u0259zif\u0259sind\u0259n uzaqla\u015fd\u0131r\u0131ld\u0131qdan sonra, ona m\u0259xsus oldu\u011fu bildiril\u0259n Nax\u00e7\u0131vandak\u0131 \u201cNaxtel\u201d mobil operatorunun taleyi bar\u0259d\u0259 uzun m\u00fcdd\u0259t qapal\u0131 m\u00fczakir\u0259l\u0259r apar\u0131ld\u0131. H\u0259tta mobil operatorun \u201cAzercell\u201d t\u0259r\u0259find\u0259n sat\u0131n al\u0131naca\u011f\u0131 bar\u0259d\u0259 x\u0259b\u0259rl\u0259r dola\u015f\u0131rd\u0131.<\/p>\n\n\n\n<p>Lakin \u00f6t\u0259n g\u00fcnl\u0259rd\u0259 \u201cNaxtel\u201d q\u0259fil olaraq ba\u011flanaca\u011f\u0131n\u0131 elan edib.<\/p>\n\n\n\n<p>Bu m\u0259lumatdan sonra sosial mediada ekspertl\u0259r v\u0259 istifad\u0259\u00e7il\u0259r aras\u0131nda ciddi m\u00fczakir\u0259l\u0259r ba\u015flay\u0131b.<\/p>\n\n\n\n<p>M\u00fczakir\u0259l\u0259r \u0259sas\u0259n o istiqam\u0259td\u0259dir ki, \u0130ran v\u0259 Erm\u0259nistanla s\u0259rh\u0259di olan bir regionda ill\u0259rl\u0259 formala\u015fm\u0131\u015f v\u0259 dayan\u0131ql\u0131 milli rabit\u0259 infrastrukturu bird\u0259n-bir\u0259 niy\u0259 l\u0259\u011fv edilsin?<\/p>\n\n\n\n<pre class=\"wp-block-preformatted\">\u201cNaxtel\u201d mobil operatoru 2015-ci ilin iyul ay\u0131nda Nax\u00e7\u0131van \u015f\u0259h\u0259rind\u0259 t\u0259sis olunub. <br><br>2018-ci ilin m\u0259lumat\u0131na g\u00f6r\u0259, Naxtel abun\u0259\u00e7il\u0259rinin say\u0131 30 min\u0259 yax\u0131n olub. <br><br>2023-c\u00fc ild\u0259 \u015firk\u0259t\u0259 r\u0259hb\u0259rlik ed\u0259n Kamil Yusifovu R\u0259\u015fad Namazov \u0259v\u0259z edib. R\u0259\u015fad Namazov buna q\u0259d\u0259r \u201cAraztech\u201d MMC-\u0259 r\u0259hb\u0259rlik edilib. Naxteld\u0259 direktor d\u0259yi\u015fikliyind\u0259n 1 ay \u00f6nc\u0259 \u201cAraztech\u201d Naxtel\u0259 birl\u0259\u015fdirilib. <br><br>\u201cNaxtel\u201d \u00f6lk\u0259nin d\u00f6rd\u00fcnc\u00fc mobil operatoru olmaqla yana\u015f\u0131, yegan\u0259 regional mobil operator \u015firk\u0259ti idi.<\/pre>\n\n\n\n<p>M\u0259s\u0259l\u0259ni sosial mediada \u015f\u0259rh ed\u0259rk\u0259n ekspert Osman G\u00fcnd\u00fcz <a href=\"https:\/\/shorturl.at\/oH4C3\" target=\"_blank\" rel=\"noreferrer noopener nofollow\">bildirib<\/a> ki, \u201cNaxtel\u201d Nax\u00e7\u0131vanda \u0259n geni\u015f \u0259hat\u0259y\u0259 malik mobil operatordur. \u201c4G\u201d xidm\u0259ti il\u0259 muxtar respublikan\u0131n \u0259n ucqar ya\u015fay\u0131\u015f m\u0259nt\u0259q\u0259l\u0259rini bel\u0259 sabit rabit\u0259 v\u0259 internet il\u0259 t\u0259min edirdi. \u00dcst\u0259lik, geni\u015f tezlik resurslar\u0131na sahib idi.<\/p>\n\n\n\n<p>Osman G\u00fcnd\u00fcz hesab edir ki, \u201cNaxtel\u201din \u0259hat\u0259 etdiyi ucqar \u0259razil\u0259r ya rabit\u0259siz qalacaq, ya da onlar\u0131n telefonlar\u0131nda \u201c\u0130rana xo\u015f g\u0259lmisiniz\u201d mesaj\u0131 g\u00f6r\u00fcn\u0259c\u0259k v\u0259 burda \u0259sas m\u0259s\u0259l\u0259 t\u0259hl\u00fck\u0259sizlikl\u0259 ba\u011fl\u0131d\u0131r.<\/p>\n\n\n<div class=\"wp-block-image\">\n<figure class=\"alignleft size-full is-resized\"><img decoding=\"async\" width=\"960\" height=\"640\" data-src=\"https:\/\/www.meydan.tv\/wp-content\/uploads\/38652.jpg\" alt=\"Osman G\u00fcnd\u00fcz\" class=\"wp-image-97966 lazyload\" style=\"--smush-placeholder-width: 960px; --smush-placeholder-aspect-ratio: 960\/640;width:351px;height:auto\" src=\"data:image\/svg+xml;base64,PHN2ZyB3aWR0aD0iMSIgaGVpZ2h0PSIxIiB4bWxucz0iaHR0cDovL3d3dy53My5vcmcvMjAwMC9zdmciPjwvc3ZnPg==\" \/><figcaption class=\"wp-element-caption\">Osman G\u00fcnd\u00fcz\u00fcn \u015f\u0259xsi arxivi<\/figcaption><\/figure>\n<\/div>\n\n\n<p>Onun s\u00f6zl\u0259rin\u0259 g\u00f6r\u0259, Nax\u00e7\u0131van\u0131n Erm\u0259nistanla s\u0259rh\u0259di da\u011flarla \u0259hat\u0259 edildiyind\u0259n, \u0259vv\u0259ll\u0259r qanunsuz siqnal m\u00fcdaxil\u0259l\u0259ri daha \u00e7ox \u0130ran t\u0259r\u0259find\u0259n g\u0259lirdi:<\/p>\n\n\n\n<p><em>\u201cUzun ill\u0259r \u0259rzind\u0259 \u0130ran g\u00fccl\u00fc radiorabit\u0259 vasit\u0259l\u0259ril\u0259 siqnallar\u0131n\u0131 Az\u0259rbaycan \u0259razil\u0259rin\u0259 y\u00f6n\u0259ltm\u0259kl\u0259 informasiya m\u0259kan\u0131m\u0131za m\u00fcdaxil\u0259 edib. &nbsp;Lakin \u201cNaxtel\u201din baza stansiyalar\u0131 g\u00fccl\u0259ndikd\u0259n sonra, x\u00fcsus\u0259n d\u0259 DR\u0130 (<\/em><em>D\u00f6vl\u0259t Radiotezlikl\u0259r \u0130dar\u0259si) <\/em><em>v\u0259 BT\u0130 (<\/em><em>Beyn\u0259lxalq Telekommunikasiya \u0130ttifaq\u0131<\/em><em>) <\/em><em>il\u0259 birg\u0259 apar\u0131lan i\u015fl\u0259r n\u0259tic\u0259sind\u0259 Nax\u00e7\u0131van\u0131n informasiya m\u0259kan\u0131na \u0130ran t\u0259r\u0259find\u0259n olan m\u00fcdaxil\u0259l\u0259rin qar\u015f\u0131s\u0131 yet\u0259rinc\u0259 al\u0131n\u0131rd\u0131\u201d.<\/em><\/p>\n\n\n\n<p>Ekspert bildirib ki, \u0259n t\u0259\u0259cc\u00fcbl\u00fc m\u0259qamlardan biri d\u0259 R\u0259q\u0259msal \u0130nki\u015faf v\u0259 N\u0259qliyyat Nazirliyinin, x\u00fcsus\u0259n d\u0259 t\u0259nziml\u0259yici qurum olan \u0130KTA-n\u0131n prosesd\u0259n k\u0259narda qalmas\u0131d\u0131r:<br><br><em>\u201cB\u00f6y\u00fck bir operator bazardan \u00e7\u0131x\u0131r v\u0259 ya \u00e7\u0131xar\u0131l\u0131r, h\u0259m d\u0259 m\u00fc\u015ft\u0259ril\u0259r\u0259 sad\u0259c\u0259 \u201cdig\u0259r operatorlara miqrasiya edin\u201d absurd bir mesaj\u0131 \u00f6t\u00fcr\u00fcl\u00fcr. Bel\u0259 bir hal, yaln\u0131z telekom sektorunda t\u0259nziml\u0259yicisi olmayan \u00f6lk\u0259l\u0259rd\u0259 ba\u015f ver\u0259 bil\u0259rdi\u201d.<\/em><\/p>\n\n\n\n<p>Osman G\u00fcnd\u00fcz hesab edir ki, bu hadis\u0259 yaln\u0131z telekommunikasiya m\u0259s\u0259l\u0259si deyil, h\u0259m d\u0259 milli t\u0259hl\u00fck\u0259sizlik m\u0259s\u0259l\u0259sidir.<\/p>\n\n\n\n<p>Ekspert dig\u0259r mobil operatorlar\u0131n \u201cNaxtel\u201di almaqdan imtina etdikl\u0259rini d\u0259 deyib.<\/p>\n\n\n\n<p>Meydan TV olaraq \u201cNaxtel\u201d mobil operatorunun Nax\u00e7\u0131vanda ya\u015fayan b\u0259zi abun\u0259\u00e7il\u0259ri il\u0259 \u0259laq\u0259 saxlad\u0131q. Onlar hesab edir ki, dig\u0259r mobil operatorlara ke\u00e7m\u0259k onlar \u00fc\u00e7\u00fcn faydal\u0131 da ola bil\u0259r. \u00c7\u00fcnki \u0259vv\u0259ll\u0259r onlar \u201cNaxtel\u201d il\u0259 olan n\u00f6mr\u0259l\u0259rini Nax\u00e7\u0131vandan k\u0259narda istifad\u0259 ed\u0259 bilmirdil\u0259r. M\u0259s\u0259l\u0259n, \u0259g\u0259r Bak\u0131ya g\u0259lm\u0259li olurdularsa, bu zaman m\u00fctl\u0259q \u00f6zl\u0259rin\u0259 yeni n\u00f6mr\u0259 almal\u0131 idil\u0259r. \u0130ndi is\u0259 \u0259ld\u0259 ed\u0259c\u0259kl\u0259ri Azercell v\u0259 ya Bakcell n\u00f6mr\u0259l\u0259rini h\u0259m Nax\u00e7\u0131vanda, h\u0259m d\u0259 dig\u0259r b\u00f6lg\u0259l\u0259rd\u0259 istifad\u0259 ed\u0259 bil\u0259c\u0259kl\u0259r. Abun\u0259\u00e7il\u0259rin \u0259sas narahatl\u0131\u011f\u0131 Azercell v\u0259 Bakcell kimi mobil operatorlar\u0131n tarifl\u0259rinin \u201cNaxtel\u201d il\u0259 m\u00fcqayis\u0259d\u0259 daha bahal\u0131 olmas\u0131d\u0131r.<\/p>\n\n\n\n<p>Nax\u00e7\u0131vanda ya\u015fayan Zakir Babayev sosial \u015f\u0259b\u0259k\u0259d\u0259 yaz\u0131r ki, o, ill\u0259rdir \u201cAzercell\u201d mobil operatorundan istifad\u0259 edib. Amma \u201cAzercell\u201din son tarif qiym\u0259tl\u0259rind\u0259n sonra \u0259lav\u0259 olaraq \u201cNaxtel\u201d n\u00f6mr\u0259si d\u0259 al\u0131b:<\/p>\n\n\n\n<p><em>\u201cD\u00fcz\u00fcn\u00fc des\u0259m, \u201cNaxtel\u201din keyfiyy\u0259ti o q\u0259d\u0259r d\u0259 \u00fcr\u0259ka\u00e7an deyil, amma region \u00fc\u00e7\u00fcn x\u0259rcl\u0259ri kifay\u0259t q\u0259d\u0259r uy\u011fun idi. M\u0259s\u0259l\u0259n, 20 manata 40 GB internet v\u0259 eyni operatorlar aras\u0131 limitsiz dan\u0131\u015f\u0131q verirdi. Son tarif m\u0259s\u0259l\u0259sind\u0259n sonra insanlar ya birba\u015fa \u201cNaxtel\u201d\u0259 ke\u00e7dil\u0259r v\u0259 ya alternativ olaraq \u201cNaxtel\u201d n\u00f6mr\u0259 ald\u0131lar. Bu da dig\u0259r operatorlar\u0131n bazar\u0131n\u0131 \u00f6ld\u00fcrd\u00fc. Uzun s\u00f6z\u00fcn q\u0131sas\u0131, mill\u0259tin xeyrin\u0259 hardan bir i\u015f\u0131q d\u00fc\u015f\u00fcrs\u0259, o i\u015f\u0131\u011f\u0131 d\u0259rhal s\u00f6nd\u00fcr\u00fcrl\u0259r\u201d.<\/em><\/p>\n\n\n\n<p>B\u0259zi \u201cNaxtel\u201d abun\u0259\u00e7il\u0259ri d\u0259 hesab edir ki, \u201cNaxtel\u201d h\u0259m s\u0259rf\u0259li idi, h\u0259m d\u0259 Nax\u00e7\u0131van\u0131n ucqar regionlar\u0131nda bel\u0259 yax\u015f\u0131 i\u015fl\u0259yirdi. Onlar dig\u0259r mobil operatorlar\u0131n bunun \u00f6hd\u0259sind\u0259n g\u0259l\u0259 bil\u0259c\u0259kl\u0259rin\u0259 t\u0259r\u0259dd\u00fcd edirl\u0259r.<\/p>\n\n\n\n<p>M\u0259s\u0259l\u0259 il\u0259 ba\u011fl\u0131 ad\u0131 \u00e7\u0259kil\u0259n mobil operatorlar v\u0259 m\u0259sul d\u00f6vl\u0259t qurumlar\u0131ndan he\u00e7 bir r\u0259smi a\u00e7\u0131qlama verilm\u0259yib.<\/p>\n\n\n\n<p><\/p>\n\n\n\n<p><\/p>\n","protected":false},"excerpt":{"rendered":"<p>&#8220;Mill\u0259tin xeyrin\u0259 hardan bir i\u015f\u0131q d\u00fc\u015f\u00fcrs\u0259, o i\u015f\u0131\u011f\u0131 d\u0259rhal s\u00f6nd\u00fcr\u00fcrl\u0259r\u201d &#8230; <\/p>\n<p class=\"read-more-container\"><a title=\"Nax\u00e7\u0131van\u0131n mobil operatoru niy\u0259 l\u0259\u011fv olunur?\" class=\"read-more button\" href=\"https:\/\/www.meydan.tv\/az\/article\/naxcivanin-mobil-operatoru-niy%c9%99-l%c9%99gv-olunur\/#more-335275\" aria-label=\"Read more about Nax\u00e7\u0131van\u0131n mobil operatoru niy\u0259 l\u0259\u011fv olunur?\">Davam\u0131<\/a><\/p>\n","protected":false},"author":16,"featured_media":266443,"comment_status":"closed","ping_status":"closed","sticky":false,"template":"","format":"standard","meta":{"_acf_changed":false,"_sitemap_exclude":false,"_sitemap_priority":"","_sitemap_frequency":"","footnotes":""},"categories":[62,79,56],"tags":[],"class_list":["post-335275","post","type-post","status-publish","format-standard","has-post-thumbnail","hentry","category-sosial","category-featured","category-xeberler","infinite-scroll-item","generate-columns","tablet-grid-50","mobile-grid-100","grid-parent","grid-33","no-featured-image-padding"],"acf":[],"yoast_head":"<!-- This site is optimized with the Yoast SEO plugin v27.4 - https:\/\/yoast.com\/product\/yoast-seo-wordpress\/ -->\n<title>Nax\u00e7\u0131van\u0131n mobil operatoru niy\u0259 l\u0259\u011fv olunur? - MEYDAN.TV<\/title>\n<meta name=\"robots\" content=\"index, follow, max-snippet:-1, max-image-preview:large, max-video-preview:-1\" \/>\n<link rel=\"canonical\" href=\"https:\/\/www.meydan.tv\/az\/article\/naxcivanin-mobil-operatoru-niy%c9%99-l%c9%99gv-olunur\/\" \/>\n<meta property=\"og:locale\" content=\"az_AZ\" \/>\n<meta property=\"og:type\" content=\"article\" \/>\n<meta property=\"og:title\" content=\"Nax\u00e7\u0131van\u0131n mobil operatoru niy\u0259 l\u0259\u011fv olunur? - MEYDAN.TV\" \/>\n<meta property=\"og:description\" content=\"&#8220;Mill\u0259tin xeyrin\u0259 hardan bir i\u015f\u0131q d\u00fc\u015f\u00fcrs\u0259, o i\u015f\u0131\u011f\u0131 d\u0259rhal s\u00f6nd\u00fcr\u00fcrl\u0259r\u201d ... Davam\u0131\" \/>\n<meta property=\"og:url\" content=\"https:\/\/www.meydan.tv\/az\/article\/naxcivanin-mobil-operatoru-niy%c9%99-l%c9%99gv-olunur\/\" \/>\n<meta property=\"og:site_name\" content=\"MEYDAN.TV\" \/>\n<meta property=\"article:published_time\" content=\"2025-09-17T09:21:41+00:00\" \/>\n<meta property=\"article:modified_time\" content=\"2025-09-17T09:39:37+00:00\" \/>\n<meta property=\"og:image\" content=\"https:\/\/www.meydan.tv\/wp-content\/uploads\/shutterstock_1576961737.jpg\" \/>\n\t<meta property=\"og:image:width\" content=\"1200\" \/>\n\t<meta property=\"og:image:height\" content=\"706\" \/>\n\t<meta property=\"og:image:type\" content=\"image\/jpeg\" \/>\n<meta name=\"author\" content=\"sevda\" \/>\n<meta name=\"twitter:card\" content=\"summary_large_image\" \/>\n<script type=\"application\/ld+json\" class=\"yoast-schema-graph\">{\"@context\":\"https:\\\/\\\/schema.org\",\"@graph\":[{\"@type\":\"Article\",\"@id\":\"https:\\\/\\\/www.meydan.tv\\\/az\\\/article\\\/naxcivanin-mobil-operatoru-niy%c9%99-l%c9%99gv-olunur\\\/#article\",\"isPartOf\":{\"@id\":\"https:\\\/\\\/www.meydan.tv\\\/az\\\/article\\\/naxcivanin-mobil-operatoru-niy%c9%99-l%c9%99gv-olunur\\\/\"},\"author\":{\"name\":\"sevda\",\"@id\":\"https:\\\/\\\/www.meydan.tv\\\/az\\\/#\\\/schema\\\/person\\\/49b5f2bad5b126bb8ea9320eeb3e4dc9\"},\"headline\":\"Nax\u00e7\u0131van\u0131n mobil operatoru niy\u0259 l\u0259\u011fv olunur?\",\"datePublished\":\"2025-09-17T09:21:41+00:00\",\"dateModified\":\"2025-09-17T09:39:37+00:00\",\"mainEntityOfPage\":{\"@id\":\"https:\\\/\\\/www.meydan.tv\\\/az\\\/article\\\/naxcivanin-mobil-operatoru-niy%c9%99-l%c9%99gv-olunur\\\/\"},\"wordCount\":1019,\"publisher\":{\"@id\":\"https:\\\/\\\/www.meydan.tv\\\/az\\\/#organization\"},\"image\":{\"@id\":\"https:\\\/\\\/www.meydan.tv\\\/az\\\/article\\\/naxcivanin-mobil-operatoru-niy%c9%99-l%c9%99gv-olunur\\\/#primaryimage\"},\"thumbnailUrl\":\"https:\\\/\\\/www.meydan.tv\\\/wp-content\\\/uploads\\\/shutterstock_1576961737.jpg\",\"articleSection\":[\"Sosial\",\"T\u00f6vsiy\u0259\",\"X\u0259b\u0259rl\u0259r\"],\"inLanguage\":\"az\"},{\"@type\":\"WebPage\",\"@id\":\"https:\\\/\\\/www.meydan.tv\\\/az\\\/article\\\/naxcivanin-mobil-operatoru-niy%c9%99-l%c9%99gv-olunur\\\/\",\"url\":\"https:\\\/\\\/www.meydan.tv\\\/az\\\/article\\\/naxcivanin-mobil-operatoru-niy%c9%99-l%c9%99gv-olunur\\\/\",\"name\":\"Nax\u00e7\u0131van\u0131n mobil operatoru niy\u0259 l\u0259\u011fv olunur? - MEYDAN.TV\",\"isPartOf\":{\"@id\":\"https:\\\/\\\/www.meydan.tv\\\/az\\\/#website\"},\"primaryImageOfPage\":{\"@id\":\"https:\\\/\\\/www.meydan.tv\\\/az\\\/article\\\/naxcivanin-mobil-operatoru-niy%c9%99-l%c9%99gv-olunur\\\/#primaryimage\"},\"image\":{\"@id\":\"https:\\\/\\\/www.meydan.tv\\\/az\\\/article\\\/naxcivanin-mobil-operatoru-niy%c9%99-l%c9%99gv-olunur\\\/#primaryimage\"},\"thumbnailUrl\":\"https:\\\/\\\/www.meydan.tv\\\/wp-content\\\/uploads\\\/shutterstock_1576961737.jpg\",\"datePublished\":\"2025-09-17T09:21:41+00:00\",\"dateModified\":\"2025-09-17T09:39:37+00:00\",\"breadcrumb\":{\"@id\":\"https:\\\/\\\/www.meydan.tv\\\/az\\\/article\\\/naxcivanin-mobil-operatoru-niy%c9%99-l%c9%99gv-olunur\\\/#breadcrumb\"},\"inLanguage\":\"az\",\"potentialAction\":[{\"@type\":\"ReadAction\",\"target\":[\"https:\\\/\\\/www.meydan.tv\\\/az\\\/article\\\/naxcivanin-mobil-operatoru-niy%c9%99-l%c9%99gv-olunur\\\/\"]}]},{\"@type\":\"ImageObject\",\"inLanguage\":\"az\",\"@id\":\"https:\\\/\\\/www.meydan.tv\\\/az\\\/article\\\/naxcivanin-mobil-operatoru-niy%c9%99-l%c9%99gv-olunur\\\/#primaryimage\",\"url\":\"https:\\\/\\\/www.meydan.tv\\\/wp-content\\\/uploads\\\/shutterstock_1576961737.jpg\",\"contentUrl\":\"https:\\\/\\\/www.meydan.tv\\\/wp-content\\\/uploads\\\/shutterstock_1576961737.jpg\",\"width\":1200,\"height\":706,\"caption\":\"Mobil operatorlar. Foto: AlexLMX\\\/shutterstock\"},{\"@type\":\"BreadcrumbList\",\"@id\":\"https:\\\/\\\/www.meydan.tv\\\/az\\\/article\\\/naxcivanin-mobil-operatoru-niy%c9%99-l%c9%99gv-olunur\\\/#breadcrumb\",\"itemListElement\":[{\"@type\":\"ListItem\",\"position\":1,\"name\":\"Ana s\u0259hif\u0259\",\"item\":\"https:\\\/\\\/www.meydan.tv\\\/az\\\/\"},{\"@type\":\"ListItem\",\"position\":2,\"name\":\"X\u0259b\u0259rl\u0259r\",\"item\":\"https:\\\/\\\/www.meydan.tv\\\/az\\\/section\\\/xeberler\\\/\"},{\"@type\":\"ListItem\",\"position\":3,\"name\":\"Nax\u00e7\u0131van\u0131n mobil operatoru niy\u0259 l\u0259\u011fv olunur?\"}]},{\"@type\":\"WebSite\",\"@id\":\"https:\\\/\\\/www.meydan.tv\\\/az\\\/#website\",\"url\":\"https:\\\/\\\/www.meydan.tv\\\/az\\\/\",\"name\":\"MEYDAN.TV\",\"description\":\"Meydan TV Az\u0259rbaycan\u0131n media m\u0259kan\u0131ndak\u0131 alternativ s\u0259sidir\",\"publisher\":{\"@id\":\"https:\\\/\\\/www.meydan.tv\\\/az\\\/#organization\"},\"potentialAction\":[{\"@type\":\"SearchAction\",\"target\":{\"@type\":\"EntryPoint\",\"urlTemplate\":\"https:\\\/\\\/www.meydan.tv\\\/az\\\/?s={search_term_string}\"},\"query-input\":{\"@type\":\"PropertyValueSpecification\",\"valueRequired\":true,\"valueName\":\"search_term_string\"}}],\"inLanguage\":\"az\"},{\"@type\":\"Organization\",\"@id\":\"https:\\\/\\\/www.meydan.tv\\\/az\\\/#organization\",\"name\":\"Meydan TV\",\"url\":\"https:\\\/\\\/www.meydan.tv\\\/az\\\/\",\"logo\":{\"@type\":\"ImageObject\",\"inLanguage\":\"az\",\"@id\":\"https:\\\/\\\/www.meydan.tv\\\/az\\\/#\\\/schema\\\/logo\\\/image\\\/\",\"url\":\"https:\\\/\\\/www.meydan.tv\\\/wp-content\\\/uploads\\\/2021\\\/07\\\/meydan-logo.svg\",\"contentUrl\":\"https:\\\/\\\/www.meydan.tv\\\/wp-content\\\/uploads\\\/2021\\\/07\\\/meydan-logo.svg\",\"width\":195,\"height\":46,\"caption\":\"Meydan TV\"},\"image\":{\"@id\":\"https:\\\/\\\/www.meydan.tv\\\/az\\\/#\\\/schema\\\/logo\\\/image\\\/\"}},{\"@type\":\"Person\",\"@id\":\"https:\\\/\\\/www.meydan.tv\\\/az\\\/#\\\/schema\\\/person\\\/49b5f2bad5b126bb8ea9320eeb3e4dc9\",\"name\":\"sevda\"}]}<\/script>\n<!-- \/ Yoast SEO plugin. -->","yoast_head_json":{"title":"Nax\u00e7\u0131van\u0131n mobil operatoru niy\u0259 l\u0259\u011fv olunur? - MEYDAN.TV","robots":{"index":"index","follow":"follow","max-snippet":"max-snippet:-1","max-image-preview":"max-image-preview:large","max-video-preview":"max-video-preview:-1"},"canonical":"https:\/\/www.meydan.tv\/az\/article\/naxcivanin-mobil-operatoru-niy%c9%99-l%c9%99gv-olunur\/","og_locale":"az_AZ","og_type":"article","og_title":"Nax\u00e7\u0131van\u0131n mobil operatoru niy\u0259 l\u0259\u011fv olunur? - MEYDAN.TV","og_description":"&#8220;Mill\u0259tin xeyrin\u0259 hardan bir i\u015f\u0131q d\u00fc\u015f\u00fcrs\u0259, o i\u015f\u0131\u011f\u0131 d\u0259rhal s\u00f6nd\u00fcr\u00fcrl\u0259r\u201d ... Davam\u0131","og_url":"https:\/\/www.meydan.tv\/az\/article\/naxcivanin-mobil-operatoru-niy%c9%99-l%c9%99gv-olunur\/","og_site_name":"MEYDAN.TV","article_published_time":"2025-09-17T09:21:41+00:00","article_modified_time":"2025-09-17T09:39:37+00:00","og_image":[{"width":1200,"height":706,"url":"https:\/\/www.meydan.tv\/wp-content\/uploads\/shutterstock_1576961737.jpg","type":"image\/jpeg"}],"author":"sevda","twitter_card":"summary_large_image","schema":{"@context":"https:\/\/schema.org","@graph":[{"@type":"Article","@id":"https:\/\/www.meydan.tv\/az\/article\/naxcivanin-mobil-operatoru-niy%c9%99-l%c9%99gv-olunur\/#article","isPartOf":{"@id":"https:\/\/www.meydan.tv\/az\/article\/naxcivanin-mobil-operatoru-niy%c9%99-l%c9%99gv-olunur\/"},"author":{"name":"sevda","@id":"https:\/\/www.meydan.tv\/az\/#\/schema\/person\/49b5f2bad5b126bb8ea9320eeb3e4dc9"},"headline":"Nax\u00e7\u0131van\u0131n mobil operatoru niy\u0259 l\u0259\u011fv olunur?","datePublished":"2025-09-17T09:21:41+00:00","dateModified":"2025-09-17T09:39:37+00:00","mainEntityOfPage":{"@id":"https:\/\/www.meydan.tv\/az\/article\/naxcivanin-mobil-operatoru-niy%c9%99-l%c9%99gv-olunur\/"},"wordCount":1019,"publisher":{"@id":"https:\/\/www.meydan.tv\/az\/#organization"},"image":{"@id":"https:\/\/www.meydan.tv\/az\/article\/naxcivanin-mobil-operatoru-niy%c9%99-l%c9%99gv-olunur\/#primaryimage"},"thumbnailUrl":"https:\/\/www.meydan.tv\/wp-content\/uploads\/shutterstock_1576961737.jpg","articleSection":["Sosial","T\u00f6vsiy\u0259","X\u0259b\u0259rl\u0259r"],"inLanguage":"az"},{"@type":"WebPage","@id":"https:\/\/www.meydan.tv\/az\/article\/naxcivanin-mobil-operatoru-niy%c9%99-l%c9%99gv-olunur\/","url":"https:\/\/www.meydan.tv\/az\/article\/naxcivanin-mobil-operatoru-niy%c9%99-l%c9%99gv-olunur\/","name":"Nax\u00e7\u0131van\u0131n mobil operatoru niy\u0259 l\u0259\u011fv olunur? - MEYDAN.TV","isPartOf":{"@id":"https:\/\/www.meydan.tv\/az\/#website"},"primaryImageOfPage":{"@id":"https:\/\/www.meydan.tv\/az\/article\/naxcivanin-mobil-operatoru-niy%c9%99-l%c9%99gv-olunur\/#primaryimage"},"image":{"@id":"https:\/\/www.meydan.tv\/az\/article\/naxcivanin-mobil-operatoru-niy%c9%99-l%c9%99gv-olunur\/#primaryimage"},"thumbnailUrl":"https:\/\/www.meydan.tv\/wp-content\/uploads\/shutterstock_1576961737.jpg","datePublished":"2025-09-17T09:21:41+00:00","dateModified":"2025-09-17T09:39:37+00:00","breadcrumb":{"@id":"https:\/\/www.meydan.tv\/az\/article\/naxcivanin-mobil-operatoru-niy%c9%99-l%c9%99gv-olunur\/#breadcrumb"},"inLanguage":"az","potentialAction":[{"@type":"ReadAction","target":["https:\/\/www.meydan.tv\/az\/article\/naxcivanin-mobil-operatoru-niy%c9%99-l%c9%99gv-olunur\/"]}]},{"@type":"ImageObject","inLanguage":"az","@id":"https:\/\/www.meydan.tv\/az\/article\/naxcivanin-mobil-operatoru-niy%c9%99-l%c9%99gv-olunur\/#primaryimage","url":"https:\/\/www.meydan.tv\/wp-content\/uploads\/shutterstock_1576961737.jpg","contentUrl":"https:\/\/www.meydan.tv\/wp-content\/uploads\/shutterstock_1576961737.jpg","width":1200,"height":706,"caption":"Mobil operatorlar. Foto: AlexLMX\/shutterstock"},{"@type":"BreadcrumbList","@id":"https:\/\/www.meydan.tv\/az\/article\/naxcivanin-mobil-operatoru-niy%c9%99-l%c9%99gv-olunur\/#breadcrumb","itemListElement":[{"@type":"ListItem","position":1,"name":"Ana s\u0259hif\u0259","item":"https:\/\/www.meydan.tv\/az\/"},{"@type":"ListItem","position":2,"name":"X\u0259b\u0259rl\u0259r","item":"https:\/\/www.meydan.tv\/az\/section\/xeberler\/"},{"@type":"ListItem","position":3,"name":"Nax\u00e7\u0131van\u0131n mobil operatoru niy\u0259 l\u0259\u011fv olunur?"}]},{"@type":"WebSite","@id":"https:\/\/www.meydan.tv\/az\/#website","url":"https:\/\/www.meydan.tv\/az\/","name":"MEYDAN.TV","description":"Meydan TV Az\u0259rbaycan\u0131n media m\u0259kan\u0131ndak\u0131 alternativ s\u0259sidir","publisher":{"@id":"https:\/\/www.meydan.tv\/az\/#organization"},"potentialAction":[{"@type":"SearchAction","target":{"@type":"EntryPoint","urlTemplate":"https:\/\/www.meydan.tv\/az\/?s={search_term_string}"},"query-input":{"@type":"PropertyValueSpecification","valueRequired":true,"valueName":"search_term_string"}}],"inLanguage":"az"},{"@type":"Organization","@id":"https:\/\/www.meydan.tv\/az\/#organization","name":"Meydan TV","url":"https:\/\/www.meydan.tv\/az\/","logo":{"@type":"ImageObject","inLanguage":"az","@id":"https:\/\/www.meydan.tv\/az\/#\/schema\/logo\/image\/","url":"https:\/\/www.meydan.tv\/wp-content\/uploads\/2021\/07\/meydan-logo.svg","contentUrl":"https:\/\/www.meydan.tv\/wp-content\/uploads\/2021\/07\/meydan-logo.svg","width":195,"height":46,"caption":"Meydan TV"},"image":{"@id":"https:\/\/www.meydan.tv\/az\/#\/schema\/logo\/image\/"}},{"@type":"Person","@id":"https:\/\/www.meydan.tv\/az\/#\/schema\/person\/49b5f2bad5b126bb8ea9320eeb3e4dc9","name":"sevda"}]}},"_links":{"self":[{"href":"https:\/\/www.meydan.tv\/az\/wp-json\/wp\/v2\/posts\/335275","targetHints":{"allow":["GET"]}}],"collection":[{"href":"https:\/\/www.meydan.tv\/az\/wp-json\/wp\/v2\/posts"}],"about":[{"href":"https:\/\/www.meydan.tv\/az\/wp-json\/wp\/v2\/types\/post"}],"author":[{"embeddable":true,"href":"https:\/\/www.meydan.tv\/az\/wp-json\/wp\/v2\/users\/16"}],"replies":[{"embeddable":true,"href":"https:\/\/www.meydan.tv\/az\/wp-json\/wp\/v2\/comments?post=335275"}],"version-history":[{"count":4,"href":"https:\/\/www.meydan.tv\/az\/wp-json\/wp\/v2\/posts\/335275\/revisions"}],"predecessor-version":[{"id":335283,"href":"https:\/\/www.meydan.tv\/az\/wp-json\/wp\/v2\/posts\/335275\/revisions\/335283"}],"wp:featuredmedia":[{"embeddable":true,"href":"https:\/\/www.meydan.tv\/az\/wp-json\/wp\/v2\/media\/266443"}],"wp:attachment":[{"href":"https:\/\/www.meydan.tv\/az\/wp-json\/wp\/v2\/media?parent=335275"}],"wp:term":[{"taxonomy":"category","embeddable":true,"href":"https:\/\/www.meydan.tv\/az\/wp-json\/wp\/v2\/categories?post=335275"},{"taxonomy":"post_tag","embeddable":true,"href":"https:\/\/www.meydan.tv\/az\/wp-json\/wp\/v2\/tags?post=335275"}],"curies":[{"name":"wp","href":"https:\/\/api.w.org\/{rel}","templated":true}]}}