{"id":335263,"date":"2025-09-16T18:06:35","date_gmt":"2025-09-16T14:06:35","guid":{"rendered":"https:\/\/www.meydan.tv\/?p=335263"},"modified":"2025-09-16T18:06:37","modified_gmt":"2025-09-16T14:06:37","slug":"bakubus-mmc-az%c9%99renerji-prezidentinin-ail%c9%99-sirk%c9%99ti-il%c9%99-15-milyonluq-muqavil%c9%99-imzaladi","status":"publish","type":"post","link":"https:\/\/www.meydan.tv\/az\/article\/bakubus-mmc-az%c9%99renerji-prezidentinin-ail%c9%99-sirk%c9%99ti-il%c9%99-15-milyonluq-muqavil%c9%99-imzaladi\/","title":{"rendered":"\u201cBakubus\u201d MMC &#8220;Az\u0259renerji&#8221; prezidentinin ail\u0259 \u015firk\u0259ti il\u0259 15 milyonluq m\u00fcqavil\u0259 imzalad\u0131"},"content":{"rendered":"\n<p>\u201cBakubus\u201d MMC \u015firk\u0259ti \u201cBakelektro\u201d ASC il\u0259 sat\u0131nalma m\u00fcqavil\u0259si imzalay\u0131b.<\/p>\n\n\n\n<p>\u201cBakelektro\u201d ASC \u201cBakubus\u201d MMC \u015firk\u0259tinin sifari\u015fi \u0259sas\u0131nda Suraxan\u0131 rayonu Z\u0131\u011f yolu 95 \u00fcnvan\u0131nda yerl\u0259\u015f\u0259n avtobus park\u0131nda 0,4 kv daxili elektrik sisteminin qurulmas\u0131 i\u015fl\u0259rini h\u0259yata ke\u00e7ir\u0259c\u0259k.<\/p>\n\n\n\n<p>D\u00f6vl\u0259t sat\u0131nalmalar\u0131n\u0131n vahid internet portal\u0131na g\u00f6r\u0259, m\u00fcqavil\u0259 tender m\u00fcsabiq\u0259si ke\u00e7irilm\u0259d\u0259n, bir m\u0259nb\u0259d\u0259n sat\u0131nalma metodu \u0259sas\u0131nda ba\u011flan\u0131b.<\/p>\n\n\n\n<p>Qalib \u015firk\u0259t g\u00f6r\u00fcl\u0259c\u0259k i\u015fl\u0259rin qar\u015f\u0131l\u0131\u011f\u0131nda \u201cBakubus\u201d MMC-d\u0259n 15 milyon 67 min 184 manat 86 q\u0259pik alacaq.<\/p>\n\n\n\n<p>\u201cBakelektro\u201d ASC 2004-c\u00fc ild\u0259 d\u00f6vl\u0259t qeydiyyat\u0131na al\u0131n\u0131b. Haz\u0131rda nizamnam\u0259 kapital\u0131 20 milyon 238 min 228 manat olan \u015firk\u0259t Bak\u0131 \u015f\u0259h\u0259ri N\u0259rimanov rayonu, Ziya B\u00fcnyadov k\u00fc\u00e7, ev 625 \u00fcnvan\u0131nda qeydiyyatdad\u0131r. \u015eirk\u0259tin qanuni t\u0259msil\u00e7isi is\u0259 <strong>Rzayev Emin H\u00fcseyna\u011fa<\/strong> o\u011fludur.<\/p>\n\n\n\n<p>Kommersiya qurumlar\u0131n\u0131n d\u00f6vl\u0259t reyestri m\u0259lumatlar\u0131nda \u015firk\u0259tin vergi \u00f6d\u0259yicisi tarix\u00e7\u0259sin\u0259 g\u00f6r\u0259, 2009-cu ild\u0259 <strong>Balababa (Baba) H\u00fcseyna\u011fa o\u011flu Rzayev<\/strong> \u015firk\u0259tin qanuni t\u0259msil\u00e7isi kimi f\u0259aliyy\u0259t g\u00f6st\u0259rir. Balababa Rzayev haz\u0131rda \u201cAz\u0259renerji\u201d A\u00e7\u0131q S\u0259hmdar C\u0259miyy\u0259tinin prezidenti olsa da, o ill\u0259rd\u0259 &#8220;Bak\u0131elektrik\u015f\u0259b\u0259k\u0259&#8221; ASC \u0130dar\u0259 Hey\u0259ti s\u0259dri v\u0259zif\u0259sini da\u015f\u0131y\u0131rd\u0131.<\/p>\n\n\n\n<p>Rzayev Emin H\u00fcseyna\u011fa o\u011flu is\u0259 \u201cAz\u0259renerji\u201d prezidentinin do\u011fma qarda\u015f\u0131d\u0131r.<\/p>\n\n\n\n<p>Meydan TV-nin 5 il \u00f6nc\u0259ki geni\u015f ara\u015fd\u0131rmas\u0131nda da yuxar\u0131da ad\u0131 \u00e7\u0259kil\u0259n \u015firk\u0259tin Baba Rzayevin ail\u0259 \u015firk\u0259ti oldu\u011fu <a href=\"https:\/\/www.meydan.tv\/az\/article\/baba-rzayevin-kurekeninin-enerji-sistemi\/\" target=\"_blank\" rel=\"noreferrer noopener\">vur\u011fulan\u0131rd\u0131<\/a>.<\/p>\n\n\n\n<p><strong>Az\u0259rbaycan qanunvericiliyin\u0259 g\u00f6r\u0259\u2026<\/strong><\/p>\n\n\n\n<p>Az\u0259rbaycan Respublikas\u0131nda d\u00f6vl\u0259t m\u0259murlar\u0131n\u0131n biznes f\u0259aliyy\u0259ti il\u0259 m\u0259\u015f\u011ful olmas\u0131 \u201cD\u00f6vl\u0259t qullu\u011fu haqq\u0131nda\u201d v\u0259 \u201cKorrupsiyaya qar\u015f\u0131 m\u00fcbariz\u0259 haqq\u0131nda\u201d qanunlar v\u0259 dig\u0259r normativ-h\u00fcquqi aktlarla t\u0259nziml\u0259nir.<\/p>\n\n\n\n<p>Bu qanunlara \u0259sas\u0259n, d\u00f6vl\u0259t m\u0259murlar\u0131na biznes f\u0259aliyy\u0259ti il\u0259 m\u0259\u015f\u011ful olmaq \u00fcmumiyy\u0259tl\u0259 qada\u011fand\u0131r, \u00e7\u00fcnki bu, maraqlar toqqu\u015fmas\u0131na s\u0259b\u0259b ola bil\u0259r v\u0259 d\u00f6vl\u0259t qullu\u011funun prinsipl\u0259rin\u0259 ziddir.<\/p>\n\n\n\n<p>Bundan \u0259lav\u0259 &#8220;D\u00f6vl\u0259t sat\u0131nalmalar\u0131 haqq\u0131nda&#8221; Qanunun 44-c\u00fc madd\u0259sind\u0259 qeyd olunur ki, ehtimal olunan qiym\u0259t 100 min manat v\u0259 ondan \u00e7ox olduqda, sat\u0131nalmalar a\u00e7\u0131q tender v\u0259 ya ikim\u0259rh\u0259l\u0259li tender metodlar\u0131 t\u0259tbiq edilm\u0259kl\u0259 ke\u00e7irilir.&nbsp;<\/p>\n\n\n\n<p>Bu ara\u015fd\u0131rmada b\u0259hsi ke\u00e7\u0259n qalib \u015firk\u0259tl\u0259 is\u0259 bird\u0259f\u0259y\u0259 15 milyon manatdan \u00e7ox m\u00fcqavil\u0259 imzalan\u0131b.<\/p>\n","protected":false},"excerpt":{"rendered":"<p>\u201cBakubus\u201d MMC \u015firk\u0259ti \u201cBakelektro\u201d ASC il\u0259 sat\u0131nalma m\u00fcqavil\u0259si imzalay\u0131b. \u201cBakelektro\u201d &#8230; <\/p>\n<p class=\"read-more-container\"><a title=\"\u201cBakubus\u201d MMC &#8220;Az\u0259renerji&#8221; prezidentinin ail\u0259 \u015firk\u0259ti il\u0259 15 milyonluq m\u00fcqavil\u0259 imzalad\u0131\" class=\"read-more button\" href=\"https:\/\/www.meydan.tv\/az\/article\/bakubus-mmc-az%c9%99renerji-prezidentinin-ail%c9%99-sirk%c9%99ti-il%c9%99-15-milyonluq-muqavil%c9%99-imzaladi\/#more-335263\" aria-label=\"Read more about \u201cBakubus\u201d MMC &#8220;Az\u0259renerji&#8221; prezidentinin ail\u0259 \u015firk\u0259ti il\u0259 15 milyonluq m\u00fcqavil\u0259 imzalad\u0131\">Davam\u0131<\/a><\/p>\n","protected":false},"author":14,"featured_media":335264,"comment_status":"closed","ping_status":"closed","sticky":false,"template":"","format":"standard","meta":{"_acf_changed":false,"_sitemap_exclude":false,"_sitemap_priority":"","_sitemap_frequency":"","footnotes":""},"categories":[88,56],"tags":[],"class_list":["post-335263","post","type-post","status-publish","format-standard","has-post-thumbnail","hentry","category-redaktor-secimi","category-xeberler","infinite-scroll-item","generate-columns","tablet-grid-50","mobile-grid-100","grid-parent","grid-33","no-featured-image-padding"],"acf":[],"yoast_head":"<!-- This site is optimized with the Yoast SEO plugin v27.5 - https:\/\/yoast.com\/product\/yoast-seo-wordpress\/ -->\n<title>\u201cBakubus\u201d MMC &quot;Az\u0259renerji&quot; prezidentinin ail\u0259 \u015firk\u0259ti il\u0259 15 milyonluq m\u00fcqavil\u0259 imzalad\u0131 - MEYDAN.TV<\/title>\n<meta name=\"robots\" content=\"index, follow, max-snippet:-1, max-image-preview:large, max-video-preview:-1\" \/>\n<link rel=\"canonical\" href=\"https:\/\/www.meydan.tv\/az\/article\/bakubus-mmc-az%c9%99renerji-prezidentinin-ail%c9%99-sirk%c9%99ti-il%c9%99-15-milyonluq-muqavil%c9%99-imzaladi\/\" \/>\n<meta property=\"og:locale\" content=\"az_AZ\" \/>\n<meta property=\"og:type\" content=\"article\" \/>\n<meta property=\"og:title\" content=\"\u201cBakubus\u201d MMC &quot;Az\u0259renerji&quot; prezidentinin ail\u0259 \u015firk\u0259ti il\u0259 15 milyonluq m\u00fcqavil\u0259 imzalad\u0131 - MEYDAN.TV\" \/>\n<meta property=\"og:description\" content=\"\u201cBakubus\u201d MMC \u015firk\u0259ti \u201cBakelektro\u201d ASC il\u0259 sat\u0131nalma m\u00fcqavil\u0259si imzalay\u0131b. \u201cBakelektro\u201d ... Davam\u0131\" \/>\n<meta property=\"og:url\" content=\"https:\/\/www.meydan.tv\/az\/article\/bakubus-mmc-az%c9%99renerji-prezidentinin-ail%c9%99-sirk%c9%99ti-il%c9%99-15-milyonluq-muqavil%c9%99-imzaladi\/\" \/>\n<meta property=\"og:site_name\" content=\"MEYDAN.TV\" \/>\n<meta property=\"article:published_time\" content=\"2025-09-16T14:06:35+00:00\" \/>\n<meta property=\"article:modified_time\" content=\"2025-09-16T14:06:37+00:00\" \/>\n<meta property=\"og:image\" content=\"https:\/\/www.meydan.tv\/wp-content\/uploads\/65466-1200x586.png\" \/>\n\t<meta property=\"og:image:width\" content=\"1200\" \/>\n\t<meta property=\"og:image:height\" content=\"586\" \/>\n\t<meta property=\"og:image:type\" content=\"image\/png\" \/>\n<meta name=\"author\" content=\"roma\" \/>\n<meta name=\"twitter:card\" content=\"summary_large_image\" \/>\n<script type=\"application\/ld+json\" class=\"yoast-schema-graph\">{\"@context\":\"https:\\\/\\\/schema.org\",\"@graph\":[{\"@type\":\"Article\",\"@id\":\"https:\\\/\\\/www.meydan.tv\\\/az\\\/article\\\/bakubus-mmc-az%c9%99renerji-prezidentinin-ail%c9%99-sirk%c9%99ti-il%c9%99-15-milyonluq-muqavil%c9%99-imzaladi\\\/#article\",\"isPartOf\":{\"@id\":\"https:\\\/\\\/www.meydan.tv\\\/az\\\/article\\\/bakubus-mmc-az%c9%99renerji-prezidentinin-ail%c9%99-sirk%c9%99ti-il%c9%99-15-milyonluq-muqavil%c9%99-imzaladi\\\/\"},\"author\":{\"name\":\"roma\",\"@id\":\"https:\\\/\\\/www.meydan.tv\\\/az\\\/#\\\/schema\\\/person\\\/8f23e01c4de63326c13c319fb65ee65d\"},\"headline\":\"\u201cBakubus\u201d MMC &#8220;Az\u0259renerji&#8221; prezidentinin ail\u0259 \u015firk\u0259ti il\u0259 15 milyonluq m\u00fcqavil\u0259 imzalad\u0131\",\"datePublished\":\"2025-09-16T14:06:35+00:00\",\"dateModified\":\"2025-09-16T14:06:37+00:00\",\"mainEntityOfPage\":{\"@id\":\"https:\\\/\\\/www.meydan.tv\\\/az\\\/article\\\/bakubus-mmc-az%c9%99renerji-prezidentinin-ail%c9%99-sirk%c9%99ti-il%c9%99-15-milyonluq-muqavil%c9%99-imzaladi\\\/\"},\"wordCount\":454,\"publisher\":{\"@id\":\"https:\\\/\\\/www.meydan.tv\\\/az\\\/#organization\"},\"image\":{\"@id\":\"https:\\\/\\\/www.meydan.tv\\\/az\\\/article\\\/bakubus-mmc-az%c9%99renerji-prezidentinin-ail%c9%99-sirk%c9%99ti-il%c9%99-15-milyonluq-muqavil%c9%99-imzaladi\\\/#primaryimage\"},\"thumbnailUrl\":\"https:\\\/\\\/www.meydan.tv\\\/wp-content\\\/uploads\\\/65466.png\",\"articleSection\":[\"Redaktor se\u00e7imi\",\"X\u0259b\u0259rl\u0259r\"],\"inLanguage\":\"az\"},{\"@type\":\"WebPage\",\"@id\":\"https:\\\/\\\/www.meydan.tv\\\/az\\\/article\\\/bakubus-mmc-az%c9%99renerji-prezidentinin-ail%c9%99-sirk%c9%99ti-il%c9%99-15-milyonluq-muqavil%c9%99-imzaladi\\\/\",\"url\":\"https:\\\/\\\/www.meydan.tv\\\/az\\\/article\\\/bakubus-mmc-az%c9%99renerji-prezidentinin-ail%c9%99-sirk%c9%99ti-il%c9%99-15-milyonluq-muqavil%c9%99-imzaladi\\\/\",\"name\":\"\u201cBakubus\u201d MMC \\\"Az\u0259renerji\\\" prezidentinin ail\u0259 \u015firk\u0259ti il\u0259 15 milyonluq m\u00fcqavil\u0259 imzalad\u0131 - MEYDAN.TV\",\"isPartOf\":{\"@id\":\"https:\\\/\\\/www.meydan.tv\\\/az\\\/#website\"},\"primaryImageOfPage\":{\"@id\":\"https:\\\/\\\/www.meydan.tv\\\/az\\\/article\\\/bakubus-mmc-az%c9%99renerji-prezidentinin-ail%c9%99-sirk%c9%99ti-il%c9%99-15-milyonluq-muqavil%c9%99-imzaladi\\\/#primaryimage\"},\"image\":{\"@id\":\"https:\\\/\\\/www.meydan.tv\\\/az\\\/article\\\/bakubus-mmc-az%c9%99renerji-prezidentinin-ail%c9%99-sirk%c9%99ti-il%c9%99-15-milyonluq-muqavil%c9%99-imzaladi\\\/#primaryimage\"},\"thumbnailUrl\":\"https:\\\/\\\/www.meydan.tv\\\/wp-content\\\/uploads\\\/65466.png\",\"datePublished\":\"2025-09-16T14:06:35+00:00\",\"dateModified\":\"2025-09-16T14:06:37+00:00\",\"breadcrumb\":{\"@id\":\"https:\\\/\\\/www.meydan.tv\\\/az\\\/article\\\/bakubus-mmc-az%c9%99renerji-prezidentinin-ail%c9%99-sirk%c9%99ti-il%c9%99-15-milyonluq-muqavil%c9%99-imzaladi\\\/#breadcrumb\"},\"inLanguage\":\"az\",\"potentialAction\":[{\"@type\":\"ReadAction\",\"target\":[\"https:\\\/\\\/www.meydan.tv\\\/az\\\/article\\\/bakubus-mmc-az%c9%99renerji-prezidentinin-ail%c9%99-sirk%c9%99ti-il%c9%99-15-milyonluq-muqavil%c9%99-imzaladi\\\/\"]}]},{\"@type\":\"ImageObject\",\"inLanguage\":\"az\",\"@id\":\"https:\\\/\\\/www.meydan.tv\\\/az\\\/article\\\/bakubus-mmc-az%c9%99renerji-prezidentinin-ail%c9%99-sirk%c9%99ti-il%c9%99-15-milyonluq-muqavil%c9%99-imzaladi\\\/#primaryimage\",\"url\":\"https:\\\/\\\/www.meydan.tv\\\/wp-content\\\/uploads\\\/65466.png\",\"contentUrl\":\"https:\\\/\\\/www.meydan.tv\\\/wp-content\\\/uploads\\\/65466.png\",\"width\":2000,\"height\":977,\"caption\":\"Baba Rzayev - \u201cAz\u0259renerji\u201d prezidenti\"},{\"@type\":\"BreadcrumbList\",\"@id\":\"https:\\\/\\\/www.meydan.tv\\\/az\\\/article\\\/bakubus-mmc-az%c9%99renerji-prezidentinin-ail%c9%99-sirk%c9%99ti-il%c9%99-15-milyonluq-muqavil%c9%99-imzaladi\\\/#breadcrumb\",\"itemListElement\":[{\"@type\":\"ListItem\",\"position\":1,\"name\":\"Ana s\u0259hif\u0259\",\"item\":\"https:\\\/\\\/www.meydan.tv\\\/az\\\/\"},{\"@type\":\"ListItem\",\"position\":2,\"name\":\"X\u0259b\u0259rl\u0259r\",\"item\":\"https:\\\/\\\/www.meydan.tv\\\/az\\\/section\\\/xeberler\\\/\"},{\"@type\":\"ListItem\",\"position\":3,\"name\":\"\u201cBakubus\u201d MMC &#8220;Az\u0259renerji&#8221; prezidentinin ail\u0259 \u015firk\u0259ti il\u0259 15 milyonluq m\u00fcqavil\u0259 imzalad\u0131\"}]},{\"@type\":\"WebSite\",\"@id\":\"https:\\\/\\\/www.meydan.tv\\\/az\\\/#website\",\"url\":\"https:\\\/\\\/www.meydan.tv\\\/az\\\/\",\"name\":\"MEYDAN.TV\",\"description\":\"Meydan TV Az\u0259rbaycan\u0131n media m\u0259kan\u0131ndak\u0131 alternativ s\u0259sidir\",\"publisher\":{\"@id\":\"https:\\\/\\\/www.meydan.tv\\\/az\\\/#organization\"},\"potentialAction\":[{\"@type\":\"SearchAction\",\"target\":{\"@type\":\"EntryPoint\",\"urlTemplate\":\"https:\\\/\\\/www.meydan.tv\\\/az\\\/?s={search_term_string}\"},\"query-input\":{\"@type\":\"PropertyValueSpecification\",\"valueRequired\":true,\"valueName\":\"search_term_string\"}}],\"inLanguage\":\"az\"},{\"@type\":\"Organization\",\"@id\":\"https:\\\/\\\/www.meydan.tv\\\/az\\\/#organization\",\"name\":\"Meydan TV\",\"url\":\"https:\\\/\\\/www.meydan.tv\\\/az\\\/\",\"logo\":{\"@type\":\"ImageObject\",\"inLanguage\":\"az\",\"@id\":\"https:\\\/\\\/www.meydan.tv\\\/az\\\/#\\\/schema\\\/logo\\\/image\\\/\",\"url\":\"https:\\\/\\\/www.meydan.tv\\\/wp-content\\\/uploads\\\/2021\\\/07\\\/meydan-logo.svg\",\"contentUrl\":\"https:\\\/\\\/www.meydan.tv\\\/wp-content\\\/uploads\\\/2021\\\/07\\\/meydan-logo.svg\",\"width\":195,\"height\":46,\"caption\":\"Meydan TV\"},\"image\":{\"@id\":\"https:\\\/\\\/www.meydan.tv\\\/az\\\/#\\\/schema\\\/logo\\\/image\\\/\"}},{\"@type\":\"Person\",\"@id\":\"https:\\\/\\\/www.meydan.tv\\\/az\\\/#\\\/schema\\\/person\\\/8f23e01c4de63326c13c319fb65ee65d\",\"name\":\"roma\"}]}<\/script>\n<!-- \/ Yoast SEO plugin. -->","yoast_head_json":{"title":"\u201cBakubus\u201d MMC \"Az\u0259renerji\" prezidentinin ail\u0259 \u015firk\u0259ti il\u0259 15 milyonluq m\u00fcqavil\u0259 imzalad\u0131 - MEYDAN.TV","robots":{"index":"index","follow":"follow","max-snippet":"max-snippet:-1","max-image-preview":"max-image-preview:large","max-video-preview":"max-video-preview:-1"},"canonical":"https:\/\/www.meydan.tv\/az\/article\/bakubus-mmc-az%c9%99renerji-prezidentinin-ail%c9%99-sirk%c9%99ti-il%c9%99-15-milyonluq-muqavil%c9%99-imzaladi\/","og_locale":"az_AZ","og_type":"article","og_title":"\u201cBakubus\u201d MMC \"Az\u0259renerji\" prezidentinin ail\u0259 \u015firk\u0259ti il\u0259 15 milyonluq m\u00fcqavil\u0259 imzalad\u0131 - MEYDAN.TV","og_description":"\u201cBakubus\u201d MMC \u015firk\u0259ti \u201cBakelektro\u201d ASC il\u0259 sat\u0131nalma m\u00fcqavil\u0259si imzalay\u0131b. \u201cBakelektro\u201d ... Davam\u0131","og_url":"https:\/\/www.meydan.tv\/az\/article\/bakubus-mmc-az%c9%99renerji-prezidentinin-ail%c9%99-sirk%c9%99ti-il%c9%99-15-milyonluq-muqavil%c9%99-imzaladi\/","og_site_name":"MEYDAN.TV","article_published_time":"2025-09-16T14:06:35+00:00","article_modified_time":"2025-09-16T14:06:37+00:00","og_image":[{"width":1200,"height":586,"url":"https:\/\/www.meydan.tv\/wp-content\/uploads\/65466-1200x586.png","type":"image\/png"}],"author":"roma","twitter_card":"summary_large_image","schema":{"@context":"https:\/\/schema.org","@graph":[{"@type":"Article","@id":"https:\/\/www.meydan.tv\/az\/article\/bakubus-mmc-az%c9%99renerji-prezidentinin-ail%c9%99-sirk%c9%99ti-il%c9%99-15-milyonluq-muqavil%c9%99-imzaladi\/#article","isPartOf":{"@id":"https:\/\/www.meydan.tv\/az\/article\/bakubus-mmc-az%c9%99renerji-prezidentinin-ail%c9%99-sirk%c9%99ti-il%c9%99-15-milyonluq-muqavil%c9%99-imzaladi\/"},"author":{"name":"roma","@id":"https:\/\/www.meydan.tv\/az\/#\/schema\/person\/8f23e01c4de63326c13c319fb65ee65d"},"headline":"\u201cBakubus\u201d MMC &#8220;Az\u0259renerji&#8221; prezidentinin ail\u0259 \u015firk\u0259ti il\u0259 15 milyonluq m\u00fcqavil\u0259 imzalad\u0131","datePublished":"2025-09-16T14:06:35+00:00","dateModified":"2025-09-16T14:06:37+00:00","mainEntityOfPage":{"@id":"https:\/\/www.meydan.tv\/az\/article\/bakubus-mmc-az%c9%99renerji-prezidentinin-ail%c9%99-sirk%c9%99ti-il%c9%99-15-milyonluq-muqavil%c9%99-imzaladi\/"},"wordCount":454,"publisher":{"@id":"https:\/\/www.meydan.tv\/az\/#organization"},"image":{"@id":"https:\/\/www.meydan.tv\/az\/article\/bakubus-mmc-az%c9%99renerji-prezidentinin-ail%c9%99-sirk%c9%99ti-il%c9%99-15-milyonluq-muqavil%c9%99-imzaladi\/#primaryimage"},"thumbnailUrl":"https:\/\/www.meydan.tv\/wp-content\/uploads\/65466.png","articleSection":["Redaktor se\u00e7imi","X\u0259b\u0259rl\u0259r"],"inLanguage":"az"},{"@type":"WebPage","@id":"https:\/\/www.meydan.tv\/az\/article\/bakubus-mmc-az%c9%99renerji-prezidentinin-ail%c9%99-sirk%c9%99ti-il%c9%99-15-milyonluq-muqavil%c9%99-imzaladi\/","url":"https:\/\/www.meydan.tv\/az\/article\/bakubus-mmc-az%c9%99renerji-prezidentinin-ail%c9%99-sirk%c9%99ti-il%c9%99-15-milyonluq-muqavil%c9%99-imzaladi\/","name":"\u201cBakubus\u201d MMC \"Az\u0259renerji\" prezidentinin ail\u0259 \u015firk\u0259ti il\u0259 15 milyonluq m\u00fcqavil\u0259 imzalad\u0131 - MEYDAN.TV","isPartOf":{"@id":"https:\/\/www.meydan.tv\/az\/#website"},"primaryImageOfPage":{"@id":"https:\/\/www.meydan.tv\/az\/article\/bakubus-mmc-az%c9%99renerji-prezidentinin-ail%c9%99-sirk%c9%99ti-il%c9%99-15-milyonluq-muqavil%c9%99-imzaladi\/#primaryimage"},"image":{"@id":"https:\/\/www.meydan.tv\/az\/article\/bakubus-mmc-az%c9%99renerji-prezidentinin-ail%c9%99-sirk%c9%99ti-il%c9%99-15-milyonluq-muqavil%c9%99-imzaladi\/#primaryimage"},"thumbnailUrl":"https:\/\/www.meydan.tv\/wp-content\/uploads\/65466.png","datePublished":"2025-09-16T14:06:35+00:00","dateModified":"2025-09-16T14:06:37+00:00","breadcrumb":{"@id":"https:\/\/www.meydan.tv\/az\/article\/bakubus-mmc-az%c9%99renerji-prezidentinin-ail%c9%99-sirk%c9%99ti-il%c9%99-15-milyonluq-muqavil%c9%99-imzaladi\/#breadcrumb"},"inLanguage":"az","potentialAction":[{"@type":"ReadAction","target":["https:\/\/www.meydan.tv\/az\/article\/bakubus-mmc-az%c9%99renerji-prezidentinin-ail%c9%99-sirk%c9%99ti-il%c9%99-15-milyonluq-muqavil%c9%99-imzaladi\/"]}]},{"@type":"ImageObject","inLanguage":"az","@id":"https:\/\/www.meydan.tv\/az\/article\/bakubus-mmc-az%c9%99renerji-prezidentinin-ail%c9%99-sirk%c9%99ti-il%c9%99-15-milyonluq-muqavil%c9%99-imzaladi\/#primaryimage","url":"https:\/\/www.meydan.tv\/wp-content\/uploads\/65466.png","contentUrl":"https:\/\/www.meydan.tv\/wp-content\/uploads\/65466.png","width":2000,"height":977,"caption":"Baba Rzayev - \u201cAz\u0259renerji\u201d prezidenti"},{"@type":"BreadcrumbList","@id":"https:\/\/www.meydan.tv\/az\/article\/bakubus-mmc-az%c9%99renerji-prezidentinin-ail%c9%99-sirk%c9%99ti-il%c9%99-15-milyonluq-muqavil%c9%99-imzaladi\/#breadcrumb","itemListElement":[{"@type":"ListItem","position":1,"name":"Ana s\u0259hif\u0259","item":"https:\/\/www.meydan.tv\/az\/"},{"@type":"ListItem","position":2,"name":"X\u0259b\u0259rl\u0259r","item":"https:\/\/www.meydan.tv\/az\/section\/xeberler\/"},{"@type":"ListItem","position":3,"name":"\u201cBakubus\u201d MMC &#8220;Az\u0259renerji&#8221; prezidentinin ail\u0259 \u015firk\u0259ti il\u0259 15 milyonluq m\u00fcqavil\u0259 imzalad\u0131"}]},{"@type":"WebSite","@id":"https:\/\/www.meydan.tv\/az\/#website","url":"https:\/\/www.meydan.tv\/az\/","name":"MEYDAN.TV","description":"Meydan TV Az\u0259rbaycan\u0131n media m\u0259kan\u0131ndak\u0131 alternativ s\u0259sidir","publisher":{"@id":"https:\/\/www.meydan.tv\/az\/#organization"},"potentialAction":[{"@type":"SearchAction","target":{"@type":"EntryPoint","urlTemplate":"https:\/\/www.meydan.tv\/az\/?s={search_term_string}"},"query-input":{"@type":"PropertyValueSpecification","valueRequired":true,"valueName":"search_term_string"}}],"inLanguage":"az"},{"@type":"Organization","@id":"https:\/\/www.meydan.tv\/az\/#organization","name":"Meydan TV","url":"https:\/\/www.meydan.tv\/az\/","logo":{"@type":"ImageObject","inLanguage":"az","@id":"https:\/\/www.meydan.tv\/az\/#\/schema\/logo\/image\/","url":"https:\/\/www.meydan.tv\/wp-content\/uploads\/2021\/07\/meydan-logo.svg","contentUrl":"https:\/\/www.meydan.tv\/wp-content\/uploads\/2021\/07\/meydan-logo.svg","width":195,"height":46,"caption":"Meydan TV"},"image":{"@id":"https:\/\/www.meydan.tv\/az\/#\/schema\/logo\/image\/"}},{"@type":"Person","@id":"https:\/\/www.meydan.tv\/az\/#\/schema\/person\/8f23e01c4de63326c13c319fb65ee65d","name":"roma"}]}},"_links":{"self":[{"href":"https:\/\/www.meydan.tv\/az\/wp-json\/wp\/v2\/posts\/335263","targetHints":{"allow":["GET"]}}],"collection":[{"href":"https:\/\/www.meydan.tv\/az\/wp-json\/wp\/v2\/posts"}],"about":[{"href":"https:\/\/www.meydan.tv\/az\/wp-json\/wp\/v2\/types\/post"}],"author":[{"embeddable":true,"href":"https:\/\/www.meydan.tv\/az\/wp-json\/wp\/v2\/users\/14"}],"replies":[{"embeddable":true,"href":"https:\/\/www.meydan.tv\/az\/wp-json\/wp\/v2\/comments?post=335263"}],"version-history":[{"count":1,"href":"https:\/\/www.meydan.tv\/az\/wp-json\/wp\/v2\/posts\/335263\/revisions"}],"predecessor-version":[{"id":335267,"href":"https:\/\/www.meydan.tv\/az\/wp-json\/wp\/v2\/posts\/335263\/revisions\/335267"}],"wp:featuredmedia":[{"embeddable":true,"href":"https:\/\/www.meydan.tv\/az\/wp-json\/wp\/v2\/media\/335264"}],"wp:attachment":[{"href":"https:\/\/www.meydan.tv\/az\/wp-json\/wp\/v2\/media?parent=335263"}],"wp:term":[{"taxonomy":"category","embeddable":true,"href":"https:\/\/www.meydan.tv\/az\/wp-json\/wp\/v2\/categories?post=335263"},{"taxonomy":"post_tag","embeddable":true,"href":"https:\/\/www.meydan.tv\/az\/wp-json\/wp\/v2\/tags?post=335263"}],"curies":[{"name":"wp","href":"https:\/\/api.w.org\/{rel}","templated":true}]}}