{"id":335260,"date":"2025-09-16T17:32:04","date_gmt":"2025-09-16T13:32:04","guid":{"rendered":"https:\/\/www.meydan.tv\/?p=335260"},"modified":"2025-09-16T17:32:06","modified_gmt":"2025-09-16T13:32:06","slug":"meydan-tv-isi-uzr%c9%99-h%c9%99bs-olunan-jurnalistl%c9%99rin-h%c9%99bs-mudd%c9%99tl%c9%99ri-uzadilib","status":"publish","type":"post","link":"https:\/\/www.meydan.tv\/az\/article\/meydan-tv-isi-uzr%c9%99-h%c9%99bs-olunan-jurnalistl%c9%99rin-h%c9%99bs-mudd%c9%99tl%c9%99ri-uzadilib\/","title":{"rendered":"Meydan TV i\u015fi \u00fczr\u0259 h\u0259bs olunan jurnalistl\u0259rin h\u0259bs m\u00fcdd\u0259ti uzad\u0131l\u0131b"},"content":{"rendered":"\n<p>Bu g\u00fcn, sentyabr\u0131n 16-da X\u0259tai Rayon M\u0259hk\u0259m\u0259sind\u0259 \u201cMeydan TV i\u015fi\u201d \u00fczr\u0259 h\u0259bs olunan jurnalistl\u0259rin h\u0259bs q\u0259timkan t\u0259dbiri m\u00fcdd\u0259tinin art\u0131r\u0131lmas\u0131 il\u0259 ba\u011fl\u0131 n\u00f6vb\u0259ti m\u0259hk\u0259m\u0259 prosesi ke\u00e7irilib.<\/p>\n\n\n\n<p>T\u0259k-t\u0259k icra olunan prosesd\u0259 jurnalistl\u0259r Fatim\u0259 M\u00f6vlaml\u0131, \u00dclviyy\u0259 \u018fli, \u015e\u0259m\u015fad A\u011fan\u0131n h\u0259bs m\u00fcdd\u0259ti daha 3 ay art\u0131r\u0131l\u0131b.<\/p>\n\n\n\n<p>2025-ci il fevral\u0131n 5-i \u201carqument.az\u201d sayt\u0131n\u0131n ba\u015f redaktoru, Meydan TV il\u0259 \u0259m\u0259kda\u015fl\u0131q ed\u0259n jurnalist \u015e\u0259m\u015fad A\u011fayev (A\u011fa), fevral\u0131n 28-d\u0259 jurnalist Fatim\u0259 M\u00f6vlaml\u0131, may\u0131n 7-d\u0259 is\u0259 jurnalist \u00dclviyy\u0259 \u018fli (Quliyeva) d\u0259 Meydan TV il\u0259 \u0259laq\u0259li cinay\u0259t i\u015fin\u0259 g\u00f6r\u0259 saxlan\u0131l\u0131blar. Onlar\u0131n bar\u0259sind\u0259 h\u0259bs q\u0259timkan t\u0259dbiri se\u00e7ilib.<\/p>\n\n\n\n<p>Onlara qar\u015f\u0131 \u0259vv\u0259lc\u0259 Cinay\u0259t M\u0259c\u0259ll\u0259sinin 206.3.2-ci (qa\u00e7aqmal\u00e7\u0131l\u0131q, \u0259vv\u0259lc\u0259d\u0259n \u0259lbir olan bir qrup \u015f\u0259xs t\u0259r\u0259find\u0259n t\u00f6r\u0259dildikd\u0259) madd\u0259si il\u0259 ittiham ir\u0259li s\u00fcr\u00fcl\u00fcb.<\/p>\n\n\n\n<p>2025-ci il avqustun 28-d\u0259 Meydan TV i\u015fi \u00fczr\u0259 ittihamlar a\u011f\u0131rla\u015fd\u0131r\u0131l\u0131b v\u0259 daha 7 madd\u0259 \u0259lav\u0259 olunub. Bu i\u015f \u00fczr\u0259 Cinay\u0259t M\u0259c\u0259ll\u0259sinin 192.2.2 (k\u00fcll\u00fc miqdarda g\u0259lir \u0259ld\u0259 etm\u0259kl\u0259 qanunsuz sahibkarl\u0131q), 192.2.3 (m\u00fct\u0259\u015f\u0259kkil d\u0259st\u0259 t\u0259r\u0259find\u0259n t\u00f6r\u0259dildikd\u0259), 193-1.3.1 (Cinay\u0259t yolu il\u0259 \u0259ld\u0259 edilmi\u015f \u0259mlak\u0131 leqalla\u015fd\u0131rma), 193-1.3.2 (\u2026xeyli miqdarda t\u00f6r\u0259dildikd\u0259), 206.4 (m\u00fct\u0259\u015f\u0259kkil d\u0259st\u0259 t\u0259r\u0259find\u0259n qa\u00e7aqmal\u00e7\u0131l\u0131q), 213.2.1 (vergil\u0259ri&nbsp; \u00f6d\u0259m\u0259kd\u0259n yay\u0131nma \u2013 m\u00fct\u0259\u015f\u0259kkil d\u0259st\u0259 t\u0259r\u0259find\u0259n t\u00f6r\u0259dildikd\u0259),320.1 (s\u0259n\u0259d saxtala\u015fd\u0131rma), 320.2 (saxta s\u0259n\u0259dl\u0259rd\u0259n istifad\u0259 etm\u0259) madd\u0259l\u0259ri il\u0259 yeni ittihamlar ir\u0259li s\u00fcr\u00fcl\u00fcb.<\/p>\n","protected":false},"excerpt":{"rendered":"<p>Bu g\u00fcn, sentyabr\u0131n 16-da X\u0259tai Rayon M\u0259hk\u0259m\u0259sind\u0259 \u201cMeydan TV i\u015fi\u201d &#8230; <\/p>\n<p class=\"read-more-container\"><a title=\"Meydan TV i\u015fi \u00fczr\u0259 h\u0259bs olunan jurnalistl\u0259rin h\u0259bs m\u00fcdd\u0259ti uzad\u0131l\u0131b\" class=\"read-more button\" href=\"https:\/\/www.meydan.tv\/az\/article\/meydan-tv-isi-uzr%c9%99-h%c9%99bs-olunan-jurnalistl%c9%99rin-h%c9%99bs-mudd%c9%99tl%c9%99ri-uzadilib\/#more-335260\" aria-label=\"Read more about Meydan TV i\u015fi \u00fczr\u0259 h\u0259bs olunan jurnalistl\u0259rin h\u0259bs m\u00fcdd\u0259ti uzad\u0131l\u0131b\">Davam\u0131<\/a><\/p>\n","protected":false},"author":16,"featured_media":334348,"comment_status":"closed","ping_status":"closed","sticky":false,"template":"","format":"standard","meta":{"_acf_changed":false,"_sitemap_exclude":false,"_sitemap_priority":"","_sitemap_frequency":"","footnotes":""},"categories":[139,79,56],"tags":[],"class_list":["post-335260","post","type-post","status-publish","format-standard","has-post-thumbnail","hentry","category-meydan-tv-isi","category-featured","category-xeberler","infinite-scroll-item","generate-columns","tablet-grid-50","mobile-grid-100","grid-parent","grid-33","no-featured-image-padding"],"acf":[],"yoast_head":"<!-- This site is optimized with the Yoast SEO plugin v27.4 - https:\/\/yoast.com\/product\/yoast-seo-wordpress\/ -->\n<title>Meydan TV i\u015fi \u00fczr\u0259 h\u0259bs olunan jurnalistl\u0259rin h\u0259bs m\u00fcdd\u0259ti uzad\u0131l\u0131b - MEYDAN.TV<\/title>\n<meta name=\"robots\" content=\"index, follow, max-snippet:-1, max-image-preview:large, max-video-preview:-1\" \/>\n<link rel=\"canonical\" href=\"https:\/\/www.meydan.tv\/az\/article\/meydan-tv-isi-uzr%c9%99-h%c9%99bs-olunan-jurnalistl%c9%99rin-h%c9%99bs-mudd%c9%99tl%c9%99ri-uzadilib\/\" \/>\n<meta property=\"og:locale\" content=\"az_AZ\" \/>\n<meta property=\"og:type\" content=\"article\" \/>\n<meta property=\"og:title\" content=\"Meydan TV i\u015fi \u00fczr\u0259 h\u0259bs olunan jurnalistl\u0259rin h\u0259bs m\u00fcdd\u0259ti uzad\u0131l\u0131b - MEYDAN.TV\" \/>\n<meta property=\"og:description\" content=\"Bu g\u00fcn, sentyabr\u0131n 16-da X\u0259tai Rayon M\u0259hk\u0259m\u0259sind\u0259 \u201cMeydan TV i\u015fi\u201d ... Davam\u0131\" \/>\n<meta property=\"og:url\" content=\"https:\/\/www.meydan.tv\/az\/article\/meydan-tv-isi-uzr%c9%99-h%c9%99bs-olunan-jurnalistl%c9%99rin-h%c9%99bs-mudd%c9%99tl%c9%99ri-uzadilib\/\" \/>\n<meta property=\"og:site_name\" content=\"MEYDAN.TV\" \/>\n<meta property=\"article:published_time\" content=\"2025-09-16T13:32:04+00:00\" \/>\n<meta property=\"article:modified_time\" content=\"2025-09-16T13:32:06+00:00\" \/>\n<meta property=\"og:image\" content=\"https:\/\/www.meydan.tv\/wp-content\/uploads\/mehkeme-1-1200x675-1.jpg\" \/>\n\t<meta property=\"og:image:width\" content=\"1200\" \/>\n\t<meta property=\"og:image:height\" content=\"675\" \/>\n\t<meta property=\"og:image:type\" content=\"image\/jpeg\" \/>\n<meta name=\"author\" content=\"sevda\" \/>\n<meta name=\"twitter:card\" content=\"summary_large_image\" \/>\n<script type=\"application\/ld+json\" class=\"yoast-schema-graph\">{\"@context\":\"https:\\\/\\\/schema.org\",\"@graph\":[{\"@type\":\"Article\",\"@id\":\"https:\\\/\\\/www.meydan.tv\\\/az\\\/article\\\/meydan-tv-isi-uzr%c9%99-h%c9%99bs-olunan-jurnalistl%c9%99rin-h%c9%99bs-mudd%c9%99tl%c9%99ri-uzadilib\\\/#article\",\"isPartOf\":{\"@id\":\"https:\\\/\\\/www.meydan.tv\\\/az\\\/article\\\/meydan-tv-isi-uzr%c9%99-h%c9%99bs-olunan-jurnalistl%c9%99rin-h%c9%99bs-mudd%c9%99tl%c9%99ri-uzadilib\\\/\"},\"author\":{\"name\":\"sevda\",\"@id\":\"https:\\\/\\\/www.meydan.tv\\\/az\\\/#\\\/schema\\\/person\\\/49b5f2bad5b126bb8ea9320eeb3e4dc9\"},\"headline\":\"Meydan TV i\u015fi \u00fczr\u0259 h\u0259bs olunan jurnalistl\u0259rin h\u0259bs m\u00fcdd\u0259ti uzad\u0131l\u0131b\",\"datePublished\":\"2025-09-16T13:32:04+00:00\",\"dateModified\":\"2025-09-16T13:32:06+00:00\",\"mainEntityOfPage\":{\"@id\":\"https:\\\/\\\/www.meydan.tv\\\/az\\\/article\\\/meydan-tv-isi-uzr%c9%99-h%c9%99bs-olunan-jurnalistl%c9%99rin-h%c9%99bs-mudd%c9%99tl%c9%99ri-uzadilib\\\/\"},\"wordCount\":335,\"publisher\":{\"@id\":\"https:\\\/\\\/www.meydan.tv\\\/az\\\/#organization\"},\"image\":{\"@id\":\"https:\\\/\\\/www.meydan.tv\\\/az\\\/article\\\/meydan-tv-isi-uzr%c9%99-h%c9%99bs-olunan-jurnalistl%c9%99rin-h%c9%99bs-mudd%c9%99tl%c9%99ri-uzadilib\\\/#primaryimage\"},\"thumbnailUrl\":\"https:\\\/\\\/www.meydan.tv\\\/wp-content\\\/uploads\\\/mehkeme-1-1200x675-1.jpg\",\"articleSection\":[\"Meydan TV i\u015fi\",\"T\u00f6vsiy\u0259\",\"X\u0259b\u0259rl\u0259r\"],\"inLanguage\":\"az\"},{\"@type\":\"WebPage\",\"@id\":\"https:\\\/\\\/www.meydan.tv\\\/az\\\/article\\\/meydan-tv-isi-uzr%c9%99-h%c9%99bs-olunan-jurnalistl%c9%99rin-h%c9%99bs-mudd%c9%99tl%c9%99ri-uzadilib\\\/\",\"url\":\"https:\\\/\\\/www.meydan.tv\\\/az\\\/article\\\/meydan-tv-isi-uzr%c9%99-h%c9%99bs-olunan-jurnalistl%c9%99rin-h%c9%99bs-mudd%c9%99tl%c9%99ri-uzadilib\\\/\",\"name\":\"Meydan TV i\u015fi \u00fczr\u0259 h\u0259bs olunan jurnalistl\u0259rin h\u0259bs m\u00fcdd\u0259ti uzad\u0131l\u0131b - MEYDAN.TV\",\"isPartOf\":{\"@id\":\"https:\\\/\\\/www.meydan.tv\\\/az\\\/#website\"},\"primaryImageOfPage\":{\"@id\":\"https:\\\/\\\/www.meydan.tv\\\/az\\\/article\\\/meydan-tv-isi-uzr%c9%99-h%c9%99bs-olunan-jurnalistl%c9%99rin-h%c9%99bs-mudd%c9%99tl%c9%99ri-uzadilib\\\/#primaryimage\"},\"image\":{\"@id\":\"https:\\\/\\\/www.meydan.tv\\\/az\\\/article\\\/meydan-tv-isi-uzr%c9%99-h%c9%99bs-olunan-jurnalistl%c9%99rin-h%c9%99bs-mudd%c9%99tl%c9%99ri-uzadilib\\\/#primaryimage\"},\"thumbnailUrl\":\"https:\\\/\\\/www.meydan.tv\\\/wp-content\\\/uploads\\\/mehkeme-1-1200x675-1.jpg\",\"datePublished\":\"2025-09-16T13:32:04+00:00\",\"dateModified\":\"2025-09-16T13:32:06+00:00\",\"breadcrumb\":{\"@id\":\"https:\\\/\\\/www.meydan.tv\\\/az\\\/article\\\/meydan-tv-isi-uzr%c9%99-h%c9%99bs-olunan-jurnalistl%c9%99rin-h%c9%99bs-mudd%c9%99tl%c9%99ri-uzadilib\\\/#breadcrumb\"},\"inLanguage\":\"az\",\"potentialAction\":[{\"@type\":\"ReadAction\",\"target\":[\"https:\\\/\\\/www.meydan.tv\\\/az\\\/article\\\/meydan-tv-isi-uzr%c9%99-h%c9%99bs-olunan-jurnalistl%c9%99rin-h%c9%99bs-mudd%c9%99tl%c9%99ri-uzadilib\\\/\"]}]},{\"@type\":\"ImageObject\",\"inLanguage\":\"az\",\"@id\":\"https:\\\/\\\/www.meydan.tv\\\/az\\\/article\\\/meydan-tv-isi-uzr%c9%99-h%c9%99bs-olunan-jurnalistl%c9%99rin-h%c9%99bs-mudd%c9%99tl%c9%99ri-uzadilib\\\/#primaryimage\",\"url\":\"https:\\\/\\\/www.meydan.tv\\\/wp-content\\\/uploads\\\/mehkeme-1-1200x675-1.jpg\",\"contentUrl\":\"https:\\\/\\\/www.meydan.tv\\\/wp-content\\\/uploads\\\/mehkeme-1-1200x675-1.jpg\",\"width\":1200,\"height\":675,\"caption\":\"\u0130ll\u00fcstrasiya: Meydan TV\"},{\"@type\":\"BreadcrumbList\",\"@id\":\"https:\\\/\\\/www.meydan.tv\\\/az\\\/article\\\/meydan-tv-isi-uzr%c9%99-h%c9%99bs-olunan-jurnalistl%c9%99rin-h%c9%99bs-mudd%c9%99tl%c9%99ri-uzadilib\\\/#breadcrumb\",\"itemListElement\":[{\"@type\":\"ListItem\",\"position\":1,\"name\":\"Ana s\u0259hif\u0259\",\"item\":\"https:\\\/\\\/www.meydan.tv\\\/az\\\/\"},{\"@type\":\"ListItem\",\"position\":2,\"name\":\"X\u0259b\u0259rl\u0259r\",\"item\":\"https:\\\/\\\/www.meydan.tv\\\/az\\\/section\\\/xeberler\\\/\"},{\"@type\":\"ListItem\",\"position\":3,\"name\":\"Meydan TV i\u015fi \u00fczr\u0259 h\u0259bs olunan jurnalistl\u0259rin h\u0259bs m\u00fcdd\u0259ti uzad\u0131l\u0131b\"}]},{\"@type\":\"WebSite\",\"@id\":\"https:\\\/\\\/www.meydan.tv\\\/az\\\/#website\",\"url\":\"https:\\\/\\\/www.meydan.tv\\\/az\\\/\",\"name\":\"MEYDAN.TV\",\"description\":\"Meydan TV Az\u0259rbaycan\u0131n media m\u0259kan\u0131ndak\u0131 alternativ s\u0259sidir\",\"publisher\":{\"@id\":\"https:\\\/\\\/www.meydan.tv\\\/az\\\/#organization\"},\"potentialAction\":[{\"@type\":\"SearchAction\",\"target\":{\"@type\":\"EntryPoint\",\"urlTemplate\":\"https:\\\/\\\/www.meydan.tv\\\/az\\\/?s={search_term_string}\"},\"query-input\":{\"@type\":\"PropertyValueSpecification\",\"valueRequired\":true,\"valueName\":\"search_term_string\"}}],\"inLanguage\":\"az\"},{\"@type\":\"Organization\",\"@id\":\"https:\\\/\\\/www.meydan.tv\\\/az\\\/#organization\",\"name\":\"Meydan TV\",\"url\":\"https:\\\/\\\/www.meydan.tv\\\/az\\\/\",\"logo\":{\"@type\":\"ImageObject\",\"inLanguage\":\"az\",\"@id\":\"https:\\\/\\\/www.meydan.tv\\\/az\\\/#\\\/schema\\\/logo\\\/image\\\/\",\"url\":\"https:\\\/\\\/www.meydan.tv\\\/wp-content\\\/uploads\\\/2021\\\/07\\\/meydan-logo.svg\",\"contentUrl\":\"https:\\\/\\\/www.meydan.tv\\\/wp-content\\\/uploads\\\/2021\\\/07\\\/meydan-logo.svg\",\"width\":195,\"height\":46,\"caption\":\"Meydan TV\"},\"image\":{\"@id\":\"https:\\\/\\\/www.meydan.tv\\\/az\\\/#\\\/schema\\\/logo\\\/image\\\/\"}},{\"@type\":\"Person\",\"@id\":\"https:\\\/\\\/www.meydan.tv\\\/az\\\/#\\\/schema\\\/person\\\/49b5f2bad5b126bb8ea9320eeb3e4dc9\",\"name\":\"sevda\"}]}<\/script>\n<!-- \/ Yoast SEO plugin. -->","yoast_head_json":{"title":"Meydan TV i\u015fi \u00fczr\u0259 h\u0259bs olunan jurnalistl\u0259rin h\u0259bs m\u00fcdd\u0259ti uzad\u0131l\u0131b - MEYDAN.TV","robots":{"index":"index","follow":"follow","max-snippet":"max-snippet:-1","max-image-preview":"max-image-preview:large","max-video-preview":"max-video-preview:-1"},"canonical":"https:\/\/www.meydan.tv\/az\/article\/meydan-tv-isi-uzr%c9%99-h%c9%99bs-olunan-jurnalistl%c9%99rin-h%c9%99bs-mudd%c9%99tl%c9%99ri-uzadilib\/","og_locale":"az_AZ","og_type":"article","og_title":"Meydan TV i\u015fi \u00fczr\u0259 h\u0259bs olunan jurnalistl\u0259rin h\u0259bs m\u00fcdd\u0259ti uzad\u0131l\u0131b - MEYDAN.TV","og_description":"Bu g\u00fcn, sentyabr\u0131n 16-da X\u0259tai Rayon M\u0259hk\u0259m\u0259sind\u0259 \u201cMeydan TV i\u015fi\u201d ... Davam\u0131","og_url":"https:\/\/www.meydan.tv\/az\/article\/meydan-tv-isi-uzr%c9%99-h%c9%99bs-olunan-jurnalistl%c9%99rin-h%c9%99bs-mudd%c9%99tl%c9%99ri-uzadilib\/","og_site_name":"MEYDAN.TV","article_published_time":"2025-09-16T13:32:04+00:00","article_modified_time":"2025-09-16T13:32:06+00:00","og_image":[{"width":1200,"height":675,"url":"https:\/\/www.meydan.tv\/wp-content\/uploads\/mehkeme-1-1200x675-1.jpg","type":"image\/jpeg"}],"author":"sevda","twitter_card":"summary_large_image","schema":{"@context":"https:\/\/schema.org","@graph":[{"@type":"Article","@id":"https:\/\/www.meydan.tv\/az\/article\/meydan-tv-isi-uzr%c9%99-h%c9%99bs-olunan-jurnalistl%c9%99rin-h%c9%99bs-mudd%c9%99tl%c9%99ri-uzadilib\/#article","isPartOf":{"@id":"https:\/\/www.meydan.tv\/az\/article\/meydan-tv-isi-uzr%c9%99-h%c9%99bs-olunan-jurnalistl%c9%99rin-h%c9%99bs-mudd%c9%99tl%c9%99ri-uzadilib\/"},"author":{"name":"sevda","@id":"https:\/\/www.meydan.tv\/az\/#\/schema\/person\/49b5f2bad5b126bb8ea9320eeb3e4dc9"},"headline":"Meydan TV i\u015fi \u00fczr\u0259 h\u0259bs olunan jurnalistl\u0259rin h\u0259bs m\u00fcdd\u0259ti uzad\u0131l\u0131b","datePublished":"2025-09-16T13:32:04+00:00","dateModified":"2025-09-16T13:32:06+00:00","mainEntityOfPage":{"@id":"https:\/\/www.meydan.tv\/az\/article\/meydan-tv-isi-uzr%c9%99-h%c9%99bs-olunan-jurnalistl%c9%99rin-h%c9%99bs-mudd%c9%99tl%c9%99ri-uzadilib\/"},"wordCount":335,"publisher":{"@id":"https:\/\/www.meydan.tv\/az\/#organization"},"image":{"@id":"https:\/\/www.meydan.tv\/az\/article\/meydan-tv-isi-uzr%c9%99-h%c9%99bs-olunan-jurnalistl%c9%99rin-h%c9%99bs-mudd%c9%99tl%c9%99ri-uzadilib\/#primaryimage"},"thumbnailUrl":"https:\/\/www.meydan.tv\/wp-content\/uploads\/mehkeme-1-1200x675-1.jpg","articleSection":["Meydan TV i\u015fi","T\u00f6vsiy\u0259","X\u0259b\u0259rl\u0259r"],"inLanguage":"az"},{"@type":"WebPage","@id":"https:\/\/www.meydan.tv\/az\/article\/meydan-tv-isi-uzr%c9%99-h%c9%99bs-olunan-jurnalistl%c9%99rin-h%c9%99bs-mudd%c9%99tl%c9%99ri-uzadilib\/","url":"https:\/\/www.meydan.tv\/az\/article\/meydan-tv-isi-uzr%c9%99-h%c9%99bs-olunan-jurnalistl%c9%99rin-h%c9%99bs-mudd%c9%99tl%c9%99ri-uzadilib\/","name":"Meydan TV i\u015fi \u00fczr\u0259 h\u0259bs olunan jurnalistl\u0259rin h\u0259bs m\u00fcdd\u0259ti uzad\u0131l\u0131b - MEYDAN.TV","isPartOf":{"@id":"https:\/\/www.meydan.tv\/az\/#website"},"primaryImageOfPage":{"@id":"https:\/\/www.meydan.tv\/az\/article\/meydan-tv-isi-uzr%c9%99-h%c9%99bs-olunan-jurnalistl%c9%99rin-h%c9%99bs-mudd%c9%99tl%c9%99ri-uzadilib\/#primaryimage"},"image":{"@id":"https:\/\/www.meydan.tv\/az\/article\/meydan-tv-isi-uzr%c9%99-h%c9%99bs-olunan-jurnalistl%c9%99rin-h%c9%99bs-mudd%c9%99tl%c9%99ri-uzadilib\/#primaryimage"},"thumbnailUrl":"https:\/\/www.meydan.tv\/wp-content\/uploads\/mehkeme-1-1200x675-1.jpg","datePublished":"2025-09-16T13:32:04+00:00","dateModified":"2025-09-16T13:32:06+00:00","breadcrumb":{"@id":"https:\/\/www.meydan.tv\/az\/article\/meydan-tv-isi-uzr%c9%99-h%c9%99bs-olunan-jurnalistl%c9%99rin-h%c9%99bs-mudd%c9%99tl%c9%99ri-uzadilib\/#breadcrumb"},"inLanguage":"az","potentialAction":[{"@type":"ReadAction","target":["https:\/\/www.meydan.tv\/az\/article\/meydan-tv-isi-uzr%c9%99-h%c9%99bs-olunan-jurnalistl%c9%99rin-h%c9%99bs-mudd%c9%99tl%c9%99ri-uzadilib\/"]}]},{"@type":"ImageObject","inLanguage":"az","@id":"https:\/\/www.meydan.tv\/az\/article\/meydan-tv-isi-uzr%c9%99-h%c9%99bs-olunan-jurnalistl%c9%99rin-h%c9%99bs-mudd%c9%99tl%c9%99ri-uzadilib\/#primaryimage","url":"https:\/\/www.meydan.tv\/wp-content\/uploads\/mehkeme-1-1200x675-1.jpg","contentUrl":"https:\/\/www.meydan.tv\/wp-content\/uploads\/mehkeme-1-1200x675-1.jpg","width":1200,"height":675,"caption":"\u0130ll\u00fcstrasiya: Meydan TV"},{"@type":"BreadcrumbList","@id":"https:\/\/www.meydan.tv\/az\/article\/meydan-tv-isi-uzr%c9%99-h%c9%99bs-olunan-jurnalistl%c9%99rin-h%c9%99bs-mudd%c9%99tl%c9%99ri-uzadilib\/#breadcrumb","itemListElement":[{"@type":"ListItem","position":1,"name":"Ana s\u0259hif\u0259","item":"https:\/\/www.meydan.tv\/az\/"},{"@type":"ListItem","position":2,"name":"X\u0259b\u0259rl\u0259r","item":"https:\/\/www.meydan.tv\/az\/section\/xeberler\/"},{"@type":"ListItem","position":3,"name":"Meydan TV i\u015fi \u00fczr\u0259 h\u0259bs olunan jurnalistl\u0259rin h\u0259bs m\u00fcdd\u0259ti uzad\u0131l\u0131b"}]},{"@type":"WebSite","@id":"https:\/\/www.meydan.tv\/az\/#website","url":"https:\/\/www.meydan.tv\/az\/","name":"MEYDAN.TV","description":"Meydan TV Az\u0259rbaycan\u0131n media m\u0259kan\u0131ndak\u0131 alternativ s\u0259sidir","publisher":{"@id":"https:\/\/www.meydan.tv\/az\/#organization"},"potentialAction":[{"@type":"SearchAction","target":{"@type":"EntryPoint","urlTemplate":"https:\/\/www.meydan.tv\/az\/?s={search_term_string}"},"query-input":{"@type":"PropertyValueSpecification","valueRequired":true,"valueName":"search_term_string"}}],"inLanguage":"az"},{"@type":"Organization","@id":"https:\/\/www.meydan.tv\/az\/#organization","name":"Meydan TV","url":"https:\/\/www.meydan.tv\/az\/","logo":{"@type":"ImageObject","inLanguage":"az","@id":"https:\/\/www.meydan.tv\/az\/#\/schema\/logo\/image\/","url":"https:\/\/www.meydan.tv\/wp-content\/uploads\/2021\/07\/meydan-logo.svg","contentUrl":"https:\/\/www.meydan.tv\/wp-content\/uploads\/2021\/07\/meydan-logo.svg","width":195,"height":46,"caption":"Meydan TV"},"image":{"@id":"https:\/\/www.meydan.tv\/az\/#\/schema\/logo\/image\/"}},{"@type":"Person","@id":"https:\/\/www.meydan.tv\/az\/#\/schema\/person\/49b5f2bad5b126bb8ea9320eeb3e4dc9","name":"sevda"}]}},"_links":{"self":[{"href":"https:\/\/www.meydan.tv\/az\/wp-json\/wp\/v2\/posts\/335260","targetHints":{"allow":["GET"]}}],"collection":[{"href":"https:\/\/www.meydan.tv\/az\/wp-json\/wp\/v2\/posts"}],"about":[{"href":"https:\/\/www.meydan.tv\/az\/wp-json\/wp\/v2\/types\/post"}],"author":[{"embeddable":true,"href":"https:\/\/www.meydan.tv\/az\/wp-json\/wp\/v2\/users\/16"}],"replies":[{"embeddable":true,"href":"https:\/\/www.meydan.tv\/az\/wp-json\/wp\/v2\/comments?post=335260"}],"version-history":[{"count":2,"href":"https:\/\/www.meydan.tv\/az\/wp-json\/wp\/v2\/posts\/335260\/revisions"}],"predecessor-version":[{"id":335262,"href":"https:\/\/www.meydan.tv\/az\/wp-json\/wp\/v2\/posts\/335260\/revisions\/335262"}],"wp:featuredmedia":[{"embeddable":true,"href":"https:\/\/www.meydan.tv\/az\/wp-json\/wp\/v2\/media\/334348"}],"wp:attachment":[{"href":"https:\/\/www.meydan.tv\/az\/wp-json\/wp\/v2\/media?parent=335260"}],"wp:term":[{"taxonomy":"category","embeddable":true,"href":"https:\/\/www.meydan.tv\/az\/wp-json\/wp\/v2\/categories?post=335260"},{"taxonomy":"post_tag","embeddable":true,"href":"https:\/\/www.meydan.tv\/az\/wp-json\/wp\/v2\/tags?post=335260"}],"curies":[{"name":"wp","href":"https:\/\/api.w.org\/{rel}","templated":true}]}}