{"id":335255,"date":"2025-09-16T17:25:16","date_gmt":"2025-09-16T13:25:16","guid":{"rendered":"https:\/\/www.meydan.tv\/?p=335255"},"modified":"2025-09-16T17:25:18","modified_gmt":"2025-09-16T13:25:18","slug":"toplum-tv-isi-hakiml%c9%99r-prezident-administrasiyasindan-g%c9%99l%c9%99c%c9%99k-q%c9%99rari-gozl%c9%99yirl%c9%99r","status":"publish","type":"post","link":"https:\/\/www.meydan.tv\/az\/article\/toplum-tv-isi-hakiml%c9%99r-prezident-administrasiyasindan-g%c9%99l%c9%99c%c9%99k-q%c9%99rari-gozl%c9%99yirl%c9%99r\/","title":{"rendered":"\u201cToplum TV i\u015fi\u201d: \u201cHakiml\u0259r Prezident Administrasiyas\u0131ndan g\u0259l\u0259c\u0259k q\u0259rar\u0131 g\u00f6zl\u0259yirl\u0259r\u201d"},"content":{"rendered":"\n<p>Bu g\u00fcn, sentyabr\u0131n 15-d\u0259 Bak\u0131 A\u011f\u0131r Cinay\u0259tl\u0259r M\u0259hk\u0259m\u0259sind\u0259 \u201cToplum TV i\u015fi\u201d \u00fczr\u0259 n\u00f6vb\u0259ti m\u0259hk\u0259m\u0259 prosesi ke\u00e7irilib.<\/p>\n\n\n\n<pre class=\"wp-block-verse\">\u201cToplum TV i\u015fi\u201d il\u0259 ba\u011fl\u0131 h\u0259bsl\u0259r 2024-c\u00fc ilin mart\u0131ndan <a href=\"https:\/\/storage.googleapis.com\/qurium\/www.meydan.tv\/az-article-8-n%c9%99f%c9%99rin-h%c9%99bs-olundugu-2-n%c9%99f%c9%99rin-s%c9%99rti-azadliqda-oldugu-toplum-tv-isind%c9%99n-bir-il-kecir.html\" target=\"_blank\" rel=\"noreferrer noopener\">ba\u015flay\u0131b.<\/a><br><br>\u00dcmumilikd\u0259 bu i\u015f \u00fczr\u0259 10 n\u0259f\u0259r\u0259 <a href=\"https:\/\/toplummedia.tv\/siyaset\/pspan-stylefont-size18pxspan-stylefont-familytimes-new-romantimesserifstrongldquotoplum-tv-isirdquo-uumlzre-ittihamlar-agirlasdirldistrongspanspanp\" target=\"_blank\" rel=\"noreferrer noopener\">cinay\u0259t i\u015fi a\u00e7\u0131l\u0131b.<\/a><br><br>Onlar \u0259vv\u0259lc\u0259 qa\u00e7aqmal\u00e7\u0131l\u0131qda ittiham olunublar, sonradan ittihamlar daha da a\u011f\u0131rla\u015fd\u0131r\u0131l\u0131b.<\/pre>\n\n\n\n<p>Proses hakim Az\u0259r Ta\u011f\u0131yevin s\u0259drliyi il\u0259 <a href=\"https:\/\/toplummedia.tv\/siyaset\/pldquotoplum-tv-isirdquo-hakimler-prezident-administrasiyasindan-gelecek-qerari-goumlzleyirquotp\">ke\u00e7irilib.<\/a><\/p>\n\n\n\n<p>M\u0259hk\u0259m\u0259d\u0259 t\u0259qsirl\u0259ndiril\u0259n \u015f\u0259xsl\u0259rd\u0259n III Respublika Platformas\u0131n\u0131n \u00fczv\u00fc Ruslan \u0130zz\u0259tli \u00e7\u0131x\u0131\u015f edib.<\/p>\n\n\n\n<p>O deyib ki, n\u0259inki m\u00fcdafi\u0259\u00e7il\u0259ri, h\u0259tta hakiml\u0259r onlar\u0131n aqib\u0259tinin nec\u0259 olaca\u011f\u0131n\u0131 bilmirl\u0259r:<\/p>\n\n\n\n<p><em>\u201c\u00c7\u00fcnki ham\u0131s\u0131 Prezident Administrasiyas\u0131ndan g\u0259l\u0259c\u0259k q\u0259rar\u0131 g\u00f6zl\u0259yir. H\u0259bs olunan \u015f\u0259xsl\u0259rin h\u00f6kum\u0259tl\u0259 \u015f\u0259xsi \u0259dav\u0259ti yoxdur, sad\u0259c\u0259, c\u0259miyy\u0259t \u00fc\u00e7\u00fcn \u00e7al\u0131\u015fm\u0131\u015f\u0131q. \u018flind\u0259 smartfon olan h\u0259r k\u0259s biz\u0259 d\u0259st\u0259k olsun. Biz Rusiyaya 5 q\u0259pik qazanmaq \u00fc\u00e7\u00fcn gedib orda d\u00f6y\u00fcl\u0259n az\u0259rbaycanl\u0131lar, azad olunan torpaqlara qay\u0131da bilm\u0259y\u0259n m\u0259cburi k\u00f6\u00e7k\u00fcnl\u0259r, K\u00fcrd\u0259xan\u0131 t\u0259cridxanas\u0131nda qeyri-siyasi motivl\u0259rl\u0259 \u015f\u0259rl\u0259n\u0259n insanlar \u00fc\u00e7\u00fcn vuru\u015furuq\u201d.<\/em><\/p>\n\n\n\n<p>Ruslan \u0130zz\u0259tli \u0259vv\u0259lki prosesl\u0259rin birind\u0259 oldu\u011fu kimi yen\u0259 d\u0259 AzTV v\u0259 \u0130ctimai Televiziyaya m\u00fcraci\u0259t ed\u0259r\u0259k \u201cqarayaxma kampaniyas\u0131n\u0131\u201d dayand\u0131rma\u011fa, m\u0259hk\u0259m\u0259 prosesl\u0259rini i\u015f\u0131qland\u0131rma\u011fa \u00e7a\u011f\u0131r\u0131b:&nbsp;<\/p>\n\n\n\n<p><em>\u201cBurada h\u0259bs olunan adamlar var ki, \u0130lham \u018fliyev hakimiyy\u0259t\u0259 g\u0259l\u0259nd\u0259 anadan olublar. Amma onlara 11 il d\u0259 i\u015f verils\u0259, sad\u0259c\u0259 g\u00fcl\u0259c\u0259kl\u0259r. Biz he\u00e7 n\u0259d\u0259n utanm\u0131r\u0131q. Biz\u0259 bu qandallar\u0131 vuranlar utans\u0131n\u201d.\u00a0<\/em><\/p>\n\n\n\n<p>O, daha sonra ittiham akt\u0131ndak\u0131 \u00f6z\u00fc il\u0259 ba\u011fl\u0131 iddialara cavab verib.&nbsp;<\/p>\n\n\n\n<p>Daha sonra \u00e7\u0131x\u0131\u015f ed\u0259n Toplum TV h\u0259mt\u0259sis\u00e7isi \u018fl\u0259sg\u0259r M\u0259mm\u0259dli 2024-c\u00fc ilin mart\u0131n 8-d\u0259 evind\u0259 axtar\u0131\u015f ke\u00e7iril\u0259n zaman s\u00fcbut kimi g\u00f6t\u00fcr\u00fcld\u00fcy\u00fc iddia olunan pul v\u0259saitinin polisl\u0259r t\u0259r\u0259find\u0259n ev\u0259 at\u0131ld\u0131\u011f\u0131n\u0131 deyib. O, pulun s\u00fcbutlar siyah\u0131s\u0131ndan \u00e7\u0131xar\u0131lmas\u0131na dair v\u0259sat\u0259t verib.&nbsp;<\/p>\n\n\n\n<p>V\u0259kil Zibeyd\u0259 Sad\u0131qova v\u0259sat\u0259t ver\u0259r\u0259k h\u0259m \u018fl\u0259sg\u0259r M\u0259mm\u0259dlinin, h\u0259m jurnalist F\u0259rid \u0130smay\u0131lovun s\u0259hh\u0259tl\u0259ri il\u0259 \u0259laq\u0259dar ev dustaql\u0131\u011f\u0131na burax\u0131lmalar\u0131n\u0131 ist\u0259yib.<\/p>\n\n\n\n<p>Hakim v\u0259sat\u0259ti t\u0259min etm\u0259yib. Bildirib ki, Bak\u0131 \u0130stintaq T\u0259cridxanas\u0131ndan veril\u0259n m\u0259lumata g\u00f6r\u0259, t\u0259qsirl\u0259ndiril\u0259n \u015f\u0259xsl\u0259r laz\u0131mi tibbi yard\u0131mla t\u0259min olunurlar. \u018fl\u0259sg\u0259r M\u0259mm\u0259dli is\u0259 t\u0259cridxanan\u0131n a\u00e7\u0131qlamas\u0131n\u0131n \u0259dal\u0259tli qiym\u0259tl\u0259ndirm\u0259 \u00fc\u00e7\u00fcn yet\u0259rli olmad\u0131\u011f\u0131n\u0131 bildirib.&nbsp;<\/p>\n\n\n\n<p>F\u0259rid \u0130smay\u0131lov da v\u0259sat\u0259t ver\u0259r\u0259k Ombudsman\u0131n m\u0259hk\u0259m\u0259l\u0259r\u0259 g\u0259lm\u0259sini v\u0259 monitorinq aparmas\u0131n\u0131 ist\u0259yib. D\u00f6vl\u0259t ittiham\u00e7\u0131s\u0131 is\u0259 bunun \u00fc\u00e7\u00fcn t\u0259qsirl\u0259ndiril\u0259n \u015f\u0259xsl\u0259rin \u00f6zl\u0259rinin birba\u015fa Ombudsmana m\u00fcraci\u0259t etm\u0259li oldu\u011funu deyib.&nbsp;<\/p>\n\n\n\n<p>Toplum TV videoredaktoru M\u00fc\u015ffiq Cabbar hakimin t\u0259yin etdiyi ekspertizalar\u0131n saxta r\u0259yl\u0259r verdiyini bildirib.<\/p>\n","protected":false},"excerpt":{"rendered":"<p>Bu g\u00fcn, sentyabr\u0131n 15-d\u0259 Bak\u0131 A\u011f\u0131r Cinay\u0259tl\u0259r M\u0259hk\u0259m\u0259sind\u0259 \u201cToplum TV &#8230; <\/p>\n<p class=\"read-more-container\"><a title=\"\u201cToplum TV i\u015fi\u201d: \u201cHakiml\u0259r Prezident Administrasiyas\u0131ndan g\u0259l\u0259c\u0259k q\u0259rar\u0131 g\u00f6zl\u0259yirl\u0259r\u201d\" class=\"read-more button\" href=\"https:\/\/www.meydan.tv\/az\/article\/toplum-tv-isi-hakiml%c9%99r-prezident-administrasiyasindan-g%c9%99l%c9%99c%c9%99k-q%c9%99rari-gozl%c9%99yirl%c9%99r\/#more-335255\" aria-label=\"Read more about \u201cToplum TV i\u015fi\u201d: \u201cHakiml\u0259r Prezident Administrasiyas\u0131ndan g\u0259l\u0259c\u0259k q\u0259rar\u0131 g\u00f6zl\u0259yirl\u0259r\u201d\">Davam\u0131<\/a><\/p>\n","protected":false},"author":16,"featured_media":300596,"comment_status":"closed","ping_status":"closed","sticky":false,"template":"","format":"standard","meta":{"_acf_changed":false,"_sitemap_exclude":false,"_sitemap_priority":"","_sitemap_frequency":"","footnotes":""},"categories":[79,56],"tags":[],"class_list":["post-335255","post","type-post","status-publish","format-standard","has-post-thumbnail","hentry","category-featured","category-xeberler","infinite-scroll-item","generate-columns","tablet-grid-50","mobile-grid-100","grid-parent","grid-33","no-featured-image-padding"],"acf":[],"yoast_head":"<!-- This site is optimized with the Yoast SEO plugin v27.4 - https:\/\/yoast.com\/product\/yoast-seo-wordpress\/ -->\n<title>\u201cToplum TV i\u015fi\u201d: \u201cHakiml\u0259r Prezident Administrasiyas\u0131ndan g\u0259l\u0259c\u0259k q\u0259rar\u0131 g\u00f6zl\u0259yirl\u0259r\u201d - MEYDAN.TV<\/title>\n<meta name=\"robots\" content=\"index, follow, max-snippet:-1, max-image-preview:large, max-video-preview:-1\" \/>\n<link rel=\"canonical\" href=\"https:\/\/www.meydan.tv\/az\/article\/toplum-tv-isi-hakiml%c9%99r-prezident-administrasiyasindan-g%c9%99l%c9%99c%c9%99k-q%c9%99rari-gozl%c9%99yirl%c9%99r\/\" \/>\n<meta property=\"og:locale\" content=\"az_AZ\" \/>\n<meta property=\"og:type\" content=\"article\" \/>\n<meta property=\"og:title\" content=\"\u201cToplum TV i\u015fi\u201d: \u201cHakiml\u0259r Prezident Administrasiyas\u0131ndan g\u0259l\u0259c\u0259k q\u0259rar\u0131 g\u00f6zl\u0259yirl\u0259r\u201d - MEYDAN.TV\" \/>\n<meta property=\"og:description\" content=\"Bu g\u00fcn, sentyabr\u0131n 15-d\u0259 Bak\u0131 A\u011f\u0131r Cinay\u0259tl\u0259r M\u0259hk\u0259m\u0259sind\u0259 \u201cToplum TV ... Davam\u0131\" \/>\n<meta property=\"og:url\" content=\"https:\/\/www.meydan.tv\/az\/article\/toplum-tv-isi-hakiml%c9%99r-prezident-administrasiyasindan-g%c9%99l%c9%99c%c9%99k-q%c9%99rari-gozl%c9%99yirl%c9%99r\/\" \/>\n<meta property=\"og:site_name\" content=\"MEYDAN.TV\" \/>\n<meta property=\"article:published_time\" content=\"2025-09-16T13:25:16+00:00\" \/>\n<meta property=\"article:modified_time\" content=\"2025-09-16T13:25:18+00:00\" \/>\n<meta property=\"og:image\" content=\"https:\/\/www.meydan.tv\/wp-content\/uploads\/324730416_3055367907942940_3513402828747954512_n.png\" \/>\n\t<meta property=\"og:image:width\" content=\"2210\" \/>\n\t<meta property=\"og:image:height\" content=\"1080\" \/>\n\t<meta property=\"og:image:type\" content=\"image\/png\" \/>\n<meta name=\"author\" content=\"sevda\" \/>\n<meta name=\"twitter:card\" content=\"summary_large_image\" \/>\n<script type=\"application\/ld+json\" class=\"yoast-schema-graph\">{\"@context\":\"https:\\\/\\\/schema.org\",\"@graph\":[{\"@type\":\"Article\",\"@id\":\"https:\\\/\\\/www.meydan.tv\\\/az\\\/article\\\/toplum-tv-isi-hakiml%c9%99r-prezident-administrasiyasindan-g%c9%99l%c9%99c%c9%99k-q%c9%99rari-gozl%c9%99yirl%c9%99r\\\/#article\",\"isPartOf\":{\"@id\":\"https:\\\/\\\/www.meydan.tv\\\/az\\\/article\\\/toplum-tv-isi-hakiml%c9%99r-prezident-administrasiyasindan-g%c9%99l%c9%99c%c9%99k-q%c9%99rari-gozl%c9%99yirl%c9%99r\\\/\"},\"author\":{\"name\":\"sevda\",\"@id\":\"https:\\\/\\\/www.meydan.tv\\\/az\\\/#\\\/schema\\\/person\\\/49b5f2bad5b126bb8ea9320eeb3e4dc9\"},\"headline\":\"\u201cToplum TV i\u015fi\u201d: \u201cHakiml\u0259r Prezident Administrasiyas\u0131ndan g\u0259l\u0259c\u0259k q\u0259rar\u0131 g\u00f6zl\u0259yirl\u0259r\u201d\",\"datePublished\":\"2025-09-16T13:25:16+00:00\",\"dateModified\":\"2025-09-16T13:25:18+00:00\",\"mainEntityOfPage\":{\"@id\":\"https:\\\/\\\/www.meydan.tv\\\/az\\\/article\\\/toplum-tv-isi-hakiml%c9%99r-prezident-administrasiyasindan-g%c9%99l%c9%99c%c9%99k-q%c9%99rari-gozl%c9%99yirl%c9%99r\\\/\"},\"wordCount\":539,\"publisher\":{\"@id\":\"https:\\\/\\\/www.meydan.tv\\\/az\\\/#organization\"},\"image\":{\"@id\":\"https:\\\/\\\/www.meydan.tv\\\/az\\\/article\\\/toplum-tv-isi-hakiml%c9%99r-prezident-administrasiyasindan-g%c9%99l%c9%99c%c9%99k-q%c9%99rari-gozl%c9%99yirl%c9%99r\\\/#primaryimage\"},\"thumbnailUrl\":\"https:\\\/\\\/www.meydan.tv\\\/wp-content\\\/uploads\\\/324730416_3055367907942940_3513402828747954512_n.png\",\"articleSection\":[\"T\u00f6vsiy\u0259\",\"X\u0259b\u0259rl\u0259r\"],\"inLanguage\":\"az\"},{\"@type\":\"WebPage\",\"@id\":\"https:\\\/\\\/www.meydan.tv\\\/az\\\/article\\\/toplum-tv-isi-hakiml%c9%99r-prezident-administrasiyasindan-g%c9%99l%c9%99c%c9%99k-q%c9%99rari-gozl%c9%99yirl%c9%99r\\\/\",\"url\":\"https:\\\/\\\/www.meydan.tv\\\/az\\\/article\\\/toplum-tv-isi-hakiml%c9%99r-prezident-administrasiyasindan-g%c9%99l%c9%99c%c9%99k-q%c9%99rari-gozl%c9%99yirl%c9%99r\\\/\",\"name\":\"\u201cToplum TV i\u015fi\u201d: \u201cHakiml\u0259r Prezident Administrasiyas\u0131ndan g\u0259l\u0259c\u0259k q\u0259rar\u0131 g\u00f6zl\u0259yirl\u0259r\u201d - MEYDAN.TV\",\"isPartOf\":{\"@id\":\"https:\\\/\\\/www.meydan.tv\\\/az\\\/#website\"},\"primaryImageOfPage\":{\"@id\":\"https:\\\/\\\/www.meydan.tv\\\/az\\\/article\\\/toplum-tv-isi-hakiml%c9%99r-prezident-administrasiyasindan-g%c9%99l%c9%99c%c9%99k-q%c9%99rari-gozl%c9%99yirl%c9%99r\\\/#primaryimage\"},\"image\":{\"@id\":\"https:\\\/\\\/www.meydan.tv\\\/az\\\/article\\\/toplum-tv-isi-hakiml%c9%99r-prezident-administrasiyasindan-g%c9%99l%c9%99c%c9%99k-q%c9%99rari-gozl%c9%99yirl%c9%99r\\\/#primaryimage\"},\"thumbnailUrl\":\"https:\\\/\\\/www.meydan.tv\\\/wp-content\\\/uploads\\\/324730416_3055367907942940_3513402828747954512_n.png\",\"datePublished\":\"2025-09-16T13:25:16+00:00\",\"dateModified\":\"2025-09-16T13:25:18+00:00\",\"breadcrumb\":{\"@id\":\"https:\\\/\\\/www.meydan.tv\\\/az\\\/article\\\/toplum-tv-isi-hakiml%c9%99r-prezident-administrasiyasindan-g%c9%99l%c9%99c%c9%99k-q%c9%99rari-gozl%c9%99yirl%c9%99r\\\/#breadcrumb\"},\"inLanguage\":\"az\",\"potentialAction\":[{\"@type\":\"ReadAction\",\"target\":[\"https:\\\/\\\/www.meydan.tv\\\/az\\\/article\\\/toplum-tv-isi-hakiml%c9%99r-prezident-administrasiyasindan-g%c9%99l%c9%99c%c9%99k-q%c9%99rari-gozl%c9%99yirl%c9%99r\\\/\"]}]},{\"@type\":\"ImageObject\",\"inLanguage\":\"az\",\"@id\":\"https:\\\/\\\/www.meydan.tv\\\/az\\\/article\\\/toplum-tv-isi-hakiml%c9%99r-prezident-administrasiyasindan-g%c9%99l%c9%99c%c9%99k-q%c9%99rari-gozl%c9%99yirl%c9%99r\\\/#primaryimage\",\"url\":\"https:\\\/\\\/www.meydan.tv\\\/wp-content\\\/uploads\\\/324730416_3055367907942940_3513402828747954512_n.png\",\"contentUrl\":\"https:\\\/\\\/www.meydan.tv\\\/wp-content\\\/uploads\\\/324730416_3055367907942940_3513402828747954512_n.png\",\"width\":2210,\"height\":1080,\"caption\":\"Foto: Toplum TV\"},{\"@type\":\"BreadcrumbList\",\"@id\":\"https:\\\/\\\/www.meydan.tv\\\/az\\\/article\\\/toplum-tv-isi-hakiml%c9%99r-prezident-administrasiyasindan-g%c9%99l%c9%99c%c9%99k-q%c9%99rari-gozl%c9%99yirl%c9%99r\\\/#breadcrumb\",\"itemListElement\":[{\"@type\":\"ListItem\",\"position\":1,\"name\":\"Ana s\u0259hif\u0259\",\"item\":\"https:\\\/\\\/www.meydan.tv\\\/az\\\/\"},{\"@type\":\"ListItem\",\"position\":2,\"name\":\"X\u0259b\u0259rl\u0259r\",\"item\":\"https:\\\/\\\/www.meydan.tv\\\/az\\\/section\\\/xeberler\\\/\"},{\"@type\":\"ListItem\",\"position\":3,\"name\":\"\u201cToplum TV i\u015fi\u201d: \u201cHakiml\u0259r Prezident Administrasiyas\u0131ndan g\u0259l\u0259c\u0259k q\u0259rar\u0131 g\u00f6zl\u0259yirl\u0259r\u201d\"}]},{\"@type\":\"WebSite\",\"@id\":\"https:\\\/\\\/www.meydan.tv\\\/az\\\/#website\",\"url\":\"https:\\\/\\\/www.meydan.tv\\\/az\\\/\",\"name\":\"MEYDAN.TV\",\"description\":\"Meydan TV Az\u0259rbaycan\u0131n media m\u0259kan\u0131ndak\u0131 alternativ s\u0259sidir\",\"publisher\":{\"@id\":\"https:\\\/\\\/www.meydan.tv\\\/az\\\/#organization\"},\"potentialAction\":[{\"@type\":\"SearchAction\",\"target\":{\"@type\":\"EntryPoint\",\"urlTemplate\":\"https:\\\/\\\/www.meydan.tv\\\/az\\\/?s={search_term_string}\"},\"query-input\":{\"@type\":\"PropertyValueSpecification\",\"valueRequired\":true,\"valueName\":\"search_term_string\"}}],\"inLanguage\":\"az\"},{\"@type\":\"Organization\",\"@id\":\"https:\\\/\\\/www.meydan.tv\\\/az\\\/#organization\",\"name\":\"Meydan TV\",\"url\":\"https:\\\/\\\/www.meydan.tv\\\/az\\\/\",\"logo\":{\"@type\":\"ImageObject\",\"inLanguage\":\"az\",\"@id\":\"https:\\\/\\\/www.meydan.tv\\\/az\\\/#\\\/schema\\\/logo\\\/image\\\/\",\"url\":\"https:\\\/\\\/www.meydan.tv\\\/wp-content\\\/uploads\\\/2021\\\/07\\\/meydan-logo.svg\",\"contentUrl\":\"https:\\\/\\\/www.meydan.tv\\\/wp-content\\\/uploads\\\/2021\\\/07\\\/meydan-logo.svg\",\"width\":195,\"height\":46,\"caption\":\"Meydan TV\"},\"image\":{\"@id\":\"https:\\\/\\\/www.meydan.tv\\\/az\\\/#\\\/schema\\\/logo\\\/image\\\/\"}},{\"@type\":\"Person\",\"@id\":\"https:\\\/\\\/www.meydan.tv\\\/az\\\/#\\\/schema\\\/person\\\/49b5f2bad5b126bb8ea9320eeb3e4dc9\",\"name\":\"sevda\"}]}<\/script>\n<!-- \/ Yoast SEO plugin. -->","yoast_head_json":{"title":"\u201cToplum TV i\u015fi\u201d: \u201cHakiml\u0259r Prezident Administrasiyas\u0131ndan g\u0259l\u0259c\u0259k q\u0259rar\u0131 g\u00f6zl\u0259yirl\u0259r\u201d - MEYDAN.TV","robots":{"index":"index","follow":"follow","max-snippet":"max-snippet:-1","max-image-preview":"max-image-preview:large","max-video-preview":"max-video-preview:-1"},"canonical":"https:\/\/www.meydan.tv\/az\/article\/toplum-tv-isi-hakiml%c9%99r-prezident-administrasiyasindan-g%c9%99l%c9%99c%c9%99k-q%c9%99rari-gozl%c9%99yirl%c9%99r\/","og_locale":"az_AZ","og_type":"article","og_title":"\u201cToplum TV i\u015fi\u201d: \u201cHakiml\u0259r Prezident Administrasiyas\u0131ndan g\u0259l\u0259c\u0259k q\u0259rar\u0131 g\u00f6zl\u0259yirl\u0259r\u201d - MEYDAN.TV","og_description":"Bu g\u00fcn, sentyabr\u0131n 15-d\u0259 Bak\u0131 A\u011f\u0131r Cinay\u0259tl\u0259r M\u0259hk\u0259m\u0259sind\u0259 \u201cToplum TV ... Davam\u0131","og_url":"https:\/\/www.meydan.tv\/az\/article\/toplum-tv-isi-hakiml%c9%99r-prezident-administrasiyasindan-g%c9%99l%c9%99c%c9%99k-q%c9%99rari-gozl%c9%99yirl%c9%99r\/","og_site_name":"MEYDAN.TV","article_published_time":"2025-09-16T13:25:16+00:00","article_modified_time":"2025-09-16T13:25:18+00:00","og_image":[{"width":2210,"height":1080,"url":"https:\/\/www.meydan.tv\/wp-content\/uploads\/324730416_3055367907942940_3513402828747954512_n.png","type":"image\/png"}],"author":"sevda","twitter_card":"summary_large_image","schema":{"@context":"https:\/\/schema.org","@graph":[{"@type":"Article","@id":"https:\/\/www.meydan.tv\/az\/article\/toplum-tv-isi-hakiml%c9%99r-prezident-administrasiyasindan-g%c9%99l%c9%99c%c9%99k-q%c9%99rari-gozl%c9%99yirl%c9%99r\/#article","isPartOf":{"@id":"https:\/\/www.meydan.tv\/az\/article\/toplum-tv-isi-hakiml%c9%99r-prezident-administrasiyasindan-g%c9%99l%c9%99c%c9%99k-q%c9%99rari-gozl%c9%99yirl%c9%99r\/"},"author":{"name":"sevda","@id":"https:\/\/www.meydan.tv\/az\/#\/schema\/person\/49b5f2bad5b126bb8ea9320eeb3e4dc9"},"headline":"\u201cToplum TV i\u015fi\u201d: \u201cHakiml\u0259r Prezident Administrasiyas\u0131ndan g\u0259l\u0259c\u0259k q\u0259rar\u0131 g\u00f6zl\u0259yirl\u0259r\u201d","datePublished":"2025-09-16T13:25:16+00:00","dateModified":"2025-09-16T13:25:18+00:00","mainEntityOfPage":{"@id":"https:\/\/www.meydan.tv\/az\/article\/toplum-tv-isi-hakiml%c9%99r-prezident-administrasiyasindan-g%c9%99l%c9%99c%c9%99k-q%c9%99rari-gozl%c9%99yirl%c9%99r\/"},"wordCount":539,"publisher":{"@id":"https:\/\/www.meydan.tv\/az\/#organization"},"image":{"@id":"https:\/\/www.meydan.tv\/az\/article\/toplum-tv-isi-hakiml%c9%99r-prezident-administrasiyasindan-g%c9%99l%c9%99c%c9%99k-q%c9%99rari-gozl%c9%99yirl%c9%99r\/#primaryimage"},"thumbnailUrl":"https:\/\/www.meydan.tv\/wp-content\/uploads\/324730416_3055367907942940_3513402828747954512_n.png","articleSection":["T\u00f6vsiy\u0259","X\u0259b\u0259rl\u0259r"],"inLanguage":"az"},{"@type":"WebPage","@id":"https:\/\/www.meydan.tv\/az\/article\/toplum-tv-isi-hakiml%c9%99r-prezident-administrasiyasindan-g%c9%99l%c9%99c%c9%99k-q%c9%99rari-gozl%c9%99yirl%c9%99r\/","url":"https:\/\/www.meydan.tv\/az\/article\/toplum-tv-isi-hakiml%c9%99r-prezident-administrasiyasindan-g%c9%99l%c9%99c%c9%99k-q%c9%99rari-gozl%c9%99yirl%c9%99r\/","name":"\u201cToplum TV i\u015fi\u201d: \u201cHakiml\u0259r Prezident Administrasiyas\u0131ndan g\u0259l\u0259c\u0259k q\u0259rar\u0131 g\u00f6zl\u0259yirl\u0259r\u201d - MEYDAN.TV","isPartOf":{"@id":"https:\/\/www.meydan.tv\/az\/#website"},"primaryImageOfPage":{"@id":"https:\/\/www.meydan.tv\/az\/article\/toplum-tv-isi-hakiml%c9%99r-prezident-administrasiyasindan-g%c9%99l%c9%99c%c9%99k-q%c9%99rari-gozl%c9%99yirl%c9%99r\/#primaryimage"},"image":{"@id":"https:\/\/www.meydan.tv\/az\/article\/toplum-tv-isi-hakiml%c9%99r-prezident-administrasiyasindan-g%c9%99l%c9%99c%c9%99k-q%c9%99rari-gozl%c9%99yirl%c9%99r\/#primaryimage"},"thumbnailUrl":"https:\/\/www.meydan.tv\/wp-content\/uploads\/324730416_3055367907942940_3513402828747954512_n.png","datePublished":"2025-09-16T13:25:16+00:00","dateModified":"2025-09-16T13:25:18+00:00","breadcrumb":{"@id":"https:\/\/www.meydan.tv\/az\/article\/toplum-tv-isi-hakiml%c9%99r-prezident-administrasiyasindan-g%c9%99l%c9%99c%c9%99k-q%c9%99rari-gozl%c9%99yirl%c9%99r\/#breadcrumb"},"inLanguage":"az","potentialAction":[{"@type":"ReadAction","target":["https:\/\/www.meydan.tv\/az\/article\/toplum-tv-isi-hakiml%c9%99r-prezident-administrasiyasindan-g%c9%99l%c9%99c%c9%99k-q%c9%99rari-gozl%c9%99yirl%c9%99r\/"]}]},{"@type":"ImageObject","inLanguage":"az","@id":"https:\/\/www.meydan.tv\/az\/article\/toplum-tv-isi-hakiml%c9%99r-prezident-administrasiyasindan-g%c9%99l%c9%99c%c9%99k-q%c9%99rari-gozl%c9%99yirl%c9%99r\/#primaryimage","url":"https:\/\/www.meydan.tv\/wp-content\/uploads\/324730416_3055367907942940_3513402828747954512_n.png","contentUrl":"https:\/\/www.meydan.tv\/wp-content\/uploads\/324730416_3055367907942940_3513402828747954512_n.png","width":2210,"height":1080,"caption":"Foto: Toplum TV"},{"@type":"BreadcrumbList","@id":"https:\/\/www.meydan.tv\/az\/article\/toplum-tv-isi-hakiml%c9%99r-prezident-administrasiyasindan-g%c9%99l%c9%99c%c9%99k-q%c9%99rari-gozl%c9%99yirl%c9%99r\/#breadcrumb","itemListElement":[{"@type":"ListItem","position":1,"name":"Ana s\u0259hif\u0259","item":"https:\/\/www.meydan.tv\/az\/"},{"@type":"ListItem","position":2,"name":"X\u0259b\u0259rl\u0259r","item":"https:\/\/www.meydan.tv\/az\/section\/xeberler\/"},{"@type":"ListItem","position":3,"name":"\u201cToplum TV i\u015fi\u201d: \u201cHakiml\u0259r Prezident Administrasiyas\u0131ndan g\u0259l\u0259c\u0259k q\u0259rar\u0131 g\u00f6zl\u0259yirl\u0259r\u201d"}]},{"@type":"WebSite","@id":"https:\/\/www.meydan.tv\/az\/#website","url":"https:\/\/www.meydan.tv\/az\/","name":"MEYDAN.TV","description":"Meydan TV Az\u0259rbaycan\u0131n media m\u0259kan\u0131ndak\u0131 alternativ s\u0259sidir","publisher":{"@id":"https:\/\/www.meydan.tv\/az\/#organization"},"potentialAction":[{"@type":"SearchAction","target":{"@type":"EntryPoint","urlTemplate":"https:\/\/www.meydan.tv\/az\/?s={search_term_string}"},"query-input":{"@type":"PropertyValueSpecification","valueRequired":true,"valueName":"search_term_string"}}],"inLanguage":"az"},{"@type":"Organization","@id":"https:\/\/www.meydan.tv\/az\/#organization","name":"Meydan TV","url":"https:\/\/www.meydan.tv\/az\/","logo":{"@type":"ImageObject","inLanguage":"az","@id":"https:\/\/www.meydan.tv\/az\/#\/schema\/logo\/image\/","url":"https:\/\/www.meydan.tv\/wp-content\/uploads\/2021\/07\/meydan-logo.svg","contentUrl":"https:\/\/www.meydan.tv\/wp-content\/uploads\/2021\/07\/meydan-logo.svg","width":195,"height":46,"caption":"Meydan TV"},"image":{"@id":"https:\/\/www.meydan.tv\/az\/#\/schema\/logo\/image\/"}},{"@type":"Person","@id":"https:\/\/www.meydan.tv\/az\/#\/schema\/person\/49b5f2bad5b126bb8ea9320eeb3e4dc9","name":"sevda"}]}},"_links":{"self":[{"href":"https:\/\/www.meydan.tv\/az\/wp-json\/wp\/v2\/posts\/335255","targetHints":{"allow":["GET"]}}],"collection":[{"href":"https:\/\/www.meydan.tv\/az\/wp-json\/wp\/v2\/posts"}],"about":[{"href":"https:\/\/www.meydan.tv\/az\/wp-json\/wp\/v2\/types\/post"}],"author":[{"embeddable":true,"href":"https:\/\/www.meydan.tv\/az\/wp-json\/wp\/v2\/users\/16"}],"replies":[{"embeddable":true,"href":"https:\/\/www.meydan.tv\/az\/wp-json\/wp\/v2\/comments?post=335255"}],"version-history":[{"count":2,"href":"https:\/\/www.meydan.tv\/az\/wp-json\/wp\/v2\/posts\/335255\/revisions"}],"predecessor-version":[{"id":335258,"href":"https:\/\/www.meydan.tv\/az\/wp-json\/wp\/v2\/posts\/335255\/revisions\/335258"}],"wp:featuredmedia":[{"embeddable":true,"href":"https:\/\/www.meydan.tv\/az\/wp-json\/wp\/v2\/media\/300596"}],"wp:attachment":[{"href":"https:\/\/www.meydan.tv\/az\/wp-json\/wp\/v2\/media?parent=335255"}],"wp:term":[{"taxonomy":"category","embeddable":true,"href":"https:\/\/www.meydan.tv\/az\/wp-json\/wp\/v2\/categories?post=335255"},{"taxonomy":"post_tag","embeddable":true,"href":"https:\/\/www.meydan.tv\/az\/wp-json\/wp\/v2\/tags?post=335255"}],"curies":[{"name":"wp","href":"https:\/\/api.w.org\/{rel}","templated":true}]}}