{"id":335242,"date":"2025-09-16T17:18:30","date_gmt":"2025-09-16T13:18:30","guid":{"rendered":"https:\/\/www.meydan.tv\/?p=335242"},"modified":"2025-09-16T21:30:36","modified_gmt":"2025-09-16T17:30:36","slug":"t%c9%99vavuz%c9%99-m%c9%99ruz-qalan-yeniyetm%c9%99nin-atasi-usagim-m%c9%99kt%c9%99bind%c9%99n-getdiyi-kurslardan-qovuldu","status":"publish","type":"post","link":"https:\/\/www.meydan.tv\/az\/article\/t%c9%99vavuz%c9%99-m%c9%99ruz-qalan-yeniyetm%c9%99nin-atasi-usagim-m%c9%99kt%c9%99bind%c9%99n-getdiyi-kurslardan-qovuldu\/","title":{"rendered":"T\u0259cav\u00fcz\u0259 m\u0259ruz qalan yeniyetm\u0259nin atas\u0131: \u201cU\u015fa\u011f\u0131m m\u0259kt\u0259bind\u0259n, getdiyi kurslardan qovuldu\u201d"},"content":{"rendered":"\n<p><strong>Nax\u00e7\u0131vanda 4 n\u0259f\u0259r t\u0259r\u0259find\u0259n t\u0259cav\u00fcz\u0259 m\u0259ruz qalan 15 ya\u015fl\u0131 yeniyetm\u0259nin atas\u0131 Novruz Musayev o\u011flunun m\u0259kt\u0259bd\u0259n v\u0259 getdiyi kurslardan da qovuldu\u011funu bildirir. <\/strong><\/p>\n\n\n\n<p>Ata h\u0259m d\u0259 o\u011fluna t\u0259cav\u00fczd\u0259 ittiham olunanlara veril\u0259n c\u0259zan\u0131n y\u00fcng\u00fcl oldu\u011funu iddia edir. O deyir ki, t\u0259cav\u00fczkarlardan biri s\u00fcbut olmad\u0131\u011f\u0131ndan haz\u0131rda azadl\u0131qdad\u0131r. Dig\u0259r iki n\u0259f\u0259rd\u0259n biri 9 ay, o biri 1 il c\u0259za al\u0131b. M\u00fclki \u015f\u0259xsin is\u0259 m\u0259hk\u0259m\u0259si davam edir.\u00a0<\/p>\n\n\n\n<p>Art\u0131q bir ne\u00e7\u0259 ayd\u0131r ki, yetkinlik ya\u015f\u0131na \u00e7atmayan \u00f6vlad\u0131 \u00fc\u00e7\u00fcn \u0259dal\u0259t t\u0259l\u0259b ed\u0259n atan\u0131n Meydan TV-y\u0259 s\u00f6yl\u0259dikl\u0259rini oldu\u011fu kimi t\u0259qdim edirik:\u00a0\u00a0<\/p>\n\n\n\n<p>\u201cU\u015faq h\u0259ft\u0259nin 2 g\u00fcn\u00fc Nax\u00e7\u0131vana kursa gedirdi, 2 g\u00fcn\u00fc d\u0259 m\u00fcalic\u0259 al\u0131rd\u0131. D\u0259ri x\u0259st\u0259liyi var, lazer\u0259 gedirdi. \u018fvv\u0259ll\u0259r telefonu var idi. Sonra bir g\u00fcn anas\u0131na dedi ki, telefonu q\u0131rm\u0131\u015fam. Anas\u0131 m\u0259kt\u0259bd\u0259 xadim\u0259 i\u015fl\u0259yir. M\u0259n d\u0259 dedim ki, daha s\u0259n\u0259 telefon almayacam, m\u0259nim imkan\u0131m yoxdu, bo\u011faz\u0131m\u0131za ancaq \u00e7atd\u0131r\u0131ram. Telefon q\u0131r\u0131landan 2-3 ay sonra, anas\u0131 m\u0259kt\u0259bd\u0259n qay\u0131danda m\u0259n\u0259 dedi ki, Novruz, dey\u0259s\u0259n o\u011flumuz telefon i\u015fl\u0259dir. M\u0259n d\u0259 u\u015faqdan soru\u015fdum ki, telefon i\u015fl\u0259dirs\u0259n? Dedi &#8211; yox. 2025-ci il mart\u0131n 13-\u00fc idi, u\u015faq h\u0259min g\u00fcn evd\u0259n qa\u00e7d\u0131, 1 g\u00fcn evd\u0259 qalmad\u0131. Mart\u0131n 15-i ax\u015fam m\u0259n K\u0259ng\u0259rli Rayon Polis \u015e\u00f6b\u0259sin\u0259 m\u00fcraci\u0259t etdim. Bildirdim ki, u\u015faq evd\u0259n qa\u00e7\u0131b, ax\u015fam ev\u0259 g\u0259lm\u0259yib, xahi\u015f edir\u0259m, u\u015fa\u011f\u0131 tap\u0131n, telefonu da var, onu da yoxlay\u0131n. Polisd\u0259n xahi\u015f etdim ki, telefonu yoxlas\u0131n ki, b\u0259lk\u0259 u\u015fa\u011f\u0131ma n\u0259\u015f\u0259 satd\u0131r\u0131blar, b\u0259lk\u0259 ba\u015f\u0131na oyun a\u00e7\u0131blar, bizim x\u0259b\u0259rimiz yoxdur.&nbsp;<\/p>\n\n\n\n<h4 class=\"wp-block-heading\"><strong><em>&#8220;Bu u\u015fa\u011f\u0131 otel\u0259 nec\u0259 q\u0259bul edibl\u0259r, bilmir\u0259m&#8221;<\/em><\/strong><\/h4>\n\n\n\n<p>Sa\u011f olsun polis, u\u015fa\u011f\u0131 tap\u0131b g\u0259tirdi, 2 g\u00fcn telefonu yoxlad\u0131lar. \u0130ki g\u00fcn sonra polis bizi \u00e7a\u011f\u0131rd\u0131 v\u0259 bildirdi ki, sizin \u00f6vlad\u0131n\u0131za 4 n\u0259f\u0259r t\u0259cav\u00fcz edib. Onlardan 3 n\u0259f\u0259ri h\u0259rbi\u00e7i, 1 n\u0259f\u0259r is\u0259 m\u00fclki v\u0259t\u0259nda\u015fd\u0131r. S\u0259nan P\u0259nahov adl\u0131 \u015f\u0259xs o\u011fluma gizlic\u0259 telefon v\u0259 n\u00f6mr\u0259 al\u0131b. Telefonda da yaz\u0131\u015fmalar var idi. U\u015faq da bunu biz\u0259 dem\u0259yib. N\u0259 olur olsun, n\u0259tic\u0259d\u0259 u\u015faqd\u0131r, qorxub. H\u0259min o S\u0259nan deyil\u0259n \u015f\u0259xs u\u015fa\u011f\u0131m\u0131 apar\u0131b \u00f6z evin\u0259, 1 g\u00fcn u\u015faq orada qal\u0131b v\u0259 orada da u\u015fa\u011f\u0131ma t\u0259cav\u00fcz edib. Daha sonra o\u011flumu apar\u0131b, oteld\u0259 t\u0259cav\u00fcz edib. Bu u\u015fa\u011f\u0131 otel\u0259 nec\u0259 q\u0259bul edibl\u0259r, bilmir\u0259m. 15 ya\u015f\u0131ndak\u0131 u\u015fa\u011f\u0131 niy\u0259 otel\u0259 q\u0259bul edirl\u0259r? M\u0259nim u\u015fa\u011f\u0131m\u0131 \u015f\u0259h\u0259rd\u0259 kiray\u0259 ev tutub, t\u0259cav\u00fcz edib. Bu adam nec\u0259 h\u0259rbid\u0259 i\u015fl\u0259yir?&nbsp;&nbsp;<\/p>\n\n\n\n<p>M\u0259n bunlar\u0131n ham\u0131s\u0131n\u0131 o\u011flumun polis\u0259 verdiyi ifad\u0259d\u0259n oxumu\u015fam. \u00d6z\u00fcm d\u0259hlizd\u0259 oturdum ki, o\u011flum m\u0259nd\u0259n utanar, qoy h\u0259r \u015feyi rahat dan\u0131\u015fs\u0131n, \u00fcst\u0259lik tap\u015f\u0131rd\u0131m ki, h\u0259r \u015feyi oldu\u011fu kimi dan\u0131\u015f ki, polis onlar\u0131n c\u0259zas\u0131n\u0131 versin.&nbsp;<\/p>\n\n\n\n<p>U\u015fa\u011fa 15-20 manat pul verib, deyibl\u0259r ki, valideynl\u0259rin\u0259 des\u0259n s\u0259ni \u00f6ld\u00fcr\u0259c\u0259yik. O\u011flum da qorxub ki, anam-atam bils\u0259 m\u0259ni \u00f6ld\u00fcr\u0259c\u0259kl\u0259r. Ona g\u00f6r\u0259 d\u0259 u\u015fa\u011f\u0131 hara \u00e7a\u011f\u0131rsalar gedirmi\u015f.&nbsp;<\/p>\n\n\n\n<h4 class=\"wp-block-heading\">&#8220;<strong><em>Qorxudublar ki, raz\u0131 olmasan valideynl\u0259rin\u0259 dey\u0259c\u0259yik, s\u0259ni \u00f6ld\u00fcr\u0259c\u0259kl\u0259r<\/em><\/strong>&#8220;<\/h4>\n\n\n\n<p>\u00d6vlad\u0131m ifad\u0259sind\u0259 4 n\u0259f\u0259ri d\u0259 qeyd edib. \u0130ndi h\u0259rbi\u00e7il\u0259rd\u0259n birini s\u0259rb\u0259st burax\u0131blar, birin\u0259 9 ay veribl\u0259r, birin\u0259 1 il. M\u00fclki v\u0259t\u0259nda\u015f\u0131n m\u0259hk\u0259m\u0259si h\u0259l\u0259 d\u0259 davam edir. U\u015faq biz\u0259 dedi ki, telefonda yaz\u0131\u015f\u0131rd\u0131q. Bunlar MAXE-l\u0259rdir, ba\u015f leytnantd\u0131r, gizirdir. Hadis\u0259ni t\u00f6r\u0259d\u0259nl\u0259rd\u0259n biri bunu qarda\u015f\u0131na dan\u0131\u015fandan sonra qarda\u015f\u0131 u\u015fa\u011f\u0131 tap\u0131b, h\u0259d\u0259l\u0259yib v\u0259 sonra \u00e7\u00f6ll\u00fck \u0259razid\u0259 u\u015fa\u011fa t\u0259cav\u00fcz edib. Qorxudublar ki, raz\u0131 olmasan valideynl\u0259rin\u0259 dey\u0259c\u0259yik, s\u0259ni \u00f6ld\u00fcr\u0259c\u0259kl\u0259r. \u0130zahat\u0131nda da b\u00fct\u00fcn bunlar\u0131 qeyd edib.&nbsp;<\/p>\n\n\n\n<p>\u0130ndi u\u015fa\u011fa t\u0259cav\u00fcz ed\u0259n \u015f\u0259xsl\u0259rd\u0259n biri azadl\u0131qdad\u0131r. Cinay\u0259t i\u015fi a\u00e7\u0131l\u0131b bu \u015f\u0259xsl\u0259r\u0259. Amma 3 n\u0259f\u0259r h\u0259rbi\u00e7i oldu\u011funa g\u00f6r\u0259 i\u015f\u0259 H\u0259rbi Prokurorluq baxmal\u0131 idi. Bundan sonra i\u015fi verdil\u0259r H\u0259rbi Prokurorlu\u011fa, s\u0259n\u0259dl\u0259r haz\u0131rland\u0131. H\u0259rbi Prokurorlu\u011fun m\u00fcst\u0259ntiqi biz\u0259 bildirdi ki, bir n\u0259f\u0259rin s\u0259n\u0259dini m\u0259hk\u0259m\u0259y\u0259 g\u00f6nd\u0259rmi\u015f\u0259m, ikisinin&nbsp; d\u0259 s\u0259n\u0259dini bu h\u0259ft\u0259 g\u00f6nd\u0259r\u0259c\u0259y\u0259m. 3 g\u00fcn sonra m\u00fcst\u0259ntiq yenid\u0259n bizi \u00e7a\u011f\u0131randa bildirdi ki, \u018fs\u0259dov qarda\u015flar\u0131ndan biri bar\u0259d\u0259 he\u00e7 bir s\u00fcbut yoxdur, s\u0259rb\u0259st burax\u0131ld\u0131. Dedim ki, m\u0259n 5 ayd\u0131r bura g\u0259lib gedir\u0259m. Niy\u0259 m\u0259n\u0259 demirsiniz he\u00e7 n\u0259 tapa bilmirik. M\u00fcst\u0259ntiq bildirdi ki, ya videog\u00f6r\u00fcnt\u00fc ya da yaz\u0131\u015fma olmal\u0131d\u0131r. H\u0259min s\u0259rb\u0259st burax\u0131lan adam da \u00f6z telefonunu yox, \u00f6l\u0259n anas\u0131n\u0131n telefonunu vermi\u015fdi inc\u0259l\u0259m\u0259y\u0259. Ona g\u00f6r\u0259 d\u0259 onu s\u0259rb\u0259st buraxd\u0131lar.&nbsp;<\/p>\n\n\n\n<blockquote class=\"wp-block-quote is-layout-flow wp-block-quote-is-layout-flow\">\n<p><strong><em>Tibbi ekspertiza r\u0259yi d\u0259 g\u00f6st\u0259rir ki, u\u015fa\u011fa d\u0259f\u0259l\u0259rl\u0259 t\u0259cav\u00fcz edilib. M\u00fcst\u0259ntiq dedi ki, o bizd\u0259 say\u0131lm\u0131r, ke\u00e7\u0259rli deyil.&nbsp;<\/em><\/strong><\/p>\n<\/blockquote>\n\n\n\n<p>Amma u\u015faq ekspertizadan ke\u00e7ib, ekspertizan\u0131n r\u0259yi var. Ke\u00e7m\u0259s\u0259 m\u0259n bu c\u00fcr f\u0259ryad etm\u0259r\u0259m. Qald\u0131\u011f\u0131m bu k\u0259ndd\u0259 m\u0259nim u\u015fa\u011f\u0131m\u0131 he\u00e7 kim tan\u0131m\u0131r. K\u0259ndin lap q\u0131ra\u011f\u0131ndayam, qon\u015fu k\u0259nd\u0259 yax\u0131nam. M\u0259nim indi evimin solunda, sa\u011f\u0131nda h\u0259rbi\u00e7il\u0259r var, i\u015f\u0259 gedib g\u0259lirl\u0259r. Niy\u0259 u\u015faq deyir ki, illah ki, m\u0259n\u0259 bu adam t\u0259cav\u00fcz edib? Qoy m\u0259nim qon\u015fular\u0131m\u0131 desin. U\u015faq \u00f6z\u00fc g\u00f6st\u0259rib ki, bunlar m\u0259n\u0259 t\u0259cav\u00fcz edib.<\/p>\n\n\n\n<p>Qarda\u015flardan biri \u018fs\u0259dov S\u0259buhi S\u0259m\u0259d o\u011flu, o biri \u018fs\u0259dov Araz S\u0259m\u0259d o\u011fludur. Bunlardan biri evlidir. H\u0259min bu s\u0259rb\u0259st qalan adam 3 d\u0259f\u0259 f\u0259rqli-f\u0259rqli yerl\u0259rd\u0259 u\u015fa\u011fa zorla t\u0259cav\u00fcz edib.&nbsp; N\u0259 bir m\u00fcst\u0259ntiq g\u0259lib ki, apar g\u00f6st\u0259r g\u00f6r\u00fcm ki, nec\u0259 olub, harda olub, inand\u0131r\u0131c\u0131d\u0131r ya inand\u0131r\u0131c\u0131 deyil? He\u00e7 kim soru\u015fmay\u0131b. El\u0259 getdik ora, dedil\u0259r &#8211; \u0259n a\u011f\u0131r c\u0259za ver\u0259c\u0259yik. 7 ay \u0259ziyy\u0259t \u00e7\u0259kdim, he\u00e7 bir yerd\u0259 i\u015fl\u0259y\u0259 bilm\u0259dim. \u0130ndi qorxudan oturmu\u015fam u\u015fa\u011f\u0131n yan\u0131nda ki, adam \u0259lini qolunu sallayaraq g\u0259zir. U\u015fa\u011f\u0131 \u00f6ld\u00fcrs\u0259, dey\u0259c\u0259kl\u0259r el\u0259 atas\u0131 \u00f6ld\u00fcr\u00fcb u\u015fa\u011f\u0131.<\/p>\n\n\n\n<blockquote class=\"wp-block-quote is-layout-flow wp-block-quote-is-layout-flow\">\n<p><strong><em>\u201cDirektor m\u00fcavini dedi ki, hara \u015fikay\u0259t edirs\u0259n et, biz sizin u\u015fa\u011f\u0131n\u0131z\u0131 m\u0259kt\u0259b\u0259 qoymuruq\u201d<\/em><\/strong><\/p>\n<\/blockquote>\n\n\n\n<p>M\u0259nim u\u015fa\u011f\u0131m m\u0259kt\u0259bind\u0259n qovuldu, getdiyi kurslardan qovuldu. 3 ildir m\u0259n u\u015fa\u011f\u0131m\u0131 haz\u0131rl\u0131qlara g\u00f6nd\u0259rirdim, b\u00fct\u00fcn \u00e7\u0259kdiyim x\u0259rcl\u0259rin ham\u0131s\u0131 batd\u0131. Bu t\u0259cav\u00fczl\u0259 ba\u011fl\u0131 olay \u00e7\u0131xandan sonra, dem\u0259k olar ki, h\u0259r g\u00fcn u\u015fa\u011f\u0131 apar\u0131rd\u0131m prokurorlu\u011fa, ondan izahat al\u0131rd\u0131lar. M\u0259n d\u0259 m\u0259kt\u0259b\u0259 gedib, \u0259riz\u0259 yazd\u0131m. Dedim &#8211; bel\u0259 bir hadis\u0259 olub, valideyn kimi \u0259riz\u0259 yaz\u0131b qoydum ki, u\u015fa\u011f\u0131n x\u0259st\u0259liyi il\u0259 ba\u011fl\u0131 bir m\u00fcdd\u0259t m\u0259kt\u0259b\u0259 g\u0259l\u0259 bilm\u0259y\u0259c\u0259k. Ondan sonra, hardasa ay yar\u0131m bundan qabaq yolda\u015f\u0131mla m\u0259ni \u00e7a\u011f\u0131rd\u0131lar ki, biz sizin u\u015fa\u011f\u0131n\u0131z\u0131 m\u0259kt\u0259bd\u0259 ist\u0259mirik. U\u015faqlar ic\u0259\u015f\u0259c\u0259k sizin o\u011flunuzla, siz d\u0259 g\u0259l\u0259c\u0259ksiniz, sava\u015facaqs\u0131n\u0131z biziml\u0259, valideynl\u0259r d\u0259 q\u0131racaq bir-birini. Ax\u0131rda g\u00f6rd\u00fcl\u0259r ki, m\u0259n \u0259l \u00e7\u0259kmir\u0259m, direktor m\u00fcavini dedi ki, hara \u015fikay\u0259t edirs\u0259n et, biz sizin u\u015fa\u011f\u0131n\u0131z\u0131 m\u0259kt\u0259b\u0259 qoymuruq.<br>Tibb kursuna gedirdi, oradan da qovulub. Oldu he\u00e7 n\u0259, bir d\u0259n\u0259 yar\u0131m adam.&nbsp;<\/p>\n\n\n\n<p>Kursdan S\u0259nan P\u0259nahov m\u00fc\u0259llimind\u0259n icaz\u0259 al\u0131b o\u011flumu apar\u0131rm\u0131\u015f, deyirmi\u015f ki, \u0259misi o\u011fludur. Bizim he\u00e7 bir \u015feyd\u0259n x\u0259b\u0259rimiz olmay\u0131b. M\u00fc\u0259llim d\u0259 ara\u015fd\u0131r\u0131b ki, bu adam u\u015fa\u011f\u0131n \u0259misi o\u011flu deyil. M\u0259nim qarda\u015f\u0131m\u0131n q\u0131z\u0131 da h\u0259min kursda oxuyur, qarda\u015f\u0131m\u0131n q\u0131z\u0131 h\u0259min m\u00fc\u0259llim\u0259 deyib ki, yalan deyir, onda o adam g\u0259r\u0259k m\u0259nim d\u0259 \u0259mimo\u011flu ola. Ondan sonra u\u015fa\u011f\u0131 kursdan \u00e7\u0131xard\u0131b. U\u015fa\u011fa z\u0259ng edib ki, s\u0259ni kursdan \u00e7\u0131xard\u0131ram. U\u015faq da telefonu \u00e7\u0131rp\u0131r yer\u0259, q\u0131r\u0131b.&nbsp;<br><br>Sonra m\u00fc\u0259llim qarda\u015f\u0131ma z\u0259ng edir, qarda\u015f\u0131m da deyib ki, atas\u0131na dem\u0259 o \u0259s\u0259bidi, onu d\u00f6y\u00fcb \u00f6ld\u00fcr\u0259c\u0259k. Ka\u015f ki des\u0259ydi, m\u0259n o vaxt d\u00fc\u015f\u0259rdim bu m\u0259s\u0259l\u0259nin \u00fcst\u00fcn\u0259.&nbsp;<\/p>\n\n\n\n<h4 class=\"wp-block-heading\"><strong><em>\u201cOnda qaba\u011f\u0131ma ke\u00e7\u0259n\u0259 t\u0259cav\u00fcz edib, 9 ay yat\u0131b \u00e7\u0131xaram da\u201d&nbsp;<\/em><\/strong><\/h4>\n\n\n\n<p>He\u00e7 bir d\u00f6vl\u0259t qurumu maraqlanm\u0131r. U\u015fa\u011f\u0131 m\u00fcalic\u0259y\u0259, psixoloqa da apard\u0131m. Ham\u0131s\u0131 dedi ki, u\u015faq normald\u0131r. \u0130ndi bunu m\u0259hk\u0259m\u0259, prokuror bil\u0259-bil\u0259 ham\u0131s\u0131 t\u0259cav\u00fcz ed\u0259nl\u0259rin t\u0259r\u0259find\u0259dirl\u0259r. 6-7 ayd\u0131r yolda\u015f\u0131m\u0131n a\u011flamaqdan g\u00f6zl\u0259ri kor olub. Gec\u0259l\u0259ri yuxu yata bilmir\u0259m, \u00fcr\u0259yim partlay\u0131r. Gec\u0259miz- g\u00fcnd\u00fcz\u00fcm\u00fcz yoxdur. Ail\u0259likc\u0259 ham\u0131m\u0131z\u0131n psixologiyas\u0131 pozulub, sars\u0131nt\u0131 i\u00e7\u0259risind\u0259yik. U\u015fa\u011f\u0131 evd\u0259n \u00e7\u00f6l\u0259 buraxma\u011fa qorxuram ki, t\u0259cav\u00fcz ed\u0259nin biri \u00e7\u00f6ld\u0259 s\u0259rb\u0259st g\u0259zir. Yolda vurub u\u015fa\u011f\u0131m\u0131 \u00f6ld\u00fcrs\u0259 prokuror dey\u0259c\u0259k ki, \u00f6z\u00fcn \u00f6ld\u00fcr\u00fcbs\u0259n. \u0130mkan\u0131m yoxdur dey\u0259, v\u0259kil d\u0259 tuta bilmir\u0259m.&nbsp;<\/p>\n\n\n\n<p>Sentyabr\u0131n 10-da m\u0259hk\u0259m\u0259nin bax\u0131\u015f iclas\u0131 ke\u00e7irildi bir iki c\u00fcml\u0259 il\u0259. M\u0259hk\u0259m\u0259d\u0259 9 ay i\u015f vermi\u015fdil\u0259r, ona etiraz etdim. Getdim \u0259lav\u0259 300 manat verdim v\u0259kil\u0259, m\u0259ktub yazd\u0131rd\u0131m apellyasiya m\u0259hk\u0259m\u0259sin\u0259 ki, 9 ay i\u015f n\u0259dir ki? Onda qaba\u011f\u0131ma ke\u00e7\u0259n\u0259 t\u0259cav\u00fcz edib, 9 ay yat\u0131b \u00e7\u0131xaram da.&nbsp;<\/p>\n\n\n\n<p>D\u0259f\u0259l\u0259rl\u0259 \u00e7\u00f6ll\u00fck \u0259razid\u0259 S\u0259nan P\u0259nahov o\u011fluma t\u0259cav\u00fcz edib. M\u0259hk\u0259m\u0259 bunlar\u0131 bil\u0259-bil\u0259 he\u00e7 birini n\u0259z\u0259r\u0259 alm\u0131r, amma t\u0259cav\u00fcz ed\u0259nin u\u015fa\u011f\u0131n\u0131 n\u0259z\u0259r\u0259 al\u0131b, ona 9 ay i\u015f verib. Vur\u011fulad\u0131m ki, prokuror, m\u0259hk\u0259m\u0259, m\u00fcst\u0259ntiq ham\u0131s\u0131 t\u0259cav\u00fcz ed\u0259nl\u0259rin t\u0259r\u0259fini saxlad\u0131, hakim d\u0259 m\u0259n\u0259 dedi ki, prokuror s\u0259nin t\u0259r\u0259fini saxlay\u0131b, ka\u011f\u0131z g\u00f6nd\u0259rib ki, i\u015fi art\u0131r\u0131ls\u0131n. M\u0259n d\u0259 dedim ki, prokuror g\u00f6rd\u00fc ki, yolda\u015f\u0131m sosial \u015f\u0259b\u0259k\u0259l\u0259rd\u0259 bir ana kimi f\u0259ryad edib \u00f6z\u00fcn\u00fc yer\u0259 \u00e7\u0131rpd\u0131 ki, bunlar c\u0259zas\u0131n\u0131 als\u0131n, prokuror qorxudan onu g\u00f6nd\u0259rdi. Y\u0259ni ki, guya h\u0259 biz d\u0259 ist\u0259yirik ki, bu, c\u0259zas\u0131n\u0131 als\u0131n\u201d.&nbsp;<\/p>\n\n\n\n<pre class=\"wp-block-verse has-global-color-7-color has-text-color has-link-color wp-elements-7fca8d2003dfe6bd0c0d4aa36cccb03f\"><strong><em>Yetkinlik ya\u015f\u0131na \u00e7atmayan t\u0259cav\u00fcz qurban\u0131 m\u0259kt\u0259bd\u0259n nec\u0259 qovula bil\u0259r? Bu kimi insidentl\u0259r\u0259 aidiyyat\u0131 d\u00f6vl\u0259t v\u0259 qeyri-h\u00f6kum\u0259t qurumlar\u0131n\u0131n reaksiyas\u0131 nec\u0259 olmal\u0131d\u0131r? T\u0259hsil kursunda d\u0259rs dey\u0259n m\u00fc\u0259llim \u0259slind\u0259 nec\u0259 davranmal\u0131 idi? <\/em><\/strong><\/pre>\n\n\n\n<p><strong>Bu\u00a0v\u0259 dig\u0259r suallara n\u00f6vb\u0259ti materiallar\u0131m\u0131zda cavab tapma\u011fa \u00e7al\u0131\u015faca\u011f\u0131q.<\/strong><\/p>\n\n\n\n<p><\/p>\n","protected":false},"excerpt":{"rendered":"<p>Nax\u00e7\u0131vanda 4 n\u0259f\u0259r t\u0259r\u0259find\u0259n t\u0259cav\u00fcz\u0259 m\u0259ruz qalan 15 ya\u015fl\u0131 yeniyetm\u0259nin &#8230; <\/p>\n<p class=\"read-more-container\"><a title=\"T\u0259cav\u00fcz\u0259 m\u0259ruz qalan yeniyetm\u0259nin atas\u0131: \u201cU\u015fa\u011f\u0131m m\u0259kt\u0259bind\u0259n, getdiyi kurslardan qovuldu\u201d\" class=\"read-more button\" href=\"https:\/\/www.meydan.tv\/az\/article\/t%c9%99vavuz%c9%99-m%c9%99ruz-qalan-yeniyetm%c9%99nin-atasi-usagim-m%c9%99kt%c9%99bind%c9%99n-getdiyi-kurslardan-qovuldu\/#more-335242\" aria-label=\"Read more about T\u0259cav\u00fcz\u0259 m\u0259ruz qalan yeniyetm\u0259nin atas\u0131: \u201cU\u015fa\u011f\u0131m m\u0259kt\u0259bind\u0259n, getdiyi kurslardan qovuldu\u201d\">Davam\u0131<\/a><\/p>\n","protected":false},"author":16,"featured_media":335245,"comment_status":"closed","ping_status":"closed","sticky":false,"template":"","format":"standard","meta":{"_acf_changed":false,"_sitemap_exclude":false,"_sitemap_priority":"","_sitemap_frequency":"","footnotes":""},"categories":[62,79,56],"tags":[],"class_list":["post-335242","post","type-post","status-publish","format-standard","has-post-thumbnail","hentry","category-sosial","category-featured","category-xeberler","infinite-scroll-item","generate-columns","tablet-grid-50","mobile-grid-100","grid-parent","grid-33","no-featured-image-padding"],"acf":[],"yoast_head":"<!-- This site is optimized with the Yoast SEO plugin v27.4 - https:\/\/yoast.com\/product\/yoast-seo-wordpress\/ -->\n<title>T\u0259cav\u00fcz\u0259 m\u0259ruz qalan yeniyetm\u0259nin atas\u0131: \u201cU\u015fa\u011f\u0131m m\u0259kt\u0259bind\u0259n, getdiyi kurslardan qovuldu\u201d - MEYDAN.TV<\/title>\n<meta name=\"robots\" content=\"index, follow, max-snippet:-1, max-image-preview:large, max-video-preview:-1\" \/>\n<link rel=\"canonical\" href=\"https:\/\/www.meydan.tv\/az\/article\/t%c9%99vavuz%c9%99-m%c9%99ruz-qalan-yeniyetm%c9%99nin-atasi-usagim-m%c9%99kt%c9%99bind%c9%99n-getdiyi-kurslardan-qovuldu\/\" \/>\n<meta property=\"og:locale\" content=\"az_AZ\" \/>\n<meta property=\"og:type\" content=\"article\" \/>\n<meta property=\"og:title\" content=\"T\u0259cav\u00fcz\u0259 m\u0259ruz qalan yeniyetm\u0259nin atas\u0131: \u201cU\u015fa\u011f\u0131m m\u0259kt\u0259bind\u0259n, getdiyi kurslardan qovuldu\u201d - MEYDAN.TV\" \/>\n<meta property=\"og:description\" content=\"Nax\u00e7\u0131vanda 4 n\u0259f\u0259r t\u0259r\u0259find\u0259n t\u0259cav\u00fcz\u0259 m\u0259ruz qalan 15 ya\u015fl\u0131 yeniyetm\u0259nin ... Davam\u0131\" \/>\n<meta property=\"og:url\" content=\"https:\/\/www.meydan.tv\/az\/article\/t%c9%99vavuz%c9%99-m%c9%99ruz-qalan-yeniyetm%c9%99nin-atasi-usagim-m%c9%99kt%c9%99bind%c9%99n-getdiyi-kurslardan-qovuldu\/\" \/>\n<meta property=\"og:site_name\" content=\"MEYDAN.TV\" \/>\n<meta property=\"article:published_time\" content=\"2025-09-16T13:18:30+00:00\" \/>\n<meta property=\"article:modified_time\" content=\"2025-09-16T17:30:36+00:00\" \/>\n<meta property=\"og:image\" content=\"https:\/\/www.meydan.tv\/wp-content\/uploads\/shutterstock_1411923203.jpg\" \/>\n\t<meta property=\"og:image:width\" content=\"1000\" \/>\n\t<meta property=\"og:image:height\" content=\"667\" \/>\n\t<meta property=\"og:image:type\" content=\"image\/jpeg\" \/>\n<meta name=\"author\" content=\"sevda\" \/>\n<meta name=\"twitter:card\" content=\"summary_large_image\" \/>\n<script type=\"application\/ld+json\" class=\"yoast-schema-graph\">{\"@context\":\"https:\\\/\\\/schema.org\",\"@graph\":[{\"@type\":\"Article\",\"@id\":\"https:\\\/\\\/www.meydan.tv\\\/az\\\/article\\\/t%c9%99vavuz%c9%99-m%c9%99ruz-qalan-yeniyetm%c9%99nin-atasi-usagim-m%c9%99kt%c9%99bind%c9%99n-getdiyi-kurslardan-qovuldu\\\/#article\",\"isPartOf\":{\"@id\":\"https:\\\/\\\/www.meydan.tv\\\/az\\\/article\\\/t%c9%99vavuz%c9%99-m%c9%99ruz-qalan-yeniyetm%c9%99nin-atasi-usagim-m%c9%99kt%c9%99bind%c9%99n-getdiyi-kurslardan-qovuldu\\\/\"},\"author\":{\"name\":\"sevda\",\"@id\":\"https:\\\/\\\/www.meydan.tv\\\/az\\\/#\\\/schema\\\/person\\\/49b5f2bad5b126bb8ea9320eeb3e4dc9\"},\"headline\":\"T\u0259cav\u00fcz\u0259 m\u0259ruz qalan yeniyetm\u0259nin atas\u0131: \u201cU\u015fa\u011f\u0131m m\u0259kt\u0259bind\u0259n, getdiyi kurslardan qovuldu\u201d\",\"datePublished\":\"2025-09-16T13:18:30+00:00\",\"dateModified\":\"2025-09-16T17:30:36+00:00\",\"mainEntityOfPage\":{\"@id\":\"https:\\\/\\\/www.meydan.tv\\\/az\\\/article\\\/t%c9%99vavuz%c9%99-m%c9%99ruz-qalan-yeniyetm%c9%99nin-atasi-usagim-m%c9%99kt%c9%99bind%c9%99n-getdiyi-kurslardan-qovuldu\\\/\"},\"wordCount\":2060,\"publisher\":{\"@id\":\"https:\\\/\\\/www.meydan.tv\\\/az\\\/#organization\"},\"image\":{\"@id\":\"https:\\\/\\\/www.meydan.tv\\\/az\\\/article\\\/t%c9%99vavuz%c9%99-m%c9%99ruz-qalan-yeniyetm%c9%99nin-atasi-usagim-m%c9%99kt%c9%99bind%c9%99n-getdiyi-kurslardan-qovuldu\\\/#primaryimage\"},\"thumbnailUrl\":\"https:\\\/\\\/www.meydan.tv\\\/wp-content\\\/uploads\\\/shutterstock_1411923203.jpg\",\"articleSection\":[\"Sosial\",\"T\u00f6vsiy\u0259\",\"X\u0259b\u0259rl\u0259r\"],\"inLanguage\":\"az\"},{\"@type\":\"WebPage\",\"@id\":\"https:\\\/\\\/www.meydan.tv\\\/az\\\/article\\\/t%c9%99vavuz%c9%99-m%c9%99ruz-qalan-yeniyetm%c9%99nin-atasi-usagim-m%c9%99kt%c9%99bind%c9%99n-getdiyi-kurslardan-qovuldu\\\/\",\"url\":\"https:\\\/\\\/www.meydan.tv\\\/az\\\/article\\\/t%c9%99vavuz%c9%99-m%c9%99ruz-qalan-yeniyetm%c9%99nin-atasi-usagim-m%c9%99kt%c9%99bind%c9%99n-getdiyi-kurslardan-qovuldu\\\/\",\"name\":\"T\u0259cav\u00fcz\u0259 m\u0259ruz qalan yeniyetm\u0259nin atas\u0131: \u201cU\u015fa\u011f\u0131m m\u0259kt\u0259bind\u0259n, getdiyi kurslardan qovuldu\u201d - MEYDAN.TV\",\"isPartOf\":{\"@id\":\"https:\\\/\\\/www.meydan.tv\\\/az\\\/#website\"},\"primaryImageOfPage\":{\"@id\":\"https:\\\/\\\/www.meydan.tv\\\/az\\\/article\\\/t%c9%99vavuz%c9%99-m%c9%99ruz-qalan-yeniyetm%c9%99nin-atasi-usagim-m%c9%99kt%c9%99bind%c9%99n-getdiyi-kurslardan-qovuldu\\\/#primaryimage\"},\"image\":{\"@id\":\"https:\\\/\\\/www.meydan.tv\\\/az\\\/article\\\/t%c9%99vavuz%c9%99-m%c9%99ruz-qalan-yeniyetm%c9%99nin-atasi-usagim-m%c9%99kt%c9%99bind%c9%99n-getdiyi-kurslardan-qovuldu\\\/#primaryimage\"},\"thumbnailUrl\":\"https:\\\/\\\/www.meydan.tv\\\/wp-content\\\/uploads\\\/shutterstock_1411923203.jpg\",\"datePublished\":\"2025-09-16T13:18:30+00:00\",\"dateModified\":\"2025-09-16T17:30:36+00:00\",\"breadcrumb\":{\"@id\":\"https:\\\/\\\/www.meydan.tv\\\/az\\\/article\\\/t%c9%99vavuz%c9%99-m%c9%99ruz-qalan-yeniyetm%c9%99nin-atasi-usagim-m%c9%99kt%c9%99bind%c9%99n-getdiyi-kurslardan-qovuldu\\\/#breadcrumb\"},\"inLanguage\":\"az\",\"potentialAction\":[{\"@type\":\"ReadAction\",\"target\":[\"https:\\\/\\\/www.meydan.tv\\\/az\\\/article\\\/t%c9%99vavuz%c9%99-m%c9%99ruz-qalan-yeniyetm%c9%99nin-atasi-usagim-m%c9%99kt%c9%99bind%c9%99n-getdiyi-kurslardan-qovuldu\\\/\"]}]},{\"@type\":\"ImageObject\",\"inLanguage\":\"az\",\"@id\":\"https:\\\/\\\/www.meydan.tv\\\/az\\\/article\\\/t%c9%99vavuz%c9%99-m%c9%99ruz-qalan-yeniyetm%c9%99nin-atasi-usagim-m%c9%99kt%c9%99bind%c9%99n-getdiyi-kurslardan-qovuldu\\\/#primaryimage\",\"url\":\"https:\\\/\\\/www.meydan.tv\\\/wp-content\\\/uploads\\\/shutterstock_1411923203.jpg\",\"contentUrl\":\"https:\\\/\\\/www.meydan.tv\\\/wp-content\\\/uploads\\\/shutterstock_1411923203.jpg\",\"width\":1000,\"height\":667,\"caption\":\"Foto: Doidam 10\\\\shutterstock\"},{\"@type\":\"BreadcrumbList\",\"@id\":\"https:\\\/\\\/www.meydan.tv\\\/az\\\/article\\\/t%c9%99vavuz%c9%99-m%c9%99ruz-qalan-yeniyetm%c9%99nin-atasi-usagim-m%c9%99kt%c9%99bind%c9%99n-getdiyi-kurslardan-qovuldu\\\/#breadcrumb\",\"itemListElement\":[{\"@type\":\"ListItem\",\"position\":1,\"name\":\"Ana s\u0259hif\u0259\",\"item\":\"https:\\\/\\\/www.meydan.tv\\\/az\\\/\"},{\"@type\":\"ListItem\",\"position\":2,\"name\":\"X\u0259b\u0259rl\u0259r\",\"item\":\"https:\\\/\\\/www.meydan.tv\\\/az\\\/section\\\/xeberler\\\/\"},{\"@type\":\"ListItem\",\"position\":3,\"name\":\"T\u0259cav\u00fcz\u0259 m\u0259ruz qalan yeniyetm\u0259nin atas\u0131: \u201cU\u015fa\u011f\u0131m m\u0259kt\u0259bind\u0259n, getdiyi kurslardan qovuldu\u201d\"}]},{\"@type\":\"WebSite\",\"@id\":\"https:\\\/\\\/www.meydan.tv\\\/az\\\/#website\",\"url\":\"https:\\\/\\\/www.meydan.tv\\\/az\\\/\",\"name\":\"MEYDAN.TV\",\"description\":\"Meydan TV Az\u0259rbaycan\u0131n media m\u0259kan\u0131ndak\u0131 alternativ s\u0259sidir\",\"publisher\":{\"@id\":\"https:\\\/\\\/www.meydan.tv\\\/az\\\/#organization\"},\"potentialAction\":[{\"@type\":\"SearchAction\",\"target\":{\"@type\":\"EntryPoint\",\"urlTemplate\":\"https:\\\/\\\/www.meydan.tv\\\/az\\\/?s={search_term_string}\"},\"query-input\":{\"@type\":\"PropertyValueSpecification\",\"valueRequired\":true,\"valueName\":\"search_term_string\"}}],\"inLanguage\":\"az\"},{\"@type\":\"Organization\",\"@id\":\"https:\\\/\\\/www.meydan.tv\\\/az\\\/#organization\",\"name\":\"Meydan TV\",\"url\":\"https:\\\/\\\/www.meydan.tv\\\/az\\\/\",\"logo\":{\"@type\":\"ImageObject\",\"inLanguage\":\"az\",\"@id\":\"https:\\\/\\\/www.meydan.tv\\\/az\\\/#\\\/schema\\\/logo\\\/image\\\/\",\"url\":\"https:\\\/\\\/www.meydan.tv\\\/wp-content\\\/uploads\\\/2021\\\/07\\\/meydan-logo.svg\",\"contentUrl\":\"https:\\\/\\\/www.meydan.tv\\\/wp-content\\\/uploads\\\/2021\\\/07\\\/meydan-logo.svg\",\"width\":195,\"height\":46,\"caption\":\"Meydan TV\"},\"image\":{\"@id\":\"https:\\\/\\\/www.meydan.tv\\\/az\\\/#\\\/schema\\\/logo\\\/image\\\/\"}},{\"@type\":\"Person\",\"@id\":\"https:\\\/\\\/www.meydan.tv\\\/az\\\/#\\\/schema\\\/person\\\/49b5f2bad5b126bb8ea9320eeb3e4dc9\",\"name\":\"sevda\"}]}<\/script>\n<!-- \/ Yoast SEO plugin. -->","yoast_head_json":{"title":"T\u0259cav\u00fcz\u0259 m\u0259ruz qalan yeniyetm\u0259nin atas\u0131: \u201cU\u015fa\u011f\u0131m m\u0259kt\u0259bind\u0259n, getdiyi kurslardan qovuldu\u201d - MEYDAN.TV","robots":{"index":"index","follow":"follow","max-snippet":"max-snippet:-1","max-image-preview":"max-image-preview:large","max-video-preview":"max-video-preview:-1"},"canonical":"https:\/\/www.meydan.tv\/az\/article\/t%c9%99vavuz%c9%99-m%c9%99ruz-qalan-yeniyetm%c9%99nin-atasi-usagim-m%c9%99kt%c9%99bind%c9%99n-getdiyi-kurslardan-qovuldu\/","og_locale":"az_AZ","og_type":"article","og_title":"T\u0259cav\u00fcz\u0259 m\u0259ruz qalan yeniyetm\u0259nin atas\u0131: \u201cU\u015fa\u011f\u0131m m\u0259kt\u0259bind\u0259n, getdiyi kurslardan qovuldu\u201d - MEYDAN.TV","og_description":"Nax\u00e7\u0131vanda 4 n\u0259f\u0259r t\u0259r\u0259find\u0259n t\u0259cav\u00fcz\u0259 m\u0259ruz qalan 15 ya\u015fl\u0131 yeniyetm\u0259nin ... Davam\u0131","og_url":"https:\/\/www.meydan.tv\/az\/article\/t%c9%99vavuz%c9%99-m%c9%99ruz-qalan-yeniyetm%c9%99nin-atasi-usagim-m%c9%99kt%c9%99bind%c9%99n-getdiyi-kurslardan-qovuldu\/","og_site_name":"MEYDAN.TV","article_published_time":"2025-09-16T13:18:30+00:00","article_modified_time":"2025-09-16T17:30:36+00:00","og_image":[{"width":1000,"height":667,"url":"https:\/\/www.meydan.tv\/wp-content\/uploads\/shutterstock_1411923203.jpg","type":"image\/jpeg"}],"author":"sevda","twitter_card":"summary_large_image","schema":{"@context":"https:\/\/schema.org","@graph":[{"@type":"Article","@id":"https:\/\/www.meydan.tv\/az\/article\/t%c9%99vavuz%c9%99-m%c9%99ruz-qalan-yeniyetm%c9%99nin-atasi-usagim-m%c9%99kt%c9%99bind%c9%99n-getdiyi-kurslardan-qovuldu\/#article","isPartOf":{"@id":"https:\/\/www.meydan.tv\/az\/article\/t%c9%99vavuz%c9%99-m%c9%99ruz-qalan-yeniyetm%c9%99nin-atasi-usagim-m%c9%99kt%c9%99bind%c9%99n-getdiyi-kurslardan-qovuldu\/"},"author":{"name":"sevda","@id":"https:\/\/www.meydan.tv\/az\/#\/schema\/person\/49b5f2bad5b126bb8ea9320eeb3e4dc9"},"headline":"T\u0259cav\u00fcz\u0259 m\u0259ruz qalan yeniyetm\u0259nin atas\u0131: \u201cU\u015fa\u011f\u0131m m\u0259kt\u0259bind\u0259n, getdiyi kurslardan qovuldu\u201d","datePublished":"2025-09-16T13:18:30+00:00","dateModified":"2025-09-16T17:30:36+00:00","mainEntityOfPage":{"@id":"https:\/\/www.meydan.tv\/az\/article\/t%c9%99vavuz%c9%99-m%c9%99ruz-qalan-yeniyetm%c9%99nin-atasi-usagim-m%c9%99kt%c9%99bind%c9%99n-getdiyi-kurslardan-qovuldu\/"},"wordCount":2060,"publisher":{"@id":"https:\/\/www.meydan.tv\/az\/#organization"},"image":{"@id":"https:\/\/www.meydan.tv\/az\/article\/t%c9%99vavuz%c9%99-m%c9%99ruz-qalan-yeniyetm%c9%99nin-atasi-usagim-m%c9%99kt%c9%99bind%c9%99n-getdiyi-kurslardan-qovuldu\/#primaryimage"},"thumbnailUrl":"https:\/\/www.meydan.tv\/wp-content\/uploads\/shutterstock_1411923203.jpg","articleSection":["Sosial","T\u00f6vsiy\u0259","X\u0259b\u0259rl\u0259r"],"inLanguage":"az"},{"@type":"WebPage","@id":"https:\/\/www.meydan.tv\/az\/article\/t%c9%99vavuz%c9%99-m%c9%99ruz-qalan-yeniyetm%c9%99nin-atasi-usagim-m%c9%99kt%c9%99bind%c9%99n-getdiyi-kurslardan-qovuldu\/","url":"https:\/\/www.meydan.tv\/az\/article\/t%c9%99vavuz%c9%99-m%c9%99ruz-qalan-yeniyetm%c9%99nin-atasi-usagim-m%c9%99kt%c9%99bind%c9%99n-getdiyi-kurslardan-qovuldu\/","name":"T\u0259cav\u00fcz\u0259 m\u0259ruz qalan yeniyetm\u0259nin atas\u0131: \u201cU\u015fa\u011f\u0131m m\u0259kt\u0259bind\u0259n, getdiyi kurslardan qovuldu\u201d - MEYDAN.TV","isPartOf":{"@id":"https:\/\/www.meydan.tv\/az\/#website"},"primaryImageOfPage":{"@id":"https:\/\/www.meydan.tv\/az\/article\/t%c9%99vavuz%c9%99-m%c9%99ruz-qalan-yeniyetm%c9%99nin-atasi-usagim-m%c9%99kt%c9%99bind%c9%99n-getdiyi-kurslardan-qovuldu\/#primaryimage"},"image":{"@id":"https:\/\/www.meydan.tv\/az\/article\/t%c9%99vavuz%c9%99-m%c9%99ruz-qalan-yeniyetm%c9%99nin-atasi-usagim-m%c9%99kt%c9%99bind%c9%99n-getdiyi-kurslardan-qovuldu\/#primaryimage"},"thumbnailUrl":"https:\/\/www.meydan.tv\/wp-content\/uploads\/shutterstock_1411923203.jpg","datePublished":"2025-09-16T13:18:30+00:00","dateModified":"2025-09-16T17:30:36+00:00","breadcrumb":{"@id":"https:\/\/www.meydan.tv\/az\/article\/t%c9%99vavuz%c9%99-m%c9%99ruz-qalan-yeniyetm%c9%99nin-atasi-usagim-m%c9%99kt%c9%99bind%c9%99n-getdiyi-kurslardan-qovuldu\/#breadcrumb"},"inLanguage":"az","potentialAction":[{"@type":"ReadAction","target":["https:\/\/www.meydan.tv\/az\/article\/t%c9%99vavuz%c9%99-m%c9%99ruz-qalan-yeniyetm%c9%99nin-atasi-usagim-m%c9%99kt%c9%99bind%c9%99n-getdiyi-kurslardan-qovuldu\/"]}]},{"@type":"ImageObject","inLanguage":"az","@id":"https:\/\/www.meydan.tv\/az\/article\/t%c9%99vavuz%c9%99-m%c9%99ruz-qalan-yeniyetm%c9%99nin-atasi-usagim-m%c9%99kt%c9%99bind%c9%99n-getdiyi-kurslardan-qovuldu\/#primaryimage","url":"https:\/\/www.meydan.tv\/wp-content\/uploads\/shutterstock_1411923203.jpg","contentUrl":"https:\/\/www.meydan.tv\/wp-content\/uploads\/shutterstock_1411923203.jpg","width":1000,"height":667,"caption":"Foto: Doidam 10\\shutterstock"},{"@type":"BreadcrumbList","@id":"https:\/\/www.meydan.tv\/az\/article\/t%c9%99vavuz%c9%99-m%c9%99ruz-qalan-yeniyetm%c9%99nin-atasi-usagim-m%c9%99kt%c9%99bind%c9%99n-getdiyi-kurslardan-qovuldu\/#breadcrumb","itemListElement":[{"@type":"ListItem","position":1,"name":"Ana s\u0259hif\u0259","item":"https:\/\/www.meydan.tv\/az\/"},{"@type":"ListItem","position":2,"name":"X\u0259b\u0259rl\u0259r","item":"https:\/\/www.meydan.tv\/az\/section\/xeberler\/"},{"@type":"ListItem","position":3,"name":"T\u0259cav\u00fcz\u0259 m\u0259ruz qalan yeniyetm\u0259nin atas\u0131: \u201cU\u015fa\u011f\u0131m m\u0259kt\u0259bind\u0259n, getdiyi kurslardan qovuldu\u201d"}]},{"@type":"WebSite","@id":"https:\/\/www.meydan.tv\/az\/#website","url":"https:\/\/www.meydan.tv\/az\/","name":"MEYDAN.TV","description":"Meydan TV Az\u0259rbaycan\u0131n media m\u0259kan\u0131ndak\u0131 alternativ s\u0259sidir","publisher":{"@id":"https:\/\/www.meydan.tv\/az\/#organization"},"potentialAction":[{"@type":"SearchAction","target":{"@type":"EntryPoint","urlTemplate":"https:\/\/www.meydan.tv\/az\/?s={search_term_string}"},"query-input":{"@type":"PropertyValueSpecification","valueRequired":true,"valueName":"search_term_string"}}],"inLanguage":"az"},{"@type":"Organization","@id":"https:\/\/www.meydan.tv\/az\/#organization","name":"Meydan TV","url":"https:\/\/www.meydan.tv\/az\/","logo":{"@type":"ImageObject","inLanguage":"az","@id":"https:\/\/www.meydan.tv\/az\/#\/schema\/logo\/image\/","url":"https:\/\/www.meydan.tv\/wp-content\/uploads\/2021\/07\/meydan-logo.svg","contentUrl":"https:\/\/www.meydan.tv\/wp-content\/uploads\/2021\/07\/meydan-logo.svg","width":195,"height":46,"caption":"Meydan TV"},"image":{"@id":"https:\/\/www.meydan.tv\/az\/#\/schema\/logo\/image\/"}},{"@type":"Person","@id":"https:\/\/www.meydan.tv\/az\/#\/schema\/person\/49b5f2bad5b126bb8ea9320eeb3e4dc9","name":"sevda"}]}},"_links":{"self":[{"href":"https:\/\/www.meydan.tv\/az\/wp-json\/wp\/v2\/posts\/335242","targetHints":{"allow":["GET"]}}],"collection":[{"href":"https:\/\/www.meydan.tv\/az\/wp-json\/wp\/v2\/posts"}],"about":[{"href":"https:\/\/www.meydan.tv\/az\/wp-json\/wp\/v2\/types\/post"}],"author":[{"embeddable":true,"href":"https:\/\/www.meydan.tv\/az\/wp-json\/wp\/v2\/users\/16"}],"replies":[{"embeddable":true,"href":"https:\/\/www.meydan.tv\/az\/wp-json\/wp\/v2\/comments?post=335242"}],"version-history":[{"count":7,"href":"https:\/\/www.meydan.tv\/az\/wp-json\/wp\/v2\/posts\/335242\/revisions"}],"predecessor-version":[{"id":335274,"href":"https:\/\/www.meydan.tv\/az\/wp-json\/wp\/v2\/posts\/335242\/revisions\/335274"}],"wp:featuredmedia":[{"embeddable":true,"href":"https:\/\/www.meydan.tv\/az\/wp-json\/wp\/v2\/media\/335245"}],"wp:attachment":[{"href":"https:\/\/www.meydan.tv\/az\/wp-json\/wp\/v2\/media?parent=335242"}],"wp:term":[{"taxonomy":"category","embeddable":true,"href":"https:\/\/www.meydan.tv\/az\/wp-json\/wp\/v2\/categories?post=335242"},{"taxonomy":"post_tag","embeddable":true,"href":"https:\/\/www.meydan.tv\/az\/wp-json\/wp\/v2\/tags?post=335242"}],"curies":[{"name":"wp","href":"https:\/\/api.w.org\/{rel}","templated":true}]}}