{"id":335210,"date":"2025-09-16T11:38:08","date_gmt":"2025-09-16T07:38:08","guid":{"rendered":"https:\/\/www.meydan.tv\/?p=335210"},"modified":"2025-09-16T11:38:11","modified_gmt":"2025-09-16T07:38:11","slug":"az%c9%99rbaycanda-muqavil%c9%99siz-is%c9%99-c%c9%99lbetm%c9%99-hallari-niy%c9%99-davam-edir","status":"publish","type":"post","link":"https:\/\/www.meydan.tv\/az\/article\/az%c9%99rbaycanda-muqavil%c9%99siz-is%c9%99-c%c9%99lbetm%c9%99-hallari-niy%c9%99-davam-edir\/","title":{"rendered":"Az\u0259rbaycanda m\u00fcqavil\u0259siz i\u015f\u0259 c\u0259lbetm\u0259 hallar\u0131 niy\u0259 davam edir?"},"content":{"rendered":"\n<p>Heyd\u0259r \u018fliyev Fondunun t\u0259\u015f\u0259bb\u00fcs\u00fc il\u0259 in\u015fa edilmi\u015f U\u015faq S\u0131\u011f\u0131naca\u011f\u0131 Reinteqrasiya M\u0259rk\u0259zinin tikintisind\u0259 \u00e7al\u0131\u015fan f\u0259hl\u0259 v\u0259 ustalar maa\u015flar\u0131n\u0131n \u00f6d\u0259nilm\u0259diyini bildirirl\u0259r.<\/p>\n\n\n\n<pre class=\"wp-block-verse\">U\u015faq S\u0131\u011f\u0131naca\u011f\u0131 Reinteqrasiya M\u0259rk\u0259zi \u201cAz\u0259rbaycan U\u015faqlar\u0131\u201d \u0130ctimai Birliyinin n\u0259zdind\u0259 f\u0259aliyy\u0259t\u0259 ba\u015flay\u0131b. Birliyin s\u0259dri Kamal\u0259 A\u011fazad\u0259dir.<\/pre>\n\n\n\n<p>M\u0259rk\u0259z bu ilin mart ay\u0131nda istifad\u0259y\u0259 verilib. Tikinti i\u015fl\u0259rin\u0259 r\u0259hb\u0259rlik ed\u0259n Zaur M\u0259mm\u0259dov Meydan TV-y\u0259 a\u00e7\u0131qlamas\u0131nda deyir ki, in\u015fa \u201cZ Construction\u201d \u015firk\u0259ti t\u0259r\u0259find\u0259n apar\u0131l\u0131b:<\/p>\n\n\n\n<p><em>\u201cM\u0259rk\u0259z Leyla \u018fliyevan\u0131n t\u0259\u015f\u0259bb\u00fcs\u00fc il\u0259 tikilib. Tikintid\u0259 m\u0259niml\u0259 birlikd\u0259 \u00fcmumilikd\u0259 8 n\u0259f\u0259r i\u015fl\u0259yib. Ke\u00e7\u0259n ilin iyunun 1-d\u0259n bu g\u00fcn\u0259 q\u0259d\u0259r 14 300 manat m\u0259bl\u0259\u011find\u0259 \u0259m\u0259khaqq\u0131m\u0131z \u00f6d\u0259nilm\u0259yib. H\u0259r d\u0259f\u0259 bizi m\u00fcxt\u0259lif b\u0259han\u0259l\u0259rl\u0259 yola verirl\u0259r. \u015eirk\u0259tin r\u0259hb\u0259rin\u0259 z\u0259ng etdikd\u0259 is\u0259 a\u00e7\u0131q \u015f\u0259kild\u0259 bildirir ki, hara ist\u0259yirsiniz, \u015fikay\u0259t edin\u201d.<\/em><\/p>\n\n\n\n<p>Zaur M\u0259mm\u0259dovun s\u00f6zl\u0259rin\u0259 g\u00f6r\u0259, maa\u015flar \u00f6d\u0259nilm\u0259diyind\u0259n m\u0259s\u0259l\u0259 il\u0259 ba\u011fl\u0131 Heyd\u0259r \u018fliyev Fonduna m\u00fcraci\u0259t edibl\u0259r. Fond is\u0259 onlar\u0131 \u018fm\u0259k M\u00fcf\u0259tti\u015fliyin\u0259 y\u00f6nl\u0259ndirib. Lakin M\u00fcf\u0259tti\u015flik bildirib ki, \u201cZ Construction\u201d \u015firk\u0259tinin lisenziyas\u0131 olmad\u0131\u011f\u0131 \u00fc\u00e7\u00fcn onlar ara\u015fd\u0131rma apara bilm\u0259zl\u0259r.<\/p>\n\n\n\n<p>\u015eirk\u0259tin r\u0259hb\u0259ri Z\u00fclf\u00fcqar M\u0259mm\u0259dov is\u0259 iddialar\u0131 q\u0259bul etmir v\u0259 ustalar\u0131n g\u00f6rd\u00fcy\u00fc i\u015fin keyfiyy\u0259tsiz oldu\u011funu bildirir:<\/p>\n\n\n\n<p><em>\u201cTikinti i\u015fl\u0259rin\u0259 Zaur adl\u0131 \u015f\u0259xs r\u0259hb\u0259rlik edirdi. \u0130\u015f tam yarars\u0131z v\u0259ziyy\u0259td\u0259 idi, divarlar\u0131n r\u0259ng tonlar\u0131 f\u0259rqli id. Biz h\u0259min sah\u0259ni yenid\u0259n d\u00fcz\u0259ltm\u0259k \u00fc\u00e7\u00fcn material al\u0131b ba\u015fqa ustalara t\u0259hvil verdik. \u018fg\u0259r g\u00f6r\u00fcl\u0259n i\u015f raz\u0131la\u015fmaya uy\u011fun deyils\u0259, \u00f6d\u0259ni\u015f edilmir. \u0130\u015f xeyriyy\u0259 m\u0259qs\u0259dil\u0259 g\u00f6r\u00fcl\u00fcrd\u00fc. Bel\u0259 bir layih\u0259 \u00fc\u00e7\u00fcn v\u0259sait ay\u0131rm\u0131\u015f\u0131qsa, hans\u0131sa ustan\u0131n pulunu niy\u0259 k\u0259s\u0259k? Sad\u0259c\u0259, keyfiyy\u0259tsiz i\u015f \u00fc\u00e7\u00fcn pul \u00f6d\u0259nm\u0259yib. \u018flimizd\u0259 s\u00fcbutlar var. H\u0259m\u00e7inin Zaur M\u0259mm\u0259dova daha \u0259vv\u0259l g\u00f6rd\u00fcy\u00fc i\u015fl\u0259r\u0259 g\u00f6r\u0259 60-70 manat \u00f6d\u0259nilib. Sonrak\u0131 hiss\u0259nin haqq\u0131n\u0131 \u00f6d\u0259m\u0259dik, \u00e7\u00fcnki ortaya keyfiyytli i\u015f qoymad\u0131\u201d.<\/em><\/p>\n\n\n\n<p>Z\u00fclf\u00fcqar M\u0259mm\u0259dov i\u015f\u00e7il\u0259rl\u0259 \u0259m\u0259k m\u00fcqavil\u0259si ba\u011flanmad\u0131\u011f\u0131n\u0131 da t\u0259sdiql\u0259yib.<\/p>\n\n\n\n<p>\u018fm\u0259k h\u00fcquqlar\u0131 \u00fczr\u0259 f\u0259al Sara R\u0259himova Meydan TV-y\u0259 deyir ki, Az\u0259rbaycanda \u0259m\u0259k m\u00fcqavil\u0259si olmadan i\u015f\u00e7i \u00e7al\u0131\u015fd\u0131rmaq v\u0259 \u00f6d\u0259ni\u015fl\u0259ri gecikdirm\u0259k adi hald\u0131r v\u0259 ill\u0259rdir ki, davam edir. Ekspert bildirir ki, \u0259m\u0259k m\u00fcqavil\u0259si olmadan i\u015f\u00e7ini \u0259m\u0259k f\u0259aliyy\u0259tin\u0259 c\u0259lb etm\u0259 qanun pozuntusudur:<\/p>\n\n\n\n<p><em>\u201c\u0130nzibati X\u0259talar M\u0259c\u0259ll\u0259sinin 192.1-ci madd\u0259sin\u0259 \u0259sas\u0259n, \u0259m\u0259k m\u00fcqavil\u0259si olmadan fiziki \u015f\u0259xsi i\u015f\u0259 c\u0259lb ed\u0259n i\u015f\u0259g\u00f6t\u00fcr\u0259nl\u0259r\u0259 c\u0259rim\u0259 t\u0259tbiq edilir. \u018fg\u0259r bu hal on v\u0259 ya daha \u00e7ox i\u015f\u00e7iy\u0259 \u015famil olunursa, art\u0131q m\u0259s\u0259l\u0259 Cinay\u0259t M\u0259c\u0259ll\u0259sin\u0259 ke\u00e7\u0259 bil\u0259r. T\u0259\u0259ss\u00fcf ki, sadalad\u0131qlar\u0131m praktikada t\u0259tbiq olunmur. \u0130\u015f\u0259g\u00f6t\u00fcr\u0259nl\u0259r \u00e7ox zaman yoxlan\u0131lmayacaqlar\u0131n\u0131 d\u00fc\u015f\u00fcn\u0259r\u0259k m\u00fcqavil\u0259 ba\u011flamadan adamlar\u0131 i\u015f\u0259 g\u00f6t\u00fcr\u00fcrl\u0259r. Bu, h\u0259m d\u0259 Az\u0259rbaycanda m\u00f6vcud olan gizli iqtisadiyyat\u0131n bir hiss\u0259sidir. Vergid\u0259n v\u0259 sosial \u00f6hd\u0259likl\u0259rd\u0259n yay\u0131nmaq m\u0259qs\u0259dil\u0259 bu yana\u015fmaya \u00fcst\u00fcnl\u00fck verilir\u201d.<\/em><\/p>\n\n\n\n<p>R\u0259himova \u0259lav\u0259 edir ki, h\u0259m d\u0259 i\u015f\u00e7il\u0259r \u00f6z h\u00fcquqlar\u0131n\u0131 bilmirl\u0259r, yaxud da i\u015fd\u0259n \u00e7\u0131xar\u0131lmaq qorxusu il\u0259 susurlar:<\/p>\n\n\n\n<blockquote class=\"wp-block-quote is-layout-flow wp-block-quote-is-layout-flow\">\n<p><em>\u201c\u0130\u015f\u00e7il\u0259r\u0259 b\u0259z\u0259n \u201cm\u00fcqavil\u0259 olsa, s\u0259n d\u0259 vergi \u00f6d\u0259y\u0259c\u0259ks\u0259n\u201d kimi arqumentl\u0259r ir\u0259li s\u00fcr\u00fcl\u00fcr. Bu is\u0259 onlar\u0131n h\u00fcquqlar\u0131n\u0131 r\u0259smil\u0259\u015fdirm\u0259k ist\u0259yini azald\u0131r. Amma \u00e7ox vaxt da onlar h\u00fcquqlar\u0131n\u0131 bilm\u0259dikl\u0259ri \u00fc\u00e7\u00fcn m\u00fcqavil\u0259l\u0259r ba\u011flanm\u0131r. Bu da i\u015f\u0259g\u00f6t\u00fcr\u0259n\u0259 s\u0259rf edir. Say\u0131 az g\u00f6st\u0259rm\u0259k, vergi \u00f6d\u0259ni\u015fl\u0259rind\u0259n yay\u0131nmaq ist\u0259yirl\u0259r\u201d.<\/em><\/p>\n<\/blockquote>\n\n\n\n<p>Ekspertin s\u00f6zl\u0259rin\u0259 g\u00f6r\u0259, bu kimi hallarda i\u015f\u00e7il\u0259r m\u00fctl\u0259q \u015f\u0259kild\u0259 m\u0259hk\u0259m\u0259y\u0259 m\u00fcraci\u0259t etm\u0259lidirl\u0259r. \u201cLisenziyalar v\u0259 icaz\u0259l\u0259r haqq\u0131nda\u201d Qanuna \u0259sas\u0259n, tikinti i\u015fl\u0259ri aparmaq, layih\u0259l\u0259ndirm\u0259, m\u00fch\u0259ndis\u2011axtar\u0131\u015f i\u015fl\u0259ri, tikinti\u2011qura\u015fd\u0131rma i\u015fl\u0259ri, dig\u0259r sahibkarl\u0131q f\u0259aliyy\u0259ti n\u00f6vl\u0259rind\u0259 lisenziya al\u0131nmas\u0131 m\u0259cburidir. Lisenziyas\u0131z f\u0259aliyy\u0259t qada\u011fand\u0131r v\u0259 bel\u0259 hallarda d\u00f6vl\u0259t orqanlar\u0131 inzibati c\u0259rim\u0259, b\u0259z\u0259n is\u0259 f\u0259aliyy\u0259tin dayand\u0131r\u0131lmas\u0131 kimi t\u0259dbirl\u0259r g\u00f6r\u0259 bil\u0259r.<\/p>\n\n\n\n<p>D\u00f6vl\u0259t Statistika Komit\u0259sinin (DSK) \u0259n son m\u0259lumat\u0131na g\u00f6r\u0259, 2025-ci ild\u0259 Az\u0259rbaycanda r\u0259smi i\u015fl\u0259y\u0259nl\u0259rin say\u0131 azal\u0131b.<\/p>\n\n\n\n<p>Komit\u0259nin 2025-ci il iyunun 1-n\u0259 olan son hesabat\u0131nda \u00f6lk\u0259 iqtisadiyyat\u0131nda muzdla \u00e7al\u0131\u015fan i\u015f\u00e7il\u0259rin say\u0131 1 milyon 769.2 min n\u0259f\u0259r oldu\u011fu g\u00f6st\u0259rilir.<\/p>\n\n\n\n<p>Onlardan 873 min n\u0259f\u0259ri iqtisadiyyat\u0131n d\u00f6vl\u0259t sektorunda, 896.2 min n\u0259f\u0259ri is\u0259 qeyri-d\u00f6vl\u0259t sektorunda f\u0259aliyy\u0259t g\u00f6st\u0259rib.<\/p>\n\n\n\n<p>Bundan bir ay \u0259vv\u0259l, may\u0131n 1-d\u0259 is\u0259 onlar\u0131n say\u0131 1 milyon 771.7 min, ilin \u0259vv\u0259lind\u0259 is\u0259 1 milyon 778.5 min n\u0259f\u0259r t\u0259\u015fkil edib. Be\u015f ay \u0259rzind\u0259 \u00f6lk\u0259d\u0259 r\u0259smi i\u015fl\u0259y\u0259nl\u0259rin say\u0131 10 min\u0259 yax\u0131n azal\u0131b.<\/p>\n\n\n\n<p>\u0130lin \u0259vv\u0259lind\u0259 i\u015fl\u0259y\u0259nl\u0259rin 882.8 min n\u0259f\u0259ri d\u00f6vl\u0259t, 895.7 min n\u0259f\u0259ri is\u0259 qeyri-d\u00f6vl\u0259t sektorunun pay\u0131na d\u00fc\u015f\u00fcb. Bu r\u0259q\u0259ml\u0259rd\u0259n b\u0259lli olur ki, i\u015fini itir\u0259nl\u0259r d\u00f6vl\u0259t sektorunda \u00e7al\u0131\u015f\u0131blar.<\/p>\n\n\n\n<p>R\u0259smi r\u0259q\u0259ml\u0259r\u0259 g\u00f6r\u0259, Az\u0259rbaycanda \u0259m\u0259kqabiliyy\u0259tli insanlar\u0131n say\u0131 5 milyondan \u00e7oxdur. Halbuki, 2025-ci il yanvar\u0131n 1-n\u0259 olan ilkin m\u0259lumatlara \u0259sas\u0259n, Az\u0259rbaycanda i\u015fsizl\u0259rin r\u0259smi say\u0131 c\u0259mi 282.3 min n\u0259f\u0259r olub. M\u00fcst\u0259qil iqtisad\u00e7\u0131lar deyir ki, bu r\u0259q\u0259m h\u0259qiq\u0259ti \u0259ks etdirmir. Onlar\u0131n fikrinc\u0259, Az\u0259rbaycanda i\u015fsiz kimi r\u0259smi qeydiyyata d\u00fc\u015fm\u0259k i\u015f tapmaqdan \u00e7\u0259tindir.<\/p>\n\n\n\n<p>R\u0259smil\u0259r r\u0259smi i\u015fl\u0259y\u0259nl\u0259rin say\u0131n\u0131n azalmas\u0131 il\u0259 ba\u011fl\u0131 h\u0259r hans\u0131 a\u00e7\u0131qlama verm\u0259yibl\u0259r.<\/p>\n\n\n\n<p>2020-ci il koronovirus pandemiyas\u0131na q\u0259d\u0259r r\u0259smil\u0259r iddia edirdil\u0259r ki, son 15 ild\u0259 \u00f6lk\u0259d\u0259 2 milyon i\u015f yeri yarad\u0131l\u0131b. Amma m\u00fcst\u0259qil iqtisad\u00e7\u0131lar da buna inanm\u0131r, h\u0259min r\u0259q\u0259min d\u0259f\u0259l\u0259rl\u0259 \u015fi\u015firdildiyini hesab edirdil\u0259r.<\/p>\n","protected":false},"excerpt":{"rendered":"<p>Heyd\u0259r \u018fliyev Fondunun t\u0259\u015f\u0259bb\u00fcs\u00fc il\u0259 in\u015fa edilmi\u015f U\u015faq S\u0131\u011f\u0131naca\u011f\u0131 Reinteqrasiya &#8230; <\/p>\n<p class=\"read-more-container\"><a title=\"Az\u0259rbaycanda m\u00fcqavil\u0259siz i\u015f\u0259 c\u0259lbetm\u0259 hallar\u0131 niy\u0259 davam edir?\" class=\"read-more button\" href=\"https:\/\/www.meydan.tv\/az\/article\/az%c9%99rbaycanda-muqavil%c9%99siz-is%c9%99-c%c9%99lbetm%c9%99-hallari-niy%c9%99-davam-edir\/#more-335210\" aria-label=\"Read more about Az\u0259rbaycanda m\u00fcqavil\u0259siz i\u015f\u0259 c\u0259lbetm\u0259 hallar\u0131 niy\u0259 davam edir?\">Davam\u0131<\/a><\/p>\n","protected":false},"author":16,"featured_media":293970,"comment_status":"closed","ping_status":"closed","sticky":false,"template":"","format":"standard","meta":{"_acf_changed":false,"_sitemap_exclude":false,"_sitemap_priority":"","_sitemap_frequency":"","footnotes":""},"categories":[62,79,56],"tags":[],"class_list":["post-335210","post","type-post","status-publish","format-standard","has-post-thumbnail","hentry","category-sosial","category-featured","category-xeberler","infinite-scroll-item","generate-columns","tablet-grid-50","mobile-grid-100","grid-parent","grid-33","no-featured-image-padding"],"acf":[],"yoast_head":"<!-- This site is optimized with the Yoast SEO plugin v27.4 - https:\/\/yoast.com\/product\/yoast-seo-wordpress\/ -->\n<title>Az\u0259rbaycanda m\u00fcqavil\u0259siz i\u015f\u0259 c\u0259lbetm\u0259 hallar\u0131 niy\u0259 davam edir? - MEYDAN.TV<\/title>\n<meta name=\"robots\" content=\"index, follow, max-snippet:-1, max-image-preview:large, max-video-preview:-1\" \/>\n<link rel=\"canonical\" href=\"https:\/\/www.meydan.tv\/az\/article\/az%c9%99rbaycanda-muqavil%c9%99siz-is%c9%99-c%c9%99lbetm%c9%99-hallari-niy%c9%99-davam-edir\/\" \/>\n<meta property=\"og:locale\" content=\"az_AZ\" \/>\n<meta property=\"og:type\" content=\"article\" \/>\n<meta property=\"og:title\" content=\"Az\u0259rbaycanda m\u00fcqavil\u0259siz i\u015f\u0259 c\u0259lbetm\u0259 hallar\u0131 niy\u0259 davam edir? - MEYDAN.TV\" \/>\n<meta property=\"og:description\" content=\"Heyd\u0259r \u018fliyev Fondunun t\u0259\u015f\u0259bb\u00fcs\u00fc il\u0259 in\u015fa edilmi\u015f U\u015faq S\u0131\u011f\u0131naca\u011f\u0131 Reinteqrasiya ... Davam\u0131\" \/>\n<meta property=\"og:url\" content=\"https:\/\/www.meydan.tv\/az\/article\/az%c9%99rbaycanda-muqavil%c9%99siz-is%c9%99-c%c9%99lbetm%c9%99-hallari-niy%c9%99-davam-edir\/\" \/>\n<meta property=\"og:site_name\" content=\"MEYDAN.TV\" \/>\n<meta property=\"article:published_time\" content=\"2025-09-16T07:38:08+00:00\" \/>\n<meta property=\"article:modified_time\" content=\"2025-09-16T07:38:11+00:00\" \/>\n<meta property=\"og:image\" content=\"https:\/\/www.meydan.tv\/wp-content\/uploads\/img_0763-scaled.jpg\" \/>\n\t<meta property=\"og:image:width\" content=\"2560\" \/>\n\t<meta property=\"og:image:height\" content=\"1707\" \/>\n\t<meta property=\"og:image:type\" content=\"image\/jpeg\" \/>\n<meta name=\"author\" content=\"sevda\" \/>\n<meta name=\"twitter:card\" content=\"summary_large_image\" \/>\n<script type=\"application\/ld+json\" class=\"yoast-schema-graph\">{\"@context\":\"https:\\\/\\\/schema.org\",\"@graph\":[{\"@type\":\"Article\",\"@id\":\"https:\\\/\\\/www.meydan.tv\\\/az\\\/article\\\/az%c9%99rbaycanda-muqavil%c9%99siz-is%c9%99-c%c9%99lbetm%c9%99-hallari-niy%c9%99-davam-edir\\\/#article\",\"isPartOf\":{\"@id\":\"https:\\\/\\\/www.meydan.tv\\\/az\\\/article\\\/az%c9%99rbaycanda-muqavil%c9%99siz-is%c9%99-c%c9%99lbetm%c9%99-hallari-niy%c9%99-davam-edir\\\/\"},\"author\":{\"name\":\"sevda\",\"@id\":\"https:\\\/\\\/www.meydan.tv\\\/az\\\/#\\\/schema\\\/person\\\/49b5f2bad5b126bb8ea9320eeb3e4dc9\"},\"headline\":\"Az\u0259rbaycanda m\u00fcqavil\u0259siz i\u015f\u0259 c\u0259lbetm\u0259 hallar\u0131 niy\u0259 davam edir?\",\"datePublished\":\"2025-09-16T07:38:08+00:00\",\"dateModified\":\"2025-09-16T07:38:11+00:00\",\"mainEntityOfPage\":{\"@id\":\"https:\\\/\\\/www.meydan.tv\\\/az\\\/article\\\/az%c9%99rbaycanda-muqavil%c9%99siz-is%c9%99-c%c9%99lbetm%c9%99-hallari-niy%c9%99-davam-edir\\\/\"},\"wordCount\":1173,\"publisher\":{\"@id\":\"https:\\\/\\\/www.meydan.tv\\\/az\\\/#organization\"},\"image\":{\"@id\":\"https:\\\/\\\/www.meydan.tv\\\/az\\\/article\\\/az%c9%99rbaycanda-muqavil%c9%99siz-is%c9%99-c%c9%99lbetm%c9%99-hallari-niy%c9%99-davam-edir\\\/#primaryimage\"},\"thumbnailUrl\":\"https:\\\/\\\/www.meydan.tv\\\/wp-content\\\/uploads\\\/img_0763-scaled.jpg\",\"articleSection\":[\"Sosial\",\"T\u00f6vsiy\u0259\",\"X\u0259b\u0259rl\u0259r\"],\"inLanguage\":\"az\"},{\"@type\":\"WebPage\",\"@id\":\"https:\\\/\\\/www.meydan.tv\\\/az\\\/article\\\/az%c9%99rbaycanda-muqavil%c9%99siz-is%c9%99-c%c9%99lbetm%c9%99-hallari-niy%c9%99-davam-edir\\\/\",\"url\":\"https:\\\/\\\/www.meydan.tv\\\/az\\\/article\\\/az%c9%99rbaycanda-muqavil%c9%99siz-is%c9%99-c%c9%99lbetm%c9%99-hallari-niy%c9%99-davam-edir\\\/\",\"name\":\"Az\u0259rbaycanda m\u00fcqavil\u0259siz i\u015f\u0259 c\u0259lbetm\u0259 hallar\u0131 niy\u0259 davam edir? - MEYDAN.TV\",\"isPartOf\":{\"@id\":\"https:\\\/\\\/www.meydan.tv\\\/az\\\/#website\"},\"primaryImageOfPage\":{\"@id\":\"https:\\\/\\\/www.meydan.tv\\\/az\\\/article\\\/az%c9%99rbaycanda-muqavil%c9%99siz-is%c9%99-c%c9%99lbetm%c9%99-hallari-niy%c9%99-davam-edir\\\/#primaryimage\"},\"image\":{\"@id\":\"https:\\\/\\\/www.meydan.tv\\\/az\\\/article\\\/az%c9%99rbaycanda-muqavil%c9%99siz-is%c9%99-c%c9%99lbetm%c9%99-hallari-niy%c9%99-davam-edir\\\/#primaryimage\"},\"thumbnailUrl\":\"https:\\\/\\\/www.meydan.tv\\\/wp-content\\\/uploads\\\/img_0763-scaled.jpg\",\"datePublished\":\"2025-09-16T07:38:08+00:00\",\"dateModified\":\"2025-09-16T07:38:11+00:00\",\"breadcrumb\":{\"@id\":\"https:\\\/\\\/www.meydan.tv\\\/az\\\/article\\\/az%c9%99rbaycanda-muqavil%c9%99siz-is%c9%99-c%c9%99lbetm%c9%99-hallari-niy%c9%99-davam-edir\\\/#breadcrumb\"},\"inLanguage\":\"az\",\"potentialAction\":[{\"@type\":\"ReadAction\",\"target\":[\"https:\\\/\\\/www.meydan.tv\\\/az\\\/article\\\/az%c9%99rbaycanda-muqavil%c9%99siz-is%c9%99-c%c9%99lbetm%c9%99-hallari-niy%c9%99-davam-edir\\\/\"]}]},{\"@type\":\"ImageObject\",\"inLanguage\":\"az\",\"@id\":\"https:\\\/\\\/www.meydan.tv\\\/az\\\/article\\\/az%c9%99rbaycanda-muqavil%c9%99siz-is%c9%99-c%c9%99lbetm%c9%99-hallari-niy%c9%99-davam-edir\\\/#primaryimage\",\"url\":\"https:\\\/\\\/www.meydan.tv\\\/wp-content\\\/uploads\\\/img_0763-scaled.jpg\",\"contentUrl\":\"https:\\\/\\\/www.meydan.tv\\\/wp-content\\\/uploads\\\/img_0763-scaled.jpg\",\"width\":2560,\"height\":1707,\"caption\":\"\u0130ll\u00fcstrasiya: Meydan TV\"},{\"@type\":\"BreadcrumbList\",\"@id\":\"https:\\\/\\\/www.meydan.tv\\\/az\\\/article\\\/az%c9%99rbaycanda-muqavil%c9%99siz-is%c9%99-c%c9%99lbetm%c9%99-hallari-niy%c9%99-davam-edir\\\/#breadcrumb\",\"itemListElement\":[{\"@type\":\"ListItem\",\"position\":1,\"name\":\"Ana s\u0259hif\u0259\",\"item\":\"https:\\\/\\\/www.meydan.tv\\\/az\\\/\"},{\"@type\":\"ListItem\",\"position\":2,\"name\":\"X\u0259b\u0259rl\u0259r\",\"item\":\"https:\\\/\\\/www.meydan.tv\\\/az\\\/section\\\/xeberler\\\/\"},{\"@type\":\"ListItem\",\"position\":3,\"name\":\"Az\u0259rbaycanda m\u00fcqavil\u0259siz i\u015f\u0259 c\u0259lbetm\u0259 hallar\u0131 niy\u0259 davam edir?\"}]},{\"@type\":\"WebSite\",\"@id\":\"https:\\\/\\\/www.meydan.tv\\\/az\\\/#website\",\"url\":\"https:\\\/\\\/www.meydan.tv\\\/az\\\/\",\"name\":\"MEYDAN.TV\",\"description\":\"Meydan TV Az\u0259rbaycan\u0131n media m\u0259kan\u0131ndak\u0131 alternativ s\u0259sidir\",\"publisher\":{\"@id\":\"https:\\\/\\\/www.meydan.tv\\\/az\\\/#organization\"},\"potentialAction\":[{\"@type\":\"SearchAction\",\"target\":{\"@type\":\"EntryPoint\",\"urlTemplate\":\"https:\\\/\\\/www.meydan.tv\\\/az\\\/?s={search_term_string}\"},\"query-input\":{\"@type\":\"PropertyValueSpecification\",\"valueRequired\":true,\"valueName\":\"search_term_string\"}}],\"inLanguage\":\"az\"},{\"@type\":\"Organization\",\"@id\":\"https:\\\/\\\/www.meydan.tv\\\/az\\\/#organization\",\"name\":\"Meydan TV\",\"url\":\"https:\\\/\\\/www.meydan.tv\\\/az\\\/\",\"logo\":{\"@type\":\"ImageObject\",\"inLanguage\":\"az\",\"@id\":\"https:\\\/\\\/www.meydan.tv\\\/az\\\/#\\\/schema\\\/logo\\\/image\\\/\",\"url\":\"https:\\\/\\\/www.meydan.tv\\\/wp-content\\\/uploads\\\/2021\\\/07\\\/meydan-logo.svg\",\"contentUrl\":\"https:\\\/\\\/www.meydan.tv\\\/wp-content\\\/uploads\\\/2021\\\/07\\\/meydan-logo.svg\",\"width\":195,\"height\":46,\"caption\":\"Meydan TV\"},\"image\":{\"@id\":\"https:\\\/\\\/www.meydan.tv\\\/az\\\/#\\\/schema\\\/logo\\\/image\\\/\"}},{\"@type\":\"Person\",\"@id\":\"https:\\\/\\\/www.meydan.tv\\\/az\\\/#\\\/schema\\\/person\\\/49b5f2bad5b126bb8ea9320eeb3e4dc9\",\"name\":\"sevda\"}]}<\/script>\n<!-- \/ Yoast SEO plugin. -->","yoast_head_json":{"title":"Az\u0259rbaycanda m\u00fcqavil\u0259siz i\u015f\u0259 c\u0259lbetm\u0259 hallar\u0131 niy\u0259 davam edir? - MEYDAN.TV","robots":{"index":"index","follow":"follow","max-snippet":"max-snippet:-1","max-image-preview":"max-image-preview:large","max-video-preview":"max-video-preview:-1"},"canonical":"https:\/\/www.meydan.tv\/az\/article\/az%c9%99rbaycanda-muqavil%c9%99siz-is%c9%99-c%c9%99lbetm%c9%99-hallari-niy%c9%99-davam-edir\/","og_locale":"az_AZ","og_type":"article","og_title":"Az\u0259rbaycanda m\u00fcqavil\u0259siz i\u015f\u0259 c\u0259lbetm\u0259 hallar\u0131 niy\u0259 davam edir? - MEYDAN.TV","og_description":"Heyd\u0259r \u018fliyev Fondunun t\u0259\u015f\u0259bb\u00fcs\u00fc il\u0259 in\u015fa edilmi\u015f U\u015faq S\u0131\u011f\u0131naca\u011f\u0131 Reinteqrasiya ... Davam\u0131","og_url":"https:\/\/www.meydan.tv\/az\/article\/az%c9%99rbaycanda-muqavil%c9%99siz-is%c9%99-c%c9%99lbetm%c9%99-hallari-niy%c9%99-davam-edir\/","og_site_name":"MEYDAN.TV","article_published_time":"2025-09-16T07:38:08+00:00","article_modified_time":"2025-09-16T07:38:11+00:00","og_image":[{"width":2560,"height":1707,"url":"https:\/\/www.meydan.tv\/wp-content\/uploads\/img_0763-scaled.jpg","type":"image\/jpeg"}],"author":"sevda","twitter_card":"summary_large_image","schema":{"@context":"https:\/\/schema.org","@graph":[{"@type":"Article","@id":"https:\/\/www.meydan.tv\/az\/article\/az%c9%99rbaycanda-muqavil%c9%99siz-is%c9%99-c%c9%99lbetm%c9%99-hallari-niy%c9%99-davam-edir\/#article","isPartOf":{"@id":"https:\/\/www.meydan.tv\/az\/article\/az%c9%99rbaycanda-muqavil%c9%99siz-is%c9%99-c%c9%99lbetm%c9%99-hallari-niy%c9%99-davam-edir\/"},"author":{"name":"sevda","@id":"https:\/\/www.meydan.tv\/az\/#\/schema\/person\/49b5f2bad5b126bb8ea9320eeb3e4dc9"},"headline":"Az\u0259rbaycanda m\u00fcqavil\u0259siz i\u015f\u0259 c\u0259lbetm\u0259 hallar\u0131 niy\u0259 davam edir?","datePublished":"2025-09-16T07:38:08+00:00","dateModified":"2025-09-16T07:38:11+00:00","mainEntityOfPage":{"@id":"https:\/\/www.meydan.tv\/az\/article\/az%c9%99rbaycanda-muqavil%c9%99siz-is%c9%99-c%c9%99lbetm%c9%99-hallari-niy%c9%99-davam-edir\/"},"wordCount":1173,"publisher":{"@id":"https:\/\/www.meydan.tv\/az\/#organization"},"image":{"@id":"https:\/\/www.meydan.tv\/az\/article\/az%c9%99rbaycanda-muqavil%c9%99siz-is%c9%99-c%c9%99lbetm%c9%99-hallari-niy%c9%99-davam-edir\/#primaryimage"},"thumbnailUrl":"https:\/\/www.meydan.tv\/wp-content\/uploads\/img_0763-scaled.jpg","articleSection":["Sosial","T\u00f6vsiy\u0259","X\u0259b\u0259rl\u0259r"],"inLanguage":"az"},{"@type":"WebPage","@id":"https:\/\/www.meydan.tv\/az\/article\/az%c9%99rbaycanda-muqavil%c9%99siz-is%c9%99-c%c9%99lbetm%c9%99-hallari-niy%c9%99-davam-edir\/","url":"https:\/\/www.meydan.tv\/az\/article\/az%c9%99rbaycanda-muqavil%c9%99siz-is%c9%99-c%c9%99lbetm%c9%99-hallari-niy%c9%99-davam-edir\/","name":"Az\u0259rbaycanda m\u00fcqavil\u0259siz i\u015f\u0259 c\u0259lbetm\u0259 hallar\u0131 niy\u0259 davam edir? - MEYDAN.TV","isPartOf":{"@id":"https:\/\/www.meydan.tv\/az\/#website"},"primaryImageOfPage":{"@id":"https:\/\/www.meydan.tv\/az\/article\/az%c9%99rbaycanda-muqavil%c9%99siz-is%c9%99-c%c9%99lbetm%c9%99-hallari-niy%c9%99-davam-edir\/#primaryimage"},"image":{"@id":"https:\/\/www.meydan.tv\/az\/article\/az%c9%99rbaycanda-muqavil%c9%99siz-is%c9%99-c%c9%99lbetm%c9%99-hallari-niy%c9%99-davam-edir\/#primaryimage"},"thumbnailUrl":"https:\/\/www.meydan.tv\/wp-content\/uploads\/img_0763-scaled.jpg","datePublished":"2025-09-16T07:38:08+00:00","dateModified":"2025-09-16T07:38:11+00:00","breadcrumb":{"@id":"https:\/\/www.meydan.tv\/az\/article\/az%c9%99rbaycanda-muqavil%c9%99siz-is%c9%99-c%c9%99lbetm%c9%99-hallari-niy%c9%99-davam-edir\/#breadcrumb"},"inLanguage":"az","potentialAction":[{"@type":"ReadAction","target":["https:\/\/www.meydan.tv\/az\/article\/az%c9%99rbaycanda-muqavil%c9%99siz-is%c9%99-c%c9%99lbetm%c9%99-hallari-niy%c9%99-davam-edir\/"]}]},{"@type":"ImageObject","inLanguage":"az","@id":"https:\/\/www.meydan.tv\/az\/article\/az%c9%99rbaycanda-muqavil%c9%99siz-is%c9%99-c%c9%99lbetm%c9%99-hallari-niy%c9%99-davam-edir\/#primaryimage","url":"https:\/\/www.meydan.tv\/wp-content\/uploads\/img_0763-scaled.jpg","contentUrl":"https:\/\/www.meydan.tv\/wp-content\/uploads\/img_0763-scaled.jpg","width":2560,"height":1707,"caption":"\u0130ll\u00fcstrasiya: Meydan TV"},{"@type":"BreadcrumbList","@id":"https:\/\/www.meydan.tv\/az\/article\/az%c9%99rbaycanda-muqavil%c9%99siz-is%c9%99-c%c9%99lbetm%c9%99-hallari-niy%c9%99-davam-edir\/#breadcrumb","itemListElement":[{"@type":"ListItem","position":1,"name":"Ana s\u0259hif\u0259","item":"https:\/\/www.meydan.tv\/az\/"},{"@type":"ListItem","position":2,"name":"X\u0259b\u0259rl\u0259r","item":"https:\/\/www.meydan.tv\/az\/section\/xeberler\/"},{"@type":"ListItem","position":3,"name":"Az\u0259rbaycanda m\u00fcqavil\u0259siz i\u015f\u0259 c\u0259lbetm\u0259 hallar\u0131 niy\u0259 davam edir?"}]},{"@type":"WebSite","@id":"https:\/\/www.meydan.tv\/az\/#website","url":"https:\/\/www.meydan.tv\/az\/","name":"MEYDAN.TV","description":"Meydan TV Az\u0259rbaycan\u0131n media m\u0259kan\u0131ndak\u0131 alternativ s\u0259sidir","publisher":{"@id":"https:\/\/www.meydan.tv\/az\/#organization"},"potentialAction":[{"@type":"SearchAction","target":{"@type":"EntryPoint","urlTemplate":"https:\/\/www.meydan.tv\/az\/?s={search_term_string}"},"query-input":{"@type":"PropertyValueSpecification","valueRequired":true,"valueName":"search_term_string"}}],"inLanguage":"az"},{"@type":"Organization","@id":"https:\/\/www.meydan.tv\/az\/#organization","name":"Meydan TV","url":"https:\/\/www.meydan.tv\/az\/","logo":{"@type":"ImageObject","inLanguage":"az","@id":"https:\/\/www.meydan.tv\/az\/#\/schema\/logo\/image\/","url":"https:\/\/www.meydan.tv\/wp-content\/uploads\/2021\/07\/meydan-logo.svg","contentUrl":"https:\/\/www.meydan.tv\/wp-content\/uploads\/2021\/07\/meydan-logo.svg","width":195,"height":46,"caption":"Meydan TV"},"image":{"@id":"https:\/\/www.meydan.tv\/az\/#\/schema\/logo\/image\/"}},{"@type":"Person","@id":"https:\/\/www.meydan.tv\/az\/#\/schema\/person\/49b5f2bad5b126bb8ea9320eeb3e4dc9","name":"sevda"}]}},"_links":{"self":[{"href":"https:\/\/www.meydan.tv\/az\/wp-json\/wp\/v2\/posts\/335210","targetHints":{"allow":["GET"]}}],"collection":[{"href":"https:\/\/www.meydan.tv\/az\/wp-json\/wp\/v2\/posts"}],"about":[{"href":"https:\/\/www.meydan.tv\/az\/wp-json\/wp\/v2\/types\/post"}],"author":[{"embeddable":true,"href":"https:\/\/www.meydan.tv\/az\/wp-json\/wp\/v2\/users\/16"}],"replies":[{"embeddable":true,"href":"https:\/\/www.meydan.tv\/az\/wp-json\/wp\/v2\/comments?post=335210"}],"version-history":[{"count":1,"href":"https:\/\/www.meydan.tv\/az\/wp-json\/wp\/v2\/posts\/335210\/revisions"}],"predecessor-version":[{"id":335211,"href":"https:\/\/www.meydan.tv\/az\/wp-json\/wp\/v2\/posts\/335210\/revisions\/335211"}],"wp:featuredmedia":[{"embeddable":true,"href":"https:\/\/www.meydan.tv\/az\/wp-json\/wp\/v2\/media\/293970"}],"wp:attachment":[{"href":"https:\/\/www.meydan.tv\/az\/wp-json\/wp\/v2\/media?parent=335210"}],"wp:term":[{"taxonomy":"category","embeddable":true,"href":"https:\/\/www.meydan.tv\/az\/wp-json\/wp\/v2\/categories?post=335210"},{"taxonomy":"post_tag","embeddable":true,"href":"https:\/\/www.meydan.tv\/az\/wp-json\/wp\/v2\/tags?post=335210"}],"curies":[{"name":"wp","href":"https:\/\/api.w.org\/{rel}","templated":true}]}}