{"id":335177,"date":"2025-09-15T15:21:01","date_gmt":"2025-09-15T11:21:01","guid":{"rendered":"https:\/\/www.meydan.tv\/?p=335177"},"modified":"2025-09-15T16:03:18","modified_gmt":"2025-09-15T12:03:18","slug":"12-ci-yer-vakantdir-berlind%c9%99-12-siyasi-m%c9%99hbus-qadinin-portretl%c9%99rinin-sergisi-kecirilib","status":"publish","type":"post","link":"https:\/\/www.meydan.tv\/az\/article\/12-ci-yer-vakantdir-berlind%c9%99-12-siyasi-m%c9%99hbus-qadinin-portretl%c9%99rinin-sergisi-kecirilib\/","title":{"rendered":"\u201c12-ci yer vakantd\u0131r\u201d: Berlind\u0259 11 siyasi m\u0259hbus qad\u0131n\u0131n portretl\u0259rinin s\u0259rgisi ke\u00e7irilib"},"content":{"rendered":"\n<p>Berlind\u0259 Az\u0259rbaycanda v\u0259 G\u00fcrc\u00fcstanda h\u0259bsd\u0259 olan qad\u0131n jurnalist v\u0259 f\u0259allar\u0131n portretl\u0259rinin n\u00fcmayi\u015f etdirildiyi s\u0259rgi ke\u00e7irilib.<\/p>\n\n\n\n<p>S\u0259rgi &#8220;Free voices collective e.V.&#8221; t\u0259r\u0259find\u0259n t\u0259\u015fkil olunub. Portretl\u0259rin m\u00fc\u0259llifi Berlind\u0259 ya\u015fayan az\u0259rbaycanl\u0131 r\u0259ssam Fidan Axundovad\u0131r.\u00a0<\/p>\n\n\n\n<figure class=\"wp-block-image size-large\"><img decoding=\"async\" width=\"701\" height=\"821\" data-src=\"https:\/\/www.meydan.tv\/wp-content\/uploads\/untitled-8-701x821.jpg\" alt=\"\" class=\"wp-image-335171 lazyload\" src=\"data:image\/svg+xml;base64,PHN2ZyB3aWR0aD0iMSIgaGVpZ2h0PSIxIiB4bWxucz0iaHR0cDovL3d3dy53My5vcmcvMjAwMC9zdmciPjwvc3ZnPg==\" style=\"--smush-placeholder-width: 701px; --smush-placeholder-aspect-ratio: 701\/821;\" \/><\/figure>\n\n\n\n<p><em>\u201cM\u0259ni 12 siyasi m\u0259hbus qad\u0131n\u0131n portretl\u0259rini \u00e7\u0259km\u0259k \u00fc\u00e7\u00fcn d\u0259v\u0259t edibl\u0259r. N\u0259tic\u0259d\u0259 biz 11 portret \u00e7\u0259km\u0259k q\u0259rar\u0131na g\u0259ldik. Biri bo\u015fdur. Bu, ona i\u015far\u0259dir ki, Az\u0259rbaycanda bu g\u00fcn insan ist\u0259nil\u0259n post yazmaqla bel\u0259 h\u0259bsxanaya d\u00fc\u015f\u0259 bil\u0259r. Y\u0259ni bu yer vakantd\u0131r, 12-ci yer\u201d, <\/em>&#8211; Fidan Axundova Meydan TV-y\u0259 m\u00fcsahib\u0259sind\u0259 deyib.&nbsp;<\/p>\n\n\n\n<figure class=\"wp-block-image size-large\"><img decoding=\"async\" width=\"641\" height=\"821\" data-src=\"https:\/\/www.meydan.tv\/wp-content\/uploads\/untitled-4-641x821.jpg\" alt=\"\" class=\"wp-image-335159 lazyload\" src=\"data:image\/svg+xml;base64,PHN2ZyB3aWR0aD0iMSIgaGVpZ2h0PSIxIiB4bWxucz0iaHR0cDovL3d3dy53My5vcmcvMjAwMC9zdmciPjwvc3ZnPg==\" style=\"--smush-placeholder-width: 641px; --smush-placeholder-aspect-ratio: 641\/821;\" \/><\/figure>\n\n\n\n<p>Portretl\u0259rd\u0259 G\u00fcrc\u00fcstandan olan iki v\u0259 Az\u0259rbaycandan 9 siyasi m\u0259hbus qad\u0131n \u0259ks olunub: g\u00fcrc\u00fc f\u0259al Nino Data\u015fvili, \u201cNetqazeti\u201d v\u0259 \u201cBatumelebi\u201d saytlar\u0131n\u0131n h\u0259mt\u0259sis\u00e7isi <a href=\"https:\/\/www.meydan.tv\/az\/article\/gurcustanda-polis%c9%99-sill%c9%99-vurmaqda-ittiham-olunan-jurnalist-2-il-mudd%c9%99tin%c9%99-h%c9%99bs-edilib\/\" target=\"_blank\" rel=\"noreferrer noopener\">Mzia Ama\u011flobeli<\/a>, <a href=\"https:\/\/www.meydan.tv\/az\/article\/abzasmedianin-jurnalist%c9%99ri-m%c9%99hk%c9%99m%c9%99d%c9%99-suarlar-s%c9%99sl%c9%99ndiribl%c9%99r\/\" target=\"_blank\" rel=\"noreferrer noopener\">AbzasMedian\u0131n<\/a> \u00fc\u00e7 \u0259m\u0259kda\u015f\u0131 v\u0259 <a href=\"https:\/\/www.meydan.tv\/az\/article\/meydan-tv-isi-uzr%c9%99-ittiham-agirlasdirldi\/\" target=\"_blank\" rel=\"noreferrer noopener\">Meydan TV<\/a> i\u015fi \u00fczr\u0259 h\u0259bs olunan 6 qad\u0131n jurnalist.<\/p>\n\n\n\n<p>H\u0259min portretl\u0259rin \u0259ks olundu\u011fu post-kartlar da \u00e7ap olunaraq, s\u0259rgid\u0259 n\u00fcmayi\u015f olunub. <br><br><em>&#8220;Bu s\u0259rginin h\u0259r bir qona\u011f\u0131 xan\u0131mlara m\u0259ktub yaza bil\u0259r. H\u0259min m\u0259ktublar\u0131 biz \u00fcnvan\u0131na \u00e7atd\u0131raca\u011f\u0131q. Bunu onun \u00fc\u00e7\u00fcn edirik ki, xan\u0131mlar unudulmad\u0131qlar\u0131n\u0131 bilsinl\u0259r&#8221;. <\/em><\/p>\n","protected":false},"excerpt":{"rendered":"<p>Berlind\u0259 Az\u0259rbaycanda v\u0259 G\u00fcrc\u00fcstanda h\u0259bsd\u0259 olan qad\u0131n jurnalist v\u0259 f\u0259allar\u0131n &#8230; <\/p>\n<p class=\"read-more-container\"><a title=\"\u201c12-ci yer vakantd\u0131r\u201d: Berlind\u0259 11 siyasi m\u0259hbus qad\u0131n\u0131n portretl\u0259rinin s\u0259rgisi ke\u00e7irilib\" class=\"read-more button\" href=\"https:\/\/www.meydan.tv\/az\/article\/12-ci-yer-vakantdir-berlind%c9%99-12-siyasi-m%c9%99hbus-qadinin-portretl%c9%99rinin-sergisi-kecirilib\/#more-335177\" aria-label=\"Read more about \u201c12-ci yer vakantd\u0131r\u201d: Berlind\u0259 11 siyasi m\u0259hbus qad\u0131n\u0131n portretl\u0259rinin s\u0259rgisi ke\u00e7irilib\">Davam\u0131<\/a><\/p>\n","protected":false},"author":16,"featured_media":335182,"comment_status":"closed","ping_status":"closed","sticky":false,"template":"","format":"standard","meta":{"_acf_changed":false,"_sitemap_exclude":false,"_sitemap_priority":"","_sitemap_frequency":"","footnotes":""},"categories":[79,56],"tags":[],"class_list":["post-335177","post","type-post","status-publish","format-standard","has-post-thumbnail","hentry","category-featured","category-xeberler","infinite-scroll-item","generate-columns","tablet-grid-50","mobile-grid-100","grid-parent","grid-33","no-featured-image-padding"],"acf":[],"yoast_head":"<!-- This site is optimized with the Yoast SEO plugin v27.4 - https:\/\/yoast.com\/product\/yoast-seo-wordpress\/ -->\n<title>\u201c12-ci yer vakantd\u0131r\u201d: Berlind\u0259 11 siyasi m\u0259hbus qad\u0131n\u0131n portretl\u0259rinin s\u0259rgisi ke\u00e7irilib - MEYDAN.TV<\/title>\n<meta name=\"robots\" content=\"index, follow, max-snippet:-1, max-image-preview:large, max-video-preview:-1\" \/>\n<link rel=\"canonical\" href=\"https:\/\/www.meydan.tv\/az\/article\/12-ci-yer-vakantdir-berlind%c9%99-12-siyasi-m%c9%99hbus-qadinin-portretl%c9%99rinin-sergisi-kecirilib\/\" \/>\n<meta property=\"og:locale\" content=\"az_AZ\" \/>\n<meta property=\"og:type\" content=\"article\" \/>\n<meta property=\"og:title\" content=\"\u201c12-ci yer vakantd\u0131r\u201d: Berlind\u0259 11 siyasi m\u0259hbus qad\u0131n\u0131n portretl\u0259rinin s\u0259rgisi ke\u00e7irilib - MEYDAN.TV\" \/>\n<meta property=\"og:description\" content=\"Berlind\u0259 Az\u0259rbaycanda v\u0259 G\u00fcrc\u00fcstanda h\u0259bsd\u0259 olan qad\u0131n jurnalist v\u0259 f\u0259allar\u0131n ... Davam\u0131\" \/>\n<meta property=\"og:url\" content=\"https:\/\/www.meydan.tv\/az\/article\/12-ci-yer-vakantdir-berlind%c9%99-12-siyasi-m%c9%99hbus-qadinin-portretl%c9%99rinin-sergisi-kecirilib\/\" \/>\n<meta property=\"og:site_name\" content=\"MEYDAN.TV\" \/>\n<meta property=\"article:published_time\" content=\"2025-09-15T11:21:01+00:00\" \/>\n<meta property=\"article:modified_time\" content=\"2025-09-15T12:03:18+00:00\" \/>\n<meta property=\"og:image\" content=\"https:\/\/www.meydan.tv\/wp-content\/uploads\/photo_2025-09-15-13.07.43.jpeg\" \/>\n\t<meta property=\"og:image:width\" content=\"960\" \/>\n\t<meta property=\"og:image:height\" content=\"1280\" \/>\n\t<meta property=\"og:image:type\" content=\"image\/jpeg\" \/>\n<meta name=\"author\" content=\"sevda\" \/>\n<meta name=\"twitter:card\" content=\"summary_large_image\" \/>\n<script type=\"application\/ld+json\" class=\"yoast-schema-graph\">{\"@context\":\"https:\\\/\\\/schema.org\",\"@graph\":[{\"@type\":\"Article\",\"@id\":\"https:\\\/\\\/www.meydan.tv\\\/az\\\/article\\\/12-ci-yer-vakantdir-berlind%c9%99-12-siyasi-m%c9%99hbus-qadinin-portretl%c9%99rinin-sergisi-kecirilib\\\/#article\",\"isPartOf\":{\"@id\":\"https:\\\/\\\/www.meydan.tv\\\/az\\\/article\\\/12-ci-yer-vakantdir-berlind%c9%99-12-siyasi-m%c9%99hbus-qadinin-portretl%c9%99rinin-sergisi-kecirilib\\\/\"},\"author\":{\"name\":\"sevda\",\"@id\":\"https:\\\/\\\/www.meydan.tv\\\/az\\\/#\\\/schema\\\/person\\\/49b5f2bad5b126bb8ea9320eeb3e4dc9\"},\"headline\":\"\u201c12-ci yer vakantd\u0131r\u201d: Berlind\u0259 11 siyasi m\u0259hbus qad\u0131n\u0131n portretl\u0259rinin s\u0259rgisi ke\u00e7irilib\",\"datePublished\":\"2025-09-15T11:21:01+00:00\",\"dateModified\":\"2025-09-15T12:03:18+00:00\",\"mainEntityOfPage\":{\"@id\":\"https:\\\/\\\/www.meydan.tv\\\/az\\\/article\\\/12-ci-yer-vakantdir-berlind%c9%99-12-siyasi-m%c9%99hbus-qadinin-portretl%c9%99rinin-sergisi-kecirilib\\\/\"},\"wordCount\":250,\"publisher\":{\"@id\":\"https:\\\/\\\/www.meydan.tv\\\/az\\\/#organization\"},\"image\":{\"@id\":\"https:\\\/\\\/www.meydan.tv\\\/az\\\/article\\\/12-ci-yer-vakantdir-berlind%c9%99-12-siyasi-m%c9%99hbus-qadinin-portretl%c9%99rinin-sergisi-kecirilib\\\/#primaryimage\"},\"thumbnailUrl\":\"https:\\\/\\\/www.meydan.tv\\\/wp-content\\\/uploads\\\/photo_2025-09-15-13.07.43.jpeg\",\"articleSection\":[\"T\u00f6vsiy\u0259\",\"X\u0259b\u0259rl\u0259r\"],\"inLanguage\":\"az\"},{\"@type\":\"WebPage\",\"@id\":\"https:\\\/\\\/www.meydan.tv\\\/az\\\/article\\\/12-ci-yer-vakantdir-berlind%c9%99-12-siyasi-m%c9%99hbus-qadinin-portretl%c9%99rinin-sergisi-kecirilib\\\/\",\"url\":\"https:\\\/\\\/www.meydan.tv\\\/az\\\/article\\\/12-ci-yer-vakantdir-berlind%c9%99-12-siyasi-m%c9%99hbus-qadinin-portretl%c9%99rinin-sergisi-kecirilib\\\/\",\"name\":\"\u201c12-ci yer vakantd\u0131r\u201d: Berlind\u0259 11 siyasi m\u0259hbus qad\u0131n\u0131n portretl\u0259rinin s\u0259rgisi ke\u00e7irilib - MEYDAN.TV\",\"isPartOf\":{\"@id\":\"https:\\\/\\\/www.meydan.tv\\\/az\\\/#website\"},\"primaryImageOfPage\":{\"@id\":\"https:\\\/\\\/www.meydan.tv\\\/az\\\/article\\\/12-ci-yer-vakantdir-berlind%c9%99-12-siyasi-m%c9%99hbus-qadinin-portretl%c9%99rinin-sergisi-kecirilib\\\/#primaryimage\"},\"image\":{\"@id\":\"https:\\\/\\\/www.meydan.tv\\\/az\\\/article\\\/12-ci-yer-vakantdir-berlind%c9%99-12-siyasi-m%c9%99hbus-qadinin-portretl%c9%99rinin-sergisi-kecirilib\\\/#primaryimage\"},\"thumbnailUrl\":\"https:\\\/\\\/www.meydan.tv\\\/wp-content\\\/uploads\\\/photo_2025-09-15-13.07.43.jpeg\",\"datePublished\":\"2025-09-15T11:21:01+00:00\",\"dateModified\":\"2025-09-15T12:03:18+00:00\",\"breadcrumb\":{\"@id\":\"https:\\\/\\\/www.meydan.tv\\\/az\\\/article\\\/12-ci-yer-vakantdir-berlind%c9%99-12-siyasi-m%c9%99hbus-qadinin-portretl%c9%99rinin-sergisi-kecirilib\\\/#breadcrumb\"},\"inLanguage\":\"az\",\"potentialAction\":[{\"@type\":\"ReadAction\",\"target\":[\"https:\\\/\\\/www.meydan.tv\\\/az\\\/article\\\/12-ci-yer-vakantdir-berlind%c9%99-12-siyasi-m%c9%99hbus-qadinin-portretl%c9%99rinin-sergisi-kecirilib\\\/\"]}]},{\"@type\":\"ImageObject\",\"inLanguage\":\"az\",\"@id\":\"https:\\\/\\\/www.meydan.tv\\\/az\\\/article\\\/12-ci-yer-vakantdir-berlind%c9%99-12-siyasi-m%c9%99hbus-qadinin-portretl%c9%99rinin-sergisi-kecirilib\\\/#primaryimage\",\"url\":\"https:\\\/\\\/www.meydan.tv\\\/wp-content\\\/uploads\\\/photo_2025-09-15-13.07.43.jpeg\",\"contentUrl\":\"https:\\\/\\\/www.meydan.tv\\\/wp-content\\\/uploads\\\/photo_2025-09-15-13.07.43.jpeg\",\"width\":960,\"height\":1280},{\"@type\":\"BreadcrumbList\",\"@id\":\"https:\\\/\\\/www.meydan.tv\\\/az\\\/article\\\/12-ci-yer-vakantdir-berlind%c9%99-12-siyasi-m%c9%99hbus-qadinin-portretl%c9%99rinin-sergisi-kecirilib\\\/#breadcrumb\",\"itemListElement\":[{\"@type\":\"ListItem\",\"position\":1,\"name\":\"Ana s\u0259hif\u0259\",\"item\":\"https:\\\/\\\/www.meydan.tv\\\/az\\\/\"},{\"@type\":\"ListItem\",\"position\":2,\"name\":\"X\u0259b\u0259rl\u0259r\",\"item\":\"https:\\\/\\\/www.meydan.tv\\\/az\\\/section\\\/xeberler\\\/\"},{\"@type\":\"ListItem\",\"position\":3,\"name\":\"\u201c12-ci yer vakantd\u0131r\u201d: Berlind\u0259 11 siyasi m\u0259hbus qad\u0131n\u0131n portretl\u0259rinin s\u0259rgisi ke\u00e7irilib\"}]},{\"@type\":\"WebSite\",\"@id\":\"https:\\\/\\\/www.meydan.tv\\\/az\\\/#website\",\"url\":\"https:\\\/\\\/www.meydan.tv\\\/az\\\/\",\"name\":\"MEYDAN.TV\",\"description\":\"Meydan TV Az\u0259rbaycan\u0131n media m\u0259kan\u0131ndak\u0131 alternativ s\u0259sidir\",\"publisher\":{\"@id\":\"https:\\\/\\\/www.meydan.tv\\\/az\\\/#organization\"},\"potentialAction\":[{\"@type\":\"SearchAction\",\"target\":{\"@type\":\"EntryPoint\",\"urlTemplate\":\"https:\\\/\\\/www.meydan.tv\\\/az\\\/?s={search_term_string}\"},\"query-input\":{\"@type\":\"PropertyValueSpecification\",\"valueRequired\":true,\"valueName\":\"search_term_string\"}}],\"inLanguage\":\"az\"},{\"@type\":\"Organization\",\"@id\":\"https:\\\/\\\/www.meydan.tv\\\/az\\\/#organization\",\"name\":\"Meydan TV\",\"url\":\"https:\\\/\\\/www.meydan.tv\\\/az\\\/\",\"logo\":{\"@type\":\"ImageObject\",\"inLanguage\":\"az\",\"@id\":\"https:\\\/\\\/www.meydan.tv\\\/az\\\/#\\\/schema\\\/logo\\\/image\\\/\",\"url\":\"https:\\\/\\\/www.meydan.tv\\\/wp-content\\\/uploads\\\/2021\\\/07\\\/meydan-logo.svg\",\"contentUrl\":\"https:\\\/\\\/www.meydan.tv\\\/wp-content\\\/uploads\\\/2021\\\/07\\\/meydan-logo.svg\",\"width\":195,\"height\":46,\"caption\":\"Meydan TV\"},\"image\":{\"@id\":\"https:\\\/\\\/www.meydan.tv\\\/az\\\/#\\\/schema\\\/logo\\\/image\\\/\"}},{\"@type\":\"Person\",\"@id\":\"https:\\\/\\\/www.meydan.tv\\\/az\\\/#\\\/schema\\\/person\\\/49b5f2bad5b126bb8ea9320eeb3e4dc9\",\"name\":\"sevda\"}]}<\/script>\n<!-- \/ Yoast SEO plugin. -->","yoast_head_json":{"title":"\u201c12-ci yer vakantd\u0131r\u201d: Berlind\u0259 11 siyasi m\u0259hbus qad\u0131n\u0131n portretl\u0259rinin s\u0259rgisi ke\u00e7irilib - MEYDAN.TV","robots":{"index":"index","follow":"follow","max-snippet":"max-snippet:-1","max-image-preview":"max-image-preview:large","max-video-preview":"max-video-preview:-1"},"canonical":"https:\/\/www.meydan.tv\/az\/article\/12-ci-yer-vakantdir-berlind%c9%99-12-siyasi-m%c9%99hbus-qadinin-portretl%c9%99rinin-sergisi-kecirilib\/","og_locale":"az_AZ","og_type":"article","og_title":"\u201c12-ci yer vakantd\u0131r\u201d: Berlind\u0259 11 siyasi m\u0259hbus qad\u0131n\u0131n portretl\u0259rinin s\u0259rgisi ke\u00e7irilib - MEYDAN.TV","og_description":"Berlind\u0259 Az\u0259rbaycanda v\u0259 G\u00fcrc\u00fcstanda h\u0259bsd\u0259 olan qad\u0131n jurnalist v\u0259 f\u0259allar\u0131n ... Davam\u0131","og_url":"https:\/\/www.meydan.tv\/az\/article\/12-ci-yer-vakantdir-berlind%c9%99-12-siyasi-m%c9%99hbus-qadinin-portretl%c9%99rinin-sergisi-kecirilib\/","og_site_name":"MEYDAN.TV","article_published_time":"2025-09-15T11:21:01+00:00","article_modified_time":"2025-09-15T12:03:18+00:00","og_image":[{"width":960,"height":1280,"url":"https:\/\/www.meydan.tv\/wp-content\/uploads\/photo_2025-09-15-13.07.43.jpeg","type":"image\/jpeg"}],"author":"sevda","twitter_card":"summary_large_image","schema":{"@context":"https:\/\/schema.org","@graph":[{"@type":"Article","@id":"https:\/\/www.meydan.tv\/az\/article\/12-ci-yer-vakantdir-berlind%c9%99-12-siyasi-m%c9%99hbus-qadinin-portretl%c9%99rinin-sergisi-kecirilib\/#article","isPartOf":{"@id":"https:\/\/www.meydan.tv\/az\/article\/12-ci-yer-vakantdir-berlind%c9%99-12-siyasi-m%c9%99hbus-qadinin-portretl%c9%99rinin-sergisi-kecirilib\/"},"author":{"name":"sevda","@id":"https:\/\/www.meydan.tv\/az\/#\/schema\/person\/49b5f2bad5b126bb8ea9320eeb3e4dc9"},"headline":"\u201c12-ci yer vakantd\u0131r\u201d: Berlind\u0259 11 siyasi m\u0259hbus qad\u0131n\u0131n portretl\u0259rinin s\u0259rgisi ke\u00e7irilib","datePublished":"2025-09-15T11:21:01+00:00","dateModified":"2025-09-15T12:03:18+00:00","mainEntityOfPage":{"@id":"https:\/\/www.meydan.tv\/az\/article\/12-ci-yer-vakantdir-berlind%c9%99-12-siyasi-m%c9%99hbus-qadinin-portretl%c9%99rinin-sergisi-kecirilib\/"},"wordCount":250,"publisher":{"@id":"https:\/\/www.meydan.tv\/az\/#organization"},"image":{"@id":"https:\/\/www.meydan.tv\/az\/article\/12-ci-yer-vakantdir-berlind%c9%99-12-siyasi-m%c9%99hbus-qadinin-portretl%c9%99rinin-sergisi-kecirilib\/#primaryimage"},"thumbnailUrl":"https:\/\/www.meydan.tv\/wp-content\/uploads\/photo_2025-09-15-13.07.43.jpeg","articleSection":["T\u00f6vsiy\u0259","X\u0259b\u0259rl\u0259r"],"inLanguage":"az"},{"@type":"WebPage","@id":"https:\/\/www.meydan.tv\/az\/article\/12-ci-yer-vakantdir-berlind%c9%99-12-siyasi-m%c9%99hbus-qadinin-portretl%c9%99rinin-sergisi-kecirilib\/","url":"https:\/\/www.meydan.tv\/az\/article\/12-ci-yer-vakantdir-berlind%c9%99-12-siyasi-m%c9%99hbus-qadinin-portretl%c9%99rinin-sergisi-kecirilib\/","name":"\u201c12-ci yer vakantd\u0131r\u201d: Berlind\u0259 11 siyasi m\u0259hbus qad\u0131n\u0131n portretl\u0259rinin s\u0259rgisi ke\u00e7irilib - MEYDAN.TV","isPartOf":{"@id":"https:\/\/www.meydan.tv\/az\/#website"},"primaryImageOfPage":{"@id":"https:\/\/www.meydan.tv\/az\/article\/12-ci-yer-vakantdir-berlind%c9%99-12-siyasi-m%c9%99hbus-qadinin-portretl%c9%99rinin-sergisi-kecirilib\/#primaryimage"},"image":{"@id":"https:\/\/www.meydan.tv\/az\/article\/12-ci-yer-vakantdir-berlind%c9%99-12-siyasi-m%c9%99hbus-qadinin-portretl%c9%99rinin-sergisi-kecirilib\/#primaryimage"},"thumbnailUrl":"https:\/\/www.meydan.tv\/wp-content\/uploads\/photo_2025-09-15-13.07.43.jpeg","datePublished":"2025-09-15T11:21:01+00:00","dateModified":"2025-09-15T12:03:18+00:00","breadcrumb":{"@id":"https:\/\/www.meydan.tv\/az\/article\/12-ci-yer-vakantdir-berlind%c9%99-12-siyasi-m%c9%99hbus-qadinin-portretl%c9%99rinin-sergisi-kecirilib\/#breadcrumb"},"inLanguage":"az","potentialAction":[{"@type":"ReadAction","target":["https:\/\/www.meydan.tv\/az\/article\/12-ci-yer-vakantdir-berlind%c9%99-12-siyasi-m%c9%99hbus-qadinin-portretl%c9%99rinin-sergisi-kecirilib\/"]}]},{"@type":"ImageObject","inLanguage":"az","@id":"https:\/\/www.meydan.tv\/az\/article\/12-ci-yer-vakantdir-berlind%c9%99-12-siyasi-m%c9%99hbus-qadinin-portretl%c9%99rinin-sergisi-kecirilib\/#primaryimage","url":"https:\/\/www.meydan.tv\/wp-content\/uploads\/photo_2025-09-15-13.07.43.jpeg","contentUrl":"https:\/\/www.meydan.tv\/wp-content\/uploads\/photo_2025-09-15-13.07.43.jpeg","width":960,"height":1280},{"@type":"BreadcrumbList","@id":"https:\/\/www.meydan.tv\/az\/article\/12-ci-yer-vakantdir-berlind%c9%99-12-siyasi-m%c9%99hbus-qadinin-portretl%c9%99rinin-sergisi-kecirilib\/#breadcrumb","itemListElement":[{"@type":"ListItem","position":1,"name":"Ana s\u0259hif\u0259","item":"https:\/\/www.meydan.tv\/az\/"},{"@type":"ListItem","position":2,"name":"X\u0259b\u0259rl\u0259r","item":"https:\/\/www.meydan.tv\/az\/section\/xeberler\/"},{"@type":"ListItem","position":3,"name":"\u201c12-ci yer vakantd\u0131r\u201d: Berlind\u0259 11 siyasi m\u0259hbus qad\u0131n\u0131n portretl\u0259rinin s\u0259rgisi ke\u00e7irilib"}]},{"@type":"WebSite","@id":"https:\/\/www.meydan.tv\/az\/#website","url":"https:\/\/www.meydan.tv\/az\/","name":"MEYDAN.TV","description":"Meydan TV Az\u0259rbaycan\u0131n media m\u0259kan\u0131ndak\u0131 alternativ s\u0259sidir","publisher":{"@id":"https:\/\/www.meydan.tv\/az\/#organization"},"potentialAction":[{"@type":"SearchAction","target":{"@type":"EntryPoint","urlTemplate":"https:\/\/www.meydan.tv\/az\/?s={search_term_string}"},"query-input":{"@type":"PropertyValueSpecification","valueRequired":true,"valueName":"search_term_string"}}],"inLanguage":"az"},{"@type":"Organization","@id":"https:\/\/www.meydan.tv\/az\/#organization","name":"Meydan TV","url":"https:\/\/www.meydan.tv\/az\/","logo":{"@type":"ImageObject","inLanguage":"az","@id":"https:\/\/www.meydan.tv\/az\/#\/schema\/logo\/image\/","url":"https:\/\/www.meydan.tv\/wp-content\/uploads\/2021\/07\/meydan-logo.svg","contentUrl":"https:\/\/www.meydan.tv\/wp-content\/uploads\/2021\/07\/meydan-logo.svg","width":195,"height":46,"caption":"Meydan TV"},"image":{"@id":"https:\/\/www.meydan.tv\/az\/#\/schema\/logo\/image\/"}},{"@type":"Person","@id":"https:\/\/www.meydan.tv\/az\/#\/schema\/person\/49b5f2bad5b126bb8ea9320eeb3e4dc9","name":"sevda"}]}},"_links":{"self":[{"href":"https:\/\/www.meydan.tv\/az\/wp-json\/wp\/v2\/posts\/335177","targetHints":{"allow":["GET"]}}],"collection":[{"href":"https:\/\/www.meydan.tv\/az\/wp-json\/wp\/v2\/posts"}],"about":[{"href":"https:\/\/www.meydan.tv\/az\/wp-json\/wp\/v2\/types\/post"}],"author":[{"embeddable":true,"href":"https:\/\/www.meydan.tv\/az\/wp-json\/wp\/v2\/users\/16"}],"replies":[{"embeddable":true,"href":"https:\/\/www.meydan.tv\/az\/wp-json\/wp\/v2\/comments?post=335177"}],"version-history":[{"count":10,"href":"https:\/\/www.meydan.tv\/az\/wp-json\/wp\/v2\/posts\/335177\/revisions"}],"predecessor-version":[{"id":335195,"href":"https:\/\/www.meydan.tv\/az\/wp-json\/wp\/v2\/posts\/335177\/revisions\/335195"}],"wp:featuredmedia":[{"embeddable":true,"href":"https:\/\/www.meydan.tv\/az\/wp-json\/wp\/v2\/media\/335182"}],"wp:attachment":[{"href":"https:\/\/www.meydan.tv\/az\/wp-json\/wp\/v2\/media?parent=335177"}],"wp:term":[{"taxonomy":"category","embeddable":true,"href":"https:\/\/www.meydan.tv\/az\/wp-json\/wp\/v2\/categories?post=335177"},{"taxonomy":"post_tag","embeddable":true,"href":"https:\/\/www.meydan.tv\/az\/wp-json\/wp\/v2\/tags?post=335177"}],"curies":[{"name":"wp","href":"https:\/\/api.w.org\/{rel}","templated":true}]}}