{"id":335043,"date":"2025-09-10T18:58:00","date_gmt":"2025-09-10T14:58:00","guid":{"rendered":"https:\/\/www.meydan.tv\/?p=335043"},"modified":"2025-09-10T18:58:03","modified_gmt":"2025-09-10T14:58:03","slug":"emin-agalarovun-moskvadaki-restoranlari-baglanib","status":"publish","type":"post","link":"https:\/\/www.meydan.tv\/az\/article\/emin-agalarovun-moskvadaki-restoranlari-baglanib\/","title":{"rendered":"Emin A\u011falarovun Moskvadak\u0131 restoranlar\u0131 ba\u011flan\u0131b"},"content":{"rendered":"\n<p><\/p>\n\n\n\n<p>Prezident \u0130lham \u018fliyevin ke\u00e7mi\u015f k\u00fcr\u0259k\u0259ni, biznesmen Emin A\u011falarovun Moskvada \u00fc\u00e7 restoran\u0131 ba\u011flan\u0131b.<\/p>\n\n\n\n<p>\u201cMoskva restoranlar\u0131n\u0131n a\u00e7\u0131l\u0131\u015f v\u0259 ba\u011flan\u0131\u015flar\u0131\u201d (\u201c\u041e\u0442\u043a\u0440\u044b\u0442\u0438\u044f \u0438 \u0437\u0430\u043a\u0440\u044b\u0442\u0438\u044f \u0440\u0435\u0441\u0442\u043e\u0440\u0430\u043d\u043e\u0432 \u041c\u043e\u0441\u043a\u0432\u044b\u201d) adl\u0131 \u201cTelegram\u201d kanal\u0131 <a href=\"https:\/\/t.me\/raidedrests\/5812\">yaz\u0131b ki, <\/a>Moskvadak\u0131 \u201cAviapark\u201d ticar\u0259t m\u0259rk\u0259zind\u0259 yerl\u0259\u015f\u0259n \u201cEdoko\u201d, \u201cZafferano\u201d v\u0259 \u201cForte Bello\u201d restoranlar\u0131 f\u0259aliyy\u0259tini dayand\u0131r\u0131b.<\/p>\n\n\n\n<p>\u201cAgalarov Development\u201dd\u0259n TASS agentliyin\u0259 bildirilib ki, \u201cAgalarovRest\u201d \u015firk\u0259ti haz\u0131rda fokusunu m\u00fcst\u0259qil layih\u0259l\u0259r\u0259 y\u00f6nl\u0259ndirdiyi \u00fc\u00e7\u00fcn restoranlar\u0131n f\u0259aliyy\u0259tini <a href=\"https:\/\/tass.ru\/nedvizhimost\/25016221\">dayand\u0131r\u0131b.<\/a><\/p>\n\n\n\n<pre class=\"wp-block-preformatted\">Son zamanlar Rusiya il\u0259 Az\u0259rbaycan aras\u0131nda m\u00fcnasib\u0259tl\u0259r \u00f6z g\u0259rginlik d\u00f6vr\u00fcn\u00fc ya\u015fay\u0131r. G\u0259rginl\u0259\u015fm\u0259 2024-c\u00fc il dekabr\u0131n 25-d\u0259 AZAL-a m\u0259xsus s\u0259rni\u015fin t\u0259yyar\u0259sinin Rusiyan\u0131n hava h\u00fccumundan m\u00fcdafi\u0259 sisteml\u0259ri t\u0259r\u0259find\u0259n vurulmas\u0131ndan sonra ba\u015flay\u0131b.<br><br>2025-ci il ilin iyununda is\u0259 Rusiyada az\u0259rbaycanl\u0131lara qar\u015f\u0131 reydl\u0259r v\u0259 h\u0259bsl\u0259r ba\u015flay\u0131b. <br><br>Bunun ard\u0131nca \u201cSputnik Az\u0259rbaycan\u201d agentliyinin ofisind\u0259 \u0259m\u0259liyyat ke\u00e7irilib, bir ne\u00e7\u0259 n\u0259f\u0259r saxlan\u0131l\u0131b. <br><br>Bu hadis\u0259l\u0259rin fonunda Emin A\u011falarov t\u0259\u015fkilat\u00e7\u0131s\u0131 oldu\u011fu\u00a0 \u201cDream Fest\u201dd\u0259 i\u015ftirak ed\u0259c\u0259k 20 rus m\u00fc\u011f\u0259nnisinin \u00e7\u0131x\u0131\u015f\u0131n\u0131 l\u0259\u011fv etmi\u015fdi. <\/pre>\n\n\n\n<p>\u201cNF Group\u201dun p\u0259rak\u0259nd\u0259 \u0259mlak departamentinin regional direktoru Yevgeniya Xakberdiyevan\u0131n s\u00f6zl\u0259rin\u0259 g\u00f6r\u0259, Emin A\u011falarovun t\u0259kc\u0259 \u201cAviapark\u201dda deyil, dig\u0259r yerl\u0259rd\u0259 d\u0259 restoranlar\u0131 ba\u011flan\u0131b.<\/p>\n\n\n\n<p><em>\u201c\u018fsas s\u0259b\u0259b &#8211; bu obyektl\u0259rin effektivliyinin azalmas\u0131d\u0131r. Onlar orta v\u0259 yuxar\u0131 seqmentd\u0259 f\u0259aliyy\u0259t g\u00f6st\u0259rirdil\u0259r v\u0259 bu kateqoriyadak\u0131 auditoriya daimi olaraq konsepsiyan\u0131n, xidm\u0259tin v\u0259 menyunun yenil\u0259nm\u0259sini g\u00f6zl\u0259yir. Son ill\u0259rd\u0259 bu c\u00fcr yenil\u0259nm\u0259l\u0259r ba\u015f verm\u0259diyi \u00fc\u00e7\u00fcn layih\u0259l\u0259rin ba\u011flanmas\u0131 t\u0259bii n\u0259tic\u0259 oldu. H\u0259r\u00e7\u0259nd ki, bu restoranlar bir \u00e7ox r\u0259qibl\u0259rind\u0259n daha uzun m\u00fcdd\u0259t f\u0259aliyy\u0259t g\u00f6st\u0259rmi\u015fdi\u201d, <\/em>\u2013 dey\u0259 Xakberdiyeva TASS-a bildirib.<\/p>\n\n\n\n<p><\/p>\n\n\n\n<p><\/p>\n","protected":false},"excerpt":{"rendered":"<p>Prezident \u0130lham \u018fliyevin ke\u00e7mi\u015f k\u00fcr\u0259k\u0259ni, biznesmen Emin A\u011falarovun Moskvada \u00fc\u00e7 &#8230; <\/p>\n<p class=\"read-more-container\"><a title=\"Emin A\u011falarovun Moskvadak\u0131 restoranlar\u0131 ba\u011flan\u0131b\" class=\"read-more button\" href=\"https:\/\/www.meydan.tv\/az\/article\/emin-agalarovun-moskvadaki-restoranlari-baglanib\/#more-335043\" aria-label=\"Read more about Emin A\u011falarovun Moskvadak\u0131 restoranlar\u0131 ba\u011flan\u0131b\">Davam\u0131<\/a><\/p>\n","protected":false},"author":21,"featured_media":319069,"comment_status":"closed","ping_status":"closed","sticky":false,"template":"","format":"standard","meta":{"_acf_changed":false,"_sitemap_exclude":false,"_sitemap_priority":"","_sitemap_frequency":"","footnotes":""},"categories":[59,56],"tags":[],"class_list":["post-335043","post","type-post","status-publish","format-standard","has-post-thumbnail","hentry","category-siyaset","category-xeberler","infinite-scroll-item","generate-columns","tablet-grid-50","mobile-grid-100","grid-parent","grid-33","no-featured-image-padding"],"acf":[],"yoast_head":"<!-- This site is optimized with the Yoast SEO plugin v27.5 - https:\/\/yoast.com\/product\/yoast-seo-wordpress\/ -->\n<title>Emin A\u011falarovun Moskvadak\u0131 restoranlar\u0131 ba\u011flan\u0131b - MEYDAN.TV<\/title>\n<meta name=\"robots\" content=\"index, follow, max-snippet:-1, max-image-preview:large, max-video-preview:-1\" \/>\n<link rel=\"canonical\" href=\"https:\/\/www.meydan.tv\/az\/article\/emin-agalarovun-moskvadaki-restoranlari-baglanib\/\" \/>\n<meta property=\"og:locale\" content=\"az_AZ\" \/>\n<meta property=\"og:type\" content=\"article\" \/>\n<meta property=\"og:title\" content=\"Emin A\u011falarovun Moskvadak\u0131 restoranlar\u0131 ba\u011flan\u0131b - MEYDAN.TV\" \/>\n<meta property=\"og:description\" content=\"Prezident \u0130lham \u018fliyevin ke\u00e7mi\u015f k\u00fcr\u0259k\u0259ni, biznesmen Emin A\u011falarovun Moskvada \u00fc\u00e7 ... Davam\u0131\" \/>\n<meta property=\"og:url\" content=\"https:\/\/www.meydan.tv\/az\/article\/emin-agalarovun-moskvadaki-restoranlari-baglanib\/\" \/>\n<meta property=\"og:site_name\" content=\"MEYDAN.TV\" \/>\n<meta property=\"article:published_time\" content=\"2025-09-10T14:58:00+00:00\" \/>\n<meta property=\"article:modified_time\" content=\"2025-09-10T14:58:03+00:00\" \/>\n<meta property=\"og:image\" content=\"https:\/\/www.meydan.tv\/wp-content\/uploads\/photo_2024-10-29-10.24.34-e1730196250432.jpeg\" \/>\n\t<meta property=\"og:image:width\" content=\"1280\" \/>\n\t<meta property=\"og:image:height\" content=\"531\" \/>\n\t<meta property=\"og:image:type\" content=\"image\/jpeg\" \/>\n<meta name=\"author\" content=\"mahmud\" \/>\n<meta name=\"twitter:card\" content=\"summary_large_image\" \/>\n<script type=\"application\/ld+json\" class=\"yoast-schema-graph\">{\"@context\":\"https:\\\/\\\/schema.org\",\"@graph\":[{\"@type\":\"Article\",\"@id\":\"https:\\\/\\\/www.meydan.tv\\\/az\\\/article\\\/emin-agalarovun-moskvadaki-restoranlari-baglanib\\\/#article\",\"isPartOf\":{\"@id\":\"https:\\\/\\\/www.meydan.tv\\\/az\\\/article\\\/emin-agalarovun-moskvadaki-restoranlari-baglanib\\\/\"},\"author\":{\"name\":\"mahmud\",\"@id\":\"https:\\\/\\\/www.meydan.tv\\\/az\\\/#\\\/schema\\\/person\\\/09863e516102a829e72bedcf3f84c6b0\"},\"headline\":\"Emin A\u011falarovun Moskvadak\u0131 restoranlar\u0131 ba\u011flan\u0131b\",\"datePublished\":\"2025-09-10T14:58:00+00:00\",\"dateModified\":\"2025-09-10T14:58:03+00:00\",\"mainEntityOfPage\":{\"@id\":\"https:\\\/\\\/www.meydan.tv\\\/az\\\/article\\\/emin-agalarovun-moskvadaki-restoranlari-baglanib\\\/\"},\"wordCount\":266,\"publisher\":{\"@id\":\"https:\\\/\\\/www.meydan.tv\\\/az\\\/#organization\"},\"image\":{\"@id\":\"https:\\\/\\\/www.meydan.tv\\\/az\\\/article\\\/emin-agalarovun-moskvadaki-restoranlari-baglanib\\\/#primaryimage\"},\"thumbnailUrl\":\"https:\\\/\\\/www.meydan.tv\\\/wp-content\\\/uploads\\\/photo_2024-10-29-10.24.34-e1730196250432.jpeg\",\"articleSection\":[\"Siyas\u0259t\",\"X\u0259b\u0259rl\u0259r\"],\"inLanguage\":\"az\"},{\"@type\":\"WebPage\",\"@id\":\"https:\\\/\\\/www.meydan.tv\\\/az\\\/article\\\/emin-agalarovun-moskvadaki-restoranlari-baglanib\\\/\",\"url\":\"https:\\\/\\\/www.meydan.tv\\\/az\\\/article\\\/emin-agalarovun-moskvadaki-restoranlari-baglanib\\\/\",\"name\":\"Emin A\u011falarovun Moskvadak\u0131 restoranlar\u0131 ba\u011flan\u0131b - MEYDAN.TV\",\"isPartOf\":{\"@id\":\"https:\\\/\\\/www.meydan.tv\\\/az\\\/#website\"},\"primaryImageOfPage\":{\"@id\":\"https:\\\/\\\/www.meydan.tv\\\/az\\\/article\\\/emin-agalarovun-moskvadaki-restoranlari-baglanib\\\/#primaryimage\"},\"image\":{\"@id\":\"https:\\\/\\\/www.meydan.tv\\\/az\\\/article\\\/emin-agalarovun-moskvadaki-restoranlari-baglanib\\\/#primaryimage\"},\"thumbnailUrl\":\"https:\\\/\\\/www.meydan.tv\\\/wp-content\\\/uploads\\\/photo_2024-10-29-10.24.34-e1730196250432.jpeg\",\"datePublished\":\"2025-09-10T14:58:00+00:00\",\"dateModified\":\"2025-09-10T14:58:03+00:00\",\"breadcrumb\":{\"@id\":\"https:\\\/\\\/www.meydan.tv\\\/az\\\/article\\\/emin-agalarovun-moskvadaki-restoranlari-baglanib\\\/#breadcrumb\"},\"inLanguage\":\"az\",\"potentialAction\":[{\"@type\":\"ReadAction\",\"target\":[\"https:\\\/\\\/www.meydan.tv\\\/az\\\/article\\\/emin-agalarovun-moskvadaki-restoranlari-baglanib\\\/\"]}]},{\"@type\":\"ImageObject\",\"inLanguage\":\"az\",\"@id\":\"https:\\\/\\\/www.meydan.tv\\\/az\\\/article\\\/emin-agalarovun-moskvadaki-restoranlari-baglanib\\\/#primaryimage\",\"url\":\"https:\\\/\\\/www.meydan.tv\\\/wp-content\\\/uploads\\\/photo_2024-10-29-10.24.34-e1730196250432.jpeg\",\"contentUrl\":\"https:\\\/\\\/www.meydan.tv\\\/wp-content\\\/uploads\\\/photo_2024-10-29-10.24.34-e1730196250432.jpeg\",\"width\":1280,\"height\":531,\"caption\":\"Emin A\u011falarov. Foto- kollaj: Meydan TV\"},{\"@type\":\"BreadcrumbList\",\"@id\":\"https:\\\/\\\/www.meydan.tv\\\/az\\\/article\\\/emin-agalarovun-moskvadaki-restoranlari-baglanib\\\/#breadcrumb\",\"itemListElement\":[{\"@type\":\"ListItem\",\"position\":1,\"name\":\"Ana s\u0259hif\u0259\",\"item\":\"https:\\\/\\\/www.meydan.tv\\\/az\\\/\"},{\"@type\":\"ListItem\",\"position\":2,\"name\":\"Siyas\u0259t\",\"item\":\"https:\\\/\\\/www.meydan.tv\\\/az\\\/section\\\/siyaset\\\/\"},{\"@type\":\"ListItem\",\"position\":3,\"name\":\"Emin A\u011falarovun Moskvadak\u0131 restoranlar\u0131 ba\u011flan\u0131b\"}]},{\"@type\":\"WebSite\",\"@id\":\"https:\\\/\\\/www.meydan.tv\\\/az\\\/#website\",\"url\":\"https:\\\/\\\/www.meydan.tv\\\/az\\\/\",\"name\":\"MEYDAN.TV\",\"description\":\"Meydan TV Az\u0259rbaycan\u0131n media m\u0259kan\u0131ndak\u0131 alternativ s\u0259sidir\",\"publisher\":{\"@id\":\"https:\\\/\\\/www.meydan.tv\\\/az\\\/#organization\"},\"potentialAction\":[{\"@type\":\"SearchAction\",\"target\":{\"@type\":\"EntryPoint\",\"urlTemplate\":\"https:\\\/\\\/www.meydan.tv\\\/az\\\/?s={search_term_string}\"},\"query-input\":{\"@type\":\"PropertyValueSpecification\",\"valueRequired\":true,\"valueName\":\"search_term_string\"}}],\"inLanguage\":\"az\"},{\"@type\":\"Organization\",\"@id\":\"https:\\\/\\\/www.meydan.tv\\\/az\\\/#organization\",\"name\":\"Meydan TV\",\"url\":\"https:\\\/\\\/www.meydan.tv\\\/az\\\/\",\"logo\":{\"@type\":\"ImageObject\",\"inLanguage\":\"az\",\"@id\":\"https:\\\/\\\/www.meydan.tv\\\/az\\\/#\\\/schema\\\/logo\\\/image\\\/\",\"url\":\"https:\\\/\\\/www.meydan.tv\\\/wp-content\\\/uploads\\\/2021\\\/07\\\/meydan-logo.svg\",\"contentUrl\":\"https:\\\/\\\/www.meydan.tv\\\/wp-content\\\/uploads\\\/2021\\\/07\\\/meydan-logo.svg\",\"width\":195,\"height\":46,\"caption\":\"Meydan TV\"},\"image\":{\"@id\":\"https:\\\/\\\/www.meydan.tv\\\/az\\\/#\\\/schema\\\/logo\\\/image\\\/\"}},{\"@type\":\"Person\",\"@id\":\"https:\\\/\\\/www.meydan.tv\\\/az\\\/#\\\/schema\\\/person\\\/09863e516102a829e72bedcf3f84c6b0\",\"name\":\"mahmud\"}]}<\/script>\n<!-- \/ Yoast SEO plugin. -->","yoast_head_json":{"title":"Emin A\u011falarovun Moskvadak\u0131 restoranlar\u0131 ba\u011flan\u0131b - MEYDAN.TV","robots":{"index":"index","follow":"follow","max-snippet":"max-snippet:-1","max-image-preview":"max-image-preview:large","max-video-preview":"max-video-preview:-1"},"canonical":"https:\/\/www.meydan.tv\/az\/article\/emin-agalarovun-moskvadaki-restoranlari-baglanib\/","og_locale":"az_AZ","og_type":"article","og_title":"Emin A\u011falarovun Moskvadak\u0131 restoranlar\u0131 ba\u011flan\u0131b - MEYDAN.TV","og_description":"Prezident \u0130lham \u018fliyevin ke\u00e7mi\u015f k\u00fcr\u0259k\u0259ni, biznesmen Emin A\u011falarovun Moskvada \u00fc\u00e7 ... Davam\u0131","og_url":"https:\/\/www.meydan.tv\/az\/article\/emin-agalarovun-moskvadaki-restoranlari-baglanib\/","og_site_name":"MEYDAN.TV","article_published_time":"2025-09-10T14:58:00+00:00","article_modified_time":"2025-09-10T14:58:03+00:00","og_image":[{"width":1280,"height":531,"url":"https:\/\/www.meydan.tv\/wp-content\/uploads\/photo_2024-10-29-10.24.34-e1730196250432.jpeg","type":"image\/jpeg"}],"author":"mahmud","twitter_card":"summary_large_image","schema":{"@context":"https:\/\/schema.org","@graph":[{"@type":"Article","@id":"https:\/\/www.meydan.tv\/az\/article\/emin-agalarovun-moskvadaki-restoranlari-baglanib\/#article","isPartOf":{"@id":"https:\/\/www.meydan.tv\/az\/article\/emin-agalarovun-moskvadaki-restoranlari-baglanib\/"},"author":{"name":"mahmud","@id":"https:\/\/www.meydan.tv\/az\/#\/schema\/person\/09863e516102a829e72bedcf3f84c6b0"},"headline":"Emin A\u011falarovun Moskvadak\u0131 restoranlar\u0131 ba\u011flan\u0131b","datePublished":"2025-09-10T14:58:00+00:00","dateModified":"2025-09-10T14:58:03+00:00","mainEntityOfPage":{"@id":"https:\/\/www.meydan.tv\/az\/article\/emin-agalarovun-moskvadaki-restoranlari-baglanib\/"},"wordCount":266,"publisher":{"@id":"https:\/\/www.meydan.tv\/az\/#organization"},"image":{"@id":"https:\/\/www.meydan.tv\/az\/article\/emin-agalarovun-moskvadaki-restoranlari-baglanib\/#primaryimage"},"thumbnailUrl":"https:\/\/www.meydan.tv\/wp-content\/uploads\/photo_2024-10-29-10.24.34-e1730196250432.jpeg","articleSection":["Siyas\u0259t","X\u0259b\u0259rl\u0259r"],"inLanguage":"az"},{"@type":"WebPage","@id":"https:\/\/www.meydan.tv\/az\/article\/emin-agalarovun-moskvadaki-restoranlari-baglanib\/","url":"https:\/\/www.meydan.tv\/az\/article\/emin-agalarovun-moskvadaki-restoranlari-baglanib\/","name":"Emin A\u011falarovun Moskvadak\u0131 restoranlar\u0131 ba\u011flan\u0131b - MEYDAN.TV","isPartOf":{"@id":"https:\/\/www.meydan.tv\/az\/#website"},"primaryImageOfPage":{"@id":"https:\/\/www.meydan.tv\/az\/article\/emin-agalarovun-moskvadaki-restoranlari-baglanib\/#primaryimage"},"image":{"@id":"https:\/\/www.meydan.tv\/az\/article\/emin-agalarovun-moskvadaki-restoranlari-baglanib\/#primaryimage"},"thumbnailUrl":"https:\/\/www.meydan.tv\/wp-content\/uploads\/photo_2024-10-29-10.24.34-e1730196250432.jpeg","datePublished":"2025-09-10T14:58:00+00:00","dateModified":"2025-09-10T14:58:03+00:00","breadcrumb":{"@id":"https:\/\/www.meydan.tv\/az\/article\/emin-agalarovun-moskvadaki-restoranlari-baglanib\/#breadcrumb"},"inLanguage":"az","potentialAction":[{"@type":"ReadAction","target":["https:\/\/www.meydan.tv\/az\/article\/emin-agalarovun-moskvadaki-restoranlari-baglanib\/"]}]},{"@type":"ImageObject","inLanguage":"az","@id":"https:\/\/www.meydan.tv\/az\/article\/emin-agalarovun-moskvadaki-restoranlari-baglanib\/#primaryimage","url":"https:\/\/www.meydan.tv\/wp-content\/uploads\/photo_2024-10-29-10.24.34-e1730196250432.jpeg","contentUrl":"https:\/\/www.meydan.tv\/wp-content\/uploads\/photo_2024-10-29-10.24.34-e1730196250432.jpeg","width":1280,"height":531,"caption":"Emin A\u011falarov. Foto- kollaj: Meydan TV"},{"@type":"BreadcrumbList","@id":"https:\/\/www.meydan.tv\/az\/article\/emin-agalarovun-moskvadaki-restoranlari-baglanib\/#breadcrumb","itemListElement":[{"@type":"ListItem","position":1,"name":"Ana s\u0259hif\u0259","item":"https:\/\/www.meydan.tv\/az\/"},{"@type":"ListItem","position":2,"name":"Siyas\u0259t","item":"https:\/\/www.meydan.tv\/az\/section\/siyaset\/"},{"@type":"ListItem","position":3,"name":"Emin A\u011falarovun Moskvadak\u0131 restoranlar\u0131 ba\u011flan\u0131b"}]},{"@type":"WebSite","@id":"https:\/\/www.meydan.tv\/az\/#website","url":"https:\/\/www.meydan.tv\/az\/","name":"MEYDAN.TV","description":"Meydan TV Az\u0259rbaycan\u0131n media m\u0259kan\u0131ndak\u0131 alternativ s\u0259sidir","publisher":{"@id":"https:\/\/www.meydan.tv\/az\/#organization"},"potentialAction":[{"@type":"SearchAction","target":{"@type":"EntryPoint","urlTemplate":"https:\/\/www.meydan.tv\/az\/?s={search_term_string}"},"query-input":{"@type":"PropertyValueSpecification","valueRequired":true,"valueName":"search_term_string"}}],"inLanguage":"az"},{"@type":"Organization","@id":"https:\/\/www.meydan.tv\/az\/#organization","name":"Meydan TV","url":"https:\/\/www.meydan.tv\/az\/","logo":{"@type":"ImageObject","inLanguage":"az","@id":"https:\/\/www.meydan.tv\/az\/#\/schema\/logo\/image\/","url":"https:\/\/www.meydan.tv\/wp-content\/uploads\/2021\/07\/meydan-logo.svg","contentUrl":"https:\/\/www.meydan.tv\/wp-content\/uploads\/2021\/07\/meydan-logo.svg","width":195,"height":46,"caption":"Meydan TV"},"image":{"@id":"https:\/\/www.meydan.tv\/az\/#\/schema\/logo\/image\/"}},{"@type":"Person","@id":"https:\/\/www.meydan.tv\/az\/#\/schema\/person\/09863e516102a829e72bedcf3f84c6b0","name":"mahmud"}]}},"_links":{"self":[{"href":"https:\/\/www.meydan.tv\/az\/wp-json\/wp\/v2\/posts\/335043","targetHints":{"allow":["GET"]}}],"collection":[{"href":"https:\/\/www.meydan.tv\/az\/wp-json\/wp\/v2\/posts"}],"about":[{"href":"https:\/\/www.meydan.tv\/az\/wp-json\/wp\/v2\/types\/post"}],"author":[{"embeddable":true,"href":"https:\/\/www.meydan.tv\/az\/wp-json\/wp\/v2\/users\/21"}],"replies":[{"embeddable":true,"href":"https:\/\/www.meydan.tv\/az\/wp-json\/wp\/v2\/comments?post=335043"}],"version-history":[{"count":2,"href":"https:\/\/www.meydan.tv\/az\/wp-json\/wp\/v2\/posts\/335043\/revisions"}],"predecessor-version":[{"id":335084,"href":"https:\/\/www.meydan.tv\/az\/wp-json\/wp\/v2\/posts\/335043\/revisions\/335084"}],"wp:featuredmedia":[{"embeddable":true,"href":"https:\/\/www.meydan.tv\/az\/wp-json\/wp\/v2\/media\/319069"}],"wp:attachment":[{"href":"https:\/\/www.meydan.tv\/az\/wp-json\/wp\/v2\/media?parent=335043"}],"wp:term":[{"taxonomy":"category","embeddable":true,"href":"https:\/\/www.meydan.tv\/az\/wp-json\/wp\/v2\/categories?post=335043"},{"taxonomy":"post_tag","embeddable":true,"href":"https:\/\/www.meydan.tv\/az\/wp-json\/wp\/v2\/tags?post=335043"}],"curies":[{"name":"wp","href":"https:\/\/api.w.org\/{rel}","templated":true}]}}