{"id":334977,"date":"2025-09-10T13:30:40","date_gmt":"2025-09-10T09:30:40","guid":{"rendered":"https:\/\/www.meydan.tv\/?p=334977"},"modified":"2025-09-10T13:30:43","modified_gmt":"2025-09-10T09:30:43","slug":"rusiya-dronlari-polsanin-hava-m%c9%99kanini-pozub","status":"publish","type":"post","link":"https:\/\/www.meydan.tv\/az\/article\/rusiya-dronlari-polsanin-hava-m%c9%99kanini-pozub\/","title":{"rendered":"Rusiya dronlar\u0131 Pol\u015fan\u0131n hava m\u0259kan\u0131n\u0131 pozub"},"content":{"rendered":"\n<p><\/p>\n\n\n\n<p>Sentyabr\u0131n 10-na ke\u00e7\u0259n gec\u0259 Rusiya aviasiyas\u0131 Donetsk vilay\u0259tinin Yarovaya q\u0259s\u0259b\u0259sind\u0259 pensiya almaq \u00fc\u00e7\u00fcn n\u00f6vb\u0259d\u0259 dayanan insanlara z\u0259rb\u0259 endirib. N\u0259tic\u0259d\u0259 25 n\u0259f\u0259r h\u0259lak olub, daha 18 n\u0259f\u0259r yaralan\u0131b. Ukrayna Milli Polisi h\u0259lak olanlar\u0131n \u015f\u0259xsiyy\u0259tini <a href=\"https:\/\/hromadske.ua\/ru\/voyna\/251057-aviaudar-po-ocheredi-za-pensiey-kolichestvo-pogibshih-vozroslo-do-25-politsiya-identifitsiruet-tela?utm_source=chatgpt.com\">m\u00fc\u0259yy\u0259nl\u0259\u015fdirir<\/a>.<\/p>\n\n\n\n<p>H\u0259min gec\u0259 Rusiya Ukraynaya qar\u015f\u0131 geni\u015fmiqyasl\u0131 hava h\u00fccumu h\u0259yata ke\u00e7irib. H\u00fccum zaman\u0131 400-d\u0259n \u00e7ox dron v\u0259 t\u0259xmin\u0259n 40 raket istifad\u0259 olunub. Ukrayna Prezidenti Volodimir Zelenski <a href=\"https:\/\/www.reuters.com\/business\/aerospace-defense\/nato-member-poland-shoots-down-drones-its-airspace-during-russias-ukraine-attack-2025-09-10\/?utm_source=chatgpt.com\" target=\"_blank\" rel=\"noreferrer noopener nofollow\">bildirib<\/a> ki, \u0259n az\u0131 s\u0259kkiz dron Pol\u015fa istiqam\u0259tin\u0259 g\u00f6nd\u0259rilib.<\/p>\n\n\n\n<p>Bir ne\u00e7\u0259 dron Pol\u015fan\u0131n hava m\u0259kan\u0131n\u0131 pozub. Pol\u015fa Silahl\u0131 Q\u00fcvv\u0259l\u0259ri h\u0259min dronlar\u0131 m\u00fctt\u0259fiql\u0259rin HHM sisteml\u0259rinin d\u0259st\u0259yi il\u0259 <a href=\"https:\/\/apnews.com\/article\/russia-ukraine-war-poland-drones-1232774279039f9e5c5b78bd58686cb9\" target=\"_blank\" rel=\"noreferrer noopener nofollow\">m\u0259hv edib<\/a>. Almaniyan\u0131n \u201cPatriot\u201d kompleksl\u0259ri v\u0259 Niderland\u0131n F-35 q\u0131r\u0131c\u0131lar\u0131 \u0259m\u0259liyyata <a href=\"https:\/\/www.ft.com\/content\/0dc73556-67f2-4f48-b0ad-53f183a05df3?utm_source=chatgpt.com\">c\u0259lb olunub<\/a>.<\/p>\n\n\n\n<p>Dronlardan birinin qal\u0131qlar\u0131 Pol\u015fa \u0259razisind\u0259 tap\u0131l\u0131b, dig\u0259rl\u0259rinin axtar\u0131\u015f\u0131<a href=\"https:\/\/www.reuters.com\/business\/aerospace-defense\/nato-member-poland-shoots-down-drones-its-airspace-during-russias-ukraine-attack-2025-09-10\/?utm_source=chatgpt.com\" target=\"_blank\" rel=\"noreferrer noopener nofollow\"> davam edir<\/a>.<\/p>\n\n\n\n<p>Pol\u015fan\u0131n Ba\u015f naziri Donald Tusk gec\u0259 h\u00f6kum\u0259tin f\u00f6vq\u0259lad\u0259 iclas\u0131n\u0131n ke\u00e7irildiyini <a href=\"https:\/\/www.theguardian.com\/world\/live\/2025\/sep\/10\/poland-pm-condemns-repeated-violation-of-airspace-amid-russian-attack-on-ukraine-follow-live?utm_source=chatgpt.com\" target=\"_blank\" rel=\"noreferrer noopener nofollow\">a\u00e7\u0131qlay\u0131b<\/a> v\u0259 Var\u015fava il\u0259 Lyublin hava limanlar\u0131nda u\u00e7u\u015flar\u0131n m\u00fcv\u0259qq\u0259ti dayand\u0131r\u0131ld\u0131\u011f\u0131n\u0131 t\u0259sdiql\u0259yib .<\/p>\n\n\n\n<p>NATO <a href=\"https:\/\/www.reuters.com\/business\/aerospace-defense\/nato-member-poland-shoots-down-drones-its-airspace-during-russias-ukraine-attack-2025-09-10\/?utm_source=chatgpt.com\" target=\"_blank\" rel=\"noreferrer noopener nofollow\">bildirib<\/a> ki, Rusiyaya m\u0259xsus dronlar\u0131n Pol\u015fan\u0131n hava m\u0259kan\u0131n\u0131 pozmas\u0131 alyansa qar\u015f\u0131 silahl\u0131 h\u00fccum kimi qiym\u0259tl\u0259ndirilm\u0259y\u0259c\u0259k. Bununla yana\u015f\u0131, t\u0259sdiql\u0259nib ki, bu, NATO q\u00fcvv\u0259l\u0259rinin alyans \u00fczv\u00fc \u00fcz\u0259rind\u0259 ilk d\u0259f\u0259 real h\u0259d\u0259fl\u0259ri vurmas\u0131d\u0131r.<\/p>\n\n\n\n<p>Q\u0259rb medias\u0131n\u0131n <a href=\"https:\/\/www.ft.com\/content\/0dc73556-67f2-4f48-b0ad-53f183a05df3?utm_source=chatgpt.com\" target=\"_blank\" rel=\"noreferrer noopener nofollow\">m\u0259lumat\u0131na<\/a> g\u00f6r\u0259, Pol\u015fan\u0131n hava m\u0259kan\u0131na 8-d\u0259n 19-a q\u0259d\u0259r rus dronu daxil olub. Pol\u015fa \u0259lav\u0259 olaraq bir qrup ehtiyat h\u0259rb\u00e7inin s\u0259f\u0259rb\u0259rliyini <a href=\"https:\/\/hromadske.ua\/ru\/voyna\/251046-eto-akt-agressii-polsha-vpervye-sbila-drony-peresekshie-ee-granitsu-v-strane-zakryli-aeroporty-i-sozyvayut-rezervistov?utm_source=chatgpt.com\" target=\"_blank\" rel=\"noreferrer noopener nofollow\">elan edib<\/a>.<\/p>\n\n\n\n<p>Avropa \u0130ttifaq\u0131 v\u0259 AB\u015e Pol\u015faya d\u0259st\u0259k b\u0259yanatlar\u0131 verib. Ursula fon der Leyen v\u0259 Emmanuel Makron Br\u00fcsseld\u0259 v\u0259 Parisd\u0259 <a href=\"https:\/\/www.theguardian.com\/world\/live\/2025\/sep\/10\/poland-pm-condemns-repeated-violation-of-airspace-amid-russian-attack-on-ukraine-follow-live?utm_source=chatgpt.com\" target=\"_blank\" rel=\"noreferrer noopener nofollow\">\u00e7\u0131x\u0131\u015f edibl\u0259r<\/a>. AB\u015e-d\u0259 is\u0259 Konqres \u00fczvl\u0259ri v\u0259 senatorlar Ukraynaya h\u0259rbi yard\u0131m\u0131n art\u0131r\u0131lmas\u0131n\u0131 t\u0259l\u0259b edibl\u0259r.<\/p>\n\n\n\n<p><\/p>\n","protected":false},"excerpt":{"rendered":"<p>Sentyabr\u0131n 10-na ke\u00e7\u0259n gec\u0259 Rusiya aviasiyas\u0131 Donetsk vilay\u0259tinin Yarovaya q\u0259s\u0259b\u0259sind\u0259 &#8230; <\/p>\n<p class=\"read-more-container\"><a title=\"Rusiya dronlar\u0131 Pol\u015fan\u0131n hava m\u0259kan\u0131n\u0131 pozub\" class=\"read-more button\" href=\"https:\/\/www.meydan.tv\/az\/article\/rusiya-dronlari-polsanin-hava-m%c9%99kanini-pozub\/#more-334977\" aria-label=\"Read more about Rusiya dronlar\u0131 Pol\u015fan\u0131n hava m\u0259kan\u0131n\u0131 pozub\">Davam\u0131<\/a><\/p>\n","protected":false},"author":16,"featured_media":334978,"comment_status":"closed","ping_status":"closed","sticky":false,"template":"","format":"standard","meta":{"_acf_changed":false,"_sitemap_exclude":false,"_sitemap_priority":"","_sitemap_frequency":"","footnotes":""},"categories":[64,56],"tags":[],"class_list":["post-334977","post","type-post","status-publish","format-standard","has-post-thumbnail","hentry","category-dunya","category-xeberler","infinite-scroll-item","generate-columns","tablet-grid-50","mobile-grid-100","grid-parent","grid-33","no-featured-image-padding"],"acf":[],"yoast_head":"<!-- This site is optimized with the Yoast SEO plugin v27.5 - https:\/\/yoast.com\/product\/yoast-seo-wordpress\/ -->\n<title>Rusiya dronlar\u0131 Pol\u015fan\u0131n hava m\u0259kan\u0131n\u0131 pozub - MEYDAN.TV<\/title>\n<meta name=\"robots\" content=\"index, follow, max-snippet:-1, max-image-preview:large, max-video-preview:-1\" \/>\n<link rel=\"canonical\" href=\"https:\/\/www.meydan.tv\/az\/article\/rusiya-dronlari-polsanin-hava-m%c9%99kanini-pozub\/\" \/>\n<meta property=\"og:locale\" content=\"az_AZ\" \/>\n<meta property=\"og:type\" content=\"article\" \/>\n<meta property=\"og:title\" content=\"Rusiya dronlar\u0131 Pol\u015fan\u0131n hava m\u0259kan\u0131n\u0131 pozub - MEYDAN.TV\" \/>\n<meta property=\"og:description\" content=\"Sentyabr\u0131n 10-na ke\u00e7\u0259n gec\u0259 Rusiya aviasiyas\u0131 Donetsk vilay\u0259tinin Yarovaya q\u0259s\u0259b\u0259sind\u0259 ... Davam\u0131\" \/>\n<meta property=\"og:url\" content=\"https:\/\/www.meydan.tv\/az\/article\/rusiya-dronlari-polsanin-hava-m%c9%99kanini-pozub\/\" \/>\n<meta property=\"og:site_name\" content=\"MEYDAN.TV\" \/>\n<meta property=\"article:published_time\" content=\"2025-09-10T09:30:40+00:00\" \/>\n<meta property=\"article:modified_time\" content=\"2025-09-10T09:30:43+00:00\" \/>\n<meta property=\"og:image\" content=\"https:\/\/www.meydan.tv\/wp-content\/uploads\/b7gxbl-c16x9x50px50p-ae5d36545fc564028127fcf4b2b71ba2.webp\" \/>\n\t<meta property=\"og:image:width\" content=\"1728\" \/>\n\t<meta property=\"og:image:height\" content=\"972\" \/>\n\t<meta property=\"og:image:type\" content=\"image\/webp\" \/>\n<meta name=\"author\" content=\"sevda\" \/>\n<meta name=\"twitter:card\" content=\"summary_large_image\" \/>\n<script type=\"application\/ld+json\" class=\"yoast-schema-graph\">{\"@context\":\"https:\\\/\\\/schema.org\",\"@graph\":[{\"@type\":\"Article\",\"@id\":\"https:\\\/\\\/www.meydan.tv\\\/az\\\/article\\\/rusiya-dronlari-polsanin-hava-m%c9%99kanini-pozub\\\/#article\",\"isPartOf\":{\"@id\":\"https:\\\/\\\/www.meydan.tv\\\/az\\\/article\\\/rusiya-dronlari-polsanin-hava-m%c9%99kanini-pozub\\\/\"},\"author\":{\"name\":\"sevda\",\"@id\":\"https:\\\/\\\/www.meydan.tv\\\/az\\\/#\\\/schema\\\/person\\\/49b5f2bad5b126bb8ea9320eeb3e4dc9\"},\"headline\":\"Rusiya dronlar\u0131 Pol\u015fan\u0131n hava m\u0259kan\u0131n\u0131 pozub\",\"datePublished\":\"2025-09-10T09:30:40+00:00\",\"dateModified\":\"2025-09-10T09:30:43+00:00\",\"mainEntityOfPage\":{\"@id\":\"https:\\\/\\\/www.meydan.tv\\\/az\\\/article\\\/rusiya-dronlari-polsanin-hava-m%c9%99kanini-pozub\\\/\"},\"wordCount\":373,\"publisher\":{\"@id\":\"https:\\\/\\\/www.meydan.tv\\\/az\\\/#organization\"},\"image\":{\"@id\":\"https:\\\/\\\/www.meydan.tv\\\/az\\\/article\\\/rusiya-dronlari-polsanin-hava-m%c9%99kanini-pozub\\\/#primaryimage\"},\"thumbnailUrl\":\"https:\\\/\\\/www.meydan.tv\\\/wp-content\\\/uploads\\\/b7gxbl-c16x9x50px50p-ae5d36545fc564028127fcf4b2b71ba2.webp\",\"articleSection\":[\"D\u00fcnya\",\"X\u0259b\u0259rl\u0259r\"],\"inLanguage\":\"az\"},{\"@type\":\"WebPage\",\"@id\":\"https:\\\/\\\/www.meydan.tv\\\/az\\\/article\\\/rusiya-dronlari-polsanin-hava-m%c9%99kanini-pozub\\\/\",\"url\":\"https:\\\/\\\/www.meydan.tv\\\/az\\\/article\\\/rusiya-dronlari-polsanin-hava-m%c9%99kanini-pozub\\\/\",\"name\":\"Rusiya dronlar\u0131 Pol\u015fan\u0131n hava m\u0259kan\u0131n\u0131 pozub - MEYDAN.TV\",\"isPartOf\":{\"@id\":\"https:\\\/\\\/www.meydan.tv\\\/az\\\/#website\"},\"primaryImageOfPage\":{\"@id\":\"https:\\\/\\\/www.meydan.tv\\\/az\\\/article\\\/rusiya-dronlari-polsanin-hava-m%c9%99kanini-pozub\\\/#primaryimage\"},\"image\":{\"@id\":\"https:\\\/\\\/www.meydan.tv\\\/az\\\/article\\\/rusiya-dronlari-polsanin-hava-m%c9%99kanini-pozub\\\/#primaryimage\"},\"thumbnailUrl\":\"https:\\\/\\\/www.meydan.tv\\\/wp-content\\\/uploads\\\/b7gxbl-c16x9x50px50p-ae5d36545fc564028127fcf4b2b71ba2.webp\",\"datePublished\":\"2025-09-10T09:30:40+00:00\",\"dateModified\":\"2025-09-10T09:30:43+00:00\",\"breadcrumb\":{\"@id\":\"https:\\\/\\\/www.meydan.tv\\\/az\\\/article\\\/rusiya-dronlari-polsanin-hava-m%c9%99kanini-pozub\\\/#breadcrumb\"},\"inLanguage\":\"az\",\"potentialAction\":[{\"@type\":\"ReadAction\",\"target\":[\"https:\\\/\\\/www.meydan.tv\\\/az\\\/article\\\/rusiya-dronlari-polsanin-hava-m%c9%99kanini-pozub\\\/\"]}]},{\"@type\":\"ImageObject\",\"inLanguage\":\"az\",\"@id\":\"https:\\\/\\\/www.meydan.tv\\\/az\\\/article\\\/rusiya-dronlari-polsanin-hava-m%c9%99kanini-pozub\\\/#primaryimage\",\"url\":\"https:\\\/\\\/www.meydan.tv\\\/wp-content\\\/uploads\\\/b7gxbl-c16x9x50px50p-ae5d36545fc564028127fcf4b2b71ba2.webp\",\"contentUrl\":\"https:\\\/\\\/www.meydan.tv\\\/wp-content\\\/uploads\\\/b7gxbl-c16x9x50px50p-ae5d36545fc564028127fcf4b2b71ba2.webp\",\"width\":1728,\"height\":972,\"caption\":\"Foto: X \\\/ Ministerstwo Obrony Narodowej\"},{\"@type\":\"BreadcrumbList\",\"@id\":\"https:\\\/\\\/www.meydan.tv\\\/az\\\/article\\\/rusiya-dronlari-polsanin-hava-m%c9%99kanini-pozub\\\/#breadcrumb\",\"itemListElement\":[{\"@type\":\"ListItem\",\"position\":1,\"name\":\"Ana s\u0259hif\u0259\",\"item\":\"https:\\\/\\\/www.meydan.tv\\\/az\\\/\"},{\"@type\":\"ListItem\",\"position\":2,\"name\":\"X\u0259b\u0259rl\u0259r\",\"item\":\"https:\\\/\\\/www.meydan.tv\\\/az\\\/section\\\/xeberler\\\/\"},{\"@type\":\"ListItem\",\"position\":3,\"name\":\"Rusiya dronlar\u0131 Pol\u015fan\u0131n hava m\u0259kan\u0131n\u0131 pozub\"}]},{\"@type\":\"WebSite\",\"@id\":\"https:\\\/\\\/www.meydan.tv\\\/az\\\/#website\",\"url\":\"https:\\\/\\\/www.meydan.tv\\\/az\\\/\",\"name\":\"MEYDAN.TV\",\"description\":\"Meydan TV Az\u0259rbaycan\u0131n media m\u0259kan\u0131ndak\u0131 alternativ s\u0259sidir\",\"publisher\":{\"@id\":\"https:\\\/\\\/www.meydan.tv\\\/az\\\/#organization\"},\"potentialAction\":[{\"@type\":\"SearchAction\",\"target\":{\"@type\":\"EntryPoint\",\"urlTemplate\":\"https:\\\/\\\/www.meydan.tv\\\/az\\\/?s={search_term_string}\"},\"query-input\":{\"@type\":\"PropertyValueSpecification\",\"valueRequired\":true,\"valueName\":\"search_term_string\"}}],\"inLanguage\":\"az\"},{\"@type\":\"Organization\",\"@id\":\"https:\\\/\\\/www.meydan.tv\\\/az\\\/#organization\",\"name\":\"Meydan TV\",\"url\":\"https:\\\/\\\/www.meydan.tv\\\/az\\\/\",\"logo\":{\"@type\":\"ImageObject\",\"inLanguage\":\"az\",\"@id\":\"https:\\\/\\\/www.meydan.tv\\\/az\\\/#\\\/schema\\\/logo\\\/image\\\/\",\"url\":\"https:\\\/\\\/www.meydan.tv\\\/wp-content\\\/uploads\\\/2021\\\/07\\\/meydan-logo.svg\",\"contentUrl\":\"https:\\\/\\\/www.meydan.tv\\\/wp-content\\\/uploads\\\/2021\\\/07\\\/meydan-logo.svg\",\"width\":195,\"height\":46,\"caption\":\"Meydan TV\"},\"image\":{\"@id\":\"https:\\\/\\\/www.meydan.tv\\\/az\\\/#\\\/schema\\\/logo\\\/image\\\/\"}},{\"@type\":\"Person\",\"@id\":\"https:\\\/\\\/www.meydan.tv\\\/az\\\/#\\\/schema\\\/person\\\/49b5f2bad5b126bb8ea9320eeb3e4dc9\",\"name\":\"sevda\"}]}<\/script>\n<!-- \/ Yoast SEO plugin. -->","yoast_head_json":{"title":"Rusiya dronlar\u0131 Pol\u015fan\u0131n hava m\u0259kan\u0131n\u0131 pozub - MEYDAN.TV","robots":{"index":"index","follow":"follow","max-snippet":"max-snippet:-1","max-image-preview":"max-image-preview:large","max-video-preview":"max-video-preview:-1"},"canonical":"https:\/\/www.meydan.tv\/az\/article\/rusiya-dronlari-polsanin-hava-m%c9%99kanini-pozub\/","og_locale":"az_AZ","og_type":"article","og_title":"Rusiya dronlar\u0131 Pol\u015fan\u0131n hava m\u0259kan\u0131n\u0131 pozub - MEYDAN.TV","og_description":"Sentyabr\u0131n 10-na ke\u00e7\u0259n gec\u0259 Rusiya aviasiyas\u0131 Donetsk vilay\u0259tinin Yarovaya q\u0259s\u0259b\u0259sind\u0259 ... Davam\u0131","og_url":"https:\/\/www.meydan.tv\/az\/article\/rusiya-dronlari-polsanin-hava-m%c9%99kanini-pozub\/","og_site_name":"MEYDAN.TV","article_published_time":"2025-09-10T09:30:40+00:00","article_modified_time":"2025-09-10T09:30:43+00:00","og_image":[{"width":1728,"height":972,"url":"https:\/\/www.meydan.tv\/wp-content\/uploads\/b7gxbl-c16x9x50px50p-ae5d36545fc564028127fcf4b2b71ba2.webp","type":"image\/webp"}],"author":"sevda","twitter_card":"summary_large_image","schema":{"@context":"https:\/\/schema.org","@graph":[{"@type":"Article","@id":"https:\/\/www.meydan.tv\/az\/article\/rusiya-dronlari-polsanin-hava-m%c9%99kanini-pozub\/#article","isPartOf":{"@id":"https:\/\/www.meydan.tv\/az\/article\/rusiya-dronlari-polsanin-hava-m%c9%99kanini-pozub\/"},"author":{"name":"sevda","@id":"https:\/\/www.meydan.tv\/az\/#\/schema\/person\/49b5f2bad5b126bb8ea9320eeb3e4dc9"},"headline":"Rusiya dronlar\u0131 Pol\u015fan\u0131n hava m\u0259kan\u0131n\u0131 pozub","datePublished":"2025-09-10T09:30:40+00:00","dateModified":"2025-09-10T09:30:43+00:00","mainEntityOfPage":{"@id":"https:\/\/www.meydan.tv\/az\/article\/rusiya-dronlari-polsanin-hava-m%c9%99kanini-pozub\/"},"wordCount":373,"publisher":{"@id":"https:\/\/www.meydan.tv\/az\/#organization"},"image":{"@id":"https:\/\/www.meydan.tv\/az\/article\/rusiya-dronlari-polsanin-hava-m%c9%99kanini-pozub\/#primaryimage"},"thumbnailUrl":"https:\/\/www.meydan.tv\/wp-content\/uploads\/b7gxbl-c16x9x50px50p-ae5d36545fc564028127fcf4b2b71ba2.webp","articleSection":["D\u00fcnya","X\u0259b\u0259rl\u0259r"],"inLanguage":"az"},{"@type":"WebPage","@id":"https:\/\/www.meydan.tv\/az\/article\/rusiya-dronlari-polsanin-hava-m%c9%99kanini-pozub\/","url":"https:\/\/www.meydan.tv\/az\/article\/rusiya-dronlari-polsanin-hava-m%c9%99kanini-pozub\/","name":"Rusiya dronlar\u0131 Pol\u015fan\u0131n hava m\u0259kan\u0131n\u0131 pozub - MEYDAN.TV","isPartOf":{"@id":"https:\/\/www.meydan.tv\/az\/#website"},"primaryImageOfPage":{"@id":"https:\/\/www.meydan.tv\/az\/article\/rusiya-dronlari-polsanin-hava-m%c9%99kanini-pozub\/#primaryimage"},"image":{"@id":"https:\/\/www.meydan.tv\/az\/article\/rusiya-dronlari-polsanin-hava-m%c9%99kanini-pozub\/#primaryimage"},"thumbnailUrl":"https:\/\/www.meydan.tv\/wp-content\/uploads\/b7gxbl-c16x9x50px50p-ae5d36545fc564028127fcf4b2b71ba2.webp","datePublished":"2025-09-10T09:30:40+00:00","dateModified":"2025-09-10T09:30:43+00:00","breadcrumb":{"@id":"https:\/\/www.meydan.tv\/az\/article\/rusiya-dronlari-polsanin-hava-m%c9%99kanini-pozub\/#breadcrumb"},"inLanguage":"az","potentialAction":[{"@type":"ReadAction","target":["https:\/\/www.meydan.tv\/az\/article\/rusiya-dronlari-polsanin-hava-m%c9%99kanini-pozub\/"]}]},{"@type":"ImageObject","inLanguage":"az","@id":"https:\/\/www.meydan.tv\/az\/article\/rusiya-dronlari-polsanin-hava-m%c9%99kanini-pozub\/#primaryimage","url":"https:\/\/www.meydan.tv\/wp-content\/uploads\/b7gxbl-c16x9x50px50p-ae5d36545fc564028127fcf4b2b71ba2.webp","contentUrl":"https:\/\/www.meydan.tv\/wp-content\/uploads\/b7gxbl-c16x9x50px50p-ae5d36545fc564028127fcf4b2b71ba2.webp","width":1728,"height":972,"caption":"Foto: X \/ Ministerstwo Obrony Narodowej"},{"@type":"BreadcrumbList","@id":"https:\/\/www.meydan.tv\/az\/article\/rusiya-dronlari-polsanin-hava-m%c9%99kanini-pozub\/#breadcrumb","itemListElement":[{"@type":"ListItem","position":1,"name":"Ana s\u0259hif\u0259","item":"https:\/\/www.meydan.tv\/az\/"},{"@type":"ListItem","position":2,"name":"X\u0259b\u0259rl\u0259r","item":"https:\/\/www.meydan.tv\/az\/section\/xeberler\/"},{"@type":"ListItem","position":3,"name":"Rusiya dronlar\u0131 Pol\u015fan\u0131n hava m\u0259kan\u0131n\u0131 pozub"}]},{"@type":"WebSite","@id":"https:\/\/www.meydan.tv\/az\/#website","url":"https:\/\/www.meydan.tv\/az\/","name":"MEYDAN.TV","description":"Meydan TV Az\u0259rbaycan\u0131n media m\u0259kan\u0131ndak\u0131 alternativ s\u0259sidir","publisher":{"@id":"https:\/\/www.meydan.tv\/az\/#organization"},"potentialAction":[{"@type":"SearchAction","target":{"@type":"EntryPoint","urlTemplate":"https:\/\/www.meydan.tv\/az\/?s={search_term_string}"},"query-input":{"@type":"PropertyValueSpecification","valueRequired":true,"valueName":"search_term_string"}}],"inLanguage":"az"},{"@type":"Organization","@id":"https:\/\/www.meydan.tv\/az\/#organization","name":"Meydan TV","url":"https:\/\/www.meydan.tv\/az\/","logo":{"@type":"ImageObject","inLanguage":"az","@id":"https:\/\/www.meydan.tv\/az\/#\/schema\/logo\/image\/","url":"https:\/\/www.meydan.tv\/wp-content\/uploads\/2021\/07\/meydan-logo.svg","contentUrl":"https:\/\/www.meydan.tv\/wp-content\/uploads\/2021\/07\/meydan-logo.svg","width":195,"height":46,"caption":"Meydan TV"},"image":{"@id":"https:\/\/www.meydan.tv\/az\/#\/schema\/logo\/image\/"}},{"@type":"Person","@id":"https:\/\/www.meydan.tv\/az\/#\/schema\/person\/49b5f2bad5b126bb8ea9320eeb3e4dc9","name":"sevda"}]}},"_links":{"self":[{"href":"https:\/\/www.meydan.tv\/az\/wp-json\/wp\/v2\/posts\/334977","targetHints":{"allow":["GET"]}}],"collection":[{"href":"https:\/\/www.meydan.tv\/az\/wp-json\/wp\/v2\/posts"}],"about":[{"href":"https:\/\/www.meydan.tv\/az\/wp-json\/wp\/v2\/types\/post"}],"author":[{"embeddable":true,"href":"https:\/\/www.meydan.tv\/az\/wp-json\/wp\/v2\/users\/16"}],"replies":[{"embeddable":true,"href":"https:\/\/www.meydan.tv\/az\/wp-json\/wp\/v2\/comments?post=334977"}],"version-history":[{"count":4,"href":"https:\/\/www.meydan.tv\/az\/wp-json\/wp\/v2\/posts\/334977\/revisions"}],"predecessor-version":[{"id":334984,"href":"https:\/\/www.meydan.tv\/az\/wp-json\/wp\/v2\/posts\/334977\/revisions\/334984"}],"wp:featuredmedia":[{"embeddable":true,"href":"https:\/\/www.meydan.tv\/az\/wp-json\/wp\/v2\/media\/334978"}],"wp:attachment":[{"href":"https:\/\/www.meydan.tv\/az\/wp-json\/wp\/v2\/media?parent=334977"}],"wp:term":[{"taxonomy":"category","embeddable":true,"href":"https:\/\/www.meydan.tv\/az\/wp-json\/wp\/v2\/categories?post=334977"},{"taxonomy":"post_tag","embeddable":true,"href":"https:\/\/www.meydan.tv\/az\/wp-json\/wp\/v2\/tags?post=334977"}],"curies":[{"name":"wp","href":"https:\/\/api.w.org\/{rel}","templated":true}]}}