{"id":334944,"date":"2025-09-09T18:16:54","date_gmt":"2025-09-09T14:16:54","guid":{"rendered":"https:\/\/www.meydan.tv\/?p=334944"},"modified":"2025-09-09T18:16:58","modified_gmt":"2025-09-09T14:16:58","slug":"abzasmedianin-jurnalist%c9%99ri-m%c9%99hk%c9%99m%c9%99d%c9%99-suarlar-s%c9%99sl%c9%99ndiribl%c9%99r","status":"publish","type":"post","link":"https:\/\/www.meydan.tv\/az\/article\/abzasmedianin-jurnalist%c9%99ri-m%c9%99hk%c9%99m%c9%99d%c9%99-suarlar-s%c9%99sl%c9%99ndiribl%c9%99r\/","title":{"rendered":"AbzasMedian\u0131n jurnalist\u0259ri m\u0259hk\u0259m\u0259d\u0259 \u015f\u00fcarlar s\u0259sl\u0259ndiribl\u0259r"},"content":{"rendered":"\n<p>Bu g\u00fcn, sentyabr\u0131n 9-da Bak\u0131 Apellyasiya M\u0259hk\u0259m\u0259sind\u0259 \u201cAbzasMedia i\u015fi\u201d \u00fczr\u0259 h\u0259bs olunan jurnalistl\u0259rin bar\u0259sind\u0259 veril\u0259n h\u00f6kmd\u0259n apellyasiya \u015fikay\u0259tin\u0259 bax\u0131l\u0131b.<\/p>\n\n\n\n<p>Hakim Z\u0259f\u0259r \u018fhm\u0259dovun s\u0259drliyi il\u0259 ke\u00e7iril\u0259n prosesd\u0259 q\u0259rar elan edilib.<\/p>\n\n\n\n<p>M\u0259hk\u0259m\u0259 \u015fikay\u0259ti t\u0259min etm\u0259yib, hakim Z\u0259f\u0259r \u018fhm\u0259dov Bak\u0131 A\u011f\u0131r Cinay\u0259tl\u0259r M\u0259hk\u0259m\u0259sinin h\u00f6km\u00fcn\u00fc q\u00fcvv\u0259d\u0259 saxlay\u0131b.<\/p>\n\n\n\n<p>AbzasMedian\u0131n qad\u0131n jurnalistl\u0259ri m\u0259hk\u0259m\u0259d\u0259 \u00fcz\u0259rind\u0259 \u201cAzad media susdurula bilm\u0259z\u201d, \u201cJurnalistika cinay\u0259t deyil\u201d, \u201cKorrupsiyaya son\u201d, \u201c\u0130lham \u018fliyev, g\u0259lirl\u0259rini b\u0259yan et\u201d yaz\u0131l\u0131 plakatlar qald\u0131r\u0131b, \u015f\u00fcarlar s\u0259sl\u0259ndiribl\u0259r.\u00a0<\/p>\n\n\n\n<p>M\u0259hk\u0259m\u0259 i\u015f\u00e7il\u0259ri onlar\u0131n \u0259lind\u0259n plakatlar\u0131 alaraq c\u0131r\u0131blar.<\/p>\n\n\n\n<details class=\"wp-block-details is-layout-flow wp-block-details-is-layout-flow\"><summary><strong>&#8220;AbzasMedia i\u015fi\u201d<\/strong><\/summary>\n<p>2025-ci il iyunun 20-d\u0259 Bak\u0131 A\u011f\u0131r Cinay\u0259tl\u0259r M\u0259hk\u0259m\u0259sinin q\u0259rar\u0131 il\u0259 AbzasMedian\u0131n direktoru \u00dclvi H\u0259s\u0259nli, ba\u015f redaktor Sevinc Vaqifq\u0131z\u0131, ara\u015fd\u0131rma\u00e7\u0131 jurnalist Hafiz Babal\u0131, Azadl\u0131q Radiosunun jurnalisti, iqtisad\u00e7\u0131 F\u0259rid Mehral\u0131zad\u0259 9 il, reportyorlar N\u0259rgiz Absalamova v\u0259 Elnar\u0259 Qas\u0131mova 8 il, direktor m\u00fcavini M\u0259h\u0259mm\u0259d Kekalov is\u0259 7 il 6 ay m\u00fcdd\u0259tin\u0259&nbsp;<a href=\"https:\/\/storage.googleapis.com\/qurium\/www.meydan.tv\/az-article-abzas-media-isi-uzr%c9%99-h%c9%99bs-olunanlara-hokm-oxundu.html\">azadl\u0131qdan m\u0259hrum edilib<\/a>.<\/p>\n\n\n\n<p>Onlar qa\u00e7aqmal\u00e7\u0131l\u0131q v\u0259 dig\u0259r cinay\u0259tl\u0259rd\u0259 t\u0259qsirli bilinibl\u0259r.<\/p>\n\n\n\n<p>Jurnalistl\u0259r ir\u0259li s\u00fcr\u00fcl\u0259n ittihamlar\u0131 r\u0259dd edir, h\u0259bsl\u0259rinin apard\u0131qlar\u0131 korrupsiya ara\u015fd\u0131rmalar\u0131na g\u00f6r\u0259 siyasi sifari\u015f oldu\u011funu bildirirl\u0259r.<\/p>\n\n\n\n<p>Yerli v\u0259 beyn\u0259lxalq h\u00fcquq m\u00fcdafi\u0259 t\u0259\u015fkilatlar\u0131 bu h\u0259bsl\u0259ri siyasi motivli hesab edir v\u0259 jurnalistl\u0259rin azad edilm\u0259sin\u0259, onlara qar\u015f\u0131 ittihamlar\u0131n geri g\u00f6t\u00fcr\u00fclm\u0259sin\u0259 \u00e7a\u011f\u0131r\u0131rlar.<\/p>\n<\/details>\n","protected":false},"excerpt":{"rendered":"<p>Bu g\u00fcn, sentyabr\u0131n 9-da Bak\u0131 Apellyasiya M\u0259hk\u0259m\u0259sind\u0259 \u201cAbzasMedia i\u015fi\u201d \u00fczr\u0259 &#8230; <\/p>\n<p class=\"read-more-container\"><a title=\"AbzasMedian\u0131n jurnalist\u0259ri m\u0259hk\u0259m\u0259d\u0259 \u015f\u00fcarlar s\u0259sl\u0259ndiribl\u0259r\" class=\"read-more button\" href=\"https:\/\/www.meydan.tv\/az\/article\/abzasmedianin-jurnalist%c9%99ri-m%c9%99hk%c9%99m%c9%99d%c9%99-suarlar-s%c9%99sl%c9%99ndiribl%c9%99r\/#more-334944\" aria-label=\"Read more about AbzasMedian\u0131n jurnalist\u0259ri m\u0259hk\u0259m\u0259d\u0259 \u015f\u00fcarlar s\u0259sl\u0259ndiribl\u0259r\">Davam\u0131<\/a><\/p>\n","protected":false},"author":16,"featured_media":329854,"comment_status":"closed","ping_status":"closed","sticky":false,"template":"","format":"standard","meta":{"_acf_changed":false,"_sitemap_exclude":false,"_sitemap_priority":"","_sitemap_frequency":"","footnotes":""},"categories":[79,56],"tags":[],"class_list":["post-334944","post","type-post","status-publish","format-standard","has-post-thumbnail","hentry","category-featured","category-xeberler","infinite-scroll-item","generate-columns","tablet-grid-50","mobile-grid-100","grid-parent","grid-33","no-featured-image-padding"],"acf":[],"yoast_head":"<!-- This site is optimized with the Yoast SEO plugin v27.4 - https:\/\/yoast.com\/product\/yoast-seo-wordpress\/ -->\n<title>AbzasMedian\u0131n jurnalist\u0259ri m\u0259hk\u0259m\u0259d\u0259 \u015f\u00fcarlar s\u0259sl\u0259ndiribl\u0259r - MEYDAN.TV<\/title>\n<meta name=\"robots\" content=\"index, follow, max-snippet:-1, max-image-preview:large, max-video-preview:-1\" \/>\n<link rel=\"canonical\" href=\"https:\/\/www.meydan.tv\/az\/article\/abzasmedianin-jurnalist%c9%99ri-m%c9%99hk%c9%99m%c9%99d%c9%99-suarlar-s%c9%99sl%c9%99ndiribl%c9%99r\/\" \/>\n<meta property=\"og:locale\" content=\"az_AZ\" \/>\n<meta property=\"og:type\" content=\"article\" \/>\n<meta property=\"og:title\" content=\"AbzasMedian\u0131n jurnalist\u0259ri m\u0259hk\u0259m\u0259d\u0259 \u015f\u00fcarlar s\u0259sl\u0259ndiribl\u0259r - MEYDAN.TV\" \/>\n<meta property=\"og:description\" content=\"Bu g\u00fcn, sentyabr\u0131n 9-da Bak\u0131 Apellyasiya M\u0259hk\u0259m\u0259sind\u0259 \u201cAbzasMedia i\u015fi\u201d \u00fczr\u0259 ... Davam\u0131\" \/>\n<meta property=\"og:url\" content=\"https:\/\/www.meydan.tv\/az\/article\/abzasmedianin-jurnalist%c9%99ri-m%c9%99hk%c9%99m%c9%99d%c9%99-suarlar-s%c9%99sl%c9%99ndiribl%c9%99r\/\" \/>\n<meta property=\"og:site_name\" content=\"MEYDAN.TV\" \/>\n<meta property=\"article:published_time\" content=\"2025-09-09T14:16:54+00:00\" \/>\n<meta property=\"article:modified_time\" content=\"2025-09-09T14:16:58+00:00\" \/>\n<meta property=\"og:image\" content=\"https:\/\/www.meydan.tv\/wp-content\/uploads\/23334.png\" \/>\n\t<meta property=\"og:image:width\" content=\"1179\" \/>\n\t<meta property=\"og:image:height\" content=\"576\" \/>\n\t<meta property=\"og:image:type\" content=\"image\/png\" \/>\n<meta name=\"author\" content=\"sevda\" \/>\n<meta name=\"twitter:card\" content=\"summary_large_image\" \/>\n<script type=\"application\/ld+json\" class=\"yoast-schema-graph\">{\"@context\":\"https:\\\/\\\/schema.org\",\"@graph\":[{\"@type\":\"Article\",\"@id\":\"https:\\\/\\\/www.meydan.tv\\\/az\\\/article\\\/abzasmedianin-jurnalist%c9%99ri-m%c9%99hk%c9%99m%c9%99d%c9%99-suarlar-s%c9%99sl%c9%99ndiribl%c9%99r\\\/#article\",\"isPartOf\":{\"@id\":\"https:\\\/\\\/www.meydan.tv\\\/az\\\/article\\\/abzasmedianin-jurnalist%c9%99ri-m%c9%99hk%c9%99m%c9%99d%c9%99-suarlar-s%c9%99sl%c9%99ndiribl%c9%99r\\\/\"},\"author\":{\"name\":\"sevda\",\"@id\":\"https:\\\/\\\/www.meydan.tv\\\/az\\\/#\\\/schema\\\/person\\\/49b5f2bad5b126bb8ea9320eeb3e4dc9\"},\"headline\":\"AbzasMedian\u0131n jurnalist\u0259ri m\u0259hk\u0259m\u0259d\u0259 \u015f\u00fcarlar s\u0259sl\u0259ndiribl\u0259r\",\"datePublished\":\"2025-09-09T14:16:54+00:00\",\"dateModified\":\"2025-09-09T14:16:58+00:00\",\"mainEntityOfPage\":{\"@id\":\"https:\\\/\\\/www.meydan.tv\\\/az\\\/article\\\/abzasmedianin-jurnalist%c9%99ri-m%c9%99hk%c9%99m%c9%99d%c9%99-suarlar-s%c9%99sl%c9%99ndiribl%c9%99r\\\/\"},\"wordCount\":313,\"publisher\":{\"@id\":\"https:\\\/\\\/www.meydan.tv\\\/az\\\/#organization\"},\"image\":{\"@id\":\"https:\\\/\\\/www.meydan.tv\\\/az\\\/article\\\/abzasmedianin-jurnalist%c9%99ri-m%c9%99hk%c9%99m%c9%99d%c9%99-suarlar-s%c9%99sl%c9%99ndiribl%c9%99r\\\/#primaryimage\"},\"thumbnailUrl\":\"https:\\\/\\\/www.meydan.tv\\\/wp-content\\\/uploads\\\/23334.png\",\"articleSection\":[\"T\u00f6vsiy\u0259\",\"X\u0259b\u0259rl\u0259r\"],\"inLanguage\":\"az\"},{\"@type\":\"WebPage\",\"@id\":\"https:\\\/\\\/www.meydan.tv\\\/az\\\/article\\\/abzasmedianin-jurnalist%c9%99ri-m%c9%99hk%c9%99m%c9%99d%c9%99-suarlar-s%c9%99sl%c9%99ndiribl%c9%99r\\\/\",\"url\":\"https:\\\/\\\/www.meydan.tv\\\/az\\\/article\\\/abzasmedianin-jurnalist%c9%99ri-m%c9%99hk%c9%99m%c9%99d%c9%99-suarlar-s%c9%99sl%c9%99ndiribl%c9%99r\\\/\",\"name\":\"AbzasMedian\u0131n jurnalist\u0259ri m\u0259hk\u0259m\u0259d\u0259 \u015f\u00fcarlar s\u0259sl\u0259ndiribl\u0259r - MEYDAN.TV\",\"isPartOf\":{\"@id\":\"https:\\\/\\\/www.meydan.tv\\\/az\\\/#website\"},\"primaryImageOfPage\":{\"@id\":\"https:\\\/\\\/www.meydan.tv\\\/az\\\/article\\\/abzasmedianin-jurnalist%c9%99ri-m%c9%99hk%c9%99m%c9%99d%c9%99-suarlar-s%c9%99sl%c9%99ndiribl%c9%99r\\\/#primaryimage\"},\"image\":{\"@id\":\"https:\\\/\\\/www.meydan.tv\\\/az\\\/article\\\/abzasmedianin-jurnalist%c9%99ri-m%c9%99hk%c9%99m%c9%99d%c9%99-suarlar-s%c9%99sl%c9%99ndiribl%c9%99r\\\/#primaryimage\"},\"thumbnailUrl\":\"https:\\\/\\\/www.meydan.tv\\\/wp-content\\\/uploads\\\/23334.png\",\"datePublished\":\"2025-09-09T14:16:54+00:00\",\"dateModified\":\"2025-09-09T14:16:58+00:00\",\"breadcrumb\":{\"@id\":\"https:\\\/\\\/www.meydan.tv\\\/az\\\/article\\\/abzasmedianin-jurnalist%c9%99ri-m%c9%99hk%c9%99m%c9%99d%c9%99-suarlar-s%c9%99sl%c9%99ndiribl%c9%99r\\\/#breadcrumb\"},\"inLanguage\":\"az\",\"potentialAction\":[{\"@type\":\"ReadAction\",\"target\":[\"https:\\\/\\\/www.meydan.tv\\\/az\\\/article\\\/abzasmedianin-jurnalist%c9%99ri-m%c9%99hk%c9%99m%c9%99d%c9%99-suarlar-s%c9%99sl%c9%99ndiribl%c9%99r\\\/\"]}]},{\"@type\":\"ImageObject\",\"inLanguage\":\"az\",\"@id\":\"https:\\\/\\\/www.meydan.tv\\\/az\\\/article\\\/abzasmedianin-jurnalist%c9%99ri-m%c9%99hk%c9%99m%c9%99d%c9%99-suarlar-s%c9%99sl%c9%99ndiribl%c9%99r\\\/#primaryimage\",\"url\":\"https:\\\/\\\/www.meydan.tv\\\/wp-content\\\/uploads\\\/23334.png\",\"contentUrl\":\"https:\\\/\\\/www.meydan.tv\\\/wp-content\\\/uploads\\\/23334.png\",\"width\":1179,\"height\":576,\"caption\":\"AbzasMedia - Kollaj: Meydan TV\"},{\"@type\":\"BreadcrumbList\",\"@id\":\"https:\\\/\\\/www.meydan.tv\\\/az\\\/article\\\/abzasmedianin-jurnalist%c9%99ri-m%c9%99hk%c9%99m%c9%99d%c9%99-suarlar-s%c9%99sl%c9%99ndiribl%c9%99r\\\/#breadcrumb\",\"itemListElement\":[{\"@type\":\"ListItem\",\"position\":1,\"name\":\"Ana s\u0259hif\u0259\",\"item\":\"https:\\\/\\\/www.meydan.tv\\\/az\\\/\"},{\"@type\":\"ListItem\",\"position\":2,\"name\":\"X\u0259b\u0259rl\u0259r\",\"item\":\"https:\\\/\\\/www.meydan.tv\\\/az\\\/section\\\/xeberler\\\/\"},{\"@type\":\"ListItem\",\"position\":3,\"name\":\"AbzasMedian\u0131n jurnalist\u0259ri m\u0259hk\u0259m\u0259d\u0259 \u015f\u00fcarlar s\u0259sl\u0259ndiribl\u0259r\"}]},{\"@type\":\"WebSite\",\"@id\":\"https:\\\/\\\/www.meydan.tv\\\/az\\\/#website\",\"url\":\"https:\\\/\\\/www.meydan.tv\\\/az\\\/\",\"name\":\"MEYDAN.TV\",\"description\":\"Meydan TV Az\u0259rbaycan\u0131n media m\u0259kan\u0131ndak\u0131 alternativ s\u0259sidir\",\"publisher\":{\"@id\":\"https:\\\/\\\/www.meydan.tv\\\/az\\\/#organization\"},\"potentialAction\":[{\"@type\":\"SearchAction\",\"target\":{\"@type\":\"EntryPoint\",\"urlTemplate\":\"https:\\\/\\\/www.meydan.tv\\\/az\\\/?s={search_term_string}\"},\"query-input\":{\"@type\":\"PropertyValueSpecification\",\"valueRequired\":true,\"valueName\":\"search_term_string\"}}],\"inLanguage\":\"az\"},{\"@type\":\"Organization\",\"@id\":\"https:\\\/\\\/www.meydan.tv\\\/az\\\/#organization\",\"name\":\"Meydan TV\",\"url\":\"https:\\\/\\\/www.meydan.tv\\\/az\\\/\",\"logo\":{\"@type\":\"ImageObject\",\"inLanguage\":\"az\",\"@id\":\"https:\\\/\\\/www.meydan.tv\\\/az\\\/#\\\/schema\\\/logo\\\/image\\\/\",\"url\":\"https:\\\/\\\/www.meydan.tv\\\/wp-content\\\/uploads\\\/2021\\\/07\\\/meydan-logo.svg\",\"contentUrl\":\"https:\\\/\\\/www.meydan.tv\\\/wp-content\\\/uploads\\\/2021\\\/07\\\/meydan-logo.svg\",\"width\":195,\"height\":46,\"caption\":\"Meydan TV\"},\"image\":{\"@id\":\"https:\\\/\\\/www.meydan.tv\\\/az\\\/#\\\/schema\\\/logo\\\/image\\\/\"}},{\"@type\":\"Person\",\"@id\":\"https:\\\/\\\/www.meydan.tv\\\/az\\\/#\\\/schema\\\/person\\\/49b5f2bad5b126bb8ea9320eeb3e4dc9\",\"name\":\"sevda\"}]}<\/script>\n<!-- \/ Yoast SEO plugin. -->","yoast_head_json":{"title":"AbzasMedian\u0131n jurnalist\u0259ri m\u0259hk\u0259m\u0259d\u0259 \u015f\u00fcarlar s\u0259sl\u0259ndiribl\u0259r - MEYDAN.TV","robots":{"index":"index","follow":"follow","max-snippet":"max-snippet:-1","max-image-preview":"max-image-preview:large","max-video-preview":"max-video-preview:-1"},"canonical":"https:\/\/www.meydan.tv\/az\/article\/abzasmedianin-jurnalist%c9%99ri-m%c9%99hk%c9%99m%c9%99d%c9%99-suarlar-s%c9%99sl%c9%99ndiribl%c9%99r\/","og_locale":"az_AZ","og_type":"article","og_title":"AbzasMedian\u0131n jurnalist\u0259ri m\u0259hk\u0259m\u0259d\u0259 \u015f\u00fcarlar s\u0259sl\u0259ndiribl\u0259r - MEYDAN.TV","og_description":"Bu g\u00fcn, sentyabr\u0131n 9-da Bak\u0131 Apellyasiya M\u0259hk\u0259m\u0259sind\u0259 \u201cAbzasMedia i\u015fi\u201d \u00fczr\u0259 ... Davam\u0131","og_url":"https:\/\/www.meydan.tv\/az\/article\/abzasmedianin-jurnalist%c9%99ri-m%c9%99hk%c9%99m%c9%99d%c9%99-suarlar-s%c9%99sl%c9%99ndiribl%c9%99r\/","og_site_name":"MEYDAN.TV","article_published_time":"2025-09-09T14:16:54+00:00","article_modified_time":"2025-09-09T14:16:58+00:00","og_image":[{"width":1179,"height":576,"url":"https:\/\/www.meydan.tv\/wp-content\/uploads\/23334.png","type":"image\/png"}],"author":"sevda","twitter_card":"summary_large_image","schema":{"@context":"https:\/\/schema.org","@graph":[{"@type":"Article","@id":"https:\/\/www.meydan.tv\/az\/article\/abzasmedianin-jurnalist%c9%99ri-m%c9%99hk%c9%99m%c9%99d%c9%99-suarlar-s%c9%99sl%c9%99ndiribl%c9%99r\/#article","isPartOf":{"@id":"https:\/\/www.meydan.tv\/az\/article\/abzasmedianin-jurnalist%c9%99ri-m%c9%99hk%c9%99m%c9%99d%c9%99-suarlar-s%c9%99sl%c9%99ndiribl%c9%99r\/"},"author":{"name":"sevda","@id":"https:\/\/www.meydan.tv\/az\/#\/schema\/person\/49b5f2bad5b126bb8ea9320eeb3e4dc9"},"headline":"AbzasMedian\u0131n jurnalist\u0259ri m\u0259hk\u0259m\u0259d\u0259 \u015f\u00fcarlar s\u0259sl\u0259ndiribl\u0259r","datePublished":"2025-09-09T14:16:54+00:00","dateModified":"2025-09-09T14:16:58+00:00","mainEntityOfPage":{"@id":"https:\/\/www.meydan.tv\/az\/article\/abzasmedianin-jurnalist%c9%99ri-m%c9%99hk%c9%99m%c9%99d%c9%99-suarlar-s%c9%99sl%c9%99ndiribl%c9%99r\/"},"wordCount":313,"publisher":{"@id":"https:\/\/www.meydan.tv\/az\/#organization"},"image":{"@id":"https:\/\/www.meydan.tv\/az\/article\/abzasmedianin-jurnalist%c9%99ri-m%c9%99hk%c9%99m%c9%99d%c9%99-suarlar-s%c9%99sl%c9%99ndiribl%c9%99r\/#primaryimage"},"thumbnailUrl":"https:\/\/www.meydan.tv\/wp-content\/uploads\/23334.png","articleSection":["T\u00f6vsiy\u0259","X\u0259b\u0259rl\u0259r"],"inLanguage":"az"},{"@type":"WebPage","@id":"https:\/\/www.meydan.tv\/az\/article\/abzasmedianin-jurnalist%c9%99ri-m%c9%99hk%c9%99m%c9%99d%c9%99-suarlar-s%c9%99sl%c9%99ndiribl%c9%99r\/","url":"https:\/\/www.meydan.tv\/az\/article\/abzasmedianin-jurnalist%c9%99ri-m%c9%99hk%c9%99m%c9%99d%c9%99-suarlar-s%c9%99sl%c9%99ndiribl%c9%99r\/","name":"AbzasMedian\u0131n jurnalist\u0259ri m\u0259hk\u0259m\u0259d\u0259 \u015f\u00fcarlar s\u0259sl\u0259ndiribl\u0259r - MEYDAN.TV","isPartOf":{"@id":"https:\/\/www.meydan.tv\/az\/#website"},"primaryImageOfPage":{"@id":"https:\/\/www.meydan.tv\/az\/article\/abzasmedianin-jurnalist%c9%99ri-m%c9%99hk%c9%99m%c9%99d%c9%99-suarlar-s%c9%99sl%c9%99ndiribl%c9%99r\/#primaryimage"},"image":{"@id":"https:\/\/www.meydan.tv\/az\/article\/abzasmedianin-jurnalist%c9%99ri-m%c9%99hk%c9%99m%c9%99d%c9%99-suarlar-s%c9%99sl%c9%99ndiribl%c9%99r\/#primaryimage"},"thumbnailUrl":"https:\/\/www.meydan.tv\/wp-content\/uploads\/23334.png","datePublished":"2025-09-09T14:16:54+00:00","dateModified":"2025-09-09T14:16:58+00:00","breadcrumb":{"@id":"https:\/\/www.meydan.tv\/az\/article\/abzasmedianin-jurnalist%c9%99ri-m%c9%99hk%c9%99m%c9%99d%c9%99-suarlar-s%c9%99sl%c9%99ndiribl%c9%99r\/#breadcrumb"},"inLanguage":"az","potentialAction":[{"@type":"ReadAction","target":["https:\/\/www.meydan.tv\/az\/article\/abzasmedianin-jurnalist%c9%99ri-m%c9%99hk%c9%99m%c9%99d%c9%99-suarlar-s%c9%99sl%c9%99ndiribl%c9%99r\/"]}]},{"@type":"ImageObject","inLanguage":"az","@id":"https:\/\/www.meydan.tv\/az\/article\/abzasmedianin-jurnalist%c9%99ri-m%c9%99hk%c9%99m%c9%99d%c9%99-suarlar-s%c9%99sl%c9%99ndiribl%c9%99r\/#primaryimage","url":"https:\/\/www.meydan.tv\/wp-content\/uploads\/23334.png","contentUrl":"https:\/\/www.meydan.tv\/wp-content\/uploads\/23334.png","width":1179,"height":576,"caption":"AbzasMedia - Kollaj: Meydan TV"},{"@type":"BreadcrumbList","@id":"https:\/\/www.meydan.tv\/az\/article\/abzasmedianin-jurnalist%c9%99ri-m%c9%99hk%c9%99m%c9%99d%c9%99-suarlar-s%c9%99sl%c9%99ndiribl%c9%99r\/#breadcrumb","itemListElement":[{"@type":"ListItem","position":1,"name":"Ana s\u0259hif\u0259","item":"https:\/\/www.meydan.tv\/az\/"},{"@type":"ListItem","position":2,"name":"X\u0259b\u0259rl\u0259r","item":"https:\/\/www.meydan.tv\/az\/section\/xeberler\/"},{"@type":"ListItem","position":3,"name":"AbzasMedian\u0131n jurnalist\u0259ri m\u0259hk\u0259m\u0259d\u0259 \u015f\u00fcarlar s\u0259sl\u0259ndiribl\u0259r"}]},{"@type":"WebSite","@id":"https:\/\/www.meydan.tv\/az\/#website","url":"https:\/\/www.meydan.tv\/az\/","name":"MEYDAN.TV","description":"Meydan TV Az\u0259rbaycan\u0131n media m\u0259kan\u0131ndak\u0131 alternativ s\u0259sidir","publisher":{"@id":"https:\/\/www.meydan.tv\/az\/#organization"},"potentialAction":[{"@type":"SearchAction","target":{"@type":"EntryPoint","urlTemplate":"https:\/\/www.meydan.tv\/az\/?s={search_term_string}"},"query-input":{"@type":"PropertyValueSpecification","valueRequired":true,"valueName":"search_term_string"}}],"inLanguage":"az"},{"@type":"Organization","@id":"https:\/\/www.meydan.tv\/az\/#organization","name":"Meydan TV","url":"https:\/\/www.meydan.tv\/az\/","logo":{"@type":"ImageObject","inLanguage":"az","@id":"https:\/\/www.meydan.tv\/az\/#\/schema\/logo\/image\/","url":"https:\/\/www.meydan.tv\/wp-content\/uploads\/2021\/07\/meydan-logo.svg","contentUrl":"https:\/\/www.meydan.tv\/wp-content\/uploads\/2021\/07\/meydan-logo.svg","width":195,"height":46,"caption":"Meydan TV"},"image":{"@id":"https:\/\/www.meydan.tv\/az\/#\/schema\/logo\/image\/"}},{"@type":"Person","@id":"https:\/\/www.meydan.tv\/az\/#\/schema\/person\/49b5f2bad5b126bb8ea9320eeb3e4dc9","name":"sevda"}]}},"_links":{"self":[{"href":"https:\/\/www.meydan.tv\/az\/wp-json\/wp\/v2\/posts\/334944","targetHints":{"allow":["GET"]}}],"collection":[{"href":"https:\/\/www.meydan.tv\/az\/wp-json\/wp\/v2\/posts"}],"about":[{"href":"https:\/\/www.meydan.tv\/az\/wp-json\/wp\/v2\/types\/post"}],"author":[{"embeddable":true,"href":"https:\/\/www.meydan.tv\/az\/wp-json\/wp\/v2\/users\/16"}],"replies":[{"embeddable":true,"href":"https:\/\/www.meydan.tv\/az\/wp-json\/wp\/v2\/comments?post=334944"}],"version-history":[{"count":4,"href":"https:\/\/www.meydan.tv\/az\/wp-json\/wp\/v2\/posts\/334944\/revisions"}],"predecessor-version":[{"id":334948,"href":"https:\/\/www.meydan.tv\/az\/wp-json\/wp\/v2\/posts\/334944\/revisions\/334948"}],"wp:featuredmedia":[{"embeddable":true,"href":"https:\/\/www.meydan.tv\/az\/wp-json\/wp\/v2\/media\/329854"}],"wp:attachment":[{"href":"https:\/\/www.meydan.tv\/az\/wp-json\/wp\/v2\/media?parent=334944"}],"wp:term":[{"taxonomy":"category","embeddable":true,"href":"https:\/\/www.meydan.tv\/az\/wp-json\/wp\/v2\/categories?post=334944"},{"taxonomy":"post_tag","embeddable":true,"href":"https:\/\/www.meydan.tv\/az\/wp-json\/wp\/v2\/tags?post=334944"}],"curies":[{"name":"wp","href":"https:\/\/api.w.org\/{rel}","templated":true}]}}