{"id":334932,"date":"2025-09-09T15:06:24","date_gmt":"2025-09-09T11:06:24","guid":{"rendered":"https:\/\/www.meydan.tv\/?p=334932"},"modified":"2025-09-09T15:06:28","modified_gmt":"2025-09-09T11:06:28","slug":"az%c9%99rbaycan-rusiyada-h%c9%99bs-olunmus-s%c9%99xsin-ekstradisiyasini-t%c9%99l%c9%99b-edib","status":"publish","type":"post","link":"https:\/\/www.meydan.tv\/az\/article\/az%c9%99rbaycan-rusiyada-h%c9%99bs-olunmus-s%c9%99xsin-ekstradisiyasini-t%c9%99l%c9%99b-edib\/","title":{"rendered":"Az\u0259rbaycan Rusiyada h\u0259bs olunmu\u015f \u015f\u0259xsin ekstradisiyas\u0131n\u0131 t\u0259l\u0259b edib"},"content":{"rendered":"\n<p>Rusiya Federal T\u0259hl\u00fck\u0259sizlik Xidm\u0259ti (FSB) terror akt\u0131 t\u00f6r\u0259tm\u0259kd\u0259 ittiham olunan az\u0259rbaycanl\u0131n\u0131 Az\u0259rbaycan\u0131n sor\u011fusu \u0259sas\u0131nda h\u0259bs edib.<\/p>\n\n\n\n<p>Bu bar\u0259d\u0259 R\u0130A Novosti m\u0259hk\u0259m\u0259 materiallar\u0131na istinad\u0259n m\u0259lumat yay\u0131b.<\/p>\n\n\n\n<p>FSB-nin sentyabr\u0131n 8-d\u0259 yayd\u0131\u011f\u0131 m\u0259lumatda deyilirdi ki, Az\u0259rbaycan silahl\u0131 q\u00fcvv\u0259l\u0259rinin x\u00fcsusi b\u00f6lm\u0259l\u0259rind\u0259 xidm\u0259t ke\u00e7\u0259n \u015f\u0259xs Yessentuki v\u0259 Stavropolda terror akt\u0131 t\u00f6r\u0259tm\u0259kd\u0259 ittiham olunaraq <a href=\"https:\/\/storage.googleapis.com\/qurium\/www.meydan.tv\/az-article-fsb-az%c9%99rbaycan-v%c9%99t%c9%99ndasini-terror-akti-hazirlamaqda-ittiham-edir.html\" target=\"_blank\" rel=\"noreferrer noopener nofollow\">saxlan\u0131l\u0131b.<\/a><\/p>\n\n\n\n<p>\u201cAz\u0259rbaycan\u0131n h\u00fcquq-m\u00fchafiz\u0259 orqanlar\u0131 Rusiyadan \u00f6z \u00f6lk\u0259l\u0259rind\u0259 terror\u00e7ulu\u011fa haz\u0131rl\u0131q m\u0259qs\u0259di il\u0259 t\u0259liml\u0259r ke\u00e7irm\u0259k v\u0259 dig\u0259r cinay\u0259tl\u0259rd\u0259 ittiham olunan \u015f\u0259xsin ekstradisiyas\u0131n\u0131 t\u0259l\u0259b etdikl\u0259rini t\u0259sdiql\u0259yibl\u0259r. Haz\u0131rda Rusiyada ekstradisiya il\u0259 ba\u011fl\u0131 \u015f\u0259xs\u0259 qar\u015f\u0131 h\u0259r hans\u0131 a\u00e7\u0131q \u0259ng\u0259l m\u00f6vcud deyil\u201d, &#8211; n\u0259\u015fr m\u0259hk\u0259m\u0259 q\u0259rar\u0131na istinadla <a href=\"https:\/\/ria.ru\/20250909\/arest-2040600347.html\" target=\"_blank\" rel=\"noreferrer noopener nofollow\">bildirir.<\/a><\/p>\n\n\n\n<p>M\u0259lumatda deyilir ki, saxlan\u0131lan \u015f\u0259xs Az\u0259rbaycanda terror\u00e7uluq m\u0259qs\u0259dil\u0259 t\u0259liml\u0259r ke\u00e7irm\u0259kd\u0259, cinay\u0259tkar birlik (cinay\u0259tkar t\u0259\u015fkilat) yaratmaqda v\u0259 \u00f6lk\u0259sinin qanunvericiliyind\u0259 n\u0259z\u0259rd\u0259 tutulmayan silahl\u0131 birl\u0259\u015fm\u0259l\u0259r, yaxud da qruplar yaratmaqda ittiham olunur.<\/p>\n\n\n\n<p>Moskva m\u0259hk\u0259m\u0259si Az\u0259rbaycan\u0131n sor\u011fusu \u0259sas\u0131nda saxlan\u0131lan \u015f\u0259xsin bar\u0259sind\u0259 h\u0259bs-q\u0259timkan t\u0259dbirinin se\u00e7ilm\u0259si m\u0259s\u0259l\u0259sin\u0259 baxaraq onu istintaq t\u0259cridxanas\u0131na g\u00f6nd\u0259rib.<\/p>\n\n\n\n<p>Daha \u00f6nc\u0259, avqustun 20-d\u0259 \u0259sl\u0259n Az\u0259rbaycandan olan Mehriban Lukinskaya Rusiyada casusluq ittiham\u0131 il\u0259 5 il m\u00fcdd\u0259tin\u0259 h\u0259bs olunub.&nbsp;<\/p>\n\n\n\n<p>Avqustun 21-d\u0259 is\u0259 FSB m\u0259lumat yayaraq bildirib ki, Rusiya-Az\u0259rbaycan s\u0259rh\u0259dind\u0259 Yadulla Rufullayev adl\u0131 xarici v\u0259t\u0259nda\u015f m\u0259xfi s\u0259n\u0259dl\u0259ri \u00f6lk\u0259d\u0259n \u00e7\u0131xarma\u011fa c\u0259hd ed\u0259rk\u0259n saxlan\u0131l\u0131b. FSB-y\u0259 g\u00f6r\u0259, o, Ukrayna T\u0259hl\u00fck\u0259sizlik Xidm\u0259ti il\u0259 \u0259m\u0259kda\u015fl\u0131q edib v\u0259 Rusiya h\u0259rbi-s\u0259naye kompleksin\u0259 aid materiallar\u0131 \u00e7\u0131xarma\u011fa \u00e7al\u0131\u015f\u0131b. Bildirilib ki, onun bar\u0259sind\u0259 Rusiya Cinay\u0259t M\u0259c\u0259ll\u0259sinin \u201cd\u00fc\u015fm\u0259n\u0259 yard\u0131m etm\u0259k\u201d madd\u0259si il\u0259 cinay\u0259t i\u015fi a\u00e7\u0131l\u0131b.<\/p>\n","protected":false},"excerpt":{"rendered":"<p>Rusiya Federal T\u0259hl\u00fck\u0259sizlik Xidm\u0259ti (FSB) terror akt\u0131 t\u00f6r\u0259tm\u0259kd\u0259 ittiham olunan &#8230; <\/p>\n<p class=\"read-more-container\"><a title=\"Az\u0259rbaycan Rusiyada h\u0259bs olunmu\u015f \u015f\u0259xsin ekstradisiyas\u0131n\u0131 t\u0259l\u0259b edib\" class=\"read-more button\" href=\"https:\/\/www.meydan.tv\/az\/article\/az%c9%99rbaycan-rusiyada-h%c9%99bs-olunmus-s%c9%99xsin-ekstradisiyasini-t%c9%99l%c9%99b-edib\/#more-334932\" aria-label=\"Read more about Az\u0259rbaycan Rusiyada h\u0259bs olunmu\u015f \u015f\u0259xsin ekstradisiyas\u0131n\u0131 t\u0259l\u0259b edib\">Davam\u0131<\/a><\/p>\n","protected":false},"author":16,"featured_media":257656,"comment_status":"closed","ping_status":"closed","sticky":false,"template":"","format":"standard","meta":{"_acf_changed":false,"_sitemap_exclude":false,"_sitemap_priority":"","_sitemap_frequency":"","footnotes":""},"categories":[56],"tags":[],"class_list":["post-334932","post","type-post","status-publish","format-standard","has-post-thumbnail","hentry","category-xeberler","infinite-scroll-item","generate-columns","tablet-grid-50","mobile-grid-100","grid-parent","grid-33","no-featured-image-padding"],"acf":[],"yoast_head":"<!-- This site is optimized with the Yoast SEO plugin v27.4 - https:\/\/yoast.com\/product\/yoast-seo-wordpress\/ -->\n<title>Az\u0259rbaycan Rusiyada h\u0259bs olunmu\u015f \u015f\u0259xsin ekstradisiyas\u0131n\u0131 t\u0259l\u0259b edib - MEYDAN.TV<\/title>\n<meta name=\"robots\" content=\"index, follow, max-snippet:-1, max-image-preview:large, max-video-preview:-1\" \/>\n<link rel=\"canonical\" href=\"https:\/\/www.meydan.tv\/az\/article\/az%c9%99rbaycan-rusiyada-h%c9%99bs-olunmus-s%c9%99xsin-ekstradisiyasini-t%c9%99l%c9%99b-edib\/\" \/>\n<meta property=\"og:locale\" content=\"az_AZ\" \/>\n<meta property=\"og:type\" content=\"article\" \/>\n<meta property=\"og:title\" content=\"Az\u0259rbaycan Rusiyada h\u0259bs olunmu\u015f \u015f\u0259xsin ekstradisiyas\u0131n\u0131 t\u0259l\u0259b edib - MEYDAN.TV\" \/>\n<meta property=\"og:description\" content=\"Rusiya Federal T\u0259hl\u00fck\u0259sizlik Xidm\u0259ti (FSB) terror akt\u0131 t\u00f6r\u0259tm\u0259kd\u0259 ittiham olunan ... Davam\u0131\" \/>\n<meta property=\"og:url\" content=\"https:\/\/www.meydan.tv\/az\/article\/az%c9%99rbaycan-rusiyada-h%c9%99bs-olunmus-s%c9%99xsin-ekstradisiyasini-t%c9%99l%c9%99b-edib\/\" \/>\n<meta property=\"og:site_name\" content=\"MEYDAN.TV\" \/>\n<meta property=\"article:published_time\" content=\"2025-09-09T11:06:24+00:00\" \/>\n<meta property=\"article:modified_time\" content=\"2025-09-09T11:06:28+00:00\" \/>\n<meta property=\"og:image\" content=\"https:\/\/www.meydan.tv\/wp-content\/uploads\/untitled_artwork_1-2.jpg\" \/>\n\t<meta property=\"og:image:width\" content=\"1200\" \/>\n\t<meta property=\"og:image:height\" content=\"675\" \/>\n\t<meta property=\"og:image:type\" content=\"image\/jpeg\" \/>\n<meta name=\"author\" content=\"sevda\" \/>\n<meta name=\"twitter:card\" content=\"summary_large_image\" \/>\n<script type=\"application\/ld+json\" class=\"yoast-schema-graph\">{\"@context\":\"https:\\\/\\\/schema.org\",\"@graph\":[{\"@type\":\"Article\",\"@id\":\"https:\\\/\\\/www.meydan.tv\\\/az\\\/article\\\/az%c9%99rbaycan-rusiyada-h%c9%99bs-olunmus-s%c9%99xsin-ekstradisiyasini-t%c9%99l%c9%99b-edib\\\/#article\",\"isPartOf\":{\"@id\":\"https:\\\/\\\/www.meydan.tv\\\/az\\\/article\\\/az%c9%99rbaycan-rusiyada-h%c9%99bs-olunmus-s%c9%99xsin-ekstradisiyasini-t%c9%99l%c9%99b-edib\\\/\"},\"author\":{\"name\":\"sevda\",\"@id\":\"https:\\\/\\\/www.meydan.tv\\\/az\\\/#\\\/schema\\\/person\\\/49b5f2bad5b126bb8ea9320eeb3e4dc9\"},\"headline\":\"Az\u0259rbaycan Rusiyada h\u0259bs olunmu\u015f \u015f\u0259xsin ekstradisiyas\u0131n\u0131 t\u0259l\u0259b edib\",\"datePublished\":\"2025-09-09T11:06:24+00:00\",\"dateModified\":\"2025-09-09T11:06:28+00:00\",\"mainEntityOfPage\":{\"@id\":\"https:\\\/\\\/www.meydan.tv\\\/az\\\/article\\\/az%c9%99rbaycan-rusiyada-h%c9%99bs-olunmus-s%c9%99xsin-ekstradisiyasini-t%c9%99l%c9%99b-edib\\\/\"},\"wordCount\":385,\"publisher\":{\"@id\":\"https:\\\/\\\/www.meydan.tv\\\/az\\\/#organization\"},\"image\":{\"@id\":\"https:\\\/\\\/www.meydan.tv\\\/az\\\/article\\\/az%c9%99rbaycan-rusiyada-h%c9%99bs-olunmus-s%c9%99xsin-ekstradisiyasini-t%c9%99l%c9%99b-edib\\\/#primaryimage\"},\"thumbnailUrl\":\"https:\\\/\\\/www.meydan.tv\\\/wp-content\\\/uploads\\\/untitled_artwork_1-2.jpg\",\"articleSection\":[\"X\u0259b\u0259rl\u0259r\"],\"inLanguage\":\"az\"},{\"@type\":\"WebPage\",\"@id\":\"https:\\\/\\\/www.meydan.tv\\\/az\\\/article\\\/az%c9%99rbaycan-rusiyada-h%c9%99bs-olunmus-s%c9%99xsin-ekstradisiyasini-t%c9%99l%c9%99b-edib\\\/\",\"url\":\"https:\\\/\\\/www.meydan.tv\\\/az\\\/article\\\/az%c9%99rbaycan-rusiyada-h%c9%99bs-olunmus-s%c9%99xsin-ekstradisiyasini-t%c9%99l%c9%99b-edib\\\/\",\"name\":\"Az\u0259rbaycan Rusiyada h\u0259bs olunmu\u015f \u015f\u0259xsin ekstradisiyas\u0131n\u0131 t\u0259l\u0259b edib - MEYDAN.TV\",\"isPartOf\":{\"@id\":\"https:\\\/\\\/www.meydan.tv\\\/az\\\/#website\"},\"primaryImageOfPage\":{\"@id\":\"https:\\\/\\\/www.meydan.tv\\\/az\\\/article\\\/az%c9%99rbaycan-rusiyada-h%c9%99bs-olunmus-s%c9%99xsin-ekstradisiyasini-t%c9%99l%c9%99b-edib\\\/#primaryimage\"},\"image\":{\"@id\":\"https:\\\/\\\/www.meydan.tv\\\/az\\\/article\\\/az%c9%99rbaycan-rusiyada-h%c9%99bs-olunmus-s%c9%99xsin-ekstradisiyasini-t%c9%99l%c9%99b-edib\\\/#primaryimage\"},\"thumbnailUrl\":\"https:\\\/\\\/www.meydan.tv\\\/wp-content\\\/uploads\\\/untitled_artwork_1-2.jpg\",\"datePublished\":\"2025-09-09T11:06:24+00:00\",\"dateModified\":\"2025-09-09T11:06:28+00:00\",\"breadcrumb\":{\"@id\":\"https:\\\/\\\/www.meydan.tv\\\/az\\\/article\\\/az%c9%99rbaycan-rusiyada-h%c9%99bs-olunmus-s%c9%99xsin-ekstradisiyasini-t%c9%99l%c9%99b-edib\\\/#breadcrumb\"},\"inLanguage\":\"az\",\"potentialAction\":[{\"@type\":\"ReadAction\",\"target\":[\"https:\\\/\\\/www.meydan.tv\\\/az\\\/article\\\/az%c9%99rbaycan-rusiyada-h%c9%99bs-olunmus-s%c9%99xsin-ekstradisiyasini-t%c9%99l%c9%99b-edib\\\/\"]}]},{\"@type\":\"ImageObject\",\"inLanguage\":\"az\",\"@id\":\"https:\\\/\\\/www.meydan.tv\\\/az\\\/article\\\/az%c9%99rbaycan-rusiyada-h%c9%99bs-olunmus-s%c9%99xsin-ekstradisiyasini-t%c9%99l%c9%99b-edib\\\/#primaryimage\",\"url\":\"https:\\\/\\\/www.meydan.tv\\\/wp-content\\\/uploads\\\/untitled_artwork_1-2.jpg\",\"contentUrl\":\"https:\\\/\\\/www.meydan.tv\\\/wp-content\\\/uploads\\\/untitled_artwork_1-2.jpg\",\"width\":1200,\"height\":675,\"caption\":\"\u0130ll\u00fcstrasiya: Meydan TV\"},{\"@type\":\"BreadcrumbList\",\"@id\":\"https:\\\/\\\/www.meydan.tv\\\/az\\\/article\\\/az%c9%99rbaycan-rusiyada-h%c9%99bs-olunmus-s%c9%99xsin-ekstradisiyasini-t%c9%99l%c9%99b-edib\\\/#breadcrumb\",\"itemListElement\":[{\"@type\":\"ListItem\",\"position\":1,\"name\":\"Ana s\u0259hif\u0259\",\"item\":\"https:\\\/\\\/www.meydan.tv\\\/az\\\/\"},{\"@type\":\"ListItem\",\"position\":2,\"name\":\"X\u0259b\u0259rl\u0259r\",\"item\":\"https:\\\/\\\/www.meydan.tv\\\/az\\\/section\\\/xeberler\\\/\"},{\"@type\":\"ListItem\",\"position\":3,\"name\":\"Az\u0259rbaycan Rusiyada h\u0259bs olunmu\u015f \u015f\u0259xsin ekstradisiyas\u0131n\u0131 t\u0259l\u0259b edib\"}]},{\"@type\":\"WebSite\",\"@id\":\"https:\\\/\\\/www.meydan.tv\\\/az\\\/#website\",\"url\":\"https:\\\/\\\/www.meydan.tv\\\/az\\\/\",\"name\":\"MEYDAN.TV\",\"description\":\"Meydan TV Az\u0259rbaycan\u0131n media m\u0259kan\u0131ndak\u0131 alternativ s\u0259sidir\",\"publisher\":{\"@id\":\"https:\\\/\\\/www.meydan.tv\\\/az\\\/#organization\"},\"potentialAction\":[{\"@type\":\"SearchAction\",\"target\":{\"@type\":\"EntryPoint\",\"urlTemplate\":\"https:\\\/\\\/www.meydan.tv\\\/az\\\/?s={search_term_string}\"},\"query-input\":{\"@type\":\"PropertyValueSpecification\",\"valueRequired\":true,\"valueName\":\"search_term_string\"}}],\"inLanguage\":\"az\"},{\"@type\":\"Organization\",\"@id\":\"https:\\\/\\\/www.meydan.tv\\\/az\\\/#organization\",\"name\":\"Meydan TV\",\"url\":\"https:\\\/\\\/www.meydan.tv\\\/az\\\/\",\"logo\":{\"@type\":\"ImageObject\",\"inLanguage\":\"az\",\"@id\":\"https:\\\/\\\/www.meydan.tv\\\/az\\\/#\\\/schema\\\/logo\\\/image\\\/\",\"url\":\"https:\\\/\\\/www.meydan.tv\\\/wp-content\\\/uploads\\\/2021\\\/07\\\/meydan-logo.svg\",\"contentUrl\":\"https:\\\/\\\/www.meydan.tv\\\/wp-content\\\/uploads\\\/2021\\\/07\\\/meydan-logo.svg\",\"width\":195,\"height\":46,\"caption\":\"Meydan TV\"},\"image\":{\"@id\":\"https:\\\/\\\/www.meydan.tv\\\/az\\\/#\\\/schema\\\/logo\\\/image\\\/\"}},{\"@type\":\"Person\",\"@id\":\"https:\\\/\\\/www.meydan.tv\\\/az\\\/#\\\/schema\\\/person\\\/49b5f2bad5b126bb8ea9320eeb3e4dc9\",\"name\":\"sevda\"}]}<\/script>\n<!-- \/ Yoast SEO plugin. -->","yoast_head_json":{"title":"Az\u0259rbaycan Rusiyada h\u0259bs olunmu\u015f \u015f\u0259xsin ekstradisiyas\u0131n\u0131 t\u0259l\u0259b edib - MEYDAN.TV","robots":{"index":"index","follow":"follow","max-snippet":"max-snippet:-1","max-image-preview":"max-image-preview:large","max-video-preview":"max-video-preview:-1"},"canonical":"https:\/\/www.meydan.tv\/az\/article\/az%c9%99rbaycan-rusiyada-h%c9%99bs-olunmus-s%c9%99xsin-ekstradisiyasini-t%c9%99l%c9%99b-edib\/","og_locale":"az_AZ","og_type":"article","og_title":"Az\u0259rbaycan Rusiyada h\u0259bs olunmu\u015f \u015f\u0259xsin ekstradisiyas\u0131n\u0131 t\u0259l\u0259b edib - MEYDAN.TV","og_description":"Rusiya Federal T\u0259hl\u00fck\u0259sizlik Xidm\u0259ti (FSB) terror akt\u0131 t\u00f6r\u0259tm\u0259kd\u0259 ittiham olunan ... Davam\u0131","og_url":"https:\/\/www.meydan.tv\/az\/article\/az%c9%99rbaycan-rusiyada-h%c9%99bs-olunmus-s%c9%99xsin-ekstradisiyasini-t%c9%99l%c9%99b-edib\/","og_site_name":"MEYDAN.TV","article_published_time":"2025-09-09T11:06:24+00:00","article_modified_time":"2025-09-09T11:06:28+00:00","og_image":[{"width":1200,"height":675,"url":"https:\/\/www.meydan.tv\/wp-content\/uploads\/untitled_artwork_1-2.jpg","type":"image\/jpeg"}],"author":"sevda","twitter_card":"summary_large_image","schema":{"@context":"https:\/\/schema.org","@graph":[{"@type":"Article","@id":"https:\/\/www.meydan.tv\/az\/article\/az%c9%99rbaycan-rusiyada-h%c9%99bs-olunmus-s%c9%99xsin-ekstradisiyasini-t%c9%99l%c9%99b-edib\/#article","isPartOf":{"@id":"https:\/\/www.meydan.tv\/az\/article\/az%c9%99rbaycan-rusiyada-h%c9%99bs-olunmus-s%c9%99xsin-ekstradisiyasini-t%c9%99l%c9%99b-edib\/"},"author":{"name":"sevda","@id":"https:\/\/www.meydan.tv\/az\/#\/schema\/person\/49b5f2bad5b126bb8ea9320eeb3e4dc9"},"headline":"Az\u0259rbaycan Rusiyada h\u0259bs olunmu\u015f \u015f\u0259xsin ekstradisiyas\u0131n\u0131 t\u0259l\u0259b edib","datePublished":"2025-09-09T11:06:24+00:00","dateModified":"2025-09-09T11:06:28+00:00","mainEntityOfPage":{"@id":"https:\/\/www.meydan.tv\/az\/article\/az%c9%99rbaycan-rusiyada-h%c9%99bs-olunmus-s%c9%99xsin-ekstradisiyasini-t%c9%99l%c9%99b-edib\/"},"wordCount":385,"publisher":{"@id":"https:\/\/www.meydan.tv\/az\/#organization"},"image":{"@id":"https:\/\/www.meydan.tv\/az\/article\/az%c9%99rbaycan-rusiyada-h%c9%99bs-olunmus-s%c9%99xsin-ekstradisiyasini-t%c9%99l%c9%99b-edib\/#primaryimage"},"thumbnailUrl":"https:\/\/www.meydan.tv\/wp-content\/uploads\/untitled_artwork_1-2.jpg","articleSection":["X\u0259b\u0259rl\u0259r"],"inLanguage":"az"},{"@type":"WebPage","@id":"https:\/\/www.meydan.tv\/az\/article\/az%c9%99rbaycan-rusiyada-h%c9%99bs-olunmus-s%c9%99xsin-ekstradisiyasini-t%c9%99l%c9%99b-edib\/","url":"https:\/\/www.meydan.tv\/az\/article\/az%c9%99rbaycan-rusiyada-h%c9%99bs-olunmus-s%c9%99xsin-ekstradisiyasini-t%c9%99l%c9%99b-edib\/","name":"Az\u0259rbaycan Rusiyada h\u0259bs olunmu\u015f \u015f\u0259xsin ekstradisiyas\u0131n\u0131 t\u0259l\u0259b edib - MEYDAN.TV","isPartOf":{"@id":"https:\/\/www.meydan.tv\/az\/#website"},"primaryImageOfPage":{"@id":"https:\/\/www.meydan.tv\/az\/article\/az%c9%99rbaycan-rusiyada-h%c9%99bs-olunmus-s%c9%99xsin-ekstradisiyasini-t%c9%99l%c9%99b-edib\/#primaryimage"},"image":{"@id":"https:\/\/www.meydan.tv\/az\/article\/az%c9%99rbaycan-rusiyada-h%c9%99bs-olunmus-s%c9%99xsin-ekstradisiyasini-t%c9%99l%c9%99b-edib\/#primaryimage"},"thumbnailUrl":"https:\/\/www.meydan.tv\/wp-content\/uploads\/untitled_artwork_1-2.jpg","datePublished":"2025-09-09T11:06:24+00:00","dateModified":"2025-09-09T11:06:28+00:00","breadcrumb":{"@id":"https:\/\/www.meydan.tv\/az\/article\/az%c9%99rbaycan-rusiyada-h%c9%99bs-olunmus-s%c9%99xsin-ekstradisiyasini-t%c9%99l%c9%99b-edib\/#breadcrumb"},"inLanguage":"az","potentialAction":[{"@type":"ReadAction","target":["https:\/\/www.meydan.tv\/az\/article\/az%c9%99rbaycan-rusiyada-h%c9%99bs-olunmus-s%c9%99xsin-ekstradisiyasini-t%c9%99l%c9%99b-edib\/"]}]},{"@type":"ImageObject","inLanguage":"az","@id":"https:\/\/www.meydan.tv\/az\/article\/az%c9%99rbaycan-rusiyada-h%c9%99bs-olunmus-s%c9%99xsin-ekstradisiyasini-t%c9%99l%c9%99b-edib\/#primaryimage","url":"https:\/\/www.meydan.tv\/wp-content\/uploads\/untitled_artwork_1-2.jpg","contentUrl":"https:\/\/www.meydan.tv\/wp-content\/uploads\/untitled_artwork_1-2.jpg","width":1200,"height":675,"caption":"\u0130ll\u00fcstrasiya: Meydan TV"},{"@type":"BreadcrumbList","@id":"https:\/\/www.meydan.tv\/az\/article\/az%c9%99rbaycan-rusiyada-h%c9%99bs-olunmus-s%c9%99xsin-ekstradisiyasini-t%c9%99l%c9%99b-edib\/#breadcrumb","itemListElement":[{"@type":"ListItem","position":1,"name":"Ana s\u0259hif\u0259","item":"https:\/\/www.meydan.tv\/az\/"},{"@type":"ListItem","position":2,"name":"X\u0259b\u0259rl\u0259r","item":"https:\/\/www.meydan.tv\/az\/section\/xeberler\/"},{"@type":"ListItem","position":3,"name":"Az\u0259rbaycan Rusiyada h\u0259bs olunmu\u015f \u015f\u0259xsin ekstradisiyas\u0131n\u0131 t\u0259l\u0259b edib"}]},{"@type":"WebSite","@id":"https:\/\/www.meydan.tv\/az\/#website","url":"https:\/\/www.meydan.tv\/az\/","name":"MEYDAN.TV","description":"Meydan TV Az\u0259rbaycan\u0131n media m\u0259kan\u0131ndak\u0131 alternativ s\u0259sidir","publisher":{"@id":"https:\/\/www.meydan.tv\/az\/#organization"},"potentialAction":[{"@type":"SearchAction","target":{"@type":"EntryPoint","urlTemplate":"https:\/\/www.meydan.tv\/az\/?s={search_term_string}"},"query-input":{"@type":"PropertyValueSpecification","valueRequired":true,"valueName":"search_term_string"}}],"inLanguage":"az"},{"@type":"Organization","@id":"https:\/\/www.meydan.tv\/az\/#organization","name":"Meydan TV","url":"https:\/\/www.meydan.tv\/az\/","logo":{"@type":"ImageObject","inLanguage":"az","@id":"https:\/\/www.meydan.tv\/az\/#\/schema\/logo\/image\/","url":"https:\/\/www.meydan.tv\/wp-content\/uploads\/2021\/07\/meydan-logo.svg","contentUrl":"https:\/\/www.meydan.tv\/wp-content\/uploads\/2021\/07\/meydan-logo.svg","width":195,"height":46,"caption":"Meydan TV"},"image":{"@id":"https:\/\/www.meydan.tv\/az\/#\/schema\/logo\/image\/"}},{"@type":"Person","@id":"https:\/\/www.meydan.tv\/az\/#\/schema\/person\/49b5f2bad5b126bb8ea9320eeb3e4dc9","name":"sevda"}]}},"_links":{"self":[{"href":"https:\/\/www.meydan.tv\/az\/wp-json\/wp\/v2\/posts\/334932","targetHints":{"allow":["GET"]}}],"collection":[{"href":"https:\/\/www.meydan.tv\/az\/wp-json\/wp\/v2\/posts"}],"about":[{"href":"https:\/\/www.meydan.tv\/az\/wp-json\/wp\/v2\/types\/post"}],"author":[{"embeddable":true,"href":"https:\/\/www.meydan.tv\/az\/wp-json\/wp\/v2\/users\/16"}],"replies":[{"embeddable":true,"href":"https:\/\/www.meydan.tv\/az\/wp-json\/wp\/v2\/comments?post=334932"}],"version-history":[{"count":1,"href":"https:\/\/www.meydan.tv\/az\/wp-json\/wp\/v2\/posts\/334932\/revisions"}],"predecessor-version":[{"id":334933,"href":"https:\/\/www.meydan.tv\/az\/wp-json\/wp\/v2\/posts\/334932\/revisions\/334933"}],"wp:featuredmedia":[{"embeddable":true,"href":"https:\/\/www.meydan.tv\/az\/wp-json\/wp\/v2\/media\/257656"}],"wp:attachment":[{"href":"https:\/\/www.meydan.tv\/az\/wp-json\/wp\/v2\/media?parent=334932"}],"wp:term":[{"taxonomy":"category","embeddable":true,"href":"https:\/\/www.meydan.tv\/az\/wp-json\/wp\/v2\/categories?post=334932"},{"taxonomy":"post_tag","embeddable":true,"href":"https:\/\/www.meydan.tv\/az\/wp-json\/wp\/v2\/tags?post=334932"}],"curies":[{"name":"wp","href":"https:\/\/api.w.org\/{rel}","templated":true}]}}