{"id":334926,"date":"2025-09-09T14:42:05","date_gmt":"2025-09-09T10:42:05","guid":{"rendered":"https:\/\/www.meydan.tv\/?p=334926"},"modified":"2025-11-06T21:52:37","modified_gmt":"2025-11-06T17:52:37","slug":"h%c9%99bsd%c9%99-olan-jurnalisti-n%c9%99rgiz-absalamova-azadmedia-mukafatina-layiq-gorulub","status":"publish","type":"post","link":"https:\/\/www.meydan.tv\/az\/article\/h%c9%99bsd%c9%99-olan-jurnalisti-n%c9%99rgiz-absalamova-azadmedia-mukafatina-layiq-gorulub\/","title":{"rendered":"H\u0259bsd\u0259 olan jurnalist N\u0259rgiz Absalamova \u201cAzadMedia\u201d m\u00fckafat\u0131na layiq g\u00f6r\u00fcl\u00fcb"},"content":{"rendered":"\n<p>\u201cAbzasMedia\u201dn\u0131n h\u0259bsd\u0259 olan jurnalisti N\u0259rgiz Absalamova \u201cAzadMedia\u201d m\u00fckafat\u0131na layiq g\u00f6r\u00fcl\u00fcb.&nbsp;<\/p>\n\n\n\n<p>Norve\u00e7in \u201cFritt Ort\u201d v\u0259 Almaniyan\u0131n \u201cZEIT Stiftung Bucerius\u201d fondu t\u0259r\u0259find\u0259n t\u0259qdim edil\u0259n m\u00fckafat M\u0259rk\u0259zi v\u0259 \u015e\u0259rqi Avropada m\u00fcst\u0259qil media orqanlar\u0131na v\u0259 pe\u015f\u0259kar, c\u0259sar\u0259tli jurnalistl\u0259r\u0259 verilir.<\/p>\n\n\n\n<p>M\u00fckafat Absalamovaya c\u0259sar\u0259tli reportajlar\u0131na, q\u0131sametrajl\u0131 s\u0259n\u0259dli filml\u0259rin\u0259 g\u00f6r\u0259 t\u0259qdim edilib.&nbsp;<\/p>\n\n\n\n<p><em>\u201cO, \u00f6z\u00fcn\u00fc iqlim probleml\u0259ri, korrupsiya v\u0259 sosial h\u00fcquqlar\u0131n i\u015f\u0131qland\u0131r\u0131lmas\u0131na h\u0259sr edib. O, h\u0259ssas icmalardan olan insanlara, el\u0259c\u0259 d\u0259 ayr\u0131-se\u00e7kilikl\u0259 \u00fczl\u0259\u015f\u0259n qad\u0131nlara v\u0259 g\u0259ncl\u0259r\u0259 s\u0259s verib. Onun videoreportajlar\u0131 sosial \u015f\u0259b\u0259k\u0259l\u0259rd\u0259 milyonlarla bax\u0131\u015f qazan\u0131b v\u0259 v\u0259t\u0259nda\u015f c\u0259miyy\u0259tin\u0259 m\u00fcsb\u0259t t\u0259sir edib. Onun kameras\u0131 s\u0259lahiyy\u0259tlil\u0259r t\u0259r\u0259find\u0259n m\u00fcsadir\u0259 edilib v\u0259 o, bir ne\u00e7\u0259 d\u0259f\u0259 polis zorak\u0131l\u0131\u011f\u0131na m\u0259ruz qal\u0131b\u201d, <\/em>&#8211; dey\u0259 \u201cAzadMedia\u201dn\u0131n yayd\u0131\u011f\u0131 b\u0259yanat\u0131nda <a href=\"https:\/\/frittord.no\/nb\/aktuelt\/free-media-awards-2025\" target=\"_blank\" rel=\"noreferrer noopener nofollow\">bildirilir.<\/a><\/p>\n\n\n\n<p>Bu il m\u00fckafata layiq g\u00f6r\u00fcl\u0259nl\u0259r aras\u0131nda N\u0259rgiz Absalamova il\u0259 yana\u015f\u0131 Ukraynadan \u201cGwara Media\u201d<strong> <\/strong>media platformas\u0131<strong>, <\/strong>G\u00fcrc\u00fcstandan jurnalist v\u0259 media qurucusu Mzia Ama\u011flobeli, Macar\u0131standan ara\u015fd\u0131rma\u00e7\u0131 onlayn media Direkt36, Rusiyadan fotoqraf v\u0259 fotoreportyor Aleksandra Astaxova, Belarusdan \u201cBelarusian Investigative Center\u201d media kanal\u0131 var.<\/p>\n\n\n\n<p>Bundan ba\u015fqa, h\u0259r iki media Az\u0259rbaycanda qad\u0131n jurnalistl\u0259rinin h\u0259bsinin qad\u0131nlar\u0131n ictimai h\u0259yatdan uzaqla\u015fd\u0131r\u0131lmaq c\u0259hdi adland\u0131r\u0131blar.<\/p>\n\n\n\n<p><em>\u201cSon aylar \u00f6lk\u0259d\u0259 9 qad\u0131n jurnalist iqtisadi ittihamlarla h\u0259bs edilib. Beyn\u0259lxalq media qurumlar\u0131 vur\u011fulay\u0131r ki, Az\u0259rbaycanda qad\u0131n jurnalistl\u0259r\u0259 qar\u015f\u0131 h\u00fccumlar gender bax\u0131m\u0131ndan neytral deyil, qad\u0131n jurnalistl\u0259ri ictimai h\u0259yatdan uzaqla\u015fd\u0131rmaq c\u0259hdidir. Bu, t\u0259kc\u0259 Az\u0259rbaycanda m\u0259tbuat azadl\u0131\u011f\u0131 il\u0259 ba\u011fl\u0131 x\u0259b\u0259rdarl\u0131q deyil. Avtoritar \u00f6lk\u0259d\u0259 praktiki qad\u0131n jurnalist olmaq \u00e7\u0259tin v\u0259 t\u0259hl\u00fck\u0259lidir\u201d.<\/em><\/p>\n\n\n\n<p>AbzasMedian\u0131n reportyoru N\u0259rgiz Absalamova 2025-ci il iyunun 20-d\u0259 Bak\u0131 A\u011f\u0131r Cinay\u0259tl\u0259r M\u0259hk\u0259m\u0259sinin q\u0259rar\u0131 il\u0259 8 il m\u00fcdd\u0259tin\u0259 <a href=\"https:\/\/storage.googleapis.com\/qurium\/www.meydan.tv\/az-article-abzas-media-isi-uzr%c9%99-h%c9%99bs-olunanlara-hokm-oxundu.html\" target=\"_blank\" rel=\"noreferrer noopener nofollow\">azadl\u0131qdan m\u0259hrum edilib<\/a>.<\/p>\n\n\n\n<p>Absalamova qa\u00e7aqmal\u00e7\u0131l\u0131q v\u0259 dig\u0259r cinay\u0259tl\u0259rd\u0259 t\u0259qsirli bilinir. Onunla birlikd\u0259 haz\u0131rda AbzasMedia i\u015fi \u00fczr\u0259\u00a06 jurnalist h\u0259bsd\u0259dir. <\/p>\n\n\n\n<details class=\"wp-block-details is-layout-flow wp-block-details-is-layout-flow\"><summary><strong>AbzasMedia i\u015fi\u201d<\/strong><\/summary>\n<p>2025-ci il iyunun 20-d\u0259 Bak\u0131 A\u011f\u0131r Cinay\u0259tl\u0259r M\u0259hk\u0259m\u0259sinin q\u0259rar\u0131 il\u0259 AbzasMedian\u0131n direktoru \u00dclvi H\u0259s\u0259nli, ba\u015f redaktor Sevinc Vaqifq\u0131z\u0131, ara\u015fd\u0131rma\u00e7\u0131 jurnalist Hafiz Babal\u0131, Azadl\u0131q Radiosunun jurnalisti, iqtisad\u00e7\u0131 F\u0259rid Mehral\u0131zad\u0259 9 il, reportyorlar N\u0259rgiz Absalamova v\u0259 Elnar\u0259 Qas\u0131mova 8 il, direktor m\u00fcavini M\u0259h\u0259mm\u0259d Kekalov is\u0259 7 il 6 ay m\u00fcdd\u0259tin\u0259&nbsp;<a href=\"https:\/\/storage.googleapis.com\/qurium\/www.meydan.tv\/az-article-abzas-media-isi-uzr%c9%99-h%c9%99bs-olunanlara-hokm-oxundu.html\">azadl\u0131qdan m\u0259hrum edilib<\/a>.<\/p>\n\n\n\n<p>Onlar qa\u00e7aqmal\u00e7\u0131l\u0131q v\u0259 dig\u0259r cinay\u0259tl\u0259rd\u0259 t\u0259qsirli bilinibl\u0259r.<\/p>\n\n\n\n<p>Jurnalistl\u0259r ir\u0259li s\u00fcr\u00fcl\u0259n ittihamlar\u0131 r\u0259dd edir, h\u0259bsl\u0259rinin apard\u0131qlar\u0131 korrupsiya ara\u015fd\u0131rmalar\u0131na g\u00f6r\u0259 siyasi sifari\u015f oldu\u011funu bildirirl\u0259r.<\/p>\n\n\n\n<p>Yerli v\u0259 beyn\u0259lxalq h\u00fcquq m\u00fcdafi\u0259 t\u0259\u015fkilatlar\u0131 bu h\u0259bsl\u0259ri siyasi motivli hesab edir v\u0259 jurnalistl\u0259rin azad edilm\u0259sin\u0259, onlara qar\u015f\u0131 ittihamlar\u0131n geri g\u00f6t\u00fcr\u00fclm\u0259sin\u0259 \u00e7a\u011f\u0131r\u0131rlar.<\/p>\n<\/details>\n","protected":false},"excerpt":{"rendered":"<p>\u201cAbzasMedia\u201dn\u0131n h\u0259bsd\u0259 olan jurnalisti N\u0259rgiz Absalamova \u201cAzadMedia\u201d m\u00fckafat\u0131na layiq g\u00f6r\u00fcl\u00fcb.&nbsp; &#8230; <\/p>\n<p class=\"read-more-container\"><a title=\"H\u0259bsd\u0259 olan jurnalist N\u0259rgiz Absalamova \u201cAzadMedia\u201d m\u00fckafat\u0131na layiq g\u00f6r\u00fcl\u00fcb\" class=\"read-more button\" href=\"https:\/\/www.meydan.tv\/az\/article\/h%c9%99bsd%c9%99-olan-jurnalisti-n%c9%99rgiz-absalamova-azadmedia-mukafatina-layiq-gorulub\/#more-334926\" aria-label=\"Read more about H\u0259bsd\u0259 olan jurnalist N\u0259rgiz Absalamova \u201cAzadMedia\u201d m\u00fckafat\u0131na layiq g\u00f6r\u00fcl\u00fcb\">Davam\u0131<\/a><\/p>\n","protected":false},"author":16,"featured_media":291849,"comment_status":"closed","ping_status":"closed","sticky":false,"template":"","format":"standard","meta":{"_acf_changed":false,"_sitemap_exclude":false,"_sitemap_priority":"","_sitemap_frequency":"","footnotes":""},"categories":[79,56],"tags":[],"class_list":["post-334926","post","type-post","status-publish","format-standard","has-post-thumbnail","hentry","category-featured","category-xeberler","infinite-scroll-item","generate-columns","tablet-grid-50","mobile-grid-100","grid-parent","grid-33","no-featured-image-padding"],"acf":[],"yoast_head":"<!-- This site is optimized with the Yoast SEO plugin v27.5 - https:\/\/yoast.com\/product\/yoast-seo-wordpress\/ -->\n<title>H\u0259bsd\u0259 olan jurnalist N\u0259rgiz Absalamova \u201cAzadMedia\u201d m\u00fckafat\u0131na layiq g\u00f6r\u00fcl\u00fcb - MEYDAN.TV<\/title>\n<meta name=\"robots\" content=\"index, follow, max-snippet:-1, max-image-preview:large, max-video-preview:-1\" \/>\n<link rel=\"canonical\" href=\"https:\/\/www.meydan.tv\/az\/article\/h%c9%99bsd%c9%99-olan-jurnalisti-n%c9%99rgiz-absalamova-azadmedia-mukafatina-layiq-gorulub\/\" \/>\n<meta property=\"og:locale\" content=\"az_AZ\" \/>\n<meta property=\"og:type\" content=\"article\" \/>\n<meta property=\"og:title\" content=\"H\u0259bsd\u0259 olan jurnalist N\u0259rgiz Absalamova \u201cAzadMedia\u201d m\u00fckafat\u0131na layiq g\u00f6r\u00fcl\u00fcb - MEYDAN.TV\" \/>\n<meta property=\"og:description\" content=\"\u201cAbzasMedia\u201dn\u0131n h\u0259bsd\u0259 olan jurnalisti N\u0259rgiz Absalamova \u201cAzadMedia\u201d m\u00fckafat\u0131na layiq g\u00f6r\u00fcl\u00fcb.&nbsp; ... Davam\u0131\" \/>\n<meta property=\"og:url\" content=\"https:\/\/www.meydan.tv\/az\/article\/h%c9%99bsd%c9%99-olan-jurnalisti-n%c9%99rgiz-absalamova-azadmedia-mukafatina-layiq-gorulub\/\" \/>\n<meta property=\"og:site_name\" content=\"MEYDAN.TV\" \/>\n<meta property=\"article:published_time\" content=\"2025-09-09T10:42:05+00:00\" \/>\n<meta property=\"article:modified_time\" content=\"2025-11-06T17:52:37+00:00\" \/>\n<meta property=\"og:image\" content=\"https:\/\/www.meydan.tv\/wp-content\/uploads\/img_9841-1-scaled.jpg\" \/>\n\t<meta property=\"og:image:width\" content=\"2560\" \/>\n\t<meta property=\"og:image:height\" content=\"1707\" \/>\n\t<meta property=\"og:image:type\" content=\"image\/jpeg\" \/>\n<meta name=\"author\" content=\"sevda\" \/>\n<meta name=\"twitter:card\" content=\"summary_large_image\" \/>\n<script type=\"application\/ld+json\" class=\"yoast-schema-graph\">{\"@context\":\"https:\\\/\\\/schema.org\",\"@graph\":[{\"@type\":\"Article\",\"@id\":\"https:\\\/\\\/www.meydan.tv\\\/az\\\/article\\\/h%c9%99bsd%c9%99-olan-jurnalisti-n%c9%99rgiz-absalamova-azadmedia-mukafatina-layiq-gorulub\\\/#article\",\"isPartOf\":{\"@id\":\"https:\\\/\\\/www.meydan.tv\\\/az\\\/article\\\/h%c9%99bsd%c9%99-olan-jurnalisti-n%c9%99rgiz-absalamova-azadmedia-mukafatina-layiq-gorulub\\\/\"},\"author\":{\"name\":\"sevda\",\"@id\":\"https:\\\/\\\/www.meydan.tv\\\/az\\\/#\\\/schema\\\/person\\\/49b5f2bad5b126bb8ea9320eeb3e4dc9\"},\"headline\":\"H\u0259bsd\u0259 olan jurnalist N\u0259rgiz Absalamova \u201cAzadMedia\u201d m\u00fckafat\u0131na layiq g\u00f6r\u00fcl\u00fcb\",\"datePublished\":\"2025-09-09T10:42:05+00:00\",\"dateModified\":\"2025-11-06T17:52:37+00:00\",\"mainEntityOfPage\":{\"@id\":\"https:\\\/\\\/www.meydan.tv\\\/az\\\/article\\\/h%c9%99bsd%c9%99-olan-jurnalisti-n%c9%99rgiz-absalamova-azadmedia-mukafatina-layiq-gorulub\\\/\"},\"wordCount\":580,\"publisher\":{\"@id\":\"https:\\\/\\\/www.meydan.tv\\\/az\\\/#organization\"},\"image\":{\"@id\":\"https:\\\/\\\/www.meydan.tv\\\/az\\\/article\\\/h%c9%99bsd%c9%99-olan-jurnalisti-n%c9%99rgiz-absalamova-azadmedia-mukafatina-layiq-gorulub\\\/#primaryimage\"},\"thumbnailUrl\":\"https:\\\/\\\/www.meydan.tv\\\/wp-content\\\/uploads\\\/img_9841-1-scaled.jpg\",\"articleSection\":[\"T\u00f6vsiy\u0259\",\"X\u0259b\u0259rl\u0259r\"],\"inLanguage\":\"az\"},{\"@type\":\"WebPage\",\"@id\":\"https:\\\/\\\/www.meydan.tv\\\/az\\\/article\\\/h%c9%99bsd%c9%99-olan-jurnalisti-n%c9%99rgiz-absalamova-azadmedia-mukafatina-layiq-gorulub\\\/\",\"url\":\"https:\\\/\\\/www.meydan.tv\\\/az\\\/article\\\/h%c9%99bsd%c9%99-olan-jurnalisti-n%c9%99rgiz-absalamova-azadmedia-mukafatina-layiq-gorulub\\\/\",\"name\":\"H\u0259bsd\u0259 olan jurnalist N\u0259rgiz Absalamova \u201cAzadMedia\u201d m\u00fckafat\u0131na layiq g\u00f6r\u00fcl\u00fcb - MEYDAN.TV\",\"isPartOf\":{\"@id\":\"https:\\\/\\\/www.meydan.tv\\\/az\\\/#website\"},\"primaryImageOfPage\":{\"@id\":\"https:\\\/\\\/www.meydan.tv\\\/az\\\/article\\\/h%c9%99bsd%c9%99-olan-jurnalisti-n%c9%99rgiz-absalamova-azadmedia-mukafatina-layiq-gorulub\\\/#primaryimage\"},\"image\":{\"@id\":\"https:\\\/\\\/www.meydan.tv\\\/az\\\/article\\\/h%c9%99bsd%c9%99-olan-jurnalisti-n%c9%99rgiz-absalamova-azadmedia-mukafatina-layiq-gorulub\\\/#primaryimage\"},\"thumbnailUrl\":\"https:\\\/\\\/www.meydan.tv\\\/wp-content\\\/uploads\\\/img_9841-1-scaled.jpg\",\"datePublished\":\"2025-09-09T10:42:05+00:00\",\"dateModified\":\"2025-11-06T17:52:37+00:00\",\"breadcrumb\":{\"@id\":\"https:\\\/\\\/www.meydan.tv\\\/az\\\/article\\\/h%c9%99bsd%c9%99-olan-jurnalisti-n%c9%99rgiz-absalamova-azadmedia-mukafatina-layiq-gorulub\\\/#breadcrumb\"},\"inLanguage\":\"az\",\"potentialAction\":[{\"@type\":\"ReadAction\",\"target\":[\"https:\\\/\\\/www.meydan.tv\\\/az\\\/article\\\/h%c9%99bsd%c9%99-olan-jurnalisti-n%c9%99rgiz-absalamova-azadmedia-mukafatina-layiq-gorulub\\\/\"]}]},{\"@type\":\"ImageObject\",\"inLanguage\":\"az\",\"@id\":\"https:\\\/\\\/www.meydan.tv\\\/az\\\/article\\\/h%c9%99bsd%c9%99-olan-jurnalisti-n%c9%99rgiz-absalamova-azadmedia-mukafatina-layiq-gorulub\\\/#primaryimage\",\"url\":\"https:\\\/\\\/www.meydan.tv\\\/wp-content\\\/uploads\\\/img_9841-1-scaled.jpg\",\"contentUrl\":\"https:\\\/\\\/www.meydan.tv\\\/wp-content\\\/uploads\\\/img_9841-1-scaled.jpg\",\"width\":2560,\"height\":1707,\"caption\":\"N\u0259rgiz Absalamova. Foto: \u00dclviyy\u0259 \u018fli\"},{\"@type\":\"BreadcrumbList\",\"@id\":\"https:\\\/\\\/www.meydan.tv\\\/az\\\/article\\\/h%c9%99bsd%c9%99-olan-jurnalisti-n%c9%99rgiz-absalamova-azadmedia-mukafatina-layiq-gorulub\\\/#breadcrumb\",\"itemListElement\":[{\"@type\":\"ListItem\",\"position\":1,\"name\":\"Ana s\u0259hif\u0259\",\"item\":\"https:\\\/\\\/www.meydan.tv\\\/az\\\/\"},{\"@type\":\"ListItem\",\"position\":2,\"name\":\"X\u0259b\u0259rl\u0259r\",\"item\":\"https:\\\/\\\/www.meydan.tv\\\/az\\\/section\\\/xeberler\\\/\"},{\"@type\":\"ListItem\",\"position\":3,\"name\":\"H\u0259bsd\u0259 olan jurnalist N\u0259rgiz Absalamova \u201cAzadMedia\u201d m\u00fckafat\u0131na layiq g\u00f6r\u00fcl\u00fcb\"}]},{\"@type\":\"WebSite\",\"@id\":\"https:\\\/\\\/www.meydan.tv\\\/az\\\/#website\",\"url\":\"https:\\\/\\\/www.meydan.tv\\\/az\\\/\",\"name\":\"MEYDAN.TV\",\"description\":\"Meydan TV Az\u0259rbaycan\u0131n media m\u0259kan\u0131ndak\u0131 alternativ s\u0259sidir\",\"publisher\":{\"@id\":\"https:\\\/\\\/www.meydan.tv\\\/az\\\/#organization\"},\"potentialAction\":[{\"@type\":\"SearchAction\",\"target\":{\"@type\":\"EntryPoint\",\"urlTemplate\":\"https:\\\/\\\/www.meydan.tv\\\/az\\\/?s={search_term_string}\"},\"query-input\":{\"@type\":\"PropertyValueSpecification\",\"valueRequired\":true,\"valueName\":\"search_term_string\"}}],\"inLanguage\":\"az\"},{\"@type\":\"Organization\",\"@id\":\"https:\\\/\\\/www.meydan.tv\\\/az\\\/#organization\",\"name\":\"Meydan TV\",\"url\":\"https:\\\/\\\/www.meydan.tv\\\/az\\\/\",\"logo\":{\"@type\":\"ImageObject\",\"inLanguage\":\"az\",\"@id\":\"https:\\\/\\\/www.meydan.tv\\\/az\\\/#\\\/schema\\\/logo\\\/image\\\/\",\"url\":\"https:\\\/\\\/www.meydan.tv\\\/wp-content\\\/uploads\\\/2021\\\/07\\\/meydan-logo.svg\",\"contentUrl\":\"https:\\\/\\\/www.meydan.tv\\\/wp-content\\\/uploads\\\/2021\\\/07\\\/meydan-logo.svg\",\"width\":195,\"height\":46,\"caption\":\"Meydan TV\"},\"image\":{\"@id\":\"https:\\\/\\\/www.meydan.tv\\\/az\\\/#\\\/schema\\\/logo\\\/image\\\/\"}},{\"@type\":\"Person\",\"@id\":\"https:\\\/\\\/www.meydan.tv\\\/az\\\/#\\\/schema\\\/person\\\/49b5f2bad5b126bb8ea9320eeb3e4dc9\",\"name\":\"sevda\"}]}<\/script>\n<!-- \/ Yoast SEO plugin. -->","yoast_head_json":{"title":"H\u0259bsd\u0259 olan jurnalist N\u0259rgiz Absalamova \u201cAzadMedia\u201d m\u00fckafat\u0131na layiq g\u00f6r\u00fcl\u00fcb - MEYDAN.TV","robots":{"index":"index","follow":"follow","max-snippet":"max-snippet:-1","max-image-preview":"max-image-preview:large","max-video-preview":"max-video-preview:-1"},"canonical":"https:\/\/www.meydan.tv\/az\/article\/h%c9%99bsd%c9%99-olan-jurnalisti-n%c9%99rgiz-absalamova-azadmedia-mukafatina-layiq-gorulub\/","og_locale":"az_AZ","og_type":"article","og_title":"H\u0259bsd\u0259 olan jurnalist N\u0259rgiz Absalamova \u201cAzadMedia\u201d m\u00fckafat\u0131na layiq g\u00f6r\u00fcl\u00fcb - MEYDAN.TV","og_description":"\u201cAbzasMedia\u201dn\u0131n h\u0259bsd\u0259 olan jurnalisti N\u0259rgiz Absalamova \u201cAzadMedia\u201d m\u00fckafat\u0131na layiq g\u00f6r\u00fcl\u00fcb.&nbsp; ... Davam\u0131","og_url":"https:\/\/www.meydan.tv\/az\/article\/h%c9%99bsd%c9%99-olan-jurnalisti-n%c9%99rgiz-absalamova-azadmedia-mukafatina-layiq-gorulub\/","og_site_name":"MEYDAN.TV","article_published_time":"2025-09-09T10:42:05+00:00","article_modified_time":"2025-11-06T17:52:37+00:00","og_image":[{"width":2560,"height":1707,"url":"https:\/\/www.meydan.tv\/wp-content\/uploads\/img_9841-1-scaled.jpg","type":"image\/jpeg"}],"author":"sevda","twitter_card":"summary_large_image","schema":{"@context":"https:\/\/schema.org","@graph":[{"@type":"Article","@id":"https:\/\/www.meydan.tv\/az\/article\/h%c9%99bsd%c9%99-olan-jurnalisti-n%c9%99rgiz-absalamova-azadmedia-mukafatina-layiq-gorulub\/#article","isPartOf":{"@id":"https:\/\/www.meydan.tv\/az\/article\/h%c9%99bsd%c9%99-olan-jurnalisti-n%c9%99rgiz-absalamova-azadmedia-mukafatina-layiq-gorulub\/"},"author":{"name":"sevda","@id":"https:\/\/www.meydan.tv\/az\/#\/schema\/person\/49b5f2bad5b126bb8ea9320eeb3e4dc9"},"headline":"H\u0259bsd\u0259 olan jurnalist N\u0259rgiz Absalamova \u201cAzadMedia\u201d m\u00fckafat\u0131na layiq g\u00f6r\u00fcl\u00fcb","datePublished":"2025-09-09T10:42:05+00:00","dateModified":"2025-11-06T17:52:37+00:00","mainEntityOfPage":{"@id":"https:\/\/www.meydan.tv\/az\/article\/h%c9%99bsd%c9%99-olan-jurnalisti-n%c9%99rgiz-absalamova-azadmedia-mukafatina-layiq-gorulub\/"},"wordCount":580,"publisher":{"@id":"https:\/\/www.meydan.tv\/az\/#organization"},"image":{"@id":"https:\/\/www.meydan.tv\/az\/article\/h%c9%99bsd%c9%99-olan-jurnalisti-n%c9%99rgiz-absalamova-azadmedia-mukafatina-layiq-gorulub\/#primaryimage"},"thumbnailUrl":"https:\/\/www.meydan.tv\/wp-content\/uploads\/img_9841-1-scaled.jpg","articleSection":["T\u00f6vsiy\u0259","X\u0259b\u0259rl\u0259r"],"inLanguage":"az"},{"@type":"WebPage","@id":"https:\/\/www.meydan.tv\/az\/article\/h%c9%99bsd%c9%99-olan-jurnalisti-n%c9%99rgiz-absalamova-azadmedia-mukafatina-layiq-gorulub\/","url":"https:\/\/www.meydan.tv\/az\/article\/h%c9%99bsd%c9%99-olan-jurnalisti-n%c9%99rgiz-absalamova-azadmedia-mukafatina-layiq-gorulub\/","name":"H\u0259bsd\u0259 olan jurnalist N\u0259rgiz Absalamova \u201cAzadMedia\u201d m\u00fckafat\u0131na layiq g\u00f6r\u00fcl\u00fcb - MEYDAN.TV","isPartOf":{"@id":"https:\/\/www.meydan.tv\/az\/#website"},"primaryImageOfPage":{"@id":"https:\/\/www.meydan.tv\/az\/article\/h%c9%99bsd%c9%99-olan-jurnalisti-n%c9%99rgiz-absalamova-azadmedia-mukafatina-layiq-gorulub\/#primaryimage"},"image":{"@id":"https:\/\/www.meydan.tv\/az\/article\/h%c9%99bsd%c9%99-olan-jurnalisti-n%c9%99rgiz-absalamova-azadmedia-mukafatina-layiq-gorulub\/#primaryimage"},"thumbnailUrl":"https:\/\/www.meydan.tv\/wp-content\/uploads\/img_9841-1-scaled.jpg","datePublished":"2025-09-09T10:42:05+00:00","dateModified":"2025-11-06T17:52:37+00:00","breadcrumb":{"@id":"https:\/\/www.meydan.tv\/az\/article\/h%c9%99bsd%c9%99-olan-jurnalisti-n%c9%99rgiz-absalamova-azadmedia-mukafatina-layiq-gorulub\/#breadcrumb"},"inLanguage":"az","potentialAction":[{"@type":"ReadAction","target":["https:\/\/www.meydan.tv\/az\/article\/h%c9%99bsd%c9%99-olan-jurnalisti-n%c9%99rgiz-absalamova-azadmedia-mukafatina-layiq-gorulub\/"]}]},{"@type":"ImageObject","inLanguage":"az","@id":"https:\/\/www.meydan.tv\/az\/article\/h%c9%99bsd%c9%99-olan-jurnalisti-n%c9%99rgiz-absalamova-azadmedia-mukafatina-layiq-gorulub\/#primaryimage","url":"https:\/\/www.meydan.tv\/wp-content\/uploads\/img_9841-1-scaled.jpg","contentUrl":"https:\/\/www.meydan.tv\/wp-content\/uploads\/img_9841-1-scaled.jpg","width":2560,"height":1707,"caption":"N\u0259rgiz Absalamova. Foto: \u00dclviyy\u0259 \u018fli"},{"@type":"BreadcrumbList","@id":"https:\/\/www.meydan.tv\/az\/article\/h%c9%99bsd%c9%99-olan-jurnalisti-n%c9%99rgiz-absalamova-azadmedia-mukafatina-layiq-gorulub\/#breadcrumb","itemListElement":[{"@type":"ListItem","position":1,"name":"Ana s\u0259hif\u0259","item":"https:\/\/www.meydan.tv\/az\/"},{"@type":"ListItem","position":2,"name":"X\u0259b\u0259rl\u0259r","item":"https:\/\/www.meydan.tv\/az\/section\/xeberler\/"},{"@type":"ListItem","position":3,"name":"H\u0259bsd\u0259 olan jurnalist N\u0259rgiz Absalamova \u201cAzadMedia\u201d m\u00fckafat\u0131na layiq g\u00f6r\u00fcl\u00fcb"}]},{"@type":"WebSite","@id":"https:\/\/www.meydan.tv\/az\/#website","url":"https:\/\/www.meydan.tv\/az\/","name":"MEYDAN.TV","description":"Meydan TV Az\u0259rbaycan\u0131n media m\u0259kan\u0131ndak\u0131 alternativ s\u0259sidir","publisher":{"@id":"https:\/\/www.meydan.tv\/az\/#organization"},"potentialAction":[{"@type":"SearchAction","target":{"@type":"EntryPoint","urlTemplate":"https:\/\/www.meydan.tv\/az\/?s={search_term_string}"},"query-input":{"@type":"PropertyValueSpecification","valueRequired":true,"valueName":"search_term_string"}}],"inLanguage":"az"},{"@type":"Organization","@id":"https:\/\/www.meydan.tv\/az\/#organization","name":"Meydan TV","url":"https:\/\/www.meydan.tv\/az\/","logo":{"@type":"ImageObject","inLanguage":"az","@id":"https:\/\/www.meydan.tv\/az\/#\/schema\/logo\/image\/","url":"https:\/\/www.meydan.tv\/wp-content\/uploads\/2021\/07\/meydan-logo.svg","contentUrl":"https:\/\/www.meydan.tv\/wp-content\/uploads\/2021\/07\/meydan-logo.svg","width":195,"height":46,"caption":"Meydan TV"},"image":{"@id":"https:\/\/www.meydan.tv\/az\/#\/schema\/logo\/image\/"}},{"@type":"Person","@id":"https:\/\/www.meydan.tv\/az\/#\/schema\/person\/49b5f2bad5b126bb8ea9320eeb3e4dc9","name":"sevda"}]}},"_links":{"self":[{"href":"https:\/\/www.meydan.tv\/az\/wp-json\/wp\/v2\/posts\/334926","targetHints":{"allow":["GET"]}}],"collection":[{"href":"https:\/\/www.meydan.tv\/az\/wp-json\/wp\/v2\/posts"}],"about":[{"href":"https:\/\/www.meydan.tv\/az\/wp-json\/wp\/v2\/types\/post"}],"author":[{"embeddable":true,"href":"https:\/\/www.meydan.tv\/az\/wp-json\/wp\/v2\/users\/16"}],"replies":[{"embeddable":true,"href":"https:\/\/www.meydan.tv\/az\/wp-json\/wp\/v2\/comments?post=334926"}],"version-history":[{"count":6,"href":"https:\/\/www.meydan.tv\/az\/wp-json\/wp\/v2\/posts\/334926\/revisions"}],"predecessor-version":[{"id":337218,"href":"https:\/\/www.meydan.tv\/az\/wp-json\/wp\/v2\/posts\/334926\/revisions\/337218"}],"wp:featuredmedia":[{"embeddable":true,"href":"https:\/\/www.meydan.tv\/az\/wp-json\/wp\/v2\/media\/291849"}],"wp:attachment":[{"href":"https:\/\/www.meydan.tv\/az\/wp-json\/wp\/v2\/media?parent=334926"}],"wp:term":[{"taxonomy":"category","embeddable":true,"href":"https:\/\/www.meydan.tv\/az\/wp-json\/wp\/v2\/categories?post=334926"},{"taxonomy":"post_tag","embeddable":true,"href":"https:\/\/www.meydan.tv\/az\/wp-json\/wp\/v2\/tags?post=334926"}],"curies":[{"name":"wp","href":"https:\/\/api.w.org\/{rel}","templated":true}]}}