{"id":334893,"date":"2025-09-08T22:30:31","date_gmt":"2025-09-08T18:30:31","guid":{"rendered":"https:\/\/www.meydan.tv\/?p=334893"},"modified":"2025-09-08T22:30:35","modified_gmt":"2025-09-08T18:30:35","slug":"lavrov-vasinqtonda-paraflanan-sulh-s%c9%99n%c9%99dind%c9%99-h%c9%99l%c9%99-cox-m%c9%99s%c9%99l%c9%99-razilasdirilmayib","status":"publish","type":"post","link":"https:\/\/www.meydan.tv\/az\/article\/lavrov-vasinqtonda-paraflanan-sulh-s%c9%99n%c9%99dind%c9%99-h%c9%99l%c9%99-cox-m%c9%99s%c9%99l%c9%99-razilasdirilmayib\/","title":{"rendered":"Lavrov: Va\u015finqtonda paraflanan s\u00fclh s\u0259n\u0259dind\u0259 h\u0259l\u0259 \u00e7ox m\u0259s\u0259l\u0259 raz\u0131la\u015fd\u0131r\u0131lmay\u0131b"},"content":{"rendered":"\n<p>Rusiya xarici i\u015fl\u0259r naziri Sergey Lavrov bildirib ki, Az\u0259rbaycan v\u0259 Erm\u0259nistan aras\u0131nda AB\u015e-nin vasit\u0259\u00e7iliyi il\u0259 \u0259ld\u0259 olunan s\u00fclh raz\u0131la\u015fmas\u0131n\u0131n m\u0259tnind\u0259 h\u0259l\u0259 d\u0259 bir \u00e7ox m\u0259s\u0259l\u0259l\u0259r raz\u0131la\u015fd\u0131r\u0131lmay\u0131b.<\/p>\n\n\n\n<p>Lavrovun <a href=\"https:\/\/tass.ru\/politika\/24993549\" target=\"_blank\" rel=\"noreferrer noopener nofollow\">s\u00f6zl\u0259rin\u0259<\/a> g\u00f6r\u0259, Va\u015finqtonda s\u00fclh raz\u0131la\u015fmas\u0131n\u0131n paraflanmas\u0131ndan sonra s\u0259sl\u0259ndiril\u0259n nikbin fikirl\u0259r s\u0259n\u0259din d\u0259rcind\u0259n sonra skeptik yana\u015fmalarla \u0259v\u0259z olunub.<\/p>\n\n\n\n<p><em>\u201cOnlar bu m\u00fcqavil\u0259ni AB\u015e \u0259razisind\u0259 imzalama\u011fa q\u0259rar verdil\u0259r. Bu, bizim qon\u015fular\u0131m\u0131z\u0131n suveren h\u00fcququdur. Lakin baxmaq laz\u0131md\u0131r ki, bu raz\u0131la\u015fma nec\u0259 i\u015fl\u0259y\u0259c\u0259k. \u00c7\u00fcnki Va\u015finqton g\u00f6r\u00fc\u015f\u00fcnd\u0259n sonra bir ne\u00e7\u0259 g\u00fcn \u0259rzind\u0259 s\u0259sl\u0259n\u0259n t\u0259rifl\u0259r, s\u0259n\u0259din d\u0259rcind\u0259n sonra skeptik qiym\u0259tl\u0259ndirm\u0259l\u0259rl\u0259 \u0259v\u0259z olundu v\u0259 m\u0259lum olur ki, orada h\u0259l\u0259 \u00e7ox m\u0259s\u0259l\u0259l\u0259r raz\u0131la\u015fd\u0131r\u0131lmay\u0131b\u201d, <\/em>&#8211; Lavrov deyib.<\/p>\n\n\n\n<p>Rusiya X\u0130N r\u0259hb\u0259ri hesab edir ki, bu c\u00fcr t\u0259\u015f\u0259bb\u00fcsl\u0259r xarici siyas\u0259td\u0259 \u201cparlaq g\u00f6r\u00fcnt\u00fc yaratmaq v\u0259 onu informasiya m\u00fcst\u0259visind\u0259 t\u0259qdim etm\u0259k\u201d m\u0259qs\u0259di da\u015f\u0131y\u0131r.<\/p>\n\n\n\n<p><em>\u201cM\u0259n d\u00fc\u015f\u00fcn\u00fcr\u0259m ki, bu metodun m\u00f6vcudluq haqq\u0131 var, lakin \u0259g\u0259r onun ard\u0131nca real add\u0131mlar at\u0131lmasa, bu sad\u0259c\u0259 bir par\u0131lt\u0131 olaraq qalacaq. Halbuki, biz h\u0259qiqi s\u00fclh m\u00fcqavil\u0259sinin imzalanmas\u0131nda maraql\u0131y\u0131q\u201d, <\/em>\u2013 Lavrov \u0259lav\u0259 edib.<\/p>\n\n\n\n<p>Nazir qeyd edib ki, AB\u015e-da Bak\u0131 v\u0259 Yerevan aras\u0131nda \u0259ld\u0259 olunmu\u015f raz\u0131la\u015fma \u0259slind\u0259, 2020\u20132022-ci ill\u0259rd\u0259 Rusiya, Az\u0259rbaycan v\u0259 Erm\u0259nistan r\u0259hb\u0259rl\u0259ri aras\u0131nda imzalanan s\u0259n\u0259dl\u0259rd\u0259n qaynaqlan\u0131r:<br><br><em>\u201c\u0130kinci Qaraba\u011f m\u00fcharib\u0259si ba\u015flad\u0131qdan sonra m\u0259hz Rusiya prezidenti Putin h\u0259lledici rol oynad\u0131. Prezident Erm\u0259nistan\u0131n ba\u015f naziri Pa\u015finyan v\u0259 Az\u0259rbaycan\u0131n prezidenti \u018fliyevin 2020-ci ilin noyabr\u0131nda imzalad\u0131\u011f\u0131 raz\u0131la\u015fmaya nail oldu. Ard\u0131nca bir s\u0131ra \u00fc\u00e7t\u0259r\u0259fli sammitl\u0259r ke\u00e7irildi v\u0259 orada iqtisadi \u0259laq\u0259l\u0259rin a\u00e7\u0131lmas\u0131, n\u0259qliyyat mar\u015frutlar\u0131n\u0131n b\u0259rpas\u0131 il\u0259 ba\u011fl\u0131 raz\u0131la\u015fmalar \u0259ld\u0259 edildi\u201d.<\/em><\/p>\n\n\n\n<p>1987-1988-ci ill\u0259rd\u0259 Az\u0259rbaycanla Erm\u0259nistan aras\u0131nda Birinci Qaraba\u011f m\u00fcharib\u0259si ba\u015flay\u0131b. 1990-c\u0131 ill\u0259rin \u0259vv\u0259ll\u0259rind\u0259 Az\u0259rbaycan\u0131n Qaraba\u011f b\u00f6lg\u0259si, \u0259traf 7 rayonu i\u015f\u011fal edilib.<\/p>\n\n\n\n<p>2020-ci ild\u0259 44 g\u00fcnl\u00fck m\u00fcharib\u0259 v\u0259 2023-c\u00fc ild\u0259 birg\u00fcnl\u00fck h\u0259rbi \u0259m\u0259liyyatlar n\u0259tic\u0259sind\u0259 Bak\u0131 b\u00fct\u00fcn \u0259razil\u0259rind\u0259 suverenliyini b\u0259rpa edib.<\/p>\n\n\n\n<p>Son ill\u0259r iki \u00f6lk\u0259 aras\u0131nda s\u00fclh sazi\u015fi il\u0259 ba\u011fl\u0131 m\u00fcxt\u0259lif formatlarda dan\u0131\u015f\u0131qlar apar\u0131l\u0131rd\u0131.<\/p>\n\n\n\n<p>2025-ci il avqustun 8-d\u0259 Az\u0259rbaycan prezidenti \u0130lham \u018fliyev, Erm\u0259nistan\u0131n ba\u015f naziri Nikol Pa\u015finyan v\u0259 AB\u015e prezidenti Donald Tramp\u0131n i\u015ftirak\u0131 il\u0259 Va\u015finqtonda \u00fc\u00e7t\u0259r\u0259fli g\u00f6r\u00fc\u015f ke\u00e7irilib.<\/p>\n\n\n\n<p>G\u00f6r\u00fc\u015f\u00fcn n\u0259tic\u0259si olaraq t\u0259r\u0259fl\u0259r s\u00fclh\u00fcn b\u0259rq\u0259rar olunmas\u0131na dair birg\u0259 <a href=\"https:\/\/storage.googleapis.com\/qurium\/www.meydan.tv\/az-article-ag-evd%c9%99-uct%c9%99r%c9%99fli-birg%c9%99-b%c9%99yannam%c9%99-imzalandi-z%c9%99ng%c9%99zur-yolu-99-illiy%c9%99-abs-y%c9%99-verilir-907-ci-duz%c9%99lis-l%c9%99gv-olunur.html\" target=\"_blank\" rel=\"noreferrer noopener nofollow\">b\u0259yannam\u0259<\/a> imzalay\u0131blar. B\u0259yannam\u0259d\u0259 Bak\u0131 v\u0259 Yerevan\u0131n s\u00fclh\u0259 sadiqliyi ifad\u0259 olunsa da, raz\u0131la\u015fman\u0131n detallar\u0131 d\u0259qiq \u015f\u0259kild\u0259 \u0259ks olunmay\u0131b.<\/p>\n\n\n\n<p>S\u0259n\u0259dd\u0259 qeyd olunur ki, t\u0259r\u0259fl\u0259r \u0259vv\u0259ll\u0259r raz\u0131la\u015fd\u0131r\u0131lm\u0131\u015f s\u00fclh m\u00fcqavil\u0259sinin m\u0259tnini paraflay\u0131b v\u0259 onun yekun ratifikasiyas\u0131 \u00fc\u00e7\u00fcn s\u0259yl\u0259r g\u00f6st\u0259r\u0259c\u0259kl\u0259r. Bundan \u0259lav\u0259, Erm\u0259nistan v\u0259 Az\u0259rbaycan AT\u018fT-in Minsk qrupunun burax\u0131lmas\u0131 il\u0259 ba\u011fl\u0131 birg\u0259 m\u00fcraci\u0259t imzalay\u0131blar.<\/p>\n\n\n\n<p>30 ild\u0259n art\u0131q davam ed\u0259n qar\u015f\u0131durmaya son qoymal\u0131 olan s\u00fclh raz\u0131la\u015fmas\u0131n\u0131n m\u0259tni h\u0259l\u0259 yazda raz\u0131la\u015fd\u0131r\u0131lm\u0131\u015fd\u0131. Lakin Bak\u0131 s\u0259n\u0259din imzalanmas\u0131ndan \u00f6nc\u0259 bir s\u0131ra \u015f\u0259rtl\u0259rin yerin\u0259 yetirilm\u0259sind\u0259 israrl\u0131 idi. X\u00fcsusil\u0259, Az\u0259rbaycan Erm\u0259nistan konstitusiyas\u0131na Bak\u0131ya qar\u015f\u0131 \u0259razi iddialar\u0131n\u0131 istisna ed\u0259n d\u0259yi\u015fiklikl\u0259rin daxil edilm\u0259sini t\u0259l\u0259b edirdi.<\/p>\n\n\n\n<p>Yerevan bu kimi \u0259razi iddialar\u0131n\u0131n m\u00f6vcudlu\u011funu inkar ets\u0259 d\u0259, Erm\u0259nistan\u0131n Pa\u015finyan h\u00f6kum\u0259tinin \u201cregional xarakterli\u201d yeni konstitusiyan\u0131n haz\u0131rlanmas\u0131n\u0131 planla\u015fd\u0131rd\u0131\u011f\u0131n\u0131 b\u0259yan edib.<\/p>\n\n\n\n<p>AB\u015e-nin <a href=\"https:\/\/www.azadliq.org\/a\/abs-azerbaycan-anlasma-memorandum\/33516723.html\">Az\u0259rbaycan<\/a> v\u0259 <a href=\"https:\/\/storage.googleapis.com\/qurium\/www.meydan.tv\/az-article-erm%c9%99nistan-abs-il%c9%99-imzalanan-memorandumu-d%c9%99rc-edib.html\" target=\"_blank\" rel=\"noreferrer noopener\">Erm\u0259nistanla<\/a> imzalad\u0131\u011f\u0131 memorandumun m\u0259tnl\u0259ri il\u0259 buradan tan\u0131\u015f ola bil\u0259rsiz.<\/p>\n","protected":false},"excerpt":{"rendered":"<p>Rusiya xarici i\u015fl\u0259r naziri Sergey Lavrov bildirib ki, Az\u0259rbaycan v\u0259 &#8230; <\/p>\n<p class=\"read-more-container\"><a title=\"Lavrov: Va\u015finqtonda paraflanan s\u00fclh s\u0259n\u0259dind\u0259 h\u0259l\u0259 \u00e7ox m\u0259s\u0259l\u0259 raz\u0131la\u015fd\u0131r\u0131lmay\u0131b\" class=\"read-more button\" href=\"https:\/\/www.meydan.tv\/az\/article\/lavrov-vasinqtonda-paraflanan-sulh-s%c9%99n%c9%99dind%c9%99-h%c9%99l%c9%99-cox-m%c9%99s%c9%99l%c9%99-razilasdirilmayib\/#more-334893\" aria-label=\"Read more about Lavrov: Va\u015finqtonda paraflanan s\u00fclh s\u0259n\u0259dind\u0259 h\u0259l\u0259 \u00e7ox m\u0259s\u0259l\u0259 raz\u0131la\u015fd\u0131r\u0131lmay\u0131b\">Davam\u0131<\/a><\/p>\n","protected":false},"author":16,"featured_media":248587,"comment_status":"closed","ping_status":"closed","sticky":false,"template":"","format":"standard","meta":{"_acf_changed":false,"_sitemap_exclude":false,"_sitemap_priority":"","_sitemap_frequency":"","footnotes":""},"categories":[59,79,56],"tags":[],"class_list":["post-334893","post","type-post","status-publish","format-standard","has-post-thumbnail","hentry","category-siyaset","category-featured","category-xeberler","infinite-scroll-item","generate-columns","tablet-grid-50","mobile-grid-100","grid-parent","grid-33","no-featured-image-padding"],"acf":[],"yoast_head":"<!-- This site is optimized with the Yoast SEO plugin v27.4 - https:\/\/yoast.com\/product\/yoast-seo-wordpress\/ -->\n<title>Lavrov: Va\u015finqtonda paraflanan s\u00fclh s\u0259n\u0259dind\u0259 h\u0259l\u0259 \u00e7ox m\u0259s\u0259l\u0259 raz\u0131la\u015fd\u0131r\u0131lmay\u0131b - MEYDAN.TV<\/title>\n<meta name=\"robots\" content=\"index, follow, max-snippet:-1, max-image-preview:large, max-video-preview:-1\" \/>\n<link rel=\"canonical\" href=\"https:\/\/www.meydan.tv\/az\/article\/lavrov-vasinqtonda-paraflanan-sulh-s%c9%99n%c9%99dind%c9%99-h%c9%99l%c9%99-cox-m%c9%99s%c9%99l%c9%99-razilasdirilmayib\/\" \/>\n<meta property=\"og:locale\" content=\"az_AZ\" \/>\n<meta property=\"og:type\" content=\"article\" \/>\n<meta property=\"og:title\" content=\"Lavrov: Va\u015finqtonda paraflanan s\u00fclh s\u0259n\u0259dind\u0259 h\u0259l\u0259 \u00e7ox m\u0259s\u0259l\u0259 raz\u0131la\u015fd\u0131r\u0131lmay\u0131b - MEYDAN.TV\" \/>\n<meta property=\"og:description\" content=\"Rusiya xarici i\u015fl\u0259r naziri Sergey Lavrov bildirib ki, Az\u0259rbaycan v\u0259 ... Davam\u0131\" \/>\n<meta property=\"og:url\" content=\"https:\/\/www.meydan.tv\/az\/article\/lavrov-vasinqtonda-paraflanan-sulh-s%c9%99n%c9%99dind%c9%99-h%c9%99l%c9%99-cox-m%c9%99s%c9%99l%c9%99-razilasdirilmayib\/\" \/>\n<meta property=\"og:site_name\" content=\"MEYDAN.TV\" \/>\n<meta property=\"article:published_time\" content=\"2025-09-08T18:30:31+00:00\" \/>\n<meta property=\"article:modified_time\" content=\"2025-09-08T18:30:35+00:00\" \/>\n<meta property=\"og:image\" content=\"https:\/\/www.meydan.tv\/wp-content\/uploads\/lavrov-2-e1681462937170.jpg\" \/>\n\t<meta property=\"og:image:width\" content=\"2560\" \/>\n\t<meta property=\"og:image:height\" content=\"1248\" \/>\n\t<meta property=\"og:image:type\" content=\"image\/jpeg\" \/>\n<meta name=\"author\" content=\"sevda\" \/>\n<meta name=\"twitter:card\" content=\"summary_large_image\" \/>\n<script type=\"application\/ld+json\" class=\"yoast-schema-graph\">{\"@context\":\"https:\\\/\\\/schema.org\",\"@graph\":[{\"@type\":\"Article\",\"@id\":\"https:\\\/\\\/www.meydan.tv\\\/az\\\/article\\\/lavrov-vasinqtonda-paraflanan-sulh-s%c9%99n%c9%99dind%c9%99-h%c9%99l%c9%99-cox-m%c9%99s%c9%99l%c9%99-razilasdirilmayib\\\/#article\",\"isPartOf\":{\"@id\":\"https:\\\/\\\/www.meydan.tv\\\/az\\\/article\\\/lavrov-vasinqtonda-paraflanan-sulh-s%c9%99n%c9%99dind%c9%99-h%c9%99l%c9%99-cox-m%c9%99s%c9%99l%c9%99-razilasdirilmayib\\\/\"},\"author\":{\"name\":\"sevda\",\"@id\":\"https:\\\/\\\/www.meydan.tv\\\/az\\\/#\\\/schema\\\/person\\\/49b5f2bad5b126bb8ea9320eeb3e4dc9\"},\"headline\":\"Lavrov: Va\u015finqtonda paraflanan s\u00fclh s\u0259n\u0259dind\u0259 h\u0259l\u0259 \u00e7ox m\u0259s\u0259l\u0259 raz\u0131la\u015fd\u0131r\u0131lmay\u0131b\",\"datePublished\":\"2025-09-08T18:30:31+00:00\",\"dateModified\":\"2025-09-08T18:30:35+00:00\",\"mainEntityOfPage\":{\"@id\":\"https:\\\/\\\/www.meydan.tv\\\/az\\\/article\\\/lavrov-vasinqtonda-paraflanan-sulh-s%c9%99n%c9%99dind%c9%99-h%c9%99l%c9%99-cox-m%c9%99s%c9%99l%c9%99-razilasdirilmayib\\\/\"},\"wordCount\":779,\"publisher\":{\"@id\":\"https:\\\/\\\/www.meydan.tv\\\/az\\\/#organization\"},\"image\":{\"@id\":\"https:\\\/\\\/www.meydan.tv\\\/az\\\/article\\\/lavrov-vasinqtonda-paraflanan-sulh-s%c9%99n%c9%99dind%c9%99-h%c9%99l%c9%99-cox-m%c9%99s%c9%99l%c9%99-razilasdirilmayib\\\/#primaryimage\"},\"thumbnailUrl\":\"https:\\\/\\\/www.meydan.tv\\\/wp-content\\\/uploads\\\/lavrov-2-e1681462937170.jpg\",\"articleSection\":[\"Siyas\u0259t\",\"T\u00f6vsiy\u0259\",\"X\u0259b\u0259rl\u0259r\"],\"inLanguage\":\"az\"},{\"@type\":\"WebPage\",\"@id\":\"https:\\\/\\\/www.meydan.tv\\\/az\\\/article\\\/lavrov-vasinqtonda-paraflanan-sulh-s%c9%99n%c9%99dind%c9%99-h%c9%99l%c9%99-cox-m%c9%99s%c9%99l%c9%99-razilasdirilmayib\\\/\",\"url\":\"https:\\\/\\\/www.meydan.tv\\\/az\\\/article\\\/lavrov-vasinqtonda-paraflanan-sulh-s%c9%99n%c9%99dind%c9%99-h%c9%99l%c9%99-cox-m%c9%99s%c9%99l%c9%99-razilasdirilmayib\\\/\",\"name\":\"Lavrov: Va\u015finqtonda paraflanan s\u00fclh s\u0259n\u0259dind\u0259 h\u0259l\u0259 \u00e7ox m\u0259s\u0259l\u0259 raz\u0131la\u015fd\u0131r\u0131lmay\u0131b - MEYDAN.TV\",\"isPartOf\":{\"@id\":\"https:\\\/\\\/www.meydan.tv\\\/az\\\/#website\"},\"primaryImageOfPage\":{\"@id\":\"https:\\\/\\\/www.meydan.tv\\\/az\\\/article\\\/lavrov-vasinqtonda-paraflanan-sulh-s%c9%99n%c9%99dind%c9%99-h%c9%99l%c9%99-cox-m%c9%99s%c9%99l%c9%99-razilasdirilmayib\\\/#primaryimage\"},\"image\":{\"@id\":\"https:\\\/\\\/www.meydan.tv\\\/az\\\/article\\\/lavrov-vasinqtonda-paraflanan-sulh-s%c9%99n%c9%99dind%c9%99-h%c9%99l%c9%99-cox-m%c9%99s%c9%99l%c9%99-razilasdirilmayib\\\/#primaryimage\"},\"thumbnailUrl\":\"https:\\\/\\\/www.meydan.tv\\\/wp-content\\\/uploads\\\/lavrov-2-e1681462937170.jpg\",\"datePublished\":\"2025-09-08T18:30:31+00:00\",\"dateModified\":\"2025-09-08T18:30:35+00:00\",\"breadcrumb\":{\"@id\":\"https:\\\/\\\/www.meydan.tv\\\/az\\\/article\\\/lavrov-vasinqtonda-paraflanan-sulh-s%c9%99n%c9%99dind%c9%99-h%c9%99l%c9%99-cox-m%c9%99s%c9%99l%c9%99-razilasdirilmayib\\\/#breadcrumb\"},\"inLanguage\":\"az\",\"potentialAction\":[{\"@type\":\"ReadAction\",\"target\":[\"https:\\\/\\\/www.meydan.tv\\\/az\\\/article\\\/lavrov-vasinqtonda-paraflanan-sulh-s%c9%99n%c9%99dind%c9%99-h%c9%99l%c9%99-cox-m%c9%99s%c9%99l%c9%99-razilasdirilmayib\\\/\"]}]},{\"@type\":\"ImageObject\",\"inLanguage\":\"az\",\"@id\":\"https:\\\/\\\/www.meydan.tv\\\/az\\\/article\\\/lavrov-vasinqtonda-paraflanan-sulh-s%c9%99n%c9%99dind%c9%99-h%c9%99l%c9%99-cox-m%c9%99s%c9%99l%c9%99-razilasdirilmayib\\\/#primaryimage\",\"url\":\"https:\\\/\\\/www.meydan.tv\\\/wp-content\\\/uploads\\\/lavrov-2-e1681462937170.jpg\",\"contentUrl\":\"https:\\\/\\\/www.meydan.tv\\\/wp-content\\\/uploads\\\/lavrov-2-e1681462937170.jpg\",\"width\":2560,\"height\":1248,\"caption\":\"Lavrov. \u0130ll\u00fcstrasiya: Meydan TV\"},{\"@type\":\"BreadcrumbList\",\"@id\":\"https:\\\/\\\/www.meydan.tv\\\/az\\\/article\\\/lavrov-vasinqtonda-paraflanan-sulh-s%c9%99n%c9%99dind%c9%99-h%c9%99l%c9%99-cox-m%c9%99s%c9%99l%c9%99-razilasdirilmayib\\\/#breadcrumb\",\"itemListElement\":[{\"@type\":\"ListItem\",\"position\":1,\"name\":\"Ana s\u0259hif\u0259\",\"item\":\"https:\\\/\\\/www.meydan.tv\\\/az\\\/\"},{\"@type\":\"ListItem\",\"position\":2,\"name\":\"X\u0259b\u0259rl\u0259r\",\"item\":\"https:\\\/\\\/www.meydan.tv\\\/az\\\/section\\\/xeberler\\\/\"},{\"@type\":\"ListItem\",\"position\":3,\"name\":\"Lavrov: Va\u015finqtonda paraflanan s\u00fclh s\u0259n\u0259dind\u0259 h\u0259l\u0259 \u00e7ox m\u0259s\u0259l\u0259 raz\u0131la\u015fd\u0131r\u0131lmay\u0131b\"}]},{\"@type\":\"WebSite\",\"@id\":\"https:\\\/\\\/www.meydan.tv\\\/az\\\/#website\",\"url\":\"https:\\\/\\\/www.meydan.tv\\\/az\\\/\",\"name\":\"MEYDAN.TV\",\"description\":\"Meydan TV Az\u0259rbaycan\u0131n media m\u0259kan\u0131ndak\u0131 alternativ s\u0259sidir\",\"publisher\":{\"@id\":\"https:\\\/\\\/www.meydan.tv\\\/az\\\/#organization\"},\"potentialAction\":[{\"@type\":\"SearchAction\",\"target\":{\"@type\":\"EntryPoint\",\"urlTemplate\":\"https:\\\/\\\/www.meydan.tv\\\/az\\\/?s={search_term_string}\"},\"query-input\":{\"@type\":\"PropertyValueSpecification\",\"valueRequired\":true,\"valueName\":\"search_term_string\"}}],\"inLanguage\":\"az\"},{\"@type\":\"Organization\",\"@id\":\"https:\\\/\\\/www.meydan.tv\\\/az\\\/#organization\",\"name\":\"Meydan TV\",\"url\":\"https:\\\/\\\/www.meydan.tv\\\/az\\\/\",\"logo\":{\"@type\":\"ImageObject\",\"inLanguage\":\"az\",\"@id\":\"https:\\\/\\\/www.meydan.tv\\\/az\\\/#\\\/schema\\\/logo\\\/image\\\/\",\"url\":\"https:\\\/\\\/www.meydan.tv\\\/wp-content\\\/uploads\\\/2021\\\/07\\\/meydan-logo.svg\",\"contentUrl\":\"https:\\\/\\\/www.meydan.tv\\\/wp-content\\\/uploads\\\/2021\\\/07\\\/meydan-logo.svg\",\"width\":195,\"height\":46,\"caption\":\"Meydan TV\"},\"image\":{\"@id\":\"https:\\\/\\\/www.meydan.tv\\\/az\\\/#\\\/schema\\\/logo\\\/image\\\/\"}},{\"@type\":\"Person\",\"@id\":\"https:\\\/\\\/www.meydan.tv\\\/az\\\/#\\\/schema\\\/person\\\/49b5f2bad5b126bb8ea9320eeb3e4dc9\",\"name\":\"sevda\"}]}<\/script>\n<!-- \/ Yoast SEO plugin. -->","yoast_head_json":{"title":"Lavrov: Va\u015finqtonda paraflanan s\u00fclh s\u0259n\u0259dind\u0259 h\u0259l\u0259 \u00e7ox m\u0259s\u0259l\u0259 raz\u0131la\u015fd\u0131r\u0131lmay\u0131b - MEYDAN.TV","robots":{"index":"index","follow":"follow","max-snippet":"max-snippet:-1","max-image-preview":"max-image-preview:large","max-video-preview":"max-video-preview:-1"},"canonical":"https:\/\/www.meydan.tv\/az\/article\/lavrov-vasinqtonda-paraflanan-sulh-s%c9%99n%c9%99dind%c9%99-h%c9%99l%c9%99-cox-m%c9%99s%c9%99l%c9%99-razilasdirilmayib\/","og_locale":"az_AZ","og_type":"article","og_title":"Lavrov: Va\u015finqtonda paraflanan s\u00fclh s\u0259n\u0259dind\u0259 h\u0259l\u0259 \u00e7ox m\u0259s\u0259l\u0259 raz\u0131la\u015fd\u0131r\u0131lmay\u0131b - MEYDAN.TV","og_description":"Rusiya xarici i\u015fl\u0259r naziri Sergey Lavrov bildirib ki, Az\u0259rbaycan v\u0259 ... Davam\u0131","og_url":"https:\/\/www.meydan.tv\/az\/article\/lavrov-vasinqtonda-paraflanan-sulh-s%c9%99n%c9%99dind%c9%99-h%c9%99l%c9%99-cox-m%c9%99s%c9%99l%c9%99-razilasdirilmayib\/","og_site_name":"MEYDAN.TV","article_published_time":"2025-09-08T18:30:31+00:00","article_modified_time":"2025-09-08T18:30:35+00:00","og_image":[{"width":2560,"height":1248,"url":"https:\/\/www.meydan.tv\/wp-content\/uploads\/lavrov-2-e1681462937170.jpg","type":"image\/jpeg"}],"author":"sevda","twitter_card":"summary_large_image","schema":{"@context":"https:\/\/schema.org","@graph":[{"@type":"Article","@id":"https:\/\/www.meydan.tv\/az\/article\/lavrov-vasinqtonda-paraflanan-sulh-s%c9%99n%c9%99dind%c9%99-h%c9%99l%c9%99-cox-m%c9%99s%c9%99l%c9%99-razilasdirilmayib\/#article","isPartOf":{"@id":"https:\/\/www.meydan.tv\/az\/article\/lavrov-vasinqtonda-paraflanan-sulh-s%c9%99n%c9%99dind%c9%99-h%c9%99l%c9%99-cox-m%c9%99s%c9%99l%c9%99-razilasdirilmayib\/"},"author":{"name":"sevda","@id":"https:\/\/www.meydan.tv\/az\/#\/schema\/person\/49b5f2bad5b126bb8ea9320eeb3e4dc9"},"headline":"Lavrov: Va\u015finqtonda paraflanan s\u00fclh s\u0259n\u0259dind\u0259 h\u0259l\u0259 \u00e7ox m\u0259s\u0259l\u0259 raz\u0131la\u015fd\u0131r\u0131lmay\u0131b","datePublished":"2025-09-08T18:30:31+00:00","dateModified":"2025-09-08T18:30:35+00:00","mainEntityOfPage":{"@id":"https:\/\/www.meydan.tv\/az\/article\/lavrov-vasinqtonda-paraflanan-sulh-s%c9%99n%c9%99dind%c9%99-h%c9%99l%c9%99-cox-m%c9%99s%c9%99l%c9%99-razilasdirilmayib\/"},"wordCount":779,"publisher":{"@id":"https:\/\/www.meydan.tv\/az\/#organization"},"image":{"@id":"https:\/\/www.meydan.tv\/az\/article\/lavrov-vasinqtonda-paraflanan-sulh-s%c9%99n%c9%99dind%c9%99-h%c9%99l%c9%99-cox-m%c9%99s%c9%99l%c9%99-razilasdirilmayib\/#primaryimage"},"thumbnailUrl":"https:\/\/www.meydan.tv\/wp-content\/uploads\/lavrov-2-e1681462937170.jpg","articleSection":["Siyas\u0259t","T\u00f6vsiy\u0259","X\u0259b\u0259rl\u0259r"],"inLanguage":"az"},{"@type":"WebPage","@id":"https:\/\/www.meydan.tv\/az\/article\/lavrov-vasinqtonda-paraflanan-sulh-s%c9%99n%c9%99dind%c9%99-h%c9%99l%c9%99-cox-m%c9%99s%c9%99l%c9%99-razilasdirilmayib\/","url":"https:\/\/www.meydan.tv\/az\/article\/lavrov-vasinqtonda-paraflanan-sulh-s%c9%99n%c9%99dind%c9%99-h%c9%99l%c9%99-cox-m%c9%99s%c9%99l%c9%99-razilasdirilmayib\/","name":"Lavrov: Va\u015finqtonda paraflanan s\u00fclh s\u0259n\u0259dind\u0259 h\u0259l\u0259 \u00e7ox m\u0259s\u0259l\u0259 raz\u0131la\u015fd\u0131r\u0131lmay\u0131b - MEYDAN.TV","isPartOf":{"@id":"https:\/\/www.meydan.tv\/az\/#website"},"primaryImageOfPage":{"@id":"https:\/\/www.meydan.tv\/az\/article\/lavrov-vasinqtonda-paraflanan-sulh-s%c9%99n%c9%99dind%c9%99-h%c9%99l%c9%99-cox-m%c9%99s%c9%99l%c9%99-razilasdirilmayib\/#primaryimage"},"image":{"@id":"https:\/\/www.meydan.tv\/az\/article\/lavrov-vasinqtonda-paraflanan-sulh-s%c9%99n%c9%99dind%c9%99-h%c9%99l%c9%99-cox-m%c9%99s%c9%99l%c9%99-razilasdirilmayib\/#primaryimage"},"thumbnailUrl":"https:\/\/www.meydan.tv\/wp-content\/uploads\/lavrov-2-e1681462937170.jpg","datePublished":"2025-09-08T18:30:31+00:00","dateModified":"2025-09-08T18:30:35+00:00","breadcrumb":{"@id":"https:\/\/www.meydan.tv\/az\/article\/lavrov-vasinqtonda-paraflanan-sulh-s%c9%99n%c9%99dind%c9%99-h%c9%99l%c9%99-cox-m%c9%99s%c9%99l%c9%99-razilasdirilmayib\/#breadcrumb"},"inLanguage":"az","potentialAction":[{"@type":"ReadAction","target":["https:\/\/www.meydan.tv\/az\/article\/lavrov-vasinqtonda-paraflanan-sulh-s%c9%99n%c9%99dind%c9%99-h%c9%99l%c9%99-cox-m%c9%99s%c9%99l%c9%99-razilasdirilmayib\/"]}]},{"@type":"ImageObject","inLanguage":"az","@id":"https:\/\/www.meydan.tv\/az\/article\/lavrov-vasinqtonda-paraflanan-sulh-s%c9%99n%c9%99dind%c9%99-h%c9%99l%c9%99-cox-m%c9%99s%c9%99l%c9%99-razilasdirilmayib\/#primaryimage","url":"https:\/\/www.meydan.tv\/wp-content\/uploads\/lavrov-2-e1681462937170.jpg","contentUrl":"https:\/\/www.meydan.tv\/wp-content\/uploads\/lavrov-2-e1681462937170.jpg","width":2560,"height":1248,"caption":"Lavrov. \u0130ll\u00fcstrasiya: Meydan TV"},{"@type":"BreadcrumbList","@id":"https:\/\/www.meydan.tv\/az\/article\/lavrov-vasinqtonda-paraflanan-sulh-s%c9%99n%c9%99dind%c9%99-h%c9%99l%c9%99-cox-m%c9%99s%c9%99l%c9%99-razilasdirilmayib\/#breadcrumb","itemListElement":[{"@type":"ListItem","position":1,"name":"Ana s\u0259hif\u0259","item":"https:\/\/www.meydan.tv\/az\/"},{"@type":"ListItem","position":2,"name":"X\u0259b\u0259rl\u0259r","item":"https:\/\/www.meydan.tv\/az\/section\/xeberler\/"},{"@type":"ListItem","position":3,"name":"Lavrov: Va\u015finqtonda paraflanan s\u00fclh s\u0259n\u0259dind\u0259 h\u0259l\u0259 \u00e7ox m\u0259s\u0259l\u0259 raz\u0131la\u015fd\u0131r\u0131lmay\u0131b"}]},{"@type":"WebSite","@id":"https:\/\/www.meydan.tv\/az\/#website","url":"https:\/\/www.meydan.tv\/az\/","name":"MEYDAN.TV","description":"Meydan TV Az\u0259rbaycan\u0131n media m\u0259kan\u0131ndak\u0131 alternativ s\u0259sidir","publisher":{"@id":"https:\/\/www.meydan.tv\/az\/#organization"},"potentialAction":[{"@type":"SearchAction","target":{"@type":"EntryPoint","urlTemplate":"https:\/\/www.meydan.tv\/az\/?s={search_term_string}"},"query-input":{"@type":"PropertyValueSpecification","valueRequired":true,"valueName":"search_term_string"}}],"inLanguage":"az"},{"@type":"Organization","@id":"https:\/\/www.meydan.tv\/az\/#organization","name":"Meydan TV","url":"https:\/\/www.meydan.tv\/az\/","logo":{"@type":"ImageObject","inLanguage":"az","@id":"https:\/\/www.meydan.tv\/az\/#\/schema\/logo\/image\/","url":"https:\/\/www.meydan.tv\/wp-content\/uploads\/2021\/07\/meydan-logo.svg","contentUrl":"https:\/\/www.meydan.tv\/wp-content\/uploads\/2021\/07\/meydan-logo.svg","width":195,"height":46,"caption":"Meydan TV"},"image":{"@id":"https:\/\/www.meydan.tv\/az\/#\/schema\/logo\/image\/"}},{"@type":"Person","@id":"https:\/\/www.meydan.tv\/az\/#\/schema\/person\/49b5f2bad5b126bb8ea9320eeb3e4dc9","name":"sevda"}]}},"_links":{"self":[{"href":"https:\/\/www.meydan.tv\/az\/wp-json\/wp\/v2\/posts\/334893","targetHints":{"allow":["GET"]}}],"collection":[{"href":"https:\/\/www.meydan.tv\/az\/wp-json\/wp\/v2\/posts"}],"about":[{"href":"https:\/\/www.meydan.tv\/az\/wp-json\/wp\/v2\/types\/post"}],"author":[{"embeddable":true,"href":"https:\/\/www.meydan.tv\/az\/wp-json\/wp\/v2\/users\/16"}],"replies":[{"embeddable":true,"href":"https:\/\/www.meydan.tv\/az\/wp-json\/wp\/v2\/comments?post=334893"}],"version-history":[{"count":1,"href":"https:\/\/www.meydan.tv\/az\/wp-json\/wp\/v2\/posts\/334893\/revisions"}],"predecessor-version":[{"id":334894,"href":"https:\/\/www.meydan.tv\/az\/wp-json\/wp\/v2\/posts\/334893\/revisions\/334894"}],"wp:featuredmedia":[{"embeddable":true,"href":"https:\/\/www.meydan.tv\/az\/wp-json\/wp\/v2\/media\/248587"}],"wp:attachment":[{"href":"https:\/\/www.meydan.tv\/az\/wp-json\/wp\/v2\/media?parent=334893"}],"wp:term":[{"taxonomy":"category","embeddable":true,"href":"https:\/\/www.meydan.tv\/az\/wp-json\/wp\/v2\/categories?post=334893"},{"taxonomy":"post_tag","embeddable":true,"href":"https:\/\/www.meydan.tv\/az\/wp-json\/wp\/v2\/tags?post=334893"}],"curies":[{"name":"wp","href":"https:\/\/api.w.org\/{rel}","templated":true}]}}